{"id":148783,"date":"2020-07-11T06:15:34","date_gmt":"2020-07-11T04:15:34","guid":{"rendered":"https:\/\/www.radiopiu.net\/wordpress\/?p=148783"},"modified":"2020-07-11T06:18:11","modified_gmt":"2020-07-11T04:18:11","slug":"meteo-stato-di-attenzione-per-temporali-di-intensita-media-tra-stasera-e-domani-sulle-zone-alpine-e-prealpine-in-estensione-alla-pianura","status":"publish","type":"post","link":"https:\/\/www.radiopiu.net\/wordpress\/meteo-stato-di-attenzione-per-temporali-di-intensita-media-tra-stasera-e-domani-sulle-zone-alpine-e-prealpine-in-estensione-alla-pianura\/","title":{"rendered":"METEO. STATO DI ATTENZIONE PER TEMPORALI DI INTENSITA\u2019 MEDIA, TRA STASERA E DOMANI, SULLE ZONE ALPINE E PREALPINE IN ESTENSIONE ALLA PIANURA"},"content":{"rendered":"<p><strong><img loading=\"lazy\" decoding=\"async\" class=\"alignleft\" src=\"https:\/\/www.radiopiu.net\/wordpress\/wp-content\/uploads\/2020\/06\/FULMINE-METEO-MALTEMPO.jpg\" width=\"190\" height=\"126\" \/>VENEZIA<\/strong>\u00a0 Il Centro funzionale decentrato della Protezione Civile del Veneto, in considerazione delle previsioni meteo, ha emesso un avviso di criticit\u00e0 idrogeologica ed idraulica che riguarda principalmente la serata di oggi, venerd\u00ec 10 luglio 2020, e la giornata di domani, sabato 11 luglio 2020.\u00a0 Nel corso del tardo pomeriggio\/sera di oggi, sono possibili rovesci o temporali con probabilit\u00e0 molto bassa di fenomeni intensi. Per la giornata di domani \u00e8 prevista una marcata instabilit\u00e0 con precipitazioni a prevalente carattere di rovescio\/temporalesco dapprima sulle zone alpine e prealpine, in estensione nel pomeriggio\/serata anche alla pianura. Saranno possibili fenomeni localmente intensi (forti rovesci, grandinate, forti raffiche di vento). Visti i fenomeni meteorologici previsti la criticit\u00e0 idrogeologica attesa \u00e8 riferita allo scenario per temporali forti ed il centro funzionale della Protezione civile del Veneto ha dichiarato lo stato di attenzione, fino alle ore 24.00 di sabato 11 luglio, per criticit\u00e0 idrogeologica, per i bacini dell\u2019Alto Piave e del Piave Pedemontano, del Brenta, del Bacchiglione e dell\u2019Alpone, dell\u2019Adige-Garda e dei Monti Lessini, del Po, del Fissero-Tartaro-CanalBianco e del Basso Adige, del Basso Brenta-Bacchiglione, del Basso Piave, del Sile e del Bacino scolante in laguna, del Livenza, del Lemene e Tagliamento. Si segnala la possibilit\u00e0 d\u2019innesco di fenomeni franosi superficiali sui versanti, e la possibilit\u00e0 di innesco di colate rapide specie nelle zone di allertamento, con un livello di allerta rinforzata per colate detritiche a Borca di Cadore<\/p>\n<p>&nbsp;<\/p>\n","protected":false},"excerpt":{"rendered":"<p>VENEZIA\u00a0 Il Centro funzionale decentrato della Protezione Civile del Veneto, in considerazione delle previsioni meteo, ha emesso un avviso di criticit\u00e0 idrogeologica ed idraulica che riguarda principalmente la serata di oggi, venerd\u00ec 10 luglio 2020, e la giornata di domani, sabato 11 luglio 2020.\u00a0 Nel corso del tardo pomeriggio\/sera di oggi, sono possibili rovesci o&hellip;<\/p>\n","protected":false},"author":1,"featured_media":142852,"comment_status":"closed","ping_status":"closed","sticky":false,"template":"","format":"standard","meta":{"_monsterinsights_skip_tracking":false,"_monsterinsights_sitenote_active":false,"_monsterinsights_sitenote_note":"","_monsterinsights_sitenote_category":0,"footnotes":""},"categories":[49],"tags":[],"class_list":["post-148783","post","type-post","status-publish","format-standard","has-post-thumbnail","hentry","category-news-18","category-49","description-off"],"img_url":"https:\/\/www.radiopiu.net\/wordpress\/wp-content\/uploads\/2020\/06\/FULMINE-METEO-MALTEMPO.jpg","_links":{"self":[{"href":"https:\/\/www.radiopiu.net\/wordpress\/wp-json\/wp\/v2\/posts\/148783","targetHints":{"allow":["GET"]}}],"collection":[{"href":"https:\/\/www.radiopiu.net\/wordpress\/wp-json\/wp\/v2\/posts"}],"about":[{"href":"https:\/\/www.radiopiu.net\/wordpress\/wp-json\/wp\/v2\/types\/post"}],"author":[{"embeddable":true,"href":"https:\/\/www.radiopiu.net\/wordpress\/wp-json\/wp\/v2\/users\/1"}],"replies":[{"embeddable":true,"href":"https:\/\/www.radiopiu.net\/wordpress\/wp-json\/wp\/v2\/comments?post=148783"}],"version-history":[{"count":0,"href":"https:\/\/www.radiopiu.net\/wordpress\/wp-json\/wp\/v2\/posts\/148783\/revisions"}],"wp:featuredmedia":[{"embeddable":true,"href":"https:\/\/www.radiopiu.net\/wordpress\/wp-json\/wp\/v2\/media\/142852"}],"wp:attachment":[{"href":"https:\/\/www.radiopiu.net\/wordpress\/wp-json\/wp\/v2\/media?parent=148783"}],"wp:term":[{"taxonomy":"category","embeddable":true,"href":"https:\/\/www.radiopiu.net\/wordpress\/wp-json\/wp\/v2\/categories?post=148783"},{"taxonomy":"post_tag","embeddable":true,"href":"https:\/\/www.radiopiu.net\/wordpress\/wp-json\/wp\/v2\/tags?post=148783"}],"curies":[{"name":"wp","href":"https:\/\/api.w.org\/{rel}","templated":true}]}}