{"id":148786,"date":"2020-07-11T06:19:44","date_gmt":"2020-07-11T04:19:44","guid":{"rendered":"https:\/\/www.radiopiu.net\/wordpress\/?p=148786"},"modified":"2020-07-11T06:19:32","modified_gmt":"2020-07-11T04:19:32","slug":"luxottica-in-progressiva-crescita-le-ultime-notizie","status":"publish","type":"post","link":"https:\/\/www.radiopiu.net\/wordpress\/luxottica-in-progressiva-crescita-le-ultime-notizie\/","title":{"rendered":"LUXOTTICA IN PROGRESSIVA CRESCITA, LE ULTIME NOTIZIE"},"content":{"rendered":"<p><strong><img loading=\"lazy\" decoding=\"async\" class=\"alignleft\" src=\"https:\/\/www.radiopiu.net\/wordpress\/wp-content\/uploads\/2020\/03\/NOVITA-LUXOTTICA.jpg\" width=\"247\" height=\"139\" \/>AGORDO<\/strong> Ormai consueto incontro settimanale tra Azienda (Schinetti, Sist, De Castro) e le organizzazioni sindacali (Piras, Paoloni, Salvatori) per l&#8217;esame e l&#8217;analisi di alcune tematiche emerse a livello territoriale anche alla luce dell&#8217;accordo di Cassa Integrazione. Ribaditi i programmi produttivi per la settimana 13-17 luglio che conferma la progressiva crescita del piano produttivo. Per tutti gli stabilimenti confermata la percentuale di presenza media tra l&#8217;85% e il 95% con apertura scaglionate di alcuni reparti, prosegue anche la ripresa dell&#8217;attivit\u00e0 produttiva per lo stabilimento lenti di Lauriano. Pieno regime negli stabilimenti di Barberini, Sedico Logistica, Rx Lenti e After Sales.<\/p>\n<p>&nbsp;<\/p>\n<blockquote><p><strong>\u00a0trasporti pubblici di &#8230; Trentino trasporti, comunicato della societ\u00e0, partenza luned\u00ec 13.07.2020.<\/strong><br \/>\nDa luned\u00ec torner\u00e0 parzialmente operativo il trasporto turnisti dal Primiero ad Agordo, solamente per il turno pomeriggio. Al momento non \u00e8 stato possibile ripristinare il servizio anche al mattino. Verr\u00e0 data a breve comunicazione dall&#8217;azienda agli interessati specificando fermate e orari.<\/p><\/blockquote>\n<a href=\"https:\/\/www.radiopiu.net\/wordpress\/wp-content\/uploads\/2020\/07\/Fiera_Primiero_Luxottica_Luglio_2020.pdf\" class=\"pdfemb-viewer\" style=\"\" data-width=\"max\" data-height=\"max\" data-toolbar=\"top\" data-toolbar-fixed=\"on\">Fiera_Primiero_Luxottica_Luglio_2020<\/a>\n<p>&nbsp;<\/p>\n","protected":false},"excerpt":{"rendered":"<p>AGORDO Ormai consueto incontro settimanale tra Azienda (Schinetti, Sist, De Castro) e le organizzazioni sindacali (Piras, Paoloni, Salvatori) per l&#8217;esame e l&#8217;analisi di alcune tematiche emerse a livello territoriale anche alla luce dell&#8217;accordo di Cassa Integrazione. Ribaditi i programmi produttivi per la settimana 13-17 luglio che conferma la progressiva crescita del piano produttivo. Per tutti&hellip;<\/p>\n","protected":false},"author":1,"featured_media":124025,"comment_status":"closed","ping_status":"closed","sticky":false,"template":"","format":"standard","meta":{"_monsterinsights_skip_tracking":false,"_monsterinsights_sitenote_active":false,"_monsterinsights_sitenote_note":"","_monsterinsights_sitenote_category":0,"footnotes":""},"categories":[49],"tags":[],"class_list":["post-148786","post","type-post","status-publish","format-standard","has-post-thumbnail","hentry","category-news-18","category-49","description-off"],"img_url":"https:\/\/www.radiopiu.net\/wordpress\/wp-content\/uploads\/2020\/03\/NOVITA-LUXOTTICA.jpg","_links":{"self":[{"href":"https:\/\/www.radiopiu.net\/wordpress\/wp-json\/wp\/v2\/posts\/148786","targetHints":{"allow":["GET"]}}],"collection":[{"href":"https:\/\/www.radiopiu.net\/wordpress\/wp-json\/wp\/v2\/posts"}],"about":[{"href":"https:\/\/www.radiopiu.net\/wordpress\/wp-json\/wp\/v2\/types\/post"}],"author":[{"embeddable":true,"href":"https:\/\/www.radiopiu.net\/wordpress\/wp-json\/wp\/v2\/users\/1"}],"replies":[{"embeddable":true,"href":"https:\/\/www.radiopiu.net\/wordpress\/wp-json\/wp\/v2\/comments?post=148786"}],"version-history":[{"count":0,"href":"https:\/\/www.radiopiu.net\/wordpress\/wp-json\/wp\/v2\/posts\/148786\/revisions"}],"wp:featuredmedia":[{"embeddable":true,"href":"https:\/\/www.radiopiu.net\/wordpress\/wp-json\/wp\/v2\/media\/124025"}],"wp:attachment":[{"href":"https:\/\/www.radiopiu.net\/wordpress\/wp-json\/wp\/v2\/media?parent=148786"}],"wp:term":[{"taxonomy":"category","embeddable":true,"href":"https:\/\/www.radiopiu.net\/wordpress\/wp-json\/wp\/v2\/categories?post=148786"},{"taxonomy":"post_tag","embeddable":true,"href":"https:\/\/www.radiopiu.net\/wordpress\/wp-json\/wp\/v2\/tags?post=148786"}],"curies":[{"name":"wp","href":"https:\/\/api.w.org\/{rel}","templated":true}]}}