{"id":148834,"date":"2020-07-10T17:03:09","date_gmt":"2020-07-10T15:03:09","guid":{"rendered":"https:\/\/www.radiopiu.net\/wordpress\/?p=148834"},"modified":"2020-07-10T17:03:09","modified_gmt":"2020-07-10T15:03:09","slug":"due-nuove-positivita-aggiornamento-ulss-dolomiti","status":"publish","type":"post","link":"https:\/\/www.radiopiu.net\/wordpress\/due-nuove-positivita-aggiornamento-ulss-dolomiti\/","title":{"rendered":"DUE NUOVE POSITIVITA&#8217;, AGGIORNAMENTO ULSS DOLOMITI"},"content":{"rendered":"<p><strong><img loading=\"lazy\" decoding=\"async\" class=\"alignleft\" src=\"https:\/\/www.radiopiu.net\/wordpress\/wp-content\/uploads\/2020\/03\/covid-ulss.jpg\" width=\"335\" height=\"251\" \/>BELLUNO<\/strong> L\u2019incessante lavoro di analisi sui molti tamponi eseguiti dall\u2019Ulss Dolomiti ha evidenziato, nelle ultime 24 ore, due nuove positivit\u00e0 in soggetti gi\u00e0 isolati e sottoposti a sorveglianza. Si tratta di un caso connesso alla anziana signora ultraottantenne residente nel feltrino raggiunta una settimana fa da una badante moldava positiva al Covid. Il primo tampone eseguito era risultato negativo; il secondo tampone, eseguito per protocollo di sicurezza lavorativa, come detto, ha virato verso la positivit\u00e0. L\u2019altra positivit\u00e0 emersa nella tarda serata di ieri \u00e8 riferita a un caso collegato alla anziana kosovara ricoverata da alcuni giorni nel reparto di Malattie Infettive del San Martino. Gli altri 8 contatti familiari della paziente, clinicamente stabile, sono risultati invece negativi. Si configurano quindi due microfocolai di importazione, l\u2019uno con tre soggetti positivi, l\u2019altro con due soggetti positivi. Entrambe le persone interessati dalla nuova positivit\u00e0 sono sostanzialmente asintomatiche. Oltre a ci\u00f2, si segnala che nella tarda mattinata di oggi \u00e8 giunta all\u2019attenzione del dipartimento di prevenzione una positivit\u00e0 Covid a carico di una dipendente di una casa di riposo del trentino, residente nel Feltrino. Il tampone \u00e8 stato eseguito a Trento, nell\u2019ambito dello screening lavorativo. La persona \u00e8 stato, come di prassi, isolata. Saranno anche isolati e sottoposti a tampone i 14 contatti stretti individuati dall\u2019indagine epidemiologica.<\/p>\n","protected":false},"excerpt":{"rendered":"<p>BELLUNO L\u2019incessante lavoro di analisi sui molti tamponi eseguiti dall\u2019Ulss Dolomiti ha evidenziato, nelle ultime 24 ore, due nuove positivit\u00e0 in soggetti gi\u00e0 isolati e sottoposti a sorveglianza. Si tratta di un caso connesso alla anziana signora ultraottantenne residente nel feltrino raggiunta una settimana fa da una badante moldava positiva al Covid. Il primo tampone&hellip;<\/p>\n","protected":false},"author":1,"featured_media":121260,"comment_status":"closed","ping_status":"closed","sticky":false,"template":"","format":"standard","meta":{"_monsterinsights_skip_tracking":false,"_monsterinsights_sitenote_active":false,"_monsterinsights_sitenote_note":"","_monsterinsights_sitenote_category":0,"footnotes":""},"categories":[51,49],"tags":[],"class_list":["post-148834","post","type-post","status-publish","format-standard","has-post-thumbnail","hentry","category-evidenza-top","category-news-18","category-51","category-49","description-off"],"img_url":"https:\/\/www.radiopiu.net\/wordpress\/wp-content\/uploads\/2020\/03\/covid-ulss.jpg","_links":{"self":[{"href":"https:\/\/www.radiopiu.net\/wordpress\/wp-json\/wp\/v2\/posts\/148834","targetHints":{"allow":["GET"]}}],"collection":[{"href":"https:\/\/www.radiopiu.net\/wordpress\/wp-json\/wp\/v2\/posts"}],"about":[{"href":"https:\/\/www.radiopiu.net\/wordpress\/wp-json\/wp\/v2\/types\/post"}],"author":[{"embeddable":true,"href":"https:\/\/www.radiopiu.net\/wordpress\/wp-json\/wp\/v2\/users\/1"}],"replies":[{"embeddable":true,"href":"https:\/\/www.radiopiu.net\/wordpress\/wp-json\/wp\/v2\/comments?post=148834"}],"version-history":[{"count":0,"href":"https:\/\/www.radiopiu.net\/wordpress\/wp-json\/wp\/v2\/posts\/148834\/revisions"}],"wp:featuredmedia":[{"embeddable":true,"href":"https:\/\/www.radiopiu.net\/wordpress\/wp-json\/wp\/v2\/media\/121260"}],"wp:attachment":[{"href":"https:\/\/www.radiopiu.net\/wordpress\/wp-json\/wp\/v2\/media?parent=148834"}],"wp:term":[{"taxonomy":"category","embeddable":true,"href":"https:\/\/www.radiopiu.net\/wordpress\/wp-json\/wp\/v2\/categories?post=148834"},{"taxonomy":"post_tag","embeddable":true,"href":"https:\/\/www.radiopiu.net\/wordpress\/wp-json\/wp\/v2\/tags?post=148834"}],"curies":[{"name":"wp","href":"https:\/\/api.w.org\/{rel}","templated":true}]}}