{"id":148844,"date":"2020-07-11T05:12:37","date_gmt":"2020-07-11T03:12:37","guid":{"rendered":"https:\/\/www.radiopiu.net\/wordpress\/?p=148844"},"modified":"2020-07-11T06:17:00","modified_gmt":"2020-07-11T04:17:00","slug":"malore-in-valle-di-gares-crisi-di-panico-sul-lagazuoi-falso-allarme-sulla-schiara","status":"publish","type":"post","link":"https:\/\/www.radiopiu.net\/wordpress\/malore-in-valle-di-gares-crisi-di-panico-sul-lagazuoi-falso-allarme-sulla-schiara\/","title":{"rendered":"MALORE IN VALLE DI GARES, CRISI DI PANICO SUL LAGAZUOI, FALSO ALLARME SULLA SCHIARA"},"content":{"rendered":"<p><strong>CANALE D&#8217;AGORDO<\/strong> Attorno alle 14 l&#8217;elicottero del Suem di Pievedi Cadore \u00e8 volato a Canale d&#8217;Agordo, dove, lungo il sentiero numero 754 verso Pian di Costa, una donna, che si trovava con altre persone, aveva accusato un malore in localit\u00e0 Pausa del Meo. Dopo aver geolocalizzato il gruppo, sentito anche il Soccorso alpino della Val Biois pronto a intervenire, l&#8217;eliambulanza ha sbarcato equipe medica e tecnico di elisoccorso con un verricello di 40 metri. Prestate le prime cure, G.P., 74 anni, di Spinea (VE), \u00e8 stata imbarellata e issata a bordo per essere trasportata all&#8217;ospedale di Belluno per le verifiche del caso.<\/p>\n<p><strong>BELLUNO<\/strong> Alle 14.30, un escursionista che stava percorrendo la ferrata del Marmol sulla Schiara ha contattato il 118 dopo aver sentito nelle vicinanze il rumore di una scarica di sassi e delle urla. Sul posto \u00e8 stato inviato l&#8217;elicottero di Treviso emergenza. L&#8217;equipaggio ha cos\u00ec verificato che le grida provenivano da persone sfiorate dai sassi, ma che fortunatamente stavano bene. L&#8217;allarme \u00e8 quindi rientrato.<\/p>\n<p><strong>CORTINA<\/strong>\u00a0 Attorno alla stessa ora si \u00e8 mossa una squadra del Sagf di Cortina in aiuto di una donna bloccata da una crisi di panico nelle Gallerie del Lagazuoi. Raggiunta dai soccorritori K.M., 29 anni, di Campo Tures (BZ), \u00e8 stata tranquillizzata e accompagnata lungo il percorso.<\/p>\n<p><strong>CORTINA<\/strong> Alle 14.45 \u00e8 scattato l&#8217;allarme per una turista veneziana, C.P., 52 anni, di Ceggia, che scendendo dal Rifugio Fonda Savio sul sentiero numero 115 si era procurata la sospetta distorsione di un ginocchio. La donna \u00e8 stata presa in carico dall&#8217;eliambulanza dell&#8217;Aiut Alpin Dolomites di Bolzano e portata all&#8217;ospedale di Belluno. Pronto per eventuale collaborazione anche personale del Sagf.<\/p>\n<p><strong>CORTINA\u00a0<\/strong> Prima delle 15 una diciannovenne di Ravenna si \u00e8 sentita poco bene nei pressi del Rifugio Vandelli. Imbarcata dell&#8217;elicottero del Suem di Pieve di Cadore \u00e8 stata accompagnata al pronto soccorso di Pieve.<\/p>\n","protected":false},"excerpt":{"rendered":"<p>CANALE D&#8217;AGORDO Attorno alle 14 l&#8217;elicottero del Suem di Pievedi Cadore \u00e8 volato a Canale d&#8217;Agordo, dove, lungo il sentiero numero 754 verso Pian di Costa, una donna, che si trovava con altre persone, aveva accusato un malore in localit\u00e0 Pausa del Meo. Dopo aver geolocalizzato il gruppo, sentito anche il Soccorso alpino della Val&hellip;<\/p>\n","protected":false},"author":1,"featured_media":74737,"comment_status":"closed","ping_status":"closed","sticky":false,"template":"","format":"standard","meta":{"_monsterinsights_skip_tracking":false,"_monsterinsights_sitenote_active":false,"_monsterinsights_sitenote_note":"","_monsterinsights_sitenote_category":0,"footnotes":""},"categories":[104,49],"tags":[],"class_list":["post-148844","post","type-post","status-publish","format-standard","has-post-thumbnail","hentry","category-evidenza_3","category-news-18","category-104","category-49","description-off"],"img_url":"https:\/\/www.radiopiu.net\/wordpress\/wp-content\/uploads\/2019\/01\/IMG-20190104-WA0012.jpg","_links":{"self":[{"href":"https:\/\/www.radiopiu.net\/wordpress\/wp-json\/wp\/v2\/posts\/148844","targetHints":{"allow":["GET"]}}],"collection":[{"href":"https:\/\/www.radiopiu.net\/wordpress\/wp-json\/wp\/v2\/posts"}],"about":[{"href":"https:\/\/www.radiopiu.net\/wordpress\/wp-json\/wp\/v2\/types\/post"}],"author":[{"embeddable":true,"href":"https:\/\/www.radiopiu.net\/wordpress\/wp-json\/wp\/v2\/users\/1"}],"replies":[{"embeddable":true,"href":"https:\/\/www.radiopiu.net\/wordpress\/wp-json\/wp\/v2\/comments?post=148844"}],"version-history":[{"count":0,"href":"https:\/\/www.radiopiu.net\/wordpress\/wp-json\/wp\/v2\/posts\/148844\/revisions"}],"wp:featuredmedia":[{"embeddable":true,"href":"https:\/\/www.radiopiu.net\/wordpress\/wp-json\/wp\/v2\/media\/74737"}],"wp:attachment":[{"href":"https:\/\/www.radiopiu.net\/wordpress\/wp-json\/wp\/v2\/media?parent=148844"}],"wp:term":[{"taxonomy":"category","embeddable":true,"href":"https:\/\/www.radiopiu.net\/wordpress\/wp-json\/wp\/v2\/categories?post=148844"},{"taxonomy":"post_tag","embeddable":true,"href":"https:\/\/www.radiopiu.net\/wordpress\/wp-json\/wp\/v2\/tags?post=148844"}],"curies":[{"name":"wp","href":"https:\/\/api.w.org\/{rel}","templated":true}]}}