{"id":148865,"date":"2020-07-11T05:15:25","date_gmt":"2020-07-11T03:15:25","guid":{"rendered":"https:\/\/www.radiopiu.net\/wordpress\/?p=148865"},"modified":"2020-07-11T10:57:45","modified_gmt":"2020-07-11T08:57:45","slug":"incidente-mortale-a-cibiana","status":"publish","type":"post","link":"https:\/\/www.radiopiu.net\/wordpress\/incidente-mortale-a-cibiana\/","title":{"rendered":"INCIDENTE MORTALE A CIBIANA, VITTIMA UN GIOVANE DI 29 ANNI"},"content":{"rendered":"<p><a class=\"dt-pswp-item\" href=\"https:\/\/www.radiopiu.net\/wordpress\/wp-content\/uploads\/2020\/07\/salt_20200710_223235_618-1.jpg\" data-dt-img-description=\"\" data-large_image_width=\"1773\" data-large_image_height=\"2364\"><img loading=\"lazy\" decoding=\"async\" class=\"size-medium wp-image-148867 alignleft\" src=\"https:\/\/www.radiopiu.net\/wordpress\/wp-content\/uploads\/2020\/07\/salt_20200710_223235_618-1-225x300.jpg\" alt=\"\" width=\"225\" height=\"300\" srcset=\"https:\/\/www.radiopiu.net\/wordpress\/wp-content\/uploads\/2020\/07\/salt_20200710_223235_618-1-225x300.jpg 225w, https:\/\/www.radiopiu.net\/wordpress\/wp-content\/uploads\/2020\/07\/salt_20200710_223235_618-1-768x1024.jpg 768w, https:\/\/www.radiopiu.net\/wordpress\/wp-content\/uploads\/2020\/07\/salt_20200710_223235_618-1-1152x1536.jpg 1152w, https:\/\/www.radiopiu.net\/wordpress\/wp-content\/uploads\/2020\/07\/salt_20200710_223235_618-1-1536x2048.jpg 1536w, https:\/\/www.radiopiu.net\/wordpress\/wp-content\/uploads\/2020\/07\/salt_20200710_223235_618-1.jpg 1773w\" sizes=\"auto, (max-width: 225px) 100vw, 225px\" \/><\/a><strong>CIBIANA<\/strong> Dramma a CIbiana ieri sera alle 21, la Centrale del 118 \u00e8 stata allertata da un passante che, imbattutosi nel guardrail sfondato all&#8217;altezza del ponte di Cibiana, si \u00e8 affacciato e ha visto un&#8217;auto rovesciata nel greto del Boite, 35 metri pi\u00f9 in basso. Sul posto l&#8217;elicottero del Suem di Pieve di Cadore, con un verricello di 60 metri, ha sbarcato medico e tecnico di elisoccorso, che hanno solamente potuto constatare il decesso dell&#8217;uomo alla guida, A.Z. un ventinovenne di Cibiana di Cadore a bordo di una Golf. Di concerto con i Vigili del fuoco, il Soccorso alpino di Pieve di Cadore sta provvedendo al recupero della salma. Sul posto anche i carabinieri di Pieve di Cadore. Spaventoso il volo e anche l&#8217;impatto sul greto del Boite, i soccorritori si sono trovati davanti un&#8217;auto completamente accartocciata, attorno alle 22 sul posto c&#8217;erano anche i disperati genitori del giovane, i sindaci di Cibiana e Valle di Cadore. La notizia ha fatto rapidamente il giro dei paesi richiamando sul posto molte persone. I vigili del fuoco hanno illuminato la zona con le fotocellule anche per capire se il giovane fosse da solo a bordo dell&#8217;auto o con altre persone operando in condizioni molto difficili.<\/p>\n","protected":false},"excerpt":{"rendered":"<p>CIBIANA Dramma a CIbiana ieri sera alle 21, la Centrale del 118 \u00e8 stata allertata da un passante che, imbattutosi nel guardrail sfondato all&#8217;altezza del ponte di Cibiana, si \u00e8 affacciato e ha visto un&#8217;auto rovesciata nel greto del Boite, 35 metri pi\u00f9 in basso. Sul posto l&#8217;elicottero del Suem di Pieve di Cadore, con&hellip;<\/p>\n","protected":false},"author":1,"featured_media":148866,"comment_status":"closed","ping_status":"closed","sticky":false,"template":"","format":"standard","meta":{"_monsterinsights_skip_tracking":false,"_monsterinsights_sitenote_active":false,"_monsterinsights_sitenote_note":"","_monsterinsights_sitenote_category":0,"footnotes":""},"categories":[49],"tags":[],"class_list":["post-148865","post","type-post","status-publish","format-standard","has-post-thumbnail","hentry","category-news-18","category-49","description-off"],"img_url":"https:\/\/www.radiopiu.net\/wordpress\/wp-content\/uploads\/2020\/07\/salt_20200710_223235_618.jpg","_links":{"self":[{"href":"https:\/\/www.radiopiu.net\/wordpress\/wp-json\/wp\/v2\/posts\/148865","targetHints":{"allow":["GET"]}}],"collection":[{"href":"https:\/\/www.radiopiu.net\/wordpress\/wp-json\/wp\/v2\/posts"}],"about":[{"href":"https:\/\/www.radiopiu.net\/wordpress\/wp-json\/wp\/v2\/types\/post"}],"author":[{"embeddable":true,"href":"https:\/\/www.radiopiu.net\/wordpress\/wp-json\/wp\/v2\/users\/1"}],"replies":[{"embeddable":true,"href":"https:\/\/www.radiopiu.net\/wordpress\/wp-json\/wp\/v2\/comments?post=148865"}],"version-history":[{"count":0,"href":"https:\/\/www.radiopiu.net\/wordpress\/wp-json\/wp\/v2\/posts\/148865\/revisions"}],"wp:featuredmedia":[{"embeddable":true,"href":"https:\/\/www.radiopiu.net\/wordpress\/wp-json\/wp\/v2\/media\/148866"}],"wp:attachment":[{"href":"https:\/\/www.radiopiu.net\/wordpress\/wp-json\/wp\/v2\/media?parent=148865"}],"wp:term":[{"taxonomy":"category","embeddable":true,"href":"https:\/\/www.radiopiu.net\/wordpress\/wp-json\/wp\/v2\/categories?post=148865"},{"taxonomy":"post_tag","embeddable":true,"href":"https:\/\/www.radiopiu.net\/wordpress\/wp-json\/wp\/v2\/tags?post=148865"}],"curies":[{"name":"wp","href":"https:\/\/api.w.org\/{rel}","templated":true}]}}