{"id":148891,"date":"2020-07-12T06:37:23","date_gmt":"2020-07-12T04:37:23","guid":{"rendered":"https:\/\/www.radiopiu.net\/wordpress\/?p=148891"},"modified":"2020-07-12T07:13:09","modified_gmt":"2020-07-12T05:13:09","slug":"giornale-radiopiu-12-luglio-2020-direttore-mirko-mezzacasa","status":"publish","type":"post","link":"https:\/\/www.radiopiu.net\/wordpress\/giornale-radiopiu-12-luglio-2020-direttore-mirko-mezzacasa\/","title":{"rendered":"GIORNALE RADIOPIU 12 LUGLIO 2020 DIRETTORE MIRKO MEZZACASA"},"content":{"rendered":"<h3><strong>PER RICEVERE QUESTO NOTIZIARIO DIRETTAMENTE SUL TUO CELLULARE ISCRIVITI AL CANALE TELEGRAM\u00a0<\/strong><strong>\u201cRADIO PIU\u00a0 INFORMAZIONE<\/strong><\/h3>\n<p><em>ATTENZIONE: LA NUOVA APP PER IOS-IPHONE<\/em><\/p>\n<div>\n<div><a href=\"https:\/\/apps.apple.com\/it\/app\/radio-pi%C3%B9-emittente-agordina\/id1515939845\">https:\/\/apps.apple.com\/it\/app\/radio-pi%C3%B9-emittente-agordina\/id1515939845<\/a><\/div>\n<\/div>\n<div><\/div>\n<div>\n<div dir=\"auto\"><em>ATTENZIONE: LA NUOVA APP RADIO\u00a0 PER ANDROID<\/em><\/div>\n<\/div>\n<p><a href=\"https:\/\/play.google.com\/store\/apps\/details?id=net.radiopiu.iniko\" target=\"_blank\" rel=\"noopener noreferrer\">https:\/\/play.google.com\/store\/apps\/details?id=net.radiopiu.iniko<\/a><\/p>\n<p>&nbsp;<\/p>\n<hr \/>\n<p>&nbsp;<\/p>\n<p><em><strong>Gestione Servizi Pubblici informa che, per lavori alla rete idrica comunale, MARTEDI dalle\u00a0 8 e\u00a0 fino al termine dei lavori verr\u00e0 sospesa l\u2019erogazione dell\u2019acqua\u00a0 in localit\u00e0 CROSTOLIN e via DANTE ALIGHIERI.\u00a0<\/strong><\/em><\/p>\n<p>&nbsp;<\/p>\n<p><strong class=\"photoswipe-wrapper\"><a class=\"dt-pswp-item pspw-wrap-ready\" href=\"https:\/\/i2.wp.com\/www.radiopiu.net\/wordpress\/wp-content\/uploads\/2018\/08\/ACQUA.jpeg?ssl=1\" data-dt-img-description=\"\" data-large_image_width=\"1280\" data-large_image_height=\"768\"><img loading=\"lazy\" decoding=\"async\" class=\"wp-image-57052 alignleft\" src=\"https:\/\/i2.wp.com\/www.radiopiu.net\/wordpress\/wp-content\/uploads\/2018\/08\/ACQUA.jpeg?resize=138%2C83&amp;ssl=1\" sizes=\"auto, (max-width: 138px) 100vw, 138px\" srcset=\"https:\/\/i2.wp.com\/www.radiopiu.net\/wordpress\/wp-content\/uploads\/2018\/08\/ACQUA.jpeg?resize=300%2C180&amp;ssl=1 300w, https:\/\/i2.wp.com\/www.radiopiu.net\/wordpress\/wp-content\/uploads\/2018\/08\/ACQUA.jpeg?resize=768%2C461&amp;ssl=1 768w, https:\/\/i2.wp.com\/www.radiopiu.net\/wordpress\/wp-content\/uploads\/2018\/08\/ACQUA.jpeg?resize=1024%2C614&amp;ssl=1 1024w, https:\/\/i2.wp.com\/www.radiopiu.net\/wordpress\/wp-content\/uploads\/2018\/08\/ACQUA.jpeg?w=1280&amp;ssl=1 1280w\" alt=\"\" width=\"123\" height=\"74\" \/><\/a>ad AGORDO<\/strong>\u00a0nelle LOCALITA\u2019 BRUGNACH E GIOVE l\u2019acqua erogata dall\u2019acquedotto non \u00e8 potabile e pu\u00f2 essere usata per scopi alimentari SOLO PREVIA bollitura<\/p>\n<p><strong>\u00a0a LA VALLE<\/strong>\u00a0AGORDINA nelle LOCALITA\u2019 RONCHE, RONCHET, NOACH, LE CAMPE e CANCELLADE l\u2019acqua erogata dall\u2019acquedotto non \u00e8 potabile e pu\u00f2 essere usata per scopi alimentari SOLO PREVIA bollitura<\/p>\n<p><strong>a Santo Stefano di Cadore<\/strong>\u00a0nelle localit\u00e0 Costa d\u2019Antola e Costa Zucco, e a San Pietro di Cadore nelle frazioni di Valle, Stavello, Presenaio, Mare, Costalta l\u2019acqua erogata dall\u2019acquedotto non \u00e8 potabile e pu\u00f2 essere usata per scopi alimentari solo previa bollitura.<\/p>\n<p>&nbsp;<\/p>\n<hr \/>\n<p>&nbsp;<\/p>\n<div class=\"page-title-head hgroup\">\n<blockquote>\n<h3 class=\"entry-title\">LUNEDI A SINGHIOZZO TRA PONTE OLTRA E SORRIVA, DISAGI ANCHE LUNGO LA 563 DI SALESEI<\/h3>\n<\/blockquote>\n<\/div>\n<div class=\"page-title-breadcrumbs\">\n<p><strong><img loading=\"lazy\" decoding=\"async\" class=\"alignleft jetpack-lazy-image jetpack-lazy-image--handled\" src=\"https:\/\/i0.wp.com\/www.radiopiu.net\/wordpress\/wp-content\/uploads\/2020\/05\/VENETO-STRADE.png?resize=76%2C76&amp;ssl=1\" width=\"76\" height=\"76\" data-lazy-loaded=\"1\" \/>FELTRE<\/strong>\u00a0Lunedi dalle 8 alle 17.30 interdizione totale alla viabilit\u00e0 in entrambi i sensi di marcia lungo la 473 tra Ponte Oltra e Sorriva per la messa in sicurezza della sede stradale. Sono previste finestre di apertura dalle 10 alle 10.15,\u00a0 dalle 12 alle 13.30,\u00a0 dalle 15.30 alle 15.45<\/p>\n<p><strong>ROCCA PIETORE<\/strong>\u00a0Da lunedi e fino al 24 luglio (sabato e domenica esclusi) lungo la 563 di Salesei\u00a0 temporanee interruzioni al transito veicolare della durata massima di 20 minuti dalle 7 alle 12 dalle 13 alle 18. Negli altri orari senso unico con semaforo<\/p>\n<\/div>\n<div class=\"bi6gxh9e\" data-block=\"true\" data-editor=\"b8ur1\" data-offset-key=\"f0r7a-0-0\">\n<div class=\"_1mf _1mj\" data-offset-key=\"f0r7a-0-0\"><span data-offset-key=\"f0r7a-0-0\"><strong>RIAPERTURA della strada\u00a0 S.P. 1<\/strong>\u00a0\u201cdella Sinistra Piave \u201d dalla progressiva km 8+665 (loc.\u00a0<\/span>bivio Anconetta) alla progressiva km 9+400 ca (loc. Rotatoria di Visome) precedentemente chiusa per caduta materiali, intonaci, tavolame del tetto dal fabbricato lato sx alla sede stradale..<\/div>\n<div data-offset-key=\"f0r7a-0-0\"><\/div>\n<div data-offset-key=\"f0r7a-0-0\">\n<hr \/>\n<\/div>\n<div data-offset-key=\"f0r7a-0-0\">\n<h3><\/h3>\n<div class=\"page-title-head hgroup\">\n<blockquote>\n<h3 class=\"entry-title\">AGORDO NEL DOLORE PER LA MORTE DI ROBERTA<\/h3>\n<\/blockquote>\n<\/div>\n<p class=\"page-title-breadcrumbs\"><strong class=\"photoswipe-wrapper\"><a class=\"dt-pswp-item pspw-wrap-ready\" href=\"https:\/\/i1.wp.com\/www.radiopiu.net\/wordpress\/wp-content\/uploads\/2020\/07\/e6dfd150-7c67-48bb-883e-52aff9fcd687.jpg?ssl=1\" data-dt-img-description=\"\" data-large_image_width=\"720\" data-large_image_height=\"1440\"><img loading=\"lazy\" decoding=\"async\" class=\" wp-image-148962 alignleft jetpack-lazy-image jetpack-lazy-image--handled\" src=\"https:\/\/i1.wp.com\/www.radiopiu.net\/wordpress\/wp-content\/uploads\/2020\/07\/e6dfd150-7c67-48bb-883e-52aff9fcd687.jpg?resize=150%2C300&amp;ssl=1\" sizes=\"auto, (max-width: 150px) 100vw, 150px\" srcset=\"https:\/\/i1.wp.com\/www.radiopiu.net\/wordpress\/wp-content\/uploads\/2020\/07\/e6dfd150-7c67-48bb-883e-52aff9fcd687.jpg?resize=150%2C300&amp;ssl=1 150w, https:\/\/i1.wp.com\/www.radiopiu.net\/wordpress\/wp-content\/uploads\/2020\/07\/e6dfd150-7c67-48bb-883e-52aff9fcd687.jpg?resize=512%2C1024&amp;ssl=1 512w, https:\/\/i1.wp.com\/www.radiopiu.net\/wordpress\/wp-content\/uploads\/2020\/07\/e6dfd150-7c67-48bb-883e-52aff9fcd687.jpg?w=720&amp;ssl=1 720w\" alt=\"\" width=\"91\" height=\"182\" data-recalc-dims=\"1\" data-lazy-loaded=\"1\" \/><\/a>AGORDO<\/strong>\u00a0Una famiglia e una citt\u00e0 nel dolore per la scomparsa di Roberta Meneghini, mancata a soli 55 anni. Mancher\u00e0 quella cortesia e quel sorriso da dietro il bancone della sua attivit\u00e0 commerciale di Piazza Libert\u00e0, passione condivisa con la sorella. La notizia della morte \u00e8 stata data da Luca, dal figlio Alessio e dalle sorelle Edda, Ivana, Sonia e Wilma. I funerali (in ottemperanza al decreto ministeriale con posti limitati e precedenza alle persone pi\u00f9 vicine alla famiglia) si terranno martedi alle 11 in chiesa ad Agordo. I famigliari nel messaggio funebre hanno porto un sentito ringraziamento al dottor Giancarlo Marcon, al servizio Adimed ed al personale medico e infermieristico dell\u2019ospedale di Agordo e Belluno. Alle famiglie Meneghini un sentito messaggio di cordoglio e commozione dalla redazione di Radio Pi\u00f9<\/p>\n<p><strong>IL MESSAGGIO DEL PRESIDENTE DELL&#8217;AGORDO2009 MASSIMO CARLIN<\/strong><\/p>\n<p><em>In qualit\u00e0 di presidente dell\u2019ASD AGORDO 2009 voglio esprimere le pi\u00f9 vive e sincere condoglianze ad Alessio, Luca e tutti i congiunti di Roberta. Da parte mia e da parte di tutta la Societ\u00e0 AGORDO 2009. Alessio \u00e8 stato un nostro giocatore, Luca un tifoso, molto vicini all\u2019Agordo 2009. Conoscevo Roberta da tantissimi anni e la sua cos\u00ec prematura scomparsa mi ha colpito veramente.<\/em><\/p>\n<p>&nbsp;<\/p>\n<p>&nbsp;<\/p>\n<hr \/>\n<div><\/div>\n<blockquote>\n<h3>RECUPERATA L&#8217;AUTO DI ANDREA ZANDANEL DAL TORRENTE BOITE<\/h3>\n<\/blockquote>\n<p><strong>CIBIANA<\/strong> Ieri mattina i vigili del fuoco hanno recuperato dal greto del torrente Boite a Cibiana la Volkswagen Golf del 29 enne del posto, deceduto ieri sera, dopo la fuoriuscita e caduta dal ponte per la perdita di controllo dell\u2019auto. La salma di Andrea Zandanel \u00e8 stata recuperata nella notte dai vigili del fuoco e dal personale del soccorso alpino. Le squadre dei pompieri presenti dalle ore 8 di sabato con sei automezzi tra cui l\u2019autogr\u00f9 e quattordici operatori, hanno issato l\u2019auto dello sfortunato automobilista finita nel torrente circa 40 metri pi\u00f9 in basso. Le operazioni di soccorso sono terminate poco dopo mezzogiorno. I funerali del giovane fissati per domani \u00a0alle\u00a0 15 nella chiesa parrocchiale di San Lorenzo.<\/p>\n\n\t\t\t<style type='text\/css'>\n\t\t\t\t#gallery-1 {\n\t\t\t\t\tmargin: auto;\n\t\t\t\t}\n\t\t\t\t#gallery-1 .gallery-item {\n\t\t\t\t\tfloat: left;\n\t\t\t\t\tmargin-top: 10px;\n\t\t\t\t\ttext-align: center;\n\t\t\t\t\twidth: 33%;\n\t\t\t\t}\n\t\t\t\t#gallery-1 img {\n\t\t\t\t\tborder: 2px solid #cfcfcf;\n\t\t\t\t}\n\t\t\t\t#gallery-1 .gallery-caption {\n\t\t\t\t\tmargin-left: 0;\n\t\t\t\t}\n\t\t\t\t\/* see gallery_shortcode() in wp-includes\/media.php *\/\n\t\t\t<\/style>\n\t\t<div id='gallery-1' class='dt-gallery-container gallery galleryid-148891 gallery-columns-3 gallery-size-thumbnail'><dl class='gallery-item'>\n\t\t\t\t<dt class='gallery-icon landscape'>\n\t\t\t\t\t<a class=\"rollover rollover-zoom dt-pswp-item\" title=\"cf806c5f-83ae-4a9b-9e39-79c1b6091271\" data-dt-img-description=\"\" data-large_image_width=\"1280\" data-large_image_height=\"884\"href='https:\/\/www.radiopiu.net\/wordpress\/wp-content\/uploads\/2020\/07\/cf806c5f-83ae-4a9b-9e39-79c1b6091271.jpg'><img loading=\"lazy\" decoding=\"async\" width=\"150\" height=\"150\" src=\"https:\/\/www.radiopiu.net\/wordpress\/wp-content\/uploads\/2020\/07\/cf806c5f-83ae-4a9b-9e39-79c1b6091271-150x150.jpg\" class=\"attachment-thumbnail size-thumbnail\" alt=\"\" \/><\/a>\n\t\t\t\t<\/dt><\/dl><dl class='gallery-item'>\n\t\t\t\t<dt class='gallery-icon landscape'>\n\t\t\t\t\t<a class=\"rollover rollover-zoom dt-pswp-item\" title=\"5f4351b6-a4ee-46ab-9d39-e2a0a8961792\" data-dt-img-description=\"\" data-large_image_width=\"1228\" data-large_image_height=\"848\"href='https:\/\/www.radiopiu.net\/wordpress\/wp-content\/uploads\/2020\/07\/5f4351b6-a4ee-46ab-9d39-e2a0a8961792.jpg'><img loading=\"lazy\" decoding=\"async\" width=\"150\" height=\"150\" src=\"https:\/\/www.radiopiu.net\/wordpress\/wp-content\/uploads\/2020\/07\/5f4351b6-a4ee-46ab-9d39-e2a0a8961792-150x150.jpg\" class=\"attachment-thumbnail size-thumbnail\" alt=\"\" \/><\/a>\n\t\t\t\t<\/dt><\/dl><dl class='gallery-item'>\n\t\t\t\t<dt class='gallery-icon landscape'>\n\t\t\t\t\t<a class=\"rollover rollover-zoom dt-pswp-item\" title=\"cf031672-772e-4b3e-a749-fb0ddfc35fa1\" data-dt-img-description=\"\" data-large_image_width=\"1280\" data-large_image_height=\"840\"href='https:\/\/www.radiopiu.net\/wordpress\/wp-content\/uploads\/2020\/07\/cf031672-772e-4b3e-a749-fb0ddfc35fa1.jpg'><img loading=\"lazy\" decoding=\"async\" width=\"150\" height=\"150\" src=\"https:\/\/www.radiopiu.net\/wordpress\/wp-content\/uploads\/2020\/07\/cf031672-772e-4b3e-a749-fb0ddfc35fa1-150x150.jpg\" class=\"attachment-thumbnail size-thumbnail\" alt=\"\" \/><\/a>\n\t\t\t\t<\/dt><\/dl><br style=\"clear: both\" \/>\n\t\t\t<\/div>\n\n<p>&nbsp;<\/p>\n<blockquote class=\"wp-embedded-content\" data-secret=\"L5AZ1PofV9\"><p><a href=\"https:\/\/www.radiopiu.net\/wordpress\/andrea-perde-la-vita-nel-drammatico-volo-dal-ponte-di-cibiana\/\">ANDREA ZANDANEL PERDE LA VITA NEL DRAMMATICO VOLO DAL PONTE DI CIBIANA<\/a><\/p><\/blockquote>\n<p><iframe loading=\"lazy\" class=\"wp-embedded-content\" sandbox=\"allow-scripts\" security=\"restricted\" style=\"position: absolute; clip: rect(1px, 1px, 1px, 1px);\" title=\"&#8220;ANDREA ZANDANEL PERDE LA VITA NEL DRAMMATICO VOLO DAL PONTE DI CIBIANA&#8221; &#8212; Radio Pi\u00f9\" src=\"https:\/\/www.radiopiu.net\/wordpress\/andrea-perde-la-vita-nel-drammatico-volo-dal-ponte-di-cibiana\/embed\/#?secret=L5AZ1PofV9\" data-secret=\"L5AZ1PofV9\" width=\"600\" height=\"338\" frameborder=\"0\" marginwidth=\"0\" marginheight=\"0\" scrolling=\"no\"><\/iframe><\/p>\n<hr \/>\n<p>&nbsp;<\/p>\n<blockquote>\n<h3>SETTE FERITI NELL&#8217;INCIDENTE DI PONTE NUOVO<\/h3>\n<\/blockquote>\n<p><strong>LOZZO DI CADORE<\/strong> Un torinese di 59 anni in ospedale e altre 6 persone medicate e dimesse, \u00e8 il bilancio dell&#8217;incidente di ieri pomeriggio lungo la statale 52 Carnica a Ponte Nuovo. Il sinistro ha coinvolto 3 auto, un&#8217;Audi, una Golf e un Citroen C4. Sul posto anche l&#8217;elicottero del Suem di Pieve di Cadore.<\/p>\n<p><a class=\"dt-pswp-item\" href=\"https:\/\/www.radiopiu.net\/wordpress\/wp-content\/uploads\/2020\/07\/39ffa8ba-36b6-424d-b420-3d5cd6810708.jpg\" data-dt-img-description=\"\" data-large_image_width=\"960\" data-large_image_height=\"1280\"><img loading=\"lazy\" decoding=\"async\" class=\"alignnone size-medium wp-image-148976\" src=\"https:\/\/www.radiopiu.net\/wordpress\/wp-content\/uploads\/2020\/07\/39ffa8ba-36b6-424d-b420-3d5cd6810708-225x300.jpg\" alt=\"\" width=\"225\" height=\"300\" srcset=\"https:\/\/www.radiopiu.net\/wordpress\/wp-content\/uploads\/2020\/07\/39ffa8ba-36b6-424d-b420-3d5cd6810708-225x300.jpg 225w, https:\/\/www.radiopiu.net\/wordpress\/wp-content\/uploads\/2020\/07\/39ffa8ba-36b6-424d-b420-3d5cd6810708-768x1024.jpg 768w, https:\/\/www.radiopiu.net\/wordpress\/wp-content\/uploads\/2020\/07\/39ffa8ba-36b6-424d-b420-3d5cd6810708.jpg 960w\" sizes=\"auto, (max-width: 225px) 100vw, 225px\" \/><\/a><\/p>\n<p>&nbsp;<\/p>\n<p>&nbsp;<\/p>\n<hr \/>\n<p>&nbsp;<\/p>\n<blockquote>\n<h3>APERTA LA STRADA PER CARFON DA LA MORA, A BREVE VIA AI LAVORI SULLA COMUNALE PER GAER DA VALLADA<\/h3>\n<\/blockquote>\n<p><em><strong>AI MICROFONI DI RADIO PIU&#8217; IL SINDACO DI CANALE D&#8217;AGORDO FLAVIO COLCERGNAN<\/strong><\/em><\/p>\n<audio class=\"wp-audio-shortcode\" id=\"audio-148891-1\" preload=\"none\" style=\"width: 100%;\" controls=\"controls\"><source type=\"audio\/mpeg\" src=\"https:\/\/www.radiopiu.net\/wordpress\/wp-content\/uploads\/2020\/07\/FLAVIO-COLCERNIAN-STRADA-CARFON.mp3?_=1\" \/><a href=\"https:\/\/www.radiopiu.net\/wordpress\/wp-content\/uploads\/2020\/07\/FLAVIO-COLCERNIAN-STRADA-CARFON.mp3\">https:\/\/www.radiopiu.net\/wordpress\/wp-content\/uploads\/2020\/07\/FLAVIO-COLCERNIAN-STRADA-CARFON.mp3<\/a><\/audio>\n<p>&nbsp;<\/p>\n<p><strong>LE FOTO<\/strong><\/p>\n\n\t\t\t<style type='text\/css'>\n\t\t\t\t#gallery-2 {\n\t\t\t\t\tmargin: auto;\n\t\t\t\t}\n\t\t\t\t#gallery-2 .gallery-item {\n\t\t\t\t\tfloat: left;\n\t\t\t\t\tmargin-top: 10px;\n\t\t\t\t\ttext-align: center;\n\t\t\t\t\twidth: 33%;\n\t\t\t\t}\n\t\t\t\t#gallery-2 img {\n\t\t\t\t\tborder: 2px solid #cfcfcf;\n\t\t\t\t}\n\t\t\t\t#gallery-2 .gallery-caption {\n\t\t\t\t\tmargin-left: 0;\n\t\t\t\t}\n\t\t\t\t\/* see gallery_shortcode() in wp-includes\/media.php *\/\n\t\t\t<\/style>\n\t\t<div id='gallery-2' class='dt-gallery-container gallery galleryid-148891 gallery-columns-3 gallery-size-thumbnail'><dl class='gallery-item'>\n\t\t\t\t<dt class='gallery-icon landscape'>\n\t\t\t\t\t<a class=\"rollover rollover-zoom dt-pswp-item\" title=\"39955c85-420b-4c10-a742-ac78473b3d7c\" data-dt-img-description=\"\" data-large_image_width=\"1600\" data-large_image_height=\"1059\"href='https:\/\/www.radiopiu.net\/wordpress\/wp-content\/uploads\/2020\/07\/39955c85-420b-4c10-a742-ac78473b3d7c.jpg'><img loading=\"lazy\" decoding=\"async\" width=\"150\" height=\"150\" src=\"https:\/\/www.radiopiu.net\/wordpress\/wp-content\/uploads\/2020\/07\/39955c85-420b-4c10-a742-ac78473b3d7c-150x150.jpg\" class=\"attachment-thumbnail size-thumbnail\" alt=\"\" \/><\/a>\n\t\t\t\t<\/dt><\/dl><dl class='gallery-item'>\n\t\t\t\t<dt class='gallery-icon landscape'>\n\t\t\t\t\t<a class=\"rollover rollover-zoom dt-pswp-item\" title=\"7c1bc8a3-e1c4-40fe-90e8-72fef932fe44\" data-dt-img-description=\"\" data-large_image_width=\"1600\" data-large_image_height=\"1059\"href='https:\/\/www.radiopiu.net\/wordpress\/wp-content\/uploads\/2020\/07\/7c1bc8a3-e1c4-40fe-90e8-72fef932fe44.jpg'><img loading=\"lazy\" decoding=\"async\" width=\"150\" height=\"150\" src=\"https:\/\/www.radiopiu.net\/wordpress\/wp-content\/uploads\/2020\/07\/7c1bc8a3-e1c4-40fe-90e8-72fef932fe44-150x150.jpg\" class=\"attachment-thumbnail size-thumbnail\" alt=\"\" \/><\/a>\n\t\t\t\t<\/dt><\/dl><dl class='gallery-item'>\n\t\t\t\t<dt class='gallery-icon landscape'>\n\t\t\t\t\t<a class=\"rollover rollover-zoom dt-pswp-item\" title=\"a3514a78-f43e-44fb-a076-cb824202c683\" data-dt-img-description=\"\" data-large_image_width=\"300\" data-large_image_height=\"225\"href='https:\/\/www.radiopiu.net\/wordpress\/wp-content\/uploads\/2020\/07\/a3514a78-f43e-44fb-a076-cb824202c683.jpg'><img loading=\"lazy\" decoding=\"async\" width=\"150\" height=\"150\" src=\"https:\/\/www.radiopiu.net\/wordpress\/wp-content\/uploads\/2020\/07\/a3514a78-f43e-44fb-a076-cb824202c683-150x150.jpg\" class=\"attachment-thumbnail size-thumbnail\" alt=\"\" \/><\/a>\n\t\t\t\t<\/dt><\/dl><br style=\"clear: both\" \/>\n\t\t\t<\/div>\n\n<p>&nbsp;<\/p>\n<p><em><strong>ARCHIVIO RADIO PIU, 28 NOVEMBRE 2019<\/strong><\/em><\/p>\n<p>Carfon non \u00e8 frazione isolata, la si pu\u00f2 raggiungere da Vallada via Gaer, la strada presenta una pendenza del 10% e tornanti in serie da far girare la testa. A valle, prima del ponte in legno, un\u2019altra piccola devastazione del territorio che obbliga al senso unico alternato, niente di grave perch\u00e9 \u00e8 solo il prolungamento dell\u2019altro senso unico, lungo tutta l\u2019irta salita che porta a Carfon, un tratto di strada impegnativo e lungo, quindi diretta conseguenza sono i tempi lunghi di attesa, ma almeno chi vi abita pu\u00f2 tornare a casa con la speranza che abbondanti nevicate non portino all\u2019isolamento della frazione.<\/p>\n<p><iframe loading=\"lazy\" title=\"VID 20191128 113050\" width=\"1200\" height=\"675\" src=\"https:\/\/www.youtube.com\/embed\/LGCauT6E-LA?feature=oembed\" frameborder=\"0\" allow=\"accelerometer; autoplay; clipboard-write; encrypted-media; gyroscope; picture-in-picture\" allowfullscreen><\/iframe><\/p>\n<p>PRECISAZIONI: nel video c\u2019e\u2019 un evidente errore, la valle che si vede \u00e8 la valle di Gares come non viene specificato nella cronaca e chiedo scusa per l\u2019errore. Inoltre i ben informati ci dicono che la pendenza della strada di Gaer \u00e8 del 15%<\/p>\n<p>&nbsp;<\/p>\n<blockquote class=\"wp-embedded-content\" data-secret=\"gq4eeaDZAu\"><p><a href=\"https:\/\/www.radiopiu.net\/wordpress\/carfon-la-frana-alla-luce-del-giorno-foto\/\">CARFON, LA FRANA ALLA LUCE DEL GIORNO. FOTO<\/a><\/p><\/blockquote>\n<p><iframe loading=\"lazy\" class=\"wp-embedded-content\" sandbox=\"allow-scripts\" security=\"restricted\" style=\"position: absolute; clip: rect(1px, 1px, 1px, 1px);\" title=\"&#8220;CARFON, LA FRANA ALLA LUCE DEL GIORNO. FOTO&#8221; &#8212; Radio Pi\u00f9\" src=\"https:\/\/www.radiopiu.net\/wordpress\/carfon-la-frana-alla-luce-del-giorno-foto\/embed\/#?secret=gq4eeaDZAu\" data-secret=\"gq4eeaDZAu\" width=\"600\" height=\"338\" frameborder=\"0\" marginwidth=\"0\" marginheight=\"0\" scrolling=\"no\"><\/iframe><\/p>\n<p>&nbsp;<\/p>\n<p>&nbsp;<\/p>\n<hr \/>\n<p>&nbsp;<\/p>\n<p>&nbsp;<\/p>\n<p>&nbsp;<\/p>\n<blockquote>\n<h3>SERRAI DI SOTTOGUDA: LE PRIME INDISCREZIONI SUI LAVORI<\/h3>\n<\/blockquote>\n<p>di Gianni Santomaso<\/p>\n<audio class=\"wp-audio-shortcode\" id=\"audio-148891-2\" preload=\"none\" style=\"width: 100%;\" controls=\"controls\"><source type=\"audio\/mpeg\" src=\"https:\/\/www.radiopiu.net\/wordpress\/wp-content\/uploads\/2020\/07\/GIANNI-SERRAI-SOTTOGUDA.mp3?_=2\" \/><a href=\"https:\/\/www.radiopiu.net\/wordpress\/wp-content\/uploads\/2020\/07\/GIANNI-SERRAI-SOTTOGUDA.mp3\">https:\/\/www.radiopiu.net\/wordpress\/wp-content\/uploads\/2020\/07\/GIANNI-SERRAI-SOTTOGUDA.mp3<\/a><\/audio>\n<p>&nbsp;<\/p>\n\n\t\t\t<style type='text\/css'>\n\t\t\t\t#gallery-3 {\n\t\t\t\t\tmargin: auto;\n\t\t\t\t}\n\t\t\t\t#gallery-3 .gallery-item {\n\t\t\t\t\tfloat: left;\n\t\t\t\t\tmargin-top: 10px;\n\t\t\t\t\ttext-align: center;\n\t\t\t\t\twidth: 33%;\n\t\t\t\t}\n\t\t\t\t#gallery-3 img {\n\t\t\t\t\tborder: 2px solid #cfcfcf;\n\t\t\t\t}\n\t\t\t\t#gallery-3 .gallery-caption {\n\t\t\t\t\tmargin-left: 0;\n\t\t\t\t}\n\t\t\t\t\/* see gallery_shortcode() in wp-includes\/media.php *\/\n\t\t\t<\/style>\n\t\t<div id='gallery-3' class='dt-gallery-container gallery galleryid-148891 gallery-columns-3 gallery-size-thumbnail'><dl class='gallery-item'>\n\t\t\t\t<dt class='gallery-icon landscape'>\n\t\t\t\t\t<a class=\"rollover rollover-zoom dt-pswp-item\" title=\"18c7442e-bd53-4e3c-81d1-f4601dcd1704\" data-dt-img-description=\"\" data-large_image_width=\"1600\" data-large_image_height=\"1200\"href='https:\/\/www.radiopiu.net\/wordpress\/wp-content\/uploads\/2020\/07\/18c7442e-bd53-4e3c-81d1-f4601dcd1704.jpg'><img loading=\"lazy\" decoding=\"async\" width=\"150\" height=\"150\" src=\"https:\/\/www.radiopiu.net\/wordpress\/wp-content\/uploads\/2020\/07\/18c7442e-bd53-4e3c-81d1-f4601dcd1704-150x150.jpg\" class=\"attachment-thumbnail size-thumbnail\" alt=\"\" \/><\/a>\n\t\t\t\t<\/dt><\/dl><dl class='gallery-item'>\n\t\t\t\t<dt class='gallery-icon portrait'>\n\t\t\t\t\t<a class=\"rollover rollover-zoom dt-pswp-item\" title=\"43b91865-265c-443d-aeaf-f46b02fc848d\" data-dt-img-description=\"\" data-large_image_width=\"1200\" data-large_image_height=\"1600\"href='https:\/\/www.radiopiu.net\/wordpress\/wp-content\/uploads\/2020\/07\/43b91865-265c-443d-aeaf-f46b02fc848d.jpg'><img loading=\"lazy\" decoding=\"async\" width=\"150\" height=\"150\" src=\"https:\/\/www.radiopiu.net\/wordpress\/wp-content\/uploads\/2020\/07\/43b91865-265c-443d-aeaf-f46b02fc848d-150x150.jpg\" class=\"attachment-thumbnail size-thumbnail\" alt=\"\" \/><\/a>\n\t\t\t\t<\/dt><\/dl><dl class='gallery-item'>\n\t\t\t\t<dt class='gallery-icon portrait'>\n\t\t\t\t\t<a class=\"rollover rollover-zoom dt-pswp-item\" title=\"e7c30f50-f768-4f06-a8a1-03d30d708f33\" data-dt-img-description=\"\" data-large_image_width=\"1200\" data-large_image_height=\"1600\"href='https:\/\/www.radiopiu.net\/wordpress\/wp-content\/uploads\/2020\/07\/e7c30f50-f768-4f06-a8a1-03d30d708f33.jpg'><img loading=\"lazy\" decoding=\"async\" width=\"150\" height=\"150\" src=\"https:\/\/www.radiopiu.net\/wordpress\/wp-content\/uploads\/2020\/07\/e7c30f50-f768-4f06-a8a1-03d30d708f33-150x150.jpg\" class=\"attachment-thumbnail size-thumbnail\" alt=\"\" \/><\/a>\n\t\t\t\t<\/dt><\/dl><br style=\"clear: both\" \/>\n\t\t\t<\/div>\n\n<p>&nbsp;<\/p>\n<p>&nbsp;<\/p>\n<hr \/>\n<p>&nbsp;<\/p>\n<div class=\"page-title title-left solid-bg breadcrumbs-mobile-off page-title-responsive-enabled\">\n<div class=\"wf-wrap\">\n<div class=\"page-title-head hgroup\">\n<h1 class=\"entry-title\"><\/h1>\n<h1 class=\"entry-title\"><\/h1>\n<blockquote class=\"wp-embedded-content\" data-secret=\"OdLdt2qCX7\"><p><a href=\"https:\/\/www.radiopiu.net\/wordpress\/caro-sindaco-sono-giustificati-gli-importi-per-il-consumo-dacqua\/\">CARO SINDACO&#8230; SONO GIUSTIFICATI GLI IMPORTI PER IL CONSUMO D&#8217;ACQUA?<\/a><\/p><\/blockquote>\n<p><iframe loading=\"lazy\" class=\"wp-embedded-content\" sandbox=\"allow-scripts\" security=\"restricted\" style=\"position: absolute; clip: rect(1px, 1px, 1px, 1px);\" title=\"&#8220;CARO SINDACO&#8230; SONO GIUSTIFICATI GLI IMPORTI PER IL CONSUMO D&#8217;ACQUA?&#8221; &#8212; Radio Pi\u00f9\" src=\"https:\/\/www.radiopiu.net\/wordpress\/caro-sindaco-sono-giustificati-gli-importi-per-il-consumo-dacqua\/embed\/#?secret=OdLdt2qCX7\" data-secret=\"OdLdt2qCX7\" width=\"600\" height=\"338\" frameborder=\"0\" marginwidth=\"0\" marginheight=\"0\" scrolling=\"no\"><\/iframe><\/p>\n<p>&nbsp;<\/p>\n<h1 class=\"entry-title\"><\/h1>\n<h1 class=\"entry-title\"><\/h1>\n<h1 class=\"entry-title\">NELLE ULTIME 24 ORE NESSUN DECESSO, 174 PERSONE IN PIU\u2019 IN ISOLAMENTO, 400 GLI ATTUALMENTE POSITIVI IN VENETO<\/h1>\n<\/div>\n<div class=\"page-title-breadcrumbs\">\n<p>&nbsp;<\/p>\n<\/div>\n<\/div>\n<\/div>\n<div id=\"main\" class=\"sidebar-right sidebar-divider-vertical\">\n<div class=\"wf-wrap\">\n<div class=\"wf-container-main\">\n<div id=\"content\" class=\"content\" role=\"main\">\n<article id=\"post-147954\" class=\"post-147954 post type-post status-publish format-standard has-post-thumbnail category-evidenza-top category-news-18 category-51 category-49 description-off\">\n<div class=\"entry-content\">\n<p><strong>I NUOVI CASI:<\/strong>\u00a0\u00a01 donna nigeriana di 37 anni (Veneto Orientale), 1 uomo nigeriano di 36 anni (Padovano), 1 donna di 70 anni, 1 uomo italiano 28 anni, 1 uomo 30 nigeria, 1 uomo 40 anni Caamerun, 1 donna 30 anni del Camerun, 1 donna 40 anni Rumena, 1 uomo 22 anni del Mali, 1 donna 38 anni Moldava, 1 uomo 23 anni del Senegal<\/p>\n<\/div>\n<\/article>\n<\/div>\n<\/div>\n<\/div>\n<\/div>\n<p>&nbsp;<\/p>\n<p><strong>I NUMERI\u00a0 IN VENETO:<\/strong> TOTALE POSITIVI 19387\u00a0 \u00a0(+11)\u00a0 ATTUALMENTE POSITIVI\u00a0 400 (+3)\u00a0 DECESSI 2039\u00a0 (0) NEGATIVIZZATI 16948\u00a0 (+8) IN ISOLAMENTO 1298 (174)\u00a0 RICOVERATI\u00a0 141 (1\u2013 19POSITIVI, 122 NEGATIVIZZATI), NEGLI OSPEDALI DI COMUNITA\u2019 RICOVERATI 19 (+1, 0 POSITIVI,\u00a0 18 NEGATIVIZZATI), IN TERAPIA INTENSIVA 9(3 POSITIVI,\u00a0 6 NEGATIVIZZATI). DIMESSI 3651 (3)\u00a0<strong>IN NUMERI IN PROVINCIA:<\/strong>\u00a0TOTALE CONTAGI 1199 (0) , ATTUALMENTE POSITIVI 19 (-2) , DECEDUTI 113 (0), NEGATIVIZZATI 1067 (+2) ISOLAMENTO DOMICILIARE 153 (+12) RICOVERATI IN OSPEDALE AL SAN MARTIN 2 (0)<\/p>\n<p>&nbsp;<\/p>\n<hr \/>\n<blockquote class=\"wp-embedded-content\" data-secret=\"6X8vXbn417\"><p><a href=\"https:\/\/www.radiopiu.net\/wordpress\/coronavirus-aggiornamento-nazionale-11-luglio\/\">CORONAVIRUS: AGGIORNAMENTO NAZIONALE 11 LUGLIO<\/a><\/p><\/blockquote>\n<p><iframe loading=\"lazy\" class=\"wp-embedded-content\" sandbox=\"allow-scripts\" security=\"restricted\" style=\"position: absolute; clip: rect(1px, 1px, 1px, 1px);\" title=\"&#8220;CORONAVIRUS: AGGIORNAMENTO NAZIONALE 11 LUGLIO&#8221; &#8212; Radio Pi\u00f9\" src=\"https:\/\/www.radiopiu.net\/wordpress\/coronavirus-aggiornamento-nazionale-11-luglio\/embed\/#?secret=6X8vXbn417\" data-secret=\"6X8vXbn417\" width=\"600\" height=\"338\" frameborder=\"0\" marginwidth=\"0\" marginheight=\"0\" scrolling=\"no\"><\/iframe><\/p>\n<p>&nbsp;<\/p>\n<hr \/>\n<p>&nbsp;<\/p>\n<blockquote class=\"wp-embedded-content\" data-secret=\"TrNVEsUH2E\"><p><a href=\"https:\/\/www.radiopiu.net\/wordpress\/11luglio17\/\">NELLE ULTIME 24 ORE NESSUN DECESSO, 174 PERSONE IN PIU&#8217; IN ISOLAMENTO, 400 GLI ATTUALMENTE POSITIVI IN VENETO<\/a><\/p><\/blockquote>\n<p><iframe loading=\"lazy\" class=\"wp-embedded-content\" sandbox=\"allow-scripts\" security=\"restricted\" style=\"position: absolute; clip: rect(1px, 1px, 1px, 1px);\" title=\"&#8220;NELLE ULTIME 24 ORE NESSUN DECESSO, 174 PERSONE IN PIU&#8217; IN ISOLAMENTO, 400 GLI ATTUALMENTE POSITIVI IN VENETO&#8221; &#8212; Radio Pi\u00f9\" src=\"https:\/\/www.radiopiu.net\/wordpress\/11luglio17\/embed\/#?secret=TrNVEsUH2E\" data-secret=\"TrNVEsUH2E\" width=\"600\" height=\"338\" frameborder=\"0\" marginwidth=\"0\" marginheight=\"0\" scrolling=\"no\"><\/iframe><\/p>\n<p>&nbsp;<\/p>\n<hr \/>\n<p>&nbsp;<\/p>\n<blockquote>\n<h3>EMERGENZA COVID 19: AGGIORNAMENTO ULSS 1 DOLOMITI<\/h3>\n<\/blockquote>\n<p><b><a class=\"dt-pswp-item\" href=\"https:\/\/www.radiopiu.net\/wordpress\/wp-content\/uploads\/2020\/03\/covid-ulss.jpg\" data-dt-img-description=\"\" data-large_image_width=\"800\" data-large_image_height=\"600\"><img loading=\"lazy\" decoding=\"async\" class=\"size-medium wp-image-121260 alignleft\" src=\"https:\/\/www.radiopiu.net\/wordpress\/wp-content\/uploads\/2020\/03\/covid-ulss-300x225.jpg\" alt=\"\" width=\"300\" height=\"225\" srcset=\"https:\/\/www.radiopiu.net\/wordpress\/wp-content\/uploads\/2020\/03\/covid-ulss-300x225.jpg 300w, https:\/\/www.radiopiu.net\/wordpress\/wp-content\/uploads\/2020\/03\/covid-ulss-768x576.jpg 768w, https:\/\/www.radiopiu.net\/wordpress\/wp-content\/uploads\/2020\/03\/covid-ulss.jpg 800w\" sizes=\"auto, (max-width: 300px) 100vw, 300px\" \/><\/a>BELLUNO <\/b><span style=\"font-weight: 400;\">Nell\u2019ultima giornata il Laboratorio aziendale non ha evidenziato alcuna nuova positivit\u00e0.\u00a0<\/span><span style=\"font-weight: 400;\">Da un\u2019Azienda del territorio, nell&#8217;ambito di piano di monitoraggio dei dipendenti, \u00e8 stata segnalata questa mattina al Dipartimento di prevenzione una possibile positivit\u00e0 a carico di due dipendenti. L\u2019Ulss proceder\u00e0 domani a ripetere gli esami presso il Laboratorio centrale del San Martino. In attesa dei referti di tali tamponi, per massima precauzione, d\u2019intesa con l\u2019Azienda segnalante, sono state attivate tutte le misure di sanit\u00e0 pubblica previste per la situazione (isolamento dei sospetti positivi, quarantena dei contatti). Il tracciamento dei contatti \u00e8 tutt\u2019ora in corso, con criterio di massima estensione.\u00a0<\/span><span style=\"font-weight: 400;\">Buone notizie giungono dal focolaio con 9 positivit\u00e0 legato a un noto negozio del Feltrino: \u00e8 uscito dall\u2019isolamento per guarigione il primo soggetto riscontrato positivo al virus.\u00a0<\/span><span style=\"font-weight: 400;\">Nell\u2019ultima settimana, per effetto della quarantena applicata a numerosi soggetti in arrivo dall\u2019estero e ai contatti delle nuove positivit\u00e0, \u00e8 progressivamente cresciuto il numero delle persone isolate a domicilio. Si tratta di un fenomeno registrato anche in altri contesti regionali e nazionali, attribuibile a questa fase di coda epidemica con evidenza di piccoli focolai, prevalentemente di importazione.<\/span><\/p>\n<p>&nbsp;<\/p>\n<p>&nbsp;<\/p>\n<hr \/>\n<p>&nbsp;<\/p>\n<blockquote>\n<h3>VOLONTARIATO: IN VENETO BANDO PER PROGETTI DI SOLIDARIET\u00c0 ANTI-PANDEMIA<\/h3>\n<\/blockquote>\n<p><strong><a class=\"dt-pswp-item\" href=\"https:\/\/www.radiopiu.net\/wordpress\/wp-content\/uploads\/2020\/04\/MANUELA-LANZARIN.jpg\" data-dt-img-description=\"\" data-large_image_width=\"639\" data-large_image_height=\"480\"><img loading=\"lazy\" decoding=\"async\" class=\"size-medium wp-image-133951 alignleft\" src=\"https:\/\/www.radiopiu.net\/wordpress\/wp-content\/uploads\/2020\/04\/MANUELA-LANZARIN-300x225.jpg\" alt=\"\" width=\"300\" height=\"225\" srcset=\"https:\/\/www.radiopiu.net\/wordpress\/wp-content\/uploads\/2020\/04\/MANUELA-LANZARIN-300x225.jpg 300w, https:\/\/www.radiopiu.net\/wordpress\/wp-content\/uploads\/2020\/04\/MANUELA-LANZARIN.jpg 639w\" sizes=\"auto, (max-width: 300px) 100vw, 300px\" \/><\/a>VENEZIA\u00a0<\/strong>La<span class=\"Apple-converted-space\">\u00a0 <\/span>Regione Veneto indice due bandi rivolti al<span class=\"Apple-converted-space\">\u00a0 <\/span>mondo della volontariato per mobilitare la rete della solidariet\u00e0 di fronte ai nuovi bisogni sociali creati dalla pandemia. Marted\u00ec 14 il Bollettino Ufficiale della Regione Veneto pubblicher\u00e0 l\u2019avviso pubblico rivolto alle 2500 organizzazioni di volontariato e alle oltre 1500 associazioni di promozione sociale presenti nel territorio regionale invitandole a presentare iniziative e progetti che saranno sostenuti da contributi pubblici fino al 70-80 per cento della spesa sostenuta.\u00a0\u201c<em>I volontari e le loro associazioni, che in Veneto rappresentano un patrimonio di impegno civico e di solidariet\u00e0 che aggrega oltre un milione e 100 mila cittadini, sono una risorsa inestimabile di capacit\u00e0, organizzazione e flessibilit\u00e0 per il sistema sociale \u2013 afferma Lanzarin \u2013 Sappiamo anche che 9 enti su 10 hanno risentito in maniera significativa dell\u2019impatto Covid,<span class=\"Apple-converted-space\">\u00a0 <\/span>a causa del lockdown e della necessit\u00e0 di rivedere i propri modelli organizzativi.<span class=\"Apple-converted-space\">\u00a0 <\/span>Con questo duplice bando la Regione intende stimolarne la capacit\u00e0 progettuale e aiutare tutto il mondo della solidariet\u00e0 a fare squadra con gli enti del territorio per intercettare bisogni, disuguaglianze e povert\u00e0 sommerse in questa difficile fase di ripartenza collettiva<\/em>\u201d.\u00a0Il totale delle risorse messe a bando ammonta a\u00a04.764.358 euro. Gli enti del terzo settore (organizzazioni di volontariato e associazioni di promozione<span class=\"Apple-converted-space\">\u00a0 <\/span>sociale iscritte al registro regionale o nazionale) potranno concorrere ai contributi presentando, in alternativa\u00a01)\u00a0Iniziative\u00a0volte ad fronteggiare l\u2019emergenza sanitaria attuate o da attuare nel periodo 24 febbraio \u2013 31 dicembre 2020. Le domande, da presentarsi entro il 31 luglio, dovranno specificare l\u2019iniziativa e il relativo piano finanziario (compreso tra 5 e 30 mila euro). La Regione li cofinanzier\u00e0 fino ad un massimo di<span class=\"Apple-converted-space\">\u00a0 <\/span>21 mila euro per singola iniziativa,<span class=\"Apple-converted-space\">\u00a0 <\/span>impegnando complessivamente 2.087.864 euro.\u00a02)\u00a0Progetti\u00a0a rilevanza regionale, che si dovranno protrarre per tutto il 2021 e che potranno essere presentati singolarmente o in partenariato, con un piano finanziario di spesa fino a 50 mila euro.<span class=\"Apple-converted-space\">\u00a0 <\/span>In questo caso il contributo, che conta su una dote complessiva di 2.676.494 euro, potr\u00e0 arrivare fino all\u201980 percento della spesa sostenuta. Il termine di scadenza delle domande \u00e8 fissato al 10 settembre 2020.<\/p>\n<p>&nbsp;<\/p>\n<p>&nbsp;<\/p>\n<hr \/>\n<p>&nbsp;<\/p>\n<blockquote>\n<h3>LA QUINTA CHIMICI DI AGORDO DEVOLVE A PETTIROSSO AGORDINO I SOLDI RACCOLTI PER ORGANIZZARE L&#8217;ATOMIC PARTY<\/h3>\n<\/blockquote>\n<p><a class=\"dt-pswp-item\" href=\"https:\/\/www.radiopiu.net\/wordpress\/wp-content\/uploads\/2020\/07\/317de937-a429-4ea1-ba34-06e78bae43e0.jpg\" data-dt-img-description=\"\" data-large_image_width=\"1034\" data-large_image_height=\"769\"><img loading=\"lazy\" decoding=\"async\" class=\"alignnone wp-image-148991 size-full\" src=\"https:\/\/www.radiopiu.net\/wordpress\/wp-content\/uploads\/2020\/07\/317de937-a429-4ea1-ba34-06e78bae43e0.jpg\" alt=\"\" width=\"1034\" height=\"769\" srcset=\"https:\/\/www.radiopiu.net\/wordpress\/wp-content\/uploads\/2020\/07\/317de937-a429-4ea1-ba34-06e78bae43e0.jpg 1034w, https:\/\/www.radiopiu.net\/wordpress\/wp-content\/uploads\/2020\/07\/317de937-a429-4ea1-ba34-06e78bae43e0-300x223.jpg 300w, https:\/\/www.radiopiu.net\/wordpress\/wp-content\/uploads\/2020\/07\/317de937-a429-4ea1-ba34-06e78bae43e0-1024x762.jpg 1024w, https:\/\/www.radiopiu.net\/wordpress\/wp-content\/uploads\/2020\/07\/317de937-a429-4ea1-ba34-06e78bae43e0-768x571.jpg 768w\" sizes=\"auto, (max-width: 1034px) 100vw, 1034px\" \/><\/a><\/p>\n<p>di Gianni Santomaso<\/p>\n<audio class=\"wp-audio-shortcode\" id=\"audio-148891-3\" preload=\"none\" style=\"width: 100%;\" controls=\"controls\"><source type=\"audio\/mpeg\" src=\"https:\/\/www.radiopiu.net\/wordpress\/wp-content\/uploads\/2020\/07\/GIANNI-ATOMIC-PARTY.mp3?_=3\" \/><a href=\"https:\/\/www.radiopiu.net\/wordpress\/wp-content\/uploads\/2020\/07\/GIANNI-ATOMIC-PARTY.mp3\">https:\/\/www.radiopiu.net\/wordpress\/wp-content\/uploads\/2020\/07\/GIANNI-ATOMIC-PARTY.mp3<\/a><\/audio>\n<p>&nbsp;<\/p>\n<p><em>Elenco degli sponsor che hanno versato il contributo per l&#8217;Atomic Party poi destinato all&#8217;associazione Pettirosso Agordino<\/em><\/p>\n<p>Oh per Bacco, Paky Computer, SG Marmi, Il Trentadue, Ristorante-Pizzeria da Silvio, DNA, Falegnameria Soppelsa, Bar Enoteca Schenot, Baita Dies Bis, Zum Brillenbar Restaurant, Ristorante-Pizzeria Livia, Bar Sport, El Forner, Zasso Luigino Ferramenta, Bar Osteria da Flora, Bar Ristorante Al Molin, Agriturismo Malga Le Buse, Daisy, L&#8217;Ari\u00e9t, Soccol Napi, Stella Alpina Falcade, Gigio Piciol, San Pellegrino Ski Area, La Fonte del Pane, Pizzeria-Ristorante Rosa Nera, Giardino Agordino, El Festil, Birreria Stella, Nadia e Renata Parrucchiere, Caff\u00e8 Miniere, Schena Motor, Les Bon Bons, Sport Hotel Cristal, Profumeria Wanda, Panificio Pasticceria Crock, Ricci e Capricci, Bepi Bosol, Carlin &#8220;Il Pane&#8221;, Salone Sonia Agordo, Kids&amp;TeenAgers, Etcetera, Bar Commercio Cencenighe, Mauri Gipsy, Lorenzi Foto Bazar, Bar Coop, Bottegon, Calzature Costa di Rossi Elena, Il Fil\u00f2, La Croda, Confezioni Simeoni Falcade, Salone Sandra, La Nuova Corniceria di Luca Soppelsa, Manfroi Paviarredo Snc, Mobili Arredamenti Rossi Lino, Mobili Collarin, Idea Salone, Orologeria Gioielleria Fontanive Cencenighe, Free Time, Agordo Foto, Edicola Cencenighe, VEM La Valle, Macelleria Costa, Fontanive Marco, Poltronieri, Sport 203, Edicola Sommariva.<\/p>\n<p>&nbsp;<\/p>\n<p>&nbsp;<\/p>\n<hr \/>\n<p>&nbsp;<\/p>\n<blockquote>\n<h3>CANTIERI IN CITT\u00c0: PARTITI ANCHE I LAVORI DI RIFACIMENTO DEL TETTO DELL&#8217;ASILO DEL PASQUER<\/h3>\n<\/blockquote>\n<p><strong><a class=\"dt-pswp-item\" href=\"https:\/\/www.radiopiu.net\/wordpress\/wp-content\/uploads\/2020\/07\/903270a5-e035-4a3e-ab59-6fba78e1dd47.jpg\" data-dt-img-description=\"\" data-large_image_width=\"1599\" data-large_image_height=\"1200\"><img loading=\"lazy\" decoding=\"async\" class=\"size-medium wp-image-148895 alignleft\" src=\"https:\/\/www.radiopiu.net\/wordpress\/wp-content\/uploads\/2020\/07\/903270a5-e035-4a3e-ab59-6fba78e1dd47-300x225.jpg\" alt=\"\" width=\"300\" height=\"225\" srcset=\"https:\/\/www.radiopiu.net\/wordpress\/wp-content\/uploads\/2020\/07\/903270a5-e035-4a3e-ab59-6fba78e1dd47-300x225.jpg 300w, https:\/\/www.radiopiu.net\/wordpress\/wp-content\/uploads\/2020\/07\/903270a5-e035-4a3e-ab59-6fba78e1dd47-1024x768.jpg 1024w, https:\/\/www.radiopiu.net\/wordpress\/wp-content\/uploads\/2020\/07\/903270a5-e035-4a3e-ab59-6fba78e1dd47-768x576.jpg 768w, https:\/\/www.radiopiu.net\/wordpress\/wp-content\/uploads\/2020\/07\/903270a5-e035-4a3e-ab59-6fba78e1dd47-1536x1153.jpg 1536w, https:\/\/www.radiopiu.net\/wordpress\/wp-content\/uploads\/2020\/07\/903270a5-e035-4a3e-ab59-6fba78e1dd47.jpg 1599w\" sizes=\"auto, (max-width: 300px) 100vw, 300px\" \/><\/a>FELTRE\u00a0<\/strong>All&#8217;uscita dal blocco determinato dall&#8217;emergenza sanitaria in atto, prende il via un altro dei cantieri programmati e finanziati negli scorsi mesi, ovvero quello che riguarda il rifacimento del tetto dell&#8217;asilo del Pasquer.\u00a0L&#8217;intervento \u00e8 sostenuto da un finanziamento di 245.000 euro della Regione Veneto gi\u00e0 assegnato al Comune di Feltre e volto a lavori di manutenzione straordinaria per l&#8217;efficientamento energetico della struttura.\u00a0I lavori aumenteranno in maniera significativa le prestazioni energetiche dell&#8217;edificio e comporteranno un miglior rapporto costi benefici, grazie alla sostituzione della copertura che attualmente \u00e8 priva di isolamento.<span class=\"Apple-converted-space\">\u00a0\u00a0<\/span>Si effettuer\u00e0 la posa di un nuovo pacchetto con strato di lana di roccia ad alta densit\u00e0 sopra il solaio in latero-cemento e di un nuovo manto di copertura metallico. Questa soluzione permetter\u00e0 anche di sistemare il problema delle perdite d&#8217;acqua e delle infiltrazioni attualmente presenti nella zona \u201canfiteatro\u201d.<span class=\"Apple-converted-space\">\u00a0\u00a0<\/span><\/p>\n<p>&nbsp;<\/p>\n<p><strong>ADIS ZATTA, ASSESSORE DEL COMUNE DI FELTRE<\/strong><\/p>\n<audio class=\"wp-audio-shortcode\" id=\"audio-148891-4\" preload=\"none\" style=\"width: 100%;\" controls=\"controls\"><source type=\"audio\/mpeg\" src=\"https:\/\/www.radiopiu.net\/wordpress\/wp-content\/uploads\/2020\/07\/ADIS-ZATTA-ASILO-FELTRE.mp3?_=4\" \/><a href=\"https:\/\/www.radiopiu.net\/wordpress\/wp-content\/uploads\/2020\/07\/ADIS-ZATTA-ASILO-FELTRE.mp3\">https:\/\/www.radiopiu.net\/wordpress\/wp-content\/uploads\/2020\/07\/ADIS-ZATTA-ASILO-FELTRE.mp3<\/a><\/audio>\n<p>&nbsp;<\/p>\n<hr \/>\n<p>&nbsp;<\/p>\n<h1 class=\"title\">REGIONALI: PRESENTAZIONE A BELLUNO DEL CANDIDATO PER IL MOVIMENTO 5 STELLE<\/h1>\n<h1 class=\"title\">di Moreno Gioli<\/h1>\n<p>Presentazione alla stampa dei candidati del Movimento 5 Stelle di Belluno al Consiglio Regionale del Veneto.Servizio e immagini di Moreno Gioli che ha intervistato il candidato Enrico Cappelleti, barbara lando ed il Ministro D\u2019Inc\u00e0.<\/p>\n<p><strong><a class=\"dt-pswp-item\" href=\"https:\/\/www.radiopiu.net\/wordpress\/wp-content\/uploads\/2020\/07\/d12a6a05-87a3-4b5a-8fe5-28188a65bcfd.jpg\" data-dt-img-description=\"\" data-large_image_width=\"1600\" data-large_image_height=\"737\"><img loading=\"lazy\" decoding=\"async\" class=\"alignnone size-medium wp-image-148978\" src=\"https:\/\/www.radiopiu.net\/wordpress\/wp-content\/uploads\/2020\/07\/d12a6a05-87a3-4b5a-8fe5-28188a65bcfd-300x138.jpg\" alt=\"\" width=\"300\" height=\"138\" srcset=\"https:\/\/www.radiopiu.net\/wordpress\/wp-content\/uploads\/2020\/07\/d12a6a05-87a3-4b5a-8fe5-28188a65bcfd-300x138.jpg 300w, https:\/\/www.radiopiu.net\/wordpress\/wp-content\/uploads\/2020\/07\/d12a6a05-87a3-4b5a-8fe5-28188a65bcfd-1024x472.jpg 1024w, https:\/\/www.radiopiu.net\/wordpress\/wp-content\/uploads\/2020\/07\/d12a6a05-87a3-4b5a-8fe5-28188a65bcfd-768x354.jpg 768w, https:\/\/www.radiopiu.net\/wordpress\/wp-content\/uploads\/2020\/07\/d12a6a05-87a3-4b5a-8fe5-28188a65bcfd-1536x708.jpg 1536w, https:\/\/www.radiopiu.net\/wordpress\/wp-content\/uploads\/2020\/07\/d12a6a05-87a3-4b5a-8fe5-28188a65bcfd.jpg 1600w\" sizes=\"auto, (max-width: 300px) 100vw, 300px\" \/><\/a><a class=\"dt-pswp-item\" href=\"https:\/\/www.radiopiu.net\/wordpress\/wp-content\/uploads\/2020\/07\/827a1953-bc63-43b0-8ca8-fb9402b33aba.jpg\" data-dt-img-description=\"\" data-large_image_width=\"1600\" data-large_image_height=\"737\"><img loading=\"lazy\" decoding=\"async\" class=\"alignnone size-medium wp-image-148977\" src=\"https:\/\/www.radiopiu.net\/wordpress\/wp-content\/uploads\/2020\/07\/827a1953-bc63-43b0-8ca8-fb9402b33aba-300x138.jpg\" alt=\"\" width=\"300\" height=\"138\" srcset=\"https:\/\/www.radiopiu.net\/wordpress\/wp-content\/uploads\/2020\/07\/827a1953-bc63-43b0-8ca8-fb9402b33aba-300x138.jpg 300w, https:\/\/www.radiopiu.net\/wordpress\/wp-content\/uploads\/2020\/07\/827a1953-bc63-43b0-8ca8-fb9402b33aba-1024x472.jpg 1024w, https:\/\/www.radiopiu.net\/wordpress\/wp-content\/uploads\/2020\/07\/827a1953-bc63-43b0-8ca8-fb9402b33aba-768x354.jpg 768w, https:\/\/www.radiopiu.net\/wordpress\/wp-content\/uploads\/2020\/07\/827a1953-bc63-43b0-8ca8-fb9402b33aba-1536x708.jpg 1536w, https:\/\/www.radiopiu.net\/wordpress\/wp-content\/uploads\/2020\/07\/827a1953-bc63-43b0-8ca8-fb9402b33aba.jpg 1600w\" sizes=\"auto, (max-width: 300px) 100vw, 300px\" \/><\/a><\/strong><\/p>\n<p><strong>DI MORENO GIOLI<\/strong><\/p>\n<audio class=\"wp-audio-shortcode\" id=\"audio-148891-5\" preload=\"none\" style=\"width: 100%;\" controls=\"controls\"><source type=\"audio\/mpeg\" src=\"https:\/\/www.radiopiu.net\/wordpress\/wp-content\/uploads\/2020\/07\/GIOLI.mp3?_=5\" \/><a href=\"https:\/\/www.radiopiu.net\/wordpress\/wp-content\/uploads\/2020\/07\/GIOLI.mp3\">https:\/\/www.radiopiu.net\/wordpress\/wp-content\/uploads\/2020\/07\/GIOLI.mp3<\/a><\/audio>\n<p>&nbsp;<\/p>\n<p><strong>BARBARA LANDO\u00a0<\/strong><\/p>\n<audio class=\"wp-audio-shortcode\" id=\"audio-148891-6\" preload=\"none\" style=\"width: 100%;\" controls=\"controls\"><source type=\"audio\/mpeg\" src=\"https:\/\/www.radiopiu.net\/wordpress\/wp-content\/uploads\/2020\/07\/BARBARA\u00f9.mp3?_=6\" \/><a href=\"https:\/\/www.radiopiu.net\/wordpress\/wp-content\/uploads\/2020\/07\/BARBARA\u00f9.mp3\">https:\/\/www.radiopiu.net\/wordpress\/wp-content\/uploads\/2020\/07\/BARBARA\u00f9.mp3<\/a><\/audio>\n<p><strong>\u00a0<\/strong><strong>\u00a0<\/strong><\/p>\n<p><strong>DANIELE CAMPEDEL\u00a0<\/strong><\/p>\n<audio class=\"wp-audio-shortcode\" id=\"audio-148891-7\" preload=\"none\" style=\"width: 100%;\" controls=\"controls\"><source type=\"audio\/mpeg\" src=\"https:\/\/www.radiopiu.net\/wordpress\/wp-content\/uploads\/2020\/07\/DANIELE.mp3?_=7\" \/><a href=\"https:\/\/www.radiopiu.net\/wordpress\/wp-content\/uploads\/2020\/07\/DANIELE.mp3\">https:\/\/www.radiopiu.net\/wordpress\/wp-content\/uploads\/2020\/07\/DANIELE.mp3<\/a><\/audio>\n<p><strong>\u00a0<\/strong><\/p>\n<p><strong>FEDERICO D&#8217;INCA&#8217;<\/strong><\/p>\n<audio class=\"wp-audio-shortcode\" id=\"audio-148891-8\" preload=\"none\" style=\"width: 100%;\" controls=\"controls\"><source type=\"audio\/mpeg\" src=\"https:\/\/www.radiopiu.net\/wordpress\/wp-content\/uploads\/2020\/07\/FEDERICO.mp3?_=8\" \/><a href=\"https:\/\/www.radiopiu.net\/wordpress\/wp-content\/uploads\/2020\/07\/FEDERICO.mp3\">https:\/\/www.radiopiu.net\/wordpress\/wp-content\/uploads\/2020\/07\/FEDERICO.mp3<\/a><\/audio>\n<p>&nbsp;<\/p>\n<hr \/>\n<p>&nbsp;<\/p>\n<blockquote>\n<h3>APERTURA PIAN LONGHI: \u00abGRANDE OPPORTUNIT\u00c0 DI RILANCIO; IL NEVEGAL \u00c8 IMPORTANTE PER TUTTA LA PROVINCIA\u00bb<\/h3>\n<\/blockquote>\n<p><strong><a class=\"dt-pswp-item\" href=\"https:\/\/www.radiopiu.net\/wordpress\/wp-content\/uploads\/2020\/07\/73ddb4db-396f-4b3d-b777-5b15f7613f0e.jpg\" data-dt-img-description=\"\" data-large_image_width=\"768\" data-large_image_height=\"570\"><img loading=\"lazy\" decoding=\"async\" class=\"size-medium wp-image-148939 alignleft\" src=\"https:\/\/www.radiopiu.net\/wordpress\/wp-content\/uploads\/2020\/07\/73ddb4db-396f-4b3d-b777-5b15f7613f0e-300x223.jpg\" alt=\"\" width=\"300\" height=\"223\" srcset=\"https:\/\/www.radiopiu.net\/wordpress\/wp-content\/uploads\/2020\/07\/73ddb4db-396f-4b3d-b777-5b15f7613f0e-300x223.jpg 300w, https:\/\/www.radiopiu.net\/wordpress\/wp-content\/uploads\/2020\/07\/73ddb4db-396f-4b3d-b777-5b15f7613f0e.jpg 768w\" sizes=\"auto, (max-width: 300px) 100vw, 300px\" \/><\/a>BELLUNO <\/strong>\u00ab<em>Il Nevegal ha enormi potenzialit\u00e0 turistiche e il riavvio della struttura di Pian Longhi rappresenta una grande opportunit\u00e0 per il rilancio del Colle. Auguriamo alla localit\u00e0 un lungo percorso di successi<\/em>\u00bb. \u00c8 l\u2019auspicio della Provincia di Belluno, che questa mattina ha partecipato alla cerimonia di inaugurazione della rinnovata gestione di Pian Longhi con i consiglieri Massimo Bortoluzzi e Paolo Vendramini. \u00ab<em>La riattivazione del bar e della struttura sportiva di Pian Longhi \u00e8 un elemento fondamentale per il Nevegal &#8211; afferma il consigliere Bortoluzzi -. Non solo perch\u00e9 \u00e8 la prima attivit\u00e0 che si incontra salendo da Ponte nelle Alpi, ma anche perch\u00e9 d\u00e0 la possibilit\u00e0 al Colle di sviluppare iniziative a carattere sportivo con un impianto di livello. Il Nevegal \u00e8 una delle localit\u00e0 di media montagna che potranno beneficiare di un grande afflusso in questa estate caratterizzata dalle misure anti-Covid e quindi poter contare su una riapertura dopo anni di serrande abbassate \u00e8 sicuramente un elemento in pi\u00f9 su cui basare il rilancio della localit\u00e0. Che \u00e8 importante non solo per Belluno e Ponte nelle Alpi, ma per tutta la Valbelluna, e a livello invernale rappresenta ancora la prima scuola sci per chi arriva dalla pianura<\/em>\u00bb.<\/p>\n<p><em><strong>LA DIRETTA FACEBOOK RADIO PIU&#8217; DA PIAN LONGHI<\/strong><\/em><\/p>\n<p>https:\/\/www.facebook.com\/Mirkomezziano\/videos\/2719037285045707<\/p>\n<p>&nbsp;<\/p>\n<p>&nbsp;<\/p>\n<p>&nbsp;<\/p>\n<p>&nbsp;<\/p>\n<hr \/>\n<p>&nbsp;<\/p>\n<blockquote>\n<h3>DILLO A RADIO PI\u00d9: ATTIVIT\u00c0 SOCIALMENTE UTILI PER TOGLIERE LE MASCHERINE DALLE STRADE<\/h3>\n<\/blockquote>\n<p><strong><a class=\"dt-pswp-item\" href=\"https:\/\/www.radiopiu.net\/wordpress\/wp-content\/uploads\/2020\/07\/Mascherina-a-terra.jpg\" data-dt-img-description=\"\" data-large_image_width=\"1280\" data-large_image_height=\"985\"><img loading=\"lazy\" decoding=\"async\" class=\"size-medium wp-image-148909 alignleft\" src=\"https:\/\/www.radiopiu.net\/wordpress\/wp-content\/uploads\/2020\/07\/Mascherina-a-terra-300x231.jpg\" alt=\"\" width=\"300\" height=\"231\" srcset=\"https:\/\/www.radiopiu.net\/wordpress\/wp-content\/uploads\/2020\/07\/Mascherina-a-terra-300x231.jpg 300w, https:\/\/www.radiopiu.net\/wordpress\/wp-content\/uploads\/2020\/07\/Mascherina-a-terra-1024x788.jpg 1024w, https:\/\/www.radiopiu.net\/wordpress\/wp-content\/uploads\/2020\/07\/Mascherina-a-terra-768x591.jpg 768w, https:\/\/www.radiopiu.net\/wordpress\/wp-content\/uploads\/2020\/07\/Mascherina-a-terra.jpg 1280w\" sizes=\"auto, (max-width: 300px) 100vw, 300px\" \/><\/a>di Franco Piacentini<\/strong><\/p>\n<p>Purtroppo, l&#8217;irresponsabilit\u00e0, la stupidit\u00e0 e l&#8217;incivilt\u00e0, dall&#8217;inizio della fase due Covid 19, sono ben visibili sulle strade delle nostre citt\u00e0. Alcuni squallidi personaggi, vigliaccamente, indifferentemente, gettano a terra le loro mascherine, precedentemente utilizzate. Un gesto condannabile e perseguibile anche legalmente, dal momento che quelle mascherine, oltre ad inquinare l&#8217;ambiente, sono delle potenziali trasmettitrici del virus Covid 19. Per scongiurare altri contagi, che fare? La domanda pu\u00f2 trovare efficace risposta, nella capillare raccolta di queste mascherine, programmando e realizzando &#8220;progetti di lavori socialmente utili&#8221;, concordati tra CGIL CISL UIL, Associazioni Imprenditoriali, Enti Locali, Terzo Settore e Regione Veneto, impegnando, con le dovute accortezze di prevenzione\u00a0sanitaria, i beneficiari di ammortizzatori\u00a0sociali (reddito di cittadinanza; reddito di emergenza; ecc). Questa raccolta di sanificazione ambientale,\u00a0rientra tra le attivit\u00e0 del welfare generativo.<\/p>\n<p>&nbsp;<\/p>\n<p>&nbsp;<\/p>\n<p>&nbsp;<\/p>\n<p>&nbsp;<\/p>\n<p>&nbsp;<\/p>\n<hr \/>\n<p>&nbsp;<\/p>\n<div class=\"page-title-head hgroup\">\n<blockquote>\n<h3 class=\"entry-title\">POMERIGGIO DI SPORT, FESTA E SPETTACOLO A FALCADE CON \u201cDONNA AVVENTURA\u201d<\/h3>\n<\/blockquote>\n<\/div>\n<div class=\"page-title-breadcrumbs\"><strong>di GIANNI SANTOMASO E MIRKO MEZZACASA e dalle 13.30 sui canali facebook e telgram in diretta da Falcade di MARCO GAZ<\/strong><\/div>\n<h3 class=\"photoswipe-wrapper\"><\/h3>\n<audio class=\"wp-audio-shortcode\" id=\"audio-148891-9\" preload=\"none\" style=\"width: 100%;\" controls=\"controls\"><source type=\"audio\/mpeg\" src=\"https:\/\/www.radiopiu.net\/wordpress\/wp-content\/uploads\/2020\/07\/CAMILLA-RONCHI.mp3?_=9\" \/><a href=\"https:\/\/www.radiopiu.net\/wordpress\/wp-content\/uploads\/2020\/07\/CAMILLA-RONCHI.mp3\">https:\/\/www.radiopiu.net\/wordpress\/wp-content\/uploads\/2020\/07\/CAMILLA-RONCHI.mp3<\/a><\/audio>\n<p>&nbsp;<\/p>\n<p><strong><em>L&#8217;ARTICOLO IERI ALLA RADIO<\/em><\/strong><\/p>\n<blockquote class=\"wp-embedded-content\" data-secret=\"tGF8WJPfVp\"><p><a href=\"https:\/\/www.radiopiu.net\/wordpress\/falcade-start-section-si-riparte-dallo-sci-anche-d-estate-bellezza-ed-eventi\/\">FALCADE START SECTION: SI RIPARTE DALLO SCI ANCHE D\u2019 ESTATE, BELLEZZA ED EVENTI<\/a><\/p><\/blockquote>\n<p><iframe loading=\"lazy\" class=\"wp-embedded-content\" sandbox=\"allow-scripts\" security=\"restricted\" style=\"position: absolute; clip: rect(1px, 1px, 1px, 1px);\" title=\"&#8220;FALCADE START SECTION: SI RIPARTE DALLO SCI ANCHE D\u2019 ESTATE, BELLEZZA ED EVENTI&#8221; &#8212; Radio Pi\u00f9\" src=\"https:\/\/www.radiopiu.net\/wordpress\/falcade-start-section-si-riparte-dallo-sci-anche-d-estate-bellezza-ed-eventi\/embed\/#?secret=tGF8WJPfVp\" data-secret=\"tGF8WJPfVp\" width=\"600\" height=\"338\" frameborder=\"0\" marginwidth=\"0\" marginheight=\"0\" scrolling=\"no\"><\/iframe><\/p>\n<p>&nbsp;<\/p>\n<hr \/>\n<p>&nbsp;<\/p>\n<h2 align=\"JUSTIFY\">OGGI IL SECONDO VIDEO DELLA PROLOCO DI AGORDO<\/h2>\n<p align=\"JUSTIFY\"><strong>AGORDO<\/strong>\u00a0 L&#8217;Ufficio Turistico di Agordo-Conca Agordina lancia il secondo dei 3 video promozionali, nati dall&#8217;idea e con il sostegno dell&#8217;Amministrazione Comunale di Agordo, finalizzati alla promozione del territorio in tutti i suoi aspetti pi\u00f9 autentici. In questo video Federica e Michel, vi faranno conoscere la Conca Agordina tra arte, cultura, tradizione e enogastronomia, alla scoperta di antichi borghi e visioni panoramiche. Come nel primo video, la frase di presentazione <i>\u201cUn autentico cuore verde tra le Dolomiti \u2013 Conca Agordina\u201d<\/i> rimane invariata per evocare nuovamente l&#8217;ambiente naturale e l&#8217;unicit\u00e0 del Broi, l&#8217;unica piazza verde immersa tra le Dolomiti, che caratterizza il cuore del paese e che pi\u00f9 volte risalta nelle visioni dal drone. \u201c<i>Sono sicura che queste immagini faranno emergere in noi un senso di <\/i><i>stupore<\/i><i>\u00a0e faranno comprendere, a chi non conosce questo territorio, la meraviglia che ci circonda\u201d<\/i> dice Chiara Fontanive, assessore al Turismo del Comune di Agordo. \u201c<i>Un ringraziamento speciale a chi ha partecipato alla realizzazione del secondo video: gli attori principali Federica e Michel, Eva, Tiziano, Marco, la famiglia Bressan, la Parrocchia di Agordo, AD Agordo Pro Loco e lo staff organizzativo di Alice, Celeste, Davide, Elena, Fiorangela e Giada\u201d<\/i>. Il video \u00e8 stato realizzato dal videomaker Davide Dal Mas e verr\u00e0 lanciato domenica 12 luglio sulla pagina Facebook <i>Ufficio Turistico di Agordo<\/i>, canale Youtube e profilo Instagram.<\/p>\n<hr \/>\n<p>&nbsp;<\/p>\n<blockquote>\n<h3>IN ITALIA PAGHIAMO PIU\u2019 PENSIONI CHE BUSTE PAGA. A PARTE ROVIGO, VENETO IN CONTROTENDENZA<\/h3>\n<\/blockquote>\n<p><a class=\"dt-pswp-item\" href=\"https:\/\/www.radiopiu.net\/wordpress\/wp-content\/uploads\/2020\/07\/Schermata-2020-07-11-alle-13.50.54.png\" data-dt-img-description=\"\" data-large_image_width=\"652\" data-large_image_height=\"672\"><img loading=\"lazy\" decoding=\"async\" class=\"size-medium wp-image-148920 alignleft\" src=\"https:\/\/www.radiopiu.net\/wordpress\/wp-content\/uploads\/2020\/07\/Schermata-2020-07-11-alle-13.50.54-291x300.png\" alt=\"\" width=\"291\" height=\"300\" srcset=\"https:\/\/www.radiopiu.net\/wordpress\/wp-content\/uploads\/2020\/07\/Schermata-2020-07-11-alle-13.50.54-291x300.png 291w, https:\/\/www.radiopiu.net\/wordpress\/wp-content\/uploads\/2020\/07\/Schermata-2020-07-11-alle-13.50.54.png 652w\" sizes=\"auto, (max-width: 291px) 100vw, 291px\" \/><\/a>Con un notevole grado di certezza, fa sapere l\u2019Ufficio studi della CGIA, possiamo affermare che il numero delle pensioni erogate in Italia ha superato quello degli occupati . In virt\u00f9 degli ultimi dati disponibili, se nello scorso mese di maggio coloro che avevano un impiego lavorativo sono scesi a 22,77 milioni di unit\u00e0 , gli assegni pensionistici erogati sono superiori.<\/p>\n<p>Al 1\u00b0 gennaio 2019 , infatti, la totalit\u00e0 delle pensioni erogate in Italia ammontava a 22,78 milioni. Se teniamo conto del normale flusso in uscita dal mercato del lavoro per raggiunti limiti di et\u00e0 e dell\u2019impulso dato dall\u2019introduzione di \u201cquota 100\u201d, successivamente all\u2019 1 gennaio dell\u2019anno scorso il numero complessivo delle pensioni \u00e8 aumentato almeno di 220 mila unit\u00e0. Pertanto, possiamo affermare con una elevata dose di sicurezza che gli assegni stanziati alle persone in quiescenza, sono attualmente superiori al numero di occupati presenti nel Paese. Sottolinea il coordinatore dell\u2019Ufficio studi Paolo Zabeo:<\/p>\n<p>\u201cIl sorpasso \u00e8 avvenuto in questi ultimi mesi. Dopo l\u2019esplosione del Covid, infatti, nel Paese c\u2019\u00e8 stata una forte diminuzione dei lavoratori attivi. Ancorch\u00e8 le statistiche a livello territoriale siano datate, il Veneto, comunque, \u00e8 in controtendenza rispetto al dato medio nazionale. Solo la provincia di Rovigo registra pi\u00f9 pensioni che occupati. Tuttavia, il trend appare segnato. Nei prossimi anni avremo culle sempre pi\u00f9 vuote e un\u2019et\u00e0 media della popolazione in costante aumento anche nelle nostre realt\u00e0. Ci\u00f2 comporter\u00e0 una societ\u00e0 meno innovativa, meno dinamica e con un livello e una qualit\u00e0 dei consumi interni in costante diminuzione\u201d.<\/p>\n<p>Sebbene gli effetti della crisi dovuta al Covid avranno un impatto molto negativo dal punto di vista occupazionale, \u00e8 evidente che il progressivo invecchiamento della popolazione sar\u00e0 un altro grosso problema con il quale fare i conti. Afferma il segretario della CGIA Renato Mason:<\/p>\n<p>\u201cSoprattutto in Veneto, negli ultimi anni gli imprenditori stanno cercando personale altamente qualificato o figure caratterizzate da bassi livelli di competenze. Se per i primi le difficolt\u00e0 di reperimento sono strutturali a causa dello distacco che si \u00e8 creato tra la scuola e il mondo del lavoro, i secondi, invece, sono posti di lavoro che spesso i nostri giovani, peraltro sempre meno numerosi, rifiutano di occupare e solo in parte vengono coperti dagli stranieri. Una situazione che con la depressione economica alle porte potrebbe assumere dimensioni pi\u00f9 contenute, sebbene in prospettiva futura la difficolt\u00e0 di incrociare la domanda e l\u2019offerta di lavoro rimarr\u00e0 una questione non facile da risolvere\u201d.<\/p>\n<p><strong><a class=\"dt-pswp-item\" href=\"https:\/\/www.radiopiu.net\/wordpress\/wp-content\/uploads\/2020\/07\/Schermata-2020-07-11-alle-13.50.36.png\" data-dt-img-description=\"\" data-large_image_width=\"836\" data-large_image_height=\"634\"><img loading=\"lazy\" decoding=\"async\" class=\"size-medium wp-image-148921 alignleft\" src=\"https:\/\/www.radiopiu.net\/wordpress\/wp-content\/uploads\/2020\/07\/Schermata-2020-07-11-alle-13.50.36-300x228.png\" alt=\"\" width=\"300\" height=\"228\" srcset=\"https:\/\/www.radiopiu.net\/wordpress\/wp-content\/uploads\/2020\/07\/Schermata-2020-07-11-alle-13.50.36-300x228.png 300w, https:\/\/www.radiopiu.net\/wordpress\/wp-content\/uploads\/2020\/07\/Schermata-2020-07-11-alle-13.50.36-768x582.png 768w, https:\/\/www.radiopiu.net\/wordpress\/wp-content\/uploads\/2020\/07\/Schermata-2020-07-11-alle-13.50.36.png 836w\" sizes=\"auto, (max-width: 300px) 100vw, 300px\" \/><\/a>In Veneto solo Rovigo ha un saldo negativo<\/strong><br \/>\nSebbene gli ultimi dati disponibili che ci consentono di fare una comparazione omogenea a livello territoriale sono riferiti all\u2019 1 gennaio 2019, tra le 7 province venete solo Rovigo presenta un numero di pensioni superiore a quello degli occupati (saldo -5 mila). Tutte le altre, invece, mantengono il numero degli occupati su una soglia maggiore al numero delle pensioni, in particolar modo a Padova (saldo +90 mila), a Verona (+80 mila), a Treviso (+78 mila) e a Vicenza (+69 mila).<\/p>\n<p>Ovviamente, le situazioni pi\u00f9 critiche si registrano nelle realt\u00e0 dove l\u2019et\u00e0 media della popolazione \u00e8 pi\u00f9 avanzata. In Veneto, infatti, quella pi\u00f9 elevata si registra a Rovigo (47,69 anni medi), subito dopo scorgiamo Belluno (47,26) e Venezia (46,30). Le province pi\u00f9 \u201cgiovani\u201d, invece, sono Verona (44,34) e Vicenza (44,32). L\u2019et\u00e0 media regionale \u00e8 di 45,10 anni, contro una media nazionale di 44,91.<\/p>\n<p><strong>L\u2019invecchiamento un problema che riguarda tutti i paesi avanzati<\/strong><br \/>\nLa questione dell\u2019invecchiamento della popolazione non \u00e8 un problema solo italiano. Riguarda, purtroppo, la stragrande maggioranza dei paesi pi\u00f9 avanzati economicamente. Giappone e Germania, ad esempio, presentano degli indicatori demografici molto simili ai nostri. Ricordiamo che il problema \u00e8 stato messo all\u2019ordine del giorno addirittura nel G20 tenutosi ad Osaka nel 2019 che l\u2019ha definito, per la prima volta nella storia, un rischio globale.<\/p>\n<p>Per quali ragioni i grandi della terra si sono occupati di demografia ? Per il semplice fatto, sottolinea l\u2019Ufficio studi della CGIA, che l\u201980 per cento degli over 65 vive nelle 20 economie maggiormente sviluppate del pianeta che insieme producono l\u201985 per cento del Pil mondiale e, pi\u00f9 degli altri, potrebbero beneficiare del \u201cdividendo demografico\u201d generato dai paesi emergenti. In questi ultimi, al contrario, va aumentando la fascia di et\u00e0 in piena et\u00e0 lavorativa (30-55 anni) ad un ritmo superiore rispetto alla capacit\u00e0 del sistema economico locale di creare posti di lavoro e, pertanto, non viene assorbita dal mercato del lavoro. Un fenomeno che alimenta le spinte migratorie verso i paesi pi\u00f9 industrializzati del mondo.<\/p>\n<p><a class=\"dt-pswp-item\" href=\"https:\/\/www.radiopiu.net\/wordpress\/wp-content\/uploads\/2020\/07\/Schermata-2020-07-11-alle-13.50.06.png\" data-dt-img-description=\"\" data-large_image_width=\"768\" data-large_image_height=\"1594\"><img loading=\"lazy\" decoding=\"async\" class=\"size-medium wp-image-148922 alignleft\" src=\"https:\/\/www.radiopiu.net\/wordpress\/wp-content\/uploads\/2020\/07\/Schermata-2020-07-11-alle-13.50.06-145x300.png\" alt=\"\" width=\"145\" height=\"300\" srcset=\"https:\/\/www.radiopiu.net\/wordpress\/wp-content\/uploads\/2020\/07\/Schermata-2020-07-11-alle-13.50.06-145x300.png 145w, https:\/\/www.radiopiu.net\/wordpress\/wp-content\/uploads\/2020\/07\/Schermata-2020-07-11-alle-13.50.06-493x1024.png 493w, https:\/\/www.radiopiu.net\/wordpress\/wp-content\/uploads\/2020\/07\/Schermata-2020-07-11-alle-13.50.06-740x1536.png 740w, https:\/\/www.radiopiu.net\/wordpress\/wp-content\/uploads\/2020\/07\/Schermata-2020-07-11-alle-13.50.06.png 768w\" sizes=\"auto, (max-width: 145px) 100vw, 145px\" \/><\/a>Come dicevamo pi\u00f9 sopra, il fenomeno dell\u2019invecchiamento \u00e8 rilevante non solo per le conseguenze sociali, ma anche per quelle economiche in termini di spesa pensionistica e sanitaria e di sostenibilit\u00e0 del sistema pensionistico. In particolare, i consumi degli over 60 sono mediamente pi\u00f9 alti rispetto a quelli sostenuti dagli under 30 nel comparto dell\u2019alimentazione, della casa e della salute. Ma in tutti gli altri settori il divario \u00e8 ad appannaggio delle classi demografiche pi\u00f9 giovani che, per\u00f2, anche in Italia stanno diminuendo paurosamente.<\/p>\n<p>Con culle vuote e l\u2019assenza di politiche migratorie serie stiamo assistendo ad un preoccupante innesco di una bomba a orologeria che, esplodendo, rischia di travolgere anche il Vecchio Continente. L\u2019Europa ha bisogno disperatamente di pi\u00f9 bambini e di pi\u00f9 persone al lavoro che possano sostenere gli anziani a riposo o bisognosi di cure.<\/p>\n<p>Abbiamo bisogno di far venire alla luce nuove risorse e di attrarne di gi\u00e0 disponibili. Spendere e investire per favorire le nascite purtroppo \u00e8 una scelta che, in linea generale, non piace ai governi in virt\u00f9 di un banale calcolo statistico, considerato che proprio la tendenza demografica declinante richiede sempre maggiori risorse a favore della parte elettoralmente pi\u00f9 rilevante della popolazione. Una inclinazione che dobbiamo assolutamente evitare.<\/p>\n<p>&nbsp;<\/p>\n<p>&nbsp;<\/p>\n<p>&nbsp;<\/p>\n<hr \/>\n<h3 class=\"photoswipe-wrapper\"><a class=\"dt-pswp-item pspw-wrap-ready\" href=\"https:\/\/i2.wp.com\/www.radiopiu.net\/wordpress\/wp-content\/uploads\/2018\/09\/appuntamenti.jpeg?ssl=1\" data-dt-img-description=\"\" data-large_image_width=\"800\" data-large_image_height=\"100\"><img loading=\"lazy\" decoding=\"async\" class=\"alignnone wp-image-61958 size-full jetpack-lazy-image jetpack-lazy-image--handled\" src=\"https:\/\/i2.wp.com\/www.radiopiu.net\/wordpress\/wp-content\/uploads\/2018\/09\/appuntamenti.jpeg?resize=800%2C100&amp;ssl=1\" sizes=\"auto, (max-width: 800px) 100vw, 800px\" srcset=\"https:\/\/i2.wp.com\/www.radiopiu.net\/wordpress\/wp-content\/uploads\/2018\/09\/appuntamenti.jpeg?w=800&amp;ssl=1 800w, https:\/\/i2.wp.com\/www.radiopiu.net\/wordpress\/wp-content\/uploads\/2018\/09\/appuntamenti.jpeg?resize=300%2C38&amp;ssl=1 300w, https:\/\/i2.wp.com\/www.radiopiu.net\/wordpress\/wp-content\/uploads\/2018\/09\/appuntamenti.jpeg?resize=768%2C96&amp;ssl=1 768w\" alt=\"\" width=\"800\" height=\"100\" data-lazy-loaded=\"1\" \/><\/a><\/h3>\n<p>&nbsp;<\/p>\n<p>&nbsp;<\/p>\n<blockquote>\n<h3>OGGI A SAN TOMASO CON I CACCIATORI<\/h3>\n<\/blockquote>\n<p>Oggi a San Tomaso avverr\u00e0 (finalmente!) l\u2019estrazione dei biglietti vincenti la lotteria abbinata alla festa dei cacciatori agordini.Dopo aver forzatamente annullato la festa del 5 maggio con la valutazione e rassegna di quanto prelevato nella stagione 2019\/2020 le riserve alpine di caccia dell\u2019Agordino hanno contribuito con donazioni (anche con parte del ricavato della ricca lotteria!) per l\u2019emergenza coronavirus alle strutture sanitarie locali (pronto soccorso di Agordo e casa di riposo di Livinallongo) e solo ora in occasione della riunione programmatica dei presidenti pu\u00f2 avvenire la sospirata \u00e8 attesa da tanto estrazione dei premi.Se quest\u2019anno non si \u00e8 potuto tenere la consueta festa almeno \u00e8 stato possibile completare la lotteria con la speranza di tornare al pi\u00f9 presto alla normalit\u00e0 e sopratutto confermare l\u2019impegno dei cacciatori agordini nella cura del territorio e attenzione alle necessit\u00e0 delle genti che vivono nelle nostre valli .<\/p>\n<p>&nbsp;<\/p>\n<hr \/>\n<p>&nbsp;<\/p>\n<blockquote>\n<h3>CONCERTI TIPI DI NOTE A LONGARONE<\/h3>\n<\/blockquote>\n<p><strong class=\"photoswipe-wrapper\"><a class=\"dt-pswp-item pspw-wrap-ready\" href=\"https:\/\/i0.wp.com\/www.radiopiu.net\/wordpress\/wp-content\/uploads\/2020\/07\/eventilongarone_1.0-scaled.jpg?ssl=1\" data-dt-img-description=\"\" data-large_image_width=\"1836\" data-large_image_height=\"2560\"><img loading=\"lazy\" decoding=\"async\" class=\"size-medium wp-image-148740 alignleft\" src=\"https:\/\/i1.wp.com\/www.radiopiu.net\/wordpress\/wp-content\/uploads\/2020\/07\/eventilongarone_1.0.jpg?resize=215%2C300&amp;ssl=1\" sizes=\"auto, (max-width: 215px) 100vw, 215px\" srcset=\"https:\/\/i0.wp.com\/www.radiopiu.net\/wordpress\/wp-content\/uploads\/2020\/07\/eventilongarone_1.0-scaled.jpg?resize=215%2C300&amp;ssl=1 215w, https:\/\/i0.wp.com\/www.radiopiu.net\/wordpress\/wp-content\/uploads\/2020\/07\/eventilongarone_1.0-scaled.jpg?resize=734%2C1024&amp;ssl=1 734w, https:\/\/i0.wp.com\/www.radiopiu.net\/wordpress\/wp-content\/uploads\/2020\/07\/eventilongarone_1.0-scaled.jpg?resize=768%2C1071&amp;ssl=1 768w, https:\/\/i0.wp.com\/www.radiopiu.net\/wordpress\/wp-content\/uploads\/2020\/07\/eventilongarone_1.0-scaled.jpg?resize=1102%2C1536&amp;ssl=1 1102w, https:\/\/i0.wp.com\/www.radiopiu.net\/wordpress\/wp-content\/uploads\/2020\/07\/eventilongarone_1.0-scaled.jpg?resize=1469%2C2048&amp;ssl=1 1469w, https:\/\/i0.wp.com\/www.radiopiu.net\/wordpress\/wp-content\/uploads\/2020\/07\/eventilongarone_1.0-scaled.jpg?w=1836&amp;ssl=1 1836w\" alt=\"\" width=\"215\" height=\"300\" \/><\/a>LONGARONE\u00a0<\/strong>Il Comune di Longarone, in collaborazione con la l\u2019Associazione Pro Loco di Longarone e l\u2019Associazione Longarone Eventi presenta \u201cConcerti tipi di note\u201d, evento che nasce dal confronto con alcuni giovani artisti del territorio bellunese. I concerti si terranno nelle seguenti serate, tutte di sabato: 18 luglio 2020, 01 agosto 2020, 29 agosto 2020 e 12 settembre 2020. Ciascuna serata sar\u00e0 caratterizzata dalla partecipazione di due gruppi\/artisti che proporranno il loro repertorio, facendoci spaziare dalle canzoni d\u2019autore alla musica elettronica, passando per il rock e il folk. Insomma, una grande variet\u00e0 di generi e artisti, accuratamente selezionati dal direttore artistico dell\u2019evento: Matteo Squaiera di Terzo Mondo Studio. I concerti si terranno presso il Centro Culturale \u201cF. Parri\u201d di Longarone, a partire dalle ore 21:00. I concerti saranno gratuiti, ma sar\u00e0 obbligatoria la prenotazione ai fini organizzativi, come indicato dalle norme nazionali e regionali di contenimento dell\u2019emergenza sanitaria Covid-19. Le prenotazioni si potranno fare via e-mail o telefonicamente, contattando l\u2019Associazione Pro Loco di Longarone al seguente indirizzo di posta elettronica info@prolocolongarone.it o chiamando il numero 0437-770119 nei seguenti orari: mar-dom 10:00 \u2013 12:00 \/ 15:00 \u2013 18:00 e Lun 15:00 \u2013 18:00.<\/p>\n<p>&nbsp;<\/p>\n<p>&nbsp;<\/p>\n<p>&nbsp;<\/p>\n<p>&nbsp;<\/p>\n<p>&nbsp;<\/p>\n<hr \/>\n<blockquote>\n<h3 class=\"photoswipe-wrapper\"><a class=\"dt-pswp-item pspw-wrap-ready\" href=\"https:\/\/i2.wp.com\/www.radiopiu.net\/wordpress\/wp-content\/uploads\/2020\/07\/16fa64fb-57a0-473f-a8c9-d6a1f3d837eb.jpg?ssl=1\" data-dt-img-description=\"\" data-large_image_width=\"2000\" data-large_image_height=\"1500\"><img loading=\"lazy\" decoding=\"async\" class=\" wp-image-148806 alignleft\" src=\"https:\/\/i2.wp.com\/www.radiopiu.net\/wordpress\/wp-content\/uploads\/2020\/07\/16fa64fb-57a0-473f-a8c9-d6a1f3d837eb.jpg?resize=195%2C146&amp;ssl=1\" sizes=\"auto, (max-width: 195px) 100vw, 195px\" srcset=\"https:\/\/i2.wp.com\/www.radiopiu.net\/wordpress\/wp-content\/uploads\/2020\/07\/16fa64fb-57a0-473f-a8c9-d6a1f3d837eb.jpg?resize=300%2C225&amp;ssl=1 300w, https:\/\/i2.wp.com\/www.radiopiu.net\/wordpress\/wp-content\/uploads\/2020\/07\/16fa64fb-57a0-473f-a8c9-d6a1f3d837eb.jpg?resize=1024%2C768&amp;ssl=1 1024w, https:\/\/i2.wp.com\/www.radiopiu.net\/wordpress\/wp-content\/uploads\/2020\/07\/16fa64fb-57a0-473f-a8c9-d6a1f3d837eb.jpg?resize=768%2C576&amp;ssl=1 768w, https:\/\/i2.wp.com\/www.radiopiu.net\/wordpress\/wp-content\/uploads\/2020\/07\/16fa64fb-57a0-473f-a8c9-d6a1f3d837eb.jpg?resize=1536%2C1152&amp;ssl=1 1536w, https:\/\/i2.wp.com\/www.radiopiu.net\/wordpress\/wp-content\/uploads\/2020\/07\/16fa64fb-57a0-473f-a8c9-d6a1f3d837eb.jpg?w=2000&amp;ssl=1 2000w\" alt=\"\" width=\"195\" height=\"146\" \/><\/a><\/h3>\n<h3>FIERA DELL\u2019OGGETTO RITROVATO<\/h3>\n<\/blockquote>\n<p><strong>FELTRE<\/strong>\u00a0Torna domenica 12 luglio, per il secondo appuntamento dell\u2019edizione 2020, la \u201cFiera dell\u2019oggetto ritrovato \u2013 Mostra-mercato dell\u2019usato e dell\u2019antiquariato in centro storico\u201d, organizzata dall\u2019Associazione \u201cFeltre Vivere il Centro Storico\u201d con il supporto del Comune di Feltre. Presso il parco attiguo al Vescovado, lungo via Mezzaterra, sar\u00e0 allestito un mercatino al cui interno sar\u00e0 possibile trovare vari tipi di oggetti, tra cui biciclette, mobili e soprattutto alcune vecchie macchine da scrivere e calcolatrici, autentici oggetti \u201ccult\u201d per appassionati e collezionisti. Il ricavato della vendita sar\u00e0 destinato all\u2019acquisto di alcuni giochi da giardino e arredi urbani da destinare allo stesso parchetto di via Mezzaterra, da poco acquisito in comodato dal Comune di Feltre.<\/p>\n<p>&nbsp;<\/p>\n<p>&nbsp;<\/p>\n<hr \/>\n<p>&nbsp;<\/p>\n<blockquote>\n<h3 id=\"tw-target-text\" class=\"tw-data-text tw-text-large XcVN5d tw-ta\" dir=\"ltr\" data-placeholder=\"Traduzione\"><span lang=\"en\">appointments recommended by radio pi\u00f9<\/span><\/h3>\n<\/blockquote>\n<h3 class=\"photoswipe-wrapper\"><a class=\"dt-pswp-item pspw-wrap-ready\" href=\"https:\/\/i1.wp.com\/www.radiopiu.net\/wordpress\/wp-content\/uploads\/2020\/07\/deefa12b-4c82-408d-984a-df528b05fe0e.jpg?ssl=1\" data-dt-img-description=\"\" data-large_image_width=\"1143\" data-large_image_height=\"1600\"><img loading=\"lazy\" decoding=\"async\" class=\"alignnone wp-image-148340 jetpack-lazy-image jetpack-lazy-image--handled\" src=\"https:\/\/i1.wp.com\/www.radiopiu.net\/wordpress\/wp-content\/uploads\/2020\/07\/deefa12b-4c82-408d-984a-df528b05fe0e.jpg?resize=214%2C300&amp;ssl=1\" sizes=\"auto, (max-width: 214px) 100vw, 214px\" srcset=\"https:\/\/i1.wp.com\/www.radiopiu.net\/wordpress\/wp-content\/uploads\/2020\/07\/deefa12b-4c82-408d-984a-df528b05fe0e.jpg?resize=214%2C300&amp;ssl=1 214w, https:\/\/i1.wp.com\/www.radiopiu.net\/wordpress\/wp-content\/uploads\/2020\/07\/deefa12b-4c82-408d-984a-df528b05fe0e.jpg?resize=732%2C1024&amp;ssl=1 732w, https:\/\/i1.wp.com\/www.radiopiu.net\/wordpress\/wp-content\/uploads\/2020\/07\/deefa12b-4c82-408d-984a-df528b05fe0e.jpg?resize=768%2C1075&amp;ssl=1 768w, https:\/\/i1.wp.com\/www.radiopiu.net\/wordpress\/wp-content\/uploads\/2020\/07\/deefa12b-4c82-408d-984a-df528b05fe0e.jpg?resize=1097%2C1536&amp;ssl=1 1097w, https:\/\/i1.wp.com\/www.radiopiu.net\/wordpress\/wp-content\/uploads\/2020\/07\/deefa12b-4c82-408d-984a-df528b05fe0e.jpg?w=1143&amp;ssl=1 1143w\" alt=\"\" width=\"160\" height=\"224\" data-lazy-loaded=\"1\" \/><\/a><a class=\"dt-pswp-item pspw-wrap-ready\" href=\"https:\/\/i0.wp.com\/www.radiopiu.net\/wordpress\/wp-content\/uploads\/2020\/07\/4dd872a2-f52d-4a12-9746-816401dfe394.jpg?ssl=1\" data-dt-img-description=\"\" data-large_image_width=\"1131\" data-large_image_height=\"1600\"><img loading=\"lazy\" decoding=\"async\" class=\"alignnone wp-image-148324 jetpack-lazy-image jetpack-lazy-image--handled\" src=\"https:\/\/i0.wp.com\/www.radiopiu.net\/wordpress\/wp-content\/uploads\/2020\/07\/4dd872a2-f52d-4a12-9746-816401dfe394.jpg?resize=212%2C300&amp;ssl=1\" sizes=\"auto, (max-width: 212px) 100vw, 212px\" srcset=\"https:\/\/i0.wp.com\/www.radiopiu.net\/wordpress\/wp-content\/uploads\/2020\/07\/4dd872a2-f52d-4a12-9746-816401dfe394.jpg?resize=212%2C300&amp;ssl=1 212w, https:\/\/i0.wp.com\/www.radiopiu.net\/wordpress\/wp-content\/uploads\/2020\/07\/4dd872a2-f52d-4a12-9746-816401dfe394.jpg?resize=724%2C1024&amp;ssl=1 724w, https:\/\/i0.wp.com\/www.radiopiu.net\/wordpress\/wp-content\/uploads\/2020\/07\/4dd872a2-f52d-4a12-9746-816401dfe394.jpg?resize=768%2C1086&amp;ssl=1 768w, https:\/\/i0.wp.com\/www.radiopiu.net\/wordpress\/wp-content\/uploads\/2020\/07\/4dd872a2-f52d-4a12-9746-816401dfe394.jpg?resize=1086%2C1536&amp;ssl=1 1086w, https:\/\/i0.wp.com\/www.radiopiu.net\/wordpress\/wp-content\/uploads\/2020\/07\/4dd872a2-f52d-4a12-9746-816401dfe394.jpg?w=1131&amp;ssl=1 1131w\" alt=\"\" width=\"165\" height=\"233\" data-lazy-loaded=\"1\" \/><\/a><a class=\"dt-pswp-item pspw-wrap-ready\" href=\"https:\/\/i2.wp.com\/www.radiopiu.net\/wordpress\/wp-content\/uploads\/2020\/07\/94dd24ee-147f-4f92-9abc-864a5a200347-1.jpg?ssl=1\" data-dt-img-description=\"\" data-large_image_width=\"1500\" data-large_image_height=\"1500\"><img loading=\"lazy\" decoding=\"async\" class=\"alignnone wp-image-148864\" src=\"https:\/\/i2.wp.com\/www.radiopiu.net\/wordpress\/wp-content\/uploads\/2020\/07\/94dd24ee-147f-4f92-9abc-864a5a200347-1.jpg?resize=231%2C231&amp;ssl=1\" sizes=\"auto, (max-width: 231px) 100vw, 231px\" srcset=\"https:\/\/i2.wp.com\/www.radiopiu.net\/wordpress\/wp-content\/uploads\/2020\/07\/94dd24ee-147f-4f92-9abc-864a5a200347-1.jpg?resize=300%2C300&amp;ssl=1 300w, https:\/\/i2.wp.com\/www.radiopiu.net\/wordpress\/wp-content\/uploads\/2020\/07\/94dd24ee-147f-4f92-9abc-864a5a200347-1.jpg?resize=1024%2C1024&amp;ssl=1 1024w, https:\/\/i2.wp.com\/www.radiopiu.net\/wordpress\/wp-content\/uploads\/2020\/07\/94dd24ee-147f-4f92-9abc-864a5a200347-1.jpg?resize=150%2C150&amp;ssl=1 150w, https:\/\/i2.wp.com\/www.radiopiu.net\/wordpress\/wp-content\/uploads\/2020\/07\/94dd24ee-147f-4f92-9abc-864a5a200347-1.jpg?resize=768%2C768&amp;ssl=1 768w, https:\/\/i2.wp.com\/www.radiopiu.net\/wordpress\/wp-content\/uploads\/2020\/07\/94dd24ee-147f-4f92-9abc-864a5a200347-1.jpg?w=1500&amp;ssl=1 1500w\" alt=\"\" width=\"231\" height=\"231\" \/><\/a><\/h3>\n<p>&nbsp;<\/p>\n<p>&nbsp;<\/p>\n<hr \/>\n<p>&nbsp;<\/p>\n<h2>IERI ALLA RADIO<\/h2>\n<h2><span style=\"color: #ff6600;\"><a class=\"dt-pswp-item\" href=\"https:\/\/www.radiopiu.net\/wordpress\/wp-content\/uploads\/2020\/07\/5700c922-2349-45a7-ad4d-5edd5abbf715.jpg\" data-dt-img-description=\"\" data-large_image_width=\"318\" data-large_image_height=\"159\"><img loading=\"lazy\" decoding=\"async\" class=\"size-medium wp-image-148892 alignleft\" src=\"https:\/\/www.radiopiu.net\/wordpress\/wp-content\/uploads\/2020\/07\/5700c922-2349-45a7-ad4d-5edd5abbf715-300x150.jpg\" alt=\"\" width=\"300\" height=\"150\" srcset=\"https:\/\/www.radiopiu.net\/wordpress\/wp-content\/uploads\/2020\/07\/5700c922-2349-45a7-ad4d-5edd5abbf715-300x150.jpg 300w, https:\/\/www.radiopiu.net\/wordpress\/wp-content\/uploads\/2020\/07\/5700c922-2349-45a7-ad4d-5edd5abbf715.jpg 318w\" sizes=\"auto, (max-width: 300px) 100vw, 300px\" \/><\/a>LA RASSEGNA STAMPA DALL&#8217;AMICO DEL POPOLO di Gianni Santomaso\u00a0<\/span><\/h2>\n<p><em><strong>OSPITE: Giulio Favretti<\/strong><\/em><\/p>\n<audio class=\"wp-audio-shortcode\" id=\"audio-148891-10\" preload=\"none\" style=\"width: 100%;\" controls=\"controls\"><source type=\"audio\/mpeg\" src=\"https:\/\/www.radiopiu.net\/wordpress\/wp-content\/uploads\/2020\/07\/RASSEGNA-GIANNI-1.mp3?_=10\" \/><a href=\"https:\/\/www.radiopiu.net\/wordpress\/wp-content\/uploads\/2020\/07\/RASSEGNA-GIANNI-1.mp3\">https:\/\/www.radiopiu.net\/wordpress\/wp-content\/uploads\/2020\/07\/RASSEGNA-GIANNI-1.mp3<\/a><\/audio>\n<p>&nbsp;<\/p>\n<hr \/>\n<p>&nbsp;<\/p>\n<h2><a class=\"dt-pswp-item\" href=\"https:\/\/www.radiopiu.net\/wordpress\/wp-content\/uploads\/2019\/02\/Logo_Spi-CGIL-800x445.jpg\" data-dt-img-description=\"\" data-large_image_width=\"800\" data-large_image_height=\"445\"><img loading=\"lazy\" decoding=\"async\" class=\"size-medium wp-image-75538 alignleft\" src=\"https:\/\/www.radiopiu.net\/wordpress\/wp-content\/uploads\/2019\/02\/Logo_Spi-CGIL-800x445-300x167.jpg\" alt=\"\" width=\"300\" height=\"167\" srcset=\"https:\/\/www.radiopiu.net\/wordpress\/wp-content\/uploads\/2019\/02\/Logo_Spi-CGIL-800x445-300x167.jpg 300w, https:\/\/www.radiopiu.net\/wordpress\/wp-content\/uploads\/2019\/02\/Logo_Spi-CGIL-800x445-768x427.jpg 768w, https:\/\/www.radiopiu.net\/wordpress\/wp-content\/uploads\/2019\/02\/Logo_Spi-CGIL-800x445.jpg 800w\" sizes=\"auto, (max-width: 300px) 100vw, 300px\" \/><\/a><span style=\"color: #ff0000;\">SPECIALE SPI CGIL<\/span><\/h2>\n<p><strong>QUINICINALE APPUNTAMENTO CON MARIA RITA GENTILIN DELLO SPI CGIL BELLUNO di Claudio Fontanive<\/strong><\/p>\n<audio class=\"wp-audio-shortcode\" id=\"audio-148891-11\" preload=\"none\" style=\"width: 100%;\" controls=\"controls\"><source type=\"audio\/mpeg\" src=\"https:\/\/www.radiopiu.net\/wordpress\/wp-content\/uploads\/2020\/07\/spi-cgil-9-luglio.mp3?_=11\" \/><a href=\"https:\/\/www.radiopiu.net\/wordpress\/wp-content\/uploads\/2020\/07\/spi-cgil-9-luglio.mp3\">https:\/\/www.radiopiu.net\/wordpress\/wp-content\/uploads\/2020\/07\/spi-cgil-9-luglio.mp3<\/a><\/audio>\n<p>&nbsp;<\/p>\n<hr \/>\n<p>&nbsp;<\/p>\n<h2><span style=\"color: #ff00ff;\">DUE MINUTI UN LIBRO<\/span><\/h2>\n<blockquote class=\"wp-embedded-content\" data-secret=\"NPPRxxxRfS\"><p><a href=\"https:\/\/www.radiopiu.net\/wordpress\/caldo-in-inverno\/\">CALDO IN INVERNO<\/a><\/p><\/blockquote>\n<p><iframe loading=\"lazy\" class=\"wp-embedded-content\" sandbox=\"allow-scripts\" security=\"restricted\" style=\"position: absolute; clip: rect(1px, 1px, 1px, 1px);\" title=\"&#8220;CALDO IN INVERNO&#8221; &#8212; Radio Pi\u00f9\" src=\"https:\/\/www.radiopiu.net\/wordpress\/caldo-in-inverno\/embed\/#?secret=NPPRxxxRfS\" data-secret=\"NPPRxxxRfS\" width=\"600\" height=\"338\" frameborder=\"0\" marginwidth=\"0\" marginheight=\"0\" scrolling=\"no\"><\/iframe><\/p>\n<p><strong>LE ALTRE PUNTATE<\/strong><\/p>\n<blockquote class=\"wp-embedded-content\" data-secret=\"oGzS5hckZ0\"><p><a href=\"https:\/\/www.radiopiu.net\/wordpress\/due-minuti-un-libro\/\">Due minuti un libro<\/a><\/p><\/blockquote>\n<p><iframe loading=\"lazy\" class=\"wp-embedded-content\" sandbox=\"allow-scripts\" security=\"restricted\" style=\"position: absolute; clip: rect(1px, 1px, 1px, 1px);\" title=\"&#8220;Due minuti un libro&#8221; &#8212; Radio Pi\u00f9\" src=\"https:\/\/www.radiopiu.net\/wordpress\/due-minuti-un-libro\/embed\/#?secret=oGzS5hckZ0\" data-secret=\"oGzS5hckZ0\" width=\"600\" height=\"338\" frameborder=\"0\" marginwidth=\"0\" marginheight=\"0\" scrolling=\"no\"><\/iframe><\/p>\n<p>&nbsp;<\/p>\n<hr \/>\n<p>&nbsp;<\/p>\n<h2><span style=\"color: #0000ff;\">IL MESSAGGIO DEI SACERDOTI A RADIO PIU&#8217;<\/span><\/h2>\n<blockquote class=\"wp-embedded-content\" data-secret=\"RbAo3E0IQ4\"><p><a href=\"https:\/\/www.radiopiu.net\/wordpress\/chiesa11\/\">DON CESARE SU RADIO PIU&#8217; ALLE 7.30 E 19.30, PARROCCHIE DI AGORDO, LA VALLE E TAIBON<\/a><\/p><\/blockquote>\n<p><iframe loading=\"lazy\" class=\"wp-embedded-content\" sandbox=\"allow-scripts\" security=\"restricted\" style=\"position: absolute; clip: rect(1px, 1px, 1px, 1px);\" title=\"&#8220;DON CESARE SU RADIO PIU&#8217; ALLE 7.30 E 19.30, PARROCCHIE DI AGORDO, LA VALLE E TAIBON&#8221; &#8212; Radio Pi\u00f9\" src=\"https:\/\/www.radiopiu.net\/wordpress\/chiesa11\/embed\/#?secret=RbAo3E0IQ4\" data-secret=\"RbAo3E0IQ4\" width=\"600\" height=\"338\" frameborder=\"0\" marginwidth=\"0\" marginheight=\"0\" scrolling=\"no\"><\/iframe><\/p>\n<p>&nbsp;<\/p>\n<hr \/>\n<p>&nbsp;<\/p>\n<h2><span style=\"color: #008000;\">AGORDINOMERON&#8230;LA RACCOLTA<\/span><\/h2>\n<blockquote class=\"wp-embedded-content\" data-secret=\"AWmEZLQvPZ\"><p><a href=\"https:\/\/www.radiopiu.net\/wordpress\/agordinomeron\/\">AGORDINOMERON, IL TERRITORIO SI RACCONTA Da un&#8217;idea di Gianni Santomaso<\/a><\/p><\/blockquote>\n<p><iframe loading=\"lazy\" class=\"wp-embedded-content\" sandbox=\"allow-scripts\" security=\"restricted\" style=\"position: absolute; clip: rect(1px, 1px, 1px, 1px);\" title=\"&#8220;AGORDINOMERON, IL TERRITORIO SI RACCONTA Da un&#8217;idea di Gianni Santomaso&#8221; &#8212; Radio Pi\u00f9\" src=\"https:\/\/www.radiopiu.net\/wordpress\/agordinomeron\/embed\/#?secret=AWmEZLQvPZ\" data-secret=\"AWmEZLQvPZ\" width=\"600\" height=\"338\" frameborder=\"0\" marginwidth=\"0\" marginheight=\"0\" scrolling=\"no\"><\/iframe><\/p>\n<p>&nbsp;<\/p>\n<hr \/>\n<p>&nbsp;<\/p>\n<h2><span style=\"color: #800080;\">I RACCONTI DI PAOLO SOPPELSA&#8230;LA RACCOLTA<\/span><\/h2>\n<blockquote class=\"wp-embedded-content\" data-secret=\"P9bXRH2aUo\"><p><a href=\"https:\/\/www.radiopiu.net\/wordpress\/i-racconti-di-paolo-soppelsa\/\">I racconti di Paolo Soppelsa<\/a><\/p><\/blockquote>\n<p><iframe loading=\"lazy\" class=\"wp-embedded-content\" sandbox=\"allow-scripts\" security=\"restricted\" style=\"position: absolute; clip: rect(1px, 1px, 1px, 1px);\" title=\"&#8220;I racconti di Paolo Soppelsa&#8221; &#8212; Radio Pi\u00f9\" src=\"https:\/\/www.radiopiu.net\/wordpress\/i-racconti-di-paolo-soppelsa\/embed\/#?secret=P9bXRH2aUo\" data-secret=\"P9bXRH2aUo\" width=\"600\" height=\"338\" frameborder=\"0\" marginwidth=\"0\" marginheight=\"0\" scrolling=\"no\"><\/iframe><\/p>\n<p>&nbsp;<\/p>\n<hr \/>\n<p>&nbsp;<\/p>\n<p><strong class=\"photoswipe-wrapper\"><a class=\"dt-pswp-item pspw-wrap-ready\" href=\"https:\/\/i0.wp.com\/www.radiopiu.net\/wordpress\/wp-content\/uploads\/2018\/09\/viabilita.jpeg?ssl=1\" data-dt-img-description=\"\" data-large_image_width=\"800\" data-large_image_height=\"100\"><img loading=\"lazy\" decoding=\"async\" class=\"aligncenter wp-image-61954 size-full jetpack-lazy-image jetpack-lazy-image--handled\" src=\"https:\/\/i0.wp.com\/www.radiopiu.net\/wordpress\/wp-content\/uploads\/2018\/09\/viabilita.jpeg?resize=800%2C100&amp;ssl=1\" sizes=\"auto, (max-width: 800px) 100vw, 800px\" srcset=\"https:\/\/i0.wp.com\/www.radiopiu.net\/wordpress\/wp-content\/uploads\/2018\/09\/viabilita.jpeg?w=800&amp;ssl=1 800w, https:\/\/i0.wp.com\/www.radiopiu.net\/wordpress\/wp-content\/uploads\/2018\/09\/viabilita.jpeg?resize=300%2C38&amp;ssl=1 300w, https:\/\/i0.wp.com\/www.radiopiu.net\/wordpress\/wp-content\/uploads\/2018\/09\/viabilita.jpeg?resize=768%2C96&amp;ssl=1 768w\" alt=\"\" width=\"800\" height=\"100\" data-lazy-loaded=\"1\" \/><\/a><\/strong><\/p>\n<p>&nbsp;<\/p>\n<p>PROVINCIALE 3 VALLE IMPERINA, DAL 13 AL 17 LUGLIO SENSO UNICO IN PROSSIMITA\u2019 DI GOSALDO<\/p>\n<p>REGIONALE 48 DELLE DOLOMITI DAL 13 AL 30 LUGLIO SENSO UNICO IN LOCALITA\u2019 LIVINE\u2019 DI LIVINALLONGO<\/p>\n<p>PROVINCIALE 563 DI SALESEI, LOCALITA\u2019 DIGONERA. SENSO UNICO ALTERNATO REGOLATO DA IMPIANTO SEMAFORICO FINO AL 15 LUGLIO PER MESSA IN SICUREZZA DEL PIANO VIABILE<\/p>\n<p>SP 251 FINO AL 31 LUGLIO TRA PESCUL E SELVA DI CADORE SENSO UNICO ALTERNATO REGOLATO DA SEMAFORO, ESCLUSI SABATO E DOMENICA PER POSA FIBRE OTTICHE<\/p>\n<p>PROVINCIALE 3 VALLE IMPERINA, LOCALITA\u2019 CORDE MOLE: DAL 6 LUGLIO DALLE 8 ALLE 11.45 E DALLE 13.30 ALLE 17.30 (SABATO E DOMENICA ESCLUSI) INTERRUZIONI ALLA VIABILITA\u2019 FINO A 30 MINUTI PER TAGLIO PIANTE TRA LE LOCALITA\u2019 CORDE MOLE E VALLESIN<\/p>\n<p>PROVINCIALE 641 DI PASSO FEDAIA, FINO AL 31 LUGLIO (FESTIVI E PREFESTIVI ECLUSI) SENSO UNICO IN LOCALIT\u00c0 ROCCA PIETORE PER SOSTITUZIONI BARRIERE LATERALI<\/p>\n<p>PROVINCIALE 25 PASSO VALLES FINO AL 18 LUGLIO (FESTIVI ESCLUSI) SENSO UNICO ALERNATO CON SEMAFORO O MOVIERI PER ESBOSCO<\/p>\n<p>FINO AL 24 LUGLIO SABATO E DOMENICA COMPRESI LUNGO LA 641 DI PASSO FEDAIA IN LOCALIT\u00e0 CAPANNA BILL E COL DI ROCCA, SENSO UNICO ALTERNATO CON SEMAFORO<\/p>\n<p>STRADA REGIONALE 203 AGORDINA TRA PERON E CANDATEN, FINO 31 LUGLIO ESCLUSI SABATI E DOMENICHE, DALLE 7:30 ALLE 9 E E DALLE 16:30 ALLE 18 SENSO UNICO ALTERNATO REGOLATO DA MOVIERI. NEGLI ALTRI ORARI SENSO UNICO ALTERNATO REGOLATO DA SEMAFORO PER INTERRAMENTO CAVIDOTTO E-DISTRIBUZIONE<\/p>\n<p>347 DURAN E CEREDA: FINO ALL\u201911 LUGLIO (FESTIVI ECLUSI) SENSO UNICO CON SEMAFORO IN LOCALIT\u00c0 SANT\u2019ANDREA (GOSALDO)<\/p>\n<p>PROVINCIALE 25 PASSO VALLES FINO AL 18 LUGLIO (FESTIVI ESCLUSI) SENSO UNICO ALERNATO CON SEMAFORO O MOVIERI PER ESBOSCO<\/p>\n<p>STRADA REGIONALE 48 DELLE DOLOMITI, A CORTINA IN LOCALITA\u2019 POCOL, SENSO UNICO ALTERNATO REGOLATO DA IMPIANTO SEMAFORICO \u00a0DAL 6 AL 24 LUGLIO, ESCLUSI SABATI E DOMENICHE, PER POSA CAVIDOTTO E-DISTRIBUZIONE<\/p>\n<p>STRADA PROVINCIALE 30 PANORAMICA DEL COMELICO, FINO\u00a0 AL 31 LUGLIO INTERDIZIONE TOTALE ALLA VIABILITA\u2019 TRA COSTA E COSTALISSOIO PER MESSA IN SICUREZZA STRADA<\/p>\n<p>STRADA PROVINCIALE 619 DI VIGO DI CADORE, FINO\u00a0 AL 7 AGOSTO, ESCLUSI SABATI E DOMENICHE, SENSO UNICO ALTERNATO REGOLATO DA IMPIANTO SEMAFORICO O MOVIERI PER MESSA IN SICUREZZA DELLA STRADA<\/p>\n<p>STRADA PROVINCIALE 473 DI CROCE D\u2019AUNE, DAL 9 AL 17 LUGLIO, SABATI E DOMENICHE ESCLUSE, SALTUARIA ISTITUZIONE DI SENSO UNICO ALTERNATO REGOLATO DA MOVIERI IN LOCALIT\u00e0 GORNA DI SOVRAMONTE PER LAVORI DI CONSOLIDAMENTO CIGLIO STRADALE<\/p>\n<p>STRADA PROVINCIALE 641 DEL PASSO FEDAIA, NEL COMUNE DI ROCCA PIETORE, DAL 15 AL 22 LUGLIO, SABATI E DOMENICHE ESCLUSE, SENSO UNICO ALTERNATO REGOLATO DA IMPIANTO SEMAFORICO PER POSA CAVIDOTTO ELETTRICO<\/p>\n<p>&nbsp;<\/p>\n<hr \/>\n<p>&nbsp;<\/p>\n<h2><em><strong>COMUNICAZIONE ISTITUZIONALE \u2013 APP IMMUNI<\/strong><\/em><\/h2>\n<p><iframe loading=\"lazy\" title=\"Immuni App 30\" width=\"1200\" height=\"675\" src=\"https:\/\/www.youtube.com\/embed\/-XG48J62814?feature=oembed\" frameborder=\"0\" allow=\"accelerometer; autoplay; clipboard-write; encrypted-media; gyroscope; picture-in-picture\" allowfullscreen><\/iframe><\/p>\n<p>&nbsp;<\/p>\n<hr \/>\n<p>&nbsp;<\/p>\n<p class=\"photoswipe-wrapper\"><a class=\"dt-pswp-item pspw-wrap-ready\" href=\"https:\/\/i0.wp.com\/www.radiopiu.net\/wordpress\/wp-content\/uploads\/2018\/09\/WhatsApp-Image-2018-09-20-at-16.04.06.jpeg?ssl=1\" data-dt-img-description=\"\" data-large_image_width=\"800\" data-large_image_height=\"100\"><img loading=\"lazy\" decoding=\"async\" class=\"aligncenter wp-image-61378 size-full jetpack-lazy-image jetpack-lazy-image--handled\" src=\"https:\/\/i0.wp.com\/www.radiopiu.net\/wordpress\/wp-content\/uploads\/2018\/09\/WhatsApp-Image-2018-09-20-at-16.04.06.jpeg?resize=800%2C100&amp;ssl=1\" sizes=\"auto, (max-width: 800px) 100vw, 800px\" srcset=\"https:\/\/i0.wp.com\/www.radiopiu.net\/wordpress\/wp-content\/uploads\/2018\/09\/WhatsApp-Image-2018-09-20-at-16.04.06.jpeg?w=800&amp;ssl=1 800w, https:\/\/i0.wp.com\/www.radiopiu.net\/wordpress\/wp-content\/uploads\/2018\/09\/WhatsApp-Image-2018-09-20-at-16.04.06.jpeg?resize=300%2C38&amp;ssl=1 300w, https:\/\/i0.wp.com\/www.radiopiu.net\/wordpress\/wp-content\/uploads\/2018\/09\/WhatsApp-Image-2018-09-20-at-16.04.06.jpeg?resize=768%2C96&amp;ssl=1 768w\" alt=\"\" width=\"800\" height=\"100\" data-lazy-loaded=\"1\" \/><\/a><\/p>\n<p>&nbsp;<\/p>\n<div id=\"dolomitimeteo_div_testi\"><center><b>Domenica 12<\/b><\/center><\/p>\n<p style=\"text-align: left;\"><b>Tempo atteso:\u00a0<\/b>Bella giornata di sole, fresca al mattino e con caldo gradevole nel pomeriggio. Il cielo sar\u00e0 sereno o poco nuvoloso per modesti cumuli sopra le montagne. Verso sera ed in serata possibile maggiore nuvolosit\u00e0 per nubi basse.<br \/>\n<b>Precipitazioni:\u00a0<\/b>Assenti (0%).<br \/>\n<b>Temperature:\u00a0<\/b>In diminuzione, anche sensibile nei valori minimi. Su Prealpi a 1500 m min 10\u00b0C max 13\u00b0C, a 2000 m min 6\u00b0C max 10\u00b0C. Su Dolomiti a 2000 m min 4\u00b0C max 14\u00b0C, a 3000 m min -1\u00b0C max 2\u00b0C.<br \/>\n<b>Venti:\u00a0<\/b>Nelle valli deboli o moderati per brezze; in quota deboli o moderati da nord-ovest, 5-10 km \/h a 2000 m e 10-20 km\/h a 3000 m.<\/p>\n<hr \/>\n<p><center><b>Lunedi 13<\/b><\/center><\/p>\n<p style=\"text-align: left;\"><b>Tempo atteso:\u00a0<\/b>Dopo una probabile nuvolosit\u00e0 medio-bassa nella notte e all&#8217;alba, la giornata sar\u00e0 in prevalenza soleggiata, soprattutto sulle Prealpi, mentre sulle Dolomiti vi potr\u00e0 essere una maggiore nuvolosit\u00e0 pomeridiana, in un contesto termico relativamente fresco.<br \/>\n<b>Precipitazioni:\u00a0<\/b>Generalmente assenti (0%), salvo verso sera o in serata sulle Dolomiti quando non si esclude qualche rovescio (10-20%)<br \/>\n<b>Temperature:\u00a0<\/b>Senza notevoli variazioni, salvo aumentare le minime nella valli, con valori massimi 2-3\u00b0C inferiori alla norma. Su Prealpi a 1500 m min 7\u00b0C max 12\u00b0C, a 2000 m min 4\u00b0C max 11\u00b0C. Su Dolomiti a 2000 m min 4\u00b0C max 13\u00b0C, a 3000 m min -1\u00b0C max 2\u00b0C.<br \/>\n<b>Venti:\u00a0<\/b>Nelle valli deboli o moderati a regime di brezza, in quota deboli o moderati da nord nord-ovest, 5-15 km \/h a 2000 m e 20-30 km\/h a 3000 m.<\/p>\n<hr \/>\n<p><center><b>Martedi 14<\/b><\/center><\/p>\n<p style=\"text-align: left;\">Sulle Prealpi generalmente soleggiato e stabile, sulle Dolomiti maggiore nuvolosit\u00e0, soprattutto nella notte e primo mattino e nel pomeriggio, quando saranno possibili dei rovesci e qualche occasionale temporale. Temperature stazionarie, ancora su valori un po&#8217; inferiori alla norma. Venti in quota deboli o al pi\u00f9 moderati, occidentali.<\/p>\n<hr \/>\n<p><center><b>Mercoledi 15<\/b><\/center><\/p>\n<p style=\"text-align: left;\">Tempo da soleggiato al mattino a parzialmente soleggiato nel pomeriggio, con contenuto rischio di qualche rovescio o isolato temporale pomeridiano. Temperature in lieve ripresa. Venti in quota deboli o moderati, sempre occidentali. Previsore: B.R.<\/p>\n<\/div>\n<p>&nbsp;<\/p>\n<hr \/>\n<p>&nbsp;<\/p>\n<h2><em><strong>COMUNICAZIONE ISTITUZIONALE \u2013 TEST SERIOLOGICO<\/strong><\/em><\/h2>\n<p><iframe loading=\"lazy\" title=\"Pomilio Blumm   Indagine Sierologica Covid 19 v 3\" width=\"1200\" height=\"675\" src=\"https:\/\/www.youtube.com\/embed\/bLDh8Pd3FxA?feature=oembed\" frameborder=\"0\" allow=\"accelerometer; autoplay; clipboard-write; encrypted-media; gyroscope; picture-in-picture\" allowfullscreen><\/iframe><\/p>\n<p>&nbsp;<\/p>\n<hr \/>\n<p>&nbsp;<\/p>\n<p><a class=\"dt-pswp-item\" href=\"https:\/\/www.radiopiu.net\/wordpress\/wp-content\/uploads\/2018\/09\/sport.jpg\" data-dt-img-description=\"\" data-large_image_width=\"800\" data-large_image_height=\"100\"><img loading=\"lazy\" decoding=\"async\" class=\"aligncenter wp-image-60761 size-full\" src=\"https:\/\/www.radiopiu.net\/wordpress\/wp-content\/uploads\/2018\/09\/sport.jpg\" alt=\"\" width=\"800\" height=\"100\" srcset=\"https:\/\/www.radiopiu.net\/wordpress\/wp-content\/uploads\/2018\/09\/sport.jpg 800w, https:\/\/www.radiopiu.net\/wordpress\/wp-content\/uploads\/2018\/09\/sport-300x38.jpg 300w, https:\/\/www.radiopiu.net\/wordpress\/wp-content\/uploads\/2018\/09\/sport-768x96.jpg 768w\" sizes=\"auto, (max-width: 800px) 100vw, 800px\" \/><\/a><\/p>\n<p>&nbsp;<\/p>\n<blockquote>\n<h3 class=\"entry-title\">SCI ALPINO, ECCO LE SQUADRE DI FISI VENETO 2020-2021<\/h3>\n<\/blockquote>\n<p><em><strong><a class=\"dt-pswp-item\" href=\"https:\/\/www.radiopiu.net\/wordpress\/wp-content\/uploads\/2020\/07\/67a324ef-8705-4df3-ae51-7585ce3782f1.jpg\" data-dt-img-description=\"\" data-large_image_width=\"1066\" data-large_image_height=\"1600\"><img loading=\"lazy\" decoding=\"async\" class=\"size-medium wp-image-148958 alignleft\" src=\"https:\/\/www.radiopiu.net\/wordpress\/wp-content\/uploads\/2020\/07\/67a324ef-8705-4df3-ae51-7585ce3782f1-200x300.jpg\" alt=\"\" width=\"200\" height=\"300\" srcset=\"https:\/\/www.radiopiu.net\/wordpress\/wp-content\/uploads\/2020\/07\/67a324ef-8705-4df3-ae51-7585ce3782f1-200x300.jpg 200w, https:\/\/www.radiopiu.net\/wordpress\/wp-content\/uploads\/2020\/07\/67a324ef-8705-4df3-ae51-7585ce3782f1-682x1024.jpg 682w, https:\/\/www.radiopiu.net\/wordpress\/wp-content\/uploads\/2020\/07\/67a324ef-8705-4df3-ae51-7585ce3782f1-768x1153.jpg 768w, https:\/\/www.radiopiu.net\/wordpress\/wp-content\/uploads\/2020\/07\/67a324ef-8705-4df3-ae51-7585ce3782f1-1023x1536.jpg 1023w, https:\/\/www.radiopiu.net\/wordpress\/wp-content\/uploads\/2020\/07\/67a324ef-8705-4df3-ae51-7585ce3782f1.jpg 1066w\" sizes=\"auto, (max-width: 200px) 100vw, 200px\" \/><\/a>(DAL SITO fisiveneto.com<\/strong><\/em>) Ufficializzate le squadre A dello sci alpino. Di seguito la composizione.<\/p>\n<p><strong>Squadra A femminile<\/strong>: Gaia Palamara (2002, Sci club Drusci\u00e9 Cortina); Aurora Zavatarelli (2003, Ski College Veneto Falcade); Valentina Savorgnani (2001, Ski College Veneto Falcade); Anna Rech (2000, Ski team Vallata Feltrina); Francesca Trentin (2003, Sci club 18); Elena Dal Vecchio (2002, Sci club Nottoli Vittorio Veneto); Ludovica Loda (2003, Sci club Drusci\u00e9 Cortina). Allenatore Paolo Boldrini.<\/p>\n<p><strong>Squadra A maschile<\/strong>: Gabriele Sartori (2001, Ski College Veneto Falcade); Elia De Zanna (2002, Sci club Cortina); Giorgio Baldo (2003, Sci club Cortina); Pietro Meggiolaro (2002, Sci club Drusci\u00e9 Cortina); Luca Martignago (2002, Sci club Cortina); Alessandro Bertagnolli (2004, Sci club Trichiana); Lorenzo Salvati (2004, Sci club Drusci\u00e9 Cortina); Filippo Sambugaro (2004, Sci club Gallio). Allenatore Moritz Micheluzzi.<\/p>\n<\/div>\n<\/div>\n","protected":false},"excerpt":{"rendered":"<p>PER RICEVERE QUESTO NOTIZIARIO DIRETTAMENTE SUL TUO CELLULARE ISCRIVITI AL CANALE TELEGRAM\u00a0\u201cRADIO PIU\u00a0 INFORMAZIONE ATTENZIONE: LA NUOVA APP PER IOS-IPHONE https:\/\/apps.apple.com\/it\/app\/radio-pi%C3%B9-emittente-agordina\/id1515939845 ATTENZIONE: LA NUOVA APP RADIO\u00a0 PER ANDROID https:\/\/play.google.com\/store\/apps\/details?id=net.radiopiu.iniko &nbsp; &nbsp; Gestione Servizi Pubblici informa che, per lavori alla rete idrica comunale, MARTEDI dalle\u00a0 8 e\u00a0 fino al termine dei lavori verr\u00e0 sospesa l\u2019erogazione dell\u2019acqua\u00a0&hellip;<\/p>\n","protected":false},"author":4,"featured_media":148976,"comment_status":"closed","ping_status":"closed","sticky":false,"template":"","format":"standard","meta":{"_monsterinsights_skip_tracking":false,"_monsterinsights_sitenote_active":false,"_monsterinsights_sitenote_note":"","_monsterinsights_sitenote_category":0,"footnotes":""},"categories":[1,86,49],"tags":[],"class_list":["post-148891","post","type-post","status-publish","format-standard","has-post-thumbnail","hentry","category-senza-categoria","category-gr","category-news-18","category-1","category-86","category-49","description-off"],"img_url":"https:\/\/www.radiopiu.net\/wordpress\/wp-content\/uploads\/2020\/07\/39ffa8ba-36b6-424d-b420-3d5cd6810708.jpg","_links":{"self":[{"href":"https:\/\/www.radiopiu.net\/wordpress\/wp-json\/wp\/v2\/posts\/148891","targetHints":{"allow":["GET"]}}],"collection":[{"href":"https:\/\/www.radiopiu.net\/wordpress\/wp-json\/wp\/v2\/posts"}],"about":[{"href":"https:\/\/www.radiopiu.net\/wordpress\/wp-json\/wp\/v2\/types\/post"}],"author":[{"embeddable":true,"href":"https:\/\/www.radiopiu.net\/wordpress\/wp-json\/wp\/v2\/users\/4"}],"replies":[{"embeddable":true,"href":"https:\/\/www.radiopiu.net\/wordpress\/wp-json\/wp\/v2\/comments?post=148891"}],"version-history":[{"count":0,"href":"https:\/\/www.radiopiu.net\/wordpress\/wp-json\/wp\/v2\/posts\/148891\/revisions"}],"wp:featuredmedia":[{"embeddable":true,"href":"https:\/\/www.radiopiu.net\/wordpress\/wp-json\/wp\/v2\/media\/148976"}],"wp:attachment":[{"href":"https:\/\/www.radiopiu.net\/wordpress\/wp-json\/wp\/v2\/media?parent=148891"}],"wp:term":[{"taxonomy":"category","embeddable":true,"href":"https:\/\/www.radiopiu.net\/wordpress\/wp-json\/wp\/v2\/categories?post=148891"},{"taxonomy":"post_tag","embeddable":true,"href":"https:\/\/www.radiopiu.net\/wordpress\/wp-json\/wp\/v2\/tags?post=148891"}],"curies":[{"name":"wp","href":"https:\/\/api.w.org\/{rel}","templated":true}]}}