{"id":148908,"date":"2020-07-11T15:00:46","date_gmt":"2020-07-11T13:00:46","guid":{"rendered":"https:\/\/www.radiopiu.net\/wordpress\/?p=148908"},"modified":"2020-07-11T12:20:18","modified_gmt":"2020-07-11T10:20:18","slug":"dillo-a-radio-piu-attivita-socialmente-utili-per-togliere-le-mascherine-dalle-strade","status":"publish","type":"post","link":"https:\/\/www.radiopiu.net\/wordpress\/dillo-a-radio-piu-attivita-socialmente-utili-per-togliere-le-mascherine-dalle-strade\/","title":{"rendered":"DILLO A RADIO PI\u00d9: ATTIVIT\u00c0 SOCIALMENTE UTILI PER TOGLIERE LE MASCHERINE DALLE STRADE"},"content":{"rendered":"<p><strong><a class=\"dt-pswp-item\" href=\"https:\/\/www.radiopiu.net\/wordpress\/wp-content\/uploads\/2020\/07\/Mascherina-a-terra.jpg\" data-dt-img-description=\"\" data-large_image_width=\"1280\" data-large_image_height=\"985\"><img loading=\"lazy\" decoding=\"async\" class=\"size-medium wp-image-148909 alignleft\" src=\"https:\/\/www.radiopiu.net\/wordpress\/wp-content\/uploads\/2020\/07\/Mascherina-a-terra-300x231.jpg\" alt=\"\" width=\"300\" height=\"231\" srcset=\"https:\/\/www.radiopiu.net\/wordpress\/wp-content\/uploads\/2020\/07\/Mascherina-a-terra-300x231.jpg 300w, https:\/\/www.radiopiu.net\/wordpress\/wp-content\/uploads\/2020\/07\/Mascherina-a-terra-1024x788.jpg 1024w, https:\/\/www.radiopiu.net\/wordpress\/wp-content\/uploads\/2020\/07\/Mascherina-a-terra-768x591.jpg 768w, https:\/\/www.radiopiu.net\/wordpress\/wp-content\/uploads\/2020\/07\/Mascherina-a-terra.jpg 1280w\" sizes=\"auto, (max-width: 300px) 100vw, 300px\" \/><\/a>di Franco Piacentini<\/strong><\/p>\n<p>Purtroppo, l&#8217;irresponsabilit\u00e0, la stupidit\u00e0 e l&#8217;incivilt\u00e0, dall&#8217;inizio della fase due Covid 19, sono ben visibili sulle strade delle nostre citt\u00e0. Alcuni squallidi personaggi, vigliaccamente, indifferentemente, gettano a terra le loro mascherine, precedentemente utilizzate. Un gesto condannabile e perseguibile anche legalmente, dal momento che quelle mascherine, oltre ad inquinare l&#8217;ambiente, sono delle potenziali trasmettitrici del virus Covid 19. Per scongiurare altri contagi, che fare? La domanda pu\u00f2 trovare efficace risposta, nella capillare raccolta di queste mascherine, programmando e realizzando &#8220;progetti di lavori socialmente utili&#8221;, concordati tra CGIL CISL UIL, Associazioni Imprenditoriali, Enti Locali, Terzo Settore e Regione Veneto, impegnando, con le dovute accortezze di prevenzione\u00a0sanitaria, i beneficiari di ammortizzatori\u00a0sociali (reddito di cittadinanza; reddito di emergenza; ecc). Questa raccolta di sanificazione ambientale,\u00a0rientra tra le attivit\u00e0 del welfare generativo.<\/p>\n","protected":false},"excerpt":{"rendered":"<p>di Franco Piacentini Purtroppo, l&#8217;irresponsabilit\u00e0, la stupidit\u00e0 e l&#8217;incivilt\u00e0, dall&#8217;inizio della fase due Covid 19, sono ben visibili sulle strade delle nostre citt\u00e0. Alcuni squallidi personaggi, vigliaccamente, indifferentemente, gettano a terra le loro mascherine, precedentemente utilizzate. Un gesto condannabile e perseguibile anche legalmente, dal momento che quelle mascherine, oltre ad inquinare l&#8217;ambiente, sono delle potenziali&hellip;<\/p>\n","protected":false},"author":4,"featured_media":148909,"comment_status":"closed","ping_status":"closed","sticky":false,"template":"","format":"standard","meta":{"_monsterinsights_skip_tracking":false,"_monsterinsights_sitenote_active":false,"_monsterinsights_sitenote_note":"","_monsterinsights_sitenote_category":0,"footnotes":""},"categories":[49],"tags":[],"class_list":["post-148908","post","type-post","status-publish","format-standard","has-post-thumbnail","hentry","category-news-18","category-49","description-off"],"img_url":"https:\/\/www.radiopiu.net\/wordpress\/wp-content\/uploads\/2020\/07\/Mascherina-a-terra.jpg","_links":{"self":[{"href":"https:\/\/www.radiopiu.net\/wordpress\/wp-json\/wp\/v2\/posts\/148908","targetHints":{"allow":["GET"]}}],"collection":[{"href":"https:\/\/www.radiopiu.net\/wordpress\/wp-json\/wp\/v2\/posts"}],"about":[{"href":"https:\/\/www.radiopiu.net\/wordpress\/wp-json\/wp\/v2\/types\/post"}],"author":[{"embeddable":true,"href":"https:\/\/www.radiopiu.net\/wordpress\/wp-json\/wp\/v2\/users\/4"}],"replies":[{"embeddable":true,"href":"https:\/\/www.radiopiu.net\/wordpress\/wp-json\/wp\/v2\/comments?post=148908"}],"version-history":[{"count":0,"href":"https:\/\/www.radiopiu.net\/wordpress\/wp-json\/wp\/v2\/posts\/148908\/revisions"}],"wp:featuredmedia":[{"embeddable":true,"href":"https:\/\/www.radiopiu.net\/wordpress\/wp-json\/wp\/v2\/media\/148909"}],"wp:attachment":[{"href":"https:\/\/www.radiopiu.net\/wordpress\/wp-json\/wp\/v2\/media?parent=148908"}],"wp:term":[{"taxonomy":"category","embeddable":true,"href":"https:\/\/www.radiopiu.net\/wordpress\/wp-json\/wp\/v2\/categories?post=148908"},{"taxonomy":"post_tag","embeddable":true,"href":"https:\/\/www.radiopiu.net\/wordpress\/wp-json\/wp\/v2\/tags?post=148908"}],"curies":[{"name":"wp","href":"https:\/\/api.w.org\/{rel}","templated":true}]}}