{"id":148961,"date":"2020-07-11T18:40:49","date_gmt":"2020-07-11T16:40:49","guid":{"rendered":"https:\/\/www.radiopiu.net\/wordpress\/?p=148961"},"modified":"2020-07-11T21:34:53","modified_gmt":"2020-07-11T19:34:53","slug":"148961-2","status":"publish","type":"post","link":"https:\/\/www.radiopiu.net\/wordpress\/148961-2\/","title":{"rendered":"AGORDO NEL DOLORE PER LA MORTE DI ROBERTA"},"content":{"rendered":"<p><strong><a class=\"dt-pswp-item\" href=\"https:\/\/www.radiopiu.net\/wordpress\/wp-content\/uploads\/2020\/07\/e6dfd150-7c67-48bb-883e-52aff9fcd687.jpg\" data-dt-img-description=\"\" data-large_image_width=\"720\" data-large_image_height=\"1440\"><img loading=\"lazy\" decoding=\"async\" class=\"size-medium wp-image-148962 alignleft\" src=\"https:\/\/www.radiopiu.net\/wordpress\/wp-content\/uploads\/2020\/07\/e6dfd150-7c67-48bb-883e-52aff9fcd687-150x300.jpg\" alt=\"\" width=\"150\" height=\"300\" srcset=\"https:\/\/www.radiopiu.net\/wordpress\/wp-content\/uploads\/2020\/07\/e6dfd150-7c67-48bb-883e-52aff9fcd687-150x300.jpg 150w, https:\/\/www.radiopiu.net\/wordpress\/wp-content\/uploads\/2020\/07\/e6dfd150-7c67-48bb-883e-52aff9fcd687-512x1024.jpg 512w, https:\/\/www.radiopiu.net\/wordpress\/wp-content\/uploads\/2020\/07\/e6dfd150-7c67-48bb-883e-52aff9fcd687.jpg 720w\" sizes=\"auto, (max-width: 150px) 100vw, 150px\" \/><\/a>AGORDO<\/strong> Una famiglia e una citt\u00e0 nel dolore per la scomparsa di Roberta Meneghini, mancata a soli 55 anni. Mancher\u00e0 quella cortesia e quel sorriso da dietro il bancone della sua attivit\u00e0 commerciale di Piazza Libert\u00e0, passione condivisa con la sorella. La notizia della morte \u00e8 stata data da Luca, dal figlio Alessio e dalle sorelle Edda, Ivana, Sonia e Wilma. I funerali (in ottemperanza al decreto ministeriale con posti limitati e precedenza alle persone pi\u00f9 vicine alla famiglia) si terranno martedi alle 11 in chiesa ad Agordo. I famigliari nel messaggio funebre hanno porto un sentito ringraziamento al dottor Giancarlo Marcon, al servizio Adimed ed al personale medico e infermieristico dell&#8217;ospedale di Agordo e Belluno. Alle famiglie Meneghini un sentito messaggio di cordoglio e commozione dalla redazione di Radio Pi\u00f9<\/p>\n<p><strong>IL MESSAGGIO DEL PRESIDENTE DELL&#8217;AGORDO 2009 MASSIMO CARLIN<\/strong><\/p>\n<p><em>In qualit\u00e0 di presidente dell\u2019ASD AGORDO 2009 voglio esprimere le pi\u00f9 vive e sincere condoglianze ad Alessio, Luca e tutti i congiunti di Roberta. Da parte mia e da parte di tutta la Societ\u00e0 AGORDO 2009. Alessio \u00e8 stato un nostro giocatore, Luca un tifoso, molto vicini all\u2019Agordo 2009. Conoscevo Roberta da tantissimi anni e la sua cos\u00ec prematura scomparsa mi ha colpito veramente.<\/em><\/p>\n","protected":false},"excerpt":{"rendered":"<p>AGORDO Una famiglia e una citt\u00e0 nel dolore per la scomparsa di Roberta Meneghini, mancata a soli 55 anni. Mancher\u00e0 quella cortesia e quel sorriso da dietro il bancone della sua attivit\u00e0 commerciale di Piazza Libert\u00e0, passione condivisa con la sorella. La notizia della morte \u00e8 stata data da Luca, dal figlio Alessio e dalle&hellip;<\/p>\n","protected":false},"author":1,"featured_media":148962,"comment_status":"closed","ping_status":"closed","sticky":false,"template":"","format":"standard","meta":{"_monsterinsights_skip_tracking":false,"_monsterinsights_sitenote_active":false,"_monsterinsights_sitenote_note":"","_monsterinsights_sitenote_category":0,"footnotes":""},"categories":[51,49],"tags":[],"class_list":["post-148961","post","type-post","status-publish","format-standard","has-post-thumbnail","hentry","category-evidenza-top","category-news-18","category-51","category-49","description-off"],"img_url":"https:\/\/www.radiopiu.net\/wordpress\/wp-content\/uploads\/2020\/07\/e6dfd150-7c67-48bb-883e-52aff9fcd687.jpg","_links":{"self":[{"href":"https:\/\/www.radiopiu.net\/wordpress\/wp-json\/wp\/v2\/posts\/148961","targetHints":{"allow":["GET"]}}],"collection":[{"href":"https:\/\/www.radiopiu.net\/wordpress\/wp-json\/wp\/v2\/posts"}],"about":[{"href":"https:\/\/www.radiopiu.net\/wordpress\/wp-json\/wp\/v2\/types\/post"}],"author":[{"embeddable":true,"href":"https:\/\/www.radiopiu.net\/wordpress\/wp-json\/wp\/v2\/users\/1"}],"replies":[{"embeddable":true,"href":"https:\/\/www.radiopiu.net\/wordpress\/wp-json\/wp\/v2\/comments?post=148961"}],"version-history":[{"count":0,"href":"https:\/\/www.radiopiu.net\/wordpress\/wp-json\/wp\/v2\/posts\/148961\/revisions"}],"wp:featuredmedia":[{"embeddable":true,"href":"https:\/\/www.radiopiu.net\/wordpress\/wp-json\/wp\/v2\/media\/148962"}],"wp:attachment":[{"href":"https:\/\/www.radiopiu.net\/wordpress\/wp-json\/wp\/v2\/media?parent=148961"}],"wp:term":[{"taxonomy":"category","embeddable":true,"href":"https:\/\/www.radiopiu.net\/wordpress\/wp-json\/wp\/v2\/categories?post=148961"},{"taxonomy":"post_tag","embeddable":true,"href":"https:\/\/www.radiopiu.net\/wordpress\/wp-json\/wp\/v2\/tags?post=148961"}],"curies":[{"name":"wp","href":"https:\/\/api.w.org\/{rel}","templated":true}]}}