{"id":148995,"date":"2020-07-13T05:59:50","date_gmt":"2020-07-13T03:59:50","guid":{"rendered":"https:\/\/www.radiopiu.net\/wordpress\/?p=148995"},"modified":"2020-07-13T06:48:56","modified_gmt":"2020-07-13T04:48:56","slug":"giornale-radiopiu-13-luglio-2020-direttore-mirko-mezzacasa","status":"publish","type":"post","link":"https:\/\/www.radiopiu.net\/wordpress\/giornale-radiopiu-13-luglio-2020-direttore-mirko-mezzacasa\/","title":{"rendered":"GIORNALE RADIOPIU 13 LUGLIO 2020 DIRETTORE MIRKO MEZZACASA"},"content":{"rendered":"<h3><strong>PER RICEVERE QUESTO NOTIZIARIO DIRETTAMENTE SUL TUO CELLULARE ISCRIVITI AL CANALE TELEGRAM\u00a0<\/strong><strong>\u201cRADIO PIU\u00a0 INFORMAZIONE<\/strong><\/h3>\n<p><em>ATTENZIONE: LA NUOVA APP PER IOS-IPHONE<\/em><\/p>\n<div>\n<div><a href=\"https:\/\/apps.apple.com\/it\/app\/radio-pi%C3%B9-emittente-agordina\/id1515939845\">https:\/\/apps.apple.com\/it\/app\/radio-pi%C3%B9-emittente-agordina\/id1515939845<\/a><\/div>\n<\/div>\n<div><\/div>\n<div>\n<div dir=\"auto\"><em>ATTENZIONE: LA NUOVA APP RADIO\u00a0 PER ANDROID<\/em><\/div>\n<\/div>\n<p><a href=\"https:\/\/play.google.com\/store\/apps\/details?id=net.radiopiu.iniko\" target=\"_blank\" rel=\"noopener noreferrer\">https:\/\/play.google.com\/store\/apps\/details?id=net.radiopiu.iniko<\/a><\/p>\n<p>&nbsp;<\/p>\n<hr \/>\n<p>&nbsp;<\/p>\n<p><span style=\"color: #ff0000;\"><em><strong>Gestione Servizi Pubblici informa che, per lavori alla rete idrica comunale, DOMANI dalle\u00a0 8 e\u00a0 fino al termine dei lavori verr\u00e0 sospesa l\u2019erogazione dell\u2019acqua\u00a0 in localit\u00e0 CROSTOLIN e via DANTE ALIGHIERI.\u00a0<\/strong><\/em><\/span><\/p>\n<p>&nbsp;<\/p>\n<p><strong class=\"photoswipe-wrapper\"><a class=\"dt-pswp-item pspw-wrap-ready\" href=\"https:\/\/i2.wp.com\/www.radiopiu.net\/wordpress\/wp-content\/uploads\/2018\/08\/ACQUA.jpeg?ssl=1\" data-dt-img-description=\"\" data-large_image_width=\"1280\" data-large_image_height=\"768\"><img loading=\"lazy\" decoding=\"async\" class=\"wp-image-57052 alignleft\" src=\"https:\/\/i2.wp.com\/www.radiopiu.net\/wordpress\/wp-content\/uploads\/2018\/08\/ACQUA.jpeg?resize=138%2C83&amp;ssl=1\" sizes=\"auto, (max-width: 138px) 100vw, 138px\" srcset=\"https:\/\/i2.wp.com\/www.radiopiu.net\/wordpress\/wp-content\/uploads\/2018\/08\/ACQUA.jpeg?resize=300%2C180&amp;ssl=1 300w, https:\/\/i2.wp.com\/www.radiopiu.net\/wordpress\/wp-content\/uploads\/2018\/08\/ACQUA.jpeg?resize=768%2C461&amp;ssl=1 768w, https:\/\/i2.wp.com\/www.radiopiu.net\/wordpress\/wp-content\/uploads\/2018\/08\/ACQUA.jpeg?resize=1024%2C614&amp;ssl=1 1024w, https:\/\/i2.wp.com\/www.radiopiu.net\/wordpress\/wp-content\/uploads\/2018\/08\/ACQUA.jpeg?w=1280&amp;ssl=1 1280w\" alt=\"\" width=\"123\" height=\"74\" \/><\/a>ad AGORDO<\/strong>\u00a0nelle LOCALITA\u2019 BRUGNACH E GIOVE l\u2019acqua erogata dall\u2019acquedotto non \u00e8 potabile e pu\u00f2 essere usata per scopi alimentari SOLO PREVIA bollitura<\/p>\n<p><strong>\u00a0a LA VALLE<\/strong>\u00a0AGORDINA nelle LOCALITA\u2019 RONCHE, RONCHET, NOACH, LE CAMPE e CANCELLADE l\u2019acqua erogata dall\u2019acquedotto non \u00e8 potabile e pu\u00f2 essere usata per scopi alimentari SOLO PREVIA bollitura<\/p>\n<p><strong>a Santo Stefano di Cadore<\/strong>\u00a0nelle localit\u00e0 Costa d\u2019Antola e Costa Zucco, e a San Pietro di Cadore nelle frazioni di Valle, Stavello, Presenaio, Mare, Costalta l\u2019acqua erogata dall\u2019acquedotto non \u00e8 potabile e pu\u00f2 essere usata per scopi alimentari solo previa bollitura.<\/p>\n<p>&nbsp;<\/p>\n<hr \/>\n<p>&nbsp;<\/p>\n<div class=\"page-title-head hgroup\">\n<blockquote>\n<h3 class=\"entry-title\">OGGI A SINGHIOZZO TRA PONTE OLTRA E SORRIVA, DISAGI ANCHE LUNGO LA 563 DI SALESEI<\/h3>\n<\/blockquote>\n<\/div>\n<div class=\"page-title-breadcrumbs\">\n<p><strong><img loading=\"lazy\" decoding=\"async\" class=\"alignleft jetpack-lazy-image jetpack-lazy-image--handled\" src=\"https:\/\/i0.wp.com\/www.radiopiu.net\/wordpress\/wp-content\/uploads\/2020\/05\/VENETO-STRADE.png?resize=76%2C76&amp;ssl=1\" width=\"76\" height=\"76\" data-lazy-loaded=\"1\" \/>FELTRE<\/strong>\u00a0Oggi dalle 8 alle 17.30 interdizione totale alla viabilit\u00e0 in entrambi i sensi di marcia lungo la 473 tra Ponte Oltra e Sorriva per la messa in sicurezza della sede stradale. Sono previste finestre di apertura dalle 10 alle 10.15,\u00a0 dalle 12 alle 13.30,\u00a0 dalle 15.30 alle 15.45<\/p>\n<p><strong>ROCCA PIETORE<\/strong>\u00a0Da oggi e fino al 24 luglio (sabato e domenica esclusi) lungo la 563 di Salesei\u00a0 temporanee interruzioni al transito veicolare della durata massima di 20 minuti dalle 7 alle 12 dalle 13 alle 18. Negli altri orari senso unico con semaforo<\/p>\n<\/div>\n<div class=\"bi6gxh9e\" data-block=\"true\" data-editor=\"b8ur1\" data-offset-key=\"f0r7a-0-0\">\n<div class=\"_1mf _1mj\" data-offset-key=\"f0r7a-0-0\"><span data-offset-key=\"f0r7a-0-0\"><strong>RIAPERTURA della strada\u00a0 S.P. 1<\/strong>\u00a0\u201cdella Sinistra Piave \u201d dalla progressiva km 8+665 (loc.\u00a0<\/span>bivio Anconetta) alla progressiva km 9+400 ca (loc. Rotatoria di Visome) precedentemente chiusa per caduta materiali, intonaci, tavolame del tetto dal fabbricato lato sx alla sede stradale..<\/div>\n<div data-offset-key=\"f0r7a-0-0\"><\/div>\n<div data-offset-key=\"f0r7a-0-0\">\n<hr \/>\n<\/div>\n<div data-offset-key=\"f0r7a-0-0\">\n<p>&nbsp;<\/p>\n<blockquote>\n<h3>COLTO DA MALORE MUORE ALLA GUIDA<\/h3>\n<\/blockquote>\n<p><strong><a class=\"dt-pswp-item\" href=\"https:\/\/www.radiopiu.net\/wordpress\/wp-content\/uploads\/2016\/08\/carabinieri-6-2.jpg\" data-dt-img-description=\"\" data-large_image_width=\"1000\" data-large_image_height=\"681\"><img loading=\"lazy\" decoding=\"async\" class=\" wp-image-22568 alignleft\" src=\"https:\/\/www.radiopiu.net\/wordpress\/wp-content\/uploads\/2016\/08\/carabinieri-6-2-300x204.jpg\" alt=\"\" width=\"169\" height=\"115\" \/><\/a>QUERO VAS <\/strong>Nella serata di sabato gli uomini del 118 e i Carabinieri di Feltre sono intervenuti a Quero Vas dopo che alcuni passanti avevano allertato i soccorsi. Un uomo del posto si \u00e8 sentito male mentre stava guidando ed \u00e8 stato trovato esanime a bordo della propria vettura. Mario Zanella, 72 anni, ha avuto solo il tempo di accostare e fermarsi. Il fatto \u00e8 acceduto in localit\u00e0 Caorera di Quero Vas. La salma \u00e8 stata messa a disposizione dei famigliari.<\/p>\n<p>&nbsp;<\/p>\n<p>&nbsp;<\/p>\n<hr \/>\n<p>&nbsp;<\/p>\n<blockquote>\n<h3>SOCCORSO ALPINO: GLI INTERVENTI IN MONTAGNA<\/h3>\n<\/blockquote>\n<p><strong><a class=\"dt-pswp-item\" href=\"https:\/\/www.radiopiu.net\/wordpress\/wp-content\/uploads\/2018\/08\/soccorsoalpino.jpg\" data-dt-img-description=\"\" data-large_image_width=\"1200\" data-large_image_height=\"1200\"><img loading=\"lazy\" decoding=\"async\" class=\"size-medium wp-image-59164 alignleft\" src=\"https:\/\/www.radiopiu.net\/wordpress\/wp-content\/uploads\/2018\/08\/soccorsoalpino-300x300.jpg\" alt=\"\" width=\"300\" height=\"300\" srcset=\"https:\/\/www.radiopiu.net\/wordpress\/wp-content\/uploads\/2018\/08\/soccorsoalpino-300x300.jpg 300w, https:\/\/www.radiopiu.net\/wordpress\/wp-content\/uploads\/2018\/08\/soccorsoalpino-150x150.jpg 150w, https:\/\/www.radiopiu.net\/wordpress\/wp-content\/uploads\/2018\/08\/soccorsoalpino-768x768.jpg 768w, https:\/\/www.radiopiu.net\/wordpress\/wp-content\/uploads\/2018\/08\/soccorsoalpino-1024x1024.jpg 1024w, https:\/\/www.radiopiu.net\/wordpress\/wp-content\/uploads\/2018\/08\/soccorsoalpino.jpg 1200w\" sizes=\"auto, (max-width: 300px) 100vw, 300px\" \/><\/a>BELLUNO <\/strong>Alle 10.20 circa il Soccorso alpino di Pieve di Cadore \u00e8 stato inviato dalla Centrale del 118, in supporto all&#8217;ambulanza, lungo il sentiero tra il Roccolo e il cimitero di Sottocastello, dove un dodicenne di Pieve di Cadore era caduto in bici, riportando un probabile trauma al torace. Il ragazzo \u00e8 stato imbarellato e trasportato fino alla strada, per poi essere accompagnato all&#8217;ospedale di Pieve. Verso le 12.30 il Soccorso alpino di Livinallongo ha ricevuto l&#8217;allerta per un eventuale aiuto all&#8217;ambulanza, che poi ha completato la missione in autonomia, rispetto a un ciclista caduto su una strada sterrata, 100 metri sopra l&#8217;abitato di Arabba. A.G., 37 anni, di Lumezzane (BS), \u00e8 stato recuperato dal personale sanitario e portato all&#8217;ospedale per un sospetto trauma alla spalla. Alle 13.10 l&#8217;elicottero del Suem di Pieve di Cadore \u00e8 volato a Falcade, tra Passo Valles e il Rifugio Fuciade, poich\u00e9 un escursionista, L.C., 80 anni, di Pisa, era stato colto da malore. Alle 13.30 \u00e8 stato allertato il Soccorso alpino di Cortina per un malore al Rifugio Averau. Una squadra del Sagf si \u00e8 portata in quota in jeep e ha accompagnato la donna, S.C., 57 anni, di Romano di Lombardia (BG), fino a Bai de Dones, dove attendeva l&#8217;ambulanza che ha caricato a bordo lei e anche una trentenne di Castelfranco Veneto (TV) alla quale, mentre si trovava al Rifugio Scoiattoli, era entrato un insetto nell&#8217;orecchio.<\/p>\n<h3 style=\"text-align: center;\">RECUPERATO CICLISTA INFORTUNATO<\/h3>\n<p><strong>BORCA DI CADORE\u00a0<\/strong> Attorno alle 18 l&#8217;elicottero del Suem di Pieve di Cadore \u00e8 volato a Forcella Forata, dove scendendo lungo il sentiero numero 468 un ciclista si era procurato un sospetto trauma alla caviglia. L&#8217;uomo, R.S., 78 anni, di Brescia, che era sceso dalla mountain bike ed era scivolato per il fango, \u00e8 stato recuperato con un verricello di 25 metri dal tecnico di elisoccorso, per essere trasportato all&#8217;ospedale di Belluno.<\/p>\n<p>&nbsp;<\/p>\n<blockquote>\n<h3>RECUPERATI ESCURSIONISTI IN DIFFICOLT\u00c0<\/h3>\n<\/blockquote>\n<p><strong>BORCA DI CADORE<\/strong>\u00a0 Passate da poco le 17 il Soccorso alpino di San Vito di Cadore \u00e8 stato allertato per una coppia di escursionisti in difficolt\u00e0. I due, W.B., 51 anni, lui, e S.B., 39 anni, lei, entrambi di Padova, scandendo da Forcella Val d&#8217;Arcia verso il Rifugio Padova avevano smarrito il sentiero prima del tratto attrezzato e, disorientati, non sapevano pi\u00f9 come procedere. I soccorritori hanno raggiunto i due e li hanno riaccompagnati fino al Rifugio, da dove sono stati portati a Villanova per il rendez vous con l&#8217;ambulanza, in quanto, si \u00e8 appreso una volta da loro, l&#8217;uomo era scivolato sbattendo la schiena. Erano presenti anche i Vigili del fuoco.<\/p>\n<p>&nbsp;<\/p>\n<hr \/>\n<p>&nbsp;<\/p>\n<h3>TRE VETTURE INCIDENTATE NEL TAMPONAMENTO DI CADOLA<\/h3>\n<p><strong>PONTE NELLE ALPI<\/strong> Tre auto coinvolte ieri pomeriggio a Cadola, una Bmw in manovra per raggiungere il distributore, una Seat che non si accorge della svolta dell&#8217;auto che la precede e una Mercedes dalla corsia opposta coinvolta dall&#8217;auto tamponata. Tre i\u00a0 feriti lievi che hanno rifiutato il trasporto al pronto soccorso. Soltanto dopo un paio di ore la strada \u00e8 stata liberata e la circolazione ha potuto riprendere regolarmente.<\/p>\n<blockquote>\n<h3>TAMPONAMENTO A TRE IN ALPAGO<\/h3>\n<\/blockquote>\n<p><strong>ALPAGO<\/strong> Un altro incidente ieri mattina in localit\u00e0 Le Coste in Alpago:\u00a0 tre auto coinvolte in un tamponamento con frontale. Due le persone portate al pronto soccorso di Belluno presto dimesse.<\/p>\n<blockquote>\n<h3><\/h3>\n<h3>AUTO CONTRO MOTO, HA LA PEGGIO IL CENTAURO<\/h3>\n<\/blockquote>\n<p><strong>SOVRAMONTE <\/strong>Alle 18 a Passo Croce d&#8217;Aune auto e moto non si sono scontrate frontalmente,\u00a0 un sovramontino che ha avuto la peggio riportando ferite a un braccio e alcuni graffi al volto. Illeso il conducente veneziano della Peugeot 2008 coinvolta nell&#8217;incidente.\u00a0 Il motociclista \u00e8 stato medicato sul posto e poi trasportato all&#8217;ospedale per ulteriori accertamenti. &#8212;<\/p>\n<blockquote><p>&nbsp;<\/p><\/blockquote>\n<hr \/>\n<blockquote>\n<h3>LA MONTAGNA NEL TRAFFICO<\/h3>\n<p><a class=\"dt-pswp-item\" href=\"https:\/\/www.radiopiu.net\/wordpress\/wp-content\/uploads\/2020\/07\/8d957e8a-5724-4ec8-9764-8579f7cced91.jpg\" data-dt-img-description=\"\" data-large_image_width=\"1824\" data-large_image_height=\"840\"><img loading=\"lazy\" decoding=\"async\" class=\"size-medium wp-image-149106 alignleft\" src=\"https:\/\/www.radiopiu.net\/wordpress\/wp-content\/uploads\/2020\/07\/8d957e8a-5724-4ec8-9764-8579f7cced91-300x138.jpg\" alt=\"\" width=\"300\" height=\"138\" srcset=\"https:\/\/www.radiopiu.net\/wordpress\/wp-content\/uploads\/2020\/07\/8d957e8a-5724-4ec8-9764-8579f7cced91-300x138.jpg 300w, https:\/\/www.radiopiu.net\/wordpress\/wp-content\/uploads\/2020\/07\/8d957e8a-5724-4ec8-9764-8579f7cced91-1024x472.jpg 1024w, https:\/\/www.radiopiu.net\/wordpress\/wp-content\/uploads\/2020\/07\/8d957e8a-5724-4ec8-9764-8579f7cced91-768x354.jpg 768w, https:\/\/www.radiopiu.net\/wordpress\/wp-content\/uploads\/2020\/07\/8d957e8a-5724-4ec8-9764-8579f7cced91-1536x707.jpg 1536w, https:\/\/www.radiopiu.net\/wordpress\/wp-content\/uploads\/2020\/07\/8d957e8a-5724-4ec8-9764-8579f7cced91.jpg 1824w\" sizes=\"auto, (max-width: 300px) 100vw, 300px\" \/><\/a><\/p><\/blockquote>\n<p>Domenica difficile, come prevedibile, sulle strade della provincia tanto sulla 51 di Alemagna che sulla 203 agordina. Il traffico intenso della mattinata non ha creato i problemi del rientro serale con le principali arterie in tilt con intasamenti e rallentamenti soprattutto da Longarone, Cencenighe e La Muda. Nell&#8217;Agordino il centro di Cencenighe ha creato code infinite verso Falcade e Alleghe, chilometri a passo d&#8217;uomo e a poco \u00e8 servito il lavoro delle forze di Polizia locale al bivio per le due valli, troppi i mezzi in transito che hanno fatto segnare un altro record di stagione. La situazione pi\u00f9 critica tra Cencenighe e Avoscan di San Tomaso, complice dei rallentamenti anche un incidente in localit\u00e0 Pal\u00f9 con un&#8217;auto finita contro il guard rail. Rallentamenti a La Muda per la presenza del cantiere e poi pi\u00f9 gi\u00e0 a Santa Giustina per un altro incidente al distributore Repsol.<\/p>\n<p>&nbsp;<\/p>\n<p>&nbsp;<\/p>\n<p>&nbsp;<\/p>\n<hr \/>\n<p><strong>\u00a0 \u00a0<\/strong><\/p>\n<blockquote>\n<h3>CALANO GLI OSPEDALIZZATI, AUMENTANO LE PERSONE IN ISOLAMENTO MA IL VIRUS STA ANCORA CIRCOLANDO E ORA COLPISCE ANCHE I PIU&#8217; GIOVANI, UNA 19ENNE NEL BELLUNESE E ANCHE UN BIMBO DI 3 ANNI FIGLIO DI GENITORI IN ARRIVO DAL CAMERUN.<\/h3>\n<\/blockquote>\n<p><strong>di Mirko Mezzacasa<\/strong><\/p>\n<p>Oggi alle 12.30\u00a0 il governatore Luca Zaia ha convocato la stampa \u00abuna comunicazione sulla situazione dell&#8217;epidemia\u00bb. Negli ultimi giorni sono aumentati i casi di contagio perlopi\u00f9 imputabili a chi rientra dall&#8217;estero\u00a0 e si \u00e8 abbassata l&#8217;et\u00e0 dei malati.\u00a0 Tra i nuovi casi di contagio, anche una diciannovenne del Kosovo e perfino un bambino di 3 anni del Camerun. Ieri mattina sono stati accertati otto nuovi contagi: due donne italiane di 82 anni (casa di riposo nel Padovano) e di 78 anni; due uomini italianidi 32 e 68 anni; un uomo di 49 anni del Bangladesh; una donna di 72 anni russa; una donna di 34 anni colombiana; un&#8217;altra donna i cui dati anagrafici non sono stati per\u00f2 resi disponibili,\u00a0 una donna del Kosovo di 19 anni, una donna del Camerun di 54 anni e un bambino di 3 anni del Camerun.\u00a0 Dall&#8217;inizio dell&#8217;emergenza sanitaria in Veneto ci sono stati 19.397 contagi. Le persone attualmente positive sono 411, in isolamento\u00a0 1.293. Fortunatamente non ci sono stati decessi e il totale delle vittime resta fermo a 2.039,\u00a0 in rianimazione sono sempre 9 i pazineti, di cui 3 positivi al Covid-19. In ospedale 141 persone (di cui 19 positive) ricoverate in area non critica pi\u00f9 altre 18 negli ospedali di comunit\u00e0. Insomma, gli ospedalizzati stanno calando, ma il virus c&#8217;\u00e8 ancora, continua a circolare e colpisce anche i pi\u00f9 giovani.\u00a0 Ancora casi positivi in provincia, tutti di persone rientate dall&#8217;estero. L&#8217;ultimo focolaio bellunese \u00e8 stato infatti acceso dall&#8217;arrivo di un&#8217;anziana del Kosovo che ha contagiato i familiari, tre i casi gestiti in ospedale. La donna di 77 anni \u00e8 rivocerata al San Martino al Malattia Infettive positivo il figlio di 44 anni e la nipote di 19, gli altri 7 contatti sono risultati negativi. La situazione migliora per il focolaio imputabile alla badante ritornata dalla Moldavia. Sono 21 le persone attualmente infette in provincia, 176 in isolamento, 2 i pazienti ricoverati e 1067 i guariti.<strong>I NUMERI\u00a0 IN VENETO:<\/strong> TOTALE POSITIVI 19397\u00a0 \u00a0(+10)\u00a0 ATTUALMENTE POSITIVI\u00a0 411 (+11)\u00a0 DECESSI 2039\u00a0 (0) NEGATIVIZZATI 16947 (-1) IN ISOLAMENTO 1293 (-5)\u00a0 RICOVERATI\u00a0 141 (+0 \u2013 19POSITIVI, 122 NEGATIVIZZATI), NEGLI OSPEDALI DI COMUNITA\u2019 RICOVERATI 18 (+0, 0 POSITIVI,\u00a0 18 NEGATIVIZZATI), IN TERAPIA INTENSIVA 9 (3 POSITIVI,\u00a0 6 NEGATIVIZZATI). DIMESSI 3653 (+3)\u00a0<strong>IN NUMERI IN PROVINCIA:<\/strong> TOTALE CONTAGI 1201 (+2) , ATTUALMENTE POSITIVI 21 (+2) , DECEDUTI 113 (0), NEGATIVIZZATI 1067 (+0) ISOLAMENTO DOMICILIARE 176 (+23) RICOVERATI IN OSPEDALE AL SAN MARTINO 2 (0)\u00a0<strong>I NUMERI\u00a0 IN VENETO:<\/strong> TOTALE POSITIVI 19397\u00a0 \u00a0(+10)\u00a0 ATTUALMENTE POSITIVI\u00a0 411 (+11)\u00a0 DECESSI 2039\u00a0 (0) NEGATIVIZZATI 16947 (-1) IN ISOLAMENTO 1293 (-5)\u00a0 RICOVERATI\u00a0 141 (+0 \u2013 19POSITIVI, 122 NEGATIVIZZATI), NEGLI OSPEDALI DI COMUNITA\u2019 RICOVERATI 18 (+0, 0 POSITIVI,\u00a0 18 NEGATIVIZZATI), IN TERAPIA INTENSIVA 9 (3 POSITIVI,\u00a0 6 NEGATIVIZZATI). DIMESSI 3653 (+3)\u00a0<strong>IN NUMERI IN PROVINCIA:<\/strong>\u00a0TOTALE CONTAGI 1201 (+2) , ATTUALMENTE POSITIVI 21 (+2) , DECEDUTI 113 (0), NEGATIVIZZATI 1067 (+0) ISOLAMENTO DOMICILIARE 176 (+23) RICOVERATI IN OSPEDALE AL SAN MARTINO 2 (0)<\/p>\n<p>&nbsp;<\/p>\n<p>&nbsp;<\/p>\n<hr \/>\n<blockquote class=\"wp-embedded-content\" data-secret=\"FGYml7yWhT\"><p><a href=\"https:\/\/www.radiopiu.net\/wordpress\/coronavirus-aggiornamento-nazionale-12-luglio\/\">CORONAVIRUS: AGGIORNAMENTO NAZIONALE 12 LUGLIO<\/a><\/p><\/blockquote>\n<p><iframe loading=\"lazy\" class=\"wp-embedded-content\" sandbox=\"allow-scripts\" security=\"restricted\" style=\"position: absolute; clip: rect(1px, 1px, 1px, 1px);\" title=\"&#8220;CORONAVIRUS: AGGIORNAMENTO NAZIONALE 12 LUGLIO&#8221; &#8212; Radio Pi\u00f9\" src=\"https:\/\/www.radiopiu.net\/wordpress\/coronavirus-aggiornamento-nazionale-12-luglio\/embed\/#?secret=FGYml7yWhT\" data-secret=\"FGYml7yWhT\" width=\"600\" height=\"338\" frameborder=\"0\" marginwidth=\"0\" marginheight=\"0\" scrolling=\"no\"><\/iframe><\/p>\n<p>&nbsp;<\/p>\n<hr \/>\n<p>&nbsp;<\/p>\n<blockquote class=\"wp-embedded-content\" data-secret=\"HbKKAmPFBI\"><p><a href=\"https:\/\/www.radiopiu.net\/wordpress\/nessun-decesso-nelle-ultime-24-in-veneto-10-positivi-in-piu-e-5-persone-in-meno-in-isolamento-domiciliare-a-belluno-23-persone-finiscono-in-isolamento-domiciliare-e-2-i-positivi-in-piu-da-ieri-sera\/\">NESSUN DECESSO NELLE ULTIME 24 IN VENETO. 10 POSITIVI IN PI\u00d9 E 5 PERSONE IN MENO IN ISOLAMENTO DOMICILIARE. A BELLUNO 23 PERSONE FINISCONO IN ISOLAMENTO DOMICILIARE E 2 I POSITIVI IN PI\u00d9 DA IERI SERA<\/a><\/p><\/blockquote>\n<p><iframe loading=\"lazy\" class=\"wp-embedded-content\" sandbox=\"allow-scripts\" security=\"restricted\" style=\"position: absolute; clip: rect(1px, 1px, 1px, 1px);\" title=\"&#8220;NESSUN DECESSO NELLE ULTIME 24 IN VENETO. 10 POSITIVI IN PI\u00d9 E 5 PERSONE IN MENO IN ISOLAMENTO DOMICILIARE. A BELLUNO 23 PERSONE FINISCONO IN ISOLAMENTO DOMICILIARE E 2 I POSITIVI IN PI\u00d9 DA IERI SERA&#8221; &#8212; Radio Pi\u00f9\" src=\"https:\/\/www.radiopiu.net\/wordpress\/nessun-decesso-nelle-ultime-24-in-veneto-10-positivi-in-piu-e-5-persone-in-meno-in-isolamento-domiciliare-a-belluno-23-persone-finiscono-in-isolamento-domiciliare-e-2-i-positivi-in-piu-da-ieri-sera\/embed\/#?secret=HbKKAmPFBI\" data-secret=\"HbKKAmPFBI\" width=\"600\" height=\"338\" frameborder=\"0\" marginwidth=\"0\" marginheight=\"0\" scrolling=\"no\"><\/iframe><\/p>\n<p>&nbsp;<\/p>\n<hr \/>\n<p>&nbsp;<\/p>\n<div class=\"page-title-head hgroup\">\n<blockquote>\n<h3 class=\"entry-title\">EMERGENZA COVID-19: L\u2019AGGIORNAMENTO DELLA ULSS 1 DOLOMITI<\/h3>\n<\/blockquote>\n<\/div>\n<p class=\"page-title-breadcrumbs\"><b class=\"photoswipe-wrapper\"><img loading=\"lazy\" decoding=\"async\" class=\"size-medium wp-image-121260 alignleft jetpack-lazy-image jetpack-lazy-image--handled\" src=\"https:\/\/i1.wp.com\/www.radiopiu.net\/wordpress\/wp-content\/uploads\/2020\/03\/covid-ulss.jpg?resize=300%2C225&amp;ssl=1\" sizes=\"auto, (max-width: 300px) 100vw, 300px\" srcset=\"https:\/\/i1.wp.com\/www.radiopiu.net\/wordpress\/wp-content\/uploads\/2020\/03\/covid-ulss.jpg?resize=300%2C225&amp;ssl=1 300w, https:\/\/i1.wp.com\/www.radiopiu.net\/wordpress\/wp-content\/uploads\/2020\/03\/covid-ulss.jpg?resize=768%2C576&amp;ssl=1 768w, https:\/\/i1.wp.com\/www.radiopiu.net\/wordpress\/wp-content\/uploads\/2020\/03\/covid-ulss.jpg?w=800&amp;ssl=1 800w\" alt=\"\" width=\"300\" height=\"225\" data-recalc-dims=\"1\" data-lazy-loaded=\"1\" \/>BELLUNO\u00a0<\/b>Le ultime 24 ore hanno messo in evidenza un\u2019unica nuova positivit\u00e0 COVID nell\u2019ambito del piccolo focolaio epidemico derivante dall\u2019arrivo in Italia da un\u2019anziana kosovara, con conseguente contagio in ambito familiare. Questo focolaio conta, quindi, ad oggi 3 casi tutti gestiti in ambito ospedaliero, in parte per il quadro clinico dei casi stessi, in parte per garantire massime condizioni di isolamento.\u00a0Continua con grande impegno da parte del Dipartimento di Prevenzione la gestione dei soggetti in arrivo da paesi extra UE, con applicazione agli stessi della quarantena prescritta. Analogo provvedimento viene applicato ad alcune persone con sintomatologia sospetta in attesa di acquisire per esse dell\u2019esito del tampone.\u00a0Parallelamente si registrata la progressiva uscita dalla condizione di isolamento di varie persone interessate dal focolaio feltrino iniziato qualche settimana fa.<\/p>\n<p>&nbsp;<\/p>\n<p>&nbsp;<\/p>\n<hr \/>\n<p>&nbsp;<\/p>\n<blockquote>\n<h3>SERRAI DI SOTTOGUDA: LE PRIME INDISCREZIONI SUI LAVORI<\/h3>\n<\/blockquote>\n<p>di Gianni Santomaso<\/p>\n<audio class=\"wp-audio-shortcode\" id=\"audio-148995-1\" preload=\"none\" style=\"width: 100%;\" controls=\"controls\"><source type=\"audio\/mpeg\" src=\"https:\/\/www.radiopiu.net\/wordpress\/wp-content\/uploads\/2020\/07\/GIANNI-SERRAI-SOTTOGUDA.mp3?_=1\" \/><a href=\"https:\/\/www.radiopiu.net\/wordpress\/wp-content\/uploads\/2020\/07\/GIANNI-SERRAI-SOTTOGUDA.mp3\">https:\/\/www.radiopiu.net\/wordpress\/wp-content\/uploads\/2020\/07\/GIANNI-SERRAI-SOTTOGUDA.mp3<\/a><\/audio>\n<p>&nbsp;<\/p>\n\n\t\t\t<style type='text\/css'>\n\t\t\t\t#gallery-1 {\n\t\t\t\t\tmargin: auto;\n\t\t\t\t}\n\t\t\t\t#gallery-1 .gallery-item {\n\t\t\t\t\tfloat: left;\n\t\t\t\t\tmargin-top: 10px;\n\t\t\t\t\ttext-align: center;\n\t\t\t\t\twidth: 33%;\n\t\t\t\t}\n\t\t\t\t#gallery-1 img {\n\t\t\t\t\tborder: 2px solid #cfcfcf;\n\t\t\t\t}\n\t\t\t\t#gallery-1 .gallery-caption {\n\t\t\t\t\tmargin-left: 0;\n\t\t\t\t}\n\t\t\t\t\/* see gallery_shortcode() in wp-includes\/media.php *\/\n\t\t\t<\/style>\n\t\t<div id='gallery-1' class='dt-gallery-container gallery galleryid-148995 gallery-columns-3 gallery-size-thumbnail'><dl class='gallery-item'>\n\t\t\t\t<dt class='gallery-icon landscape'>\n\t\t\t\t\t<a class=\"rollover rollover-zoom dt-pswp-item\" title=\"18c7442e-bd53-4e3c-81d1-f4601dcd1704\" data-dt-img-description=\"\" data-large_image_width=\"1600\" data-large_image_height=\"1200\"href='https:\/\/www.radiopiu.net\/wordpress\/wp-content\/uploads\/2020\/07\/18c7442e-bd53-4e3c-81d1-f4601dcd1704.jpg'><img loading=\"lazy\" decoding=\"async\" width=\"150\" height=\"150\" src=\"https:\/\/www.radiopiu.net\/wordpress\/wp-content\/uploads\/2020\/07\/18c7442e-bd53-4e3c-81d1-f4601dcd1704-150x150.jpg\" class=\"attachment-thumbnail size-thumbnail\" alt=\"\" \/><\/a>\n\t\t\t\t<\/dt><\/dl><dl class='gallery-item'>\n\t\t\t\t<dt class='gallery-icon portrait'>\n\t\t\t\t\t<a class=\"rollover rollover-zoom dt-pswp-item\" title=\"43b91865-265c-443d-aeaf-f46b02fc848d\" data-dt-img-description=\"\" data-large_image_width=\"1200\" data-large_image_height=\"1600\"href='https:\/\/www.radiopiu.net\/wordpress\/wp-content\/uploads\/2020\/07\/43b91865-265c-443d-aeaf-f46b02fc848d.jpg'><img loading=\"lazy\" decoding=\"async\" width=\"150\" height=\"150\" src=\"https:\/\/www.radiopiu.net\/wordpress\/wp-content\/uploads\/2020\/07\/43b91865-265c-443d-aeaf-f46b02fc848d-150x150.jpg\" class=\"attachment-thumbnail size-thumbnail\" alt=\"\" \/><\/a>\n\t\t\t\t<\/dt><\/dl><dl class='gallery-item'>\n\t\t\t\t<dt class='gallery-icon portrait'>\n\t\t\t\t\t<a class=\"rollover rollover-zoom dt-pswp-item\" title=\"e7c30f50-f768-4f06-a8a1-03d30d708f33\" data-dt-img-description=\"\" data-large_image_width=\"1200\" data-large_image_height=\"1600\"href='https:\/\/www.radiopiu.net\/wordpress\/wp-content\/uploads\/2020\/07\/e7c30f50-f768-4f06-a8a1-03d30d708f33.jpg'><img loading=\"lazy\" decoding=\"async\" width=\"150\" height=\"150\" src=\"https:\/\/www.radiopiu.net\/wordpress\/wp-content\/uploads\/2020\/07\/e7c30f50-f768-4f06-a8a1-03d30d708f33-150x150.jpg\" class=\"attachment-thumbnail size-thumbnail\" alt=\"\" \/><\/a>\n\t\t\t\t<\/dt><\/dl><br style=\"clear: both\" \/>\n\t\t\t<\/div>\n\n<p>&nbsp;<\/p>\n<hr \/>\n<p>&nbsp;<\/p>\n<blockquote>\n<h3>APERTA LA STRADA PER CARFON DA LA MORA, A BREVE VIA AI LAVORI SULLA COMUNALE PER GAER DA VALLADA<\/h3>\n<\/blockquote>\n<p><em><strong>AI MICROFONI DI RADIO PIU&#8217; IL SINDACO DI CANALE D&#8217;AGORDO FLAVIO COLCERGNAN<\/strong><\/em><\/p>\n<audio class=\"wp-audio-shortcode\" id=\"audio-148995-2\" preload=\"none\" style=\"width: 100%;\" controls=\"controls\"><source type=\"audio\/mpeg\" src=\"https:\/\/www.radiopiu.net\/wordpress\/wp-content\/uploads\/2020\/07\/FLAVIO-COLCERNIAN-STRADA-CARFON.mp3?_=2\" \/><a href=\"https:\/\/www.radiopiu.net\/wordpress\/wp-content\/uploads\/2020\/07\/FLAVIO-COLCERNIAN-STRADA-CARFON.mp3\">https:\/\/www.radiopiu.net\/wordpress\/wp-content\/uploads\/2020\/07\/FLAVIO-COLCERNIAN-STRADA-CARFON.mp3<\/a><\/audio>\n<p>&nbsp;<\/p>\n<p><strong>LE FOTO<\/strong><\/p>\n\n\t\t\t<style type='text\/css'>\n\t\t\t\t#gallery-2 {\n\t\t\t\t\tmargin: auto;\n\t\t\t\t}\n\t\t\t\t#gallery-2 .gallery-item {\n\t\t\t\t\tfloat: left;\n\t\t\t\t\tmargin-top: 10px;\n\t\t\t\t\ttext-align: center;\n\t\t\t\t\twidth: 33%;\n\t\t\t\t}\n\t\t\t\t#gallery-2 img {\n\t\t\t\t\tborder: 2px solid #cfcfcf;\n\t\t\t\t}\n\t\t\t\t#gallery-2 .gallery-caption {\n\t\t\t\t\tmargin-left: 0;\n\t\t\t\t}\n\t\t\t\t\/* see gallery_shortcode() in wp-includes\/media.php *\/\n\t\t\t<\/style>\n\t\t<div id='gallery-2' class='dt-gallery-container gallery galleryid-148995 gallery-columns-3 gallery-size-thumbnail'><dl class='gallery-item'>\n\t\t\t\t<dt class='gallery-icon landscape'>\n\t\t\t\t\t<a class=\"rollover rollover-zoom dt-pswp-item\" title=\"39955c85-420b-4c10-a742-ac78473b3d7c\" data-dt-img-description=\"\" data-large_image_width=\"1600\" data-large_image_height=\"1059\"href='https:\/\/www.radiopiu.net\/wordpress\/wp-content\/uploads\/2020\/07\/39955c85-420b-4c10-a742-ac78473b3d7c.jpg'><img loading=\"lazy\" decoding=\"async\" width=\"150\" height=\"150\" src=\"https:\/\/www.radiopiu.net\/wordpress\/wp-content\/uploads\/2020\/07\/39955c85-420b-4c10-a742-ac78473b3d7c-150x150.jpg\" class=\"attachment-thumbnail size-thumbnail\" alt=\"\" \/><\/a>\n\t\t\t\t<\/dt><\/dl><dl class='gallery-item'>\n\t\t\t\t<dt class='gallery-icon landscape'>\n\t\t\t\t\t<a class=\"rollover rollover-zoom dt-pswp-item\" title=\"7c1bc8a3-e1c4-40fe-90e8-72fef932fe44\" data-dt-img-description=\"\" data-large_image_width=\"1600\" data-large_image_height=\"1059\"href='https:\/\/www.radiopiu.net\/wordpress\/wp-content\/uploads\/2020\/07\/7c1bc8a3-e1c4-40fe-90e8-72fef932fe44.jpg'><img loading=\"lazy\" decoding=\"async\" width=\"150\" height=\"150\" src=\"https:\/\/www.radiopiu.net\/wordpress\/wp-content\/uploads\/2020\/07\/7c1bc8a3-e1c4-40fe-90e8-72fef932fe44-150x150.jpg\" class=\"attachment-thumbnail size-thumbnail\" alt=\"\" \/><\/a>\n\t\t\t\t<\/dt><\/dl><dl class='gallery-item'>\n\t\t\t\t<dt class='gallery-icon landscape'>\n\t\t\t\t\t<a class=\"rollover rollover-zoom dt-pswp-item\" title=\"a3514a78-f43e-44fb-a076-cb824202c683\" data-dt-img-description=\"\" data-large_image_width=\"300\" data-large_image_height=\"225\"href='https:\/\/www.radiopiu.net\/wordpress\/wp-content\/uploads\/2020\/07\/a3514a78-f43e-44fb-a076-cb824202c683.jpg'><img loading=\"lazy\" decoding=\"async\" width=\"150\" height=\"150\" src=\"https:\/\/www.radiopiu.net\/wordpress\/wp-content\/uploads\/2020\/07\/a3514a78-f43e-44fb-a076-cb824202c683-150x150.jpg\" class=\"attachment-thumbnail size-thumbnail\" alt=\"\" \/><\/a>\n\t\t\t\t<\/dt><\/dl><br style=\"clear: both\" \/>\n\t\t\t<\/div>\n\n<p>&nbsp;<\/p>\n<p><em><strong>ARCHIVIO RADIO PIU, 28 NOVEMBRE 2019<\/strong><\/em><\/p>\n<p>Carfon non \u00e8 frazione isolata, la si pu\u00f2 raggiungere da Vallada via Gaer, la strada presenta una pendenza del 10% e tornanti in serie da far girare la testa. A valle, prima del ponte in legno, un\u2019altra piccola devastazione del territorio che obbliga al senso unico alternato, niente di grave perch\u00e9 \u00e8 solo il prolungamento dell\u2019altro senso unico, lungo tutta l\u2019irta salita che porta a Carfon, un tratto di strada impegnativo e lungo, quindi diretta conseguenza sono i tempi lunghi di attesa, ma almeno chi vi abita pu\u00f2 tornare a casa con la speranza che abbondanti nevicate non portino all\u2019isolamento della frazione.<\/p>\n<p><iframe loading=\"lazy\" title=\"VID 20191128 113050\" width=\"1200\" height=\"675\" src=\"https:\/\/www.youtube.com\/embed\/LGCauT6E-LA?feature=oembed\" frameborder=\"0\" allow=\"accelerometer; autoplay; clipboard-write; encrypted-media; gyroscope; picture-in-picture\" allowfullscreen><\/iframe><\/p>\n<p>PRECISAZIONI: nel video c\u2019e\u2019 un evidente errore, la valle che si vede \u00e8 la valle di Gares come non viene specificato nella cronaca e chiedo scusa per l\u2019errore. Inoltre i ben informati ci dicono che la pendenza della strada di Gaer \u00e8 del 15%<\/p>\n<p>&nbsp;<\/p>\n<p>&nbsp;<\/p>\n<hr \/>\n<p>&nbsp;<\/p>\n<blockquote>\n<h3>IL PUNTO SULLE VACCINAZIONI ANTI TBE<\/h3>\n<\/blockquote>\n<p><strong><a class=\"dt-pswp-item\" href=\"https:\/\/www.radiopiu.net\/wordpress\/wp-content\/uploads\/2020\/07\/7976b00d-092f-453e-a24e-7c04810fcc9f.jpg\" data-dt-img-description=\"\" data-large_image_width=\"2048\" data-large_image_height=\"1152\"><img loading=\"lazy\" decoding=\"async\" class=\"size-medium wp-image-149017 alignleft\" src=\"https:\/\/www.radiopiu.net\/wordpress\/wp-content\/uploads\/2020\/07\/7976b00d-092f-453e-a24e-7c04810fcc9f-300x169.jpg\" alt=\"\" width=\"300\" height=\"169\" srcset=\"https:\/\/www.radiopiu.net\/wordpress\/wp-content\/uploads\/2020\/07\/7976b00d-092f-453e-a24e-7c04810fcc9f-300x169.jpg 300w, https:\/\/www.radiopiu.net\/wordpress\/wp-content\/uploads\/2020\/07\/7976b00d-092f-453e-a24e-7c04810fcc9f-1024x576.jpg 1024w, https:\/\/www.radiopiu.net\/wordpress\/wp-content\/uploads\/2020\/07\/7976b00d-092f-453e-a24e-7c04810fcc9f-768x432.jpg 768w, https:\/\/www.radiopiu.net\/wordpress\/wp-content\/uploads\/2020\/07\/7976b00d-092f-453e-a24e-7c04810fcc9f-1536x864.jpg 1536w, https:\/\/www.radiopiu.net\/wordpress\/wp-content\/uploads\/2020\/07\/7976b00d-092f-453e-a24e-7c04810fcc9f.jpg 2048w\" sizes=\"auto, (max-width: 300px) 100vw, 300px\" \/><\/a>BELLUNO\u00a0<\/strong>La Regione Veneto,<span class=\"Apple-converted-space\">\u00a0 <\/span>ha stabilito, a partire dal 24\/05\/2019 la gratuit\u00e0 della vaccinazione anti TBE ai residenti dell&#8217;Azienda ULSS 1 Dolomiti mentre ai restanti residenti del Veneto la vaccinazione \u00e8 offerta alla tariffa agevolata di \u20ac 25.\u00a0Dopo la sospensione per l\u2019emergenza COVID, le vaccinazioni anti TBE sono riprese al San Martino di Belluno con la modalit\u00e0 drive \u2013 in che permette di vaccinare in maniera sicura e rapida.<span class=\"Apple-converted-space\">\u00a0 <\/span>Con questa modalit\u00e0 sono gi\u00e0 state vaccinate 500 persone a week end. A breve sar\u00e0 attivata questa modalit\u00e0 anche in altri distretti.\u00a0All\u2019ospedale di Feltre, sono state eseguite 600 vaccinazioni negli ampi spazi disponibile al Centro Prelievi utilizzato oggi per garantire la vaccinazione in sicurezza grazie a un\u2019ampia squadra di assistenti sanitari del Dipartimento di prevenzione. Un altro turno \u00e8 stato organizzato per domenica prossima.\u00a0Le persone in lista d\u2019attesa verranno contattate per fissare un appuntamento dedicato.\u00a0Le persone da vaccinare si recheranno nell\u2019area \u201cdrive-in\u201d con il proprio mezzo, indossando la mascherina e una maglietta per favorire la vaccinazione nella parte alta del braccio (muscolo deltoide).\u00a0Dopo la vaccinazione le persone attenderanno, come di consueto, 15 minuti in un\u2019area riservata e sorvegliata da personale sanitario.<span class=\"Apple-converted-space\">\u00a0\u00a0<\/span>Per eventuali informazioni \u00e8 attivo un numero telefonico dedicato: 0437.514333, dalle ore 10 alle ore 12, dal luned\u00ec al venerd\u00ec.<\/p>\n<p>&nbsp;<\/p>\n<hr \/>\n<p>&nbsp;<\/p>\n<blockquote>\n<h3 align=\"CENTER\"><span style=\"font-family: Tahoma, sans-serif;\"><span style=\"font-size: large;\">Zecche: conoscerle prima dell\u2019estate<\/span><\/span><\/h3>\n<p><span style=\"font-family: Tahoma, sans-serif;\"><span style=\"font-size: small;\">\u00a0Zecche: conoscerle per evitarle. L\u2019Ospedale San Martino di Belluno \u00e8 Centro di riferimento per le patologie trasmesse da zecche. <\/span><\/span><span style=\"font-family: Tahoma, sans-serif;\"><span style=\"font-size: small;\"><b>Renzo Scaggiante<\/b><\/span><\/span><span style=\"font-family: Tahoma, sans-serif;\"><span style=\"font-size: small;\">, direttore di Malattie infettive, d\u00e0 qualche consiglio sul tema.<\/span><\/span><\/p><\/blockquote>\n<p><span style=\"font-family: Tahoma, sans-serif;\"><span style=\"font-size: small;\"><b>Quali malattie possono trasmettere le zecche?<a class=\"dt-pswp-item\" href=\"https:\/\/www.radiopiu.net\/wordpress\/wp-content\/uploads\/2020\/07\/FB_IMG_1594562651448.jpg\" data-dt-img-description=\"\" data-large_image_width=\"768\" data-large_image_height=\"1024\"><img loading=\"lazy\" decoding=\"async\" class=\"size-medium wp-image-149069 alignleft\" src=\"https:\/\/www.radiopiu.net\/wordpress\/wp-content\/uploads\/2020\/07\/FB_IMG_1594562651448-225x300.jpg\" alt=\"\" width=\"225\" height=\"300\" srcset=\"https:\/\/www.radiopiu.net\/wordpress\/wp-content\/uploads\/2020\/07\/FB_IMG_1594562651448-225x300.jpg 225w, https:\/\/www.radiopiu.net\/wordpress\/wp-content\/uploads\/2020\/07\/FB_IMG_1594562651448.jpg 768w\" sizes=\"auto, (max-width: 225px) 100vw, 225px\" \/><\/a><\/b><\/span><\/span><\/p>\n<p align=\"JUSTIFY\"><span style=\"font-family: Tahoma, sans-serif;\"><span style=\"font-size: small;\">Con l\u2019arrivo dei mesi pi\u00f9 caldi e umidi, tra maggio e ottobre prevalentemente, si ripropone la problematica relativa alle malattie trasmesse da zecche. <\/span><\/span><span style=\"font-family: Tahoma, sans-serif;\"><span style=\"font-size: small;\">Le zecche sono acari, che per il loro sviluppo hanno bisogno di nutrirsi di sangue, che si procurano parassitando numerosi animali selvatici e domestici e occasionalmente l\u2019uomo. <\/span><\/span><span style=\"font-family: Tahoma, sans-serif;\"><span style=\"font-size: small;\">Gli acari trovano il loro habitat ideale nelle zone boschive miste, umide, ricche di cespugli e di sottobosco e radure con erba alta. Sono pi\u00f9 abbondanti ad altitudini inferiori ai 1000 metri. <\/span><\/span><span style=\"font-family: Tahoma, sans-serif;\"><span style=\"font-size: small;\">La zecca ampiamente pi\u00f9 diffusa in Italia \u00e8 l\u2019Ixodes ricinus, che funge da vettore e da serbatoio per numerose malattie tra cui la borreliosi di Lyme, l\u2019encefalite da morso di zecca (TBE), l\u2019herlichiosi \u2013anaplasmosi, la babebiosi. <\/span><\/span><span style=\"font-family: Tahoma, sans-serif;\"><span style=\"font-size: small;\">Le prime due malattie hanno fatto registrare un notevole incremento negli ultimi anni, in ragione delle mutate condizioni climatiche e della maggiore attenzione nel diagnosticarle. <\/span><\/span><span style=\"font-family: Tahoma, sans-serif;\"><span style=\"font-size: small;\">La borreliosi di Lyme e la TBE trovano un\u2019ampia diffusione nel nord-est dell\u2019Italia ed in particolar modo nell\u2019area bellunese, dove si registrano, negli ultimi dieci anni circa 700 casi di borreliosi e il 40% dei casi nazionali di TBE. Per questo motivo la Regione Veneta ha individuato nell\u2019Ospedale S.Martino di Belluno il centro di riferimento per le patologie trasmesse da zecche. <\/span><\/span><span style=\"font-family: Tahoma, sans-serif;\"><span style=\"font-size: small;\">E\u2019 importante sottolineare che il fenomeno \u00e8 largamente sottostimato in considerazione della sproporzione esistente tra l\u2019ampia diffusione delle zecche sul territorio nazionale e la relativa scarsit\u00e0 di notifiche delle malattie. La Societ\u00e0 Italiana delle Malattie Infettive e Tropicali (SIMIT), <\/span><\/span><span style=\"font-family: Tahoma, sans-serif;\"><span style=\"font-size: small;\">sta dando molto risalto a queste patologie emergenti al fine di favorirne le diagnosi. <\/span><\/span><span style=\"font-family: Tahoma, sans-serif;\"><span style=\"font-size: small;\"><b>Quali sono i sintomi? <\/b><\/span><\/span><span style=\"font-family: Tahoma, sans-serif;\"><span style=\"font-size: small;\">La malattia pi\u00f9 diffusa \u00e8 la borreliosi, trasmessa dal morso di zecca, endemica nelle aree boschive del Nord-Est. La manifestazione clinica pi\u00f9 frequente \u00e8 l\u2019eritema migrante (un\u2019eruzione cutanea di forma anulare che si estende progressivamente). Il germe, inoculato col morso, in assenza di terapia, pu\u00f2 diffondere attraverso il sistema linfatico o ematico in altri organi o tessuti . <\/span><\/span><span style=\"font-family: Tahoma, sans-serif;\"><span style=\"font-size: small;\">Le manifestazioni extracutanee pi\u00f9 frequenti sono quelle a carico del sistema nervoso con meningiti, encefaliti, neuropatie periferiche e quelle a carico delle articolazioni con la classica artrite di Lyme. <\/span><\/span><span style=\"font-family: Tahoma, sans-serif;\"><span style=\"font-size: small;\">Altre localizzazioni pi\u00f9 rare si possono registrare a livello del cardiaco e oculare. <\/span><\/span><span style=\"font-size: small; font-family: Tahoma, sans-serif;\">L\u2019altra patologia di rilievo \u00e8 rappresentata dalla TBE, di cui si registra un crescente aumento. La malattia decorre, il pi\u00f9 delle volte,in maniera asintomatica,ma quando si manifesta \u00e8 caratterizzata da un andamento febbrile bi-fasico: inizialmente compare iperpiressia associata a cefalea e altri sintomi simil-influenzali, successivamente, dopo un periodo variabile di circa 10 giorni in cui si riacquista un relativo benessere, ricompare la febbre associata a interessamento del sistema nervoso con encefalite, meningite, paralisi. La mortalit\u00e0 \u00e8 del 2%. <\/span><span style=\"font-family: Tahoma, sans-serif;\"><span style=\"font-size: small;\"><b>Come si curano? <\/b><\/span><\/span><span style=\"font-family: Tahoma, sans-serif;\"><span style=\"font-size: small;\">Mentre la borreliosi di Lyme \u00e8 curabile con la terapia antibiotica, la TBE, non beneficia di farmaci specifici e pu\u00f2 essere prevenuta con la vaccinazione, che \u00e8 fortemente consigliata a chi frequenta aree endemiche. <\/span><\/span><b style=\"font-size: small; font-family: Tahoma, sans-serif;\">Quest\u2019anno ci sono gi\u00e0 stati casi arrivati all\u2019osservazione?<\/b>Per quanto riguarda la casistica, da quando abbiamo riaperto le visite ambulatoriali, fra consulenze telefoniche e visite vere e proprie, vediamo almeno 4-6 casi di punture di zecche alla settimana, mentre nell&#8217;ultimo mese abbiamo ricoverato 4 persone con TBE, tutte dimesse guarite\u00bb, spiega Renzo Scaggiante.<\/p>\n<p>&nbsp;<\/p>\n<p>&nbsp;<\/p>\n<p>&nbsp;<\/p>\n<hr \/>\n<blockquote>\n<h3><\/h3>\n<h3>LA PISTA IN NEVEPLAST AL MOLINO DI FALCADE<\/h3>\n<\/blockquote>\n<p><strong>FALCADE\u00a0<\/strong>Un pomeriggio di sole e sport in localit\u00e0 Molino a Falcade dove i giovani atleti dello Ski College Falcade e dello Sci Club Val Biois hanno potuto provare l&#8217;ebrezza di sciare anche d&#8217;estate. Questo grazie alla pista in Neveplast posizionata al rientro della cabinovia Molino &#8211; Le Buse. Un&#8217;idea nata durante il lockdown da Davide Pettini dello Ski College di Falcade e accolta a braccia aperte dal sindaco Michele Costa. Ieri le prime prove sulla pista in occasione dell&#8217;arrivo delle reporter di &#8220;Donnaventura&#8221;, il programma di Rete 4 che in questi giorni ha avuto l&#8217;occasione di essere in Agordino per le riprese di una puntata che prossimamente andr\u00e0 in onda.<\/p>\n<p><strong>LE FOTO<\/strong><\/p>\n\n\t\t\t<style type='text\/css'>\n\t\t\t\t#gallery-3 {\n\t\t\t\t\tmargin: auto;\n\t\t\t\t}\n\t\t\t\t#gallery-3 .gallery-item {\n\t\t\t\t\tfloat: left;\n\t\t\t\t\tmargin-top: 10px;\n\t\t\t\t\ttext-align: center;\n\t\t\t\t\twidth: 25%;\n\t\t\t\t}\n\t\t\t\t#gallery-3 img {\n\t\t\t\t\tborder: 2px solid #cfcfcf;\n\t\t\t\t}\n\t\t\t\t#gallery-3 .gallery-caption {\n\t\t\t\t\tmargin-left: 0;\n\t\t\t\t}\n\t\t\t\t\/* see gallery_shortcode() in wp-includes\/media.php *\/\n\t\t\t<\/style>\n\t\t<div id='gallery-3' class='dt-gallery-container gallery galleryid-148995 gallery-columns-4 gallery-size-thumbnail'><dl class='gallery-item'>\n\t\t\t\t<dt class='gallery-icon landscape'>\n\t\t\t\t\t<a class=\"rollover rollover-zoom dt-pswp-item\" title=\"b1e9f467-b18e-42d4-9b7d-6ab14a5ea621\" data-dt-img-description=\"\" data-large_image_width=\"1024\" data-large_image_height=\"768\"href='https:\/\/www.radiopiu.net\/wordpress\/wp-content\/uploads\/2020\/07\/b1e9f467-b18e-42d4-9b7d-6ab14a5ea621.jpg'><img loading=\"lazy\" decoding=\"async\" width=\"150\" height=\"150\" src=\"https:\/\/www.radiopiu.net\/wordpress\/wp-content\/uploads\/2020\/07\/b1e9f467-b18e-42d4-9b7d-6ab14a5ea621-150x150.jpg\" class=\"attachment-thumbnail size-thumbnail\" alt=\"\" \/><\/a>\n\t\t\t\t<\/dt><\/dl><dl class='gallery-item'>\n\t\t\t\t<dt class='gallery-icon landscape'>\n\t\t\t\t\t<a class=\"rollover rollover-zoom dt-pswp-item\" title=\"ae880c21-add3-4da7-ae7a-072c78249c94\" data-dt-img-description=\"\" data-large_image_width=\"1024\" data-large_image_height=\"768\"href='https:\/\/www.radiopiu.net\/wordpress\/wp-content\/uploads\/2020\/07\/ae880c21-add3-4da7-ae7a-072c78249c94.jpg'><img loading=\"lazy\" decoding=\"async\" width=\"150\" height=\"150\" src=\"https:\/\/www.radiopiu.net\/wordpress\/wp-content\/uploads\/2020\/07\/ae880c21-add3-4da7-ae7a-072c78249c94-150x150.jpg\" class=\"attachment-thumbnail size-thumbnail\" alt=\"\" \/><\/a>\n\t\t\t\t<\/dt><\/dl><dl class='gallery-item'>\n\t\t\t\t<dt class='gallery-icon landscape'>\n\t\t\t\t\t<a class=\"rollover rollover-zoom dt-pswp-item\" title=\"09e842d8-dd86-497c-91f9-b9e27d6741b2\" data-dt-img-description=\"\" data-large_image_width=\"1024\" data-large_image_height=\"768\"href='https:\/\/www.radiopiu.net\/wordpress\/wp-content\/uploads\/2020\/07\/09e842d8-dd86-497c-91f9-b9e27d6741b2.jpg'><img loading=\"lazy\" decoding=\"async\" width=\"150\" height=\"150\" src=\"https:\/\/www.radiopiu.net\/wordpress\/wp-content\/uploads\/2020\/07\/09e842d8-dd86-497c-91f9-b9e27d6741b2-150x150.jpg\" class=\"attachment-thumbnail size-thumbnail\" alt=\"\" \/><\/a>\n\t\t\t\t<\/dt><\/dl><dl class='gallery-item'>\n\t\t\t\t<dt class='gallery-icon landscape'>\n\t\t\t\t\t<a class=\"rollover rollover-zoom dt-pswp-item\" title=\"a6fb4966-2253-440a-aefe-d3bbcc5df673\" data-dt-img-description=\"\" data-large_image_width=\"1024\" data-large_image_height=\"768\"href='https:\/\/www.radiopiu.net\/wordpress\/wp-content\/uploads\/2020\/07\/a6fb4966-2253-440a-aefe-d3bbcc5df673.jpg'><img loading=\"lazy\" decoding=\"async\" width=\"150\" height=\"150\" src=\"https:\/\/www.radiopiu.net\/wordpress\/wp-content\/uploads\/2020\/07\/a6fb4966-2253-440a-aefe-d3bbcc5df673-150x150.jpg\" class=\"attachment-thumbnail size-thumbnail\" alt=\"\" \/><\/a>\n\t\t\t\t<\/dt><\/dl><br style=\"clear: both\" \/><dl class='gallery-item'>\n\t\t\t\t<dt class='gallery-icon landscape'>\n\t\t\t\t\t<a class=\"rollover rollover-zoom dt-pswp-item\" title=\"960b20a9-4b1c-4d82-a542-70486de66e94\" data-dt-img-description=\"\" data-large_image_width=\"1024\" data-large_image_height=\"768\"href='https:\/\/www.radiopiu.net\/wordpress\/wp-content\/uploads\/2020\/07\/960b20a9-4b1c-4d82-a542-70486de66e94.jpg'><img loading=\"lazy\" decoding=\"async\" width=\"150\" height=\"150\" src=\"https:\/\/www.radiopiu.net\/wordpress\/wp-content\/uploads\/2020\/07\/960b20a9-4b1c-4d82-a542-70486de66e94-150x150.jpg\" class=\"attachment-thumbnail size-thumbnail\" alt=\"\" \/><\/a>\n\t\t\t\t<\/dt><\/dl><dl class='gallery-item'>\n\t\t\t\t<dt class='gallery-icon landscape'>\n\t\t\t\t\t<a class=\"rollover rollover-zoom dt-pswp-item\" title=\"c9de855a-0c11-40eb-ad49-f818da35e455\" data-dt-img-description=\"\" data-large_image_width=\"1024\" data-large_image_height=\"768\"href='https:\/\/www.radiopiu.net\/wordpress\/wp-content\/uploads\/2020\/07\/c9de855a-0c11-40eb-ad49-f818da35e455.jpg'><img loading=\"lazy\" decoding=\"async\" width=\"150\" height=\"150\" src=\"https:\/\/www.radiopiu.net\/wordpress\/wp-content\/uploads\/2020\/07\/c9de855a-0c11-40eb-ad49-f818da35e455-150x150.jpg\" class=\"attachment-thumbnail size-thumbnail\" alt=\"\" \/><\/a>\n\t\t\t\t<\/dt><\/dl><dl class='gallery-item'>\n\t\t\t\t<dt class='gallery-icon landscape'>\n\t\t\t\t\t<a class=\"rollover rollover-zoom dt-pswp-item\" title=\"fb55c209-0ead-42d3-870b-0e4363160be7\" data-dt-img-description=\"\" data-large_image_width=\"1024\" data-large_image_height=\"768\"href='https:\/\/www.radiopiu.net\/wordpress\/wp-content\/uploads\/2020\/07\/fb55c209-0ead-42d3-870b-0e4363160be7.jpg'><img loading=\"lazy\" decoding=\"async\" width=\"150\" height=\"150\" src=\"https:\/\/www.radiopiu.net\/wordpress\/wp-content\/uploads\/2020\/07\/fb55c209-0ead-42d3-870b-0e4363160be7-150x150.jpg\" class=\"attachment-thumbnail size-thumbnail\" alt=\"\" \/><\/a>\n\t\t\t\t<\/dt><\/dl><dl class='gallery-item'>\n\t\t\t\t<dt class='gallery-icon landscape'>\n\t\t\t\t\t<a class=\"rollover rollover-zoom dt-pswp-item\" title=\"40f13815-b887-4e16-8b24-56bd1d234945\" data-dt-img-description=\"\" data-large_image_width=\"1024\" data-large_image_height=\"768\"href='https:\/\/www.radiopiu.net\/wordpress\/wp-content\/uploads\/2020\/07\/40f13815-b887-4e16-8b24-56bd1d234945.jpg'><img loading=\"lazy\" decoding=\"async\" width=\"150\" height=\"150\" src=\"https:\/\/www.radiopiu.net\/wordpress\/wp-content\/uploads\/2020\/07\/40f13815-b887-4e16-8b24-56bd1d234945-150x150.jpg\" class=\"attachment-thumbnail size-thumbnail\" alt=\"\" \/><\/a>\n\t\t\t\t<\/dt><\/dl><br style=\"clear: both\" \/>\n\t\t\t<\/div>\n\n<p><strong>LA DIRETTA FACEBOOK DI RADIO PIU&#8217;<\/strong><\/p>\n<p>https:\/\/www.facebook.com\/marcobaghy\/videos\/10223146111705194<\/p>\n<p>&nbsp;<\/p>\n<p>&nbsp;<\/p>\n<p>&nbsp;<\/p>\n<p>&nbsp;<\/p>\n<hr \/>\n<blockquote>\n<h3 align=\"JUSTIFY\">IL SECONDO VIDEO DELLA PROLOCO DI AGORDO<\/h3>\n<\/blockquote>\n<p align=\"JUSTIFY\"><strong><a class=\"dt-pswp-item\" href=\"https:\/\/www.radiopiu.net\/wordpress\/wp-content\/uploads\/2020\/07\/UFFICIO-TURISTICO-AGORDO.jpg\" data-dt-img-description=\"\" data-large_image_width=\"959\" data-large_image_height=\"960\"><img loading=\"lazy\" decoding=\"async\" class=\"size-medium wp-image-149042 alignleft\" src=\"https:\/\/www.radiopiu.net\/wordpress\/wp-content\/uploads\/2020\/07\/UFFICIO-TURISTICO-AGORDO-300x300.jpg\" alt=\"\" width=\"300\" height=\"300\" srcset=\"https:\/\/www.radiopiu.net\/wordpress\/wp-content\/uploads\/2020\/07\/UFFICIO-TURISTICO-AGORDO-300x300.jpg 300w, https:\/\/www.radiopiu.net\/wordpress\/wp-content\/uploads\/2020\/07\/UFFICIO-TURISTICO-AGORDO-150x150.jpg 150w, https:\/\/www.radiopiu.net\/wordpress\/wp-content\/uploads\/2020\/07\/UFFICIO-TURISTICO-AGORDO-768x769.jpg 768w, https:\/\/www.radiopiu.net\/wordpress\/wp-content\/uploads\/2020\/07\/UFFICIO-TURISTICO-AGORDO.jpg 959w\" sizes=\"auto, (max-width: 300px) 100vw, 300px\" \/><\/a>AGORDO<\/strong>\u00a0 L\u2019Ufficio Turistico di Agordo-Conca Agordina lancia il secondo dei 3 video promozionali, nati dall\u2019idea e con il sostegno dell\u2019Amministrazione Comunale di Agordo, finalizzati alla promozione del territorio in tutti i suoi aspetti pi\u00f9 autentici. In questo video Federica e Michel, vi faranno conoscere la Conca Agordina tra arte, cultura, tradizione e enogastronomia, alla scoperta di antichi borghi e visioni panoramiche. Come nel primo video, la frase di presentazione\u00a0<i>\u201cUn autentico cuore verde tra le Dolomiti \u2013 Conca Agordina\u201d<\/i>\u00a0rimane invariata per evocare nuovamente l\u2019ambiente naturale e l\u2019unicit\u00e0 del Broi, l\u2019unica piazza verde immersa tra le Dolomiti, che caratterizza il cuore del paese e che pi\u00f9 volte risalta nelle visioni dal drone. \u201c<i>Sono sicura che queste immagini faranno emergere in noi un senso di\u00a0<\/i><i>stupore<\/i><i>\u00a0e faranno comprendere, a chi non conosce questo territorio, la meraviglia che ci circonda\u201d<\/i>\u00a0dice Chiara Fontanive, assessore al Turismo del Comune di Agordo. \u201c<i>Un ringraziamento speciale a chi ha partecipato alla realizzazione del secondo video: gli attori principali Federica e Michel, Eva, Tiziano, Marco, la famiglia Bressan, la Parrocchia di Agordo, AD Agordo Pro Loco e lo staff organizzativo di Alice, Celeste, Davide, Elena, Fiorangela e Giada\u201d<\/i>. Il video \u00e8 stato realizzato dal videomaker Davide Dal Mas ed \u00e8 stato lanciato ieri sulla pagina Facebook\u00a0<i>Ufficio Turistico di Agordo<\/i>, canale Youtube e profilo Instagram.<\/p>\n<p align=\"JUSTIFY\"><strong>IL VIDEO<\/strong><\/p>\n<p><iframe loading=\"lazy\" title=\"Conca Agordina, un autentico cuore verde tra le Dolomiti. Storia, gastronomia, tradizioni e arte.\" width=\"1200\" height=\"675\" src=\"https:\/\/www.youtube.com\/embed\/8Refgyczs8U?feature=oembed\" frameborder=\"0\" allow=\"accelerometer; autoplay; clipboard-write; encrypted-media; gyroscope; picture-in-picture\" allowfullscreen><\/iframe><\/p>\n<hr \/>\n<h3><\/h3>\n<blockquote>\n<h3>LA QUINTA CHIMICI DI AGORDO DEVOLVE A PETTIROSSO AGORDINO I SOLDI RACCOLTI PER ORGANIZZARE L&#8217;ATOMIC PARTY<\/h3>\n<\/blockquote>\n<p><a class=\"dt-pswp-item\" href=\"https:\/\/www.radiopiu.net\/wordpress\/wp-content\/uploads\/2020\/07\/317de937-a429-4ea1-ba34-06e78bae43e0.jpg\" data-dt-img-description=\"\" data-large_image_width=\"1034\" data-large_image_height=\"769\"><img loading=\"lazy\" decoding=\"async\" class=\"alignnone wp-image-148991 size-full\" src=\"https:\/\/www.radiopiu.net\/wordpress\/wp-content\/uploads\/2020\/07\/317de937-a429-4ea1-ba34-06e78bae43e0.jpg\" alt=\"\" width=\"1034\" height=\"769\" srcset=\"https:\/\/www.radiopiu.net\/wordpress\/wp-content\/uploads\/2020\/07\/317de937-a429-4ea1-ba34-06e78bae43e0.jpg 1034w, https:\/\/www.radiopiu.net\/wordpress\/wp-content\/uploads\/2020\/07\/317de937-a429-4ea1-ba34-06e78bae43e0-300x223.jpg 300w, https:\/\/www.radiopiu.net\/wordpress\/wp-content\/uploads\/2020\/07\/317de937-a429-4ea1-ba34-06e78bae43e0-1024x762.jpg 1024w, https:\/\/www.radiopiu.net\/wordpress\/wp-content\/uploads\/2020\/07\/317de937-a429-4ea1-ba34-06e78bae43e0-768x571.jpg 768w\" sizes=\"auto, (max-width: 1034px) 100vw, 1034px\" \/><\/a><\/p>\n<p>di Gianni Santomaso<\/p>\n<audio class=\"wp-audio-shortcode\" id=\"audio-148995-3\" preload=\"none\" style=\"width: 100%;\" controls=\"controls\"><source type=\"audio\/mpeg\" src=\"https:\/\/www.radiopiu.net\/wordpress\/wp-content\/uploads\/2020\/07\/GIANNI-ATOMIC-PARTY.mp3?_=3\" \/><a href=\"https:\/\/www.radiopiu.net\/wordpress\/wp-content\/uploads\/2020\/07\/GIANNI-ATOMIC-PARTY.mp3\">https:\/\/www.radiopiu.net\/wordpress\/wp-content\/uploads\/2020\/07\/GIANNI-ATOMIC-PARTY.mp3<\/a><\/audio>\n<p>&nbsp;<\/p>\n<p><em>Elenco degli sponsor che hanno versato il contributo per l&#8217;Atomic Party poi destinato all&#8217;associazione Pettirosso Agordino<\/em><\/p>\n<p>Oh per Bacco, SG Marmi, Il Trentadue, Ristorante-Pizzeria da Silvio, DNA, Falegnameria Soppelsa, Bar Enoteca Schenot, Baita Dies Bis, Zum Brillenbar Restaurant, Ristorante-Pizzeria Livia, Bar Sport, El Forner, Zasso Luigino Ferramenta, Bar Osteria da Flora, Bar Ristorante Al Molin, Agriturismo Malga Le Buse, Daisy, L&#8217;Ari\u00e9t, Soccol Napi, Stella Alpina Falcade, Gigio Piciol, San Pellegrino Ski Area, La Fonte del Pane, Pizzeria-Ristorante Rosa Nera, Giardino Agordino, El Festil, Birreria Stella, Nadia e Renata Parrucchiere, Caff\u00e8 Miniere, Schena Motor, Les Bon Bons, Sport Hotel Cristal, Profumeria Wanda, Panificio Pasticceria Crock, Ricci e Capricci, Bepi Bosol, Carlin &#8220;Il Pane&#8221;, Salone Sonia Agordo, Kids&amp;TeenAgers, Etcetera, Bar Commercio Cencenighe, Mauri Gipsy, Lorenzi Foto Bazar, Bar Coop, Bottegon, Calzature Costa di Rossi Elena, Il Fil\u00f2, La Croda, Confezioni Simeoni Falcade, Salone Sandra, La Nuova Corniceria di Luca Soppelsa, Manfroi Paviarredo Snc, Mobili Arredamenti Rossi Lino, Mobili Collarin, Idea Salone, Orologeria Gioielleria Fontanive Cencenighe, Free Time, Agordo Foto, Edicola Cencenighe, VEM La Valle, Macelleria Costa, Fontanive Marco, Poltronieri, Sport 203, Edicola Sommariva.<\/p>\n<p>&nbsp;<\/p>\n<hr \/>\n<p>&nbsp;<\/p>\n<blockquote class=\"wp-embedded-content\" data-secret=\"acZTOiFItV\"><p><a href=\"https:\/\/www.radiopiu.net\/wordpress\/in-italia-paghiamo-piu-pensioni-che-buste-paga-a-parte-rovigo-veneto-in-controtendenza\/\">IN ITALIA PAGHIAMO PIU\u2019 PENSIONI CHE BUSTE PAGA. A PARTE ROVIGO, VENETO IN CONTROTENDENZA<\/a><\/p><\/blockquote>\n<p><iframe loading=\"lazy\" class=\"wp-embedded-content\" sandbox=\"allow-scripts\" security=\"restricted\" style=\"position: absolute; clip: rect(1px, 1px, 1px, 1px);\" title=\"&#8220;IN ITALIA PAGHIAMO PIU\u2019 PENSIONI CHE BUSTE PAGA. A PARTE ROVIGO, VENETO IN CONTROTENDENZA&#8221; &#8212; Radio Pi\u00f9\" src=\"https:\/\/www.radiopiu.net\/wordpress\/in-italia-paghiamo-piu-pensioni-che-buste-paga-a-parte-rovigo-veneto-in-controtendenza\/embed\/#?secret=acZTOiFItV\" data-secret=\"acZTOiFItV\" width=\"600\" height=\"338\" frameborder=\"0\" marginwidth=\"0\" marginheight=\"0\" scrolling=\"no\"><\/iframe><\/p>\n<hr \/>\n<p>&nbsp;<\/p>\n<blockquote class=\"wp-embedded-content\" data-secret=\"koFA5TpH3b\"><p><a href=\"https:\/\/www.radiopiu.net\/wordpress\/belluno-a-cavallo-di-due-decenni-di-renato-bona\/\">\u201cBELLUNO A CAVALLO DI DUE DECENNI\u201d di RENATO BONA<\/a><\/p><\/blockquote>\n<p><iframe loading=\"lazy\" class=\"wp-embedded-content\" sandbox=\"allow-scripts\" security=\"restricted\" style=\"position: absolute; clip: rect(1px, 1px, 1px, 1px);\" title=\"&#8220;\u201cBELLUNO A CAVALLO DI DUE DECENNI\u201d di RENATO BONA&#8221; &#8212; Radio Pi\u00f9\" src=\"https:\/\/www.radiopiu.net\/wordpress\/belluno-a-cavallo-di-due-decenni-di-renato-bona\/embed\/#?secret=koFA5TpH3b\" data-secret=\"koFA5TpH3b\" width=\"600\" height=\"338\" frameborder=\"0\" marginwidth=\"0\" marginheight=\"0\" scrolling=\"no\"><\/iframe><\/p>\n<p>&nbsp;<\/p>\n<p>&nbsp;<\/p>\n<hr \/>\n<p>&nbsp;<\/p>\n<blockquote>\n<h3>LA COMETA NEOWISE CONTINUA A DARE SPETTACOLO<\/h3>\n<\/blockquote>\n<p><strong>di Claudio Pra<\/strong><\/p>\n<p>Sempre pi\u00f9 spettacolare la cometa Neowise, che in pochi giorni ha raddoppiato la lunghezza della coda, ed ora, di code, ne sfoggia due, quella di polveri, molto evidente ed incurvata, e quella di ioni, sottile, dritta e pi\u00f9 flebile. Sar\u00e0 senz&#8217;altro ricordata negli annali come la grande cometa del 2020, un oggetto celeste imperdibile, la prossima settimana visibile meglio in tarda serata, dopo le 22.30, osservando un po&#8217; pi\u00f9 a destra di dove \u00e8 tramontato il Sole. Dalle nostre Dolomiti lo spettacolo \u00e8 grandioso, con la Neowise che sorvola le montagne.<\/p>\n\n\t\t\t<style type='text\/css'>\n\t\t\t\t#gallery-4 {\n\t\t\t\t\tmargin: auto;\n\t\t\t\t}\n\t\t\t\t#gallery-4 .gallery-item {\n\t\t\t\t\tfloat: left;\n\t\t\t\t\tmargin-top: 10px;\n\t\t\t\t\ttext-align: center;\n\t\t\t\t\twidth: 50%;\n\t\t\t\t}\n\t\t\t\t#gallery-4 img {\n\t\t\t\t\tborder: 2px solid #cfcfcf;\n\t\t\t\t}\n\t\t\t\t#gallery-4 .gallery-caption {\n\t\t\t\t\tmargin-left: 0;\n\t\t\t\t}\n\t\t\t\t\/* see gallery_shortcode() in wp-includes\/media.php *\/\n\t\t\t<\/style>\n\t\t<div id='gallery-4' class='dt-gallery-container gallery galleryid-148995 gallery-columns-2 gallery-size-medium'><dl class='gallery-item'>\n\t\t\t\t<dt class='gallery-icon landscape'>\n\t\t\t\t\t<a class=\"rollover rollover-zoom dt-pswp-item\" title=\"91dd67a2-6965-4e3d-81eb-86fdfc854081\" data-dt-img-description=\"\" data-large_image_width=\"1600\" data-large_image_height=\"900\"href='https:\/\/www.radiopiu.net\/wordpress\/wp-content\/uploads\/2020\/07\/91dd67a2-6965-4e3d-81eb-86fdfc854081.jpg'><img loading=\"lazy\" decoding=\"async\" width=\"300\" height=\"169\" src=\"https:\/\/www.radiopiu.net\/wordpress\/wp-content\/uploads\/2020\/07\/91dd67a2-6965-4e3d-81eb-86fdfc854081-300x169.jpg\" class=\"attachment-medium size-medium\" alt=\"\" srcset=\"https:\/\/www.radiopiu.net\/wordpress\/wp-content\/uploads\/2020\/07\/91dd67a2-6965-4e3d-81eb-86fdfc854081-300x169.jpg 300w, https:\/\/www.radiopiu.net\/wordpress\/wp-content\/uploads\/2020\/07\/91dd67a2-6965-4e3d-81eb-86fdfc854081-1024x576.jpg 1024w, https:\/\/www.radiopiu.net\/wordpress\/wp-content\/uploads\/2020\/07\/91dd67a2-6965-4e3d-81eb-86fdfc854081-768x432.jpg 768w, https:\/\/www.radiopiu.net\/wordpress\/wp-content\/uploads\/2020\/07\/91dd67a2-6965-4e3d-81eb-86fdfc854081-1536x864.jpg 1536w, https:\/\/www.radiopiu.net\/wordpress\/wp-content\/uploads\/2020\/07\/91dd67a2-6965-4e3d-81eb-86fdfc854081.jpg 1600w\" sizes=\"auto, (max-width: 300px) 100vw, 300px\" \/><\/a>\n\t\t\t\t<\/dt><\/dl><dl class='gallery-item'>\n\t\t\t\t<dt class='gallery-icon landscape'>\n\t\t\t\t\t<a class=\"rollover rollover-zoom dt-pswp-item\" title=\"e77eaa22-9fc8-49c4-8963-e8a5e5e29b50\" data-dt-img-description=\"\" data-large_image_width=\"1372\" data-large_image_height=\"770\"href='https:\/\/www.radiopiu.net\/wordpress\/wp-content\/uploads\/2020\/07\/e77eaa22-9fc8-49c4-8963-e8a5e5e29b50.jpg'><img loading=\"lazy\" decoding=\"async\" width=\"300\" height=\"168\" src=\"https:\/\/www.radiopiu.net\/wordpress\/wp-content\/uploads\/2020\/07\/e77eaa22-9fc8-49c4-8963-e8a5e5e29b50-300x168.jpg\" class=\"attachment-medium size-medium\" alt=\"\" srcset=\"https:\/\/www.radiopiu.net\/wordpress\/wp-content\/uploads\/2020\/07\/e77eaa22-9fc8-49c4-8963-e8a5e5e29b50-300x168.jpg 300w, https:\/\/www.radiopiu.net\/wordpress\/wp-content\/uploads\/2020\/07\/e77eaa22-9fc8-49c4-8963-e8a5e5e29b50-1024x575.jpg 1024w, https:\/\/www.radiopiu.net\/wordpress\/wp-content\/uploads\/2020\/07\/e77eaa22-9fc8-49c4-8963-e8a5e5e29b50-768x431.jpg 768w, https:\/\/www.radiopiu.net\/wordpress\/wp-content\/uploads\/2020\/07\/e77eaa22-9fc8-49c4-8963-e8a5e5e29b50.jpg 1372w\" sizes=\"auto, (max-width: 300px) 100vw, 300px\" \/><\/a>\n\t\t\t\t<\/dt><\/dl><br style=\"clear: both\" \/>\n\t\t\t<\/div>\n\n<p>&nbsp;<\/p>\n<hr \/>\n<p>&nbsp;<\/p>\n<blockquote class=\"wp-embedded-content\" data-secret=\"2WCR8tjHuA\"><p><a href=\"https:\/\/www.radiopiu.net\/wordpress\/festa-del-cacciatore-agordino-estrazione-biglietti-vincenti-primo-premio-al-b-4233\/\">FESTA DEL CACCIATORE AGORDINO, ESTRAZIONE BIGLIETTI VINCENTI. PRIMO PREMIO AL B 4233<\/a><\/p><\/blockquote>\n<p><iframe loading=\"lazy\" class=\"wp-embedded-content\" sandbox=\"allow-scripts\" security=\"restricted\" style=\"position: absolute; clip: rect(1px, 1px, 1px, 1px);\" title=\"&#8220;FESTA DEL CACCIATORE AGORDINO, ESTRAZIONE BIGLIETTI VINCENTI. PRIMO PREMIO AL B 4233&#8221; &#8212; Radio Pi\u00f9\" src=\"https:\/\/www.radiopiu.net\/wordpress\/festa-del-cacciatore-agordino-estrazione-biglietti-vincenti-primo-premio-al-b-4233\/embed\/#?secret=2WCR8tjHuA\" data-secret=\"2WCR8tjHuA\" width=\"600\" height=\"338\" frameborder=\"0\" marginwidth=\"0\" marginheight=\"0\" scrolling=\"no\"><\/iframe><\/p>\n<p>&nbsp;<\/p>\n<p>&nbsp;<\/p>\n<p>&nbsp;<\/p>\n<hr \/>\n<h3 class=\"photoswipe-wrapper\"><a class=\"dt-pswp-item pspw-wrap-ready\" href=\"https:\/\/i2.wp.com\/www.radiopiu.net\/wordpress\/wp-content\/uploads\/2018\/09\/appuntamenti.jpeg?ssl=1\" data-dt-img-description=\"\" data-large_image_width=\"800\" data-large_image_height=\"100\"><img loading=\"lazy\" decoding=\"async\" class=\"alignnone wp-image-61958 size-full jetpack-lazy-image jetpack-lazy-image--handled\" src=\"https:\/\/i2.wp.com\/www.radiopiu.net\/wordpress\/wp-content\/uploads\/2018\/09\/appuntamenti.jpeg?resize=800%2C100&amp;ssl=1\" sizes=\"auto, (max-width: 800px) 100vw, 800px\" srcset=\"https:\/\/i2.wp.com\/www.radiopiu.net\/wordpress\/wp-content\/uploads\/2018\/09\/appuntamenti.jpeg?w=800&amp;ssl=1 800w, https:\/\/i2.wp.com\/www.radiopiu.net\/wordpress\/wp-content\/uploads\/2018\/09\/appuntamenti.jpeg?resize=300%2C38&amp;ssl=1 300w, https:\/\/i2.wp.com\/www.radiopiu.net\/wordpress\/wp-content\/uploads\/2018\/09\/appuntamenti.jpeg?resize=768%2C96&amp;ssl=1 768w\" alt=\"\" width=\"800\" height=\"100\" data-lazy-loaded=\"1\" \/><\/a><\/h3>\n<p>&nbsp;<\/p>\n<blockquote>\n<h3>CONCERTI TIPI DI NOTE A LONGARONE<\/h3>\n<\/blockquote>\n<p><strong class=\"photoswipe-wrapper\"><a class=\"dt-pswp-item pspw-wrap-ready\" href=\"https:\/\/i0.wp.com\/www.radiopiu.net\/wordpress\/wp-content\/uploads\/2020\/07\/eventilongarone_1.0-scaled.jpg?ssl=1\" data-dt-img-description=\"\" data-large_image_width=\"1836\" data-large_image_height=\"2560\"><img loading=\"lazy\" decoding=\"async\" class=\"size-medium wp-image-148740 alignleft\" src=\"https:\/\/i1.wp.com\/www.radiopiu.net\/wordpress\/wp-content\/uploads\/2020\/07\/eventilongarone_1.0.jpg?resize=215%2C300&amp;ssl=1\" sizes=\"auto, (max-width: 215px) 100vw, 215px\" srcset=\"https:\/\/i0.wp.com\/www.radiopiu.net\/wordpress\/wp-content\/uploads\/2020\/07\/eventilongarone_1.0-scaled.jpg?resize=215%2C300&amp;ssl=1 215w, https:\/\/i0.wp.com\/www.radiopiu.net\/wordpress\/wp-content\/uploads\/2020\/07\/eventilongarone_1.0-scaled.jpg?resize=734%2C1024&amp;ssl=1 734w, https:\/\/i0.wp.com\/www.radiopiu.net\/wordpress\/wp-content\/uploads\/2020\/07\/eventilongarone_1.0-scaled.jpg?resize=768%2C1071&amp;ssl=1 768w, https:\/\/i0.wp.com\/www.radiopiu.net\/wordpress\/wp-content\/uploads\/2020\/07\/eventilongarone_1.0-scaled.jpg?resize=1102%2C1536&amp;ssl=1 1102w, https:\/\/i0.wp.com\/www.radiopiu.net\/wordpress\/wp-content\/uploads\/2020\/07\/eventilongarone_1.0-scaled.jpg?resize=1469%2C2048&amp;ssl=1 1469w, https:\/\/i0.wp.com\/www.radiopiu.net\/wordpress\/wp-content\/uploads\/2020\/07\/eventilongarone_1.0-scaled.jpg?w=1836&amp;ssl=1 1836w\" alt=\"\" width=\"215\" height=\"300\" \/><\/a>LONGARONE\u00a0<\/strong>Il Comune di Longarone, in collaborazione con la l\u2019Associazione Pro Loco di Longarone e l\u2019Associazione Longarone Eventi presenta \u201cConcerti tipi di note\u201d, evento che nasce dal confronto con alcuni giovani artisti del territorio bellunese. I concerti si terranno nelle seguenti serate, tutte di sabato: 18 luglio 2020, 01 agosto 2020, 29 agosto 2020 e 12 settembre 2020. Ciascuna serata sar\u00e0 caratterizzata dalla partecipazione di due gruppi\/artisti che proporranno il loro repertorio, facendoci spaziare dalle canzoni d\u2019autore alla musica elettronica, passando per il rock e il folk. Insomma, una grande variet\u00e0 di generi e artisti, accuratamente selezionati dal direttore artistico dell\u2019evento: Matteo Squaiera di Terzo Mondo Studio. I concerti si terranno presso il Centro Culturale \u201cF. Parri\u201d di Longarone, a partire dalle ore 21:00. I concerti saranno gratuiti, ma sar\u00e0 obbligatoria la prenotazione ai fini organizzativi, come indicato dalle norme nazionali e regionali di contenimento dell\u2019emergenza sanitaria Covid-19. Le prenotazioni si potranno fare via e-mail o telefonicamente, contattando l\u2019Associazione Pro Loco di Longarone al seguente indirizzo di posta elettronica info@prolocolongarone.it o chiamando il numero 0437-770119 nei seguenti orari: mar-dom 10:00 \u2013 12:00 \/ 15:00 \u2013 18:00 e Lun 15:00 \u2013 18:00.<\/p>\n<p>&nbsp;<\/p>\n<hr \/>\n<p>&nbsp;<\/p>\n<blockquote>\n<h3 id=\"tw-target-text\" class=\"tw-data-text tw-text-large XcVN5d tw-ta\" dir=\"ltr\" data-placeholder=\"Traduzione\"><span lang=\"en\">appointments recommended by radio pi\u00f9\u00a0<\/span><\/h3>\n<p>&nbsp;<\/p><\/blockquote>\n\n\t\t\t<style type='text\/css'>\n\t\t\t\t#gallery-5 {\n\t\t\t\t\tmargin: auto;\n\t\t\t\t}\n\t\t\t\t#gallery-5 .gallery-item {\n\t\t\t\t\tfloat: left;\n\t\t\t\t\tmargin-top: 10px;\n\t\t\t\t\ttext-align: center;\n\t\t\t\t\twidth: 33%;\n\t\t\t\t}\n\t\t\t\t#gallery-5 img {\n\t\t\t\t\tborder: 2px solid #cfcfcf;\n\t\t\t\t}\n\t\t\t\t#gallery-5 .gallery-caption {\n\t\t\t\t\tmargin-left: 0;\n\t\t\t\t}\n\t\t\t\t\/* see gallery_shortcode() in wp-includes\/media.php *\/\n\t\t\t<\/style>\n\t\t<div id='gallery-5' class='dt-gallery-container gallery galleryid-148995 gallery-columns-3 gallery-size-thumbnail'><dl class='gallery-item'>\n\t\t\t\t<dt class='gallery-icon portrait'>\n\t\t\t\t\t<a class=\"rollover rollover-zoom dt-pswp-item\" title=\"446199a0-ccb6-4daa-88f9-ee34f5a4944a\" data-dt-img-description=\"\" data-large_image_width=\"1080\" data-large_image_height=\"1350\"href='https:\/\/www.radiopiu.net\/wordpress\/wp-content\/uploads\/2020\/07\/446199a0-ccb6-4daa-88f9-ee34f5a4944a.jpg'><img loading=\"lazy\" decoding=\"async\" width=\"150\" height=\"150\" src=\"https:\/\/www.radiopiu.net\/wordpress\/wp-content\/uploads\/2020\/07\/446199a0-ccb6-4daa-88f9-ee34f5a4944a-150x150.jpg\" class=\"attachment-thumbnail size-thumbnail\" alt=\"\" \/><\/a>\n\t\t\t\t<\/dt><\/dl><dl class='gallery-item'>\n\t\t\t\t<dt class='gallery-icon landscape'>\n\t\t\t\t\t<a class=\"rollover rollover-zoom dt-pswp-item\" title=\"94dd24ee-147f-4f92-9abc-864a5a200347\" data-dt-img-description=\"\" data-large_image_width=\"1500\" data-large_image_height=\"1500\"href='https:\/\/www.radiopiu.net\/wordpress\/wp-content\/uploads\/2020\/07\/94dd24ee-147f-4f92-9abc-864a5a200347-1.jpg'><img loading=\"lazy\" decoding=\"async\" width=\"150\" height=\"150\" src=\"https:\/\/www.radiopiu.net\/wordpress\/wp-content\/uploads\/2020\/07\/94dd24ee-147f-4f92-9abc-864a5a200347-1-150x150.jpg\" class=\"attachment-thumbnail size-thumbnail\" alt=\"\" srcset=\"https:\/\/www.radiopiu.net\/wordpress\/wp-content\/uploads\/2020\/07\/94dd24ee-147f-4f92-9abc-864a5a200347-1-150x150.jpg 150w, https:\/\/www.radiopiu.net\/wordpress\/wp-content\/uploads\/2020\/07\/94dd24ee-147f-4f92-9abc-864a5a200347-1-300x300.jpg 300w, https:\/\/www.radiopiu.net\/wordpress\/wp-content\/uploads\/2020\/07\/94dd24ee-147f-4f92-9abc-864a5a200347-1-1024x1024.jpg 1024w, https:\/\/www.radiopiu.net\/wordpress\/wp-content\/uploads\/2020\/07\/94dd24ee-147f-4f92-9abc-864a5a200347-1-768x768.jpg 768w, https:\/\/www.radiopiu.net\/wordpress\/wp-content\/uploads\/2020\/07\/94dd24ee-147f-4f92-9abc-864a5a200347-1.jpg 1500w\" sizes=\"auto, (max-width: 150px) 100vw, 150px\" \/><\/a>\n\t\t\t\t<\/dt><\/dl><dl class='gallery-item'>\n\t\t\t\t<dt class='gallery-icon portrait'>\n\t\t\t\t\t<a class=\"rollover rollover-zoom dt-pswp-item\" title=\"deefa12b-4c82-408d-984a-df528b05fe0e\" data-dt-img-description=\"\" data-large_image_width=\"1143\" data-large_image_height=\"1600\"href='https:\/\/www.radiopiu.net\/wordpress\/wp-content\/uploads\/2020\/07\/deefa12b-4c82-408d-984a-df528b05fe0e.jpg'><img loading=\"lazy\" decoding=\"async\" width=\"150\" height=\"150\" src=\"https:\/\/www.radiopiu.net\/wordpress\/wp-content\/uploads\/2020\/07\/deefa12b-4c82-408d-984a-df528b05fe0e-150x150.jpg\" class=\"attachment-thumbnail size-thumbnail\" alt=\"\" \/><\/a>\n\t\t\t\t<\/dt><\/dl><br style=\"clear: both\" \/>\n\t\t\t<\/div>\n\n<h3 class=\"photoswipe-wrapper\"><\/h3>\n<p>&nbsp;<\/p>\n<p>&nbsp;<\/p>\n<hr \/>\n<p>&nbsp;<\/p>\n<h2>IERI ALLA RADIO<\/h2>\n<h2><a class=\"dt-pswp-item\" href=\"https:\/\/www.radiopiu.net\/wordpress\/wp-content\/uploads\/2020\/07\/5700c922-2349-45a7-ad4d-5edd5abbf715.jpg\" data-dt-img-description=\"\" data-large_image_width=\"318\" data-large_image_height=\"159\"><img loading=\"lazy\" decoding=\"async\" class=\"size-medium wp-image-148892 alignleft\" src=\"https:\/\/www.radiopiu.net\/wordpress\/wp-content\/uploads\/2020\/07\/5700c922-2349-45a7-ad4d-5edd5abbf715-300x150.jpg\" alt=\"\" width=\"300\" height=\"150\" srcset=\"https:\/\/www.radiopiu.net\/wordpress\/wp-content\/uploads\/2020\/07\/5700c922-2349-45a7-ad4d-5edd5abbf715-300x150.jpg 300w, https:\/\/www.radiopiu.net\/wordpress\/wp-content\/uploads\/2020\/07\/5700c922-2349-45a7-ad4d-5edd5abbf715.jpg 318w\" sizes=\"auto, (max-width: 300px) 100vw, 300px\" \/><\/a><span style=\"color: #800080;\">LA RASSEGNA STAMPA DALL&#8217;AMICO DEL POPOLO di Gianni Santomaso\u00a0<\/span><\/h2>\n<p><em><strong>OSPITE: Giulio Favretti<\/strong><\/em><\/p>\n<audio class=\"wp-audio-shortcode\" id=\"audio-148995-4\" preload=\"none\" style=\"width: 100%;\" controls=\"controls\"><source type=\"audio\/mpeg\" src=\"https:\/\/www.radiopiu.net\/wordpress\/wp-content\/uploads\/2020\/07\/RASSEGNA-GIANNI-1.mp3?_=4\" \/><a href=\"https:\/\/www.radiopiu.net\/wordpress\/wp-content\/uploads\/2020\/07\/RASSEGNA-GIANNI-1.mp3\">https:\/\/www.radiopiu.net\/wordpress\/wp-content\/uploads\/2020\/07\/RASSEGNA-GIANNI-1.mp3<\/a><\/audio>\n<p>&nbsp;<\/p>\n<hr \/>\n<p>&nbsp;<\/p>\n<h2><span style=\"color: #3366ff;\">IL MESSAGGIO DEI SACERDOTI A RADIO PIU&#8217;<\/span><\/h2>\n<blockquote class=\"wp-embedded-content\" data-secret=\"XMzcr2Jp0W\"><p><a href=\"https:\/\/www.radiopiu.net\/wordpress\/chiesa11\/\">DON CESARE SU RADIO PIU&#8217; ALLE 7.30 E 19.30, PARROCCHIE DI AGORDO, LA VALLE E TAIBON<\/a><\/p><\/blockquote>\n<p><iframe loading=\"lazy\" class=\"wp-embedded-content\" sandbox=\"allow-scripts\" security=\"restricted\" style=\"position: absolute; clip: rect(1px, 1px, 1px, 1px);\" title=\"&#8220;DON CESARE SU RADIO PIU&#8217; ALLE 7.30 E 19.30, PARROCCHIE DI AGORDO, LA VALLE E TAIBON&#8221; &#8212; Radio Pi\u00f9\" src=\"https:\/\/www.radiopiu.net\/wordpress\/chiesa11\/embed\/#?secret=XMzcr2Jp0W\" data-secret=\"XMzcr2Jp0W\" width=\"600\" height=\"338\" frameborder=\"0\" marginwidth=\"0\" marginheight=\"0\" scrolling=\"no\"><\/iframe><\/p>\n<p>&nbsp;<\/p>\n<hr \/>\n<p>&nbsp;<\/p>\n<h2><span style=\"color: #ff0000;\">AGORDINOMERON&#8230;LA RACCOLTA<\/span><\/h2>\n<blockquote class=\"wp-embedded-content\" data-secret=\"SW8V7kEOLt\"><p><a href=\"https:\/\/www.radiopiu.net\/wordpress\/agordinomeron\/\">AGORDINOMERON, IL TERRITORIO SI RACCONTA Da un&#8217;idea di Gianni Santomaso<\/a><\/p><\/blockquote>\n<p><iframe loading=\"lazy\" class=\"wp-embedded-content\" sandbox=\"allow-scripts\" security=\"restricted\" style=\"position: absolute; clip: rect(1px, 1px, 1px, 1px);\" title=\"&#8220;AGORDINOMERON, IL TERRITORIO SI RACCONTA Da un&#8217;idea di Gianni Santomaso&#8221; &#8212; Radio Pi\u00f9\" src=\"https:\/\/www.radiopiu.net\/wordpress\/agordinomeron\/embed\/#?secret=SW8V7kEOLt\" data-secret=\"SW8V7kEOLt\" width=\"600\" height=\"338\" frameborder=\"0\" marginwidth=\"0\" marginheight=\"0\" scrolling=\"no\"><\/iframe><\/p>\n<p>&nbsp;<\/p>\n<hr \/>\n<p>&nbsp;<\/p>\n<h2><span style=\"color: #ff6600;\">I RACCONTI DI PAOLO SOPPELSA&#8230;LA RACCOLTA<\/span><\/h2>\n<blockquote class=\"wp-embedded-content\" data-secret=\"7q2wTOzCMt\"><p><a href=\"https:\/\/www.radiopiu.net\/wordpress\/i-racconti-di-paolo-soppelsa\/\">I racconti di Paolo Soppelsa<\/a><\/p><\/blockquote>\n<p><iframe loading=\"lazy\" class=\"wp-embedded-content\" sandbox=\"allow-scripts\" security=\"restricted\" style=\"position: absolute; clip: rect(1px, 1px, 1px, 1px);\" title=\"&#8220;I racconti di Paolo Soppelsa&#8221; &#8212; Radio Pi\u00f9\" src=\"https:\/\/www.radiopiu.net\/wordpress\/i-racconti-di-paolo-soppelsa\/embed\/#?secret=7q2wTOzCMt\" data-secret=\"7q2wTOzCMt\" width=\"600\" height=\"338\" frameborder=\"0\" marginwidth=\"0\" marginheight=\"0\" scrolling=\"no\"><\/iframe><\/p>\n<p>&nbsp;<\/p>\n<hr \/>\n<p>&nbsp;<\/p>\n<p><strong class=\"photoswipe-wrapper\"><a class=\"dt-pswp-item pspw-wrap-ready\" href=\"https:\/\/i0.wp.com\/www.radiopiu.net\/wordpress\/wp-content\/uploads\/2018\/09\/viabilita.jpeg?ssl=1\" data-dt-img-description=\"\" data-large_image_width=\"800\" data-large_image_height=\"100\"><img loading=\"lazy\" decoding=\"async\" class=\"aligncenter wp-image-61954 size-full jetpack-lazy-image jetpack-lazy-image--handled\" src=\"https:\/\/i0.wp.com\/www.radiopiu.net\/wordpress\/wp-content\/uploads\/2018\/09\/viabilita.jpeg?resize=800%2C100&amp;ssl=1\" sizes=\"auto, (max-width: 800px) 100vw, 800px\" srcset=\"https:\/\/i0.wp.com\/www.radiopiu.net\/wordpress\/wp-content\/uploads\/2018\/09\/viabilita.jpeg?w=800&amp;ssl=1 800w, https:\/\/i0.wp.com\/www.radiopiu.net\/wordpress\/wp-content\/uploads\/2018\/09\/viabilita.jpeg?resize=300%2C38&amp;ssl=1 300w, https:\/\/i0.wp.com\/www.radiopiu.net\/wordpress\/wp-content\/uploads\/2018\/09\/viabilita.jpeg?resize=768%2C96&amp;ssl=1 768w\" alt=\"\" width=\"800\" height=\"100\" data-lazy-loaded=\"1\" \/><\/a><\/strong><\/p>\n<p>&nbsp;<\/p>\n<p>PROVINCIALE 3 VALLE IMPERINA, DAL 13 AL 17 LUGLIO SENSO UNICO IN PROSSIMITA\u2019 DI GOSALDO<\/p>\n<p>REGIONALE 48 DELLE DOLOMITI DAL 13 AL 30 LUGLIO SENSO UNICO IN LOCALITA\u2019 LIVINE\u2019 DI LIVINALLONGO<\/p>\n<p>PROVINCIALE 563 DI SALESEI, LOCALITA\u2019 DIGONERA. SENSO UNICO ALTERNATO REGOLATO DA IMPIANTO SEMAFORICO FINO AL 15 LUGLIO PER MESSA IN SICUREZZA DEL PIANO VIABILE<\/p>\n<p>SP 251 FINO AL 31 LUGLIO TRA PESCUL E SELVA DI CADORE SENSO UNICO ALTERNATO REGOLATO DA SEMAFORO, ESCLUSI SABATO E DOMENICA PER POSA FIBRE OTTICHE<\/p>\n<p>PROVINCIALE 3 VALLE IMPERINA, LOCALITA\u2019 CORDE MOLE: DAL 6 LUGLIO DALLE 8 ALLE 11.45 E DALLE 13.30 ALLE 17.30 (SABATO E DOMENICA ESCLUSI) INTERRUZIONI ALLA VIABILITA\u2019 FINO A 30 MINUTI PER TAGLIO PIANTE TRA LE LOCALITA\u2019 CORDE MOLE E VALLESIN<\/p>\n<p>PROVINCIALE 641 DI PASSO FEDAIA, FINO AL 31 LUGLIO (FESTIVI E PREFESTIVI ECLUSI) SENSO UNICO IN LOCALIT\u00c0 ROCCA PIETORE PER SOSTITUZIONI BARRIERE LATERALI<\/p>\n<p>PROVINCIALE 25 PASSO VALLES FINO AL 18 LUGLIO (FESTIVI ESCLUSI) SENSO UNICO ALERNATO CON SEMAFORO O MOVIERI PER ESBOSCO<\/p>\n<p>FINO AL 24 LUGLIO SABATO E DOMENICA COMPRESI LUNGO LA 641 DI PASSO FEDAIA IN LOCALIT\u00e0 CAPANNA BILL E COL DI ROCCA, SENSO UNICO ALTERNATO CON SEMAFORO<\/p>\n<p>STRADA REGIONALE 203 AGORDINA TRA PERON E CANDATEN, FINO 31 LUGLIO ESCLUSI SABATI E DOMENICHE, DALLE 7:30 ALLE 9 E E DALLE 16:30 ALLE 18 SENSO UNICO ALTERNATO REGOLATO DA MOVIERI. NEGLI ALTRI ORARI SENSO UNICO ALTERNATO REGOLATO DA SEMAFORO PER INTERRAMENTO CAVIDOTTO E-DISTRIBUZIONE<\/p>\n<p>PROVINCIALE 25 PASSO VALLES FINO AL 18 LUGLIO (FESTIVI ESCLUSI) SENSO UNICO ALERNATO CON SEMAFORO O MOVIERI PER ESBOSCO<\/p>\n<p>STRADA REGIONALE 48 DELLE DOLOMITI, A CORTINA IN LOCALITA\u2019 POCOL, SENSO UNICO ALTERNATO REGOLATO DA IMPIANTO SEMAFORICO \u00a0DAL 6 AL 24 LUGLIO, ESCLUSI SABATI E DOMENICHE, PER POSA CAVIDOTTO E-DISTRIBUZIONE<\/p>\n<p>STRADA PROVINCIALE 30 PANORAMICA DEL COMELICO, FINO\u00a0 AL 31 LUGLIO INTERDIZIONE TOTALE ALLA VIABILITA\u2019 TRA COSTA E COSTALISSOIO PER MESSA IN SICUREZZA STRADA<\/p>\n<p>STRADA PROVINCIALE 619 DI VIGO DI CADORE, FINO\u00a0 AL 7 AGOSTO, ESCLUSI SABATI E DOMENICHE, SENSO UNICO ALTERNATO REGOLATO DA IMPIANTO SEMAFORICO O MOVIERI PER MESSA IN SICUREZZA DELLA STRADA<\/p>\n<p>STRADA PROVINCIALE 473 DI CROCE D\u2019AUNE, DAL 9 AL 17 LUGLIO, SABATI E DOMENICHE ESCLUSE, SALTUARIA ISTITUZIONE DI SENSO UNICO ALTERNATO REGOLATO DA MOVIERI IN LOCALIT\u00e0 GORNA DI SOVRAMONTE PER LAVORI DI CONSOLIDAMENTO CIGLIO STRADALE<\/p>\n<p>STRADA PROVINCIALE 641 DEL PASSO FEDAIA, NEL COMUNE DI ROCCA PIETORE, DAL 15 AL 22 LUGLIO, SABATI E DOMENICHE ESCLUSE, SENSO UNICO ALTERNATO REGOLATO DA IMPIANTO SEMAFORICO PER POSA CAVIDOTTO ELETTRICO<\/p>\n<p>&nbsp;<\/p>\n<hr \/>\n<p>&nbsp;<\/p>\n<h2><em><strong>COMUNICAZIONE ISTITUZIONALE \u2013 APP IMMUNI<\/strong><\/em><\/h2>\n<p><iframe loading=\"lazy\" title=\"Immuni App 30\" width=\"1200\" height=\"675\" src=\"https:\/\/www.youtube.com\/embed\/-XG48J62814?feature=oembed\" frameborder=\"0\" allow=\"accelerometer; autoplay; clipboard-write; encrypted-media; gyroscope; picture-in-picture\" allowfullscreen><\/iframe><\/p>\n<p>&nbsp;<\/p>\n<hr \/>\n<p>&nbsp;<\/p>\n<p class=\"photoswipe-wrapper\"><a class=\"dt-pswp-item pspw-wrap-ready\" href=\"https:\/\/i0.wp.com\/www.radiopiu.net\/wordpress\/wp-content\/uploads\/2018\/09\/WhatsApp-Image-2018-09-20-at-16.04.06.jpeg?ssl=1\" data-dt-img-description=\"\" data-large_image_width=\"800\" data-large_image_height=\"100\"><img loading=\"lazy\" decoding=\"async\" class=\"aligncenter wp-image-61378 size-full jetpack-lazy-image jetpack-lazy-image--handled\" src=\"https:\/\/i0.wp.com\/www.radiopiu.net\/wordpress\/wp-content\/uploads\/2018\/09\/WhatsApp-Image-2018-09-20-at-16.04.06.jpeg?resize=800%2C100&amp;ssl=1\" sizes=\"auto, (max-width: 800px) 100vw, 800px\" srcset=\"https:\/\/i0.wp.com\/www.radiopiu.net\/wordpress\/wp-content\/uploads\/2018\/09\/WhatsApp-Image-2018-09-20-at-16.04.06.jpeg?w=800&amp;ssl=1 800w, https:\/\/i0.wp.com\/www.radiopiu.net\/wordpress\/wp-content\/uploads\/2018\/09\/WhatsApp-Image-2018-09-20-at-16.04.06.jpeg?resize=300%2C38&amp;ssl=1 300w, https:\/\/i0.wp.com\/www.radiopiu.net\/wordpress\/wp-content\/uploads\/2018\/09\/WhatsApp-Image-2018-09-20-at-16.04.06.jpeg?resize=768%2C96&amp;ssl=1 768w\" alt=\"\" width=\"800\" height=\"100\" data-lazy-loaded=\"1\" \/><\/a><\/p>\n<p>&nbsp;<\/p>\n<p><center><b>Lunedi 13<\/b><\/center><b>Tempo atteso:\u00a0<\/b>Giornata solo in parte soleggiata e ancora abbastanza fresca. Nella notte e al primo mattino probabili, diffuse nubi medio-basse, specie sulle Dolomiti, in diradamento in mattinata. In seguito cielo irregolarmente nuvoloso, anche per nubi alte e sottili, con schiarite pi\u00f9 ampie sulle Prealpi e contenuto rischio di qualche fenomeno sulle Dolomiti nel tardo pomeriggio o verso sera. In serata nuova copertura del cielo sulle Dolomiti.<br \/>\n<b>Precipitazioni:\u00a0<\/b>Sulle Prealpi assenti (0%), sulle Dolomiti al mattino assenti (0%), nel pomeriggio e verso sera non escluso qualche rovescio (10-30%).<br \/>\n<b>Temperature:\u00a0<\/b>Senza notevoli variazioni, salvo aumentare le minime nella valli, con valori massimi 2-3\u00b0C inferiori alla norma. Su Prealpi a 1500 m min 7\u00b0C max 12\u00b0C, a 2000 m min 4\u00b0C max 9\u00b0C. Su Dolomiti a 2000 m min 4\u00b0C max 13\u00b0C, a 3000 m min -1\u00b0C max 3\u00b0C.<br \/>\n<b>Venti:\u00a0<\/b>Nelle valli deboli o moderati a regime di brezza, in quota deboli o moderati settentrionali, 5-15 km \/h a 2000 m e 15-30 km\/h a 3000 m.<\/p>\n<hr \/>\n<p><center><b>Martedi 14<\/b><\/center><b>Tempo atteso:\u00a0<\/b>Giornata parzialmente nuvolosa, soprattutto sulle Dolomiti, dove le nubi saranno estese nella notte, al primo mattino ed in serata e pi\u00f9 diradate in giornata, con delle schiarite, pur con possibilit\u00e0 di fenomeni d&#8217;instabilit\u00e0 nel pomeriggio, specie nelle zone confinanti con l&#8217;Alto Adige ed il Trentino. Sulle Prealpi schiarite pi\u00f9 ampie, con rischio quasi assente di fenomeni.<br \/>\n<b>Precipitazioni:\u00a0<\/b>Sulle Prealpi assenti (0-10%), sulle Dolomiti probabilit\u00e0 bassa al mattino (10-20%), media nel pomeriggio (60-70%), medio-bassa in serata (30-50%).<br \/>\n<b>Temperature:\u00a0<\/b>Senza notevoli variazioni. Su Prealpi a 1500 m min 8\u00b0C max 13\u00b0C, a 2000 m min 5\u00b0C max 9\u00b0C. Su Dolomiti a 2000 m min 5\u00b0C max 12\u00b0C, a 3000 m min 0\u00b0C max 2\u00b0C.<br \/>\n<b>Venti:\u00a0<\/b>Nelle valli deboli o moderati per brezze, in quota deboli o moderati occidentali, 5-10 km \/h a 2000 m e 15-20 km\/h a 3000 m.<\/p>\n<hr \/>\n<p><center><b>Mercoledi 15<\/b><\/center>Altra giornata parzialmente nuvolosa, soprattutto sulle Dolomiti, dove saranno pi\u00f9 probabili dei rovesci, possibili anche nella notte e al mattino, oltre che nel pomeriggio, quando non si esclude anche qualche temporale. Sulle Prealpi schiarite pi\u00f9 ampie e minore rischio di pioggia. Temperature stazionarie. Venti in quota deboli o moderati occidentali.<\/p>\n<hr \/>\n<p><center><b>Giovedi 16<\/b><\/center>Cielo nuvoloso o molto nuvoloso, con qualche schiarita al mattino e precipitazioni a carattere di rovescio o temporale nel pomeriggio e verso sera, sia sulle Dolomiti che sulle Prealpi. Temperature senza grosse variazioni. Venti in quota deboli o moderati da ovest, in rotazione a nord-ovest nel pomeriggio\/sera. Previsore: B.R.<\/p>\n<p>&nbsp;<\/p>\n<div id=\"dolomitimeteo_div_testi\"><\/div>\n<hr \/>\n<p>&nbsp;<\/p>\n<p>&nbsp;<\/p>\n<p>&nbsp;<\/p>\n<p><a class=\"dt-pswp-item\" href=\"https:\/\/www.radiopiu.net\/wordpress\/wp-content\/uploads\/2018\/09\/sport.jpg\" data-dt-img-description=\"\" data-large_image_width=\"800\" data-large_image_height=\"100\"><img loading=\"lazy\" decoding=\"async\" class=\"alignnone wp-image-60761 size-full\" src=\"https:\/\/www.radiopiu.net\/wordpress\/wp-content\/uploads\/2018\/09\/sport.jpg\" alt=\"\" width=\"800\" height=\"100\" srcset=\"https:\/\/www.radiopiu.net\/wordpress\/wp-content\/uploads\/2018\/09\/sport.jpg 800w, https:\/\/www.radiopiu.net\/wordpress\/wp-content\/uploads\/2018\/09\/sport-300x38.jpg 300w, https:\/\/www.radiopiu.net\/wordpress\/wp-content\/uploads\/2018\/09\/sport-768x96.jpg 768w\" sizes=\"auto, (max-width: 800px) 100vw, 800px\" \/>\u00a0<\/a><\/p>\n<blockquote>\n<h2>BIATHLON, ECCO LE SQUADRE 2020-21<\/h2>\n<\/blockquote>\n<p><a class=\"dt-pswp-item\" href=\"https:\/\/www.radiopiu.net\/wordpress\/wp-content\/uploads\/2020\/07\/biathlon-trophy-cortina-10-feb-2019-2-1.jpg\" data-dt-img-description=\"\" data-large_image_width=\"1500\" data-large_image_height=\"1000\"><img loading=\"lazy\" decoding=\"async\" class=\"size-medium wp-image-149076 alignleft\" src=\"https:\/\/www.radiopiu.net\/wordpress\/wp-content\/uploads\/2020\/07\/biathlon-trophy-cortina-10-feb-2019-2-1-300x200.jpg\" alt=\"\" width=\"300\" height=\"200\" srcset=\"https:\/\/www.radiopiu.net\/wordpress\/wp-content\/uploads\/2020\/07\/biathlon-trophy-cortina-10-feb-2019-2-1-300x200.jpg 300w, https:\/\/www.radiopiu.net\/wordpress\/wp-content\/uploads\/2020\/07\/biathlon-trophy-cortina-10-feb-2019-2-1-1024x683.jpg 1024w, https:\/\/www.radiopiu.net\/wordpress\/wp-content\/uploads\/2020\/07\/biathlon-trophy-cortina-10-feb-2019-2-1-768x512.jpg 768w, https:\/\/www.radiopiu.net\/wordpress\/wp-content\/uploads\/2020\/07\/biathlon-trophy-cortina-10-feb-2019-2-1.jpg 1500w\" sizes=\"auto, (max-width: 300px) 100vw, 300px\" \/><\/a>Ufficializzate le squadre regionali del biathlon per la stagione 2020-2021. Juniores under 21 maschile : Riccardo Finco (2001, Us Asiago sci). Giovani under 19 maschile: Federico Sansoni (2002, Sc Gallio), Thomas Kerer (2003, Sc Val Fiorentina). Giovani under 19 femminile: Laura Mortagna (2003, Fiamme Oro), Sofia Carli (2003, Us Asiago sci). Aspiranti under 17 maschile: Milton Moglia (2004, Sc Cortina), Martino Busin (2005, Sc Val Biois), Federico Milani (2005, Sc Val Biois), Marco Pomar\u00e8 (2005, Us Valpadola), Jacopo Stella (2005, Sc Gallio). Aspiranti under 17 femminile: Elisa Segafredo (2004, Sc Gallio), Lara Micheluzzi (2004, Sc Val Biois), Giada Costantin (2005, Sc Val Biois), Martina Olivier (2005, Sc Val Biois), Giulia Rossi (2005, Sc Val Biois). Allievi under 15: Sebastiano Cagnati (2006, Sc Val Biois), Antonio Pertile (2006, Us Asiago sci). Allieve under 15: Elena Alver\u00e0 (2006, Sc Cortina), Lisa Baldissarutti (2006, Us Valpadola). Tecnici: Pietro Fontana Hoffer, Mauro Pesavento, Maria Rosa Mo\u00e8, Gregor Gombac e Melissa Murer.<\/p>\n<p>&nbsp;<\/p>\n<p>&nbsp;<\/p>\n<\/div>\n<\/div>\n","protected":false},"excerpt":{"rendered":"<p>PER RICEVERE QUESTO NOTIZIARIO DIRETTAMENTE SUL TUO CELLULARE ISCRIVITI AL CANALE TELEGRAM\u00a0\u201cRADIO PIU\u00a0 INFORMAZIONE ATTENZIONE: LA NUOVA APP PER IOS-IPHONE https:\/\/apps.apple.com\/it\/app\/radio-pi%C3%B9-emittente-agordina\/id1515939845 ATTENZIONE: LA NUOVA APP RADIO\u00a0 PER ANDROID https:\/\/play.google.com\/store\/apps\/details?id=net.radiopiu.iniko &nbsp; &nbsp; Gestione Servizi Pubblici informa che, per lavori alla rete idrica comunale, DOMANI dalle\u00a0 8 e\u00a0 fino al termine dei lavori verr\u00e0 sospesa l\u2019erogazione dell\u2019acqua\u00a0&hellip;<\/p>\n","protected":false},"author":4,"featured_media":149108,"comment_status":"closed","ping_status":"closed","sticky":false,"template":"","format":"standard","meta":{"_monsterinsights_skip_tracking":false,"_monsterinsights_sitenote_active":false,"_monsterinsights_sitenote_note":"","_monsterinsights_sitenote_category":0,"footnotes":""},"categories":[1,86,49],"tags":[],"class_list":["post-148995","post","type-post","status-publish","format-standard","has-post-thumbnail","hentry","category-senza-categoria","category-gr","category-news-18","category-1","category-86","category-49","description-off"],"img_url":"https:\/\/www.radiopiu.net\/wordpress\/wp-content\/uploads\/2020\/07\/0b32a8ad-254d-4fd1-8da9-2dfc4f376af6.jpg","_links":{"self":[{"href":"https:\/\/www.radiopiu.net\/wordpress\/wp-json\/wp\/v2\/posts\/148995","targetHints":{"allow":["GET"]}}],"collection":[{"href":"https:\/\/www.radiopiu.net\/wordpress\/wp-json\/wp\/v2\/posts"}],"about":[{"href":"https:\/\/www.radiopiu.net\/wordpress\/wp-json\/wp\/v2\/types\/post"}],"author":[{"embeddable":true,"href":"https:\/\/www.radiopiu.net\/wordpress\/wp-json\/wp\/v2\/users\/4"}],"replies":[{"embeddable":true,"href":"https:\/\/www.radiopiu.net\/wordpress\/wp-json\/wp\/v2\/comments?post=148995"}],"version-history":[{"count":0,"href":"https:\/\/www.radiopiu.net\/wordpress\/wp-json\/wp\/v2\/posts\/148995\/revisions"}],"wp:featuredmedia":[{"embeddable":true,"href":"https:\/\/www.radiopiu.net\/wordpress\/wp-json\/wp\/v2\/media\/149108"}],"wp:attachment":[{"href":"https:\/\/www.radiopiu.net\/wordpress\/wp-json\/wp\/v2\/media?parent=148995"}],"wp:term":[{"taxonomy":"category","embeddable":true,"href":"https:\/\/www.radiopiu.net\/wordpress\/wp-json\/wp\/v2\/categories?post=148995"},{"taxonomy":"post_tag","embeddable":true,"href":"https:\/\/www.radiopiu.net\/wordpress\/wp-json\/wp\/v2\/tags?post=148995"}],"curies":[{"name":"wp","href":"https:\/\/api.w.org\/{rel}","templated":true}]}}