{"id":149013,"date":"2020-07-13T06:12:01","date_gmt":"2020-07-13T04:12:01","guid":{"rendered":"https:\/\/www.radiopiu.net\/wordpress\/?p=149013"},"modified":"2020-07-13T06:12:25","modified_gmt":"2020-07-13T04:12:25","slug":"colto-da-malore-muore-alla-guida","status":"publish","type":"post","link":"https:\/\/www.radiopiu.net\/wordpress\/colto-da-malore-muore-alla-guida\/","title":{"rendered":"COLTO DA MALORE MUORE ALLA GUIDA"},"content":{"rendered":"<p><strong><a class=\"dt-pswp-item\" href=\"https:\/\/www.radiopiu.net\/wordpress\/wp-content\/uploads\/2016\/08\/carabinieri-6-2.jpg\" data-dt-img-description=\"\" data-large_image_width=\"1000\" data-large_image_height=\"681\"><img loading=\"lazy\" decoding=\"async\" class=\" wp-image-22568 alignleft\" src=\"https:\/\/www.radiopiu.net\/wordpress\/wp-content\/uploads\/2016\/08\/carabinieri-6-2-300x204.jpg\" alt=\"\" width=\"169\" height=\"115\" \/><\/a>QUERO VAS <\/strong>Nella serata di ieri gli uomini del 118 e i Carabinieri di Feltre sono intervenuti a Quero Vas dopo che alcuni passanti avevano allertato i soccorsi. Un uomo del posto si \u00e8 sentito male mentre stava guidando ed \u00e8 stato trovato esanime a bordo della propria vettura. Mario Zanella, 72 anni, ha avuto solo il tempo di accostare e fermarsi. Il fatto \u00e8 acceduto in localit\u00e0 Caorera di Quero Vas. La salma \u00e8 stata messa a disposizione dei famigliari.<\/p>\n","protected":false},"excerpt":{"rendered":"<p>QUERO VAS Nella serata di ieri gli uomini del 118 e i Carabinieri di Feltre sono intervenuti a Quero Vas dopo che alcuni passanti avevano allertato i soccorsi. Un uomo del posto si \u00e8 sentito male mentre stava guidando ed \u00e8 stato trovato esanime a bordo della propria vettura. Mario Zanella, 72 anni, ha avuto&hellip;<\/p>\n","protected":false},"author":4,"featured_media":0,"comment_status":"closed","ping_status":"closed","sticky":false,"template":"","format":"standard","meta":{"_monsterinsights_skip_tracking":false,"_monsterinsights_sitenote_active":false,"_monsterinsights_sitenote_note":"","_monsterinsights_sitenote_category":0,"footnotes":""},"categories":[51,49],"tags":[],"class_list":["post-149013","post","type-post","status-publish","format-standard","hentry","category-evidenza-top","category-news-18","category-51","category-49","description-off"],"img_url":false,"_links":{"self":[{"href":"https:\/\/www.radiopiu.net\/wordpress\/wp-json\/wp\/v2\/posts\/149013","targetHints":{"allow":["GET"]}}],"collection":[{"href":"https:\/\/www.radiopiu.net\/wordpress\/wp-json\/wp\/v2\/posts"}],"about":[{"href":"https:\/\/www.radiopiu.net\/wordpress\/wp-json\/wp\/v2\/types\/post"}],"author":[{"embeddable":true,"href":"https:\/\/www.radiopiu.net\/wordpress\/wp-json\/wp\/v2\/users\/4"}],"replies":[{"embeddable":true,"href":"https:\/\/www.radiopiu.net\/wordpress\/wp-json\/wp\/v2\/comments?post=149013"}],"version-history":[{"count":0,"href":"https:\/\/www.radiopiu.net\/wordpress\/wp-json\/wp\/v2\/posts\/149013\/revisions"}],"wp:attachment":[{"href":"https:\/\/www.radiopiu.net\/wordpress\/wp-json\/wp\/v2\/media?parent=149013"}],"wp:term":[{"taxonomy":"category","embeddable":true,"href":"https:\/\/www.radiopiu.net\/wordpress\/wp-json\/wp\/v2\/categories?post=149013"},{"taxonomy":"post_tag","embeddable":true,"href":"https:\/\/www.radiopiu.net\/wordpress\/wp-json\/wp\/v2\/tags?post=149013"}],"curies":[{"name":"wp","href":"https:\/\/api.w.org\/{rel}","templated":true}]}}