{"id":149121,"date":"2020-07-13T07:26:27","date_gmt":"2020-07-13T05:26:27","guid":{"rendered":"https:\/\/www.radiopiu.net\/wordpress\/?p=149121"},"modified":"2020-07-13T07:26:27","modified_gmt":"2020-07-13T05:26:27","slug":"boom-di-presenze-ed-arrivi-la-montagna-nel-traffico","status":"publish","type":"post","link":"https:\/\/www.radiopiu.net\/wordpress\/boom-di-presenze-ed-arrivi-la-montagna-nel-traffico\/","title":{"rendered":"BOOM DI PRESENZE ED ARRIVI, LA MONTAGNA NEL TRAFFICO"},"content":{"rendered":"<blockquote>\n<h3>LA MONTAGNA NEL TRAFFICO<\/h3>\n<\/blockquote>\n<p><a class=\"dt-pswp-item\" href=\"https:\/\/www.radiopiu.net\/wordpress\/wp-content\/uploads\/2020\/07\/8d957e8a-5724-4ec8-9764-8579f7cced91.jpg\" data-dt-img-description=\"\" data-large_image_width=\"1824\" data-large_image_height=\"840\"><img loading=\"lazy\" decoding=\"async\" class=\"size-medium wp-image-149106 alignleft\" src=\"https:\/\/www.radiopiu.net\/wordpress\/wp-content\/uploads\/2020\/07\/8d957e8a-5724-4ec8-9764-8579f7cced91-300x138.jpg\" alt=\"\" width=\"300\" height=\"138\" srcset=\"https:\/\/www.radiopiu.net\/wordpress\/wp-content\/uploads\/2020\/07\/8d957e8a-5724-4ec8-9764-8579f7cced91-300x138.jpg 300w, https:\/\/www.radiopiu.net\/wordpress\/wp-content\/uploads\/2020\/07\/8d957e8a-5724-4ec8-9764-8579f7cced91-1024x472.jpg 1024w, https:\/\/www.radiopiu.net\/wordpress\/wp-content\/uploads\/2020\/07\/8d957e8a-5724-4ec8-9764-8579f7cced91-768x354.jpg 768w, https:\/\/www.radiopiu.net\/wordpress\/wp-content\/uploads\/2020\/07\/8d957e8a-5724-4ec8-9764-8579f7cced91-1536x707.jpg 1536w, https:\/\/www.radiopiu.net\/wordpress\/wp-content\/uploads\/2020\/07\/8d957e8a-5724-4ec8-9764-8579f7cced91.jpg 1824w\" sizes=\"auto, (max-width: 300px) 100vw, 300px\" \/><\/a>Domenica difficile, come prevedibile, sulle strade della provincia tanto sulla 51 di Alemagna che sulla 203 agordina. Il traffico intenso della mattinata non ha creato i problemi del rientro serale con le principali arterie in tilt con intasamenti e rallentamenti soprattutto da Longarone, Cencenighe e La Muda. Nell&#8217;Agordino il centro di Cencenighe ha creato code infinite verso Falcade e Alleghe, chilometri a passo d&#8217;uomo e a poco \u00e8 servito il lavoro delle forze di Polizia locale al bivio per le due valli nonostante il grande e puntuale impegno, troppi i mezzi in transito che hanno fatto segnare un altro record di stagione. La situazione pi\u00f9 critica tra Cencenighe e Avoscan di San Tomaso, complice dei rallentamenti anche un incidente in localit\u00e0 Pal\u00f9 con un&#8217;auto finita contro il guard rail. Rallentamenti a La Muda per la presenza del cantiere e poi pi\u00f9 gi\u00e0 a Santa Giustina per un altro incidente al distributore Repsol.<\/p>\n<p><strong>da CENCENIGHE\u00a0 il sindaco Mauro Soppelsa\u00a0<\/strong><\/p>\n<audio class=\"wp-audio-shortcode\" id=\"audio-149121-1\" preload=\"none\" style=\"width: 100%;\" controls=\"controls\"><source type=\"audio\/mpeg\" src=\"https:\/\/www.radiopiu.net\/wordpress\/wp-content\/uploads\/2020\/07\/mauro.mp3?_=1\" \/><a href=\"https:\/\/www.radiopiu.net\/wordpress\/wp-content\/uploads\/2020\/07\/mauro.mp3\">https:\/\/www.radiopiu.net\/wordpress\/wp-content\/uploads\/2020\/07\/mauro.mp3<\/a><\/audio>\n<p>&nbsp;<\/p>\n<p>&nbsp;<\/p>\n","protected":false},"excerpt":{"rendered":"<p>LA MONTAGNA NEL TRAFFICO Domenica difficile, come prevedibile, sulle strade della provincia tanto sulla 51 di Alemagna che sulla 203 agordina. Il traffico intenso della mattinata non ha creato i problemi del rientro serale con le principali arterie in tilt con intasamenti e rallentamenti soprattutto da Longarone, Cencenighe e La Muda. Nell&#8217;Agordino il centro di&hellip;<\/p>\n","protected":false},"author":1,"featured_media":149106,"comment_status":"closed","ping_status":"closed","sticky":false,"template":"","format":"standard","meta":{"_monsterinsights_skip_tracking":false,"_monsterinsights_sitenote_active":false,"_monsterinsights_sitenote_note":"","_monsterinsights_sitenote_category":0,"footnotes":""},"categories":[51,49],"tags":[],"class_list":["post-149121","post","type-post","status-publish","format-standard","has-post-thumbnail","hentry","category-evidenza-top","category-news-18","category-51","category-49","description-off"],"img_url":"https:\/\/www.radiopiu.net\/wordpress\/wp-content\/uploads\/2020\/07\/8d957e8a-5724-4ec8-9764-8579f7cced91.jpg","_links":{"self":[{"href":"https:\/\/www.radiopiu.net\/wordpress\/wp-json\/wp\/v2\/posts\/149121","targetHints":{"allow":["GET"]}}],"collection":[{"href":"https:\/\/www.radiopiu.net\/wordpress\/wp-json\/wp\/v2\/posts"}],"about":[{"href":"https:\/\/www.radiopiu.net\/wordpress\/wp-json\/wp\/v2\/types\/post"}],"author":[{"embeddable":true,"href":"https:\/\/www.radiopiu.net\/wordpress\/wp-json\/wp\/v2\/users\/1"}],"replies":[{"embeddable":true,"href":"https:\/\/www.radiopiu.net\/wordpress\/wp-json\/wp\/v2\/comments?post=149121"}],"version-history":[{"count":0,"href":"https:\/\/www.radiopiu.net\/wordpress\/wp-json\/wp\/v2\/posts\/149121\/revisions"}],"wp:featuredmedia":[{"embeddable":true,"href":"https:\/\/www.radiopiu.net\/wordpress\/wp-json\/wp\/v2\/media\/149106"}],"wp:attachment":[{"href":"https:\/\/www.radiopiu.net\/wordpress\/wp-json\/wp\/v2\/media?parent=149121"}],"wp:term":[{"taxonomy":"category","embeddable":true,"href":"https:\/\/www.radiopiu.net\/wordpress\/wp-json\/wp\/v2\/categories?post=149121"},{"taxonomy":"post_tag","embeddable":true,"href":"https:\/\/www.radiopiu.net\/wordpress\/wp-json\/wp\/v2\/tags?post=149121"}],"curies":[{"name":"wp","href":"https:\/\/api.w.org\/{rel}","templated":true}]}}