{"id":149230,"date":"2020-07-13T15:42:15","date_gmt":"2020-07-13T13:42:15","guid":{"rendered":"https:\/\/www.radiopiu.net\/wordpress\/?p=149230"},"modified":"2020-07-13T15:42:15","modified_gmt":"2020-07-13T13:42:15","slug":"in-cammino-per-imparare-a-raccontare-le-dolomiti","status":"publish","type":"post","link":"https:\/\/www.radiopiu.net\/wordpress\/in-cammino-per-imparare-a-raccontare-le-dolomiti\/","title":{"rendered":"IN CAMMINO, PER IMPARARE A RACCONTARE LE DOLOMITI"},"content":{"rendered":"<p><strong><a class=\"dt-pswp-item\" href=\"https:\/\/www.radiopiu.net\/wordpress\/wp-content\/uploads\/2020\/07\/corso-geografia-gruppo-interno.jpeg\" data-dt-img-description=\"\" data-large_image_width=\"1599\" data-large_image_height=\"777\"><img loading=\"lazy\" decoding=\"async\" class=\"size-medium wp-image-149231 alignleft\" src=\"https:\/\/www.radiopiu.net\/wordpress\/wp-content\/uploads\/2020\/07\/corso-geografia-gruppo-interno-300x146.jpeg\" alt=\"\" width=\"300\" height=\"146\" srcset=\"https:\/\/www.radiopiu.net\/wordpress\/wp-content\/uploads\/2020\/07\/corso-geografia-gruppo-interno-300x146.jpeg 300w, https:\/\/www.radiopiu.net\/wordpress\/wp-content\/uploads\/2020\/07\/corso-geografia-gruppo-interno-1024x498.jpeg 1024w, https:\/\/www.radiopiu.net\/wordpress\/wp-content\/uploads\/2020\/07\/corso-geografia-gruppo-interno-768x373.jpeg 768w, https:\/\/www.radiopiu.net\/wordpress\/wp-content\/uploads\/2020\/07\/corso-geografia-gruppo-interno-1536x746.jpeg 1536w, https:\/\/www.radiopiu.net\/wordpress\/wp-content\/uploads\/2020\/07\/corso-geografia-gruppo-interno.jpeg 1599w\" sizes=\"auto, (max-width: 300px) 100vw, 300px\" \/><\/a>CORTINA<\/strong>\u00a0Quaranta, tra docenti di vario ordine, formatori CAI e guide, hanno infilato gli scarponi per rispondere alla proposta della Fondazione Dolomiti UNESCO e della Fondazione Giovanni Angelini di Belluno: l\u2019ormai tradizionale Corso di formazione interdisciplinare di Geografia, che si \u00e8 concluso ieri (12 luglio 2020) a Cortina, grazie anche alla collaborazione della locale sezione CAI, del Parco Naturale Dolomiti d\u2019Ampezzo, delle Regole d\u2019Ampezzo e del Comune di Cortina. La sede delle lezioni teoriche \u00e8 stata la Ciasa de Ra Regoles di Cortina, ma due intere giornate sono state dedicate alle uscite sul campo, tra le Tofane e gli Altopiani Ampezzani. Questa la vera peculiarit\u00e0 di un corso che, in vista di un anno scolastico nel quale andranno privilegiate le uscite rispetto alla didattica in aula, \u00e8 diventato un\u2019occasione privilegiata per acquisire competenze interdisciplinari sulle Dolomiti, da trasmettere agli studenti e a tutti i fruitori della montagna. \u201c<em>Quando abbiamo riproposto il corso in molti si sono affrettati a iscriversi, proprio perch\u00e9 stanchi della didattica a distanza\u201d afferma Ester Cason Angelini, \u201cla montagna offre libert\u00e0 e spazi, per questo, dopo il COVID-19, va valorizzata come scrigno di salute e benessere\u201d. \u201cOrganizziamo questi corsi da sempre\u201d continua Ester Cason Angelini, \u201cma dal 2009, con l\u2019iscrizione delle Dolomiti nella lista del Patrimonio Mondiale, grazie alla stretta collaborazione della Fondazione Dolomiti UNESCO, li dedichiamo di anno in anno a uno dei nove sistemi<\/em>\u201d. \u201c<em>Al corso prendono parte alcuni fedelissimi, segno che l\u2019iniziativa piace e consente di scoprire sempre nuove aree dolomitiche\u201d, sottolinea Selina Angelini, che ha curato l\u2019organizzazione, \u201cma ogni anno arrivano anche persone nuove, con background molto diversi. La peculiarit\u00e0 di questi tre giorni \u00e8 la possibilit\u00e0 di acquisire conoscenze teoriche, da sperimentare subito sul territorio, per poi trasmetterle ad altri, agli studenti o a tutti i frequentatori della montagna<\/em>\u201d. <a class=\"dt-pswp-item\" href=\"https:\/\/www.radiopiu.net\/wordpress\/wp-content\/uploads\/2020\/07\/corso-geografia-gruppo-esterna.jpeg\" data-dt-img-description=\"\" data-large_image_width=\"1599\" data-large_image_height=\"777\"><img loading=\"lazy\" decoding=\"async\" class=\"size-medium wp-image-149232 alignright\" src=\"https:\/\/www.radiopiu.net\/wordpress\/wp-content\/uploads\/2020\/07\/corso-geografia-gruppo-esterna-300x146.jpeg\" alt=\"\" width=\"300\" height=\"146\" srcset=\"https:\/\/www.radiopiu.net\/wordpress\/wp-content\/uploads\/2020\/07\/corso-geografia-gruppo-esterna-300x146.jpeg 300w, https:\/\/www.radiopiu.net\/wordpress\/wp-content\/uploads\/2020\/07\/corso-geografia-gruppo-esterna-1024x498.jpeg 1024w, https:\/\/www.radiopiu.net\/wordpress\/wp-content\/uploads\/2020\/07\/corso-geografia-gruppo-esterna-768x373.jpeg 768w, https:\/\/www.radiopiu.net\/wordpress\/wp-content\/uploads\/2020\/07\/corso-geografia-gruppo-esterna-1536x746.jpeg 1536w, https:\/\/www.radiopiu.net\/wordpress\/wp-content\/uploads\/2020\/07\/corso-geografia-gruppo-esterna.jpeg 1599w\" sizes=\"auto, (max-width: 300px) 100vw, 300px\" \/><\/a>\u201c<em>I partecipanti sono tutti appassionati di montagna, quindi sono delle spugne: sono interessati a tutti gli aspetti geografici geomorfologici, floristici\u201d, commenta uno dei relatori, il geologo Danilo Giordano, insegnante all\u2019IIS Follador. \u201cLe Dolomiti Ampezzane sono perfette per un\u2019esperienza come questa, perch\u00e9 dal punto di vista geologico sono un libro aperto, gli affioramenti sono evidenti. Ci\u00f2 che unisce tutte le discipline che vengono trattate \u00e8 il concetto di bellezza: l\u2019insieme di quella geologica, floristica, faunistica, paesaggistica si compone in una completezza assoluta<\/em>\u201d.<\/p>\n","protected":false},"excerpt":{"rendered":"<p>CORTINA\u00a0Quaranta, tra docenti di vario ordine, formatori CAI e guide, hanno infilato gli scarponi per rispondere alla proposta della Fondazione Dolomiti UNESCO e della Fondazione Giovanni Angelini di Belluno: l\u2019ormai tradizionale Corso di formazione interdisciplinare di Geografia, che si \u00e8 concluso ieri (12 luglio 2020) a Cortina, grazie anche alla collaborazione della locale sezione CAI,&hellip;<\/p>\n","protected":false},"author":4,"featured_media":149232,"comment_status":"closed","ping_status":"closed","sticky":false,"template":"","format":"standard","meta":{"_monsterinsights_skip_tracking":false,"_monsterinsights_sitenote_active":false,"_monsterinsights_sitenote_note":"","_monsterinsights_sitenote_category":0,"footnotes":""},"categories":[49],"tags":[],"class_list":["post-149230","post","type-post","status-publish","format-standard","has-post-thumbnail","hentry","category-news-18","category-49","description-off"],"img_url":"https:\/\/www.radiopiu.net\/wordpress\/wp-content\/uploads\/2020\/07\/corso-geografia-gruppo-esterna.jpeg","_links":{"self":[{"href":"https:\/\/www.radiopiu.net\/wordpress\/wp-json\/wp\/v2\/posts\/149230","targetHints":{"allow":["GET"]}}],"collection":[{"href":"https:\/\/www.radiopiu.net\/wordpress\/wp-json\/wp\/v2\/posts"}],"about":[{"href":"https:\/\/www.radiopiu.net\/wordpress\/wp-json\/wp\/v2\/types\/post"}],"author":[{"embeddable":true,"href":"https:\/\/www.radiopiu.net\/wordpress\/wp-json\/wp\/v2\/users\/4"}],"replies":[{"embeddable":true,"href":"https:\/\/www.radiopiu.net\/wordpress\/wp-json\/wp\/v2\/comments?post=149230"}],"version-history":[{"count":0,"href":"https:\/\/www.radiopiu.net\/wordpress\/wp-json\/wp\/v2\/posts\/149230\/revisions"}],"wp:featuredmedia":[{"embeddable":true,"href":"https:\/\/www.radiopiu.net\/wordpress\/wp-json\/wp\/v2\/media\/149232"}],"wp:attachment":[{"href":"https:\/\/www.radiopiu.net\/wordpress\/wp-json\/wp\/v2\/media?parent=149230"}],"wp:term":[{"taxonomy":"category","embeddable":true,"href":"https:\/\/www.radiopiu.net\/wordpress\/wp-json\/wp\/v2\/categories?post=149230"},{"taxonomy":"post_tag","embeddable":true,"href":"https:\/\/www.radiopiu.net\/wordpress\/wp-json\/wp\/v2\/tags?post=149230"}],"curies":[{"name":"wp","href":"https:\/\/api.w.org\/{rel}","templated":true}]}}