{"id":149333,"date":"2020-07-14T20:37:11","date_gmt":"2020-07-14T18:37:11","guid":{"rendered":"https:\/\/www.radiopiu.net\/wordpress\/?p=149333"},"modified":"2020-07-15T10:09:51","modified_gmt":"2020-07-15T08:09:51","slug":"giornale-radiopiu-15-luglio-2020-direttore-mirko-mezzacasa","status":"publish","type":"post","link":"https:\/\/www.radiopiu.net\/wordpress\/giornale-radiopiu-15-luglio-2020-direttore-mirko-mezzacasa\/","title":{"rendered":"GIORNALE RADIOPIU 15 LUGLIO 2020 DIRETTORE MIRKO MEZZACASA"},"content":{"rendered":"<h3><strong>PER RICEVERE QUESTO NOTIZIARIO DIRETTAMENTE SUL TUO CELLULARE ISCRIVITI AL CANALE TELEGRAM\u00a0<\/strong><strong>\u201cRADIO PIU\u00a0 INFORMAZIONE<\/strong><\/h3>\n<p><em>ATTENZIONE: LA NUOVA APP PER IOS-IPHONE<\/em><\/p>\n<div>\n<div><a href=\"https:\/\/apps.apple.com\/it\/app\/radio-pi%C3%B9-emittente-agordina\/id1515939845\">https:\/\/apps.apple.com\/it\/app\/radio-pi%C3%B9-emittente-agordina\/id1515939845<\/a><\/div>\n<\/div>\n<div><\/div>\n<div>\n<div dir=\"auto\"><em>ATTENZIONE: LA NUOVA APP RADIO\u00a0 PER ANDROID<\/em><\/div>\n<\/div>\n<p><a href=\"https:\/\/play.google.com\/store\/apps\/details?id=net.radiopiu.iniko\" target=\"_blank\" rel=\"noopener noreferrer\">https:\/\/play.google.com\/store\/apps\/details?id=net.radiopiu.iniko<\/a><\/p>\n<p>&nbsp;<\/p>\n<hr \/>\n<p>&nbsp;<\/p>\n<p><span style=\"color: #ff0000;\"><strong>DOMANI\u00a0dalle 8\u00a0 a fine lavori\u00a0 potrebbe mancare l&#8217;acqua ad AGORDO, in localit\u00e0 CROSTOLIN e in via DANTE ALIGHIERI. Il personale addetto operer\u00e0 per limitare il pi\u00f9 possibile i disagi alla popolazione. <\/strong><\/span><\/p>\n<p><em><strong>Gestione Servizi Pubblici informa che ad Agordo nelle localit\u00e0 Valcozzena, Brugnach e Giove\u00a0 ed a La Valle Agordina nelle localit\u00e0 Ronche, Ronchet, Noach, Le Campe e Cancellade l&#8217;acqua erogata dall&#8217;acquedotto \u00e8 di nuovo potabile e pu\u00f2 essere usata, quindi, per scopi alimentari.<\/strong><\/em><\/p>\n<p><em><strong>a Santo Stefano di Cadore\u00a0nelle localit\u00e0 Costa d\u2019Antola e Costa Zucco, e a San Pietro di Cadore nelle frazioni di Valle, Stavello, Presenaio, Mare, Costalta l\u2019acqua erogata dall\u2019acquedotto non \u00e8 potabile e pu\u00f2 essere usata per scopi alimentari solo previa bollitura.<\/strong><\/em><\/p>\n<p>&nbsp;<\/p>\n<p>&nbsp;<\/p>\n<hr \/>\n<blockquote>\n<h3><\/h3>\n<h3><img loading=\"lazy\" decoding=\"async\" class=\"alignleft\" src=\"https:\/\/www.radiopiu.net\/wordpress\/wp-content\/uploads\/2020\/07\/584992e2-8062-4f1c-989f-156b975bc482.jpg\" width=\"202\" height=\"101\" \/>VAL FIORENTINA DA OGGI A SENSO UNICO ALTERNATO <strong style=\"font-size: 14px;\">SELVA DI CADORE<\/strong><span style=\"font-size: 14px; font-weight: normal;\"> Da oggi e fino al 7 agosto dalle 7 alle 18\u00a0 e dal 24 agosto al 15 settembre sempre dalle 7 alle 18 (festivi e pre festivi esclusi) senso unico alternato con movieri o semaforo in localit\u00e0 Solator. dal chilometro 4.400 al chilometro 5.100<\/span><\/h3>\n<\/blockquote>\n<p>&nbsp;<\/p>\n<hr \/>\n<p>&nbsp;<\/p>\n<blockquote>\n<h3>RAGAZZE DISPERSE IN CANSIGLIO, ALLARME RIENTRATO<\/h3>\n<\/blockquote>\n<p><strong><a class=\"dt-pswp-item\" href=\"https:\/\/www.radiopiu.net\/wordpress\/wp-content\/uploads\/2017\/07\/Cansiglio-Run_panoramica_b.jpg\" data-dt-img-description=\"\" data-large_image_width=\"1024\" data-large_image_height=\"661\"><img loading=\"lazy\" decoding=\"async\" class=\"size-medium wp-image-34283 alignleft\" src=\"https:\/\/www.radiopiu.net\/wordpress\/wp-content\/uploads\/2017\/07\/Cansiglio-Run_panoramica_b-300x194.jpg\" alt=\"\" width=\"300\" height=\"194\" \/><\/a>TAMBRE\u00a0<\/strong> Ieri sera alle 18.20\u00a0 la Centrale del Suem \u00e8 stata allertata per due ragazzine di 12 e 13 anni, spagnole, disperse nei boschi del Cansiglio. Il padre con cui si trovavano, le aveva infatti perse di vista per alcuni minuti in un&#8217;area picnic per poi non trovarle pi\u00f9 e si era rivolto a un ristorante del posto per chiedere aiuto. Subito si \u00e8 attivata la macchina delle ricerche con l&#8217;attivazione del Soccorso alpino dell&#8217;Alpago, delle unit\u00e0 cinofile, del Centro mobile di coordinamento, delle squadre del Sagf e l&#8217;allertamento delle Stazioni del Soccorso alpino contermini, mentre stava per decollare anche l&#8217;elicottero del Suem di Pieve di Cadore. Fortunatamente poco dopo le due giovani sono state rintracciate e l&#8217;allarme \u00e8 rientrato. Sul posto i Vigili del fuoco.<\/p>\n<p>&nbsp;<\/p>\n<p>&nbsp;<\/p>\n<p>&nbsp;<\/p>\n<p>&nbsp;<\/p>\n<hr \/>\n<p>&nbsp;<\/p>\n<blockquote>\n<h3><a class=\"dt-pswp-item\" href=\"https:\/\/www.radiopiu.net\/wordpress\/wp-content\/uploads\/2020\/07\/107745744_949978532096895_4768960213188444839_n.jpg\" data-dt-img-description=\"\" data-large_image_width=\"654\" data-large_image_height=\"960\"><img loading=\"lazy\" decoding=\"async\" class=\"wp-image-149504 alignleft\" src=\"https:\/\/www.radiopiu.net\/wordpress\/wp-content\/uploads\/2020\/07\/107745744_949978532096895_4768960213188444839_n-204x300.jpg\" alt=\"\" width=\"122\" height=\"179\" srcset=\"https:\/\/www.radiopiu.net\/wordpress\/wp-content\/uploads\/2020\/07\/107745744_949978532096895_4768960213188444839_n-204x300.jpg 204w, https:\/\/www.radiopiu.net\/wordpress\/wp-content\/uploads\/2020\/07\/107745744_949978532096895_4768960213188444839_n.jpg 654w\" sizes=\"auto, (max-width: 122px) 100vw, 122px\" \/><\/a><\/h3>\n<h3>IERI SERA\u00a0 A CARACOI CIMAI POMPIERI DI ALLEGHE E ROCCA PIETORE IN AZIONE<\/h3>\n<\/blockquote>\n<p><strong>ROCCA PIETORE<\/strong> Intervento notturno dei pompieri volontari di Alleghe e Rocca Pietore ieri sera alle\u00a0 21.27. Dopo l&#8217;allerta dalla Sala Operativa del Comando di Belluno gli uomini della Val Cordevole sono saliti a\u00a0 Caracoi Cimai nel comune di Rocca Pietore per alcuni nidi di api presenti in un quadro elettrico.Gli alveari sono stati rimossi con tutte le cautele del caso e appoggiati in un posto sicuro nelle vicinanze.<\/p>\n<p>&nbsp;<\/p>\n<p>&nbsp;<\/p>\n<p>&nbsp;<\/p>\n<hr \/>\n<p>&nbsp;<\/p>\n<blockquote>\n<h3>MAURO DE MARTIN, VALENTINO DE MARTIN E PIO BRAITO: ASSOLTI PERCHE&#8217; IL FATTO NON SUSSISTE<\/h3>\n<\/blockquote>\n<p><strong>CANALE D&#8217;AGORDO<\/strong>\u00a0 Tutto regolare nel capitolo contributi europei ottenuti tramite l&#8217;Agenzia veneta per i pagamenti in agricoltura Avepa.La Procura della Repubblica aveva contestato pi\u00f9 di un milione 324 mila euro agli imprenditori agricoli agordini Valentino e Mauro De Martin e Pio Braito, ma\u00a0 il pubblico ministero Marcon ha chiesto l&#8217;assoluzione ed ecco la sentenza: assoluzione perch\u00e9 il fatto non sussiste con formula piena o dubitativa, sia per gli imputati che per le loro aziende agricole. La Guardia di finanza aveva sequestrato preventivamente: 20 unit\u00e0, tra immobili e terreni, 12 conti correnti e 11 automezzi per un valore di oltre 1 milione di euro. Il motivo della causa i contratti di affitto di terreni con proprietari deceduti con riferimento ai contributi incassati tra il 2010 e il 2013 per quasi un milione e mezzo di euro.<\/p>\n<p>&nbsp;<\/p>\n<hr \/>\n<blockquote>\n<h3><\/h3>\n<h3>STRADA PER MALGA LASTE, LA MINORANZA SOLLECITA IL SINDACO<\/h3>\n<\/blockquote>\n<p><strong>ROCCA PIETORE<\/strong> Omar Bassot, Maurizio De Cassan ed Erica Delgrosso, consiglieri di minoranza hanno portato all&#8217;attenzione del sindaco Andrea De Bernardin e della Giunta comunale il problema in cui versa la strada comunale che sale a Malga Laste. Hanno corredato la missiva di una raccolta fotografica.<\/p>\n<p>&#8220;Caro sindaco &#8211; scrivono i consiglieri di opposizione del gruppo Uniti per la Montagna\u00a0 &#8211; s<em>ollecitati dalla popolazione vogliamo portare all&#8217;attenzione dell&#8217;amministrazione comunale la situazione in cui versa la strada che collega Laste, localit\u00e0 Davare, a Malga Laste. <\/em><em>Da diversi anni la strada versa in pessime condizioni: presenta infatti molte buche, come si vede dalle foto allegate. <\/em><em>Sappiamo che sono stati stanziati dei fondi per la sistemazione della suddetta strada, ma chiediamo che in attesa dei lavori venga fatto quanto possibile per rendere il percorso dignitoso e agevole. Rimaniamo in attesa di un cortese riscontro&#8221;<\/em><\/p>\n<p>&nbsp;<\/p>\n<blockquote>\n<h3>IL PROBLEMA DELLA STRADE PER MALGA LASTE E\u2019 NOTO, \u201cPERTINENTE LA DOMANDA DELLA MINORANZA, LA NOSTRA RISPOSTA LO E&#8217; ALTRETTANTO\u201d DICE IL SINDACO DE BERNARDIN<\/h3>\n<\/blockquote>\n<p><strong>ROCCA PIETORE<\/strong> La minoranza chiede al Comune di sistemare la strada per Malga Laste, per Andrea De Bernadin sindaco in carica il problema \u00e8 noto e risponde con immediatezza ai tre consiglieri di opposizione.<\/p>\n<p><strong>ANDREA DE BERNARDIN<\/strong><\/p>\n<audio class=\"wp-audio-shortcode\" id=\"audio-149333-1\" preload=\"none\" style=\"width: 100%;\" controls=\"controls\"><source type=\"audio\/mpeg\" src=\"https:\/\/www.radiopiu.net\/wordpress\/wp-content\/uploads\/2020\/07\/ANDREA.mp3?_=1\" \/><a href=\"https:\/\/www.radiopiu.net\/wordpress\/wp-content\/uploads\/2020\/07\/ANDREA.mp3\">https:\/\/www.radiopiu.net\/wordpress\/wp-content\/uploads\/2020\/07\/ANDREA.mp3<\/a><\/audio>\n<p>&nbsp;<\/p>\n<blockquote>\n<div dir=\"auto\">\n\n\t\t\t<style type='text\/css'>\n\t\t\t\t#gallery-1 {\n\t\t\t\t\tmargin: auto;\n\t\t\t\t}\n\t\t\t\t#gallery-1 .gallery-item {\n\t\t\t\t\tfloat: left;\n\t\t\t\t\tmargin-top: 10px;\n\t\t\t\t\ttext-align: center;\n\t\t\t\t\twidth: 25%;\n\t\t\t\t}\n\t\t\t\t#gallery-1 img {\n\t\t\t\t\tborder: 2px solid #cfcfcf;\n\t\t\t\t}\n\t\t\t\t#gallery-1 .gallery-caption {\n\t\t\t\t\tmargin-left: 0;\n\t\t\t\t}\n\t\t\t\t\/* see gallery_shortcode() in wp-includes\/media.php *\/\n\t\t\t<\/style>\n\t\t<div id='gallery-1' class='dt-gallery-container gallery galleryid-149333 gallery-columns-4 gallery-size-thumbnail'><dl class='gallery-item'>\n\t\t\t\t<dt class='gallery-icon portrait'>\n\t\t\t\t\t<a class=\"rollover rollover-zoom dt-pswp-item\" title=\"IMG-20200713-WA0019\" data-dt-img-description=\"\" data-large_image_width=\"768\" data-large_image_height=\"1024\"href='https:\/\/www.radiopiu.net\/wordpress\/wp-content\/uploads\/2020\/07\/IMG-20200713-WA0019.jpg'><img loading=\"lazy\" decoding=\"async\" width=\"150\" height=\"150\" src=\"https:\/\/www.radiopiu.net\/wordpress\/wp-content\/uploads\/2020\/07\/IMG-20200713-WA0019-150x150.jpg\" class=\"attachment-thumbnail size-thumbnail\" alt=\"\" \/><\/a>\n\t\t\t\t<\/dt><\/dl><dl class='gallery-item'>\n\t\t\t\t<dt class='gallery-icon portrait'>\n\t\t\t\t\t<a class=\"rollover rollover-zoom dt-pswp-item\" title=\"IMG-20200713-WA0025\" data-dt-img-description=\"\" data-large_image_width=\"768\" data-large_image_height=\"1024\"href='https:\/\/www.radiopiu.net\/wordpress\/wp-content\/uploads\/2020\/07\/IMG-20200713-WA0025.jpg'><img loading=\"lazy\" decoding=\"async\" width=\"150\" height=\"150\" src=\"https:\/\/www.radiopiu.net\/wordpress\/wp-content\/uploads\/2020\/07\/IMG-20200713-WA0025-150x150.jpg\" class=\"attachment-thumbnail size-thumbnail\" alt=\"\" \/><\/a>\n\t\t\t\t<\/dt><\/dl><dl class='gallery-item'>\n\t\t\t\t<dt class='gallery-icon landscape'>\n\t\t\t\t\t<a class=\"rollover rollover-zoom dt-pswp-item\" title=\"IMG-20200713-WA0026\" data-dt-img-description=\"\" data-large_image_width=\"1024\" data-large_image_height=\"1024\"href='https:\/\/www.radiopiu.net\/wordpress\/wp-content\/uploads\/2020\/07\/IMG-20200713-WA0026.jpg'><img loading=\"lazy\" decoding=\"async\" width=\"150\" height=\"150\" src=\"https:\/\/www.radiopiu.net\/wordpress\/wp-content\/uploads\/2020\/07\/IMG-20200713-WA0026-150x150.jpg\" class=\"attachment-thumbnail size-thumbnail\" alt=\"\" srcset=\"https:\/\/www.radiopiu.net\/wordpress\/wp-content\/uploads\/2020\/07\/IMG-20200713-WA0026-150x150.jpg 150w, https:\/\/www.radiopiu.net\/wordpress\/wp-content\/uploads\/2020\/07\/IMG-20200713-WA0026-300x300.jpg 300w, https:\/\/www.radiopiu.net\/wordpress\/wp-content\/uploads\/2020\/07\/IMG-20200713-WA0026.jpg 1024w, https:\/\/www.radiopiu.net\/wordpress\/wp-content\/uploads\/2020\/07\/IMG-20200713-WA0026-768x768.jpg 768w\" sizes=\"auto, (max-width: 150px) 100vw, 150px\" \/><\/a>\n\t\t\t\t<\/dt><\/dl><dl class='gallery-item'>\n\t\t\t\t<dt class='gallery-icon landscape'>\n\t\t\t\t\t<a class=\"rollover rollover-zoom dt-pswp-item\" title=\"IMG-20200713-WA0020\" data-dt-img-description=\"\" data-large_image_width=\"1024\" data-large_image_height=\"768\"href='https:\/\/www.radiopiu.net\/wordpress\/wp-content\/uploads\/2020\/07\/IMG-20200713-WA0020.jpg'><img loading=\"lazy\" decoding=\"async\" width=\"150\" height=\"150\" src=\"https:\/\/www.radiopiu.net\/wordpress\/wp-content\/uploads\/2020\/07\/IMG-20200713-WA0020-150x150.jpg\" class=\"attachment-thumbnail size-thumbnail\" alt=\"\" \/><\/a>\n\t\t\t\t<\/dt><\/dl><br style=\"clear: both\" \/><dl class='gallery-item'>\n\t\t\t\t<dt class='gallery-icon landscape'>\n\t\t\t\t\t<a class=\"rollover rollover-zoom dt-pswp-item\" title=\"IMG-20200713-WA0018\" data-dt-img-description=\"\" data-large_image_width=\"1024\" data-large_image_height=\"1024\"href='https:\/\/www.radiopiu.net\/wordpress\/wp-content\/uploads\/2020\/07\/IMG-20200713-WA0018.jpg'><img loading=\"lazy\" decoding=\"async\" width=\"150\" height=\"150\" src=\"https:\/\/www.radiopiu.net\/wordpress\/wp-content\/uploads\/2020\/07\/IMG-20200713-WA0018-150x150.jpg\" class=\"attachment-thumbnail size-thumbnail\" alt=\"\" srcset=\"https:\/\/www.radiopiu.net\/wordpress\/wp-content\/uploads\/2020\/07\/IMG-20200713-WA0018-150x150.jpg 150w, https:\/\/www.radiopiu.net\/wordpress\/wp-content\/uploads\/2020\/07\/IMG-20200713-WA0018-300x300.jpg 300w, https:\/\/www.radiopiu.net\/wordpress\/wp-content\/uploads\/2020\/07\/IMG-20200713-WA0018.jpg 1024w, https:\/\/www.radiopiu.net\/wordpress\/wp-content\/uploads\/2020\/07\/IMG-20200713-WA0018-768x768.jpg 768w\" sizes=\"auto, (max-width: 150px) 100vw, 150px\" \/><\/a>\n\t\t\t\t<\/dt><\/dl><dl class='gallery-item'>\n\t\t\t\t<dt class='gallery-icon landscape'>\n\t\t\t\t\t<a class=\"rollover rollover-zoom dt-pswp-item\" title=\"IMG-20200713-WA0021\" data-dt-img-description=\"\" data-large_image_width=\"1024\" data-large_image_height=\"768\"href='https:\/\/www.radiopiu.net\/wordpress\/wp-content\/uploads\/2020\/07\/IMG-20200713-WA0021.jpg'><img loading=\"lazy\" decoding=\"async\" width=\"150\" height=\"150\" src=\"https:\/\/www.radiopiu.net\/wordpress\/wp-content\/uploads\/2020\/07\/IMG-20200713-WA0021-150x150.jpg\" class=\"attachment-thumbnail size-thumbnail\" alt=\"\" \/><\/a>\n\t\t\t\t<\/dt><\/dl><dl class='gallery-item'>\n\t\t\t\t<dt class='gallery-icon landscape'>\n\t\t\t\t\t<a class=\"rollover rollover-zoom dt-pswp-item\" title=\"IMG-20200713-WA0023\" data-dt-img-description=\"\" data-large_image_width=\"1024\" data-large_image_height=\"1024\"href='https:\/\/www.radiopiu.net\/wordpress\/wp-content\/uploads\/2020\/07\/IMG-20200713-WA0023.jpg'><img loading=\"lazy\" decoding=\"async\" width=\"150\" height=\"150\" src=\"https:\/\/www.radiopiu.net\/wordpress\/wp-content\/uploads\/2020\/07\/IMG-20200713-WA0023-150x150.jpg\" class=\"attachment-thumbnail size-thumbnail\" alt=\"\" srcset=\"https:\/\/www.radiopiu.net\/wordpress\/wp-content\/uploads\/2020\/07\/IMG-20200713-WA0023-150x150.jpg 150w, https:\/\/www.radiopiu.net\/wordpress\/wp-content\/uploads\/2020\/07\/IMG-20200713-WA0023-300x300.jpg 300w, https:\/\/www.radiopiu.net\/wordpress\/wp-content\/uploads\/2020\/07\/IMG-20200713-WA0023.jpg 1024w, https:\/\/www.radiopiu.net\/wordpress\/wp-content\/uploads\/2020\/07\/IMG-20200713-WA0023-768x768.jpg 768w\" sizes=\"auto, (max-width: 150px) 100vw, 150px\" \/><\/a>\n\t\t\t\t<\/dt><\/dl><dl class='gallery-item'>\n\t\t\t\t<dt class='gallery-icon landscape'>\n\t\t\t\t\t<a class=\"rollover rollover-zoom dt-pswp-item\" title=\"IMG-20200713-WA0022\" data-dt-img-description=\"\" data-large_image_width=\"1024\" data-large_image_height=\"1024\"href='https:\/\/www.radiopiu.net\/wordpress\/wp-content\/uploads\/2020\/07\/IMG-20200713-WA0022.jpg'><img loading=\"lazy\" decoding=\"async\" width=\"150\" height=\"150\" src=\"https:\/\/www.radiopiu.net\/wordpress\/wp-content\/uploads\/2020\/07\/IMG-20200713-WA0022-150x150.jpg\" class=\"attachment-thumbnail size-thumbnail\" alt=\"\" srcset=\"https:\/\/www.radiopiu.net\/wordpress\/wp-content\/uploads\/2020\/07\/IMG-20200713-WA0022-150x150.jpg 150w, https:\/\/www.radiopiu.net\/wordpress\/wp-content\/uploads\/2020\/07\/IMG-20200713-WA0022-300x300.jpg 300w, https:\/\/www.radiopiu.net\/wordpress\/wp-content\/uploads\/2020\/07\/IMG-20200713-WA0022.jpg 1024w, https:\/\/www.radiopiu.net\/wordpress\/wp-content\/uploads\/2020\/07\/IMG-20200713-WA0022-768x768.jpg 768w\" sizes=\"auto, (max-width: 150px) 100vw, 150px\" \/><\/a>\n\t\t\t\t<\/dt><\/dl><br style=\"clear: both\" \/>\n\t\t\t<\/div>\n\n<\/div>\n<\/blockquote>\n<p>&nbsp;<\/p>\n<hr \/>\n<h3><\/h3>\n<blockquote>\n<h3>SILVIA CESTARO SPERA NELL&#8217;ILLUMINAZIONE PER LA STRADA CHE COLLEGA SELVA A CAPRILE<\/h3>\n<\/blockquote>\n<p><a class=\"dt-pswp-item\" href=\"https:\/\/www.radiopiu.net\/wordpress\/wp-content\/uploads\/2020\/04\/SILVA-CESTARO-2020.jpg\" data-dt-img-description=\"\" data-large_image_width=\"1200\" data-large_image_height=\"1600\"><img loading=\"lazy\" decoding=\"async\" class=\"size-medium wp-image-130287 alignleft\" src=\"https:\/\/www.radiopiu.net\/wordpress\/wp-content\/uploads\/2020\/04\/SILVA-CESTARO-2020-225x300.jpg\" alt=\"\" width=\"225\" height=\"300\" srcset=\"https:\/\/www.radiopiu.net\/wordpress\/wp-content\/uploads\/2020\/04\/SILVA-CESTARO-2020-225x300.jpg 225w, https:\/\/www.radiopiu.net\/wordpress\/wp-content\/uploads\/2020\/04\/SILVA-CESTARO-2020-768x1024.jpg 768w, https:\/\/www.radiopiu.net\/wordpress\/wp-content\/uploads\/2020\/04\/SILVA-CESTARO-2020-1152x1536.jpg 1152w, https:\/\/www.radiopiu.net\/wordpress\/wp-content\/uploads\/2020\/04\/SILVA-CESTARO-2020.jpg 1200w\" sizes=\"auto, (max-width: 225px) 100vw, 225px\" \/><\/a>di Gianni Santomaso<\/p>\n<audio class=\"wp-audio-shortcode\" id=\"audio-149333-2\" preload=\"none\" style=\"width: 100%;\" controls=\"controls\"><source type=\"audio\/mpeg\" src=\"https:\/\/www.radiopiu.net\/wordpress\/wp-content\/uploads\/2020\/07\/GIANNI-SELVA-VAL-FIORENTINA.mp3?_=2\" \/><a href=\"https:\/\/www.radiopiu.net\/wordpress\/wp-content\/uploads\/2020\/07\/GIANNI-SELVA-VAL-FIORENTINA.mp3\">https:\/\/www.radiopiu.net\/wordpress\/wp-content\/uploads\/2020\/07\/GIANNI-SELVA-VAL-FIORENTINA.mp3<\/a><\/audio>\n<p>&nbsp;<\/p>\n<hr \/>\n<p>&nbsp;<\/p>\n<blockquote>\n<h3>CONTRIBUTI PER I DANNI METEOROLOGICI DEL 12-21 NOVEMBRE 2019<\/h3>\n<\/blockquote>\n<p><strong>LIVINALLONGO<\/strong> Il Comune di Livinallongo informa che sul sito internet istituzionale \u00e8 reperibile il modulo di domanda per il contributo immediato a sostegno dei nuclei famigliari, oppure per l&#8217;immediata ripresa delle attivit\u00e0 produttive per danni al patrimonio privato e alle attivit\u00e0 economiche. Le domande vanno inviate entro e non oltre il 27 luglio alle 12.<\/p>\n<p>&nbsp;<\/p>\n<hr \/>\n<p>&nbsp;<\/p>\n<blockquote>\n<h3>E&#8217; DANIELE GALLIGANI IL NUOVO PRESIDENTE DI AD AGORDO PROLOCO<\/h3>\n<\/blockquote>\n<p><strong><a class=\"dt-pswp-item\" href=\"https:\/\/www.radiopiu.net\/wordpress\/wp-content\/uploads\/2020\/07\/Daniele-Galligani.jpg\" data-dt-img-description=\"\" data-large_image_width=\"2048\" data-large_image_height=\"1362\"><img loading=\"lazy\" decoding=\"async\" class=\"size-medium wp-image-149501 alignleft\" src=\"https:\/\/www.radiopiu.net\/wordpress\/wp-content\/uploads\/2020\/07\/Daniele-Galligani-300x200.jpg\" alt=\"\" width=\"300\" height=\"200\" srcset=\"https:\/\/www.radiopiu.net\/wordpress\/wp-content\/uploads\/2020\/07\/Daniele-Galligani-300x200.jpg 300w, https:\/\/www.radiopiu.net\/wordpress\/wp-content\/uploads\/2020\/07\/Daniele-Galligani-1024x681.jpg 1024w, https:\/\/www.radiopiu.net\/wordpress\/wp-content\/uploads\/2020\/07\/Daniele-Galligani-768x511.jpg 768w, https:\/\/www.radiopiu.net\/wordpress\/wp-content\/uploads\/2020\/07\/Daniele-Galligani-1536x1022.jpg 1536w, https:\/\/www.radiopiu.net\/wordpress\/wp-content\/uploads\/2020\/07\/Daniele-Galligani.jpg 2048w\" sizes=\"auto, (max-width: 300px) 100vw, 300px\" \/><\/a>AGORDO<\/strong> Daniele Galligani \u00e8 la nuova guida dell\u2019Associazione con a fianco Federica Ben e Matthias \u00a0Rossi in qualit\u00e0 di vice-presidenti. La carica di segretario \u00e8 stata affidata a Giulia Della Lucia, mentre quella di tesoriere a Marta Moretti. Giuliana Facciotto insieme a Erik Marcon sono i delegati Pro Loco all\u2019interno del Consorzio delle Pro Loco dell\u2019Agordino. La composizione del nuovo gruppo si completa con i seguenti consiglieri: Ludovico Barzolai Martini, Chiara Case, Valentina Colle, Giada Conedera, Carmen Decima, Enrico Farenzena, Chiara Fontanive, Celeste Paganin, Eleonora Prompicai Vittoria Somma, Chiara Vieceli e Daniela Zasso.\u00a0 Revisori dei conti: Marco Da Ruos, Diego Rosson e Andrea Savio.Durante la serata \u00e8 stata sottolineata l\u2019importanza del tesseramento, come strumento necessario per sostenere fattivamente le attivit\u00e0 della Pro Loco, che nonostante abbia avuto un sostanziale incremento, ha ancora un numero limitato di tesserati. E&#8217; possibile rinnovare la tessera o diventare socio (quota annuale\u00a0 10 euro) presso l\u2019Ufficio Turistico di Agordo. Durante l\u2019incontro sono stati ricordati i prossimi eventi in programma:\u00a0 venerd\u00ec 17 luglio ore 20.30 presso la sala \u201cTamis\u201d una serata con Francesco Vidotto, scrittore, alpinista e appassionato di montagna e la collaborazione con il Comune di Agordo per il Circo Patuf che torner\u00e0 ad Agordo a fine luglio con il suo spettacolo all\u2019interno del Broi.<\/p>\n<p>&nbsp;<\/p>\n<p>&nbsp;<\/p>\n<hr \/>\n<p>&nbsp;<\/p>\n<div class=\"page-title title-left solid-bg breadcrumbs-mobile-off page-title-responsive-enabled\">\n<div class=\"wf-wrap\">\n<div class=\"page-title-head hgroup\">\n<blockquote>\n<h3 class=\"entry-title\">2 DECESSI E 22 POSITIVI IN PI\u00d9 NELLE ULTIME 24 ORE IN VENETO. 129 PERSONE SI AGGIUNGONO ALL\u2019ISOLAMENTO DOMICILIARE. A BELLUNO NESSUNA VARIAZIONE A PARTE 13 PERSONE IN PI\u00d9 IN ISOLAMENTO DOMICILIARE<\/h3>\n<\/blockquote>\n<\/div>\n<p><strong>di Mirko Mezzacasa<\/strong><\/p>\n<p>Lievita il numero degli isolamenti in Regione, 129 in pi\u00f9 in un solo giorno. Balzo in avanti anche dei positivi, 22 nelle ultime 24 ore. Attenzionate le affollate spiagge del litorale, ma anche il virus importato dall&#8217;estero. Purtroppo anche due decessi: uno extraospedaliero nel Padovano e uno nell&#8217;ospedale Villafranca che portano il totale a 2.043, dall&#8217;inizio della pandemia, di cui 7 nell&#8217;ultima settimana,\u00a0 450 i veronesi in isolamento domiciliare. In Veneto 93 per cento dei positivi si trova a casa il\u00a0 7 per cento in ospedale, 31 sono in reparti non critici (4 in meno rispetto a luned\u00ec) e due in terapia intensiva (uno in meno). Il totale di pazienti Covid, compresi i negativizzati, tuttora ricoverati\u00a0 \u00e8 di\u00a0 134, di cui 9 in terapia intensiva.\u00a0 Sono 1200 i positivi bellunesi dal 21 febbraio ad oggi,\u00a0 20 quelli attualmente positivi che \u00e8 il dato pi\u00f9 significante per capire l&#8217;andamento dell&#8217;epidemia, situazione stabile. I tamponi fatti nelle ultime 24 ore non hanno dato altri riscontri di contagi dopo quelli dei giorni scorsi.\u00a0 Sono\u00a0 189 le persone in isolamento domiciliare, 13 in pi\u00f9 rispetto a lunedi,\u00a0 contatti diretti di chi \u00e8 risultato positivo nei giorni scorsi. Due piccoli focolai sono rappresentati dalla famiglia kosovara contagiata dall&#8217;anziana, ricoverata in ospedale con altri due famigliari, e dalla cerchia dei famigliari di un&#8217;anziana del Feltrino contagiata dalla badante moldava. Il terzo focolaio a Lamon, con una sola positiva, dipendente di una casa di riposo del Primiero, 15 i famigliari in attesa del responso dei tamponi.<\/p>\n<\/div>\n<\/div>\n<div id=\"main\" class=\"sidebar-right sidebar-divider-vertical\">\n<div class=\"wf-wrap\">\n<div class=\"wf-container-main\">\n<div id=\"content\" class=\"content\" role=\"main\">\n<article id=\"post-149457\" class=\"post-149457 post type-post status-publish format-standard has-post-thumbnail category-news-18 category-49 description-off\">\n<div class=\"entry-content\">\n<p><strong>I NUOVI CASI<\/strong> 14 nuovi positivi: 5 positivi (tra cui 2 bambini di 5 e 9 anni) appartenenti verosimilmente ad un unico focolaio familiare legato al Kosovo, 1 donna di 28 anni nata in Kosovo, 1 uomo di 36 anni nato in Nigeria (cluster VI), 1 uomo di 25 anni nato in Nigeria (cluster PD), 1 donna di 55 anni nata in Congo, 2 uomini di 44 e 35 anni nati in Camerun, conviventi, 2 uomini italiani di 80 e 92 anni, 1 uomo di 52 anni, personale viaggiante in arrivo dalle Filippine<\/p>\n<p><strong>I NUMERI\u00a0 IN VENETO:<\/strong>\u00a0TOTALE POSITIVI 19434 (+22)\u00a0 ATTUALMENTE POSITIVI\u00a0 439 (+19)\u00a0 DECESSI 2043 (+2) NEGATIVIZZATI 16952 (+1) IN ISOLAMENTO 1422 (+129)\u00a0 RICOVERATI\u00a0 127 (+2 \u2013 31 POSITIVI, 96 NEGATIVIZZATI), NEGLI OSPEDALI DI COMUNITA\u2019 RICOVERATI 17 (-2, 0 POSITIVI,\u00a0 17 NEGATIVIZZATI), IN TERAPIA INTENSIVA 9 (2 POSITIVI, \u00a07 NEGATIVIZZATI). DIMESSI 3676 (+1)<\/p>\n<p><strong>IN NUMERI IN PROVINCIA:<\/strong>\u00a0TOTALE CONTAGI 1200 (0) , ATTUALMENTE POSITIVI 20 (0) , DECEDUTI 113 (0), NEGATIVIZZATI 1067 (0) ISOLAMENTO DOMICILIARE 189 (+13) RICOVERATI IN OSPEDALE AL SAN MARTINO 4 (0)<\/p>\n<\/div>\n<\/article>\n<\/div>\n<\/div>\n<\/div>\n<\/div>\n<p>&nbsp;<\/p>\n<p>&nbsp;<\/p>\n<p>&nbsp;<\/p>\n<hr \/>\n<blockquote class=\"wp-embedded-content\" data-secret=\"LskDqVGdsc\"><p><a href=\"https:\/\/www.radiopiu.net\/wordpress\/coronavirus-aggiornamento-nazionale-14-luglio\/\">CORONAVIRUS: AGGIORNAMENTO NAZIONALE 14 LUGLIO<\/a><\/p><\/blockquote>\n<p><iframe loading=\"lazy\" class=\"wp-embedded-content\" sandbox=\"allow-scripts\" security=\"restricted\" style=\"position: absolute; clip: rect(1px, 1px, 1px, 1px);\" title=\"&#8220;CORONAVIRUS: AGGIORNAMENTO NAZIONALE 14 LUGLIO&#8221; &#8212; Radio Pi\u00f9\" src=\"https:\/\/www.radiopiu.net\/wordpress\/coronavirus-aggiornamento-nazionale-14-luglio\/embed\/#?secret=LskDqVGdsc\" data-secret=\"LskDqVGdsc\" width=\"600\" height=\"338\" frameborder=\"0\" marginwidth=\"0\" marginheight=\"0\" scrolling=\"no\"><\/iframe><\/p>\n<p>&nbsp;<\/p>\n<hr \/>\n<p>&nbsp;<\/p>\n<blockquote class=\"wp-embedded-content\" data-secret=\"2kIrckUN8Q\"><p><a href=\"https:\/\/www.radiopiu.net\/wordpress\/2-decessi-e-22-positivi-in-piu-nelle-ultime-24-ore-in-veneto-129-persone-si-aggiungono-allisolamento-domiciliare-a-belluno-nessuna-variazione-a-parte-13-persone-in-piu-in-isolamento-domiciliare\/\">2 DECESSI E 22 POSITIVI IN PI\u00d9 NELLE ULTIME 24 ORE IN VENETO. 129 PERSONE SI AGGIUNGONO ALL&#8217;ISOLAMENTO DOMICILIARE. A BELLUNO NESSUNA VARIAZIONE A PARTE 13 PERSONE IN PI\u00d9 IN ISOLAMENTO DOMICILIARE<\/a><\/p><\/blockquote>\n<p><iframe loading=\"lazy\" class=\"wp-embedded-content\" sandbox=\"allow-scripts\" security=\"restricted\" style=\"position: absolute; clip: rect(1px, 1px, 1px, 1px);\" title=\"&#8220;2 DECESSI E 22 POSITIVI IN PI\u00d9 NELLE ULTIME 24 ORE IN VENETO. 129 PERSONE SI AGGIUNGONO ALL&#8217;ISOLAMENTO DOMICILIARE. A BELLUNO NESSUNA VARIAZIONE A PARTE 13 PERSONE IN PI\u00d9 IN ISOLAMENTO DOMICILIARE&#8221; &#8212; Radio Pi\u00f9\" src=\"https:\/\/www.radiopiu.net\/wordpress\/2-decessi-e-22-positivi-in-piu-nelle-ultime-24-ore-in-veneto-129-persone-si-aggiungono-allisolamento-domiciliare-a-belluno-nessuna-variazione-a-parte-13-persone-in-piu-in-isolamento-domiciliare\/embed\/#?secret=2kIrckUN8Q\" data-secret=\"2kIrckUN8Q\" width=\"600\" height=\"338\" frameborder=\"0\" marginwidth=\"0\" marginheight=\"0\" scrolling=\"no\"><\/iframe><\/p>\n<p>&nbsp;<\/p>\n<hr \/>\n<p>&nbsp;<\/p>\n<blockquote>\n<h3>EMERGENZA COVID 19: AGGIORNAMENTO 14 LUGLIO 2020<\/h3>\n<\/blockquote>\n<p><b><a class=\"dt-pswp-item\" href=\"https:\/\/www.radiopiu.net\/wordpress\/wp-content\/uploads\/2020\/03\/covid-ulss.jpg\" data-dt-img-description=\"\" data-large_image_width=\"800\" data-large_image_height=\"600\"><img loading=\"lazy\" decoding=\"async\" class=\"wp-image-121260 alignleft\" src=\"https:\/\/www.radiopiu.net\/wordpress\/wp-content\/uploads\/2020\/03\/covid-ulss-300x225.jpg\" alt=\"\" width=\"125\" height=\"94\" srcset=\"https:\/\/www.radiopiu.net\/wordpress\/wp-content\/uploads\/2020\/03\/covid-ulss-300x225.jpg 300w, https:\/\/www.radiopiu.net\/wordpress\/wp-content\/uploads\/2020\/03\/covid-ulss-768x576.jpg 768w, https:\/\/www.radiopiu.net\/wordpress\/wp-content\/uploads\/2020\/03\/covid-ulss.jpg 800w\" sizes=\"auto, (max-width: 125px) 100vw, 125px\" \/><\/a>BELLUNO\u00a0<\/b>Continua regolarmente l\u2019impegnativo lavoro per la refertazione dei tamponi da parte dei Laboratorio dell\u2019Ulss Dolomiti. Nelle ultime 24 ore non si \u00e8 registrata alcuna nuova positivit\u00e0.<\/p>\n<p>&nbsp;<\/p>\n<p>&nbsp;<\/p>\n<p>&nbsp;<\/p>\n<p>&nbsp;<\/p>\n<p>&nbsp;<\/p>\n<hr \/>\n<p>&nbsp;<\/p>\n<blockquote>\n<h3>IERI LE TELECAMERE DELLA RAI A SOTTOGUDA<\/h3>\n<\/blockquote>\n<p><a class=\"dt-pswp-item\" href=\"https:\/\/www.radiopiu.net\/wordpress\/wp-content\/uploads\/2018\/07\/Sottoguda.jpg\" data-dt-img-description=\"\" data-large_image_width=\"5184\" data-large_image_height=\"3456\"><img loading=\"lazy\" decoding=\"async\" class=\"size-medium wp-image-53633 alignleft\" src=\"https:\/\/www.radiopiu.net\/wordpress\/wp-content\/uploads\/2018\/07\/Sottoguda-300x200.jpg\" alt=\"\" width=\"300\" height=\"200\" srcset=\"https:\/\/www.radiopiu.net\/wordpress\/wp-content\/uploads\/2018\/07\/Sottoguda-300x200.jpg 300w, https:\/\/www.radiopiu.net\/wordpress\/wp-content\/uploads\/2018\/07\/Sottoguda-768x512.jpg 768w, https:\/\/www.radiopiu.net\/wordpress\/wp-content\/uploads\/2018\/07\/Sottoguda-1024x683.jpg 1024w\" sizes=\"auto, (max-width: 300px) 100vw, 300px\" \/><\/a><\/p>\n<p>&nbsp;<\/p>\n<p>&nbsp;<\/p>\n<p>&nbsp;<\/p>\n<p>di Gianni Santomaso<\/p>\n<p>&nbsp;<\/p>\n<p>&nbsp;<\/p>\n<p>&nbsp;<\/p>\n<audio class=\"wp-audio-shortcode\" id=\"audio-149333-3\" preload=\"none\" style=\"width: 100%;\" controls=\"controls\"><source type=\"audio\/mpeg\" src=\"https:\/\/www.radiopiu.net\/wordpress\/wp-content\/uploads\/2020\/07\/GIANNI-RAI-SOTTOGUDA.mp3?_=3\" \/><a href=\"https:\/\/www.radiopiu.net\/wordpress\/wp-content\/uploads\/2020\/07\/GIANNI-RAI-SOTTOGUDA.mp3\">https:\/\/www.radiopiu.net\/wordpress\/wp-content\/uploads\/2020\/07\/GIANNI-RAI-SOTTOGUDA.mp3<\/a><\/audio>\n<p>&nbsp;<\/p>\n<p><strong>LA PRESIDENTE DEL CONSORZIO OPERATORI TURISTICI ROCCA PIETORE MARMOLADA, LUCIA FARENZENA<\/strong><\/p>\n<audio class=\"wp-audio-shortcode\" id=\"audio-149333-4\" preload=\"none\" style=\"width: 100%;\" controls=\"controls\"><source type=\"audio\/mpeg\" src=\"https:\/\/www.radiopiu.net\/wordpress\/wp-content\/uploads\/2020\/07\/LUCIA.mp3?_=4\" \/><a href=\"https:\/\/www.radiopiu.net\/wordpress\/wp-content\/uploads\/2020\/07\/LUCIA.mp3\">https:\/\/www.radiopiu.net\/wordpress\/wp-content\/uploads\/2020\/07\/LUCIA.mp3<\/a><\/audio>\n<p>&nbsp;<\/p>\n<p>&nbsp;<\/p>\n<hr \/>\n<p>&nbsp;<\/p>\n<blockquote>\n<h3>IL COMITATO D&#8217;INTESA RICORDA IL DOTTOR NICOLINO PERTILE<\/h3>\n<\/blockquote>\n<p><strong><a class=\"dt-pswp-item\" href=\"https:\/\/www.radiopiu.net\/wordpress\/wp-content\/uploads\/2020\/07\/ASDASDASDASDASD.jpg\" data-dt-img-description=\"\" data-large_image_width=\"960\" data-large_image_height=\"540\"><img loading=\"lazy\" decoding=\"async\" class=\" wp-image-149400 alignleft\" src=\"https:\/\/www.radiopiu.net\/wordpress\/wp-content\/uploads\/2020\/07\/ASDASDASDASDASD-300x169.jpg\" alt=\"\" width=\"201\" height=\"113\" srcset=\"https:\/\/www.radiopiu.net\/wordpress\/wp-content\/uploads\/2020\/07\/ASDASDASDASDASD-300x169.jpg 300w, https:\/\/www.radiopiu.net\/wordpress\/wp-content\/uploads\/2020\/07\/ASDASDASDASDASD-768x432.jpg 768w, https:\/\/www.radiopiu.net\/wordpress\/wp-content\/uploads\/2020\/07\/ASDASDASDASDASD.jpg 960w\" sizes=\"auto, (max-width: 201px) 100vw, 201px\" \/><\/a>BELLUNO\u00a0<\/strong> Anche il Comitato d&#8217;intesa ricorda con affetto il dottor Nicolino Pertile, da sempre figura di spicco, oltre che nella sanit\u00e0 feltrina, anche nel campo del volontariato. Lo descrive, con parole di stima e riconoscenza, Dario Emeri che, per diversi anni, ha condiviso con lui esperienze e impegni nel settore. <em>\u00abFu pioniere del volontariato, quando ancora le istituzioni non dimostravano alcun interesse verso i bambini con gravi patologie\u00bb, ricorda Emeri. \u00abIl dottor Pertile fond\u00f2, 45 anni fa, il Centro Spastici\u00a0 presso l&#8217;Ospedale S. Maria del Prato di Feltre, riunendo attorno a questa iniziativa medici, psicologi, fisiatri, fisioterapisti ed insegnanti affinch\u00e9 i bambini con gravi patologie potessero dare, in et\u00e0 evolutiva, il loro meglio, attraverso appropriate ed individualizzate cure riabilitative\u00bb.\u00a0<\/em>In contemporanea sorse a Belluno il\u00a0Comitato d&#8217;intesa tra le associazioni volontaristiche, il quale si occupava di trasportare presso il Centro i bambini disabili del Bellunese per l&#8217;opportuna riabilitazione.<\/p>\n<p>&nbsp;<\/p>\n<p>&nbsp;<\/p>\n<hr \/>\n<h1><\/h1>\n<blockquote>\n<h1>54.426, SONO I BELLUNESI ISCRITTI ALL&#8217;AIRE. 2000 GIOVANI ALL&#8217;ANNO LASCIANO LA PROVINCIA<\/h1>\n<\/blockquote>\n<blockquote><p><em>Sono 1.659 i nuovi iscritti nell&#8217;ultimo anno Un approfondimento elaborato dal Centro studi sulle migrazioni &#8220;Aletheia&#8221; (strumento dell&#8217;Associazione Bellunesi nel Mondo) in cui si analizza la situazione della provincia di Belluno, osservando quanti sono, dove vivono, da dove vengono e perch\u00e9 sono espatriati i bellunesi nel mondo.<\/em><\/p><\/blockquote>\n<p><strong><a class=\"dt-pswp-item\" href=\"https:\/\/www.radiopiu.net\/wordpress\/wp-content\/uploads\/2020\/07\/download-13.jpg\" data-dt-img-description=\"\" data-large_image_width=\"354\" data-large_image_height=\"142\"><img loading=\"lazy\" decoding=\"async\" class=\"alignnone size-medium wp-image-149405\" src=\"https:\/\/www.radiopiu.net\/wordpress\/wp-content\/uploads\/2020\/07\/download-13-300x120.jpg\" alt=\"\" width=\"300\" height=\"120\" srcset=\"https:\/\/www.radiopiu.net\/wordpress\/wp-content\/uploads\/2020\/07\/download-13-300x120.jpg 300w, https:\/\/www.radiopiu.net\/wordpress\/wp-content\/uploads\/2020\/07\/download-13.jpg 354w\" sizes=\"auto, (max-width: 300px) 100vw, 300px\" \/><\/a>BELLUNO<\/strong> Cresce l\u2019Aire. I bellunesi (ufficialmente) nel mondo al 31 dicembre 2019 sono 54.426. Questo il dato che emerge dall\u2019Anagrafe degli Italiani Residenti all\u2019Estero. Un dato che, rispetto all\u2019anno precedente, \u00e8 aumentato di 1.659 iscritti e di 13.989 soggetti nel corso di un decennio (+34,59%). L\u2019iscrizione all\u2019Aire, seppur obbligatoria, avviene sostanzialmente su base volontaria quindi le statistiche dell\u2019Anagrafe dei residenti all\u2019estero non rispecchiano fedelmente la situazione migratoria italiana. Secondo gli esperti, per avvicinarsi al dato reale la cifra dell\u2019Aire andrebbe moltiplicata per due, se non per tre.\u00a0 I bellunesi all\u2019estero sono in leggera prevalenza maschi (il 50,48%), hanno perlopi\u00f9 tra i 18 e i 40 anni (rientra in questa fascia di et\u00e0 il 32,18% degli iscritti) e si trovano fuori della nostra provincia fin dalla nascita. Spulciando un\u2019ipotetica mappa, troveremmo bellunesi in 127 diversi Paesi, soprattutto in America (48,63%).\u00a0 Gli Stati \u00a0con le pi\u00f9 salde radici dolomitiche sono Brasile (17.293 iscritti, pari al 31,77% del totale), Svizzera (11.193 &#8211; 20,57%), Germania (5.524 &#8211; 10,15%), Argentina (4.637 &#8211; 8,52%) e Francia (2.512 &#8211; 4,62%).\u00a0 I comuni bellunesi con il maggior numero di iscritti in termini assoluti sono: Belluno (5.810 &#8211; 10,68% sul totale), Borgo Valbelluna (4.586 &#8211; 8,43% sul totale), Feltre (4.002 &#8211; 7,35% sul totale), Longarone (2.813 &#8211; 5,17% sul totale) e Fonzaso (2.567 &#8211; 4,72% sul totale).\u00a0 In rapporto alla popolazione residente: a Soverzene gli iscritti all\u2019Aire sono pi\u00f9 del doppio degli abitanti: 875 contro 366, Arsi\u00e8 con il 115,21% (2.553 iscritti su 2.216 abitanti), Vallada Agordina con l\u201983,78% (403 iscritti su 481 abitanti). In Veneto, la provincia di Belluno \u00e8 quinta per numero assoluto di iscritti. Le cose cambiano, tuttavia, se la cifra degli Aire \u00e8 posta in rapporto alla popolazione residente. In questo caso, il Bellunese balza in testa, con il dato degli espatriati che incide per il 26,88% sul totale degli abitanti. Un dato di gran lunga superiore rispetto a quello di tutte le altre province.<\/p>\n<p><strong>LO STUDIO COMPLETO<\/strong><\/p>\n<a href=\"https:\/\/www.radiopiu.net\/wordpress\/wp-content\/uploads\/2020\/07\/ALETHEIA_LUGLIO_2020_DATI-1.pdf\" class=\"pdfemb-viewer\" style=\"\" data-width=\"max\" data-height=\"max\" data-toolbar=\"top\" data-toolbar-fixed=\"on\">ALETHEIA_LUGLIO_2020_DATI-1<\/a>\n<p>&nbsp;<\/p>\n<hr \/>\n<blockquote>\n<h3><\/h3>\n<h3>OCCHIALE E POST COVID: OGGI IN SCENA\u00a0 I LAVORI DEI FUTURI EYEWEAR PRODUCT MANAGER<\/h3>\n<\/blockquote>\n<p>&nbsp;<\/p>\n<p><strong>LONGARONE<\/strong> Gli allievi interpretano il post pandemia:\u00a0 \u00e8 il titolo del webinair che vedr\u00e0 protagonista il 2\u00b0 anno del corso ITS academy per eyewear product manager, fissato per questa sera alle 18. Un segnale positivo nato da un\u2019opportunit\u00e0 che \u00e8 stata colta: dopo la reclusione forzata, lo staff dell\u2019area formazione di Certottica ha pensato a come trasformare il momento negativo in un\u2019avvincente sfida per i ragazzi.\u00a0 Per accedere all\u2019evento \u00e8 sufficiente connettersi al link https:\/\/meet.google.com\/fkz-ygco-rjb.<\/p>\n\n\t\t\t<style type='text\/css'>\n\t\t\t\t#gallery-2 {\n\t\t\t\t\tmargin: auto;\n\t\t\t\t}\n\t\t\t\t#gallery-2 .gallery-item {\n\t\t\t\t\tfloat: left;\n\t\t\t\t\tmargin-top: 10px;\n\t\t\t\t\ttext-align: center;\n\t\t\t\t\twidth: 25%;\n\t\t\t\t}\n\t\t\t\t#gallery-2 img {\n\t\t\t\t\tborder: 2px solid #cfcfcf;\n\t\t\t\t}\n\t\t\t\t#gallery-2 .gallery-caption {\n\t\t\t\t\tmargin-left: 0;\n\t\t\t\t}\n\t\t\t\t\/* see gallery_shortcode() in wp-includes\/media.php *\/\n\t\t\t<\/style>\n\t\t<div id='gallery-2' class='dt-gallery-container gallery galleryid-149333 gallery-columns-4 gallery-size-thumbnail'><dl class='gallery-item'>\n\t\t\t\t<dt class='gallery-icon landscape'>\n\t\t\t\t\t<a class=\"rollover rollover-zoom dt-pswp-item\" title=\"ITS 2019-5883\" data-dt-img-description=\"\" data-large_image_width=\"1500\" data-large_image_height=\"1000\"href='https:\/\/www.radiopiu.net\/wordpress\/wp-content\/uploads\/2020\/07\/ITS-2019-5883.jpg'><img loading=\"lazy\" decoding=\"async\" width=\"150\" height=\"150\" src=\"https:\/\/www.radiopiu.net\/wordpress\/wp-content\/uploads\/2020\/07\/ITS-2019-5883-150x150.jpg\" class=\"attachment-thumbnail size-thumbnail\" alt=\"\" \/><\/a>\n\t\t\t\t<\/dt><\/dl><dl class='gallery-item'>\n\t\t\t\t<dt class='gallery-icon landscape'>\n\t\t\t\t\t<a class=\"rollover rollover-zoom dt-pswp-item\" title=\"ITS 2019-6030-1\" data-dt-img-description=\"\" data-large_image_width=\"1500\" data-large_image_height=\"1000\"href='https:\/\/www.radiopiu.net\/wordpress\/wp-content\/uploads\/2020\/07\/ITS-2019-6030-1.jpg'><img loading=\"lazy\" decoding=\"async\" width=\"150\" height=\"150\" src=\"https:\/\/www.radiopiu.net\/wordpress\/wp-content\/uploads\/2020\/07\/ITS-2019-6030-1-150x150.jpg\" class=\"attachment-thumbnail size-thumbnail\" alt=\"\" \/><\/a>\n\t\t\t\t<\/dt><\/dl><dl class='gallery-item'>\n\t\t\t\t<dt class='gallery-icon landscape'>\n\t\t\t\t\t<a class=\"rollover rollover-zoom dt-pswp-item\" title=\"ITS 2019-5735-1\" data-dt-img-description=\"\" data-large_image_width=\"1500\" data-large_image_height=\"1000\"href='https:\/\/www.radiopiu.net\/wordpress\/wp-content\/uploads\/2020\/07\/ITS-2019-5735-1.jpg'><img loading=\"lazy\" decoding=\"async\" width=\"150\" height=\"150\" src=\"https:\/\/www.radiopiu.net\/wordpress\/wp-content\/uploads\/2020\/07\/ITS-2019-5735-1-150x150.jpg\" class=\"attachment-thumbnail size-thumbnail\" alt=\"\" \/><\/a>\n\t\t\t\t<\/dt><\/dl><dl class='gallery-item'>\n\t\t\t\t<dt class='gallery-icon landscape'>\n\t\t\t\t\t<a class=\"rollover rollover-zoom dt-pswp-item\" title=\"ITS 2019-5609-1\" data-dt-img-description=\"\" data-large_image_width=\"1500\" data-large_image_height=\"1000\"href='https:\/\/www.radiopiu.net\/wordpress\/wp-content\/uploads\/2020\/07\/ITS-2019-5609-1.jpg'><img loading=\"lazy\" decoding=\"async\" width=\"150\" height=\"150\" src=\"https:\/\/www.radiopiu.net\/wordpress\/wp-content\/uploads\/2020\/07\/ITS-2019-5609-1-150x150.jpg\" class=\"attachment-thumbnail size-thumbnail\" alt=\"\" \/><\/a>\n\t\t\t\t<\/dt><\/dl><br style=\"clear: both\" \/>\n\t\t\t<\/div>\n\n<p>&nbsp;<\/p>\n<p>&nbsp;<\/p>\n<hr \/>\n<h3><\/h3>\n<blockquote>\n<h3>I NUMERI DEL GELATO. LA PRESENTAZIONE VENERDI\u2019 A MESTRE<\/h3>\n<\/blockquote>\n<p><a class=\"dt-pswp-item\" href=\"https:\/\/www.radiopiu.net\/wordpress\/wp-content\/uploads\/2020\/07\/Numeri-gelato-a-CGIA-Mestre.jpg\" data-dt-img-description=\"\" data-large_image_width=\"842\" data-large_image_height=\"568\"><img loading=\"lazy\" decoding=\"async\" class=\"size-medium wp-image-149390 alignleft\" src=\"https:\/\/www.radiopiu.net\/wordpress\/wp-content\/uploads\/2020\/07\/Numeri-gelato-a-CGIA-Mestre-300x202.jpg\" alt=\"\" width=\"300\" height=\"202\" srcset=\"https:\/\/www.radiopiu.net\/wordpress\/wp-content\/uploads\/2020\/07\/Numeri-gelato-a-CGIA-Mestre-300x202.jpg 300w, https:\/\/www.radiopiu.net\/wordpress\/wp-content\/uploads\/2020\/07\/Numeri-gelato-a-CGIA-Mestre-768x518.jpg 768w, https:\/\/www.radiopiu.net\/wordpress\/wp-content\/uploads\/2020\/07\/Numeri-gelato-a-CGIA-Mestre.jpg 842w\" sizes=\"auto, (max-width: 300px) 100vw, 300px\" \/><\/a><strong>LONGARONE<\/strong> Lo \u201cStudio sul comparto del Gelato Artigianale\u201d realizzato dall\u2019Ufficio Studi CGIA su richiesta della MIG \u2013 Mostra Internazionale del Gelato Artigianale di Longarone, sar\u00e0 ufficialmente presentato venerd\u00ec 17 luglio, con inizio alle ore 10:45, nella sede dell\u2019Associazione Artigiani e Piccole Imprese a Mestre. L\u2019esigenza era stata sollevata proprio dalla Fiera di Longarone in quanto, nonostante il gelato artigianale sia uno dei prodotti pi\u00f9 amati, sinonimo di genuinit\u00e0, tradizione e prodotto di punta del nostro Made in Italy, \u00e8 assai difficile cogliere con precisione le dimensioni e la consistenza del settore come dimostrano i numeri, a volte contrastanti, che vengono spesso diffusi. Con la loro riconosciuta capacit\u00e0 di ricerca e di analisi, gli operatori dell\u2019Ufficio Studi CGIA, approfondendo diverse fonti, come i dati delle Camere di Commercio, Studi di settore, Inps e Istat, sono riusciti a ricavare un quadro esaustivo e attendibile sia per quanto riguarda il numero delle imprese attive, suddivise tra gelaterie artigianali, bar gelateria e pasticcerie che producono e vendono gelati, sia il numero degli addetti, fino ai consumi e i ricavi che il comparto garantisce. La conferenza stampa di presentazione, alla quale, assieme ai responsabili dell\u2019Ufficio Studi CGIA, parteciperanno il Segretario della stessa CGIA, Renato Mason, il Sindaco di Longarone e Presidente della Provincia di Belluno, Roberto Padrin, e il Presidente di Longarone Fiere, Gian Angelo Bellati, potr\u00e0 essere seguita dagli addetti ai lavori via Skype.<\/p>\n<p>&nbsp;<\/p>\n<p>&nbsp;<\/p>\n<p>&nbsp;<\/p>\n<hr \/>\n<h3><\/h3>\n<blockquote>\n<h3>CONSIGLIO REGIONALE APPROVA IL NUOVO PIANO DEI TRASPORTI DEL VENETO<\/h3>\n<\/blockquote>\n<p><strong><a class=\"dt-pswp-item\" href=\"https:\/\/www.radiopiu.net\/wordpress\/wp-content\/uploads\/2017\/07\/1006-2017-Ass.-Trasporti-e-Presidente-Regione-Veneto.jpg\" data-dt-img-description=\"\" data-large_image_width=\"2711\" data-large_image_height=\"2218\"><img loading=\"lazy\" decoding=\"async\" class=\"size-medium wp-image-34454 alignleft\" src=\"https:\/\/www.radiopiu.net\/wordpress\/wp-content\/uploads\/2017\/07\/1006-2017-Ass.-Trasporti-e-Presidente-Regione-Veneto-300x245.jpg\" alt=\"\" width=\"300\" height=\"245\" \/><\/a>VENEZIA\u00a0<\/strong>\u201c<em>Due anni e otto giorni: sono questi i tempi da record per il varo del nuovo Piano Regionale dei Trasporti del Veneto 2020-2030, frutto di un intenso lavoro di pianificazione che continuer\u00e0 anche in futuro, attraverso un costante monitoraggio dei cambiamenti sociali ed economici, dei bisogni e delle abitudini della popolazione, dell\u2019evoluzione organizzativa e dell\u2019innovazione tecnologica in materia di mobilit\u00e0<\/em>\u201d. Cos\u00ec il governatore Luca Zaia e l\u2019assessore ai trasporti, Elisa De Berti, commentano l\u2019approvazione da parte del Consiglio Regionale del nuovo PRT del Veneto.\u00a0Questi, in sintesi, gli otto obiettivi fondamentali del PRT che prevede investimenti, fino al 2030, per oltre 20 miliardi di euro, di cui oltre la met\u00e0 gi\u00e0 disponibili, il 62 per cento dedicati alla mobilit\u00e0 e al trasporto su ferro e il 35 per cento all\u2019adeguamento e manutenzione stradale:\u00a0connettere il Veneto ai mercati nazionali e internazionali, per la crescita sostenibile dell\u2019economia regionale, fortemente orientata alle relazioni internazionali; \u00e8 prioritario, quindi, completare il disegno infrastrutturale di connessione con le principali capitali europee e i relativi mercati di riferimento;\u00a0potenziare la mobilit\u00e0 regionale per un Veneto di cittadini equamente connessi, superando i problemi di congestione e i limiti di coordinamento tra le diverse modalit\u00e0 di trasporto e riducendo le disparit\u00e0 territoriali, anche al fine di contrastare lo spopolamento dei centri periferici;\u00a0promuovere la mobilit\u00e0 in funzione dello sviluppo dell\u2019offerta turistica,<span class=\"Apple-converted-space\">\u00a0 <\/span>ampliando la rete infrastrutturale, migliorando la connessione intermodale tra offerta pubblica, privata e mobilit\u00e0 debole (percorsi pedonali, cicloturismo, escursionismo) e lo sviluppo aeroportuale;\u00a0sviluppare un sistema di trasporti orientato alla tutela dell\u2019ambiente e del territorio, prevedendo di ridurre le emissioni nocive nell\u2019aria, anche con interventi finalizzati a una maggiore fluidificazione del traffico, al cambio modale da gomma a modalit\u00e0 pi\u00f9 sostenibili, al rilancio del trasporto pubblico, allo sviluppo dei carburanti green e dei veicoli ibridi ed elettrici;\u00a0accrescere funzionalit\u00e0 e sicurezza delle infrastrutture e dei servizi di trasporto, tutelando maggiormente la mobilit\u00e0 debole e assicurando il monitoraggio e la manutenzione programmata delle reti e dei percorsi;<span class=\"Apple-converted-space\">\u00a0\u00a0<\/span>promuovere il Veneto come laboratorio per nuove tecnologie e paradigmi di mobilit\u00e0, specie per l\u2019accesso da parte dell\u2019utenza ai servizi pubblici di trasporto;\u00a0completare ed efficientare la spesa pubblica per i trasporti e promuovere forme di finanziamento in grado di attrarre capitali privati;<span class=\"Apple-converted-space\">\u00a0\u00a0<\/span>sviluppare una nuova governance integrata della mobilit\u00e0 regionale: rientra in tale contesto il sistema delle concessioni autostradali e della rete stradale ordinaria, la gestione della rete ferroviaria, il coordinamento del sistema degli interporti, il riordino nelle competenze del TPL.<\/p>\n<p>&nbsp;<\/p>\n<p>&nbsp;<\/p>\n<hr \/>\n<p>&nbsp;<\/p>\n<blockquote>\n<h3>FRACASSO (PD): \u201cPIANO TRASPORTI LASCIA IRRISOLTE TROPPE QUESTIONI, DAI PROJECT FINANCING STRADALI AL FUTURO DEL PORTO DI VENEZIA\u201d<\/h3>\n<\/blockquote>\n<p><strong><a class=\"dt-pswp-item\" href=\"https:\/\/www.radiopiu.net\/wordpress\/wp-content\/uploads\/2019\/01\/fracassopic02-1030x579.jpg\" data-dt-img-description=\"\" data-large_image_width=\"1030\" data-large_image_height=\"579\"><img loading=\"lazy\" decoding=\"async\" class=\"size-medium wp-image-74235 alignleft\" src=\"https:\/\/www.radiopiu.net\/wordpress\/wp-content\/uploads\/2019\/01\/fracassopic02-1030x579-300x169.jpg\" alt=\"\" width=\"300\" height=\"169\" srcset=\"https:\/\/www.radiopiu.net\/wordpress\/wp-content\/uploads\/2019\/01\/fracassopic02-1030x579-300x169.jpg 300w, https:\/\/www.radiopiu.net\/wordpress\/wp-content\/uploads\/2019\/01\/fracassopic02-1030x579-768x432.jpg 768w, https:\/\/www.radiopiu.net\/wordpress\/wp-content\/uploads\/2019\/01\/fracassopic02-1030x579-1024x576.jpg 1024w, https:\/\/www.radiopiu.net\/wordpress\/wp-content\/uploads\/2019\/01\/fracassopic02-1030x579.jpg 1030w\" sizes=\"auto, (max-width: 300px) 100vw, 300px\" \/><\/a>VENEZIA<\/strong> Voto negativo del Partito Democratico al Piano dei trasporti, approvato nella seduta odierna del Consiglio regionale. A motivare il no \u00e8 il capogruppo Stefano Fracasso, relatore di minoranza della Pda: \u201c<em>Non c\u2019\u00e8 dubbio che ci fosse il bisogno di colmare un grande ritardo che si \u00e8 accumulato per tante scelte non fatte, soprattutto nelle passate legislature. Rispetto al Ptrc ha un contenuto e un\u2019attualit\u00e0 ben pi\u00f9 pregnanti e c\u2019\u00e8 stato un maggior confronto con la Giunta, in particolare l\u2019assessore De Berti. Ma a nostro avviso ci sono diverse questioni irrisolte e dunque il voto non pu\u00f2 che essere negativo<\/em>\u201d. Tra queste, anzitutto i tanti project financing stradali ancora in essere: \u201c<em>All\u2019inizio della legislatura Zaia aveva annunciato la creazione di una Commissione per risolverli, purtroppo arriviamo alla fine e non sono stati fatti passi in avanti, se non limitatissimi. Inoltre avremmo voluto che il Piano lasciasse indicazioni pi\u00f9 chiare e definite in eredit\u00e0 a chi sieder\u00e0 in quest\u2019aula dopo di noi, cos\u00ec come a cittadini, categorie e amministrazioni locali sulle traiettorie che la Regione intende darsi per il futuro. Mi riferisco al porto di Venezia, sebbene non dipenda solo dalla Regione o alle autorit\u00e0 dei bacini per il Tpl perch\u00e9 l\u2019eccessiva frammentazione non permette di organizzare un servizio adeguato a partire dall\u2019area metropolitana centrale. E, ancora, lascia troppe strade aperte sui collegamenti a Nord: non sappiamo se raggiungeremo la Provincia autonoma di Trento con la Valdastico Nord, la Valsugana o con il prolungamento dell\u2019A27. Avremmo anche voluto un Piano pi\u00f9 incisivo nel recuperare il sottofinanziamento storico del trasporto pubblico locale, seppure apprezziamo l\u2019inversione di tendenza dopo lo zero di troppi anni. Insufficiente, per\u00f2, per dare un voto favorevole<\/em>\u201d.<\/p>\n<p>&nbsp;<\/p>\n<p>&nbsp;<\/p>\n<hr \/>\n<p>&nbsp;<\/p>\n<blockquote>\n<h3>PRESENTATO IL CALENDARIO VENATORIO 2020, CON IL NUOVO PIANO DI PRELIEVO DEL CERVO<\/h3>\n<\/blockquote>\n<p><strong><em>IL SERVIZIO DI MORENO GIOLI<\/em><\/strong><\/p>\n<audio class=\"wp-audio-shortcode\" id=\"audio-149333-5\" preload=\"none\" style=\"width: 100%;\" controls=\"controls\"><source type=\"audio\/mpeg\" src=\"https:\/\/www.radiopiu.net\/wordpress\/wp-content\/uploads\/2020\/07\/MORENO-GIOLI-CALENDARIO-VENATORIO.mp3?_=5\" \/><a href=\"https:\/\/www.radiopiu.net\/wordpress\/wp-content\/uploads\/2020\/07\/MORENO-GIOLI-CALENDARIO-VENATORIO.mp3\">https:\/\/www.radiopiu.net\/wordpress\/wp-content\/uploads\/2020\/07\/MORENO-GIOLI-CALENDARIO-VENATORIO.mp3<\/a><\/audio>\n<p>&nbsp;<\/p>\n<p><strong><a class=\"dt-pswp-item\" href=\"https:\/\/www.radiopiu.net\/wordpress\/wp-content\/uploads\/2020\/07\/5f87ee21-fc0f-4211-bd55-9c965e48589b.jpg\" data-dt-img-description=\"\" data-large_image_width=\"1600\" data-large_image_height=\"737\"><img loading=\"lazy\" decoding=\"async\" class=\"size-medium wp-image-149437 alignleft\" src=\"https:\/\/www.radiopiu.net\/wordpress\/wp-content\/uploads\/2020\/07\/5f87ee21-fc0f-4211-bd55-9c965e48589b-300x138.jpg\" alt=\"\" width=\"300\" height=\"138\" srcset=\"https:\/\/www.radiopiu.net\/wordpress\/wp-content\/uploads\/2020\/07\/5f87ee21-fc0f-4211-bd55-9c965e48589b-300x138.jpg 300w, https:\/\/www.radiopiu.net\/wordpress\/wp-content\/uploads\/2020\/07\/5f87ee21-fc0f-4211-bd55-9c965e48589b-1024x472.jpg 1024w, https:\/\/www.radiopiu.net\/wordpress\/wp-content\/uploads\/2020\/07\/5f87ee21-fc0f-4211-bd55-9c965e48589b-768x354.jpg 768w, https:\/\/www.radiopiu.net\/wordpress\/wp-content\/uploads\/2020\/07\/5f87ee21-fc0f-4211-bd55-9c965e48589b-1536x708.jpg 1536w, https:\/\/www.radiopiu.net\/wordpress\/wp-content\/uploads\/2020\/07\/5f87ee21-fc0f-4211-bd55-9c965e48589b.jpg 1600w\" sizes=\"auto, (max-width: 300px) 100vw, 300px\" \/><\/a>BELLUNO\u00a0<\/strong>\u00c8 stato presentato ieri mattina, a Palazzo Piloni, il nuovo calendario venatorio, approvato dall\u2019amministrazione provinciale. Si tratta del principale strumento della gestione autonoma della funzione di caccia e pesca assicurata alla Provincia di Belluno in accordo con la Regione Veneto.\u00a0Il calendario \u00e8 stato stilato di concerto con i portatori di interesse, a seguito di incontri con cacciatori, agricoltori e ambientalisti. Come gi\u00e0 avvenuto lo scorso anno, viene avviato il prelievo del cervo in pre-apertura. Nel 2019 sono stati prelevati 2.673 cervi, parimenti divisi tra maschi, femmine e piccoli. Un numero che sfiora il 91% dei capi consentiti dal piano di abbattimento. Per il 2020, con il nuovo incremento autorizzato da Ispra, il totale autorizzato arriva a 3.234 capi.\u00a0Da parte degli agricoltori si \u00e8 sollevato il grido d\u2019allarme per le difficolt\u00e0 legate agli ingenti danni provocati da cervi e cinghiali. Soddisfatto per il nuovo calendario venatorio anche il presidente della Provincia, Roberto Padrin: \u00ab<em>Questo \u00e8 il frutto di un lavoro concertato con tutte le parti coinvolte, che ha portato a un\u2019ottimo risultato. Ringraziamo la Regione Veneto per la disponibilit\u00e0 che ci ha dato di gestire in forma autonoma la funzione di caccia e pesca. \u00c8 un atto richiesto sin da subito nel percorso della nostra autonomia. Grazie alla struttura provinciale e a Franco De Bon per l\u2019impegno profuso. Quando il nostro territorio collabora, riusciamo sempre a ottenere grandi risultati. Lo stiamo vedendo anche nel tavolo verde, a beneficio non solo delle attivit\u00e0 agricole, ma di tutto l\u2019ambiente bellunese<\/em>\u00bb.<\/p>\n<p><strong>FRANCO DE BON, CONSIGLIERE PROVINCIALE<\/strong><\/p>\n<audio class=\"wp-audio-shortcode\" id=\"audio-149333-6\" preload=\"none\" style=\"width: 100%;\" controls=\"controls\"><source type=\"audio\/mpeg\" src=\"https:\/\/www.radiopiu.net\/wordpress\/wp-content\/uploads\/2020\/07\/FRANCO-DE-BON-CALENDARIO-VENATORIO.mp3?_=6\" \/><a href=\"https:\/\/www.radiopiu.net\/wordpress\/wp-content\/uploads\/2020\/07\/FRANCO-DE-BON-CALENDARIO-VENATORIO.mp3\">https:\/\/www.radiopiu.net\/wordpress\/wp-content\/uploads\/2020\/07\/FRANCO-DE-BON-CALENDARIO-VENATORIO.mp3<\/a><\/audio>\n<p><strong>MICHELE NENZ, COLDIRETTI<\/strong><\/p>\n<audio class=\"wp-audio-shortcode\" id=\"audio-149333-7\" preload=\"none\" style=\"width: 100%;\" controls=\"controls\"><source type=\"audio\/mpeg\" src=\"https:\/\/www.radiopiu.net\/wordpress\/wp-content\/uploads\/2020\/07\/MICHELE-NENZ-COLDIRETTI-CAL-VENA.mp3?_=7\" \/><a href=\"https:\/\/www.radiopiu.net\/wordpress\/wp-content\/uploads\/2020\/07\/MICHELE-NENZ-COLDIRETTI-CAL-VENA.mp3\">https:\/\/www.radiopiu.net\/wordpress\/wp-content\/uploads\/2020\/07\/MICHELE-NENZ-COLDIRETTI-CAL-VENA.mp3<\/a><\/audio>\n<p>&nbsp;<\/p>\n<hr \/>\n<p>&nbsp;<\/p>\n<blockquote>\n<h3>STASERA A CONSIGLIO COMUNALE<\/h3>\n<\/blockquote>\n<p><strong>ALLEGHE_TAIBON<\/strong>\u00a0 Alle 18 a Taibon e alle 20.30 ad Alleghe si riuniscono i consigli comunali. A Taibon in discussione bilancio di esercizio 2019 dell&#8217;Azienda speciale multiservizi del Comune che gestisce la farmacia e su quello dell&#8217;Asca che gestisce la Rsa di Agordo. Inoltre verr\u00e0 approvata una variazione al bilancio di previsione e saranno individuate due zone di degrado per il recupero del patrimonio edilizio esistente, una a Coi di P\u00e8den, l&#8217;altra in centro nel vicolo Friai. Anche ad\u00a0 Alleghe bilancio Asca sotto la lente di ingrandimento, inoltre\u00a0 variazioni al bilancio, applicazione e riduzione della quota di avanzo 2019, aliquote Imu\u00a0 e\u00a0 misure di agevolazione a seguito dell&#8217;emergenza Covid-19 per la riduzione del pagamento della tassa di occupazione del suolo pubblico per i periodi di sospensione delle attivit\u00e0 in conseguenza dei provvedimenti adottati dal governo.<\/p>\n<p>&nbsp;<\/p>\n<p>&nbsp;<\/p>\n<hr \/>\n<blockquote>\n<h3><\/h3>\n<h3>IL RIFUGIO AVERAU CERTIFICATO TRA I CIELI PIU&#8217; BELLI D&#8217;ITALIA<\/h3>\n<\/blockquote>\n<p><em>Dopo il successo degli eventi gi\u00e0 realizzati, il nuovo appuntamento \u00e8 il <strong>20 Luglio e 21 Luglio<\/strong> con \u201c<strong>Lo sbarco sulla Luna<\/strong>\u201d, un evento unico <strong>per festeggiare l\u2019Apollo 11<\/strong> e il suo equipaggio, Neil Armstrong e Buzz Aldrin, che il 20 luglio 1969 conquistarono per la prima volta nella storia il suolo lunare.<\/em><\/p>\n<p><a class=\"dt-pswp-item\" href=\"https:\/\/www.radiopiu.net\/wordpress\/wp-content\/uploads\/2020\/07\/rifugio-averau-i-cieli-pi-belli-ditalia-gold-800x450-1.jpg\" data-dt-img-description=\"\" data-large_image_width=\"800\" data-large_image_height=\"450\"><img loading=\"lazy\" decoding=\"async\" class=\"size-medium wp-image-149369 alignleft\" src=\"https:\/\/www.radiopiu.net\/wordpress\/wp-content\/uploads\/2020\/07\/rifugio-averau-i-cieli-pi-belli-ditalia-gold-800x450-1-300x169.jpg\" alt=\"\" width=\"300\" height=\"169\" srcset=\"https:\/\/www.radiopiu.net\/wordpress\/wp-content\/uploads\/2020\/07\/rifugio-averau-i-cieli-pi-belli-ditalia-gold-800x450-1-300x169.jpg 300w, https:\/\/www.radiopiu.net\/wordpress\/wp-content\/uploads\/2020\/07\/rifugio-averau-i-cieli-pi-belli-ditalia-gold-800x450-1-768x432.jpg 768w, https:\/\/www.radiopiu.net\/wordpress\/wp-content\/uploads\/2020\/07\/rifugio-averau-i-cieli-pi-belli-ditalia-gold-800x450-1.jpg 800w\" sizes=\"auto, (max-width: 300px) 100vw, 300px\" \/><\/a><strong>CORTINA<\/strong>\u00a0 C\u2019\u00e8 un suggestivo rifugio di montagna in cui poter tornare ad ammirare il cielo stellato e la Via Lattea: il Rifugio Averau, situato tra Cortina d\u2019Ampezzo e Colle Santa Lucia, ottiene la Certificazione di Qualit\u00e0 \u201c\u200bI cieli pi\u00f9 belli d\u2019Italia\u200b\u201d da parte di Astronomitaly\u200b \u200b-\u200b \u200bLa\u200b \u200bRete\u200b \u200bdel\u200b \u200bTurismo\u200b \u200bAstronomico. La destinazione montana \u2013 meta ideale per chi ama vivere la montagna dalla terra al cielo, sia in inverno che in estate \u2013 si distingue ora come uno dei luoghi migliori d\u2019Italia in cui osservare il firmamento e vivere emozioni sotto il cielo stellato. Il Rifugio Averau ha ottenuto infatti il massimo riconoscimento della Certificazione \u201cI cieli pi\u00f9 belli d\u2019Italia\u201d &#8211; GOLD, conferito dal team di Astronomitaly dopo averne valutato la qualit\u00e0 \u201castroturistica\u201d. La struttura \u00e8 un caratteristico rifugio alpino, a quota 2.416 metri: una location unica in cui stare a contatto con la natura, praticare sport e gustare i sapori tipici dolomitici, circondati da panorami mozzafiato, regalandosi anche una suggestiva cena in alta quota sotto le stelle. Il Rifugio Averau aggiunge cos\u00ec il cielo stellato al suo paesaggio da cartolina e al suo impegno per valorizzare il patrimonio naturale: un panorama diurno con vista unica sulla natura incontaminata delle Dolomiti ed un panorama notturno in cui perdersi ammirando le stelle e la Via Lattea. La Certificazione ideata da Astronomitaly mira ad individuare e valorizzare i luoghi del nostro Paese con una bassa percentuale di inquinamento luminoso \u2013 in cui poter ancora ammirare un cielo stellato di qualit\u00e0 \u2013 e rappresenta l\u2019impegno concreto allo sviluppo del turismo astronomico in Italia. Con l\u2019obiettivo comune di valorizzare e promuovere le bellezze delle Dolomiti, il Rifugio Averau ed Astronomitaly propongono gli appuntamenti con cena e osservazione astronomica.<\/p>\n<p style=\"text-align: left;\">Tutte le informazioni sul Rifugio Averau:<br \/>\n<span style=\"text-decoration: underline;\"><strong><a href=\"https:\/\/www.astrotourism.com\/place\/accomodations\/europe\/rifugio-averau\/\">https:\/\/www.astrotourism.com\/place\/accomodations\/europe\/rifugio-averau\/ <\/a><\/strong><\/span><\/p>\n<p style=\"text-align: left;\">Link alla galleria fotografica del Rifugio Averau sotto le stelle:<br \/>\n<span style=\"text-decoration: underline;\"><strong><a href=\"https:\/\/www.flickr.com\/photos\/astronomitaly\/albums\/72157711337327993\">https:\/\/www.flickr.com\/photos\/astronomitaly\/albums\/72157711337327993 <\/a><\/strong><\/span><\/p>\n<p style=\"text-align: left;\">Maggiori dettagli sulla Certificazione &#8220;I Cieli pi\u00f9 belli d&#8217;Italia&#8221;:<br \/>\n<span style=\"text-decoration: underline;\"><strong><a href=\"http:\/\/www.astronomitaly.com\/certificazione\">http:\/\/www.astronomitaly.com\/certificazione<\/a><\/strong><\/span><\/p>\n<p style=\"text-align: left;\">Info evento \u201cLo sbarco sulla Luna\u201d del 20-21 Luglio:<br \/>\n<span style=\"text-decoration: underline;\"><strong><a href=\"https:\/\/www.rifugioaverau.it\/news\/eventi\/lo-sbarco-sulla-luna-con-astronomitaly\/\">https:\/\/www.rifugioaverau.it\/news\/eventi\/lo-sbarco-sulla-luna-con-astronomitaly\/<\/a><\/strong><\/span><\/p>\n<p>&nbsp;<\/p>\n<hr \/>\n<p>&nbsp;<\/p>\n<p>&nbsp;<\/p>\n<blockquote>\n<h3>L&#8217;EMERGENZA COVID NON FERMA LA PROLOCO DI LA VALLE E IL 5 AGOSTO FESTEGGERA&#8217; LA MADONA DE LA NEIF<\/h3>\n<\/blockquote>\n<p><strong><a class=\"dt-pswp-item\" href=\"https:\/\/www.radiopiu.net\/wordpress\/wp-content\/uploads\/2020\/07\/754dccc4-7776-4f88-b31f-6d5f318a8252.png\" data-dt-img-description=\"\" data-large_image_width=\"1600\" data-large_image_height=\"1600\"><img loading=\"lazy\" decoding=\"async\" class=\" wp-image-149373 alignleft\" src=\"https:\/\/www.radiopiu.net\/wordpress\/wp-content\/uploads\/2020\/07\/754dccc4-7776-4f88-b31f-6d5f318a8252-300x300.png\" alt=\"\" width=\"248\" height=\"248\" srcset=\"https:\/\/www.radiopiu.net\/wordpress\/wp-content\/uploads\/2020\/07\/754dccc4-7776-4f88-b31f-6d5f318a8252-300x300.png 300w, https:\/\/www.radiopiu.net\/wordpress\/wp-content\/uploads\/2020\/07\/754dccc4-7776-4f88-b31f-6d5f318a8252-1024x1024.png 1024w, https:\/\/www.radiopiu.net\/wordpress\/wp-content\/uploads\/2020\/07\/754dccc4-7776-4f88-b31f-6d5f318a8252-150x150.png 150w, https:\/\/www.radiopiu.net\/wordpress\/wp-content\/uploads\/2020\/07\/754dccc4-7776-4f88-b31f-6d5f318a8252-768x768.png 768w, https:\/\/www.radiopiu.net\/wordpress\/wp-content\/uploads\/2020\/07\/754dccc4-7776-4f88-b31f-6d5f318a8252-1536x1536.png 1536w, https:\/\/www.radiopiu.net\/wordpress\/wp-content\/uploads\/2020\/07\/754dccc4-7776-4f88-b31f-6d5f318a8252.png 1600w\" sizes=\"auto, (max-width: 248px) 100vw, 248px\" \/><\/a>LA VALLE<\/strong> L\u2019Associazione Pro Loco La Valle Agordina \u00e8 felice di presentare la quinta edizione de EL MERC\u00c0 DE L&#8217;IST\u00c0,\u00a0la grande Mostra Mercato di prodotti tipici, artigianato locale e hobbistico organizzata a La Valle Agordina in occasione della tradizionale <a href=\"https:\/\/prolocolavalleagordina.us16.list-manage.com\/track\/click?u=5cc37901809729c8a96c80ed9&amp;id=720405b45a&amp;e=2669a1aa2c\">SAGRA MADONA DE LA N\u00c9IF<\/a>.\u00a0 Il crescente successo avuto dalla manifestazione ha confermato che EL MERC\u00c0 DE L&#8217;IST\u00c0 \u00e8 diventato un appuntamento fisso dell\u2019estate agordina, arricchendo con i suoi unici\u00a0rumori, colori\u00a0e sapori i festeggiamenti della sagra paesana di La Valle Agordina. Anche quest\u2019anno il piccolo paese nel cuore delle Dolomiti Agordine si vestir\u00e0 a festa e con tutte le accortezze dovute nel rispetto delle normative per il contenimento della diffusione del COVID-19, mercoled\u00ec 5 agosto 2020 si animer\u00e0 per la tanto attesa\u00a0SAGRA MADONA \u00a0DE LA N\u00c9IF.<\/p>\n<p><strong>EL MERC\u00c0 DE L&#8217;IST\u00c0<\/strong> \u00e8 organizzato nella giornata di mercoled\u00ec 05 agosto 2020 in localit\u00e0 Chiesa di La Valle Agordina, la frazione centrale del paese.\u00a0 Il percorso della Mostra Mercato si svolge dal Municipio del Comune (incrocio con strada statale 347 direzione Passo Duran e Val di Zoldo) verso la \u200bpiazza principale del paese (Piazza della Chiesa o di San Michiel) e le sue laterali. All&#8217;edizione precedente\u00a0 anno partecipato 54 espositori provenienti dall&#8217;Agordino, dal Bellunese, dal Veneto, dal Trentino e dal Friuli Venezia Giulia, la variet\u00e0 di proposte ha quindi attirato numerosi visitatori. Il 5 agosto \u00e8 il giorno della Sagra e dalle 9:00 la gente si porta sulla piazza del paese per passeggiare tra le bancarelle, assistere alla Messa Granda e giocare alla pesca parrocchiale.\u00a0 In quest&#8217;anno particolare l&#8217;Associazione\u00a0Pro Loco ha ritenuto opportuno rispettare la normativa applicando\u00a0il buonsenso comune e non ha allestito il grande tendone presso gli Impianti Sportivi. Tuttavia sia a pranzo che a cena sar\u00e0 disponibile un servizio per asporto su prenotazione,\u00a0garantendo la possibilit\u00e0 di assaporare\u00a0i piatti tipici della tradizione (polenta, pastin, formai frit, cinghiale in tocio, toc\u00e0 da boia, ecc.).<\/p>\n<p>&nbsp;<\/p>\n<hr \/>\n<p>&nbsp;<\/p>\n<p>&nbsp;<\/p>\n<blockquote>\n<h3>VALORIZZAZIONE DELLE FALESIE DEL NEVEGAL<\/h3>\n<p><em>\u00abCollaborazione per il recupero sportivo e ambientale\u00bb<\/em><\/p><\/blockquote>\n<p><strong>BELLUNO\u00a0<\/strong> Valorizzare le falesie gi\u00e0 conosciute e recuperare ambientalmente e sportivamente quelle meno note, con la collaborazione delle associazioni e dei comuni del comprensorio del Nevegal: questo il tema che ha visto confrontarsi nei giorni scorsi l&#8217;amministrazione comunale di Belluno con alcune associazioni del Colle, il Soccorso Alpino e il CAI. L&#8217;intero comprensorio del Nevegal \u00e8 ricco di falesie molte sono gi\u00e0 note agli appassionati, come quella in localit\u00e0 Faverghera poco dopo il ristorante La Casera, o a Soccher nel territorio di Ponte nelle Alpi; altre per\u00f2 &#8211; come quelle di Ronce a Belluno, Laste e Ceresera a Limana, Polpet a Ponte nelle Alpi &#8211; sono ancora poco conosciute oppure hanno bisogno di interventi di sistemazione e pulizia prima di poter essere rese accessibili al popolo degli appassionati di arrampicata. L&#8217;idea di farle conoscere vuole coinvolgere i tre comuni del comprensorio del Nevegal in un&#8217;operazione turistica, sportiva e ambientale. Al termine dell&#8217;incontro c&#8217;\u00e8 stata poi l&#8217;occasione per fare il punto sulla giornata di pulizia dei sentieri che una decina di giorni fa aveva impegnato per tutta la giornata numerosi volontari. Visto i buoni risultati ottenuti l&#8217;impegno\u00a0 a riproporre gi\u00e0 prossimamente una nuova iniziativa di questo tipo.<\/p>\n<p>&nbsp;<\/p>\n<p>&nbsp;<\/p>\n<p>&nbsp;<\/p>\n<hr \/>\n<h3 class=\"photoswipe-wrapper\"><a class=\"dt-pswp-item pspw-wrap-ready\" href=\"https:\/\/i2.wp.com\/www.radiopiu.net\/wordpress\/wp-content\/uploads\/2018\/09\/appuntamenti.jpeg?ssl=1\" data-dt-img-description=\"\" data-large_image_width=\"800\" data-large_image_height=\"100\"><img loading=\"lazy\" decoding=\"async\" class=\"alignnone wp-image-61958 size-full jetpack-lazy-image jetpack-lazy-image--handled\" src=\"https:\/\/i2.wp.com\/www.radiopiu.net\/wordpress\/wp-content\/uploads\/2018\/09\/appuntamenti.jpeg?resize=800%2C100&amp;ssl=1\" sizes=\"auto, (max-width: 800px) 100vw, 800px\" srcset=\"https:\/\/i2.wp.com\/www.radiopiu.net\/wordpress\/wp-content\/uploads\/2018\/09\/appuntamenti.jpeg?w=800&amp;ssl=1 800w, https:\/\/i2.wp.com\/www.radiopiu.net\/wordpress\/wp-content\/uploads\/2018\/09\/appuntamenti.jpeg?resize=300%2C38&amp;ssl=1 300w, https:\/\/i2.wp.com\/www.radiopiu.net\/wordpress\/wp-content\/uploads\/2018\/09\/appuntamenti.jpeg?resize=768%2C96&amp;ssl=1 768w\" alt=\"\" width=\"800\" height=\"100\" data-lazy-loaded=\"1\" \/><\/a><\/h3>\n<p>&nbsp;<\/p>\n<blockquote>\n<h3>GLI APPUNTAMENTI ESTIVI NEL RICORDO DI PAPA ALBINO LUCIANI<\/h3>\n<\/blockquote>\n<p><strong>CANALE D&#8217;AGORDO<\/strong> La Fondazione Papa Luciani ha predisposto il programma degli appuntamenti per l&#8217;estate 2020:<\/p>\n<p>Fino al<strong> 31 agosto<\/strong> nella casa delle Regole mostra Le Regole della Valle del Biois. <strong>11 agosto<\/strong> in chiesa concerto d&#8217;organo con Luca Poppi, <strong>12 agosto<\/strong> 17.30 al Museo Luciani inaugurazione della mostra Gli ultimi Papi europei, itinerari tra i paesi natali degli ultimi pontefici aperta fino al 28 settembre.\u00a0 <strong>16 agosto<\/strong> alle 21 in chiesa Giovanni Paolo I perch\u00e9 \u00e8 attuale con Andrea Tornielli direttore editoriale del Dicastero della comunitazione della Santa Sede. <strong>20 agosto<\/strong> alle 21 Quando sentivo l&#8217;organo suonare a piene canne, concerto in onore di Papa Luciani con Ai Yoshida, Loris Serafini e la mezzosoprano Oda Hochscheid, <strong>23 agosto<\/strong> alle 17.30 in sala conferenze del Musal I musei nelle Dolomiti, opportunit\u00e0 per cultura e spiritualit\u00e0, tavola rotonda con Alberto Ferrari, Stefano Perale, Corona Perer e Giovanna Rech, <strong>25 agosto<\/strong> ore 21 in chiesa concerto del quartetto d&#8217;archi del Friuli, organista Silvia Tessari, primo violino Guido Freschi.<strong> 26 agosto<\/strong> 16.30 in piazza a Canale d&#8217;Agordo messa in occasione dell&#8217;elezioni di Giovanni Paolo I. <strong>28 settembre<\/strong> alle 18 in chiesa messa in occasione dell&#8217;anniversario della morte di Papa Luciani.<\/p>\n<p>&nbsp;<\/p>\n<hr \/>\n<blockquote>\n<h3><\/h3>\n<h3>LA VIA DELLE MERIDIANE PER LA SCUOLA DI ALLEGHE<\/h3>\n<\/blockquote>\n<p><strong>ALLEGHE<\/strong> Ogni giovedi di luglio ed agosto, con prenotazione presso l&#8217;Ufficio Turistico di Alleghe, vengono organizzati dei giri accompagnati sulla &#8220;via delle meridiane&#8221;, un viaggio nel tempo alla scoperta degli orologi solari di Alleghe con la guida SIlvia Da Roit e il contributo di Giuseppe De Don\u00e0 referente orologi solari Italia. Il tour ha una durata di circa 2 ore (90 metri di dislivello su percorso facile) con partenza alle 9.30 da Piazza Kennedy. Chi partecipa contribuisce con un&#8217;offerta libera devoluta alla scuola primaria di Alleghe.<\/p>\n<p>&nbsp;<\/p>\n<hr \/>\n<p>&nbsp;<\/p>\n<p>&nbsp;<\/p>\n<blockquote>\n<h3>GIANNI SANTOMASO VOCE DI RADIO PIU&#8217; PRESENTA VIDOTTO<\/h3>\n<\/blockquote>\n<p>&nbsp;<\/p>\n<p><strong><a class=\"dt-pswp-item\" href=\"https:\/\/www.radiopiu.net\/wordpress\/wp-content\/uploads\/2020\/07\/UN-OCEANO-DI-STORIE.jpg\" data-dt-img-description=\"\" data-large_image_width=\"1587\" data-large_image_height=\"2245\"><img loading=\"lazy\" decoding=\"async\" class=\" wp-image-149393 alignleft\" src=\"https:\/\/www.radiopiu.net\/wordpress\/wp-content\/uploads\/2020\/07\/UN-OCEANO-DI-STORIE-212x300.jpg\" alt=\"\" width=\"134\" height=\"190\" srcset=\"https:\/\/www.radiopiu.net\/wordpress\/wp-content\/uploads\/2020\/07\/UN-OCEANO-DI-STORIE-212x300.jpg 212w, https:\/\/www.radiopiu.net\/wordpress\/wp-content\/uploads\/2020\/07\/UN-OCEANO-DI-STORIE-724x1024.jpg 724w, https:\/\/www.radiopiu.net\/wordpress\/wp-content\/uploads\/2020\/07\/UN-OCEANO-DI-STORIE-768x1086.jpg 768w, https:\/\/www.radiopiu.net\/wordpress\/wp-content\/uploads\/2020\/07\/UN-OCEANO-DI-STORIE-1086x1536.jpg 1086w, https:\/\/www.radiopiu.net\/wordpress\/wp-content\/uploads\/2020\/07\/UN-OCEANO-DI-STORIE-1448x2048.jpg 1448w, https:\/\/www.radiopiu.net\/wordpress\/wp-content\/uploads\/2020\/07\/UN-OCEANO-DI-STORIE.jpg 1587w\" sizes=\"auto, (max-width: 134px) 100vw, 134px\" \/><\/a>AGORDO\u00a0<\/strong> Venerd\u00ec 17 luglio 2020 Ad Agordo Pro Loco ospita Francesco Vidotto, scrittore, alpinista e appassionato di montagna. L\u2019incontro avverr\u00e0 in sala don Ferdinando Tamis di Agordo dalle ore 20.30 e sar\u00e0 presentato da Gianni Santomaso, giornalista del corriere delle alpi\u00a0 e voce di Radio Pi\u00f9.\u00a0 Insieme a Francesco si parler\u00e0 della sua vita, delle storie dei suoi libri e sar\u00e0 possibile interagire con lui attraverso un dibattito finale. Tra i suoi libri citiamo: Il \u00a0Selvaggio (2005), Siro (2011), Zoe (2012), Oceano (2014), Fabro (2016) e Il Cervo e il bambino (2020) che saranno disponibili presso la sede dell\u2019evento.<\/p>\n<p>&nbsp;<\/p>\n<p>&nbsp;<\/p>\n<p>&nbsp;<\/p>\n<p>&nbsp;<\/p>\n<hr \/>\n<p>&nbsp;<\/p>\n<blockquote>\n<h2 id=\"tw-target-text\" class=\"tw-data-text tw-text-large XcVN5d tw-ta\" dir=\"ltr\" data-placeholder=\"Traduzione\"><span lang=\"en\" style=\"color: #ff0000;\">appointments recommended by radio pi\u00f9<\/span><\/h2>\n<\/blockquote>\n\n\t\t\t<style type='text\/css'>\n\t\t\t\t#gallery-3 {\n\t\t\t\t\tmargin: auto;\n\t\t\t\t}\n\t\t\t\t#gallery-3 .gallery-item {\n\t\t\t\t\tfloat: left;\n\t\t\t\t\tmargin-top: 10px;\n\t\t\t\t\ttext-align: center;\n\t\t\t\t\twidth: 33%;\n\t\t\t\t}\n\t\t\t\t#gallery-3 img {\n\t\t\t\t\tborder: 2px solid #cfcfcf;\n\t\t\t\t}\n\t\t\t\t#gallery-3 .gallery-caption {\n\t\t\t\t\tmargin-left: 0;\n\t\t\t\t}\n\t\t\t\t\/* see gallery_shortcode() in wp-includes\/media.php *\/\n\t\t\t<\/style>\n\t\t<div id='gallery-3' class='dt-gallery-container gallery galleryid-149333 gallery-columns-3 gallery-size-thumbnail'><dl class='gallery-item'>\n\t\t\t\t<dt class='gallery-icon portrait'>\n\t\t\t\t\t<a class=\"rollover rollover-zoom dt-pswp-item\" title=\"bb1355a9-bcfc-4bf0-bf0f-9932b73644c3\" data-dt-img-description=\"\" data-large_image_width=\"1130\" data-large_image_height=\"1600\"href='https:\/\/www.radiopiu.net\/wordpress\/wp-content\/uploads\/2020\/07\/bb1355a9-bcfc-4bf0-bf0f-9932b73644c3.jpg'><img loading=\"lazy\" decoding=\"async\" width=\"150\" height=\"150\" src=\"https:\/\/www.radiopiu.net\/wordpress\/wp-content\/uploads\/2020\/07\/bb1355a9-bcfc-4bf0-bf0f-9932b73644c3-150x150.jpg\" class=\"attachment-thumbnail size-thumbnail\" alt=\"\" \/><\/a>\n\t\t\t\t<\/dt><\/dl><dl class='gallery-item'>\n\t\t\t\t<dt class='gallery-icon portrait'>\n\t\t\t\t\t<a class=\"rollover rollover-zoom dt-pswp-item\" title=\"446199a0-ccb6-4daa-88f9-ee34f5a4944a\" data-dt-img-description=\"\" data-large_image_width=\"1080\" data-large_image_height=\"1350\"href='https:\/\/www.radiopiu.net\/wordpress\/wp-content\/uploads\/2020\/07\/446199a0-ccb6-4daa-88f9-ee34f5a4944a.jpg'><img loading=\"lazy\" decoding=\"async\" width=\"150\" height=\"150\" src=\"https:\/\/www.radiopiu.net\/wordpress\/wp-content\/uploads\/2020\/07\/446199a0-ccb6-4daa-88f9-ee34f5a4944a-150x150.jpg\" class=\"attachment-thumbnail size-thumbnail\" alt=\"\" \/><\/a>\n\t\t\t\t<\/dt><\/dl><dl class='gallery-item'>\n\t\t\t\t<dt class='gallery-icon portrait'>\n\t\t\t\t\t<a class=\"rollover rollover-zoom dt-pswp-item\" title=\"deefa12b-4c82-408d-984a-df528b05fe0e\" data-dt-img-description=\"\" data-large_image_width=\"1143\" data-large_image_height=\"1600\"href='https:\/\/www.radiopiu.net\/wordpress\/wp-content\/uploads\/2020\/07\/deefa12b-4c82-408d-984a-df528b05fe0e.jpg'><img loading=\"lazy\" decoding=\"async\" width=\"150\" height=\"150\" src=\"https:\/\/www.radiopiu.net\/wordpress\/wp-content\/uploads\/2020\/07\/deefa12b-4c82-408d-984a-df528b05fe0e-150x150.jpg\" class=\"attachment-thumbnail size-thumbnail\" alt=\"\" \/><\/a>\n\t\t\t\t<\/dt><\/dl><br style=\"clear: both\" \/><dl class='gallery-item'>\n\t\t\t\t<dt class='gallery-icon portrait'>\n\t\t\t\t\t<a class=\"rollover rollover-zoom dt-pswp-item\" title=\"4dd872a2-f52d-4a12-9746-816401dfe394\" data-dt-img-description=\"\" data-large_image_width=\"1131\" data-large_image_height=\"1600\"href='https:\/\/www.radiopiu.net\/wordpress\/wp-content\/uploads\/2020\/07\/4dd872a2-f52d-4a12-9746-816401dfe394.jpg'><img loading=\"lazy\" decoding=\"async\" width=\"150\" height=\"150\" src=\"https:\/\/www.radiopiu.net\/wordpress\/wp-content\/uploads\/2020\/07\/4dd872a2-f52d-4a12-9746-816401dfe394-150x150.jpg\" class=\"attachment-thumbnail size-thumbnail\" alt=\"\" \/><\/a>\n\t\t\t\t<\/dt><\/dl><dl class='gallery-item'>\n\t\t\t\t<dt class='gallery-icon landscape'>\n\t\t\t\t\t<a class=\"rollover rollover-zoom dt-pswp-item\" title=\"94dd24ee-147f-4f92-9abc-864a5a200347\" data-dt-img-description=\"\" data-large_image_width=\"1500\" data-large_image_height=\"1500\"href='https:\/\/www.radiopiu.net\/wordpress\/wp-content\/uploads\/2020\/07\/94dd24ee-147f-4f92-9abc-864a5a200347-1.jpg'><img loading=\"lazy\" decoding=\"async\" width=\"150\" height=\"150\" src=\"https:\/\/www.radiopiu.net\/wordpress\/wp-content\/uploads\/2020\/07\/94dd24ee-147f-4f92-9abc-864a5a200347-1-150x150.jpg\" class=\"attachment-thumbnail size-thumbnail\" alt=\"\" srcset=\"https:\/\/www.radiopiu.net\/wordpress\/wp-content\/uploads\/2020\/07\/94dd24ee-147f-4f92-9abc-864a5a200347-1-150x150.jpg 150w, https:\/\/www.radiopiu.net\/wordpress\/wp-content\/uploads\/2020\/07\/94dd24ee-147f-4f92-9abc-864a5a200347-1-300x300.jpg 300w, https:\/\/www.radiopiu.net\/wordpress\/wp-content\/uploads\/2020\/07\/94dd24ee-147f-4f92-9abc-864a5a200347-1-1024x1024.jpg 1024w, https:\/\/www.radiopiu.net\/wordpress\/wp-content\/uploads\/2020\/07\/94dd24ee-147f-4f92-9abc-864a5a200347-1-768x768.jpg 768w, https:\/\/www.radiopiu.net\/wordpress\/wp-content\/uploads\/2020\/07\/94dd24ee-147f-4f92-9abc-864a5a200347-1.jpg 1500w\" sizes=\"auto, (max-width: 150px) 100vw, 150px\" \/><\/a>\n\t\t\t\t<\/dt><\/dl><dl class='gallery-item'>\n\t\t\t\t<dt class='gallery-icon portrait'>\n\t\t\t\t\t<a class=\"rollover rollover-zoom dt-pswp-item\" title=\"107009924_4197564536951055_44146901554055620_o\" data-dt-img-description=\"\" data-large_image_width=\"640\" data-large_image_height=\"960\"href='https:\/\/www.radiopiu.net\/wordpress\/wp-content\/uploads\/2020\/07\/107009924_4197564536951055_44146901554055620_o.jpg'><img loading=\"lazy\" decoding=\"async\" width=\"150\" height=\"150\" src=\"https:\/\/www.radiopiu.net\/wordpress\/wp-content\/uploads\/2020\/07\/107009924_4197564536951055_44146901554055620_o-150x150.jpg\" class=\"attachment-thumbnail size-thumbnail\" alt=\"\" \/><\/a>\n\t\t\t\t<\/dt><\/dl><br style=\"clear: both\" \/><dl class='gallery-item'>\n\t\t\t\t<dt class='gallery-icon portrait'>\n\t\t\t\t\t<a class=\"rollover rollover-zoom dt-pswp-item\" title=\"0995c87e-41e6-46f0-81e9-380485c41502\" data-dt-img-description=\"\" data-large_image_width=\"1447\" data-large_image_height=\"2048\"href='https:\/\/www.radiopiu.net\/wordpress\/wp-content\/uploads\/2020\/07\/0995c87e-41e6-46f0-81e9-380485c41502.jpg'><img loading=\"lazy\" decoding=\"async\" width=\"150\" height=\"150\" src=\"https:\/\/www.radiopiu.net\/wordpress\/wp-content\/uploads\/2020\/07\/0995c87e-41e6-46f0-81e9-380485c41502-150x150.jpg\" class=\"attachment-thumbnail size-thumbnail\" alt=\"\" \/><\/a>\n\t\t\t\t<\/dt><\/dl>\n\t\t\t\t<br style='clear: both' \/>\n\t\t\t<\/div>\n\n<p>&nbsp;<\/p>\n<p>&nbsp;<\/p>\n<hr \/>\n<p>&nbsp;<\/p>\n<blockquote>\n<h3>LE MUSE E LE DOLOMITI: DOMENICA IL CONCERTO<\/h3>\n<\/blockquote>\n<p><a class=\"dt-pswp-item\" href=\"https:\/\/www.radiopiu.net\/wordpress\/wp-content\/uploads\/2020\/07\/A3_Muse-e-le-Dolomiti_2020.jpg\" data-dt-img-description=\"\" data-large_image_width=\"1754\" data-large_image_height=\"2481\"><img loading=\"lazy\" decoding=\"async\" class=\"size-medium wp-image-148395 alignleft\" src=\"https:\/\/www.radiopiu.net\/wordpress\/wp-content\/uploads\/2020\/07\/A3_Muse-e-le-Dolomiti_2020-212x300.jpg\" alt=\"\" width=\"212\" height=\"300\" srcset=\"https:\/\/www.radiopiu.net\/wordpress\/wp-content\/uploads\/2020\/07\/A3_Muse-e-le-Dolomiti_2020-212x300.jpg 212w, https:\/\/www.radiopiu.net\/wordpress\/wp-content\/uploads\/2020\/07\/A3_Muse-e-le-Dolomiti_2020-724x1024.jpg 724w, https:\/\/www.radiopiu.net\/wordpress\/wp-content\/uploads\/2020\/07\/A3_Muse-e-le-Dolomiti_2020-768x1086.jpg 768w, https:\/\/www.radiopiu.net\/wordpress\/wp-content\/uploads\/2020\/07\/A3_Muse-e-le-Dolomiti_2020-1086x1536.jpg 1086w, https:\/\/www.radiopiu.net\/wordpress\/wp-content\/uploads\/2020\/07\/A3_Muse-e-le-Dolomiti_2020-1448x2048.jpg 1448w, https:\/\/www.radiopiu.net\/wordpress\/wp-content\/uploads\/2020\/07\/A3_Muse-e-le-Dolomiti_2020.jpg 1754w\" sizes=\"auto, (max-width: 212px) 100vw, 212px\" \/><\/a>di Gianni Santomaso<\/p>\n<audio class=\"wp-audio-shortcode\" id=\"audio-149333-8\" preload=\"none\" style=\"width: 100%;\" controls=\"controls\"><source type=\"audio\/mpeg\" src=\"https:\/\/www.radiopiu.net\/wordpress\/wp-content\/uploads\/2020\/07\/GIANNI-MUSE-DOLOMITI.mp3?_=8\" \/><a href=\"https:\/\/www.radiopiu.net\/wordpress\/wp-content\/uploads\/2020\/07\/GIANNI-MUSE-DOLOMITI.mp3\">https:\/\/www.radiopiu.net\/wordpress\/wp-content\/uploads\/2020\/07\/GIANNI-MUSE-DOLOMITI.mp3<\/a><\/audio>\n<p>&nbsp;<\/p>\n<hr \/>\n<p>&nbsp;<\/p>\n<blockquote class=\"wp-embedded-content\" data-secret=\"ShSXTtYkKG\"><p><a href=\"https:\/\/www.radiopiu.net\/wordpress\/simon-da-cusighe-via-di-belluno-ad-una-personalita-della-pittura-di-renato-bona\/\">SIMON DA CUSIGHE. VIA DI BELLUNO AD UNA PERSONALITA\u2019 DELLA PITTURA di Renato Bona<\/a><\/p><\/blockquote>\n<p><iframe loading=\"lazy\" class=\"wp-embedded-content\" sandbox=\"allow-scripts\" security=\"restricted\" style=\"position: absolute; clip: rect(1px, 1px, 1px, 1px);\" title=\"&#8220;SIMON DA CUSIGHE. VIA DI BELLUNO AD UNA PERSONALITA\u2019 DELLA PITTURA di Renato Bona&#8221; &#8212; Radio Pi\u00f9\" src=\"https:\/\/www.radiopiu.net\/wordpress\/simon-da-cusighe-via-di-belluno-ad-una-personalita-della-pittura-di-renato-bona\/embed\/#?secret=ShSXTtYkKG\" data-secret=\"ShSXTtYkKG\" width=\"600\" height=\"338\" frameborder=\"0\" marginwidth=\"0\" marginheight=\"0\" scrolling=\"no\"><\/iframe><\/p>\n<p>&nbsp;<\/p>\n<hr \/>\n<p>&nbsp;<\/p>\n<blockquote>\n<h3><\/h3>\n<h3><a class=\"dt-pswp-item\" href=\"https:\/\/www.radiopiu.net\/wordpress\/wp-content\/uploads\/2018\/07\/tracciato-vertical-Col-di-Lana_FODOM.jpg\" data-dt-img-description=\"\" data-large_image_width=\"1203\" data-large_image_height=\"800\"><img loading=\"lazy\" decoding=\"async\" class=\" wp-image-53915 alignleft\" src=\"https:\/\/www.radiopiu.net\/wordpress\/wp-content\/uploads\/2018\/07\/tracciato-vertical-Col-di-Lana_FODOM-300x200.jpg\" alt=\"\" width=\"207\" height=\"138\" srcset=\"https:\/\/www.radiopiu.net\/wordpress\/wp-content\/uploads\/2018\/07\/tracciato-vertical-Col-di-Lana_FODOM-300x200.jpg 300w, https:\/\/www.radiopiu.net\/wordpress\/wp-content\/uploads\/2018\/07\/tracciato-vertical-Col-di-Lana_FODOM-768x511.jpg 768w, https:\/\/www.radiopiu.net\/wordpress\/wp-content\/uploads\/2018\/07\/tracciato-vertical-Col-di-Lana_FODOM-1024x681.jpg 1024w, https:\/\/www.radiopiu.net\/wordpress\/wp-content\/uploads\/2018\/07\/tracciato-vertical-Col-di-Lana_FODOM.jpg 1203w\" sizes=\"auto, (max-width: 207px) 100vw, 207px\" \/><\/a>IERI ALLA RADIO, da la Fabbrica delle Emozioni, in collaborazione con GIORNALE &amp; CAFFE&#8217; DERSUT di Taibon Agordino.<\/h3>\n<\/blockquote>\n<p><strong>a cura di Claudio Fontanive<\/strong><\/p>\n<p><strong>LA VERTICAL COL DI LANA, NE PARLIAMO CON GIANPAOLO SORATROI<\/strong><\/p>\n<audio class=\"wp-audio-shortcode\" id=\"audio-149333-9\" preload=\"none\" style=\"width: 100%;\" controls=\"controls\"><source type=\"audio\/mpeg\" src=\"https:\/\/www.radiopiu.net\/wordpress\/wp-content\/uploads\/2020\/07\/giampaolo-soratori-14-luglio.mp3?_=9\" \/><a href=\"https:\/\/www.radiopiu.net\/wordpress\/wp-content\/uploads\/2020\/07\/giampaolo-soratori-14-luglio.mp3\">https:\/\/www.radiopiu.net\/wordpress\/wp-content\/uploads\/2020\/07\/giampaolo-soratori-14-luglio.mp3<\/a><\/audio>\n<p>&nbsp;<\/p>\n<p>&nbsp;<\/p>\n<hr \/>\n<h2><\/h2>\n<h2>IERI ALLA RADIO<\/h2>\n\n\t\t\t<style type='text\/css'>\n\t\t\t\t#gallery-4 {\n\t\t\t\t\tmargin: auto;\n\t\t\t\t}\n\t\t\t\t#gallery-4 .gallery-item {\n\t\t\t\t\tfloat: left;\n\t\t\t\t\tmargin-top: 10px;\n\t\t\t\t\ttext-align: center;\n\t\t\t\t\twidth: 20%;\n\t\t\t\t}\n\t\t\t\t#gallery-4 img {\n\t\t\t\t\tborder: 2px solid #cfcfcf;\n\t\t\t\t}\n\t\t\t\t#gallery-4 .gallery-caption {\n\t\t\t\t\tmargin-left: 0;\n\t\t\t\t}\n\t\t\t\t\/* see gallery_shortcode() in wp-includes\/media.php *\/\n\t\t\t<\/style>\n\t\t<div id='gallery-4' class='dt-gallery-container gallery galleryid-149333 gallery-columns-5 gallery-size-thumbnail'><dl class='gallery-item'>\n\t\t\t\t<dt class='gallery-icon landscape'>\n\t\t\t\t\t<a class=\"rollover rollover-zoom dt-pswp-item\" title=\"italy, sicily, mazara del vallo: the cathedral in piazza della repubblica\" data-dt-img-description=\"\" data-large_image_width=\"1024\" data-large_image_height=\"683\"href='https:\/\/www.radiopiu.net\/wordpress\/wp-content\/uploads\/2020\/07\/1-1.jpg'><img loading=\"lazy\" decoding=\"async\" width=\"150\" height=\"150\" src=\"https:\/\/www.radiopiu.net\/wordpress\/wp-content\/uploads\/2020\/07\/1-1-150x150.jpg\" class=\"attachment-thumbnail size-thumbnail\" alt=\"\" aria-describedby=\"gallery-4-149362\" \/><\/a>\n\t\t\t\t<\/dt>\n\t\t\t\t\t<dd class='wp-caption-text gallery-caption' id='gallery-4-149362'>\n\t\t\t\t\titaly, sicily, mazara del vallo: the cathedral in piazza della repubblica\n\t\t\t\t\t<\/dd><\/dl><dl class='gallery-item'>\n\t\t\t\t<dt class='gallery-icon landscape'>\n\t\t\t\t\t<a class=\"rollover rollover-zoom dt-pswp-item\" title=\"2\" data-dt-img-description=\"\" data-large_image_width=\"630\" data-large_image_height=\"419\"href='https:\/\/www.radiopiu.net\/wordpress\/wp-content\/uploads\/2020\/07\/2-1.jpg'><img loading=\"lazy\" decoding=\"async\" width=\"150\" height=\"150\" src=\"https:\/\/www.radiopiu.net\/wordpress\/wp-content\/uploads\/2020\/07\/2-1-150x150.jpg\" class=\"attachment-thumbnail size-thumbnail\" alt=\"\" \/><\/a>\n\t\t\t\t<\/dt><\/dl><dl class='gallery-item'>\n\t\t\t\t<dt class='gallery-icon landscape'>\n\t\t\t\t\t<a class=\"rollover rollover-zoom dt-pswp-item\" title=\"3\" data-dt-img-description=\"\" data-large_image_width=\"1300\" data-large_image_height=\"954\"href='https:\/\/www.radiopiu.net\/wordpress\/wp-content\/uploads\/2020\/07\/3-1.jpg'><img loading=\"lazy\" decoding=\"async\" width=\"150\" height=\"150\" src=\"https:\/\/www.radiopiu.net\/wordpress\/wp-content\/uploads\/2020\/07\/3-1-150x150.jpg\" class=\"attachment-thumbnail size-thumbnail\" alt=\"\" \/><\/a>\n\t\t\t\t<\/dt><\/dl><dl class='gallery-item'>\n\t\t\t\t<dt class='gallery-icon landscape'>\n\t\t\t\t\t<a class=\"rollover rollover-zoom dt-pswp-item\" title=\"4\" data-dt-img-description=\"\" data-large_image_width=\"800\" data-large_image_height=\"533\"href='https:\/\/www.radiopiu.net\/wordpress\/wp-content\/uploads\/2020\/07\/4-1.jpg'><img loading=\"lazy\" decoding=\"async\" width=\"150\" height=\"150\" src=\"https:\/\/www.radiopiu.net\/wordpress\/wp-content\/uploads\/2020\/07\/4-1-150x150.jpg\" class=\"attachment-thumbnail size-thumbnail\" alt=\"\" \/><\/a>\n\t\t\t\t<\/dt><\/dl><dl class='gallery-item'>\n\t\t\t\t<dt class='gallery-icon landscape'>\n\t\t\t\t\t<a class=\"rollover rollover-zoom dt-pswp-item\" title=\"5\" data-dt-img-description=\"\" data-large_image_width=\"550\" data-large_image_height=\"411\"href='https:\/\/www.radiopiu.net\/wordpress\/wp-content\/uploads\/2020\/07\/5-1.jpg'><img loading=\"lazy\" decoding=\"async\" width=\"150\" height=\"150\" src=\"https:\/\/www.radiopiu.net\/wordpress\/wp-content\/uploads\/2020\/07\/5-1-150x150.jpg\" class=\"attachment-thumbnail size-thumbnail\" alt=\"\" \/><\/a>\n\t\t\t\t<\/dt><\/dl><br style=\"clear: both\" \/>\n\t\t\t<\/div>\n\n<blockquote>\n<h3>ZAINO DA VIAGGIO AL FEMMINILE DI PAOLA LANCIATO, A MAZARA DEL VALLO<\/h3>\n<\/blockquote>\n<audio class=\"wp-audio-shortcode\" id=\"audio-149333-10\" preload=\"none\" style=\"width: 100%;\" controls=\"controls\"><source type=\"audio\/mpeg\" src=\"https:\/\/www.radiopiu.net\/wordpress\/wp-content\/uploads\/2020\/07\/6-Mazara-del-Vallo-M.mp3?_=10\" \/><a href=\"https:\/\/www.radiopiu.net\/wordpress\/wp-content\/uploads\/2020\/07\/6-Mazara-del-Vallo-M.mp3\">https:\/\/www.radiopiu.net\/wordpress\/wp-content\/uploads\/2020\/07\/6-Mazara-del-Vallo-M.mp3<\/a><\/audio>\n<h2>LA RACCOLTA COMPLETA<\/h2>\n<blockquote class=\"wp-embedded-content\" data-secret=\"0yGfn0lXfi\"><p><a href=\"https:\/\/www.radiopiu.net\/wordpress\/zaino-femminile-lanciato\/\">Zaino da viaggio al femminile<\/a><\/p><\/blockquote>\n<p><iframe loading=\"lazy\" class=\"wp-embedded-content\" sandbox=\"allow-scripts\" security=\"restricted\" style=\"position: absolute; clip: rect(1px, 1px, 1px, 1px);\" title=\"&#8220;Zaino da viaggio al femminile&#8221; &#8212; Radio Pi\u00f9\" src=\"https:\/\/www.radiopiu.net\/wordpress\/zaino-femminile-lanciato\/embed\/#?secret=0yGfn0lXfi\" data-secret=\"0yGfn0lXfi\" width=\"600\" height=\"338\" frameborder=\"0\" marginwidth=\"0\" marginheight=\"0\" scrolling=\"no\"><\/iframe><\/p>\n<p>&nbsp;<\/p>\n<hr \/>\n<p>&nbsp;<\/p>\n<h2>IERI ALLA RADIO<\/h2>\n<h2><span style=\"color: #ff0000;\">DUE MINUTI UN LIBRO<\/span><\/h2>\n<blockquote class=\"wp-embedded-content\" data-secret=\"lWmPWFfy5b\"><p><a href=\"https:\/\/www.radiopiu.net\/wordpress\/circuiti-inceppati\/\">CIRCUITI INCEPPATI<\/a><\/p><\/blockquote>\n<p><iframe loading=\"lazy\" class=\"wp-embedded-content\" sandbox=\"allow-scripts\" security=\"restricted\" style=\"position: absolute; clip: rect(1px, 1px, 1px, 1px);\" title=\"&#8220;CIRCUITI INCEPPATI&#8221; &#8212; Radio Pi\u00f9\" src=\"https:\/\/www.radiopiu.net\/wordpress\/circuiti-inceppati\/embed\/#?secret=lWmPWFfy5b\" data-secret=\"lWmPWFfy5b\" width=\"600\" height=\"338\" frameborder=\"0\" marginwidth=\"0\" marginheight=\"0\" scrolling=\"no\"><\/iframe><\/p>\n<p><strong>LE ALTRE PUNTATE<\/strong><\/p>\n<blockquote class=\"wp-embedded-content\" data-secret=\"6UxCAs6zHD\"><p><a href=\"https:\/\/www.radiopiu.net\/wordpress\/due-minuti-un-libro\/\">Due minuti un libro<\/a><\/p><\/blockquote>\n<p><iframe loading=\"lazy\" class=\"wp-embedded-content\" sandbox=\"allow-scripts\" security=\"restricted\" style=\"position: absolute; clip: rect(1px, 1px, 1px, 1px);\" title=\"&#8220;Due minuti un libro&#8221; &#8212; Radio Pi\u00f9\" src=\"https:\/\/www.radiopiu.net\/wordpress\/due-minuti-un-libro\/embed\/#?secret=6UxCAs6zHD\" data-secret=\"6UxCAs6zHD\" width=\"600\" height=\"338\" frameborder=\"0\" marginwidth=\"0\" marginheight=\"0\" scrolling=\"no\"><\/iframe><\/p>\n<p>&nbsp;<\/p>\n<hr \/>\n<p>&nbsp;<\/p>\n<h2><span style=\"color: #33cccc;\">IL MESSAGGIO DEI SACERDOTI A RADIO PIU&#8217;<\/span><\/h2>\n<blockquote class=\"wp-embedded-content\" data-secret=\"steps3RjM4\"><p><a href=\"https:\/\/www.radiopiu.net\/wordpress\/chiesa11\/\">DON CESARE SU RADIO PIU&#8217; ALLE 7.30 E 19.30, PARROCCHIE DI AGORDO, LA VALLE E TAIBON<\/a><\/p><\/blockquote>\n<p><iframe loading=\"lazy\" class=\"wp-embedded-content\" sandbox=\"allow-scripts\" security=\"restricted\" style=\"position: absolute; clip: rect(1px, 1px, 1px, 1px);\" title=\"&#8220;DON CESARE SU RADIO PIU&#8217; ALLE 7.30 E 19.30, PARROCCHIE DI AGORDO, LA VALLE E TAIBON&#8221; &#8212; Radio Pi\u00f9\" src=\"https:\/\/www.radiopiu.net\/wordpress\/chiesa11\/embed\/#?secret=steps3RjM4\" data-secret=\"steps3RjM4\" width=\"600\" height=\"338\" frameborder=\"0\" marginwidth=\"0\" marginheight=\"0\" scrolling=\"no\"><\/iframe><\/p>\n<p>&nbsp;<\/p>\n<hr \/>\n<p>&nbsp;<\/p>\n<h2><span style=\"color: #99cc00;\">AGORDINOMERON&#8230;LA RACCOLTA<\/span><\/h2>\n<blockquote class=\"wp-embedded-content\" data-secret=\"wjUbX3Gfvm\"><p><a href=\"https:\/\/www.radiopiu.net\/wordpress\/agordinomeron\/\">AGORDINOMERON, IL TERRITORIO SI RACCONTA Da un&#8217;idea di Gianni Santomaso<\/a><\/p><\/blockquote>\n<p><iframe loading=\"lazy\" class=\"wp-embedded-content\" sandbox=\"allow-scripts\" security=\"restricted\" style=\"position: absolute; clip: rect(1px, 1px, 1px, 1px);\" title=\"&#8220;AGORDINOMERON, IL TERRITORIO SI RACCONTA Da un&#8217;idea di Gianni Santomaso&#8221; &#8212; Radio Pi\u00f9\" src=\"https:\/\/www.radiopiu.net\/wordpress\/agordinomeron\/embed\/#?secret=wjUbX3Gfvm\" data-secret=\"wjUbX3Gfvm\" width=\"600\" height=\"338\" frameborder=\"0\" marginwidth=\"0\" marginheight=\"0\" scrolling=\"no\"><\/iframe><\/p>\n<p>&nbsp;<\/p>\n<hr \/>\n<p>&nbsp;<\/p>\n<h2><span style=\"color: #800080;\">I RACCONTI DI PAOLO SOPPELSA&#8230;LA RACCOLTA<\/span><\/h2>\n<blockquote class=\"wp-embedded-content\" data-secret=\"fHXCt4TGVC\"><p><a href=\"https:\/\/www.radiopiu.net\/wordpress\/i-racconti-di-paolo-soppelsa\/\">I racconti di Paolo Soppelsa<\/a><\/p><\/blockquote>\n<p><iframe loading=\"lazy\" class=\"wp-embedded-content\" sandbox=\"allow-scripts\" security=\"restricted\" style=\"position: absolute; clip: rect(1px, 1px, 1px, 1px);\" title=\"&#8220;I racconti di Paolo Soppelsa&#8221; &#8212; Radio Pi\u00f9\" src=\"https:\/\/www.radiopiu.net\/wordpress\/i-racconti-di-paolo-soppelsa\/embed\/#?secret=fHXCt4TGVC\" data-secret=\"fHXCt4TGVC\" width=\"600\" height=\"338\" frameborder=\"0\" marginwidth=\"0\" marginheight=\"0\" scrolling=\"no\"><\/iframe><\/p>\n<hr \/>\n<p>&nbsp;<\/p>\n<p><strong class=\"photoswipe-wrapper\"><a class=\"dt-pswp-item pspw-wrap-ready\" href=\"https:\/\/i0.wp.com\/www.radiopiu.net\/wordpress\/wp-content\/uploads\/2018\/09\/viabilita.jpeg?ssl=1\" data-dt-img-description=\"\" data-large_image_width=\"800\" data-large_image_height=\"100\"><img loading=\"lazy\" decoding=\"async\" class=\"aligncenter wp-image-61954 size-full jetpack-lazy-image jetpack-lazy-image--handled\" src=\"https:\/\/i0.wp.com\/www.radiopiu.net\/wordpress\/wp-content\/uploads\/2018\/09\/viabilita.jpeg?resize=800%2C100&amp;ssl=1\" sizes=\"auto, (max-width: 800px) 100vw, 800px\" srcset=\"https:\/\/i0.wp.com\/www.radiopiu.net\/wordpress\/wp-content\/uploads\/2018\/09\/viabilita.jpeg?w=800&amp;ssl=1 800w, https:\/\/i0.wp.com\/www.radiopiu.net\/wordpress\/wp-content\/uploads\/2018\/09\/viabilita.jpeg?resize=300%2C38&amp;ssl=1 300w, https:\/\/i0.wp.com\/www.radiopiu.net\/wordpress\/wp-content\/uploads\/2018\/09\/viabilita.jpeg?resize=768%2C96&amp;ssl=1 768w\" alt=\"\" width=\"800\" height=\"100\" data-lazy-loaded=\"1\" \/><\/a><\/strong><\/p>\n<p>&nbsp;<\/p>\n<p>SELVA DI CADORE \u00a0FINO AL 7 AGOSTO DALLE 7 ALLE 18 \u00a0E DAL 24 AGOSTO AL 15 SETTEMBRE SEMPRE DALLE 7 ALLE 18 (FESTIVI E PRE FESTIVI ESCLUSI) SENSO UNICO ALTERNATO CON MOVIERI O SEMAFORO IN LOCALIT\u00c0 SOLATOR. DAL CHILOMETRO 4.400 AL CHILOMETRO 5.100<\/p>\n<p>PROVINCIALE 3 VALLE IMPERINA, DAL 13 AL 17 LUGLIO SENSO UNICO IN PROSSIMITA\u2019 DI GOSALDO<\/p>\n<p>REGIONALE 48 DELLE DOLOMITI DAL 13 AL 30 LUGLIO SENSO UNICO IN LOCALITA\u2019 LIVINE\u2019 DI LIVINALLONGO<\/p>\n<p>PROVINCIALE 563 DI SALESEI, LOCALITA\u2019 DIGONERA. SENSO UNICO ALTERNATO REGOLATO DA IMPIANTO SEMAFORICO FINO AL 15 LUGLIO PER MESSA IN SICUREZZA DEL PIANO VIABILE<\/p>\n<p>SP 251 FINO AL 31 LUGLIO TRA PESCUL E SELVA DI CADORE SENSO UNICO ALTERNATO REGOLATO DA SEMAFORO, ESCLUSI SABATO E DOMENICA PER POSA FIBRE OTTICHE<\/p>\n<p>PROVINCIALE 3 VALLE IMPERINA, LOCALITA\u2019 CORDE MOLE: DAL 6 LUGLIO DALLE 8 ALLE 11.45 E DALLE 13.30 ALLE 17.30 (SABATO E DOMENICA ESCLUSI) INTERRUZIONI ALLA VIABILITA\u2019 FINO A 30 MINUTI PER TAGLIO PIANTE TRA LE LOCALITA\u2019 CORDE MOLE E VALLESIN<\/p>\n<p>PROVINCIALE 641 DI PASSO FEDAIA, FINO AL 31 LUGLIO (FESTIVI E PREFESTIVI ECLUSI) SENSO UNICO IN LOCALIT\u00c0 ROCCA PIETORE PER SOSTITUZIONI BARRIERE LATERALI<\/p>\n<p>PROVINCIALE 25 PASSO VALLES FINO AL 18 LUGLIO (FESTIVI ESCLUSI) SENSO UNICO ALERNATO CON SEMAFORO O MOVIERI PER ESBOSCO<\/p>\n<p>FINO AL 24 LUGLIO SABATO E DOMENICA COMPRESI LUNGO LA 641 DI PASSO FEDAIA IN LOCALIT\u00e0 CAPANNA BILL E COL DI ROCCA, SENSO UNICO ALTERNATO CON SEMAFORO<\/p>\n<p>STRADA REGIONALE 203 AGORDINA TRA PERON E CANDATEN, FINO 31 LUGLIO ESCLUSI SABATI E DOMENICHE, DALLE 7:30 ALLE 9 E E DALLE 16:30 ALLE 18 SENSO UNICO ALTERNATO REGOLATO DA MOVIERI. NEGLI ALTRI ORARI SENSO UNICO ALTERNATO REGOLATO DA SEMAFORO PER INTERRAMENTO CAVIDOTTO E-DISTRIBUZIONE<\/p>\n<p>PROVINCIALE 25 PASSO VALLES FINO AL 18 LUGLIO (FESTIVI ESCLUSI) SENSO UNICO ALERNATO CON SEMAFORO O MOVIERI PER ESBOSCO<\/p>\n<p>STRADA REGIONALE 48 DELLE DOLOMITI, A CORTINA IN LOCALITA\u2019 POCOL, SENSO UNICO ALTERNATO REGOLATO DA IMPIANTO SEMAFORICO \u00a0DAL 6 AL 24 LUGLIO, ESCLUSI SABATI E DOMENICHE, PER POSA CAVIDOTTO E-DISTRIBUZIONE<\/p>\n<p>STRADA PROVINCIALE 30 PANORAMICA DEL COMELICO, FINO\u00a0 AL 31 LUGLIO INTERDIZIONE TOTALE ALLA VIABILITA\u2019 TRA COSTA E COSTALISSOIO PER MESSA IN SICUREZZA STRADA<\/p>\n<p>STRADA PROVINCIALE 619 DI VIGO DI CADORE, FINO\u00a0 AL 7 AGOSTO, ESCLUSI SABATI E DOMENICHE, SENSO UNICO ALTERNATO REGOLATO DA IMPIANTO SEMAFORICO O MOVIERI PER MESSA IN SICUREZZA DELLA STRADA<\/p>\n<p>STRADA PROVINCIALE 473 DI CROCE D\u2019AUNE, DAL 9 AL 17 LUGLIO, SABATI E DOMENICHE ESCLUSE, SALTUARIA ISTITUZIONE DI SENSO UNICO ALTERNATO REGOLATO DA MOVIERI IN LOCALIT\u00e0 GORNA DI SOVRAMONTE PER LAVORI DI CONSOLIDAMENTO CIGLIO STRADALE<\/p>\n<p>STRADA PROVINCIALE 641 DEL PASSO FEDAIA, NEL COMUNE DI ROCCA PIETORE, DAL 15 AL 22 LUGLIO, SABATI E DOMENICHE ESCLUSE, SENSO UNICO ALTERNATO REGOLATO DA IMPIANTO SEMAFORICO PER POSA CAVIDOTTO ELETTRICO<\/p>\n<p>&nbsp;<\/p>\n<hr \/>\n<p>&nbsp;<\/p>\n<h2><em><strong>COMUNICAZIONE ISTITUZIONALE \u2013 APP IMMUNI<\/strong><\/em><\/h2>\n<p><iframe loading=\"lazy\" title=\"Immuni App 30\" width=\"1200\" height=\"675\" src=\"https:\/\/www.youtube.com\/embed\/-XG48J62814?feature=oembed\" frameborder=\"0\" allow=\"accelerometer; autoplay; clipboard-write; encrypted-media; gyroscope; picture-in-picture\" allowfullscreen><\/iframe><\/p>\n<p>&nbsp;<\/p>\n<hr \/>\n<p>&nbsp;<\/p>\n<p class=\"photoswipe-wrapper\"><a class=\"dt-pswp-item pspw-wrap-ready\" href=\"https:\/\/i0.wp.com\/www.radiopiu.net\/wordpress\/wp-content\/uploads\/2018\/09\/WhatsApp-Image-2018-09-20-at-16.04.06.jpeg?ssl=1\" data-dt-img-description=\"\" data-large_image_width=\"800\" data-large_image_height=\"100\"><img loading=\"lazy\" decoding=\"async\" class=\"aligncenter wp-image-61378 size-full jetpack-lazy-image jetpack-lazy-image--handled\" src=\"https:\/\/i0.wp.com\/www.radiopiu.net\/wordpress\/wp-content\/uploads\/2018\/09\/WhatsApp-Image-2018-09-20-at-16.04.06.jpeg?resize=800%2C100&amp;ssl=1\" sizes=\"auto, (max-width: 800px) 100vw, 800px\" srcset=\"https:\/\/i0.wp.com\/www.radiopiu.net\/wordpress\/wp-content\/uploads\/2018\/09\/WhatsApp-Image-2018-09-20-at-16.04.06.jpeg?w=800&amp;ssl=1 800w, https:\/\/i0.wp.com\/www.radiopiu.net\/wordpress\/wp-content\/uploads\/2018\/09\/WhatsApp-Image-2018-09-20-at-16.04.06.jpeg?resize=300%2C38&amp;ssl=1 300w, https:\/\/i0.wp.com\/www.radiopiu.net\/wordpress\/wp-content\/uploads\/2018\/09\/WhatsApp-Image-2018-09-20-at-16.04.06.jpeg?resize=768%2C96&amp;ssl=1 768w\" alt=\"\" width=\"800\" height=\"100\" data-lazy-loaded=\"1\" \/><\/a><\/p>\n<p>&nbsp;<\/p>\n<p><b>Mercoledi 15<\/b> <b>Tempo atteso: <\/b>Al primo mattino cielo ancora assai nuvoloso per nubi stratiformi, in parziale diradamento nel corso della mattinata. Dalle ore centrali il cielo torner\u00e0 ad annuvolarsi per addensamenti intensi, dapprima sulle Dolomiti, successivamente anche sulle Prealpi. Nuvolosit\u00e0 che sar\u00e0 associata a precipitazioni sparse. Clima sempre assai fresco per il periodo.<br \/>\n<b>Precipitazioni: <\/b>Probabilit\u00e0 bassa al mattino (0\/10%), poi via via crescente fino ad alta (70\/80%) nel tardo pomeriggio ed alla sera per rovesci ed eventuali locali temporali. Sulle Prealpi occidentali il rischio sar\u00e0 minore (30\/50%). Sulle Dolomiti la neve cadr\u00e0 sopra i 3000 m.<br \/>\n<b>Temperature: <\/b>In quota minime in aumento e massime pressoch\u00e9 stazionarie; nelle valli senza variazioni di rilievo rispetto a marted\u00ec. Sono previste punte di 22\/24\u00b0C nei fondovalle prealpini e di 16\/19\u00b0C a 1000\/1200 m. Su Prealpi a 1500 m min 10\u00b0C max 13\u00b0C, a 2000 m min 8\u00b0C max 10\u00b0C. Su Dolomiti a 2000 m min 7\u00b0C max 9\u00b0C, a 3000 m min 0\u00b0C max 1\u00b0C.<br \/>\n<b>Venti: <\/b>Nelle valli perlopi\u00f9 deboli di direzione variabile; in quota deboli o a tratti moderati da nord-ovest tra la notte e il primo mattino, poi da sud-ovest, a 5-10 km\/h a 2000 m e 10-15 km\/h a 3000 m.<\/p>\n<hr \/>\n<p><b>Giovedi 16<\/b> <b>Tempo atteso: <\/b>Minore nuvolosit\u00e0 iniziale, anche se saranno presenti banchi di nubi basse e stratocumuli, in parziale diradamento nel corso della mattinata. Dalle ore centrali in poi forte riduzione del soleggiamento e crescente attivit\u00e0 cumuliforme, associata a rovesci e temporali, specie sul Bellunese. Clima diurno sempre fresco per il periodo.<br \/>\n<b>Precipitazioni: <\/b>Al mattino generalmente assenti (10%), anche se non si potr\u00e0 del tutto escludere qualche isolato piovasco entro le ore centrali del giorno (20%). Al pomeriggio probabilit\u00e0 in aumento fino ad alta (70\/80%) per rovesci e temporali, pi\u00f9 diffusi rispetto a mercoled\u00ec. Limite neve attorno ai 3000 m.<br \/>\n<b>Temperature: <\/b>In quota minime in aumento e massime pressoch\u00e9 stazionarie; nelle valli senza variazioni di rilevo rispetto a marted\u00ec. Sono previste punte di 22\/23\u00b0C nei fondovalle prealpini e di 16\/19\u00b0C a 1000\/1200 m. Su Prealpi a 1500 m min 10\u00b0C max 14\u00b0C, a 2000 m min 8\u00b0C max 11\u00b0C. Su Dolomiti a 2000 m min 7\u00b0C max 10\u00b0C, a 3000 m min 1\u00b0C max 2\u00b0C.<br \/>\n<b>Venti: <\/b>Nelle valli perlopi\u00f9 deboli di direzione variabile; in quota deboli nord-occidentali al mattino e moderati al pomeriggio\/sera, a 5-10 km\/h a 2000 m e 10-15 km\/h a 3000 m.<\/p>\n<hr \/>\n<p><b>Venerdi 17<\/b>Cielo coperto al primo mattino, poi brevi rasserenamenti sulle Dolomiti, in parziale estensione alle Prealpi. Tra le ore centrali e il tardo pomeriggio molto nuvoloso con rovesci sparsi sulle Dolomiti e pi\u00f9 diffusi sulle Prealpi. Nel tardo pomeriggio parziale miglioramento del tempo a partire dalle Dolomiti, in estensione alle Prealpi in serata. Temperature in calo, salvo stazionariet\u00e0 delle massime nelle valli. Venti a regime di brezza nelle valli e deboli\/moderati da nord in quota.<\/p>\n<hr \/>\n<p><b>Sabato 18<\/b>Miglioramento del tempo con mattinata soleggiata ovunque e presenza di una modesta attivit\u00e0 cumuliforme sulle Dolomiti durante le ore pi\u00f9 calde, moderata sulle Prealpi, dove locali fenomeni saranno ancora probabili. Temperature minime in calo e massime in aumento. Venti a regime di brezza nelle valli e deboli\/moderati da nord in quota. Previsore: R.L.Th.<\/p>\n<p>&nbsp;<\/p>\n<hr \/>\n<p>&nbsp;<\/p>\n<p><a class=\"dt-pswp-item\" href=\"https:\/\/www.radiopiu.net\/wordpress\/wp-content\/uploads\/2018\/09\/sport.jpg\" data-dt-img-description=\"\" data-large_image_width=\"800\" data-large_image_height=\"100\"><img loading=\"lazy\" decoding=\"async\" class=\"aligncenter wp-image-60761 size-full\" src=\"https:\/\/www.radiopiu.net\/wordpress\/wp-content\/uploads\/2018\/09\/sport.jpg\" alt=\"\" width=\"800\" height=\"100\" srcset=\"https:\/\/www.radiopiu.net\/wordpress\/wp-content\/uploads\/2018\/09\/sport.jpg 800w, https:\/\/www.radiopiu.net\/wordpress\/wp-content\/uploads\/2018\/09\/sport-300x38.jpg 300w, https:\/\/www.radiopiu.net\/wordpress\/wp-content\/uploads\/2018\/09\/sport-768x96.jpg 768w\" sizes=\"auto, (max-width: 800px) 100vw, 800px\" \/><\/a><\/p>\n<p>&nbsp;<\/p>\n<blockquote>\n<h1 style=\"text-align: center;\">SNOWBOARD, ECCO LA SQUADRA PER LA PROSSIMA STAGIONE<\/h1>\n<\/blockquote>\n<div><a class=\"dt-pswp-item\" href=\"https:\/\/www.radiopiu.net\/wordpress\/wp-content\/uploads\/2020\/07\/Isabel-Murer-1611.2019.jpg\" data-dt-img-description=\"\" data-large_image_width=\"1255\" data-large_image_height=\"837\"><img loading=\"lazy\" decoding=\"async\" class=\"wp-image-149409 aligncenter\" src=\"https:\/\/www.radiopiu.net\/wordpress\/wp-content\/uploads\/2020\/07\/Isabel-Murer-1611.2019-1024x683.jpg\" alt=\"\" width=\"353\" height=\"236\" srcset=\"https:\/\/www.radiopiu.net\/wordpress\/wp-content\/uploads\/2020\/07\/Isabel-Murer-1611.2019-1024x683.jpg 1024w, https:\/\/www.radiopiu.net\/wordpress\/wp-content\/uploads\/2020\/07\/Isabel-Murer-1611.2019-300x200.jpg 300w, https:\/\/www.radiopiu.net\/wordpress\/wp-content\/uploads\/2020\/07\/Isabel-Murer-1611.2019-768x512.jpg 768w, https:\/\/www.radiopiu.net\/wordpress\/wp-content\/uploads\/2020\/07\/Isabel-Murer-1611.2019.jpg 1255w\" sizes=\"auto, (max-width: 353px) 100vw, 353px\" \/><\/a><\/div>\n<header class=\"entry-header\">\n<div class=\"entry-meta\">Sar\u00e0 composta di cinque atleti la squadra regionale 2020-2021 dello snowboard. Si tratta di Isabel Murer (<em>foto<\/em>, Ski College Veneto), Allyson Don\u00f2 (Ski College Veneto), Federico Podda (Ski College Veneto), Giovanni Dimola (Ski College Veneto) e Martina Allegra Bellinato (Snowboard club Cortina). I tecnici sono Denis Constantini e Maurizio Rudatis.<\/div>\n<\/header>\n<p>&nbsp;<\/p>\n<p>&nbsp;<\/p>\n<hr \/>\n<p>&nbsp;<\/p>\n<blockquote>\n<h3>INIZIATA LA PREPARAZIONE ESTIVA DELL\u2019ALLEGHE HOCKEY<\/h3>\n<\/blockquote>\n<p><strong><a class=\"dt-pswp-item\" href=\"https:\/\/www.radiopiu.net\/wordpress\/wp-content\/uploads\/2019\/08\/logo-alleghe-hockey.png\" data-dt-img-description=\"\" data-large_image_width=\"547\" data-large_image_height=\"512\"><img loading=\"lazy\" decoding=\"async\" class=\"wp-image-95699 alignleft\" src=\"https:\/\/www.radiopiu.net\/wordpress\/wp-content\/uploads\/2019\/08\/logo-alleghe-hockey-300x281.png\" alt=\"\" width=\"143\" height=\"134\" srcset=\"https:\/\/www.radiopiu.net\/wordpress\/wp-content\/uploads\/2019\/08\/logo-alleghe-hockey-300x281.png 300w, https:\/\/www.radiopiu.net\/wordpress\/wp-content\/uploads\/2019\/08\/logo-alleghe-hockey.png 547w\" sizes=\"auto, (max-width: 143px) 100vw, 143px\" \/><\/a>ALLEGHE<\/strong> Sono 3 le squadre dell\u2019Alleghe Hockey che hanno iniziato la loro preparazione atletica a secco in vista della prossima stagione. La IHL, Under 19 e Under 17 si stanno allenando seguendo un programma specifico fatto e inviato ai singoli Atleti da parte degli allenatori con degli esercizi in palestra. Anche i ragazzi nati tra il 2005 e il 2009 hanno iniziato la loro preparazione, seguiti dal preparatore atletico Diego De Silvestro. Mancano solo i pi\u00f9 giovani che per\u00f2 dovranno attendere ancora qualche settimana. Con l\u2019inizio di agosto anche le squadre giovanili inizieranno ad allenarsi.<\/p>\n<p>&nbsp;<\/p>\n<p>&nbsp;<\/p>\n<hr \/>\n<p>&nbsp;<\/p>\n<blockquote>\n<h3>COMUNICAZIONE DAL CENTRO SPORTIVO ITALIANO DI BELLUNO<\/h3>\n<\/blockquote>\n<p><strong><a class=\"dt-pswp-item\" href=\"https:\/\/www.radiopiu.net\/wordpress\/wp-content\/uploads\/2020\/07\/download-2.png\" data-dt-img-description=\"\" data-large_image_width=\"212\" data-large_image_height=\"238\"><img loading=\"lazy\" decoding=\"async\" class=\"size-full wp-image-149386 alignleft\" src=\"https:\/\/www.radiopiu.net\/wordpress\/wp-content\/uploads\/2020\/07\/download-2.png\" alt=\"\" width=\"212\" height=\"238\" \/><\/a>BELLUNO<\/strong> Rieccoci dopo un lungo periodo durante il quale abbiamo atteso, invano, di avere certezze da potervi comunicare. Invece, pur essendo migliorata la situazione generale legata all\u2019emergenza Covid-19, di sicurezze al momento non ce ne sono. I campionati di calcio professionistici sono ripartiti ma ancora non sappiamo quando potranno rimettersi in moto le 120 mila societ\u00e0 sportive italiane dello sport minore. E ancora non sappiamo quali saranno le condizioni per poterlo fare. <strong>Potranno ripartire i campionati di calcio CSI a settembre?<\/strong> La nostra speranza, ovviamente, \u00e8 questa. Ci stiamo confrontando costantemente con il livello regionale e nazionale per monitorare l\u2019evolversi della situazione normativa e farci trovare pronti alla ripartenza. Stiamo verificando, inoltre, la possibilit\u00e0 di un incontro a breve con le societ\u00e0 protagoniste dei nostri campionati. Le date dovrebbero essere il 27 (Over) e 28 luglio (Open), nei prossimi giorni vi daremo comunicazione certa. Certi della vostra comprensione, vi chiediamo di pazientare ulteriormente, nell\u2019attesa che la situazione si chiarisca e si possa tornare a svolgere le attivit\u00e0 che abitualmente vedono ogni societ\u00e0 protagonista con passione, generosit\u00e0, attenzione agli altri.<\/p>\n<p>&nbsp;<\/p>\n","protected":false},"excerpt":{"rendered":"<p>PER RICEVERE QUESTO NOTIZIARIO DIRETTAMENTE SUL TUO CELLULARE ISCRIVITI AL CANALE TELEGRAM\u00a0\u201cRADIO PIU\u00a0 INFORMAZIONE ATTENZIONE: LA NUOVA APP PER IOS-IPHONE https:\/\/apps.apple.com\/it\/app\/radio-pi%C3%B9-emittente-agordina\/id1515939845 ATTENZIONE: LA NUOVA APP RADIO\u00a0 PER ANDROID https:\/\/play.google.com\/store\/apps\/details?id=net.radiopiu.iniko &nbsp; &nbsp; DOMANI\u00a0dalle 8\u00a0 a fine lavori\u00a0 potrebbe mancare l&#8217;acqua ad AGORDO, in localit\u00e0 CROSTOLIN e in via DANTE ALIGHIERI. Il personale addetto operer\u00e0 per limitare&hellip;<\/p>\n","protected":false},"author":4,"featured_media":149505,"comment_status":"closed","ping_status":"closed","sticky":false,"template":"","format":"standard","meta":{"_monsterinsights_skip_tracking":false,"_monsterinsights_sitenote_active":false,"_monsterinsights_sitenote_note":"","_monsterinsights_sitenote_category":0,"footnotes":""},"categories":[1,86,49],"tags":[],"class_list":["post-149333","post","type-post","status-publish","format-standard","has-post-thumbnail","hentry","category-senza-categoria","category-gr","category-news-18","category-1","category-86","category-49","description-off"],"img_url":"https:\/\/www.radiopiu.net\/wordpress\/wp-content\/uploads\/2020\/07\/109230368_949978505430231_6235382981217336836_n.jpg","_links":{"self":[{"href":"https:\/\/www.radiopiu.net\/wordpress\/wp-json\/wp\/v2\/posts\/149333","targetHints":{"allow":["GET"]}}],"collection":[{"href":"https:\/\/www.radiopiu.net\/wordpress\/wp-json\/wp\/v2\/posts"}],"about":[{"href":"https:\/\/www.radiopiu.net\/wordpress\/wp-json\/wp\/v2\/types\/post"}],"author":[{"embeddable":true,"href":"https:\/\/www.radiopiu.net\/wordpress\/wp-json\/wp\/v2\/users\/4"}],"replies":[{"embeddable":true,"href":"https:\/\/www.radiopiu.net\/wordpress\/wp-json\/wp\/v2\/comments?post=149333"}],"version-history":[{"count":0,"href":"https:\/\/www.radiopiu.net\/wordpress\/wp-json\/wp\/v2\/posts\/149333\/revisions"}],"wp:featuredmedia":[{"embeddable":true,"href":"https:\/\/www.radiopiu.net\/wordpress\/wp-json\/wp\/v2\/media\/149505"}],"wp:attachment":[{"href":"https:\/\/www.radiopiu.net\/wordpress\/wp-json\/wp\/v2\/media?parent=149333"}],"wp:term":[{"taxonomy":"category","embeddable":true,"href":"https:\/\/www.radiopiu.net\/wordpress\/wp-json\/wp\/v2\/categories?post=149333"},{"taxonomy":"post_tag","embeddable":true,"href":"https:\/\/www.radiopiu.net\/wordpress\/wp-json\/wp\/v2\/tags?post=149333"}],"curies":[{"name":"wp","href":"https:\/\/api.w.org\/{rel}","templated":true}]}}