{"id":149372,"date":"2020-07-14T10:59:12","date_gmt":"2020-07-14T08:59:12","guid":{"rendered":"https:\/\/www.radiopiu.net\/wordpress\/?p=149372"},"modified":"2020-07-14T10:59:12","modified_gmt":"2020-07-14T08:59:12","slug":"lemergenza-covid-non-ferma-la-proloco-di-la-valle-e-il-5-agosto-festeggera-la-madona-de-la-neif","status":"publish","type":"post","link":"https:\/\/www.radiopiu.net\/wordpress\/lemergenza-covid-non-ferma-la-proloco-di-la-valle-e-il-5-agosto-festeggera-la-madona-de-la-neif\/","title":{"rendered":"L&#8217;EMERGENZA COVID NON FERMA LA PROLOCO DI LA VALLE E IL 5 AGOSTO FESTEGGERA&#8217; LA MADONA DE LA NEIF"},"content":{"rendered":"<p>&nbsp;<\/p>\n<blockquote>\n<h3><\/h3>\n<\/blockquote>\n<p><strong><a class=\"dt-pswp-item\" href=\"https:\/\/www.radiopiu.net\/wordpress\/wp-content\/uploads\/2020\/07\/754dccc4-7776-4f88-b31f-6d5f318a8252.png\" data-dt-img-description=\"\" data-large_image_width=\"1600\" data-large_image_height=\"1600\"><img loading=\"lazy\" decoding=\"async\" class=\" wp-image-149373 alignleft\" src=\"https:\/\/www.radiopiu.net\/wordpress\/wp-content\/uploads\/2020\/07\/754dccc4-7776-4f88-b31f-6d5f318a8252-300x300.png\" alt=\"\" width=\"248\" height=\"248\" srcset=\"https:\/\/www.radiopiu.net\/wordpress\/wp-content\/uploads\/2020\/07\/754dccc4-7776-4f88-b31f-6d5f318a8252-300x300.png 300w, https:\/\/www.radiopiu.net\/wordpress\/wp-content\/uploads\/2020\/07\/754dccc4-7776-4f88-b31f-6d5f318a8252-1024x1024.png 1024w, https:\/\/www.radiopiu.net\/wordpress\/wp-content\/uploads\/2020\/07\/754dccc4-7776-4f88-b31f-6d5f318a8252-150x150.png 150w, https:\/\/www.radiopiu.net\/wordpress\/wp-content\/uploads\/2020\/07\/754dccc4-7776-4f88-b31f-6d5f318a8252-768x768.png 768w, https:\/\/www.radiopiu.net\/wordpress\/wp-content\/uploads\/2020\/07\/754dccc4-7776-4f88-b31f-6d5f318a8252-1536x1536.png 1536w, https:\/\/www.radiopiu.net\/wordpress\/wp-content\/uploads\/2020\/07\/754dccc4-7776-4f88-b31f-6d5f318a8252.png 1600w\" sizes=\"auto, (max-width: 248px) 100vw, 248px\" \/><\/a>LA VALLE<\/strong> L\u2019Associazione Pro Loco La Valle Agordina \u00e8 felice di presentare la quinta edizione de EL MERC\u00c0 DE L&#8217;IST\u00c0,\u00a0la grande Mostra Mercato di prodotti tipici, artigianato locale e hobbistico organizzata a La Valle Agordina in occasione della tradizionale <a href=\"https:\/\/prolocolavalleagordina.us16.list-manage.com\/track\/click?u=5cc37901809729c8a96c80ed9&amp;id=720405b45a&amp;e=2669a1aa2c\">SAGRA MADONA DE LA N\u00c9IF<\/a>.\u00a0 Il crescente successo avuto dalla manifestazione ha confermato che EL MERC\u00c0 DE L&#8217;IST\u00c0 \u00e8 diventato un appuntamento fisso dell\u2019estate agordina, arricchendo con i suoi unici\u00a0rumori, colori\u00a0e sapori i festeggiamenti della sagra paesana di La Valle Agordina. Anche quest\u2019anno il piccolo paese nel cuore delle Dolomiti Agordine si vestir\u00e0 a festa e con tutte le accortezze dovute nel rispetto delle normative per il contenimento della diffusione del COVID-19, mercoled\u00ec 5 agosto 2020 si animer\u00e0 per la tanto attesa\u00a0SAGRA MADONA \u00a0DE LA N\u00c9IF.<\/p>\n<p><strong>EL MERC\u00c0 DE L&#8217;IST\u00c0<\/strong> \u00e8 organizzato nella giornata di mercoled\u00ec 05 agosto 2020 in localit\u00e0 Chiesa di La Valle Agordina, la frazione centrale del paese.\u00a0 Il percorso della Mostra Mercato si svolge dal Municipio del Comune (incrocio con strada statale 347 direzione Passo Duran e Val di Zoldo) verso la \u200bpiazza principale del paese (Piazza della Chiesa o di San Michiel) e le sue laterali. All&#8217;edizione precedente\u00a0 anno partecipato 54 espositori provenienti dall&#8217;Agordino, dal Bellunese, dal Veneto, dal Trentino e dal Friuli Venezia Giulia, la variet\u00e0 di proposte ha quindi attirato numerosi visitatori. Il 5 agosto \u00e8 il giorno della Sagra e dalle 9:00 la gente si porta sulla piazza del paese per passeggiare tra le bancarelle, assistere alla Messa Granda e giocare alla pesca parrocchiale.\u00a0 In quest&#8217;anno particolare l&#8217;Associazione\u00a0Pro Loco ha ritenuto opportuno rispettare la normativa applicando\u00a0il buonsenso comune e non ha allestito il grande tendone presso gli Impianti Sportivi. Tuttavia sia a pranzo che a cena sar\u00e0 disponibile un servizio per asporto su prenotazione,\u00a0garantendo la possibilit\u00e0 di assaporare\u00a0i piatti tipici della tradizione (polenta, pastin, formai frit, cinghiale in tocio, toc\u00e0 da boia, ecc.).<\/p>\n<p>&nbsp;<\/p>\n","protected":false},"excerpt":{"rendered":"<p>&nbsp; LA VALLE L\u2019Associazione Pro Loco La Valle Agordina \u00e8 felice di presentare la quinta edizione de EL MERC\u00c0 DE L&#8217;IST\u00c0,\u00a0la grande Mostra Mercato di prodotti tipici, artigianato locale e hobbistico organizzata a La Valle Agordina in occasione della tradizionale SAGRA MADONA DE LA N\u00c9IF.\u00a0 Il crescente successo avuto dalla manifestazione ha confermato che EL&hellip;<\/p>\n","protected":false},"author":1,"featured_media":149373,"comment_status":"closed","ping_status":"closed","sticky":false,"template":"","format":"standard","meta":{"_monsterinsights_skip_tracking":false,"_monsterinsights_sitenote_active":false,"_monsterinsights_sitenote_note":"","_monsterinsights_sitenote_category":0,"footnotes":""},"categories":[49],"tags":[],"class_list":["post-149372","post","type-post","status-publish","format-standard","has-post-thumbnail","hentry","category-news-18","category-49","description-off"],"img_url":"https:\/\/www.radiopiu.net\/wordpress\/wp-content\/uploads\/2020\/07\/754dccc4-7776-4f88-b31f-6d5f318a8252.png","_links":{"self":[{"href":"https:\/\/www.radiopiu.net\/wordpress\/wp-json\/wp\/v2\/posts\/149372","targetHints":{"allow":["GET"]}}],"collection":[{"href":"https:\/\/www.radiopiu.net\/wordpress\/wp-json\/wp\/v2\/posts"}],"about":[{"href":"https:\/\/www.radiopiu.net\/wordpress\/wp-json\/wp\/v2\/types\/post"}],"author":[{"embeddable":true,"href":"https:\/\/www.radiopiu.net\/wordpress\/wp-json\/wp\/v2\/users\/1"}],"replies":[{"embeddable":true,"href":"https:\/\/www.radiopiu.net\/wordpress\/wp-json\/wp\/v2\/comments?post=149372"}],"version-history":[{"count":0,"href":"https:\/\/www.radiopiu.net\/wordpress\/wp-json\/wp\/v2\/posts\/149372\/revisions"}],"wp:featuredmedia":[{"embeddable":true,"href":"https:\/\/www.radiopiu.net\/wordpress\/wp-json\/wp\/v2\/media\/149373"}],"wp:attachment":[{"href":"https:\/\/www.radiopiu.net\/wordpress\/wp-json\/wp\/v2\/media?parent=149372"}],"wp:term":[{"taxonomy":"category","embeddable":true,"href":"https:\/\/www.radiopiu.net\/wordpress\/wp-json\/wp\/v2\/categories?post=149372"},{"taxonomy":"post_tag","embeddable":true,"href":"https:\/\/www.radiopiu.net\/wordpress\/wp-json\/wp\/v2\/tags?post=149372"}],"curies":[{"name":"wp","href":"https:\/\/api.w.org\/{rel}","templated":true}]}}