{"id":149468,"date":"2020-07-16T05:55:26","date_gmt":"2020-07-16T03:55:26","guid":{"rendered":"https:\/\/www.radiopiu.net\/wordpress\/?p=149468"},"modified":"2020-07-16T09:23:13","modified_gmt":"2020-07-16T07:23:13","slug":"giornale-radiopiu-16-luglio-2020-direttore-mirko-mezzacasa","status":"publish","type":"post","link":"https:\/\/www.radiopiu.net\/wordpress\/giornale-radiopiu-16-luglio-2020-direttore-mirko-mezzacasa\/","title":{"rendered":"GIORNALE RADIOPIU 16 LUGLIO 2020 DIRETTORE MIRKO MEZZACASA"},"content":{"rendered":"<h3><strong>PER RICEVERE QUESTO NOTIZIARIO DIRETTAMENTE SUL TUO CELLULARE ISCRIVITI AL CANALE TELEGRAM\u00a0<\/strong><strong>\u201cRADIO PIU\u00a0 INFORMAZIONE<\/strong><\/h3>\n<p><em>ATTENZIONE: LA NUOVA APP PER IOS-IPHONE<\/em><\/p>\n<div>\n<div><a href=\"https:\/\/apps.apple.com\/it\/app\/radio-pi%C3%B9-emittente-agordina\/id1515939845\">https:\/\/apps.apple.com\/it\/app\/radio-pi%C3%B9-emittente-agordina\/id1515939845<\/a><\/div>\n<\/div>\n<div><\/div>\n<div>\n<div dir=\"auto\"><em>ATTENZIONE: LA NUOVA APP RADIO\u00a0 PER ANDROID<\/em><\/div>\n<\/div>\n<p><a href=\"https:\/\/play.google.com\/store\/apps\/details?id=net.radiopiu.iniko\" target=\"_blank\" rel=\"noopener noreferrer\">https:\/\/play.google.com\/store\/apps\/details?id=net.radiopiu.iniko<\/a><\/p>\n<p>&nbsp;<\/p>\n<hr \/>\n<p>&nbsp;<\/p>\n<p><strong>OGGI\u00a0dalle 8\u00a0 a fine lavori\u00a0 potrebbe mancare l\u2019acqua ad AGORDO, in localit\u00e0 CROSTOLIN e in via DANTE ALIGHIERI. Il personale addetto operer\u00e0 per limitare il pi\u00f9 possibile i disagi alla popolazione. <\/strong><\/p>\n<p><em><strong>Gestione Servizi Pubblici informa che ad Agordo nelle localit\u00e0 Valcozzena, Brugnach e Giove\u00a0 ed a La Valle Agordina nelle localit\u00e0 Ronche, Ronchet, Noach, Le Campe e Cancelladel\u2019acqua erogata dall\u2019acquedotto \u00e8 di nuovo potabile e pu\u00f2 essere usata, quindi, per scopi alimentari.<\/strong><\/em><\/p>\n<p><em><strong>a Santo Stefano di Cadore\u00a0nelle localit\u00e0 Costa d\u2019Antola e Costa Zucco, e a San Pietro di Cadore nelle frazioni di Valle, Stavello, Presenaio, Mare, Costalta l\u2019acqua erogata dall\u2019acquedotto non \u00e8 potabile e pu\u00f2 essere usata per scopi alimentari solo previa bollitura.<\/strong><\/em><\/p>\n<p>&nbsp;<\/p>\n<hr \/>\n<p>&nbsp;<\/p>\n<p><strong>LA FOTO DEL GIORNO DI SUSY DAN <\/strong><\/p>\n<p><strong>Quando le nubi danno spettacolo&#8230; In basso la chiesetta di Caviola.<\/strong><\/p>\n<p><a class=\"dt-pswp-item\" href=\"https:\/\/www.radiopiu.net\/wordpress\/wp-content\/uploads\/2020\/07\/7c8298c2-93ae-4607-b166-1ad81d3a9f90.jpg\" data-dt-img-description=\"\" data-large_image_width=\"1024\" data-large_image_height=\"703\"><img loading=\"lazy\" decoding=\"async\" class=\"alignnone size-medium wp-image-149548\" src=\"https:\/\/www.radiopiu.net\/wordpress\/wp-content\/uploads\/2020\/07\/7c8298c2-93ae-4607-b166-1ad81d3a9f90-300x206.jpg\" alt=\"\" width=\"300\" height=\"206\" srcset=\"https:\/\/www.radiopiu.net\/wordpress\/wp-content\/uploads\/2020\/07\/7c8298c2-93ae-4607-b166-1ad81d3a9f90-300x206.jpg 300w, https:\/\/www.radiopiu.net\/wordpress\/wp-content\/uploads\/2020\/07\/7c8298c2-93ae-4607-b166-1ad81d3a9f90-768x527.jpg 768w, https:\/\/www.radiopiu.net\/wordpress\/wp-content\/uploads\/2020\/07\/7c8298c2-93ae-4607-b166-1ad81d3a9f90.jpg 1024w\" sizes=\"auto, (max-width: 300px) 100vw, 300px\" \/><\/a><\/p>\n<p>&nbsp;<\/p>\n<hr \/>\n<p>&nbsp;<\/p>\n<p>&nbsp;<\/p>\n<blockquote>\n<h3>PROROGATA L&#8217;ORDINANZA SULLA 203 AGORDINA, IN VALLE DEL MIS STRADA CHIUSA PER 4 GIORNI MATTINA E POMERIGGIO<\/h3>\n<\/blockquote>\n<p><strong><a class=\"dt-pswp-item\" href=\"https:\/\/www.radiopiu.net\/wordpress\/wp-content\/uploads\/2020\/07\/download-14.jpg\" data-dt-img-description=\"\" data-large_image_width=\"259\" data-large_image_height=\"194\"><img loading=\"lazy\" decoding=\"async\" class=\" wp-image-149531 alignleft\" src=\"https:\/\/www.radiopiu.net\/wordpress\/wp-content\/uploads\/2020\/07\/download-14.jpg\" alt=\"\" width=\"155\" height=\"117\" \/><\/a>LA VALLE A <\/strong>La Muda l&#8217;ordinanza del 12 giugno \u00e8 stata prorogata, per ora di togliere il cantiere non se ne parla, i lavori sono ancora in corso e questi comportano lo spostamento del traffico sulla viabilit\u00e0 provvisoria appositamente predisposta, due &#8220;gomiti&#8221; causa di forti rallentamenti soprattutto la domenica al momento del rientro. Ma i lavori sono necessari per completare il nuovo attraversamento idraulico sul rio Val Scure che negli anni scorsi ogni qual volta \u00e8 esondato ha portato al blocco totale del traffico.<\/p>\n<p><strong>GOSALDO\u00a0<\/strong> Dal 20 al 24 luglio per lavori su rete idrica in localit\u00e0 Tiser lungo la provinciale 2 del Mis interdizione totale dalle 8 alle 12 e dalle 13 alle 17 dal chilometro 24.900 al chilometro 25.100 Nelle altre ore senso unico alternato.<\/p>\n<p><strong>LA BELLA NOTIZIA: SP 2 Valle del Mis da ieri le gallerie illuminate.<\/strong><\/p>\n<p><a class=\"dt-pswp-item\" href=\"https:\/\/www.radiopiu.net\/wordpress\/wp-content\/uploads\/2020\/07\/108183619_3158258047576267_4943262646830559713_o.jpg\" data-dt-img-description=\"\" data-large_image_width=\"720\" data-large_image_height=\"960\"><img loading=\"lazy\" decoding=\"async\" class=\"alignnone size-medium wp-image-149674\" src=\"https:\/\/www.radiopiu.net\/wordpress\/wp-content\/uploads\/2020\/07\/108183619_3158258047576267_4943262646830559713_o-225x300.jpg\" alt=\"\" width=\"225\" height=\"300\" srcset=\"https:\/\/www.radiopiu.net\/wordpress\/wp-content\/uploads\/2020\/07\/108183619_3158258047576267_4943262646830559713_o-225x300.jpg 225w, https:\/\/www.radiopiu.net\/wordpress\/wp-content\/uploads\/2020\/07\/108183619_3158258047576267_4943262646830559713_o.jpg 720w\" sizes=\"auto, (max-width: 225px) 100vw, 225px\" \/><\/a><\/p>\n<p>&nbsp;<\/p>\n<p>&nbsp;<\/p>\n<p>&nbsp;<\/p>\n<hr \/>\n<p>&nbsp;<\/p>\n<blockquote>\n<h3>IL NO DEFINITIVO ALLA CENTRALINA SUL LIERA<\/h3>\n<\/blockquote>\n<p><strong><a class=\"dt-pswp-item\" href=\"https:\/\/www.radiopiu.net\/wordpress\/wp-content\/uploads\/2020\/07\/LIERA.jpg\" data-dt-img-description=\"\" data-large_image_width=\"960\" data-large_image_height=\"540\"><img loading=\"lazy\" decoding=\"async\" class=\" wp-image-149645 alignleft\" src=\"https:\/\/www.radiopiu.net\/wordpress\/wp-content\/uploads\/2020\/07\/LIERA-300x169.jpg\" alt=\"\" width=\"211\" height=\"119\" srcset=\"https:\/\/www.radiopiu.net\/wordpress\/wp-content\/uploads\/2020\/07\/LIERA-300x169.jpg 300w, https:\/\/www.radiopiu.net\/wordpress\/wp-content\/uploads\/2020\/07\/LIERA-768x432.jpg 768w, https:\/\/www.radiopiu.net\/wordpress\/wp-content\/uploads\/2020\/07\/LIERA.jpg 960w\" sizes=\"auto, (max-width: 211px) 100vw, 211px\" \/><\/a>CANALE D&#8217;AGORDO <a class=\"dt-pswp-item\" href=\"https:\/\/www.radiopiu.net\/wordpress\/wp-content\/uploads\/2019\/07\/falvio_colcergnan.jpg\" data-dt-img-description=\"\" data-large_image_width=\"1400\" data-large_image_height=\"788\"><img loading=\"lazy\" decoding=\"async\" class=\"size-medium wp-image-92770 alignright\" src=\"https:\/\/www.radiopiu.net\/wordpress\/wp-content\/uploads\/2019\/07\/falvio_colcergnan-300x169.jpg\" alt=\"\" width=\"300\" height=\"169\" srcset=\"https:\/\/www.radiopiu.net\/wordpress\/wp-content\/uploads\/2019\/07\/falvio_colcergnan-300x169.jpg 300w, https:\/\/www.radiopiu.net\/wordpress\/wp-content\/uploads\/2019\/07\/falvio_colcergnan-768x432.jpg 768w, https:\/\/www.radiopiu.net\/wordpress\/wp-content\/uploads\/2019\/07\/falvio_colcergnan-1024x576.jpg 1024w, https:\/\/www.radiopiu.net\/wordpress\/wp-content\/uploads\/2019\/07\/falvio_colcergnan.jpg 1400w\" sizes=\"auto, (max-width: 300px) 100vw, 300px\" \/><\/a><\/strong>La commissione VIA sancisce il no definitivo alla centralina sul Liera. La notizia data in anteprima a Radio Pi\u00f9 dal Sindaco di Canale d&#8217;Agordo Flavio Colcergnan collegato in videoconferenza.<\/p>\n<audio class=\"wp-audio-shortcode\" id=\"audio-149468-1\" preload=\"none\" style=\"width: 100%;\" controls=\"controls\"><source type=\"audio\/mpeg\" src=\"https:\/\/www.radiopiu.net\/wordpress\/wp-content\/uploads\/2020\/07\/COLCERGNAN-NO-CENTRALINA-LIERA.mp3?_=1\" \/><a href=\"https:\/\/www.radiopiu.net\/wordpress\/wp-content\/uploads\/2020\/07\/COLCERGNAN-NO-CENTRALINA-LIERA.mp3\">https:\/\/www.radiopiu.net\/wordpress\/wp-content\/uploads\/2020\/07\/COLCERGNAN-NO-CENTRALINA-LIERA.mp3<\/a><\/audio>\n<p>&nbsp;<\/p>\n<hr \/>\n<p>&nbsp;<\/p>\n<blockquote>\n<h3>DRAMMA A LAMON, LA CERCANO PER TUTTA LA NOTTE IERI MATTINA RITROVATO IL CORPO<\/h3>\n<\/blockquote>\n<p><strong><a class=\"dt-pswp-item\" href=\"https:\/\/www.radiopiu.net\/wordpress\/wp-content\/uploads\/2020\/07\/106108541_10221556904144072_2180580963978438451_n.jpg\" data-dt-img-description=\"\" data-large_image_width=\"720\" data-large_image_height=\"728\"><img loading=\"lazy\" decoding=\"async\" class=\" wp-image-149527 alignleft\" src=\"https:\/\/www.radiopiu.net\/wordpress\/wp-content\/uploads\/2020\/07\/106108541_10221556904144072_2180580963978438451_n-297x300.jpg\" alt=\"\" width=\"167\" height=\"169\" srcset=\"https:\/\/www.radiopiu.net\/wordpress\/wp-content\/uploads\/2020\/07\/106108541_10221556904144072_2180580963978438451_n-297x300.jpg 297w, https:\/\/www.radiopiu.net\/wordpress\/wp-content\/uploads\/2020\/07\/106108541_10221556904144072_2180580963978438451_n.jpg 720w\" sizes=\"auto, (max-width: 167px) 100vw, 167px\" \/><\/a>LAMON<\/strong> Maria Cristina Zanellato 54 anni di Ravenna \u00e8 stata ritrovata ieri all&#8217;alba priva di vita dal Soccorso Alpino. La donna era in vacanza con il marito a Lamon e martedi mattina aveva iniziato un&#8217;escursione solitaria sul Monte Coppolo. L&#8217;ultimo contatto telefonico era avvenuto attorno alle 12 poi il telefono ha continuato a suonare a vuoto fino a sera, fino a quando ha ceduto la batteria. Il marito in serata non vedendola rientrare ha dato l&#8217;allarme presso la stazione di Carabinieri, mettendo in moto le squadre del Soccorso alpino di Feltre,\u00a0 allertato alle 21.50 . Da un selfie, i soccorritori sono risaliti a un escursionista fotografato assieme a lei. L&#8217;uomo ha raccontato di essere partito dopo di lei e di aver trovato lungo la discesa in cresta cappellino e bandana, che aveva raccolto per riconsegnarglieli di persona pensando li avesse persi. Una squadra, accompagnata da persone del posto e da un soccorritore de Sagf, una quindicina in tutto, si \u00e8 distribuita lungo i sentieri, finch\u00e9 sopra un salto verticale non \u00e8 stato rinvenuto un bastoncino, che \u00e8 stato appurato appartenesse all&#8217;escursionista. Appena fatta luce, l&#8217;elicottero di Trento emergenza ha imbarcato un soccorritore di Feltre ed \u00e8 volato sulla verticale al punto del ritrovamento. Purtroppo un centinaio di metri pi\u00f9 sotto \u00e8 stato subito individuato il corpo senza vita della donna.<\/p>\n<blockquote><p><em>Maria Cristina Zanellato, 54enne era\u00a0 infermiera a Ravenna, \u00a0era in vacanza e con un post su Facebook solo tre giorni fa aveva annunciato la sua felicit\u00e0 per il periodo di ferie dopo, probabilmente, dopo molti mesi difficili per la sua professione.<\/em><\/p><\/blockquote>\n<p>&nbsp;<\/p>\n<hr \/>\n<p>&nbsp;<\/p>\n<blockquote>\n<h3>PRECIPITA TRA LE ROCCE DEL PADON, MUORE MILANESE DI 74 ANNI. L&#8217;UOMO CON IL GRUPPO E UNA GUIDA ALPINA ERA DIRETTO AL BIVACCO BONTADINI LUNGO LE CRESTE DEL PADON, ITINERARIO ESPOSTO SUI PERCORSI DELLA GRANDE GUERRA<\/h3>\n<p>&nbsp;<\/p><\/blockquote>\n<p><a class=\"dt-pswp-item\" href=\"https:\/\/www.radiopiu.net\/wordpress\/wp-content\/uploads\/2020\/07\/PADON-SOCC-ALPINO.jpg\" data-dt-img-description=\"\" data-large_image_width=\"1600\" data-large_image_height=\"1200\"><img loading=\"lazy\" decoding=\"async\" class=\"size-medium wp-image-149612 alignleft\" src=\"https:\/\/www.radiopiu.net\/wordpress\/wp-content\/uploads\/2020\/07\/PADON-SOCC-ALPINO-300x225.jpg\" alt=\"\" width=\"300\" height=\"225\" srcset=\"https:\/\/www.radiopiu.net\/wordpress\/wp-content\/uploads\/2020\/07\/PADON-SOCC-ALPINO-300x225.jpg 300w, https:\/\/www.radiopiu.net\/wordpress\/wp-content\/uploads\/2020\/07\/PADON-SOCC-ALPINO-1024x768.jpg 1024w, https:\/\/www.radiopiu.net\/wordpress\/wp-content\/uploads\/2020\/07\/PADON-SOCC-ALPINO-768x576.jpg 768w, https:\/\/www.radiopiu.net\/wordpress\/wp-content\/uploads\/2020\/07\/PADON-SOCC-ALPINO-1536x1152.jpg 1536w, https:\/\/www.radiopiu.net\/wordpress\/wp-content\/uploads\/2020\/07\/PADON-SOCC-ALPINO.jpg 1600w\" sizes=\"auto, (max-width: 300px) 100vw, 300px\" \/><\/a><strong>ROCCA PIETORE<\/strong> Secondo incidente mortale in poche ore in provincia, a poche ore dal dramma di Lamon dove ha perso la vita una 54enne di Ravenna, un altro incidente mortale nell\u2019Agordino. I soccorsi sono stati allertati alle 10.30 dopo che\u00a0 \u00a0Gian Luigi Riccardi milanese di 74 anni residente in provincia di Milano \u00e8 precipitato per 200 metri lungo un vallone sul sentiero che porta al Bivacco Bontadini, un ruzzolone mortale lungo un ripido pendio erboso. L\u2019uomo non era solo ma impegnato nell\u2019escursione con una guida alpina della Val di Fassa e altri 6 uomini. Da una prima ricostruzione affidata ai Carabinieri l\u2019uomo \u00e8 inciampato perdendo l\u2019equilibrio e quindi precipitando nel vuoto. Con gli uomini dell\u2019Arma di Caprile \u00e8 intervenuto il soccorso alpino di Rocca Pietore e il Soccorso Alpino della Guardia di Finanza, in ausilio l\u2019elicottero del Suem di Pieve di Cadore che\u00a0 giunto sul posto ha sbarcato in hovering tecnico di elisoccorso e personale medico che hanno solamente potuto constatare il decesso del settantaquatrenne. Ottenuto il nulla osta dalla magistratura per la rimozione, la salma ricomposta e imbarellata \u00e8 stata recuperata da una squadra del Soccorso alpino della Val Pettorina, che la ha trasportata fino al Passo Fedaia per affidarla al carro funebre.<\/p>\n<p><em><strong>IL SERVIZIO DI GIANNI SANTOMASO DAL CORRIERE DELLE ALPI<\/strong><\/em><\/p>\n<audio class=\"wp-audio-shortcode\" id=\"audio-149468-2\" preload=\"none\" style=\"width: 100%;\" controls=\"controls\"><source type=\"audio\/mpeg\" src=\"https:\/\/www.radiopiu.net\/wordpress\/wp-content\/uploads\/2020\/07\/GIANNI-PADON-MORTO.mp3?_=2\" \/><a href=\"https:\/\/www.radiopiu.net\/wordpress\/wp-content\/uploads\/2020\/07\/GIANNI-PADON-MORTO.mp3\">https:\/\/www.radiopiu.net\/wordpress\/wp-content\/uploads\/2020\/07\/GIANNI-PADON-MORTO.mp3<\/a><\/audio>\n<p>&nbsp;<\/p>\n<hr \/>\n<p>&nbsp;<\/p>\n<div class=\"page-title-head hgroup\">\n<blockquote>\n<h3 class=\"entry-title\">INCIDENTI A FELTRE, BELLUNO E PUOS D\u2019ALPAGO, FURTO A SOSPIROLO<\/h3>\n<\/blockquote>\n<\/div>\n<div class=\"page-title-breadcrumbs\">\n<p><strong><img loading=\"lazy\" decoding=\"async\" class=\"alignleft jetpack-lazy-image jetpack-lazy-image--handled\" src=\"https:\/\/i0.wp.com\/www.radiopiu.net\/wordpress\/wp-content\/uploads\/2016\/03\/Carabinieri-Compagnia-Frosinone-720x340.jpg?resize=288%2C136&amp;ssl=1\" width=\"288\" height=\"136\" data-recalc-dims=\"1\" data-lazy-loaded=\"1\" \/><\/strong><\/p>\n<p><strong>FELTRE<\/strong>\u00a0 Incidente al Casonetto ieri sera alle 19 tra una Ford Ka\u00a0 in uscita dal parcheggio del Bar\u00a0 e una Golf. Saranno i carabinieri di Feltre a chiarire tutti gli aspetti della dinamica. Al volante della Ford Ka un feltrino,\u00a0 sulla Golf un uomo che residente a Lentiai precauzionalmente accompagnato al pronto soccorso. Sul posto anche i pompieri.<\/p>\n<p><strong>BELLUNO<\/strong> Fuoriuscita autonoma lungo la riva del Boscon in zona San Fermo, L.L. cittadino albanese di 51 anni era alla guida della Punta con a bordo L.B. 21, entrambi residenti a Belluno, se la sono cavata con ferite leggere. Danni limitati anche per la vettura recuperata dal Soccorso Stradale, per i rilievi sono intervenuti i Carabinieri con VIgili del Fuoco e Suem 118.<\/p>\n<p><strong>PUOS D\u2019ALPAGO<\/strong>\u00a0In serata i Carabinieri di Longarone sono stati chiamati a Puos d\u2019Alpago lungo la provinciale 422 in seguito ad un incidente senza feriti tra un ciclomotore Ape 50 condotto da un minorenne di Sarmede e un\u2019autovettura Mercedes condotta da un Macedone C.L. di\u00a0 46 anni, alla base dell\u2019incidente un sorpasso azzardato da parte dell\u2019automobilista.. Danni lievi ai mezzi.<\/p>\n<p><strong>SOSPIROLO<\/strong> I Carabinieri indagano su furto dell&#8217;altra notte all\u2019interno di un allevamento di Sospirolo, da un deposito asportati due decespugliatori, una motosega e un taglia erba per un valore complessivo di 800 euro.<\/p>\n<p><strong>SEREN DEL GRAPPA<\/strong> Intervento dei pompieri per spegnere il principio d&#8217;incendio ai pneumatici di un tir in discesa dal Monte Grappa. In tilt l&#8217;impianto frenante, il surriscaldamento ha portato allo scoppio di due gomme. Provvidenziale l&#8217;intervento con gli estintori di Marino De Colle, durante lo scoppio un pezzo di parafango ha colpito il conducente del Tir ferito al volto ma in modo non grave.<\/p>\n<p>&nbsp;<\/p>\n<hr \/>\n<p>&nbsp;<\/p>\n<\/div>\n<blockquote>\n<h3>TRENTATREENNE IN PROGNOSI RISERVATA DOPO LA CADUTA A CUSIGHE, TRA LE CAUSE NON SI ESCLUDE IL MALORE.<\/h3>\n<\/blockquote>\n<p><a class=\"dt-pswp-item\" href=\"https:\/\/www.radiopiu.net\/wordpress\/wp-content\/uploads\/2020\/07\/f26d1e09-87c4-47f8-bde3-878f602c5eae.jpg\" data-dt-img-description=\"\" data-large_image_width=\"240\" data-large_image_height=\"320\"><img loading=\"lazy\" decoding=\"async\" class=\" wp-image-149538 alignright\" src=\"https:\/\/www.radiopiu.net\/wordpress\/wp-content\/uploads\/2020\/07\/f26d1e09-87c4-47f8-bde3-878f602c5eae-225x300.jpg\" alt=\"\" width=\"116\" height=\"154\" srcset=\"https:\/\/www.radiopiu.net\/wordpress\/wp-content\/uploads\/2020\/07\/f26d1e09-87c4-47f8-bde3-878f602c5eae-225x300.jpg 225w, https:\/\/www.radiopiu.net\/wordpress\/wp-content\/uploads\/2020\/07\/f26d1e09-87c4-47f8-bde3-878f602c5eae.jpg 240w\" sizes=\"auto, (max-width: 116px) 100vw, 116px\" \/><\/a><img loading=\"lazy\" decoding=\"async\" class=\" wp-image-149536 alignright\" src=\"https:\/\/www.radiopiu.net\/wordpress\/wp-content\/uploads\/2020\/07\/9c69096a-93e0-46ed-a8c0-06e7eaece9e7-300x225.jpg\" alt=\"\" width=\"181\" height=\"136\" srcset=\"https:\/\/www.radiopiu.net\/wordpress\/wp-content\/uploads\/2020\/07\/9c69096a-93e0-46ed-a8c0-06e7eaece9e7-300x225.jpg 300w, https:\/\/www.radiopiu.net\/wordpress\/wp-content\/uploads\/2020\/07\/9c69096a-93e0-46ed-a8c0-06e7eaece9e7-1024x768.jpg 1024w, https:\/\/www.radiopiu.net\/wordpress\/wp-content\/uploads\/2020\/07\/9c69096a-93e0-46ed-a8c0-06e7eaece9e7-768x576.jpg 768w, https:\/\/www.radiopiu.net\/wordpress\/wp-content\/uploads\/2020\/07\/9c69096a-93e0-46ed-a8c0-06e7eaece9e7.jpg 1280w\" sizes=\"auto, (max-width: 181px) 100vw, 181px\" \/><\/p>\n<p><strong>BELLUNO<\/strong> I Carabinieri di Belluno stanno ricostruendo il grave incidente dell&#8217;altra sera, Denis Lazzaretti 33 anni noto calciatore di Belluno attualmente in forza al Nogar\u00e8 di terza categoria (ha giocato nel Belluno, Ponte e Alpina) ha perso il controllo della motocicletta, una Lambretta anni Sessanta,\u00a0 in prossimit\u00e0 della rotonda vicino al cimitero di Cusighe, \u00e8 quindi caduto rovinosamente sull&#8217;asfalto. Per le gravi preferite \u00e8 stato deciso per il trasferimento all&#8217;ospedale C\u00e0 Foncello di Treviso dove \u00e8 tutt&#8217;ora ricoverato in prognosi riservata.<\/p>\n<p>&nbsp;<\/p>\n<p>&nbsp;<\/p>\n<p>&nbsp;<\/p>\n<p>&nbsp;<\/p>\n<hr \/>\n<p>&nbsp;<\/p>\n<div class=\"page-title-head hgroup\">\n<blockquote>\n<h3 class=\"entry-title\">CADE DA DUE METRI E SI FRATTURA IL BACINO, INCIDENTE SUL LAVORO AD ARABBA<\/h3>\n<\/blockquote>\n<\/div>\n<p class=\"page-title-breadcrumbs\"><strong><a class=\"dt-pswp-item\" href=\"https:\/\/www.radiopiu.net\/wordpress\/wp-content\/uploads\/2016\/08\/carabinieri-6-2.jpg\" data-dt-img-description=\"\" data-large_image_width=\"1000\" data-large_image_height=\"681\"><img loading=\"lazy\" decoding=\"async\" class=\" wp-image-22568 alignleft\" src=\"https:\/\/www.radiopiu.net\/wordpress\/wp-content\/uploads\/2016\/08\/carabinieri-6-2-300x204.jpg\" alt=\"\" width=\"157\" height=\"107\" \/><\/a>LIVINALLONGO<\/strong> Alle 12 incidente sul lavoro all\u2019interno del cantiere di una ditta edile impegnata in lavori per la Impianti Pordoi. Un uomo di 53 anni di Colle Santa Lucia dipendente della ditta &#8220;Impianti Colfosco&#8221; con sede a Corvara,\u00a0 \u00e8 scivolato dal ponteggio cadendo per circa due metri. A.F. \u00e8 stato trasportato dal Suem all\u2019ospedale di Belluno con la frattura del bacino, non \u00e8 in pericolo di vita. Sul posto di Carabinieri della stazione di Arabba e il personale Spisal.<\/p>\n<p>&nbsp;<\/p>\n<p>&nbsp;<\/p>\n<hr \/>\n<p>&nbsp;<\/p>\n<blockquote>\n<h3>DENUNCIATA UNA DONNA BELLUNESE PER IL FURTO ALL&#8217;OVS<\/h3>\n<\/blockquote>\n<p><strong><a class=\"dt-pswp-item\" href=\"https:\/\/www.radiopiu.net\/wordpress\/wp-content\/uploads\/2018\/10\/Volante-Questura.jpg\" data-dt-img-description=\"\" data-large_image_width=\"768\" data-large_image_height=\"510\"><img loading=\"lazy\" decoding=\"async\" class=\"wp-image-63842 alignleft\" src=\"https:\/\/www.radiopiu.net\/wordpress\/wp-content\/uploads\/2018\/10\/Volante-Questura-300x199.jpg\" alt=\"\" width=\"157\" height=\"105\" \/><\/a>BELLUNO\u00a0<\/strong> Una Volante della Questura \u00e8 intervenuta\u00a0 all&#8217;OVS di Piazza dei Martiri dove una donna, segnalata dal personale del negozio che ne aveva seguito i movimenti, si era allontanata con dei capi d\u2019abbigliamento rubati. D.D.L.,\u00a0 \u00a054 anni residente in centro, \u00e8 stata rintracciata poco distante dagli scaffali, dove aveva da poco rimosso le etichette ed il sistema antitaccheggio, occultando 3 maglie polo del valore di 60 euro\u00a0 all\u2019interno di una borsa. Grazie alle informazioni fornite dal personale dell\u2019esercizio commerciale i poliziotti rinvenivano, all\u2019interno di un camerino, quanto rimosso dagli indumenti dalla donna consentendole di oltrepassare il sistema antitaccheggio senza farlo scattare. La signora, accompagnata presso la locale Questura per gli ulteriori accertamenti di rito, \u00e8 stata denunciata per furto aggravato.<\/p>\n<p>&nbsp;<\/p>\n<p>&nbsp;<\/p>\n<hr \/>\n<p>&nbsp;<\/p>\n<blockquote>\n<h3>UN&#8217;ALTRA LEGGERA SCOSSA DI TERREMOTO A CLAUT<\/h3>\n<\/blockquote>\n<p>&nbsp;<\/p>\n<p><strong>PORDENONE<\/strong> La zona \u00e8 la stessa dove la terra ha tremato martedi\u00a0 con una potenza ben diversa visto che la scossa di ieri\u00a0 alle 15.33 di 1,4 gradi di magnitudo \u00e8 molto inferiore alla precedente (3,7) ma in linea con le cinque successive. La zona \u00e8 sempre al confine con la provincia di Belluno.<\/p>\n<p><a class=\"dt-pswp-item\" href=\"https:\/\/www.radiopiu.net\/wordpress\/wp-content\/uploads\/2020\/07\/cdb4c6aa-2af6-4a27-b72e-0117d58b43aa.jpg\" data-dt-img-description=\"\" data-large_image_width=\"709\" data-large_image_height=\"657\"><img loading=\"lazy\" decoding=\"async\" class=\"alignnone size-medium wp-image-149589\" src=\"https:\/\/www.radiopiu.net\/wordpress\/wp-content\/uploads\/2020\/07\/cdb4c6aa-2af6-4a27-b72e-0117d58b43aa-300x278.jpg\" alt=\"\" width=\"300\" height=\"278\" srcset=\"https:\/\/www.radiopiu.net\/wordpress\/wp-content\/uploads\/2020\/07\/cdb4c6aa-2af6-4a27-b72e-0117d58b43aa-300x278.jpg 300w, https:\/\/www.radiopiu.net\/wordpress\/wp-content\/uploads\/2020\/07\/cdb4c6aa-2af6-4a27-b72e-0117d58b43aa.jpg 709w\" sizes=\"auto, (max-width: 300px) 100vw, 300px\" \/><\/a><a class=\"dt-pswp-item\" href=\"https:\/\/www.radiopiu.net\/wordpress\/wp-content\/uploads\/2020\/07\/5a0af745-8a39-426f-a1b6-7e0ff3a84676.jpg\" data-dt-img-description=\"\" data-large_image_width=\"1080\" data-large_image_height=\"1920\"><img loading=\"lazy\" decoding=\"async\" class=\"alignnone wp-image-149590\" src=\"https:\/\/www.radiopiu.net\/wordpress\/wp-content\/uploads\/2020\/07\/5a0af745-8a39-426f-a1b6-7e0ff3a84676-169x300.jpg\" alt=\"\" width=\"158\" height=\"281\" srcset=\"https:\/\/www.radiopiu.net\/wordpress\/wp-content\/uploads\/2020\/07\/5a0af745-8a39-426f-a1b6-7e0ff3a84676-169x300.jpg 169w, https:\/\/www.radiopiu.net\/wordpress\/wp-content\/uploads\/2020\/07\/5a0af745-8a39-426f-a1b6-7e0ff3a84676-576x1024.jpg 576w, https:\/\/www.radiopiu.net\/wordpress\/wp-content\/uploads\/2020\/07\/5a0af745-8a39-426f-a1b6-7e0ff3a84676-768x1365.jpg 768w, https:\/\/www.radiopiu.net\/wordpress\/wp-content\/uploads\/2020\/07\/5a0af745-8a39-426f-a1b6-7e0ff3a84676-864x1536.jpg 864w, https:\/\/www.radiopiu.net\/wordpress\/wp-content\/uploads\/2020\/07\/5a0af745-8a39-426f-a1b6-7e0ff3a84676.jpg 1080w\" sizes=\"auto, (max-width: 158px) 100vw, 158px\" \/><\/a><\/p>\n<p>&nbsp;<\/p>\n<p>&nbsp;<\/p>\n<hr \/>\n<blockquote>\n<h3>COLORAZIONE ANOMALA DEL TORRENTE ARDO A BELLUNO<\/h3>\n<\/blockquote>\n<p><a class=\"dt-pswp-item\" href=\"https:\/\/www.radiopiu.net\/wordpress\/wp-content\/uploads\/2020\/07\/8cb7c880-738c-4cb1-bdfa-bbb5016309b7.jpg\" data-dt-img-description=\"\" data-large_image_width=\"300\" data-large_image_height=\"400\"><img loading=\"lazy\" decoding=\"async\" class=\"wp-image-149599 alignleft\" src=\"https:\/\/www.radiopiu.net\/wordpress\/wp-content\/uploads\/2020\/07\/8cb7c880-738c-4cb1-bdfa-bbb5016309b7-225x300.jpg\" alt=\"\" width=\"85\" height=\"114\" srcset=\"https:\/\/www.radiopiu.net\/wordpress\/wp-content\/uploads\/2020\/07\/8cb7c880-738c-4cb1-bdfa-bbb5016309b7-225x300.jpg 225w, https:\/\/www.radiopiu.net\/wordpress\/wp-content\/uploads\/2020\/07\/8cb7c880-738c-4cb1-bdfa-bbb5016309b7.jpg 300w\" sizes=\"auto, (max-width: 85px) 100vw, 85px\" \/><\/a>Nel tratto del torrente Ardo che attraversa Belluno, i tecnici del Dipartimento Arpav hanno accertato la presenza di alghe prevalentemente delle classi Diatomeae e Chysophyceae, responsabili della colorazione scura in alveo.\u00a0Si tratta di un fenomeno naturale, legato alla temperatura e al normale ciclo biologico, osservato anche in passato nella stessa zona. Non c&#8217;\u00e8 correlazione tra questo evento e la perdita di gasolio avvenuta nei giorni scorsi per la quale stanno proseguendo le operazioni di messa in sicurezza.<\/p>\n<p>&nbsp;<\/p>\n<hr \/>\n<p>&nbsp;<\/p>\n<p>&nbsp;<\/p>\n<blockquote>\n<h3>IL CONSIGLIO COMUNALE DI FALCADE, LA REGISTRAZIONE: BILANCI, LAVORI E USI CIVICI<\/h3>\n<\/blockquote>\n<h3>IL SERVIZIO, DI GIANNI SANTOMASO<\/h3>\n<audio class=\"wp-audio-shortcode\" id=\"audio-149468-3\" preload=\"none\" style=\"width: 100%;\" controls=\"controls\"><source type=\"audio\/mpeg\" src=\"https:\/\/www.radiopiu.net\/wordpress\/wp-content\/uploads\/2020\/07\/GIANNI-CONSIGLIO-FALCADE.mp3?_=3\" \/><a href=\"https:\/\/www.radiopiu.net\/wordpress\/wp-content\/uploads\/2020\/07\/GIANNI-CONSIGLIO-FALCADE.mp3\">https:\/\/www.radiopiu.net\/wordpress\/wp-content\/uploads\/2020\/07\/GIANNI-CONSIGLIO-FALCADE.mp3<\/a><\/audio>\n<p>&nbsp;<\/p>\n<h3><a class=\"dt-pswp-item\" href=\"https:\/\/www.radiopiu.net\/wordpress\/wp-content\/uploads\/2020\/07\/d6be3896-2420-4c03-b0ab-617e158fc8ae.jpg\" data-dt-img-description=\"\" data-large_image_width=\"1984\" data-large_image_height=\"1120\"><img loading=\"lazy\" decoding=\"async\" class=\"size-medium wp-image-149570 alignleft\" src=\"https:\/\/www.radiopiu.net\/wordpress\/wp-content\/uploads\/2020\/07\/d6be3896-2420-4c03-b0ab-617e158fc8ae-300x169.jpg\" alt=\"\" width=\"300\" height=\"169\" srcset=\"https:\/\/www.radiopiu.net\/wordpress\/wp-content\/uploads\/2020\/07\/d6be3896-2420-4c03-b0ab-617e158fc8ae-300x169.jpg 300w, https:\/\/www.radiopiu.net\/wordpress\/wp-content\/uploads\/2020\/07\/d6be3896-2420-4c03-b0ab-617e158fc8ae-1024x578.jpg 1024w, https:\/\/www.radiopiu.net\/wordpress\/wp-content\/uploads\/2020\/07\/d6be3896-2420-4c03-b0ab-617e158fc8ae-768x434.jpg 768w, https:\/\/www.radiopiu.net\/wordpress\/wp-content\/uploads\/2020\/07\/d6be3896-2420-4c03-b0ab-617e158fc8ae-1536x867.jpg 1536w, https:\/\/www.radiopiu.net\/wordpress\/wp-content\/uploads\/2020\/07\/d6be3896-2420-4c03-b0ab-617e158fc8ae.jpg 1984w\" sizes=\"auto, (max-width: 300px) 100vw, 300px\" \/><\/a>FALCADE REGISTRAZIONE DEL CONSIGLIO COMUNALE DEL 14 LUGLIO 2020<\/h3>\n<p>Un ordine del giorno con 17 punti in discussione, ma 10 sono rifrieti alla conciliazione stragiudiziale tra il Comune di Falcade e diversi cittadini in riferimento a particelle di terreni (Uso civico). Nel consiglio anche le variazioni al bilancio, l\u2019approvazione delle aliquote Imu e relativo regolamento, il programma dei lavori pubblici per il triennio (ed elenco annuale) e approvazione del bilancio di esercizio Asca.<\/p>\n<p>&nbsp;<\/p>\n<p><strong>PRIMA PARTE<\/strong><\/p>\n<audio class=\"wp-audio-shortcode\" id=\"audio-149468-4\" preload=\"none\" style=\"width: 100%;\" controls=\"controls\"><source type=\"audio\/mpeg\" src=\"https:\/\/www.radiopiu.net\/wordpress\/wp-content\/uploads\/2020\/07\/CONSIGLIO-PRIMA-PARTE.mp3?_=4\" \/><a href=\"https:\/\/www.radiopiu.net\/wordpress\/wp-content\/uploads\/2020\/07\/CONSIGLIO-PRIMA-PARTE.mp3\">https:\/\/www.radiopiu.net\/wordpress\/wp-content\/uploads\/2020\/07\/CONSIGLIO-PRIMA-PARTE.mp3<\/a><\/audio>\n<p>&nbsp;<\/p>\n<p><strong>SECONDA PARTE<\/strong><\/p>\n<audio class=\"wp-audio-shortcode\" id=\"audio-149468-5\" preload=\"none\" style=\"width: 100%;\" controls=\"controls\"><source type=\"audio\/mpeg\" src=\"https:\/\/www.radiopiu.net\/wordpress\/wp-content\/uploads\/2020\/07\/CONSIGLIO-SECONDA-PARTE.mp3?_=5\" \/><a href=\"https:\/\/www.radiopiu.net\/wordpress\/wp-content\/uploads\/2020\/07\/CONSIGLIO-SECONDA-PARTE.mp3\">https:\/\/www.radiopiu.net\/wordpress\/wp-content\/uploads\/2020\/07\/CONSIGLIO-SECONDA-PARTE.mp3<\/a><\/audio>\n<p>&nbsp;<\/p>\n<hr \/>\n<p>&nbsp;<\/p>\n<p>&nbsp;<\/p>\n<blockquote>\n<h3>GIACOMO D&#8217;ANCONA LASCIA L&#8217;AGORDINO E L&#8217;UNIONE MONTANA PERDE IL SEGRETARIO &#8220;VOLONTARIO PER MISSIONE&#8221;<\/h3>\n<\/blockquote>\n<p><strong><a class=\"dt-pswp-item\" href=\"https:\/\/www.radiopiu.net\/wordpress\/wp-content\/uploads\/2020\/07\/8852fa75-4c67-46c3-8bd9-f7f4c2f26b6c.jpg\" data-dt-img-description=\"\" data-large_image_width=\"1984\" data-large_image_height=\"1120\"><img loading=\"lazy\" decoding=\"async\" class=\"size-medium wp-image-149569 alignleft\" src=\"https:\/\/www.radiopiu.net\/wordpress\/wp-content\/uploads\/2020\/07\/8852fa75-4c67-46c3-8bd9-f7f4c2f26b6c-300x169.jpg\" alt=\"\" width=\"300\" height=\"169\" srcset=\"https:\/\/www.radiopiu.net\/wordpress\/wp-content\/uploads\/2020\/07\/8852fa75-4c67-46c3-8bd9-f7f4c2f26b6c-300x169.jpg 300w, https:\/\/www.radiopiu.net\/wordpress\/wp-content\/uploads\/2020\/07\/8852fa75-4c67-46c3-8bd9-f7f4c2f26b6c-1024x578.jpg 1024w, https:\/\/www.radiopiu.net\/wordpress\/wp-content\/uploads\/2020\/07\/8852fa75-4c67-46c3-8bd9-f7f4c2f26b6c-768x434.jpg 768w, https:\/\/www.radiopiu.net\/wordpress\/wp-content\/uploads\/2020\/07\/8852fa75-4c67-46c3-8bd9-f7f4c2f26b6c-1536x867.jpg 1536w, https:\/\/www.radiopiu.net\/wordpress\/wp-content\/uploads\/2020\/07\/8852fa75-4c67-46c3-8bd9-f7f4c2f26b6c.jpg 1984w\" sizes=\"auto, (max-width: 300px) 100vw, 300px\" \/><\/a>FALCADE<\/strong> Quello di Giacomo \u00e8 un volto noto nei consigli comunali, ma anche in Unione Montana Agordina. A Palazzo Bianco ha prestato la sua professionalit\u00e0 accettando l&#8217;incarico e la sfida lavorando sempre con passione pur senza compenso, perch\u00e9 per D&#8217;Ancona il volontariato \u00e8 uno dei valori fondanti dell&#8217;Agordino. Al termine del consiglio comunale di Falcade marted\u00ec sera la comunicazione che prender\u00e0 servizio a Cortina. <em>&#8220;Una scelta maturata in base ad una proposta arrivata dal sindaco Gianpietro Ghedina, ho riflettuto e ho accettato la sfida&#8221;<\/em>. Nell&#8217;Agordino dopo 8 anni\u00a0 il segretario lascia un gran bel ricordo, noi possiamo solo augurare buon lavoro per il nuovo incarico e lo vogliamo salutare e ringraziare per il suo impegno\u00a0 con questa intervista realizzata da Gianni Santomaso.<\/p>\n<p><strong>AUDIO<\/strong><\/p>\n<audio class=\"wp-audio-shortcode\" id=\"audio-149468-6\" preload=\"none\" style=\"width: 100%;\" controls=\"controls\"><source type=\"audio\/mpeg\" src=\"https:\/\/www.radiopiu.net\/wordpress\/wp-content\/uploads\/2020\/07\/GIACOMO-DANCONA.mp3?_=6\" \/><a href=\"https:\/\/www.radiopiu.net\/wordpress\/wp-content\/uploads\/2020\/07\/GIACOMO-DANCONA.mp3\">https:\/\/www.radiopiu.net\/wordpress\/wp-content\/uploads\/2020\/07\/GIACOMO-DANCONA.mp3<\/a><\/audio>\n<hr \/>\n<p>&nbsp;<\/p>\n<blockquote>\n<h3>IERI SERA IL CONSIGLIO COMUNALE DI TAIBON, LA DIRETTA FACEBOOK DI RADIO PIU<\/h3>\n<\/blockquote>\n<p>https:\/\/www.facebook.com\/Mirkomezziano\/videos\/2722506708032098\/<\/p>\n<p>&nbsp;<\/p>\n<p>&nbsp;<\/p>\n<hr \/>\n<div class=\"page-title title-left solid-bg breadcrumbs-mobile-off page-title-responsive-enabled\">\n<div class=\"wf-wrap\">\n<div class=\"page-title-head hgroup\">\n<blockquote>\n<h3 class=\"entry-title\">NELLE ULTIME 24 ORE 4 DECESSI E 13 POSITIVI IN PIU\u2019 NEL VENETO. 67 PERSONE SI AGGIUNGONO IN ISOLAMENTO DOMICILIARE. A BELLUNO UN PAZIENTE DIMESSO E 2 POSITIVI IN MENO. 11 PERSONE IN PIU\u2019 IN ISOLAMENTO DOMICILIARE<\/h3>\n<\/blockquote>\n<\/div>\n<div class=\"page-title-breadcrumbs\"><\/div>\n<\/div>\n<\/div>\n<div class=\"google-auto-placed\"><strong>di Mirko Mezzacasa<\/strong><\/div>\n<div class=\"google-auto-placed\">Quattro morti in 24 ore tre a Verona e uno a Padova dove i contagiati sono 82 sul totale di 440 in Veneto, 1489 le persone in isolamento, le due province pi\u00f9 interessate sono Verona e Treviso. Proprio a Padova il 4 luglio c&#8217;\u00e8 stata una funzione funebre della comunit\u00e0 camerunense con 200 persone e tanto di banchetto, sono gi\u00e0 8 le persone positive\u00a0 costrette all&#8217;isolamento ma molti tamponi s&#8217;hanno ancora da fare. Sono 13 i nuovi casi di contagio tra questi anche un 17enne. Sono 6 i contagi negli ultimi giorni in Veneto nella fascia di et\u00e0 dei pi\u00f9 giovani, un campanello d&#8217;allarme perch\u00e9 sembrava che i pi\u00f9 piccoli fossero esenti dal contagio da covid19. I casi: due bambini di 5 e 9 anni di Kosovo, uno di 3 anni del Camerun, una di 7 anni del vicentino, due sorelle di Jesolo di 3 e 6 anni. Dopo la positivit\u00e0 di una bimba nel vicentino sbarrate le porte del centro estivo. Il pediatra assicura che i bambini non si ammalano gravemente. A Belluno un&#8217;anziana della casa di riposo di Mel dopo 17 tamponi risulta sempre positiva ma \u00e8 sempre stata asintomatica. Anche gli operatori delle Rsa andranno in ferie, ma saranno tenuti sotto controllo e al loro rientro da qualsiasi destinazione dovranno sottoporsi a tampone. In provincia una buona notizia, i due dipendenti di una ditta bellunese sono tornati &#8220;liberi&#8221; dopo che il tampone ha garantito che non sono pi\u00f9 positivi. Attualmente sono 200 i bellunesi in isolamento, 18 gli attualmente positivi (numero in decrescita) scendono a 3 i ricoveri al San Martino.<\/div>\n<div><\/div>\n<div id=\"main\" class=\"sidebar-right sidebar-divider-vertical\">\n<div class=\"wf-wrap\">\n<div class=\"wf-container-main\">\n<div id=\"content\" class=\"content\" role=\"main\">\n<article id=\"post-149633\" class=\"post-149633 post type-post status-publish format-standard has-post-thumbnail category-news-18 category-49 description-off\">\n<div class=\"entry-content\">\n<h3>13 INFETTI NELLE ULTIME 24 ORE: \u00a02 persone nate in Albania di 65 e 67 anni (VR) \u2013 1 uomo di 62 anni italiano (PD) \u2013 1 donna di 29 anni nata in Camerun (PD) \u2013 1 uomo di 53 anni italiano (TV) \u2013 1 donna di 95 anni italiana in casa di riposo (TV) \u2013 1 donna di 70 anni (non sono disponibili altre info), una donna italiana di 42 anni, nata in Slovenia, PD, un uomo italiano di 73 anni, PD, un uomo di 17 anni (in approfondimento), un uomo nigeriano di 55 anni, PD, una donna italiana di 62 anni, RO, un uomo italiano di 70 anni<\/h3>\n<p><strong>I NUMERI\u00a0 IN VENETO:<\/strong>\u00a0TOTALE POSITIVI 19447 (+13)\u00a0 ATTUALMENTE POSITIVI\u00a0 440 (+1)\u00a0 DECESSI 2047 (+4) NEGATIVIZZATI 16960 (+8) IN ISOLAMENTO 1489 (+67)\u00a0 RICOVERATI\u00a0 126 (-1 \u2013 29 POSITIVI, 97 NEGATIVIZZATI), NEGLI OSPEDALI DI COMUNITA\u2019 RICOVERATI 17 (0, 0 POSITIVI,\u00a0 17 NEGATIVIZZATI), IN TERAPIA INTENSIVA 9 (2 POSITIVI, \u00a07 NEGATIVIZZATI). DIMESSI 3682 (+6)<\/p>\n<p><strong>IN NUMERI IN PROVINCIA:<\/strong>\u00a0TOTALE CONTAGI 1200 (0) , ATTUALMENTE POSITIVI 18 (-2) , DECEDUTI 113 (0), NEGATIVIZZATI 1069 (+2) ISOLAMENTO DOMICILIARE 200 (+11) RICOVERATI IN OSPEDALE AL SAN MARTINO 3 (-1)<\/p>\n<\/div>\n<\/article>\n<\/div>\n<\/div>\n<\/div>\n<\/div>\n<p>&nbsp;<\/p>\n<p>&nbsp;<\/p>\n<p>&nbsp;<\/p>\n<hr \/>\n<p>&nbsp;<\/p>\n<blockquote class=\"wp-embedded-content\" data-secret=\"oupZdJj3L6\"><p><a href=\"https:\/\/www.radiopiu.net\/wordpress\/coronavirus-aggiornamento-nazionale-15-luglio\/\">CORONAVIRUS: AGGIORNAMENTO NAZIONALE 15 LUGLIO<\/a><\/p><\/blockquote>\n<p><iframe loading=\"lazy\" class=\"wp-embedded-content\" sandbox=\"allow-scripts\" security=\"restricted\" style=\"position: absolute; clip: rect(1px, 1px, 1px, 1px);\" title=\"&#8220;CORONAVIRUS: AGGIORNAMENTO NAZIONALE 15 LUGLIO&#8221; &#8212; Radio Pi\u00f9\" src=\"https:\/\/www.radiopiu.net\/wordpress\/coronavirus-aggiornamento-nazionale-15-luglio\/embed\/#?secret=oupZdJj3L6\" data-secret=\"oupZdJj3L6\" width=\"600\" height=\"338\" frameborder=\"0\" marginwidth=\"0\" marginheight=\"0\" scrolling=\"no\"><\/iframe><\/p>\n<p>&nbsp;<\/p>\n<hr \/>\n<p>&nbsp;<\/p>\n<blockquote class=\"wp-embedded-content\" data-secret=\"3jkELKk3Kr\"><p><a href=\"https:\/\/www.radiopiu.net\/wordpress\/nelle-ultime-24-ore-4-decessi-e-13-positivi-in-piu-nel-veneto-67-persone-si-aggiungono-in-isolamento-domiciliare-a-belluno-un-paziente-dimesso-e-2-positivi-in-meno-11-persone-in-piu-in-isolamen\/\">NELLE ULTIME 24 ORE 4 DECESSI E 13 POSITIVI IN PIU&#8217; NEL VENETO. 67 PERSONE SI AGGIUNGONO IN ISOLAMENTO DOMICILIARE. A BELLUNO UN PAZIENTE DIMESSO E 2 POSITIVI IN MENO. 11 PERSONE IN PIU&#8217; IN ISOLAMENTO DOMICILIARE<\/a><\/p><\/blockquote>\n<p><iframe loading=\"lazy\" class=\"wp-embedded-content\" sandbox=\"allow-scripts\" security=\"restricted\" style=\"position: absolute; clip: rect(1px, 1px, 1px, 1px);\" title=\"&#8220;NELLE ULTIME 24 ORE 4 DECESSI E 13 POSITIVI IN PIU&#8217; NEL VENETO. 67 PERSONE SI AGGIUNGONO IN ISOLAMENTO DOMICILIARE. A BELLUNO UN PAZIENTE DIMESSO E 2 POSITIVI IN MENO. 11 PERSONE IN PIU&#8217; IN ISOLAMENTO DOMICILIARE&#8221; &#8212; Radio Pi\u00f9\" src=\"https:\/\/www.radiopiu.net\/wordpress\/nelle-ultime-24-ore-4-decessi-e-13-positivi-in-piu-nel-veneto-67-persone-si-aggiungono-in-isolamento-domiciliare-a-belluno-un-paziente-dimesso-e-2-positivi-in-meno-11-persone-in-piu-in-isolamen\/embed\/#?secret=3jkELKk3Kr\" data-secret=\"3jkELKk3Kr\" width=\"600\" height=\"338\" frameborder=\"0\" marginwidth=\"0\" marginheight=\"0\" scrolling=\"no\"><\/iframe><\/p>\n<p>&nbsp;<\/p>\n<p><a class=\"dt-pswp-item\" href=\"https:\/\/www.radiopiu.net\/wordpress\/wp-content\/uploads\/2020\/07\/feacfbd0-e837-4206-9700-71217f6c244a.jpg\" data-dt-img-description=\"\" data-large_image_width=\"1354\" data-large_image_height=\"908\"><img loading=\"lazy\" decoding=\"async\" class=\"aligncenter wp-image-149640 size-large\" src=\"https:\/\/www.radiopiu.net\/wordpress\/wp-content\/uploads\/2020\/07\/feacfbd0-e837-4206-9700-71217f6c244a-1024x687.jpg\" alt=\"\" width=\"1024\" height=\"687\" srcset=\"https:\/\/www.radiopiu.net\/wordpress\/wp-content\/uploads\/2020\/07\/feacfbd0-e837-4206-9700-71217f6c244a-1024x687.jpg 1024w, https:\/\/www.radiopiu.net\/wordpress\/wp-content\/uploads\/2020\/07\/feacfbd0-e837-4206-9700-71217f6c244a-300x201.jpg 300w, https:\/\/www.radiopiu.net\/wordpress\/wp-content\/uploads\/2020\/07\/feacfbd0-e837-4206-9700-71217f6c244a-768x515.jpg 768w, https:\/\/www.radiopiu.net\/wordpress\/wp-content\/uploads\/2020\/07\/feacfbd0-e837-4206-9700-71217f6c244a.jpg 1354w\" sizes=\"auto, (max-width: 1024px) 100vw, 1024px\" \/><\/a><\/p>\n<p>&nbsp;<\/p>\n<hr \/>\n<p>&nbsp;<\/p>\n<blockquote>\n<h3>EMERGENZA COVID 19: AGGIORNAMENTO ULSS 1 DOLOMITI 15 LUGLIO 2020<\/h3>\n<\/blockquote>\n<p><b><a class=\"dt-pswp-item\" href=\"https:\/\/www.radiopiu.net\/wordpress\/wp-content\/uploads\/2020\/03\/covid-ulss.jpg\" data-dt-img-description=\"\" data-large_image_width=\"800\" data-large_image_height=\"600\"><img loading=\"lazy\" decoding=\"async\" class=\" wp-image-121260 alignleft\" src=\"https:\/\/www.radiopiu.net\/wordpress\/wp-content\/uploads\/2020\/03\/covid-ulss-300x225.jpg\" alt=\"\" width=\"179\" height=\"134\" srcset=\"https:\/\/www.radiopiu.net\/wordpress\/wp-content\/uploads\/2020\/03\/covid-ulss-300x225.jpg 300w, https:\/\/www.radiopiu.net\/wordpress\/wp-content\/uploads\/2020\/03\/covid-ulss-768x576.jpg 768w, https:\/\/www.radiopiu.net\/wordpress\/wp-content\/uploads\/2020\/03\/covid-ulss.jpg 800w\" sizes=\"auto, (max-width: 179px) 100vw, 179px\" \/><\/a>BELLUNO\u00a0<\/b>Le ultime 24 ore non presentano nuove positivit\u00e0.\u00a0Particolare rilievo assume, nell\u2019ambito dell\u2019ordinaria attivit\u00e0 di sorveglianza sui pochi casi Covid positivi presenti in provincia, e sui soggetti in quarantena per motivi vari, la confermata negativit\u00e0 del tampone dei due operatori di un\u2019azienda del territorio con sospetto di positivit\u00e0 evidenziato nell\u2019ambito di ordinari controlli lavorativi. Per essi si \u00e8 quindi concluso l\u2019isolamento domiciliare. I 14 loro contatti monitorati fino ad oggi e sottoposti a tampone di controllo sono risultati negativi con conseguente disattivazione della quarantena.<\/p>\n<p>&nbsp;<\/p>\n<p>&nbsp;<\/p>\n<hr \/>\n<p>&nbsp;<\/p>\n<blockquote>\n<h3>\u2018NDRANGHETA. MAXI OPERAZIONE IN VENETO \u201cGIORNATA RADIOSA PER LA LEGALITA\u2019.<\/h3>\n<\/blockquote>\n<p><strong>VENEZIA\u00a0<\/strong> \u00a0\u201cEsprimo la gratitudine di tutti i veneti per bene alla DDA di Venezia, al Procuratore della Repubblica Bruno Cherchi, al Comandante del Ros Pasquale Angelosanto e a tutti i suoi uomini per averci regalato una giornata radiosa nella lotta quotidiana alla criminalit\u00e0 organizzata che cerca spietatamente di infiltrarsi nella nostra regione\u201d. Con queste parole, il Presidente della Regione del Veneto, Luca Zaia, si complimenta con inquirenti e Carabinieri per la maxi operazione contro la \u2018Ndrangheta che ha portato all\u2019emissione di 33 ordini di custodia e a indagare oltre 100 persone, accusati di reati gravissimi come associazione di tipo mafioso, traffico di stupefacenti, estorsione, rapina, usura, ricettazione, riciclaggio, turbata libert\u00e0 degli incanti, furto aggravato, favoreggiamento, violazione delle leggi sulle armi, con le aggravanti mafiose.<\/p>\n<p>&nbsp;<\/p>\n<hr \/>\n<p>&nbsp;<\/p>\n<blockquote>\n<h3>ANCORA RITARDI NELLA CONSEGNA DELLA POSTA, L&#8217;ENNESIMO DISAGIO IN MONTAGNA<\/h3>\n<\/blockquote>\n<p><strong>VOLTAGO<\/strong> Riceviamo e volentieri pubblichiamo la lettera inviata da Carlo Della Lucia di Frassen\u00e9 Agordino, abbonato da tempo al settimanale l&#8217;Amico del Popolo e che ancora una volta, purtroppo, \u00e8 stato costretto a leggere il giornale con ritardo.<\/p>\n<blockquote><p><em><img loading=\"lazy\" decoding=\"async\" class=\"alignleft\" src=\"https:\/\/www.radiopiu.net\/wordpress\/wp-content\/uploads\/2020\/05\/POSTE-ITALIANE.png\" width=\"213\" height=\"43\" \/>&#8220;La copia dell&#8217;Amico n. 28 del 9 luglio mi \u00e8 stata recapitata da Poste Italiane ieri marted\u00ec 14 alle ore 14:35. Ormai sembra una prassi consolidata. Visto che ho &#8220;la penna&#8221; in mano, voglio ricordare che l&#8217;ufficio di Frassen\u00e9\u00a0 \u00e8 stato chiuso ad inizio novembre 2012 da Poste Italiane ed \u00e8 stato l&#8217;ultimo ufficio della provincia ad essere stato chiuso. E&#8217; chiaro che \u00e8 un disservizio che ulteriormente si ripercuote sulla vivibilit\u00e0 in montagna. Voglio anche ricordare che all&#8217;epoca avevamo protestato vivacemente ma nessuno, a parte le chiacchiere, ha mosso un dito, neanche l&#8217;Amministrazione Comunale di Voltago Agordino. Personalmente\u00a0 ho eliminato tutti i rapporti con Poste Italiane per\u00f2 alle volte dobbiamo per forza confrontarci con gli uffici come ad esempio affrontare il calvario di recarci alla posta di Voltago per ritirare una raccomandata. E spesso e volentieri gli avvisi di giacenza delle raccomandate vengono<\/em><br \/>\n<em>imbucati. Il mio non \u00e8 uno sfogo in quanto avrei ben altro da dire ma solo una segnalazione che peraltro immagino chiss\u00e0 quante ne riceverete di questo tenore. Ritengo che una delle cose primarie che una nuova Amministrazione comunale (se ci sar\u00e0) dovr\u00e0 fare \u00e8 impegnarsi a far riaprire l&#8217;ufficio Postale di Frassen\u00e8 Agordino&#8221;.<\/em><\/p><\/blockquote>\n<p><strong>RIVAMONTE<\/strong> Ed ecco un&#8217;altra segnalazione, di Giuliano Laveder consigliere comunale di Rivamonte. Fa notare che sul sito ufficiale di Poste Italiane vengono riportati gli orari errati di apertura dell&#8217;ufficio postale arrecando notevoli disagi all&#8217;utenza. Infatti, l&#8217;ufficio \u00e8 aperto il martedi, giovedi, venerdi e sabato dalle 8.30 alle 14, \u00e8 chiuso il lunedi, mercoledi e nei giorni festivi. Invece sul sito viene data l&#8217;apertura il lunedi, martedi, giovedi dalle 11 alle 14, il mercoled\u00ec dalle 8.30 alle 14. Dati errati che creano solo confusione e malumore.<\/p>\n<p>&nbsp;<\/p>\n<hr \/>\n<p>&nbsp;<\/p>\n<blockquote>\n<h3>\u00abCONSTRUCTIVE ALPS\u00bb: NOMINATE LE COSTRUZIONI SOSTENIBILI NELLE ALPI CANDIDATE PER IL PREMIO, IN CORSA ANCHE IL PALALUXOTTICA<\/h3>\n<\/blockquote>\n<p><strong><a class=\"dt-pswp-item\" href=\"https:\/\/www.radiopiu.net\/wordpress\/wp-content\/uploads\/2020\/07\/PALALUXOTTICA-1.jpg\" data-dt-img-description=\"\" data-large_image_width=\"1280\" data-large_image_height=\"853\"><img loading=\"lazy\" decoding=\"async\" class=\"size-medium wp-image-149649 alignleft\" src=\"https:\/\/www.radiopiu.net\/wordpress\/wp-content\/uploads\/2020\/07\/PALALUXOTTICA-1-300x200.jpg\" alt=\"\" width=\"300\" height=\"200\" srcset=\"https:\/\/www.radiopiu.net\/wordpress\/wp-content\/uploads\/2020\/07\/PALALUXOTTICA-1-300x200.jpg 300w, https:\/\/www.radiopiu.net\/wordpress\/wp-content\/uploads\/2020\/07\/PALALUXOTTICA-1-1024x682.jpg 1024w, https:\/\/www.radiopiu.net\/wordpress\/wp-content\/uploads\/2020\/07\/PALALUXOTTICA-1-768x512.jpg 768w, https:\/\/www.radiopiu.net\/wordpress\/wp-content\/uploads\/2020\/07\/PALALUXOTTICA-1.jpg 1280w\" sizes=\"auto, (max-width: 300px) 100vw, 300px\" \/><\/a>SVIZZERA<\/strong>\u00a0La Svizzera e il Principato del Liechtenstein hanno indetto per la quinta volta il concorso internazionale di architettura \u00abConstructive Alps\u00bb. In occasione della sua prima riunione, la giuria internazionale ha scelto tra pi\u00f9 di 300 partecipanti i 28 progetti che meglio hanno saputo mettere in opera nelle Alpi una ristrutturazione o una costruzione esemplare e rispettosa del clima. Nel 2020, \u00abConstructive Alps\u00bb premia per la quinta volta le ristrutturazioni e le nuove costruzioni nelle Alpi che meglio sanno valorizzare il connubio cultura edilizia e rispetto del clima. Con il premio internazionale di architettura, i Paesi alpini riuniti nella Convenzione delle Alpi (Francia, Germania, Austria, Slovenia, Liechtenstein, Italia, Principato di Monaco e Svizzera) contribuiscono ad attuare gli obiettivi in materia di politica climatica della Convenzione. In quattro videoconferenze nell&#8217;arco di tre giorni, gli otto membri della giuria hanno selezionato 28 edifici tra le 328 costruzioni partecipanti. Oltre a edifici residenziali e a costruzioni commerciali, tra i progetti nominati figurano anche strutture ricettive di montagna, una cappella, asili nido e centri culturali \u2013 undici ristrutturazioni, una nuova costruzione sostitutiva e sedici nuovi edifici. Il presidente della giuria K\u00f6bi Gantenbein ha espresso la sua soddisfazione: \u00abLa giuria ha apprezzato molto le 28 perle architettoniche che hanno saputo tradurre la fiducia sociale ed economica per lo spazio rurale in un&#8217;architettura caparbia e rispettosa del clima.\u00bb <a class=\"dt-pswp-item\" href=\"https:\/\/www.radiopiu.net\/wordpress\/wp-content\/uploads\/2020\/07\/PALALUXOTTICA-2.jpg\" data-dt-img-description=\"\" data-large_image_width=\"1280\" data-large_image_height=\"960\"><img loading=\"lazy\" decoding=\"async\" class=\"size-medium wp-image-149650 alignright\" src=\"https:\/\/www.radiopiu.net\/wordpress\/wp-content\/uploads\/2020\/07\/PALALUXOTTICA-2-300x225.jpg\" alt=\"\" width=\"300\" height=\"225\" srcset=\"https:\/\/www.radiopiu.net\/wordpress\/wp-content\/uploads\/2020\/07\/PALALUXOTTICA-2-300x225.jpg 300w, https:\/\/www.radiopiu.net\/wordpress\/wp-content\/uploads\/2020\/07\/PALALUXOTTICA-2-1024x768.jpg 1024w, https:\/\/www.radiopiu.net\/wordpress\/wp-content\/uploads\/2020\/07\/PALALUXOTTICA-2-768x576.jpg 768w, https:\/\/www.radiopiu.net\/wordpress\/wp-content\/uploads\/2020\/07\/PALALUXOTTICA-2.jpg 1280w\" sizes=\"auto, (max-width: 300px) 100vw, 300px\" \/><\/a>Quasi un terzo dei progetti proviene dalla Svizzera Nove progetti svizzeri sono riusciti a rientrare nella selezione finale: tra questi, il centro agricolo di Salez nella Valle del Reno, la Casa Mosogno nel Comune ticinese di Onsernone, la struttura ricettiva glaronese Ortstockhaus e la struttura residenziale a carattere comunitario St. Ursula a Briga. La giuria visiter\u00e0 i 28 edifici situati tra la Slovenia e la Francia e condurr\u00e0 dei colloqui con i committenti, gli studi di architettura e gli utenti delle strutture. Nella valutazione, oltre al rispetto climatico degli edifici\u00a0misurato con indicatori energetici ed energia grigia per la costruzione, la giuria ha dato particolare importanza al contributo del progetto a favore di una vita e di un&#8217;economia nelle Alpi orientate al futuro. Il prossimo 6 novembre, presso il Museo alpino svizzero a Berna, con l&#8217;inaugurazione della mostra e la presentazione del catalogo verranno consegnati i tre premi in denaro ai progetti vincitori. Infine, come consuetudine, i progetti saranno oggetto di una mostra itinerante sulle costruzioni sostenibili nelle Alpi che far\u00e0 varie tappe da Lubiana a Nizza.<\/p>\n<p><em><strong>IN CORSA PER IL PREMIO ANCHE IL PALALUXOTTICA DI AGORDO<\/strong><\/em><\/p>\n<p>Al seguente link la pagina per la votazione del progetto (scadenza il 28 agosto 2020): <a href=\"http:\/\/www.constructivealps.net\/it\/congress-and-exhibition-centre\/\">http:\/\/www.constructivealps.net\/it\/congress-and-exhibition-centre\/<\/a><\/p>\n<p>&nbsp;<\/p>\n<hr \/>\n<p>&nbsp;<\/p>\n<p>&nbsp;<\/p>\n<blockquote>\n<h3>LA VALANGA DI SAN LUCANO<\/h3>\n<\/blockquote>\n<p><b><a class=\"dt-pswp-item\" href=\"https:\/\/www.radiopiu.net\/wordpress\/wp-content\/uploads\/2020\/07\/FOTO-SAN-LUCANO-VOLONTARI.png\" data-dt-img-description=\"\" data-large_image_width=\"900\" data-large_image_height=\"674\"><img loading=\"lazy\" decoding=\"async\" class=\"size-medium wp-image-149620 alignleft\" src=\"https:\/\/www.radiopiu.net\/wordpress\/wp-content\/uploads\/2020\/07\/FOTO-SAN-LUCANO-VOLONTARI-300x225.png\" alt=\"\" width=\"300\" height=\"225\" srcset=\"https:\/\/www.radiopiu.net\/wordpress\/wp-content\/uploads\/2020\/07\/FOTO-SAN-LUCANO-VOLONTARI-300x225.png 300w, https:\/\/www.radiopiu.net\/wordpress\/wp-content\/uploads\/2020\/07\/FOTO-SAN-LUCANO-VOLONTARI-768x575.png 768w, https:\/\/www.radiopiu.net\/wordpress\/wp-content\/uploads\/2020\/07\/FOTO-SAN-LUCANO-VOLONTARI.png 900w\" sizes=\"auto, (max-width: 300px) 100vw, 300px\" \/><\/a>a cura di Alessandro Savio<\/b><\/p>\n<p>L\u2019inverno 1629\/1630 fu ricordato per le intense nevicate ed in particolare quella che provoc\u00f2 la valanga che scese dal \u201cboral di S. Lugan\u201d e arrec\u00f2 ingenti danni alla chiesa omonima, situata a met\u00e0 della Valle, sulla sinistra orografica del torrente Tegnas ed alle pendici delle Pale di San Lucano in Comune di Taibon Agordino (BL). L\u2019edificio di culto, meta di tanti pellegrini fu ricostruito quasi completamente negli anni successivi, ingrandito ed abbellito anche con nuovi affreschi, tanta era la devozione popolare per il Santo \u201capostolo delle Dolomiti\u201d e per la \u201cBeata Vazza\u201d . Il nuovo edificio fu consacrato dal vescovo Giovanni Tommaso Malloni il 31 Luglio 1635 alla presenza dei \u201cgastaldi\u201d della \u201cChiesa di San Lucano e di Santa Vazza\u201d Ser Oderico del fu Silvestro di Taibon, Ser Gioanneto del fu Bartolomeo De Matio di Forno Val ed il massaro Ser Michiel da Sochol del Giovanni Maria. Il prelato celebr\u00f2 la messa solenne davanti ad una moltitudine di popolo, coadiuvato dall\u2019Arcidiacono di Agordo e da altri sacerdoti e chierici. Negli anni seguenti fino alla fine del 1600 la chiesa fu oggetto di ulteriori visite pastorali da parte del Vescovo di Belluno con note di descrizione dei vari affreschi, decorazioni, altari e suppellettili compreso le sacre relique di S. Lucano e di Beata Vazza. Il 13 agosto 1701, in seguito alla visita del Vescovo Giovanni Francesco Bembo, viene descritto il terrapieno di forma triangolare a monte della chiesa edificato con muratura di pietrame a secco a protezione di possibili valanghe e ripristinato nel 1924 su commissione del parroco di Taibon, Don Tita De Lotto. Alla fine degli anni sessanta tale manufatto triangolare in pietra, situato a ridosso della chiesa per protezione della valanga fu completamente ricostruito in pietrame a vista reperita in loco, legata con<span class=\"Apple-converted-space\">\u00a0 <\/span>malta di cemento e con grappe in ferro, a regola d\u2019arte per un lavoro definitivo e duraturo. L\u2019opera fu eseguita da una squadra di operai che lavoravano a servizio del Comune di Taibon, con la direzione del valente sovraintendente \u201cMilio Stel\u201d Decima Emilio di Peden. Nei<span class=\"Apple-converted-space\">\u00a0 <\/span>giorni scorsi alcuni volontari del nucleo di protezione civile del Gruppo Alpini Agordo \u2013Taibon e Rivamonte hanno effettuato una pulizia ed una sistemazione del manufatto antivalanghe a monte<span class=\"Apple-converted-space\">\u00a0 <\/span>della chiesa, mediante la estirpazione di cespugli cresciuti sulla sommit\u00e0 del triangolo in pietra, con un intervento di ordinaria manutenzione del sito, in collaborazione con la Parrocchia di Taibon Agordino, ed anche della locale Pro Loco<span class=\"Apple-converted-space\">\u00a0 <\/span>che si \u00e8 occupata del taglio dell\u2019erba nella zona antistante alla chiesa per rendere presentabile e pulita l\u2019area ove quest\u2019anno per le note cause del Covid 19 non si svolger\u00e0 la tradizionale sagra, ma ci sar\u00e0 solo la consueta funzione religiosa per la ricorrenza del Santo che ricade il 20 luglio.A memoria d\u2019uomo dal 1630 in poi, la valanga non scese pi\u00f9 con quella forza dirompente ma si ferm\u00f2 negli anni pi\u00f9 nevosi a qualche centinaio di metri a monte della chiesa.<\/p>\n<p>Note storiche dal libro:<span class=\"Apple-converted-space\">\u00a0 <\/span>Le chiese della Parrocchia dei Santi Cornelio e Cipriano di Taibon Agordino<\/p>\n<p><span class=\"Apple-converted-space\">\u00a0 \u00a0 \u00a0 \u00a0 \u00a0 \u00a0 \u00a0 \u00a0 \u00a0 \u00a0 \u00a0 \u00a0 \u00a0 \u00a0 \u00a0 \u00a0 \u00a0 \u00a0 \u00a0 \u00a0 \u00a0 \u00a0 <\/span><strong>autori : Loris Serafini Flavio Vizzuti.<\/strong><\/p>\n<p>&nbsp;<\/p>\n<p>&nbsp;<\/p>\n<hr \/>\n<blockquote>\n<h3><\/h3>\n<h3>ALLA FONDAZIONE PAPA LUCIANI OSPITI IMPORTANTI<\/h3>\n<\/blockquote>\n<p><strong>CANALE D&#8217;AGORDO<\/strong> La Fondazione Papa Luciani ha avuto la gioia di ricevere la visita\u00a0 del cardinale Angelo De Donatis, Vicario di Sua Santit\u00e0 Papa Francesco per la diocesi di Roma, insieme ai vescovi ausiliari di Roma\u00a0 Mons. Gianpiero Palmieri &#8211; ausiliare per il Settore Est, delegato per la Carit\u00e0 e la pastorale rom &#8211;\u00a0 Mons. Paolo Ricciardi &#8211; delegato per la pastorale sanitaria e l&#8217;Ordo virginum &#8211; e\u00a0 Mons. Daniele Libanori &#8211; ausiliare per il settore centro e delegato per il clero e i seminari. I vescovi sono giunti insieme a una trentina di sacerdoti della diocesi romana. Dopo la celebrazione della S. Messa, accolti dall&#8217;arciprete don Vito De Vido, hanno potuto visitare la Casa natale e il Museo, accompagnati dal direttore Loris Serafini. Il sindaco Flavio Colcergnan e l&#8217;assessore Marilisa Luchetta hanno poi dato il saluto ufficiale da parte dell&#8217;amministrazione comunale. La scorsa settimana hanno visitato il Museo e la casa anche il vescovo di Macerata S.E. Mons. Nazzareno Marconi insieme a una ventina di sacerdoti diocesani, il vescovo di Livorno,\u00a0 Mons. Simone Giusti, insieme a una quindicina di sacerdoti diocesani e il vescovo di Forl\u00ec\u00a0 e Mons. Livio Corazza.<\/p>\n\n\t\t\t<style type='text\/css'>\n\t\t\t\t#gallery-1 {\n\t\t\t\t\tmargin: auto;\n\t\t\t\t}\n\t\t\t\t#gallery-1 .gallery-item {\n\t\t\t\t\tfloat: left;\n\t\t\t\t\tmargin-top: 10px;\n\t\t\t\t\ttext-align: center;\n\t\t\t\t\twidth: 25%;\n\t\t\t\t}\n\t\t\t\t#gallery-1 img {\n\t\t\t\t\tborder: 2px solid #cfcfcf;\n\t\t\t\t}\n\t\t\t\t#gallery-1 .gallery-caption {\n\t\t\t\t\tmargin-left: 0;\n\t\t\t\t}\n\t\t\t\t\/* see gallery_shortcode() in wp-includes\/media.php *\/\n\t\t\t<\/style>\n\t\t<div id='gallery-1' class='dt-gallery-container gallery galleryid-149468 gallery-columns-4 gallery-size-thumbnail'><dl class='gallery-item'>\n\t\t\t\t<dt class='gallery-icon landscape'>\n\t\t\t\t\t<a class=\"rollover rollover-zoom dt-pswp-item\" title=\"vescovo livorno\" data-dt-img-description=\"\" data-large_image_width=\"1280\" data-large_image_height=\"720\"href='https:\/\/www.radiopiu.net\/wordpress\/wp-content\/uploads\/2020\/07\/vescovo-livorno.jpg'><img loading=\"lazy\" decoding=\"async\" width=\"150\" height=\"150\" src=\"https:\/\/www.radiopiu.net\/wordpress\/wp-content\/uploads\/2020\/07\/vescovo-livorno-150x150.jpg\" class=\"attachment-thumbnail size-thumbnail\" alt=\"\" aria-describedby=\"gallery-1-149670\" \/><\/a>\n\t\t\t\t<\/dt>\n\t\t\t\t\t<dd class='wp-caption-text gallery-caption' id='gallery-1-149670'>\n\t\t\t\t\tvescovo livorno\n\t\t\t\t\t<\/dd><\/dl><dl class='gallery-item'>\n\t\t\t\t<dt class='gallery-icon portrait'>\n\t\t\t\t\t<a class=\"rollover rollover-zoom dt-pswp-item\" title=\"Vescovo forli\" data-dt-img-description=\"\" data-large_image_width=\"656\" data-large_image_height=\"1024\"href='https:\/\/www.radiopiu.net\/wordpress\/wp-content\/uploads\/2020\/07\/Vescovo-forli.jpg'><img loading=\"lazy\" decoding=\"async\" width=\"150\" height=\"150\" src=\"https:\/\/www.radiopiu.net\/wordpress\/wp-content\/uploads\/2020\/07\/Vescovo-forli-150x150.jpg\" class=\"attachment-thumbnail size-thumbnail\" alt=\"\" aria-describedby=\"gallery-1-149662\" \/><\/a>\n\t\t\t\t<\/dt>\n\t\t\t\t\t<dd class='wp-caption-text gallery-caption' id='gallery-1-149662'>\n\t\t\t\t\tVescovo forli\n\t\t\t\t\t<\/dd><\/dl><dl class='gallery-item'>\n\t\t\t\t<dt class='gallery-icon landscape'>\n\t\t\t\t\t<a class=\"rollover rollover-zoom dt-pswp-item\" title=\"Vescovo Macerata\" data-dt-img-description=\"\" data-large_image_width=\"1280\" data-large_image_height=\"720\"href='https:\/\/www.radiopiu.net\/wordpress\/wp-content\/uploads\/2020\/07\/Vescovo-Macerata.jpg'><img loading=\"lazy\" decoding=\"async\" width=\"150\" height=\"150\" src=\"https:\/\/www.radiopiu.net\/wordpress\/wp-content\/uploads\/2020\/07\/Vescovo-Macerata-150x150.jpg\" class=\"attachment-thumbnail size-thumbnail\" alt=\"\" aria-describedby=\"gallery-1-149663\" \/><\/a>\n\t\t\t\t<\/dt>\n\t\t\t\t\t<dd class='wp-caption-text gallery-caption' id='gallery-1-149663'>\n\t\t\t\t\tVescovo Macerata\n\t\t\t\t\t<\/dd><\/dl><dl class='gallery-item'>\n\t\t\t\t<dt class='gallery-icon landscape'>\n\t\t\t\t\t<a class=\"rollover rollover-zoom dt-pswp-item\" title=\"IMG_9865\" data-dt-img-description=\"\" data-large_image_width=\"2067\" data-large_image_height=\"1378\"href='https:\/\/www.radiopiu.net\/wordpress\/wp-content\/uploads\/2020\/07\/IMG_9865.jpg'><img loading=\"lazy\" decoding=\"async\" width=\"150\" height=\"150\" src=\"https:\/\/www.radiopiu.net\/wordpress\/wp-content\/uploads\/2020\/07\/IMG_9865-150x150.jpg\" class=\"attachment-thumbnail size-thumbnail\" alt=\"\" \/><\/a>\n\t\t\t\t<\/dt><\/dl><br style=\"clear: both\" \/><dl class='gallery-item'>\n\t\t\t\t<dt class='gallery-icon landscape'>\n\t\t\t\t\t<a class=\"rollover rollover-zoom dt-pswp-item\" title=\"IMG_9811\" data-dt-img-description=\"\" data-large_image_width=\"2067\" data-large_image_height=\"1378\"href='https:\/\/www.radiopiu.net\/wordpress\/wp-content\/uploads\/2020\/07\/IMG_9811.jpg'><img loading=\"lazy\" decoding=\"async\" width=\"150\" height=\"150\" src=\"https:\/\/www.radiopiu.net\/wordpress\/wp-content\/uploads\/2020\/07\/IMG_9811-150x150.jpg\" class=\"attachment-thumbnail size-thumbnail\" alt=\"\" \/><\/a>\n\t\t\t\t<\/dt><\/dl><dl class='gallery-item'>\n\t\t\t\t<dt class='gallery-icon portrait'>\n\t\t\t\t\t<a class=\"rollover rollover-zoom dt-pswp-item\" title=\"IMG_9830\" data-dt-img-description=\"\" data-large_image_width=\"1378\" data-large_image_height=\"2067\"href='https:\/\/www.radiopiu.net\/wordpress\/wp-content\/uploads\/2020\/07\/IMG_9830.jpg'><img loading=\"lazy\" decoding=\"async\" width=\"150\" height=\"150\" src=\"https:\/\/www.radiopiu.net\/wordpress\/wp-content\/uploads\/2020\/07\/IMG_9830-150x150.jpg\" class=\"attachment-thumbnail size-thumbnail\" alt=\"\" \/><\/a>\n\t\t\t\t<\/dt><\/dl><dl class='gallery-item'>\n\t\t\t\t<dt class='gallery-icon landscape'>\n\t\t\t\t\t<a class=\"rollover rollover-zoom dt-pswp-item\" title=\"IMG_9836\" data-dt-img-description=\"\" data-large_image_width=\"2067\" data-large_image_height=\"1378\"href='https:\/\/www.radiopiu.net\/wordpress\/wp-content\/uploads\/2020\/07\/IMG_9836.jpg'><img loading=\"lazy\" decoding=\"async\" width=\"150\" height=\"150\" src=\"https:\/\/www.radiopiu.net\/wordpress\/wp-content\/uploads\/2020\/07\/IMG_9836-150x150.jpg\" class=\"attachment-thumbnail size-thumbnail\" alt=\"\" \/><\/a>\n\t\t\t\t<\/dt><\/dl><dl class='gallery-item'>\n\t\t\t\t<dt class='gallery-icon landscape'>\n\t\t\t\t\t<a class=\"rollover rollover-zoom dt-pswp-item\" title=\"IMG_9844\" data-dt-img-description=\"\" data-large_image_width=\"2067\" data-large_image_height=\"1378\"href='https:\/\/www.radiopiu.net\/wordpress\/wp-content\/uploads\/2020\/07\/IMG_9844.jpg'><img loading=\"lazy\" decoding=\"async\" width=\"150\" height=\"150\" src=\"https:\/\/www.radiopiu.net\/wordpress\/wp-content\/uploads\/2020\/07\/IMG_9844-150x150.jpg\" class=\"attachment-thumbnail size-thumbnail\" alt=\"\" \/><\/a>\n\t\t\t\t<\/dt><\/dl><br style=\"clear: both\" \/>\n\t\t\t<\/div>\n\n<p>&nbsp;<\/p>\n<p>&nbsp;<\/p>\n<p>&nbsp;<\/p>\n<hr \/>\n<blockquote>\n<h3>\u00a0AUTISTA-SOCCORRITORE: APPELLO A GOVERNO E FORZE POLITICHE PER UN RAPIDO ITER DI RICONOSCIMENTO DELLA PROFESSIONE<\/h3>\n<\/blockquote>\n<p><strong><a class=\"dt-pswp-item\" href=\"https:\/\/www.radiopiu.net\/wordpress\/wp-content\/uploads\/2020\/07\/3c006cca-89e6-4ef6-8548-38920bbfe2f3.jpg\" data-dt-img-description=\"\" data-large_image_width=\"720\" data-large_image_height=\"1440\"><img loading=\"lazy\" decoding=\"async\" class=\"size-medium wp-image-149562 alignleft\" src=\"https:\/\/www.radiopiu.net\/wordpress\/wp-content\/uploads\/2020\/07\/3c006cca-89e6-4ef6-8548-38920bbfe2f3-150x300.jpg\" alt=\"\" width=\"150\" height=\"300\" srcset=\"https:\/\/www.radiopiu.net\/wordpress\/wp-content\/uploads\/2020\/07\/3c006cca-89e6-4ef6-8548-38920bbfe2f3-150x300.jpg 150w, https:\/\/www.radiopiu.net\/wordpress\/wp-content\/uploads\/2020\/07\/3c006cca-89e6-4ef6-8548-38920bbfe2f3-512x1024.jpg 512w, https:\/\/www.radiopiu.net\/wordpress\/wp-content\/uploads\/2020\/07\/3c006cca-89e6-4ef6-8548-38920bbfe2f3.jpg 720w\" sizes=\"auto, (max-width: 150px) 100vw, 150px\" \/><\/a>ROMA<\/strong> \u201cL&#8217;attivit\u00e0 di coloro che prestano servizio come autisti soccorritori, che io chiamo \u2018piloti\u2019 per la loro determinazione, lucidit\u00e0, velocit\u00e0 ed efficienza, spesso in situazioni difficili, non solo richiede senso di grande responsabilit\u00e0 e spirito di abnegazione ma sensibilit\u00e0 umana e grande impegno sociale. Due caratteristiche che devono farci sentire uniti, in maniera trasversale, nel portare a termine il riconoscimento della loro figura professionale. L\u2019approvazione del mio ordine del giorno alla Camera, che impegna il Governo nel riconoscimento della figura professionale dell\u2019autista soccorritore, non \u00e8 un traguardo, ma un punto di partenza che fa ben sperare. Ieri sono sceso in piazza Montecitorio con loro, accanto a questo popolo di grandi lavoratori che durante l\u2019emergenza hanno dimostrato, con ancora maggiore forza, l\u2019importanza del loro ruolo nel salvare vite umane, soccorrere, gestire le emergenze, senza tuttavia poter vedere riconosciuto e tutelato in maniera adeguata il loro ruolo e la loro professionalit\u00e0, nella forma e nella sostanza, a dispetto di quanto accade in ambito europeo ed extraeuropeo\u201d. E\u2019 quanto dichiara Dario Bond, deputato di Forza Italia all\u2019indomani della manifestazione degli autisti soccorritori Co.E.S. a Roma.<\/p>\n<p><strong>L&#8217;INTERVENTO ALLA RADIO<\/strong><\/p>\n<audio class=\"wp-audio-shortcode\" id=\"audio-149468-7\" preload=\"none\" style=\"width: 100%;\" controls=\"controls\"><source type=\"audio\/mpeg\" src=\"https:\/\/www.radiopiu.net\/wordpress\/wp-content\/uploads\/2020\/07\/bond.mp3?_=7\" \/><a href=\"https:\/\/www.radiopiu.net\/wordpress\/wp-content\/uploads\/2020\/07\/bond.mp3\">https:\/\/www.radiopiu.net\/wordpress\/wp-content\/uploads\/2020\/07\/bond.mp3<\/a><\/audio>\n<p>&nbsp;<\/p>\n<p>&nbsp;<\/p>\n<hr \/>\n<p>&nbsp;<\/p>\n<h3><a class=\"dt-pswp-item\" href=\"https:\/\/www.radiopiu.net\/wordpress\/wp-content\/uploads\/2020\/07\/BOND-ROMA.jpg\" data-dt-img-description=\"\" data-large_image_width=\"640\" data-large_image_height=\"640\"><img loading=\"lazy\" decoding=\"async\" class=\"size-medium wp-image-149602 alignleft\" src=\"https:\/\/www.radiopiu.net\/wordpress\/wp-content\/uploads\/2020\/07\/BOND-ROMA-300x300.jpg\" alt=\"\" width=\"300\" height=\"300\" srcset=\"https:\/\/www.radiopiu.net\/wordpress\/wp-content\/uploads\/2020\/07\/BOND-ROMA-300x300.jpg 300w, https:\/\/www.radiopiu.net\/wordpress\/wp-content\/uploads\/2020\/07\/BOND-ROMA-150x150.jpg 150w, https:\/\/www.radiopiu.net\/wordpress\/wp-content\/uploads\/2020\/07\/BOND-ROMA.jpg 640w\" sizes=\"auto, (max-width: 300px) 100vw, 300px\" \/><\/a>OPPORTUNITA&#8217; PER LE IMPRESE AGRICOLE CHE VOGLIANO ACQUISTARE NUOVI MACCHINARI<\/h3>\n<p><strong>DARIO BOND<\/strong><\/p>\n<audio class=\"wp-audio-shortcode\" id=\"audio-149468-8\" preload=\"none\" style=\"width: 100%;\" controls=\"controls\"><source type=\"audio\/mpeg\" src=\"https:\/\/www.radiopiu.net\/wordpress\/wp-content\/uploads\/2020\/07\/BOND-IMPRESE-AGRICOLE.mp3?_=8\" \/><a href=\"https:\/\/www.radiopiu.net\/wordpress\/wp-content\/uploads\/2020\/07\/BOND-IMPRESE-AGRICOLE.mp3\">https:\/\/www.radiopiu.net\/wordpress\/wp-content\/uploads\/2020\/07\/BOND-IMPRESE-AGRICOLE.mp3<\/a><\/audio>\n<p>&nbsp;<\/p>\n<hr \/>\n<p>&nbsp;<\/p>\n<blockquote>\n<h3>CONTROLLI STRAORDINARI NELLE STAZIONI E NELLE AREE FERROVIARIE ADIACENTI: 593 PERSONE CONTROLLATE NELL\u2019 OPERAZIONE \u201cRAIL SAFE DAY\u201d E DUE DENUNCIATE<\/h3>\n<\/blockquote>\n<p><strong><a class=\"dt-pswp-item\" href=\"https:\/\/www.radiopiu.net\/wordpress\/wp-content\/uploads\/2020\/02\/polizia.jpg\" data-dt-img-description=\"\" data-large_image_width=\"1600\" data-large_image_height=\"1200\"><img loading=\"lazy\" decoding=\"async\" class=\"size-medium wp-image-115997 alignleft\" src=\"https:\/\/www.radiopiu.net\/wordpress\/wp-content\/uploads\/2020\/02\/polizia-300x225.jpg\" alt=\"\" width=\"300\" height=\"225\" srcset=\"https:\/\/www.radiopiu.net\/wordpress\/wp-content\/uploads\/2020\/02\/polizia-300x225.jpg 300w, https:\/\/www.radiopiu.net\/wordpress\/wp-content\/uploads\/2020\/02\/polizia-1024x768.jpg 1024w, https:\/\/www.radiopiu.net\/wordpress\/wp-content\/uploads\/2020\/02\/polizia-768x576.jpg 768w, https:\/\/www.radiopiu.net\/wordpress\/wp-content\/uploads\/2020\/02\/polizia-1536x1152.jpg 1536w, https:\/\/www.radiopiu.net\/wordpress\/wp-content\/uploads\/2020\/02\/polizia.jpg 1600w\" sizes=\"auto, (max-width: 300px) 100vw, 300px\" \/><\/a>VENEZIA\u00a0<\/strong>593<b> <\/b>sono state<b> <\/b> le persone controllate dal personale del Compartimento Polizia Ferroviaria per Veneto<span class=\"Apple-converted-space\">\u00a0 <\/span>nel corso dell\u2019operazione<span class=\"Apple-converted-space\">\u00a0 <\/span>denominata \u201cRail Safe Day\u201d;<span class=\"Apple-converted-space\">\u00a0 <\/span>82<b> <\/b>operatori della Polizia Ferroviaria,<span class=\"Apple-converted-space\">\u00a0 <\/span>sono stati impegnati ieri, 14 luglio,<span class=\"Apple-converted-space\">\u00a0 <\/span>in un\u2019attivit\u00e0 straordinaria di controllo<span class=\"Apple-converted-space\">\u00a0 <\/span>effettuata<span class=\"Apple-converted-space\">\u00a0 <\/span>in 23 scali ferroviari, ricadenti negli ambiti di competenza, e in altre 4 localit\u00e0 sensibili.\u00a0L\u2019operazione, disposta su tutto il territorio nazionale dal Servizio di Polizia Ferroviaria, \u00e8 volta a tutelare l\u2019incolumit\u00e0 degli utenti del mondo ferroviario, prevenendo ed eventualmente sanzionando comportamenti scorretti e pericolosi, quali l\u2019oltrepassare \u201cla linea gialla\u201d, l\u2019incauto attraversamento dei binari, l\u2019indebita presenza sulle linee ferroviarie o nei pressi dei passaggi a livello.<span class=\"Apple-converted-space\">\u00a0\u00a0<\/span>Lo scopo dei controlli, infatti, \u00e8 educare gli utenti del mondo ferroviario al rispetto di<span class=\"Apple-converted-space\">\u00a0 <\/span>una serie di regole fondamentali, l\u2019inosservanza delle quali, spesso<span class=\"Apple-converted-space\">\u00a0 <\/span>minimizzate, pu\u00f2<span class=\"Apple-converted-space\">\u00a0 <\/span>essere<span class=\"Apple-converted-space\">\u00a0 <\/span>causa di incidenti anche gravi.<span class=\"Apple-converted-space\">\u00a0\u00a0<\/span>Nell\u2019 ambito dell\u2019attivit\u00e0 di prevenzione e repressione dei reati, inoltre, gli operatori della Polizia Ferroviaria hanno denunciato all\u2019Autorit\u00e0 Giudiziaria due uomini, che, in momenti diversi, si sono<span class=\"Apple-converted-space\">\u00a0 <\/span>resi<span class=\"Apple-converted-space\">\u00a0 <\/span>responsabili di furto aggravato.\u00a0Uno dei due, un connazionale<span class=\"Apple-converted-space\">\u00a0 <\/span>senza fissa dimora, \u00e8 stato fermato nella stazione di Venezia-Mestre da una pattuglia Polfer, intervenuta a seguito della segnalazione di furto<span class=\"Apple-converted-space\">\u00a0 <\/span>avvenuto nel vicino locale di ristorazione.\u00a0L\u2019uomo, individuato nei pressi dei binari, \u00e8 stato trovato in possesso della merce sottratta, ancora integra, che \u00e8 stata restituita alla responsabile dell\u2019esercizio commerciale.\u00a0Dagli accertamenti effettuati, anche tramite la consultazione degli archivi informatici di Polizia,<span class=\"Apple-converted-space\">\u00a0 <\/span>a suo carico sono risultati numerosi precedenti per reati contro il patrimonio.\u00a0L\u2019attivit\u00e0 di indagine, basata anche sull\u2019analisi delle immagini estrapolate dal sistema di videosorveglianza, ha consentito, invece, al personale della Squadra di Polizia Giudiziaria di<span class=\"Apple-converted-space\">\u00a0 <\/span>identificare<span class=\"Apple-converted-space\">\u00a0 <\/span>e denunciare<span class=\"Apple-converted-space\">\u00a0 <\/span>un cittadino gambiano che, lo scorso fine settimana, a Venezia, all\u2019imbarcadero ACTV \u2013 fermata ferrovia, aveva sottratto il portafoglio ad un ragazzo.\u00a0A seguito d\u2019individuazione fotografica, la vittima ha<span class=\"Apple-converted-space\">\u00a0 <\/span>riconosciuto nello straniero in questione l\u2019 autore del furto perpetrato a suo danno.<\/p>\n<p>&nbsp;<\/p>\n<p>&nbsp;<\/p>\n<hr \/>\n<p>&nbsp;<\/p>\n<blockquote>\n<h3>ELECTION DAY, ZAIA: \u201cFIRMERO\u2019 IL DECRETO DI INDIZIONE DELLE ELEZIONI REGIONALI NEI TERMINI PREVISTI DALLA LEGGE\u201d<\/h3>\n<\/blockquote>\n<p><strong><a class=\"dt-pswp-item\" href=\"https:\/\/www.radiopiu.net\/wordpress\/wp-content\/uploads\/2020\/04\/ZAIA.jpg\" data-dt-img-description=\"\" data-large_image_width=\"960\" data-large_image_height=\"720\"><img loading=\"lazy\" decoding=\"async\" class=\"size-medium wp-image-133954 alignleft\" src=\"https:\/\/www.radiopiu.net\/wordpress\/wp-content\/uploads\/2020\/04\/ZAIA-300x225.jpg\" alt=\"\" width=\"300\" height=\"225\" srcset=\"https:\/\/www.radiopiu.net\/wordpress\/wp-content\/uploads\/2020\/04\/ZAIA-300x225.jpg 300w, https:\/\/www.radiopiu.net\/wordpress\/wp-content\/uploads\/2020\/04\/ZAIA-768x576.jpg 768w, https:\/\/www.radiopiu.net\/wordpress\/wp-content\/uploads\/2020\/04\/ZAIA.jpg 960w\" sizes=\"auto, (max-width: 300px) 100vw, 300px\" \/><\/a>VENEZIA<\/strong>\u00a0 \u00a0\u201cConfermo che il Veneto andr\u00e0 all\u2019election day il 20 e il 21 settembre. Finalmente il Governo \u00e8 arrivato a questa sofferta decisione. Se avessero, tuttavia, accolto la proposta dei Presidenti delle Regioni, si sarebbe gi\u00e0 votato, in un periodo sicuro dal punto di vista sanitario\u201d. E\u2019 il commento del Presidente del Veneto, Luca Zaia, alla decisione assunta dal Consiglio dei Ministri di indire per il 20 e il 21 settembre la tornata elettorale per lo svolgimento del referendum sulla riduzione dei parlamentari e per le elezioni supplettive nei collegi uninominali 03 della Sardegna e 09 del Veneto. \u201cPrendiamo comunque atto della decisione del Governo \u2013 conclude Zaia &#8211; e provveder\u00f2 a firmare il decreto di indizione delle consultazioni regionali nei termini previsti dalla legge, la quale recita che il provvedimento venga adottato e pubblicato almeno 50 giorni prima della data fissata per l\u2019apertura delle urne\u201d.<\/p>\n<p>&nbsp;<\/p>\n<hr \/>\n<blockquote>\n<h3><\/h3>\n<h3>NASCE IL REGISTRO DELLA RETE DEI CAMMINI VENETI.<\/h3>\n<\/blockquote>\n<p><strong><a class=\"dt-pswp-item\" href=\"https:\/\/www.radiopiu.net\/wordpress\/wp-content\/uploads\/2020\/06\/CANER-scaled.jpg\" data-dt-img-description=\"\" data-large_image_width=\"1920\" data-large_image_height=\"2560\"><img loading=\"lazy\" decoding=\"async\" class=\"size-medium wp-image-142390 alignleft\" src=\"https:\/\/www.radiopiu.net\/wordpress\/wp-content\/uploads\/2020\/06\/CANER-225x300.jpg\" alt=\"\" width=\"225\" height=\"300\" srcset=\"https:\/\/www.radiopiu.net\/wordpress\/wp-content\/uploads\/2020\/06\/CANER-225x300.jpg 225w, https:\/\/www.radiopiu.net\/wordpress\/wp-content\/uploads\/2020\/06\/CANER-768x1024.jpg 768w, https:\/\/www.radiopiu.net\/wordpress\/wp-content\/uploads\/2020\/06\/CANER-1152x1536.jpg 1152w, https:\/\/www.radiopiu.net\/wordpress\/wp-content\/uploads\/2020\/06\/CANER-1536x2048.jpg 1536w, https:\/\/www.radiopiu.net\/wordpress\/wp-content\/uploads\/2020\/06\/CANER-scaled.jpg 1920w\" sizes=\"auto, (max-width: 225px) 100vw, 225px\" \/><\/a>VENEZIA\u00a0<\/strong> La Regione del Veneto ha istituito il Registro della Rete dei Cammini Veneti. Lo ha fatto con una delibera, approvata dalla Giunta su proposta dell\u2019assessore al turismo Federico Caner, che individua le modalit\u00e0 e i termini per l\u2019iscrizione, l\u2019aggiornamento e la pubblicizzazione di itinerari da percorrere a piedi, attraverso localit\u00e0 e siti di interesse storico, culturale, religioso, naturalistico, paesaggistico, enogastronomico. \u201cSi tratta \u2013 spiega Caner \u2013 di una forma di escursionismo, di visita e di scoperta dei territori che sta conoscendo una fortissima espansione. Il moltiplicarsi di prodotti editoriali e di siti internet specializzati dedicati ai cammini testimonia non solo un crescente interesse per questo genere di offerta turistica ecosostenibile, ma anche un costante aumento del numero di appassionati per una attivit\u00e0 che, se fino a qualche anno fa era ricondotta prevalentemente al famoso pellegrinaggio a Santiago de Compostela, oggi viene proposta in tutta Europa, non solo recuperando e valorizzando gli antichi cammini dei pellegrini, ma anche collegando tra loro luoghi di grande fascino e attrattiva\u201d. Il Registro della Rete dei Cammini Veneti e diviso in quattro sezioni: itinerari culturali riconosciuti da parte del Consiglio d\u2019Europa; cammini interregionali riconosciuti dal Ministero competente in materia di beni e attivit\u00e0 culturali e di turismo; cammini individuati a seguito di intese con altre Regioni o accordi con enti locali; cammini locali di interesse regionale. Il Registro individua per ogni Cammino riconosciuto dalla Regione quale cammino locale di interesse regionale.<\/p>\n<p>&nbsp;<\/p>\n<p>&nbsp;<\/p>\n<hr \/>\n<p>&nbsp;<\/p>\n<blockquote>\n<h3>PRENOTAZIONI: IMPEGNO PER POTENZIARE I SERVIZI<\/h3>\n<\/blockquote>\n<p><b><a class=\"dt-pswp-item\" href=\"https:\/\/www.radiopiu.net\/wordpress\/wp-content\/uploads\/2020\/03\/ULSS-1-DOLOMITI-LOGO.jpg\" data-dt-img-description=\"\" data-large_image_width=\"298\" data-large_image_height=\"219\"><img loading=\"lazy\" decoding=\"async\" class=\"size-full wp-image-121256 alignleft\" src=\"https:\/\/www.radiopiu.net\/wordpress\/wp-content\/uploads\/2020\/03\/ULSS-1-DOLOMITI-LOGO.jpg\" alt=\"\" width=\"298\" height=\"219\" \/><\/a>BELLUNO <\/b>Il Centro Unico Prenotazioni, seppur potenziato, fatica a rispondere in modo rapido alle migliaia di chiamate giornaliere.<span class=\"Apple-converted-space\">\u00a0 <\/span>L\u2019Azienda si \u00e8 attivata nelle scorse settimane per risolvere le criticit\u00e0 riscontrate, chiedendo alla ditta che ha in appalto il servizio il raddoppio delle linee telefoniche e l\u2019assunzione di 5 nuove persone da subito operative ma che necessitano di un periodo di formazione. Pur con queste misure straordinarie, che hanno previsto anche l\u2019estensione del contratto in essere, il servizio fatica ancora a dare risposte ai cittadini in particolare tra le 10 e le 12 delle mattina. Il monitoraggio della situazione \u00e8 costante e l\u2019Azienda conferma il suo impegno per potenziare ulteriormente il servizio. Sono al vaglio diverse ipotesi per far fronte al forte aumento della domanda dopo il lockdown e al rispetto delle necessarie norme di sicurezza e cautela per minimizzare rischi connessi all\u2019emergenza COVID. L\u2019Ulss Dolomiti si scusa per il disagio e invita i cittadini a collaborare, prenotando le analisi del sangue online, se possibile, e scegliendo preferibilmente le ore pomeridiane per le prenotazioni telefoniche.<\/p>\n<p><b>PRENOTAZIONI A CUP<\/b><\/p>\n<p>L\u2019Ulss Dolomiti ha chiesto alla cooperativa che ha in appalto la gestione del call center del CUP di raddoppiare le linee telefoniche e il personale. Sono state assunte 5 persone in pi\u00f9 che sono in fase di formazione. Inoltre, \u00e8 previsto che il personale addetto agli sportelli CUP (chiusi secondo le indicazioni della fase 2 COVID) sia operativo nelle prenotazioni telefoniche.\u00a0Si informa che ore di maggiore criticit\u00e0 per l\u2019elevato numero di chiamate in ingresso sono dalle 10 alle 12. Si invitano, pertanto, gli utenti a scegliere possibilmente altri orari e a lasciare il proprio numero per la richiamata che avviene, normalmente, in giornata. Si ricorda che il numero del CUP per prenotare e disdire prestazioni con impegnativa \u00e8 800 890 500, attivo dal luned\u00ec al venerd\u00ec dalle 8 alle 18 e il sabato mattina dalle 8 alle 12.<\/p>\n<p><b>PRENOTAZIONI ANALISI DEL SANGUE<\/b><\/p>\n<p>Dal 1\u00b0 giugno 2020 \u00e8 prevista la prenotazione anche per l\u2019accesso ai centri prelievo ospedalieri.\u00a0Si ricorda che per la prenotazione delle analisi ai Centri Prelievi di Belluno, Feltre, Pieve di Cadore \u00e8 possibile usufruire della prenotazione online dal sito <a href=\"http:\/\/www.aulss1.veneto.it\">www.aulss1.veneto.it<\/a> \u2013 sportello online.\u00a0Per gli esami INR \u00e8 previsto l\u2019accesso libero (premere il tasto apposito sul totem all\u2019ingresso) dal luned\u00ec al venerd\u00ec negli orari previsti nei singoli centri prelievo.\u00a0Si raccomanda ai cittadini di prenotare tempestivamente le analisi necessarie per visite specialistiche in modo da poterle programmare per tempo. Gli accessi ai Centri Prelievi, in ottemperanza alle norme COVID, infatti, sono contingentati.\u00a0Dal 25 giugno 2020, verificata la disponibilit\u00e0 di spazi e per far fronte alla consistente richiesta di esami post lockdown, al Centro Prelievi di Feltre sono stati aumentati i posti disponibili: da 3 a 4 pazienti ogni 5 minuti, dal luned\u00ec al venerd\u00ec, per un totale di 130 pazienti nella mattinata. Si raccomanda di presentarsi non prima di 10 minuti dall\u2019orario dell\u2019appuntamento per evitare la formazione di assembramenti.<\/p>\n<p>&nbsp;<\/p>\n<p>&nbsp;<\/p>\n<hr \/>\n<p>&nbsp;<\/p>\n<blockquote>\n<h3>RACCOLTA DIFFERENZIATA: DAL 1 SETTEMBRE SISTEMA UNIFORMATO IN TUTTO IL TERRITORIO COMUNALE<\/h3>\n<\/blockquote>\n<p><strong><a class=\"dt-pswp-item\" href=\"https:\/\/www.radiopiu.net\/wordpress\/wp-content\/uploads\/2020\/07\/8184da7b-541f-42e5-a705-a5dbd61abfc2.jpg\" data-dt-img-description=\"\" data-large_image_width=\"2000\" data-large_image_height=\"1500\"><img loading=\"lazy\" decoding=\"async\" class=\"size-medium wp-image-149637 alignleft\" src=\"https:\/\/www.radiopiu.net\/wordpress\/wp-content\/uploads\/2020\/07\/8184da7b-541f-42e5-a705-a5dbd61abfc2-300x225.jpg\" alt=\"\" width=\"300\" height=\"225\" srcset=\"https:\/\/www.radiopiu.net\/wordpress\/wp-content\/uploads\/2020\/07\/8184da7b-541f-42e5-a705-a5dbd61abfc2-300x225.jpg 300w, https:\/\/www.radiopiu.net\/wordpress\/wp-content\/uploads\/2020\/07\/8184da7b-541f-42e5-a705-a5dbd61abfc2-1024x768.jpg 1024w, https:\/\/www.radiopiu.net\/wordpress\/wp-content\/uploads\/2020\/07\/8184da7b-541f-42e5-a705-a5dbd61abfc2-768x576.jpg 768w, https:\/\/www.radiopiu.net\/wordpress\/wp-content\/uploads\/2020\/07\/8184da7b-541f-42e5-a705-a5dbd61abfc2-1536x1152.jpg 1536w, https:\/\/www.radiopiu.net\/wordpress\/wp-content\/uploads\/2020\/07\/8184da7b-541f-42e5-a705-a5dbd61abfc2.jpg 2000w\" sizes=\"auto, (max-width: 300px) 100vw, 300px\" \/><\/a>FELTRE <\/strong>In tutto il territorio comunale (ad eccezione del centro storico per evidenti motivi logistici) dal 1 settembre saranno operative le isole ecologiche complete in cui ai \u201ctradizionali\u201d cassonetti di secco, carta\/cartone e plastica\/lattine si aggiungeranno le nuove calotte per il rifiuto organico (apribili con la tessera magnetica gi\u00e0 in uso) e quelle per il vetro (apribili liberamente senza chiavetta\/tessera).<br \/>\nAi cittadini delle frazioni dove \u00e8 presente il \u201cporta a porta\u201d ad oggi ancora sprovvisti di badge (Tomo, Villaga, Canal e Sanzan e Pren, Lamen, Vignui, Lasen e Arson) le tessere magnetiche sono gi\u00e0 in recapito postale in questi giorni.\u00a0In questo modo in tutto il Comune si avr\u00e0 un sistema uniforme e coordinato, con ulteriore atteso miglioramento dei dati sulla quantit\u00e0 e sulla qualit\u00e0 del rifiuto differenziato raccolto, che vede Feltre gi\u00e0 ai primi posti delle classifiche regionali e nazionali.<\/p>\n<p><strong>ADIS ZATTA, COMUNE DI FELTRE<\/strong><\/p>\n<audio class=\"wp-audio-shortcode\" id=\"audio-149468-9\" preload=\"none\" style=\"width: 100%;\" controls=\"controls\"><source type=\"audio\/mpeg\" src=\"https:\/\/www.radiopiu.net\/wordpress\/wp-content\/uploads\/2020\/07\/Zatta-su-modifiche-raccolta-differenziata.mp3?_=9\" \/><a href=\"https:\/\/www.radiopiu.net\/wordpress\/wp-content\/uploads\/2020\/07\/Zatta-su-modifiche-raccolta-differenziata.mp3\">https:\/\/www.radiopiu.net\/wordpress\/wp-content\/uploads\/2020\/07\/Zatta-su-modifiche-raccolta-differenziata.mp3<\/a><\/audio>\n<p>&nbsp;<\/p>\n<hr \/>\n<p>&nbsp;<\/p>\n<blockquote>\n<h3>VENERDI IL CONSIGLIO GENERALE DELLA CISL BELLUNO_TREVISO<\/h3>\n<\/blockquote>\n<p><strong><a class=\"dt-pswp-item\" href=\"https:\/\/www.radiopiu.net\/wordpress\/wp-content\/uploads\/2020\/04\/CISL-BELLUNO-OK.jpg\" data-dt-img-description=\"\" data-large_image_width=\"909\" data-large_image_height=\"910\"><img loading=\"lazy\" decoding=\"async\" class=\" wp-image-132184 alignleft\" src=\"https:\/\/www.radiopiu.net\/wordpress\/wp-content\/uploads\/2020\/04\/CISL-BELLUNO-OK-300x300.jpg\" alt=\"\" width=\"181\" height=\"181\" srcset=\"https:\/\/www.radiopiu.net\/wordpress\/wp-content\/uploads\/2020\/04\/CISL-BELLUNO-OK-300x300.jpg 300w, https:\/\/www.radiopiu.net\/wordpress\/wp-content\/uploads\/2020\/04\/CISL-BELLUNO-OK-150x150.jpg 150w, https:\/\/www.radiopiu.net\/wordpress\/wp-content\/uploads\/2020\/04\/CISL-BELLUNO-OK-768x769.jpg 768w, https:\/\/www.radiopiu.net\/wordpress\/wp-content\/uploads\/2020\/04\/CISL-BELLUNO-OK.jpg 909w\" sizes=\"auto, (max-width: 181px) 100vw, 181px\" \/><\/a>BELLUNO<\/strong> La crisi innescata dal Covid-19 \u00e8 senza precedenti sia per come \u00e8 avvenuta, sia per la rapidit\u00e0 con cui ha contagiato il mondo, che per la sua ampiezza. Oggi va ripensato non solo il sistema economico, ma anche quello delle relazioni industriali, il rapporto fra Stato e cittadino, il welfare, cos\u00ec come i modelli previdenziali e fiscali adottati fino ad oggi. Potranno reggere ancora per molto? La co-gestione e la partecipazione ai processi decisionali pu\u00f2 rappresentare una delle strade da imboccare per uscire dalla crisi? L\u2019Italia ha i numeri per affrontare la crisi globale? Le tensioni sociali sono destinate a crescere nel nostro Paese? Le problematiche profonde emerse durante l&#8217;emergenza sanitaria e sociale scatenata dal coronavirus saranno al centro della riflessione del Consiglio generale della Cisl Belluno Treviso &#8211; il primo in presenza dall\u2019inizio dell\u2019anno &#8211; fissato per venerd\u00ec 17 luglio alle 10 al Park Hotel Villa Fiorita di Monastier di Treviso. Il tema \u201cLavoro, economia e societ\u00e0: come affrontare il post pandemia\u201d sar\u00e0 discusso dalle 10.30 alle 13 nell\u2019ambito di una tavola rotonda alla quale parteciperanno Maurizio Castro, Commissario straordinario di Wanbao Acc di Mel, Giuseppe Gallo, Presidente della Fondazione Tarantelli &#8211; Centro studi, ricerca e formazione Cisl e Ignazio Ganga, Segretario Cisl nazionale con delega alle politiche fiscali, previdenziali e sanitarie. Modera il giornalista Mattia Zanardo.<\/p>\n<p>&nbsp;<\/p>\n<hr \/>\n<h3><\/h3>\n<blockquote>\n<h3>L&#8217;ALLARME DEI GIOVANI IMPRENDITORI CONFAPI, &#8220;LA CULTURA CREA RICCHEZZA&#8221;<\/h3>\n<\/blockquote>\n<p><strong>VENEZIA<\/strong> I 300 milioni stanziati dal Ministero dei Beni culturali sono briciole in confronto agli 1,73 miliardi destinati al settore dal governo britannico. Eppure, ogni euro investito in cultura genera un indotto di 1,8 e crea lavoro: i 550 mila euro messi a disposizione dalla Regione Veneto valgono a conti fatti quasi un milione. La provocazione del presidente dei Giovani Imprenditori Confapi Jonathan Morello Ritter: \u00abPerch\u00e9 non destinare le risorse sperperate per Quota 100 alla cultura?\u00bb. L\u2019Italia ha destinato nel 2020 circa 300 milioni di euro a sostegno della cultura per far fronte alla pandemia. Per aiutare i teatri, le gallerie d\u2019arte e gli istituti culturali a sopravvivere alla crisi del coronavirus il governo britannico ha stanziato invece 1,57 miliardi di sterline (al cambio, pari a circa 1,73 miliardi di euro). Quasi sei volte tanto. A mettere a confronto i numeri sono i Giovani Imprenditori di Confapi, che partono da una constatazione: il ritorno economico di ogni euro pubblico investito nel sistema produttivo culturale e creativo \u00e8 di 1,8. In altre parole, come spiega Paola Dubini, docente di Management delle industrie culturali ed Economia delle istituzioni culturali alla Bocconi di Milano, ogni euro versato qui ne attivava 1,8 in altri settori. Nel 2018, anno d\u2019oro per il sistema produttivo culturale e creativo, i 95,8 miliardi investiti ne hanno stimolati 169,5. I 300 milioni stanziati dal Governo, secondo questa stima, ne varrebbero perci\u00f2 540.<\/p>\n<p>&nbsp;<\/p>\n<hr \/>\n<p>&nbsp;<\/p>\n<p>&nbsp;<\/p>\n<p>&nbsp;<\/p>\n<blockquote>\n<h3>INFOPOINT IN NEVEGAL, NUOVI ORARI DI APERTURA<\/h3>\n<\/blockquote>\n<p><strong>BELLUNO<\/strong>\u00a0 \u00abVista la forte affluenza di turisti che si sta registrando in questi giorni in Nevegal, abbiamo concordato con il Consorzio Dolomiti Prealpi di ampliare l&#8217;orario di apertura dell&#8217;Infopoint\u00bb: \u00e8 l&#8217;assessore al turismo Yuki d&#8217;Emilia ad annunciare la novit\u00e0, concordata tra Palazzo Rosso e il nuovo gestore della promozione e accoglienza turistica del capoluogo, che sar\u00e0 operativa gi\u00e0 da venerd\u00ec 17 luglio. Si tratta di un ampliamento di una quarantina di ore rispetto a quanto gi\u00e0 annunciato e interesser\u00e0 per ora solamente il periodo estivo. Per il mese di luglio, quindi, alla fascia oraria 9.00 \u2013 13.00 dal venerd\u00ec alla domenica si aggiunge anche quella pomeridiana dalle 14.00 alle 16.00. Ad agosto, l&#8217;Infopoint sar\u00e0 aperto tutti i giorni dalle 9.00 alle 13.00, e nei pomeriggi di venerd\u00ec, sabato e domenica anche dalle 14.00 alle 16.00. Infine, nella settimana di Ferragosto, dall\u20198 al 16 agosto, l&#8217;ufficio sar\u00e0 aperto tutti i giorni alla mattina dalle 9.00 alle 13.00\u00a0 e nel pomeriggio dalle 14.00 alle 16.00.<\/p>\n<p>&nbsp;<\/p>\n<p>&nbsp;<\/p>\n<p>&nbsp;<\/p>\n<hr \/>\n<p>&nbsp;<\/p>\n<h3 class=\"photoswipe-wrapper\"><a class=\"dt-pswp-item pspw-wrap-ready\" href=\"https:\/\/i2.wp.com\/www.radiopiu.net\/wordpress\/wp-content\/uploads\/2018\/09\/appuntamenti.jpeg?ssl=1\" data-dt-img-description=\"\" data-large_image_width=\"800\" data-large_image_height=\"100\"><img loading=\"lazy\" decoding=\"async\" class=\"alignnone wp-image-61958 size-full jetpack-lazy-image jetpack-lazy-image--handled\" src=\"https:\/\/i2.wp.com\/www.radiopiu.net\/wordpress\/wp-content\/uploads\/2018\/09\/appuntamenti.jpeg?resize=800%2C100&amp;ssl=1\" sizes=\"auto, (max-width: 800px) 100vw, 800px\" srcset=\"https:\/\/i2.wp.com\/www.radiopiu.net\/wordpress\/wp-content\/uploads\/2018\/09\/appuntamenti.jpeg?w=800&amp;ssl=1 800w, https:\/\/i2.wp.com\/www.radiopiu.net\/wordpress\/wp-content\/uploads\/2018\/09\/appuntamenti.jpeg?resize=300%2C38&amp;ssl=1 300w, https:\/\/i2.wp.com\/www.radiopiu.net\/wordpress\/wp-content\/uploads\/2018\/09\/appuntamenti.jpeg?resize=768%2C96&amp;ssl=1 768w\" alt=\"\" width=\"800\" height=\"100\" data-lazy-loaded=\"1\" \/><\/a><\/h3>\n<p>&nbsp;<\/p>\n<p>&nbsp;<\/p>\n<blockquote>\n<h3>ALESSANDRO LANZONI AL FULCIS<\/h3>\n<\/blockquote>\n<p><a class=\"dt-pswp-item\" href=\"https:\/\/www.radiopiu.net\/wordpress\/wp-content\/uploads\/2020\/07\/11Alessandro-Lanzoni.jpg\" data-dt-img-description=\"\" data-large_image_width=\"1000\" data-large_image_height=\"450\"><img loading=\"lazy\" decoding=\"async\" class=\" wp-image-149556 alignleft\" src=\"https:\/\/www.radiopiu.net\/wordpress\/wp-content\/uploads\/2020\/07\/11Alessandro-Lanzoni-300x135.jpg\" alt=\"\" width=\"207\" height=\"94\" srcset=\"https:\/\/www.radiopiu.net\/wordpress\/wp-content\/uploads\/2020\/07\/11Alessandro-Lanzoni-300x135.jpg 300w, https:\/\/www.radiopiu.net\/wordpress\/wp-content\/uploads\/2020\/07\/11Alessandro-Lanzoni-768x346.jpg 768w, https:\/\/www.radiopiu.net\/wordpress\/wp-content\/uploads\/2020\/07\/11Alessandro-Lanzoni.jpg 1000w\" sizes=\"auto, (max-width: 207px) 100vw, 207px\" \/><\/a><strong>BELLUNO<\/strong> Domenica 19 luglio alle\u00a0 18, nella Corte di Palazzo Fulcis a Belluno, il pianista Alessandro Lanzoni sar\u00e0 ospite di Belluno e del Circolo Culturale Bellunese, con un concerto per lo pi\u00f9 dedicato alla libera improvvisazione jazz, all&#8217;insegna del suo eclettismo stilistico. L&#8217;evento \u00e8 parte della rassegna del Circolo Culturale Bellunese, Concerti in Villa e nelle Corti, giunta alla XXXI edizione. Si raccomanda la prenotazione presso l&#8217;Agenzia Alpe Bellunese, Piazza Martiri, 2\/A \u2013 tel. 0437 940407. Il pagamento dei biglietti \u00e8 il giorno stesso del concerto, direttamente a Palazzo Fulcis. Informazioni e note di sala su www.belcircolo.org.<\/p>\n<p>&nbsp;<\/p>\n<p>&nbsp;<\/p>\n<p>&nbsp;<\/p>\n<blockquote>\n<h3>GLI APPUNTAMENTI ESTIVI NEL RICORDO DI PAPA ALBINO LUCIANI<\/h3>\n<\/blockquote>\n<p><strong>CANALE D\u2019AGORDO<\/strong> La Fondazione Papa Luciani ha predisposto il programma degli appuntamenti per l\u2019estate 2020:<\/p>\n<p>Fino al<strong> 31 agosto<\/strong> nella casa delle Regole mostra Le Regole della Valle del Biois. <strong>11 agosto<\/strong> in chiesa concerto d\u2019organo con Luca Poppi, <strong>12 agosto<\/strong> 17.30 al Museo Luciani inaugurazione della mostra Gli ultimi Papi europei, itinerari tra i paesi natali degli ultimi pontefici aperta fino al 28 settembre.\u00a0 <strong>16 agosto<\/strong> alle 21 in chiesa Giovanni Paolo I perch\u00e9 \u00e8 attuale con Andrea Tornielli direttore editoriale del Dicastero della comunitazione della Santa Sede. <strong>20 agosto<\/strong> alle 21 Quando sentivo l\u2019organo suonare a piene canne, concerto in onore di Papa Luciani con Ai Yoshida, Loris Serafini e la mezzosoprano Oda Hochscheid, <strong>23 agosto<\/strong> alle 17.30 in sala conferenze del Musal I musei nelle Dolomiti, opportunit\u00e0 per cultura e spiritualit\u00e0, tavola rotonda con Alberto Ferrari, Stefano Perale, Corona Perer e Giovanna Rech, <strong>25 agosto<\/strong> ore 21 in chiesa concerto del quartetto d\u2019archi del Friuli, organista Silvia Tessari, primo violino Guido Freschi.<strong> 26 agosto<\/strong> 16.30 in piazza a Canale d\u2019Agordo messa in occasione dell\u2019elezioni di Giovanni Paolo I. <strong>28 settembre<\/strong> alle 18 in chiesa messa in occasione dell\u2019anniversario della morte di Papa Luciani.<\/p>\n<p>&nbsp;<\/p>\n<hr \/>\n<blockquote>\n<h3><\/h3>\n<h3>LA VIA DELLE MERIDIANE PER LA SCUOLA DI ALLEGHE<\/h3>\n<\/blockquote>\n<p><strong>ALLEGHE<\/strong> Ogni giovedi di luglio ed agosto, con prenotazione presso l\u2019Ufficio Turistico di Alleghe, vengono organizzati dei giri accompagnati sulla \u201cvia delle meridiane\u201d, un viaggio nel tempo alla scoperta degli orologi solari di Alleghe con la guida SIlvia Da Roit e il contributo di Giuseppe De Don\u00e0 referente orologi solari Italia. Il tour ha una durata di circa 2 ore (90 metri di dislivello su percorso facile) con partenza alle 9.30 da Piazza Kennedy. Chi partecipa contribuisce con un\u2019offerta libera devoluta alla scuola primaria di Alleghe.<\/p>\n<p>&nbsp;<\/p>\n<hr \/>\n<p>&nbsp;<\/p>\n<p>&nbsp;<\/p>\n<blockquote>\n<h3>GIANNI SANTOMASO VOCE DI RADIO PIU\u2019 PRESENTA VIDOTTO<\/h3>\n<\/blockquote>\n<p>&nbsp;<\/p>\n<p><strong class=\"photoswipe-wrapper\"><a class=\"dt-pswp-item pspw-wrap-ready\" href=\"https:\/\/i2.wp.com\/www.radiopiu.net\/wordpress\/wp-content\/uploads\/2020\/07\/UN-OCEANO-DI-STORIE.jpg?ssl=1\" data-dt-img-description=\"\" data-large_image_width=\"1587\" data-large_image_height=\"2245\"><img loading=\"lazy\" decoding=\"async\" class=\" wp-image-149393 alignleft\" src=\"https:\/\/i2.wp.com\/www.radiopiu.net\/wordpress\/wp-content\/uploads\/2020\/07\/UN-OCEANO-DI-STORIE.jpg?resize=134%2C190&amp;ssl=1\" sizes=\"auto, (max-width: 134px) 100vw, 134px\" srcset=\"https:\/\/i2.wp.com\/www.radiopiu.net\/wordpress\/wp-content\/uploads\/2020\/07\/UN-OCEANO-DI-STORIE.jpg?resize=212%2C300&amp;ssl=1 212w, https:\/\/i2.wp.com\/www.radiopiu.net\/wordpress\/wp-content\/uploads\/2020\/07\/UN-OCEANO-DI-STORIE.jpg?resize=724%2C1024&amp;ssl=1 724w, https:\/\/i2.wp.com\/www.radiopiu.net\/wordpress\/wp-content\/uploads\/2020\/07\/UN-OCEANO-DI-STORIE.jpg?resize=768%2C1086&amp;ssl=1 768w, https:\/\/i2.wp.com\/www.radiopiu.net\/wordpress\/wp-content\/uploads\/2020\/07\/UN-OCEANO-DI-STORIE.jpg?resize=1086%2C1536&amp;ssl=1 1086w, https:\/\/i2.wp.com\/www.radiopiu.net\/wordpress\/wp-content\/uploads\/2020\/07\/UN-OCEANO-DI-STORIE.jpg?resize=1448%2C2048&amp;ssl=1 1448w, https:\/\/i2.wp.com\/www.radiopiu.net\/wordpress\/wp-content\/uploads\/2020\/07\/UN-OCEANO-DI-STORIE.jpg?w=1587&amp;ssl=1 1587w\" alt=\"\" width=\"134\" height=\"190\" \/><\/a>AGORDO\u00a0<\/strong> Venerd\u00ec 17 luglio 2020 Ad Agordo Pro Loco ospita Francesco Vidotto, scrittore, alpinista e appassionato di montagna. L\u2019incontro avverr\u00e0 in sala don Ferdinando Tamis di Agordo dalle ore 20.30 e sar\u00e0 presentato da Gianni Santomaso, giornalista del corriere delle alpi\u00a0 e voce di Radio Pi\u00f9.\u00a0 Insieme a Francesco si parler\u00e0 della sua vita, delle storie dei suoi libri e sar\u00e0 possibile interagire con lui attraverso un dibattito finale. Tra i suoi libri citiamo: Il \u00a0Selvaggio (2005), Siro (2011), Zoe (2012), Oceano (2014), Fabro (2016) e Il Cervo e il bambino (2020) che saranno disponibili presso la sede dell\u2019evento.<\/p>\n<p>&nbsp;<\/p>\n<p>&nbsp;<\/p>\n<p>&nbsp;<\/p>\n<p>&nbsp;<\/p>\n<hr \/>\n<p>&nbsp;<\/p>\n<p>&nbsp;<\/p>\n<p>&nbsp;<\/p>\n<blockquote>\n<h2 id=\"tw-target-text\" class=\"tw-data-text tw-text-large XcVN5d tw-ta\" dir=\"ltr\" data-placeholder=\"Traduzione\"><span lang=\"en\">appointments recommended by radio pi\u00f9<\/span><\/h2>\n<\/blockquote>\n\n\t\t\t<style type='text\/css'>\n\t\t\t\t#gallery-2 {\n\t\t\t\t\tmargin: auto;\n\t\t\t\t}\n\t\t\t\t#gallery-2 .gallery-item {\n\t\t\t\t\tfloat: left;\n\t\t\t\t\tmargin-top: 10px;\n\t\t\t\t\ttext-align: center;\n\t\t\t\t\twidth: 25%;\n\t\t\t\t}\n\t\t\t\t#gallery-2 img {\n\t\t\t\t\tborder: 2px solid #cfcfcf;\n\t\t\t\t}\n\t\t\t\t#gallery-2 .gallery-caption {\n\t\t\t\t\tmargin-left: 0;\n\t\t\t\t}\n\t\t\t\t\/* see gallery_shortcode() in wp-includes\/media.php *\/\n\t\t\t<\/style>\n\t\t<div id='gallery-2' class='dt-gallery-container gallery galleryid-149468 gallery-columns-4 gallery-size-thumbnail'><dl class='gallery-item'>\n\t\t\t\t<dt class='gallery-icon portrait'>\n\t\t\t\t\t<a class=\"rollover rollover-zoom dt-pswp-item\" title=\"0995c87e-41e6-46f0-81e9-380485c41502\" data-dt-img-description=\"\" data-large_image_width=\"1447\" data-large_image_height=\"2048\"href='https:\/\/www.radiopiu.net\/wordpress\/wp-content\/uploads\/2020\/07\/0995c87e-41e6-46f0-81e9-380485c41502.jpg'><img loading=\"lazy\" decoding=\"async\" width=\"150\" height=\"150\" src=\"https:\/\/www.radiopiu.net\/wordpress\/wp-content\/uploads\/2020\/07\/0995c87e-41e6-46f0-81e9-380485c41502-150x150.jpg\" class=\"attachment-thumbnail size-thumbnail\" alt=\"\" \/><\/a>\n\t\t\t\t<\/dt><\/dl><dl class='gallery-item'>\n\t\t\t\t<dt class='gallery-icon portrait'>\n\t\t\t\t\t<a class=\"rollover rollover-zoom dt-pswp-item\" title=\"446199a0-ccb6-4daa-88f9-ee34f5a4944a\" data-dt-img-description=\"\" data-large_image_width=\"1080\" data-large_image_height=\"1350\"href='https:\/\/www.radiopiu.net\/wordpress\/wp-content\/uploads\/2020\/07\/446199a0-ccb6-4daa-88f9-ee34f5a4944a.jpg'><img loading=\"lazy\" decoding=\"async\" width=\"150\" height=\"150\" src=\"https:\/\/www.radiopiu.net\/wordpress\/wp-content\/uploads\/2020\/07\/446199a0-ccb6-4daa-88f9-ee34f5a4944a-150x150.jpg\" class=\"attachment-thumbnail size-thumbnail\" alt=\"\" \/><\/a>\n\t\t\t\t<\/dt><\/dl><dl class='gallery-item'>\n\t\t\t\t<dt class='gallery-icon landscape'>\n\t\t\t\t\t<a class=\"rollover rollover-zoom dt-pswp-item\" title=\"94dd24ee-147f-4f92-9abc-864a5a200347\" data-dt-img-description=\"\" data-large_image_width=\"1500\" data-large_image_height=\"1500\"href='https:\/\/www.radiopiu.net\/wordpress\/wp-content\/uploads\/2020\/07\/94dd24ee-147f-4f92-9abc-864a5a200347-1.jpg'><img loading=\"lazy\" decoding=\"async\" width=\"150\" height=\"150\" src=\"https:\/\/www.radiopiu.net\/wordpress\/wp-content\/uploads\/2020\/07\/94dd24ee-147f-4f92-9abc-864a5a200347-1-150x150.jpg\" class=\"attachment-thumbnail size-thumbnail\" alt=\"\" srcset=\"https:\/\/www.radiopiu.net\/wordpress\/wp-content\/uploads\/2020\/07\/94dd24ee-147f-4f92-9abc-864a5a200347-1-150x150.jpg 150w, https:\/\/www.radiopiu.net\/wordpress\/wp-content\/uploads\/2020\/07\/94dd24ee-147f-4f92-9abc-864a5a200347-1-300x300.jpg 300w, https:\/\/www.radiopiu.net\/wordpress\/wp-content\/uploads\/2020\/07\/94dd24ee-147f-4f92-9abc-864a5a200347-1-1024x1024.jpg 1024w, https:\/\/www.radiopiu.net\/wordpress\/wp-content\/uploads\/2020\/07\/94dd24ee-147f-4f92-9abc-864a5a200347-1-768x768.jpg 768w, https:\/\/www.radiopiu.net\/wordpress\/wp-content\/uploads\/2020\/07\/94dd24ee-147f-4f92-9abc-864a5a200347-1.jpg 1500w\" sizes=\"auto, (max-width: 150px) 100vw, 150px\" \/><\/a>\n\t\t\t\t<\/dt><\/dl><dl class='gallery-item'>\n\t\t\t\t<dt class='gallery-icon portrait'>\n\t\t\t\t\t<a class=\"rollover rollover-zoom dt-pswp-item\" title=\"4dd872a2-f52d-4a12-9746-816401dfe394\" data-dt-img-description=\"\" data-large_image_width=\"1131\" data-large_image_height=\"1600\"href='https:\/\/www.radiopiu.net\/wordpress\/wp-content\/uploads\/2020\/07\/4dd872a2-f52d-4a12-9746-816401dfe394.jpg'><img loading=\"lazy\" decoding=\"async\" width=\"150\" height=\"150\" src=\"https:\/\/www.radiopiu.net\/wordpress\/wp-content\/uploads\/2020\/07\/4dd872a2-f52d-4a12-9746-816401dfe394-150x150.jpg\" class=\"attachment-thumbnail size-thumbnail\" alt=\"\" \/><\/a>\n\t\t\t\t<\/dt><\/dl><br style=\"clear: both\" \/><dl class='gallery-item'>\n\t\t\t\t<dt class='gallery-icon portrait'>\n\t\t\t\t\t<a class=\"rollover rollover-zoom dt-pswp-item\" title=\"fb0f2285-210f-4bba-8573-b8ff07a91fa8\" data-dt-img-description=\"\" data-large_image_width=\"726\" data-large_image_height=\"1024\"href='https:\/\/www.radiopiu.net\/wordpress\/wp-content\/uploads\/2020\/07\/fb0f2285-210f-4bba-8573-b8ff07a91fa8.jpg'><img loading=\"lazy\" decoding=\"async\" width=\"150\" height=\"150\" src=\"https:\/\/www.radiopiu.net\/wordpress\/wp-content\/uploads\/2020\/07\/fb0f2285-210f-4bba-8573-b8ff07a91fa8-150x150.jpg\" class=\"attachment-thumbnail size-thumbnail\" alt=\"\" \/><\/a>\n\t\t\t\t<\/dt><\/dl><dl class='gallery-item'>\n\t\t\t\t<dt class='gallery-icon portrait'>\n\t\t\t\t\t<a class=\"rollover rollover-zoom dt-pswp-item\" title=\"andraz-trekking-ok\" data-dt-img-description=\"\" data-large_image_width=\"1810\" data-large_image_height=\"2560\"href='https:\/\/www.radiopiu.net\/wordpress\/wp-content\/uploads\/2020\/07\/andraz-trekking-ok-scaled.jpg'><img loading=\"lazy\" decoding=\"async\" width=\"150\" height=\"150\" src=\"https:\/\/www.radiopiu.net\/wordpress\/wp-content\/uploads\/2020\/07\/andraz-trekking-ok-150x150.jpg\" class=\"attachment-thumbnail size-thumbnail\" alt=\"\" \/><\/a>\n\t\t\t\t<\/dt><\/dl><dl class='gallery-item'>\n\t\t\t\t<dt class='gallery-icon portrait'>\n\t\t\t\t\t<a class=\"rollover rollover-zoom dt-pswp-item\" title=\"Locandina eventi 1 (1)\" data-dt-img-description=\"\" data-large_image_width=\"1414\" data-large_image_height=\"2000\"href='https:\/\/www.radiopiu.net\/wordpress\/wp-content\/uploads\/2020\/07\/Locandina-eventi-1-1.png'><img loading=\"lazy\" decoding=\"async\" width=\"150\" height=\"150\" src=\"https:\/\/www.radiopiu.net\/wordpress\/wp-content\/uploads\/2020\/07\/Locandina-eventi-1-1-150x150.png\" class=\"attachment-thumbnail size-thumbnail\" alt=\"\" \/><\/a>\n\t\t\t\t<\/dt><\/dl>\n\t\t\t\t<br style='clear: both' \/>\n\t\t\t<\/div>\n\n<div id=\"gallery-15\" class=\"dt-gallery-container gallery galleryid-149333 gallery-columns-3 gallery-size-thumbnail\"><\/div>\n<p>&nbsp;<\/p>\n<p>&nbsp;<\/p>\n<p>&nbsp;<\/p>\n<hr \/>\n<p>&nbsp;<\/p>\n<blockquote class=\"wp-embedded-content\" data-secret=\"WzsAlzqGrR\"><p><a href=\"https:\/\/www.radiopiu.net\/wordpress\/sedico-la-fede-antica-e-profonda-e-testimoniata-da-varie-chiesette-di-renato-bona\/\">SEDICO. LA FEDE ANTICA E PROFONDA E\u2019 TESTIMONIATA DA VARIE CHIESETTE di Renato Bona<\/a><\/p><\/blockquote>\n<p><iframe loading=\"lazy\" class=\"wp-embedded-content\" sandbox=\"allow-scripts\" security=\"restricted\" style=\"position: absolute; clip: rect(1px, 1px, 1px, 1px);\" title=\"&#8220;SEDICO. LA FEDE ANTICA E PROFONDA E\u2019 TESTIMONIATA DA VARIE CHIESETTE di Renato Bona&#8221; &#8212; Radio Pi\u00f9\" src=\"https:\/\/www.radiopiu.net\/wordpress\/sedico-la-fede-antica-e-profonda-e-testimoniata-da-varie-chiesette-di-renato-bona\/embed\/#?secret=WzsAlzqGrR\" data-secret=\"WzsAlzqGrR\" width=\"600\" height=\"338\" frameborder=\"0\" marginwidth=\"0\" marginheight=\"0\" scrolling=\"no\"><\/iframe><\/p>\n<p>&nbsp;<\/p>\n<hr \/>\n<p>&nbsp;<\/p>\n<p>&nbsp;<\/p>\n<h2>IERI ALLA RADIO<\/h2>\n<div id=\"attachment_142687\" style=\"width: 2570px\" class=\"wp-caption alignleft\"><a class=\"dt-pswp-item\" href=\"https:\/\/www.radiopiu.net\/wordpress\/wp-content\/uploads\/2020\/06\/Arabba_ph.credit_Roberto-Grones-scaled.jpg\" data-dt-img-description=\"DCIM100MEDIADJI_0018.JPG\" data-large_image_width=\"2560\" data-large_image_height=\"1920\"><img loading=\"lazy\" decoding=\"async\" aria-describedby=\"caption-attachment-142687\" class=\" wp-image-142687\" src=\"https:\/\/www.radiopiu.net\/wordpress\/wp-content\/uploads\/2020\/06\/Arabba_ph.credit_Roberto-Grones-300x225.jpg\" alt=\"\" width=\"185\" height=\"139\" srcset=\"https:\/\/www.radiopiu.net\/wordpress\/wp-content\/uploads\/2020\/06\/Arabba_ph.credit_Roberto-Grones-300x225.jpg 300w, https:\/\/www.radiopiu.net\/wordpress\/wp-content\/uploads\/2020\/06\/Arabba_ph.credit_Roberto-Grones-1024x768.jpg 1024w, https:\/\/www.radiopiu.net\/wordpress\/wp-content\/uploads\/2020\/06\/Arabba_ph.credit_Roberto-Grones-768x576.jpg 768w, https:\/\/www.radiopiu.net\/wordpress\/wp-content\/uploads\/2020\/06\/Arabba_ph.credit_Roberto-Grones-1536x1152.jpg 1536w, https:\/\/www.radiopiu.net\/wordpress\/wp-content\/uploads\/2020\/06\/Arabba_ph.credit_Roberto-Grones-2048x1536.jpg 2048w\" sizes=\"auto, (max-width: 185px) 100vw, 185px\" \/><\/a><p id=\"caption-attachment-142687\" class=\"wp-caption-text\">DCIM100MEDIADJI_0018.JPG<\/p><\/div>\n<p><strong>DALLA FABBRICA DELLE EMOZIONI IN COLLABORAZIONE CON GIORNALE &amp; CAFFE&#8217; DERSUT DI TAIBON AGORDINO<\/strong><\/p>\n<blockquote>\n<h3>FILIPPO ONGARO, RESPONSABILE MARKETING ARABBA FUNIVE<\/h3>\n<\/blockquote>\n<audio class=\"wp-audio-shortcode\" id=\"audio-149468-10\" preload=\"none\" style=\"width: 100%;\" controls=\"controls\"><source type=\"audio\/mpeg\" src=\"https:\/\/www.radiopiu.net\/wordpress\/wp-content\/uploads\/2020\/07\/filippo-ongaro-15-luglio.mp3?_=10\" \/><a href=\"https:\/\/www.radiopiu.net\/wordpress\/wp-content\/uploads\/2020\/07\/filippo-ongaro-15-luglio.mp3\">https:\/\/www.radiopiu.net\/wordpress\/wp-content\/uploads\/2020\/07\/filippo-ongaro-15-luglio.mp3<\/a><\/audio>\n<p>&nbsp;<\/p>\n<p>&nbsp;<\/p>\n<hr \/>\n<p>&nbsp;<\/p>\n<h2>IERI ALLA RADIO<\/h2>\n<blockquote>\n<h3>QUATTRO APPUNTAMENTI CON LA MUSICA DEI NOSTRI MUSICISTI A LONGARONE, OSPITE IL DIRETTORE ARTISTICO MATTEO SQUAIERA.<\/h3>\n<\/blockquote>\n<audio class=\"wp-audio-shortcode\" id=\"audio-149468-11\" preload=\"none\" style=\"width: 100%;\" controls=\"controls\"><source type=\"audio\/mpeg\" src=\"https:\/\/www.radiopiu.net\/wordpress\/wp-content\/uploads\/2020\/07\/MATTEO-SQUAIERA-ven-16-21-e-sabato-11-e-18.mp3?_=11\" \/><a href=\"https:\/\/www.radiopiu.net\/wordpress\/wp-content\/uploads\/2020\/07\/MATTEO-SQUAIERA-ven-16-21-e-sabato-11-e-18.mp3\">https:\/\/www.radiopiu.net\/wordpress\/wp-content\/uploads\/2020\/07\/MATTEO-SQUAIERA-ven-16-21-e-sabato-11-e-18.mp3<\/a><\/audio>\n<p>&nbsp;<\/p>\n\n\t\t\t<style type='text\/css'>\n\t\t\t\t#gallery-3 {\n\t\t\t\t\tmargin: auto;\n\t\t\t\t}\n\t\t\t\t#gallery-3 .gallery-item {\n\t\t\t\t\tfloat: left;\n\t\t\t\t\tmargin-top: 10px;\n\t\t\t\t\ttext-align: center;\n\t\t\t\t\twidth: 20%;\n\t\t\t\t}\n\t\t\t\t#gallery-3 img {\n\t\t\t\t\tborder: 2px solid #cfcfcf;\n\t\t\t\t}\n\t\t\t\t#gallery-3 .gallery-caption {\n\t\t\t\t\tmargin-left: 0;\n\t\t\t\t}\n\t\t\t\t\/* see gallery_shortcode() in wp-includes\/media.php *\/\n\t\t\t<\/style>\n\t\t<div id='gallery-3' class='dt-gallery-container gallery galleryid-149468 gallery-columns-5 gallery-size-thumbnail'><dl class='gallery-item'>\n\t\t\t\t<dt class='gallery-icon landscape'>\n\t\t\t\t\t<a class=\"rollover rollover-zoom dt-pswp-item\" title=\"a77dd860-6218-4385-8718-6d81ca9b37cd\" data-dt-img-description=\"\" data-large_image_width=\"1600\" data-large_image_height=\"592\"href='https:\/\/www.radiopiu.net\/wordpress\/wp-content\/uploads\/2020\/07\/a77dd860-6218-4385-8718-6d81ca9b37cd.jpg'><img loading=\"lazy\" decoding=\"async\" width=\"150\" height=\"150\" src=\"https:\/\/www.radiopiu.net\/wordpress\/wp-content\/uploads\/2020\/07\/a77dd860-6218-4385-8718-6d81ca9b37cd-150x150.jpg\" class=\"attachment-thumbnail size-thumbnail\" alt=\"\" \/><\/a>\n\t\t\t\t<\/dt><\/dl><dl class='gallery-item'>\n\t\t\t\t<dt class='gallery-icon landscape'>\n\t\t\t\t\t<a class=\"rollover rollover-zoom dt-pswp-item\" title=\"9e41311b-506a-4d7a-8ba7-658807d3e441\" data-dt-img-description=\"\" data-large_image_width=\"1600\" data-large_image_height=\"1068\"href='https:\/\/www.radiopiu.net\/wordpress\/wp-content\/uploads\/2020\/07\/9e41311b-506a-4d7a-8ba7-658807d3e441.jpg'><img loading=\"lazy\" decoding=\"async\" width=\"150\" height=\"150\" src=\"https:\/\/www.radiopiu.net\/wordpress\/wp-content\/uploads\/2020\/07\/9e41311b-506a-4d7a-8ba7-658807d3e441-150x150.jpg\" class=\"attachment-thumbnail size-thumbnail\" alt=\"\" \/><\/a>\n\t\t\t\t<\/dt><\/dl><dl class='gallery-item'>\n\t\t\t\t<dt class='gallery-icon landscape'>\n\t\t\t\t\t<a class=\"rollover rollover-zoom dt-pswp-item\" title=\"a1577a18-ee51-436f-9626-29f9073fb3dc\" data-dt-img-description=\"\" data-large_image_width=\"1600\" data-large_image_height=\"1600\"href='https:\/\/www.radiopiu.net\/wordpress\/wp-content\/uploads\/2020\/07\/a1577a18-ee51-436f-9626-29f9073fb3dc.jpg'><img loading=\"lazy\" decoding=\"async\" width=\"150\" height=\"150\" src=\"https:\/\/www.radiopiu.net\/wordpress\/wp-content\/uploads\/2020\/07\/a1577a18-ee51-436f-9626-29f9073fb3dc-150x150.jpg\" class=\"attachment-thumbnail size-thumbnail\" alt=\"\" srcset=\"https:\/\/www.radiopiu.net\/wordpress\/wp-content\/uploads\/2020\/07\/a1577a18-ee51-436f-9626-29f9073fb3dc-150x150.jpg 150w, https:\/\/www.radiopiu.net\/wordpress\/wp-content\/uploads\/2020\/07\/a1577a18-ee51-436f-9626-29f9073fb3dc-300x300.jpg 300w, https:\/\/www.radiopiu.net\/wordpress\/wp-content\/uploads\/2020\/07\/a1577a18-ee51-436f-9626-29f9073fb3dc-1024x1024.jpg 1024w, https:\/\/www.radiopiu.net\/wordpress\/wp-content\/uploads\/2020\/07\/a1577a18-ee51-436f-9626-29f9073fb3dc-768x768.jpg 768w, https:\/\/www.radiopiu.net\/wordpress\/wp-content\/uploads\/2020\/07\/a1577a18-ee51-436f-9626-29f9073fb3dc-1536x1536.jpg 1536w, https:\/\/www.radiopiu.net\/wordpress\/wp-content\/uploads\/2020\/07\/a1577a18-ee51-436f-9626-29f9073fb3dc.jpg 1600w\" sizes=\"auto, (max-width: 150px) 100vw, 150px\" \/><\/a>\n\t\t\t\t<\/dt><\/dl><dl class='gallery-item'>\n\t\t\t\t<dt class='gallery-icon landscape'>\n\t\t\t\t\t<a class=\"rollover rollover-zoom dt-pswp-item\" title=\"25786a21-1ec8-4a66-9c18-2cb08d81f68a\" data-dt-img-description=\"\" data-large_image_width=\"1414\" data-large_image_height=\"1323\"href='https:\/\/www.radiopiu.net\/wordpress\/wp-content\/uploads\/2020\/07\/25786a21-1ec8-4a66-9c18-2cb08d81f68a.jpg'><img loading=\"lazy\" decoding=\"async\" width=\"150\" height=\"150\" src=\"https:\/\/www.radiopiu.net\/wordpress\/wp-content\/uploads\/2020\/07\/25786a21-1ec8-4a66-9c18-2cb08d81f68a-150x150.jpg\" class=\"attachment-thumbnail size-thumbnail\" alt=\"\" \/><\/a>\n\t\t\t\t<\/dt><\/dl><dl class='gallery-item'>\n\t\t\t\t<dt class='gallery-icon landscape'>\n\t\t\t\t\t<a class=\"rollover rollover-zoom dt-pswp-item\" title=\"3ec587d5-6dd2-48b6-b5a1-38f5a254e3c2\" data-dt-img-description=\"\" data-large_image_width=\"1600\" data-large_image_height=\"1066\"href='https:\/\/www.radiopiu.net\/wordpress\/wp-content\/uploads\/2020\/07\/3ec587d5-6dd2-48b6-b5a1-38f5a254e3c2.jpg'><img loading=\"lazy\" decoding=\"async\" width=\"150\" height=\"150\" src=\"https:\/\/www.radiopiu.net\/wordpress\/wp-content\/uploads\/2020\/07\/3ec587d5-6dd2-48b6-b5a1-38f5a254e3c2-150x150.jpg\" class=\"attachment-thumbnail size-thumbnail\" alt=\"\" \/><\/a>\n\t\t\t\t<\/dt><\/dl><br style=\"clear: both\" \/>\n\t\t\t<\/div>\n\n<p>&nbsp;<\/p>\n<p>&nbsp;<\/p>\n<h2><span style=\"color: #ff0000;\">DUE MINUTI UN LIBRO<\/span><\/h2>\n<blockquote class=\"wp-embedded-content\" data-secret=\"t9i6A45kvX\"><p><a href=\"https:\/\/www.radiopiu.net\/wordpress\/il-suo-occhio\/\">IL SUO OCCHIO<\/a><\/p><\/blockquote>\n<p><iframe loading=\"lazy\" class=\"wp-embedded-content\" sandbox=\"allow-scripts\" security=\"restricted\" style=\"position: absolute; clip: rect(1px, 1px, 1px, 1px);\" title=\"&#8220;IL SUO OCCHIO&#8221; &#8212; Radio Pi\u00f9\" src=\"https:\/\/www.radiopiu.net\/wordpress\/il-suo-occhio\/embed\/#?secret=t9i6A45kvX\" data-secret=\"t9i6A45kvX\" width=\"600\" height=\"338\" frameborder=\"0\" marginwidth=\"0\" marginheight=\"0\" scrolling=\"no\"><\/iframe><\/p>\n<p>LE ALTRE PUNTATE<\/p>\n<blockquote class=\"wp-embedded-content\" data-secret=\"KzlN3vP7xn\"><p><a href=\"https:\/\/www.radiopiu.net\/wordpress\/due-minuti-un-libro\/\">Due minuti un libro<\/a><\/p><\/blockquote>\n<p><iframe loading=\"lazy\" class=\"wp-embedded-content\" sandbox=\"allow-scripts\" security=\"restricted\" style=\"position: absolute; clip: rect(1px, 1px, 1px, 1px);\" title=\"&#8220;Due minuti un libro&#8221; &#8212; Radio Pi\u00f9\" src=\"https:\/\/www.radiopiu.net\/wordpress\/due-minuti-un-libro\/embed\/#?secret=KzlN3vP7xn\" data-secret=\"KzlN3vP7xn\" width=\"600\" height=\"338\" frameborder=\"0\" marginwidth=\"0\" marginheight=\"0\" scrolling=\"no\"><\/iframe><\/p>\n<p>&nbsp;<\/p>\n<hr \/>\n<p>&nbsp;<\/p>\n<h2><span style=\"color: #800080;\">IL MESSAGGIO DEI SACERDOTI A RADIO PIU&#8217;<\/span><\/h2>\n<blockquote class=\"wp-embedded-content\" data-secret=\"YzfWCADd3Y\"><p><a href=\"https:\/\/www.radiopiu.net\/wordpress\/chiesa11\/\">DON CESARE SU RADIO PIU&#8217; ALLE 7.30 E 19.30, PARROCCHIE DI AGORDO, LA VALLE E TAIBON<\/a><\/p><\/blockquote>\n<p><iframe loading=\"lazy\" class=\"wp-embedded-content\" sandbox=\"allow-scripts\" security=\"restricted\" style=\"position: absolute; clip: rect(1px, 1px, 1px, 1px);\" title=\"&#8220;DON CESARE SU RADIO PIU&#8217; ALLE 7.30 E 19.30, PARROCCHIE DI AGORDO, LA VALLE E TAIBON&#8221; &#8212; Radio Pi\u00f9\" src=\"https:\/\/www.radiopiu.net\/wordpress\/chiesa11\/embed\/#?secret=YzfWCADd3Y\" data-secret=\"YzfWCADd3Y\" width=\"600\" height=\"338\" frameborder=\"0\" marginwidth=\"0\" marginheight=\"0\" scrolling=\"no\"><\/iframe><\/p>\n<p>&nbsp;<\/p>\n<hr \/>\n<p>&nbsp;<\/p>\n<h2><span style=\"color: #339966;\">AGORDINOMERON&#8230;LA RACCOLTA<\/span><\/h2>\n<blockquote class=\"wp-embedded-content\" data-secret=\"eszk9xTicr\"><p><a href=\"https:\/\/www.radiopiu.net\/wordpress\/agordinomeron\/\">AGORDINOMERON, IL TERRITORIO SI RACCONTA Da un&#8217;idea di Gianni Santomaso<\/a><\/p><\/blockquote>\n<p><iframe loading=\"lazy\" class=\"wp-embedded-content\" sandbox=\"allow-scripts\" security=\"restricted\" style=\"position: absolute; clip: rect(1px, 1px, 1px, 1px);\" title=\"&#8220;AGORDINOMERON, IL TERRITORIO SI RACCONTA Da un&#8217;idea di Gianni Santomaso&#8221; &#8212; Radio Pi\u00f9\" src=\"https:\/\/www.radiopiu.net\/wordpress\/agordinomeron\/embed\/#?secret=eszk9xTicr\" data-secret=\"eszk9xTicr\" width=\"600\" height=\"338\" frameborder=\"0\" marginwidth=\"0\" marginheight=\"0\" scrolling=\"no\"><\/iframe><\/p>\n<p>&nbsp;<\/p>\n<hr \/>\n<p>&nbsp;<\/p>\n<h2><span style=\"color: #0000ff;\">I RACCONTI DI PAOLO SOPPELSA&#8230;LA RACCOLTA<\/span><\/h2>\n<blockquote class=\"wp-embedded-content\" data-secret=\"qY3iLPjWHu\"><p><a href=\"https:\/\/www.radiopiu.net\/wordpress\/i-racconti-di-paolo-soppelsa\/\">I racconti di Paolo Soppelsa<\/a><\/p><\/blockquote>\n<p><iframe loading=\"lazy\" class=\"wp-embedded-content\" sandbox=\"allow-scripts\" security=\"restricted\" style=\"position: absolute; clip: rect(1px, 1px, 1px, 1px);\" title=\"&#8220;I racconti di Paolo Soppelsa&#8221; &#8212; Radio Pi\u00f9\" src=\"https:\/\/www.radiopiu.net\/wordpress\/i-racconti-di-paolo-soppelsa\/embed\/#?secret=qY3iLPjWHu\" data-secret=\"qY3iLPjWHu\" width=\"600\" height=\"338\" frameborder=\"0\" marginwidth=\"0\" marginheight=\"0\" scrolling=\"no\"><\/iframe><\/p>\n<hr \/>\n<p>&nbsp;<\/p>\n<h2><span style=\"color: #ff99cc;\">ZAINO DA VIAGGIO AL FEMMINILE DI PAOLA LANCIATO<\/span><\/h2>\n<p>&nbsp;<\/p>\n<blockquote class=\"wp-embedded-content\" data-secret=\"Ur7aemnKHn\"><p><a href=\"https:\/\/www.radiopiu.net\/wordpress\/zaino-femminile-lanciato\/\">Zaino da viaggio al femminile<\/a><\/p><\/blockquote>\n<p><iframe loading=\"lazy\" class=\"wp-embedded-content\" sandbox=\"allow-scripts\" security=\"restricted\" style=\"position: absolute; clip: rect(1px, 1px, 1px, 1px);\" title=\"&#8220;Zaino da viaggio al femminile&#8221; &#8212; Radio Pi\u00f9\" src=\"https:\/\/www.radiopiu.net\/wordpress\/zaino-femminile-lanciato\/embed\/#?secret=Ur7aemnKHn\" data-secret=\"Ur7aemnKHn\" width=\"600\" height=\"338\" frameborder=\"0\" marginwidth=\"0\" marginheight=\"0\" scrolling=\"no\"><\/iframe><\/p>\n<p>&nbsp;<\/p>\n<hr \/>\n<p>&nbsp;<\/p>\n<p><strong class=\"photoswipe-wrapper\"><a class=\"dt-pswp-item pspw-wrap-ready\" href=\"https:\/\/i0.wp.com\/www.radiopiu.net\/wordpress\/wp-content\/uploads\/2018\/09\/viabilita.jpeg?ssl=1\" data-dt-img-description=\"\" data-large_image_width=\"800\" data-large_image_height=\"100\"><img loading=\"lazy\" decoding=\"async\" class=\"aligncenter wp-image-61954 size-full jetpack-lazy-image jetpack-lazy-image--handled\" src=\"https:\/\/i0.wp.com\/www.radiopiu.net\/wordpress\/wp-content\/uploads\/2018\/09\/viabilita.jpeg?resize=800%2C100&amp;ssl=1\" sizes=\"auto, (max-width: 800px) 100vw, 800px\" srcset=\"https:\/\/i0.wp.com\/www.radiopiu.net\/wordpress\/wp-content\/uploads\/2018\/09\/viabilita.jpeg?w=800&amp;ssl=1 800w, https:\/\/i0.wp.com\/www.radiopiu.net\/wordpress\/wp-content\/uploads\/2018\/09\/viabilita.jpeg?resize=300%2C38&amp;ssl=1 300w, https:\/\/i0.wp.com\/www.radiopiu.net\/wordpress\/wp-content\/uploads\/2018\/09\/viabilita.jpeg?resize=768%2C96&amp;ssl=1 768w\" alt=\"\" width=\"800\" height=\"100\" data-lazy-loaded=\"1\" \/><\/a><\/strong><\/p>\n<p>&nbsp;<\/p>\n<p>SELVA DI CADORE \u00a0FINO AL 7 AGOSTO DALLE 7 ALLE 18 \u00a0E DAL 24 AGOSTO AL 15 SETTEMBRE SEMPRE DALLE 7 ALLE 18 (FESTIVI E PRE FESTIVI ESCLUSI) SENSO UNICO ALTERNATO CON MOVIERI O SEMAFORO IN LOCALIT\u00c0 SOLATOR. DAL CHILOMETRO 4.400 AL CHILOMETRO 5.100<\/p>\n<p>PROVINCIALE 3 VALLE IMPERINA, DAL 13 AL 17 LUGLIO SENSO UNICO IN PROSSIMITA\u2019 DI GOSALDO<\/p>\n<p>REGIONALE 48 DELLE DOLOMITI DAL 13 AL 30 LUGLIO SENSO UNICO IN LOCALITA\u2019 LIVINE\u2019 DI LIVINALLONGO<\/p>\n<p>PROVINCIALE 563 DI SALESEI, LOCALITA\u2019 DIGONERA. SENSO UNICO ALTERNATO REGOLATO DA IMPIANTO SEMAFORICO FINO AL 15 LUGLIO PER MESSA IN SICUREZZA DEL PIANO VIABILE<\/p>\n<p>SP 251 FINO AL 31 LUGLIO TRA PESCUL E SELVA DI CADORE SENSO UNICO ALTERNATO REGOLATO DA SEMAFORO, ESCLUSI SABATO E DOMENICA PER POSA FIBRE OTTICHE<\/p>\n<p>PROVINCIALE 3 VALLE IMPERINA, LOCALITA\u2019 CORDE MOLE: DAL 6 LUGLIO DALLE 8 ALLE 11.45 E DALLE 13.30 ALLE 17.30 (SABATO E DOMENICA ESCLUSI) INTERRUZIONI ALLA VIABILITA\u2019 FINO A 30 MINUTI PER TAGLIO PIANTE TRA LE LOCALITA\u2019 CORDE MOLE E VALLESIN<\/p>\n<p>PROVINCIALE 641 DI PASSO FEDAIA, FINO AL 31 LUGLIO (FESTIVI E PREFESTIVI ECLUSI) SENSO UNICO IN LOCALIT\u00c0 ROCCA PIETORE PER SOSTITUZIONI BARRIERE LATERALI<\/p>\n<p>PROVINCIALE 25 PASSO VALLES FINO AL 18 LUGLIO (FESTIVI ESCLUSI) SENSO UNICO ALERNATO CON SEMAFORO O MOVIERI PER ESBOSCO<\/p>\n<p>FINO AL 24 LUGLIO SABATO E DOMENICA COMPRESI LUNGO LA 641 DI PASSO FEDAIA IN LOCALIT\u00e0 CAPANNA BILL E COL DI ROCCA, SENSO UNICO ALTERNATO CON SEMAFORO<\/p>\n<p>STRADA REGIONALE 203 AGORDINA TRA PERON E CANDATEN, FINO 31 LUGLIO ESCLUSI SABATI E DOMENICHE, DALLE 7:30 ALLE 9 E E DALLE 16:30 ALLE 18 SENSO UNICO ALTERNATO REGOLATO DA MOVIERI. NEGLI ALTRI ORARI SENSO UNICO ALTERNATO REGOLATO DA SEMAFORO PER INTERRAMENTO CAVIDOTTO E-DISTRIBUZIONE<\/p>\n<p>PROVINCIALE 25 PASSO VALLES FINO AL 18 LUGLIO (FESTIVI ESCLUSI) SENSO UNICO ALERNATO CON SEMAFORO O MOVIERI PER ESBOSCO<\/p>\n<p>STRADA REGIONALE 48 DELLE DOLOMITI, A CORTINA IN LOCALITA\u2019 POCOL, SENSO UNICO ALTERNATO REGOLATO DA IMPIANTO SEMAFORICO \u00a0DAL 6 AL 24 LUGLIO, ESCLUSI SABATI E DOMENICHE, PER POSA CAVIDOTTO E-DISTRIBUZIONE<\/p>\n<p>STRADA PROVINCIALE 30 PANORAMICA DEL COMELICO, FINO\u00a0 AL 31 LUGLIO INTERDIZIONE TOTALE ALLA VIABILITA\u2019 TRA COSTA E COSTALISSOIO PER MESSA IN SICUREZZA STRADA<\/p>\n<p>STRADA PROVINCIALE 619 DI VIGO DI CADORE, FINO\u00a0 AL 7 AGOSTO, ESCLUSI SABATI E DOMENICHE, SENSO UNICO ALTERNATO REGOLATO DA IMPIANTO SEMAFORICO O MOVIERI PER MESSA IN SICUREZZA DELLA STRADA<\/p>\n<p>STRADA PROVINCIALE 473 DI CROCE D\u2019AUNE, DAL 9 AL 17 LUGLIO, SABATI E DOMENICHE ESCLUSE, SALTUARIA ISTITUZIONE DI SENSO UNICO ALTERNATO REGOLATO DA MOVIERI IN LOCALIT\u00e0 GORNA DI SOVRAMONTE PER LAVORI DI CONSOLIDAMENTO CIGLIO STRADALE<\/p>\n<p>STRADA PROVINCIALE 641 DEL PASSO FEDAIA, NEL COMUNE DI ROCCA PIETORE, DAL 15 AL 22 LUGLIO, SABATI E DOMENICHE ESCLUSE, SENSO UNICO ALTERNATO REGOLATO DA IMPIANTO SEMAFORICO PER POSA CAVIDOTTO ELETTRICO<\/p>\n<p>&nbsp;<\/p>\n<hr \/>\n<p>&nbsp;<\/p>\n<h2><em><strong>COMUNICAZIONE ISTITUZIONALE \u2013 APP IMMUNI<\/strong><\/em><\/h2>\n<p><iframe loading=\"lazy\" title=\"Immuni App 30\" width=\"1200\" height=\"675\" src=\"https:\/\/www.youtube.com\/embed\/-XG48J62814?feature=oembed\" frameborder=\"0\" allow=\"accelerometer; autoplay; clipboard-write; encrypted-media; gyroscope; picture-in-picture\" allowfullscreen><\/iframe><\/p>\n<p>&nbsp;<\/p>\n<hr \/>\n<p>&nbsp;<\/p>\n<p class=\"photoswipe-wrapper\"><a class=\"dt-pswp-item pspw-wrap-ready\" href=\"https:\/\/i0.wp.com\/www.radiopiu.net\/wordpress\/wp-content\/uploads\/2018\/09\/WhatsApp-Image-2018-09-20-at-16.04.06.jpeg?ssl=1\" data-dt-img-description=\"\" data-large_image_width=\"800\" data-large_image_height=\"100\"><img loading=\"lazy\" decoding=\"async\" class=\"aligncenter wp-image-61378 size-full jetpack-lazy-image jetpack-lazy-image--handled\" src=\"https:\/\/i0.wp.com\/www.radiopiu.net\/wordpress\/wp-content\/uploads\/2018\/09\/WhatsApp-Image-2018-09-20-at-16.04.06.jpeg?resize=800%2C100&amp;ssl=1\" sizes=\"auto, (max-width: 800px) 100vw, 800px\" srcset=\"https:\/\/i0.wp.com\/www.radiopiu.net\/wordpress\/wp-content\/uploads\/2018\/09\/WhatsApp-Image-2018-09-20-at-16.04.06.jpeg?w=800&amp;ssl=1 800w, https:\/\/i0.wp.com\/www.radiopiu.net\/wordpress\/wp-content\/uploads\/2018\/09\/WhatsApp-Image-2018-09-20-at-16.04.06.jpeg?resize=300%2C38&amp;ssl=1 300w, https:\/\/i0.wp.com\/www.radiopiu.net\/wordpress\/wp-content\/uploads\/2018\/09\/WhatsApp-Image-2018-09-20-at-16.04.06.jpeg?resize=768%2C96&amp;ssl=1 768w\" alt=\"\" width=\"800\" height=\"100\" data-lazy-loaded=\"1\" \/><\/a><\/p>\n<p>&nbsp;<\/p>\n<p><b>Giovedi 16<\/b> <b>Tempo atteso: <\/b>Cielo inizialmente poco o parzialmente nuvoloso, anche se saranno presenti banchi di nubi basse in molte valli specie di quelle prealpine, in diradamento nel corso della mattinata. Dalle ore centrali in poi forte riduzione del soleggiamento per crescente attivit\u00e0 cumuliforme, associata a rovesci e temporali, specie sulle Dolomiti. Clima diurno sempre fresco per il periodo.<br \/>\n<b>Precipitazioni: <\/b>Al mattino generalmente assenti (10%), anche se non si potr\u00e0 del tutto escludere qualche isolato piovasco entro le ore centrali del giorno. Al pomeriggio probabilit\u00e0 in aumento fino ad alta (70\/80%) per rovesci o qualche temporale, pi\u00f9 diffusi rispetto a mercoled\u00ec. Limite neve attorno ai 3000 m.<br \/>\n<b>Temperature: <\/b>Minime in diminuzione, massime in lieve\/contenuto aumento. Sono previste punte di 22\/24\u00b0C nei fondovalle prealpini e di 17\/20\u00b0C a 1000\/1200 m. Su Prealpi a 1500 m min 9\u00b0C max 14\u00b0C, a 2000 m min 6\u00b0C max 12\u00b0C. Su Dolomiti a 2000 m min 7\u00b0C max 11\u00b0C, a 3000 m min -1\u00b0C max 3\u00b0C.<br \/>\n<b>Venti: <\/b>Nelle valli perlopi\u00f9 deboli di direzione variabile; in quota deboli\/moderati in prevalenza nord-occidentali, a 5-10 km\/h a 2000 m e 15-20 km\/h a 3000 m.<\/p>\n<hr \/>\n<p><b>Venerdi 17<\/b> <b>Tempo atteso: <\/b>Cielo ancora molto nuvoloso nelle prime ore del primo mattino, poi brevi e parziali e temporanee schiarite specie sulle Dolomiti, in estensione alle Prealpi. Tra le ore centrali e il tardo pomeriggio molto nuvoloso con rovesci sparsi. Nel tardo pomeriggio parziali schiarite a partire dalle Dolomiti, in estensione alle Prealpi in serata\/notte.<br \/>\n<b>Precipitazioni: <\/b>Al mattino generalmente assenti, salvo una bassa probabilit\u00e0 di locali e residue precipitazioni (5-25%). Dalle ore centrali probabilit\u00e0 medio-alta di precipitazioni anche a carattere di rovescio o locale temporale.<br \/>\n<b>Temperature: <\/b>Minime in lieve aumento, massime in lieve\/contenuto calo, salvo stazionariet\u00e0 delle massime nelle valli, su valori inferiori alle medie stagionali.Su Prealpi a 1500 m min 10\u00b0C max 13\u00b0C, a 2000 m min 8\u00b0C max 11\u00b0C. Su Dolomiti a 2000 m min 7\u00b0C max 11\u00b0C, a 3000 m min -1\u00b0C max 2\u00b0C.<br \/>\n<b>Venti: <\/b>Nelle valli perlopi\u00f9 deboli di direzione variabile; in quota deboli\/moderato da nord, nord-ovest a 10-15 km\/h a 2000 m e 15-25 km\/h a 3000 m.<\/p>\n<hr \/>\n<p><b>Sabato 18\u00a0<\/b>Giornata pi\u00f9 soleggiata rispetto a quelle precedenti con cielo sereno o poco nuvoloso al mattino ovunque e presenza di una modesta attivit\u00e0 cumuliforme durante le ore pi\u00f9 calde, con eventuali brevi e locali fenomeni. Temperature minime in calo e massime in aumento, con clima diurno meno fresco. Venti a regime di brezza nelle valli e deboli\/moderati settentrionali in quota.<\/p>\n<hr \/>\n<p><b>Domenica 19\u00a0<\/b>Giornata simile a quella di sabato, ben soleggiata al mattino, e presenza di modesti cumuli pomeridiani generati dal riscaldamento diurno, con possibili locali e brevi rovesci pomeridiani. Temperature in ulteriore aumento, specie le massime che raggiungeranno i valori normali del periodo. Clima diurno pi\u00f9 caldo dei giorni precedenti e tipicamente estivo. Previsore: M.Padoan<\/p>\n<p>&nbsp;<\/p>\n","protected":false},"excerpt":{"rendered":"<p>PER RICEVERE QUESTO NOTIZIARIO DIRETTAMENTE SUL TUO CELLULARE ISCRIVITI AL CANALE TELEGRAM\u00a0\u201cRADIO PIU\u00a0 INFORMAZIONE ATTENZIONE: LA NUOVA APP PER IOS-IPHONE https:\/\/apps.apple.com\/it\/app\/radio-pi%C3%B9-emittente-agordina\/id1515939845 ATTENZIONE: LA NUOVA APP RADIO\u00a0 PER ANDROID https:\/\/play.google.com\/store\/apps\/details?id=net.radiopiu.iniko &nbsp; &nbsp; OGGI\u00a0dalle 8\u00a0 a fine lavori\u00a0 potrebbe mancare l\u2019acqua ad AGORDO, in localit\u00e0 CROSTOLIN e in via DANTE ALIGHIERI. Il personale addetto operer\u00e0 per limitare&hellip;<\/p>\n","protected":false},"author":4,"featured_media":149536,"comment_status":"closed","ping_status":"closed","sticky":false,"template":"","format":"standard","meta":{"_monsterinsights_skip_tracking":false,"_monsterinsights_sitenote_active":false,"_monsterinsights_sitenote_note":"","_monsterinsights_sitenote_category":0,"footnotes":""},"categories":[1,86,49],"tags":[],"class_list":["post-149468","post","type-post","status-publish","format-standard","has-post-thumbnail","hentry","category-senza-categoria","category-gr","category-news-18","category-1","category-86","category-49","description-off"],"img_url":"https:\/\/www.radiopiu.net\/wordpress\/wp-content\/uploads\/2020\/07\/9c69096a-93e0-46ed-a8c0-06e7eaece9e7.jpg","_links":{"self":[{"href":"https:\/\/www.radiopiu.net\/wordpress\/wp-json\/wp\/v2\/posts\/149468","targetHints":{"allow":["GET"]}}],"collection":[{"href":"https:\/\/www.radiopiu.net\/wordpress\/wp-json\/wp\/v2\/posts"}],"about":[{"href":"https:\/\/www.radiopiu.net\/wordpress\/wp-json\/wp\/v2\/types\/post"}],"author":[{"embeddable":true,"href":"https:\/\/www.radiopiu.net\/wordpress\/wp-json\/wp\/v2\/users\/4"}],"replies":[{"embeddable":true,"href":"https:\/\/www.radiopiu.net\/wordpress\/wp-json\/wp\/v2\/comments?post=149468"}],"version-history":[{"count":0,"href":"https:\/\/www.radiopiu.net\/wordpress\/wp-json\/wp\/v2\/posts\/149468\/revisions"}],"wp:featuredmedia":[{"embeddable":true,"href":"https:\/\/www.radiopiu.net\/wordpress\/wp-json\/wp\/v2\/media\/149536"}],"wp:attachment":[{"href":"https:\/\/www.radiopiu.net\/wordpress\/wp-json\/wp\/v2\/media?parent=149468"}],"wp:term":[{"taxonomy":"category","embeddable":true,"href":"https:\/\/www.radiopiu.net\/wordpress\/wp-json\/wp\/v2\/categories?post=149468"},{"taxonomy":"post_tag","embeddable":true,"href":"https:\/\/www.radiopiu.net\/wordpress\/wp-json\/wp\/v2\/tags?post=149468"}],"curies":[{"name":"wp","href":"https:\/\/api.w.org\/{rel}","templated":true}]}}