{"id":149510,"date":"2020-07-16T06:19:02","date_gmt":"2020-07-16T04:19:02","guid":{"rendered":"https:\/\/www.radiopiu.net\/wordpress\/?p=149510"},"modified":"2020-07-16T06:29:22","modified_gmt":"2020-07-16T04:29:22","slug":"ancora-ritardi-nella-consegna-della-posta-lennesimo-disagio-in-montagna","status":"publish","type":"post","link":"https:\/\/www.radiopiu.net\/wordpress\/ancora-ritardi-nella-consegna-della-posta-lennesimo-disagio-in-montagna\/","title":{"rendered":"ANCORA RITARDI NELLA CONSEGNA DELLA POSTA, L&#8217;ENNESIMO DISAGIO IN MONTAGNA"},"content":{"rendered":"<p><strong>VOLTAGO<\/strong> Riceviamo e volentieri pubblichiamo la lettera inviata da Carlo Della Lucia di Frassen\u00e9 Agordino, abbonato da tempo al settimanale l&#8217;Amico del Popolo e che ancora una volta, purtroppo, \u00e8 stato costretto a leggere il giornale con ritardo.<\/p>\n<blockquote><p><em><img loading=\"lazy\" decoding=\"async\" class=\"alignleft\" src=\"https:\/\/www.radiopiu.net\/wordpress\/wp-content\/uploads\/2020\/05\/POSTE-ITALIANE.png\" width=\"213\" height=\"43\" \/>&#8220;La copia dell&#8217;Amico n. 28 del 9 luglio mi \u00e8 stata recapitata da Poste Italiane ieri marted\u00ec 14 alle ore 14:35. Ormai sembra una prassi consolidata. Visto che ho &#8220;la penna&#8221; in mano, voglio ricordare che l&#8217;ufficio di Frassen\u00e9\u00a0 \u00e8 stato chiuso ad inizio novembre 2012 da Poste Italiane ed \u00e8 stato l&#8217;ultimo ufficio della provincia ad essere stato chiuso. E&#8217; chiaro che \u00e8 un disservizio che ulteriormente si ripercuote sulla vivibilit\u00e0 in montagna. Voglio anche ricordare che all&#8217;epoca avevamo protestato vivacemente ma nessuno, a parte le chiacchiere, ha mosso un dito, neanche l&#8217;Amministrazione Comunale di Voltago Agordino. Personalmente\u00a0 ho eliminato tutti i rapporti con Poste Italiane per\u00f2 alle volte dobbiamo per forza confrontarci con gli uffici come ad esempio affrontare il calvario di recarci alla posta di Voltago per ritirare una raccomandata. E spesso e volentieri gli avvisi di giacenza delle raccomandate vengono<\/em><br \/>\n<em>imbucati. Il mio non \u00e8 uno sfogo in quanto avrei ben altro da dire ma solo una segnalazione che peraltro immagino chiss\u00e0 quante ne riceverete di questo tenore. Ritengo che una delle cose primarie che una nuova Amministrazione comunale (se ci sar\u00e0) dovr\u00e0 fare \u00e8 impegnarsi a far riaprire l&#8217;ufficio Postale di Frassen\u00e8 Agordino&#8221;.<\/em><\/p><\/blockquote>\n<p><strong><a class=\"dt-pswp-item\" href=\"https:\/\/www.radiopiu.net\/wordpress\/wp-content\/uploads\/2020\/07\/1e1e58f7-18e7-4ef7-b6b9-e9f9b03ee03c.jpg\" data-dt-img-description=\"\" data-large_image_width=\"522\" data-large_image_height=\"1024\"><img loading=\"lazy\" decoding=\"async\" class=\"size-medium wp-image-149511 alignleft\" src=\"https:\/\/www.radiopiu.net\/wordpress\/wp-content\/uploads\/2020\/07\/1e1e58f7-18e7-4ef7-b6b9-e9f9b03ee03c-153x300.jpg\" alt=\"\" width=\"153\" height=\"300\" srcset=\"https:\/\/www.radiopiu.net\/wordpress\/wp-content\/uploads\/2020\/07\/1e1e58f7-18e7-4ef7-b6b9-e9f9b03ee03c-153x300.jpg 153w, https:\/\/www.radiopiu.net\/wordpress\/wp-content\/uploads\/2020\/07\/1e1e58f7-18e7-4ef7-b6b9-e9f9b03ee03c.jpg 522w\" sizes=\"auto, (max-width: 153px) 100vw, 153px\" \/><\/a><\/strong><\/p>\n<p>&nbsp;<\/p>\n<p>&nbsp;<\/p>\n<p><strong>RIVAMONTE<\/strong> Ed ecco un&#8217;altra segnalazione, di Giuliano Laveder consigliere comunale di Rivamonte. Fa notare che sul sito ufficiale di Poste Italiane vengono riportati gli orari errati di apertura dell&#8217;ufficio postale arrecando notevoli disagi all&#8217;utenza. Infatti, l&#8217;ufficio \u00e8 aperto il martedi, giovedi, venerdi e sabato dalle 8.30 alle 14, \u00e8 chiuso il lunedi, mercoledi e nei giorni festivi. Invece sul sito viene data l&#8217;apertura il lunedi, martedi, giovedi dalle 11 alle 14, il mercoled\u00ec dalle 8.30 alle 14. Dati errati che creano solo confusione e malumore.<\/p>\n<p>&nbsp;<\/p>\n","protected":false},"excerpt":{"rendered":"<p>VOLTAGO Riceviamo e volentieri pubblichiamo la lettera inviata da Carlo Della Lucia di Frassen\u00e9 Agordino, abbonato da tempo al settimanale l&#8217;Amico del Popolo e che ancora una volta, purtroppo, \u00e8 stato costretto a leggere il giornale con ritardo. &#8220;La copia dell&#8217;Amico n. 28 del 9 luglio mi \u00e8 stata recapitata da Poste Italiane ieri marted\u00ec&hellip;<\/p>\n","protected":false},"author":1,"featured_media":141305,"comment_status":"closed","ping_status":"closed","sticky":false,"template":"","format":"standard","meta":{"_monsterinsights_skip_tracking":false,"_monsterinsights_sitenote_active":false,"_monsterinsights_sitenote_note":"","_monsterinsights_sitenote_category":0,"footnotes":""},"categories":[49],"tags":[],"class_list":["post-149510","post","type-post","status-publish","format-standard","has-post-thumbnail","hentry","category-news-18","category-49","description-off"],"img_url":"https:\/\/www.radiopiu.net\/wordpress\/wp-content\/uploads\/2020\/05\/POSTE-ITALIANE.png","_links":{"self":[{"href":"https:\/\/www.radiopiu.net\/wordpress\/wp-json\/wp\/v2\/posts\/149510","targetHints":{"allow":["GET"]}}],"collection":[{"href":"https:\/\/www.radiopiu.net\/wordpress\/wp-json\/wp\/v2\/posts"}],"about":[{"href":"https:\/\/www.radiopiu.net\/wordpress\/wp-json\/wp\/v2\/types\/post"}],"author":[{"embeddable":true,"href":"https:\/\/www.radiopiu.net\/wordpress\/wp-json\/wp\/v2\/users\/1"}],"replies":[{"embeddable":true,"href":"https:\/\/www.radiopiu.net\/wordpress\/wp-json\/wp\/v2\/comments?post=149510"}],"version-history":[{"count":0,"href":"https:\/\/www.radiopiu.net\/wordpress\/wp-json\/wp\/v2\/posts\/149510\/revisions"}],"wp:featuredmedia":[{"embeddable":true,"href":"https:\/\/www.radiopiu.net\/wordpress\/wp-json\/wp\/v2\/media\/141305"}],"wp:attachment":[{"href":"https:\/\/www.radiopiu.net\/wordpress\/wp-json\/wp\/v2\/media?parent=149510"}],"wp:term":[{"taxonomy":"category","embeddable":true,"href":"https:\/\/www.radiopiu.net\/wordpress\/wp-json\/wp\/v2\/categories?post=149510"},{"taxonomy":"post_tag","embeddable":true,"href":"https:\/\/www.radiopiu.net\/wordpress\/wp-json\/wp\/v2\/tags?post=149510"}],"curies":[{"name":"wp","href":"https:\/\/api.w.org\/{rel}","templated":true}]}}