{"id":149535,"date":"2020-07-16T06:22:39","date_gmt":"2020-07-16T04:22:39","guid":{"rendered":"https:\/\/www.radiopiu.net\/wordpress\/?p=149535"},"modified":"2020-07-16T06:25:08","modified_gmt":"2020-07-16T04:25:08","slug":"trentatreenne-in-prognosi-riservata-dopo-la-caduta-a-cusighe","status":"publish","type":"post","link":"https:\/\/www.radiopiu.net\/wordpress\/trentatreenne-in-prognosi-riservata-dopo-la-caduta-a-cusighe\/","title":{"rendered":"L&#8217;INCIDENTE DEL CALCIATORE IN LAMBRETTA"},"content":{"rendered":"<p>&nbsp;<\/p>\n<blockquote>\n<h3>TRENTATREENNE IN PROGNOSI RISERVATA DOPO LA CADUTA A CUSIGHE, TRA LE CAUSE NON SI ESCLUDE IL MALORE.<\/h3>\n<\/blockquote>\n<p><a class=\"dt-pswp-item\" href=\"https:\/\/www.radiopiu.net\/wordpress\/wp-content\/uploads\/2020\/07\/f26d1e09-87c4-47f8-bde3-878f602c5eae.jpg\" data-dt-img-description=\"\" data-large_image_width=\"240\" data-large_image_height=\"320\"><img loading=\"lazy\" decoding=\"async\" class=\" wp-image-149538 alignright\" src=\"https:\/\/www.radiopiu.net\/wordpress\/wp-content\/uploads\/2020\/07\/f26d1e09-87c4-47f8-bde3-878f602c5eae-225x300.jpg\" alt=\"\" width=\"116\" height=\"154\" srcset=\"https:\/\/www.radiopiu.net\/wordpress\/wp-content\/uploads\/2020\/07\/f26d1e09-87c4-47f8-bde3-878f602c5eae-225x300.jpg 225w, https:\/\/www.radiopiu.net\/wordpress\/wp-content\/uploads\/2020\/07\/f26d1e09-87c4-47f8-bde3-878f602c5eae.jpg 240w\" sizes=\"auto, (max-width: 116px) 100vw, 116px\" \/><\/a><\/p>\n<p><strong>BELLUNO<\/strong> I Carabinieri di Belluno stanno ricostruendo il grave incidente dell&#8217;altra sera, Denis Lazzaretti 33 anni noto calciatore di Belluno attualmente in forza al Nogar\u00e8 di terza categoria (ha giocato nel Belluno, Ponte e Alpina) ha perso il controllo della motocicletta, una Lambretta anni Sessanta,\u00a0 in prossimit\u00e0 della rotonda vicino al cimitero di Cusighe, \u00e8 quindi caduto rovinosamente sull&#8217;asfalto. Per le gravi preferite \u00e8 stato deciso per il trasferimento all&#8217;ospedale C\u00e0 Foncello di Treviso dove \u00e8 tutt&#8217;ora ricoverato in prognosi riservata.<\/p>\n<p>&nbsp;<\/p>\n<p>&nbsp;<\/p>\n<p>&nbsp;<\/p>\n<p>&nbsp;<\/p>\n<p>&nbsp;<\/p>\n<p>&nbsp;<\/p>\n<p>&nbsp;<\/p>\n","protected":false},"excerpt":{"rendered":"<p>&nbsp; TRENTATREENNE IN PROGNOSI RISERVATA DOPO LA CADUTA A CUSIGHE, TRA LE CAUSE NON SI ESCLUDE IL MALORE. BELLUNO I Carabinieri di Belluno stanno ricostruendo il grave incidente dell&#8217;altra sera, Denis Lazzaretti 33 anni noto calciatore di Belluno attualmente in forza al Nogar\u00e8 di terza categoria (ha giocato nel Belluno, Ponte e Alpina) ha perso&hellip;<\/p>\n","protected":false},"author":1,"featured_media":149538,"comment_status":"closed","ping_status":"closed","sticky":false,"template":"","format":"standard","meta":{"_monsterinsights_skip_tracking":false,"_monsterinsights_sitenote_active":false,"_monsterinsights_sitenote_note":"","_monsterinsights_sitenote_category":0,"footnotes":""},"categories":[49],"tags":[],"class_list":["post-149535","post","type-post","status-publish","format-standard","has-post-thumbnail","hentry","category-news-18","category-49","description-off"],"img_url":"https:\/\/www.radiopiu.net\/wordpress\/wp-content\/uploads\/2020\/07\/f26d1e09-87c4-47f8-bde3-878f602c5eae.jpg","_links":{"self":[{"href":"https:\/\/www.radiopiu.net\/wordpress\/wp-json\/wp\/v2\/posts\/149535","targetHints":{"allow":["GET"]}}],"collection":[{"href":"https:\/\/www.radiopiu.net\/wordpress\/wp-json\/wp\/v2\/posts"}],"about":[{"href":"https:\/\/www.radiopiu.net\/wordpress\/wp-json\/wp\/v2\/types\/post"}],"author":[{"embeddable":true,"href":"https:\/\/www.radiopiu.net\/wordpress\/wp-json\/wp\/v2\/users\/1"}],"replies":[{"embeddable":true,"href":"https:\/\/www.radiopiu.net\/wordpress\/wp-json\/wp\/v2\/comments?post=149535"}],"version-history":[{"count":0,"href":"https:\/\/www.radiopiu.net\/wordpress\/wp-json\/wp\/v2\/posts\/149535\/revisions"}],"wp:featuredmedia":[{"embeddable":true,"href":"https:\/\/www.radiopiu.net\/wordpress\/wp-json\/wp\/v2\/media\/149538"}],"wp:attachment":[{"href":"https:\/\/www.radiopiu.net\/wordpress\/wp-json\/wp\/v2\/media?parent=149535"}],"wp:term":[{"taxonomy":"category","embeddable":true,"href":"https:\/\/www.radiopiu.net\/wordpress\/wp-json\/wp\/v2\/categories?post=149535"},{"taxonomy":"post_tag","embeddable":true,"href":"https:\/\/www.radiopiu.net\/wordpress\/wp-json\/wp\/v2\/tags?post=149535"}],"curies":[{"name":"wp","href":"https:\/\/api.w.org\/{rel}","templated":true}]}}