{"id":149567,"date":"2020-07-16T05:30:09","date_gmt":"2020-07-16T03:30:09","guid":{"rendered":"https:\/\/www.radiopiu.net\/wordpress\/?p=149567"},"modified":"2020-07-16T05:38:23","modified_gmt":"2020-07-16T03:38:23","slug":"giacomo-dancona-lascia-lagordino-e-lunione-montana-perde-il-segretario-volontario-per-missione","status":"publish","type":"post","link":"https:\/\/www.radiopiu.net\/wordpress\/giacomo-dancona-lascia-lagordino-e-lunione-montana-perde-il-segretario-volontario-per-missione\/","title":{"rendered":"GIACOMO D&#8217;ANCONA LASCIA L&#8217;AGORDINO E L&#8217;UNIONE MONTANA PERDE IL SEGRETARIO &#8220;VOLONTARIO PER MISSIONE&#8221;"},"content":{"rendered":"<p><strong><a class=\"dt-pswp-item\" href=\"https:\/\/www.radiopiu.net\/wordpress\/wp-content\/uploads\/2020\/07\/8852fa75-4c67-46c3-8bd9-f7f4c2f26b6c.jpg\" data-dt-img-description=\"\" data-large_image_width=\"1984\" data-large_image_height=\"1120\"><img loading=\"lazy\" decoding=\"async\" class=\"size-medium wp-image-149569 alignleft\" src=\"https:\/\/www.radiopiu.net\/wordpress\/wp-content\/uploads\/2020\/07\/8852fa75-4c67-46c3-8bd9-f7f4c2f26b6c-300x169.jpg\" alt=\"\" width=\"300\" height=\"169\" srcset=\"https:\/\/www.radiopiu.net\/wordpress\/wp-content\/uploads\/2020\/07\/8852fa75-4c67-46c3-8bd9-f7f4c2f26b6c-300x169.jpg 300w, https:\/\/www.radiopiu.net\/wordpress\/wp-content\/uploads\/2020\/07\/8852fa75-4c67-46c3-8bd9-f7f4c2f26b6c-1024x578.jpg 1024w, https:\/\/www.radiopiu.net\/wordpress\/wp-content\/uploads\/2020\/07\/8852fa75-4c67-46c3-8bd9-f7f4c2f26b6c-768x434.jpg 768w, https:\/\/www.radiopiu.net\/wordpress\/wp-content\/uploads\/2020\/07\/8852fa75-4c67-46c3-8bd9-f7f4c2f26b6c-1536x867.jpg 1536w, https:\/\/www.radiopiu.net\/wordpress\/wp-content\/uploads\/2020\/07\/8852fa75-4c67-46c3-8bd9-f7f4c2f26b6c.jpg 1984w\" sizes=\"auto, (max-width: 300px) 100vw, 300px\" \/><\/a>FALCADE<\/strong> Quello di Giacomo \u00e8 un volto noto nei consigli comunali, ma anche in Unione Montana Agordina. A Palazzo Bianco ha prestato la sua professionalit\u00e0 accettando l&#8217;incarico e la sfida lavorando sempre con passione pur senza compenso, perch\u00e9 per D&#8217;Ancona il volontariato \u00e8 uno dei valori fondanti dell&#8217;Agordino. Al termine del consiglio comunale di Falcade marted\u00ec sera la comunicazione che prender\u00e0 servizio a Cortina. <em>&#8220;Una scelta maturata in base ad una proposta arrivata dal sindaco Gianpietro Ghedina, ho riflettuto e ho accettato la sfida&#8221;<\/em>. Nell&#8217;Agordino dopo 8 anni\u00a0 il segretario lascia un gran bel ricordo, noi possiamo solo augurare buon lavoro per il nuovo incarico e lo vogliamo salutare e ringraziare per il suo impegno\u00a0 con questa intervista realizzata da Gianni Santomaso.<\/p>\n<p><strong>AUDIO<\/strong><\/p>\n<audio class=\"wp-audio-shortcode\" id=\"audio-149567-1\" preload=\"none\" style=\"width: 100%;\" controls=\"controls\"><source type=\"audio\/mpeg\" src=\"https:\/\/www.radiopiu.net\/wordpress\/wp-content\/uploads\/2020\/07\/GIACOMO-DANCONA.mp3?_=1\" \/><a href=\"https:\/\/www.radiopiu.net\/wordpress\/wp-content\/uploads\/2020\/07\/GIACOMO-DANCONA.mp3\">https:\/\/www.radiopiu.net\/wordpress\/wp-content\/uploads\/2020\/07\/GIACOMO-DANCONA.mp3<\/a><\/audio>\n","protected":false},"excerpt":{"rendered":"<p>FALCADE Quello di Giacomo \u00e8 un volto noto nei consigli comunali, ma anche in Unione Montana Agordina. A Palazzo Bianco ha prestato la sua professionalit\u00e0 accettando l&#8217;incarico e la sfida lavorando sempre con passione pur senza compenso, perch\u00e9 per D&#8217;Ancona il volontariato \u00e8 uno dei valori fondanti dell&#8217;Agordino. Al termine del consiglio comunale di Falcade&hellip;<\/p>\n","protected":false},"author":1,"featured_media":149569,"comment_status":"closed","ping_status":"closed","sticky":false,"template":"","format":"standard","meta":{"_monsterinsights_skip_tracking":false,"_monsterinsights_sitenote_active":false,"_monsterinsights_sitenote_note":"","_monsterinsights_sitenote_category":0,"footnotes":""},"categories":[51,49],"tags":[],"class_list":["post-149567","post","type-post","status-publish","format-standard","has-post-thumbnail","hentry","category-evidenza-top","category-news-18","category-51","category-49","description-off"],"img_url":"https:\/\/www.radiopiu.net\/wordpress\/wp-content\/uploads\/2020\/07\/8852fa75-4c67-46c3-8bd9-f7f4c2f26b6c.jpg","_links":{"self":[{"href":"https:\/\/www.radiopiu.net\/wordpress\/wp-json\/wp\/v2\/posts\/149567","targetHints":{"allow":["GET"]}}],"collection":[{"href":"https:\/\/www.radiopiu.net\/wordpress\/wp-json\/wp\/v2\/posts"}],"about":[{"href":"https:\/\/www.radiopiu.net\/wordpress\/wp-json\/wp\/v2\/types\/post"}],"author":[{"embeddable":true,"href":"https:\/\/www.radiopiu.net\/wordpress\/wp-json\/wp\/v2\/users\/1"}],"replies":[{"embeddable":true,"href":"https:\/\/www.radiopiu.net\/wordpress\/wp-json\/wp\/v2\/comments?post=149567"}],"version-history":[{"count":0,"href":"https:\/\/www.radiopiu.net\/wordpress\/wp-json\/wp\/v2\/posts\/149567\/revisions"}],"wp:featuredmedia":[{"embeddable":true,"href":"https:\/\/www.radiopiu.net\/wordpress\/wp-json\/wp\/v2\/media\/149569"}],"wp:attachment":[{"href":"https:\/\/www.radiopiu.net\/wordpress\/wp-json\/wp\/v2\/media?parent=149567"}],"wp:term":[{"taxonomy":"category","embeddable":true,"href":"https:\/\/www.radiopiu.net\/wordpress\/wp-json\/wp\/v2\/categories?post=149567"},{"taxonomy":"post_tag","embeddable":true,"href":"https:\/\/www.radiopiu.net\/wordpress\/wp-json\/wp\/v2\/tags?post=149567"}],"curies":[{"name":"wp","href":"https:\/\/api.w.org\/{rel}","templated":true}]}}