{"id":149580,"date":"2020-07-16T06:21:05","date_gmt":"2020-07-16T04:21:05","guid":{"rendered":"https:\/\/www.radiopiu.net\/wordpress\/?p=149580"},"modified":"2020-07-16T06:25:40","modified_gmt":"2020-07-16T04:25:40","slug":"cade-da-due-metri-e-si-frattura-il-bacino-incidente-sul-lavoro-ad-arabba","status":"publish","type":"post","link":"https:\/\/www.radiopiu.net\/wordpress\/cade-da-due-metri-e-si-frattura-il-bacino-incidente-sul-lavoro-ad-arabba\/","title":{"rendered":"CADE DA DUE METRI E SI FRATTURA IL BACINO, INCIDENTE SUL LAVORO AD ARABBA"},"content":{"rendered":"<p><strong>LIVINALLONGO<\/strong> Alle 12 incidente sul lavoro all&#8217;interno del cantiere di una ditta edile impegnata in lavori per la Impianti Pordoi. Un uomo di 53 anni di Colle Santa Lucia \u00e8 scivolato dal ponteggio cadendo per circa due metri. A.F. \u00e8 stato trasportato dal Suem all&#8217;ospedale di Belluno con la frattura del bacino, non \u00e8 in pericolo di vita. Sul posto di Carabinieri della stazione di Arabba e il personale Spisal.<\/p>\n<p>&nbsp;<\/p>\n","protected":false},"excerpt":{"rendered":"<p>LIVINALLONGO Alle 12 incidente sul lavoro all&#8217;interno del cantiere di una ditta edile impegnata in lavori per la Impianti Pordoi. Un uomo di 53 anni di Colle Santa Lucia \u00e8 scivolato dal ponteggio cadendo per circa due metri. A.F. \u00e8 stato trasportato dal Suem all&#8217;ospedale di Belluno con la frattura del bacino, non \u00e8 in&hellip;<\/p>\n","protected":false},"author":1,"featured_media":0,"comment_status":"closed","ping_status":"closed","sticky":false,"template":"","format":"standard","meta":{"_monsterinsights_skip_tracking":false,"_monsterinsights_sitenote_active":false,"_monsterinsights_sitenote_note":"","_monsterinsights_sitenote_category":0,"footnotes":""},"categories":[49],"tags":[],"class_list":["post-149580","post","type-post","status-publish","format-standard","hentry","category-news-18","category-49","description-off"],"img_url":false,"_links":{"self":[{"href":"https:\/\/www.radiopiu.net\/wordpress\/wp-json\/wp\/v2\/posts\/149580","targetHints":{"allow":["GET"]}}],"collection":[{"href":"https:\/\/www.radiopiu.net\/wordpress\/wp-json\/wp\/v2\/posts"}],"about":[{"href":"https:\/\/www.radiopiu.net\/wordpress\/wp-json\/wp\/v2\/types\/post"}],"author":[{"embeddable":true,"href":"https:\/\/www.radiopiu.net\/wordpress\/wp-json\/wp\/v2\/users\/1"}],"replies":[{"embeddable":true,"href":"https:\/\/www.radiopiu.net\/wordpress\/wp-json\/wp\/v2\/comments?post=149580"}],"version-history":[{"count":0,"href":"https:\/\/www.radiopiu.net\/wordpress\/wp-json\/wp\/v2\/posts\/149580\/revisions"}],"wp:attachment":[{"href":"https:\/\/www.radiopiu.net\/wordpress\/wp-json\/wp\/v2\/media?parent=149580"}],"wp:term":[{"taxonomy":"category","embeddable":true,"href":"https:\/\/www.radiopiu.net\/wordpress\/wp-json\/wp\/v2\/categories?post=149580"},{"taxonomy":"post_tag","embeddable":true,"href":"https:\/\/www.radiopiu.net\/wordpress\/wp-json\/wp\/v2\/tags?post=149580"}],"curies":[{"name":"wp","href":"https:\/\/api.w.org\/{rel}","templated":true}]}}