{"id":149659,"date":"2020-07-17T05:44:06","date_gmt":"2020-07-17T03:44:06","guid":{"rendered":"https:\/\/www.radiopiu.net\/wordpress\/?p=149659"},"modified":"2020-07-17T14:08:33","modified_gmt":"2020-07-17T12:08:33","slug":"giornale-radiopiu-17-luglio-2020-direttore-mirko-mezzacasa","status":"publish","type":"post","link":"https:\/\/www.radiopiu.net\/wordpress\/giornale-radiopiu-17-luglio-2020-direttore-mirko-mezzacasa\/","title":{"rendered":"GIORNALE RADIOPIU 17 LUGLIO 2020 DIRETTORE MIRKO MEZZACASA"},"content":{"rendered":"<h3><strong>PER RICEVERE QUESTO NOTIZIARIO DIRETTAMENTE SUL TUO CELLULARE ISCRIVITI AL CANALE TELEGRAM\u00a0<\/strong><strong>\u201cRADIO PIU\u00a0 INFORMAZIONE<\/strong><\/h3>\n<p><em>ATTENZIONE: LA NUOVA APP PER IOS-IPHONE<\/em><\/p>\n<div>\n<div><a href=\"https:\/\/apps.apple.com\/it\/app\/radio-pi%C3%B9-emittente-agordina\/id1515939845\">https:\/\/apps.apple.com\/it\/app\/radio-pi%C3%B9-emittente-agordina\/id1515939845<\/a><\/div>\n<\/div>\n<div><\/div>\n<div>\n<div dir=\"auto\"><em>ATTENZIONE: LA NUOVA APP RADIO\u00a0 PER ANDROID<\/em><\/div>\n<\/div>\n<p><a href=\"https:\/\/play.google.com\/store\/apps\/details?id=net.radiopiu.iniko\" target=\"_blank\" rel=\"noopener noreferrer\">https:\/\/play.google.com\/store\/apps\/details?id=net.radiopiu.iniko<\/a><\/p>\n<p>&nbsp;<\/p>\n<hr \/>\n<p>&nbsp;<\/p>\n<blockquote><p><strong><em>PROVINCIALE 473 CROCE D&#8217;AUNE:<\/em><\/strong><br \/>\n<strong><em>IL 20 LUGLIO INTERDIZIONE TOTALE DALLE 9 ALLE 11 TRA PONTE OLTRA E SORRIVA<\/em><\/strong><\/p><\/blockquote>\n<p>&nbsp;<\/p>\n<hr \/>\n<h3><\/h3>\n<h3 style=\"text-align: center;\"><em>BENVENUTI TRA LE DOLOMITI ANCHE CON LA BENEDIZIONE DEL VESCOVO RENATO<\/em><\/h3>\n<p>Dopo le cinque stagioni in Trentino la troupe de &#8220;Un passo dal cielo&#8221; ha scelto il bellunese per le prossime puntate, sulle sponde del lago di Braies. Ieri il benvenuto\u00a0 a San Vito di Cadore,\u00a0 con \u00a0il sindaco Franco De Bon,\u00a0 il presidente della Provincia, Roberto Padrin e anche il Vescovo.<\/p>\n<p><strong>IL PRESIDENTE DELLA PROVINCIA ROBERTO PADRIN<\/strong><\/p>\n<audio class=\"wp-audio-shortcode\" id=\"audio-149659-1\" preload=\"none\" style=\"width: 100%;\" controls=\"controls\"><source type=\"audio\/mpeg\" src=\"https:\/\/www.radiopiu.net\/wordpress\/wp-content\/uploads\/2020\/07\/padrin.mp3?_=1\" \/><a href=\"https:\/\/www.radiopiu.net\/wordpress\/wp-content\/uploads\/2020\/07\/padrin.mp3\">https:\/\/www.radiopiu.net\/wordpress\/wp-content\/uploads\/2020\/07\/padrin.mp3<\/a><\/audio>\n<p>&nbsp;<\/p>\n<p><a class=\"dt-pswp-item\" href=\"https:\/\/www.radiopiu.net\/wordpress\/wp-content\/uploads\/2020\/07\/37ccec0b-a152-4d7a-afc0-eaae80aa67c8.jpg\" data-dt-img-description=\"\" data-large_image_width=\"1600\" data-large_image_height=\"1200\"><img loading=\"lazy\" decoding=\"async\" class=\"alignnone wp-image-149703 \" src=\"https:\/\/www.radiopiu.net\/wordpress\/wp-content\/uploads\/2020\/07\/37ccec0b-a152-4d7a-afc0-eaae80aa67c8-1024x768.jpg\" alt=\"\" width=\"320\" height=\"240\" srcset=\"https:\/\/www.radiopiu.net\/wordpress\/wp-content\/uploads\/2020\/07\/37ccec0b-a152-4d7a-afc0-eaae80aa67c8-1024x768.jpg 1024w, https:\/\/www.radiopiu.net\/wordpress\/wp-content\/uploads\/2020\/07\/37ccec0b-a152-4d7a-afc0-eaae80aa67c8-300x225.jpg 300w, https:\/\/www.radiopiu.net\/wordpress\/wp-content\/uploads\/2020\/07\/37ccec0b-a152-4d7a-afc0-eaae80aa67c8-768x576.jpg 768w, https:\/\/www.radiopiu.net\/wordpress\/wp-content\/uploads\/2020\/07\/37ccec0b-a152-4d7a-afc0-eaae80aa67c8-1536x1152.jpg 1536w, https:\/\/www.radiopiu.net\/wordpress\/wp-content\/uploads\/2020\/07\/37ccec0b-a152-4d7a-afc0-eaae80aa67c8.jpg 1600w\" sizes=\"auto, (max-width: 320px) 100vw, 320px\" \/><\/a><a class=\"dt-pswp-item\" href=\"https:\/\/www.radiopiu.net\/wordpress\/wp-content\/uploads\/2020\/07\/6d143f0f-1f88-42fa-8bfa-3faed7661e72.jpg\" data-dt-img-description=\"\" data-large_image_width=\"1600\" data-large_image_height=\"1200\"><img loading=\"lazy\" decoding=\"async\" class=\"alignnone wp-image-149702 \" src=\"https:\/\/www.radiopiu.net\/wordpress\/wp-content\/uploads\/2020\/07\/6d143f0f-1f88-42fa-8bfa-3faed7661e72-1024x768.jpg\" alt=\"\" width=\"320\" height=\"240\" srcset=\"https:\/\/www.radiopiu.net\/wordpress\/wp-content\/uploads\/2020\/07\/6d143f0f-1f88-42fa-8bfa-3faed7661e72-1024x768.jpg 1024w, https:\/\/www.radiopiu.net\/wordpress\/wp-content\/uploads\/2020\/07\/6d143f0f-1f88-42fa-8bfa-3faed7661e72-300x225.jpg 300w, https:\/\/www.radiopiu.net\/wordpress\/wp-content\/uploads\/2020\/07\/6d143f0f-1f88-42fa-8bfa-3faed7661e72-768x576.jpg 768w, https:\/\/www.radiopiu.net\/wordpress\/wp-content\/uploads\/2020\/07\/6d143f0f-1f88-42fa-8bfa-3faed7661e72-1536x1152.jpg 1536w, https:\/\/www.radiopiu.net\/wordpress\/wp-content\/uploads\/2020\/07\/6d143f0f-1f88-42fa-8bfa-3faed7661e72.jpg 1600w\" sizes=\"auto, (max-width: 320px) 100vw, 320px\" \/><\/a><\/p>\n<p>&nbsp;<\/p>\n<hr \/>\n<p>&nbsp;<\/p>\n<blockquote>\n<h3>PROROGATA L&#8217;ORDINANZA SULLA 203 AGORDINA, IN VALLE DEL MIS STRADA CHIUSA PER 4 GIORNI MATTINA E POMERIGGIO<\/h3>\n<\/blockquote>\n<p><strong><a class=\"dt-pswp-item\" href=\"https:\/\/www.radiopiu.net\/wordpress\/wp-content\/uploads\/2020\/07\/download-14.jpg\" data-dt-img-description=\"\" data-large_image_width=\"259\" data-large_image_height=\"194\"><img loading=\"lazy\" decoding=\"async\" class=\" wp-image-149531 alignleft\" src=\"https:\/\/www.radiopiu.net\/wordpress\/wp-content\/uploads\/2020\/07\/download-14.jpg\" alt=\"\" width=\"155\" height=\"117\" \/><\/a>LA VALLE A <\/strong>La Muda l&#8217;ordinanza del 12 giugno \u00e8 stata prorogata, per ora di togliere il cantiere non se ne parla, i lavori sono ancora in corso e questi comportano lo spostamento del traffico sulla viabilit\u00e0 provvisoria appositamente predisposta, due &#8220;gomiti&#8221; causa di forti rallentamenti soprattutto la domenica al momento del rientro. Ma i lavori sono necessari per completare il nuovo attraversamento idraulico sul rio Val Scure che negli anni scorsi ogni qual volta \u00e8 esondato ha portato al blocco totale del traffico.<\/p>\n<p><strong>GOSALDO\u00a0<\/strong> Dal 20 al 24 luglio per lavori su rete idrica in localit\u00e0 Tiser lungo la provinciale 2 del Mis interdizione totale dalle 8 alle 12 e dalle 13 alle 17 dal chilometro 24.900 al chilometro 25.100 Nelle altre ore senso unico alternato.<\/p>\n<p>&nbsp;<\/p>\n<p>&nbsp;<\/p>\n<hr \/>\n<p>&nbsp;<\/p>\n<blockquote>\n<h3>ACQUA DI NUOVO POTABILE<\/h3>\n<\/blockquote>\n<p>A Santo Stefano di Cadore nelle localit\u00e0 Costa d\u2019Antola e Costa Zucco, e a San Pietro di Cadore nelle frazioni di Valle, Stavello, Presenaio, Mare, Costalta l\u2019acqua erogata dall\u2019acquedotto \u00e8 di nuovo potabile, ne da notizia GSP<\/p>\n<p>&nbsp;<\/p>\n<p>&nbsp;<\/p>\n<hr \/>\n<div class=\"page-title-head hgroup\">\n<h3 class=\"entry-title\"><\/h3>\n<blockquote>\n<h3>ARRESTATO PER FURTO NELL&#8217;ABITAZIONE DEL PENSIONATO EVADE DAL DOMICILIO E FINISCE IN CARCERE<\/h3>\n<\/blockquote>\n<p><strong>CENCENIGHE<\/strong> I Carabinieri di Cencenighe hanno arrestato Valentino Lezuo, 65 anni originario del territorio Fodom ma residente da tempo a Cencenighe, volto noto e pi\u00f9 volte balzato alle cronache. L&#8217;arresto \u00e8 scattato ieri pomeriggio\u00a0 in esecuzione di un ordine di custodia cautelare emesso dal Tribunale di Belluno. La vicenda che ha determinato il provvedimento ha origine lo scorso 10 luglio quando i Carabinieri di Cencenighe\u00a0 hanno fermato l&#8217;uomo in flagranza di reato per furto in abitazione ai danni di un pensionato di Alleghe. Lezuo si impossessava della somma di circa 1000 euro custodita all&#8217;interno della casa.\u00a0 L&#8217;uomo \u00e8 stato confinato al proprio domicilio agli arresti domiciliari.\u00a0 Nei giorni 14 e 15 luglio non ancora pago della &#8220;punizione&#8221; ha pensato di evadere dai domiciliari e uscire di casa, ma i Carabinieri che evidentemente lo tenevano sotto\u00a0 controllo\u00a0 lo hanno sorpreso\u00a0 in centro al paese in palese violazione agli obblighi <img loading=\"lazy\" decoding=\"async\" class=\"alignleft\" src=\"https:\/\/www.radiopiu.net\/wordpress\/wp-content\/uploads\/2015\/11\/carabinieri-gruppo.jpg\" width=\"444\" height=\"248\" \/>di permanenza al proprio domicilio. La prevista segnalazione all&#8217;autorit\u00e0 giudiziaria ha quindi aggravato la sua posizione e la misura iniziale degli arresti domiciliari.<\/p>\n<p>&nbsp;<\/p>\n<div class=\"page-title-head hgroup\">\n<blockquote>\n<h3 class=\"entry-title\">VIOLA IL PROGRAMMA TERAPEUTICO, ARRESTATO DAI CARABINIERI DI FELTRE<\/h3>\n<\/blockquote>\n<p><strong>FELTRE\u00a0<\/strong>\u00a0I carabinieri di Feltre\u00a0 hanno arrestato Antonio Franzese, 33 anni residente a Napoli ma domiciliato a Feltre.\u00a0 presso una comunit\u00e0 terapeutica. Arrestato per la revoca dell\u2019affidamento in prova, infatti ha violato il programma terapeutico di comunit\u00e0. L\u2019uomo dovr\u00e0 scontare 4 anni e 8 mesi di reclusione per rapina e resistenza a pubblico ufficiale nonch\u00e8 lesioni, episodi commessi a Napoli.<\/p>\n<\/div>\n<div class=\"page-title-breadcrumbs\"><\/div>\n<\/div>\n<hr \/>\n<p>&nbsp;<\/p>\n<blockquote>\n<h3>PERCEPIVA IL REDDITO DI CITTADINANZA SENZA DIRITTO: LE FIAMME GIALLE A COSTANTE TUTELA DELLA SPESA PUBBLICA<\/h3>\n<\/blockquote>\n<p><strong><img loading=\"lazy\" decoding=\"async\" class=\"alignleft\" src=\"https:\/\/www.radiopiu.net\/wordpress\/wp-content\/uploads\/2020\/03\/FINANZA-2-scaled.jpg\" width=\"229\" height=\"345\" \/>\u00a0AGORDO\u00a0<\/strong>I Finanzieri della Tenenza di Agordo, nell\u2019ambito degli ordinari servizi di monitoraggio a contrasto agli illeciti in materia di spesa pubblica, hanno individuato e\u00a0 sottoposto\u00a0 a controllo un soggetto di nazionalit\u00e0 straniera il quale ha indebitamente percepito il\u00a0 \u201cReddito di Cittadinanza\u201d senza averne i necessari requisiti previsti dalla normativa vigente, per un ammontare\u00a0 4.200 euro.\u00a0 Nel dettaglio, quest\u2019ultimo aveva indicato nella Dichiarazione Sostitutiva Unica finalizzata al rilascio dell\u2019Indicatore della Situazione Economica Equivalente relativa alla posizione patrimoniale e reddituale dell\u2019intero nucleo famigliare, uno stato di famiglia difforme da quello effettivo. Inoltre, il richiedente aveva indebitamente dichiarato, unitamente alla coniuge, di possedere i requisiti di cittadinanza, residenza e soggiorno sebbene dagli accertamenti eseguiti dalle Fiamme Gialle sarebbe emersa l\u2019irreperibilit\u00e0 degli stessi, nel 2018, per un periodo di circa 5 mesi, in contrasto con quanto previsto dalla normativa vigente secondo cui tutti i componenti dei nuclei famigliari richiedenti devono essere residenti in Italia per almeno 10 anni, di cui gli ultimi due, considerati al momento della presentazione della domanda e per tutta la durata dell&#8217;erogazione del beneficio, in modo continuativo. L\u2019operazione ha avuto luogo riscontrando gli elenchi dei beneficiari ed attraverso un capillare controllo del territorio con appostamenti e l\u2019espletamento di autonoma attivit\u00e0 info-investigativa.<\/p>\n<blockquote><p><em>Il servizio rientra nel quadro delle quotidiane attivit\u00e0 svolte dalla Guardia di Finanza a tutela della spesa pubblica nazionale nonch\u00e9 a salvaguardia della cittadinanza virtuosa che accede onestamente ai canali assistenziali previsti dallo Stato nelle diverse forme previste.<\/em><\/p><\/blockquote>\n<p>&nbsp;<\/p>\n<p>&nbsp;<\/p>\n<div class=\"page-title-head hgroup\">\n<blockquote>\n<hr \/>\n<h3><\/h3>\n<\/blockquote>\n<blockquote>\n<h3 class=\"entry-title\"><\/h3>\n<h3 class=\"entry-title\">AGGIUDICATI I LAVORI PER LA RISTRUTTURAZIONE DEL PRONTO SOCCORSO<\/h3>\n<\/blockquote>\n<\/div>\n<div class=\"page-title-breadcrumbs\">\n<p>&nbsp;<\/p>\n<p><strong><a class=\"dt-pswp-item\" href=\"https:\/\/www.radiopiu.net\/wordpress\/wp-content\/uploads\/2015\/10\/Entrata-Agordo-300x225.jpg\" data-dt-img-description=\"\" data-large_image_width=\"300\" data-large_image_height=\"225\"><img loading=\"lazy\" decoding=\"async\" class=\" wp-image-11952 alignleft\" src=\"https:\/\/www.radiopiu.net\/wordpress\/wp-content\/uploads\/2015\/10\/Entrata-Agordo-300x225-300x225.jpg\" alt=\"\" width=\"199\" height=\"150\" \/><\/a>AGORDO<\/strong> Aggiudicati i lavori di ristrutturazione e ampliamento del Pronto Soccorso dell\u2019ospedale di Agordo alla Impresa Atheste Costruzioni s.r.l. di Este (PD) quale capogruppo del ATI con Ranzato Impianti srl di Padova. L\u2019importo netto di contratto dei lavori aggiudicati ammonta a circa euro 2.200.000,00, mentre l\u2019ammontare complessivo dell\u2019investimento \u00a0\u00e8 di circa 3 milioni di euro. I lavori, che avranno inizio il prossimo autunno, \u00a0prevedono, nel complesso, \u00a0la ristrutturazione dell\u2019area interna corrispondente all\u2019attuale PS, una nuova costruzione relativa alla camera calda e agli spazi di supporto ad essa,\u00a0 opere di miglioramento sismico e sistemazioni esterne per la nuova viabilit\u00e0, \u00a0con particolare cura dei percorsi pedonali di accesso. <em>\u201cLa ristrutturazione del PS di Agordo, che avverr\u00e0 nei tempi pi\u00f9 rapidi possibili, e in anticipo rispetto al cronoprogramma concordato per il finanziamento sui fondi ODI, comporter\u00e0 considerevoli vantaggi \u00a0quali il potenziamento dell\u2019assistenza territoriale, la riorganizzazione della rete ospedaliera e il consolidamento della rete dell\u2019assistenza emergenza-urgenza del territorio bellunese\u201d &#8211; \u00a0afferma il Direttore Generale.\u00a0\u00a0<\/em><\/p>\n<p><strong>IL SINDACO DI AGORDO ROBERTO CHISSALE<\/strong><\/p>\n<audio class=\"wp-audio-shortcode\" id=\"audio-149659-2\" preload=\"none\" style=\"width: 100%;\" controls=\"controls\"><source type=\"audio\/mpeg\" src=\"https:\/\/www.radiopiu.net\/wordpress\/wp-content\/uploads\/2020\/07\/chissale.mp3?_=2\" \/><a href=\"https:\/\/www.radiopiu.net\/wordpress\/wp-content\/uploads\/2020\/07\/chissale.mp3\">https:\/\/www.radiopiu.net\/wordpress\/wp-content\/uploads\/2020\/07\/chissale.mp3<\/a><\/audio>\n<p>&nbsp;<\/p>\n<p><strong>ANDREA DE BERNARDIN, SINDACO DI ROCCA PIETORE<\/strong><\/p>\n<audio class=\"wp-audio-shortcode\" id=\"audio-149659-3\" preload=\"none\" style=\"width: 100%;\" controls=\"controls\"><source type=\"audio\/mpeg\" src=\"https:\/\/www.radiopiu.net\/wordpress\/wp-content\/uploads\/2020\/07\/DE-BERNARDIN-PRONTO-SOCCORSO.mp3?_=3\" \/><a href=\"https:\/\/www.radiopiu.net\/wordpress\/wp-content\/uploads\/2020\/07\/DE-BERNARDIN-PRONTO-SOCCORSO.mp3\">https:\/\/www.radiopiu.net\/wordpress\/wp-content\/uploads\/2020\/07\/DE-BERNARDIN-PRONTO-SOCCORSO.mp3<\/a><\/audio>\n<p>&nbsp;<\/p>\n<p><strong>FRANCO GIDONI, CONSIGLIERE REGIONALE<\/strong><\/p>\n<audio class=\"wp-audio-shortcode\" id=\"audio-149659-4\" preload=\"none\" style=\"width: 100%;\" controls=\"controls\"><source type=\"audio\/mpeg\" src=\"https:\/\/www.radiopiu.net\/wordpress\/wp-content\/uploads\/2020\/07\/FRANCO-GIDONI-PRONTO-SOCCORSO.mp3?_=4\" \/><a href=\"https:\/\/www.radiopiu.net\/wordpress\/wp-content\/uploads\/2020\/07\/FRANCO-GIDONI-PRONTO-SOCCORSO.mp3\">https:\/\/www.radiopiu.net\/wordpress\/wp-content\/uploads\/2020\/07\/FRANCO-GIDONI-PRONTO-SOCCORSO.mp3<\/a><\/audio>\n<p>&nbsp;<\/p>\n<p><strong>IL COMMENTO DI DARIO BOND<\/strong><\/p>\n<audio class=\"wp-audio-shortcode\" id=\"audio-149659-5\" preload=\"none\" style=\"width: 100%;\" controls=\"controls\"><source type=\"audio\/mpeg\" src=\"https:\/\/www.radiopiu.net\/wordpress\/wp-content\/uploads\/2020\/07\/BOND-1.mp3?_=5\" \/><a href=\"https:\/\/www.radiopiu.net\/wordpress\/wp-content\/uploads\/2020\/07\/BOND-1.mp3\">https:\/\/www.radiopiu.net\/wordpress\/wp-content\/uploads\/2020\/07\/BOND-1.mp3<\/a><\/audio>\n<p>&nbsp;<\/p>\n<p><em><strong>IL SERVIZIO DI GIANNI SANTOMASO DAL CORRIERE DELLE ALPI<\/strong><\/em><\/p>\n<audio class=\"wp-audio-shortcode\" id=\"audio-149659-6\" preload=\"none\" style=\"width: 100%;\" controls=\"controls\"><source type=\"audio\/mpeg\" src=\"https:\/\/www.radiopiu.net\/wordpress\/wp-content\/uploads\/2020\/07\/GIANNI-PRONTO-SOCCORSO-AGO.mp3?_=6\" \/><a href=\"https:\/\/www.radiopiu.net\/wordpress\/wp-content\/uploads\/2020\/07\/GIANNI-PRONTO-SOCCORSO-AGO.mp3\">https:\/\/www.radiopiu.net\/wordpress\/wp-content\/uploads\/2020\/07\/GIANNI-PRONTO-SOCCORSO-AGO.mp3<\/a><\/audio>\n<p>&nbsp;<\/p>\n<hr \/>\n<p>&nbsp;<\/p>\n<div class=\"page-title-head hgroup\">\n<blockquote>\n<h3 class=\"entry-title\">FIAMME A LAMON, INTERVENTO DEI VIGILI DEL FUOCO E CARABINIERI, A PIAN DEL VESCOVO DECESSO PER CAUSE NATURALI<\/h3>\n<\/blockquote>\n<\/div>\n<p><strong>LAMON<\/strong> Carabinieri e Vigili del Fuoco a Lamon ieri pomeriggio in seguito ad un incendio in una rimessa agricola di propiet\u00e0 di un 36enne residente in localit\u00e0 Gorna. In breve\u00a0 domato il fuoco\u00a0 e l&#8217;area messa in sicurezza. E&#8217; probabile che le fiamme siano state originate in seguito ad alcuni lavori di saldatura che il padre del proprietario stava eseguendo all&#8217;interno della rimessa. L&#8217;incendio\u00a0 ha interessato anche un trattore ed alcuni attrezzi agricoli. I vigili del fuoco\u00a0 del distaccamento di Feltre\u00a0 sono intervenuti con 5 unit\u00e0,\u00a0 un&#8217;autopompa ed un&#8217;autobotte, quelli del Basso Feltrino con 3 unit\u00e0\u00a0 e un&#8217;autobotte.<\/p>\n<p>&nbsp;<\/p>\n\n\t\t\t<style type='text\/css'>\n\t\t\t\t#gallery-1 {\n\t\t\t\t\tmargin: auto;\n\t\t\t\t}\n\t\t\t\t#gallery-1 .gallery-item {\n\t\t\t\t\tfloat: left;\n\t\t\t\t\tmargin-top: 10px;\n\t\t\t\t\ttext-align: center;\n\t\t\t\t\twidth: 33%;\n\t\t\t\t}\n\t\t\t\t#gallery-1 img {\n\t\t\t\t\tborder: 2px solid #cfcfcf;\n\t\t\t\t}\n\t\t\t\t#gallery-1 .gallery-caption {\n\t\t\t\t\tmargin-left: 0;\n\t\t\t\t}\n\t\t\t\t\/* see gallery_shortcode() in wp-includes\/media.php *\/\n\t\t\t<\/style>\n\t\t<div id='gallery-1' class='dt-gallery-container gallery galleryid-149659 gallery-columns-3 gallery-size-thumbnail'><dl class='gallery-item'>\n\t\t\t\t<dt class='gallery-icon landscape'>\n\t\t\t\t\t<a class=\"rollover rollover-zoom dt-pswp-item\" title=\"Incendio Lamon 1\" data-dt-img-description=\"\" data-large_image_width=\"1280\" data-large_image_height=\"960\"href='https:\/\/www.radiopiu.net\/wordpress\/wp-content\/uploads\/2020\/07\/Incendio-Lamon-1.jpg'><img loading=\"lazy\" decoding=\"async\" width=\"150\" height=\"150\" src=\"https:\/\/www.radiopiu.net\/wordpress\/wp-content\/uploads\/2020\/07\/Incendio-Lamon-1-150x150.jpg\" class=\"attachment-thumbnail size-thumbnail\" alt=\"\" \/><\/a>\n\t\t\t\t<\/dt><\/dl><dl class='gallery-item'>\n\t\t\t\t<dt class='gallery-icon landscape'>\n\t\t\t\t\t<a class=\"rollover rollover-zoom dt-pswp-item\" title=\"Incendio Lamon 2\" data-dt-img-description=\"\" data-large_image_width=\"1280\" data-large_image_height=\"960\"href='https:\/\/www.radiopiu.net\/wordpress\/wp-content\/uploads\/2020\/07\/Incendio-Lamon-2.jpg'><img loading=\"lazy\" decoding=\"async\" width=\"150\" height=\"150\" src=\"https:\/\/www.radiopiu.net\/wordpress\/wp-content\/uploads\/2020\/07\/Incendio-Lamon-2-150x150.jpg\" class=\"attachment-thumbnail size-thumbnail\" alt=\"\" \/><\/a>\n\t\t\t\t<\/dt><\/dl><dl class='gallery-item'>\n\t\t\t\t<dt class='gallery-icon landscape'>\n\t\t\t\t\t<a class=\"rollover rollover-zoom dt-pswp-item\" title=\"Incendio Lamon 3\" data-dt-img-description=\"\" data-large_image_width=\"1280\" data-large_image_height=\"960\"href='https:\/\/www.radiopiu.net\/wordpress\/wp-content\/uploads\/2020\/07\/Incendio-Lamon-3.jpg'><img loading=\"lazy\" decoding=\"async\" width=\"150\" height=\"150\" src=\"https:\/\/www.radiopiu.net\/wordpress\/wp-content\/uploads\/2020\/07\/Incendio-Lamon-3-150x150.jpg\" class=\"attachment-thumbnail size-thumbnail\" alt=\"\" \/><\/a>\n\t\t\t\t<\/dt><\/dl><br style=\"clear: both\" \/>\n\t\t\t<\/div>\n\n<p>&nbsp;<\/p>\n<p><strong>A PIAN DEL VESCOVO DECESSO PER CAUSE NATURALI<\/strong><\/p>\n<p><strong>LAMON<\/strong> I Carabinieri di Feltre sono intervenuti in seguito al decesso di Cornelio Bee, 80 anni residente a Lamon in via Pian Del Vescovo, deceduto per cause naturali. E&#8217; stato ritrovato dalla moglie, attorno alle 17 tra le mura di casa.<\/p>\n<p>&nbsp;<\/p>\n<hr \/>\n<p>&nbsp;<\/p>\n<blockquote>\n<h3>INCIDENTE A BUSCHE, FERITA UNA DONNA<\/h3>\n<\/blockquote>\n<p><strong>BUSCHE<\/strong> Sono intervenuti i vigili del fuoco nell&#8217;incidente di ieri pomeriggio a Busche tra una 500 e un camion. L&#8217;auto \u00e8 finita contro un palo e una donna in ospedale con ferite comunque non gravi.<\/p>\n<p><a class=\"dt-pswp-item\" href=\"https:\/\/www.radiopiu.net\/wordpress\/wp-content\/uploads\/2020\/07\/Incidente-Busche-2.jpg\" data-dt-img-description=\"\" data-large_image_width=\"980\" data-large_image_height=\"955\"><img loading=\"lazy\" decoding=\"async\" class=\"alignnone size-medium wp-image-149839\" src=\"https:\/\/www.radiopiu.net\/wordpress\/wp-content\/uploads\/2020\/07\/Incidente-Busche-2-300x292.jpg\" alt=\"\" width=\"300\" height=\"292\" srcset=\"https:\/\/www.radiopiu.net\/wordpress\/wp-content\/uploads\/2020\/07\/Incidente-Busche-2-300x292.jpg 300w, https:\/\/www.radiopiu.net\/wordpress\/wp-content\/uploads\/2020\/07\/Incidente-Busche-2-768x748.jpg 768w, https:\/\/www.radiopiu.net\/wordpress\/wp-content\/uploads\/2020\/07\/Incidente-Busche-2.jpg 980w\" sizes=\"auto, (max-width: 300px) 100vw, 300px\" \/><\/a><a class=\"dt-pswp-item\" href=\"https:\/\/www.radiopiu.net\/wordpress\/wp-content\/uploads\/2020\/07\/Inc.-Busche-con-logo.jpg\" data-dt-img-description=\"\" data-large_image_width=\"1280\" data-large_image_height=\"960\"><img loading=\"lazy\" decoding=\"async\" class=\"alignnone size-medium wp-image-149838\" src=\"https:\/\/www.radiopiu.net\/wordpress\/wp-content\/uploads\/2020\/07\/Inc.-Busche-con-logo-300x225.jpg\" alt=\"\" width=\"300\" height=\"225\" srcset=\"https:\/\/www.radiopiu.net\/wordpress\/wp-content\/uploads\/2020\/07\/Inc.-Busche-con-logo-300x225.jpg 300w, https:\/\/www.radiopiu.net\/wordpress\/wp-content\/uploads\/2020\/07\/Inc.-Busche-con-logo-1024x768.jpg 1024w, https:\/\/www.radiopiu.net\/wordpress\/wp-content\/uploads\/2020\/07\/Inc.-Busche-con-logo-768x576.jpg 768w, https:\/\/www.radiopiu.net\/wordpress\/wp-content\/uploads\/2020\/07\/Inc.-Busche-con-logo.jpg 1280w\" sizes=\"auto, (max-width: 300px) 100vw, 300px\" \/><\/a><\/p>\n<p>&nbsp;<\/p>\n<p>&nbsp;<\/p>\n<hr \/>\n<blockquote>\n<h3><\/h3>\n<h3>I VANDALI DELLE COLONNINE<\/h3>\n<\/blockquote>\n<p><a class=\"dt-pswp-item\" href=\"https:\/\/www.radiopiu.net\/wordpress\/wp-content\/uploads\/2020\/07\/109941038_163584868617487_3980761748770964930_n.jpg\" data-dt-img-description=\"\" data-large_image_width=\"720\" data-large_image_height=\"960\"><img loading=\"lazy\" decoding=\"async\" class=\" wp-image-149856 alignleft\" src=\"https:\/\/www.radiopiu.net\/wordpress\/wp-content\/uploads\/2020\/07\/109941038_163584868617487_3980761748770964930_n-225x300.jpg\" alt=\"\" width=\"179\" height=\"238\" srcset=\"https:\/\/www.radiopiu.net\/wordpress\/wp-content\/uploads\/2020\/07\/109941038_163584868617487_3980761748770964930_n-225x300.jpg 225w, https:\/\/www.radiopiu.net\/wordpress\/wp-content\/uploads\/2020\/07\/109941038_163584868617487_3980761748770964930_n.jpg 720w\" sizes=\"auto, (max-width: 179px) 100vw, 179px\" \/><\/a><strong>AURONZO<\/strong> Danneggiate le colonnine di ricarica delle biciclette che\u00a0 domani dovevano essere inaugurate. A denunciare il grave episodio di danneggiamento oltre che alle forze dell&#8217;ordine anche alla collettivit\u00e0 \u00e8 la stessa sindaco di Auronzo, Tatiana Pais Becher, che nella pagina Facebook giudica il gesto non come una bravata, ma come un vero e proprio atto delinquenziale che come tale va trattato.<em> \u00abQuesto gesto deprecabile\u00a0 denota la totale assenza di senso civico e di rispetto nei confronti di un bene della collettivit\u00e0\u00bb.<\/em> Anche per questo motivo a breve il paese si doter\u00e0 di 10 telecamere per le video sorveglianza, per la verit\u00e0 lo aveva gi\u00e0 deciso l&#8217;Amministrazione di Daniela Larese Filon\u00a0 nel 2015, ma si sono rivelate solo chiacchiere giustificate da mancati finanziamenti.<\/p>\n<p>&nbsp;<\/p>\n<p>&nbsp;<\/p>\n<p>&nbsp;<\/p>\n<hr \/>\n<p>&nbsp;<\/p>\n<p>&nbsp;<\/p>\n<blockquote>\n<h3>SOSPESO L&#8217;APPALTO DEL GAS<\/h3>\n<\/blockquote>\n<p><strong>BELLUNO<\/strong> Tutto bloccato sulla gara di aggiudicazione della distribuzione di gas naturale in provincia aggiudicata da Italgas,\u00a0 almeno fino a quando non si pronuncer\u00e0 il Tar. Il Comune di Belluno, stazione appaltante, non proceder\u00e0\u00a0 in attesa delle udienze e del giudizio finale davanti al Tribunale amministrativo del Veneto. Tempo 40 giorni e il Tar fisser\u00e0 l&#8217;udienza. A ottobre\u00a0 la dicussione ed a dicembre\u00a0 la sentenza. Davanti ai giudici \u00e8 approdato il ricorso del Comune di Feltre e di altri 41 enti della provincia. Si tratta di una concessione da 90 milioni, &#8211;<\/p>\n<p>&nbsp;<\/p>\n<p>&nbsp;<\/p>\n<hr \/>\n<p>&nbsp;<\/p>\n<p>&nbsp;<\/p>\n<\/div>\n<p><strong><span style=\"color: #ff0000;\">DAL GIORNALE RADIO DI IERI<\/span><\/strong><\/p>\n<blockquote>\n<h3>CAPITOLO &#8220;UOMO AVVISATO&#8221; ATTIVO IL NUOVO AUTOVELOX<\/h3>\n<\/blockquote>\n<blockquote><p><strong><a class=\"dt-pswp-item\" href=\"https:\/\/www.radiopiu.net\/wordpress\/wp-content\/uploads\/2020\/07\/cb077a3e-d7e1-459d-87f4-89a39283bc27.jpg\" data-dt-img-description=\"\" data-large_image_width=\"1024\" data-large_image_height=\"878\"><img loading=\"lazy\" decoding=\"async\" class=\" wp-image-149740 alignleft\" src=\"https:\/\/www.radiopiu.net\/wordpress\/wp-content\/uploads\/2020\/07\/cb077a3e-d7e1-459d-87f4-89a39283bc27-300x257.jpg\" alt=\"\" width=\"166\" height=\"143\" srcset=\"https:\/\/www.radiopiu.net\/wordpress\/wp-content\/uploads\/2020\/07\/cb077a3e-d7e1-459d-87f4-89a39283bc27-300x257.jpg 300w, https:\/\/www.radiopiu.net\/wordpress\/wp-content\/uploads\/2020\/07\/cb077a3e-d7e1-459d-87f4-89a39283bc27-768x659.jpg 768w, https:\/\/www.radiopiu.net\/wordpress\/wp-content\/uploads\/2020\/07\/cb077a3e-d7e1-459d-87f4-89a39283bc27.jpg 1024w\" sizes=\"auto, (max-width: 166px) 100vw, 166px\" \/><\/a>LIVINALLONGO<\/strong> Da oggi sar\u00e0 attivato l&#8217;autovelox di Brenta (limite 50 chilometri orari) e il dispositivo non necessit\u00e0 di sorveglianza della Polizia Locale, sar\u00e0 acceso anche nel corso delle ore notturne. Ne da notizia il sindaco di Livinallongo Leandro Grones. <em>&#8220;Dalla fine del lockdown sono aumentate le lamentele di chi vive in zona, dobbiamo imparare a rispettare i limiti&#8221;<\/em><\/p><\/blockquote>\n<audio class=\"wp-audio-shortcode\" id=\"audio-149659-7\" preload=\"none\" style=\"width: 100%;\" controls=\"controls\"><source type=\"audio\/mpeg\" src=\"https:\/\/www.radiopiu.net\/wordpress\/wp-content\/uploads\/2020\/07\/leandro.mp3?_=7\" \/><a href=\"https:\/\/www.radiopiu.net\/wordpress\/wp-content\/uploads\/2020\/07\/leandro.mp3\">https:\/\/www.radiopiu.net\/wordpress\/wp-content\/uploads\/2020\/07\/leandro.mp3<\/a><\/audio>\n<p>&nbsp;<\/p>\n<p>&nbsp;<\/p>\n<hr \/>\n<blockquote>\n<h3><\/h3>\n<h3>DALLA PROSSIMA SETTIMANA A PIENO REGIME<\/h3>\n<\/blockquote>\n<p><strong><img loading=\"lazy\" decoding=\"async\" class=\"alignleft\" src=\"https:\/\/www.radiopiu.net\/wordpress\/wp-content\/uploads\/2020\/03\/NOVITA-LUXOTTICA.jpg\" width=\"235\" height=\"132\" \/>AGORDO<\/strong> Consueto incontro settimanale tra Azienda (Schinetti, Sist, De Castro) e organizzazioni sindacali (Piras, Paoloni Salvatoni) per la verifica delle tematiche alla luce della ultime novit\u00e0, la cassa integrazione \u00e8 infatti in scadenza domani come da accordo del 18 giugno. Sono stati condivisi alcuni dati relativi al periodo di cassa integrazione e trend di mercato. Azienda e sindacati confermano la piena ripresa produttiva dalla prossima settimana con la cessazione del ricorso agli ammortizzatori sociali post covid19. La situazione sar\u00e0 costantemente monitorata in base all&#8217;evolversi dell&#8217;emergenza pandemica a livello globale e possibili impatti su Luxottica per garantire comunque la massima sicurezza delle persone e supportare la ripresa produttiva e commerciale dell&#8217;azienda a garanzia della piena occupazione.<\/p>\n<p>&nbsp;<\/p>\n<blockquote>\n<h3>IL CARRELLO DELLA SPESA CI SARA&#8217; ANCHE QUEST&#8217;ANNO<\/h3>\n<\/blockquote>\n<p><strong>AGORDO<\/strong> Anche quest&#8217;anno i dipendenti Luxottica potranno godere del pacco spesa come ormai succede da diversi anni. Entro il 31 luglio ognuno potr\u00e0 perfezionare la sua richiesta scegliendo i prodotti in rete con le proprie credenziali. Un&#8217;operazione welfare Luxottica di sostegno al reddito.<\/p>\n<p>&nbsp;<\/p>\n<blockquote>\n<h3>LUXOTTICA: DA LUNEDI PROBLEMA PARCHEGGI CON LA RIPRESA TOTALE<\/h3>\n<\/blockquote>\n<p><strong><img decoding=\"async\" src=\"https:\/\/www.radiopiu.net\/wordpress\/wp-content\/uploads\/2017\/03\/PARCHEGGI-LUX-4.jpg\" \/>AGORDO<\/strong> La commissione trasporti Luxottica riporta all&#8217;attenzione il tema parcheggi presumendo nuovi disagi a partire gi\u00e0 da lunedi per chi si recher\u00e0 al lavoro con mezzi propri perch\u00e9 mancano ancora alcune linee di trasporto pubblico e che evidentemente andranno ad incrementare il traffico negli orari di punta. <em>&#8220;Lunedi lo stabilimento con il termine della cassa integrazione &#8211; ricorda la commissione trasporti &#8211; torner\u00e0 a pieno regime ma sul fronte parcheggi ci sono ancora problemi irrisolti. In questi mesi ci siamo confrontati con la direzione aziendale e Dolomitibus in varie occasioni per chiedere il completo ripristino dei servizi di trasporto pubblico collettivo sospesi con l&#8217;inizio dell&#8217;epidemia. Sono tornate attive tutte le linee nell&#8217;orario 8-17, da Belluno, Feltre per i turni diurni, la linea del Primiero solo per il turno pomeridiano. Non sono state mai riattivate, neppure parzialmente, la linea da Falcade e la navetta da Agordo&#8221;.\u00a0<\/em><\/p>\n<blockquote><p>Per quanto riguarda i parcheggi: i lavori di sistemazione e ampliamento sono stati posticipati. Per questo la commissione trasporti ha proposto all&#8217;azienda (incaricata dei lavori) quanto chiede da anni: un ampliamento per l&#8217;estate dell&#8217;area destinata a biciclette e moto, oggi insufficiente. <em>&#8220;Al riguardo &#8211; dice la commissione &#8211; abbiamo presentato ipotesi concrete di veloce realizzazione e a costo zero. Luxottica non si \u00e8 ancora pronunciata riservandosi di valutare le proposte ma senza anticipare scadenze per un&#8217;eventuale realizzazione&#8221;<\/em><\/p><\/blockquote>\n<p>&nbsp;<\/p>\n<p>&nbsp;<\/p>\n<hr \/>\n<blockquote>\n<h3><\/h3>\n<h3>IL CENTRO DI FORMAZIONE &#8220;CREPAZ&#8221; VA ALL&#8217;ASTA<\/h3>\n<\/blockquote>\n<p><strong><img loading=\"lazy\" decoding=\"async\" class=\"alignleft\" src=\"https:\/\/www.radiopiu.net\/wordpress\/wp-content\/uploads\/2020\/07\/Facciata-edificio.jpg\" width=\"167\" height=\"125\" \/>LIVINALLONGO<\/strong> Il Club Alpino Italiano il prossimo 15 settembre alle 14.30, presso la propria sede terr\u00e0 l&#8217;asta ad unico incanto, per mezzo di offerte segrete, per l&#8217;alienazione del Centro di Formazione per la Montagna &#8220;B. Crepaz&#8221; e Casa Alpina. Il complesso immobiliare unico \u00e8 situato in Comune di Canazei e Livinallongo del Col di Lana in localit\u00e0 Passo Pordoi. Valore a base d&#8217;asta 840mila euro. Gli interessati dovranno inviare la propria offerta entro le 14 del 14 settembre. Copia integrale del bando sul sito internet www.cai.it. Gi\u00e0 lo scorso 2 ottobre il Cai aveva indetto l&#8217;asta pubblica, allora il valore a base d&#8217;asta era stato fissato in 2 milioni di euro<\/p>\n<p>&nbsp;<\/p>\n<p>&nbsp;<\/p>\n<p>&nbsp;<\/p>\n<hr \/>\n<blockquote>\n<h3><\/h3>\n<h3><\/h3>\n<h3>VIA AIVATA, NEL CANTIERE DIMENTICATO SI AGGIUNGE LA FESSURAZIONE DEL MURO DI CONTENIMENTO<\/h3>\n<\/blockquote>\n<p><strong>di Mirko Mezzacasa<\/strong><\/p>\n<p><strong><a class=\"dt-pswp-item\" href=\"https:\/\/www.radiopiu.net\/wordpress\/wp-content\/uploads\/2020\/07\/0737ba82-42f5-4ae0-980e-6ec5e66ea471.jpg\" data-dt-img-description=\"\" data-large_image_width=\"1600\" data-large_image_height=\"1200\"><img loading=\"lazy\" decoding=\"async\" class=\"size-medium wp-image-149722 alignleft\" src=\"https:\/\/www.radiopiu.net\/wordpress\/wp-content\/uploads\/2020\/07\/0737ba82-42f5-4ae0-980e-6ec5e66ea471-300x225.jpg\" alt=\"\" width=\"300\" height=\"225\" srcset=\"https:\/\/www.radiopiu.net\/wordpress\/wp-content\/uploads\/2020\/07\/0737ba82-42f5-4ae0-980e-6ec5e66ea471-300x225.jpg 300w, https:\/\/www.radiopiu.net\/wordpress\/wp-content\/uploads\/2020\/07\/0737ba82-42f5-4ae0-980e-6ec5e66ea471-1024x768.jpg 1024w, https:\/\/www.radiopiu.net\/wordpress\/wp-content\/uploads\/2020\/07\/0737ba82-42f5-4ae0-980e-6ec5e66ea471-768x576.jpg 768w, https:\/\/www.radiopiu.net\/wordpress\/wp-content\/uploads\/2020\/07\/0737ba82-42f5-4ae0-980e-6ec5e66ea471-1536x1152.jpg 1536w, https:\/\/www.radiopiu.net\/wordpress\/wp-content\/uploads\/2020\/07\/0737ba82-42f5-4ae0-980e-6ec5e66ea471.jpg 1600w\" sizes=\"auto, (max-width: 300px) 100vw, 300px\" \/><\/a>TAIBON<\/strong> Gi\u00e0 lo scorso anno avevamo segnalato il grave problema in via Aivata, la strada comunale che dalla regionale 203 agordina (da Agordo) permette l&#8217;ingresso al paese di Taibon. Due anni fa il Cordevole ha creato gravi danni oltre l&#8217;opera di arginatura che ha fatto &#8220;cilecca&#8221;. Per due anni nessuno si \u00e8 interessato, per la verit\u00e0, la zona in frana \u00e8 stata coperta con dei tendoni verdi quasi a nascondere la magagna, diventati nella stagione calda il nido ideale per vipere, bisce e altre specie di animali. Dunque gli argini non hanno retto, il Cordevole ha scalzato il terreno dietro le opere di difesa cos\u00ec come in prossimit\u00e0 del Municipio di Taibon ed a Nogarola. Ma in via Aivata non \u00e8 stato mosso un dito per risolvere il problema. Ora gli enti competenti non potranno pi\u00f9\u00a0 fare a finta di nulla, il grande muraglione in sinistra orografica si \u00e8 fessurato orizzontalmente, ora a rischio c&#8217;\u00e8 la viabilit\u00e0 comunale, la sovrastante strada regionale 203 agordina e le abitazioni che insistono lungo la via. Il problema \u00e8 stato portato all&#8217;attenzione del consiglio comunale di Taibon dal sindaco Silvia Tormen<\/p>\n<p>&nbsp;<\/p>\n\n\t\t\t<style type='text\/css'>\n\t\t\t\t#gallery-2 {\n\t\t\t\t\tmargin: auto;\n\t\t\t\t}\n\t\t\t\t#gallery-2 .gallery-item {\n\t\t\t\t\tfloat: left;\n\t\t\t\t\tmargin-top: 10px;\n\t\t\t\t\ttext-align: center;\n\t\t\t\t\twidth: 25%;\n\t\t\t\t}\n\t\t\t\t#gallery-2 img {\n\t\t\t\t\tborder: 2px solid #cfcfcf;\n\t\t\t\t}\n\t\t\t\t#gallery-2 .gallery-caption {\n\t\t\t\t\tmargin-left: 0;\n\t\t\t\t}\n\t\t\t\t\/* see gallery_shortcode() in wp-includes\/media.php *\/\n\t\t\t<\/style>\n\t\t<div id='gallery-2' class='dt-gallery-container gallery galleryid-149659 gallery-columns-4 gallery-size-thumbnail'><dl class='gallery-item'>\n\t\t\t\t<dt class='gallery-icon landscape'>\n\t\t\t\t\t<a class=\"rollover rollover-zoom dt-pswp-item\" title=\"5c6d9919-bbdc-49e5-b2fb-d16082d312a7\" data-dt-img-description=\"\" data-large_image_width=\"1599\" data-large_image_height=\"1200\"href='https:\/\/www.radiopiu.net\/wordpress\/wp-content\/uploads\/2020\/07\/5c6d9919-bbdc-49e5-b2fb-d16082d312a7.jpg'><img loading=\"lazy\" decoding=\"async\" width=\"150\" height=\"150\" src=\"https:\/\/www.radiopiu.net\/wordpress\/wp-content\/uploads\/2020\/07\/5c6d9919-bbdc-49e5-b2fb-d16082d312a7-150x150.jpg\" class=\"attachment-thumbnail size-thumbnail\" alt=\"\" \/><\/a>\n\t\t\t\t<\/dt><\/dl><dl class='gallery-item'>\n\t\t\t\t<dt class='gallery-icon landscape'>\n\t\t\t\t\t<a class=\"rollover rollover-zoom dt-pswp-item\" title=\"2e151f33-067b-4a4f-a254-4305f9cbb7cd\" data-dt-img-description=\"\" data-large_image_width=\"1599\" data-large_image_height=\"1200\"href='https:\/\/www.radiopiu.net\/wordpress\/wp-content\/uploads\/2020\/07\/2e151f33-067b-4a4f-a254-4305f9cbb7cd.jpg'><img loading=\"lazy\" decoding=\"async\" width=\"150\" height=\"150\" src=\"https:\/\/www.radiopiu.net\/wordpress\/wp-content\/uploads\/2020\/07\/2e151f33-067b-4a4f-a254-4305f9cbb7cd-150x150.jpg\" class=\"attachment-thumbnail size-thumbnail\" alt=\"\" \/><\/a>\n\t\t\t\t<\/dt><\/dl><dl class='gallery-item'>\n\t\t\t\t<dt class='gallery-icon landscape'>\n\t\t\t\t\t<a class=\"rollover rollover-zoom dt-pswp-item\" title=\"e6ba8804-8d8f-4092-ac9f-2758b4dd6b3c\" data-dt-img-description=\"\" data-large_image_width=\"1600\" data-large_image_height=\"1200\"href='https:\/\/www.radiopiu.net\/wordpress\/wp-content\/uploads\/2020\/07\/e6ba8804-8d8f-4092-ac9f-2758b4dd6b3c.jpg'><img loading=\"lazy\" decoding=\"async\" width=\"150\" height=\"150\" src=\"https:\/\/www.radiopiu.net\/wordpress\/wp-content\/uploads\/2020\/07\/e6ba8804-8d8f-4092-ac9f-2758b4dd6b3c-150x150.jpg\" class=\"attachment-thumbnail size-thumbnail\" alt=\"\" \/><\/a>\n\t\t\t\t<\/dt><\/dl><dl class='gallery-item'>\n\t\t\t\t<dt class='gallery-icon landscape'>\n\t\t\t\t\t<a class=\"rollover rollover-zoom dt-pswp-item\" title=\"f22ff44e-db11-4fea-9454-58c8993ae273\" data-dt-img-description=\"\" data-large_image_width=\"1600\" data-large_image_height=\"1200\"href='https:\/\/www.radiopiu.net\/wordpress\/wp-content\/uploads\/2020\/07\/f22ff44e-db11-4fea-9454-58c8993ae273.jpg'><img loading=\"lazy\" decoding=\"async\" width=\"150\" height=\"150\" src=\"https:\/\/www.radiopiu.net\/wordpress\/wp-content\/uploads\/2020\/07\/f22ff44e-db11-4fea-9454-58c8993ae273-150x150.jpg\" class=\"attachment-thumbnail size-thumbnail\" alt=\"\" \/><\/a>\n\t\t\t\t<\/dt><\/dl><br style=\"clear: both\" \/>\n\t\t\t<\/div>\n\n<p>&nbsp;<\/p>\n<p><strong>AUDIO sindaco Silvia Tormen 15 luglio 2020<\/strong><\/p>\n<audio class=\"wp-audio-shortcode\" id=\"audio-149659-8\" preload=\"none\" style=\"width: 100%;\" controls=\"controls\"><source type=\"audio\/mpeg\" src=\"https:\/\/www.radiopiu.net\/wordpress\/wp-content\/uploads\/2020\/07\/SILVIA-AIVATA.mp3?_=8\" \/><a href=\"https:\/\/www.radiopiu.net\/wordpress\/wp-content\/uploads\/2020\/07\/SILVIA-AIVATA.mp3\">https:\/\/www.radiopiu.net\/wordpress\/wp-content\/uploads\/2020\/07\/SILVIA-AIVATA.mp3<\/a><\/audio>\n<p>&nbsp;<\/p>\n<p>Gi\u00e0 lo scorso anno il sindaco aveva messo in evidenza il problema dopo la denuncia pubblica di Radio Pi\u00f9 <em>&#8220;Non so a che punto sia con i lavori e i progetti il Genio Civile\u00a0 -aveva detto il sindaco Tormen &#8211; sar\u00e0 nostra cura prendere contatti e ricordare in quali situazioni si trova il corso del torrente Cordevole. Noi abbiamo comunque segnalato nella nostra ricognizione post-vaia quali sono le problematiche del Comune. La segnalazione fatta da Radio Pi\u00f9 era corretta come da noi ricordato alla Regione indicando peraltro una priorit\u00e0 alta e immaginando che l&#8217;intervento potesse essere realizzato e terminato entro la scorsa estate. La nostra indicazione era di buon senso.&#8221;<\/em> Il consigliere di minoranza Franco Benvegn\u00f9 \u00e8 intervenuto per un&#8217;altra zona a rischio<em>.\u00abCredo sia urgente intervenire sulle difese spondali lungo il Tegnas a Forno Val\u00bb, ha detto. <\/em>La risposta del sindaco<em>: &#8220;Abbiamo incontrato il direttore regionale Nicola Dell&#8217;Acqua, gli abbiamo detto che quello \u00e8 a nostro avviso prioritario rispetto a quello sulla destra orografica della valle di San Lucano. A causa di Vaia, a Forno Val sono state evacuate 50 persone\u00bb. <\/em>Infine l&#8217;invito di Benvegn\u00f9 <em>&#8220;Invece che andare a prendere le pietre ad Asiago, composte da massa terrigena che non dura tanto, le imprese prendano i massi delle cave locali\u00bb.\u00a0<\/em><\/p>\n<p><strong>IL VIDEO DELL&#8217;ATTUALE SITUAZIONE IN VIA AIVATA 16 luglio 2020<\/strong><\/p>\n<p><iframe loading=\"lazy\" title=\"TAIBON AIVATA\" width=\"1200\" height=\"675\" src=\"https:\/\/www.youtube.com\/embed\/Ih8oINKWM_U?feature=oembed\" frameborder=\"0\" allow=\"accelerometer; autoplay; clipboard-write; encrypted-media; gyroscope; picture-in-picture\" allowfullscreen><\/iframe><\/p>\n<p>_____________________________________________________________________<\/p>\n<p>&nbsp;<\/p>\n<p>&nbsp;<\/p>\n<blockquote>\n<h3>ARCHIVIO RADIO PIU, NOTIZIARIO DEL 31 OTTOBRE 2019<\/h3>\n<\/blockquote>\n<p><strong>I CANTIERI DIMENTICATI, LA MINACCIA PER VIA AIVATA ED ABITAZIONI SOPRA STRADA<\/strong><\/p>\n<p><strong><a class=\"dt-pswp-item\" href=\"http:\/\/www.radiopiu.net\/wordpress\/wp-content\/uploads\/2019\/10\/d6eaad0d-e0e4-4024-93f9-0ddb3c37566a.jpg\" data-dt-img-description=\"\" data-large_image_width=\"1599\" data-large_image_height=\"1200\"><img loading=\"lazy\" decoding=\"async\" class=\"alignleft wp-image-104554\" src=\"http:\/\/www.radiopiu.net\/wordpress\/wp-content\/uploads\/2019\/10\/d6eaad0d-e0e4-4024-93f9-0ddb3c37566a-300x225.jpg\" alt=\"\" width=\"191\" height=\"144\" srcset=\"https:\/\/www.radiopiu.net\/wordpress\/wp-content\/uploads\/2019\/10\/d6eaad0d-e0e4-4024-93f9-0ddb3c37566a-300x225.jpg 300w, https:\/\/www.radiopiu.net\/wordpress\/wp-content\/uploads\/2019\/10\/d6eaad0d-e0e4-4024-93f9-0ddb3c37566a-768x576.jpg 768w, https:\/\/www.radiopiu.net\/wordpress\/wp-content\/uploads\/2019\/10\/d6eaad0d-e0e4-4024-93f9-0ddb3c37566a-1024x768.jpg 1024w, https:\/\/www.radiopiu.net\/wordpress\/wp-content\/uploads\/2019\/10\/d6eaad0d-e0e4-4024-93f9-0ddb3c37566a.jpg 1599w\" sizes=\"auto, (max-width: 191px) 100vw, 191px\" \/><\/a>TAIBON<\/strong> Completamente dimenticato, neanche una carriola di materiale, eppure di ghiaia dai torrenti ne \u00e8 stata tolta tanta. L&#8217;unica soluzione ingegneristica un grande telo verde probabilmente con lo scopo di far scivolare l&#8217;acqua poco sotto, perch\u00e9 il telo non copre l&#8217;intera scarpata ma solo una minima parte. Sotto il telo verde il versante in frana, sotto il versante in frana un grande buco, al di l\u00e0 del buco l&#8217;argine in cemento che non \u00e8 collassato con la furia del torrente Cordevole (dove incontra il Tegnas in arrivo dalla Valle di San Lucano), ma ha &#8220;fatto acqua&#8221; nel senso che il Cordevole lo ha raggirato creando il fosso e originando la frana fino in cima alla scarpata a pochi centimetri dalla strada comunale Aivata. Che il pericolo sia evidente l&#8217;autorit\u00e0 competente lo sa, non a caso ha delimitato la zona peraltro al limite con la passeggiata oltre il guard rail, con dei paletti di ferro <strong><a class=\"dt-pswp-item\" href=\"http:\/\/www.radiopiu.net\/wordpress\/wp-content\/uploads\/2019\/10\/4cd87bea-9d24-4bdd-9a60-8673b977dce2.jpg\" data-dt-img-description=\"\" data-large_image_width=\"1599\" data-large_image_height=\"1200\"><img loading=\"lazy\" decoding=\"async\" class=\"wp-image-104553 alignright\" src=\"http:\/\/www.radiopiu.net\/wordpress\/wp-content\/uploads\/2019\/10\/4cd87bea-9d24-4bdd-9a60-8673b977dce2-300x225.jpg\" alt=\"\" width=\"191\" height=\"143\" srcset=\"https:\/\/www.radiopiu.net\/wordpress\/wp-content\/uploads\/2019\/10\/4cd87bea-9d24-4bdd-9a60-8673b977dce2-300x225.jpg 300w, https:\/\/www.radiopiu.net\/wordpress\/wp-content\/uploads\/2019\/10\/4cd87bea-9d24-4bdd-9a60-8673b977dce2-768x576.jpg 768w, https:\/\/www.radiopiu.net\/wordpress\/wp-content\/uploads\/2019\/10\/4cd87bea-9d24-4bdd-9a60-8673b977dce2-1024x768.jpg 1024w, https:\/\/www.radiopiu.net\/wordpress\/wp-content\/uploads\/2019\/10\/4cd87bea-9d24-4bdd-9a60-8673b977dce2.jpg 1599w\" sizes=\"auto, (max-width: 191px) 100vw, 191px\" \/><\/a><\/strong>instabili e una cordicella con la speranza che la curiosit\u00e0 del bambino non vada al di l\u00e0. Da sotto, o meglio da poco sopra il corso d&#8217;acqua, quella frana crea antipatia cos\u00ec come la panacea del telone verde militare che ben s&#8217;adatta all&#8217;ambiente, soprattutto nasconde la magagna. Siamo certi che il Comune non ha competenza sugli argini devastati o sui versanti collassati, ma siamo altrettanto certi che una letterina a chi di competenza non ultimo il Prefetto visto il pericolo incombente. potrebbe dare una spinta per la risoluzione del problema. Non mancano i precedenti, nel 1966 all&#8217;inizio di via Aivata il Cordevole si port\u00f2 via la casa del maestro Mario Buttol, tutta intera come la costruzione di Roni al Mas di Sedico e poich\u00e9 l&#8217;acqua ha memoria c&#8217;\u00e8 chi durante i nubifragi arriccia il naso per nascondere le paure. Per capire meglio la situazione siamo stati sul posto del &#8220;cantiere dimenticato&#8221;. (MM)<\/p>\n<h3><strong>TAIBON<\/strong> Auspicavamo un intervento del primo cittadino a margine del nostro servizio, eccolo puntuale alla radio. Edizione delle 10<\/h3>\n<p><strong>SILVIA TORMEN, AUDIO 31 ottobre 2019\u00a0<\/strong><\/p>\n<audio class=\"wp-audio-shortcode\" id=\"audio-149659-9\" preload=\"none\" style=\"width: 100%;\" controls=\"controls\"><source type=\"audio\/mpeg\" src=\"http:\/\/www.radiopiu.net\/wordpress\/wp-content\/uploads\/2019\/10\/SILVIA-INTERO.mp3?_=9\" \/><a href=\"http:\/\/www.radiopiu.net\/wordpress\/wp-content\/uploads\/2019\/10\/SILVIA-INTERO.mp3\">http:\/\/www.radiopiu.net\/wordpress\/wp-content\/uploads\/2019\/10\/SILVIA-INTERO.mp3<\/a><\/audio>\n<h2><span style=\"color: #ff0000;\">IL VIDEO 31ottobre 2019<\/span><\/h2>\n<p><iframe loading=\"lazy\" title=\"WhatsApp Video 2019 10 30 at 12 55 04\" width=\"1200\" height=\"675\" src=\"https:\/\/www.youtube.com\/embed\/vZUAEmww7NM?feature=oembed\" frameborder=\"0\" allow=\"accelerometer; autoplay; clipboard-write; encrypted-media; gyroscope; picture-in-picture\" allowfullscreen><\/iframe><\/p>\n<p>&nbsp;<\/p>\n<hr \/>\n<p>&nbsp;<\/p>\n<blockquote>\n<h3>LA MULATTIERA PER FONTANELLE DOPO DUE ANNI ANCORA CHIUSA E IRRICONOSCIBILE<\/h3>\n<\/blockquote>\n<h3><span style=\"color: #ff0000;\">di LUISA MANFROI<\/span><\/h3>\n<blockquote>\n<p align=\"JUSTIFY\"><em>&#8220;Assoluta inadempienza dell&#8217;Enel, <span style=\"font-family: Arial, serif;\">finora non \u00e8 stato di parola e di conseguenza ha bloccato l\u2019esecuzione di tutte le successive fasi&#8221;.<\/span><\/em><\/p>\n<\/blockquote>\n<p align=\"JUSTIFY\"><span style=\"font-family: Arial, serif;\"><strong><a class=\"dt-pswp-item\" href=\"https:\/\/www.radiopiu.net\/wordpress\/wp-content\/uploads\/2020\/07\/cavi-e-tralicci-a-terra-dopo-Vaia-lungo-la-mulattiera-per-Fontanelle-foto-L.Manfroi.jpg\" data-dt-img-description=\"\" data-large_image_width=\"1843\" data-large_image_height=\"1037\"><img loading=\"lazy\" decoding=\"async\" class=\" wp-image-149836 alignleft\" src=\"https:\/\/www.radiopiu.net\/wordpress\/wp-content\/uploads\/2020\/07\/cavi-e-tralicci-a-terra-dopo-Vaia-lungo-la-mulattiera-per-Fontanelle-foto-L.Manfroi-300x169.jpg\" alt=\"\" width=\"371\" height=\"209\" srcset=\"https:\/\/www.radiopiu.net\/wordpress\/wp-content\/uploads\/2020\/07\/cavi-e-tralicci-a-terra-dopo-Vaia-lungo-la-mulattiera-per-Fontanelle-foto-L.Manfroi-300x169.jpg 300w, https:\/\/www.radiopiu.net\/wordpress\/wp-content\/uploads\/2020\/07\/cavi-e-tralicci-a-terra-dopo-Vaia-lungo-la-mulattiera-per-Fontanelle-foto-L.Manfroi-1024x576.jpg 1024w, https:\/\/www.radiopiu.net\/wordpress\/wp-content\/uploads\/2020\/07\/cavi-e-tralicci-a-terra-dopo-Vaia-lungo-la-mulattiera-per-Fontanelle-foto-L.Manfroi-768x432.jpg 768w, https:\/\/www.radiopiu.net\/wordpress\/wp-content\/uploads\/2020\/07\/cavi-e-tralicci-a-terra-dopo-Vaia-lungo-la-mulattiera-per-Fontanelle-foto-L.Manfroi-1536x864.jpg 1536w, https:\/\/www.radiopiu.net\/wordpress\/wp-content\/uploads\/2020\/07\/cavi-e-tralicci-a-terra-dopo-Vaia-lungo-la-mulattiera-per-Fontanelle-foto-L.Manfroi.jpg 1843w\" sizes=\"auto, (max-width: 371px) 100vw, 371px\" \/><\/a>CENCENIGHE<\/strong> Estate, voglia di passeggiate ed escursioni. \u00c8 cosa nota che la tempesta Vaia ha modificato notevolmente l\u2019ambiente e tra le tante conseguenze ha compromesso la percorribilit\u00e0 di sentieri sia di bassa che di alta quota. A distanza di quasi due anni alcuni sono stati rimessi a posto, altri rimangono ancora chiusi essendo impraticabili o perch\u00e9, per ragioni di sicurezza, sussiste un\u2019ordinanza comunale che ne vieta il transito. \u00c8 il caso della storica mulattiera per Fontanelle, che collega Cencenighe con San Tomaso. Recuperata una decina di anni fa con uno specifico progetto, \u00e8 stata danneggiata notevolmente da Vaia <\/span><span style=\"color: #00000a;\"><span style=\"font-family: Arial, serif;\"><span style=\"font-size: medium;\"><span lang=\"it-IT\">che ha causato la <\/span><\/span><\/span><\/span><span style=\"font-family: Arial, serif;\">caduta di piante, di tralicci e cavi <\/span><span style=\"color: #00000a;\"><span style=\"font-family: Arial, serif;\"><span style=\"font-size: medium;\"><span lang=\"it-IT\">della linea elettrica <\/span><\/span><\/span><\/span><span style=\"font-family: Arial, serif;\">rendendola in qualche tratto quasi irriconoscibile rispetto a prima. L\u2019ordinanza ne ha decretato la chiusura per ragioni di sicurezza e lo \u00e8 tuttora, nonostante la mulattiera sia stata pulita dalle piante, ma non lo \u00e8 per i cavi e i tralicci: i primi a terra o a penzoloni, gli altri rovesciati, piegati e, in alcuni punti, in posizione precaria. Uno ha addirittura un\u2019estremit\u00e0 appoggiata ad un ramo di un albero e <\/span><span style=\"color: #00000a;\"><span style=\"font-family: Arial, serif;\"><span style=\"font-size: medium;\"><span lang=\"it-IT\">completamente di traverso<\/span><\/span><\/span><\/span><span style=\"font-family: Arial, serif;\"> sopra la strada. Su<\/span><span style=\"color: #00000a;\"><span style=\"font-family: Arial, serif;\"><span style=\"font-size: medium;\"><span lang=\"it-IT\">ll\u2019<\/span><\/span><\/span><\/span><span style=\"font-family: Arial, serif;\">argomento \u00e8 stato sentito il sindaco di Cencenighe, Mauro Soppelsa \u00abPurtroppo, in questo caso, il lavoro coinvolge tre soggetti: Enel per quanto riguarda i cavi e i tralicci danneggiati, Terna che \u00e8 interessata a quelli dell\u2019alta tensione posti pi\u00f9 in alto rispetto alla mulattiera e Veneto Strade, <\/span><span style=\"color: #00000a;\"><span style=\"font-family: Arial, serif;\"><span style=\"font-size: medium;\"><span lang=\"it-IT\">dal momento <\/span><\/span><\/span><\/span><span style=\"font-family: Arial, serif;\">che <\/span><span style=\"color: #00000a;\"><span style=\"font-family: Arial, serif;\"><span style=\"font-size: medium;\"><span lang=\"it-IT\">sotto<\/span><\/span><\/span><\/span> <span style=\"color: #00000a;\"><span style=\"font-family: Arial, serif;\"><span style=\"font-size: medium;\"><span lang=\"it-IT\">passa<\/span><\/span><\/span><\/span><span style=\"font-family: Arial, serif;\"> la regionale e deve essere garantita la sicurezza del transito. <\/span><span style=\"color: #00000a;\"><span style=\"font-family: Arial, serif;\"><span style=\"font-size: medium;\"><span lang=\"it-IT\">In conseguenza al<\/span><\/span><\/span><\/span><span style=\"font-family: Arial, serif;\">l\u2019eccezionale evento meteorologico, <\/span><span style=\"font-family: Arial, serif;\">Veneto Strade ha eseguito i lavori in tempi veloci, Terna ha collaborato in modo preciso per quanto di sua competenza. Quello che \u00e8 <\/span><span style=\"color: #00000a;\"><span style=\"font-family: Arial, serif;\"><span style=\"font-size: medium;\"><span lang=\"it-IT\">mancato assolutamente<\/span><\/span><\/span><\/span><span style=\"font-family: Arial, serif;\"> \u00e8 l\u2019Enel\u00bb. Alla met\u00e0 di settembre di un anno fa, <\/span><span style=\"color: #00000a;\"><span style=\"font-family: Arial, serif;\"><span style=\"font-size: medium;\"><span lang=\"it-IT\">era stato<\/span><\/span><\/span><\/span><span style=\"font-family: Arial, serif;\"> fatto un sopralluogo da parte del Comune, Enel, Terna e una ditta di <a class=\"dt-pswp-item\" href=\"https:\/\/www.radiopiu.net\/wordpress\/wp-content\/uploads\/2020\/07\/Un-traliccio-appoggiato-ad-un-albero-foto-L.Manfroi.jpg\" data-dt-img-description=\"\" data-large_image_width=\"1843\" data-large_image_height=\"1037\"><img loading=\"lazy\" decoding=\"async\" class=\" wp-image-149835 alignright\" src=\"https:\/\/www.radiopiu.net\/wordpress\/wp-content\/uploads\/2020\/07\/Un-traliccio-appoggiato-ad-un-albero-foto-L.Manfroi-300x169.jpg\" alt=\"\" width=\"383\" height=\"216\" srcset=\"https:\/\/www.radiopiu.net\/wordpress\/wp-content\/uploads\/2020\/07\/Un-traliccio-appoggiato-ad-un-albero-foto-L.Manfroi-300x169.jpg 300w, https:\/\/www.radiopiu.net\/wordpress\/wp-content\/uploads\/2020\/07\/Un-traliccio-appoggiato-ad-un-albero-foto-L.Manfroi-1024x576.jpg 1024w, https:\/\/www.radiopiu.net\/wordpress\/wp-content\/uploads\/2020\/07\/Un-traliccio-appoggiato-ad-un-albero-foto-L.Manfroi-768x432.jpg 768w, https:\/\/www.radiopiu.net\/wordpress\/wp-content\/uploads\/2020\/07\/Un-traliccio-appoggiato-ad-un-albero-foto-L.Manfroi-1536x864.jpg 1536w, https:\/\/www.radiopiu.net\/wordpress\/wp-content\/uploads\/2020\/07\/Un-traliccio-appoggiato-ad-un-albero-foto-L.Manfroi.jpg 1843w\" sizes=\"auto, (max-width: 383px) 100vw, 383px\" \/><\/a>esbosco. In quella circostanza <\/span><span style=\"color: #00000a;\"><span style=\"font-family: Arial, serif;\"><span style=\"font-size: medium;\"><span lang=\"it-IT\">l\u2019<\/span><\/span><\/span><\/span><span style=\"font-family: Arial, serif;\">Enel, tramite il suo rappresentante, aveva dato rassicurazioni <\/span><span style=\"color: #00000a;\"><span style=\"font-family: Arial, serif;\"><span style=\"font-size: medium;\"><span lang=\"it-IT\">che<\/span><\/span><\/span><\/span><span style=\"font-family: Arial, serif;\"> i lavori sarebbero iniziati ai primi di ottobre. Questo sarebbe stato il primo passo poich\u00e9 nella fase successiva sarebbe intervenuta Terna. Con <\/span><span style=\"color: #00000a;\"><span style=\"font-family: Arial, serif;\"><span style=\"font-size: medium;\"><span lang=\"it-IT\">la<\/span><\/span><\/span><\/span><span style=\"font-family: Arial, serif;\"> rimozione dei cavi a terra, dei tralicci e la pulizia, la strada per Fontanelle sarebbe stata di nuovo percorribile in sicurezza. Non \u00e8 stato cos\u00ec. A quanto pare e dalle parole del sindaco si evince che Enel finora non \u00e8 stata di parola e di conseguenza ha bloccato l\u2019esecuzione di tutte le successive fasi. Da come ha <\/span><span style=\"color: #00000a;\"><span style=\"font-family: Arial, serif;\"><span style=\"font-size: medium;\"><span lang=\"it-IT\">precisato Soppelsa, l\u2019autunno scorso il<\/span><\/span><\/span><\/span><span style=\"font-family: Arial, serif;\"> Comune ha presentato all\u2019Enel una richiesta di chiarimento <\/span><span style=\"color: #00000a;\"><span style=\"font-family: Arial, serif;\"><span style=\"font-size: medium;\"><span lang=\"it-IT\">visto<\/span><\/span><\/span><\/span><span style=\"font-family: Arial, serif;\"> che la data non <\/span><span style=\"color: #00000a;\"><span style=\"font-family: Arial, serif;\"><span style=\"font-size: medium;\"><span lang=\"it-IT\">\u00e8 <\/span><\/span><\/span><\/span><span style=\"font-family: Arial, serif;\">stata rispettata. Una risposta che finora non \u00e8 arrivata. Lo stesso operatore Terna ha sollecitato Enel per avere una data credibile intorno all\u2019inizio dei lavori. <\/span><span style=\"color: #00000a;\"><span style=\"font-family: Arial, serif;\"><span style=\"font-size: medium;\"><span lang=\"it-IT\">Il<\/span><\/span><\/span><\/span> <span style=\"color: #00000a;\"><span style=\"font-family: Arial, serif;\"><span style=\"font-size: medium;\"><span lang=\"it-IT\">periodo di chiusura legato all\u2019emergenza Covid-19 ha fatto il resto e da allora non si \u00e8 saputo pi\u00f9 nulla. Il sindaco sottolinea l\u2019assoluta inadempienza di Enel in questa questione. <\/span><\/span><\/span><\/span><\/p>\n<blockquote>\n<p align=\"JUSTIFY\"><span style=\"color: #00000a;\"><span style=\"font-family: Arial, serif;\"><span style=\"font-size: medium;\"><span lang=\"it-IT\">Spostandosi di qualche chilometro, rimane attiva da novembre 2018 un\u2019altra ordinanza quella di chiusura del ponte in localit\u00e0 Tri\u00f3l de la Cros, sempre in conseguenza alle eccezionali precipitazioni di fine ottobre di due anni fa, quando il Biois aveva danneggiato la spalla sinistra del ponte, quella che ricade in comune di Vallada. Il problema riguarda particolarmente il passaggio di mezzi come i trattori che per raggiungere Tavernole devono percorrere la SP 346 fino a Vallada e scendere verso Mulan. Per il rifacimento del ponte \u00e8 stata presentata richiesta di finanziamento durante la prima e la seconda annualit\u00e0 di Vaia, ma l\u2019opera non \u00e8 stato finanziata. L\u2019intenzione \u00e8 quella di presentarla il prossimo anno per la terza annualit\u00e0, conferma Soppelsa. Parallelamente, e questa costituirebbe la seconda possibilit\u00e0, va avanti il progetto della ciclabile della Valle del Biois, ma i tempi non sono brevi.<\/span><\/span><\/span><\/span><\/p>\n<\/blockquote>\n<p>&nbsp;<\/p>\n<p>&nbsp;<\/p>\n<hr \/>\n<h3><\/h3>\n<p>&nbsp;<\/p>\n<blockquote>\n<h3>CANTIERI POST VAIA, QUATTRO INTERVENTI PER 2 MILIONI 100 MILA EURO<\/h3>\n<\/blockquote>\n<p><strong><a class=\"dt-pswp-item\" href=\"https:\/\/www.radiopiu.net\/wordpress\/wp-content\/uploads\/2019\/05\/TAIBON-SILVIA-TORMEN.jpeg\" data-dt-img-description=\"\" data-large_image_width=\"1062\" data-large_image_height=\"1600\"><img loading=\"lazy\" decoding=\"async\" class=\" wp-image-86482 alignleft\" src=\"https:\/\/www.radiopiu.net\/wordpress\/wp-content\/uploads\/2019\/05\/TAIBON-SILVIA-TORMEN-199x300.jpeg\" alt=\"\" width=\"127\" height=\"191\" srcset=\"https:\/\/www.radiopiu.net\/wordpress\/wp-content\/uploads\/2019\/05\/TAIBON-SILVIA-TORMEN-199x300.jpeg 199w, https:\/\/www.radiopiu.net\/wordpress\/wp-content\/uploads\/2019\/05\/TAIBON-SILVIA-TORMEN-768x1157.jpeg 768w, https:\/\/www.radiopiu.net\/wordpress\/wp-content\/uploads\/2019\/05\/TAIBON-SILVIA-TORMEN-680x1024.jpeg 680w, https:\/\/www.radiopiu.net\/wordpress\/wp-content\/uploads\/2019\/05\/TAIBON-SILVIA-TORMEN.jpeg 1062w\" sizes=\"auto, (max-width: 127px) 100vw, 127px\" \/><\/a>TAIBON<\/strong> Oltre 2 milioni di euro, a tanto ammonta l&#8217;ultima variazione di bilancio tenendo conto anche dei 500 mila euro destinati per il rifacimento del ponte sul torrente Tegnas in localit\u00e0 Peschiere. Il Comune ha chiesto alla Regione (che ha acconsentito) di spostare quel denaro per completare le opere a difesa dell&#8217;abitato di Soccol onde evitare lavori e cantieri in due stralci, ma per il permesso definitivo sono necessari altri passaggi, altre carte, mentre le scadenze di settembre si avvicinano.\u00a0 Un milione di euro sono destinati alla costruzione della strada tagliafuoco sulla prima Pala di San Lucano, 200 mila euro per la strada comunale di Angheraz per l&#8217;accesso all&#8217;acquedotto e 400 mila euro per il versante di Soccol<\/p>\n<p><strong>DAL NOTIZIARIO DI RADIO PIU l&#8217;intervento del sindaco Silvia Tormen<\/strong><\/p>\n<audio class=\"wp-audio-shortcode\" id=\"audio-149659-10\" preload=\"none\" style=\"width: 100%;\" controls=\"controls\"><source type=\"audio\/mpeg\" src=\"https:\/\/www.radiopiu.net\/wordpress\/wp-content\/uploads\/2020\/07\/SILVIA-TORMEN-LAVORI.mp3?_=10\" \/><a href=\"https:\/\/www.radiopiu.net\/wordpress\/wp-content\/uploads\/2020\/07\/SILVIA-TORMEN-LAVORI.mp3\">https:\/\/www.radiopiu.net\/wordpress\/wp-content\/uploads\/2020\/07\/SILVIA-TORMEN-LAVORI.mp3<\/a><\/audio>\n<p>&nbsp;<\/p>\n<p><em><strong>IL SERVIZIO DI GIANNI SANTOMASO DAL CORRIERE DELLE ALPI<\/strong><\/em><\/p>\n<audio class=\"wp-audio-shortcode\" id=\"audio-149659-11\" preload=\"none\" style=\"width: 100%;\" controls=\"controls\"><source type=\"audio\/mpeg\" src=\"https:\/\/www.radiopiu.net\/wordpress\/wp-content\/uploads\/2020\/07\/GIANNI-CONSIGLIO-COMUNALE-TAIBON.mp3?_=11\" \/><a href=\"https:\/\/www.radiopiu.net\/wordpress\/wp-content\/uploads\/2020\/07\/GIANNI-CONSIGLIO-COMUNALE-TAIBON.mp3\">https:\/\/www.radiopiu.net\/wordpress\/wp-content\/uploads\/2020\/07\/GIANNI-CONSIGLIO-COMUNALE-TAIBON.mp3<\/a><\/audio>\n<p>&nbsp;<\/p>\n<blockquote>\n<h3>IL CONSIGLIO COMUNALE DI TAIBON, LA DIRETTA FACEBOOK DI RADIO PIU<\/h3>\n<\/blockquote>\n<p>https:\/\/www.facebook.com\/Mirkomezziano\/videos\/2722506708032098\/<\/p>\n<p>&nbsp;<\/p>\n<p>&nbsp;<\/p>\n<p>&nbsp;<\/p>\n<hr \/>\n<p>&nbsp;<\/p>\n<h3>IL LAVORO DEI VOLONTARI IN VALLE DI SAN LUCANO<\/h3>\n<p><a class=\"dt-pswp-item\" href=\"https:\/\/www.radiopiu.net\/wordpress\/wp-content\/uploads\/2020\/07\/FOTO-SAN-LUCANO-VOLONTARI.png\" data-dt-img-description=\"\" data-large_image_width=\"900\" data-large_image_height=\"674\"><img loading=\"lazy\" decoding=\"async\" class=\"size-medium wp-image-149620 alignleft\" src=\"https:\/\/www.radiopiu.net\/wordpress\/wp-content\/uploads\/2020\/07\/FOTO-SAN-LUCANO-VOLONTARI-300x225.png\" alt=\"\" width=\"300\" height=\"225\" srcset=\"https:\/\/www.radiopiu.net\/wordpress\/wp-content\/uploads\/2020\/07\/FOTO-SAN-LUCANO-VOLONTARI-300x225.png 300w, https:\/\/www.radiopiu.net\/wordpress\/wp-content\/uploads\/2020\/07\/FOTO-SAN-LUCANO-VOLONTARI-768x575.png 768w, https:\/\/www.radiopiu.net\/wordpress\/wp-content\/uploads\/2020\/07\/FOTO-SAN-LUCANO-VOLONTARI.png 900w\" sizes=\"auto, (max-width: 300px) 100vw, 300px\" \/><\/a>di Gianni Santomaso<\/p>\n<audio class=\"wp-audio-shortcode\" id=\"audio-149659-12\" preload=\"none\" style=\"width: 100%;\" controls=\"controls\"><source type=\"audio\/mpeg\" src=\"https:\/\/www.radiopiu.net\/wordpress\/wp-content\/uploads\/2020\/07\/GIANNI-VOLONTARI-SAN-LUCANO.mp3?_=12\" \/><a href=\"https:\/\/www.radiopiu.net\/wordpress\/wp-content\/uploads\/2020\/07\/GIANNI-VOLONTARI-SAN-LUCANO.mp3\">https:\/\/www.radiopiu.net\/wordpress\/wp-content\/uploads\/2020\/07\/GIANNI-VOLONTARI-SAN-LUCANO.mp3<\/a><\/audio>\n<p>&nbsp;<\/p>\n<p>&nbsp;<\/p>\n<hr \/>\n<p>&nbsp;<\/p>\n<p>&nbsp;<\/p>\n<h3>A MALGA CALEDA SAR\u00c0 UN FINE SETTIMANA DETOX<\/h3>\n<p><a class=\"dt-pswp-item\" href=\"https:\/\/www.radiopiu.net\/wordpress\/wp-content\/uploads\/2020\/07\/malga-caleda.jpg\" data-dt-img-description=\"\" data-large_image_width=\"960\" data-large_image_height=\"720\"><img loading=\"lazy\" decoding=\"async\" class=\"size-medium wp-image-149852 alignleft\" src=\"https:\/\/www.radiopiu.net\/wordpress\/wp-content\/uploads\/2020\/07\/malga-caleda-300x225.jpg\" alt=\"\" width=\"300\" height=\"225\" srcset=\"https:\/\/www.radiopiu.net\/wordpress\/wp-content\/uploads\/2020\/07\/malga-caleda-300x225.jpg 300w, https:\/\/www.radiopiu.net\/wordpress\/wp-content\/uploads\/2020\/07\/malga-caleda-768x576.jpg 768w, https:\/\/www.radiopiu.net\/wordpress\/wp-content\/uploads\/2020\/07\/malga-caleda.jpg 960w\" sizes=\"auto, (max-width: 300px) 100vw, 300px\" \/><\/a>di Gianni Santomaso<\/p>\n<audio class=\"wp-audio-shortcode\" id=\"audio-149659-13\" preload=\"none\" style=\"width: 100%;\" controls=\"controls\"><source type=\"audio\/mpeg\" src=\"https:\/\/www.radiopiu.net\/wordpress\/wp-content\/uploads\/2020\/07\/GIANNI-MALGA-CALEDA.mp3?_=13\" \/><a href=\"https:\/\/www.radiopiu.net\/wordpress\/wp-content\/uploads\/2020\/07\/GIANNI-MALGA-CALEDA.mp3\">https:\/\/www.radiopiu.net\/wordpress\/wp-content\/uploads\/2020\/07\/GIANNI-MALGA-CALEDA.mp3<\/a><\/audio>\n<p>&nbsp;<\/p>\n<p>&nbsp;<\/p>\n<hr \/>\n<p>&nbsp;<\/p>\n<p>&nbsp;<\/p>\n<blockquote>\n<h3>ENTRO IL 30 SETTEMBRE IL COMUNE DI FALCADE APPALTA TRE IMPORTANTI INTERVENTI PER 1 MILIONE 700 MILA EURO<\/h3>\n<\/blockquote>\n<p><strong>FALCADE<\/strong> La Regione del Veneto con il fondo per l&#8217;emergenza finanzia tre importanti progetti, il rifacimento del ponte della pista ciclabile sul Biois, la ricostruzione del ponte per la ciclabile sul Gavon e altri importanti interventi sul territorio comunale per la messa in sicurezza idrogeologica<\/p>\n<p><strong>DAL CONSIGLIO COMUNALE DI FALCADE<\/strong><\/p>\n<audio class=\"wp-audio-shortcode\" id=\"audio-149659-14\" preload=\"none\" style=\"width: 100%;\" controls=\"controls\"><source type=\"audio\/mpeg\" src=\"https:\/\/www.radiopiu.net\/wordpress\/wp-content\/uploads\/2020\/07\/COSTA-LAVORI-PUBBLICI.mp3?_=14\" \/><a href=\"https:\/\/www.radiopiu.net\/wordpress\/wp-content\/uploads\/2020\/07\/COSTA-LAVORI-PUBBLICI.mp3\">https:\/\/www.radiopiu.net\/wordpress\/wp-content\/uploads\/2020\/07\/COSTA-LAVORI-PUBBLICI.mp3<\/a><\/audio>\n<p>&nbsp;<\/p>\n<p>&nbsp;<\/p>\n<p>&nbsp;<\/p>\n<h3><a class=\"dt-pswp-item\" href=\"https:\/\/www.radiopiu.net\/wordpress\/wp-content\/uploads\/2020\/07\/d6be3896-2420-4c03-b0ab-617e158fc8ae.jpg\" data-dt-img-description=\"\" data-large_image_width=\"1984\" data-large_image_height=\"1120\"><img loading=\"lazy\" decoding=\"async\" class=\"size-medium wp-image-149570 alignleft\" src=\"https:\/\/www.radiopiu.net\/wordpress\/wp-content\/uploads\/2020\/07\/d6be3896-2420-4c03-b0ab-617e158fc8ae-300x169.jpg\" alt=\"\" width=\"300\" height=\"169\" srcset=\"https:\/\/www.radiopiu.net\/wordpress\/wp-content\/uploads\/2020\/07\/d6be3896-2420-4c03-b0ab-617e158fc8ae-300x169.jpg 300w, https:\/\/www.radiopiu.net\/wordpress\/wp-content\/uploads\/2020\/07\/d6be3896-2420-4c03-b0ab-617e158fc8ae-1024x578.jpg 1024w, https:\/\/www.radiopiu.net\/wordpress\/wp-content\/uploads\/2020\/07\/d6be3896-2420-4c03-b0ab-617e158fc8ae-768x434.jpg 768w, https:\/\/www.radiopiu.net\/wordpress\/wp-content\/uploads\/2020\/07\/d6be3896-2420-4c03-b0ab-617e158fc8ae-1536x867.jpg 1536w, https:\/\/www.radiopiu.net\/wordpress\/wp-content\/uploads\/2020\/07\/d6be3896-2420-4c03-b0ab-617e158fc8ae.jpg 1984w\" sizes=\"auto, (max-width: 300px) 100vw, 300px\" \/><\/a>FALCADE REGISTRAZIONE DEL CONSIGLIO COMUNALE DEL 14 LUGLIO 2020<\/h3>\n<p>Un ordine del giorno con 17 punti in discussione, ma 10 sono rifrieti alla conciliazione stragiudiziale tra il Comune di Falcade e diversi cittadini in riferimento a particelle di terreni (Uso civico). Nel consiglio anche le variazioni al bilancio, l\u2019approvazione delle aliquote Imu e relativo regolamento, il programma dei lavori pubblici per il triennio (ed elenco annuale) e approvazione del bilancio di esercizio Asca<\/p>\n<p><strong>PRIMA PARTE<\/strong><\/p>\n<audio class=\"wp-audio-shortcode\" id=\"audio-149659-15\" preload=\"none\" style=\"width: 100%;\" controls=\"controls\"><source type=\"audio\/mpeg\" src=\"https:\/\/www.radiopiu.net\/wordpress\/wp-content\/uploads\/2020\/07\/CONSIGLIO-PRIMA-PARTE.mp3?_=15\" \/><a href=\"https:\/\/www.radiopiu.net\/wordpress\/wp-content\/uploads\/2020\/07\/CONSIGLIO-PRIMA-PARTE.mp3\">https:\/\/www.radiopiu.net\/wordpress\/wp-content\/uploads\/2020\/07\/CONSIGLIO-PRIMA-PARTE.mp3<\/a><\/audio>\n<p><strong>SECONDA PARTE<\/strong><\/p>\n<audio class=\"wp-audio-shortcode\" id=\"audio-149659-16\" preload=\"none\" style=\"width: 100%;\" controls=\"controls\"><source type=\"audio\/mpeg\" src=\"https:\/\/www.radiopiu.net\/wordpress\/wp-content\/uploads\/2020\/07\/CONSIGLIO-SECONDA-PARTE.mp3?_=16\" \/><a href=\"https:\/\/www.radiopiu.net\/wordpress\/wp-content\/uploads\/2020\/07\/CONSIGLIO-SECONDA-PARTE.mp3\">https:\/\/www.radiopiu.net\/wordpress\/wp-content\/uploads\/2020\/07\/CONSIGLIO-SECONDA-PARTE.mp3<\/a><\/audio>\n<p>&nbsp;<\/p>\n<p>&nbsp;<\/p>\n<p>&nbsp;<\/p>\n<hr \/>\n<p>&nbsp;<\/p>\n<blockquote>\n<h3>RISALE L&#8217;INDICE DI CONTAGIO Rt IL VIRUS IMPORTATO DALL&#8217;ESTERO DA CHI ATTRAVERSA I CONFINI ELUDENDO I CONTROLLI, 43 MIGRANTI POSITIVI A JESOLO. ZAIA: &#8220;IN TROPPI VIOLANO LE LEGGI, VANNO FERMATI&#8221;. A PROPOSITO DI CONTAGI ZERO L&#8217;OBIETTIVO E&#8217; FALLITO.<\/h3>\n<\/blockquote>\n<p><strong>di Mirko Mezzacasa\u00a0<\/strong><\/p>\n<p>E&#8217; di nuovo allarme, 57 casi di positivit\u00e0 in un solo giorno, 43 migranti provenienti dall&#8217;Africa Sahariana positivi al centro della Croce Rossa Italiana di Jesolo e 85 persone in isolamento domiciliare. Altri 3 casi a Padova sempre di cittadini extracomunitari, tra l&#8217;altro nonostante sintomi lievi hanno rifiutato il ricovero promettendo di rimanere in quarantena. <em>&#8220;Le regole vengono aggirate dagli infetti serve un intervento di legge. Gli stranieri sono la causa del focolaio pi\u00f9 ampio e molti di loro violano l&#8217;isolamento&#8221;<\/em> lo dice il presidente della Regione Luca Zaia. Ha destato clamore la notizia di un nuovo Decreto del Presidente del Consiglio che avrebbe introdotto l&#8217;obbligo di misurare la temperatura negli esercizi pubblici. Dalla Fipe la smentita, la misurazione della febbre rimane una facolt\u00e0 e non un obbligo per il gestore del locale.\u00a0L&#8217;incide Rt sale di nuovo sopra la media nazionale e questo \u00e8 dovuto ai casi di importazione: l&#8217;imprenditore vicentino tornato dalla Serbia, gli extracomunitari del Bangladesh a Jesolo per lavoro, le badanti dall&#8217;est Europa, i richiedenti asilo africani e Zaia insiste<em> &#8220;Gravissime illegalit\u00e0 di chi varca i confini ammalato eludendo i controlli&#8221; <\/em>La curva del contagio \u00e8 tornata a salire e i numeri sono quelli del periodo di fine lockdown. In Provincia nessuno nuovo caso di positivit\u00e0 nelle ultime 24 ore, ma cresce il numero delle persone in quarantena, soprattutto tra le persone (o loro contatti) rientrati dall&#8217;estero.\u00a0 Verso lo spegnimento il focolaio dell&#8217;Eurobrico di Feltre, 18 gli attualmente positivi in provincia, 192 in isolamento (8 in meno di mercoledi) 3 i pazienti al San Martino in area non critica, la signora di 75 anni del Kosovo e 2 sui familiari. In Veneto 488 sono gli attualmente positivi, i deceduti 2.046 e le persone guarite 16.970. Sono ancora ricoverati nelle terapie intensive degli ospedali veneti 9 persone, delle quali solo 2 ancora malate, mentre 128, dei quali 30 positivi, sono in reparti non critici. Nell&#8217;ultima settimana 1.367 nuovi positivi su scala nazionale,\u00a0 803 pazienti Covid (di cui 53 in terapia intensiva), anche ieri 30 decessi. Il contagio non si arresta. Fallito l&#8217;obiettivo di chi\u00a0 aveva previsto che si arrivasse a zero casi gi\u00e0 a maggio in Trentino-Alto Adige, Calabria, Umbria, Sardegna, Basilicata, Valle d&#8217;Aosta, e a giugno nelle altre regioni con l&#8217;esclusione della Lombardia, per la quale si ipotizzava il 13 agosto come il giorno a zero casi.<\/p>\n<p><strong>I NUMERI\u00a0 IN VENETO:<\/strong>\u00a0TOTALE POSITIVI 19525 (+21)\u00a0 ATTUALMENTE POSITIVI 502 (+14)\u00a0 DECESSI 2047 (+1) NEGATIVIZZATI 16976 (+6) IN ISOLAMENTO 1617\u00a0 (+92)\u00a0 RICOVERATI\u00a0 130 (+2 \u2013 33 POSITIVI, 97 NEGATIVIZZATI), NEGLI OSPEDALI DI COMUNITA\u2019 RICOVERATI 17 (0, 1 POSITIVI,\u00a0 16 NEGATIVIZZATI), IN TERAPIA INTENSIVA 9 (2 POSITIVI, \u00a07 NEGATIVIZZATI). DIMESSI 3684 (+1)<\/p>\n<p><strong>IN NUMERI IN PROVINCIA:<\/strong>\u00a0TOTALE CONTAGI 1200 (0) , ATTUALMENTE POSITIVI 14 (-4) , DECEDUTI 113 (0), NEGATIVIZZATI 1073 (+4) ISOLAMENTO DOMICILIARE 200 (+8) RICOVERATI IN OSPEDALE AL SAN MARTINO 3 (0)<\/p>\n<blockquote class=\"wp-embedded-content\" data-secret=\"OLwyqX61g4\"><p><a href=\"https:\/\/www.radiopiu.net\/wordpress\/coronavirus-aggiornamento-nazionale-16-luglio\/\">CORONAVIRUS: AGGIORNAMENTO NAZIONALE 16 LUGLIO<\/a><\/p><\/blockquote>\n<p><iframe loading=\"lazy\" class=\"wp-embedded-content\" sandbox=\"allow-scripts\" security=\"restricted\" style=\"position: absolute; clip: rect(1px, 1px, 1px, 1px);\" title=\"&#8220;CORONAVIRUS: AGGIORNAMENTO NAZIONALE 16 LUGLIO&#8221; &#8212; Radio Pi\u00f9\" src=\"https:\/\/www.radiopiu.net\/wordpress\/coronavirus-aggiornamento-nazionale-16-luglio\/embed\/#?secret=OLwyqX61g4\" data-secret=\"OLwyqX61g4\" width=\"600\" height=\"338\" frameborder=\"0\" marginwidth=\"0\" marginheight=\"0\" scrolling=\"no\"><\/iframe><\/p>\n<p>&nbsp;<\/p>\n<hr \/>\n<p>&nbsp;<\/p>\n<div class=\"page-title title-left solid-bg breadcrumbs-mobile-off page-title-responsive-enabled\">\n<div class=\"wf-wrap\">\n<div class=\"page-title-head hgroup\">\n<blockquote>\n<h2 class=\"entry-title\">AGGIORNAMENTO CASI E RICOVERI: 21 POSITIVI NELLE ULTIME 12 ORE, 1617 IN ISOLAMENTO DOMICILIARE (+92) E UN DECESSO<\/h2>\n<\/blockquote>\n<\/div>\n<\/div>\n<\/div>\n<div id=\"main\" class=\"sidebar-right sidebar-divider-vertical\">\n<div class=\"wf-wrap\">\n<div class=\"wf-container-main\">\n<div id=\"content\" class=\"content\" role=\"main\">\n<article id=\"post-149892\" class=\"post-149892 post type-post status-publish format-standard has-post-thumbnail category-evidenza-top category-news-18 category-51 category-49 description-off\">\n<div class=\"entry-content\">\n<h2>VARIAZIONE DELLE ULTIME 12 ORE:<\/h2>\n<p>&nbsp;<\/p>\n<\/div>\n<\/article>\n<\/div>\n<\/div>\n<\/div>\n<\/div>\n<blockquote class=\"wp-embedded-content\" data-secret=\"edblSdEGbM\"><p><a href=\"https:\/\/www.radiopiu.net\/wordpress\/aggiornamento-casi-e-ricoveri-21-positivi-nelle-ultime-12-ore-1617-in-isolamento-domiciliare-92-e-un-decesso\/\">AGGIORNAMENTO CASI E RICOVERI: 21 POSITIVI NELLE ULTIME 12 ORE, 1617 IN ISOLAMENTO DOMICILIARE (+92) E UN DECESSO<\/a><\/p><\/blockquote>\n<p><iframe loading=\"lazy\" class=\"wp-embedded-content\" sandbox=\"allow-scripts\" security=\"restricted\" style=\"position: absolute; clip: rect(1px, 1px, 1px, 1px);\" title=\"&#8220;AGGIORNAMENTO CASI E RICOVERI: 21 POSITIVI NELLE ULTIME 12 ORE, 1617 IN ISOLAMENTO DOMICILIARE (+92) E UN DECESSO&#8221; &#8212; Radio Pi\u00f9\" src=\"https:\/\/www.radiopiu.net\/wordpress\/aggiornamento-casi-e-ricoveri-21-positivi-nelle-ultime-12-ore-1617-in-isolamento-domiciliare-92-e-un-decesso\/embed\/#?secret=edblSdEGbM\" data-secret=\"edblSdEGbM\" width=\"600\" height=\"338\" frameborder=\"0\" marginwidth=\"0\" marginheight=\"0\" scrolling=\"no\"><\/iframe><\/p>\n<p>&nbsp;<\/p>\n<hr \/>\n<p>&nbsp;<\/p>\n<blockquote>\n<h3>EMERGENZA COVID: AGGIORNAMENTO ULSS 1 DOLOMITI 15 LUGLIO 2020<\/h3>\n<\/blockquote>\n<p><b><a class=\"dt-pswp-item\" href=\"https:\/\/www.radiopiu.net\/wordpress\/wp-content\/uploads\/2020\/03\/covid-ulss.jpg\" data-dt-img-description=\"\" data-large_image_width=\"800\" data-large_image_height=\"600\"><img loading=\"lazy\" decoding=\"async\" class=\" wp-image-121260 alignleft\" src=\"https:\/\/www.radiopiu.net\/wordpress\/wp-content\/uploads\/2020\/03\/covid-ulss-300x225.jpg\" alt=\"\" width=\"216\" height=\"162\" srcset=\"https:\/\/www.radiopiu.net\/wordpress\/wp-content\/uploads\/2020\/03\/covid-ulss-300x225.jpg 300w, https:\/\/www.radiopiu.net\/wordpress\/wp-content\/uploads\/2020\/03\/covid-ulss-768x576.jpg 768w, https:\/\/www.radiopiu.net\/wordpress\/wp-content\/uploads\/2020\/03\/covid-ulss.jpg 800w\" sizes=\"auto, (max-width: 216px) 100vw, 216px\" \/><\/a>BELLUNO<\/b>\u00a0Le ultime 24 ore di attivit\u00e0 dei nostri laboratori non hanno attestato alcuna nuova positivit\u00e0.\u00a0Il Dipartimento di prevenzione nella serata di ieri ha ricevuto notizia di una persona positiva al COVID ricoverata a Padova<span class=\"Apple-converted-space\">\u00a0 <\/span>con evidenza di presenza nel fine settimana scorso nel nostro territorio. Tutti i contatti locali del soggetto, una decina di persone, sono stati rintracciati, messi in quarantena e programmati per tampone. Continuano gli isolamenti per viaggiatori in arrivo da paesi extra Schengen (14 nella sola mattinata di oggi) e dei soggetti con sintomatologia compatibile con COVID<span class=\"Apple-converted-space\">\u00a0 <\/span>(7 nella mattinata odierna).<span class=\"Apple-converted-space\">\u00a0\u00a0<\/span>Da ultimo si segnala la progressiva costante disattivazione della quarantena per i contatti del focolaio feltrino di alcune settimane fa, focolaio che si avvia quindi verso il definitivo spegnimento.<\/p>\n<p>&nbsp;<\/p>\n<p>&nbsp;<\/p>\n<hr \/>\n<p>&nbsp;<\/p>\n<blockquote>\n<h3><b>CORONAVIRUS. ZAIA, \u201cIN VENETO REGOLE DI SALUTE PUBBLICA AGGIRATE DA INFETTI. URGENTE IL FERMO PER LEGGE\u201d<\/b><\/h3>\n<\/blockquote>\n<p><strong><a class=\"dt-pswp-item\" href=\"https:\/\/www.radiopiu.net\/wordpress\/wp-content\/uploads\/2020\/04\/ZAIA.jpg\" data-dt-img-description=\"\" data-large_image_width=\"960\" data-large_image_height=\"720\"><img loading=\"lazy\" decoding=\"async\" class=\"size-medium wp-image-133954 alignleft\" src=\"https:\/\/www.radiopiu.net\/wordpress\/wp-content\/uploads\/2020\/04\/ZAIA-300x225.jpg\" alt=\"\" width=\"300\" height=\"225\" srcset=\"https:\/\/www.radiopiu.net\/wordpress\/wp-content\/uploads\/2020\/04\/ZAIA-300x225.jpg 300w, https:\/\/www.radiopiu.net\/wordpress\/wp-content\/uploads\/2020\/04\/ZAIA-768x576.jpg 768w, https:\/\/www.radiopiu.net\/wordpress\/wp-content\/uploads\/2020\/04\/ZAIA.jpg 960w\" sizes=\"auto, (max-width: 300px) 100vw, 300px\" \/><\/a>VENEZIA\u00a0<\/strong>\u201c<em>Sta succedendo quello che si sperava non accadesse, ma che avevamo a pi\u00f9 riprese paventato potesse essere un grave pericolo: cittadini stranieri rappresentano il focolaio pi\u00f9 grande registrato in Veneto dalla fine del lock down, con decine di positivi e numeri che possono ancora crescere.<span class=\"Apple-converted-space\">\u00a0 <\/span>In questa situazione gi\u00e0 preoccupante, si verificano poi vere e proprie gravissime illegalit\u00e0, con positivi asintomatici che si rendono irreperibili ai controlli. Vanno assolutamente fermati<\/em>\u201d.\u00a0Lo dice il Presidente della Regione, Luca Zaia, in relazione al diffondersi del fenomeno di persone straniere infette, che arrivano o si trovano in Veneto, non rispettano le norme di sicurezza e, in alcune occasioni, arrivano a rifiutare le cure che vengono loro offerte o a violare l\u2019isolamento fiduciario.\u00a0\u201c<em>Di qualsiasi nazionalit\u00e0 siano, quale che sia il mezzo di trasporto utilizzato, da qualsiasi area provengano \u2013 aggiunge Zaia \u2013 mi chiedo come mai non si provveda immediatamente al controllo e, se necessario, al fermo alla frontiera di queste persone, utilizzando le leggi vigenti o, qualora indispensabile, approvando con assoluta urgenza norme specifiche. Esiste un Piano di Sanit\u00e0 Pubblica che va fatto rispettare ad ogni costo, nell\u2019interesse delle stesse persone infette e dell\u2019intera comunit\u00e0 civile, perch\u00e9 se c\u2019\u00e8 un modo per far tornare Covid-19 \u00e8 proprio quello di permettere ai positivi di girare indisturbati, mentre vanno fermati<\/em>\u201d.\u00a0\u201c<em>Mi chiedo ad esempio \u2013 aggiunge il Presidente \u2013 quali test si facciano e come siano fatti all\u2019arrivo degli immigrati provenienti dal Nordafrica, sia allo sbarco che successivamente. In presenza di una situazione come questa si deve arrivare a pensare anche a un blocco totale, perch\u00e9 la solidariet\u00e0 \u00e8 sacra e inviolabile, ma la salute pubblica vale di pi\u00f9<\/em>\u201d.<\/p>\n<p>&nbsp;<\/p>\n<p>&nbsp;<\/p>\n<hr \/>\n<p>&nbsp;<\/p>\n<blockquote>\n<h3>FASE 3: CONTRIBUTI A FONDO PERDUTO PER SERVIZI EDUCATIVI E ASSISTENZIALI, COMUNI E SCUOLE PARITARIE<\/h3>\n<\/blockquote>\n<p><strong><a class=\"dt-pswp-item\" href=\"https:\/\/www.radiopiu.net\/wordpress\/wp-content\/uploads\/2020\/06\/vista-frontale-dei-soldi-della-holding-della-persona_23-2148547912.jpg\" data-dt-img-description=\"\" data-large_image_width=\"626\" data-large_image_height=\"469\"><img loading=\"lazy\" decoding=\"async\" class=\"size-medium wp-image-146655 alignleft\" src=\"https:\/\/www.radiopiu.net\/wordpress\/wp-content\/uploads\/2020\/06\/vista-frontale-dei-soldi-della-holding-della-persona_23-2148547912-300x225.jpg\" alt=\"\" width=\"300\" height=\"225\" srcset=\"https:\/\/www.radiopiu.net\/wordpress\/wp-content\/uploads\/2020\/06\/vista-frontale-dei-soldi-della-holding-della-persona_23-2148547912-300x225.jpg 300w, https:\/\/www.radiopiu.net\/wordpress\/wp-content\/uploads\/2020\/06\/vista-frontale-dei-soldi-della-holding-della-persona_23-2148547912.jpg 626w\" sizes=\"auto, (max-width: 300px) 100vw, 300px\" \/><\/a>VENEZIA\u00a0<\/strong>Dalla settimana prossima il Veneto offrir\u00e0 contributi a fondo perduto per servizi per educativi e per la prima infanzia, per le strutture assistenziali per anziani e disabili e per i Comuni che hanno attivato centri estivi e servizi per minori e famiglie. \u201cNel quadro degli interventi emergenziali anti-Covid la Giunta regionale ha riservato un bando straordinario da 15 milioni di euro, per aiutare gli enti e le strutture del privato sociale che erogano servizi indispensabili per le famiglie e per le persone pi\u00f9 fragili (minori, anziani e disabili) a far fronte ai maggiori costi determinati dalla pandemia\u201d, spiega l\u2019assessore alla sanit\u00e0 e al sociale Manuela Lanzarin che, insieme alla collega al lavoro e alla formazione Elena Donazzan, ha<span class=\"Apple-converted-space\">\u00a0 <\/span>predisposto l\u2019intervento, attingendo alla dote per l\u2019inclusione sociale del Fondo Sociale Europeo.<span class=\"Apple-converted-space\">\u00a0\u00a0<\/span>A partire da venerd\u00ec 24 luglio, gli enti del privato sociale e i Comuni che gestiscono questo tipo di servizi possono presentare domanda alla Direzione Lavoro della Regione Veneto. Il bando, intitolato \u201cPrendiamoci cura\u201d, prevede una procedura semplificata online di prenotazione del contributo, attraverso un apposito portale che sar\u00e0 attivato nei prossimi giorni nel sito istituzionale della Regione Veneto.\u00a0Potranno presentare domanda:\u00a0i soggetti privati che erogano servizi all\u2019infanzia, servizi scolastici e altri servizi educativi-assistenziali e socio-assistenziali rivolti ai minori e alle persone anziane non autosufficienti e alle persone con disabilit\u00e0, le cui attivit\u00e0 sono state sospese o hanno subito l\u2019impatto dei provvedimenti di contenimento del coronavirus;\u00a0i Comuni del Veneto, per il potenziamento dei centri estivi diurni rivolti a minori dai 3 ai 17 anni, attivati nel proprio territorio comunale da giugno a settembre 2020.\u00a0Dei 15 milioni messi a bando, 3 sono riservati ai 505 Comuni che hanno attivato i centri estivi e altrettanti alle strutture per i non autosufficienti. Il contributo unitario per le strutture per non autosufficienti non sar\u00e0 inferiore ai 6 mila euro, aumentati di 100 euro per ogni posto utente offerto. Stessa logica anche per i Comuni che riceveranno una quota fissa di mille euro, pi\u00f9 un contributo variabile legato al numero dei residenti 3-17 anni del proprio territorio. Anche per nidi, servizi educativi e scuole dell\u2019infanzia l\u2019intervento della Regione garantir\u00e0 una quota fissa di 1500 euro, pi\u00f9 una quota variabile in relazione al numero di utenti. L\u2019erogazione dei contributi avverr\u00e0 in un\u2019unica soluzione da parte di Azienda Zero<b>,<\/b> che operer\u00e0 in accordo con l\u2019Autorit\u00e0 di gestione del programma operativo FSE Veneto 2014-2020 e nel rispetto della disciplina sugli aiuti di Stato.<\/p>\n<p>&nbsp;<\/p>\n<p>&nbsp;<\/p>\n<hr \/>\n<p>&nbsp;<\/p>\n<blockquote>\n<h3>PUBBLICI ESERCIZI, NESSUN OBBLIGO DI MISURARE LA TEMPERATURA NEI LOCALI DEL VENETO<\/h3>\n<\/blockquote>\n<p><strong><a class=\"dt-pswp-item\" href=\"https:\/\/www.radiopiu.net\/wordpress\/wp-content\/uploads\/2019\/02\/CONFCOMMERCIO.jpg\" data-dt-img-description=\"\" data-large_image_width=\"400\" data-large_image_height=\"400\"><img loading=\"lazy\" decoding=\"async\" class=\"size-medium wp-image-75615 alignleft\" src=\"https:\/\/www.radiopiu.net\/wordpress\/wp-content\/uploads\/2019\/02\/CONFCOMMERCIO-300x300.jpg\" alt=\"\" width=\"300\" height=\"300\" srcset=\"https:\/\/www.radiopiu.net\/wordpress\/wp-content\/uploads\/2019\/02\/CONFCOMMERCIO-300x300.jpg 300w, https:\/\/www.radiopiu.net\/wordpress\/wp-content\/uploads\/2019\/02\/CONFCOMMERCIO-150x150.jpg 150w, https:\/\/www.radiopiu.net\/wordpress\/wp-content\/uploads\/2019\/02\/CONFCOMMERCIO.jpg 400w\" sizes=\"auto, (max-width: 300px) 100vw, 300px\" \/><\/a>BELLUNO\u00a0<\/strong>Ha suscitato molto clamore la notizia, apparsa su diversi media nazionali e locali, che il nuovo Decreto del Presidente del Consiglio dei Ministri, firmato lo scorso 14 luglio e valido fino al 31 luglio 2020, avrebbe introdotto l\u2019obbligo generalizzato di misurare la temperatura dei clienti dei pubblici esercizi.\u00a0\u00ab<em>In realt\u00e0 \u2013 rassicura Filippo Segato, Segretario regionale FIPE Veneto \u2013 le nuove linee guida non introducono alcuna novit\u00e0 riguardo a questo aspetto e, pertanto, la misurazione della temperatura di clienti e dipendenti rimane una facolt\u00e0 (e non un obbligo) data al gestore del locale, sia esso un bar, piuttosto che un ristorante, una pizzeria o pasticceria<\/em>\u00bb.\u00a0\u00ab<em>Probabilmente \u2013 prosegue Segato \u2013 hanno contribuito a generare confusione alcune ordinanze regionali che prescrivono l\u2019obbligo di misurare la temperatura al momento dell\u2019accesso ai locali ma, per l\u2019appunto, in Veneto tale disposizione non esiste<\/em>\u00bb.\u00a0Tra le poche novit\u00e0 introdotte per i pubblici esercizi dalle nuove linee guida, predisposte dalla Conferenza delle Regioni il 9 luglio e allegate al DPCM del 14 luglio, vi \u00e8 la possibilit\u00e0 di poter tornare a giocare a carte all\u2019interno dei locali, seguendo precise disposizioni di prevenzione:\u00a0obbligo di utilizzo di mascherina;\u00a0igienizzazione frequente delle mani e della superficie di gioco;\u00a0rispetto della distanza di sicurezza di almeno 1 metro sia tra giocatori dello stesso tavolo sia tra tavoli adiacenti.\u00a0\u00e8 consigliata inoltre una frequente sostituzione dei mazzi di carte usati con nuovi mazzi.\u00a0\u00c8 inoltre confermata la possibilit\u00e0 di mettere a disposizione dei clienti i quotidiani e le riviste.<\/p>\n<p>&nbsp;<\/p>\n<p>&nbsp;<\/p>\n<hr \/>\n<p>&nbsp;<\/p>\n<p><b>ULSS 1 DOLOMITI. IL DR. FRANCESCO SPERTI OFFRE LA PROPRIA COLLABORAZIONE PROFESSIONALE GRATUITA AL SAN MARTINO<\/b><\/p>\n<p><strong><a class=\"dt-pswp-item\" href=\"https:\/\/www.radiopiu.net\/wordpress\/wp-content\/uploads\/2020\/03\/ULSS-1-DOLOMITI-LOGO.jpg\" data-dt-img-description=\"\" data-large_image_width=\"298\" data-large_image_height=\"219\"><img loading=\"lazy\" decoding=\"async\" class=\" wp-image-121256 alignleft\" src=\"https:\/\/www.radiopiu.net\/wordpress\/wp-content\/uploads\/2020\/03\/ULSS-1-DOLOMITI-LOGO.jpg\" alt=\"\" width=\"210\" height=\"154\" \/><\/a>BELLUNO\u00a0<\/strong>Considerata la carenza aziendale di personale medico nella disciplina di oculistica e la lista di attesa venutasi a creare negli interventi &#8211; in particolare di cataratta &#8211;\u00a0 a seguito della rimodulazione dell\u2019attivit\u00e0 derivante dall\u2019emergenza epidemiologica da Covid &#8211; 19,\u00a0 \u00e8 stato\u00a0 conferito,\u00a0 al dr. Francesco Sperti, ex Direttore dell\u2019UOC di Oculistica dell\u2019ospedale San Martino, l\u2019incarico di collaborazione professionale,\u00a0 a titolo gratuito e fino al 31 dicembre 2020.\u00a0\u00a0Il professionista, in quiescenza dallo scorso 8 giugno, prester\u00e0 la propria attivit\u00e0 presso l\u2019UOC di Oculistica dell\u2019ospedale di Belluno , garantendo, di norma, 1 o 2 sedute operatorie mensili di chirurgia minore.\u00a0La Direzione aziendale esprime riconoscenza al dr. Sperti per la disponibilit\u00e0 offerta a titolo gratuito, dimostrazione di grande sensibilit\u00e0 verso l\u2019azienda e i pazienti, in un particolare momento di difficolt\u00e0 del reparto.<\/p>\n<p>&nbsp;<\/p>\n<p>&nbsp;<\/p>\n<hr \/>\n<p>&nbsp;<\/p>\n<blockquote>\n<h3>ULSS 1 DOLOMITI: CESSA DALL\u2019INCARICO IL DR. \u00a0GIULIO PIROLO MEDICO DI ASSISTENZA PRIMARIA<\/h3>\n<\/blockquote>\n<p><strong>BELLUNO\u00a0<\/strong>Il dr. Giulio Pirolo, medico di assistenza primaria nell\u2019ambito territoriale dei Comuni di Belluno\/Limana , Ponte nelle Alpi e Soverzene, terminer\u00e0 il proprio incarico dal\u00a0 27 luglio 2020.\u00a0\u00a0Gli assistiti del dr. Pirolo dovranno quindi effettuare la scelta di uno dei Medici di Assistenza Primaria con disponibilit\u00e0 di posti,\u00a0 dell\u2019ambito territoriale di Belluno, Limana, Ponte nelle Alpi\u00a0 e Soverzene.\u00a0\u00a0\u00c8 possibile verificare in tempo reale la disponibilit\u00e0 dei Medici di Assistenza Primaria dei relativi ambiti territoriali, collegandosi al seguente link: <a href=\"https:\/\/salute.regione.veneto.it\/servizi\/cerca-medici-e-pediatri\">https:\/\/salute.regione.veneto.it\/servizi\/cerca-medici-e-pediatri<\/a>; selezionando un medico, si visualizzer\u00e0 il numero dei posti disponibili indicato in corrispondenza della voce \u201cDisponibilit\u00e0 assistiti illimitati\u201d.\u00a0La scelta del medico dovr\u00e0 essere inoltrata inviando una mail non pec all\u2019indirizzo <a href=\"mailto:cambiomedico@aulss1.veneto.it\"><b>cambiomedico@aulss1.veneto.it<\/b><\/a> con il seguente oggetto\u00a0 <b>\u201cCessazione del medico dr. Giulio Pirolo\u201d,<\/b> indicando nome, cognome, luogo, data di nascita, indirizzo di residenza, codice fiscale dell\u2019assistito nonch\u00e9 il nominativo del medico prescelto (si suggerisce di indicare pi\u00f9 di un medico e fino ad un massimo di tre). Alla e-mail\u00a0 dovr\u00e0 essere allegata\u00a0 la copia del documento d\u2019identit\u00e0 e della tessera sanitaria cartacea dell\u2019assistito rilasciata dalla ULSS. \u00a0 Al termine dell\u2019operazione sar\u00e0 inviata una e-mail di conferma dell\u2019avvenuta assegnazione del medico con allegata copia della nuova tessera sanitaria cartacea.<b>\u00a0<\/b>In casi di oggettiva impossibilit\u00e0 all\u2019uso dell\u2019e-mail, la scelta del medico potr\u00e0 avvenire\u00a0 previo appuntamento telefonico contattando il\u00a0 numero \u00a0 0437516757, presso\u00a0 l\u2019Ufficio anagrafe sanitaria di Belluno \u2013 Via Feltre\u00a0 57 (1\u00b0 piano),\u00a0 presentandosi\u00a0 con il proprio documento di identit\u00e0 e con la tessera sanitaria cartacea rilasciata dall\u2019ULSS.\u00a0 Se l\u2019utente fosse impossibilitato a presentarsi personalmente, potr\u00e0 delegare ad altra persona alla quale dovr\u00e0 consegnare, oltre ai documenti citati, la delega pubblicata sul sito dell\u2019ULSS al link: <a href=\"http:\/\/www.aulss1.veneto.it\/service\/medici-di-famiglia-e-pediatri-di-libera-scelta\/\">http:\/\/www.aulss1.veneto.it\/service\/medici-di-famiglia-e-pediatri-di-libera-scelta\/<\/a>\u00a0 e\u00a0 la fotocopia del documento di identit\u00e0 del delegato.<\/p>\n<p>&nbsp;<\/p>\n<p>&nbsp;<\/p>\n<hr \/>\n<p>&nbsp;<\/p>\n<blockquote>\n<h3>LE PREOCCUPAZIONI DEL CAI SU L&#8217;IMPATTO AMBIENTALE OLIMPICO<\/h3>\n<\/blockquote>\n<p><strong><a class=\"dt-pswp-item\" href=\"https:\/\/www.radiopiu.net\/wordpress\/wp-content\/uploads\/2020\/07\/CAI-VENETO.jpg\" data-dt-img-description=\"\" data-large_image_width=\"794\" data-large_image_height=\"794\"><img loading=\"lazy\" decoding=\"async\" class=\"size-medium wp-image-149753 alignleft\" src=\"https:\/\/www.radiopiu.net\/wordpress\/wp-content\/uploads\/2020\/07\/CAI-VENETO-300x300.jpg\" alt=\"\" width=\"300\" height=\"300\" srcset=\"https:\/\/www.radiopiu.net\/wordpress\/wp-content\/uploads\/2020\/07\/CAI-VENETO-300x300.jpg 300w, https:\/\/www.radiopiu.net\/wordpress\/wp-content\/uploads\/2020\/07\/CAI-VENETO-150x150.jpg 150w, https:\/\/www.radiopiu.net\/wordpress\/wp-content\/uploads\/2020\/07\/CAI-VENETO-768x768.jpg 768w, https:\/\/www.radiopiu.net\/wordpress\/wp-content\/uploads\/2020\/07\/CAI-VENETO.jpg 794w\" sizes=\"auto, (max-width: 300px) 100vw, 300px\" \/><\/a>TREVISO <\/strong>Le foto dei cantieri dei lavori in corso nei territori attorno a Cortina d\u2019Ampezzo in preparazione ai campionati del Mondo del 2021 di sci alpino e delle Olimpiadi invernali del 2026, non possono che lasciare ammutoliti tutti gli amanti della montagna, e in special modo delle Dolomiti che rappresentano la \u201cbellezza\u201d nell\u2019immaginario collettivo. Come Comitato Direttivo del CAI Veneto si esprime piena condivisione sul contenuto della lettera a firma della Presidente della Sezione CAI di Cortina \u00e9 apparsa sui quotidiani nei giorni scorsi nella quale si esprime viva preoccupazione per il fortissimo impatto ambientale dei lavori nelle localit\u00e0: Col Fiere, Gilardon, Rumerlo e Col Drusci\u00e8. Si ribadisce ancora una volta la contrariet\u00e0 del Cai Veneto ai collegamenti: Passo Falzarego Arabba e Cortina Alleghe, gi\u00e0 previsti nel Piano Neve Regionale nel 2013 e stralciati poich\u00e9 la commissione di Valutazione Ambientale Strategica dell\u2019epoca aveva dichiarato la loro incompatibilit\u00e0 con il D.M. 184\/2007 con la motivazione: \u201cla loro realizzazione avrebbe costituito una pressione ambientale tale da raggiungere livelli di insostenibilit\u00e0\u201d. Si invitano i firmatari della Carta di Cortina: Ministero dell\u2019Ambiente, Regione Veneto e Sindaco di Cortina del 24 gennaio 2016, riguardante la sostenibilit\u00e0 degli Sport invernale, nel dare applicazione a quanto allora sottoscritto, affinch\u00e9 non rimanga \u201cun libro dei sogni\u201d. Nell\u2019 Enciclica Laudato s\u00ec, \u201c[\u2026 l\u2019ambiente \u00e8 un bene collettivo, patrimonio di tutta l\u2019umanit\u00e0 e responsabilit\u00e0 di tutti \u2026 Il CAI ritiene che solo un costruttivo confronto tra tutti i soggetti, portatori anche di interessi differenti, possa trovare la strada che eviti in futuro il ripetersi di scenari ambientali cos\u00ec impattanti<\/p>\n<p>&nbsp;<\/p>\n<hr \/>\n<p>&nbsp;<\/p>\n<p>&nbsp;<\/p>\n<blockquote>\n<h3>VOLONTARIATO ANTI-PANDEMIA, BANDI REGIONALI PER 4,7 MILIONI<\/h3>\n<\/blockquote>\n<p><strong><a class=\"dt-pswp-item\" href=\"https:\/\/www.radiopiu.net\/wordpress\/wp-content\/uploads\/2020\/07\/Casa-del-volontariato.jpg\" data-dt-img-description=\"\" data-large_image_width=\"1984\" data-large_image_height=\"1488\"><img loading=\"lazy\" decoding=\"async\" class=\"size-medium wp-image-149765 alignleft\" src=\"https:\/\/www.radiopiu.net\/wordpress\/wp-content\/uploads\/2020\/07\/Casa-del-volontariato-300x225.jpg\" alt=\"\" width=\"300\" height=\"225\" srcset=\"https:\/\/www.radiopiu.net\/wordpress\/wp-content\/uploads\/2020\/07\/Casa-del-volontariato-300x225.jpg 300w, https:\/\/www.radiopiu.net\/wordpress\/wp-content\/uploads\/2020\/07\/Casa-del-volontariato-1024x768.jpg 1024w, https:\/\/www.radiopiu.net\/wordpress\/wp-content\/uploads\/2020\/07\/Casa-del-volontariato-768x576.jpg 768w, https:\/\/www.radiopiu.net\/wordpress\/wp-content\/uploads\/2020\/07\/Casa-del-volontariato-1536x1152.jpg 1536w, https:\/\/www.radiopiu.net\/wordpress\/wp-content\/uploads\/2020\/07\/Casa-del-volontariato.jpg 1984w\" sizes=\"auto, (max-width: 300px) 100vw, 300px\" \/><\/a>BELLUNO\u00a0<\/strong>Dalla Regione Veneto quasi 5 milioni di euro per il volontariato coinvolto nell&#8217;emergenza sanitaria. Ne sono interessati anche gli enti del terzo settore bellunesi; per questo, il Csv Belluno invita gli stessi a porre attenzione ai due bandi regionali per i progetti di solidariet\u00e0 anti-pandemia, pubblicati marted\u00ec sul Bur.\u00a0\u00ab<em>Sono coinvolte anche le oltre 200 organizzazioni di volontariato e le circa 80 associazioni di promozione sociale del territorio provinciale, iscritte ai registri regionali o nazionali, e i bandi aprono anche a progetti in forma di partenariato<\/em>\u00bb spiega il direttore del Csv Belluno Nevio Meneguz.<span class=\"Apple-converted-space\">\u00a0\u00a0<\/span>La Regione ha riconosciuto ufficialmente la collaborazione con i Centri di servizio per il volontariato e, visti il loro coinvolgimento nella fase di emergenza sanitaria e la dimensione di \u201cprossimit\u00e0\u201d degli stessi, ha avviato una collaborazione al fine di conoscere quali attivit\u00e0 sono state poste in essere dalle associazioni del territorio durante la pandemia.<\/p>\n<p>&nbsp;<\/p>\n<hr \/>\n<p>&nbsp;<\/p>\n<blockquote>\n<h3><b>APPELLO IN \u201cROSA\u201d DI LORRAINE BERTON ALLE RAGAZZE BELLUNESI: \u201cLA FORMAZIONE TECNICA NON \u00c8 COSA DA MASCHI: IL FUTURO DELLA MANIFATTURA \u00c8 SEMPRE PI\u00d9 ROSA. L\u2019ITS MECCATRONICO \u00c8 UNA GRANDE OPPORTUNIT\u00c0!\u201d<\/b><\/h3>\n<\/blockquote>\n<p><strong><a class=\"dt-pswp-item\" href=\"https:\/\/www.radiopiu.net\/wordpress\/wp-content\/uploads\/2019\/09\/Lorraine_Berton.jpg\" data-dt-img-description=\"\" data-large_image_width=\"767\" data-large_image_height=\"768\"><img loading=\"lazy\" decoding=\"async\" class=\"size-medium wp-image-99105 alignleft\" src=\"https:\/\/www.radiopiu.net\/wordpress\/wp-content\/uploads\/2019\/09\/Lorraine_Berton-300x300.jpg\" alt=\"\" width=\"300\" height=\"300\" srcset=\"https:\/\/www.radiopiu.net\/wordpress\/wp-content\/uploads\/2019\/09\/Lorraine_Berton-300x300.jpg 300w, https:\/\/www.radiopiu.net\/wordpress\/wp-content\/uploads\/2019\/09\/Lorraine_Berton-150x150.jpg 150w, https:\/\/www.radiopiu.net\/wordpress\/wp-content\/uploads\/2019\/09\/Lorraine_Berton.jpg 767w\" sizes=\"auto, (max-width: 300px) 100vw, 300px\" \/><\/a>BELLUNO\u00a0<\/strong>\u201c<em>Care ragazze, il manifatturiero bellunese ha bisogno di voi al di l\u00e0 di stupidi stereotipi e vecchie concezioni. La formazione tecnica non \u00e8 \u201croba per maschi\u201d o di serie B. Anzi<\/em>\u201d. Inizia cos\u00ec la lettera aperta diffusa via social dalla presidente di Confindustria Belluno Dolomiti Lorraine Berton a pochi giorni dalla chiusura delle iscrizioni per il corso \u201cTecnico superiore per l\u2019automazione e i sistemi meccatronici\u201d, che partir\u00e0 in autunno a Belluno e voluto con forza dall\u2019Associazione dopo un\u2019attenta analisi dei fabbisogni tra le imprese del territorio.\u00a0ITS sta per Istituto Tecnico Superiore: si tratta di un corso post-maturit\u00e0, biennale, che prevede duemila ore di formazione &#8211; di queste 1200 in aula, 800 in azienda &#8211; e rivolto a tutte le persone con diploma di scuola secondaria di secondo grado, studenti, inoccupati, disoccupati. Il percorso \u2013 gestito dalla Fondazione ITS Academy Meccatronico del Veneto &#8211; \u00e8 finanziato da Regione del Veneto, attraverso il Fondo Sociale Europeo, e dal Miur.\u00a0Quello di Berton \u00e8 un vero e proprio \u201cappello in rosa\u201d: \u201cIl mondo \u00e8 cambiato, le tecnologie pure, le stesse fabbriche hanno mutato volto, spesso pi\u00f9 velocemente di quanto crediamo. Il Covid-19 poi ha ulteriormente sparigliato le carte in tavola, creando uno scenario difficile ma anche ricco di opportunit\u00e0. Una di queste \u00e8 costituita proprio dall\u2019ITS Meccatronico, percorso che Confindustria Belluno Dolomiti ha voluto con forza a Belluno per dare uno strumento in pi\u00f9 alle aziende del territorio e una chance di crescita ulteriore \u2013 sia umana che professionale &#8211; ai giovani\u201d. \u201c<em>Le nostre aziende hanno fame di nuove competenze e le competenze, cos\u00ec come il merito, non hanno sesso<\/em>\u201d, scrive Berton, rivolgendosi in particolare a tutte le ragazze con diploma, occupate e inoccupate, di tutte le et\u00e0. \u201cAccettate un consiglio: cogliete questa occasione, valutatela con cura e attenzione\u201d.\u00a0Inevitabile guardare al passato: \u201c<em>La nostra terra \u00e8 cresciuta sulla manodopera femminile, sulla sua perizia e attenzione. L\u2019occhialeria, in particolare, ne \u00e8 la dimostrazione pi\u00f9 lampante. Le nostre nonne e madri sono state le protagoniste silenziose di questo successo. Dobbiamo andare avanti su questa strada con orgoglio, puntando su capitale umano, voglia di fare e senso del futur<\/em>o\u201d.\u00a0\u201c<em>La formazione tecnica \u00e8 un valore<\/em>\u201d, conclude Berton, che ricorda il termine del 20 luglio per le iscrizioni.<\/p>\n<p>&nbsp;<\/p>\n<p>&nbsp;<\/p>\n<hr \/>\n<div class=\"page-title title-left solid-bg breadcrumbs-mobile-off page-title-responsive-enabled\">\n<div class=\"wf-wrap\">\n<p>&nbsp;<\/p>\n<h3>\u00abCONSTRUCTIVE ALPS\u00bb: NOMINATE LE COSTRUZIONI SOSTENIBILI NELLE ALPI CANDIDATE PER IL PREMIO, IN CORSA ANCHE IL PALALUXOTTICA<\/h3>\n<p><strong><a class=\"dt-pswp-item\" href=\"https:\/\/www.radiopiu.net\/wordpress\/wp-content\/uploads\/2020\/07\/PALALUXOTTICA-1.jpg\" data-dt-img-description=\"\" data-large_image_width=\"1280\" data-large_image_height=\"853\"><img loading=\"lazy\" decoding=\"async\" class=\"size-medium wp-image-149649 alignleft\" src=\"https:\/\/www.radiopiu.net\/wordpress\/wp-content\/uploads\/2020\/07\/PALALUXOTTICA-1-300x200.jpg\" alt=\"\" width=\"300\" height=\"200\" srcset=\"https:\/\/www.radiopiu.net\/wordpress\/wp-content\/uploads\/2020\/07\/PALALUXOTTICA-1-300x200.jpg 300w, https:\/\/www.radiopiu.net\/wordpress\/wp-content\/uploads\/2020\/07\/PALALUXOTTICA-1-1024x682.jpg 1024w, https:\/\/www.radiopiu.net\/wordpress\/wp-content\/uploads\/2020\/07\/PALALUXOTTICA-1-768x512.jpg 768w, https:\/\/www.radiopiu.net\/wordpress\/wp-content\/uploads\/2020\/07\/PALALUXOTTICA-1.jpg 1280w\" sizes=\"auto, (max-width: 300px) 100vw, 300px\" \/><\/a><\/strong><\/p>\n<p>&nbsp;<\/p>\n<p><strong>SVIZZERA<\/strong> La Svizzera e il Principato del Liechtenstein hanno indetto per la quinta volta il concorso internazionale di architettura \u00abConstructive Alps\u00bb.<\/p>\n<\/div>\n<\/div>\n<p><em><strong>IN CORSA PER IL PREMIO ANCHE IL PALALUXOTTICA DI AGORDO<\/strong><\/em><\/p>\n<p>Al seguente link la pagina per la votazione del progetto (scadenza il 28 agosto 2020): <a href=\"http:\/\/www.constructivealps.net\/it\/congress-and-exhibition-centre\/\">http:\/\/www.constructivealps.net\/it\/congress-and-exhibition-centre\/<\/a><\/p>\n<p>&nbsp;<\/p>\n<p>&nbsp;<\/p>\n<hr \/>\n<h3><\/h3>\n<blockquote>\n<h3>ECCO LE NUOVE CARICHE IN SENO ALL&#8217;ANA DI BELLUNO<\/h3>\n<\/blockquote>\n<p><strong><a class=\"dt-pswp-item\" href=\"https:\/\/www.radiopiu.net\/wordpress\/wp-content\/uploads\/2018\/10\/ana-alpini.png\" data-dt-img-description=\"\" data-large_image_width=\"225\" data-large_image_height=\"225\"><img loading=\"lazy\" decoding=\"async\" class=\"size-full wp-image-62421 alignleft\" src=\"https:\/\/www.radiopiu.net\/wordpress\/wp-content\/uploads\/2018\/10\/ana-alpini.png\" alt=\"\" width=\"225\" height=\"225\" srcset=\"https:\/\/www.radiopiu.net\/wordpress\/wp-content\/uploads\/2018\/10\/ana-alpini.png 225w, https:\/\/www.radiopiu.net\/wordpress\/wp-content\/uploads\/2018\/10\/ana-alpini-150x150.png 150w\" sizes=\"auto, (max-width: 225px) 100vw, 225px\" \/><\/a>BELLUNO\u00a0<\/strong>In seguito alle votazioni dell\u2019assemblea del 20 giugno scorso, che hanno visto eletto Presidente della Sezione A.N.A. di Belluno Lino De Pra, il nuovo Consiglio direttivo si \u00e8 riunito per la distribuzione delle cariche sociali per il prossimo triennio 2020-2022.<span class=\"Apple-converted-space\">\u00a0\u00a0<\/span>Vice presidente vicario \u00e8 stato eletto Ezio Caldart e gli altri tre vice presidenti sono Siro De Biasio, Giuliano Moretti e Mario Dall\u2019Anese. In attesa della nomina del Segretario generale nella segreteria sono entrati Giuseppe Colferai (Segretario del Consiglio) e Nadia Bortot (Segretaria della Protezione Civile), mentre Giovanni Dalla Rossa si occuper\u00e0 del tesseramento. L\u2019incarico di Tesoreria \u00e8 stato assegnato a Giorgio Schizzi che sar\u00e0 coadiuvato dal cassiere Eraldo Carrera.\u00a0Addetto stampa e direttore responsabile di \u201cIn marcia\u201d \u00e8 stato confermato Dino Bridda e web master responsabile del sito internet sezionale Tiziano Costa. Il Presidente ha poi confermato nell\u2019incarico di coordinatore dell\u2019Unit\u00e0 di Protezione Civile Ivo Gasperin, per le attivit\u00e0 sportive responsabile \u00e8 Angelo Magro con Pieremilio Parissenti coordinatore, a capo del servizio d\u2019ordine \u00e8 Francesco Zanin.\u00a0Sono state poi istituite apposite commissioni tematiche che coinvolgono tutti i consiglieri e che si occuperanno dei vari settori dell\u2019organizzazione sezionale. Questi gli altri consiglieri eletti: Costante Ganz, Angelo Mezzacasa, Giovanni Da Pra, Ilario De Vallier (Agordino); Cesare Colbertaldo, Fabio Barattin e Giancarlo Sartori (Destra Piave); Aldo Mastelotto, Alessandro De Mari, Giorgio Cibien (Sinistra Piave); Danilo Bortoluzzi e Ivan Marchetti (Alpago e Pontalpino); Luigi Giacomo Vazza (Longaronese\/Val di Zoldo).\u00a0Presidente del Collegio dei Revisori dei conti \u00e8 Giorgio Sartori coadiuvato da Pieremilio Parissenti ed Ezzelino Carlo Dal Pont (effettivi) e da Donato Nicolao (supplente), mentre la Giunta di scrutinio sar\u00e0 composta da Sergio Valente, Federico Bez e Ruggero Viel.<\/p>\n<p>&nbsp;<\/p>\n<p>&nbsp;<\/p>\n<p>&nbsp;<\/p>\n<p>&nbsp;<\/p>\n<hr \/>\n<p>&nbsp;<\/p>\n<blockquote>\n<h3>A MONTECITORIO IL DEPUTATO ROGER DE MENECH RICORDA L&#8217;AMICO GIOVANNI BORTOT<\/h3>\n<\/blockquote>\n<p><strong>PONTE NELLE ALPI.<\/strong> Il deputato Roger De Menech ha ricordato l&#8217;amico ed ex sindaco di Ponte nelle Alpi nonch\u00e9 Deputato Giovanni Bortot. Di seguito il suo intervento<\/p>\n<div style=\"width: 592px;\" class=\"wp-video\"><video class=\"wp-video-shortcode\" id=\"video-149659-1\" width=\"592\" height=\"480\" preload=\"metadata\" controls=\"controls\"><source type=\"video\/mp4\" src=\"https:\/\/www.radiopiu.net\/wordpress\/wp-content\/uploads\/2020\/07\/WhatsApp-Video-2020-07-16-at-09.51.27.mp4?_=1\" \/><a href=\"https:\/\/www.radiopiu.net\/wordpress\/wp-content\/uploads\/2020\/07\/WhatsApp-Video-2020-07-16-at-09.51.27.mp4\">https:\/\/www.radiopiu.net\/wordpress\/wp-content\/uploads\/2020\/07\/WhatsApp-Video-2020-07-16-at-09.51.27.mp4<\/a><\/video><\/div>\n<p>&nbsp;<\/p>\n<p>&nbsp;<\/p>\n<p>&nbsp;<\/p>\n<div class=\"page-title title-left solid-bg breadcrumbs-mobile-off page-title-responsive-enabled\">\n<div class=\"wf-wrap\">\n<p>&nbsp;<\/p>\n<hr \/>\n<\/div>\n<\/div>\n<p>&nbsp;<\/p>\n<p>&nbsp;<\/p>\n<blockquote>\n<h3>\u201cLA MIA TERRA\u201d: LE MUSICHE DI MORRICONE TRA LE DOLOMITI<\/h3>\n<\/blockquote>\n<p><strong><a class=\"dt-pswp-item\" href=\"https:\/\/www.radiopiu.net\/wordpress\/wp-content\/uploads\/2020\/07\/BOSCO-ARTISTI-CONCERTO.jpeg\" data-dt-img-description=\"\" data-large_image_width=\"1200\" data-large_image_height=\"1599\"><img loading=\"lazy\" decoding=\"async\" class=\"size-medium wp-image-149778 alignleft\" src=\"https:\/\/www.radiopiu.net\/wordpress\/wp-content\/uploads\/2020\/07\/BOSCO-ARTISTI-CONCERTO-225x300.jpeg\" alt=\"\" width=\"225\" height=\"300\" srcset=\"https:\/\/www.radiopiu.net\/wordpress\/wp-content\/uploads\/2020\/07\/BOSCO-ARTISTI-CONCERTO-225x300.jpeg 225w, https:\/\/www.radiopiu.net\/wordpress\/wp-content\/uploads\/2020\/07\/BOSCO-ARTISTI-CONCERTO-768x1023.jpeg 768w, https:\/\/www.radiopiu.net\/wordpress\/wp-content\/uploads\/2020\/07\/BOSCO-ARTISTI-CONCERTO-1153x1536.jpeg 1153w, https:\/\/www.radiopiu.net\/wordpress\/wp-content\/uploads\/2020\/07\/BOSCO-ARTISTI-CONCERTO.jpeg 1200w\" sizes=\"auto, (max-width: 225px) 100vw, 225px\" \/><\/a>FALCADE\u00a0<\/strong>Un concerto con la grande orchestra a quasi 2.000 metri di quota per rendere omaggio agli eroi dell\u2019emergenza Covid-19.<span class=\"Apple-converted-space\">\u00a0 <\/span>Le note di Ennio Morricone risuonano tra le Dolomiti della Ski Area San Pellegrino per dire simbolicamente grazie a chi generosamente si \u00e8 speso per gli altri in questi mesi. Il prossimo 7 agosto, alle 10.30, nel &#8220;Bosco degli Artisti&#8221; di Falcade (BL), nel cuore della Ski Area San Pellegrino, va in scena \u201cLa mia Terra\u201d, il progetto musicale ideato da Diego Basso, il direttore d\u2019orchestra che ha diretto nei maggiori palcoscenici internazionali. Nella suggestiva cornice che valorizza le opere degli scultori e dei pittori della Val Biois, si esibir\u00e0 l\u2019Orchestra Ritmico Sinfonica Italiana, diretta dal Maestro Diego Basso. Il ricavato sar\u00e0 interamente devoluto alla Protezione Civile del Veneto che ha lavorato senza sosta in questi mesi. Ai volontari della Protezione Civile e agli altri eroi dell\u2019emergenza Covid-19 saranno dedicate le musiche di Ennio Morricone. Un viaggio tra colonne sonore e brani tratti dai film Nuovo Cinema Paradiso (regia di Giuseppe Tornatore, 1988), The Mission (regia di Roland Joff\u00e9, 1986), La leggenda del Pianista sull&#8217;oceano (regia di Giuseppe Tornatore, 1998), C&#8217;era una volta in America (regia di Sergio Leone, 1984), C\u2019era una volta il west (regia di Sergio Leone, 1968), Per un pugno di dollari (regia di Sergio Leone, 1964).\u00a0In versione sinfonica, anche il brano \u201cIl canto della terra\u201d, scritto dal compositore Francesco Sartori e reso famoso nel mondo dalla voce di Andrea Bocelli. Brano che ha ispirato il titolo di questo progetto musicale che ha gi\u00e0 emozionato il pubblico nella prima edizione dell\u2019evento. I brani saranno eseguiti in versione sinfonica, per rispetto all\u2019ambiente e del contesto paesaggistico culturale in cui si svolge il concerto. Il 7 agosto saranno proprio suoni e voci ad esaltare la meraviglia che circonda il palcoscenico naturale del &#8220;Bosco degli Artisti&#8221;, galleria d\u2019arte a cielo aperto, che sorge in localit\u00e0 Le Buse, nella Ski Area San Pellegrino. Il concerto \u00e8 realizzato con la partecipazione della Regione del Veneto nell&#8217;ambito del progetto musicale &#8220;Tra terra cielo&#8221; che porta la &#8220;Grande Orchestra&#8221;, in palcoscenici a cielo aperto, dove la musica, oltre a trasmettere un messaggio di rinascita, si inserisce in luoghi suggestivi, tra cielo e terra, in perfetta armonia con l&#8217;ambiente.\u00a0Evento organizzato con la collaborazione di Regione Veneto, Provincia di Belluno, DMO Dolomiti, Comune di Falcade, PromoFalcade Dolomiti e Ski Area San Pellegrino.\u00a0Raggiungere questo luogo incantato \u00e8 facile: Partendo da Falcade, paesino \u201ccullato\u201d dalle imponenti pareti rocciose del Focobon, si giunge a quota 1890 m. con la cabinovia che da Molino porta a Le Buse. Proprio qui, a pochi metri dalla stazione a monte, sorge il Bosco degli Artisti, esposizione di opere a cielo aperto che valorizza l\u2019abilit\u00e0 creativa di diversi scultori e pittori della Val Biois ispirati dalla bellezza e dalle tradizioni del territorio. Un percorso ad anello di circa 1 km dove i visitatori sono invitati a scoprire, passo dopo passo, le diverse opere nascoste tra gli alberi. L\u2019accesso all\u2019area del concerto \u00e8 raggiungibile solo su prenotazione via web, compilando il modulo a questo link: <a href=\"https:\/\/www.skiareasanpellegrino.it\/la-mia-terra-2020\/\">https:\/\/www.skiareasanpellegrino.it\/la-mia-terra-2020\/<\/a> oppure telefonando al numero 0437 509252, dando nome, cognome e recapito telefonico. L\u2019offerta \u00e8 libera e il ricavato sar\u00e0 interamente devoluto alla Protezione Civile del Veneto.<span class=\"Apple-converted-space\">\u00a0 <\/span>L\u2019accesso \u00e8 consentito a un max di 1000 persone.<\/p>\n<p>&nbsp;<\/p>\n<p>&nbsp;<\/p>\n<hr \/>\n<p>&nbsp;<\/p>\n<h3 class=\"photoswipe-wrapper\"><a class=\"dt-pswp-item pspw-wrap-ready\" href=\"https:\/\/i2.wp.com\/www.radiopiu.net\/wordpress\/wp-content\/uploads\/2018\/09\/appuntamenti.jpeg?ssl=1\" data-dt-img-description=\"\" data-large_image_width=\"800\" data-large_image_height=\"100\"><img loading=\"lazy\" decoding=\"async\" class=\"alignnone wp-image-61958 size-full jetpack-lazy-image jetpack-lazy-image--handled\" src=\"https:\/\/i2.wp.com\/www.radiopiu.net\/wordpress\/wp-content\/uploads\/2018\/09\/appuntamenti.jpeg?resize=800%2C100&amp;ssl=1\" sizes=\"auto, (max-width: 800px) 100vw, 800px\" srcset=\"https:\/\/i2.wp.com\/www.radiopiu.net\/wordpress\/wp-content\/uploads\/2018\/09\/appuntamenti.jpeg?w=800&amp;ssl=1 800w, https:\/\/i2.wp.com\/www.radiopiu.net\/wordpress\/wp-content\/uploads\/2018\/09\/appuntamenti.jpeg?resize=300%2C38&amp;ssl=1 300w, https:\/\/i2.wp.com\/www.radiopiu.net\/wordpress\/wp-content\/uploads\/2018\/09\/appuntamenti.jpeg?resize=768%2C96&amp;ssl=1 768w\" alt=\"\" width=\"800\" height=\"100\" data-lazy-loaded=\"1\" \/><\/a><\/h3>\n<p>&nbsp;<\/p>\n<blockquote>\n<h3>ESCURSIONE A FORCELLA PALUGHET CON IL CAI DI AGORDO<\/h3>\n<\/blockquote>\n<p><strong><a class=\"dt-pswp-item\" href=\"https:\/\/www.radiopiu.net\/wordpress\/wp-content\/uploads\/2020\/07\/Schermata-2020-07-16-alle-16.05.50.png\" data-dt-img-description=\"\" data-large_image_width=\"1448\" data-large_image_height=\"992\"><img loading=\"lazy\" decoding=\"async\" class=\"size-medium wp-image-149784 alignleft\" src=\"https:\/\/www.radiopiu.net\/wordpress\/wp-content\/uploads\/2020\/07\/Schermata-2020-07-16-alle-16.05.50-300x206.png\" alt=\"\" width=\"300\" height=\"206\" srcset=\"https:\/\/www.radiopiu.net\/wordpress\/wp-content\/uploads\/2020\/07\/Schermata-2020-07-16-alle-16.05.50-300x206.png 300w, https:\/\/www.radiopiu.net\/wordpress\/wp-content\/uploads\/2020\/07\/Schermata-2020-07-16-alle-16.05.50-1024x702.png 1024w, https:\/\/www.radiopiu.net\/wordpress\/wp-content\/uploads\/2020\/07\/Schermata-2020-07-16-alle-16.05.50-768x526.png 768w, https:\/\/www.radiopiu.net\/wordpress\/wp-content\/uploads\/2020\/07\/Schermata-2020-07-16-alle-16.05.50.png 1448w\" sizes=\"auto, (max-width: 300px) 100vw, 300px\" \/><\/a>AGORDO <\/strong>Ritrovo direttamente presso il piazzale a Passo Cereda, di fronte al Rifugio Cereda. Per questioni organizzative, nel rispetto delle norme anti COVID, si accettano al massimo 10 partecipanti. &#8211; Ore 8,30 &#8211; Ritrovo, preparazione all&#8217;escursione e controllo autocertificazioni. &#8211; Ore 8,45 &#8211; Partenza dell&#8217;escursione. Itinerario insolito e poco frequentato, ma non banale che consente di godere un panorama privilegiato sul Piz de Sagron e una visuale inconsueta del Sass de Mura. La breve traversata sul crinale che separa la Val Giasinozza dal Passo Cereda rende piacevole e soddisfacente questa breve escursione. Il passaggio alla frequentata Malga Fossetta ci riporta alla realt\u00e0 turistica e il ritorno al Passo Cereda ci riconduce alla consueta vita antropizzata. Tempo : 4 &#8211; 5 ore Dislivello : m. 560 Difficolt\u00e0: E con alcuni tratti EE Trasferimento autonomo e pranzo al sacco. Accompagnatori e responsabili dell\u2019uscita: Magro Anna (AE-EEA), Dell\u2019Osbel Dario (AE), che si riservano eventualmente di modificare l\u2019itinerario in base alle condizioni meteo e del gruppo. Iscrizioni SOLO TRAMITE SMS (NON Whatsapp) al 380.6983040 a cui sar\u00e0 poi data conferma definitiva da parte del responsabile della gita. Al ritrovo ogni partecipante dovr\u00e0 avere con s\u00e9 il modulo di autocertificazione compilato scaricabile dal sito www.caiagordo.it i responsabili dell&#8217;uscita si riserveranno poi di comunicare ulteriori informazioni a coloro che intendono iscriversi.<\/p>\n<p>&nbsp;<\/p>\n<blockquote>\n<h3>LOTTERIA ADA AGORDO<\/h3>\n<\/blockquote>\n<p><strong>AGORDO<\/strong> L&#8217;Associazione Danza Agordina ha fissato\u00a0la nuova data per l&#8217;estrazione della lotteria &#8220;Adanzarfortuna 2020&#8221;, estrazione che, precedentemente fissata al 30 marzo 2020 , era stata rimandata a data da destinarsi per le restrizioni dovute al contrasto alla pandemia.\u00a0L&#8217;estrazione si terr\u00e0 presso il Municipio di Agordo , marted\u00ec 21 luglio alle ore 10.00.<\/p>\n<p>&nbsp;<\/p>\n<blockquote>\n<h3>EL CANAL DE AGORDO<\/h3>\n<\/blockquote>\n<p><strong>AGORDO<\/strong> Scavare nel passato, storia ed archeologia da San Gottardo a Pont del Cristo. La mostra \u00e8 allestita al Museo mineralogico e paleontologico di via 5 maggio con ingresso libero. Fino al 6 settembre il venerdi, sabato e domenica dalle 10 alle 12.30 e dalle 16 alle 19. Info: <span style=\"color: #0000ff;\">archeoagordo.arca@gmail.com<\/span><\/p>\n<p>&nbsp;<\/p>\n<blockquote>\n<h3>ALESSANDRO LANZONI AL FULCIS<\/h3>\n<\/blockquote>\n<p><a class=\"dt-pswp-item\" href=\"https:\/\/www.radiopiu.net\/wordpress\/wp-content\/uploads\/2020\/07\/11Alessandro-Lanzoni.jpg\" data-dt-img-description=\"\" data-large_image_width=\"1000\" data-large_image_height=\"450\"><img loading=\"lazy\" decoding=\"async\" class=\" wp-image-149556 alignleft\" src=\"https:\/\/www.radiopiu.net\/wordpress\/wp-content\/uploads\/2020\/07\/11Alessandro-Lanzoni-300x135.jpg\" alt=\"\" width=\"207\" height=\"94\" srcset=\"https:\/\/www.radiopiu.net\/wordpress\/wp-content\/uploads\/2020\/07\/11Alessandro-Lanzoni-300x135.jpg 300w, https:\/\/www.radiopiu.net\/wordpress\/wp-content\/uploads\/2020\/07\/11Alessandro-Lanzoni-768x346.jpg 768w, https:\/\/www.radiopiu.net\/wordpress\/wp-content\/uploads\/2020\/07\/11Alessandro-Lanzoni.jpg 1000w\" sizes=\"auto, (max-width: 207px) 100vw, 207px\" \/><\/a><strong>BELLUNO<\/strong> Domenica 19 luglio alle\u00a0 18, nella Corte di Palazzo Fulcis a Belluno, il pianista Alessandro Lanzoni sar\u00e0 ospite di Belluno e del Circolo Culturale Bellunese, con un concerto per lo pi\u00f9 dedicato alla libera improvvisazione jazz, all&#8217;insegna del suo eclettismo stilistico. L&#8217;evento \u00e8 parte della rassegna del Circolo Culturale Bellunese, Concerti in Villa e nelle Corti, giunta alla XXXI edizione. Si raccomanda la prenotazione presso l&#8217;Agenzia Alpe Bellunese, Piazza Martiri, 2\/A \u2013 tel. 0437 940407. Il pagamento dei biglietti \u00e8 il giorno stesso del concerto, direttamente a Palazzo Fulcis. Informazioni e note di sala su www.belcircolo.org.<\/p>\n<p>&nbsp;<\/p>\n<p>&nbsp;<\/p>\n<p>&nbsp;<\/p>\n<blockquote>\n<h3>GLI APPUNTAMENTI ESTIVI NEL RICORDO DI PAPA ALBINO LUCIANI<\/h3>\n<\/blockquote>\n<p><strong>CANALE D\u2019AGORDO<\/strong> La Fondazione Papa Luciani ha predisposto il programma degli appuntamenti per l\u2019estate 2020:<\/p>\n<p>Fino al<strong> 31 agosto<\/strong> nella casa delle Regole mostra Le Regole della Valle del Biois. <strong>11 agosto<\/strong> in chiesa concerto d\u2019organo con Luca Poppi, <strong>12 agosto<\/strong> 17.30 al Museo Luciani inaugurazione della mostra Gli ultimi Papi europei, itinerari tra i paesi natali degli ultimi pontefici aperta fino al 28 settembre.\u00a0 <strong>16 agosto<\/strong> alle 21 in chiesa Giovanni Paolo I perch\u00e9 \u00e8 attuale con Andrea Tornielli direttore editoriale del Dicastero della comunitazione della Santa Sede. <strong>20 agosto<\/strong> alle 21 Quando sentivo l\u2019organo suonare a piene canne, concerto in onore di Papa Luciani con Ai Yoshida, Loris Serafini e la mezzosoprano Oda Hochscheid, <strong>23 agosto<\/strong> alle 17.30 in sala conferenze del Musal I musei nelle Dolomiti, opportunit\u00e0 per cultura e spiritualit\u00e0, tavola rotonda con Alberto Ferrari, Stefano Perale, Corona Perer e Giovanna Rech, <strong>25 agosto<\/strong> ore 21 in chiesa concerto del quartetto d\u2019archi del Friuli, organista Silvia Tessari, primo violino Guido Freschi.<strong> 26 agosto<\/strong> 16.30 in piazza a Canale d\u2019Agordo messa in occasione dell\u2019elezioni di Giovanni Paolo I. <strong>28 settembre<\/strong> alle 18 in chiesa messa in occasione dell\u2019anniversario della morte di Papa Luciani.<\/p>\n<p>&nbsp;<\/p>\n<hr \/>\n<blockquote>\n<h3><\/h3>\n<h3>LA VIA DELLE MERIDIANE PER LA SCUOLA DI ALLEGHE<\/h3>\n<\/blockquote>\n<p><strong>ALLEGHE<\/strong> Ogni giovedi di luglio ed agosto, con prenotazione presso l\u2019Ufficio Turistico di Alleghe, vengono organizzati dei giri accompagnati sulla \u201cvia delle meridiane\u201d, un viaggio nel tempo alla scoperta degli orologi solari di Alleghe con la guida SIlvia Da Roit e il contributo di Giuseppe De Don\u00e0 referente orologi solari Italia. Il tour ha una durata di circa 2 ore (90 metri di dislivello su percorso facile) con partenza alle 9.30 da Piazza Kennedy. Chi partecipa contribuisce con un\u2019offerta libera devoluta alla scuola primaria di Alleghe.<\/p>\n<p>&nbsp;<\/p>\n<hr \/>\n<p>&nbsp;<\/p>\n<p>&nbsp;<\/p>\n<blockquote>\n<h3>GIANNI SANTOMASO VOCE DI RADIO PIU\u2019 PRESENTA VIDOTTO<\/h3>\n<\/blockquote>\n<p>&nbsp;<\/p>\n<p><strong class=\"photoswipe-wrapper\"><a class=\"dt-pswp-item pspw-wrap-ready\" href=\"https:\/\/i2.wp.com\/www.radiopiu.net\/wordpress\/wp-content\/uploads\/2020\/07\/UN-OCEANO-DI-STORIE.jpg?ssl=1\" data-dt-img-description=\"\" data-large_image_width=\"1587\" data-large_image_height=\"2245\"><img loading=\"lazy\" decoding=\"async\" class=\" wp-image-149393 alignleft\" src=\"https:\/\/i2.wp.com\/www.radiopiu.net\/wordpress\/wp-content\/uploads\/2020\/07\/UN-OCEANO-DI-STORIE.jpg?resize=134%2C190&amp;ssl=1\" sizes=\"auto, (max-width: 134px) 100vw, 134px\" srcset=\"https:\/\/i2.wp.com\/www.radiopiu.net\/wordpress\/wp-content\/uploads\/2020\/07\/UN-OCEANO-DI-STORIE.jpg?resize=212%2C300&amp;ssl=1 212w, https:\/\/i2.wp.com\/www.radiopiu.net\/wordpress\/wp-content\/uploads\/2020\/07\/UN-OCEANO-DI-STORIE.jpg?resize=724%2C1024&amp;ssl=1 724w, https:\/\/i2.wp.com\/www.radiopiu.net\/wordpress\/wp-content\/uploads\/2020\/07\/UN-OCEANO-DI-STORIE.jpg?resize=768%2C1086&amp;ssl=1 768w, https:\/\/i2.wp.com\/www.radiopiu.net\/wordpress\/wp-content\/uploads\/2020\/07\/UN-OCEANO-DI-STORIE.jpg?resize=1086%2C1536&amp;ssl=1 1086w, https:\/\/i2.wp.com\/www.radiopiu.net\/wordpress\/wp-content\/uploads\/2020\/07\/UN-OCEANO-DI-STORIE.jpg?resize=1448%2C2048&amp;ssl=1 1448w, https:\/\/i2.wp.com\/www.radiopiu.net\/wordpress\/wp-content\/uploads\/2020\/07\/UN-OCEANO-DI-STORIE.jpg?w=1587&amp;ssl=1 1587w\" alt=\"\" width=\"134\" height=\"190\" \/><\/a>AGORDO\u00a0<\/strong> Oggi Ad Agordo Pro Loco ospita Francesco Vidotto, scrittore, alpinista e appassionato di montagna. L\u2019incontro avverr\u00e0 in sala don Ferdinando Tamis di Agordo dalle ore 20.30 e sar\u00e0 presentato da Gianni Santomaso, giornalista del corriere delle alpi\u00a0 e voce di Radio Pi\u00f9.\u00a0 Insieme a Francesco si parler\u00e0 della sua vita, delle storie dei suoi libri e sar\u00e0 possibile interagire con lui attraverso un dibattito finale. Tra i suoi libri citiamo: Il \u00a0Selvaggio (2005), Siro (2011), Zoe (2012), Oceano (2014), Fabro (2016) e Il Cervo e il bambino (2020) che saranno disponibili presso la sede dell\u2019evento.<\/p>\n<p>&nbsp;<\/p>\n<p>&nbsp;<\/p>\n<p>&nbsp;<\/p>\n<p>&nbsp;<\/p>\n<hr \/>\n<p>&nbsp;<\/p>\n<p>&nbsp;<\/p>\n<p>&nbsp;<\/p>\n<blockquote>\n<h2 id=\"tw-target-text\" class=\"tw-data-text tw-text-large XcVN5d tw-ta\" dir=\"ltr\" data-placeholder=\"Traduzione\"><span lang=\"en\">appointments recommended by radio pi\u00f9<\/span><\/h2>\n<\/blockquote>\n\n\t\t\t<style type='text\/css'>\n\t\t\t\t#gallery-3 {\n\t\t\t\t\tmargin: auto;\n\t\t\t\t}\n\t\t\t\t#gallery-3 .gallery-item {\n\t\t\t\t\tfloat: left;\n\t\t\t\t\tmargin-top: 10px;\n\t\t\t\t\ttext-align: center;\n\t\t\t\t\twidth: 20%;\n\t\t\t\t}\n\t\t\t\t#gallery-3 img {\n\t\t\t\t\tborder: 2px solid #cfcfcf;\n\t\t\t\t}\n\t\t\t\t#gallery-3 .gallery-caption {\n\t\t\t\t\tmargin-left: 0;\n\t\t\t\t}\n\t\t\t\t\/* see gallery_shortcode() in wp-includes\/media.php *\/\n\t\t\t<\/style>\n\t\t<div id='gallery-3' class='dt-gallery-container gallery galleryid-149659 gallery-columns-5 gallery-size-thumbnail'><dl class='gallery-item'>\n\t\t\t\t<dt class='gallery-icon portrait'>\n\t\t\t\t\t<a class=\"rollover rollover-zoom dt-pswp-item\" title=\"LOCANDINA MOSTRA ARCA 2019 Patrocinio\" data-dt-img-description=\"\" data-large_image_width=\"1810\" data-large_image_height=\"2560\"href='https:\/\/www.radiopiu.net\/wordpress\/wp-content\/uploads\/2020\/07\/LOCANDINA-MOSTRA-ARCA-2020-scaled.jpg'><img loading=\"lazy\" decoding=\"async\" width=\"150\" height=\"150\" src=\"https:\/\/www.radiopiu.net\/wordpress\/wp-content\/uploads\/2020\/07\/LOCANDINA-MOSTRA-ARCA-2020-150x150.jpg\" class=\"attachment-thumbnail size-thumbnail\" alt=\"\" \/><\/a>\n\t\t\t\t<\/dt><\/dl><dl class='gallery-item'>\n\t\t\t\t<dt class='gallery-icon portrait'>\n\t\t\t\t\t<a class=\"rollover rollover-zoom dt-pswp-item\" title=\"8decb5e4-5a09-4396-8808-991f536b16f0\" data-dt-img-description=\"\" data-large_image_width=\"1130\" data-large_image_height=\"1600\"href='https:\/\/www.radiopiu.net\/wordpress\/wp-content\/uploads\/2020\/07\/8decb5e4-5a09-4396-8808-991f536b16f0.jpg'><img loading=\"lazy\" decoding=\"async\" width=\"150\" height=\"150\" src=\"https:\/\/www.radiopiu.net\/wordpress\/wp-content\/uploads\/2020\/07\/8decb5e4-5a09-4396-8808-991f536b16f0-150x150.jpg\" class=\"attachment-thumbnail size-thumbnail\" alt=\"\" \/><\/a>\n\t\t\t\t<\/dt><\/dl><dl class='gallery-item'>\n\t\t\t\t<dt class='gallery-icon portrait'>\n\t\t\t\t\t<a class=\"rollover rollover-zoom dt-pswp-item\" title=\"0995c87e-41e6-46f0-81e9-380485c41502\" data-dt-img-description=\"\" data-large_image_width=\"1447\" data-large_image_height=\"2048\"href='https:\/\/www.radiopiu.net\/wordpress\/wp-content\/uploads\/2020\/07\/0995c87e-41e6-46f0-81e9-380485c41502.jpg'><img loading=\"lazy\" decoding=\"async\" width=\"150\" height=\"150\" src=\"https:\/\/www.radiopiu.net\/wordpress\/wp-content\/uploads\/2020\/07\/0995c87e-41e6-46f0-81e9-380485c41502-150x150.jpg\" class=\"attachment-thumbnail size-thumbnail\" alt=\"\" \/><\/a>\n\t\t\t\t<\/dt><\/dl><dl class='gallery-item'>\n\t\t\t\t<dt class='gallery-icon portrait'>\n\t\t\t\t\t<a class=\"rollover rollover-zoom dt-pswp-item\" title=\"446199a0-ccb6-4daa-88f9-ee34f5a4944a\" data-dt-img-description=\"\" data-large_image_width=\"1080\" data-large_image_height=\"1350\"href='https:\/\/www.radiopiu.net\/wordpress\/wp-content\/uploads\/2020\/07\/446199a0-ccb6-4daa-88f9-ee34f5a4944a.jpg'><img loading=\"lazy\" decoding=\"async\" width=\"150\" height=\"150\" src=\"https:\/\/www.radiopiu.net\/wordpress\/wp-content\/uploads\/2020\/07\/446199a0-ccb6-4daa-88f9-ee34f5a4944a-150x150.jpg\" class=\"attachment-thumbnail size-thumbnail\" alt=\"\" \/><\/a>\n\t\t\t\t<\/dt><\/dl><dl class='gallery-item'>\n\t\t\t\t<dt class='gallery-icon landscape'>\n\t\t\t\t\t<a class=\"rollover rollover-zoom dt-pswp-item\" title=\"94dd24ee-147f-4f92-9abc-864a5a200347\" data-dt-img-description=\"\" data-large_image_width=\"1500\" data-large_image_height=\"1500\"href='https:\/\/www.radiopiu.net\/wordpress\/wp-content\/uploads\/2020\/07\/94dd24ee-147f-4f92-9abc-864a5a200347-1.jpg'><img loading=\"lazy\" decoding=\"async\" width=\"150\" height=\"150\" src=\"https:\/\/www.radiopiu.net\/wordpress\/wp-content\/uploads\/2020\/07\/94dd24ee-147f-4f92-9abc-864a5a200347-1-150x150.jpg\" class=\"attachment-thumbnail size-thumbnail\" alt=\"\" srcset=\"https:\/\/www.radiopiu.net\/wordpress\/wp-content\/uploads\/2020\/07\/94dd24ee-147f-4f92-9abc-864a5a200347-1-150x150.jpg 150w, https:\/\/www.radiopiu.net\/wordpress\/wp-content\/uploads\/2020\/07\/94dd24ee-147f-4f92-9abc-864a5a200347-1-300x300.jpg 300w, https:\/\/www.radiopiu.net\/wordpress\/wp-content\/uploads\/2020\/07\/94dd24ee-147f-4f92-9abc-864a5a200347-1-1024x1024.jpg 1024w, https:\/\/www.radiopiu.net\/wordpress\/wp-content\/uploads\/2020\/07\/94dd24ee-147f-4f92-9abc-864a5a200347-1-768x768.jpg 768w, https:\/\/www.radiopiu.net\/wordpress\/wp-content\/uploads\/2020\/07\/94dd24ee-147f-4f92-9abc-864a5a200347-1.jpg 1500w\" sizes=\"auto, (max-width: 150px) 100vw, 150px\" \/><\/a>\n\t\t\t\t<\/dt><\/dl><br style=\"clear: both\" \/><dl class='gallery-item'>\n\t\t\t\t<dt class='gallery-icon portrait'>\n\t\t\t\t\t<a class=\"rollover rollover-zoom dt-pswp-item\" title=\"4dd872a2-f52d-4a12-9746-816401dfe394\" data-dt-img-description=\"\" data-large_image_width=\"1131\" data-large_image_height=\"1600\"href='https:\/\/www.radiopiu.net\/wordpress\/wp-content\/uploads\/2020\/07\/4dd872a2-f52d-4a12-9746-816401dfe394.jpg'><img loading=\"lazy\" decoding=\"async\" width=\"150\" height=\"150\" src=\"https:\/\/www.radiopiu.net\/wordpress\/wp-content\/uploads\/2020\/07\/4dd872a2-f52d-4a12-9746-816401dfe394-150x150.jpg\" class=\"attachment-thumbnail size-thumbnail\" alt=\"\" \/><\/a>\n\t\t\t\t<\/dt><\/dl><dl class='gallery-item'>\n\t\t\t\t<dt class='gallery-icon portrait'>\n\t\t\t\t\t<a class=\"rollover rollover-zoom dt-pswp-item\" title=\"fb0f2285-210f-4bba-8573-b8ff07a91fa8\" data-dt-img-description=\"\" data-large_image_width=\"726\" data-large_image_height=\"1024\"href='https:\/\/www.radiopiu.net\/wordpress\/wp-content\/uploads\/2020\/07\/fb0f2285-210f-4bba-8573-b8ff07a91fa8.jpg'><img loading=\"lazy\" decoding=\"async\" width=\"150\" height=\"150\" src=\"https:\/\/www.radiopiu.net\/wordpress\/wp-content\/uploads\/2020\/07\/fb0f2285-210f-4bba-8573-b8ff07a91fa8-150x150.jpg\" class=\"attachment-thumbnail size-thumbnail\" alt=\"\" \/><\/a>\n\t\t\t\t<\/dt><\/dl><dl class='gallery-item'>\n\t\t\t\t<dt class='gallery-icon portrait'>\n\t\t\t\t\t<a class=\"rollover rollover-zoom dt-pswp-item\" title=\"andraz-trekking-ok\" data-dt-img-description=\"\" data-large_image_width=\"1810\" data-large_image_height=\"2560\"href='https:\/\/www.radiopiu.net\/wordpress\/wp-content\/uploads\/2020\/07\/andraz-trekking-ok-scaled.jpg'><img loading=\"lazy\" decoding=\"async\" width=\"150\" height=\"150\" src=\"https:\/\/www.radiopiu.net\/wordpress\/wp-content\/uploads\/2020\/07\/andraz-trekking-ok-150x150.jpg\" class=\"attachment-thumbnail size-thumbnail\" alt=\"\" \/><\/a>\n\t\t\t\t<\/dt><\/dl><dl class='gallery-item'>\n\t\t\t\t<dt class='gallery-icon portrait'>\n\t\t\t\t\t<a class=\"rollover rollover-zoom dt-pswp-item\" title=\"Locandina eventi 1 (1)\" data-dt-img-description=\"\" data-large_image_width=\"1414\" data-large_image_height=\"2000\"href='https:\/\/www.radiopiu.net\/wordpress\/wp-content\/uploads\/2020\/07\/Locandina-eventi-1-1.png'><img loading=\"lazy\" decoding=\"async\" width=\"150\" height=\"150\" src=\"https:\/\/www.radiopiu.net\/wordpress\/wp-content\/uploads\/2020\/07\/Locandina-eventi-1-1-150x150.png\" class=\"attachment-thumbnail size-thumbnail\" alt=\"\" \/><\/a>\n\t\t\t\t<\/dt><\/dl><dl class='gallery-item'>\n\t\t\t\t<dt class='gallery-icon portrait'>\n\t\t\t\t\t<a class=\"rollover rollover-zoom dt-pswp-item\" title=\"Gli antichi mestieri\" data-dt-img-description=\"\" data-large_image_width=\"1240\" data-large_image_height=\"1753\"href='https:\/\/www.radiopiu.net\/wordpress\/wp-content\/uploads\/2020\/07\/Gli-antichi-mestieri.jpg'><img loading=\"lazy\" decoding=\"async\" width=\"150\" height=\"150\" src=\"https:\/\/www.radiopiu.net\/wordpress\/wp-content\/uploads\/2020\/07\/Gli-antichi-mestieri-150x150.jpg\" class=\"attachment-thumbnail size-thumbnail\" alt=\"\" \/><\/a>\n\t\t\t\t<\/dt><\/dl><br style=\"clear: both\" \/>\n\t\t\t<\/div>\n\n<div id=\"gallery-15\" class=\"dt-gallery-container gallery galleryid-149333 gallery-columns-3 gallery-size-thumbnail\"><\/div>\n<div>\n<hr \/>\n<\/div>\n<p>&nbsp;<\/p>\n<blockquote class=\"wp-embedded-content\" data-secret=\"VqxFnDSO76\"><p><a href=\"https:\/\/www.radiopiu.net\/wordpress\/il-cadore-del-grande-tiziano-la-piccola-regione-fra-i-monti-di-renato-bona\/\">IL CADORE DEL GRANDE TIZIANO LA PICCOLA REGIONE FRA I MONTI di RENATO BONA<\/a><\/p><\/blockquote>\n<p><iframe loading=\"lazy\" class=\"wp-embedded-content\" sandbox=\"allow-scripts\" security=\"restricted\" style=\"position: absolute; clip: rect(1px, 1px, 1px, 1px);\" title=\"&#8220;IL CADORE DEL GRANDE TIZIANO LA PICCOLA REGIONE FRA I MONTI di RENATO BONA&#8221; &#8212; Radio Pi\u00f9\" src=\"https:\/\/www.radiopiu.net\/wordpress\/il-cadore-del-grande-tiziano-la-piccola-regione-fra-i-monti-di-renato-bona\/embed\/#?secret=VqxFnDSO76\" data-secret=\"VqxFnDSO76\" width=\"600\" height=\"338\" frameborder=\"0\" marginwidth=\"0\" marginheight=\"0\" scrolling=\"no\"><\/iframe><\/p>\n<p>&nbsp;<\/p>\n<hr \/>\n<p>&nbsp;<\/p>\n<div><\/div>\n<div>\n<h2>IERI ALLA RADIO<\/h2>\n<\/div>\n<div><strong><a class=\"dt-pswp-item\" href=\"https:\/\/www.radiopiu.net\/wordpress\/wp-content\/uploads\/2020\/07\/Daniele-Galligani.jpg\" data-dt-img-description=\"\" data-large_image_width=\"2048\" data-large_image_height=\"1362\"><img loading=\"lazy\" decoding=\"async\" class=\" wp-image-149501 alignleft\" src=\"https:\/\/www.radiopiu.net\/wordpress\/wp-content\/uploads\/2020\/07\/Daniele-Galligani-300x200.jpg\" alt=\"\" width=\"209\" height=\"139\" srcset=\"https:\/\/www.radiopiu.net\/wordpress\/wp-content\/uploads\/2020\/07\/Daniele-Galligani-300x200.jpg 300w, https:\/\/www.radiopiu.net\/wordpress\/wp-content\/uploads\/2020\/07\/Daniele-Galligani-1024x681.jpg 1024w, https:\/\/www.radiopiu.net\/wordpress\/wp-content\/uploads\/2020\/07\/Daniele-Galligani-768x511.jpg 768w, https:\/\/www.radiopiu.net\/wordpress\/wp-content\/uploads\/2020\/07\/Daniele-Galligani-1536x1022.jpg 1536w, https:\/\/www.radiopiu.net\/wordpress\/wp-content\/uploads\/2020\/07\/Daniele-Galligani.jpg 2048w\" sizes=\"auto, (max-width: 209px) 100vw, 209px\" \/><\/a>DANIELE GALLIGANI, IL NUOVO PRESIDENTE DI AD AGORDO PROLOCO<\/strong><\/div>\n<div><span style=\"color: #0000ff;\"><strong>DALLA FABBRICA DELLE EMOZIONI IN COLLABORAZIONE CON GIORNALE &amp; CAFFE&#8217; DERSUT DI TAIBON AGORDINO<\/strong><\/span><\/div>\n<div>di claudio Fontanive<\/div>\n<p>&nbsp;<\/p>\n<audio class=\"wp-audio-shortcode\" id=\"audio-149659-17\" preload=\"none\" style=\"width: 100%;\" controls=\"controls\"><source type=\"audio\/mpeg\" src=\"https:\/\/www.radiopiu.net\/wordpress\/wp-content\/uploads\/2020\/07\/daniele-galligani-16-luglio.mp3?_=17\" \/><a href=\"https:\/\/www.radiopiu.net\/wordpress\/wp-content\/uploads\/2020\/07\/daniele-galligani-16-luglio.mp3\">https:\/\/www.radiopiu.net\/wordpress\/wp-content\/uploads\/2020\/07\/daniele-galligani-16-luglio.mp3<\/a><\/audio>\n<p>&nbsp;<\/p>\n<p>&nbsp;<\/p>\n<div>\n<hr \/>\n<\/div>\n<div><\/div>\n<div><\/div>\n<div>\n<p>&nbsp;<\/p>\n<h2>IERI ALLA RADIO<\/h2>\n<blockquote>\n<h3>QUATTRO APPUNTAMENTI CON LA MUSICA DEI NOSTRI MUSICISTI A LONGARONE, OSPITE IL DIRETTORE ARTISTICO MATTEO SQUAIERA.<\/h3>\n<\/blockquote>\n<audio class=\"wp-audio-shortcode\" id=\"audio-149659-18\" preload=\"none\" style=\"width: 100%;\" controls=\"controls\"><source type=\"audio\/mpeg\" src=\"https:\/\/www.radiopiu.net\/wordpress\/wp-content\/uploads\/2020\/07\/MATTEO-SQUAIERA-ven-16-21-e-sabato-11-e-18.mp3?_=18\" \/><a href=\"https:\/\/www.radiopiu.net\/wordpress\/wp-content\/uploads\/2020\/07\/MATTEO-SQUAIERA-ven-16-21-e-sabato-11-e-18.mp3\">https:\/\/www.radiopiu.net\/wordpress\/wp-content\/uploads\/2020\/07\/MATTEO-SQUAIERA-ven-16-21-e-sabato-11-e-18.mp3<\/a><\/audio>\n\n\t\t\t<style type='text\/css'>\n\t\t\t\t#gallery-4 {\n\t\t\t\t\tmargin: auto;\n\t\t\t\t}\n\t\t\t\t#gallery-4 .gallery-item {\n\t\t\t\t\tfloat: left;\n\t\t\t\t\tmargin-top: 10px;\n\t\t\t\t\ttext-align: center;\n\t\t\t\t\twidth: 20%;\n\t\t\t\t}\n\t\t\t\t#gallery-4 img {\n\t\t\t\t\tborder: 2px solid #cfcfcf;\n\t\t\t\t}\n\t\t\t\t#gallery-4 .gallery-caption {\n\t\t\t\t\tmargin-left: 0;\n\t\t\t\t}\n\t\t\t\t\/* see gallery_shortcode() in wp-includes\/media.php *\/\n\t\t\t<\/style>\n\t\t<div id='gallery-4' class='dt-gallery-container gallery galleryid-149659 gallery-columns-5 gallery-size-thumbnail'><dl class='gallery-item'>\n\t\t\t\t<dt class='gallery-icon landscape'>\n\t\t\t\t\t<a class=\"rollover rollover-zoom dt-pswp-item\" title=\"a77dd860-6218-4385-8718-6d81ca9b37cd\" data-dt-img-description=\"\" data-large_image_width=\"1600\" data-large_image_height=\"592\"href='https:\/\/www.radiopiu.net\/wordpress\/wp-content\/uploads\/2020\/07\/a77dd860-6218-4385-8718-6d81ca9b37cd.jpg'><img loading=\"lazy\" decoding=\"async\" width=\"150\" height=\"150\" src=\"https:\/\/www.radiopiu.net\/wordpress\/wp-content\/uploads\/2020\/07\/a77dd860-6218-4385-8718-6d81ca9b37cd-150x150.jpg\" class=\"attachment-thumbnail size-thumbnail\" alt=\"\" \/><\/a>\n\t\t\t\t<\/dt><\/dl><dl class='gallery-item'>\n\t\t\t\t<dt class='gallery-icon landscape'>\n\t\t\t\t\t<a class=\"rollover rollover-zoom dt-pswp-item\" title=\"9e41311b-506a-4d7a-8ba7-658807d3e441\" data-dt-img-description=\"\" data-large_image_width=\"1600\" data-large_image_height=\"1068\"href='https:\/\/www.radiopiu.net\/wordpress\/wp-content\/uploads\/2020\/07\/9e41311b-506a-4d7a-8ba7-658807d3e441.jpg'><img loading=\"lazy\" decoding=\"async\" width=\"150\" height=\"150\" src=\"https:\/\/www.radiopiu.net\/wordpress\/wp-content\/uploads\/2020\/07\/9e41311b-506a-4d7a-8ba7-658807d3e441-150x150.jpg\" class=\"attachment-thumbnail size-thumbnail\" alt=\"\" \/><\/a>\n\t\t\t\t<\/dt><\/dl><dl class='gallery-item'>\n\t\t\t\t<dt class='gallery-icon landscape'>\n\t\t\t\t\t<a class=\"rollover rollover-zoom dt-pswp-item\" title=\"a1577a18-ee51-436f-9626-29f9073fb3dc\" data-dt-img-description=\"\" data-large_image_width=\"1600\" data-large_image_height=\"1600\"href='https:\/\/www.radiopiu.net\/wordpress\/wp-content\/uploads\/2020\/07\/a1577a18-ee51-436f-9626-29f9073fb3dc.jpg'><img loading=\"lazy\" decoding=\"async\" width=\"150\" height=\"150\" src=\"https:\/\/www.radiopiu.net\/wordpress\/wp-content\/uploads\/2020\/07\/a1577a18-ee51-436f-9626-29f9073fb3dc-150x150.jpg\" class=\"attachment-thumbnail size-thumbnail\" alt=\"\" srcset=\"https:\/\/www.radiopiu.net\/wordpress\/wp-content\/uploads\/2020\/07\/a1577a18-ee51-436f-9626-29f9073fb3dc-150x150.jpg 150w, https:\/\/www.radiopiu.net\/wordpress\/wp-content\/uploads\/2020\/07\/a1577a18-ee51-436f-9626-29f9073fb3dc-300x300.jpg 300w, https:\/\/www.radiopiu.net\/wordpress\/wp-content\/uploads\/2020\/07\/a1577a18-ee51-436f-9626-29f9073fb3dc-1024x1024.jpg 1024w, https:\/\/www.radiopiu.net\/wordpress\/wp-content\/uploads\/2020\/07\/a1577a18-ee51-436f-9626-29f9073fb3dc-768x768.jpg 768w, https:\/\/www.radiopiu.net\/wordpress\/wp-content\/uploads\/2020\/07\/a1577a18-ee51-436f-9626-29f9073fb3dc-1536x1536.jpg 1536w, https:\/\/www.radiopiu.net\/wordpress\/wp-content\/uploads\/2020\/07\/a1577a18-ee51-436f-9626-29f9073fb3dc.jpg 1600w\" sizes=\"auto, (max-width: 150px) 100vw, 150px\" \/><\/a>\n\t\t\t\t<\/dt><\/dl><dl class='gallery-item'>\n\t\t\t\t<dt class='gallery-icon landscape'>\n\t\t\t\t\t<a class=\"rollover rollover-zoom dt-pswp-item\" title=\"25786a21-1ec8-4a66-9c18-2cb08d81f68a\" data-dt-img-description=\"\" data-large_image_width=\"1414\" data-large_image_height=\"1323\"href='https:\/\/www.radiopiu.net\/wordpress\/wp-content\/uploads\/2020\/07\/25786a21-1ec8-4a66-9c18-2cb08d81f68a.jpg'><img loading=\"lazy\" decoding=\"async\" width=\"150\" height=\"150\" src=\"https:\/\/www.radiopiu.net\/wordpress\/wp-content\/uploads\/2020\/07\/25786a21-1ec8-4a66-9c18-2cb08d81f68a-150x150.jpg\" class=\"attachment-thumbnail size-thumbnail\" alt=\"\" \/><\/a>\n\t\t\t\t<\/dt><\/dl><dl class='gallery-item'>\n\t\t\t\t<dt class='gallery-icon landscape'>\n\t\t\t\t\t<a class=\"rollover rollover-zoom dt-pswp-item\" title=\"3ec587d5-6dd2-48b6-b5a1-38f5a254e3c2\" data-dt-img-description=\"\" data-large_image_width=\"1600\" data-large_image_height=\"1066\"href='https:\/\/www.radiopiu.net\/wordpress\/wp-content\/uploads\/2020\/07\/3ec587d5-6dd2-48b6-b5a1-38f5a254e3c2.jpg'><img loading=\"lazy\" decoding=\"async\" width=\"150\" height=\"150\" src=\"https:\/\/www.radiopiu.net\/wordpress\/wp-content\/uploads\/2020\/07\/3ec587d5-6dd2-48b6-b5a1-38f5a254e3c2-150x150.jpg\" class=\"attachment-thumbnail size-thumbnail\" alt=\"\" \/><\/a>\n\t\t\t\t<\/dt><\/dl><br style=\"clear: both\" \/>\n\t\t\t<\/div>\n\n<\/div>\n<p>&nbsp;<\/p>\n<hr \/>\n<p>&nbsp;<\/p>\n<h1>IERI ALLA RADIO<\/h1>\n<p><strong>EPCENTER PUNTATA NUMERO 21 CON FRANCESCO ZILLIO<\/strong><\/p>\n<p><iframe loading=\"lazy\" title=\"EPCENTER 21 PUNTATA\" width=\"1200\" height=\"675\" src=\"https:\/\/www.youtube.com\/embed\/CcCBKcmA9OQ?feature=oembed\" frameborder=\"0\" allow=\"accelerometer; autoplay; clipboard-write; encrypted-media; gyroscope; picture-in-picture\" allowfullscreen><\/iframe><\/p>\n<p><strong>TUTTE LE PUNTATE<\/strong><\/p>\n<p>&nbsp;<\/p>\n<blockquote class=\"wp-embedded-content\" data-secret=\"hiaJH1F6YN\"><p><a href=\"https:\/\/www.radiopiu.net\/wordpress\/ep-center-video-gallery\/\">EP CENTER video gallery<\/a><\/p><\/blockquote>\n<p><iframe loading=\"lazy\" class=\"wp-embedded-content\" sandbox=\"allow-scripts\" security=\"restricted\" style=\"position: absolute; clip: rect(1px, 1px, 1px, 1px);\" title=\"&#8220;EP CENTER video gallery&#8221; &#8212; Radio Pi\u00f9\" src=\"https:\/\/www.radiopiu.net\/wordpress\/ep-center-video-gallery\/embed\/#?secret=hiaJH1F6YN\" data-secret=\"hiaJH1F6YN\" width=\"600\" height=\"338\" frameborder=\"0\" marginwidth=\"0\" marginheight=\"0\" scrolling=\"no\"><\/iframe><\/p>\n<p>&nbsp;<\/p>\n<p>&nbsp;<\/p>\n<hr \/>\n<p>&nbsp;<\/p>\n<h2>IERI ALLA RADIO<\/h2>\n<h2><span style=\"color: #ff0000;\">DUE MINUTI UN LIBRO<\/span><\/h2>\n<blockquote class=\"wp-embedded-content\" data-secret=\"k25GKJhIz6\"><p><a href=\"https:\/\/www.radiopiu.net\/wordpress\/i-valori-che-contano\/\">I VALORI CHE CONTANO<\/a><\/p><\/blockquote>\n<p><iframe loading=\"lazy\" class=\"wp-embedded-content\" sandbox=\"allow-scripts\" security=\"restricted\" style=\"position: absolute; clip: rect(1px, 1px, 1px, 1px);\" title=\"&#8220;I VALORI CHE CONTANO&#8221; &#8212; Radio Pi\u00f9\" src=\"https:\/\/www.radiopiu.net\/wordpress\/i-valori-che-contano\/embed\/#?secret=k25GKJhIz6\" data-secret=\"k25GKJhIz6\" width=\"600\" height=\"338\" frameborder=\"0\" marginwidth=\"0\" marginheight=\"0\" scrolling=\"no\"><\/iframe><\/p>\n<p>&nbsp;<\/p>\n<p><strong>LE ALTRE PUNTATE<\/strong><\/p>\n<blockquote class=\"wp-embedded-content\" data-secret=\"SpYBgZBROE\"><p><a href=\"https:\/\/www.radiopiu.net\/wordpress\/due-minuti-un-libro\/\">Due minuti un libro<\/a><\/p><\/blockquote>\n<p><iframe loading=\"lazy\" class=\"wp-embedded-content\" sandbox=\"allow-scripts\" security=\"restricted\" style=\"position: absolute; clip: rect(1px, 1px, 1px, 1px);\" title=\"&#8220;Due minuti un libro&#8221; &#8212; Radio Pi\u00f9\" src=\"https:\/\/www.radiopiu.net\/wordpress\/due-minuti-un-libro\/embed\/#?secret=SpYBgZBROE\" data-secret=\"SpYBgZBROE\" width=\"600\" height=\"338\" frameborder=\"0\" marginwidth=\"0\" marginheight=\"0\" scrolling=\"no\"><\/iframe><\/p>\n<p>&nbsp;<\/p>\n<hr \/>\n<p>&nbsp;<\/p>\n<h2><span style=\"color: #800080;\">IL MESSAGGIO DEI SACERDOTI A RADIO PIU&#8217;<\/span><\/h2>\n<blockquote class=\"wp-embedded-content\" data-secret=\"J5jsSii44z\"><p><a href=\"https:\/\/www.radiopiu.net\/wordpress\/chiesa11\/\">DON CESARE SU RADIO PIU&#8217; ALLE 7.30 E 19.30, PARROCCHIE DI AGORDO, LA VALLE E TAIBON<\/a><\/p><\/blockquote>\n<p><iframe loading=\"lazy\" class=\"wp-embedded-content\" sandbox=\"allow-scripts\" security=\"restricted\" style=\"position: absolute; clip: rect(1px, 1px, 1px, 1px);\" title=\"&#8220;DON CESARE SU RADIO PIU&#8217; ALLE 7.30 E 19.30, PARROCCHIE DI AGORDO, LA VALLE E TAIBON&#8221; &#8212; Radio Pi\u00f9\" src=\"https:\/\/www.radiopiu.net\/wordpress\/chiesa11\/embed\/#?secret=J5jsSii44z\" data-secret=\"J5jsSii44z\" width=\"600\" height=\"338\" frameborder=\"0\" marginwidth=\"0\" marginheight=\"0\" scrolling=\"no\"><\/iframe><\/p>\n<p>&nbsp;<\/p>\n<hr \/>\n<p>&nbsp;<\/p>\n<h2><span style=\"color: #339966;\">AGORDINOMERON&#8230;LA RACCOLTA<\/span><\/h2>\n<blockquote class=\"wp-embedded-content\" data-secret=\"8uIG3bO9Bk\"><p><a href=\"https:\/\/www.radiopiu.net\/wordpress\/agordinomeron\/\">AGORDINOMERON, IL TERRITORIO SI RACCONTA Da un&#8217;idea di Gianni Santomaso<\/a><\/p><\/blockquote>\n<p><iframe loading=\"lazy\" class=\"wp-embedded-content\" sandbox=\"allow-scripts\" security=\"restricted\" style=\"position: absolute; clip: rect(1px, 1px, 1px, 1px);\" title=\"&#8220;AGORDINOMERON, IL TERRITORIO SI RACCONTA Da un&#8217;idea di Gianni Santomaso&#8221; &#8212; Radio Pi\u00f9\" src=\"https:\/\/www.radiopiu.net\/wordpress\/agordinomeron\/embed\/#?secret=8uIG3bO9Bk\" data-secret=\"8uIG3bO9Bk\" width=\"600\" height=\"338\" frameborder=\"0\" marginwidth=\"0\" marginheight=\"0\" scrolling=\"no\"><\/iframe><\/p>\n<p>&nbsp;<\/p>\n<hr \/>\n<p>&nbsp;<\/p>\n<h2><span style=\"color: #3366ff;\">I RACCONTI DI PAOLO SOPPELSA&#8230;LA RACCOLTA<\/span><\/h2>\n<blockquote class=\"wp-embedded-content\" data-secret=\"A3yxA50zJG\"><p><a href=\"https:\/\/www.radiopiu.net\/wordpress\/i-racconti-di-paolo-soppelsa\/\">I racconti di Paolo Soppelsa<\/a><\/p><\/blockquote>\n<p><iframe loading=\"lazy\" class=\"wp-embedded-content\" sandbox=\"allow-scripts\" security=\"restricted\" style=\"position: absolute; clip: rect(1px, 1px, 1px, 1px);\" title=\"&#8220;I racconti di Paolo Soppelsa&#8221; &#8212; Radio Pi\u00f9\" src=\"https:\/\/www.radiopiu.net\/wordpress\/i-racconti-di-paolo-soppelsa\/embed\/#?secret=A3yxA50zJG\" data-secret=\"A3yxA50zJG\" width=\"600\" height=\"338\" frameborder=\"0\" marginwidth=\"0\" marginheight=\"0\" scrolling=\"no\"><\/iframe><\/p>\n<hr \/>\n<p>&nbsp;<\/p>\n<h2><span style=\"color: #cc99ff;\">ZAINO DA VIAGGIO AL FEMMINILE DI PAOLA LANCIATO<\/span><\/h2>\n<p>&nbsp;<\/p>\n<blockquote class=\"wp-embedded-content\" data-secret=\"Ef3W5RBpw5\"><p><a href=\"https:\/\/www.radiopiu.net\/wordpress\/zaino-femminile-lanciato\/\">Zaino da viaggio al femminile<\/a><\/p><\/blockquote>\n<p><iframe loading=\"lazy\" class=\"wp-embedded-content\" sandbox=\"allow-scripts\" security=\"restricted\" style=\"position: absolute; clip: rect(1px, 1px, 1px, 1px);\" title=\"&#8220;Zaino da viaggio al femminile&#8221; &#8212; Radio Pi\u00f9\" src=\"https:\/\/www.radiopiu.net\/wordpress\/zaino-femminile-lanciato\/embed\/#?secret=Ef3W5RBpw5\" data-secret=\"Ef3W5RBpw5\" width=\"600\" height=\"338\" frameborder=\"0\" marginwidth=\"0\" marginheight=\"0\" scrolling=\"no\"><\/iframe><\/p>\n<p>&nbsp;<\/p>\n<hr \/>\n<p>&nbsp;<\/p>\n<p><strong class=\"photoswipe-wrapper\"><a class=\"dt-pswp-item pspw-wrap-ready\" href=\"https:\/\/i0.wp.com\/www.radiopiu.net\/wordpress\/wp-content\/uploads\/2018\/09\/viabilita.jpeg?ssl=1\" data-dt-img-description=\"\" data-large_image_width=\"800\" data-large_image_height=\"100\"><img loading=\"lazy\" decoding=\"async\" class=\"aligncenter wp-image-61954 size-full jetpack-lazy-image jetpack-lazy-image--handled\" src=\"https:\/\/i0.wp.com\/www.radiopiu.net\/wordpress\/wp-content\/uploads\/2018\/09\/viabilita.jpeg?resize=800%2C100&amp;ssl=1\" sizes=\"auto, (max-width: 800px) 100vw, 800px\" srcset=\"https:\/\/i0.wp.com\/www.radiopiu.net\/wordpress\/wp-content\/uploads\/2018\/09\/viabilita.jpeg?w=800&amp;ssl=1 800w, https:\/\/i0.wp.com\/www.radiopiu.net\/wordpress\/wp-content\/uploads\/2018\/09\/viabilita.jpeg?resize=300%2C38&amp;ssl=1 300w, https:\/\/i0.wp.com\/www.radiopiu.net\/wordpress\/wp-content\/uploads\/2018\/09\/viabilita.jpeg?resize=768%2C96&amp;ssl=1 768w\" alt=\"\" width=\"800\" height=\"100\" data-lazy-loaded=\"1\" \/><\/a><\/strong><\/p>\n<p>&nbsp;<\/p>\n<p>SELVA DI CADORE \u00a0FINO AL 7 AGOSTO DALLE 7 ALLE 18 \u00a0E DAL 24 AGOSTO AL 15 SETTEMBRE SEMPRE DALLE 7 ALLE 18 (FESTIVI E PRE FESTIVI ESCLUSI) SENSO UNICO ALTERNATO CON MOVIERI O SEMAFORO IN LOCALIT\u00c0 SOLATOR. DAL CHILOMETRO 4.400 AL CHILOMETRO 5.100<\/p>\n<p>PROVINCIALE 3 VALLE IMPERINA, DAL 13 AL 17 LUGLIO SENSO UNICO IN PROSSIMITA\u2019 DI GOSALDO<\/p>\n<p>REGIONALE 48 DELLE DOLOMITI DAL 13 AL 30 LUGLIO SENSO UNICO IN LOCALITA\u2019 LIVINE\u2019 DI LIVINALLONGO<\/p>\n<p>PROVINCIALE 563 DI SALESEI, LOCALITA\u2019 DIGONERA. SENSO UNICO ALTERNATO REGOLATO DA IMPIANTO SEMAFORICO FINO AL 15 LUGLIO PER MESSA IN SICUREZZA DEL PIANO VIABILE<\/p>\n<p>SP 251 FINO AL 31 LUGLIO TRA PESCUL E SELVA DI CADORE SENSO UNICO ALTERNATO REGOLATO DA SEMAFORO, ESCLUSI SABATO E DOMENICA PER POSA FIBRE OTTICHE<\/p>\n<p>PROVINCIALE 3 VALLE IMPERINA, LOCALITA\u2019 CORDE MOLE: DAL 6 LUGLIO DALLE 8 ALLE 11.45 E DALLE 13.30 ALLE 17.30 (SABATO E DOMENICA ESCLUSI) INTERRUZIONI ALLA VIABILITA\u2019 FINO A 30 MINUTI PER TAGLIO PIANTE TRA LE LOCALITA\u2019 CORDE MOLE E VALLESIN<\/p>\n<p>PROVINCIALE 641 DI PASSO FEDAIA, FINO AL 31 LUGLIO (FESTIVI E PREFESTIVI ECLUSI) SENSO UNICO IN LOCALIT\u00c0 ROCCA PIETORE PER SOSTITUZIONI BARRIERE LATERALI<\/p>\n<p>PROVINCIALE 25 PASSO VALLES FINO AL 18 LUGLIO (FESTIVI ESCLUSI) SENSO UNICO ALERNATO CON SEMAFORO O MOVIERI PER ESBOSCO<\/p>\n<p>FINO AL 24 LUGLIO SABATO E DOMENICA COMPRESI LUNGO LA 641 DI PASSO FEDAIA IN LOCALIT\u00e0 CAPANNA BILL E COL DI ROCCA, SENSO UNICO ALTERNATO CON SEMAFORO<\/p>\n<p>STRADA REGIONALE 203 AGORDINA TRA PERON E CANDATEN, FINO 31 LUGLIO ESCLUSI SABATI E DOMENICHE, DALLE 7:30 ALLE 9 E E DALLE 16:30 ALLE 18 SENSO UNICO ALTERNATO REGOLATO DA MOVIERI. NEGLI ALTRI ORARI SENSO UNICO ALTERNATO REGOLATO DA SEMAFORO PER INTERRAMENTO CAVIDOTTO E-DISTRIBUZIONE<\/p>\n<p>PROVINCIALE 25 PASSO VALLES FINO AL 18 LUGLIO (FESTIVI ESCLUSI) SENSO UNICO ALERNATO CON SEMAFORO O MOVIERI PER ESBOSCO<\/p>\n<p>STRADA REGIONALE 48 DELLE DOLOMITI, A CORTINA IN LOCALITA\u2019 POCOL, SENSO UNICO ALTERNATO REGOLATO DA IMPIANTO SEMAFORICO \u00a0DAL 6 AL 24 LUGLIO, ESCLUSI SABATI E DOMENICHE, PER POSA CAVIDOTTO E-DISTRIBUZIONE<\/p>\n<p>STRADA PROVINCIALE 30 PANORAMICA DEL COMELICO, FINO\u00a0 AL 31 LUGLIO INTERDIZIONE TOTALE ALLA VIABILITA\u2019 TRA COSTA E COSTALISSOIO PER MESSA IN SICUREZZA STRADA<\/p>\n<p>STRADA PROVINCIALE 619 DI VIGO DI CADORE, FINO\u00a0 AL 7 AGOSTO, ESCLUSI SABATI E DOMENICHE, SENSO UNICO ALTERNATO REGOLATO DA IMPIANTO SEMAFORICO O MOVIERI PER MESSA IN SICUREZZA DELLA STRADA<\/p>\n<p>STRADA PROVINCIALE 473 DI CROCE D\u2019AUNE, DAL 9 AL 17 LUGLIO, SABATI E DOMENICHE ESCLUSE, SALTUARIA ISTITUZIONE DI SENSO UNICO ALTERNATO REGOLATO DA MOVIERI IN LOCALIT\u00e0 GORNA DI SOVRAMONTE PER LAVORI DI CONSOLIDAMENTO CIGLIO STRADALE<\/p>\n<p>STRADA PROVINCIALE 641 DEL PASSO FEDAIA, NEL COMUNE DI ROCCA PIETORE, DAL 15 AL 22 LUGLIO, SABATI E DOMENICHE ESCLUSE, SENSO UNICO ALTERNATO REGOLATO DA IMPIANTO SEMAFORICO PER POSA CAVIDOTTO ELETTRICO<\/p>\n<p>&nbsp;<\/p>\n<hr \/>\n<p>&nbsp;<\/p>\n<h2><em><strong>COMUNICAZIONE ISTITUZIONALE \u2013 APP IMMUNI<\/strong><\/em><\/h2>\n<p><iframe loading=\"lazy\" title=\"Immuni App 30\" width=\"1200\" height=\"675\" src=\"https:\/\/www.youtube.com\/embed\/-XG48J62814?feature=oembed\" frameborder=\"0\" allow=\"accelerometer; autoplay; clipboard-write; encrypted-media; gyroscope; picture-in-picture\" allowfullscreen><\/iframe><\/p>\n<p>&nbsp;<\/p>\n<hr \/>\n<p>&nbsp;<\/p>\n<p class=\"photoswipe-wrapper\"><a class=\"dt-pswp-item pspw-wrap-ready\" href=\"https:\/\/i0.wp.com\/www.radiopiu.net\/wordpress\/wp-content\/uploads\/2018\/09\/WhatsApp-Image-2018-09-20-at-16.04.06.jpeg?ssl=1\" data-dt-img-description=\"\" data-large_image_width=\"800\" data-large_image_height=\"100\"><img loading=\"lazy\" decoding=\"async\" class=\"aligncenter wp-image-61378 size-full jetpack-lazy-image jetpack-lazy-image--handled\" src=\"https:\/\/i0.wp.com\/www.radiopiu.net\/wordpress\/wp-content\/uploads\/2018\/09\/WhatsApp-Image-2018-09-20-at-16.04.06.jpeg?resize=800%2C100&amp;ssl=1\" sizes=\"auto, (max-width: 800px) 100vw, 800px\" srcset=\"https:\/\/i0.wp.com\/www.radiopiu.net\/wordpress\/wp-content\/uploads\/2018\/09\/WhatsApp-Image-2018-09-20-at-16.04.06.jpeg?w=800&amp;ssl=1 800w, https:\/\/i0.wp.com\/www.radiopiu.net\/wordpress\/wp-content\/uploads\/2018\/09\/WhatsApp-Image-2018-09-20-at-16.04.06.jpeg?resize=300%2C38&amp;ssl=1 300w, https:\/\/i0.wp.com\/www.radiopiu.net\/wordpress\/wp-content\/uploads\/2018\/09\/WhatsApp-Image-2018-09-20-at-16.04.06.jpeg?resize=768%2C96&amp;ssl=1 768w\" alt=\"\" width=\"800\" height=\"100\" data-lazy-loaded=\"1\" \/><\/a><\/p>\n<p>&nbsp;<\/p>\n<p><center><b>Venerdi 17<\/b><\/center><b>Tempo atteso:\u00a0<\/b>Cielo ancora molto nuvoloso con probabili fenomeni tra la notte e il primo mattino, poi rasserenamenti sulle Dolomiti, mentre la nuvolosit\u00e0 rimarr\u00e0 un po&#8217; pi\u00f9 presente sulle Prealpi, anche se con schiarite. Tra le ore centrali e il tardo pomeriggio riduzione del soleggiamento per attivit\u00e0 cumuliforme, irregolare e contenuta sulle Dolomiti, pi\u00f9 significativa sulle Prealpi, dove potrebbe essere associata a qualche fenomeno. Alla sera generale miglioramento in estensione dalle Dolomiti alle Prealpi. Clima un po&#8217; fresco, eccetto nelle valli pi\u00f9 assolate.<br \/>\n<b>Precipitazioni:\u00a0<\/b>Durante la notte sulle Prealpi probabilit\u00e0 media (50\/60%) e contenuta sulle Dolomiti (30\/40%) per piogge, anche a carattere di rovescio. Un po&#8217; di neve cadr\u00e0 oltre i 2800 m in caso di rovesci notturni. Al mattino pressoch\u00e9 assenti sulle Dolomiti (10%) e probabili residui piovaschi sulle Prealpi (20\/30%). Al pomeriggio probabilit\u00e0 bassa sulle Dolomiti (10\/20%) e media sulle Prealpi (50\/60%) per rovesci e locali temporali.<br \/>\n<b>Temperature:\u00a0<\/b>Minime in lieve aumento nelle valli e in calo in quota; massime in lieve diminuzione, salvo stazionariet\u00e0 nelle valli dolomitiche pi\u00f9 assolate. Sono previste punte di 22\/23\u00b0C nei fondovalle e 16\/20\u00b0C a 1000\/1200 m. Su Prealpi a 1500 m min 10\u00b0C max 12\u00b0C, a 2000 m min 7\u00b0C max 9\u00b0C. Su Dolomiti a 2000 m min 6\u00b0C max 10\u00b0C, a 3000 m min -1\u00b0C max 1\u00b0C.<br \/>\n<b>Venti:\u00a0<\/b>Nelle valli perlopi\u00f9 deboli di direzione variabile; in quota deboli\/moderati da nord-ovest a 5-10 km\/h a 2000 m e 15-25 km\/h a 3000 m.<\/p>\n<hr \/>\n<p><center><b>Sabato 18<\/b><\/center><b>Tempo atteso:\u00a0<\/b>Giornata pi\u00f9 soleggiata rispetto a quelle precedenti con cielo generalmente sereno al mattino, salvo residui banchi di nubi medio-alte. Al pomeriggio modesta attivit\u00e0 cumuliforme sulle Dolomiti, localmente moderata sulle Prealpi, dove non si potr\u00e0 escludere qualche eventuale breve e locale fenomeno. Clima molto fresco al mattino, mentre il sole mitigher\u00e0 i valori diurni.<br \/>\n<b>Precipitazioni:\u00a0<\/b>Al mattino assenti (0%). Al pomeriggio ancora assenti sulle Dolomiti, mentre non saranno da escludere locali piovaschi sulle Prealpi (10\/20%).<br \/>\n<b>Temperature:\u00a0<\/b>Minime in generale diminuzione e massime in lieve ripresa grazie al maggiore soleggiamento, anche se nella libera atmosfera lo zero termico si abbasser\u00e0 ulteriormente, prima di risalire al pomeriggio. Su Prealpi a 1500 m min 8\u00b0C max 13\u00b0C, a 2000 m min 5\u00b0C max 10\u00b0C. Su Dolomiti a 2000 m min 4\u00b0C max 11\u00b0C, a 3000 m min -2\u00b0C max 2\u00b0C.<br \/>\n<b>Venti:\u00a0<\/b>Nelle valli deboli per brezze, localmente e a tratti anche moderati; in quota deboli\/moderati da nord nord-ovest a 5-15 km\/h a 2000 m e 15-25 km\/h a 3000 m.<\/p>\n<hr \/>\n<p><center><b>Domenica 19<\/b><\/center>Giornata ben soleggiata con cielo sereno e aria tersa al mattino. Nel corso del pomeriggio si svilupper\u00e0 una modesta attivit\u00e0 cumuliforme ma il tempo rimarr\u00e0 stabile. Temperature in aumento, specie le massime che saranno di nuovo di stampo estivo.<\/p>\n<hr \/>\n<p><center><b>Lunedi 20<\/b><\/center>Giornata ben soleggiata con cielo sereno e aria tersa al mattino. Nel corso del pomeriggio sviluppo di una modesta attivit\u00e0 cumuliforme, localmente moderata forte alla sera sulle Dolomiti, dove vi sar\u00e0 una lieve insidia per qualche isolato temporale di calore. Temperature in ulteriore aumento, specie le massime che saranno sempre pi\u00f9 estive. Previsore: R.L.Th.<\/p>\n<p>&nbsp;<\/p>\n<p>&nbsp;<\/p>\n<hr \/>\n<p>&nbsp;<\/p>\n<p><a class=\"dt-pswp-item\" href=\"https:\/\/www.radiopiu.net\/wordpress\/wp-content\/uploads\/2018\/09\/sport.jpg\" data-dt-img-description=\"\" data-large_image_width=\"800\" data-large_image_height=\"100\"><img loading=\"lazy\" decoding=\"async\" class=\"aligncenter wp-image-60761 size-full\" src=\"https:\/\/www.radiopiu.net\/wordpress\/wp-content\/uploads\/2018\/09\/sport.jpg\" alt=\"\" width=\"800\" height=\"100\" srcset=\"https:\/\/www.radiopiu.net\/wordpress\/wp-content\/uploads\/2018\/09\/sport.jpg 800w, https:\/\/www.radiopiu.net\/wordpress\/wp-content\/uploads\/2018\/09\/sport-300x38.jpg 300w, https:\/\/www.radiopiu.net\/wordpress\/wp-content\/uploads\/2018\/09\/sport-768x96.jpg 768w\" sizes=\"auto, (max-width: 800px) 100vw, 800px\" \/><\/a><\/p>\n<p>&nbsp;<\/p>\n<h3><a class=\"dt-pswp-item\" href=\"https:\/\/www.radiopiu.net\/wordpress\/wp-content\/uploads\/2020\/07\/FerrariCS3-FotoFlavioCasoni.jpg\" data-dt-img-description=\"\" data-large_image_width=\"1100\" data-large_image_height=\"733\"><img loading=\"lazy\" decoding=\"async\" class=\"size-medium wp-image-149819 alignleft\" src=\"https:\/\/www.radiopiu.net\/wordpress\/wp-content\/uploads\/2020\/07\/FerrariCS3-FotoFlavioCasoni-300x200.jpg\" alt=\"\" width=\"300\" height=\"200\" srcset=\"https:\/\/www.radiopiu.net\/wordpress\/wp-content\/uploads\/2020\/07\/FerrariCS3-FotoFlavioCasoni-300x200.jpg 300w, https:\/\/www.radiopiu.net\/wordpress\/wp-content\/uploads\/2020\/07\/FerrariCS3-FotoFlavioCasoni-1024x682.jpg 1024w, https:\/\/www.radiopiu.net\/wordpress\/wp-content\/uploads\/2020\/07\/FerrariCS3-FotoFlavioCasoni-768x512.jpg 768w, https:\/\/www.radiopiu.net\/wordpress\/wp-content\/uploads\/2020\/07\/FerrariCS3-FotoFlavioCasoni.jpg 1100w\" sizes=\"auto, (max-width: 300px) 100vw, 300px\" \/><\/a>ALPE DEL NEVEGAL, L&#8217;EVENTO SIMBOLO DELLA PARTENZA DELLO SPORT IN PROVINCIA<\/h3>\n<p><strong>di Roberto Bona\u00a0<\/strong><\/p>\n<audio class=\"wp-audio-shortcode\" id=\"audio-149659-19\" preload=\"none\" style=\"width: 100%;\" controls=\"controls\"><source type=\"audio\/mpeg\" src=\"https:\/\/www.radiopiu.net\/wordpress\/wp-content\/uploads\/2020\/07\/ROBERTO-BONA-ALPE-NEVEGAL.mp3?_=19\" \/><a href=\"https:\/\/www.radiopiu.net\/wordpress\/wp-content\/uploads\/2020\/07\/ROBERTO-BONA-ALPE-NEVEGAL.mp3\">https:\/\/www.radiopiu.net\/wordpress\/wp-content\/uploads\/2020\/07\/ROBERTO-BONA-ALPE-NEVEGAL.mp3<\/a><\/audio>\n","protected":false},"excerpt":{"rendered":"<p>PER RICEVERE QUESTO NOTIZIARIO DIRETTAMENTE SUL TUO CELLULARE ISCRIVITI AL CANALE TELEGRAM\u00a0\u201cRADIO PIU\u00a0 INFORMAZIONE ATTENZIONE: LA NUOVA APP PER IOS-IPHONE https:\/\/apps.apple.com\/it\/app\/radio-pi%C3%B9-emittente-agordina\/id1515939845 ATTENZIONE: LA NUOVA APP RADIO\u00a0 PER ANDROID https:\/\/play.google.com\/store\/apps\/details?id=net.radiopiu.iniko &nbsp; &nbsp; PROVINCIALE 473 CROCE D&#8217;AUNE: IL 20 LUGLIO INTERDIZIONE TOTALE DALLE 9 ALLE 11 TRA PONTE OLTRA E SORRIVA &nbsp; BENVENUTI TRA LE DOLOMITI ANCHE&hellip;<\/p>\n","protected":false},"author":4,"featured_media":149839,"comment_status":"closed","ping_status":"closed","sticky":false,"template":"","format":"standard","meta":{"_monsterinsights_skip_tracking":false,"_monsterinsights_sitenote_active":false,"_monsterinsights_sitenote_note":"","_monsterinsights_sitenote_category":0,"footnotes":""},"categories":[1,86,49],"tags":[],"class_list":["post-149659","post","type-post","status-publish","format-standard","has-post-thumbnail","hentry","category-senza-categoria","category-gr","category-news-18","category-1","category-86","category-49","description-off"],"img_url":"https:\/\/www.radiopiu.net\/wordpress\/wp-content\/uploads\/2020\/07\/Incidente-Busche-2.jpg","_links":{"self":[{"href":"https:\/\/www.radiopiu.net\/wordpress\/wp-json\/wp\/v2\/posts\/149659","targetHints":{"allow":["GET"]}}],"collection":[{"href":"https:\/\/www.radiopiu.net\/wordpress\/wp-json\/wp\/v2\/posts"}],"about":[{"href":"https:\/\/www.radiopiu.net\/wordpress\/wp-json\/wp\/v2\/types\/post"}],"author":[{"embeddable":true,"href":"https:\/\/www.radiopiu.net\/wordpress\/wp-json\/wp\/v2\/users\/4"}],"replies":[{"embeddable":true,"href":"https:\/\/www.radiopiu.net\/wordpress\/wp-json\/wp\/v2\/comments?post=149659"}],"version-history":[{"count":0,"href":"https:\/\/www.radiopiu.net\/wordpress\/wp-json\/wp\/v2\/posts\/149659\/revisions"}],"wp:featuredmedia":[{"embeddable":true,"href":"https:\/\/www.radiopiu.net\/wordpress\/wp-json\/wp\/v2\/media\/149839"}],"wp:attachment":[{"href":"https:\/\/www.radiopiu.net\/wordpress\/wp-json\/wp\/v2\/media?parent=149659"}],"wp:term":[{"taxonomy":"category","embeddable":true,"href":"https:\/\/www.radiopiu.net\/wordpress\/wp-json\/wp\/v2\/categories?post=149659"},{"taxonomy":"post_tag","embeddable":true,"href":"https:\/\/www.radiopiu.net\/wordpress\/wp-json\/wp\/v2\/tags?post=149659"}],"curies":[{"name":"wp","href":"https:\/\/api.w.org\/{rel}","templated":true}]}}