{"id":149704,"date":"2020-07-18T06:31:53","date_gmt":"2020-07-18T04:31:53","guid":{"rendered":"https:\/\/www.radiopiu.net\/wordpress\/?p=149704"},"modified":"2020-07-18T06:41:28","modified_gmt":"2020-07-18T04:41:28","slug":"via-aivata-nel-cantiere-dimenticato-si-aggiunge-la-fessurazione-del-muro-di-contenimento","status":"publish","type":"post","link":"https:\/\/www.radiopiu.net\/wordpress\/via-aivata-nel-cantiere-dimenticato-si-aggiunge-la-fessurazione-del-muro-di-contenimento\/","title":{"rendered":"VIA AIVATA, NEL CANTIERE DIMENTICATO SI AGGIUNGE LA FESSURAZIONE DEL MURO DI CONTENIMENTO"},"content":{"rendered":"<p><strong>di Mirko Mezzacasa<\/strong><\/p>\n<p><strong><a class=\"dt-pswp-item\" href=\"https:\/\/www.radiopiu.net\/wordpress\/wp-content\/uploads\/2020\/07\/0737ba82-42f5-4ae0-980e-6ec5e66ea471.jpg\" data-dt-img-description=\"\" data-large_image_width=\"1600\" data-large_image_height=\"1200\"><img loading=\"lazy\" decoding=\"async\" class=\"size-medium wp-image-149722 alignleft\" src=\"https:\/\/www.radiopiu.net\/wordpress\/wp-content\/uploads\/2020\/07\/0737ba82-42f5-4ae0-980e-6ec5e66ea471-300x225.jpg\" alt=\"\" width=\"300\" height=\"225\" srcset=\"https:\/\/www.radiopiu.net\/wordpress\/wp-content\/uploads\/2020\/07\/0737ba82-42f5-4ae0-980e-6ec5e66ea471-300x225.jpg 300w, https:\/\/www.radiopiu.net\/wordpress\/wp-content\/uploads\/2020\/07\/0737ba82-42f5-4ae0-980e-6ec5e66ea471-1024x768.jpg 1024w, https:\/\/www.radiopiu.net\/wordpress\/wp-content\/uploads\/2020\/07\/0737ba82-42f5-4ae0-980e-6ec5e66ea471-768x576.jpg 768w, https:\/\/www.radiopiu.net\/wordpress\/wp-content\/uploads\/2020\/07\/0737ba82-42f5-4ae0-980e-6ec5e66ea471-1536x1152.jpg 1536w, https:\/\/www.radiopiu.net\/wordpress\/wp-content\/uploads\/2020\/07\/0737ba82-42f5-4ae0-980e-6ec5e66ea471.jpg 1600w\" sizes=\"auto, (max-width: 300px) 100vw, 300px\" \/><\/a>TAIBON<\/strong> Gi\u00e0 lo scorso anno avevamo segnalato il grave problema in via Aivata, la strada comunale che dalla regionale 203 agordina (da Agordo) permette l&#8217;ingresso al paese di Taibon. Due anni fa il Cordevole ha creato gravi danni oltre l&#8217;opera di arginatura che ha fatto &#8220;cilecca&#8221;. Per due anni nessuno si \u00e8 interessato, per la verit\u00e0, la zona in frana \u00e8 stata coperta con dei tendoni verdi quasi a nascondere la magagna, diventati nella stagione calda il nido ideale per vipere, bisce e altre specie di animali. Dunque gli argini non hanno retto, il Cordevole ha scalzato il terreno dietro le opera di difesa cos\u00ec come in prossimit\u00e0 del Municipio di Taibon ed a Nogarola. Ma in via Aivata non \u00e8 stato mosso un dito per risolvere il problema. Ora gli enti competenti non potranno pi\u00f9\u00a0 fare a finta di nulla, il grande muraglione in sinistra orografica si \u00e8 fessurato orizzontalmente, ora a rischio c&#8217;\u00e8 la viabilit\u00e0 comunale, la sovrastante strada regionale 203 agordina e le abitazioni che insistono lungo la via. Il problema \u00e8 stato portato all&#8217;attenzione del consiglio comunale di Taibon dal sindaco Silvia Tormen<\/p>\n<p>&nbsp;<\/p>\n\n\t\t\t<style type='text\/css'>\n\t\t\t\t#gallery-1 {\n\t\t\t\t\tmargin: auto;\n\t\t\t\t}\n\t\t\t\t#gallery-1 .gallery-item {\n\t\t\t\t\tfloat: left;\n\t\t\t\t\tmargin-top: 10px;\n\t\t\t\t\ttext-align: center;\n\t\t\t\t\twidth: 25%;\n\t\t\t\t}\n\t\t\t\t#gallery-1 img {\n\t\t\t\t\tborder: 2px solid #cfcfcf;\n\t\t\t\t}\n\t\t\t\t#gallery-1 .gallery-caption {\n\t\t\t\t\tmargin-left: 0;\n\t\t\t\t}\n\t\t\t\t\/* see gallery_shortcode() in wp-includes\/media.php *\/\n\t\t\t<\/style>\n\t\t<div id='gallery-1' class='dt-gallery-container gallery galleryid-149704 gallery-columns-4 gallery-size-thumbnail'><dl class='gallery-item'>\n\t\t\t\t<dt class='gallery-icon landscape'>\n\t\t\t\t\t<a class=\"rollover rollover-zoom dt-pswp-item\" title=\"5c6d9919-bbdc-49e5-b2fb-d16082d312a7\" data-dt-img-description=\"\" data-large_image_width=\"1599\" data-large_image_height=\"1200\"href='https:\/\/www.radiopiu.net\/wordpress\/wp-content\/uploads\/2020\/07\/5c6d9919-bbdc-49e5-b2fb-d16082d312a7.jpg'><img loading=\"lazy\" decoding=\"async\" width=\"150\" height=\"150\" src=\"https:\/\/www.radiopiu.net\/wordpress\/wp-content\/uploads\/2020\/07\/5c6d9919-bbdc-49e5-b2fb-d16082d312a7-150x150.jpg\" class=\"attachment-thumbnail size-thumbnail\" alt=\"\" \/><\/a>\n\t\t\t\t<\/dt><\/dl><dl class='gallery-item'>\n\t\t\t\t<dt class='gallery-icon landscape'>\n\t\t\t\t\t<a class=\"rollover rollover-zoom dt-pswp-item\" title=\"2e151f33-067b-4a4f-a254-4305f9cbb7cd\" data-dt-img-description=\"\" data-large_image_width=\"1599\" data-large_image_height=\"1200\"href='https:\/\/www.radiopiu.net\/wordpress\/wp-content\/uploads\/2020\/07\/2e151f33-067b-4a4f-a254-4305f9cbb7cd.jpg'><img loading=\"lazy\" decoding=\"async\" width=\"150\" height=\"150\" src=\"https:\/\/www.radiopiu.net\/wordpress\/wp-content\/uploads\/2020\/07\/2e151f33-067b-4a4f-a254-4305f9cbb7cd-150x150.jpg\" class=\"attachment-thumbnail size-thumbnail\" alt=\"\" \/><\/a>\n\t\t\t\t<\/dt><\/dl><dl class='gallery-item'>\n\t\t\t\t<dt class='gallery-icon landscape'>\n\t\t\t\t\t<a class=\"rollover rollover-zoom dt-pswp-item\" title=\"e6ba8804-8d8f-4092-ac9f-2758b4dd6b3c\" data-dt-img-description=\"\" data-large_image_width=\"1600\" data-large_image_height=\"1200\"href='https:\/\/www.radiopiu.net\/wordpress\/wp-content\/uploads\/2020\/07\/e6ba8804-8d8f-4092-ac9f-2758b4dd6b3c.jpg'><img loading=\"lazy\" decoding=\"async\" width=\"150\" height=\"150\" src=\"https:\/\/www.radiopiu.net\/wordpress\/wp-content\/uploads\/2020\/07\/e6ba8804-8d8f-4092-ac9f-2758b4dd6b3c-150x150.jpg\" class=\"attachment-thumbnail size-thumbnail\" alt=\"\" \/><\/a>\n\t\t\t\t<\/dt><\/dl><dl class='gallery-item'>\n\t\t\t\t<dt class='gallery-icon landscape'>\n\t\t\t\t\t<a class=\"rollover rollover-zoom dt-pswp-item\" title=\"f22ff44e-db11-4fea-9454-58c8993ae273\" data-dt-img-description=\"\" data-large_image_width=\"1600\" data-large_image_height=\"1200\"href='https:\/\/www.radiopiu.net\/wordpress\/wp-content\/uploads\/2020\/07\/f22ff44e-db11-4fea-9454-58c8993ae273.jpg'><img loading=\"lazy\" decoding=\"async\" width=\"150\" height=\"150\" src=\"https:\/\/www.radiopiu.net\/wordpress\/wp-content\/uploads\/2020\/07\/f22ff44e-db11-4fea-9454-58c8993ae273-150x150.jpg\" class=\"attachment-thumbnail size-thumbnail\" alt=\"\" \/><\/a>\n\t\t\t\t<\/dt><\/dl><br style=\"clear: both\" \/>\n\t\t\t<\/div>\n\n<p>&nbsp;<\/p>\n<p><strong>AUDIO sindaco Silvia Tormen 15 luglio 2020<\/strong><\/p>\n<audio class=\"wp-audio-shortcode\" id=\"audio-149704-1\" preload=\"none\" style=\"width: 100%;\" controls=\"controls\"><source type=\"audio\/mpeg\" src=\"https:\/\/www.radiopiu.net\/wordpress\/wp-content\/uploads\/2020\/07\/SILVIA-AIVATA.mp3?_=1\" \/><a href=\"https:\/\/www.radiopiu.net\/wordpress\/wp-content\/uploads\/2020\/07\/SILVIA-AIVATA.mp3\">https:\/\/www.radiopiu.net\/wordpress\/wp-content\/uploads\/2020\/07\/SILVIA-AIVATA.mp3<\/a><\/audio>\n<p>&nbsp;<\/p>\n<p>Gi\u00e0 lo scorso anno il sindaco aveva messo in evidenza il problema dopo la denuncia pubblica di Radio Pi\u00f9 <em>&#8220;Non so a che punto sia con i lavori e i progetti il Genio Civile\u00a0 -aveva detto il sindaco Tormen &#8211; sar\u00e0 nostra cura prendere contatti e ricordare in quali situazioni si trova il corso del torrente Cordevole. Noi abbiamo comunque segnalato nella nostra ricognizione post-vaia quali sono le problematiche del Comune. La segnalazione fatta da Radio Pi\u00f9 era corretta come da noi ricordato alla Regione indicando peraltro una priorit\u00e0 alta e immaginando che l&#8217;intervento potesse essere realizzato e terminato entro la scorsa estate. La nostra indicazione era di buon senso.&#8221;<\/em> Il consigliere di minoranza Franco Benvegn\u00f9 \u00e8 intervenuto per un&#8217;altra zona a rischio<em>.\u00abCredo sia urgente intervenire sulle difese spondali lungo il Tegnas a Forno Val\u00bb, ha detto. <\/em>La risposta del sindaco<em>: &#8220;Abbiamo incontrato il direttore regionale Nicola Dell&#8217;Acqua, gli abbiamo detto che quello \u00e8 a nostro avviso prioritario rispetto a quello sulla destra orografica della valle di San Lucano. A causa di Vaia, a Forno Val sono state evacuate 50 persone\u00bb. <\/em>Infine l&#8217;invito di Benvegn\u00f9 <em>&#8220;Invece che andare a prendere le pietre ad Asiago, composte da massa terrigena che non dura tanto, le imprese prendano i massi delle cave locali\u00bb.\u00a0<\/em><\/p>\n<p><strong>IL VIDEO DELL&#8217;ATTUALE SITUAZIONE IN VIA AIVATA 16 luglio 2020<\/strong><\/p>\n<p><iframe loading=\"lazy\" title=\"TAIBON AIVATA\" width=\"1200\" height=\"675\" src=\"https:\/\/www.youtube.com\/embed\/Ih8oINKWM_U?feature=oembed\" frameborder=\"0\" allow=\"accelerometer; autoplay; clipboard-write; encrypted-media; gyroscope; picture-in-picture\" allowfullscreen><\/iframe><\/p>\n<p>______________________________________________________________________<\/p>\n<p>&nbsp;<\/p>\n<p>&nbsp;<\/p>\n<blockquote>\n<h3>ARCHIVIO RADIO PIU, NOTIZIARIO DEL 31 OTTOBRE 2019<\/h3>\n<\/blockquote>\n<p><strong>I CANTIERI DIMENTICATI, LA MINACCIA PER VIA AIVATA ED ABITAZIONI SOPRA STRADA<\/strong><\/p>\n<p><strong><a class=\"dt-pswp-item\" href=\"http:\/\/www.radiopiu.net\/wordpress\/wp-content\/uploads\/2019\/10\/d6eaad0d-e0e4-4024-93f9-0ddb3c37566a.jpg\" data-dt-img-description=\"\" data-large_image_width=\"1599\" data-large_image_height=\"1200\"><img loading=\"lazy\" decoding=\"async\" class=\"alignleft wp-image-104554\" src=\"http:\/\/www.radiopiu.net\/wordpress\/wp-content\/uploads\/2019\/10\/d6eaad0d-e0e4-4024-93f9-0ddb3c37566a-300x225.jpg\" alt=\"\" width=\"191\" height=\"144\" srcset=\"https:\/\/www.radiopiu.net\/wordpress\/wp-content\/uploads\/2019\/10\/d6eaad0d-e0e4-4024-93f9-0ddb3c37566a-300x225.jpg 300w, https:\/\/www.radiopiu.net\/wordpress\/wp-content\/uploads\/2019\/10\/d6eaad0d-e0e4-4024-93f9-0ddb3c37566a-768x576.jpg 768w, https:\/\/www.radiopiu.net\/wordpress\/wp-content\/uploads\/2019\/10\/d6eaad0d-e0e4-4024-93f9-0ddb3c37566a-1024x768.jpg 1024w, https:\/\/www.radiopiu.net\/wordpress\/wp-content\/uploads\/2019\/10\/d6eaad0d-e0e4-4024-93f9-0ddb3c37566a.jpg 1599w\" sizes=\"auto, (max-width: 191px) 100vw, 191px\" \/><\/a>TAIBON<\/strong> Completamente dimenticato, neanche una carriola di materiale, eppure di ghiaia dai torrenti ne \u00e8 stata tolta tanta. L&#8217;unica soluzione ingegneristica un grande telo verde probabilmente con lo scopo di far scivolare l&#8217;acqua poco sotto, perch\u00e9 il telo non copre l&#8217;intera scarpata ma solo una minima parte. Sotto il telo verde il versante in frana, sotto il versante in frana un grande buco, al di l\u00e0 del buco l&#8217;argine in cemento che non \u00e8 collassato con la furia del torrente Cordevole (dove incontra il Tegnas in arrivo dalla Valle di San Lucano), ma ha &#8220;fatto acqua&#8221; nel senso che il Cordevole lo ha raggirato creando il fosso e originando la frana fino in cima alla scarpata a pochi centimetri dalla strada comunale Aivata. Che il pericolo sia evidente l&#8217;autorit\u00e0 competente lo sa, non a caso ha delimitato la zona peraltro al limite con la passeggiata oltre il guard rail, con dei paletti di ferro <strong><a class=\"dt-pswp-item\" href=\"http:\/\/www.radiopiu.net\/wordpress\/wp-content\/uploads\/2019\/10\/4cd87bea-9d24-4bdd-9a60-8673b977dce2.jpg\" data-dt-img-description=\"\" data-large_image_width=\"1599\" data-large_image_height=\"1200\"><img loading=\"lazy\" decoding=\"async\" class=\"wp-image-104553 alignright\" src=\"http:\/\/www.radiopiu.net\/wordpress\/wp-content\/uploads\/2019\/10\/4cd87bea-9d24-4bdd-9a60-8673b977dce2-300x225.jpg\" alt=\"\" width=\"191\" height=\"143\" srcset=\"https:\/\/www.radiopiu.net\/wordpress\/wp-content\/uploads\/2019\/10\/4cd87bea-9d24-4bdd-9a60-8673b977dce2-300x225.jpg 300w, https:\/\/www.radiopiu.net\/wordpress\/wp-content\/uploads\/2019\/10\/4cd87bea-9d24-4bdd-9a60-8673b977dce2-768x576.jpg 768w, https:\/\/www.radiopiu.net\/wordpress\/wp-content\/uploads\/2019\/10\/4cd87bea-9d24-4bdd-9a60-8673b977dce2-1024x768.jpg 1024w, https:\/\/www.radiopiu.net\/wordpress\/wp-content\/uploads\/2019\/10\/4cd87bea-9d24-4bdd-9a60-8673b977dce2.jpg 1599w\" sizes=\"auto, (max-width: 191px) 100vw, 191px\" \/><\/a><\/strong>instabili e una cordicella con la speranza che la curiosit\u00e0 del bambino non vada al di l\u00e0. Da sotto, o meglio da poco sopra il corso d&#8217;acqua, quella frana crea antipatia cos\u00ec come la panacea del telone verde militare che ben s&#8217;adatta all&#8217;ambiente, soprattutto nasconde la magagna. Siamo certi che il Comune non ha competenza sugli argini devastati o sui versanti collassati, ma siamo altrettanto certi che una letterina a chi di competenza non ultimo il Prefetto. visto il pericolo incombente. potrebbe dare una spinta per la risoluzione del problema. Non mancano i precedenti, nel 1966 all&#8217;inizio di via Aivata il Cordevole si port\u00f2 via la casa del maestro Mario Buttol, tutta intera come la costruzione di Roni al Mas di Sedico e poich\u00e9 l&#8217;acqua ha memoria c&#8217;\u00e8 chi durante i nubifragi arriccia il naso per nascondere le paure. Per capire meglio la situazione siamo stati sul posto del &#8220;cantiere dimenticato&#8221;. (MM)<\/p>\n<h3><strong>TAIBON<\/strong> Auspicavamo un intervento del primo cittadino a margine del nostro servizio, eccolo puntuale alla radio. Edizione delle 10<\/h3>\n<p><strong>SILVIA TORMEN, AUDIO 31 ottobre 2019\u00a0<\/strong><\/p>\n<audio class=\"wp-audio-shortcode\" id=\"audio-149704-2\" preload=\"none\" style=\"width: 100%;\" controls=\"controls\"><source type=\"audio\/mpeg\" src=\"http:\/\/www.radiopiu.net\/wordpress\/wp-content\/uploads\/2019\/10\/SILVIA-INTERO.mp3?_=2\" \/><a href=\"http:\/\/www.radiopiu.net\/wordpress\/wp-content\/uploads\/2019\/10\/SILVIA-INTERO.mp3\">http:\/\/www.radiopiu.net\/wordpress\/wp-content\/uploads\/2019\/10\/SILVIA-INTERO.mp3<\/a><\/audio>\n<h2><span style=\"color: #ff0000;\">IL VIDEO 31ottobre 2019<\/span><\/h2>\n<p><iframe loading=\"lazy\" title=\"WhatsApp Video 2019 10 30 at 12 55 04\" width=\"1200\" height=\"675\" src=\"https:\/\/www.youtube.com\/embed\/vZUAEmww7NM?feature=oembed\" frameborder=\"0\" allow=\"accelerometer; autoplay; clipboard-write; encrypted-media; gyroscope; picture-in-picture\" allowfullscreen><\/iframe><\/p>\n<p>&nbsp;<\/p>\n<p>&nbsp;<\/p>\n<p>&nbsp;<\/p>\n","protected":false},"excerpt":{"rendered":"<p>di Mirko Mezzacasa TAIBON Gi\u00e0 lo scorso anno avevamo segnalato il grave problema in via Aivata, la strada comunale che dalla regionale 203 agordina (da Agordo) permette l&#8217;ingresso al paese di Taibon. Due anni fa il Cordevole ha creato gravi danni oltre l&#8217;opera di arginatura che ha fatto &#8220;cilecca&#8221;. Per due anni nessuno si \u00e8&hellip;<\/p>\n","protected":false},"author":1,"featured_media":149719,"comment_status":"closed","ping_status":"closed","sticky":false,"template":"","format":"standard","meta":{"_monsterinsights_skip_tracking":false,"_monsterinsights_sitenote_active":false,"_monsterinsights_sitenote_note":"","_monsterinsights_sitenote_category":0,"footnotes":""},"categories":[49],"tags":[],"class_list":["post-149704","post","type-post","status-publish","format-standard","has-post-thumbnail","hentry","category-news-18","category-49","description-off"],"img_url":"https:\/\/www.radiopiu.net\/wordpress\/wp-content\/uploads\/2020\/07\/f22ff44e-db11-4fea-9454-58c8993ae273.jpg","_links":{"self":[{"href":"https:\/\/www.radiopiu.net\/wordpress\/wp-json\/wp\/v2\/posts\/149704","targetHints":{"allow":["GET"]}}],"collection":[{"href":"https:\/\/www.radiopiu.net\/wordpress\/wp-json\/wp\/v2\/posts"}],"about":[{"href":"https:\/\/www.radiopiu.net\/wordpress\/wp-json\/wp\/v2\/types\/post"}],"author":[{"embeddable":true,"href":"https:\/\/www.radiopiu.net\/wordpress\/wp-json\/wp\/v2\/users\/1"}],"replies":[{"embeddable":true,"href":"https:\/\/www.radiopiu.net\/wordpress\/wp-json\/wp\/v2\/comments?post=149704"}],"version-history":[{"count":0,"href":"https:\/\/www.radiopiu.net\/wordpress\/wp-json\/wp\/v2\/posts\/149704\/revisions"}],"wp:featuredmedia":[{"embeddable":true,"href":"https:\/\/www.radiopiu.net\/wordpress\/wp-json\/wp\/v2\/media\/149719"}],"wp:attachment":[{"href":"https:\/\/www.radiopiu.net\/wordpress\/wp-json\/wp\/v2\/media?parent=149704"}],"wp:term":[{"taxonomy":"category","embeddable":true,"href":"https:\/\/www.radiopiu.net\/wordpress\/wp-json\/wp\/v2\/categories?post=149704"},{"taxonomy":"post_tag","embeddable":true,"href":"https:\/\/www.radiopiu.net\/wordpress\/wp-json\/wp\/v2\/tags?post=149704"}],"curies":[{"name":"wp","href":"https:\/\/api.w.org\/{rel}","templated":true}]}}