{"id":149715,"date":"2020-07-17T06:30:58","date_gmt":"2020-07-17T04:30:58","guid":{"rendered":"https:\/\/www.radiopiu.net\/wordpress\/?p=149715"},"modified":"2020-07-17T08:37:15","modified_gmt":"2020-07-17T06:37:15","slug":"dalla-prossima-settimana-a-pieno-regime","status":"publish","type":"post","link":"https:\/\/www.radiopiu.net\/wordpress\/dalla-prossima-settimana-a-pieno-regime\/","title":{"rendered":"DALLA PROSSIMA SETTIMANA A PIENO REGIME, CONFERMATO IL PACCO SPESA"},"content":{"rendered":"<p>&nbsp;<\/p>\n<p><strong><img loading=\"lazy\" decoding=\"async\" class=\"alignleft\" src=\"https:\/\/www.radiopiu.net\/wordpress\/wp-content\/uploads\/2020\/03\/NOVITA-LUXOTTICA.jpg\" width=\"235\" height=\"132\" \/>AGORDO<\/strong> Consueto incontro settimanale tra Azienda (Schinetti, Sist, De Castro) e organizzazioni sindacali (Piras, Paoloni Salvatoni) per la verifica delle tematiche alla luce della ultime novit\u00e0, la cassa integrazione \u00e8 infatti in scadenza domani come da accordo del 18 giugno. Sono stati condivisi alcuni dati relativi al periodo di cassa integrazione e trend di mercato. Azienda e sindacati confermano la piena ripresa produttiva dalla prossima settimana con la cessazione del ricorso agli ammortizzatori sociali post covid19. La situazione sar\u00e0 costantemente monitorata in base all&#8217;evolversi dell&#8217;emergenza pandemica a livello globale e possibili impatti su Luxottica per garantire comunque la massima sicurezza delle persone e supportare la ripresa produttiva e commerciale dell&#8217;azienda a garanzia della piena occupazione.<\/p>\n<blockquote>\n<h3>IL CARRELLO DELLA SPESA CI SARA&#8217; ANCHE QUEST&#8217;ANNO<\/h3>\n<\/blockquote>\n<p><strong>AGORDO<\/strong> Anche quest&#8217;anno i dipendenti Luxottica potranno godere del pacco spesa come ormai succede da diversi anni. Entro il 31 luglio ognuno potr\u00e0 perfezionare la sua richiesta scegliendo i prodotti in rete con le proprie credenziali. Un&#8217;operazione welfare Luxottica di sostegno al reddito.<\/p>\n<p>&nbsp;<\/p>\n<p>&nbsp;<\/p>\n<blockquote>\n<h3>LUXOTTICA: DA LUNEDI PROBLEMA PARCHEGGI CON LA RIPRESA TOTALE<\/h3>\n<\/blockquote>\n<p><strong><img decoding=\"async\" src=\"https:\/\/www.radiopiu.net\/wordpress\/wp-content\/uploads\/2017\/03\/PARCHEGGI-LUX-4.jpg\" \/>AGORDO<\/strong> La commissione trasporti Luxottica riporta all&#8217;attenzione il tema parcheggi presumendo nuovi disagi a partire gi\u00e0 da lunedi per chi si recher\u00e0 al lavoro con mezzi propri perch\u00e9 mancano ancora alcune linee di trasporto pubblico e che evidentemente andranno ad incrementare il traffico negli orari di punta. <em>&#8220;Lunedi lo stabilimento con il termine della cassa integrazione &#8211; ricorda la commissione trasporti &#8211; torner\u00e0 a pieno regime ma sul fronte parcheggi ci sono ancora problemi irrisolti. In questi mesi ci siamo confrontati con la direzione aziendale e Dolomitibus in varie occasioni per chiedere il completo ripristino dei servizi di trasporto pubblico collettivo sospesi con l&#8217;inizio dell&#8217;epidemia. Sono tornate attive tutte le linee nell&#8217;orario 8-17, da Belluno, Feltre per i turni diurni, la linea del Primiero solo per il turno pomeridiano. Non sono state mai riattivate, neppure parzialmente, la linea da Falcade e la navetta da Agordo&#8221;.\u00a0<\/em><\/p>\n<blockquote><p>Per quanto riguarda i parcheggi: i lavori di sistemazione e ampliamento sono stati posticipati. Per questo la commissione trasporti ha proposto all&#8217;azienda (incaricata dei lavori) quanto chiede da anni: un ampliamento per l&#8217;estate dell&#8217;area destinata a biciclette e moto, oggi insufficiente. <em>&#8220;Al riguardo &#8211; dice la commissione &#8211; abbiamo presentato ipotesi concrete di veloce realizzazione e a costo zero. Luxottica non si \u00e8 ancora pronunciata riservandosi di valutare le proposte ma senza anticipare scadenze per un&#8217;eventuale realizzazione&#8221;<\/em><\/p><\/blockquote>\n<p>&nbsp;<\/p>\n<p>&nbsp;<\/p>\n","protected":false},"excerpt":{"rendered":"<p>&nbsp; AGORDO Consueto incontro settimanale tra Azienda (Schinetti, Sist, De Castro) e organizzazioni sindacali (Piras, Paoloni Salvatoni) per la verifica delle tematiche alla luce della ultime novit\u00e0, la cassa integrazione \u00e8 infatti in scadenza domani come da accordo del 18 giugno. Sono stati condivisi alcuni dati relativi al periodo di cassa integrazione e trend di&hellip;<\/p>\n","protected":false},"author":1,"featured_media":124025,"comment_status":"closed","ping_status":"closed","sticky":false,"template":"","format":"standard","meta":{"_monsterinsights_skip_tracking":false,"_monsterinsights_sitenote_active":false,"_monsterinsights_sitenote_note":"","_monsterinsights_sitenote_category":0,"footnotes":""},"categories":[49],"tags":[],"class_list":["post-149715","post","type-post","status-publish","format-standard","has-post-thumbnail","hentry","category-news-18","category-49","description-off"],"img_url":"https:\/\/www.radiopiu.net\/wordpress\/wp-content\/uploads\/2020\/03\/NOVITA-LUXOTTICA.jpg","_links":{"self":[{"href":"https:\/\/www.radiopiu.net\/wordpress\/wp-json\/wp\/v2\/posts\/149715","targetHints":{"allow":["GET"]}}],"collection":[{"href":"https:\/\/www.radiopiu.net\/wordpress\/wp-json\/wp\/v2\/posts"}],"about":[{"href":"https:\/\/www.radiopiu.net\/wordpress\/wp-json\/wp\/v2\/types\/post"}],"author":[{"embeddable":true,"href":"https:\/\/www.radiopiu.net\/wordpress\/wp-json\/wp\/v2\/users\/1"}],"replies":[{"embeddable":true,"href":"https:\/\/www.radiopiu.net\/wordpress\/wp-json\/wp\/v2\/comments?post=149715"}],"version-history":[{"count":0,"href":"https:\/\/www.radiopiu.net\/wordpress\/wp-json\/wp\/v2\/posts\/149715\/revisions"}],"wp:featuredmedia":[{"embeddable":true,"href":"https:\/\/www.radiopiu.net\/wordpress\/wp-json\/wp\/v2\/media\/124025"}],"wp:attachment":[{"href":"https:\/\/www.radiopiu.net\/wordpress\/wp-json\/wp\/v2\/media?parent=149715"}],"wp:term":[{"taxonomy":"category","embeddable":true,"href":"https:\/\/www.radiopiu.net\/wordpress\/wp-json\/wp\/v2\/categories?post=149715"},{"taxonomy":"post_tag","embeddable":true,"href":"https:\/\/www.radiopiu.net\/wordpress\/wp-json\/wp\/v2\/tags?post=149715"}],"curies":[{"name":"wp","href":"https:\/\/api.w.org\/{rel}","templated":true}]}}