{"id":149756,"date":"2020-07-16T23:59:48","date_gmt":"2020-07-16T21:59:48","guid":{"rendered":"https:\/\/www.radiopiu.net\/wordpress\/?p=149756"},"modified":"2020-07-16T15:42:47","modified_gmt":"2020-07-16T13:42:47","slug":"il-cadore-del-grande-tiziano-la-piccola-regione-fra-i-monti-di-renato-bona","status":"publish","type":"post","link":"https:\/\/www.radiopiu.net\/wordpress\/il-cadore-del-grande-tiziano-la-piccola-regione-fra-i-monti-di-renato-bona\/","title":{"rendered":"IL CADORE DEL GRANDE TIZIANO LA PICCOLA REGIONE FRA I MONTI di RENATO BONA"},"content":{"rendered":"<p>Archiviate le tappe agordine, ben volentieri riprendiamo il nostro \u201cviaggio\u201d fra i comuni della provincia, \u201cguidati\u201d dal pregevole volume \u201cBelluno e provincia nelle vecchie cartoline\u201d che il Lions club bellunese ha propiziato, la \u201cCanova\u201d di Treviso ha editato, le Officine grafiche Longo &amp; Zoppelli, pure trevigane, hanno stampato (nel dicembre del 1975) e gli storici Giovanni Fabbiani e Giuseppe Sorge hanno scritto dopo aver selezionato centocinquantasette vecchie cartoline. Ci siamo dunque trasferiti in Cadore, in quella che Fabbiani-Sorge definiscono all\u2019epoca \u201cUna piccola regione (oggi 23 comuni, circa 43 mila abitanti) chiusa fra i monti\u201d. Per arrivarci \u2013 scrivono \u2013 da sud c\u2019\u00e8 tutto il \u2018canale\u2019 da Longarone in su, per la via del nord tutto il \u2018canale\u2019 della Rienza, da Dobbiaco a Cortina d\u2019Ampezzo, o da S. Candido per Sesto e Monte Croce a Padola; da est si pu\u00f2 giungere per il Passo della Mauria: \u2018canali\u2019 profondi con pendici boscose o passi alti e nevosi per parecchi mesi. Aggiungono che \u201cUna strada al tempo dei romani doveva esserci per il passaggio di uomini e merci da Venezia per la Germania, per Cortina e Cimabanche. Poi la Magnifica Comunit\u00e0 di Cadore prescrisse ai comuni l\u2019apertura e la manutenzione di strade tra comune e comune. Nel 1806 Napoleone ordin\u00f2 la costruzione di una strada da Vittorio Veneto al Cadore, ma l\u2019esecuzione la cur\u00f2 solo l\u2019Austria per ragioni militari dal 1823 al 1839. Cos\u00ec il Cadore usc\u00ec dal suo isolamento. Il suo nome per\u00f2 risuonava nel mondo perch\u00e9 Tiziano si firmava Tiziano \u2018da Cador\u2019 e le sue opere erano desiderate dai potenti della terra\u201d. Opportunamente i due autori ricordano che \u201cNaturalmente il Cadore chiedeva alla pianura veneta alimenti e merci che non poteva avere dalla sua terra e pot\u00e9 poi rifarsi della notevole spesa, mandando verso il piano e specialmente a Venezia, il suo pregiatissimo legname che il Piave facilmente trasportava\u201d. La prima immagine cadorina che viene proposta dal libro che non ci stancheremo di definire pregevole, ha per titolo \u201cPerarolo\u201d accompagnato da questa dicitura: \u201cPerarolo fu un tempo il maggior centro cadorino per il commercio del legname. A destra, in fondo, vi era il \u2018cidolo\u2019 sul Piave, a sinistra l\u2019altro sul Boite. Sotto ai due colli che nascondono il paese di Dam\u00f2s, sono le prime due rampe della Cavallera\u201d. Segue \u201cPieve di Cadore. Rovine del Castello\u201d e in proposito si spiega che \u201cDell\u2019antico Castello di Pieve di Cadore, roccaforte dei Cadorini, gi\u00e0 nel 1865 non rimanevano che i ruderi, come testimonia questa cartolina\u201d. Ed ecco \u201cLa casa di Tiziano\u201d con la dicitura: \u201cLa casa aveva avuto aggiunto sul davanti un avancorpo. Ora l\u2019aggiunta \u00e8 stata tolta ed \u00e8 stato rifatto il poggiolo in legno com\u2019era nel 1700. La fontana \u00e8 quella che stava ove ora \u00e8 il monumento a Tiziano, tolta questa, ora \u00e8 stata ricollocata l\u2019antica fontana con la statua di S. Giovanni Nepomuceno. Dietro la casa di Tiziano il palazzo Sampieri, poi Vallenzasca poi De Pluri, oggi Policardi\u201d. Si prosegue col titolo \u201cLa piazza Tiziano\u201d e la seguente dicitura: \u201cNel 1812 non era ancora stata sopraelevata la casa Jacobi, ora Cassa di Risparmio. Non era stato nemmeno alzato il palazzo della Comunit\u00e0. Nella cartolina si vede ancora la gradinata della Casa Genova, detta il \u2018Cas\u00f2n\u2019, ora della Banca Cattolica. Nel mezzo della piazza sorge il monumento a Tiziano, opera dello scultore Dal Zotto. I passanti sono rari; accanto al monumento \u00e8 stata allestita una bancarella\u201d. Tocca ora al titolo \u201cLa chiesa arcidiaconale\u201d, accostato alla foto panoramica con dicitura: \u201cSi sta ornando la facciata della chiesa arcidiaconale. La chiesa \u00e8 stata costruita dal 1761 al 1813, ma solo nel 1876 si termin\u00f2 la facciata e per questa lungaggine i cadorini alle cose mai finite dicevano assomigliassero alla chiesa di S. Maria, quella di Pieve. La nuova facciata \u00e8 del Miglioranza, l\u2019affresco \u00e8 di Goffredo Sommavilla di Belluno. A destra anche la torre della Magnifica Comunit\u00e0 \u00e8 in riparazione, sta mettendo i merli ghibellini in luogo della piramide di punta, simile a quella del campanile\u201d. L\u2019ultima immagine che proponiamo oggi porta il titolo: \u201cSport invernali sul Tr\u00e0nego\u201d e questa breve dicitura: \u201cLa neve costituiva, gi\u00e0 all\u2019inizio del secolo, una attrattiva. I primi sciatori sulle pendici del Tr\u00e0nego: a destra Pozzale\u201d.<\/p>\n\n\t\t\t<style type='text\/css'>\n\t\t\t\t#gallery-1 {\n\t\t\t\t\tmargin: auto;\n\t\t\t\t}\n\t\t\t\t#gallery-1 .gallery-item {\n\t\t\t\t\tfloat: left;\n\t\t\t\t\tmargin-top: 10px;\n\t\t\t\t\ttext-align: center;\n\t\t\t\t\twidth: 33%;\n\t\t\t\t}\n\t\t\t\t#gallery-1 img {\n\t\t\t\t\tborder: 2px solid #cfcfcf;\n\t\t\t\t}\n\t\t\t\t#gallery-1 .gallery-caption {\n\t\t\t\t\tmargin-left: 0;\n\t\t\t\t}\n\t\t\t\t\/* see gallery_shortcode() in wp-includes\/media.php *\/\n\t\t\t<\/style>\n\t\t<div id='gallery-1' class='dt-gallery-container gallery galleryid-149756 gallery-columns-3 gallery-size-thumbnail'><dl class='gallery-item'>\n\t\t\t\t<dt class='gallery-icon landscape'>\n\t\t\t\t\t<a class=\"rollover rollover-zoom dt-pswp-item\" title=\"110171930_3113063165396691_1759227987389201623_n\" data-dt-img-description=\"\" data-large_image_width=\"2048\" data-large_image_height=\"1286\"href='https:\/\/www.radiopiu.net\/wordpress\/wp-content\/uploads\/2020\/07\/110171930_3113063165396691_1759227987389201623_n.jpg'><img loading=\"lazy\" decoding=\"async\" width=\"150\" height=\"150\" src=\"https:\/\/www.radiopiu.net\/wordpress\/wp-content\/uploads\/2020\/07\/110171930_3113063165396691_1759227987389201623_n-150x150.jpg\" class=\"attachment-thumbnail size-thumbnail\" alt=\"\" \/><\/a>\n\t\t\t\t<\/dt><\/dl><dl class='gallery-item'>\n\t\t\t\t<dt class='gallery-icon landscape'>\n\t\t\t\t\t<a class=\"rollover rollover-zoom dt-pswp-item\" title=\"110347990_3159300774109205_5263745722518563546_n\" data-dt-img-description=\"\" data-large_image_width=\"2048\" data-large_image_height=\"1382\"href='https:\/\/www.radiopiu.net\/wordpress\/wp-content\/uploads\/2020\/07\/110347990_3159300774109205_5263745722518563546_n.jpg'><img loading=\"lazy\" decoding=\"async\" width=\"150\" height=\"150\" src=\"https:\/\/www.radiopiu.net\/wordpress\/wp-content\/uploads\/2020\/07\/110347990_3159300774109205_5263745722518563546_n-150x150.jpg\" class=\"attachment-thumbnail size-thumbnail\" alt=\"\" \/><\/a>\n\t\t\t\t<\/dt><\/dl><dl class='gallery-item'>\n\t\t\t\t<dt class='gallery-icon landscape'>\n\t\t\t\t\t<a class=\"rollover rollover-zoom dt-pswp-item\" title=\"109727998_659836718220792_2265082377287841617_n\" data-dt-img-description=\"\" data-large_image_width=\"2048\" data-large_image_height=\"1254\"href='https:\/\/www.radiopiu.net\/wordpress\/wp-content\/uploads\/2020\/07\/109727998_659836718220792_2265082377287841617_n.jpg'><img loading=\"lazy\" decoding=\"async\" width=\"150\" height=\"150\" src=\"https:\/\/www.radiopiu.net\/wordpress\/wp-content\/uploads\/2020\/07\/109727998_659836718220792_2265082377287841617_n-150x150.jpg\" class=\"attachment-thumbnail size-thumbnail\" alt=\"\" \/><\/a>\n\t\t\t\t<\/dt><\/dl><br style=\"clear: both\" \/><dl class='gallery-item'>\n\t\t\t\t<dt class='gallery-icon landscape'>\n\t\t\t\t\t<a class=\"rollover rollover-zoom dt-pswp-item\" title=\"109797959_623386821865826_7212925443787383656_n\" data-dt-img-description=\"\" data-large_image_width=\"2048\" data-large_image_height=\"1299\"href='https:\/\/www.radiopiu.net\/wordpress\/wp-content\/uploads\/2020\/07\/109797959_623386821865826_7212925443787383656_n.jpg'><img loading=\"lazy\" decoding=\"async\" width=\"150\" height=\"150\" src=\"https:\/\/www.radiopiu.net\/wordpress\/wp-content\/uploads\/2020\/07\/109797959_623386821865826_7212925443787383656_n-150x150.jpg\" class=\"attachment-thumbnail size-thumbnail\" alt=\"\" \/><\/a>\n\t\t\t\t<\/dt><\/dl><dl class='gallery-item'>\n\t\t\t\t<dt class='gallery-icon landscape'>\n\t\t\t\t\t<a class=\"rollover rollover-zoom dt-pswp-item\" title=\"109116561_379437743025680_5894792468148074421_n\" data-dt-img-description=\"\" data-large_image_width=\"2048\" data-large_image_height=\"1309\"href='https:\/\/www.radiopiu.net\/wordpress\/wp-content\/uploads\/2020\/07\/109116561_379437743025680_5894792468148074421_n.jpg'><img loading=\"lazy\" decoding=\"async\" width=\"150\" height=\"150\" src=\"https:\/\/www.radiopiu.net\/wordpress\/wp-content\/uploads\/2020\/07\/109116561_379437743025680_5894792468148074421_n-150x150.jpg\" class=\"attachment-thumbnail size-thumbnail\" alt=\"\" \/><\/a>\n\t\t\t\t<\/dt><\/dl><dl class='gallery-item'>\n\t\t\t\t<dt class='gallery-icon landscape'>\n\t\t\t\t\t<a class=\"rollover rollover-zoom dt-pswp-item\" title=\"108851938_682760358946644_4892302688189611463_n\" data-dt-img-description=\"\" data-large_image_width=\"2048\" data-large_image_height=\"1289\"href='https:\/\/www.radiopiu.net\/wordpress\/wp-content\/uploads\/2020\/07\/108851938_682760358946644_4892302688189611463_n.jpg'><img loading=\"lazy\" decoding=\"async\" width=\"150\" height=\"150\" src=\"https:\/\/www.radiopiu.net\/wordpress\/wp-content\/uploads\/2020\/07\/108851938_682760358946644_4892302688189611463_n-150x150.jpg\" class=\"attachment-thumbnail size-thumbnail\" alt=\"\" \/><\/a>\n\t\t\t\t<\/dt><\/dl><br style=\"clear: both\" \/>\n\t\t\t<\/div>\n\n","protected":false},"excerpt":{"rendered":"<p>Archiviate le tappe agordine, ben volentieri riprendiamo il nostro \u201cviaggio\u201d fra i comuni della provincia, \u201cguidati\u201d dal pregevole volume \u201cBelluno e provincia nelle vecchie cartoline\u201d che il Lions club bellunese ha propiziato, la \u201cCanova\u201d di Treviso ha editato, le Officine grafiche Longo &amp; Zoppelli, pure trevigane, hanno stampato (nel dicembre del 1975) e gli storici&hellip;<\/p>\n","protected":false},"author":1,"featured_media":149762,"comment_status":"closed","ping_status":"closed","sticky":false,"template":"","format":"standard","meta":{"_monsterinsights_skip_tracking":false,"_monsterinsights_sitenote_active":false,"_monsterinsights_sitenote_note":"","_monsterinsights_sitenote_category":0,"footnotes":""},"categories":[49],"tags":[],"class_list":["post-149756","post","type-post","status-publish","format-standard","has-post-thumbnail","hentry","category-news-18","category-49","description-off"],"img_url":"https:\/\/www.radiopiu.net\/wordpress\/wp-content\/uploads\/2020\/07\/108851938_682760358946644_4892302688189611463_n.jpg","_links":{"self":[{"href":"https:\/\/www.radiopiu.net\/wordpress\/wp-json\/wp\/v2\/posts\/149756","targetHints":{"allow":["GET"]}}],"collection":[{"href":"https:\/\/www.radiopiu.net\/wordpress\/wp-json\/wp\/v2\/posts"}],"about":[{"href":"https:\/\/www.radiopiu.net\/wordpress\/wp-json\/wp\/v2\/types\/post"}],"author":[{"embeddable":true,"href":"https:\/\/www.radiopiu.net\/wordpress\/wp-json\/wp\/v2\/users\/1"}],"replies":[{"embeddable":true,"href":"https:\/\/www.radiopiu.net\/wordpress\/wp-json\/wp\/v2\/comments?post=149756"}],"version-history":[{"count":0,"href":"https:\/\/www.radiopiu.net\/wordpress\/wp-json\/wp\/v2\/posts\/149756\/revisions"}],"wp:featuredmedia":[{"embeddable":true,"href":"https:\/\/www.radiopiu.net\/wordpress\/wp-json\/wp\/v2\/media\/149762"}],"wp:attachment":[{"href":"https:\/\/www.radiopiu.net\/wordpress\/wp-json\/wp\/v2\/media?parent=149756"}],"wp:term":[{"taxonomy":"category","embeddable":true,"href":"https:\/\/www.radiopiu.net\/wordpress\/wp-json\/wp\/v2\/categories?post=149756"},{"taxonomy":"post_tag","embeddable":true,"href":"https:\/\/www.radiopiu.net\/wordpress\/wp-json\/wp\/v2\/tags?post=149756"}],"curies":[{"name":"wp","href":"https:\/\/api.w.org\/{rel}","templated":true}]}}