{"id":149767,"date":"2020-07-16T15:48:56","date_gmt":"2020-07-16T13:48:56","guid":{"rendered":"https:\/\/www.radiopiu.net\/wordpress\/?p=149767"},"modified":"2020-07-16T15:48:56","modified_gmt":"2020-07-16T13:48:56","slug":"ecco-le-nuove-cariche-in-seno-allana-di-belluno","status":"publish","type":"post","link":"https:\/\/www.radiopiu.net\/wordpress\/ecco-le-nuove-cariche-in-seno-allana-di-belluno\/","title":{"rendered":"ECCO LE NUOVE CARICHE IN SENO ALL&#8217;ANA DI BELLUNO"},"content":{"rendered":"<p><strong><a class=\"dt-pswp-item\" href=\"https:\/\/www.radiopiu.net\/wordpress\/wp-content\/uploads\/2018\/10\/ana-alpini.png\" data-dt-img-description=\"\" data-large_image_width=\"225\" data-large_image_height=\"225\"><img loading=\"lazy\" decoding=\"async\" class=\"size-full wp-image-62421 alignleft\" src=\"https:\/\/www.radiopiu.net\/wordpress\/wp-content\/uploads\/2018\/10\/ana-alpini.png\" alt=\"\" width=\"225\" height=\"225\" srcset=\"https:\/\/www.radiopiu.net\/wordpress\/wp-content\/uploads\/2018\/10\/ana-alpini.png 225w, https:\/\/www.radiopiu.net\/wordpress\/wp-content\/uploads\/2018\/10\/ana-alpini-150x150.png 150w\" sizes=\"auto, (max-width: 225px) 100vw, 225px\" \/><\/a>BELLUNO\u00a0<\/strong>In seguito alle votazioni dell\u2019assemblea del 20 giugno scorso, che hanno visto eletto Presidente della Sezione A.N.A. di Belluno Lino De Pra, il nuovo Consiglio direttivo si \u00e8 riunito per la distribuzione delle cariche sociali per il prossimo triennio 2020-2022.<span class=\"Apple-converted-space\">\u00a0\u00a0<\/span>Vice presidente vicario \u00e8 stato eletto Ezio Caldart e gli altri tre vice presidenti sono Siro De Biasio, Giuliano Moretti e Mario Dall\u2019Anese. In attesa della nomina del Segretario generale nella segreteria sono entrati Giuseppe Colferai (Segretario del Consiglio) e Nadia Bortot (Segretaria della Protezione Civile), mentre Giovanni Dalla Rossa si occuper\u00e0 del tesseramento. L\u2019incarico di Tesoreria \u00e8 stato assegnato a Giorgio Schizzi che sar\u00e0 coadiuvato dal cassiere Eraldo Carrera.\u00a0Addetto stampa e direttore responsabile di \u201cIn marcia\u201d \u00e8 stato confermato Dino Bridda e web master responsabile del sito internet sezionale Tiziano Costa. Il Presidente ha poi confermato nell\u2019incarico di coordinatore dell\u2019Unit\u00e0 di Protezione Civile Ivo Gasperin, per le attivit\u00e0 sportive responsabile \u00e8 Angelo Magro con Pieremilio Parissenti coordinatore, a capo del servizio d\u2019ordine \u00e8 Francesco Zanin.\u00a0Sono state poi istituite apposite commissioni tematiche che coinvolgono tutti i consiglieri e che si occuperanno dei vari settori dell\u2019organizzazione sezionale. Questi gli altri consiglieri eletti: Costante Ganz, Angelo Mezzacasa, Giovanni Da Pra, Ilario De Vallier (Agordino); Cesare Colbertaldo, Fabio Barattin e Giancarlo Sartori (Destra Piave); Aldo Mastelotto, Alessandro De Mari, Giorgio Cibien (Sinistra Piave); Danilo Bortoluzzi e Ivan Marchetti (Alpago e Pontalpino); Luigi Giacomo Vazza (Longaronese\/Val di Zoldo).\u00a0Presidente del Collegio dei Revisori dei conti \u00e8 Giorgio Sartori coadiuvato da Pieremilio Parissenti ed Ezzelino Carlo Dal Pont (effettivi) e da Donato Nicolao (supplente), mentre la Giunta di scrutinio sar\u00e0 composta da Sergio Valente, Federico Bez e Ruggero Viel.<\/p>\n","protected":false},"excerpt":{"rendered":"<p>BELLUNO\u00a0In seguito alle votazioni dell\u2019assemblea del 20 giugno scorso, che hanno visto eletto Presidente della Sezione A.N.A. di Belluno Lino De Pra, il nuovo Consiglio direttivo si \u00e8 riunito per la distribuzione delle cariche sociali per il prossimo triennio 2020-2022.\u00a0\u00a0Vice presidente vicario \u00e8 stato eletto Ezio Caldart e gli altri tre vice presidenti sono Siro&hellip;<\/p>\n","protected":false},"author":4,"featured_media":62421,"comment_status":"closed","ping_status":"closed","sticky":false,"template":"","format":"standard","meta":{"_monsterinsights_skip_tracking":false,"_monsterinsights_sitenote_active":false,"_monsterinsights_sitenote_note":"","_monsterinsights_sitenote_category":0,"footnotes":""},"categories":[49],"tags":[],"class_list":["post-149767","post","type-post","status-publish","format-standard","has-post-thumbnail","hentry","category-news-18","category-49","description-off"],"img_url":"https:\/\/www.radiopiu.net\/wordpress\/wp-content\/uploads\/2018\/10\/ana-alpini.png","_links":{"self":[{"href":"https:\/\/www.radiopiu.net\/wordpress\/wp-json\/wp\/v2\/posts\/149767","targetHints":{"allow":["GET"]}}],"collection":[{"href":"https:\/\/www.radiopiu.net\/wordpress\/wp-json\/wp\/v2\/posts"}],"about":[{"href":"https:\/\/www.radiopiu.net\/wordpress\/wp-json\/wp\/v2\/types\/post"}],"author":[{"embeddable":true,"href":"https:\/\/www.radiopiu.net\/wordpress\/wp-json\/wp\/v2\/users\/4"}],"replies":[{"embeddable":true,"href":"https:\/\/www.radiopiu.net\/wordpress\/wp-json\/wp\/v2\/comments?post=149767"}],"version-history":[{"count":0,"href":"https:\/\/www.radiopiu.net\/wordpress\/wp-json\/wp\/v2\/posts\/149767\/revisions"}],"wp:featuredmedia":[{"embeddable":true,"href":"https:\/\/www.radiopiu.net\/wordpress\/wp-json\/wp\/v2\/media\/62421"}],"wp:attachment":[{"href":"https:\/\/www.radiopiu.net\/wordpress\/wp-json\/wp\/v2\/media?parent=149767"}],"wp:term":[{"taxonomy":"category","embeddable":true,"href":"https:\/\/www.radiopiu.net\/wordpress\/wp-json\/wp\/v2\/categories?post=149767"},{"taxonomy":"post_tag","embeddable":true,"href":"https:\/\/www.radiopiu.net\/wordpress\/wp-json\/wp\/v2\/tags?post=149767"}],"curies":[{"name":"wp","href":"https:\/\/api.w.org\/{rel}","templated":true}]}}