{"id":149874,"date":"2020-07-18T06:43:07","date_gmt":"2020-07-18T04:43:07","guid":{"rendered":"https:\/\/www.radiopiu.net\/wordpress\/?p=149874"},"modified":"2020-07-18T06:43:02","modified_gmt":"2020-07-18T04:43:02","slug":"luxottica-da-lunedi-problema-parcheggi-con-la-ripresa-totale","status":"publish","type":"post","link":"https:\/\/www.radiopiu.net\/wordpress\/luxottica-da-lunedi-problema-parcheggi-con-la-ripresa-totale\/","title":{"rendered":"LUXOTTICA: DA LUNEDI PROBLEMA PARCHEGGI CON LA RIPRESA TOTALE"},"content":{"rendered":"<p><strong><img decoding=\"async\" src=\"https:\/\/www.radiopiu.net\/wordpress\/wp-content\/uploads\/2017\/03\/PARCHEGGI-LUX-4.jpg\" \/>AGORDO<\/strong> La commissione trasporti Luxottica riporta all&#8217;attenzione il tema parcheggi presumendo nuovi disagi a partire gi\u00e0 da lunedi per chi si recher\u00e0 al lavoro con mezzi propri perch\u00e9 mancano ancora alcune linee di trasporto pubblico e che evidentemente andranno ad incrementare il traffico negli orari di punta. <em>&#8220;Lunedi lo stabilimento con il termine della cassa integrazione &#8211; ricorda la commissione trasporti &#8211; torner\u00e0 a pieno regime ma sul fronte parcheggi ci sono ancora problemi irrisolti. In questi mesi ci siamo confrontati con la direzione aziendale e Dolomitibus in varie occasioni per chiedere il completo ripristino dei servizi di trasporto pubblico collettivo sospesi con l&#8217;inizio dell&#8217;epidemia. Sono tornate attive tutte le linee nell&#8217;orario 8-17, da Belluno, Feltre per i turni diurni, la linea del Primiero solo per il turno pomeridiano. Non sono state mai riattivate, neppure parzialmente, la linea da Falcade e la navetta da Agordo&#8221;.\u00a0<\/em><\/p>\n<p>Per quanto riguarda i parcheggi: i lavori di sistemazione e ampliamento sono stati posticipati. Per questo la commissione trasporti ha proposto all&#8217;azienda (incaricata dei lavori) quanto chiede da anni: un ampliamento per l&#8217;estate dell&#8217;area destinata a biciclette e moto, oggi insufficiente. <em>&#8220;Al riguardo &#8211; dice la commissione &#8211; abbiamo presentate ipotesi concrete di veloce realizzazione e a costo zero. Luxottica non si \u00e8 ancora pronunciata riservandosi di valutare le proposte ma senza anticipare scadenze per un&#8217;eventuale realizzazione&#8221;<\/em><\/p>\n","protected":false},"excerpt":{"rendered":"<p>AGORDO La commissione trasporti Luxottica riporta all&#8217;attenzione il tema parcheggi presumendo nuovi disagi a partire gi\u00e0 da lunedi per chi si recher\u00e0 al lavoro con mezzi propri perch\u00e9 mancano ancora alcune linee di trasporto pubblico e che evidentemente andranno ad incrementare il traffico negli orari di punta. &#8220;Lunedi lo stabilimento con il termine della cassa&hellip;<\/p>\n","protected":false},"author":1,"featured_media":0,"comment_status":"closed","ping_status":"closed","sticky":false,"template":"","format":"standard","meta":{"_monsterinsights_skip_tracking":false,"_monsterinsights_sitenote_active":false,"_monsterinsights_sitenote_note":"","_monsterinsights_sitenote_category":0,"footnotes":""},"categories":[49],"tags":[],"class_list":["post-149874","post","type-post","status-publish","format-standard","hentry","category-news-18","category-49","description-off"],"img_url":false,"_links":{"self":[{"href":"https:\/\/www.radiopiu.net\/wordpress\/wp-json\/wp\/v2\/posts\/149874","targetHints":{"allow":["GET"]}}],"collection":[{"href":"https:\/\/www.radiopiu.net\/wordpress\/wp-json\/wp\/v2\/posts"}],"about":[{"href":"https:\/\/www.radiopiu.net\/wordpress\/wp-json\/wp\/v2\/types\/post"}],"author":[{"embeddable":true,"href":"https:\/\/www.radiopiu.net\/wordpress\/wp-json\/wp\/v2\/users\/1"}],"replies":[{"embeddable":true,"href":"https:\/\/www.radiopiu.net\/wordpress\/wp-json\/wp\/v2\/comments?post=149874"}],"version-history":[{"count":0,"href":"https:\/\/www.radiopiu.net\/wordpress\/wp-json\/wp\/v2\/posts\/149874\/revisions"}],"wp:attachment":[{"href":"https:\/\/www.radiopiu.net\/wordpress\/wp-json\/wp\/v2\/media?parent=149874"}],"wp:term":[{"taxonomy":"category","embeddable":true,"href":"https:\/\/www.radiopiu.net\/wordpress\/wp-json\/wp\/v2\/categories?post=149874"},{"taxonomy":"post_tag","embeddable":true,"href":"https:\/\/www.radiopiu.net\/wordpress\/wp-json\/wp\/v2\/tags?post=149874"}],"curies":[{"name":"wp","href":"https:\/\/api.w.org\/{rel}","templated":true}]}}