{"id":149888,"date":"2020-07-17T09:39:55","date_gmt":"2020-07-17T07:39:55","guid":{"rendered":"https:\/\/www.radiopiu.net\/wordpress\/?p=149888"},"modified":"2020-07-17T09:39:55","modified_gmt":"2020-07-17T07:39:55","slug":"viola-il-programma-terapeutico-arrestato-dai-carabinieri-di-feltre","status":"publish","type":"post","link":"https:\/\/www.radiopiu.net\/wordpress\/viola-il-programma-terapeutico-arrestato-dai-carabinieri-di-feltre\/","title":{"rendered":"VIOLA IL PROGRAMMA TERAPEUTICO, ARRESTATO DAI CARABINIERI DI FELTRE"},"content":{"rendered":"<p><strong>FELTRE\u00a0<\/strong> I carabinieri di Feltre\u00a0 hanno arrestato Antonio Franzese, 33 anni residente a Napoli ma domiciliato a Feltre.\u00a0 presso una comunit\u00e0 terapeutica. Arrestato per la revoca dell&#8217;affidamento in prova, infatti ha violato il programma terapeutico di comunit\u00e0. L&#8217;uomo dovr\u00e0 scontare 4 anni e 8 mesi di reclusione per rapina e resistenza a pubblico ufficiale nonch\u00e8 lesioni, episodi commessi a Napoli.<\/p>\n","protected":false},"excerpt":{"rendered":"<p>FELTRE\u00a0 I carabinieri di Feltre\u00a0 hanno arrestato Antonio Franzese, 33 anni residente a Napoli ma domiciliato a Feltre.\u00a0 presso una comunit\u00e0 terapeutica. Arrestato per la revoca dell&#8217;affidamento in prova, infatti ha violato il programma terapeutico di comunit\u00e0. L&#8217;uomo dovr\u00e0 scontare 4 anni e 8 mesi di reclusione per rapina e resistenza a pubblico ufficiale nonch\u00e8&hellip;<\/p>\n","protected":false},"author":1,"featured_media":145789,"comment_status":"closed","ping_status":"closed","sticky":false,"template":"","format":"standard","meta":{"_monsterinsights_skip_tracking":false,"_monsterinsights_sitenote_active":false,"_monsterinsights_sitenote_note":"","_monsterinsights_sitenote_category":0,"footnotes":""},"categories":[51,49],"tags":[],"class_list":["post-149888","post","type-post","status-publish","format-standard","has-post-thumbnail","hentry","category-evidenza-top","category-news-18","category-51","category-49","description-off"],"img_url":"https:\/\/www.radiopiu.net\/wordpress\/wp-content\/uploads\/2020\/06\/94e3b68b-d386-4f94-8aa8-30105c25932b.jpg","_links":{"self":[{"href":"https:\/\/www.radiopiu.net\/wordpress\/wp-json\/wp\/v2\/posts\/149888","targetHints":{"allow":["GET"]}}],"collection":[{"href":"https:\/\/www.radiopiu.net\/wordpress\/wp-json\/wp\/v2\/posts"}],"about":[{"href":"https:\/\/www.radiopiu.net\/wordpress\/wp-json\/wp\/v2\/types\/post"}],"author":[{"embeddable":true,"href":"https:\/\/www.radiopiu.net\/wordpress\/wp-json\/wp\/v2\/users\/1"}],"replies":[{"embeddable":true,"href":"https:\/\/www.radiopiu.net\/wordpress\/wp-json\/wp\/v2\/comments?post=149888"}],"version-history":[{"count":0,"href":"https:\/\/www.radiopiu.net\/wordpress\/wp-json\/wp\/v2\/posts\/149888\/revisions"}],"wp:featuredmedia":[{"embeddable":true,"href":"https:\/\/www.radiopiu.net\/wordpress\/wp-json\/wp\/v2\/media\/145789"}],"wp:attachment":[{"href":"https:\/\/www.radiopiu.net\/wordpress\/wp-json\/wp\/v2\/media?parent=149888"}],"wp:term":[{"taxonomy":"category","embeddable":true,"href":"https:\/\/www.radiopiu.net\/wordpress\/wp-json\/wp\/v2\/categories?post=149888"},{"taxonomy":"post_tag","embeddable":true,"href":"https:\/\/www.radiopiu.net\/wordpress\/wp-json\/wp\/v2\/tags?post=149888"}],"curies":[{"name":"wp","href":"https:\/\/api.w.org\/{rel}","templated":true}]}}