{"id":149916,"date":"2020-07-18T06:32:36","date_gmt":"2020-07-18T04:32:36","guid":{"rendered":"https:\/\/www.radiopiu.net\/wordpress\/?p=149916"},"modified":"2020-07-18T06:36:07","modified_gmt":"2020-07-18T04:36:07","slug":"auser-in-lutto-e-mancato-marcello-taiappa","status":"publish","type":"post","link":"https:\/\/www.radiopiu.net\/wordpress\/auser-in-lutto-e-mancato-marcello-taiappa\/","title":{"rendered":"AUSER IN LUTTO, E&#8217; MANCATO MARCELLO TAIAPPA"},"content":{"rendered":"<p><a class=\"dt-pswp-item\" href=\"https:\/\/www.radiopiu.net\/wordpress\/wp-content\/uploads\/2020\/07\/Taiappa.jpg\" data-dt-img-description=\"\" data-large_image_width=\"1470\" data-large_image_height=\"2274\"><img loading=\"lazy\" decoding=\"async\" class=\"wp-image-149917 alignleft\" src=\"https:\/\/www.radiopiu.net\/wordpress\/wp-content\/uploads\/2020\/07\/Taiappa.jpg\" alt=\"\" width=\"205\" height=\"317\" srcset=\"https:\/\/www.radiopiu.net\/wordpress\/wp-content\/uploads\/2020\/07\/Taiappa.jpg 1470w, https:\/\/www.radiopiu.net\/wordpress\/wp-content\/uploads\/2020\/07\/Taiappa-194x300.jpg 194w, https:\/\/www.radiopiu.net\/wordpress\/wp-content\/uploads\/2020\/07\/Taiappa-662x1024.jpg 662w, https:\/\/www.radiopiu.net\/wordpress\/wp-content\/uploads\/2020\/07\/Taiappa-768x1188.jpg 768w, https:\/\/www.radiopiu.net\/wordpress\/wp-content\/uploads\/2020\/07\/Taiappa-993x1536.jpg 993w, https:\/\/www.radiopiu.net\/wordpress\/wp-content\/uploads\/2020\/07\/Taiappa-1324x2048.jpg 1324w\" sizes=\"auto, (max-width: 205px) 100vw, 205px\" \/><\/a><strong>FELTR<\/strong>E\u00a0 Sei volontari Auser a portare la bara dell&#8217;amico presidente. Un intero paese a dargli l&#8217;estremo saluto in una chiesa impossibilitata a contenerlo. Due ali di folla sul sagrato in un ideale, sincero abbraccio ai famigliari. Un lunghissimo applauso a sugellare la stima ed il ringraziamento per l&#8217;uomo e la sua sensibilit\u00e0. Cos\u00ec \u00e8 stato salutato ieri ad Arsi\u00e8 di Feltre Marcello Taiappa. Presidente del locale Circolo Auser e componente del Direttivo nazionale dell&#8217;Associazione. Non c&#8217;era persona alla cerimonia funebre che in cuor non avesse un pensiero di riconoscenza per Marcello. Dal parroco che lo ha sempre trovato disponibile all&#8217;aiuto ed alla collaborazione, senza se e senza ma; ai dirigenti Auser nazionali e regionali &#8211; presenti ieri con il vice presidente regionale Ferruccio Pontini, Paolo Franzin e Danilo Viero \u2013 che ricordano la sua correttezza e preparazione; all&#8217;Auser provinciale \u2013 presente il vice Eldo Candeago \u2013 nel cui ambito Taiappa svolgeva con competenza anche il ruolo di revisore dei conti; ai molti presidenti dei Circoli Auser bellunesi. Ma \u00e8 stato soprattutto significativo e commovente il ricordo che testimoniato sull&#8217;altare dai volontari ed amici dell&#8217;Auser di Arsi\u00e8: \u201cNel tuo cuore c&#8217;era posto per tutti, per chiunque si trovasse in difficolt\u00e0 tu c&#8217;eri in qualsiasi momento, per ogni problema trovavi sempre la soluzione. L&#8217;Auser \u00e8 stata la tua seconda famiglia; tu sei stato la nostra guida, col tuo entusiasmo ci hai coinvolti in questo importante servizio di volontariato che quotidianamente si rivela necessario per la nostra Comunit\u00e0. La tua trasparenza e onest\u00e0 intellettuale saranno i principi a cui ci affideremo sempre\u201d.<\/p>\n<p>&nbsp;<\/p>\n","protected":false},"excerpt":{"rendered":"<p>FELTRE\u00a0 Sei volontari Auser a portare la bara dell&#8217;amico presidente. Un intero paese a dargli l&#8217;estremo saluto in una chiesa impossibilitata a contenerlo. Due ali di folla sul sagrato in un ideale, sincero abbraccio ai famigliari. Un lunghissimo applauso a sugellare la stima ed il ringraziamento per l&#8217;uomo e la sua sensibilit\u00e0. Cos\u00ec \u00e8 stato&hellip;<\/p>\n","protected":false},"author":1,"featured_media":73044,"comment_status":"closed","ping_status":"closed","sticky":false,"template":"","format":"standard","meta":{"_monsterinsights_skip_tracking":false,"_monsterinsights_sitenote_active":false,"_monsterinsights_sitenote_note":"","_monsterinsights_sitenote_category":0,"footnotes":""},"categories":[49],"tags":[],"class_list":["post-149916","post","type-post","status-publish","format-standard","has-post-thumbnail","hentry","category-news-18","category-49","description-off"],"img_url":"https:\/\/www.radiopiu.net\/wordpress\/wp-content\/uploads\/2019\/01\/auser-1.jpg","_links":{"self":[{"href":"https:\/\/www.radiopiu.net\/wordpress\/wp-json\/wp\/v2\/posts\/149916","targetHints":{"allow":["GET"]}}],"collection":[{"href":"https:\/\/www.radiopiu.net\/wordpress\/wp-json\/wp\/v2\/posts"}],"about":[{"href":"https:\/\/www.radiopiu.net\/wordpress\/wp-json\/wp\/v2\/types\/post"}],"author":[{"embeddable":true,"href":"https:\/\/www.radiopiu.net\/wordpress\/wp-json\/wp\/v2\/users\/1"}],"replies":[{"embeddable":true,"href":"https:\/\/www.radiopiu.net\/wordpress\/wp-json\/wp\/v2\/comments?post=149916"}],"version-history":[{"count":0,"href":"https:\/\/www.radiopiu.net\/wordpress\/wp-json\/wp\/v2\/posts\/149916\/revisions"}],"wp:featuredmedia":[{"embeddable":true,"href":"https:\/\/www.radiopiu.net\/wordpress\/wp-json\/wp\/v2\/media\/73044"}],"wp:attachment":[{"href":"https:\/\/www.radiopiu.net\/wordpress\/wp-json\/wp\/v2\/media?parent=149916"}],"wp:term":[{"taxonomy":"category","embeddable":true,"href":"https:\/\/www.radiopiu.net\/wordpress\/wp-json\/wp\/v2\/categories?post=149916"},{"taxonomy":"post_tag","embeddable":true,"href":"https:\/\/www.radiopiu.net\/wordpress\/wp-json\/wp\/v2\/tags?post=149916"}],"curies":[{"name":"wp","href":"https:\/\/api.w.org\/{rel}","templated":true}]}}