{"id":149944,"date":"2020-07-18T06:03:35","date_gmt":"2020-07-18T04:03:35","guid":{"rendered":"https:\/\/www.radiopiu.net\/wordpress\/?p=149944"},"modified":"2020-07-18T09:49:16","modified_gmt":"2020-07-18T07:49:16","slug":"giornale-radiopiu-18-luglio-2020-direttore-mirko-mezzacasa","status":"publish","type":"post","link":"https:\/\/www.radiopiu.net\/wordpress\/giornale-radiopiu-18-luglio-2020-direttore-mirko-mezzacasa\/","title":{"rendered":"GIORNALE RADIOPIU 18 LUGLIO 2020 DIRETTORE MIRKO MEZZACASA"},"content":{"rendered":"<h3><strong>PER RICEVERE QUESTO NOTIZIARIO DIRETTAMENTE SUL TUO CELLULARE ISCRIVITI AL CANALE TELEGRAM\u00a0<\/strong><strong>\u201cRADIO PIU\u00a0 INFORMAZIONE<\/strong><\/h3>\n<p><em>ATTENZIONE: LA NUOVA APP PER IOS-IPHONE<\/em><\/p>\n<div>\n<div><a href=\"https:\/\/apps.apple.com\/it\/app\/radio-pi%C3%B9-emittente-agordina\/id1515939845\">https:\/\/apps.apple.com\/it\/app\/radio-pi%C3%B9-emittente-agordina\/id1515939845<\/a><\/div>\n<\/div>\n<div><\/div>\n<div>\n<div dir=\"auto\"><em>ATTENZIONE: LA NUOVA APP RADIO\u00a0 PER ANDROID<\/em><\/div>\n<\/div>\n<p><a href=\"https:\/\/play.google.com\/store\/apps\/details?id=net.radiopiu.iniko\" target=\"_blank\" rel=\"noopener noreferrer\">https:\/\/play.google.com\/store\/apps\/details?id=net.radiopiu.iniko<\/a><\/p>\n<p>&nbsp;<\/p>\n<hr \/>\n<p>&nbsp;<\/p>\n<p><strong>LA GALLERIA FOTOGRAFICA DEL GIORNO, di Susy Dan<\/strong><br \/>\n<strong>A passeggio per la piana di Falcade tra le opere di Augusto Murer<\/strong><\/p>\n\n\t\t\t<style type='text\/css'>\n\t\t\t\t#gallery-1 {\n\t\t\t\t\tmargin: auto;\n\t\t\t\t}\n\t\t\t\t#gallery-1 .gallery-item {\n\t\t\t\t\tfloat: left;\n\t\t\t\t\tmargin-top: 10px;\n\t\t\t\t\ttext-align: center;\n\t\t\t\t\twidth: 20%;\n\t\t\t\t}\n\t\t\t\t#gallery-1 img {\n\t\t\t\t\tborder: 2px solid #cfcfcf;\n\t\t\t\t}\n\t\t\t\t#gallery-1 .gallery-caption {\n\t\t\t\t\tmargin-left: 0;\n\t\t\t\t}\n\t\t\t\t\/* see gallery_shortcode() in wp-includes\/media.php *\/\n\t\t\t<\/style>\n\t\t<div id='gallery-1' class='dt-gallery-container gallery galleryid-149944 gallery-columns-5 gallery-size-thumbnail'><dl class='gallery-item'>\n\t\t\t\t<dt class='gallery-icon portrait'>\n\t\t\t\t\t<a class=\"rollover rollover-zoom dt-pswp-item\" title=\"f5a57b16-9fcb-4fee-9ff0-a935239b0a3e\" data-dt-img-description=\"\" data-large_image_width=\"682\" data-large_image_height=\"1024\"href='https:\/\/www.radiopiu.net\/wordpress\/wp-content\/uploads\/2020\/07\/f5a57b16-9fcb-4fee-9ff0-a935239b0a3e.jpg'><img loading=\"lazy\" decoding=\"async\" width=\"150\" height=\"150\" src=\"https:\/\/www.radiopiu.net\/wordpress\/wp-content\/uploads\/2020\/07\/f5a57b16-9fcb-4fee-9ff0-a935239b0a3e-150x150.jpg\" class=\"attachment-thumbnail size-thumbnail\" alt=\"\" \/><\/a>\n\t\t\t\t<\/dt><\/dl><dl class='gallery-item'>\n\t\t\t\t<dt class='gallery-icon landscape'>\n\t\t\t\t\t<a class=\"rollover rollover-zoom dt-pswp-item\" title=\"df1ea0b7-58ae-4cef-ab72-d6b9836afc06\" data-dt-img-description=\"\" data-large_image_width=\"1024\" data-large_image_height=\"682\"href='https:\/\/www.radiopiu.net\/wordpress\/wp-content\/uploads\/2020\/07\/df1ea0b7-58ae-4cef-ab72-d6b9836afc06.jpg'><img loading=\"lazy\" decoding=\"async\" width=\"150\" height=\"150\" src=\"https:\/\/www.radiopiu.net\/wordpress\/wp-content\/uploads\/2020\/07\/df1ea0b7-58ae-4cef-ab72-d6b9836afc06-150x150.jpg\" class=\"attachment-thumbnail size-thumbnail\" alt=\"\" \/><\/a>\n\t\t\t\t<\/dt><\/dl><dl class='gallery-item'>\n\t\t\t\t<dt class='gallery-icon portrait'>\n\t\t\t\t\t<a class=\"rollover rollover-zoom dt-pswp-item\" title=\"cd59b1dc-dbf5-46fa-8e34-42622e569628\" data-dt-img-description=\"\" data-large_image_width=\"576\" data-large_image_height=\"1024\"href='https:\/\/www.radiopiu.net\/wordpress\/wp-content\/uploads\/2020\/07\/cd59b1dc-dbf5-46fa-8e34-42622e569628.jpg'><img loading=\"lazy\" decoding=\"async\" width=\"150\" height=\"150\" src=\"https:\/\/www.radiopiu.net\/wordpress\/wp-content\/uploads\/2020\/07\/cd59b1dc-dbf5-46fa-8e34-42622e569628-150x150.jpg\" class=\"attachment-thumbnail size-thumbnail\" alt=\"\" \/><\/a>\n\t\t\t\t<\/dt><\/dl><dl class='gallery-item'>\n\t\t\t\t<dt class='gallery-icon landscape'>\n\t\t\t\t\t<a class=\"rollover rollover-zoom dt-pswp-item\" title=\"be7d13b1-a3fa-4c5c-9a05-8d36f6a1b288\" data-dt-img-description=\"\" data-large_image_width=\"1024\" data-large_image_height=\"682\"href='https:\/\/www.radiopiu.net\/wordpress\/wp-content\/uploads\/2020\/07\/be7d13b1-a3fa-4c5c-9a05-8d36f6a1b288.jpg'><img loading=\"lazy\" decoding=\"async\" width=\"150\" height=\"150\" src=\"https:\/\/www.radiopiu.net\/wordpress\/wp-content\/uploads\/2020\/07\/be7d13b1-a3fa-4c5c-9a05-8d36f6a1b288-150x150.jpg\" class=\"attachment-thumbnail size-thumbnail\" alt=\"\" \/><\/a>\n\t\t\t\t<\/dt><\/dl><dl class='gallery-item'>\n\t\t\t\t<dt class='gallery-icon portrait'>\n\t\t\t\t\t<a class=\"rollover rollover-zoom dt-pswp-item\" title=\"779e9747-5582-4936-a6df-86d2a354431a\" data-dt-img-description=\"\" data-large_image_width=\"682\" data-large_image_height=\"1024\"href='https:\/\/www.radiopiu.net\/wordpress\/wp-content\/uploads\/2020\/07\/779e9747-5582-4936-a6df-86d2a354431a.jpg'><img loading=\"lazy\" decoding=\"async\" width=\"150\" height=\"150\" src=\"https:\/\/www.radiopiu.net\/wordpress\/wp-content\/uploads\/2020\/07\/779e9747-5582-4936-a6df-86d2a354431a-150x150.jpg\" class=\"attachment-thumbnail size-thumbnail\" alt=\"\" \/><\/a>\n\t\t\t\t<\/dt><\/dl><br style=\"clear: both\" \/>\n\t\t\t<\/div>\n\n<p>&nbsp;<\/p>\n<hr \/>\n<p>&nbsp;<\/p>\n<blockquote><p><strong><em>PROVINCIALE 473 CROCE D&#8217;AUNE: <\/em><\/strong><strong><em>IL 20 LUGLIO INTERDIZIONE TOTALE DALLE 9 ALLE 11 TRA PONTE OLTRA E SORRIVA <\/em><\/strong><\/p>\n<h4>GOSALDO\u00a0 Dal 20 al 24 luglio per lavori su rete idrica in localit\u00e0 Tiser lungo la provinciale 2 del Mis interdizione totale dalle 8 alle 12 e dalle 13 alle 17 dal chilometro 24.900 al chilometro 25.100 Nelle altre ore senso unico alternato.<\/h4>\n<\/blockquote>\n<p>&nbsp;<\/p>\n<hr \/>\n<div class=\"page-title-head hgroup\">\n<blockquote>\n<h3><span style=\"color: #ff0000;\">\u00a0<\/span><\/h3>\n<h3><span style=\"color: #ff0000;\">ATTENZIONE ALLA TRUFFA DELLO SPECCHIETTO, NON FATEVI INGANNARE<\/span><\/h3>\n<\/blockquote>\n<p><strong>LAMON<\/strong> Ci risiamo, rieccoli i truffatori dello specchietto. Hanno agito a Lamon a bordo di un furgone bianco. Solita la tecnica, il lancio di un sasso contro la macchina simulando l&#8217;urto, quindi il solito teatrino della serie <em>&#8220;mi hai rotto lo specchietto ed ora paga&#8221;<\/em>. La truffa non \u00e8 riuscita perch\u00e9 l&#8217;automobilista ha chiamato subito il 112 e i delinquenti si sono dileguati. E&#8217; andata peggio a Feltre, o meglio, una ottantenne non \u00e8 caduto nella trappola chiamando i Carabinieri e facendo fuggire i truffatori stranieri, ma non si \u00e8 accorto che nel momento delle discussione un complice ha rubato la borsetta dall&#8217;abitacolo, bottino 300 euro mentre i documenti son stati ritrovati nel trevigiano.<\/p>\n<blockquote><p>&nbsp;<\/p><\/blockquote>\n<\/div>\n<hr \/>\n<div class=\"page-title-head hgroup\">\n<blockquote>\n<blockquote>\n<h3><a class=\"dt-pswp-item\" href=\"https:\/\/www.radiopiu.net\/wordpress\/wp-content\/uploads\/2020\/07\/e5c1d71b-3c07-4b32-b938-ae4326f45f6c.jpg\" data-dt-img-description=\"\" data-large_image_width=\"892\" data-large_image_height=\"1280\"><img loading=\"lazy\" decoding=\"async\" class=\"size-medium wp-image-150035 alignleft\" src=\"https:\/\/www.radiopiu.net\/wordpress\/wp-content\/uploads\/2020\/07\/e5c1d71b-3c07-4b32-b938-ae4326f45f6c-209x300.jpg\" alt=\"\" width=\"209\" height=\"300\" srcset=\"https:\/\/www.radiopiu.net\/wordpress\/wp-content\/uploads\/2020\/07\/e5c1d71b-3c07-4b32-b938-ae4326f45f6c-209x300.jpg 209w, https:\/\/www.radiopiu.net\/wordpress\/wp-content\/uploads\/2020\/07\/e5c1d71b-3c07-4b32-b938-ae4326f45f6c-714x1024.jpg 714w, https:\/\/www.radiopiu.net\/wordpress\/wp-content\/uploads\/2020\/07\/e5c1d71b-3c07-4b32-b938-ae4326f45f6c-768x1102.jpg 768w, https:\/\/www.radiopiu.net\/wordpress\/wp-content\/uploads\/2020\/07\/e5c1d71b-3c07-4b32-b938-ae4326f45f6c.jpg 892w\" sizes=\"auto, (max-width: 209px) 100vw, 209px\" \/><\/a>DA OGGI ATTIVI DUE NUOVI AUTOVELOX<\/h3>\n<\/blockquote>\n<\/blockquote>\n<p><strong>LIVINALLONGO_QUERO<\/strong> Come ricordato nei precedenti notiziari \u00e8 attivo giorno e notte l&#8217;autovelox di Brenta in territorio Fodom, limite 50 chilometri orari. Da oggi controlli anche a Scalon sullla sinistra piave, limite 90 chilometri orari, \u00e8 il primo dei due autovelox che l&#8217;amministrazione comunale ha deciso di installare<\/p>\n<p><strong>\u00a0VAL DI ZOLDO<\/strong> L&#8217;amministrazione comunale si \u00e8 dotata di un telelaser che rileva la velocit\u00e0 fino a 1200 metri di distanza. A breve sar\u00e0 attivato. Come consuetudine la dichiarazione del sindaco, ovvero la stessa strofa <em>&#8220;Per la sicurezza, non per fare cassa&#8221; .<\/em>Gli agenti potranno fermare subito chi infrange la legge contestando la sanzione oppure spedire il verbale a domicilio. Il telelaser potr\u00e0 inoltre essere installato negli appositi box<\/p>\n<blockquote>\n<blockquote>\n<h3><\/h3>\n<p>&nbsp;<\/p>\n<p>&nbsp;<\/p>\n<p>&nbsp;<\/p>\n<hr \/>\n<p>&nbsp;<\/p>\n<h3 class=\"entry-title\">POSITIVO UN PADOVANO IN VACANZA NELLE DOLOMITI (SECONDA CASA) E UN OPERATORE DELLA CASA DI RIPOSO DI LONGARONE, TUTTI GLI OSPITI SOTTOPOSTI A TAMPONE, CASA DI RIPOSO CHIUSA<\/h3>\n<\/blockquote>\n<p><em>Un operatore della casa di riposo di Longarone \u00e8 stato messo in Quarantena e la casa di riposo sigillata. Mercoledi mentre stava per iniziare il turno di lavoro i primi sintomi caratterizzati da\u00a0 febbre alta. E&#8217; risultato positivo al tampone, la Ulss ha quindi dato il via ai tamponi collettivi per tutti i contatti e al contempo ha chiuso la casa di riposo<\/em><\/p>\n<p><strong><a class=\"dt-pswp-item\" href=\"https:\/\/www.radiopiu.net\/wordpress\/wp-content\/uploads\/2020\/03\/covid-ulss.jpg\" data-dt-img-description=\"\" data-large_image_width=\"800\" data-large_image_height=\"600\"><img loading=\"lazy\" decoding=\"async\" class=\"size-medium wp-image-121260 alignleft\" src=\"https:\/\/www.radiopiu.net\/wordpress\/wp-content\/uploads\/2020\/03\/covid-ulss-300x225.jpg\" alt=\"\" width=\"300\" height=\"225\" srcset=\"https:\/\/www.radiopiu.net\/wordpress\/wp-content\/uploads\/2020\/03\/covid-ulss-300x225.jpg 300w, https:\/\/www.radiopiu.net\/wordpress\/wp-content\/uploads\/2020\/03\/covid-ulss-768x576.jpg 768w, https:\/\/www.radiopiu.net\/wordpress\/wp-content\/uploads\/2020\/03\/covid-ulss.jpg 800w\" sizes=\"auto, (max-width: 300px) 100vw, 300px\" \/><\/a>BELLUNO\u00a0<\/strong>Il Dipartimento di Prevenzione \u00e8 impegnato nell\u2019indagine epidemiologica su due recenti positivit\u00e0 segnalate dal laboratorio. Una \u00e8 a carico di un contatto del soggetto residente nel padovano, proprietario di un\u2019abitazione nell\u2019area dolomitica, abitazione presso la quale ha trascorso alcuni giorni, circa una settimana fa, rientrando poi a Padova per essere ricoverato. Il secondo caso, pi\u00f9 impegnativo, riguarda un operatore di una casa di riposo del Bellunese. Il soggetto presenta una sintomatologia COVID moderata ed \u00e8 isolato a domicilio. Tutti gli ospiti della casa di riposo, i colleghi di lavoro del soggetto ed i contatti stretti in ambito extralavorativo saranno sottoposti a tampone tra oggi e domani. L\u2019Azienda Ulss ha prontamente informato la direzione della casa di risposo e il sindaco del comune interessato. Per precauzione, l\u2019accesso alla casa di risposo \u00e8 sospeso fino alla definizione della situazione epidemiologica.<\/p>\n<p><strong>GIANLUIGI DELLA GIACOMA, FUNZIONE PUBBLICA CGIL<\/strong><\/p><\/blockquote>\n<audio class=\"wp-audio-shortcode\" id=\"audio-149944-1\" preload=\"none\" style=\"width: 100%;\" controls=\"controls\"><source type=\"audio\/mpeg\" src=\"https:\/\/www.radiopiu.net\/wordpress\/wp-content\/uploads\/2020\/07\/DELLA-GIACOMA.mp3?_=1\" \/><a href=\"https:\/\/www.radiopiu.net\/wordpress\/wp-content\/uploads\/2020\/07\/DELLA-GIACOMA.mp3\">https:\/\/www.radiopiu.net\/wordpress\/wp-content\/uploads\/2020\/07\/DELLA-GIACOMA.mp3<\/a><\/audio>\n<blockquote>\n<h3><\/h3>\n<p>&nbsp;<\/p><\/blockquote>\n<\/div>\n<hr \/>\n<div class=\"page-title-head hgroup\">\n<blockquote>\n<h3><\/h3>\n<h3>ARRESTATO PER FURTO NELL&#8217;ABITAZIONE DEL PENSIONATO EVADE DAL DOMICILIO E FINISCE IN CARCERE<\/h3>\n<\/blockquote>\n<p><strong><a class=\"dt-pswp-item\" href=\"https:\/\/www.radiopiu.net\/wordpress\/wp-content\/uploads\/2020\/07\/ee67cd9c-9c83-4e54-a03e-ff4b1a721bfa.jpg\" data-dt-img-description=\"\" data-large_image_width=\"606\" data-large_image_height=\"800\"><img loading=\"lazy\" decoding=\"async\" class=\"size-medium wp-image-149937 alignleft\" src=\"https:\/\/www.radiopiu.net\/wordpress\/wp-content\/uploads\/2020\/07\/ee67cd9c-9c83-4e54-a03e-ff4b1a721bfa-227x300.jpg\" alt=\"\" width=\"227\" height=\"300\" srcset=\"https:\/\/www.radiopiu.net\/wordpress\/wp-content\/uploads\/2020\/07\/ee67cd9c-9c83-4e54-a03e-ff4b1a721bfa-227x300.jpg 227w, https:\/\/www.radiopiu.net\/wordpress\/wp-content\/uploads\/2020\/07\/ee67cd9c-9c83-4e54-a03e-ff4b1a721bfa.jpg 606w\" sizes=\"auto, (max-width: 227px) 100vw, 227px\" \/><\/a>CENCENIGHE<\/strong> I Carabinieri di Cencenighe hanno arrestato Valentino Lezuo, 65 anni originario del territorio Fodom ma residente da tempo a Cencenighe, volto noto e pi\u00f9 volte balzato alle cronache. L&#8217;arresto \u00e8 scattato gioved\u00ec pomeriggio\u00a0 in esecuzione di un ordine di custodia cautelare emesso dal Tribunale di Belluno. La vicenda che ha determinato il provvedimento ha origine lo scorso 10 luglio quando i Carabinieri di Cencenighe\u00a0 hanno fermato l&#8217;uomo in flagranza di reato per furto in abitazione ai danni di un pensionato di Alleghe. Lezuo si impossessava della somma di circa 1000 euro custodita all&#8217;interno della casa.\u00a0 L&#8217;uomo \u00e8 stato confinato al proprio domicilio agli arresti domiciliari.<\/p>\n<blockquote><p><em>Nei giorni 14 e 15 luglio non ancora pago della &#8220;punizione&#8221; ha pensato di evadere dai domiciliari e uscire di casa, ma i Carabinieri che evidentemente lo tenevano sotto\u00a0 controllo\u00a0 lo hanno sorpreso\u00a0 in centro al paese in palese violazione agli obblighi di permanenza al proprio domicilio. La prevista segnalazione all&#8217;autorit\u00e0 giudiziaria ha quindi aggravato la sua posizione e la misura iniziale degli arresti domiciliari.<\/em><\/p><\/blockquote>\n<\/div>\n<p>&nbsp;<\/p>\n<div class=\"page-title-head hgroup\">\n<div class=\"page-title-head hgroup\">\n<blockquote>\n<h3><\/h3>\n<p>&nbsp;<\/p><\/blockquote>\n<\/div>\n<\/div>\n<hr \/>\n<div class=\"page-title-head hgroup\">\n<div class=\"page-title-head hgroup\">\n<blockquote>\n<h3><\/h3>\n<h3 class=\"entry-title\">VIOLA IL PROGRAMMA TERAPEUTICO, ARRESTATO DAI CARABINIERI DI FELTRE<\/h3>\n<\/blockquote>\n<p><strong>FELTRE\u00a0<\/strong>\u00a0I carabinieri di Feltre\u00a0 hanno arrestato Antonio Franzese, 33 anni residente a Napoli ma domiciliato a Feltre.\u00a0 presso una comunit\u00e0 terapeutica. Arrestato per la revoca dell\u2019affidamento in prova, infatti ha violato il programma terapeutico di comunit\u00e0. L\u2019uomo dovr\u00e0 scontare 4 anni e 8 mesi di reclusione per rapina e resistenza a pubblico ufficiale nonch\u00e8 lesioni, episodi commessi a Napoli.<\/p>\n<\/div>\n<div class=\"page-title-breadcrumbs\"><\/div>\n<\/div>\n<hr \/>\n<p>&nbsp;<\/p>\n<p>&nbsp;<\/p>\n<blockquote>\n<h3>PERCEPIVA IL REDDITO DI CITTADINANZA SENZA DIRITTO: LE FIAMME GIALLE A COSTANTE TUTELA DELLA SPESA PUBBLICA<\/h3>\n<\/blockquote>\n<p><strong>\u00a0AGORDO <\/strong>I Finanzieri della Tenenza di Agordo, nell\u2019ambito degli ordinari servizi di monitoraggio a contrasto agli illeciti in materia di spesa pubblica, hanno individuato e\u00a0 sottoposto\u00a0 a controllo un soggetto di nazionalit\u00e0 straniera il quale ha indebitamente percepito il\u00a0 \u201cReddito di Cittadinanza\u201d senza averne i necessari requisiti previsti dalla normativa vigente, per un ammontare\u00a0 4.200 euro.\u00a0 Nel dettaglio, quest\u2019ultimo aveva indicato nella Dichiarazione Sostitutiva Unica finalizzata al rilascio dell\u2019Indicatore della Situazione Economica Equivalente relativa alla posizione patrimoniale e reddituale dell\u2019intero nucleo famigliare, uno stato di famiglia difforme da quello effettivo. Inoltre, il richiedente aveva indebitamente dichiarato, unitamente alla coniuge, di possedere i requisiti di cittadinanza, residenza e soggiorno sebbene dagli accertamenti eseguiti dalle Fiamme Gialle sarebbe emersa l\u2019irreperibilit\u00e0 degli stessi, nel 2018, per un periodo di circa 5 mesi, in contrasto con <a class=\"dt-pswp-item\" href=\"https:\/\/www.radiopiu.net\/wordpress\/wp-content\/uploads\/2020\/07\/gdf-3-scaled.jpg\" data-dt-img-description=\"\" data-large_image_width=\"1907\" data-large_image_height=\"2560\"><img loading=\"lazy\" decoding=\"async\" class=\"size-medium wp-image-149905 alignright\" src=\"https:\/\/www.radiopiu.net\/wordpress\/wp-content\/uploads\/2020\/07\/gdf-3-223x300.jpg\" alt=\"\" width=\"223\" height=\"300\" srcset=\"https:\/\/www.radiopiu.net\/wordpress\/wp-content\/uploads\/2020\/07\/gdf-3-223x300.jpg 223w, https:\/\/www.radiopiu.net\/wordpress\/wp-content\/uploads\/2020\/07\/gdf-3-763x1024.jpg 763w, https:\/\/www.radiopiu.net\/wordpress\/wp-content\/uploads\/2020\/07\/gdf-3-768x1031.jpg 768w, https:\/\/www.radiopiu.net\/wordpress\/wp-content\/uploads\/2020\/07\/gdf-3-1144x1536.jpg 1144w, https:\/\/www.radiopiu.net\/wordpress\/wp-content\/uploads\/2020\/07\/gdf-3-1526x2048.jpg 1526w, https:\/\/www.radiopiu.net\/wordpress\/wp-content\/uploads\/2020\/07\/gdf-3-scaled.jpg 1907w\" sizes=\"auto, (max-width: 223px) 100vw, 223px\" \/><\/a>quanto previsto dalla normativa vigente secondo cui tutti i componenti dei nuclei famigliari richiedenti devono essere residenti in Italia per almeno 10 anni, di cui gli ultimi due, considerati al momento della presentazione della domanda e per tutta la durata dell&#8217;erogazione del beneficio, in modo continuativo. L\u2019operazione ha avuto luogo riscontrando gli elenchi dei beneficiari ed attraverso un capillare controllo del territorio con appostamenti e l\u2019espletamento di autonoma attivit\u00e0 info-investigativa.<\/p>\n<blockquote><p><em>Il servizio rientra nel quadro delle quotidiane attivit\u00e0 svolte dalla Guardia di Finanza a tutela della spesa pubblica nazionale nonch\u00e9 a salvaguardia della cittadinanza virtuosa che accede onestamente ai canali assistenziali previsti dallo Stato nelle diverse forme previste.<\/em><\/p>\n<p>&nbsp;<\/p>\n<p>&nbsp;<\/p>\n<p>&nbsp;<\/p>\n<p>&nbsp;<\/p><\/blockquote>\n<p>&nbsp;<\/p>\n<hr \/>\n<p>&nbsp;<\/p>\n<blockquote>\n<h3>AUTO CONTRO L&#8217;ALBERO AD ALTO FUSTO, FERITO IL CONDUCENTE<\/h3>\n<\/blockquote>\n<p><a class=\"dt-pswp-item\" href=\"https:\/\/www.radiopiu.net\/wordpress\/wp-content\/uploads\/2020\/07\/717d4ab7-ef82-4bc4-a3db-6a48e4aff74e.jpg\" data-dt-img-description=\"\" data-large_image_width=\"960\" data-large_image_height=\"775\"><img loading=\"lazy\" decoding=\"async\" class=\"size-medium wp-image-149902 alignleft\" src=\"https:\/\/www.radiopiu.net\/wordpress\/wp-content\/uploads\/2020\/07\/717d4ab7-ef82-4bc4-a3db-6a48e4aff74e-300x242.jpg\" alt=\"\" width=\"300\" height=\"242\" srcset=\"https:\/\/www.radiopiu.net\/wordpress\/wp-content\/uploads\/2020\/07\/717d4ab7-ef82-4bc4-a3db-6a48e4aff74e-300x242.jpg 300w, https:\/\/www.radiopiu.net\/wordpress\/wp-content\/uploads\/2020\/07\/717d4ab7-ef82-4bc4-a3db-6a48e4aff74e-768x620.jpg 768w, https:\/\/www.radiopiu.net\/wordpress\/wp-content\/uploads\/2020\/07\/717d4ab7-ef82-4bc4-a3db-6a48e4aff74e.jpg 960w\" sizes=\"auto, (max-width: 300px) 100vw, 300px\" \/><\/a><strong>PEDAVENA<\/strong> La notte scorsa i vigili del fuoco sono intervenuti in localit\u00e0 Murle a Pedavena per la fuoriuscita di un&#8217;auto, che ha abbattuto un albero d&#8217;alto fusto\u00a0 e una recinzione: ferito la conducente, una ragazza 27enne di Feltre. I pompieri arrivati da Feltre e da Belluno con l&#8217;autogru&#8217;, hanno messo in sicurezza l&#8217;auto e soccorso l&#8217;autista, che \u00e8 stato preso in cura dal personale del SUEM 118. Le forze dell&#8217;ordine hanno eseguito i rilievi del sinistro. Le operazioni di soccorso dei vigili del fuoco sono terminate dopo circa un&#8217;ora e mezza.<\/p>\n<p><strong>FELTRE<\/strong> Ad Anz\u00f9 alla rotonda un 58enne A.L. in seguito a malore \u00e8 uscito di strada con la sua Skoda, l&#8217;uomo \u00e8 stato portato per un controllo al pronto soccorso di Feltre.<\/p>\n<p><strong>SEREN DEL GRAPPA<\/strong> Camion fuori controllo finisce nel campo, nessuna conseguenza per il conducente, trevigiano di Nervesa che si stava spostando sulla Fenadora-Anz\u00f9, Probabilmente l&#8217;incidente \u00e8 stato causato da un guasto meccanico. Il mezzo stava percorrendo un rettilineo quando prima di finire fuori strada ha invaso la corsia opposta, fortunatamente non transitava nessun altro veicolo. Sul posto per il recupero del mezzo anche i vigili del fuoco.<\/p>\n<p><strong>PONTE NELLE ALPI<\/strong> Tamponamento in via Lizzona con un ferito non grave, un uomo ha invece rifiutato il trasferimento in ospedale. L&#8217;incidente ieri sera alle 18, ha coinvolto due mezzi e un terzo veicolo \u00e8 stato colpito dai frammenti. Pesanti i disagi sul traffico con un&#8217;auto rimasta nel mezzo della carreggiata fino al termine dei rilievi dei Carabinieri.<\/p>\n<p><strong>PADOLA<\/strong> Incidente in piazza, un turista di 60anni \u00e8 caduto dopo essere stato urtato da un&#8217;auto, o meglio il suo piede \u00e8 stato inavvertitamente pestato dal pneumatico di un&#8217;auto guidata da una donna che non ha visto l&#8217;uomo trasportato al Pronto Soccorso per controlli.<\/p>\n<p>&nbsp;<\/p>\n<hr \/>\n<p>&nbsp;<\/p>\n<blockquote>\n<h3>TRICHIANA SENZ&#8217;ACQUA PER UN GUASTO ALLA TUBATURA<\/h3>\n<\/blockquote>\n<p><strong>BORGO VALBELLUNA<\/strong> Morgan senz&#8217;acqua per un paio d&#8217;ore a causa di un guasto, dovuto probabilmente alle ingenti piogge, la tubatura sotto terra \u00e8 scoppiata, sul posto sono intervenute tempestivamente due diverse squadre: un mezzo dei vigili del fuoco del Comando di Belluno per accertarsi che non ci fossero ulteriori danni a persone o cose e alcuni tecnici del Bim Gsp, che hanno invece provveduto a scavare per riparare il guasto. Alle 13.30 la situazione \u00e8 tornata alla normalit\u00e0.<\/p>\n<p>&nbsp;<\/p>\n<hr \/>\n<h3><\/h3>\n<blockquote>\n<h3>AUSER IN LUTTO, E&#8217; MANCATO MARCELLO TAIAPPA<\/h3>\n<p><a class=\"dt-pswp-item\" href=\"https:\/\/www.radiopiu.net\/wordpress\/wp-content\/uploads\/2020\/07\/Taiappa.jpg\" data-dt-img-description=\"\" data-large_image_width=\"1470\" data-large_image_height=\"2274\"><img loading=\"lazy\" decoding=\"async\" class=\"wp-image-149917 alignleft\" src=\"https:\/\/www.radiopiu.net\/wordpress\/wp-content\/uploads\/2020\/07\/Taiappa.jpg\" alt=\"\" width=\"171\" height=\"264\" srcset=\"https:\/\/www.radiopiu.net\/wordpress\/wp-content\/uploads\/2020\/07\/Taiappa.jpg 1470w, https:\/\/www.radiopiu.net\/wordpress\/wp-content\/uploads\/2020\/07\/Taiappa-194x300.jpg 194w, https:\/\/www.radiopiu.net\/wordpress\/wp-content\/uploads\/2020\/07\/Taiappa-662x1024.jpg 662w, https:\/\/www.radiopiu.net\/wordpress\/wp-content\/uploads\/2020\/07\/Taiappa-768x1188.jpg 768w, https:\/\/www.radiopiu.net\/wordpress\/wp-content\/uploads\/2020\/07\/Taiappa-993x1536.jpg 993w, https:\/\/www.radiopiu.net\/wordpress\/wp-content\/uploads\/2020\/07\/Taiappa-1324x2048.jpg 1324w\" sizes=\"auto, (max-width: 171px) 100vw, 171px\" \/><\/a><\/p><\/blockquote>\n<p><strong>FELTRE<\/strong>\u00a0 Sei volontari Auser a portare la bara dell&#8217;amico presidente. Un intero paese a dargli l&#8217;estremo saluto in una chiesa impossibilitata a contenerlo. Due ali di folla sul sagrato in un ideale, sincero abbraccio ai famigliari. Un lunghissimo applauso a sugellare la stima ed il ringraziamento per l&#8217;uomo e la sua sensibilit\u00e0. Cos\u00ec \u00e8 stato salutato ieri ad Arsi\u00e8 di Feltre Marcello Taiappa. Presidente del locale Circolo Auser e componente del Direttivo nazionale dell&#8217;Associazione. Non c&#8217;era persona alla cerimonia funebre che in cuor non avesse un pensiero di riconoscenza per Marcello. Dal parroco che lo ha sempre trovato disponibile all&#8217;aiuto ed alla collaborazione, senza se e senza ma; ai dirigenti Auser nazionali e regionali &#8211; presenti ieri con il vice presidente regionale Ferruccio Pontini, Paolo Franzin e Danilo Viero \u2013 che ricordano la sua correttezza e preparazione; all&#8217;Auser provinciale \u2013 presente il vice Eldo Candeago \u2013 nel cui ambito Taiappa svolgeva con competenza anche il ruolo di revisore dei conti; ai molti presidenti dei Circoli Auser bellunesi. Ma \u00e8 stato soprattutto significativo e commovente il ricordo che testimoniato sull&#8217;altare dai volontari ed amici dell&#8217;Auser di Arsi\u00e8: \u201cNel tuo cuore c&#8217;era posto per tutti, per chiunque si trovasse in difficolt\u00e0 tu c&#8217;eri in qualsiasi momento, per ogni problema trovavi sempre la soluzione. L&#8217;Auser \u00e8 stata la tua seconda famiglia; tu sei stato la nostra guida, col tuo entusiasmo ci hai coinvolti in questo importante servizio di volontariato che quotidianamente si rivela necessario per la nostra Comunit\u00e0. La tua trasparenza e onest\u00e0 intellettuale saranno i principi a cui ci affideremo sempre\u201d.<\/p>\n<blockquote><p>&nbsp;<\/p><\/blockquote>\n<hr \/>\n<h3><\/h3>\n<div class=\"page-title-head hgroup\">\n<blockquote>\n<h3 class=\"entry-title\">INIZIA L\u2019ESCURSIONE SULLA LA FERRATA, MA NON E\u2019 IN GRADO DI PORTARLA A TERMINE<\/h3>\n<\/blockquote>\n<\/div>\n<div class=\"page-title-breadcrumbs\"><strong class=\"photoswipe-wrapper\"><img loading=\"lazy\" decoding=\"async\" class=\" wp-image-150007 alignleft jetpack-lazy-image jetpack-lazy-image--handled\" src=\"https:\/\/i1.wp.com\/www.radiopiu.net\/wordpress\/wp-content\/uploads\/2020\/07\/salt_20200717_183209_383_resized.jpg?resize=168%2C300&amp;ssl=1\" sizes=\"auto, (max-width: 168px) 100vw, 168px\" srcset=\"https:\/\/i1.wp.com\/www.radiopiu.net\/wordpress\/wp-content\/uploads\/2020\/07\/salt_20200717_183209_383_resized.jpg?resize=168%2C300&amp;ssl=1 168w, https:\/\/i1.wp.com\/www.radiopiu.net\/wordpress\/wp-content\/uploads\/2020\/07\/salt_20200717_183209_383_resized.jpg?resize=572%2C1024&amp;ssl=1 572w, https:\/\/i1.wp.com\/www.radiopiu.net\/wordpress\/wp-content\/uploads\/2020\/07\/salt_20200717_183209_383_resized.jpg?resize=768%2C1374&amp;ssl=1 768w, https:\/\/i1.wp.com\/www.radiopiu.net\/wordpress\/wp-content\/uploads\/2020\/07\/salt_20200717_183209_383_resized.jpg?resize=859%2C1536&amp;ssl=1 859w, https:\/\/i1.wp.com\/www.radiopiu.net\/wordpress\/wp-content\/uploads\/2020\/07\/salt_20200717_183209_383_resized.jpg?resize=1145%2C2048&amp;ssl=1 1145w, https:\/\/i1.wp.com\/www.radiopiu.net\/wordpress\/wp-content\/uploads\/2020\/07\/salt_20200717_183209_383_resized.jpg?w=1147&amp;ssl=1 1147w\" alt=\"\" width=\"140\" height=\"251\" data-recalc-dims=\"1\" data-lazy-loaded=\"1\" \/>CORTINA<\/strong> Una donna francese di 48 anni ieri \u00e8 partita verso Punta Anna salendo per la ferrata. Nemmeno a met\u00e0 dell\u2019intinerario attrezzato alle 14.30 l\u2019escursionista ha capito che non era pi\u00f9 in grado di proseguire, impreparata per affrontare la missione. Non gli \u00e8 rimasto come succede sempre pi\u00f9 spesso in questi casi che digitare il 118 e far decollare l\u2019elicottero del Suem. La donna \u00e8 stata recuperata con l\u2019ausilio di un verricello di 15 metri e poi trasportata al Rifugio Dibona, il compagno ha invece preferito proseguire autonomamente.<\/div>\n<blockquote>\n<h3>SCIVOLA SUL SENTIERO<\/h3>\n<\/blockquote>\n<p><strong>CALALZO<\/strong> Ieri poco prima di mezzogiorno la Centrale del 118 \u00e8 stata allertata per un&#8217;escursionista infortunatasi alla caviglia, lungo il sentiero numero 255, che dalla Capanna degli alpini sale al Rifugio Galassi, in Val d&#8217;Oten. La donna, 49 anni, di Ravenna, \u00e8 stata raggiunta da una squadra del Soccorso alpino di Pieve di Cadore, avvicinatasi in jeep per poi proseguire a piedi. Prestate le prime cure, l&#8217;infortunata \u00e8 stata imbarellata e trasportata a valle, per poi essere accompagnata all&#8217;ospedale di Pieve di Cadore.<\/p>\n<blockquote>\n<h3>RECUPERATE ESCURSIONISTE IN DIFFICOLT\u00c0<\/h3>\n<\/blockquote>\n<p><strong>LIVINALLONGO<\/strong>\u00a0Ieri alle 18.30 circa la Centrale del 118 ha allertato il Soccorso alpino di Livinallongo per due escursioniste in difficolt\u00e0. Arrivate in funivia a Porta Vescovo, le donne, milanesi di 51 e 58 anni, erano poi scese a piedi fino al Rifugio Cesa da Fuoch, chiuso in questo periodo, e non sapendo come dovevano proseguire hanno contattato il 118. Gli operatori hanno spiegato loro l&#8217;itinerario da seguire lungo le piste da sci, ma complice la stanchezza e vista la tarda ora, le due donne hanno chiesto aiuto. Una squadra del Soccorso alpino di Livinallongo le ha quindi raggiunte in fuoristrada e riaccompagnata a valle.<\/p>\n<p>&nbsp;<\/p>\n<p>&nbsp;<\/p>\n<hr \/>\n<blockquote>\n<h3><\/h3>\n<h3>LUXOTTICA: DA LUNEDI PROBLEMA PARCHEGGI CON LA RIPRESA TOTALE<\/h3>\n<\/blockquote>\n<p><strong><img loading=\"lazy\" decoding=\"async\" class=\"alignleft\" src=\"https:\/\/www.radiopiu.net\/wordpress\/wp-content\/uploads\/2017\/03\/PARCHEGGI-LUX-4.jpg\" width=\"219\" height=\"123\" \/>AGORDO<\/strong> La commissione trasporti Luxottica riporta all&#8217;attenzione il tema parcheggi presumendo nuovi disagi a partire gi\u00e0 da lunedi per chi si recher\u00e0 al lavoro con mezzi propri perch\u00e9 mancano ancora alcune linee di trasporto pubblico e che evidentemente andranno ad incrementare il traffico negli orari di punta. <em>&#8220;Lunedi lo stabilimento con il termine della cassa integrazione &#8211; ricorda la commissione trasporti &#8211; torner\u00e0 a pieno regime ma sul fronte parcheggi ci sono ancora problemi irrisolti. In questi mesi ci siamo confrontati con la direzione aziendale e Dolomitibus in varie occasioni per chiedere il completo ripristino dei servizi di trasporto pubblico collettivo sospesi con l&#8217;inizio dell&#8217;epidemia. Sono tornate attive tutte le linee nell&#8217;orario 8-17, da Belluno, Feltre per i turni diurni, la linea del Primiero solo per il turno pomeridiano. Non sono state mai riattivate, neppure parzialmente, la linea da Falcade e la navetta da Agordo&#8221;.\u00a0<\/em><\/p>\n<p>Per quanto riguarda i parcheggi: i lavori di sistemazione e ampliamento sono stati posticipati. Per questo la commissione trasporti ha proposto all&#8217;azienda (incaricata dei lavori) quanto chiede da anni: un ampliamento per l&#8217;estate dell&#8217;area destinata a biciclette e moto, oggi insufficiente. <em>&#8220;Al riguardo &#8211; dice la commissione &#8211; abbiamo presentate ipotesi concrete di veloce realizzazione e a costo zero. Luxottica non si \u00e8 ancora pronunciata riservandosi di valutare le proposte ma senza anticipare scadenze per un&#8217;eventuale realizzazione&#8221;<\/em><\/p>\n<p>&nbsp;<\/p>\n<hr \/>\n<p>&nbsp;<\/p>\n<blockquote>\n<h3>HA PRESO IL VIA LA MISSIONE &#8220;PONTI&#8221; IN VALLE DEL BIOIS<\/h3>\n<p>di Mirko Mezzacasa<\/p><\/blockquote>\n<p><strong><a class=\"dt-pswp-item\" href=\"https:\/\/www.radiopiu.net\/wordpress\/wp-content\/uploads\/2020\/07\/3cSDF.jpg\" data-dt-img-description=\"\" data-large_image_width=\"1024\" data-large_image_height=\"497\"><img loading=\"lazy\" decoding=\"async\" class=\"size-medium wp-image-149942 alignleft\" src=\"https:\/\/www.radiopiu.net\/wordpress\/wp-content\/uploads\/2020\/07\/3cSDF-300x146.jpg\" alt=\"\" width=\"300\" height=\"146\" srcset=\"https:\/\/www.radiopiu.net\/wordpress\/wp-content\/uploads\/2020\/07\/3cSDF-300x146.jpg 300w, https:\/\/www.radiopiu.net\/wordpress\/wp-content\/uploads\/2020\/07\/3cSDF-768x373.jpg 768w, https:\/\/www.radiopiu.net\/wordpress\/wp-content\/uploads\/2020\/07\/3cSDF.jpg 1024w\" sizes=\"auto, (max-width: 300px) 100vw, 300px\" \/><\/a>FALCADE<\/strong> Come gi\u00e0 anticipato ieri grazie ai fondi Vaia saranno presto progettati due ponti in Comune di Falcade, \u00e8 stato ratificato in consiglio comunale, dopo la riunione di Giunta facendo leva sull&#8217;ultima variazione al bilancio. Due ponti importanti non solo per dare continuit\u00e0 alla pista ciclabile e garantire un percorso turistico di alto livello, ma anche per garantire una via d&#8217;emergenza alla Valle del Biois perch\u00e9 la regionale 346 del San Pellegrino ha abituato spesso a caduta sassi, frane e interruzioni, l&#8217;ultima nemmeno tanto tempo fa con il masso caduto in localit\u00e0 La Mora al confine con il Comune di Canale d&#8217;Agordo. Il Ponte sul Biois tra Falcade e Canale d&#8217;Agordo, travolto dall&#8217;onda di piena nei giorni di Vaia e oggi realizzato in emergenza sar\u00e0 ricostruito (importo dei lavori 800 mila euro, progetto affidato all&#8217;ingegnere agordino Luca Luchetta e sar\u00e0 transitabile in caso di emergenza da qualsiasi mezzo). In fase di progettazione anche il ponte sul torrente Gavon distrutto non da un nubifragio ma da un camion di asfalti <em>(foto) <\/em>che non \u00e8 mai stato chiarito perch\u00e9 si trovasse nel posto sbagliato al momento sbagliato, che poi ogni momento \u00e8 sbagliato per transitare li sopra con un camion.<em> &#8220;Il ponte verr\u00e0 costruito ex novo e non rappezzato dopo i danni\u00a0 -assicura il vicesindaco Giovanni Ferrini &#8211; tra l&#8217;altro anche l&#8217;assicurazione ha gi\u00e0 effettuato le perizie del caso dopo l&#8217;incidente dello scorso anno. Coster\u00e0 500 mila euro e permetter\u00e0 il transito a mezzi in caso di emergenza, progetto dell&#8217;Agordino Matteo Tancon &#8220;<\/em>. Il vicesindaco in questi giorni ha risolto inoltre un altro problema, quello dell&#8217;ordigno rinvenuto nei pressi del torrente Biois. <em>&#8220;Il proiettile da 55 risalente alla Grande Guerra &#8211; conclude Ferrini &#8211; \u00e8 stato recuperato e portato altrove per il brillamento. Decisione importante anche perch\u00e9 siamo nel pieno della stagione turistica e l&#8217;afflusso in zona \u00e8 notevole, ogni giorno&#8221;.<\/em><\/p>\n<p><strong>IERI ALLA RADIO L&#8217;INTERVENTO DEL SINDACO MICHELE COSTA IN CONSIGLIO COMUNALE, PARTICOLARI PROGETTUALI DEI PONTI E AFFIDAMENTO INCARICHI<\/strong><\/p>\n<audio class=\"wp-audio-shortcode\" id=\"audio-149944-2\" preload=\"none\" style=\"width: 100%;\" controls=\"controls\"><source type=\"audio\/mpeg\" src=\"https:\/\/www.radiopiu.net\/wordpress\/wp-content\/uploads\/2020\/07\/COSTA-LAVORI-PUBBLICI.mp3?_=2\" \/><a href=\"https:\/\/www.radiopiu.net\/wordpress\/wp-content\/uploads\/2020\/07\/COSTA-LAVORI-PUBBLICI.mp3\">https:\/\/www.radiopiu.net\/wordpress\/wp-content\/uploads\/2020\/07\/COSTA-LAVORI-PUBBLICI.mp3<\/a><\/audio>\n<p>&nbsp;<\/p>\n<blockquote>\n<h3>DAL CORRIERE DELLE ALPI, GIANNI SANTOMASO<\/h3>\n<audio class=\"wp-audio-shortcode\" id=\"audio-149944-3\" preload=\"none\" style=\"width: 100%;\" controls=\"controls\"><source type=\"audio\/mpeg\" src=\"https:\/\/www.radiopiu.net\/wordpress\/wp-content\/uploads\/2020\/07\/GIANNI-FALCADE.mp3?_=3\" \/><a href=\"https:\/\/www.radiopiu.net\/wordpress\/wp-content\/uploads\/2020\/07\/GIANNI-FALCADE.mp3\">https:\/\/www.radiopiu.net\/wordpress\/wp-content\/uploads\/2020\/07\/GIANNI-FALCADE.mp3<\/a><\/audio><\/blockquote>\n<p>&nbsp;<\/p>\n<hr \/>\n<h3><\/h3>\n<div id=\"main\" class=\"sidebar-right sidebar-divider-vertical\">\n<div class=\"wf-wrap\">\n<div class=\"wf-container-main\">\n<div id=\"content\" class=\"content\" role=\"main\">\n<article id=\"post-149993\" class=\"post-149993 post type-post status-publish format-standard has-post-thumbnail category-news-18 category-49 description-off\">\u00a0<\/article>\n<\/div>\n<\/div>\n<\/div>\n<\/div>\n<p>&nbsp;<\/p>\n<blockquote>\n<h3>3 DECESSI, 30 POSITIVI IN PI\u00d9 E 92 PERSONE FINISCONO IN ISOLAMENTO DOMICILIARE NELLE ULTIME 24 ORE IN VENETO. A BELLUNO 2 NUOVI POSITIVI, 8 PERSONE IN PI\u00d9 IN ISOLAMENTO DOMICILIARE<br \/>\ndi Mirko Mezzacasa<\/h3>\n<\/blockquote>\n<p>In Italia\u00a0 l&#8217;indice di contagio\u00a0 R con t, per la prima volta dalla fine del lockdown\u00a0 sale di nuovo (1,01) seppure di poco ma sopra la soglia di sicurezza di 1. Scende il numero delle Regioni in stato di pre-allerta Covid,\u00a0 da 10 a 4. Le regioni attenzionate\u00a0 sono Emilia Romagna, Lazio, Marche e Veneto, tutte a causa di nuovi focolai e virus di importazione da Paesi a rischio. Sei regioni a rischio: Lazio con indice a 1,29, Lombardia a 1,15, Piemonte 1,09, Toscana\u00a0 1,31 e Veneto\u00a0 1,26, a causa dei 42 immigrati africani risultati positivi nel centro di accoglienza di Jesolo.\u00a0 Il ritorno della paura nel Veneto, si innalza l&#8217;incide Rt, 30 i nuovi positivi in sole 24 ore, in aumento gli attualmente positivi (+21) i ricoverati (+2) e le persone in isolamento (+92) \u00a0ora 1.617, ed \u00e8 un aumento che prosegue da 10 giorni; Il 1 luglio, le persone in isolamento domiciliare erano 758 ora\u00a0 pi\u00f9 del doppio. Mentre sono superiori di cinque volte i nuovi contagi emersi: il primo del mese erano sei, ieri erano trenta.\u00a0 Record negativo per Verona,457 persone sono sottoposte all&#8217;isolamento domiciliare preventivo,\u00a0 seguono le province di Treviso (377) e di Venezia (274) a Belluno i casi di isolamento salgono di nuovo a 200 con un aumento di 8 in 24 ore. <strong>I NUMERI\u00a0 IN VENETO:<\/strong>\u00a0TOTALE POSITIVI 19534 (+30)\u00a0 ATTUALMENTE POSITIVI \u00a0509 (+21)\u00a0 DECESSI 2049 (+3) NEGATIVIZZATI 16976 (+6) IN ISOLAMENTO 1617 (+92)\u00a0 RICOVERATI\u00a0 128 (+2 \u2013 34 POSITIVI, 94 NEGATIVIZZATI), NEGLI OSPEDALI DI COMUNITA\u2019 RICOVERATI 17 (0, 1 POSITIVI,\u00a0 16 NEGATIVIZZATI), IN TERAPIA INTENSIVA 8 (-1 \u2013 2 POSITIVI, \u00a06 NEGATIVIZZATI). DIMESSI 3687 (+4)<br \/>\n<strong>I NUMERI IN PROVINCIA:<\/strong>\u00a0TOTALE CONTAGI 1202 (+2) , ATTUALMENTE POSITIVI 16 (-2) , DECEDUTI 113 (0), NEGATIVIZZATI 1073 (+4) ISOLAMENTO DOMICILIARE 200 (+8) RICOVERATI IN OSPEDALE AL SAN MARTINO 3 (0)<\/p>\n<p>&nbsp;<\/p>\n<p>&nbsp;<\/p>\n<hr \/>\n<blockquote class=\"wp-embedded-content\" data-secret=\"9bmEujWauK\"><p><a href=\"https:\/\/www.radiopiu.net\/wordpress\/coronavirus-aggiornamento-nazionale-17-luglio\/\">CORONAVIRUS: AGGIORNAMENTO NAZIONALE 17 LUGLIO<\/a><\/p><\/blockquote>\n<p><iframe loading=\"lazy\" class=\"wp-embedded-content\" sandbox=\"allow-scripts\" security=\"restricted\" style=\"position: absolute; clip: rect(1px, 1px, 1px, 1px);\" title=\"&#8220;CORONAVIRUS: AGGIORNAMENTO NAZIONALE 17 LUGLIO&#8221; &#8212; Radio Pi\u00f9\" src=\"https:\/\/www.radiopiu.net\/wordpress\/coronavirus-aggiornamento-nazionale-17-luglio\/embed\/#?secret=9bmEujWauK\" data-secret=\"9bmEujWauK\" width=\"600\" height=\"338\" frameborder=\"0\" marginwidth=\"0\" marginheight=\"0\" scrolling=\"no\"><\/iframe><\/p>\n<p>&nbsp;<\/p>\n<hr \/>\n<p>&nbsp;<\/p>\n<blockquote class=\"wp-embedded-content\" data-secret=\"N9PatGgosv\"><p><a href=\"https:\/\/www.radiopiu.net\/wordpress\/3-decessi-30-positivi-in-piu-e-92-persone-finiscono-in-isolamento-domiciliare-nelle-ultime-24-ore-in-veneto-a-belluno-2-nuovi-positivi-8-persone-in-piu-in-isolamento-domiciliare\/\">3 DECESSI, 30 POSITIVI IN PI\u00d9 E 92 PERSONE FINISCONO IN ISOLAMENTO DOMICILIARE NELLE ULTIME 24 ORE IN VENETO. A BELLUNO 2 NUOVI POSITIVI, 8 PERSONE IN PI\u00d9 IN ISOLAMENTO DOMICILIARE<\/a><\/p><\/blockquote>\n<p><iframe loading=\"lazy\" class=\"wp-embedded-content\" sandbox=\"allow-scripts\" security=\"restricted\" style=\"position: absolute; clip: rect(1px, 1px, 1px, 1px);\" title=\"&#8220;3 DECESSI, 30 POSITIVI IN PI\u00d9 E 92 PERSONE FINISCONO IN ISOLAMENTO DOMICILIARE NELLE ULTIME 24 ORE IN VENETO. A BELLUNO 2 NUOVI POSITIVI, 8 PERSONE IN PI\u00d9 IN ISOLAMENTO DOMICILIARE&#8221; &#8212; Radio Pi\u00f9\" src=\"https:\/\/www.radiopiu.net\/wordpress\/3-decessi-30-positivi-in-piu-e-92-persone-finiscono-in-isolamento-domiciliare-nelle-ultime-24-ore-in-veneto-a-belluno-2-nuovi-positivi-8-persone-in-piu-in-isolamento-domiciliare\/embed\/#?secret=N9PatGgosv\" data-secret=\"N9PatGgosv\" width=\"600\" height=\"338\" frameborder=\"0\" marginwidth=\"0\" marginheight=\"0\" scrolling=\"no\"><\/iframe><\/p>\n<p><em><strong>DATI E GRAFICI COVID-19 IN VENETO&#8230;A CURA DI TIZIANO DE COL<\/strong><\/em><\/p>\n<p><a class=\"dt-pswp-item\" href=\"https:\/\/www.radiopiu.net\/wordpress\/wp-content\/uploads\/2020\/07\/Schermata-2020-07-17-alle-19.42.00.png\" data-dt-img-description=\"\" data-large_image_width=\"808\" data-large_image_height=\"444\"><img loading=\"lazy\" decoding=\"async\" class=\"alignnone wp-image-150013\" src=\"https:\/\/www.radiopiu.net\/wordpress\/wp-content\/uploads\/2020\/07\/Schermata-2020-07-17-alle-19.42.00-300x165.png\" alt=\"\" width=\"407\" height=\"224\" srcset=\"https:\/\/www.radiopiu.net\/wordpress\/wp-content\/uploads\/2020\/07\/Schermata-2020-07-17-alle-19.42.00-300x165.png 300w, https:\/\/www.radiopiu.net\/wordpress\/wp-content\/uploads\/2020\/07\/Schermata-2020-07-17-alle-19.42.00-768x422.png 768w, https:\/\/www.radiopiu.net\/wordpress\/wp-content\/uploads\/2020\/07\/Schermata-2020-07-17-alle-19.42.00.png 808w\" sizes=\"auto, (max-width: 407px) 100vw, 407px\" \/><\/a><a class=\"dt-pswp-item\" href=\"https:\/\/www.radiopiu.net\/wordpress\/wp-content\/uploads\/2020\/07\/9dc65cf7-c037-48cf-87ae-457bcbd787e5.jpg\" data-dt-img-description=\"\" data-large_image_width=\"480\" data-large_image_height=\"359\"><img loading=\"lazy\" decoding=\"async\" class=\"alignnone size-medium wp-image-150014\" src=\"https:\/\/www.radiopiu.net\/wordpress\/wp-content\/uploads\/2020\/07\/9dc65cf7-c037-48cf-87ae-457bcbd787e5-300x224.jpg\" alt=\"\" width=\"300\" height=\"224\" srcset=\"https:\/\/www.radiopiu.net\/wordpress\/wp-content\/uploads\/2020\/07\/9dc65cf7-c037-48cf-87ae-457bcbd787e5-300x224.jpg 300w, https:\/\/www.radiopiu.net\/wordpress\/wp-content\/uploads\/2020\/07\/9dc65cf7-c037-48cf-87ae-457bcbd787e5.jpg 480w\" sizes=\"auto, (max-width: 300px) 100vw, 300px\" \/><\/a><\/p>\n<p>&nbsp;<\/p>\n<p>&nbsp;<\/p>\n<hr \/>\n<p>&nbsp;<\/p>\n<p>&nbsp;<\/p>\n<p>&nbsp;<\/p>\n<p>&nbsp;<\/p>\n<div class=\"page-title-head hgroup\">\n<blockquote>\n<h3 class=\"entry-title\">BUON LAVORO AL NUOVO \u201cPRESIDE\u201d GIOVANNI PAOLO ZANIN<\/h3>\n<\/blockquote>\n<\/div>\n<div class=\"page-title-breadcrumbs\">\n<p><strong><img loading=\"lazy\" decoding=\"async\" class=\"alignleft jetpack-lazy-image jetpack-lazy-image--handled\" src=\"https:\/\/i0.wp.com\/www.radiopiu.net\/wordpress\/wp-content\/uploads\/2017\/12\/PRESIDE-GIOVANNI-PAOLO-ZANIN.jpg?resize=214%2C161&amp;ssl=1\" width=\"214\" height=\"161\" data-recalc-dims=\"1\" data-lazy-loaded=\"1\" \/>AGORDO<\/strong> Correttamente dirigente scolastico, ma per quelli della mia generazione \u00e8 pi\u00f9 facile chiamarlo \u201cpreside\u201d. Il riferimento al professor Giovanni Paolo Zanin che ha assunto l\u2019importante incarico di dirigente scolastico all\u2019Istituto Comprensivo di Agordo con riferimento alle scuole dell\u2019infanzia di Gosaldo, Rivamonte, Voltago, Taibon. Scuola primarie di\u00a0 Agordo, La Valle, Taibon, Gosaldo, Rivamonte, Voltago. Scuole\u00a0 secondarie di primo grado di Agordo. Subentra a Bernardino Chiocchetti, il dirigente che ha recentemente raggiunto il traguardo della pensione. Giovanni Paolo\u00a0 Zanin ha gi\u00e0 diretto il polo scolastico di Agordo \u201cUmberto Follador -De Rossi\u201d, e fino allo scorso anno scolastico il comprensivo di Cencenighe, Alleghe e Caprile. Al dirigente agordino che il 1 settembre ritorna ad Agordo l\u2019augurio di buon lavoro.\u00a0 (mm)<\/p>\n<blockquote><p><em>Giovanni Paolo Zanin, dirigente scolastico\u00a0 dal 2012\/13 al 2014\/15 IC Cortina d\u2019Ampezzo; 2015\/16: IC Alleghe con reggenza IC Cencenighe; 2016\/17: IC Alleghe; 2017\/18 e 2018\/19: IIS Follador con reggenza IC Alleghe; 2019\/20: IC Cencenighe con reggenza IC Alleghe.<\/em><\/p><\/blockquote>\n<p>In provincia unico altro incarico, la conferma del prof. Mario Baldasso (gi\u00e0 al comprensivo di Cencenighe dal 2012\/13 alove 2014\/15) al liceo Dal Piaz di Feltre. All\u2019Istituto Follador De Rossi lo scorso anno era dirigente scolastico la professoressa Renata Dal Farra titolare all\u2019Istituto Calvi di Belluno con la reggenza ad Agordo e Falcade.<\/p>\n<p>&nbsp;<\/p>\n<p>&nbsp;<\/p>\n<hr \/>\n<p>&nbsp;<\/p>\n<\/div>\n<blockquote>\n<h3>OBIETTIVO SVILUPPO E PROMOZIONE DEL TERRITORIO &#8220;PRESUNZIONE DI ALLEANZA&#8221;<\/h3>\n<\/blockquote>\n<p><strong><a class=\"dt-pswp-item\" href=\"https:\/\/www.radiopiu.net\/wordpress\/wp-content\/uploads\/2020\/07\/PHOTO-2020-07-16-15-04-59.jpg\" data-dt-img-description=\"\" data-large_image_width=\"2000\" data-large_image_height=\"1500\"><img loading=\"lazy\" decoding=\"async\" class=\"size-medium wp-image-149913 alignleft\" src=\"https:\/\/www.radiopiu.net\/wordpress\/wp-content\/uploads\/2020\/07\/PHOTO-2020-07-16-15-04-59-300x225.jpg\" alt=\"\" width=\"300\" height=\"225\" srcset=\"https:\/\/www.radiopiu.net\/wordpress\/wp-content\/uploads\/2020\/07\/PHOTO-2020-07-16-15-04-59-300x225.jpg 300w, https:\/\/www.radiopiu.net\/wordpress\/wp-content\/uploads\/2020\/07\/PHOTO-2020-07-16-15-04-59-1024x768.jpg 1024w, https:\/\/www.radiopiu.net\/wordpress\/wp-content\/uploads\/2020\/07\/PHOTO-2020-07-16-15-04-59-768x576.jpg 768w, https:\/\/www.radiopiu.net\/wordpress\/wp-content\/uploads\/2020\/07\/PHOTO-2020-07-16-15-04-59-1536x1152.jpg 1536w, https:\/\/www.radiopiu.net\/wordpress\/wp-content\/uploads\/2020\/07\/PHOTO-2020-07-16-15-04-59.jpg 2000w\" sizes=\"auto, (max-width: 300px) 100vw, 300px\" \/><\/a>BORGO VALBELLUNA<\/strong> L\u2019obiettivo finale \u00e8 quello di valorizzare il territorio e renderlo attrattivo. Non solo per chi viene da fuori, ma anche per chi lo abita, nell&#8217;ottica soprattutto di garantire un futuro alle giovani generazioni. Il Gal Prealpi Dolomiti ci sta lavorando da tempo e negli ultimi anni \u00e8 riuscito a costruire una fitta rete di soggetti che pur da diverse angolature puntano tutti alle stesse finalit\u00e0. Lo si \u00e8 visto chiaramente ieri a Malga Canidi (Borgo Valbelluna), nell&#8217;incontro organizzato proprio per fare il punto delle progettualit\u00e0 messe a sistema dal Gal Prealpi Dolomiti e per avviare una condivisione del percorso che porter\u00e0 alla programmata 2021-2027. Ospiti, oltre al direttivo, anche tutti i soci partner del Gruppo di Azione Locale, <a class=\"dt-pswp-item\" href=\"https:\/\/www.radiopiu.net\/wordpress\/wp-content\/uploads\/2020\/07\/PHOTO-2020-07-16-15-04-59-1.jpg\" data-dt-img-description=\"\" data-large_image_width=\"2000\" data-large_image_height=\"1500\"><img loading=\"lazy\" decoding=\"async\" class=\"size-medium wp-image-149914 alignright\" src=\"https:\/\/www.radiopiu.net\/wordpress\/wp-content\/uploads\/2020\/07\/PHOTO-2020-07-16-15-04-59-1-300x225.jpg\" alt=\"\" width=\"300\" height=\"225\" srcset=\"https:\/\/www.radiopiu.net\/wordpress\/wp-content\/uploads\/2020\/07\/PHOTO-2020-07-16-15-04-59-1-300x225.jpg 300w, https:\/\/www.radiopiu.net\/wordpress\/wp-content\/uploads\/2020\/07\/PHOTO-2020-07-16-15-04-59-1-1024x768.jpg 1024w, https:\/\/www.radiopiu.net\/wordpress\/wp-content\/uploads\/2020\/07\/PHOTO-2020-07-16-15-04-59-1-768x576.jpg 768w, https:\/\/www.radiopiu.net\/wordpress\/wp-content\/uploads\/2020\/07\/PHOTO-2020-07-16-15-04-59-1-1536x1152.jpg 1536w, https:\/\/www.radiopiu.net\/wordpress\/wp-content\/uploads\/2020\/07\/PHOTO-2020-07-16-15-04-59-1.jpg 2000w\" sizes=\"auto, (max-width: 300px) 100vw, 300px\" \/><\/a>insieme al presidente della Provincia, Roberto Padrin. Due le parole chiave che contraddistinguono l\u2019attivit\u00e0 del Gal, e che costituiranno la base su cui promuovere e potenziare le strategie territoriali; le ha illustrate il direttore, Matteo Aguanno, dopo aver delineato il bilancio di attivit\u00e0 dell\u2019ultimo periodo (con 7,5 milioni di euro di progetti finanziati durante il settennato che si sta per chiudere). Le prima parola chiave \u00e8 \u201ccatena di valore\u201d, vale a dire la volont\u00e0 di creare reti per le progettualit\u00e0 con l\u2019obiettivo di far crescere e portare valore a tutto il territorio. La seconda parola chiave \u00e8 invece \u201cpresunzione di alleanza\u201d,<em> \u00abperch\u00e9 tutti coloro che vogliono far crescere il territorio devono partire dall\u2019idea di alleanza strategica &#8211; ha spiegato Aguanno -. In questo partiamo avvantaggiati, perch\u00e9 vedo gi\u00e0 grande collaborazione. Il Gal avr\u00e0 il compito di fare da facilitatore di questo gioco di squadra\u00bb.<\/em><\/p>\n<p>&nbsp;<\/p>\n<p><strong>AI MICROFONI DI RADIO PIU&#8217; IL PRESIDENTE DELLA PROVINCIA ROBERTO PADRIN<\/strong><\/p>\n<audio class=\"wp-audio-shortcode\" id=\"audio-149944-4\" preload=\"none\" style=\"width: 100%;\" controls=\"controls\"><source type=\"audio\/mpeg\" src=\"https:\/\/www.radiopiu.net\/wordpress\/wp-content\/uploads\/2020\/07\/Roberto-Padrin-su-incontro-associati-Gal-2-1.mp3?_=4\" \/><a href=\"https:\/\/www.radiopiu.net\/wordpress\/wp-content\/uploads\/2020\/07\/Roberto-Padrin-su-incontro-associati-Gal-2-1.mp3\">https:\/\/www.radiopiu.net\/wordpress\/wp-content\/uploads\/2020\/07\/Roberto-Padrin-su-incontro-associati-Gal-2-1.mp3<\/a><\/audio>\n<p>&nbsp;<\/p>\n<p><strong>AI MICROFONI DI RADIO PIU&#8217; IL PRESIDENTE DEL GAL PREALPI DOLOMITI ALBERTO PETERLE<\/strong><\/p>\n<audio class=\"wp-audio-shortcode\" id=\"audio-149944-5\" preload=\"none\" style=\"width: 100%;\" controls=\"controls\"><source type=\"audio\/mpeg\" src=\"https:\/\/www.radiopiu.net\/wordpress\/wp-content\/uploads\/2020\/07\/Alberto-Peterle-su-incontro-associati-Gal-2.mp3?_=5\" \/><a href=\"https:\/\/www.radiopiu.net\/wordpress\/wp-content\/uploads\/2020\/07\/Alberto-Peterle-su-incontro-associati-Gal-2.mp3\">https:\/\/www.radiopiu.net\/wordpress\/wp-content\/uploads\/2020\/07\/Alberto-Peterle-su-incontro-associati-Gal-2.mp3<\/a><\/audio>\n<p>&nbsp;<\/p>\n<p>&nbsp;<\/p>\n<p>&nbsp;<\/p>\n<hr \/>\n<p>&nbsp;<\/p>\n<blockquote>\n<h3><b>MODIFICHE NELL\u2019ORARIO DEI BUS: DA LUNED\u00cc 20 NUOVE CORSE IN PROVINCIA, A BELLUNO E AURONZO<\/b><\/h3>\n<\/blockquote>\n<p><strong>BELLUNO\u00a0<\/strong>Da luned\u00ec prossimo (20 luglio) interverranno alcune modifiche negli orari delle corse di bus e corriere. La Provincia, infatti, ha dato il via libera alla richiesta di integrazione dei quadri orari di Dolomitibus. Le novit\u00e0 riguardano diverse linee extraurbane, oltre al servizio urbano di Belluno e Auronzo.\u00a0Le modifiche orarie che entreranno in vigore da luned\u00ec 20 luglio riguardano alcune nuove corse del servizio extraurbano per un\u2019aggiunta di 87 chilometri in pi\u00f9 al giorno. Inoltre, saranno inserite nell\u2019urbano di Auronzo anche una corsa di andata e una di ritorno da Reane a San Marco, per collegare in modo migliore l\u2019intero territorio comunale anche a scopo turistico (in questo caso, l\u2019aggiunta \u00e8 di 25 chilometri al giorno). Infine, qualche limatura oraria anche per le linee Lilla e Gialla dell\u2019urbano di Belluno, con l\u2019obiettivo di migliorare il servizio alle frazioni.<\/p>\n<p>&nbsp;<\/p>\n<p>&nbsp;<\/p>\n<hr \/>\n<p>&nbsp;<\/p>\n<blockquote>\n<h3>IL NO ALLA CENTRALINA SUL LIERA: LA STORIA DAL 2011 AL NO DEFINITIVO<\/h3>\n<p><em>&#8220;Vale sempre la pena di battersi per qualcosa che vale. Meglio farlo \u201cinsieme\u201d, unendo le forze, pensando positivo, senza mai rinunciare alla speranza di poter raggiungere, infine, l\u2019 obiettivo che ci si \u00e8 dati. Pare proprio che questa piccola grande battaglia in difesa del nostro torrente si sia conclusa nel migliore dei modi&#8221;.\u00a0<\/em><\/p><\/blockquote>\n<p><strong>CANALE D&#8217;AGORDO<\/strong>\u00a0 E&#8217; ormai assodato che la centralina sul Liera \u00e8 stata bocciata, non si far\u00e0. Il Comitato Regionale preposto alla Valutazione di Impatto Ambientale, ha respinto il progetto, dichiarandone la non fattibilit\u00e0. Contro l&#8217;idea progettuale si \u00e8 battuto un paese, in <a class=\"dt-pswp-item\" href=\"https:\/\/www.radiopiu.net\/wordpress\/wp-content\/uploads\/2020\/07\/Valle-Liera-Canale-d-Agordo-Gares-101.jpg\" data-dt-img-description=\"\" data-large_image_width=\"500\" data-large_image_height=\"335\"><img loading=\"lazy\" decoding=\"async\" class=\"size-medium wp-image-149932 alignleft\" src=\"https:\/\/www.radiopiu.net\/wordpress\/wp-content\/uploads\/2020\/07\/Valle-Liera-Canale-d-Agordo-Gares-101-300x201.jpg\" alt=\"\" width=\"300\" height=\"201\" srcset=\"https:\/\/www.radiopiu.net\/wordpress\/wp-content\/uploads\/2020\/07\/Valle-Liera-Canale-d-Agordo-Gares-101-300x201.jpg 300w, https:\/\/www.radiopiu.net\/wordpress\/wp-content\/uploads\/2020\/07\/Valle-Liera-Canale-d-Agordo-Gares-101.jpg 500w\" sizes=\"auto, (max-width: 300px) 100vw, 300px\" \/><\/a>testa Giulia Fiocco consigliere di minoranza che esprime soddisfazione per questo risultato. Abbiamo chiesto di riassumerci i passaggi principali di questa vicenda che ha inizio ben nove anni fa,.<\/p>\n<blockquote><p><strong>Nel 2011<\/strong>, due societ\u00e0 private presentano istanza di concessione dell\u2019 acqua per realizzare un nuovo impianto idroelettrico, questa volta sulla Liera Alta, con opera di presa a monte delle case di Palafachina e centrale di produzione a Campion, nei pressi della presa comunale. Da subito, cittadini ed associazioni manifestano la loro contrariet\u00e0: sul torrente Liera ci sono gi\u00e0 una presa Enel ed una centralina del Comune, in successione, i cui effetti sullo stato del torrente sono evidenti. A monte di Campion invece il Liera \u00e8 ancora bel un corso d\u2019 acqua alpino (peraltro classificato in stato Elevato da Arpav) e tale dovrebbe rimanere. Perch\u00e9 questo ulteriore sfruttamento? A vantaggio di chi? Con quali conseguenze, sull\u2019ambiente e sul paesaggio? L\u2019 amministrazione De Rocco si attiva immediatamente presentando, appena in tempo, un proprio progetto in concorrenza, cosa che allora pareva l\u2019unico mezzo efficace per contrastare l\u2019 iniziativa dei privati. <strong>Nel 2014<\/strong> la Commissione chiamata a valutare le domande, ritenendo i progetti sostanzialmente equivalenti, opta per la domanda presentata prima, quella della societ\u00e0 Dolomiti Derivazioni, che diviene cos\u00ec l\u2019unica procedibile. Questa decisione \u00e8 inaccettabile per Il Comune di Canale che presenta un primo ricorso al Tribunale Superiore delle Acque Pubbliche. <strong>Nel dicembre 2016<\/strong> un nuovo ricorso per ottenere l\u2019 annullamento della concessione dell\u2019 acqua alla societ\u00e0. Anche il comitato \u201cCittadini per il territorio\u201d si attiva, si interroga, interpella altre associazioni per decidere come muoversi, cosa fare concretamente in difesa del torrente. La decisione \u00e8, alla fine, quella di presentare al medesimo tribunale un proprio ricorso <strong>(febbraio 2017)<\/strong> per ottenere l\u2019 annullamento della concessione alla societ\u00e0 Dolomiti Derivazioni. Perch\u00e9 un nuovo ricorso? Non \u00e8 superfluo? In quelli presentati dal Comune c\u2019\u00e8 qualcosa di contraddittorio, non ci sono garanzie che il Tribunale Superiore possa accoglierli. La previsione si riveler\u00e0 fondata: <strong>nel 2018<\/strong>, con un\u2019 unica sentenza, verr\u00e0 dichiarato inammissibile il primo, respinto il secondo. Il resto \u00e8 noto: deciso per il ricorso dei cittadini, inizia un lungo percorso che ha richiesto un certo impegno: la sottoscrizione tra i cittadini per raccogliere il denaro necessario, la lettura degli atti e della normativa, la collaborazione stretta con lo studio legale, i sopralluoghi sul torrente, le foto, la relazione del dott. B. Boz, esperto di biologia fluviale.\u00a0 Quanto il nostro avvocato ha richiesto, utile per la causa, noi abbiamo cercato di fornirlo, sempre con una certa ansia ma anche fiduciosi nel risultato finale, che non \u00e8 mancato: il ricorso dei cittadini, come \u00e8 noto, \u00e8 stato infatti accolto e quindi annullata la concessione dell\u2019 acqua alla Dolomiti Derivazioni. <strong>A febbraio 2019<\/strong> la societ\u00e0 ha presentato alla regione istanza di valutazione di impatto ambientale, preliminare alla richiesta di autorizzazione per la costruzione e gestione del nuovo impianto idroelettrico. Fino ai primi di dicembre dello scorso anno c\u2019 era tempo per presentare delle osservazioni, cosa che \u00e8 stata fatta: sei osservazioni, compresa quella dei pescatori locali, sono state inviate al Comitato VIA tramite il Comune e a nome dello stesso. Il Sindaco Colcergnan le ha firmate, conferendo alle stesse un peso che altrimenti non avrebbero avuto e di questo lo ringraziamo sinceramente.\u00a0 Determinanti, nella decisione del Comitato VIA, sono stati comunque i pareri negativi di alcune Istituzioni: l\u2019 Autorit\u00e0 di Bacino, il Ministero per i beni e le attivit\u00e0 culturali e per il turismo, la Giunta Regionale (parere forestale, nonch\u00e9 parere della Direzione Turismo).\u00a0 (foto magico veneto.it)<\/p><\/blockquote>\n<p>&nbsp;<\/p>\n<p>&nbsp;<\/p>\n<hr \/>\n<p>&nbsp;<\/p>\n<blockquote>\n<h3>CONTRIBUTI A FONDO PERDUTO, D\u2019INC\u00c0: \u201cIN VENETO PAGATI OLTRE 400 MILIONI DI EURO\u201d<\/h3>\n<\/blockquote>\n<p><strong><a class=\"dt-pswp-item\" href=\"https:\/\/www.radiopiu.net\/wordpress\/wp-content\/uploads\/2020\/04\/FEDERICO-DINCA.png\" data-dt-img-description=\"\" data-large_image_width=\"1018\" data-large_image_height=\"1290\"><img loading=\"lazy\" decoding=\"async\" class=\"size-medium wp-image-132319 alignleft\" src=\"https:\/\/www.radiopiu.net\/wordpress\/wp-content\/uploads\/2020\/04\/FEDERICO-DINCA-237x300.png\" alt=\"\" width=\"237\" height=\"300\" srcset=\"https:\/\/www.radiopiu.net\/wordpress\/wp-content\/uploads\/2020\/04\/FEDERICO-DINCA-237x300.png 237w, https:\/\/www.radiopiu.net\/wordpress\/wp-content\/uploads\/2020\/04\/FEDERICO-DINCA-808x1024.png 808w, https:\/\/www.radiopiu.net\/wordpress\/wp-content\/uploads\/2020\/04\/FEDERICO-DINCA-768x973.png 768w, https:\/\/www.radiopiu.net\/wordpress\/wp-content\/uploads\/2020\/04\/FEDERICO-DINCA.png 1018w\" sizes=\"auto, (max-width: 237px) 100vw, 237px\" \/><\/a>ROMA\u00a0<\/strong>\u201c<em>In Veneto sono stati pagati oltre 400 milioni di euro di contributi a fondo perduto, la misura del Governo avviata lo scorso 15 giugno, per dare un sostegno ai lavoratori con partita Iva che esercitano attivit\u00e0 d\u2019impresa o di lavoro autonomo o a coloro che sono titolari di reddito agrario<\/em>\u201d.\u00a0Lo dichiara Federico D\u2019Inc\u00e0, Ministro per i Rapporti con il Parlamento in riferimento ai dati sul contributo a fondo perduto in Veneto.\u00a0\u201c<em>Nello specifico \u2013 prosegue D\u2019Inc\u00e0 \u2013 il contributo pagato ammonta a 426.945.327 euro a fronte di 122.468 istanze pagate. A livello nazionale, invece, le istanze pagate sono state 1.369.492 per un totale di 4.261.066.999 euro pagati<\/em>\u201d.\u00a0\u201c<em>Si tratta di un contributo minimo di 1.000 euro per le persone fisiche e di 2.000 euro per soggetti diversi dalle persone fisiche \u2013 osserva D\u2019Inc\u00e0, che aggiunge -: tra i requisiti occorre non avere conseguito ricavi superiori a 5 milioni di euro per l\u2019anno 2019, e che l\u2019ammontare del fatturato e dei corrispettivi di aprile 2020 siano inferiori ai due terzi di quelli di aprile 2019<\/em>\u201d.\u00a0Il Ministro per i Rapporti con il Parlamento ricorda che \u201cil contributo viene accreditato dall&#8217;Agenzia delle Entrate sul conto corrente del beneficiario. Per presentare la domanda \u00e8 possibile accedere direttamente al sito dell\u2019Agenzia e c\u2019\u00e8 tempo fino al 13 agosto 2020, ma con un ulteriore periodo utile riservato agli eredi che continuano l\u2019attivit\u00e0, le domande possono essere inviate fino al 24 agosto 2020\u201d.<\/p>\n<p>&nbsp;<\/p>\n<p>&nbsp;<\/p>\n<hr \/>\n<p>&nbsp;<\/p>\n<blockquote>\n<h3>CANTIERI IN ALPAGO, GIANPAOLO BOTTACIN IN VISITA<\/h3>\n<\/blockquote>\n<p><strong> <a class=\"dt-pswp-item\" href=\"https:\/\/www.radiopiu.net\/wordpress\/wp-content\/uploads\/2020\/07\/109095156_10157486131632544_4643082303862282097_n.jpg\" data-dt-img-description=\"\" data-large_image_width=\"960\" data-large_image_height=\"720\"><img loading=\"lazy\" decoding=\"async\" class=\"size-medium wp-image-149958 alignleft\" src=\"https:\/\/www.radiopiu.net\/wordpress\/wp-content\/uploads\/2020\/07\/109095156_10157486131632544_4643082303862282097_n-300x225.jpg\" alt=\"\" width=\"300\" height=\"225\" srcset=\"https:\/\/www.radiopiu.net\/wordpress\/wp-content\/uploads\/2020\/07\/109095156_10157486131632544_4643082303862282097_n-300x225.jpg 300w, https:\/\/www.radiopiu.net\/wordpress\/wp-content\/uploads\/2020\/07\/109095156_10157486131632544_4643082303862282097_n-768x576.jpg 768w, https:\/\/www.radiopiu.net\/wordpress\/wp-content\/uploads\/2020\/07\/109095156_10157486131632544_4643082303862282097_n.jpg 960w\" sizes=\"auto, (max-width: 300px) 100vw, 300px\" \/><\/a>ALPAGO<\/strong> Sopralluogo ai cantieri dell&#8217;assessore regionale Gianpaolo Bottacin: 17_interventi curati dai Servizi Forestali regionali, dal Genio Civile e da Veneto Strade per un importo complessivo di 7,8_milioni di euro. A Tambre, in localit\u00e0 Maina,\u00a0 per 300mila euro\u00a0 intervento urgente a seguito del maltempo che ha colpito la zona a inizio del mese scorso. In localit\u00e0 Lavina si erano intasati i canali di deflusso e drenaggio delle acque con abbassamento del livello della carreggiata della strada comunale e conseguente pericolo per la circolazione dei veicoli. Sempre a Tambre, in questo in localit\u00e0 Borsoia, interventi di riordino idraulico dell&#8217;omonimo torrente impegnati 400mila euro. A Farra canalizzazione di un collettore idrico con canale in pietra e conci con salti di fondo per 70mila euro. A Pieve in localit\u00e0 Staol di Curago consolidamento di due movimenti franosi a disposizione 80mila euro. A Chies due interventi forestali gi\u00e0 eseguiti, uno in localit\u00e0 Sottocroda dove \u00e8 stata realizzata un opera filtrante e murature a monte e valle di un attraversamento lungo la strada che sale verso Codenzano per un importo di 70mila euro. In localit\u00e0 Tarcogna taglio della vegetazione propedeutico alla stesura di reti di protezione per un valore di 50mila euro.<em> &#8220;Relativamente ai lavori che saranno seguiti dal Genio_Civile &#8211; conclude Bottacin &#8211;\u00a0 da settembre in poi, due sono previsti in localit\u00e0 Lamosano a Chies e tre in Comune di Alpago, di cui due a Puos e una a Farra. Per quanto riguarda Veneto_Strade gli importanti lavori che stiamo seguendo a Schiucaz, con due interventi, a Borsoi e vari altri lungo la viabilit\u00e0 provinciale&#8221;.<\/em><br \/>\n<em>\u00a0<\/em><\/p>\n<p>&nbsp;<\/p>\n<hr \/>\n<p>&nbsp;<\/p>\n<blockquote>\n<h3>CORONAVIRUS: DONAZZAN, \u201cFORTE INCERTEZZA OCCUPAZIONALE, AMMORTIZZATORI SOCIALI DA RIPENSARE\u201d<\/h3>\n<\/blockquote>\n<p><strong><a class=\"dt-pswp-item\" href=\"https:\/\/www.radiopiu.net\/wordpress\/wp-content\/uploads\/2020\/07\/1036-2020-Donazzan-a-seminario-Economia-al-tempo-di-Covid.jpg\" data-dt-img-description=\"\" data-large_image_width=\"2016\" data-large_image_height=\"1512\"><img loading=\"lazy\" decoding=\"async\" class=\"size-medium wp-image-149971 alignleft\" src=\"https:\/\/www.radiopiu.net\/wordpress\/wp-content\/uploads\/2020\/07\/1036-2020-Donazzan-a-seminario-Economia-al-tempo-di-Covid-300x225.jpg\" alt=\"\" width=\"300\" height=\"225\" srcset=\"https:\/\/www.radiopiu.net\/wordpress\/wp-content\/uploads\/2020\/07\/1036-2020-Donazzan-a-seminario-Economia-al-tempo-di-Covid-300x225.jpg 300w, https:\/\/www.radiopiu.net\/wordpress\/wp-content\/uploads\/2020\/07\/1036-2020-Donazzan-a-seminario-Economia-al-tempo-di-Covid-1024x768.jpg 1024w, https:\/\/www.radiopiu.net\/wordpress\/wp-content\/uploads\/2020\/07\/1036-2020-Donazzan-a-seminario-Economia-al-tempo-di-Covid-768x576.jpg 768w, https:\/\/www.radiopiu.net\/wordpress\/wp-content\/uploads\/2020\/07\/1036-2020-Donazzan-a-seminario-Economia-al-tempo-di-Covid-1536x1152.jpg 1536w, https:\/\/www.radiopiu.net\/wordpress\/wp-content\/uploads\/2020\/07\/1036-2020-Donazzan-a-seminario-Economia-al-tempo-di-Covid.jpg 2016w\" sizes=\"auto, (max-width: 300px) 100vw, 300px\" \/><\/a>VENEZIA\u00a0<\/strong> \u201cI danni occupazionali subiti nella fase di lockdown non sembrano facilmente recuperabili a breve, ma conforta la constatazione che la flessione occupazionale si sia arrestata e che vi siano indizi di recupero. Ci attende un autunno di sfide difficili e di grande incertezza: ci scontreremo con difficolt\u00e0 che potranno essere superate solo con un rafforzamento del capitale umano, ripensando gli ammortizzatori sociali e riducendo il costo del lavoro\u201d. E\u2019 quanto ha affermato l\u2019assessore regionale al lavoro intervenendo a Monselice all\u2019esecutivo seminariale di UILTEC Veneto e Venezia Centro-Orientale dedicato all\u2019economia del Veneto al tempo del Covid-19. Nel fare il punto sullo stato di salute dell\u2019economia regionale, Donazzan ha citato i segnali positivi, che provengono dall\u2019Osservatorio regionale sul mercato del lavoro, in merito all\u2019andamento occupazionale. \u201cI dati delle prime due settimane di luglio confermano e accentuano i segnali positivi rilevati nei mesi di maggio e giugno, con un saldo positivo di pi\u00f9 21.400 posizioni di lavoro dipendente, valore superiore a quello registrato lo scorso anno \u2013 ha indicato l\u2019assessore &#8211;\u00a0 La differenza con il 2019, tra mancate assunzioni e rapporti di lavoro cessati, resta tuttavia elevata e quantificabile in circa 56.100 posti di lavoro in meno, pari al 2% dell\u2019occupazione dipendente complessiva in regione\u201d.Quanto ai dati dell\u2019Osservatorio regionale sul mercato del lavoro, i miglioramenti registrati negli ultimi due mesi sono dovuti principalmente alla\u00a0ripresa delle assunzioni: se nel periodo di pieno lockdown, tra il 23 febbraio e il 3 maggio, erano state il 61% in meno rispetto allo stesso periodo dell\u2019anno precedente, a partire dal mese di maggio il differenziale negativo rispetto al 2019 si \u00e8 progressivamente ridotto a -34% in maggio, -19% in giugno e\u00a0-9% nei primi 12 giorni di luglio.<\/p>\n<p>&nbsp;<\/p>\n<p>&nbsp;<\/p>\n<hr \/>\n<h3><\/h3>\n<blockquote>\n<h3>LIONS FELTRE DONA A CASA KOLBE DI PEDAVENA TERMOMETRI E PULSIOSSIMETRO<\/h3>\n<\/blockquote>\n<p><strong><a class=\"dt-pswp-item\" href=\"https:\/\/www.radiopiu.net\/wordpress\/wp-content\/uploads\/2020\/07\/casa-kolbe-dono-lions.jpeg\" data-dt-img-description=\"\" data-large_image_width=\"1600\" data-large_image_height=\"720\"><img loading=\"lazy\" decoding=\"async\" class=\"size-medium wp-image-149977 alignleft\" src=\"https:\/\/www.radiopiu.net\/wordpress\/wp-content\/uploads\/2020\/07\/casa-kolbe-dono-lions-300x135.jpeg\" alt=\"\" width=\"300\" height=\"135\" srcset=\"https:\/\/www.radiopiu.net\/wordpress\/wp-content\/uploads\/2020\/07\/casa-kolbe-dono-lions-300x135.jpeg 300w, https:\/\/www.radiopiu.net\/wordpress\/wp-content\/uploads\/2020\/07\/casa-kolbe-dono-lions-1024x461.jpeg 1024w, https:\/\/www.radiopiu.net\/wordpress\/wp-content\/uploads\/2020\/07\/casa-kolbe-dono-lions-768x346.jpeg 768w, https:\/\/www.radiopiu.net\/wordpress\/wp-content\/uploads\/2020\/07\/casa-kolbe-dono-lions-1536x691.jpeg 1536w, https:\/\/www.radiopiu.net\/wordpress\/wp-content\/uploads\/2020\/07\/casa-kolbe-dono-lions.jpeg 1600w\" sizes=\"auto, (max-width: 300px) 100vw, 300px\" \/><\/a>PEDAVENA\u00a0<\/strong>Prendersi cura dei pi\u00f9 anziani e dei pi\u00f9 fragili nel proprio territorio \u2013 persone che sono la nostra storia, le nostre radici- \u00e8 un impegno in cui tutti possono fare la propria parte e di cui tutti possono sentirsi corresponsabili.\u00a0In questa prospettiva, particolarmente prezioso e gradito \u00e8 stato il dono ricevuto da Casa Kolbe, centro servizi per anziani non profit di Pedavena.\u00a0Il Lions Club Feltre \u201cCastello di Alboino\u201d ha consegnato a Casa Kolbe due termometri a infrarossi, che permettono di rilevare la temperatura di una persona a distanza, e un pulsiossimetro, strumento per misurare la quantit\u00e0 di emoglobina nel sangue e di conseguenza stimare la quantit\u00e0 di ossigeno. Una parziale assenza di ossigeno (ipossia) pu\u00f2 essere un campanello d&#8217;allarme per Covid19 o anche per altre malattie.\u00a0\u201cDesidero esprimere un ringraziamento di vero cuore al Lions &#8216;Castello di Alboino&#8217; a nome di tutti noi di Casa Kolbe, e anzitutto degli anziani.- dice la direttrice Roberta Bortoluz-. La strumentazione donata ci \u00e8 di grande aiuto nel servizio quotidiano ai nostri ospiti e nel garantire la sicurezza di tutti, oltre a permetterci di risparmiare risorse in un periodo economicamente assai difficile come questo. Ma pi\u00f9 prezioso ancora \u00e8 l&#8217;aver ricevuto dal Lions un dono, e avere conosciuto le volontarie del Club: le relazioni, e in particolare quelle basate sulla gratuit\u00e0, sono quanto di pi\u00f9 prezioso possiamo offrire ai nostri anziani\u201d.<\/p>\n<p>&nbsp;<\/p>\n<p>&nbsp;<\/p>\n<hr \/>\n<p>&nbsp;<\/p>\n<blockquote>\n<h3>DOPO GLI ANNUNCI I SOLDI PER IL PERSONALE DEGLI OSPEDALI<\/h3>\n<\/blockquote>\n<p><strong>VENEZIA<\/strong> <span style=\"font-size: large;\"><em>\u201cDopo annunci e promesse finalmente oggi abbiamo approvato il Pdl con i fondi destinati all\u2019indennit\u00e0 aggiuntiva per il personale sanitario impegnato durante l\u2019emergenza Covid. Bene, ma si tratta di risorse messe a disposizione delle Regioni dal Governo. Adesso la Giunta faccia la propria parte e trovi le risorse per gli operatori delle case di riposo, gli specializzandi e anche i medici di famiglia\u201d<\/em>. La richiesta arriva da Anna Maria Bigon che l\u2019ha ribadita all\u2019assessore Lanzarin.\u00a0 <\/span><em><span style=\"font-size: large;\">\u201cIl bonus era una nostra proposta, fatta addirittura a met\u00e0 aprile, quando ancora Zaia liquidava il tutto con una battuta, rivendicando come \u2018premio\u2019 la mancata applicazione dell\u2019addizionale regionale Irpef sulla sanit\u00e0. Alla fine la Giunta ha accettato e il Pdl di oggi \u00e8 il coronamento di un percorso. Tuttavia &#8211; insiste l\u2019esponente dem veronese &#8211; ci sono altri lavoratori che meritano un analogo riconoscimento. Penso per esempio agli specializzandi impiegati nelle strutture ospedaliere, spesso senza gli adeguati dispositivi di protezione individuale e agli operatori delle case di riposo, che hanno vissuto un dramma nel dramma e costretti a turni massacranti visto le carenze croniche di personale aggravate dall\u2019elevato numero di contagi nelle Rsa. E, ancora, i medici di famiglia: \u00e8 anche grazie a loro se il Veneto ha retto meglio rispetto ad altre Regioni, puntando sull\u2019assistenza domiciliare invece dell\u2019ospedalizzazione. Dare pure a loro un riconoscimento mi sembra davvero il minimo, la Regione deve assolutamente intervenire\u201d.<\/span><\/em><\/p>\n<p>&nbsp;<\/p>\n<hr \/>\n<h3><\/h3>\n<blockquote>\n<h3>IDEAL STANDARD: NUOVO INCONTRO, PROSEGUE MONITORAGGIO REGIONE VENETO SU PROSPETTIVE SITO TRICHIANA<\/h3>\n<\/blockquote>\n<p><strong><a class=\"dt-pswp-item\" href=\"https:\/\/www.radiopiu.net\/wordpress\/wp-content\/uploads\/2018\/01\/IdealStandard_print.gif\" data-dt-img-description=\"\" data-large_image_width=\"198\" data-large_image_height=\"150\"><img loading=\"lazy\" decoding=\"async\" class=\"size-full wp-image-42229 alignleft\" src=\"https:\/\/www.radiopiu.net\/wordpress\/wp-content\/uploads\/2018\/01\/IdealStandard_print.gif\" alt=\"\" width=\"198\" height=\"150\" \/><\/a>VENEZIA<\/strong>\u00a0 Convocato dall\u2019assessore al lavoro Elena Donazzan e gestito dal coordinatore dell\u2019Unit\u00e0 regionale crisi aziendali Mattia Losego, si \u00e8 svolto in videoconferenza un nuovo vertice su Ideal Standard (il gruppo che ha rilevato l\u2019ex Ceramiche Dolomite di Trichiana) in merito allo stato di avanzamento dell\u2019attuale situazione aziendale dell\u2019unico sito italiano. Nello specifico, i temi oggetto di attenzione dell\u2019incontro di oggi tra rappresentanza aziendale, parti sindacali e Regione Veneto, hanno riguardato lo stato di salute dell\u2019azienda in termini di volume di produzione, le iniziative che l\u2019azienda intende mettere in campo per quanto concerne l\u2019adeguamento delle competenze dei lavoratori e i necessari investimenti per garantire la competitivit\u00e0 su scala internazionale del sito produttivo di Trichiana. Rispetto allo scenario attuale i rappresentanti dell\u2019azienda hanno spiegato come l\u2019attuale contesto di incertezza, connesso alla crisi sanitaria ed economica da Covid 19, non consenta al gruppo di avere una visione di medio-lungo periodo, ma solo una prospettiva a breve termine.Dopo ampio confronto, il tavolo si \u00e8 riaggiornato a met\u00e0 settembre al fine di consentire all\u2019azienda di fornire una prospettiva di medio-lungo periodo per quanto concerne l\u2019allocazione dei volumi produttivi presso i vari siti europei, e in particolare in quello bellunese, le strategie di consolidamento delle competenze dei lavoratori e di programmazione degli investimenti produttivi, al fine di consentire al sito italiano di Ideal Standard di mantenere i suoi livelli di competitivit\u00e0 nel mercato internazionale<\/p>\n<p>&nbsp;<\/p>\n<p>&nbsp;<\/p>\n<p>&nbsp;<\/p>\n<hr \/>\n<blockquote>\n<h3>I NUMERI REALI DEL COMPARTO GELATO ARTIGIANALE PRESENTATI ALLA CGIA DI MESTRE<\/h3>\n<\/blockquote>\n<p><strong><img loading=\"lazy\" decoding=\"async\" class=\"alignleft\" src=\"https:\/\/www.radiopiu.net\/wordpress\/wp-content\/uploads\/2018\/12\/Il-Gelato-delle-Dolomiti.jpg\" width=\"286\" height=\"190\" \/>VENEZIA\u00a0<\/strong>CGIA propone uno studio suddiviso in due parti che inizia dalla presentazione dei dati ufficiali rilevati dal Registro Imprese per passare poi alla stima dello specifico settore del gelato artigianale inteso come bene che viene prodotto e venduto direttamente al pubblico. Mentre lo studio completo pu\u00f2 essere scaricato dal sito www.miglongarone.it, riportiamo, di seguito, una sintesi dei risultati: Utilizzando i soli dati di fonte camerale, senza preoccuparsi della presenza nel medesimo codice ATECO delle pasticcerie \u00e8 possibile cogliere delle tendenze di fondo:\u00a0 Nell\u2019ultimo decennio si \u00e8 assistito a una leggera crescita del numero di localizzazioni, mentre le sedi di impresa negli ultimi anni fanno registrare una lieve flessione, particolarmente accentuata per le imprese artigiane.\u00a0 L\u2019incidenza delle imprese femminili e giovanili tende a diminuire anche se la loro presenza \u00e8 superiore a quella media che si rileva nella totalit\u00e0 delle attivit\u00e0 economiche. Le imprese condotte da stranieri tendono ad aumentare, ma la loro incidenza \u00e8 inferiore a quella che si registra rispetto al totale dei settori economici. Utilizzando i dati degli Studi di Settore \u00e8 possibile stimare le dimensioni del Comparto del Gelato Artigianale con vendita <a class=\"dt-pswp-item\" href=\"https:\/\/www.radiopiu.net\/wordpress\/wp-content\/uploads\/2017\/12\/CGIA-OK.png\" data-dt-img-description=\"\" data-large_image_width=\"490\" data-large_image_height=\"263\"><img loading=\"lazy\" decoding=\"async\" class=\"size-medium wp-image-39837 alignright\" src=\"https:\/\/www.radiopiu.net\/wordpress\/wp-content\/uploads\/2017\/12\/CGIA-OK-300x161.png\" alt=\"\" width=\"300\" height=\"161\" \/><\/a>diretta al pubblico in 15.589 sedi di imprese attive delle quali: circa 7.000 imprese in cui la produzione e vendita di gelati di propria produzione rappresenta il \u00abcore business\u00bb \u00a0oltre 3.000 \u00abBar gelateria\u00bb in cui il gelato costituisce una rilevante componente del volume d\u2019affari (met\u00e0) circa 5.500 Pasticcerie che integrano la loro attivit\u00e0 con la produzione e vendita di gelato di propria produzione.\u00a0 \u00a0Gli \u00abaddetti\u00bb interessati dalle attivit\u00e0 in cui \u00e8 presente la produzione e vendita diretta di gelato artigianale sono circa 62 mila; si considerano non solo coloro i quali operano nelle \u00abgelaterie pure\u00bb, ma anche chi opera nei bar gelateria o nelle pasticcierie con vendita di gelato di propria produzione. Se si vuole esprimere la forza lavoro sostenuta dal settore in termini di ULA (unit\u00e0 di lavoro standard), si pu\u00f2 stimare che i ricavi dalla vendita di gelato artigianale siano in grado di sostenere circa 30 mila unit\u00e0 di lavoro. In Italia secondo l\u2019ISTAT ogni famiglia spende annualmente oltre 70 euro in gelato. La spesa annua di gelato delle famiglie italiane \u00e8 pari a 1.862 milioni di euro; se a questa cifra si aggiunge il consumo dei turisti si arriva a sfiorare i 2 miliardi di euro (1.964 milioni di euro). Il consumo di gelato artigianale rappresenta il 52% del fabbisogno nazionale. La produzione di gelati in Italia \u00e8 pari a 2.085 milioni di euro di cui 1.063 deriva dal settore industriale e 1.022 dal settore artigianale. \u00a0La produzione e vendita di gelato artigianale \u00e8 un settore importante della nostra economia dando lavoro a circa 30.000 ULA con un fatturato che supera 1 miliardo di euro l\u2019anno.<\/p>\n<p>&nbsp;<\/p>\n<hr \/>\n<blockquote>\n<h3><\/h3>\n<h3><\/h3>\n<h3>LE DIRETTE FACEBOOK DI RADIO PIU Dalla Sala Don Tamis la serata con lo scrittore Francesco Vidotto, organizzazione Ad Agordo Proloco.<\/h3>\n<\/blockquote>\n<blockquote class=\"wp-embedded-content\" data-secret=\"vmVAe63cOD\"><p><a href=\"https:\/\/www.radiopiu.net\/wordpress\/francesco-vidotto-in-sala-don-tamis-ad-agordo\/\">FRANCESCO VIDOTTO IN SALA DON TAMIS AD AGORDO<\/a><\/p><\/blockquote>\n<p><iframe loading=\"lazy\" class=\"wp-embedded-content\" sandbox=\"allow-scripts\" security=\"restricted\" style=\"position: absolute; clip: rect(1px, 1px, 1px, 1px);\" title=\"&#8220;FRANCESCO VIDOTTO IN SALA DON TAMIS AD AGORDO&#8221; &#8212; Radio Pi\u00f9\" src=\"https:\/\/www.radiopiu.net\/wordpress\/francesco-vidotto-in-sala-don-tamis-ad-agordo\/embed\/#?secret=vmVAe63cOD\" data-secret=\"vmVAe63cOD\" width=\"600\" height=\"338\" frameborder=\"0\" marginwidth=\"0\" marginheight=\"0\" scrolling=\"no\"><\/iframe><\/p>\n<p>&nbsp;<\/p>\n<p>&nbsp;<\/p>\n<hr \/>\n<p>&nbsp;<\/p>\n<blockquote>\n<h3><a class=\"dt-pswp-item\" href=\"https:\/\/www.radiopiu.net\/wordpress\/wp-content\/uploads\/2020\/07\/69688642_10219296074050097_26856679609991168_o.jpg\" data-dt-img-description=\"\" data-large_image_width=\"720\" data-large_image_height=\"960\"><img loading=\"lazy\" decoding=\"async\" class=\"size-medium wp-image-149947 alignleft\" src=\"https:\/\/www.radiopiu.net\/wordpress\/wp-content\/uploads\/2020\/07\/69688642_10219296074050097_26856679609991168_o-225x300.jpg\" alt=\"\" width=\"225\" height=\"300\" srcset=\"https:\/\/www.radiopiu.net\/wordpress\/wp-content\/uploads\/2020\/07\/69688642_10219296074050097_26856679609991168_o-225x300.jpg 225w, https:\/\/www.radiopiu.net\/wordpress\/wp-content\/uploads\/2020\/07\/69688642_10219296074050097_26856679609991168_o.jpg 720w\" sizes=\"auto, (max-width: 225px) 100vw, 225px\" \/><\/a>DOMANI INIZIA LA STAGIONE DE LE MUSE E LE DOLOMITI, A SAN SIMON DI VALLADA ALLE 21, PRENOTAZIONE OBBLIGATORIA.<\/h3>\n<h3>IL PRIMO APPUNTAMENTO, PRESENTAZIONE DI Oda Zoe Hochscheid<\/h3>\n<audio class=\"wp-audio-shortcode\" id=\"audio-149944-6\" preload=\"none\" style=\"width: 100%;\" controls=\"controls\"><source type=\"audio\/mpeg\" src=\"https:\/\/www.radiopiu.net\/wordpress\/wp-content\/uploads\/2020\/07\/ODA.mp3?_=6\" \/><a href=\"https:\/\/www.radiopiu.net\/wordpress\/wp-content\/uploads\/2020\/07\/ODA.mp3\">https:\/\/www.radiopiu.net\/wordpress\/wp-content\/uploads\/2020\/07\/ODA.mp3<\/a><\/audio><\/blockquote>\n<p>&nbsp;<\/p>\n<hr \/>\n<p>&nbsp;<\/p>\n<p>&nbsp;<\/p>\n<blockquote class=\"wp-embedded-content\" data-secret=\"qSr84M4zXM\"><p><a href=\"https:\/\/www.radiopiu.net\/wordpress\/la-mia-terra-le-musiche-di-morricone-tra-le-dolomiti\/\">\u201cLA MIA TERRA\u201d: LE MUSICHE DI MORRICONE TRA LE DOLOMITI<\/a><\/p><\/blockquote>\n<p><iframe loading=\"lazy\" class=\"wp-embedded-content\" sandbox=\"allow-scripts\" security=\"restricted\" style=\"position: absolute; clip: rect(1px, 1px, 1px, 1px);\" title=\"&#8220;\u201cLA MIA TERRA\u201d: LE MUSICHE DI MORRICONE TRA LE DOLOMITI&#8221; &#8212; Radio Pi\u00f9\" src=\"https:\/\/www.radiopiu.net\/wordpress\/la-mia-terra-le-musiche-di-morricone-tra-le-dolomiti\/embed\/#?secret=qSr84M4zXM\" data-secret=\"qSr84M4zXM\" width=\"600\" height=\"338\" frameborder=\"0\" marginwidth=\"0\" marginheight=\"0\" scrolling=\"no\"><\/iframe><\/p>\n<p>&nbsp;<\/p>\n<p>&nbsp;<\/p>\n<hr \/>\n<blockquote>\n<h3><\/h3>\n<h3>\u00abCONSTRUCTIVE ALPS\u00bb: NOMINATE LE COSTRUZIONI SOSTENIBILI NELLE ALPI CANDIDATE PER IL PREMIO, IN CORSA ANCHE IL PALALUXOTTICA<\/h3>\n<\/blockquote>\n<p><strong>SVIZZERA<\/strong> La Svizzera e il Principato del Liechtenstein hanno indetto per la quinta volta il concorso internazionale di architettura \u00abConstructive Alps\u00bb. IN CORSA PER IL PREMIO ANCHE IL PALALUXOTTICA DI AGORDO Al seguente link la pagina per la votazione del progetto (scadenza il 28 agosto 2020):<span style=\"color: #0000ff;\"> http:\/\/www.constructivealps.net\/it\/congress-and-exhibition-centre\/<\/span><\/p>\n<p>&nbsp;<\/p>\n<hr \/>\n<p>&nbsp;<\/p>\n<blockquote>\n<h3>LOTTERIA ADA AGORDO<\/h3>\n<\/blockquote>\n<p><strong>AGORD<\/strong>O L&#8217;Associazione Danza Agordina ha fissato\u00a0la nuova data per l&#8217;estrazione della lotteria &#8220;Adanzarfortuna 2020&#8221;, estrazione che, precedentemente fissata al 30 marzo 2020 , era stata rimandata a data da destinarsi per le restrizioni dovute al contrasto alla pandemia.\u00a0L&#8217;estrazione si terr\u00e0 presso il Municipio di Agordo , marted\u00ec 21 luglio alle ore 10.00.<\/p>\n<p>&nbsp;<\/p>\n<hr \/>\n<p>&nbsp;<\/p>\n<blockquote>\n<h3>EL CANAL DE AGORDO<\/h3>\n<\/blockquote>\n<p><strong>AGORDO<\/strong> Scavare nel passato, storia ed archeologia da San Gottardo a Pont del Cristo. La mostra \u00e8 allestita al Museo mineralogico e paleontologico di via 5 maggio con ingresso libero. Fino al 6 settembre il venerdi, sabato e domenica dalle 10 alle 12.30 e dalle 16 alle 19. Info: archeoagordo.arca@gmail.com<\/p>\n<p>&nbsp;<\/p>\n<hr \/>\n<p>&nbsp;<\/p>\n<blockquote>\n<h3>ALESSANDRO LANZONI AL FULCIS<\/h3>\n<\/blockquote>\n<p><strong>BELLUNO<\/strong> Domenica 19 luglio alle\u00a0 18, nella Corte di Palazzo Fulcis a Belluno, il pianista Alessandro Lanzoni sar\u00e0 ospite di Belluno e del Circolo Culturale Bellunese, con un concerto per lo pi\u00f9 dedicato alla libera improvvisazione jazz, all&#8217;insegna del suo eclettismo stilistico. Informazioni e note di sala su <span style=\"color: #0000ff;\">www.belcircolo.org.<\/span><\/p>\n<p>&nbsp;<\/p>\n<hr \/>\n<p>&nbsp;<\/p>\n<blockquote>\n<h3>LA VIA DELLE MERIDIANE PER LA SCUOLA DI ALLEGHE<\/h3>\n<\/blockquote>\n<p><strong>ALLEGHE<\/strong> Ogni giovedi di luglio ed agosto, con prenotazione presso l\u2019Ufficio Turistico di Alleghe, vengono organizzati dei giri accompagnati sulla \u201cvia delle meridiane\u201d, un viaggio nel tempo alla scoperta degli orologi solari di Alleghe con la guida SIlvia Da Roit e il contributo di Giuseppe De Don\u00e0 referente orologi solari Italia. Il tour ha una durata di circa 2 ore (90 metri di dislivello su percorso facile) con partenza alle 9.30 da Piazza Kennedy. Chi partecipa contribuisce con un\u2019offerta libera devoluta alla scuola primaria di Alleghe.<\/p>\n<p>&nbsp;<\/p>\n<hr \/>\n<p>&nbsp;<\/p>\n<blockquote>\n<h3>GIOVANI PELLEGRINI PER UN GIORNO di RENATO BONA<\/h3>\n<\/blockquote>\n<p><strong>BELLUNO\u00a0<\/strong> \u00a0I cammini \u201cLuce\u201d, \u201cRoccia\u201d, \u201cSorgenti\u201d nella terra dolomitica La rubrica Giovani news\u201d del sito diocesano chiesabellunofeltre annuncia che \u201cDopo tanto tempo riprendiamo il filo del discorso e ritorniamo a dare vita ad una proposta che le vicende della pandemia hanno costretto a ricalibrare profondamente: il cammino per giovani previsto a fine luglio verso la santa Casa di Loreto \u00e8 rimandato all\u2019anno venturo ma questo non ha fatto smettere la voglia di fare strada, anche se non lontani da casa nostra!\u201d. Ricordato che il senso del cammino e il forte significato della strada costituiscono occasioni troppo importanti che, nonostante le limitazioni in tempo di Covid, l\u2019ufficio di Pastorale dei giovani in collaborazione con quello per la Missione rilanciano attraverso una nuova proposta: \u201canzich\u00e9 un solo cammino a tappe, diversi cammini da percorrere in giornata, in luoghi particolarmente significativi della nostra straordinaria terra dolomitica, verso mete particolari, arricchiti da un\u2019unica proposta di riflessione che dia significato ulteriore al camminare insieme\u201d. L\u2019iniziativa \u2013 \u00e8 spiegato \u2013 si rivolge ad ogni giovane dai 18 anni in su, con varie possibilit\u00e0 diverse e ugualmente interessanti e, data anche la contingentazione dei numeri, comporta un\u2019iscrizione che permetta di scegliere a quali e quanti appuntamenti partecipare. Le modalit\u00e0 di percorso, il grado di impegno e le composizioni dei gruppi ovviamente varieranno in ogni occasione; la proposta di riflessione rimane la stessa, anche se con qualche particolarit\u00e0. Ecco allora le tappe di questo \u201cfilo di senso\u201d attraverso le strade della nostra Diocesi: sabato 25 luglio quella intitolata \u201cLuce\u201d: giro ad anello nella comelicese Val Visdende \u201calla scoperta della straordinaria bellezza di questa luogo, con i suoi boschi segnati dalla tremenda ferita di Vaia\u201d. Altro appuntamento quello di sabato 8 agosto, col titolo \u201cRoccia\u201d, per puntare al santuario agordino della Madonna delle Grazie \u201cattraverso due splendidi percorsi escursionistici circondati dalle svettanti Dolomiti, con partenza da Passo Fedaia oppure da Passo Giau. Ancora: sabato 22 agosto, sotto il titolo \u201cSorgenti\u201d un vero e proprio pellegrinaggio verso il Santuario dei santi martiri Vittore e Corona \u2013 patroni della Diocesi \u2013 due giovani che hanno dato la vita per Cristo; itinerario (in notturna!) attraverso le borgate della Valbelluna con partenza da Col Cumano. Per quanto riguarda le iscrizioni (20 euro per singolo percorso) viene precisato che ogni modulo di iscrizione rimane attivo fino al mercoled\u00ec sera precedente il cammino del sabato. Per ogni percorso \u00e8 previsto un numero massimo di 25 partecipanti, tranne per il cammino \u201cLuce\u201d il cui massimo \u00e8 50.<\/p>\n\n\t\t\t<style type='text\/css'>\n\t\t\t\t#gallery-2 {\n\t\t\t\t\tmargin: auto;\n\t\t\t\t}\n\t\t\t\t#gallery-2 .gallery-item {\n\t\t\t\t\tfloat: left;\n\t\t\t\t\tmargin-top: 10px;\n\t\t\t\t\ttext-align: center;\n\t\t\t\t\twidth: 33%;\n\t\t\t\t}\n\t\t\t\t#gallery-2 img {\n\t\t\t\t\tborder: 2px solid #cfcfcf;\n\t\t\t\t}\n\t\t\t\t#gallery-2 .gallery-caption {\n\t\t\t\t\tmargin-left: 0;\n\t\t\t\t}\n\t\t\t\t\/* see gallery_shortcode() in wp-includes\/media.php *\/\n\t\t\t<\/style>\n\t\t<div id='gallery-2' class='dt-gallery-container gallery galleryid-149944 gallery-columns-3 gallery-size-thumbnail'><dl class='gallery-item'>\n\t\t\t\t<dt class='gallery-icon landscape'>\n\t\t\t\t\t<a class=\"rollover rollover-zoom dt-pswp-item\" title=\"110099463_707791720065316_3344835129777673040_n\" data-dt-img-description=\"\" data-large_image_width=\"770\" data-large_image_height=\"451\"href='https:\/\/www.radiopiu.net\/wordpress\/wp-content\/uploads\/2020\/07\/110099463_707791720065316_3344835129777673040_n.png'><img loading=\"lazy\" decoding=\"async\" width=\"150\" height=\"150\" src=\"https:\/\/www.radiopiu.net\/wordpress\/wp-content\/uploads\/2020\/07\/110099463_707791720065316_3344835129777673040_n-150x150.png\" class=\"attachment-thumbnail size-thumbnail\" alt=\"\" \/><\/a>\n\t\t\t\t<\/dt><\/dl><dl class='gallery-item'>\n\t\t\t\t<dt class='gallery-icon landscape'>\n\t\t\t\t\t<a class=\"rollover rollover-zoom dt-pswp-item\" title=\"110083747_367554037562650_5406848951949446669_n\" data-dt-img-description=\"\" data-large_image_width=\"1327\" data-large_image_height=\"738\"href='https:\/\/www.radiopiu.net\/wordpress\/wp-content\/uploads\/2020\/07\/110083747_367554037562650_5406848951949446669_n.jpg'><img loading=\"lazy\" decoding=\"async\" width=\"150\" height=\"150\" src=\"https:\/\/www.radiopiu.net\/wordpress\/wp-content\/uploads\/2020\/07\/110083747_367554037562650_5406848951949446669_n-150x150.jpg\" class=\"attachment-thumbnail size-thumbnail\" alt=\"\" \/><\/a>\n\t\t\t\t<\/dt><\/dl><dl class='gallery-item'>\n\t\t\t\t<dt class='gallery-icon landscape'>\n\t\t\t\t\t<a class=\"rollover rollover-zoom dt-pswp-item\" title=\"110123261_266103818023248_5273628131479371635_n\" data-dt-img-description=\"\" data-large_image_width=\"1597\" data-large_image_height=\"1301\"href='https:\/\/www.radiopiu.net\/wordpress\/wp-content\/uploads\/2020\/07\/110123261_266103818023248_5273628131479371635_n.jpg'><img loading=\"lazy\" decoding=\"async\" width=\"150\" height=\"150\" src=\"https:\/\/www.radiopiu.net\/wordpress\/wp-content\/uploads\/2020\/07\/110123261_266103818023248_5273628131479371635_n-150x150.jpg\" class=\"attachment-thumbnail size-thumbnail\" alt=\"\" \/><\/a>\n\t\t\t\t<\/dt><\/dl><br style=\"clear: both\" \/><dl class='gallery-item'>\n\t\t\t\t<dt class='gallery-icon landscape'>\n\t\t\t\t\t<a class=\"rollover rollover-zoom dt-pswp-item\" title=\"110341705_566193870739565_1004679429826977679_n\" data-dt-img-description=\"\" data-large_image_width=\"1158\" data-large_image_height=\"750\"href='https:\/\/www.radiopiu.net\/wordpress\/wp-content\/uploads\/2020\/07\/110341705_566193870739565_1004679429826977679_n.jpg'><img loading=\"lazy\" decoding=\"async\" width=\"150\" height=\"150\" src=\"https:\/\/www.radiopiu.net\/wordpress\/wp-content\/uploads\/2020\/07\/110341705_566193870739565_1004679429826977679_n-150x150.jpg\" class=\"attachment-thumbnail size-thumbnail\" alt=\"\" \/><\/a>\n\t\t\t\t<\/dt><\/dl><dl class='gallery-item'>\n\t\t\t\t<dt class='gallery-icon landscape'>\n\t\t\t\t\t<a class=\"rollover rollover-zoom dt-pswp-item\" title=\"110331983_3444148022286098_9140235060187254818_n\" data-dt-img-description=\"\" data-large_image_width=\"300\" data-large_image_height=\"190\"href='https:\/\/www.radiopiu.net\/wordpress\/wp-content\/uploads\/2020\/07\/110331983_3444148022286098_9140235060187254818_n.jpg'><img loading=\"lazy\" decoding=\"async\" width=\"150\" height=\"150\" src=\"https:\/\/www.radiopiu.net\/wordpress\/wp-content\/uploads\/2020\/07\/110331983_3444148022286098_9140235060187254818_n-150x150.jpg\" class=\"attachment-thumbnail size-thumbnail\" alt=\"\" \/><\/a>\n\t\t\t\t<\/dt><\/dl><dl class='gallery-item'>\n\t\t\t\t<dt class='gallery-icon landscape'>\n\t\t\t\t\t<a class=\"rollover rollover-zoom dt-pswp-item\" title=\"110043641_329814114709136_8166213695044258255_n\" data-dt-img-description=\"\" data-large_image_width=\"500\" data-large_image_height=\"334\"href='https:\/\/www.radiopiu.net\/wordpress\/wp-content\/uploads\/2020\/07\/110043641_329814114709136_8166213695044258255_n.jpg'><img loading=\"lazy\" decoding=\"async\" width=\"150\" height=\"150\" src=\"https:\/\/www.radiopiu.net\/wordpress\/wp-content\/uploads\/2020\/07\/110043641_329814114709136_8166213695044258255_n-150x150.jpg\" class=\"attachment-thumbnail size-thumbnail\" alt=\"\" \/><\/a>\n\t\t\t\t<\/dt><\/dl><br style=\"clear: both\" \/>\n\t\t\t<\/div>\n\n<p>NELLE FOTO (sito chiesabellunofeltre; Wikipedia; Magico Veneto): giovani in cammino; il logo dell\u2019iniziativa; manifesto col programma: la chiesetta di Val Visdende; il santuario agordino della Madonna delle Grazie; il santuario dei santi Vittore e Corona ad Anz\u00f9 di Feltre<\/p>\n<p>&nbsp;<\/p>\n<p>&nbsp;<\/p>\n<hr \/>\n<h2><span style=\"color: #ff6600;\">QUATRO CIACOLE SU AGORT<\/span><\/h2>\n<blockquote class=\"wp-embedded-content\" data-secret=\"8VDqq9EB86\"><p><a href=\"https:\/\/www.radiopiu.net\/wordpress\/quatro-ciacole-su-agort-con-sonia-ventunesima-puntata\/\">QUATRO CIACOLE SU AGORT CON SONIA VENTUNESIMA PUNTATA<\/a><\/p><\/blockquote>\n<p><iframe loading=\"lazy\" class=\"wp-embedded-content\" sandbox=\"allow-scripts\" security=\"restricted\" style=\"position: absolute; clip: rect(1px, 1px, 1px, 1px);\" title=\"&#8220;QUATRO CIACOLE SU AGORT CON SONIA VENTUNESIMA PUNTATA&#8221; &#8212; Radio Pi\u00f9\" src=\"https:\/\/www.radiopiu.net\/wordpress\/quatro-ciacole-su-agort-con-sonia-ventunesima-puntata\/embed\/#?secret=8VDqq9EB86\" data-secret=\"8VDqq9EB86\" width=\"600\" height=\"338\" frameborder=\"0\" marginwidth=\"0\" marginheight=\"0\" scrolling=\"no\"><\/iframe><\/p>\n<p>&nbsp;<\/p>\n<blockquote class=\"wp-embedded-content\" data-secret=\"QGs2vIttLh\"><p><a href=\"https:\/\/www.radiopiu.net\/wordpress\/quatro-ciacole-su-agort\/\">Quatro ci\u00e0cole su Agort<\/a><\/p><\/blockquote>\n<p><iframe loading=\"lazy\" class=\"wp-embedded-content\" sandbox=\"allow-scripts\" security=\"restricted\" style=\"position: absolute; clip: rect(1px, 1px, 1px, 1px);\" title=\"&#8220;Quatro ci\u00e0cole su Agort&#8221; &#8212; Radio Pi\u00f9\" src=\"https:\/\/www.radiopiu.net\/wordpress\/quatro-ciacole-su-agort\/embed\/#?secret=QGs2vIttLh\" data-secret=\"QGs2vIttLh\" width=\"600\" height=\"338\" frameborder=\"0\" marginwidth=\"0\" marginheight=\"0\" scrolling=\"no\"><\/iframe><\/p>\n<hr \/>\n<p>&nbsp;<\/p>\n<blockquote>\n<h2 class=\"tw-data-text tw-text-large XcVN5d tw-ta\" dir=\"ltr\" data-placeholder=\"Traduzione\"><span lang=\"en\">appointments recommended by radio pi\u00f9<\/span><\/h2>\n<\/blockquote>\n\n\t\t\t<style type='text\/css'>\n\t\t\t\t#gallery-3 {\n\t\t\t\t\tmargin: auto;\n\t\t\t\t}\n\t\t\t\t#gallery-3 .gallery-item {\n\t\t\t\t\tfloat: left;\n\t\t\t\t\tmargin-top: 10px;\n\t\t\t\t\ttext-align: center;\n\t\t\t\t\twidth: 20%;\n\t\t\t\t}\n\t\t\t\t#gallery-3 img {\n\t\t\t\t\tborder: 2px solid #cfcfcf;\n\t\t\t\t}\n\t\t\t\t#gallery-3 .gallery-caption {\n\t\t\t\t\tmargin-left: 0;\n\t\t\t\t}\n\t\t\t\t\/* see gallery_shortcode() in wp-includes\/media.php *\/\n\t\t\t<\/style>\n\t\t<div id='gallery-3' class='dt-gallery-container gallery galleryid-149944 gallery-columns-5 gallery-size-thumbnail'><dl class='gallery-item'>\n\t\t\t\t<dt class='gallery-icon portrait'>\n\t\t\t\t\t<a class=\"rollover rollover-zoom dt-pswp-item\" title=\"LOCANDINA MOSTRA ARCA 2019 Patrocinio\" data-dt-img-description=\"\" data-large_image_width=\"1810\" data-large_image_height=\"2560\"href='https:\/\/www.radiopiu.net\/wordpress\/wp-content\/uploads\/2020\/07\/LOCANDINA-MOSTRA-ARCA-2020-scaled.jpg'><img loading=\"lazy\" decoding=\"async\" width=\"150\" height=\"150\" src=\"https:\/\/www.radiopiu.net\/wordpress\/wp-content\/uploads\/2020\/07\/LOCANDINA-MOSTRA-ARCA-2020-150x150.jpg\" class=\"attachment-thumbnail size-thumbnail\" alt=\"\" \/><\/a>\n\t\t\t\t<\/dt><\/dl><dl class='gallery-item'>\n\t\t\t\t<dt class='gallery-icon portrait'>\n\t\t\t\t\t<a class=\"rollover rollover-zoom dt-pswp-item\" title=\"8decb5e4-5a09-4396-8808-991f536b16f0\" data-dt-img-description=\"\" data-large_image_width=\"1130\" data-large_image_height=\"1600\"href='https:\/\/www.radiopiu.net\/wordpress\/wp-content\/uploads\/2020\/07\/8decb5e4-5a09-4396-8808-991f536b16f0.jpg'><img loading=\"lazy\" decoding=\"async\" width=\"150\" height=\"150\" src=\"https:\/\/www.radiopiu.net\/wordpress\/wp-content\/uploads\/2020\/07\/8decb5e4-5a09-4396-8808-991f536b16f0-150x150.jpg\" class=\"attachment-thumbnail size-thumbnail\" alt=\"\" \/><\/a>\n\t\t\t\t<\/dt><\/dl><dl class='gallery-item'>\n\t\t\t\t<dt class='gallery-icon portrait'>\n\t\t\t\t\t<a class=\"rollover rollover-zoom dt-pswp-item\" title=\"0995c87e-41e6-46f0-81e9-380485c41502\" data-dt-img-description=\"\" data-large_image_width=\"1447\" data-large_image_height=\"2048\"href='https:\/\/www.radiopiu.net\/wordpress\/wp-content\/uploads\/2020\/07\/0995c87e-41e6-46f0-81e9-380485c41502.jpg'><img loading=\"lazy\" decoding=\"async\" width=\"150\" height=\"150\" src=\"https:\/\/www.radiopiu.net\/wordpress\/wp-content\/uploads\/2020\/07\/0995c87e-41e6-46f0-81e9-380485c41502-150x150.jpg\" class=\"attachment-thumbnail size-thumbnail\" alt=\"\" \/><\/a>\n\t\t\t\t<\/dt><\/dl><dl class='gallery-item'>\n\t\t\t\t<dt class='gallery-icon portrait'>\n\t\t\t\t\t<a class=\"rollover rollover-zoom dt-pswp-item\" title=\"446199a0-ccb6-4daa-88f9-ee34f5a4944a\" data-dt-img-description=\"\" data-large_image_width=\"1080\" data-large_image_height=\"1350\"href='https:\/\/www.radiopiu.net\/wordpress\/wp-content\/uploads\/2020\/07\/446199a0-ccb6-4daa-88f9-ee34f5a4944a.jpg'><img loading=\"lazy\" decoding=\"async\" width=\"150\" height=\"150\" src=\"https:\/\/www.radiopiu.net\/wordpress\/wp-content\/uploads\/2020\/07\/446199a0-ccb6-4daa-88f9-ee34f5a4944a-150x150.jpg\" class=\"attachment-thumbnail size-thumbnail\" alt=\"\" \/><\/a>\n\t\t\t\t<\/dt><\/dl><dl class='gallery-item'>\n\t\t\t\t<dt class='gallery-icon landscape'>\n\t\t\t\t\t<a class=\"rollover rollover-zoom dt-pswp-item\" title=\"94dd24ee-147f-4f92-9abc-864a5a200347\" data-dt-img-description=\"\" data-large_image_width=\"1500\" data-large_image_height=\"1500\"href='https:\/\/www.radiopiu.net\/wordpress\/wp-content\/uploads\/2020\/07\/94dd24ee-147f-4f92-9abc-864a5a200347-1.jpg'><img loading=\"lazy\" decoding=\"async\" width=\"150\" height=\"150\" src=\"https:\/\/www.radiopiu.net\/wordpress\/wp-content\/uploads\/2020\/07\/94dd24ee-147f-4f92-9abc-864a5a200347-1-150x150.jpg\" class=\"attachment-thumbnail size-thumbnail\" alt=\"\" srcset=\"https:\/\/www.radiopiu.net\/wordpress\/wp-content\/uploads\/2020\/07\/94dd24ee-147f-4f92-9abc-864a5a200347-1-150x150.jpg 150w, https:\/\/www.radiopiu.net\/wordpress\/wp-content\/uploads\/2020\/07\/94dd24ee-147f-4f92-9abc-864a5a200347-1-300x300.jpg 300w, https:\/\/www.radiopiu.net\/wordpress\/wp-content\/uploads\/2020\/07\/94dd24ee-147f-4f92-9abc-864a5a200347-1-1024x1024.jpg 1024w, https:\/\/www.radiopiu.net\/wordpress\/wp-content\/uploads\/2020\/07\/94dd24ee-147f-4f92-9abc-864a5a200347-1-768x768.jpg 768w, https:\/\/www.radiopiu.net\/wordpress\/wp-content\/uploads\/2020\/07\/94dd24ee-147f-4f92-9abc-864a5a200347-1.jpg 1500w\" sizes=\"auto, (max-width: 150px) 100vw, 150px\" \/><\/a>\n\t\t\t\t<\/dt><\/dl><br style=\"clear: both\" \/><dl class='gallery-item'>\n\t\t\t\t<dt class='gallery-icon portrait'>\n\t\t\t\t\t<a class=\"rollover rollover-zoom dt-pswp-item\" title=\"4dd872a2-f52d-4a12-9746-816401dfe394\" data-dt-img-description=\"\" data-large_image_width=\"1131\" data-large_image_height=\"1600\"href='https:\/\/www.radiopiu.net\/wordpress\/wp-content\/uploads\/2020\/07\/4dd872a2-f52d-4a12-9746-816401dfe394.jpg'><img loading=\"lazy\" decoding=\"async\" width=\"150\" height=\"150\" src=\"https:\/\/www.radiopiu.net\/wordpress\/wp-content\/uploads\/2020\/07\/4dd872a2-f52d-4a12-9746-816401dfe394-150x150.jpg\" class=\"attachment-thumbnail size-thumbnail\" alt=\"\" \/><\/a>\n\t\t\t\t<\/dt><\/dl><dl class='gallery-item'>\n\t\t\t\t<dt class='gallery-icon portrait'>\n\t\t\t\t\t<a class=\"rollover rollover-zoom dt-pswp-item\" title=\"fb0f2285-210f-4bba-8573-b8ff07a91fa8\" data-dt-img-description=\"\" data-large_image_width=\"726\" data-large_image_height=\"1024\"href='https:\/\/www.radiopiu.net\/wordpress\/wp-content\/uploads\/2020\/07\/fb0f2285-210f-4bba-8573-b8ff07a91fa8.jpg'><img loading=\"lazy\" decoding=\"async\" width=\"150\" height=\"150\" src=\"https:\/\/www.radiopiu.net\/wordpress\/wp-content\/uploads\/2020\/07\/fb0f2285-210f-4bba-8573-b8ff07a91fa8-150x150.jpg\" class=\"attachment-thumbnail size-thumbnail\" alt=\"\" \/><\/a>\n\t\t\t\t<\/dt><\/dl><dl class='gallery-item'>\n\t\t\t\t<dt class='gallery-icon portrait'>\n\t\t\t\t\t<a class=\"rollover rollover-zoom dt-pswp-item\" title=\"andraz-trekking-ok\" data-dt-img-description=\"\" data-large_image_width=\"1810\" data-large_image_height=\"2560\"href='https:\/\/www.radiopiu.net\/wordpress\/wp-content\/uploads\/2020\/07\/andraz-trekking-ok-scaled.jpg'><img loading=\"lazy\" decoding=\"async\" width=\"150\" height=\"150\" src=\"https:\/\/www.radiopiu.net\/wordpress\/wp-content\/uploads\/2020\/07\/andraz-trekking-ok-150x150.jpg\" class=\"attachment-thumbnail size-thumbnail\" alt=\"\" \/><\/a>\n\t\t\t\t<\/dt><\/dl><dl class='gallery-item'>\n\t\t\t\t<dt class='gallery-icon portrait'>\n\t\t\t\t\t<a class=\"rollover rollover-zoom dt-pswp-item\" title=\"Locandina eventi 1 (1)\" data-dt-img-description=\"\" data-large_image_width=\"1414\" data-large_image_height=\"2000\"href='https:\/\/www.radiopiu.net\/wordpress\/wp-content\/uploads\/2020\/07\/Locandina-eventi-1-1.png'><img loading=\"lazy\" decoding=\"async\" width=\"150\" height=\"150\" src=\"https:\/\/www.radiopiu.net\/wordpress\/wp-content\/uploads\/2020\/07\/Locandina-eventi-1-1-150x150.png\" class=\"attachment-thumbnail size-thumbnail\" alt=\"\" \/><\/a>\n\t\t\t\t<\/dt><\/dl><dl class='gallery-item'>\n\t\t\t\t<dt class='gallery-icon portrait'>\n\t\t\t\t\t<a class=\"rollover rollover-zoom dt-pswp-item\" title=\"Gli antichi mestieri\" data-dt-img-description=\"\" data-large_image_width=\"1240\" data-large_image_height=\"1753\"href='https:\/\/www.radiopiu.net\/wordpress\/wp-content\/uploads\/2020\/07\/Gli-antichi-mestieri.jpg'><img loading=\"lazy\" decoding=\"async\" width=\"150\" height=\"150\" src=\"https:\/\/www.radiopiu.net\/wordpress\/wp-content\/uploads\/2020\/07\/Gli-antichi-mestieri-150x150.jpg\" class=\"attachment-thumbnail size-thumbnail\" alt=\"\" \/><\/a>\n\t\t\t\t<\/dt><\/dl><br style=\"clear: both\" \/><dl class='gallery-item'>\n\t\t\t\t<dt class='gallery-icon landscape'>\n\t\t\t\t\t<a class=\"rollover rollover-zoom dt-pswp-item\" title=\"Schermata 2020-07-16 alle 16.05.50\" data-dt-img-description=\"\" data-large_image_width=\"1448\" data-large_image_height=\"992\"href='https:\/\/www.radiopiu.net\/wordpress\/wp-content\/uploads\/2020\/07\/Schermata-2020-07-16-alle-16.05.50.png'><img loading=\"lazy\" decoding=\"async\" width=\"150\" height=\"150\" src=\"https:\/\/www.radiopiu.net\/wordpress\/wp-content\/uploads\/2020\/07\/Schermata-2020-07-16-alle-16.05.50-150x150.png\" class=\"attachment-thumbnail size-thumbnail\" alt=\"\" \/><\/a>\n\t\t\t\t<\/dt><\/dl>\n\t\t\t\t<br style='clear: both' \/>\n\t\t\t<\/div>\n\n<div id=\"gallery-15\" class=\"dt-gallery-container gallery galleryid-149333 gallery-columns-3 gallery-size-thumbnail\">\n<p>&nbsp;<\/p>\n<hr \/>\n<\/div>\n<div><\/div>\n<div>\n<div>\n<h2>IERI ALLA RADIO<\/h2>\n<\/div>\n<div><strong><a class=\"dt-pswp-item\" href=\"https:\/\/www.radiopiu.net\/wordpress\/wp-content\/uploads\/2020\/07\/A3_Muse-e-le-Dolomiti_2020.jpg\" data-dt-img-description=\"\" data-large_image_width=\"1754\" data-large_image_height=\"2481\"><img loading=\"lazy\" decoding=\"async\" class=\"size-medium wp-image-148395 alignleft\" src=\"https:\/\/www.radiopiu.net\/wordpress\/wp-content\/uploads\/2020\/07\/A3_Muse-e-le-Dolomiti_2020-212x300.jpg\" alt=\"\" width=\"212\" height=\"300\" srcset=\"https:\/\/www.radiopiu.net\/wordpress\/wp-content\/uploads\/2020\/07\/A3_Muse-e-le-Dolomiti_2020-212x300.jpg 212w, https:\/\/www.radiopiu.net\/wordpress\/wp-content\/uploads\/2020\/07\/A3_Muse-e-le-Dolomiti_2020-724x1024.jpg 724w, https:\/\/www.radiopiu.net\/wordpress\/wp-content\/uploads\/2020\/07\/A3_Muse-e-le-Dolomiti_2020-768x1086.jpg 768w, https:\/\/www.radiopiu.net\/wordpress\/wp-content\/uploads\/2020\/07\/A3_Muse-e-le-Dolomiti_2020-1086x1536.jpg 1086w, https:\/\/www.radiopiu.net\/wordpress\/wp-content\/uploads\/2020\/07\/A3_Muse-e-le-Dolomiti_2020-1448x2048.jpg 1448w, https:\/\/www.radiopiu.net\/wordpress\/wp-content\/uploads\/2020\/07\/A3_Muse-e-le-Dolomiti_2020.jpg 1754w\" sizes=\"auto, (max-width: 212px) 100vw, 212px\" \/><\/a>LE MUSE E LE DOLOMITI, PRIMO APPUNTAMENTO DOMANI A SAN SIMON DI VALLADA. OSPITI Oda Zoe Hochscheid e Adelisa Tabiacon<\/strong><\/div>\n<div><\/div>\n<div><span style=\"color: #0000ff;\"><strong>DALLA FABBRICA DELLE EMOZIONI IN COLLABORAZIONE CON GIORNALE &amp; CAFFE&#8217; DERSUT DI TAIBON AGORDINO<\/strong><\/span><\/div>\n<div><\/div>\n<div>di Mirko Mezzacasa<\/div>\n<\/div>\n<div>\n<audio class=\"wp-audio-shortcode\" id=\"audio-149944-7\" preload=\"none\" style=\"width: 100%;\" controls=\"controls\"><source type=\"audio\/mpeg\" src=\"https:\/\/www.radiopiu.net\/wordpress\/wp-content\/uploads\/2020\/07\/MUSE-E-DOLOMITI-17-LUGLIO.mp3?_=7\" \/><a href=\"https:\/\/www.radiopiu.net\/wordpress\/wp-content\/uploads\/2020\/07\/MUSE-E-DOLOMITI-17-LUGLIO.mp3\">https:\/\/www.radiopiu.net\/wordpress\/wp-content\/uploads\/2020\/07\/MUSE-E-DOLOMITI-17-LUGLIO.mp3<\/a><\/audio>\n<p>&nbsp;<\/p>\n<p>&nbsp;<\/p>\n<hr \/>\n<p>&nbsp;<\/p>\n<div>\n<p>&nbsp;<\/p>\n<h2>IERI ALLA RADIO<\/h2>\n<blockquote>\n<h3>QUATTRO APPUNTAMENTI CON LA MUSICA DEI NOSTRI MUSICISTI A LONGARONE, OSPITE IL DIRETTORE ARTISTICO MATTEO SQUAIERA.<\/h3>\n<\/blockquote>\n<audio class=\"wp-audio-shortcode\" id=\"audio-149944-8\" preload=\"none\" style=\"width: 100%;\" controls=\"controls\"><source type=\"audio\/mpeg\" src=\"https:\/\/www.radiopiu.net\/wordpress\/wp-content\/uploads\/2020\/07\/MATTEO-SQUAIERA-ven-16-21-e-sabato-11-e-18.mp3?_=8\" \/><a href=\"https:\/\/www.radiopiu.net\/wordpress\/wp-content\/uploads\/2020\/07\/MATTEO-SQUAIERA-ven-16-21-e-sabato-11-e-18.mp3\">https:\/\/www.radiopiu.net\/wordpress\/wp-content\/uploads\/2020\/07\/MATTEO-SQUAIERA-ven-16-21-e-sabato-11-e-18.mp3<\/a><\/audio>\n\n\t\t\t<style type='text\/css'>\n\t\t\t\t#gallery-4 {\n\t\t\t\t\tmargin: auto;\n\t\t\t\t}\n\t\t\t\t#gallery-4 .gallery-item {\n\t\t\t\t\tfloat: left;\n\t\t\t\t\tmargin-top: 10px;\n\t\t\t\t\ttext-align: center;\n\t\t\t\t\twidth: 20%;\n\t\t\t\t}\n\t\t\t\t#gallery-4 img {\n\t\t\t\t\tborder: 2px solid #cfcfcf;\n\t\t\t\t}\n\t\t\t\t#gallery-4 .gallery-caption {\n\t\t\t\t\tmargin-left: 0;\n\t\t\t\t}\n\t\t\t\t\/* see gallery_shortcode() in wp-includes\/media.php *\/\n\t\t\t<\/style>\n\t\t<div id='gallery-4' class='dt-gallery-container gallery galleryid-149944 gallery-columns-5 gallery-size-thumbnail'><dl class='gallery-item'>\n\t\t\t\t<dt class='gallery-icon landscape'>\n\t\t\t\t\t<a class=\"rollover rollover-zoom dt-pswp-item\" title=\"a77dd860-6218-4385-8718-6d81ca9b37cd\" data-dt-img-description=\"\" data-large_image_width=\"1600\" data-large_image_height=\"592\"href='https:\/\/www.radiopiu.net\/wordpress\/wp-content\/uploads\/2020\/07\/a77dd860-6218-4385-8718-6d81ca9b37cd.jpg'><img loading=\"lazy\" decoding=\"async\" width=\"150\" height=\"150\" src=\"https:\/\/www.radiopiu.net\/wordpress\/wp-content\/uploads\/2020\/07\/a77dd860-6218-4385-8718-6d81ca9b37cd-150x150.jpg\" class=\"attachment-thumbnail size-thumbnail\" alt=\"\" \/><\/a>\n\t\t\t\t<\/dt><\/dl><dl class='gallery-item'>\n\t\t\t\t<dt class='gallery-icon landscape'>\n\t\t\t\t\t<a class=\"rollover rollover-zoom dt-pswp-item\" title=\"9e41311b-506a-4d7a-8ba7-658807d3e441\" data-dt-img-description=\"\" data-large_image_width=\"1600\" data-large_image_height=\"1068\"href='https:\/\/www.radiopiu.net\/wordpress\/wp-content\/uploads\/2020\/07\/9e41311b-506a-4d7a-8ba7-658807d3e441.jpg'><img loading=\"lazy\" decoding=\"async\" width=\"150\" height=\"150\" src=\"https:\/\/www.radiopiu.net\/wordpress\/wp-content\/uploads\/2020\/07\/9e41311b-506a-4d7a-8ba7-658807d3e441-150x150.jpg\" class=\"attachment-thumbnail size-thumbnail\" alt=\"\" \/><\/a>\n\t\t\t\t<\/dt><\/dl><dl class='gallery-item'>\n\t\t\t\t<dt class='gallery-icon landscape'>\n\t\t\t\t\t<a class=\"rollover rollover-zoom dt-pswp-item\" title=\"a1577a18-ee51-436f-9626-29f9073fb3dc\" data-dt-img-description=\"\" data-large_image_width=\"1600\" data-large_image_height=\"1600\"href='https:\/\/www.radiopiu.net\/wordpress\/wp-content\/uploads\/2020\/07\/a1577a18-ee51-436f-9626-29f9073fb3dc.jpg'><img loading=\"lazy\" decoding=\"async\" width=\"150\" height=\"150\" src=\"https:\/\/www.radiopiu.net\/wordpress\/wp-content\/uploads\/2020\/07\/a1577a18-ee51-436f-9626-29f9073fb3dc-150x150.jpg\" class=\"attachment-thumbnail size-thumbnail\" alt=\"\" srcset=\"https:\/\/www.radiopiu.net\/wordpress\/wp-content\/uploads\/2020\/07\/a1577a18-ee51-436f-9626-29f9073fb3dc-150x150.jpg 150w, https:\/\/www.radiopiu.net\/wordpress\/wp-content\/uploads\/2020\/07\/a1577a18-ee51-436f-9626-29f9073fb3dc-300x300.jpg 300w, https:\/\/www.radiopiu.net\/wordpress\/wp-content\/uploads\/2020\/07\/a1577a18-ee51-436f-9626-29f9073fb3dc-1024x1024.jpg 1024w, https:\/\/www.radiopiu.net\/wordpress\/wp-content\/uploads\/2020\/07\/a1577a18-ee51-436f-9626-29f9073fb3dc-768x768.jpg 768w, https:\/\/www.radiopiu.net\/wordpress\/wp-content\/uploads\/2020\/07\/a1577a18-ee51-436f-9626-29f9073fb3dc-1536x1536.jpg 1536w, https:\/\/www.radiopiu.net\/wordpress\/wp-content\/uploads\/2020\/07\/a1577a18-ee51-436f-9626-29f9073fb3dc.jpg 1600w\" sizes=\"auto, (max-width: 150px) 100vw, 150px\" \/><\/a>\n\t\t\t\t<\/dt><\/dl><dl class='gallery-item'>\n\t\t\t\t<dt class='gallery-icon landscape'>\n\t\t\t\t\t<a class=\"rollover rollover-zoom dt-pswp-item\" title=\"25786a21-1ec8-4a66-9c18-2cb08d81f68a\" data-dt-img-description=\"\" data-large_image_width=\"1414\" data-large_image_height=\"1323\"href='https:\/\/www.radiopiu.net\/wordpress\/wp-content\/uploads\/2020\/07\/25786a21-1ec8-4a66-9c18-2cb08d81f68a.jpg'><img loading=\"lazy\" decoding=\"async\" width=\"150\" height=\"150\" src=\"https:\/\/www.radiopiu.net\/wordpress\/wp-content\/uploads\/2020\/07\/25786a21-1ec8-4a66-9c18-2cb08d81f68a-150x150.jpg\" class=\"attachment-thumbnail size-thumbnail\" alt=\"\" \/><\/a>\n\t\t\t\t<\/dt><\/dl><dl class='gallery-item'>\n\t\t\t\t<dt class='gallery-icon landscape'>\n\t\t\t\t\t<a class=\"rollover rollover-zoom dt-pswp-item\" title=\"3ec587d5-6dd2-48b6-b5a1-38f5a254e3c2\" data-dt-img-description=\"\" data-large_image_width=\"1600\" data-large_image_height=\"1066\"href='https:\/\/www.radiopiu.net\/wordpress\/wp-content\/uploads\/2020\/07\/3ec587d5-6dd2-48b6-b5a1-38f5a254e3c2.jpg'><img loading=\"lazy\" decoding=\"async\" width=\"150\" height=\"150\" src=\"https:\/\/www.radiopiu.net\/wordpress\/wp-content\/uploads\/2020\/07\/3ec587d5-6dd2-48b6-b5a1-38f5a254e3c2-150x150.jpg\" class=\"attachment-thumbnail size-thumbnail\" alt=\"\" \/><\/a>\n\t\t\t\t<\/dt><\/dl><br style=\"clear: both\" \/>\n\t\t\t<\/div>\n\n<\/div>\n<p>&nbsp;<\/p>\n<hr \/>\n<p>&nbsp;<\/p>\n<h1><\/h1>\n<h1>IERI ALLA RADIO<\/h1>\n<blockquote>\n<h3><a class=\"dt-pswp-item\" href=\"https:\/\/www.radiopiu.net\/wordpress\/wp-content\/uploads\/2020\/06\/d888d3f2-a895-4a2e-bc7e-dba64c0be174.jpg\" data-dt-img-description=\"\" data-large_image_width=\"2048\" data-large_image_height=\"1536\"><img loading=\"lazy\" decoding=\"async\" class=\" wp-image-144888 alignleft\" src=\"https:\/\/www.radiopiu.net\/wordpress\/wp-content\/uploads\/2020\/06\/d888d3f2-a895-4a2e-bc7e-dba64c0be174-300x225.jpg\" alt=\"\" width=\"149\" height=\"112\" srcset=\"https:\/\/www.radiopiu.net\/wordpress\/wp-content\/uploads\/2020\/06\/d888d3f2-a895-4a2e-bc7e-dba64c0be174-300x225.jpg 300w, https:\/\/www.radiopiu.net\/wordpress\/wp-content\/uploads\/2020\/06\/d888d3f2-a895-4a2e-bc7e-dba64c0be174-1024x768.jpg 1024w, https:\/\/www.radiopiu.net\/wordpress\/wp-content\/uploads\/2020\/06\/d888d3f2-a895-4a2e-bc7e-dba64c0be174-768x576.jpg 768w, https:\/\/www.radiopiu.net\/wordpress\/wp-content\/uploads\/2020\/06\/d888d3f2-a895-4a2e-bc7e-dba64c0be174-1536x1152.jpg 1536w, https:\/\/www.radiopiu.net\/wordpress\/wp-content\/uploads\/2020\/06\/d888d3f2-a895-4a2e-bc7e-dba64c0be174.jpg 2048w\" sizes=\"auto, (max-width: 149px) 100vw, 149px\" \/><\/a>CASSA SOLIDARIETA&#8217; AZIENDALE LUXOTTICA, APPUNTAMENTO MENSILE CON FABRIZIO CAMPEDEL E PAOLO CHISSALE&#8217;<\/h3>\n<\/blockquote>\n<p><strong>di Claudio Fontanive\u00a0\u00a0<\/strong><\/p>\n<audio class=\"wp-audio-shortcode\" id=\"audio-149944-9\" preload=\"none\" style=\"width: 100%;\" controls=\"controls\"><source type=\"audio\/mpeg\" src=\"https:\/\/www.radiopiu.net\/wordpress\/wp-content\/uploads\/2020\/07\/ca-sol-lux-luglio.mp3?_=9\" \/><a href=\"https:\/\/www.radiopiu.net\/wordpress\/wp-content\/uploads\/2020\/07\/ca-sol-lux-luglio.mp3\">https:\/\/www.radiopiu.net\/wordpress\/wp-content\/uploads\/2020\/07\/ca-sol-lux-luglio.mp3<\/a><\/audio>\n<p>&nbsp;<\/p>\n<p>&nbsp;<\/p>\n<hr \/>\n<p>&nbsp;<\/p>\n<p>&nbsp;<\/p>\n<h1>IERI ALLA RADIO<\/h1>\n<p><strong>EPCENTER PUNTATA NUMERO 21 CON FRANCESCO ZILLIO<\/strong><\/p>\n<p><iframe loading=\"lazy\" title=\"EPCENTER 21 PUNTATA\" width=\"1200\" height=\"675\" src=\"https:\/\/www.youtube.com\/embed\/CcCBKcmA9OQ?feature=oembed\" frameborder=\"0\" allow=\"accelerometer; autoplay; clipboard-write; encrypted-media; gyroscope; picture-in-picture\" allowfullscreen><\/iframe><\/p>\n<p><strong>TUTTE LE PUNTATE<\/strong><\/p>\n<p>&nbsp;<\/p>\n<blockquote class=\"wp-embedded-content\" data-secret=\"d65tNWkEVu\"><p><a href=\"https:\/\/www.radiopiu.net\/wordpress\/ep-center-video-gallery\/\">EP CENTER video gallery<\/a><\/p><\/blockquote>\n<p><iframe loading=\"lazy\" class=\"wp-embedded-content\" sandbox=\"allow-scripts\" security=\"restricted\" style=\"position: absolute; clip: rect(1px, 1px, 1px, 1px);\" title=\"&#8220;EP CENTER video gallery&#8221; &#8212; Radio Pi\u00f9\" src=\"https:\/\/www.radiopiu.net\/wordpress\/ep-center-video-gallery\/embed\/#?secret=d65tNWkEVu\" data-secret=\"d65tNWkEVu\" width=\"600\" height=\"338\" frameborder=\"0\" marginwidth=\"0\" marginheight=\"0\" scrolling=\"no\"><\/iframe><\/p>\n<p>&nbsp;<\/p>\n<hr \/>\n<p>&nbsp;<\/p>\n<h2>IERI ALLA RADIO<\/h2>\n<h2><span style=\"color: #ff0000;\">DUE MINUTI UN LIBRO<\/span><\/h2>\n<blockquote class=\"wp-embedded-content\" data-secret=\"K4kXg7dMdA\"><p><a href=\"https:\/\/www.radiopiu.net\/wordpress\/tutti-i-miei-errori-2\/\">TUTTI I MIEI ERRORI<\/a><\/p><\/blockquote>\n<p><iframe loading=\"lazy\" class=\"wp-embedded-content\" sandbox=\"allow-scripts\" security=\"restricted\" style=\"position: absolute; clip: rect(1px, 1px, 1px, 1px);\" title=\"&#8220;TUTTI I MIEI ERRORI&#8221; &#8212; Radio Pi\u00f9\" src=\"https:\/\/www.radiopiu.net\/wordpress\/tutti-i-miei-errori-2\/embed\/#?secret=K4kXg7dMdA\" data-secret=\"K4kXg7dMdA\" width=\"600\" height=\"338\" frameborder=\"0\" marginwidth=\"0\" marginheight=\"0\" scrolling=\"no\"><\/iframe><\/p>\n<p>&nbsp;<\/p>\n<p><strong>LE ALTRE PUNTATE<\/strong><\/p>\n<blockquote class=\"wp-embedded-content\" data-secret=\"MjfIRgWhNg\"><p><a href=\"https:\/\/www.radiopiu.net\/wordpress\/due-minuti-un-libro\/\">Due minuti un libro<\/a><\/p><\/blockquote>\n<p><iframe loading=\"lazy\" class=\"wp-embedded-content\" sandbox=\"allow-scripts\" security=\"restricted\" style=\"position: absolute; clip: rect(1px, 1px, 1px, 1px);\" title=\"&#8220;Due minuti un libro&#8221; &#8212; Radio Pi\u00f9\" src=\"https:\/\/www.radiopiu.net\/wordpress\/due-minuti-un-libro\/embed\/#?secret=MjfIRgWhNg\" data-secret=\"MjfIRgWhNg\" width=\"600\" height=\"338\" frameborder=\"0\" marginwidth=\"0\" marginheight=\"0\" scrolling=\"no\"><\/iframe><\/p>\n<p>&nbsp;<\/p>\n<p>&nbsp;<\/p>\n<hr \/>\n<p>&nbsp;<\/p>\n<h2><span style=\"color: #800080;\">IL MESSAGGIO DEI SACERDOTI A RADIO PIU&#8217;<\/span><\/h2>\n<blockquote class=\"wp-embedded-content\" data-secret=\"POcKAfz2Hz\"><p><a href=\"https:\/\/www.radiopiu.net\/wordpress\/chiesa11\/\">DON CESARE SU RADIO PIU&#8217; ALLE 7.30 E 19.30, PARROCCHIE DI AGORDO, LA VALLE E TAIBON<\/a><\/p><\/blockquote>\n<p><iframe loading=\"lazy\" class=\"wp-embedded-content\" sandbox=\"allow-scripts\" security=\"restricted\" style=\"position: absolute; clip: rect(1px, 1px, 1px, 1px);\" title=\"&#8220;DON CESARE SU RADIO PIU&#8217; ALLE 7.30 E 19.30, PARROCCHIE DI AGORDO, LA VALLE E TAIBON&#8221; &#8212; Radio Pi\u00f9\" src=\"https:\/\/www.radiopiu.net\/wordpress\/chiesa11\/embed\/#?secret=POcKAfz2Hz\" data-secret=\"POcKAfz2Hz\" width=\"600\" height=\"338\" frameborder=\"0\" marginwidth=\"0\" marginheight=\"0\" scrolling=\"no\"><\/iframe><\/p>\n<p>&nbsp;<\/p>\n<p>&nbsp;<\/p>\n<hr \/>\n<p>&nbsp;<\/p>\n<h2><span style=\"color: #339966;\">AGORDINOMERON&#8230;LA RACCOLTA<\/span><\/h2>\n<blockquote class=\"wp-embedded-content\" data-secret=\"0deVtkVGMk\"><p><a href=\"https:\/\/www.radiopiu.net\/wordpress\/agordinomeron\/\">AGORDINOMERON, IL TERRITORIO SI RACCONTA Da un&#8217;idea di Gianni Santomaso<\/a><\/p><\/blockquote>\n<p><iframe loading=\"lazy\" class=\"wp-embedded-content\" sandbox=\"allow-scripts\" security=\"restricted\" style=\"position: absolute; clip: rect(1px, 1px, 1px, 1px);\" title=\"&#8220;AGORDINOMERON, IL TERRITORIO SI RACCONTA Da un&#8217;idea di Gianni Santomaso&#8221; &#8212; Radio Pi\u00f9\" src=\"https:\/\/www.radiopiu.net\/wordpress\/agordinomeron\/embed\/#?secret=0deVtkVGMk\" data-secret=\"0deVtkVGMk\" width=\"600\" height=\"338\" frameborder=\"0\" marginwidth=\"0\" marginheight=\"0\" scrolling=\"no\"><\/iframe><\/p>\n<p>&nbsp;<\/p>\n<p>&nbsp;<\/p>\n<hr \/>\n<p>&nbsp;<\/p>\n<h2><span style=\"color: #3366ff;\">I RACCONTI DI PAOLO SOPPELSA&#8230;LA RACCOLTA<\/span><\/h2>\n<blockquote class=\"wp-embedded-content\" data-secret=\"StNw0O3Yfp\"><p><a href=\"https:\/\/www.radiopiu.net\/wordpress\/i-racconti-di-paolo-soppelsa\/\">I racconti di Paolo Soppelsa<\/a><\/p><\/blockquote>\n<p><iframe loading=\"lazy\" class=\"wp-embedded-content\" sandbox=\"allow-scripts\" security=\"restricted\" style=\"position: absolute; clip: rect(1px, 1px, 1px, 1px);\" title=\"&#8220;I racconti di Paolo Soppelsa&#8221; &#8212; Radio Pi\u00f9\" src=\"https:\/\/www.radiopiu.net\/wordpress\/i-racconti-di-paolo-soppelsa\/embed\/#?secret=StNw0O3Yfp\" data-secret=\"StNw0O3Yfp\" width=\"600\" height=\"338\" frameborder=\"0\" marginwidth=\"0\" marginheight=\"0\" scrolling=\"no\"><\/iframe><\/p>\n<hr \/>\n<p>&nbsp;<\/p>\n<h2><span style=\"color: #cc99ff;\">ZAINO DA VIAGGIO AL FEMMINILE DI PAOLA LANCIATO<\/span><\/h2>\n<p>&nbsp;<\/p>\n<blockquote class=\"wp-embedded-content\" data-secret=\"UprzbfiXlx\"><p><a href=\"https:\/\/www.radiopiu.net\/wordpress\/zaino-femminile-lanciato\/\">Zaino da viaggio al femminile<\/a><\/p><\/blockquote>\n<p><iframe loading=\"lazy\" class=\"wp-embedded-content\" sandbox=\"allow-scripts\" security=\"restricted\" style=\"position: absolute; clip: rect(1px, 1px, 1px, 1px);\" title=\"&#8220;Zaino da viaggio al femminile&#8221; &#8212; Radio Pi\u00f9\" src=\"https:\/\/www.radiopiu.net\/wordpress\/zaino-femminile-lanciato\/embed\/#?secret=UprzbfiXlx\" data-secret=\"UprzbfiXlx\" width=\"600\" height=\"338\" frameborder=\"0\" marginwidth=\"0\" marginheight=\"0\" scrolling=\"no\"><\/iframe><\/p>\n<p>&nbsp;<\/p>\n<hr \/>\n<p>&nbsp;<\/p>\n<p><strong class=\"photoswipe-wrapper\"><a class=\"dt-pswp-item pspw-wrap-ready\" href=\"https:\/\/i0.wp.com\/www.radiopiu.net\/wordpress\/wp-content\/uploads\/2018\/09\/viabilita.jpeg?ssl=1\" data-dt-img-description=\"\" data-large_image_width=\"800\" data-large_image_height=\"100\"><img loading=\"lazy\" decoding=\"async\" class=\"aligncenter wp-image-61954 size-full jetpack-lazy-image jetpack-lazy-image--handled\" src=\"https:\/\/i0.wp.com\/www.radiopiu.net\/wordpress\/wp-content\/uploads\/2018\/09\/viabilita.jpeg?resize=800%2C100&amp;ssl=1\" sizes=\"auto, (max-width: 800px) 100vw, 800px\" srcset=\"https:\/\/i0.wp.com\/www.radiopiu.net\/wordpress\/wp-content\/uploads\/2018\/09\/viabilita.jpeg?w=800&amp;ssl=1 800w, https:\/\/i0.wp.com\/www.radiopiu.net\/wordpress\/wp-content\/uploads\/2018\/09\/viabilita.jpeg?resize=300%2C38&amp;ssl=1 300w, https:\/\/i0.wp.com\/www.radiopiu.net\/wordpress\/wp-content\/uploads\/2018\/09\/viabilita.jpeg?resize=768%2C96&amp;ssl=1 768w\" alt=\"\" width=\"800\" height=\"100\" data-lazy-loaded=\"1\" \/><\/a><\/strong><\/p>\n<p>&nbsp;<\/p>\n<p><strong><em>PROVINCIALE 473 CROCE D&#8217;AUNE: <\/em><\/strong><strong><em>IL 20 LUGLIO INTERDIZIONE TOTALE DALLE 9 ALLE 11 TRA PONTE OLTRA E SORRIVA <\/em><\/strong><\/p>\n<h4>GOSALDO\u00a0 Dal 20 al 24 luglio per lavori su rete idrica in localit\u00e0 Tiser lungo la provinciale 2 del Mis interdizione totale dalle 8 alle 12 e dalle 13 alle 17 dal chilometro 24.900 al chilometro 25.100 Nelle altre ore senso unico alternato.<\/h4>\n<p>SELVA DI CADORE \u00a0FINO AL 7 AGOSTO DALLE 7 ALLE 18 \u00a0E DAL 24 AGOSTO AL 15 SETTEMBRE SEMPRE DALLE 7 ALLE 18 (FESTIVI E PRE FESTIVI ESCLUSI) SENSO UNICO ALTERNATO CON MOVIERI O SEMAFORO IN LOCALIT\u00c0 SOLATOR. DAL CHILOMETRO 4.400 AL CHILOMETRO 5.100<\/p>\n<p>REGIONALE 48 DELLE DOLOMITI FINO AL 30 LUGLIO SENSO UNICO IN LOCALITA\u2019 LIVINE\u2019 DI LIVINALLONGO<\/p>\n<p>SP 251 FINO AL 31 LUGLIO TRA PESCUL E SELVA DI CADORE SENSO UNICO ALTERNATO REGOLATO DA SEMAFORO, ESCLUSI SABATO E DOMENICA PER POSA FIBRE OTTICHE<\/p>\n<p>PROVINCIALE 641 DI PASSO FEDAIA, FINO AL 31 LUGLIO (FESTIVI E PREFESTIVI ECLUSI) SENSO UNICO IN LOCALIT\u00c0 ROCCA PIETORE PER SOSTITUZIONI BARRIERE LATERALI<\/p>\n<p>FINO AL 24 LUGLIO SABATO E DOMENICA COMPRESI LUNGO LA 641 DI PASSO FEDAIA IN LOCALIT\u00e0 CAPANNA BILL E COL DI ROCCA, SENSO UNICO ALTERNATO CON SEMAFORO<\/p>\n<p>STRADA REGIONALE 203 AGORDINA TRA PERON E CANDATEN, FINO 31 LUGLIO ESCLUSI SABATI E DOMENICHE, DALLE 7:30 ALLE 9 E E DALLE 16:30 ALLE 18 SENSO UNICO ALTERNATO REGOLATO DA MOVIERI. NEGLI ALTRI ORARI SENSO UNICO ALTERNATO REGOLATO DA SEMAFORO PER INTERRAMENTO CAVIDOTTO E-DISTRIBUZIONE<\/p>\n<p>STRADA REGIONALE 48 DELLE DOLOMITI, A CORTINA IN LOCALITA\u2019 POCOL, SENSO UNICO ALTERNATO REGOLATO DA IMPIANTO SEMAFORICO \u00a0FINO AL 24 LUGLIO, ESCLUSI SABATI E DOMENICHE, PER POSA CAVIDOTTO E-DISTRIBUZIONE<\/p>\n<p>STRADA PROVINCIALE 30 PANORAMICA DEL COMELICO, FINO\u00a0 AL 31 LUGLIO INTERDIZIONE TOTALE ALLA VIABILITA\u2019 TRA COSTA E COSTALISSOIO PER MESSA IN SICUREZZA STRADA<\/p>\n<p>STRADA PROVINCIALE 619 DI VIGO DI CADORE, FINO\u00a0 AL 7 AGOSTO, ESCLUSI SABATI E DOMENICHE, SENSO UNICO ALTERNATO REGOLATO DA IMPIANTO SEMAFORICO O MOVIERI PER MESSA IN SICUREZZA DELLA STRADA<\/p>\n<p>STRADA PROVINCIALE 473 DI CROCE D\u2019AUNE, FINO\u00a0 AL 17 LUGLIO, SABATI E DOMENICHE ESCLUSE, SALTUARIA ISTITUZIONE DI SENSO UNICO ALTERNATO REGOLATO DA MOVIERI IN LOCALIT\u00e0 GORNA DI SOVRAMONTE PER LAVORI DI CONSOLIDAMENTO CIGLIO STRADALE<\/p>\n<p>STRADA PROVINCIALE 641 DEL PASSO FEDAIA, NEL COMUNE DI ROCCA PIETORE, FINO AL 22 LUGLIO, SABATI E DOMENICHE ESCLUSE, SENSO UNICO ALTERNATO REGOLATO DA IMPIANTO SEMAFORICO PER POSA CAVIDOTTO ELETTRICO<\/p>\n<p>&nbsp;<\/p>\n<hr \/>\n<p>&nbsp;<\/p>\n<h2><em><strong>COMUNICAZIONE ISTITUZIONALE \u2013 APP IMMUNI<\/strong><\/em><\/h2>\n<p><iframe loading=\"lazy\" title=\"Immuni App 30\" width=\"1200\" height=\"675\" src=\"https:\/\/www.youtube.com\/embed\/-XG48J62814?feature=oembed\" frameborder=\"0\" allow=\"accelerometer; autoplay; clipboard-write; encrypted-media; gyroscope; picture-in-picture\" allowfullscreen><\/iframe><\/p>\n<p>&nbsp;<\/p>\n<p>&nbsp;<\/p>\n<p class=\"photoswipe-wrapper\"><a class=\"dt-pswp-item pspw-wrap-ready\" href=\"https:\/\/i0.wp.com\/www.radiopiu.net\/wordpress\/wp-content\/uploads\/2018\/09\/WhatsApp-Image-2018-09-20-at-16.04.06.jpeg?ssl=1\" data-dt-img-description=\"\" data-large_image_width=\"800\" data-large_image_height=\"100\"><img loading=\"lazy\" decoding=\"async\" class=\"aligncenter wp-image-61378 size-full jetpack-lazy-image jetpack-lazy-image--handled\" src=\"https:\/\/i0.wp.com\/www.radiopiu.net\/wordpress\/wp-content\/uploads\/2018\/09\/WhatsApp-Image-2018-09-20-at-16.04.06.jpeg?resize=800%2C100&amp;ssl=1\" sizes=\"auto, (max-width: 800px) 100vw, 800px\" srcset=\"https:\/\/i0.wp.com\/www.radiopiu.net\/wordpress\/wp-content\/uploads\/2018\/09\/WhatsApp-Image-2018-09-20-at-16.04.06.jpeg?w=800&amp;ssl=1 800w, https:\/\/i0.wp.com\/www.radiopiu.net\/wordpress\/wp-content\/uploads\/2018\/09\/WhatsApp-Image-2018-09-20-at-16.04.06.jpeg?resize=300%2C38&amp;ssl=1 300w, https:\/\/i0.wp.com\/www.radiopiu.net\/wordpress\/wp-content\/uploads\/2018\/09\/WhatsApp-Image-2018-09-20-at-16.04.06.jpeg?resize=768%2C96&amp;ssl=1 768w\" alt=\"\" width=\"800\" height=\"100\" data-lazy-loaded=\"1\" \/><\/a><\/p>\n<p>&nbsp;<\/p>\n<p><center><b>Sabato 18<\/b><\/center><b>Tempo atteso: <\/b>Giornata generalmente bella, anche se ancora fresca, soprattutto al mattino. Sulle Dolomiti cielo sereno o poco nuvoloso per tutta la giornata, sulle Prealpi sereno o poco nuvoloso al mattino ed annuvolamenti cumuliformi al pomeriggio, quando non sono esclusi locali fenomeni d&#8217;instabilit\u00e0. In serata sereno.<br \/>\n<b>Precipitazioni: <\/b>Sulle Dolomiti assenti (0%), sulle Prealpi al mattino assenti (0%), nel pomeriggio non escluse del tutto (10-20%), sotto forma di locali rovesci. In serata assenti (0%).<br \/>\n<b>Temperature: <\/b>Minime in generale diminuzione, massime stazionarie o in lieve aumento in quota. Su Prealpi a 1500 m min 9\u00b0C max 13\u00b0C, a 2000 m min 5\u00b0C max 9\u00b0C. Su Dolomiti a 2000 m min 3\u00b0C max 12\u00b0C, a 3000 m min -3\u00b0C max 1\u00b0C.<br \/>\n<b>Venti: <\/b>Nelle valli deboli o moderati a regime di brezza, salvo residui, locali rinforzi di Foehn al mattino nelle Dolomiti; in quota deboli\/moderati da nord, a tratti ancora tesi a 3000 m, in generale attenuazione in serata, 5-25 km\/h a 2000 m e 25-35 km\/h a 3000 m<\/p>\n<hr \/>\n<p><center><b>Domenica 19<\/b><\/center><b>Tempo atteso: <\/b>Giornata in prevalenza bella e pi\u00f9 calda, con temperature diurne tipicamente estive. Da sereno a poco nuvoloso, con sviluppo di modesti cumuli ad evoluzione diurna, un po&#8217; pi\u00f9 sviluppati sulle Dolomiti, dove non \u00e8 escluso del tutto qualche fenomeno pomeridiano.<br \/>\n<b>Precipitazioni: <\/b>Generalmente assenti (0%) salvo una remota possibilit\u00e0 di qualche rovescio nel pomeriggio sulle Dolomiti (10-20%)<br \/>\n<b>Temperature: <\/b>In generale aumento, salvo rimanere stazionarie le minime a fondovalle. Su Prealpi a 1500 m min 12\u00b0C max 16\u00b0C, a 2000 m min 8\u00b0C max 12\u00b0C. Su Dolomiti a 2000 m min 5\u00b0C max 14\u00b0C, a 3000 m min 1\u00b0C max 3\u00b0C<br \/>\n<b>Venti: <\/b>Nelle valli deboli o moderati per brezze; in quota deboli o moderati da nord-ovest a 5-20 km\/h a 2000 m e 5-25 km\/h a 3000 m.<\/p>\n<hr \/>\n<p><center><b>Lunedi 20<\/b><\/center>In prevalenza soleggiato e caldo, pur con il rischio nel pomeriggio di qualche addensamento associato ad un breve rovescio o temporale. Temperature minime in aumento, massime stazionarie. Venti in quota deboli, solo a tratti moderati, da ovest nord-ovest.<\/p>\n<hr \/>\n<p><center><b>Martedi 21<\/b><\/center>Simile al tempo di luned\u00ec, con prevalenza di sole e temperature estive, ma con possibilit\u00e0 di qualche annuvolamento pomeridiano associato ad un breve rovescio o temporale. Temperature senza grosse variazioni. Venti in quota deboli, al pi\u00f9 moderati, occidentali. Previsore: B.R.<\/p>\n<p>&nbsp;<\/p>\n<p>&nbsp;<\/p>\n<p><iframe loading=\"lazy\" title=\"Spot Buttalibene TV\" width=\"1200\" height=\"675\" src=\"https:\/\/www.youtube.com\/embed\/fjHWpfyAevE?feature=oembed\" frameborder=\"0\" allow=\"accelerometer; autoplay; clipboard-write; encrypted-media; gyroscope; picture-in-picture\" allowfullscreen><\/iframe><\/p>\n<p>&nbsp;<\/p>\n<p>&nbsp;<\/p>\n<p><a class=\"dt-pswp-item\" href=\"https:\/\/www.radiopiu.net\/wordpress\/wp-content\/uploads\/2018\/09\/sport.jpg\" data-dt-img-description=\"\" data-large_image_width=\"800\" data-large_image_height=\"100\"><img loading=\"lazy\" decoding=\"async\" class=\"alignnone wp-image-60761 size-full\" src=\"https:\/\/www.radiopiu.net\/wordpress\/wp-content\/uploads\/2018\/09\/sport.jpg\" alt=\"\" width=\"800\" height=\"100\" srcset=\"https:\/\/www.radiopiu.net\/wordpress\/wp-content\/uploads\/2018\/09\/sport.jpg 800w, https:\/\/www.radiopiu.net\/wordpress\/wp-content\/uploads\/2018\/09\/sport-300x38.jpg 300w, https:\/\/www.radiopiu.net\/wordpress\/wp-content\/uploads\/2018\/09\/sport-768x96.jpg 768w\" sizes=\"auto, (max-width: 800px) 100vw, 800px\" \/><\/a><\/p>\n<p>&nbsp;<\/p>\n<blockquote>\n<h3>HOCKEY GHIACCIO, NUOVO INIZIO PER LA NAZIONALE IN RADUNO A FORMIA<\/h3>\n<\/blockquote>\n<p><a class=\"dt-pswp-item\" href=\"https:\/\/www.radiopiu.net\/wordpress\/wp-content\/uploads\/2019\/01\/AE7A9D38-59B1-49C9-9B49-6662F54D0440.jpeg\" data-dt-img-description=\"\" data-large_image_width=\"1300\" data-large_image_height=\"1300\"><img loading=\"lazy\" decoding=\"async\" class=\"size-medium wp-image-71463 alignleft\" src=\"https:\/\/www.radiopiu.net\/wordpress\/wp-content\/uploads\/2019\/01\/AE7A9D38-59B1-49C9-9B49-6662F54D0440-300x300.jpeg\" alt=\"\" width=\"300\" height=\"300\" srcset=\"https:\/\/www.radiopiu.net\/wordpress\/wp-content\/uploads\/2019\/01\/AE7A9D38-59B1-49C9-9B49-6662F54D0440-300x300.jpeg 300w, https:\/\/www.radiopiu.net\/wordpress\/wp-content\/uploads\/2019\/01\/AE7A9D38-59B1-49C9-9B49-6662F54D0440-150x150.jpeg 150w, https:\/\/www.radiopiu.net\/wordpress\/wp-content\/uploads\/2019\/01\/AE7A9D38-59B1-49C9-9B49-6662F54D0440-768x768.jpeg 768w, https:\/\/www.radiopiu.net\/wordpress\/wp-content\/uploads\/2019\/01\/AE7A9D38-59B1-49C9-9B49-6662F54D0440-1024x1024.jpeg 1024w, https:\/\/www.radiopiu.net\/wordpress\/wp-content\/uploads\/2019\/01\/AE7A9D38-59B1-49C9-9B49-6662F54D0440.jpeg 1300w\" sizes=\"auto, (max-width: 300px) 100vw, 300px\" \/><\/a>Per l\u2019Italia dell\u2019hockey su ghiaccio \u00e8 iniziata una nuova era. Quella targata Greg Ireland. Il 54enne coach canadese, che prende il posto di Clayton Beddoes, una volta terminato il necessario periodo di quarantena dopo lo sbarco nel nostro paese, ha finalmente potuto raggiungere nelle scorse ore il Centro di preparazione olimpica del CONI di Formia (Latina). Ad attenderlo il resto del coaching staff (De Bettin, Lehtonen, Scandella e Armani), e il gruppo dei 23 atleti della nazionale senior che hanno risposto positivamente alla convocazione della FISG. Gli azzurri sono impegnati in una serie di test fisici e atletici, \u201cmonitorati\u201d non solo dallo staff azzurro ma anche dal personale medico del Comitato olimpico nazionale italiano. Il tutto, ovviamente, nel rispetto dei rigidi protocolli di sicurezza in materia di Covid per quanto riguarda igiene, protezione e distanziamento fra le persone. Per riprendere l\u2019attivit\u00e0 su ghiaccio, invece, la nazionale dovr\u00e0 attendere ancora un mese: a cavallo di ferragosto, infatti, \u00e8 previsto il primo raduno vero e proprio, ma a Formia sono stati mossi i primi passi di una stagione che si annuncia estremamente lunga e che si concluder\u00e0 con due appuntamenti importanti per il futuro a breve e medio termine dell\u2019hockey su ghiaccio italiano.<\/p>\n<\/div>\n","protected":false},"excerpt":{"rendered":"<p>PER RICEVERE QUESTO NOTIZIARIO DIRETTAMENTE SUL TUO CELLULARE ISCRIVITI AL CANALE TELEGRAM\u00a0\u201cRADIO PIU\u00a0 INFORMAZIONE ATTENZIONE: LA NUOVA APP PER IOS-IPHONE https:\/\/apps.apple.com\/it\/app\/radio-pi%C3%B9-emittente-agordina\/id1515939845 ATTENZIONE: LA NUOVA APP RADIO\u00a0 PER ANDROID https:\/\/play.google.com\/store\/apps\/details?id=net.radiopiu.iniko &nbsp; &nbsp; LA GALLERIA FOTOGRAFICA DEL GIORNO, di Susy Dan A passeggio per la piana di Falcade tra le opere di Augusto Murer &nbsp; &nbsp; PROVINCIALE&hellip;<\/p>\n","protected":false},"author":1,"featured_media":149908,"comment_status":"closed","ping_status":"closed","sticky":false,"template":"","format":"standard","meta":{"_monsterinsights_skip_tracking":false,"_monsterinsights_sitenote_active":false,"_monsterinsights_sitenote_note":"","_monsterinsights_sitenote_category":0,"footnotes":""},"categories":[1,86,49],"tags":[],"class_list":["post-149944","post","type-post","status-publish","format-standard","has-post-thumbnail","hentry","category-senza-categoria","category-gr","category-news-18","category-1","category-86","category-49","description-off"],"img_url":"https:\/\/www.radiopiu.net\/wordpress\/wp-content\/uploads\/2020\/07\/gdf-4-1-scaled.jpg","_links":{"self":[{"href":"https:\/\/www.radiopiu.net\/wordpress\/wp-json\/wp\/v2\/posts\/149944","targetHints":{"allow":["GET"]}}],"collection":[{"href":"https:\/\/www.radiopiu.net\/wordpress\/wp-json\/wp\/v2\/posts"}],"about":[{"href":"https:\/\/www.radiopiu.net\/wordpress\/wp-json\/wp\/v2\/types\/post"}],"author":[{"embeddable":true,"href":"https:\/\/www.radiopiu.net\/wordpress\/wp-json\/wp\/v2\/users\/1"}],"replies":[{"embeddable":true,"href":"https:\/\/www.radiopiu.net\/wordpress\/wp-json\/wp\/v2\/comments?post=149944"}],"version-history":[{"count":0,"href":"https:\/\/www.radiopiu.net\/wordpress\/wp-json\/wp\/v2\/posts\/149944\/revisions"}],"wp:featuredmedia":[{"embeddable":true,"href":"https:\/\/www.radiopiu.net\/wordpress\/wp-json\/wp\/v2\/media\/149908"}],"wp:attachment":[{"href":"https:\/\/www.radiopiu.net\/wordpress\/wp-json\/wp\/v2\/media?parent=149944"}],"wp:term":[{"taxonomy":"category","embeddable":true,"href":"https:\/\/www.radiopiu.net\/wordpress\/wp-json\/wp\/v2\/categories?post=149944"},{"taxonomy":"post_tag","embeddable":true,"href":"https:\/\/www.radiopiu.net\/wordpress\/wp-json\/wp\/v2\/tags?post=149944"}],"curies":[{"name":"wp","href":"https:\/\/api.w.org\/{rel}","templated":true}]}}