{"id":150006,"date":"2020-07-17T18:50:58","date_gmt":"2020-07-17T16:50:58","guid":{"rendered":"https:\/\/www.radiopiu.net\/wordpress\/?p=150006"},"modified":"2020-07-17T18:54:24","modified_gmt":"2020-07-17T16:54:24","slug":"inizia-lescursione","status":"publish","type":"post","link":"https:\/\/www.radiopiu.net\/wordpress\/inizia-lescursione\/","title":{"rendered":"INIZIA L&#8217;ESCURSIONE SULLA FERRATA, MA NON E&#8217; IN GRADO DI PORTARLA A TERMINE"},"content":{"rendered":"<p><strong><a class=\"dt-pswp-item\" href=\"https:\/\/www.radiopiu.net\/wordpress\/wp-content\/uploads\/2020\/07\/salt_20200717_183209_383_resized.jpg\" data-dt-img-description=\"\" data-large_image_width=\"1147\" data-large_image_height=\"2052\"><img loading=\"lazy\" decoding=\"async\" class=\"size-medium wp-image-150007 alignleft\" src=\"https:\/\/www.radiopiu.net\/wordpress\/wp-content\/uploads\/2020\/07\/salt_20200717_183209_383_resized-168x300.jpg\" alt=\"\" width=\"168\" height=\"300\" srcset=\"https:\/\/www.radiopiu.net\/wordpress\/wp-content\/uploads\/2020\/07\/salt_20200717_183209_383_resized-168x300.jpg 168w, https:\/\/www.radiopiu.net\/wordpress\/wp-content\/uploads\/2020\/07\/salt_20200717_183209_383_resized-572x1024.jpg 572w, https:\/\/www.radiopiu.net\/wordpress\/wp-content\/uploads\/2020\/07\/salt_20200717_183209_383_resized-768x1374.jpg 768w, https:\/\/www.radiopiu.net\/wordpress\/wp-content\/uploads\/2020\/07\/salt_20200717_183209_383_resized-859x1536.jpg 859w, https:\/\/www.radiopiu.net\/wordpress\/wp-content\/uploads\/2020\/07\/salt_20200717_183209_383_resized-1145x2048.jpg 1145w, https:\/\/www.radiopiu.net\/wordpress\/wp-content\/uploads\/2020\/07\/salt_20200717_183209_383_resized.jpg 1147w\" sizes=\"auto, (max-width: 168px) 100vw, 168px\" \/><\/a>CORTINA<\/strong> Una donna francese di 48 anni stamane \u00e8 partita verso Punta Anna salendo per la ferrata. Nemmeno a met\u00e0 dell&#8217;intinerario attrezzato alle 14.30 l&#8217;escursionista ha capito che non era pi\u00f9 in grado di proseguire, impreparata per affrontare la missione. Non gli \u00e8 rimasto come succede sempre pi\u00f9 spesso in questi casi che digitare il 118 e far decollare l&#8217;elicottero del Suem. La donna \u00e8 stata recuperata con l&#8217;ausilio di un verricello di 15 metri e poi trasportata al Rifugio Dibona, il compagno ha invece preferito proseguire autonomamente.<\/p>\n<p>&nbsp;<\/p>\n","protected":false},"excerpt":{"rendered":"<p>CORTINA Una donna francese di 48 anni stamane \u00e8 partita verso Punta Anna salendo per la ferrata. Nemmeno a met\u00e0 dell&#8217;intinerario attrezzato alle 14.30 l&#8217;escursionista ha capito che non era pi\u00f9 in grado di proseguire, impreparata per affrontare la missione. Non gli \u00e8 rimasto come succede sempre pi\u00f9 spesso in questi casi che digitare il&hellip;<\/p>\n","protected":false},"author":1,"featured_media":150007,"comment_status":"closed","ping_status":"closed","sticky":false,"template":"","format":"standard","meta":{"_monsterinsights_skip_tracking":false,"_monsterinsights_sitenote_active":false,"_monsterinsights_sitenote_note":"","_monsterinsights_sitenote_category":0,"footnotes":""},"categories":[49],"tags":[],"class_list":["post-150006","post","type-post","status-publish","format-standard","has-post-thumbnail","hentry","category-news-18","category-49","description-off"],"img_url":"https:\/\/www.radiopiu.net\/wordpress\/wp-content\/uploads\/2020\/07\/salt_20200717_183209_383_resized.jpg","_links":{"self":[{"href":"https:\/\/www.radiopiu.net\/wordpress\/wp-json\/wp\/v2\/posts\/150006","targetHints":{"allow":["GET"]}}],"collection":[{"href":"https:\/\/www.radiopiu.net\/wordpress\/wp-json\/wp\/v2\/posts"}],"about":[{"href":"https:\/\/www.radiopiu.net\/wordpress\/wp-json\/wp\/v2\/types\/post"}],"author":[{"embeddable":true,"href":"https:\/\/www.radiopiu.net\/wordpress\/wp-json\/wp\/v2\/users\/1"}],"replies":[{"embeddable":true,"href":"https:\/\/www.radiopiu.net\/wordpress\/wp-json\/wp\/v2\/comments?post=150006"}],"version-history":[{"count":0,"href":"https:\/\/www.radiopiu.net\/wordpress\/wp-json\/wp\/v2\/posts\/150006\/revisions"}],"wp:featuredmedia":[{"embeddable":true,"href":"https:\/\/www.radiopiu.net\/wordpress\/wp-json\/wp\/v2\/media\/150007"}],"wp:attachment":[{"href":"https:\/\/www.radiopiu.net\/wordpress\/wp-json\/wp\/v2\/media?parent=150006"}],"wp:term":[{"taxonomy":"category","embeddable":true,"href":"https:\/\/www.radiopiu.net\/wordpress\/wp-json\/wp\/v2\/categories?post=150006"},{"taxonomy":"post_tag","embeddable":true,"href":"https:\/\/www.radiopiu.net\/wordpress\/wp-json\/wp\/v2\/tags?post=150006"}],"curies":[{"name":"wp","href":"https:\/\/api.w.org\/{rel}","templated":true}]}}