{"id":150044,"date":"2020-07-18T06:33:29","date_gmt":"2020-07-18T04:33:29","guid":{"rendered":"https:\/\/www.radiopiu.net\/wordpress\/?p=150044"},"modified":"2020-07-18T06:33:44","modified_gmt":"2020-07-18T04:33:44","slug":"autovelox-e-telelaser-controlli-da-quero-in-val-di-zoldo-e-fino-a-livinallongo","status":"publish","type":"post","link":"https:\/\/www.radiopiu.net\/wordpress\/autovelox-e-telelaser-controlli-da-quero-in-val-di-zoldo-e-fino-a-livinallongo\/","title":{"rendered":"AUTOVELOX E TELELASER, CONTROLLI DA QUERO IN VAL DI ZOLDO E FINO A LIVINALLONGO"},"content":{"rendered":"<blockquote>\n<blockquote>\n<h3><a class=\"dt-pswp-item\" href=\"https:\/\/www.radiopiu.net\/wordpress\/wp-content\/uploads\/2020\/07\/e5c1d71b-3c07-4b32-b938-ae4326f45f6c.jpg\" data-dt-img-description=\"\" data-large_image_width=\"892\" data-large_image_height=\"1280\"><img loading=\"lazy\" decoding=\"async\" class=\"size-medium wp-image-150035 alignleft\" src=\"https:\/\/www.radiopiu.net\/wordpress\/wp-content\/uploads\/2020\/07\/e5c1d71b-3c07-4b32-b938-ae4326f45f6c-209x300.jpg\" alt=\"\" width=\"209\" height=\"300\" srcset=\"https:\/\/www.radiopiu.net\/wordpress\/wp-content\/uploads\/2020\/07\/e5c1d71b-3c07-4b32-b938-ae4326f45f6c-209x300.jpg 209w, https:\/\/www.radiopiu.net\/wordpress\/wp-content\/uploads\/2020\/07\/e5c1d71b-3c07-4b32-b938-ae4326f45f6c-714x1024.jpg 714w, https:\/\/www.radiopiu.net\/wordpress\/wp-content\/uploads\/2020\/07\/e5c1d71b-3c07-4b32-b938-ae4326f45f6c-768x1102.jpg 768w, https:\/\/www.radiopiu.net\/wordpress\/wp-content\/uploads\/2020\/07\/e5c1d71b-3c07-4b32-b938-ae4326f45f6c.jpg 892w\" sizes=\"auto, (max-width: 209px) 100vw, 209px\" \/><\/a>DA OGGI ATTIVI DUE NUOVI AUTOVELOX<\/h3>\n<\/blockquote>\n<\/blockquote>\n<p><strong>LIVINALLONGO_QUERO<\/strong> Come ricordato nei precedenti notiziari \u00e8 attivo giorno e notte l&#8217;autovelox di Brenta in territorio Fodom, limite 50 chilometri orari. Da oggi controlli anche a Scalon sullla sinistra piave, limite 90 chilometri orari, \u00e8 il primo dei due autovelox che l&#8217;amministrazione comunale ha deciso di insallae<\/p>\n<p><strong>\u00a0VAL DI ZOLDO<\/strong> L&#8217;amministrazione comunale si \u00e8 dotata di un telelaser che rileva la velocit\u00e0 fino a 1200 metri di distanza. A breve sar\u00e0 attivato. Come consuetudine la dichiarazione del sindaco, ovvero la stessa strofa <em>&#8220;Per la sicurezza, non per fare cassa&#8221;\u00a0<\/em>Gli agenti potranno fermare subito chi infrange la legge contestando la sanzione oppure spedire il verbale a domicilio. Il telelaser potr\u00e0 inoltre essere installato negli appositi box<\/p>\n<blockquote>\n<blockquote>\n<h3><\/h3>\n<p>&nbsp;<\/p><\/blockquote>\n<\/blockquote>\n","protected":false},"excerpt":{"rendered":"<p>DA OGGI ATTIVI DUE NUOVI AUTOVELOX LIVINALLONGO_QUERO Come ricordato nei precedenti notiziari \u00e8 attivo giorno e notte l&#8217;autovelox di Brenta in territorio Fodom, limite 50 chilometri orari. Da oggi controlli anche a Scalon sullla sinistra piave, limite 90 chilometri orari, \u00e8 il primo dei due autovelox che l&#8217;amministrazione comunale ha deciso di insallae \u00a0VAL DI&hellip;<\/p>\n","protected":false},"author":1,"featured_media":150035,"comment_status":"closed","ping_status":"closed","sticky":false,"template":"","format":"standard","meta":{"_monsterinsights_skip_tracking":false,"_monsterinsights_sitenote_active":false,"_monsterinsights_sitenote_note":"","_monsterinsights_sitenote_category":0,"footnotes":""},"categories":[49],"tags":[],"class_list":["post-150044","post","type-post","status-publish","format-standard","has-post-thumbnail","hentry","category-news-18","category-49","description-off"],"img_url":"https:\/\/www.radiopiu.net\/wordpress\/wp-content\/uploads\/2020\/07\/e5c1d71b-3c07-4b32-b938-ae4326f45f6c.jpg","_links":{"self":[{"href":"https:\/\/www.radiopiu.net\/wordpress\/wp-json\/wp\/v2\/posts\/150044","targetHints":{"allow":["GET"]}}],"collection":[{"href":"https:\/\/www.radiopiu.net\/wordpress\/wp-json\/wp\/v2\/posts"}],"about":[{"href":"https:\/\/www.radiopiu.net\/wordpress\/wp-json\/wp\/v2\/types\/post"}],"author":[{"embeddable":true,"href":"https:\/\/www.radiopiu.net\/wordpress\/wp-json\/wp\/v2\/users\/1"}],"replies":[{"embeddable":true,"href":"https:\/\/www.radiopiu.net\/wordpress\/wp-json\/wp\/v2\/comments?post=150044"}],"version-history":[{"count":0,"href":"https:\/\/www.radiopiu.net\/wordpress\/wp-json\/wp\/v2\/posts\/150044\/revisions"}],"wp:featuredmedia":[{"embeddable":true,"href":"https:\/\/www.radiopiu.net\/wordpress\/wp-json\/wp\/v2\/media\/150035"}],"wp:attachment":[{"href":"https:\/\/www.radiopiu.net\/wordpress\/wp-json\/wp\/v2\/media?parent=150044"}],"wp:term":[{"taxonomy":"category","embeddable":true,"href":"https:\/\/www.radiopiu.net\/wordpress\/wp-json\/wp\/v2\/categories?post=150044"},{"taxonomy":"post_tag","embeddable":true,"href":"https:\/\/www.radiopiu.net\/wordpress\/wp-json\/wp\/v2\/tags?post=150044"}],"curies":[{"name":"wp","href":"https:\/\/api.w.org\/{rel}","templated":true}]}}