{"id":150090,"date":"2020-07-19T07:10:42","date_gmt":"2020-07-19T05:10:42","guid":{"rendered":"https:\/\/www.radiopiu.net\/wordpress\/?p=150090"},"modified":"2020-07-19T07:53:12","modified_gmt":"2020-07-19T05:53:12","slug":"mattinata-infernale-da-belluno-ad-agordo-da-taibon-a-cencenighe","status":"publish","type":"post","link":"https:\/\/www.radiopiu.net\/wordpress\/mattinata-infernale-da-belluno-ad-agordo-da-taibon-a-cencenighe\/","title":{"rendered":"MATTINATA INFERNALE DA BELLUNO AD AGORDO, DA TAIBON A CENCENIGHE"},"content":{"rendered":"<div class=\"page-title-head hgroup\">\n<blockquote>\n<h3 class=\"entry-title\"><\/h3>\n<\/blockquote>\n<\/div>\n<div class=\"page-title-breadcrumbs\">\n<p><strong>TAIBON<\/strong>\u00a0 Si fanno vertici in Prefettura, si spendono belle parole e infine ecco il risultato: un cantiere a La Stanga nel pieno del trasferimento dei turisti fino alla montagna con conseguente coda per almeno 4 chilometri fino al Peron. Ma non dovevano scomparire i cantieri nel fine settimana? Evidentemente no. Proteste continue stamane, in radio sono arrivate solo telefonate di gente arrabbiata alla disperata ricerca di movieri perch\u00e9 se il flusso era praticamente inesistente da nord verso sud, dall\u2019altra \u00e8 successo il peggio. A complicare la situazione lo stretto a La Muda per il Cantiere di lavoro. Domenica sera si replica con infinite code previste tra Falcade. Alleghe e Cencenighe e inevitabilmente fino alla tangenziale di Agordo per il rallentamento a La Muda.<\/p>\n<blockquote>\n<div class=\"page-title-breadcrumbs\">\n<p><em>Franco Roccon, consigliere comunale di minoranza a Belluno. \u00abHo impiegato cinquantacinque minuti\u00bb, aveva segnalato subito Roccon, \u00abper andare da Mas di Sedico a Candaten. Tutto perch\u00e9 a La Stanga c&#8217;\u00e8 un cantiere dove si sta posando la fibra. Vi \u00e8 un semaforo e la circolazione procede a senso unico alternato. Inutile dire che questo ha creato delle code interminabili. Non erano molte le automobili che da Agordo scendevano verso Belluno. Ma, al contrario, moltissime erano quelle che salivano verso i monti. Per salire c&#8217;era una vera e propria fila.<\/em><\/p>\n<\/div>\n<p><strong>FRANCO ROCCON A RADIO PIU\u00a0<\/strong><\/p>\n<audio class=\"wp-audio-shortcode\" id=\"audio-150090-1\" preload=\"none\" style=\"width: 100%;\" controls=\"controls\"><source type=\"audio\/mpeg\" src=\"https:\/\/www.radiopiu.net\/wordpress\/wp-content\/uploads\/2020\/07\/franco.mp3?_=1\" \/><a href=\"https:\/\/www.radiopiu.net\/wordpress\/wp-content\/uploads\/2020\/07\/franco.mp3\">https:\/\/www.radiopiu.net\/wordpress\/wp-content\/uploads\/2020\/07\/franco.mp3<\/a><\/audio>\n<div class=\"page-title-breadcrumbs\">\n<p>foto Andrea Amico<\/p>\n<\/div>\n<p><em>questi problemi al traffico\u00bb.<\/em><\/p><\/blockquote>\n<p>foto Andrea Amico<\/p>\n<p><strong>CANDATEN\u00a0<\/strong><\/p>\n<p class=\"photoswipe-wrapper\"><a class=\"dt-pswp-item pspw-wrap-ready\" href=\"https:\/\/i0.wp.com\/www.radiopiu.net\/wordpress\/wp-content\/uploads\/2020\/07\/110147537_3131389160283875_7838223202820215448_n.jpg?ssl=1\" data-dt-img-description=\"\" data-large_image_width=\"720\" data-large_image_height=\"960\"><img loading=\"lazy\" decoding=\"async\" class=\"alignnone size-medium wp-image-150092 jetpack-lazy-image jetpack-lazy-image--handled\" src=\"https:\/\/i0.wp.com\/www.radiopiu.net\/wordpress\/wp-content\/uploads\/2020\/07\/110147537_3131389160283875_7838223202820215448_n.jpg?resize=225%2C300&amp;ssl=1\" sizes=\"auto, (max-width: 225px) 100vw, 225px\" srcset=\"https:\/\/i0.wp.com\/www.radiopiu.net\/wordpress\/wp-content\/uploads\/2020\/07\/110147537_3131389160283875_7838223202820215448_n.jpg?resize=225%2C300&amp;ssl=1 225w, https:\/\/i0.wp.com\/www.radiopiu.net\/wordpress\/wp-content\/uploads\/2020\/07\/110147537_3131389160283875_7838223202820215448_n.jpg?w=720&amp;ssl=1 720w\" alt=\"\" width=\"225\" height=\"300\" data-recalc-dims=\"1\" data-lazy-loaded=\"1\" \/><\/a><a class=\"dt-pswp-item pspw-wrap-ready\" href=\"https:\/\/i0.wp.com\/www.radiopiu.net\/wordpress\/wp-content\/uploads\/2020\/07\/110312301_1359547807588321_5292919685707728156_n.jpg?ssl=1\" data-dt-img-description=\"\" data-large_image_width=\"720\" data-large_image_height=\"960\"><img loading=\"lazy\" decoding=\"async\" class=\"alignnone size-medium wp-image-150091 jetpack-lazy-image jetpack-lazy-image--handled\" src=\"https:\/\/i0.wp.com\/www.radiopiu.net\/wordpress\/wp-content\/uploads\/2020\/07\/110312301_1359547807588321_5292919685707728156_n.jpg?resize=225%2C300&amp;ssl=1\" sizes=\"auto, (max-width: 225px) 100vw, 225px\" srcset=\"https:\/\/i0.wp.com\/www.radiopiu.net\/wordpress\/wp-content\/uploads\/2020\/07\/110312301_1359547807588321_5292919685707728156_n.jpg?resize=225%2C300&amp;ssl=1 225w, https:\/\/i0.wp.com\/www.radiopiu.net\/wordpress\/wp-content\/uploads\/2020\/07\/110312301_1359547807588321_5292919685707728156_n.jpg?w=720&amp;ssl=1 720w\" alt=\"\" width=\"225\" height=\"300\" data-recalc-dims=\"1\" data-lazy-loaded=\"1\" \/><\/a><\/p>\n<p><strong>LE CAMPE<\/strong><\/p>\n<p class=\"photoswipe-wrapper\"><a class=\"dt-pswp-item pspw-wrap-ready\" href=\"https:\/\/i0.wp.com\/www.radiopiu.net\/wordpress\/wp-content\/uploads\/2020\/07\/105600460_350198202629104_7000533359647623867_n.jpg?ssl=1\" data-dt-img-description=\"\" data-large_image_width=\"960\" data-large_image_height=\"472\"><img loading=\"lazy\" decoding=\"async\" class=\"alignnone size-medium wp-image-150093 jetpack-lazy-image jetpack-lazy-image--handled\" src=\"https:\/\/i0.wp.com\/www.radiopiu.net\/wordpress\/wp-content\/uploads\/2020\/07\/105600460_350198202629104_7000533359647623867_n.jpg?resize=300%2C148&amp;ssl=1\" sizes=\"auto, (max-width: 300px) 100vw, 300px\" srcset=\"https:\/\/i0.wp.com\/www.radiopiu.net\/wordpress\/wp-content\/uploads\/2020\/07\/105600460_350198202629104_7000533359647623867_n.jpg?resize=300%2C148&amp;ssl=1 300w, https:\/\/i0.wp.com\/www.radiopiu.net\/wordpress\/wp-content\/uploads\/2020\/07\/105600460_350198202629104_7000533359647623867_n.jpg?resize=768%2C378&amp;ssl=1 768w, https:\/\/i0.wp.com\/www.radiopiu.net\/wordpress\/wp-content\/uploads\/2020\/07\/105600460_350198202629104_7000533359647623867_n.jpg?w=960&amp;ssl=1 960w\" alt=\"\" width=\"300\" height=\"148\" data-recalc-dims=\"1\" data-lazy-loaded=\"1\" \/><\/a><\/p>\n<p>&nbsp;<\/p>\n<\/div>\n<p>&nbsp;<\/p>\n<p>&nbsp;<\/p>\n","protected":false},"excerpt":{"rendered":"<p>TAIBON\u00a0 Si fanno vertici in Prefettura, si spendono belle parole e infine ecco il risultato: un cantiere a La Stanga nel pieno del trasferimento dei turisti fino alla montagna con conseguente coda per almeno 4 chilometri fino al Peron. Ma non dovevano scomparire i cantieri nel fine settimana? Evidentemente no. Proteste continue stamane, in radio&hellip;<\/p>\n","protected":false},"author":1,"featured_media":150093,"comment_status":"closed","ping_status":"closed","sticky":false,"template":"","format":"standard","meta":{"_monsterinsights_skip_tracking":false,"_monsterinsights_sitenote_active":false,"_monsterinsights_sitenote_note":"","_monsterinsights_sitenote_category":0,"footnotes":""},"categories":[104,49],"tags":[],"class_list":["post-150090","post","type-post","status-publish","format-standard","has-post-thumbnail","hentry","category-evidenza_3","category-news-18","category-104","category-49","description-off"],"img_url":"https:\/\/www.radiopiu.net\/wordpress\/wp-content\/uploads\/2020\/07\/105600460_350198202629104_7000533359647623867_n.jpg","_links":{"self":[{"href":"https:\/\/www.radiopiu.net\/wordpress\/wp-json\/wp\/v2\/posts\/150090","targetHints":{"allow":["GET"]}}],"collection":[{"href":"https:\/\/www.radiopiu.net\/wordpress\/wp-json\/wp\/v2\/posts"}],"about":[{"href":"https:\/\/www.radiopiu.net\/wordpress\/wp-json\/wp\/v2\/types\/post"}],"author":[{"embeddable":true,"href":"https:\/\/www.radiopiu.net\/wordpress\/wp-json\/wp\/v2\/users\/1"}],"replies":[{"embeddable":true,"href":"https:\/\/www.radiopiu.net\/wordpress\/wp-json\/wp\/v2\/comments?post=150090"}],"version-history":[{"count":0,"href":"https:\/\/www.radiopiu.net\/wordpress\/wp-json\/wp\/v2\/posts\/150090\/revisions"}],"wp:featuredmedia":[{"embeddable":true,"href":"https:\/\/www.radiopiu.net\/wordpress\/wp-json\/wp\/v2\/media\/150093"}],"wp:attachment":[{"href":"https:\/\/www.radiopiu.net\/wordpress\/wp-json\/wp\/v2\/media?parent=150090"}],"wp:term":[{"taxonomy":"category","embeddable":true,"href":"https:\/\/www.radiopiu.net\/wordpress\/wp-json\/wp\/v2\/categories?post=150090"},{"taxonomy":"post_tag","embeddable":true,"href":"https:\/\/www.radiopiu.net\/wordpress\/wp-json\/wp\/v2\/tags?post=150090"}],"curies":[{"name":"wp","href":"https:\/\/api.w.org\/{rel}","templated":true}]}}