{"id":150143,"date":"2020-07-19T06:08:33","date_gmt":"2020-07-19T04:08:33","guid":{"rendered":"https:\/\/www.radiopiu.net\/wordpress\/?p=150143"},"modified":"2020-07-19T06:09:08","modified_gmt":"2020-07-19T04:09:08","slug":"padre-e-figlio-perdono-il-sentiero-tra-gli-schianti-di-vaia","status":"publish","type":"post","link":"https:\/\/www.radiopiu.net\/wordpress\/padre-e-figlio-perdono-il-sentiero-tra-gli-schianti-di-vaia\/","title":{"rendered":"PADRE E FIGLIO PERDONO IL SENTIERO TRA GLI SCHIANTI DI VAIA"},"content":{"rendered":"<p><strong><a class=\"dt-pswp-item\" href=\"https:\/\/www.radiopiu.net\/wordpress\/wp-content\/uploads\/2020\/07\/bdad71c8-d815-493f-9006-83259712acd8.jpg\" data-dt-img-description=\"\" data-large_image_width=\"991\" data-large_image_height=\"621\"><img loading=\"lazy\" decoding=\"async\" class=\"size-medium wp-image-150144 alignleft\" src=\"https:\/\/www.radiopiu.net\/wordpress\/wp-content\/uploads\/2020\/07\/bdad71c8-d815-493f-9006-83259712acd8-300x188.jpg\" alt=\"\" width=\"300\" height=\"188\" srcset=\"https:\/\/www.radiopiu.net\/wordpress\/wp-content\/uploads\/2020\/07\/bdad71c8-d815-493f-9006-83259712acd8-300x188.jpg 300w, https:\/\/www.radiopiu.net\/wordpress\/wp-content\/uploads\/2020\/07\/bdad71c8-d815-493f-9006-83259712acd8-768x481.jpg 768w, https:\/\/www.radiopiu.net\/wordpress\/wp-content\/uploads\/2020\/07\/bdad71c8-d815-493f-9006-83259712acd8.jpg 991w\" sizes=\"auto, (max-width: 300px) 100vw, 300px\" \/><\/a>VAL DI ZOLDO<\/strong> Ieri sera alle 19:20 di sabato la sala operativa del 115 \u00e8 stata allertata da due escursionisti, padre e figlio, i quali mentre stavano effettuando l\u2019escursione dell\u2019anello zoldano, hanno perso la traccia del sentiero. Inoltre gli stessi erano impossibilitati a proseguire a causa degli schianti della tempesta Vaia. Gli operatori dei vigili del fuoco utilizzando l\u2019applicativo \u201cGeolocvvf\u201d attraverso lo smartphone di uno dei richiedenti sono riusciti a localizzarli in localit\u00e0 Solagn\u00f2t. I vigili del fuoco hanno dato gi\u00e0 al telefono indicazioni per raggiungere il sentiero. I due escursionisti sono poi stati raggiunti da due squadre dei vigili del fuoco partiti da Belluno e Zoldo con i volontari.<\/p>\n","protected":false},"excerpt":{"rendered":"<p>VAL DI ZOLDO Ieri sera alle 19:20 di sabato la sala operativa del 115 \u00e8 stata allertata da due escursionisti, padre e figlio, i quali mentre stavano effettuando l\u2019escursione dell\u2019anello zoldano, hanno perso la traccia del sentiero. Inoltre gli stessi erano impossibilitati a proseguire a causa degli schianti della tempesta Vaia. Gli operatori dei vigili&hellip;<\/p>\n","protected":false},"author":1,"featured_media":150144,"comment_status":"closed","ping_status":"closed","sticky":false,"template":"","format":"standard","meta":{"_monsterinsights_skip_tracking":false,"_monsterinsights_sitenote_active":false,"_monsterinsights_sitenote_note":"","_monsterinsights_sitenote_category":0,"footnotes":""},"categories":[51,2],"tags":[],"class_list":["post-150143","post","type-post","status-publish","format-standard","has-post-thumbnail","hentry","category-evidenza-top","category-news","category-51","category-2","description-off"],"img_url":"https:\/\/www.radiopiu.net\/wordpress\/wp-content\/uploads\/2020\/07\/bdad71c8-d815-493f-9006-83259712acd8.jpg","_links":{"self":[{"href":"https:\/\/www.radiopiu.net\/wordpress\/wp-json\/wp\/v2\/posts\/150143","targetHints":{"allow":["GET"]}}],"collection":[{"href":"https:\/\/www.radiopiu.net\/wordpress\/wp-json\/wp\/v2\/posts"}],"about":[{"href":"https:\/\/www.radiopiu.net\/wordpress\/wp-json\/wp\/v2\/types\/post"}],"author":[{"embeddable":true,"href":"https:\/\/www.radiopiu.net\/wordpress\/wp-json\/wp\/v2\/users\/1"}],"replies":[{"embeddable":true,"href":"https:\/\/www.radiopiu.net\/wordpress\/wp-json\/wp\/v2\/comments?post=150143"}],"version-history":[{"count":0,"href":"https:\/\/www.radiopiu.net\/wordpress\/wp-json\/wp\/v2\/posts\/150143\/revisions"}],"wp:featuredmedia":[{"embeddable":true,"href":"https:\/\/www.radiopiu.net\/wordpress\/wp-json\/wp\/v2\/media\/150144"}],"wp:attachment":[{"href":"https:\/\/www.radiopiu.net\/wordpress\/wp-json\/wp\/v2\/media?parent=150143"}],"wp:term":[{"taxonomy":"category","embeddable":true,"href":"https:\/\/www.radiopiu.net\/wordpress\/wp-json\/wp\/v2\/categories?post=150143"},{"taxonomy":"post_tag","embeddable":true,"href":"https:\/\/www.radiopiu.net\/wordpress\/wp-json\/wp\/v2\/tags?post=150143"}],"curies":[{"name":"wp","href":"https:\/\/api.w.org\/{rel}","templated":true}]}}