{"id":150151,"date":"2020-07-19T06:27:31","date_gmt":"2020-07-19T04:27:31","guid":{"rendered":"https:\/\/www.radiopiu.net\/wordpress\/?p=150151"},"modified":"2020-07-19T07:08:35","modified_gmt":"2020-07-19T05:08:35","slug":"sport-e-solidarieta-lungo-lalta-via-n-1-percorso-da-rilanciare","status":"publish","type":"post","link":"https:\/\/www.radiopiu.net\/wordpress\/sport-e-solidarieta-lungo-lalta-via-n-1-percorso-da-rilanciare\/","title":{"rendered":"Sport e solidariet\u00e0 lungo l&#8217;Alta Via n.1 \u00abPercorso da rilanciare\u00bb"},"content":{"rendered":"<blockquote>\n<h1><\/h1>\n<\/blockquote>\n<p><a class=\"dt-pswp-item\" href=\"https:\/\/www.radiopiu.net\/wordpress\/wp-content\/uploads\/2020\/07\/9f5f18b5-554e-41da-a9f0-8a07a6e5fde9.jpg\" data-dt-img-description=\"\" data-large_image_width=\"1600\" data-large_image_height=\"1200\"><img loading=\"lazy\" decoding=\"async\" class=\"size-medium wp-image-150150 alignleft\" src=\"https:\/\/www.radiopiu.net\/wordpress\/wp-content\/uploads\/2020\/07\/9f5f18b5-554e-41da-a9f0-8a07a6e5fde9-300x225.jpg\" alt=\"\" width=\"300\" height=\"225\" srcset=\"https:\/\/www.radiopiu.net\/wordpress\/wp-content\/uploads\/2020\/07\/9f5f18b5-554e-41da-a9f0-8a07a6e5fde9-300x225.jpg 300w, https:\/\/www.radiopiu.net\/wordpress\/wp-content\/uploads\/2020\/07\/9f5f18b5-554e-41da-a9f0-8a07a6e5fde9-1024x768.jpg 1024w, https:\/\/www.radiopiu.net\/wordpress\/wp-content\/uploads\/2020\/07\/9f5f18b5-554e-41da-a9f0-8a07a6e5fde9-768x576.jpg 768w, https:\/\/www.radiopiu.net\/wordpress\/wp-content\/uploads\/2020\/07\/9f5f18b5-554e-41da-a9f0-8a07a6e5fde9-1536x1152.jpg 1536w, https:\/\/www.radiopiu.net\/wordpress\/wp-content\/uploads\/2020\/07\/9f5f18b5-554e-41da-a9f0-8a07a6e5fde9.jpg 1600w\" sizes=\"auto, (max-width: 300px) 100vw, 300px\" \/><\/a>C&#8217;era anche l&#8217;assessore allo sport del Comune di Belluno, Marco Bogo, ad accogliere al loro arrivo ieri\u00a0 pomeriggio in citt\u00e0 Enrico Dal Farra e Stefano Cason, i due atleti partiti per la loro avventura solamente ieri mattina e che in queste due giornate hanno affrontato di corsa l&#8217;Alta Via n.1, percorrendo 130 km e superando 8500 metri di dislivello Non solo un&#8217;impresa sportiva, ma anche un grande segnale di solidariet\u00e0: \u00abI due ragazzi hanno intrapreso questo viaggio anche per sensibilizzare e pubblicizzare il progetto Dolomiti Orizzonte Paralimpico dell&#8217;ASD Sport Assi, progetto nato per raccogliere fondi da destinare all&#8217;acquisto di attrezzature sportive per atleti disabili, cos\u00ec da aiutarli a prepararsi al meglio e magari un giorno poter anche partecipare ad un&#8217;Olimpiade. &#8211; commenta Bogo &#8211; Il viaggio di Enrico e Stefano \u00e8 una nuova occasione per riflettere sull&#8217;importanza di questo percorso escursionistico e sulla possibilit\u00e0 per l&#8217;amministrazione di svilupparlo e farlo conoscere sempre di pi\u00f9. In particolare, da tempo stiamo valutando l&#8217;opportunit\u00e0 di rilanciare la Dolomiti Sky Run, l&#8217;ultra-trail che si \u00e8 svolta fino a qualche anno fa proprio lungo l&#8217;Alta Via 1 e che ci piacerebbe venisse riproposta\u00bb.<\/p>\n","protected":false},"excerpt":{"rendered":"<p>C&#8217;era anche l&#8217;assessore allo sport del Comune di Belluno, Marco Bogo, ad accogliere al loro arrivo ieri\u00a0 pomeriggio in citt\u00e0 Enrico Dal Farra e Stefano Cason, i due atleti partiti per la loro avventura solamente ieri mattina e che in queste due giornate hanno affrontato di corsa l&#8217;Alta Via n.1, percorrendo 130 km e superando&hellip;<\/p>\n","protected":false},"author":1,"featured_media":150150,"comment_status":"closed","ping_status":"closed","sticky":false,"template":"","format":"standard","meta":{"_monsterinsights_skip_tracking":false,"_monsterinsights_sitenote_active":false,"_monsterinsights_sitenote_note":"","_monsterinsights_sitenote_category":0,"footnotes":""},"categories":[104,49],"tags":[],"class_list":["post-150151","post","type-post","status-publish","format-standard","has-post-thumbnail","hentry","category-evidenza_3","category-news-18","category-104","category-49","description-off"],"img_url":"https:\/\/www.radiopiu.net\/wordpress\/wp-content\/uploads\/2020\/07\/9f5f18b5-554e-41da-a9f0-8a07a6e5fde9.jpg","_links":{"self":[{"href":"https:\/\/www.radiopiu.net\/wordpress\/wp-json\/wp\/v2\/posts\/150151","targetHints":{"allow":["GET"]}}],"collection":[{"href":"https:\/\/www.radiopiu.net\/wordpress\/wp-json\/wp\/v2\/posts"}],"about":[{"href":"https:\/\/www.radiopiu.net\/wordpress\/wp-json\/wp\/v2\/types\/post"}],"author":[{"embeddable":true,"href":"https:\/\/www.radiopiu.net\/wordpress\/wp-json\/wp\/v2\/users\/1"}],"replies":[{"embeddable":true,"href":"https:\/\/www.radiopiu.net\/wordpress\/wp-json\/wp\/v2\/comments?post=150151"}],"version-history":[{"count":0,"href":"https:\/\/www.radiopiu.net\/wordpress\/wp-json\/wp\/v2\/posts\/150151\/revisions"}],"wp:featuredmedia":[{"embeddable":true,"href":"https:\/\/www.radiopiu.net\/wordpress\/wp-json\/wp\/v2\/media\/150150"}],"wp:attachment":[{"href":"https:\/\/www.radiopiu.net\/wordpress\/wp-json\/wp\/v2\/media?parent=150151"}],"wp:term":[{"taxonomy":"category","embeddable":true,"href":"https:\/\/www.radiopiu.net\/wordpress\/wp-json\/wp\/v2\/categories?post=150151"},{"taxonomy":"post_tag","embeddable":true,"href":"https:\/\/www.radiopiu.net\/wordpress\/wp-json\/wp\/v2\/tags?post=150151"}],"curies":[{"name":"wp","href":"https:\/\/api.w.org\/{rel}","templated":true}]}}