{"id":150182,"date":"2020-07-20T05:44:53","date_gmt":"2020-07-20T03:44:53","guid":{"rendered":"https:\/\/www.radiopiu.net\/wordpress\/?p=150182"},"modified":"2020-07-20T06:50:45","modified_gmt":"2020-07-20T04:50:45","slug":"giornale-radiopiu-20-luglio-2020-direttore-mirko-mezzacasa","status":"publish","type":"post","link":"https:\/\/www.radiopiu.net\/wordpress\/giornale-radiopiu-20-luglio-2020-direttore-mirko-mezzacasa\/","title":{"rendered":"GIORNALE RADIOPIU 20 LUGLIO 2020 direttore Mirko Mezzacasa"},"content":{"rendered":"<h3><strong>PER RICEVERE QUESTO NOTIZIARIO DIRETTAMENTE SUL TUO CELLULARE ISCRIVITI AL CANALE TELEGRAM\u00a0<\/strong><strong>\u201cRADIO PIU\u00a0 INFORMAZIONE<\/strong><\/h3>\n<p style=\"text-align: left;\"><em>ATTENZIONE: LA NUOVA APP PER IOS-IPHONE<\/em><\/p>\n<div>\n<div><a href=\"https:\/\/apps.apple.com\/it\/app\/radio-pi%C3%B9-emittente-agordina\/id1515939845\">https:\/\/apps.apple.com\/it\/app\/radio-pi%C3%B9-emittente-agordina\/id1515939845<\/a><\/div>\n<\/div>\n<div><\/div>\n<div>\n<div dir=\"auto\"><em>ATTENZIONE: LA NUOVA APP RADIO\u00a0 PER ANDROID<\/em><\/div>\n<\/div>\n<p><a href=\"https:\/\/play.google.com\/store\/apps\/details?id=net.radiopiu.iniko\" target=\"_blank\" rel=\"noopener noreferrer\">https:\/\/play.google.com\/store\/apps\/details?id=net.radiopiu.iniko\u00a0\u00a0<\/a><\/p>\n<p>&nbsp;<\/p>\n<h2>IL VIDEO DEL GIORNO, SORVOLANDO SAN SIMON DI VALLADA<\/h2>\n<p>https:\/\/www.facebook.com\/mirko.mezzacasa\/videos\/10223935519642701\/<\/p>\n<p>&nbsp;<\/p>\n<p>&nbsp;<\/p>\n<hr \/>\n<p><strong><em>PROVINCIALE 473 CROCE D&#8217;AUNE: OGGI <\/em><\/strong><strong><em>\u00a0INTERDIZIONE TOTALE DALLE 9 ALLE 11 TRA PONTE OLTRA E SORRIVA <\/em><\/strong><\/p>\n<h4><a class=\"dt-pswp-item\" href=\"https:\/\/www.radiopiu.net\/wordpress\/wp-content\/uploads\/2020\/07\/4cddf34d-cb0a-43e7-bb53-1cac4e71c96e.jpg\" data-dt-img-description=\"\" data-large_image_width=\"320\" data-large_image_height=\"240\"><img loading=\"lazy\" decoding=\"async\" class=\" wp-image-150184 alignleft\" src=\"https:\/\/www.radiopiu.net\/wordpress\/wp-content\/uploads\/2020\/07\/4cddf34d-cb0a-43e7-bb53-1cac4e71c96e-300x225.jpg\" alt=\"\" width=\"188\" height=\"141\" srcset=\"https:\/\/www.radiopiu.net\/wordpress\/wp-content\/uploads\/2020\/07\/4cddf34d-cb0a-43e7-bb53-1cac4e71c96e-300x225.jpg 300w, https:\/\/www.radiopiu.net\/wordpress\/wp-content\/uploads\/2020\/07\/4cddf34d-cb0a-43e7-bb53-1cac4e71c96e.jpg 320w\" sizes=\"auto, (max-width: 188px) 100vw, 188px\" \/><\/a>GOSALDO\u00a0 Da OGGI\u00a0 al 24 luglio per lavori su rete idrica in localit\u00e0 Tiser lungo la provinciale 2 del Mis interdizione totale dalle 8 alle 12 e dalle 13 alle 17 dal chilometro 24.900 al chilometro 25.100 Nelle altre ore senso unico alternato.<\/h4>\n<p>&nbsp;<\/p>\n<p>&nbsp;<\/p>\n<p>&nbsp;<\/p>\n<p>&nbsp;<\/p>\n<p>&nbsp;<\/p>\n<hr \/>\n<p>&nbsp;<\/p>\n<div class=\"page-title-head hgroup\">\n<blockquote>\n<h3 class=\"entry-title\">GIORGIO, 27 ANNI DA POCHI GIORNI LASCIA UNA COMUNITA\u2019 ATTONITA E SCONVOLTA<\/h3>\n<\/blockquote>\n<\/div>\n<div class=\"page-title-breadcrumbs\">\n<p><strong class=\"photoswipe-wrapper\"><a class=\"dt-pswp-item pspw-wrap-ready\" href=\"https:\/\/i2.wp.com\/www.radiopiu.net\/wordpress\/wp-content\/uploads\/2020\/07\/e4995a9f-b075-41f9-8286-a9cfae8658b5.jpg?ssl=1\" data-dt-img-description=\"\" data-large_image_width=\"720\" data-large_image_height=\"1440\"><img loading=\"lazy\" decoding=\"async\" class=\"size-medium wp-image-150210 alignleft\" src=\"https:\/\/i2.wp.com\/www.radiopiu.net\/wordpress\/wp-content\/uploads\/2020\/07\/e4995a9f-b075-41f9-8286-a9cfae8658b5.jpg?resize=150%2C300&amp;ssl=1\" sizes=\"auto, (max-width: 150px) 100vw, 150px\" srcset=\"https:\/\/i2.wp.com\/www.radiopiu.net\/wordpress\/wp-content\/uploads\/2020\/07\/e4995a9f-b075-41f9-8286-a9cfae8658b5.jpg?resize=150%2C300&amp;ssl=1 150w, https:\/\/i2.wp.com\/www.radiopiu.net\/wordpress\/wp-content\/uploads\/2020\/07\/e4995a9f-b075-41f9-8286-a9cfae8658b5.jpg?resize=512%2C1024&amp;ssl=1 512w, https:\/\/i2.wp.com\/www.radiopiu.net\/wordpress\/wp-content\/uploads\/2020\/07\/e4995a9f-b075-41f9-8286-a9cfae8658b5.jpg?w=720&amp;ssl=1 720w\" alt=\"\" width=\"150\" height=\"300\" data-recalc-dims=\"1\" \/><\/a>BORGO VALBELLUNA\u00a0<\/strong>Rientrava probabilmente a casa quando ha perso il controllo dell\u2019auto finita contro un muro sulla destra del ciglio stradale. Terribile lo schianto, mortali le ferite per il 27enne limanese trasferito d\u2019urgenza in ospedale dove \u00e8 spirato nonostante il grande impegno dei sanitari.<\/p>\n<blockquote>\n<h3>La dinamica tutta da accertare, al lavoro gli agenti della Polstrada<\/h3>\n<\/blockquote>\n<p class=\"photoswipe-wrapper\">Erano le 3:30 di ieri mattina quando i vigili del fuoco sono intervenuti in Via Cavassico\u00a0 di Trichiana nel Comune di Borgo Valbelluna. All\u2019arrivo della squadra, il ragazzo, Giorgio Favero, finito con la Citroen C2 contro un muretto in prossimit\u00e0 del Bar Monica, era gi\u00e0 stato preso in cura dal personale del <a class=\"dt-pswp-item pspw-wrap-ready\" href=\"https:\/\/i1.wp.com\/www.radiopiu.net\/wordpress\/wp-content\/uploads\/2020\/07\/95293231_963589804043576_3279587020921372672_o.jpg?ssl=1\" data-dt-img-description=\"\" data-large_image_width=\"960\" data-large_image_height=\"960\"><img loading=\"lazy\" decoding=\"async\" class=\"wp-image-150211 alignright\" src=\"https:\/\/i1.wp.com\/www.radiopiu.net\/wordpress\/wp-content\/uploads\/2020\/07\/95293231_963589804043576_3279587020921372672_o.jpg?resize=194%2C194&amp;ssl=1\" sizes=\"auto, (max-width: 194px) 100vw, 194px\" srcset=\"https:\/\/i1.wp.com\/www.radiopiu.net\/wordpress\/wp-content\/uploads\/2020\/07\/95293231_963589804043576_3279587020921372672_o.jpg?resize=300%2C300&amp;ssl=1 300w, https:\/\/i1.wp.com\/www.radiopiu.net\/wordpress\/wp-content\/uploads\/2020\/07\/95293231_963589804043576_3279587020921372672_o.jpg?resize=150%2C150&amp;ssl=1 150w, https:\/\/i1.wp.com\/www.radiopiu.net\/wordpress\/wp-content\/uploads\/2020\/07\/95293231_963589804043576_3279587020921372672_o.jpg?resize=768%2C768&amp;ssl=1 768w, https:\/\/i1.wp.com\/www.radiopiu.net\/wordpress\/wp-content\/uploads\/2020\/07\/95293231_963589804043576_3279587020921372672_o.jpg?w=960&amp;ssl=1 960w\" alt=\"\" width=\"194\" height=\"194\" data-recalc-dims=\"1\" \/><\/a>Suem 118 per essere trasferito in ospedale, dove successivamente \u00e8 deceduto. La squadra dei pompieri ha collaborato con la polizia stradale che si sta occupando della ricostruzione del drammatico sinistro. Giorgio percorreva via Roma quanto l\u2019auto \u00e8 sbandata andando a cozzare frontalmente\u00a0 contro il\u00a0 muro di recinzione di una casa. All\u2019arrivo dei sanitari le sue condizioni erano gi\u00e0 gravissime, immediatamente intubato \u00e8 stato portato in ospedale.<\/p>\n<p><strong>Dai banchi dell\u2019Enaip al mondo del lavoro e del volontariato<\/strong><\/p>\n<blockquote><p>Giorgio Favero\u00a0 aveva frequentato l\u2019Enaip, era un grande amante dei motori, dalle auto alle moto da strada e da cross,\u00a0 ma anche i trattori (partecipava con piacere ai vari raduni in provinciali)\u00a0 e la vita agreste, nonch\u00e9 degli animali dai cavalli ai suoi cani come testimonia la\u00a0 pagina facebook,\u00a0 aveva compiuto 27 anni lo scorso 9 luglio. La notizia della morte ha mandato nello sconforto l\u2019intera comunit\u00e0, un amico che lo ha conosciuto sui banchi di scuola \u00e8 incredulo alla notizia, lo ricorda come un ragazzo buono, un grande lavoratore dedito anche al mondo del volontariato. \u201cSono sconvolto dal dolore \u2013 ci racconta Iosif \u2013 era proprio un bravo ragazzo. L\u2019ultima volta che l\u2019ho sentito pochi giorni via whatsup era sereno, felice e stavamo concordando la possibilit\u00e0 di trovarci per una serata in amicizia. Putroppo le cose l&#8217;altranotte sono andate in modo diverso\u201d. Giorgio di professione meccanico lavorava alla Da Canal macchine agricole, viveca con i genitori e la sorella. La data dei funerali non \u00e8 ancora stata fissata.<\/p>\n<h3>LE FOTO DEL DRAMMATICO INCIDENTE<\/h3>\n<h3><\/h3>\n<\/blockquote>\n<div id=\"gallery-1\" class=\"dt-gallery-container gallery galleryid-150183 gallery-columns-2 gallery-size-thumbnail\">\n<dl class=\"gallery-item\">\n<dt class=\"gallery-icon landscape\"><a class=\"rollover rollover-zoom dt-pswp-item pspw-wrap-ready this-ready\" title=\"b8a37fa5-e2d8-4a81-8b9d-df0cdb2b3e73\" href=\"https:\/\/i1.wp.com\/www.radiopiu.net\/wordpress\/wp-content\/uploads\/2020\/07\/b8a37fa5-e2d8-4a81-8b9d-df0cdb2b3e73.jpg?ssl=1\" data-dt-img-description=\"\" data-large_image_width=\"1600\" data-large_image_height=\"900\"><img loading=\"lazy\" decoding=\"async\" class=\"attachment-thumbnail size-thumbnail jetpack-lazy-image jetpack-lazy-image--handled\" src=\"https:\/\/i1.wp.com\/www.radiopiu.net\/wordpress\/wp-content\/uploads\/2020\/07\/b8a37fa5-e2d8-4a81-8b9d-df0cdb2b3e73-150x150.jpg?ssl=1\" sizes=\"auto, (max-width: 150px) 100vw, 150px\" srcset=\"https:\/\/i1.wp.com\/www.radiopiu.net\/wordpress\/wp-content\/uploads\/2020\/07\/b8a37fa5-e2d8-4a81-8b9d-df0cdb2b3e73.jpg?resize=150%2C150&amp;ssl=1 150w, https:\/\/i1.wp.com\/www.radiopiu.net\/wordpress\/wp-content\/uploads\/2020\/07\/b8a37fa5-e2d8-4a81-8b9d-df0cdb2b3e73.jpg?zoom=2&amp;resize=150%2C150&amp;ssl=1 300w, https:\/\/i1.wp.com\/www.radiopiu.net\/wordpress\/wp-content\/uploads\/2020\/07\/b8a37fa5-e2d8-4a81-8b9d-df0cdb2b3e73.jpg?zoom=3&amp;resize=150%2C150&amp;ssl=1 450w\" alt=\"\" width=\"150\" height=\"150\" data-recalc-dims=\"1\" data-lazy-loaded=\"1\" \/><i><\/i><\/a><\/dt>\n<\/dl>\n<dl class=\"gallery-item\">\n<dt class=\"gallery-icon landscape\"><a class=\"rollover rollover-zoom dt-pswp-item pspw-wrap-ready this-ready\" title=\"ea5b27ec-6fa3-4ea1-b3df-d3591f2fc88a\" href=\"https:\/\/i1.wp.com\/www.radiopiu.net\/wordpress\/wp-content\/uploads\/2020\/07\/ea5b27ec-6fa3-4ea1-b3df-d3591f2fc88a.jpg?ssl=1\" data-dt-img-description=\"\" data-large_image_width=\"1600\" data-large_image_height=\"965\"><img loading=\"lazy\" decoding=\"async\" class=\"attachment-thumbnail size-thumbnail jetpack-lazy-image jetpack-lazy-image--handled\" src=\"https:\/\/i0.wp.com\/www.radiopiu.net\/wordpress\/wp-content\/uploads\/2020\/07\/ea5b27ec-6fa3-4ea1-b3df-d3591f2fc88a-150x150.jpg?ssl=1\" sizes=\"auto, (max-width: 150px) 100vw, 150px\" srcset=\"https:\/\/i1.wp.com\/www.radiopiu.net\/wordpress\/wp-content\/uploads\/2020\/07\/ea5b27ec-6fa3-4ea1-b3df-d3591f2fc88a.jpg?resize=150%2C150&amp;ssl=1 150w, https:\/\/i1.wp.com\/www.radiopiu.net\/wordpress\/wp-content\/uploads\/2020\/07\/ea5b27ec-6fa3-4ea1-b3df-d3591f2fc88a.jpg?zoom=2&amp;resize=150%2C150&amp;ssl=1 300w, https:\/\/i1.wp.com\/www.radiopiu.net\/wordpress\/wp-content\/uploads\/2020\/07\/ea5b27ec-6fa3-4ea1-b3df-d3591f2fc88a.jpg?zoom=3&amp;resize=150%2C150&amp;ssl=1 450w\" alt=\"\" width=\"150\" height=\"150\" data-recalc-dims=\"1\" data-lazy-loaded=\"1\" \/><i><\/i><\/a><\/dt>\n<\/dl>\n<dl class=\"gallery-item\">\n<dt class=\"gallery-icon landscape\"><a class=\"rollover rollover-zoom dt-pswp-item pspw-wrap-ready this-ready\" title=\"2e8e7375-d5e0-4b65-87f2-62ad9fbc4383\" href=\"https:\/\/i1.wp.com\/www.radiopiu.net\/wordpress\/wp-content\/uploads\/2020\/07\/2e8e7375-d5e0-4b65-87f2-62ad9fbc4383.jpg?ssl=1\" data-dt-img-description=\"\" data-large_image_width=\"1600\" data-large_image_height=\"944\"><img loading=\"lazy\" decoding=\"async\" class=\"attachment-thumbnail size-thumbnail jetpack-lazy-image jetpack-lazy-image--handled\" src=\"https:\/\/i1.wp.com\/www.radiopiu.net\/wordpress\/wp-content\/uploads\/2020\/07\/2e8e7375-d5e0-4b65-87f2-62ad9fbc4383-150x150.jpg?ssl=1\" sizes=\"auto, (max-width: 150px) 100vw, 150px\" srcset=\"https:\/\/i1.wp.com\/www.radiopiu.net\/wordpress\/wp-content\/uploads\/2020\/07\/2e8e7375-d5e0-4b65-87f2-62ad9fbc4383.jpg?resize=150%2C150&amp;ssl=1 150w, https:\/\/i1.wp.com\/www.radiopiu.net\/wordpress\/wp-content\/uploads\/2020\/07\/2e8e7375-d5e0-4b65-87f2-62ad9fbc4383.jpg?zoom=2&amp;resize=150%2C150&amp;ssl=1 300w, https:\/\/i1.wp.com\/www.radiopiu.net\/wordpress\/wp-content\/uploads\/2020\/07\/2e8e7375-d5e0-4b65-87f2-62ad9fbc4383.jpg?zoom=3&amp;resize=150%2C150&amp;ssl=1 450w\" alt=\"\" width=\"150\" height=\"150\" data-recalc-dims=\"1\" data-lazy-loaded=\"1\" \/><i><\/i><\/a><\/dt>\n<\/dl>\n<dl class=\"gallery-item\">\n<dt class=\"gallery-icon landscape\"><a class=\"rollover rollover-zoom dt-pswp-item pspw-wrap-ready this-ready\" title=\"57318f5f-879b-4954-af8a-df5e09c4766b\" href=\"https:\/\/i1.wp.com\/www.radiopiu.net\/wordpress\/wp-content\/uploads\/2020\/07\/57318f5f-879b-4954-af8a-df5e09c4766b.jpg?ssl=1\" data-dt-img-description=\"\" data-large_image_width=\"1600\" data-large_image_height=\"922\"><img loading=\"lazy\" decoding=\"async\" class=\"attachment-thumbnail size-thumbnail jetpack-lazy-image jetpack-lazy-image--handled\" src=\"https:\/\/i1.wp.com\/www.radiopiu.net\/wordpress\/wp-content\/uploads\/2020\/07\/57318f5f-879b-4954-af8a-df5e09c4766b-150x150.jpg?ssl=1\" sizes=\"auto, (max-width: 150px) 100vw, 150px\" srcset=\"https:\/\/i1.wp.com\/www.radiopiu.net\/wordpress\/wp-content\/uploads\/2020\/07\/57318f5f-879b-4954-af8a-df5e09c4766b.jpg?resize=150%2C150&amp;ssl=1 150w, https:\/\/i1.wp.com\/www.radiopiu.net\/wordpress\/wp-content\/uploads\/2020\/07\/57318f5f-879b-4954-af8a-df5e09c4766b.jpg?zoom=2&amp;resize=150%2C150&amp;ssl=1 300w, https:\/\/i1.wp.com\/www.radiopiu.net\/wordpress\/wp-content\/uploads\/2020\/07\/57318f5f-879b-4954-af8a-df5e09c4766b.jpg?zoom=3&amp;resize=150%2C150&amp;ssl=1 450w\" alt=\"\" width=\"150\" height=\"150\" data-recalc-dims=\"1\" data-lazy-loaded=\"1\" \/><\/a><\/dt>\n<\/dl>\n<p>&nbsp;<\/p>\n<\/div>\n<\/div>\n<div class=\"page-title-head hgroup\">\n<h3><\/h3>\n<p>&nbsp;<\/p>\n<p>&nbsp;<\/p>\n<p>&nbsp;<\/p>\n<p>&nbsp;<\/p>\n<hr \/>\n<p>&nbsp;<\/p>\n<blockquote>\n<h3>TAMPONAMENTO TRA MOTO, DUE CENTAURI IN OSPEDALE<\/h3>\n<\/blockquote>\n<p><strong>CORTINA <\/strong>\u00a0Due motociclisti ampezzani all&#8217;ospedale per un tamponamento lungo la 51 di Alemagna a Cima Banche.\u00a0 I due\u00a0 in sella a una Vespa 50 e a una vecchia Guzzi stavano scendendo in direzione Cortina, quando quello che guidava la fila ha\u00a0 frenato di colpo facendosi\u00a0 tamponare dall&#8217;amico che seguiva sono caduti e hanno battuto la testa. Sul posto sono arrivati i sanitari a bordo dell&#8217;elicottero e dell&#8217;ambulanza del 118.\u00a0 M.C. \u00e8 stato imbarellato e trasportato all&#8217;ospedale San Martino di Belluno, dove i medici del Pronto soccorso gli hanno diagnosticato un trauma cranico commotivo. Semplice trauma cranico, invece, per M.S., che \u00e8 salito sull&#8217;ambulanza, per essere portato all&#8217;ospedale Giovanni Paolo II di Pieve di Cadore.<\/p>\n<p>&nbsp;<\/p>\n<hr \/>\n<p>&nbsp;<\/p>\n<blockquote>\n<h3>GLI IMBECILLI CRONICI IN AZIONE A ALLA EX MANIFATTURE<\/h3>\n<\/blockquote>\n<p><strong>FELTRE<\/strong>\u00a0 C&#8217;\u00e8 solo una parola per spiegare il raid vandalico alle spalle dell&#8217;ex manifattura Piave nella notte tra sabato e ieri, ovvero l&#8217;imbecillit\u00e0 del branco che ha rovesciato le pesanti panchine in pietra disposte lungo il tracciato ciclopedonale che scorre a fianco del Colmeda e che collega via Padre Bovio con via Tezze. Verso via Padre Bovio.I vandali hanno approfittato dell&#8217;alta e fitta siepe che separa la pista ciclopedonale dal retro dell&#8217;ex manifattura per prendersela con tutte tre le panchine posizionate in un rientro della vegetazione. Una situazione che si ripete, la scorsa estate le panchine erano state\u00a0 trascinate e poi gettate\u00a0 nella vasca d&#8217;acqua. &#8212;<\/p>\n<p>&nbsp;<\/p>\n<hr \/>\n<p>&nbsp;<\/p>\n<blockquote>\n<h3>VIGILI DI FUOCO DI CORSA VERSO IL PRESUNTO INCENDIO, ERA UN FALO&#8217;<\/h3>\n<\/blockquote>\n<p><strong>SEREN DEL GRAPPA<\/strong> Falso allarme\u00a0 per un fal\u00f2 di sterpaglie vicino ad alcune casere, fortunatamente non era un\u00a0 incendio boschivo sul monte Roncon che ha comunque messo in guardia i pompieri di Feltre. Era un fal\u00f2 di sterpaglie, controllato a vista da chi aveva ripulito il terreno. I pompieri hanno in ogni caso verificato che il fal\u00f2 fosse sicuro, bagnando per sicurezza anche il terreno circostante.<\/p>\n<p>&nbsp;<\/p>\n<hr \/>\n<blockquote>\n<h3 class=\"entry-title\">CORDATA BLOCCATA SULLA TERZA PALA DI SAN LUCANO, SCIVOLONI A CORTINA, PERDITA DI ORIENTAMENTO A SAN VITO E TRAUMA FACCIALE IN ALPAGO<\/h3>\n<\/blockquote>\n<p><strong><img loading=\"lazy\" decoding=\"async\" class=\"alignleft jetpack-lazy-image jetpack-lazy-image--handled\" src=\"https:\/\/i2.wp.com\/www.radiopiu.net\/wordpress\/wp-content\/uploads\/2019\/08\/IMG-20190820-WA0004.jpg?resize=415%2C232&amp;ssl=1\" width=\"415\" height=\"232\" data-recalc-dims=\"1\" data-lazy-loaded=\"1\" \/>TAIBON<\/strong>\u00a0 Ieri mattina alle 9.45 l\u2019elicottero del Suem di Pieve di Cadore \u00e8 volato sulla Terza Pala di San Lucano, a Taibon Agordino, per una cordata bloccata. Dopo aver bivaccato in parete lungo la Via Tissi \u2013 Andrich, due alpinisti avevano ripreso la scalata, ma erano usciti al di fuori del tracciato corretto ritrovandosi in un tratto difficile. Impossibilitati a proseguire, M.B., 35 anni, di Tezze sul Brenta (VI) e A.D.M., 50 anni, di Cittadella (PD), hanno chiamato il 118. Recuperati dal tecnico di elisoccorso con un verricello di 40 metri, un centinaio di metri sotto la cima, i due rocciatori sono stati trasportarti a valle.<\/p>\n<p><strong>CORTINA<\/strong> L\u2019elicottero dell\u2019Aiut Alpin Dolomites di Bolzano \u00e8 intervenuto a Cortina d\u2019Ampezzo sulla normale al Sass de Stria e ha recuperato un escursionista, di 74 anni, che era scivolato e si era fatto male a una gamba.<\/p>\n<p><strong>SAN VITO DI CADORE<\/strong>\u00a0Ieri attorno alle 13 il Soccorso alpino di San Vito di Cadore \u00e8 stato allertato per un\u2019escursionista che si era persa rientrando all\u2019abitato di Vodo di Cadore. P.D., 46 anni, di Venezia, che stava scendendo con il proprio cane lungo il sentiero non distante da Casera Cercen\u00e0, dopo aver trovato degli schianti aveva perso l\u2019orientamento fino a incrodarsi sopra alcuni salti di roccia. Risaliti alle coordinate del punto, un soccorritore la ha individuata e raggiunta dal basso, poich\u00e9 il punto indicato non era preciso. Una volta da lei, la ha accompagnata al Rifugio, dove attendeva una squadra in jeep che li ha riportati a Vodo.<\/p>\n<p><strong>ALPAGO<\/strong> Una squadra del Soccorso alpino dell\u2019Alpago \u00e8 invece stata inviata non distante dalla chiesetta di Sant\u2019Antonio Tiriton, sul sentiero che scende dal Cansiglio verso Farra d\u2019Alpago, dove una donna, E.L., 40 anni, di Piove di Sacco (PD), era caduta riportando un probabile trauma facciale. I soccorritori le hanno prestato le prime cure assieme ai sanitari dell\u2019ambulanza, la hanno imbarellata \u00e8 trasportata fino alla strada per caricarla a bordo e trasferirla all\u2019ospedale. \u00c8 stato invece sufficiente un consiglio telefonico da parte del Soccorso alpino di Cortina per tre escursionisti, che avevano perso il sentiero sulla Tofana di Mezzo. Geolocalizzati, sono stati reindirizzati sul tracciato corretto.<\/p>\n<p>&nbsp;<\/p>\n<p>&nbsp;<\/p>\n<hr \/>\n<p>&nbsp;<\/p>\n<blockquote>\n<h3 class=\"entry-title\">SABATO MATTINATA INFERNALE DA BELLUNO AD AGORDO, DA TAIBON A CENCENIGHE<\/h3>\n<\/blockquote>\n<\/div>\n<div class=\"page-title-breadcrumbs\">\n<blockquote><p><em><a class=\"dt-pswp-item pspw-wrap-ready\" href=\"https:\/\/i0.wp.com\/www.radiopiu.net\/wordpress\/wp-content\/uploads\/2020\/07\/110312301_1359547807588321_5292919685707728156_n.jpg?ssl=1\" data-dt-img-description=\"\" data-large_image_width=\"720\" data-large_image_height=\"960\"><img loading=\"lazy\" decoding=\"async\" class=\" wp-image-150091 jetpack-lazy-image jetpack-lazy-image--handled alignleft\" src=\"https:\/\/i0.wp.com\/www.radiopiu.net\/wordpress\/wp-content\/uploads\/2020\/07\/110312301_1359547807588321_5292919685707728156_n.jpg?resize=225%2C300&amp;ssl=1\" sizes=\"auto, (max-width: 225px) 100vw, 225px\" srcset=\"https:\/\/i0.wp.com\/www.radiopiu.net\/wordpress\/wp-content\/uploads\/2020\/07\/110312301_1359547807588321_5292919685707728156_n.jpg?resize=225%2C300&amp;ssl=1 225w, https:\/\/i0.wp.com\/www.radiopiu.net\/wordpress\/wp-content\/uploads\/2020\/07\/110312301_1359547807588321_5292919685707728156_n.jpg?w=720&amp;ssl=1 720w\" alt=\"\" width=\"181\" height=\"241\" data-recalc-dims=\"1\" data-lazy-loaded=\"1\" \/><\/a>Franco Roccon, consigliere comunale di minoranza a Belluno. \u00abHo impiegato cinquantacinque minuti\u00bb, aveva segnalato subito Roccon, \u00abper andare da Mas di Sedico a Candaten. Tutto perch\u00e9 a La Stanga c&#8217;\u00e8 un cantiere dove si sta posando la fibra.\u00a0 foto Andrea Amico<\/em><\/p><\/blockquote>\n<\/div>\n<p><strong>FRANCO ROCCON A RADIO PIU\u00a0<\/strong><\/p>\n<audio class=\"wp-audio-shortcode\" id=\"audio-150182-1\" preload=\"none\" style=\"width: 100%;\" controls=\"controls\"><source type=\"audio\/mpeg\" src=\"https:\/\/www.radiopiu.net\/wordpress\/wp-content\/uploads\/2020\/07\/franco.mp3?_=1\" \/><a href=\"https:\/\/www.radiopiu.net\/wordpress\/wp-content\/uploads\/2020\/07\/franco.mp3\">https:\/\/www.radiopiu.net\/wordpress\/wp-content\/uploads\/2020\/07\/franco.mp3<\/a><\/audio>\n<div class=\"page-title-breadcrumbs\">\n<p>&nbsp;<\/p>\n<\/div>\n<p>&nbsp;<\/p>\n<blockquote>\n<h3>\u00a0E IERI SERA LA PREVISTA CODA DA RIENTRO<\/h3>\n<\/blockquote>\n<p><strong><a class=\"dt-pswp-item\" href=\"https:\/\/www.radiopiu.net\/wordpress\/wp-content\/uploads\/2020\/07\/608fda57-eb3c-4101-b8c7-d759782bac81.jpg\" data-dt-img-description=\"\" data-large_image_width=\"1280\" data-large_image_height=\"720\"><img loading=\"lazy\" decoding=\"async\" class=\"size-medium wp-image-150255 alignleft\" src=\"https:\/\/www.radiopiu.net\/wordpress\/wp-content\/uploads\/2020\/07\/608fda57-eb3c-4101-b8c7-d759782bac81-300x169.jpg\" alt=\"\" width=\"300\" height=\"169\" srcset=\"https:\/\/www.radiopiu.net\/wordpress\/wp-content\/uploads\/2020\/07\/608fda57-eb3c-4101-b8c7-d759782bac81-300x169.jpg 300w, https:\/\/www.radiopiu.net\/wordpress\/wp-content\/uploads\/2020\/07\/608fda57-eb3c-4101-b8c7-d759782bac81-1024x576.jpg 1024w, https:\/\/www.radiopiu.net\/wordpress\/wp-content\/uploads\/2020\/07\/608fda57-eb3c-4101-b8c7-d759782bac81-768x432.jpg 768w, https:\/\/www.radiopiu.net\/wordpress\/wp-content\/uploads\/2020\/07\/608fda57-eb3c-4101-b8c7-d759782bac81.jpg 1280w\" sizes=\"auto, (max-width: 300px) 100vw, 300px\" \/><\/a>AGORDO\u00a0<\/strong>Anche ieri\u00a0 sera come previsto, forti rallentamenti tra Mas di Sedico ed Agordo con ripercussioni fino alla tangenziale. Tra le cause del rallentamento il cantiere di La Muda, Val Scura.<\/p>\n<p>&nbsp;<\/p>\n<p>&nbsp;<\/p>\n<p>&nbsp;<\/p>\n<p>&nbsp;<\/p>\n<p>&nbsp;<\/p>\n<p>&nbsp;<\/p>\n<hr \/>\n<p>&nbsp;<\/p>\n<blockquote>\n<h3>NELLE ULTIME 24 ORE 84 POSITIVI IN PI\u00d9\u00a0 28 PERSONE ABBANDONANO L&#8217;ISOLAMENTO DOMICILIARE. A BELLUNO DATI INVARIATI RISPETTO A IERI, 3 SOGGETTI FINISCONO IN ISOLAMENTO DOMICILIARE<\/h3>\n<\/blockquote>\n<p><strong>di Mirko Mezzacasa\u00a0<\/strong><\/p>\n<p>Nel vivo delle vacanze con le spiagge gremite e le montagne affollate i sindaci pre annunciano ordinanze e le Forze dell&#8217;Ordine si preparano a combattere gli assembramenti. Ieri \u00e8 stata una giornata comunque positiva, 3 decessi in Italia per covid19, il numero pi\u00f9 basso dal 21 febbraio inizio della pandemia., 219 i positivi, 143 i guariti. A Bolzano una piazza \u00e8 stata interdetta per tutta la notte causa assembramenti, cos\u00ec a Bologna ma nelle spiagge \u00e8 caos con discoteche improvvisate e feste in villa. Le foto sui social testimoniano come le regole finiscano per essere violate ovunque con il concreto rischio di nuove preoccupanti mappe del contagio. Nel Veneto archiviata una settimana negativa con le curve in deciso innalzamento i numeri tornano a calare, 28 persone in pi\u00f9 in isolamento domiciliare, nessun decesso in 24 ore, 84 i positivi, 52 solo a Padova in diminuzione a Venezia, Verona e Rovigo. Sono 578 le persone attualmente positive, 1694 in quarantena, 418 a Verona. L&#8217;indice di contagio R con t: \u00a0Veneto &#8220;maglia nera&#8221; italiana. Se la cifra media, nel Paese, \u00e8 1.01, in Veneto sale a\u00a0 1.61. Un record nazionale che preoccupa. In provincia di Belluno tutti negativi gli oltre 130 tamponi fatti negli ultimi giorni ad anziani e personale della casa di riposo di Longarone, dopo che era stata riscontrata la positivit\u00e0 di un operatore, con ieri\u00a0 completata l&#8217;esecuzione e la lettura dei tamponi ad ospiti e personale. Ci sono state nel fine settimane varie disposizioni di quarantena per persone in arrivo dall&#8217;estero e di isolamento domiciliare per persone con sintomatologia Covid, 201 bellunesi\u00a0 in isolamento domiciliare, rispetto a sabato\u00a0 3\u00a0 in pi\u00f9, stabili i 18 attualmente positivi e il numero dei ricoveri, sempre 3.<\/p>\n<p><strong>I NUMERI\u00a0 IN VENETO:<\/strong> TOTALE POSITIVI 19618 (+84)\u00a0 ATTUALMENTE POSITIVI \u00a0578 (+69)\u00a0 DECESSI 2050 (0) NEGATIVIZZATI 16990 (+5) IN ISOLAMENTO 1694 (-28)\u00a0 RICOVERATI\u00a0 130 (+1 \u2013 33 POSITIVI, 97 NEGATIVIZZATI), NEGLI OSPEDALI DI COMUNITA\u2019 RICOVERATI 17 (0, 1 POSITIVI,\u00a0 16 NEGATIVIZZATI), IN TERAPIA INTENSIVA 7 (0 \u2013 2 POSITIVI, \u00a05 NEGATIVIZZATI). DIMESSI 3690 (+1) <strong>I NUMERI IN PROVINCIA:<\/strong>\u00a0TOTALE CONTAGI 1204 (0) , ATTUALMENTE POSITIVI 18 (0) , DECEDUTI 113 (0), NEGATIVIZZATI 1073 (0) ISOLAMENTO DOMICILIARE 201 (+3) RICOVERATI IN OSPEDALE AL SAN MARTINO 3 (0)<\/p>\n<p>&nbsp;<\/p>\n<p>&nbsp;<\/p>\n<hr \/>\n<blockquote class=\"wp-embedded-content\" data-secret=\"70kq5DtVuF\"><p><a href=\"https:\/\/www.radiopiu.net\/wordpress\/coronavirus-aggiornamento-nazionale-19-luglio\/\">CORONAVIRUS: AGGIORNAMENTO NAZIONALE 19 LUGLIO<\/a><\/p><\/blockquote>\n<p><iframe loading=\"lazy\" class=\"wp-embedded-content\" sandbox=\"allow-scripts\" security=\"restricted\" style=\"position: absolute; clip: rect(1px, 1px, 1px, 1px);\" title=\"&#8220;CORONAVIRUS: AGGIORNAMENTO NAZIONALE 19 LUGLIO&#8221; &#8212; Radio Pi\u00f9\" src=\"https:\/\/www.radiopiu.net\/wordpress\/coronavirus-aggiornamento-nazionale-19-luglio\/embed\/#?secret=70kq5DtVuF\" data-secret=\"70kq5DtVuF\" width=\"600\" height=\"338\" frameborder=\"0\" marginwidth=\"0\" marginheight=\"0\" scrolling=\"no\"><\/iframe><\/p>\n<p>&nbsp;<\/p>\n<hr \/>\n<p>&nbsp;<\/p>\n<blockquote class=\"wp-embedded-content\" data-secret=\"WjCk2E6Pjj\"><p><a href=\"https:\/\/www.radiopiu.net\/wordpress\/84-positivi-in-piu-e\/\">84 POSITIVI IN PI\u00d9 E NESSUN DECESSO NELLE ULTIME 24 ORE IN VENETO. 28 PERSONE ABBANDONANO L&#8217;ISOLAMENTO DOMICILIARE. A BELLUNO DATI INVARIATI RISPETTO A IERI, 3 SOGGETTI FINISCONO IN ISOLAMENTO DOMICILIARE<\/a><\/p><\/blockquote>\n<p><iframe loading=\"lazy\" class=\"wp-embedded-content\" sandbox=\"allow-scripts\" security=\"restricted\" style=\"position: absolute; clip: rect(1px, 1px, 1px, 1px);\" title=\"&#8220;84 POSITIVI IN PI\u00d9 E NESSUN DECESSO NELLE ULTIME 24 ORE IN VENETO. 28 PERSONE ABBANDONANO L&#8217;ISOLAMENTO DOMICILIARE. A BELLUNO DATI INVARIATI RISPETTO A IERI, 3 SOGGETTI FINISCONO IN ISOLAMENTO DOMICILIARE&#8221; &#8212; Radio Pi\u00f9\" src=\"https:\/\/www.radiopiu.net\/wordpress\/84-positivi-in-piu-e\/embed\/#?secret=WjCk2E6Pjj\" data-secret=\"WjCk2E6Pjj\" width=\"600\" height=\"338\" frameborder=\"0\" marginwidth=\"0\" marginheight=\"0\" scrolling=\"no\"><\/iframe><\/p>\n<hr \/>\n<p>&nbsp;<\/p>\n<blockquote>\n<h3>I GRAFICI DI TIZIANO DE COL<\/h3>\n<\/blockquote>\n<p><a class=\"dt-pswp-item\" href=\"https:\/\/www.radiopiu.net\/wordpress\/wp-content\/uploads\/2020\/07\/4ddaa1b2-828d-4f81-9da2-5c5dd4162c4c.jpg\" data-dt-img-description=\"\" data-large_image_width=\"480\" data-large_image_height=\"354\"><img loading=\"lazy\" decoding=\"async\" class=\"alignnone size-medium wp-image-150288\" src=\"https:\/\/www.radiopiu.net\/wordpress\/wp-content\/uploads\/2020\/07\/4ddaa1b2-828d-4f81-9da2-5c5dd4162c4c-300x221.jpg\" alt=\"\" width=\"300\" height=\"221\" srcset=\"https:\/\/www.radiopiu.net\/wordpress\/wp-content\/uploads\/2020\/07\/4ddaa1b2-828d-4f81-9da2-5c5dd4162c4c-300x221.jpg 300w, https:\/\/www.radiopiu.net\/wordpress\/wp-content\/uploads\/2020\/07\/4ddaa1b2-828d-4f81-9da2-5c5dd4162c4c.jpg 480w\" sizes=\"auto, (max-width: 300px) 100vw, 300px\" \/><\/a><a class=\"dt-pswp-item\" href=\"https:\/\/www.radiopiu.net\/wordpress\/wp-content\/uploads\/2020\/07\/7d6bc373-cfe9-4659-968e-b6c26337e289.jpg\" data-dt-img-description=\"\" data-large_image_width=\"480\" data-large_image_height=\"631\"><img loading=\"lazy\" decoding=\"async\" class=\"alignnone wp-image-150289\" src=\"https:\/\/www.radiopiu.net\/wordpress\/wp-content\/uploads\/2020\/07\/7d6bc373-cfe9-4659-968e-b6c26337e289-228x300.jpg\" alt=\"\" width=\"168\" height=\"221\" srcset=\"https:\/\/www.radiopiu.net\/wordpress\/wp-content\/uploads\/2020\/07\/7d6bc373-cfe9-4659-968e-b6c26337e289-228x300.jpg 228w, https:\/\/www.radiopiu.net\/wordpress\/wp-content\/uploads\/2020\/07\/7d6bc373-cfe9-4659-968e-b6c26337e289.jpg 480w\" sizes=\"auto, (max-width: 168px) 100vw, 168px\" \/><\/a><\/p>\n<p>&nbsp;<\/p>\n<p>&nbsp;<\/p>\n<hr \/>\n<blockquote>\n<h3>ULSS 1: TUTTI NEGATIVI I TAMPONI DELLA CASA DI RIPOSO. OLTRE 200 SOGGETTI IN ISOLAMENTO DOMICILIARE<\/h3>\n<\/blockquote>\n<p><b><a class=\"dt-pswp-item\" href=\"https:\/\/www.radiopiu.net\/wordpress\/wp-content\/uploads\/2020\/03\/covid-ulss.jpg\" data-dt-img-description=\"\" data-large_image_width=\"800\" data-large_image_height=\"600\"><img loading=\"lazy\" decoding=\"async\" class=\"size-medium wp-image-121260 alignleft\" src=\"https:\/\/www.radiopiu.net\/wordpress\/wp-content\/uploads\/2020\/03\/covid-ulss-300x225.jpg\" alt=\"\" width=\"300\" height=\"225\" srcset=\"https:\/\/www.radiopiu.net\/wordpress\/wp-content\/uploads\/2020\/03\/covid-ulss-300x225.jpg 300w, https:\/\/www.radiopiu.net\/wordpress\/wp-content\/uploads\/2020\/03\/covid-ulss-768x576.jpg 768w, https:\/\/www.radiopiu.net\/wordpress\/wp-content\/uploads\/2020\/03\/covid-ulss.jpg 800w\" sizes=\"auto, (max-width: 300px) 100vw, 300px\" \/><\/a>BELLUNO<\/b>\u00a0Le ultime 24 ore di impegno sul contenimento della coda epidemica Covid sono state dedicate al completamento dell\u2019esecuzione e alla lettura dei tamponi su ospiti e personale della Casa di Riposo interessata due giorni fa dalla positivit\u00e0 di un operatore.\u00a0Fino ad ora sono stati refertati oltre 130 tamponi, tutti negativi. Si conferma quindi l\u2019ipotesi che l\u2019operatore della struttura abbia contratto l\u2019infezione da virus Sars-Cov2 ell\u2019esterno della struttura stessa.\u00a0Assai utile \u00e8 risultata quindi la procedura, adottata da tempo dalla Casa di Riposo, di controllo in entrata della temperatura dei dipendenti. Questa procedura ha consentito di non ammettere al turno di lavoro l\u2019operatore con febbre, evitando un non trascurabile rischio infettivo. Oltre a ci\u00f2, si segnalano, anche in questo fine settimana, varie disposizioni di quarantena per soggetti provenienti dall\u2019estero e di isolamento domiciliare per persone con sintomatologia simil-Covid. Per tutti questi soggetti \u00e8 stato, come di regola, programmato un tampone di controllo.\u00a0Il tutto oltre al consueto impegno di sorveglianza attiva degli oltre 200 soggetti isolati a domicilio nel territorio provinciale.<\/p>\n<p>&nbsp;<\/p>\n<p>&nbsp;<\/p>\n<p>&nbsp;<\/p>\n<p>&nbsp;<\/p>\n<p>&nbsp;<\/p>\n<p>&nbsp;<\/p>\n<hr \/>\n<p>&nbsp;<\/p>\n<blockquote>\n<h3>GARA D&#8217;APPALTO PER LA DISTRIBUZIONE DEL GAS, SE NE RIPARLER\u00c0 AD OTTOBRE<\/h3>\n<\/blockquote>\n<p><a class=\"dt-pswp-item\" href=\"https:\/\/www.radiopiu.net\/wordpress\/wp-content\/uploads\/2020\/07\/FIAMMA-GAS.jpg\" data-dt-img-description=\"\" data-large_image_width=\"1920\" data-large_image_height=\"1440\"><img loading=\"lazy\" decoding=\"async\" class=\"size-medium wp-image-150271 alignleft\" src=\"https:\/\/www.radiopiu.net\/wordpress\/wp-content\/uploads\/2020\/07\/FIAMMA-GAS-300x225.jpg\" alt=\"\" width=\"300\" height=\"225\" srcset=\"https:\/\/www.radiopiu.net\/wordpress\/wp-content\/uploads\/2020\/07\/FIAMMA-GAS-300x225.jpg 300w, https:\/\/www.radiopiu.net\/wordpress\/wp-content\/uploads\/2020\/07\/FIAMMA-GAS-1024x768.jpg 1024w, https:\/\/www.radiopiu.net\/wordpress\/wp-content\/uploads\/2020\/07\/FIAMMA-GAS-768x576.jpg 768w, https:\/\/www.radiopiu.net\/wordpress\/wp-content\/uploads\/2020\/07\/FIAMMA-GAS-1536x1152.jpg 1536w, https:\/\/www.radiopiu.net\/wordpress\/wp-content\/uploads\/2020\/07\/FIAMMA-GAS.jpg 1920w\" sizes=\"auto, (max-width: 300px) 100vw, 300px\" \/><\/a>di Moreno Gioli<\/p>\n<audio class=\"wp-audio-shortcode\" id=\"audio-150182-2\" preload=\"none\" style=\"width: 100%;\" controls=\"controls\"><source type=\"audio\/mpeg\" src=\"https:\/\/www.radiopiu.net\/wordpress\/wp-content\/uploads\/2020\/07\/MORENO-GIOLI-GAS.mp3?_=2\" \/><a href=\"https:\/\/www.radiopiu.net\/wordpress\/wp-content\/uploads\/2020\/07\/MORENO-GIOLI-GAS.mp3\">https:\/\/www.radiopiu.net\/wordpress\/wp-content\/uploads\/2020\/07\/MORENO-GIOLI-GAS.mp3<\/a><\/audio>\n<p>&nbsp;<\/p>\n<p>&nbsp;<\/p>\n<hr \/>\n<p>&nbsp;<\/p>\n<div>\n<blockquote>\n<h3>PI\u00d9 DI 20 MILA EURO DI UTILE PER LA FARMACIA DI TAIBON, MA SI CERCA UNA NUOVA FARMACISTA<\/h3>\n<\/blockquote>\n<p><strong><a class=\"dt-pswp-item\" href=\"https:\/\/www.radiopiu.net\/wordpress\/wp-content\/uploads\/2019\/05\/download-1.jpg\" data-dt-img-description=\"\" data-large_image_width=\"259\" data-large_image_height=\"194\"><img loading=\"lazy\" decoding=\"async\" class=\"size-full wp-image-84368 alignleft\" src=\"https:\/\/www.radiopiu.net\/wordpress\/wp-content\/uploads\/2019\/05\/download-1.jpg\" alt=\"\" width=\"259\" height=\"194\" \/><\/a><\/strong><\/p>\n<p>&nbsp;<\/p>\n<p>&nbsp;<\/p>\n<p>&nbsp;<\/p>\n<p>&nbsp;<\/p>\n<p><strong>TAIBON\u00a0<\/strong>Nel consiglio comunale di Taibon Agordino di mercoled\u00ec scorso si \u00e8 parlato della farmacia comunale.<\/p>\n<p><strong>IL SERVIZIO DI GIANNI SANTOMASO<\/strong><\/p>\n<audio class=\"wp-audio-shortcode\" id=\"audio-150182-3\" preload=\"none\" style=\"width: 100%;\" controls=\"controls\"><source type=\"audio\/mpeg\" src=\"https:\/\/www.radiopiu.net\/wordpress\/wp-content\/uploads\/2020\/07\/GIANNI-FARMACIA-CONSIGLIO-TAIBON.mp3?_=3\" \/><a href=\"https:\/\/www.radiopiu.net\/wordpress\/wp-content\/uploads\/2020\/07\/GIANNI-FARMACIA-CONSIGLIO-TAIBON.mp3\">https:\/\/www.radiopiu.net\/wordpress\/wp-content\/uploads\/2020\/07\/GIANNI-FARMACIA-CONSIGLIO-TAIBON.mp3<\/a><\/audio>\n<p>&nbsp;<\/p>\n<p><strong>IL SINDACO DI TAIBON SILVIA TORMEN<\/strong><\/p>\n<audio class=\"wp-audio-shortcode\" id=\"audio-150182-4\" preload=\"none\" style=\"width: 100%;\" controls=\"controls\"><source type=\"audio\/mpeg\" src=\"https:\/\/www.radiopiu.net\/wordpress\/wp-content\/uploads\/2020\/07\/SILVIA-TORMEN-FARMACIA-DA-CONSIGLIO.mp3?_=4\" \/><a href=\"https:\/\/www.radiopiu.net\/wordpress\/wp-content\/uploads\/2020\/07\/SILVIA-TORMEN-FARMACIA-DA-CONSIGLIO.mp3\">https:\/\/www.radiopiu.net\/wordpress\/wp-content\/uploads\/2020\/07\/SILVIA-TORMEN-FARMACIA-DA-CONSIGLIO.mp3<\/a><\/audio>\n<p>&nbsp;<\/p>\n<p>&nbsp;<\/p>\n<hr \/>\n<p>&nbsp;<\/p>\n<blockquote>\n<h3>LE SIGLE SINDACALI CHIEDONO UN INCONTRO CON LUXOTTICA PER I DIPENDENTI CON PROBLEMI FAMIGLIARI<\/h3>\n<\/blockquote>\n<p><strong><a class=\"dt-pswp-item\" href=\"https:\/\/www.radiopiu.net\/wordpress\/wp-content\/uploads\/2020\/03\/SINDACATI.jpg\" data-dt-img-description=\"\" data-large_image_width=\"2048\" data-large_image_height=\"2048\"><img loading=\"lazy\" decoding=\"async\" class=\"size-medium wp-image-121809 alignleft\" src=\"https:\/\/www.radiopiu.net\/wordpress\/wp-content\/uploads\/2020\/03\/SINDACATI-300x300.jpg\" alt=\"\" width=\"300\" height=\"300\" srcset=\"https:\/\/www.radiopiu.net\/wordpress\/wp-content\/uploads\/2020\/03\/SINDACATI-300x300.jpg 300w, https:\/\/www.radiopiu.net\/wordpress\/wp-content\/uploads\/2020\/03\/SINDACATI-1024x1024.jpg 1024w, https:\/\/www.radiopiu.net\/wordpress\/wp-content\/uploads\/2020\/03\/SINDACATI-150x150.jpg 150w, https:\/\/www.radiopiu.net\/wordpress\/wp-content\/uploads\/2020\/03\/SINDACATI-768x768.jpg 768w, https:\/\/www.radiopiu.net\/wordpress\/wp-content\/uploads\/2020\/03\/SINDACATI-1536x1536.jpg 1536w, https:\/\/www.radiopiu.net\/wordpress\/wp-content\/uploads\/2020\/03\/SINDACATI.jpg 2048w\" sizes=\"auto, (max-width: 300px) 100vw, 300px\" \/><\/a>AGORDO<\/strong> Con un comunicato congiunto le sigle sindacali vogliono fare chiarezza su un punto delicato di alcuni lavoratori Luxottica con particolari problemi famigliari<\/p>\n<p><strong>IL COMUNICATO<\/strong><\/p>\n<blockquote><p>Durante la fase emergenziale l&#8217;azienda, come da protocollo di sicurezza, ha attuato la\u00a0compartimentazione cio\u00e8 una modifica degli orari di lavoro atti ad isolare i vari\u00a0reparti.Questa misura, seppur necessaria ha stravolto gli orari consolidati e la conciliazione\u00a0vita lavoro dei lavoratori.\u00a0Nel corso di questi mesi abbiamo posto in essere tutte le possibilit\u00e0, legate anche\u00a0all&#8217;utilizzo della cassa integrazione, per tutelare quei lavoratori pi\u00f9 fragili quali\u00a0immunodepressi, invalidi, possessori di legge 104, 0 casi di problematiche legate alla\u00a0gestione dei figli.\u00a0Da tempo stiamo incalzando l&#8217;azienda per individuare congiuntamente nuovi\u00a0strumenti, anche attraverso un diverso utilizzo del welfare o attraverso l&#8217;uso della\u00a0banca ore etica, per quando non ci sarebbe stata pi\u00f9 la cassa integrazione.\u00a0Da luned\u00ec tutti dovrebbero ricominciare con orari che in molti casi rendono oltremodo\u00a0difficile coniugare lavoro, problematiche di salute, vincoli familiari.\u00a0Ritenendo questa questione non pi\u00f9 a lungo rimandabile, invitiamo tutti i lavoratori\u00a0immunodepressi, possessori di legge 104 o con invalidit\u00e0 e patologie, genitori di figli\u00a0dai 3 ai 13 anni, sensibili a regimi di orario alternati a segnalare alle organizzazioni\u00a0sindacali e all&#8217;azienda i problemi relativi alla conciliazione con i nuovi orari.\u00a0Contestualmente chiediamo di accelerare gli incontri in programma.<\/p><\/blockquote>\n<p>&nbsp;<\/p>\n<p>&nbsp;<\/p>\n<p>&nbsp;<\/p>\n<hr \/>\n<p>&nbsp;<\/p>\n<blockquote>\n<h3>SPORT E SOLIDARIET\u00c0 LUNGO L&#8217;ALTA VIA N.1 \u00abPERCORSO DA RILANCIARE\u00bb<\/h3>\n<h1><a class=\"dt-pswp-item\" style=\"font-size: 14px; font-weight: normal;\" href=\"https:\/\/www.radiopiu.net\/wordpress\/wp-content\/uploads\/2020\/07\/9f5f18b5-554e-41da-a9f0-8a07a6e5fde9.jpg\" data-dt-img-description=\"\" data-large_image_width=\"1600\" data-large_image_height=\"1200\"><img loading=\"lazy\" decoding=\"async\" class=\"size-medium wp-image-150150 alignleft\" src=\"https:\/\/www.radiopiu.net\/wordpress\/wp-content\/uploads\/2020\/07\/9f5f18b5-554e-41da-a9f0-8a07a6e5fde9-300x225.jpg\" alt=\"\" width=\"300\" height=\"225\" srcset=\"https:\/\/www.radiopiu.net\/wordpress\/wp-content\/uploads\/2020\/07\/9f5f18b5-554e-41da-a9f0-8a07a6e5fde9-300x225.jpg 300w, https:\/\/www.radiopiu.net\/wordpress\/wp-content\/uploads\/2020\/07\/9f5f18b5-554e-41da-a9f0-8a07a6e5fde9-1024x768.jpg 1024w, https:\/\/www.radiopiu.net\/wordpress\/wp-content\/uploads\/2020\/07\/9f5f18b5-554e-41da-a9f0-8a07a6e5fde9-768x576.jpg 768w, https:\/\/www.radiopiu.net\/wordpress\/wp-content\/uploads\/2020\/07\/9f5f18b5-554e-41da-a9f0-8a07a6e5fde9-1536x1152.jpg 1536w, https:\/\/www.radiopiu.net\/wordpress\/wp-content\/uploads\/2020\/07\/9f5f18b5-554e-41da-a9f0-8a07a6e5fde9.jpg 1600w\" sizes=\"auto, (max-width: 300px) 100vw, 300px\" \/><\/a><\/h1>\n<\/blockquote>\n<p>C&#8217;era anche l&#8217;assessore allo sport del Comune di Belluno, Marco Bogo, ad accogliere al loro arrivo sabato\u00a0 \u00a0pomeriggio in citt\u00e0 Enrico Dal Farra e Stefano Cason, i due atleti partiti per la loro avventura solamente ieri mattina e che in queste due giornate hanno affrontato di corsa l&#8217;Alta Via n.1, percorrendo 130 km e superando 8500 metri di dislivello Non solo un&#8217;impresa sportiva, ma anche un grande segnale di solidariet\u00e0: \u00abI due ragazzi hanno intrapreso questo viaggio anche per sensibilizzare e pubblicizzare il progetto Dolomiti Orizzonte Paralimpico dell&#8217;ASD Sport Assi, progetto nato per raccogliere fondi da destinare all&#8217;acquisto di attrezzature sportive per atleti disabili, cos\u00ec da aiutarli a prepararsi al meglio e magari un giorno poter anche partecipare ad un&#8217;Olimpiade. &#8211; commenta Bogo &#8211; Il viaggio di Enrico e Stefano \u00e8 una nuova occasione per riflettere sull&#8217;importanza di questo percorso escursionistico e sulla possibilit\u00e0 per l&#8217;amministrazione di svilupparlo e farlo conoscere sempre di pi\u00f9. In particolare, da tempo stiamo valutando l&#8217;opportunit\u00e0 di rilanciare la Dolomiti Sky Run, l&#8217;ultra-trail che si \u00e8 svolta fino a qualche anno fa proprio lungo l&#8217;Alta Via 1 e che ci piacerebbe venisse riproposta\u00bb.<\/p>\n<p>&nbsp;<\/p>\n<p>&nbsp;<\/p>\n<p>&nbsp;<\/p>\n<\/div>\n<hr \/>\n<p>&nbsp;<\/p>\n<div class=\"page-title-head hgroup\">\n<blockquote>\n<h3 class=\"entry-title\">NEL VENETO 15 MILA PMI SONO A RISCHIO USURA<\/h3>\n<\/blockquote>\n<\/div>\n<div class=\"page-title-breadcrumbs\">\n<p><strong>LA SCADENZA FISCALE DI LUNEDI\u2019 POTREBBE ESSERE UN \u201cINNESCO\u201d PERICOLOSO<\/strong><br \/>\n=============<\/p>\n<p class=\"photoswipe-wrapper\"><img loading=\"lazy\" decoding=\"async\" class=\"alignleft size-medium wp-image-150076 jetpack-lazy-image jetpack-lazy-image--handled\" src=\"https:\/\/i0.wp.com\/www.radiopiu.net\/wordpress\/wp-content\/uploads\/2020\/07\/Schermata-2020-07-18-alle-13.16.23.png?resize=300%2C142&amp;ssl=1\" sizes=\"auto, (max-width: 300px) 100vw, 300px\" srcset=\"https:\/\/i0.wp.com\/www.radiopiu.net\/wordpress\/wp-content\/uploads\/2020\/07\/Schermata-2020-07-18-alle-13.16.23.png?resize=300%2C142&amp;ssl=1 300w, https:\/\/i0.wp.com\/www.radiopiu.net\/wordpress\/wp-content\/uploads\/2020\/07\/Schermata-2020-07-18-alle-13.16.23.png?resize=1024%2C485&amp;ssl=1 1024w, https:\/\/i0.wp.com\/www.radiopiu.net\/wordpress\/wp-content\/uploads\/2020\/07\/Schermata-2020-07-18-alle-13.16.23.png?resize=768%2C364&amp;ssl=1 768w, https:\/\/i0.wp.com\/www.radiopiu.net\/wordpress\/wp-content\/uploads\/2020\/07\/Schermata-2020-07-18-alle-13.16.23.png?w=1304&amp;ssl=1 1304w\" alt=\"\" width=\"300\" height=\"142\" data-recalc-dims=\"1\" data-lazy-loaded=\"1\" \/>Sono poco pi\u00f9 di 15 mila le imprese del Veneto che, secondo la definizione della normativa europea, presentano delle esposizioni bancarie deteriorate . In altre parole stiamo parlando delle aziende e delle partite Iva che risultano essere \u201cschedate\u201d presso la Centrale dei Rischi della Banca d\u2019Italia come insolventi.<\/p>\n<p>Una classificazione che, di fatto, pregiudica, per legge, a questi soggetti economici di accedere ad alcun prestito erogato dalle banche e dalle societ\u00e0 finanziarie. Una condizione che, ovviamente, non consente di avvalersi nemmeno delle misure agevolate messe in campo recentemente dal Governo con il cosiddetto \u201cdecreto Liquidit\u00e0\u201d .<\/p>\n<p><strong>Bisogna pubblicizzare e rifinanziare il Fondo di Prevenzione<\/strong><br \/>\n\u201cNon potendo ricorrere a nessun intermediario finanziario \u2013 dichiara il coordinatore dell\u2019Ufficio studi della CGIA Paolo Zabeo \u2013 queste Pmi, strutturalmente a corto di liquidit\u00e0 e in grosse difficolt\u00e0 finanziarie, in questo periodo di carenza di credito rischiano molto pi\u00f9 delle altre di scivolare tra le braccia degli strozzini. Riteniamo che per evitare tutto questo sia necessario incentivare il ricorso al \u201cFondo per la prevenzione\u201d dell\u2019usura. Uno strumento, quest\u2019ultimo, presente da decenni, ma poco utilizzato, anche perch\u00e9 sconosciuto ai pi\u00f9 e, conseguentemente, con scarse risorse economiche a disposizione\u201d.<\/p>\n<p class=\"photoswipe-wrapper\"><img loading=\"lazy\" decoding=\"async\" class=\"alignleft size-medium wp-image-150075 jetpack-lazy-image jetpack-lazy-image--handled\" src=\"https:\/\/i1.wp.com\/www.radiopiu.net\/wordpress\/wp-content\/uploads\/2020\/07\/Schermata-2020-07-18-alle-13.16.37.png?resize=184%2C300&amp;ssl=1\" sizes=\"auto, (max-width: 184px) 100vw, 184px\" srcset=\"https:\/\/i1.wp.com\/www.radiopiu.net\/wordpress\/wp-content\/uploads\/2020\/07\/Schermata-2020-07-18-alle-13.16.37.png?resize=184%2C300&amp;ssl=1 184w, https:\/\/i1.wp.com\/www.radiopiu.net\/wordpress\/wp-content\/uploads\/2020\/07\/Schermata-2020-07-18-alle-13.16.37.png?resize=630%2C1024&amp;ssl=1 630w, https:\/\/i1.wp.com\/www.radiopiu.net\/wordpress\/wp-content\/uploads\/2020\/07\/Schermata-2020-07-18-alle-13.16.37.png?resize=768%2C1249&amp;ssl=1 768w, https:\/\/i1.wp.com\/www.radiopiu.net\/wordpress\/wp-content\/uploads\/2020\/07\/Schermata-2020-07-18-alle-13.16.37.png?w=830&amp;ssl=1 830w\" alt=\"\" width=\"184\" height=\"300\" data-recalc-dims=\"1\" data-lazy-loaded=\"1\" \/>Il \u201cFondo di prevenzione\u201d dell\u2019usura, ricorda l\u2019Ufficio studi della CGIA, \u00e8 stato introdotto con la legge n\u00b0 108\/1996 e ha cominciato ad operare nel 1998. Questa misura consente agli operatori economici a \u201crischio\u201d finanziario di accedere a canali di finanziamento legali e dall\u2019altro aiuta le vittime dell\u2019usura che, non svolgendo un\u2019attivit\u00e0 di impresa, non hanno diritto ad alcun prestito da parte del \u201cFondo di solidariet\u00e0\u201d. Il \u201cFondo di prevenzione\u201d prevede due tipi di contribuzione. La prima \u00e8 destinata ai Confidi a garanzia dei finanziamenti concessi dalle banche alle attivit\u00e0 economiche. La seconda \u00e8 riconosciuta alle fondazioni o alle associazioni contro l\u2019usura che sono riconosciute dal MEF. Queste realt\u00e0 consentono alle persone in grave difficolt\u00e0 economica (lavoratori dipendenti e pensionati) di accedere al credito in sicurezza. Dal 1998 al 2018, ai Confidi e alle Fondazioni di tutta Italia lo Stato ha erogato 620 milioni di euro, di cui 430 ai primi e 190 ai secondi. Tali risorse hanno garantito finanziamenti per un importo complessivo pari a circa 2 miliardi di euro. Nel 2018 ai due enti erogatori (Confidi e Fondazioni) sono stati assegnati 19,8 milioni di euro (contro i 26,8 erogati l\u2019anno prima). A imprese e cittadini, invece, grazie a queste garanzie sono stati erogati 67,7 milioni di euro di prestiti. Nel 2017, infine, il numero dei beneficiari che ha ottenuto un prestito con l\u2019ausilio del \u201cFondo di prevenzione\u201d \u00e8 stato di soli 2.260 soggetti (1.027 attraverso i Confidi e 1.233 per mezzo delle Fondazioni) .<\/p>\n<p><strong>Sebbene il fenomeno sia in espansione, i numeri ufficiali dell\u2019usura sono in calo<\/strong><br \/>\nNumeri, quelli del \u201cFondo di prevenzione\u201d, risibili rispetto alla preoccupante dimensione che ha raggiunto l\u2019usura nel nostro Paese. Un fenomeno, quest\u2019ultimo, che negli ultimi anni ha visto diminuire anche il numero delle segnalazioni alle forze dell\u2019ordine.<\/p>\n<p>\u201cCon le sole denunce effettuate all\u2019Autorit\u00e0 giudiziaria \u2013 afferma il segretario Renato Mason \u2013 non \u00e8 possibile dimensionare il fenomeno dell\u2019usura. Le segnalazioni, purtroppo, continuano ad essere molto poche. Con la depressione economica in corso, anche le forze dell\u2019ordine hanno denunciato in pi\u00f9 di una occasione molti segnali di avvicinamento delle organizzazioni criminali al mondo dell\u2019imprenditoria. Questo dimostra che lo Stato deve intervenire con massicce dosi di liquidit\u00e0, altrimenti molte imprese cadranno prigioniere di questi fuorilegge. Altres\u00ec, bisogna cambiare le regole di accesso al credito; se non lo faremo salveremo quest\u2019ultime, ma perderemo per strada tantissime imprese\u201d.<\/p>\n<p>Negli ultimi 10 anni, infatti, il numero delle denunce per usura registrato nel Veneto ha toccato il suo picco massimo nel 2016 (39). Il dato, poi, \u00e8 progressivamente sceso toccando il valore minimo nel 2018 (10). Rispetto al 2010, il numero delle denunce registrato nel 2018 (ultimo aggiornamento disponibile) \u00e8 crollato di due\/terzi (vedi Tab. 1).<\/p>\n<p><strong class=\"photoswipe-wrapper\"><img loading=\"lazy\" decoding=\"async\" class=\"alignleft size-medium wp-image-150076 jetpack-lazy-image jetpack-lazy-image--handled\" src=\"https:\/\/i0.wp.com\/www.radiopiu.net\/wordpress\/wp-content\/uploads\/2020\/07\/Schermata-2020-07-18-alle-13.16.23.png?resize=300%2C142&amp;ssl=1\" sizes=\"auto, (max-width: 300px) 100vw, 300px\" srcset=\"https:\/\/i0.wp.com\/www.radiopiu.net\/wordpress\/wp-content\/uploads\/2020\/07\/Schermata-2020-07-18-alle-13.16.23.png?resize=300%2C142&amp;ssl=1 300w, https:\/\/i0.wp.com\/www.radiopiu.net\/wordpress\/wp-content\/uploads\/2020\/07\/Schermata-2020-07-18-alle-13.16.23.png?resize=1024%2C485&amp;ssl=1 1024w, https:\/\/i0.wp.com\/www.radiopiu.net\/wordpress\/wp-content\/uploads\/2020\/07\/Schermata-2020-07-18-alle-13.16.23.png?resize=768%2C364&amp;ssl=1 768w, https:\/\/i0.wp.com\/www.radiopiu.net\/wordpress\/wp-content\/uploads\/2020\/07\/Schermata-2020-07-18-alle-13.16.23.png?w=1304&amp;ssl=1 1304w\" alt=\"\" width=\"300\" height=\"142\" data-recalc-dims=\"1\" data-lazy-loaded=\"1\" \/>Le scadenze fiscali sono un \u201cinnesco\u201d pericoloso<\/strong><br \/>\nLe scadenze fiscali, dicevamo, spesso sono l\u2019 \u201cinnesco\u201d che attiva molte aziende a corto di liquidit\u00e0 a \u201ccontattare\u201d o a essere \u201ccontattate\u201d dalle organizzazioni criminali, che da sempre possono contare su importanti disponibilit\u00e0 di denaro proveniente da attivit\u00e0 illegali. E da gioved\u00ec scorso (16 luglio) fino al prossimo 31 luglio ci troveremo di fronte ad un vero e proprio ingorgo fiscale. A seguito dello slittamento delle scadenze avvenuto nei mesi scorsi a causa del Covid, salvo cambiamenti dell\u2019ultima ora, saranno ben 246 le scadenze fiscali (Irpef, Irap, Ires, Iva, ritenute e contributi Inps) che le aziende saranno chiamate a rispettare. Di queste, il 93,5 per cento riguarda versamenti. Giornate a forte rischio che, speriamo, non vadano ad alimentare il mercato del credito irregolare.<\/p>\n<p><strong>La situazione pi\u00f9 critica \u00e8 al Sud<\/strong><br \/>\nAl 31 marzo di quest\u2019anno, il maggior numero di imprese affidate con sofferenze era localizzato al Sud. In totale erano 80.500, contro le 59.659 del Centro, le 57.325 del Nordovest e le 39.369 del Nordest. A livello regionale \u00e8 la Lombardia a guidare la graduatoria con 36.024 imprese in sofferenza. Seguono il Lazio con 24.328 e la Campania con 21.762. Il Veneto registra 15.270 imprese in sofferenza e si colloca all\u2019ottavo posto nella graduatoria nazionale (vedi Tab. 2).<\/p>\n<p>A livello provinciale, invece, la situazione pi\u00f9 problemetica si presenta a Roma con 18.041 imprese in difficolt\u00e0 a restituire i prestiti contratti, seguono Milano con 13.240, Napoli con 11.004 e Torino con 8.328. Nel nostro territorio, invece, Padova (3.207), Vicenza (3.037) e Verona (2.649) sono le realt\u00e0 territoriali con il pi\u00f9 alto numero di aziende in difficolt\u00e0 (vedi Tab. 3).<\/p>\n<p>&nbsp;<\/p>\n<hr \/>\n<\/div>\n<p>&nbsp;<\/p>\n<blockquote>\n<h2>Chiesa Monumentale San Simon, ValladaAgordina: Le Muse e le Dolomiti .. VARIET\u00c0 DI ARPE. Con Mara Galassi e Flora Papadopouls<\/h2>\n<h2><span style=\"color: #ff0000;\">INIZIO CONCERTO MINUTO 31.00&#8243;<\/span><\/h2>\n<\/blockquote>\n<p>https:\/\/www.facebook.com\/mirko.mezzacasa\/videos\/10223936250620975\/<\/p>\n<p>&nbsp;<\/p>\n<hr \/>\n<blockquote class=\"wp-embedded-content\" data-secret=\"W7TG69HKIe\"><p><a href=\"https:\/\/www.radiopiu.net\/wordpress\/la-mia-terra-le-musiche-di-morricone-tra-le-dolomiti\/\">\u201cLA MIA TERRA\u201d: LE MUSICHE DI MORRICONE TRA LE DOLOMITI<\/a><\/p><\/blockquote>\n<p><iframe loading=\"lazy\" class=\"wp-embedded-content\" sandbox=\"allow-scripts\" security=\"restricted\" style=\"position: absolute; clip: rect(1px, 1px, 1px, 1px);\" title=\"&#8220;\u201cLA MIA TERRA\u201d: LE MUSICHE DI MORRICONE TRA LE DOLOMITI&#8221; &#8212; Radio Pi\u00f9\" src=\"https:\/\/www.radiopiu.net\/wordpress\/la-mia-terra-le-musiche-di-morricone-tra-le-dolomiti\/embed\/#?secret=W7TG69HKIe\" data-secret=\"W7TG69HKIe\" width=\"600\" height=\"338\" frameborder=\"0\" marginwidth=\"0\" marginheight=\"0\" scrolling=\"no\"><\/iframe><\/p>\n<p>&nbsp;<\/p>\n<hr \/>\n<p>&nbsp;<\/p>\n<blockquote>\n<h3>MUSICA NELL&#8217;AGORDINO UN&#8217;ESTATE DI APPUNTAMENTI, DOMENICA LE NOTE DI FISARMONICA DALLA CROCE DEL FRAMONT IN RADIO IL 2 AGOSTO<\/h3>\n<p>&nbsp;<\/p><\/blockquote>\n<blockquote><p><em>Quest&#8217;anno, essendoci posti limitati, si consiglia la prenotazione, che pu\u00f2 essere fatta mediante diversi canali (t<span lang=\"it-IT\">elefonando ad Asolo Musica 0423 950150 da Lun. a Ven. ore 9-13, s<\/span>crivendo una mail ad <span style=\"color: #0563c1;\"><u><a href=\"mailto:agordomusica@libero.it\">agordomusica@libero.it <\/a><\/u><\/span><\/em><span lang=\"it-IT\"><em>oppure con la prenotazione automatica su Facebook\/agordomusica) oppure ci si pu\u00f2 presentare 15 minuti prima del concerto per l&#8217;assegnazione dei posti rimanenti<\/em>.<\/span><\/p><\/blockquote>\n<p><strong><a class=\"dt-pswp-item\" href=\"https:\/\/www.radiopiu.net\/wordpress\/wp-content\/uploads\/2020\/07\/download-18.jpg\" data-dt-img-description=\"\" data-large_image_width=\"259\" data-large_image_height=\"195\"><img loading=\"lazy\" decoding=\"async\" class=\"size-full wp-image-150285 alignleft\" src=\"https:\/\/www.radiopiu.net\/wordpress\/wp-content\/uploads\/2020\/07\/download-18.jpg\" alt=\"\" width=\"259\" height=\"195\" \/><\/a>AGORDO\u00a0<\/strong> Sebbene ridimensionato (si pensi che erano previsti ben 18 concerti con artisti dall&#8217;Australia, Sud America e Germania), Musica nell&#8217;Agordino non mancher\u00e0 di far risuonare le sue note fra la montagna e le chiese\u00a0 delle nostre vallate anche durante questa estate particolare, grazie al costante impegno di Agordo Musica e Asolo Musica-Veneto Musica. Il programma prevede 6 concerti,\u00a0 di cui 3 organistici (nella ventisettennale tradizione della rassegna) e 3 in alcuni degli spazi aperti pi\u00f9 scenografici, quali il Broi di Agordo, le antiche mura del castello di Andraz e la valle di San Lucano, in cui si possono applicare senza troppe difficolt\u00e0 le norme anti-Covid in vigore per gli spettacoli dal vivo. Sei.. anzi, sette concerti&#8230; perch\u00e9 ci sar\u00e0\u00a0 un&#8217;anteprima on-line, in onda sui vari canali radio e internet di Radiopi\u00f9 Emittente Agordina domenica 2 agosto alle ore 11, con video anche scaricabili successivamente. Chi sar\u00e0 in cammino sul monte Framont (Sejere, Mont Alt, e Camp) domenica 26 luglio o il giorno precedente in caso di previsioni avverse, potr\u00e0 infatti sentire in lontananza una fisarmonica, quella suonata da Paolo Forte, artista friulano attivo in varie formazioni e come solista, che si lascier\u00e0 liberamente ispirare dai diversi panorami nelle sie &#8220;improvvisazioni d&#8217;alta quota&#8221;. Queste, registrate insieme ad alcune chiaccherate che faremo con il CAI di Agordo durante la giornata, costituiranno appunto i contenuti del concerto on-line del 2 agosto, ore 11.\u00a0 Sul Broi di Agordo, sempre il 2 agosto ma alle ore 15, Les Magots proporranno swing, cronaca e costume degli anni &#8217;30 e &#8217;40. Le tre brave e simpatiche cantanti intratterranno il pubblico in una interessante ma leggera ora di musica, canzoni e aneddoti che hanno raccolto studiando quel particolare periodo storico. Seguiranno due viaggi fra la musica popolare, uno ad ampio raggio fra danze e musiche di varie tradizioni europee con i Rudem\u00e0 sotto le antiche mura del castello di Andraz (il 9 agosto alle ore 15), l&#8217;altro con focus sulle tradizioni dolomitiche, con Na Fuoia vicino alla chiesa di San Lucano, nell&#8217;omonima valle (il 16 agosto alle ore 15, con recupero serale in centro a Taibon in caso di pioggia). La parte organistica vede proseguire la proficua collaborazione con Le Muse e le Dolomiti, associazione di Falcade con cui verranno condivisi due concerti: un omaggio a 3 grandi (Beethoven, Vierne e Faur\u00e8) con la mezzosoprano olandese Oda Hochsheid e il trevigiano Giovanni Feltrin all&#8217;organo Cipriani di Agordo (il 9 agosto alle 21) e un concerto a 4 mani con l&#8217;Organduo formato da Ai Yoshida (Giappone) e Alex Gai a Falcade (il 10 agosto alle 21). <span style=\"font-size: small;\">Tra le altre cose, grazie al nuovo parroco di Falcade Don Andrea, durante il lockdown della scorsa primavera, l&#8217;organo Pinchi \u00e8 stato accuratamente ripulito e accordato. La serata \u00e8 quindi l\u2019occasione per tornare ad ascoltare lo strumento in tutto il suo splendore e la sua potenza, dopo alcuni anni di assenza dal nostro cartellone.<\/span><span class=\"Apple-converted-space\"> \u00a0<\/span>Per concludere, insieme alla Fondazione Papa Luciani, nell&#8217;ambito delle manifestazioni per ricordare l&#8217;anniversario della sua elezione, il Maestro Luca Poppi, che tra l&#8217;altro <span style=\"color: #000000;\">ricopre la carica di sostituto organista presso la prestigiosa Basilica di San Marco in Venezia, terr\u00e0 un concerto al Callido di Canale d&#8217;Agordo (11 agosto ore 21).<\/span><\/p>\n<p>&nbsp;<\/p>\n<p>&nbsp;<\/p>\n<hr \/>\n<p>&nbsp;<\/p>\n<p>&nbsp;<\/p>\n<blockquote>\n<h3>DOMENICA LA GIORNATA ECOLOGICA A RIVAMONTE<\/h3>\n<\/blockquote>\n<p><strong>RIVAMONTE<\/strong> La Pro Loco di Rivamonte organizza per domenica prossima la giornata ecologica. Chi vuole partecipare all\u2019iniziativa deve confermare la sua adesione entro gioved\u00ec al numero 3470736244 anche tramite whatsapp. Per la suddetta giornata i partecipanti dovranno portare con se la propria attrezzatura (decespugliatore, rastrello, ecc.). Il ritrovo sar\u00e0 presso il campo sportivo di Rivamonte alle 7:30, il pranzo presso i box della Pro Loco.<span class=\"Apple-converted-space\">\u00a0<\/span><\/p>\n<p>&nbsp;<\/p>\n<hr \/>\n<p>&nbsp;<\/p>\n<div class=\"page-title-head hgroup\">\n<blockquote>\n<h3 class=\"entry-title\">FORNASIER E FAGHERAZZI APPREZZATI A LONGARONE<\/h3>\n<\/blockquote>\n<\/div>\n<div class=\"page-title-breadcrumbs\">\n<p><strong>LONGARONE<\/strong> Ha avuto inizio sabato\u00a0 la serie di quattro serate con musica rigorosamente made in Belluno &#8220;CONCERTI TIPI DI NOTE&#8221; con la direzione artistica\u00a0 di\u00a0 <a href=\"https:\/\/www.facebook.com\/matteo.squaiera?__tn__=%2CdK%2AF-R&amp;eid=ARBMtpXjnHTfwE9f-G3GUJ4qh--ENOnbqqxka8d3ZrO0cra8wcO9umLewRozUf7iC5UBPYUvUAd2fhkg\" data-hovercard=\"\/ajax\/hovercard\/user.php?id=100001046620603&amp;extragetparams=%7B%22__tn__%22%3A%22%2CdK%2AF-R%22%2C%22eid%22%3A%22ARBMtpXjnHTfwE9f-G3GUJ4qh--ENOnbqqxka8d3ZrO0cra8wcO9umLewRozUf7iC5UBPYUvUAd2fhkg%22%2C%22directed_target_id%22%3Anull%2C%22groups_location%22%3Anull%7D\" data-hovercard-prefer-more-content-show=\"1\">Matteo Squaiera.<\/a> Le serate\u00a0 al Centro Culturale di Longarone. Ogni sera, due band. Tutta musica originale.<br \/>\n<em>&#8220;Moltissimi di coloro che saliranno sul palco &#8211; dice Matteo Squaiera-\u00a0 sono passati dal nostro studio negli ultimi due anni. Questa per noi \u00e8 una grande soddisfazione&#8221;.<\/em><br \/>\nPrimo sabato con \u00a0<a href=\"https:\/\/www.facebook.com\/pauliversemusic\/?__xts__%5B0%5D=68.ARDyXvyD6WZs80GUNQaWTcUDDa0acNh2kM4tpPdHvEIDtrIhiba6RZViYeTy1sQrmSfKP4dgmqHcAe_KRQdvOO1vkJLPRPZKiMSCcKEVtsHzPj6L284ojg_1OiSqq9goVsKmcmlz5NbIR8fKQLeLt2B7NuxY3x2apnF7HMPO5AVpsOFfWudbVpdA6gfBJJCo6l1hb9cnhvHqGWB02EYvPeuhs33owdLqcrB8bYYjwpTjNUg1HxHJr9FcTtdLOwDxPUjrk2YuQxDiNXSlYptdbQw81Yi6HoPhjvuufjZXhUshyqla8ojURb_C7jhDjDUGY8zF9ILVeGCeB2Qdox-UyKIh2UC1osJ03ePfTu5ndiAlA-boLkHywAb913hJYDJrCZqvMnLWiD1OySpp90oukv6iRNKXqqwJOo6dMFQyYXK70Pv4pygoq1fBnKTl-raGKa9PNa9hG8zx0i0nHVfIy15Oe7qmsb9HT2-nZnIsRJ5Zzkds9yZkVQ&amp;__tn__=%2CdK%2AF-R&amp;eid=ARCBZ5uq5zlr69QSxegG5kH0nxEhde6CLGlrQJTvtrNvZAGvnO-E5A3qcXo6zzf6z3Ik3xv4Ezq2j5Cm\" data-hovercard=\"\/ajax\/hovercard\/page.php?id=329473547145921&amp;extragetparams=%7B%22__tn__%22%3A%22%2CdK%2AF-R%22%2C%22eid%22%3A%22ARCBZ5uq5zlr69QSxegG5kH0nxEhde6CLGlrQJTvtrNvZAGvnO-E5A3qcXo6zzf6z3Ik3xv4Ezq2j5Cm%22%2C%22directed_target_id%22%3Anull%2C%22groups_location%22%3Anull%7D\" data-hovercard-prefer-more-content-show=\"1\">Pauliverse Music<\/a>\u00a0e\u00a0<a href=\"https:\/\/www.facebook.com\/simone.faghe?__tn__=%2CdK%2AF-R&amp;eid=ARA9uqeiJMaKww0xc13Hkv7H5Vz9Sca5OikiG8V2Gsjz2zpWG7RBc3T6ai1aLFLNiXx-ScBzJy48mz_F\" data-hovercard=\"\/ajax\/hovercard\/user.php?id=1159296525&amp;extragetparams=%7B%22__tn__%22%3A%22%2CdK%2AF-R%22%2C%22eid%22%3A%22ARA9uqeiJMaKww0xc13Hkv7H5Vz9Sca5OikiG8V2Gsjz2zpWG7RBc3T6ai1aLFLNiXx-ScBzJy48mz_F%22%2C%22directed_target_id%22%3Anull%2C%22groups_location%22%3Anull%7D\" data-hovercard-prefer-more-content-show=\"1\">Simone Fagherazzi<\/a> &amp; Band. Al pianoforte Paolo Fornasier e alla chitarra SImone Fagherazzi<\/p>\n<blockquote>\n<h3>L&#8217;INTERVISTA ALLA RADIO A MATTEO SQUAIERA<\/h3>\n<\/blockquote>\n<audio class=\"wp-audio-shortcode\" id=\"audio-150182-5\" preload=\"none\" style=\"width: 100%;\" controls=\"controls\"><source type=\"audio\/mpeg\" src=\"https:\/\/www.radiopiu.net\/wordpress\/wp-content\/uploads\/2020\/07\/MATTEO-SQUAIERA-ven-16-21-e-sabato-11-e-18.mp3?_=5\" \/><a href=\"https:\/\/www.radiopiu.net\/wordpress\/wp-content\/uploads\/2020\/07\/MATTEO-SQUAIERA-ven-16-21-e-sabato-11-e-18.mp3\">https:\/\/www.radiopiu.net\/wordpress\/wp-content\/uploads\/2020\/07\/MATTEO-SQUAIERA-ven-16-21-e-sabato-11-e-18.mp3<\/a><\/audio>\n<p>&nbsp;<\/p>\n<p>&nbsp;<\/p>\n<hr \/>\n<p>&nbsp;<\/p>\n<\/div>\n<p>&nbsp;<\/p>\n<h3><a class=\"dt-pswp-item\" href=\"https:\/\/www.radiopiu.net\/wordpress\/wp-content\/uploads\/2018\/09\/appuntamenti.jpeg\" data-dt-img-description=\"\" data-large_image_width=\"800\" data-large_image_height=\"100\" data-wp-editing=\"1\"><img loading=\"lazy\" decoding=\"async\" class=\"aligncenter wp-image-61958 size-full\" src=\"https:\/\/www.radiopiu.net\/wordpress\/wp-content\/uploads\/2018\/09\/appuntamenti.jpeg\" alt=\"\" width=\"800\" height=\"100\" srcset=\"https:\/\/www.radiopiu.net\/wordpress\/wp-content\/uploads\/2018\/09\/appuntamenti.jpeg 800w, https:\/\/www.radiopiu.net\/wordpress\/wp-content\/uploads\/2018\/09\/appuntamenti-300x38.jpeg 300w, https:\/\/www.radiopiu.net\/wordpress\/wp-content\/uploads\/2018\/09\/appuntamenti-768x96.jpeg 768w\" sizes=\"auto, (max-width: 800px) 100vw, 800px\" \/><\/a><\/h3>\n<h3><\/h3>\n<blockquote>\n<h3>DOPPIO EVENTO PER LA PRO LOCO \u201cMONTI DEL SOLE\u201d CHE RITORNA, DOPO IL LOCKDOWN, NEL SEGNO DELLA CULTURA<\/h3>\n<\/blockquote>\n<p><strong><a class=\"dt-pswp-item\" href=\"https:\/\/www.radiopiu.net\/wordpress\/wp-content\/uploads\/2020\/07\/Buzzati14annicirca-rit.jpg\" data-dt-img-description=\"\" data-large_image_width=\"1086\" data-large_image_height=\"1594\"><img loading=\"lazy\" decoding=\"async\" class=\" wp-image-150069 alignleft\" src=\"https:\/\/www.radiopiu.net\/wordpress\/wp-content\/uploads\/2020\/07\/Buzzati14annicirca-rit-204x300.jpg\" alt=\"\" width=\"147\" height=\"216\" srcset=\"https:\/\/www.radiopiu.net\/wordpress\/wp-content\/uploads\/2020\/07\/Buzzati14annicirca-rit-204x300.jpg 204w, https:\/\/www.radiopiu.net\/wordpress\/wp-content\/uploads\/2020\/07\/Buzzati14annicirca-rit-698x1024.jpg 698w, https:\/\/www.radiopiu.net\/wordpress\/wp-content\/uploads\/2020\/07\/Buzzati14annicirca-rit-768x1127.jpg 768w, https:\/\/www.radiopiu.net\/wordpress\/wp-content\/uploads\/2020\/07\/Buzzati14annicirca-rit-1046x1536.jpg 1046w, https:\/\/www.radiopiu.net\/wordpress\/wp-content\/uploads\/2020\/07\/Buzzati14annicirca-rit.jpg 1086w\" sizes=\"auto, (max-width: 147px) 100vw, 147px\" \/><\/a>SEDICO\u00a0<\/strong>La prima data, gioved\u00ec 23, \u00e8 dedicata a un ricordo di Dino Buzzati a 100 anni dalla salita al Monte Sperone. Si svolger\u00e0 in localit\u00e0 Pradel, alle pendici del monte Sperone, alle 18.15 (in caso di maltempo, ore 18.30 al Centro civico) e vedr\u00e0, sul palco naturale, l&#8217;attore\u00a0Sandro Buzzatti e le improvvisazioni al contrabbasso di\u00a0Nelso Salton. L&#8217;evento \u00e8 in collaborazione con la biblioteca civica dell&#8217;amministrazione sospirolese, Gruppo Alpini Sospirolo, Consorzio Pro loco\u00a0Valbelluna, associazione culturale\u00a0Villa Buzzati\u00a0e associazione internazionale\u00a0Dino Buzzati. La salita \u00e8 libera e individuale,\u00a0il ritrovo \u00e8 fissato nella piazza Lexy di Sospirolo a partire dalle 16: chi vuole pu\u00f2 seguire il sentiero dedicato a Dino Buzzati per raggiungere la localit\u00e0 Pradel, gli altri possono salire, con auto a piena capienza, fino allo Staol dei Dori dove si pu\u00f2 parcheggiare fino ad esaurimento posti.<\/p>\n<p><a class=\"dt-pswp-item\" href=\"https:\/\/www.radiopiu.net\/wordpress\/wp-content\/uploads\/2020\/07\/Cortivo-Mazzoncini-scaled.jpg\" data-dt-img-description=\"\" data-large_image_width=\"2560\" data-large_image_height=\"1280\"><img loading=\"lazy\" decoding=\"async\" class=\"size-medium wp-image-150070 alignright\" src=\"https:\/\/www.radiopiu.net\/wordpress\/wp-content\/uploads\/2020\/07\/Cortivo-Mazzoncini-300x150.jpg\" alt=\"\" width=\"300\" height=\"150\" srcset=\"https:\/\/www.radiopiu.net\/wordpress\/wp-content\/uploads\/2020\/07\/Cortivo-Mazzoncini-300x150.jpg 300w, https:\/\/www.radiopiu.net\/wordpress\/wp-content\/uploads\/2020\/07\/Cortivo-Mazzoncini-1024x512.jpg 1024w, https:\/\/www.radiopiu.net\/wordpress\/wp-content\/uploads\/2020\/07\/Cortivo-Mazzoncini-768x384.jpg 768w, https:\/\/www.radiopiu.net\/wordpress\/wp-content\/uploads\/2020\/07\/Cortivo-Mazzoncini-1536x768.jpg 1536w, https:\/\/www.radiopiu.net\/wordpress\/wp-content\/uploads\/2020\/07\/Cortivo-Mazzoncini-2048x1024.jpg 2048w\" sizes=\"auto, (max-width: 300px) 100vw, 300px\" \/><\/a>Sabato 25, invece, a Gron presso il Cortile Mazzoncini alle ore 20.45, si terr\u00e0 \u201cOperetta e Frou-Frou<br \/>\ncelebri arie da operetta e famose danze\u00a0viennesi\u201d con la Salon Orchestra\u00a0Do<i>La<\/i>MiTi diretta dal maestro Matteo Andri con la partecipazione del soprano\u00a0Paola Crema. Quest&#8217;ultima, diplomata in canto lirico nel 2004 presso il conservatorio \u201cPollini\u201d di Padova, nel 2007 ha ultimato con il massimo dei voti il biennio specialistico in musica vocale da camera e frequentato vari corsi di perfezionamento. La Salon Orchestra nasce invece in seno all\u2019Orchestra Giovanile Bellunese. L&#8217;evento, nell&#8217;ambito della rassegna\u00a0Musica nei cortivi del Consorzio Pro Loco Bellunesi, in caso di maltempo ci\u00a0si sposter\u00e0 al centro ricreativo di Pr\u00e0 de la Melia. In entrambi i casi, si raccomanda il rispetto delle norme previste per il\u00a0contenimento del rischio Coronavirus\u00a0e di evitare assembramenti.<\/p>\n<p>&nbsp;<\/p>\n<hr \/>\n<p>&nbsp;<\/p>\n<blockquote>\n<h3>LOTTERIA ADA AGORDO<\/h3>\n<\/blockquote>\n<p><strong>AGORD<\/strong>O L&#8217;Associazione Danza Agordina ha fissato\u00a0la nuova data per l&#8217;estrazione della lotteria &#8220;Adanzarfortuna 2020&#8221;, estrazione che, precedentemente fissata al 30 marzo 2020 , era stata rimandata a data da destinarsi per le restrizioni dovute al contrasto alla pandemia.\u00a0L&#8217;estrazione si terr\u00e0 presso il Municipio di Agordo , marted\u00ec 21 luglio alle ore 10.00.<\/p>\n<p>&nbsp;<\/p>\n<hr \/>\n<p>&nbsp;<\/p>\n<blockquote>\n<h3>EL CANAL DE AGORDO<\/h3>\n<\/blockquote>\n<p><strong><img loading=\"lazy\" decoding=\"async\" class=\"alignleft\" src=\"https:\/\/www.radiopiu.net\/wordpress\/wp-content\/uploads\/2020\/07\/LOCANDINA-MOSTRA-ARCA-2020-1-scaled.jpg\" width=\"171\" height=\"242\" \/>AGORDO<\/strong> Scavare nel passato, storia ed archeologia da San Gottardo a Pont del Cristo. La mostra \u00e8 allestita al Museo mineralogico e paleontologico di via 5 maggio con ingresso libero. Fino al 6 settembre il venerdi, sabato e domenica dalle 10 alle 12.30 e dalle 16 alle 19. Info: archeoagordo.arca@gmail.com<\/p>\n<blockquote>\n<h3>IERI ALLA RADIO CON FOGLIATA E OLIVOTTO<\/h3>\n<\/blockquote>\n<h2><span style=\"color: #808080;\">ARCA AGORDO, LA MOSTRA AL MUSEO MINERALOGICO DI VIA 5 MAGGIO, OSPITI GABRIELE FOGLIATA E MAURIZIO OLIVOTTO<\/span><\/h2>\n<audio class=\"wp-audio-shortcode\" id=\"audio-150182-6\" preload=\"none\" style=\"width: 100%;\" controls=\"controls\"><source type=\"audio\/mpeg\" src=\"https:\/\/www.radiopiu.net\/wordpress\/wp-content\/uploads\/2020\/07\/ARCA-2020.mp3?_=6\" \/><a href=\"https:\/\/www.radiopiu.net\/wordpress\/wp-content\/uploads\/2020\/07\/ARCA-2020.mp3\">https:\/\/www.radiopiu.net\/wordpress\/wp-content\/uploads\/2020\/07\/ARCA-2020.mp3<\/a><\/audio>\n<p>&nbsp;<\/p>\n<p>&nbsp;<\/p>\n<hr \/>\n<p>&nbsp;<\/p>\n<p>&nbsp;<\/p>\n<blockquote>\n<h3>LA VIA DELLE MERIDIANE PER LA SCUOLA DI ALLEGHE<\/h3>\n<\/blockquote>\n<p><strong>ALLEGHE<\/strong> Ogni giovedi di luglio ed agosto, con prenotazione presso l\u2019Ufficio Turistico di Alleghe, vengono organizzati dei giri accompagnati sulla \u201cvia delle meridiane\u201d, un viaggio nel tempo alla scoperta degli orologi solari di Alleghe con la guida SIlvia Da Roit e il contributo di Giuseppe De Don\u00e0 referente orologi solari Italia. Il tour ha una durata di circa 2 ore (90 metri di dislivello su percorso facile) con partenza alle 9.30 da Piazza Kennedy. Chi partecipa contribuisce con un\u2019offerta libera devoluta alla scuola primaria di Alleghe.<\/p>\n<p>&nbsp;<\/p>\n<hr \/>\n<p>&nbsp;<\/p>\n<p>&nbsp;<\/p>\n<blockquote>\n<h2 class=\"tw-data-text tw-text-large XcVN5d tw-ta\" dir=\"ltr\" data-placeholder=\"Traduzione\"><span lang=\"en\">appointments recommended by radio pi\u00f9<\/span><\/h2>\n<\/blockquote>\n\n\t\t\t<style type='text\/css'>\n\t\t\t\t#gallery-1 {\n\t\t\t\t\tmargin: auto;\n\t\t\t\t}\n\t\t\t\t#gallery-1 .gallery-item {\n\t\t\t\t\tfloat: left;\n\t\t\t\t\tmargin-top: 10px;\n\t\t\t\t\ttext-align: center;\n\t\t\t\t\twidth: 20%;\n\t\t\t\t}\n\t\t\t\t#gallery-1 img {\n\t\t\t\t\tborder: 2px solid #cfcfcf;\n\t\t\t\t}\n\t\t\t\t#gallery-1 .gallery-caption {\n\t\t\t\t\tmargin-left: 0;\n\t\t\t\t}\n\t\t\t\t\/* see gallery_shortcode() in wp-includes\/media.php *\/\n\t\t\t<\/style>\n\t\t<div id='gallery-1' class='dt-gallery-container gallery galleryid-150182 gallery-columns-5 gallery-size-thumbnail'><dl class='gallery-item'>\n\t\t\t\t<dt class='gallery-icon portrait'>\n\t\t\t\t\t<a class=\"rollover rollover-zoom dt-pswp-item\" title=\"LOCANDINA MOSTRA ARCA 2019 Patrocinio\" data-dt-img-description=\"\" data-large_image_width=\"1810\" data-large_image_height=\"2560\"href='https:\/\/www.radiopiu.net\/wordpress\/wp-content\/uploads\/2020\/07\/LOCANDINA-MOSTRA-ARCA-2020-scaled.jpg'><img loading=\"lazy\" decoding=\"async\" width=\"150\" height=\"150\" src=\"https:\/\/www.radiopiu.net\/wordpress\/wp-content\/uploads\/2020\/07\/LOCANDINA-MOSTRA-ARCA-2020-150x150.jpg\" class=\"attachment-thumbnail size-thumbnail\" alt=\"\" \/><\/a>\n\t\t\t\t<\/dt><\/dl><dl class='gallery-item'>\n\t\t\t\t<dt class='gallery-icon portrait'>\n\t\t\t\t\t<a class=\"rollover rollover-zoom dt-pswp-item\" title=\"8decb5e4-5a09-4396-8808-991f536b16f0\" data-dt-img-description=\"\" data-large_image_width=\"1130\" data-large_image_height=\"1600\"href='https:\/\/www.radiopiu.net\/wordpress\/wp-content\/uploads\/2020\/07\/8decb5e4-5a09-4396-8808-991f536b16f0.jpg'><img loading=\"lazy\" decoding=\"async\" width=\"150\" height=\"150\" src=\"https:\/\/www.radiopiu.net\/wordpress\/wp-content\/uploads\/2020\/07\/8decb5e4-5a09-4396-8808-991f536b16f0-150x150.jpg\" class=\"attachment-thumbnail size-thumbnail\" alt=\"\" \/><\/a>\n\t\t\t\t<\/dt><\/dl><dl class='gallery-item'>\n\t\t\t\t<dt class='gallery-icon portrait'>\n\t\t\t\t\t<a class=\"rollover rollover-zoom dt-pswp-item\" title=\"0995c87e-41e6-46f0-81e9-380485c41502\" data-dt-img-description=\"\" data-large_image_width=\"1447\" data-large_image_height=\"2048\"href='https:\/\/www.radiopiu.net\/wordpress\/wp-content\/uploads\/2020\/07\/0995c87e-41e6-46f0-81e9-380485c41502.jpg'><img loading=\"lazy\" decoding=\"async\" width=\"150\" height=\"150\" src=\"https:\/\/www.radiopiu.net\/wordpress\/wp-content\/uploads\/2020\/07\/0995c87e-41e6-46f0-81e9-380485c41502-150x150.jpg\" class=\"attachment-thumbnail size-thumbnail\" alt=\"\" \/><\/a>\n\t\t\t\t<\/dt><\/dl><dl class='gallery-item'>\n\t\t\t\t<dt class='gallery-icon portrait'>\n\t\t\t\t\t<a class=\"rollover rollover-zoom dt-pswp-item\" title=\"446199a0-ccb6-4daa-88f9-ee34f5a4944a\" data-dt-img-description=\"\" data-large_image_width=\"1080\" data-large_image_height=\"1350\"href='https:\/\/www.radiopiu.net\/wordpress\/wp-content\/uploads\/2020\/07\/446199a0-ccb6-4daa-88f9-ee34f5a4944a.jpg'><img loading=\"lazy\" decoding=\"async\" width=\"150\" height=\"150\" src=\"https:\/\/www.radiopiu.net\/wordpress\/wp-content\/uploads\/2020\/07\/446199a0-ccb6-4daa-88f9-ee34f5a4944a-150x150.jpg\" class=\"attachment-thumbnail size-thumbnail\" alt=\"\" \/><\/a>\n\t\t\t\t<\/dt><\/dl><dl class='gallery-item'>\n\t\t\t\t<dt class='gallery-icon landscape'>\n\t\t\t\t\t<a class=\"rollover rollover-zoom dt-pswp-item\" title=\"94dd24ee-147f-4f92-9abc-864a5a200347\" data-dt-img-description=\"\" data-large_image_width=\"1500\" data-large_image_height=\"1500\"href='https:\/\/www.radiopiu.net\/wordpress\/wp-content\/uploads\/2020\/07\/94dd24ee-147f-4f92-9abc-864a5a200347-1.jpg'><img loading=\"lazy\" decoding=\"async\" width=\"150\" height=\"150\" src=\"https:\/\/www.radiopiu.net\/wordpress\/wp-content\/uploads\/2020\/07\/94dd24ee-147f-4f92-9abc-864a5a200347-1-150x150.jpg\" class=\"attachment-thumbnail size-thumbnail\" alt=\"\" srcset=\"https:\/\/www.radiopiu.net\/wordpress\/wp-content\/uploads\/2020\/07\/94dd24ee-147f-4f92-9abc-864a5a200347-1-150x150.jpg 150w, https:\/\/www.radiopiu.net\/wordpress\/wp-content\/uploads\/2020\/07\/94dd24ee-147f-4f92-9abc-864a5a200347-1-300x300.jpg 300w, https:\/\/www.radiopiu.net\/wordpress\/wp-content\/uploads\/2020\/07\/94dd24ee-147f-4f92-9abc-864a5a200347-1-1024x1024.jpg 1024w, https:\/\/www.radiopiu.net\/wordpress\/wp-content\/uploads\/2020\/07\/94dd24ee-147f-4f92-9abc-864a5a200347-1-768x768.jpg 768w, https:\/\/www.radiopiu.net\/wordpress\/wp-content\/uploads\/2020\/07\/94dd24ee-147f-4f92-9abc-864a5a200347-1.jpg 1500w\" sizes=\"auto, (max-width: 150px) 100vw, 150px\" \/><\/a>\n\t\t\t\t<\/dt><\/dl><br style=\"clear: both\" \/><dl class='gallery-item'>\n\t\t\t\t<dt class='gallery-icon portrait'>\n\t\t\t\t\t<a class=\"rollover rollover-zoom dt-pswp-item\" title=\"fb0f2285-210f-4bba-8573-b8ff07a91fa8\" data-dt-img-description=\"\" data-large_image_width=\"726\" data-large_image_height=\"1024\"href='https:\/\/www.radiopiu.net\/wordpress\/wp-content\/uploads\/2020\/07\/fb0f2285-210f-4bba-8573-b8ff07a91fa8.jpg'><img loading=\"lazy\" decoding=\"async\" width=\"150\" height=\"150\" src=\"https:\/\/www.radiopiu.net\/wordpress\/wp-content\/uploads\/2020\/07\/fb0f2285-210f-4bba-8573-b8ff07a91fa8-150x150.jpg\" class=\"attachment-thumbnail size-thumbnail\" alt=\"\" \/><\/a>\n\t\t\t\t<\/dt><\/dl><dl class='gallery-item'>\n\t\t\t\t<dt class='gallery-icon portrait'>\n\t\t\t\t\t<a class=\"rollover rollover-zoom dt-pswp-item\" title=\"Locandina eventi 1 (1)\" data-dt-img-description=\"\" data-large_image_width=\"1414\" data-large_image_height=\"2000\"href='https:\/\/www.radiopiu.net\/wordpress\/wp-content\/uploads\/2020\/07\/Locandina-eventi-1-1.png'><img loading=\"lazy\" decoding=\"async\" width=\"150\" height=\"150\" src=\"https:\/\/www.radiopiu.net\/wordpress\/wp-content\/uploads\/2020\/07\/Locandina-eventi-1-1-150x150.png\" class=\"attachment-thumbnail size-thumbnail\" alt=\"\" \/><\/a>\n\t\t\t\t<\/dt><\/dl><dl class='gallery-item'>\n\t\t\t\t<dt class='gallery-icon portrait'>\n\t\t\t\t\t<a class=\"rollover rollover-zoom dt-pswp-item\" title=\"Gli antichi mestieri\" data-dt-img-description=\"\" data-large_image_width=\"1240\" data-large_image_height=\"1753\"href='https:\/\/www.radiopiu.net\/wordpress\/wp-content\/uploads\/2020\/07\/Gli-antichi-mestieri.jpg'><img loading=\"lazy\" decoding=\"async\" width=\"150\" height=\"150\" src=\"https:\/\/www.radiopiu.net\/wordpress\/wp-content\/uploads\/2020\/07\/Gli-antichi-mestieri-150x150.jpg\" class=\"attachment-thumbnail size-thumbnail\" alt=\"\" \/><\/a>\n\t\t\t\t<\/dt><\/dl>\n\t\t\t\t<br style='clear: both' \/>\n\t\t\t<\/div>\n\n<div id=\"gallery-15\" class=\"dt-gallery-container gallery galleryid-149333 gallery-columns-3 gallery-size-thumbnail\">\n<p>&nbsp;<\/p>\n<hr \/>\n<\/div>\n<div><\/div>\n<blockquote>\n<h3>I \u201cCENTO ANNI DI FARMACIA PERALE\u201d NEL VOLUMETTO CURATO DA MARCO di Renato Bona<\/h3>\n<\/blockquote>\n<div>\n<p><strong><a class=\"dt-pswp-item\" href=\"https:\/\/www.radiopiu.net\/wordpress\/wp-content\/uploads\/2019\/08\/553085_385905871470280_1626001170_n.jpg\" data-dt-img-description=\"\" data-large_image_width=\"855\" data-large_image_height=\"569\"><img loading=\"lazy\" decoding=\"async\" class=\" wp-image-94070 alignleft\" src=\"https:\/\/www.radiopiu.net\/wordpress\/wp-content\/uploads\/2019\/08\/553085_385905871470280_1626001170_n-300x200.jpg\" alt=\"\" width=\"161\" height=\"107\" \/><\/a>di\u00a0Renato\u00a0<\/strong><b>Bona\u00a0<\/b><\/p>\n<p>Sinceri complimenti al collega giornalista ed amico Marco Perale perch\u00e9 \u2013 anche se \u201cgiocava in casa\u201d e nonostante le sue riconosciute doti di storico &#8211; non deve essergli stato facile districarsi nella miriade di persone (i Perale con annessi e connessi\u2026), i luoghi e le situazioni che hanno proposto in ambiti, ambienti e ruoli variegati belle pagine di storia bellunese, e non solo. Ci riferiamo a \u201cRicette di famiglia \u2013 100 anni di Farmacia Perale\u201d di cui \u00e8 stato autore nel 2013, l\u2019anno del secolo raggiunto dalla farmacia Perale. Una quarantina di pagine per raccontare l\u2019arrivo a Belluno di Agostino Perale e dei figli Guido, Ruggero ed Augusto che con lui hanno condotto la farmacia nel centro della citt\u00e0 del Piave, giusto davanti al Teatro Comunale. Che era stata acquistata da quello che Marco Perale definisce \u201cil risorgimentale (e laicissimo) farmacista Garibaldi Locatelli\u201d. Nato il 18 ottobre del 1843 a Mirano e perso in tragiche circostanze il padre, Agostino venne accolto nel seminario di Treviso dove rimase dagli 8 ai 15 anni \u201ccompagno di studi del chierico Giuseppe Sarto, il futuro San Pio X, di qualche anno pi\u00f9 vecchio\u201d. Trasferitosi a Padova con la madre, il nostro complet\u00f2 gli studi liceali e si iscrisse alla facolt\u00e0 medico-chirurgico-farmaceutica, conseguendo la laurea il 4 aprile 1868; lavor\u00f2 quindi a Mirano, Treviso e Padova prima di trasferirsi a Belluno, citt\u00e0 alla quale si sentiva legato per l\u2019amicizia col bellunese pittore Giovanni De Min ma soprattutto per aver sposato nel 1880 Angela Bettio, imparentata con importanti famiglie bellunesi. E qui l\u2019autore non perde l\u2019occasione per spiegare che \u201cLa madre di Angela, Antonietta Lante, era figlia di Bartolomeo Lante e Giovanna Sammartini, ed era quindi sorella di Francesco, padre di Luigi e nonno di Maria Marcherita, che sposer\u00e0 il senatore Achille Gaggia, presidente della Sade tra il 1943 ed il \u201953, nella cui villa di Socchieva si tenne l\u2019ultimo incontro tra Mussolini e Hitler il 19 luglio del 1943, una settimana prima della riunione del Gran Consiglio che depose il Duce\u2026\u201d. Un altro fratello di Antonietta Lante, Antonio, sar\u00e0 a sua volta padre di Bortolo e quindi nonno di Vincenzo Lante, due volte sindaco di Belluno, l\u2019ultimo democraticamente eletto, nel 1920, prima dell\u2019avvento del Fascismo ed il primo nuovamente eletto dopo l\u2019ultima guerra, nel 1946\u201d. Il matrimonio di Agostino ed Angela \u00e8 del 31 agosto 1880. Ancora Marco Perale:_ \u201cQuando Agostino Perale nel 1913 prese la decisione sulla farmacia da comprare (era in ballo anche quella di Longarone, che era senza concorrenza a differenza di quella bellunese \u2013 ndr.) la scelta di Belluno, 66 anni dopo l\u2019incontro con l\u2019arte di Giovanni De min e 22 anni dopo il matrimonio con Angela Bettio, rispondeva evidentemente al richiamo di un legame gi\u00e0 solido e profondo\u201d. Il capitolo \u201cIl Novecento\u201d rievoca fra l\u2019altro le guerre, la crisi economica mondiale, il terremoto del 18 ottobre 1936 ed accenna alle difficolt\u00e0 incontrate da Agostino e dai suoi, non ultime quelle di carattere burocratico. E poi trovano largo spazio una serie di matrimoni e le discendenze, fino ad arrivare di fatto ai giorni nostri con Ruggero e la moglie Pia Venturelli (matrimonio celebrato il 22 novembre 1922 ad Avio) che ebbero tre figli: Gianfranco (1923-1967), Agostino (1928-2001) e Luciano (1933-1969): Gianfranco, e la moglie Teresa Perrone chiamata Teresita, ebbero tre figli: Anna, Marco (l\u2019autore del libro \u2013 ndr.) e Paolo; Agostino e Paola Chinaglia (figlia di Dino imprenditore nel campo degli apparecchi elettrici) ebbero: Chiara, Lucia, Stefano ed Elena; Luciano, sposato con Luigina Facco, non ebbe figli. Con le divisioni familiari, ad Agostino tocc\u00f2 la casa di famiglia mentre la farmacia rimase a Gianfranco che la condusse fino, alla prematura scomparsa, con \u201cTeresita\u201d la quale pass\u00f2 il testimone nel 1998 al figlio Paolo cui si \u00e8 affiancata la moglie Luisa. Detto della farmacia e del ramo bellunese dei Perale, viene opportunamente ricordato che le radici familiari erano rimaste a Mirano e poi si richiama una curiosit\u00e0: nell\u2019alto Vicentino, oggi in comune di Arsiero, al confine tra le province di Vicenza e Trento, c\u2019\u00e8 il piccolo centro di Perale, fino alla Grande Guerra dotato di una sua orgogliosa autonomia comunale, con tanto di timbro postale\u2026\u201d. Il pregevole lavoro di Marco Perale si conclude dedicando alcune pagine a \u201cLa Farmacia, 500 anni di storia\u201d perch\u00e9 \u201cse la storia della famiglia Perale si \u00e8 sovrapposta all\u2019esercizio commerciale negli ultimi 100 anni, in realt\u00e0 proprio la Farmacia racconta una vicenda che continua ininterrotta, nello stesso luogo e con la stessa funzione, da quasi cinque secoli\u201d. E in proposito richiama quella \u201cspecie di anagrafe che nel 1546 consente per la prima volta di fotografare nel dettaglio la consistenza, l\u2019identit\u00e0, il rango sociale e la residenza di tutti i cittadini di Belluno, nonch\u00e9 l\u2019ubicazione delle attivit\u00e0 commerciali esistenti allora in ambito urbano, dentro e fuori le mura della citt\u00e0, appena uscita dal decennio della guerra portata contro Venezia dalla Lega di Cambrai, a inizio Cinquecento, e dal successivo assestamento economico, sociale e urbanistico\u201d. L\u2019elenco \u2013 scrive Marco Perale \u2013 attesta l\u2019esistenza a Belluno di tre soli \u2018speciarii\u2019 (cio\u00e8 farmacisti) tutti popolari (cio\u00e8 non nobili) di cui per\u00f2 l\u2019elenco, in due casi d\u00e0 la residenza abitativa (che non necessariamente corrispondeva all\u2019ubicazione dell\u2019esercizio commerciale, comunque, di solito, sottostante): i primi due infatti risultavano abitare \u2018in la Contrada de March\u00e0\u2019 (il quartiere che si estendeva attorno all\u2019attuale Piazza delle Erbe, quindi sicuramente entro le mura) mentre nel terzo caso cita \u2018Ser Prosdocimo Salcis, speciaro in la Contrada della Motta\u2019, cio\u00e8 il quartiere cresciuto attorno all\u2019antica \u2018motta\u2019, la fortificazione di et\u00e0 franca all\u2019angolo di nord-est della cinta urbana, che andava da Porta Dojona al Torrione inglobando l\u2019intera Piazza Mazzini attuale. Tale sistema difensivo era dotato di un avancorpo di fronte alla porta (quello che diventer\u00e0 il tardoquattrocentesco Palazzo Doglioni, l\u2019attuale sede di Banca Intesa, di fronte al teatro Comunale) che era il primo nucleo, presente fin dall\u2019et\u00e0 medievale, attorno al quale si era sviluppata la nuova espansione urbanistica a nord delle mura, che avrebbe dato vita ai borghi di Santo Stefano e di Campedel\u201d. E quindi, a proposito delle farmacie, ricorda che: \u201c\u2026Per tutta l\u2019et\u00e0 veneziana e fino all\u2019et\u00e0 napoleonica le farmacie di Belluno furono sempre e solo tre, all\u2019insegna rispettivamente dell\u2019Angelo, di San Francesco e di San Giuseppe. Le prime due erano all\u2019interno delle mura, la farmacia dell\u2019Angelo, che con quale lieve spostamento dovrebbe corrispondere all\u2019attuale farmacia Boco, gestita per generazioni tra XVI e XVII secolo dai Chiavenna (che con Niccol\u00f2 scoprirono le virt\u00f9 dell\u2019Assenzio ombrellifero del Monte Serva) e la farmacia all\u2019insegna di San Francesco (la vecchia sede della Farmacia Piccirilli) vicino al convento francescano che oggi ospita il Seminario, all\u2019angolo di Crocecalle tra le vie Mezzaterra e Brustolon\u201d. Precisa infine: \u201cLa presenza di una bottega di farmacia \u2018all\u2019insegna di San Giuseppe\u2019 nell\u2019attuale collocazione di fronte a Porta Dojona di pu\u00f2 datare con discreta precisione alla seconda-terza decade del XVI secolo; il primo conduttore di cui ci sia pervenuto il nome \u00e8 il \u2018ser Prosdocimo Salcis\u2019 citato nel documento del 1546 e all\u2019interno dell\u2019attuale farmacia \u00e8 ancora esposta l\u2019antica insegna settecentesca: tre elementi che ne fanno verosimilmente il pi\u00f9 antico esercizio commerciale di Belluno, documentatamente aperto in modo continuativo con la medesima funzione e nella stessa sede da quasi 500 anni\u201d. NELLE FOTO (riproduzioni dal libro \u201cRicette di famiglia\u201d; Renato Bona): l\u2019autore, Marco Perale; la copertina della pubblicazione; la Farmacia Perale oggi; e quando era Farmacia Locatelli; gruppo di famiglia all\u2019esterno della chiesa di Santo Stefano; 1931: Gianfranco Perale, sulla destra, con Enrico e Renzo Venturelli in farmacia; Teresita e Gianfranco nel 1954; 1965: Pia Perale con Albino Luciani futuro \u201cPapa bellunese del sorriso\u201d Giovanni Paolo I; insegna retro; Agostino Perale; Pia Venturelli; Angela Bettio; Ruggero Perale; il timbro Perale (Vicenza).<\/p>\n\n\t\t\t<style type='text\/css'>\n\t\t\t\t#gallery-2 {\n\t\t\t\t\tmargin: auto;\n\t\t\t\t}\n\t\t\t\t#gallery-2 .gallery-item {\n\t\t\t\t\tfloat: left;\n\t\t\t\t\tmargin-top: 10px;\n\t\t\t\t\ttext-align: center;\n\t\t\t\t\twidth: 14%;\n\t\t\t\t}\n\t\t\t\t#gallery-2 img {\n\t\t\t\t\tborder: 2px solid #cfcfcf;\n\t\t\t\t}\n\t\t\t\t#gallery-2 .gallery-caption {\n\t\t\t\t\tmargin-left: 0;\n\t\t\t\t}\n\t\t\t\t\/* see gallery_shortcode() in wp-includes\/media.php *\/\n\t\t\t<\/style>\n\t\t<div id='gallery-2' class='dt-gallery-container gallery galleryid-150182 gallery-columns-7 gallery-size-thumbnail'><dl class='gallery-item'>\n\t\t\t\t<dt class='gallery-icon portrait'>\n\t\t\t\t\t<a class=\"rollover rollover-zoom dt-pswp-item\" title=\"109844003_1637547976394686_5820688200339691666_n\" data-dt-img-description=\"\" data-large_image_width=\"1642\" data-large_image_height=\"2560\"href='https:\/\/www.radiopiu.net\/wordpress\/wp-content\/uploads\/2020\/07\/109844003_1637547976394686_5820688200339691666_n-scaled.jpg'><img loading=\"lazy\" decoding=\"async\" width=\"150\" height=\"150\" src=\"https:\/\/www.radiopiu.net\/wordpress\/wp-content\/uploads\/2020\/07\/109844003_1637547976394686_5820688200339691666_n-150x150.jpg\" class=\"attachment-thumbnail size-thumbnail\" alt=\"\" \/><\/a>\n\t\t\t\t<\/dt><\/dl><dl class='gallery-item'>\n\t\t\t\t<dt class='gallery-icon portrait'>\n\t\t\t\t\t<a class=\"rollover rollover-zoom dt-pswp-item\" title=\"109954986_274187617207895_3504450910678104745_n\" data-dt-img-description=\"\" data-large_image_width=\"1921\" data-large_image_height=\"2560\"href='https:\/\/www.radiopiu.net\/wordpress\/wp-content\/uploads\/2020\/07\/109954986_274187617207895_3504450910678104745_n-scaled.jpg'><img loading=\"lazy\" decoding=\"async\" width=\"150\" height=\"150\" src=\"https:\/\/www.radiopiu.net\/wordpress\/wp-content\/uploads\/2020\/07\/109954986_274187617207895_3504450910678104745_n-150x150.jpg\" class=\"attachment-thumbnail size-thumbnail\" alt=\"\" \/><\/a>\n\t\t\t\t<\/dt><\/dl><dl class='gallery-item'>\n\t\t\t\t<dt class='gallery-icon landscape'>\n\t\t\t\t\t<a class=\"rollover rollover-zoom dt-pswp-item\" title=\"109734136_725333454949840_7286747977046071026_n\" data-dt-img-description=\"\" data-large_image_width=\"2560\" data-large_image_height=\"1439\"href='https:\/\/www.radiopiu.net\/wordpress\/wp-content\/uploads\/2020\/07\/109734136_725333454949840_7286747977046071026_n-scaled.jpg'><img loading=\"lazy\" decoding=\"async\" width=\"150\" height=\"150\" src=\"https:\/\/www.radiopiu.net\/wordpress\/wp-content\/uploads\/2020\/07\/109734136_725333454949840_7286747977046071026_n-150x150.jpg\" class=\"attachment-thumbnail size-thumbnail\" alt=\"\" \/><\/a>\n\t\t\t\t<\/dt><\/dl><dl class='gallery-item'>\n\t\t\t\t<dt class='gallery-icon landscape'>\n\t\t\t\t\t<a class=\"rollover rollover-zoom dt-pswp-item\" title=\"113893866_312733286779066_8466860657990263099_n\" data-dt-img-description=\"\" data-large_image_width=\"2560\" data-large_image_height=\"2028\"href='https:\/\/www.radiopiu.net\/wordpress\/wp-content\/uploads\/2020\/07\/113893866_312733286779066_8466860657990263099_n-scaled.jpg'><img loading=\"lazy\" decoding=\"async\" width=\"150\" height=\"150\" src=\"https:\/\/www.radiopiu.net\/wordpress\/wp-content\/uploads\/2020\/07\/113893866_312733286779066_8466860657990263099_n-150x150.jpg\" class=\"attachment-thumbnail size-thumbnail\" alt=\"\" \/><\/a>\n\t\t\t\t<\/dt><\/dl><dl class='gallery-item'>\n\t\t\t\t<dt class='gallery-icon landscape'>\n\t\t\t\t\t<a class=\"rollover rollover-zoom dt-pswp-item\" title=\"110347995_2406383359659263_2106734430289549697_n\" data-dt-img-description=\"\" data-large_image_width=\"2236\" data-large_image_height=\"1391\"href='https:\/\/www.radiopiu.net\/wordpress\/wp-content\/uploads\/2020\/07\/110347995_2406383359659263_2106734430289549697_n.jpg'><img loading=\"lazy\" decoding=\"async\" width=\"150\" height=\"150\" src=\"https:\/\/www.radiopiu.net\/wordpress\/wp-content\/uploads\/2020\/07\/110347995_2406383359659263_2106734430289549697_n-150x150.jpg\" class=\"attachment-thumbnail size-thumbnail\" alt=\"\" \/><\/a>\n\t\t\t\t<\/dt><\/dl><dl class='gallery-item'>\n\t\t\t\t<dt class='gallery-icon landscape'>\n\t\t\t\t\t<a class=\"rollover rollover-zoom dt-pswp-item\" title=\"109559021_620260725281802_4738672224267506951_n\" data-dt-img-description=\"\" data-large_image_width=\"2560\" data-large_image_height=\"1741\"href='https:\/\/www.radiopiu.net\/wordpress\/wp-content\/uploads\/2020\/07\/109559021_620260725281802_4738672224267506951_n-scaled.jpg'><img loading=\"lazy\" decoding=\"async\" width=\"150\" height=\"150\" src=\"https:\/\/www.radiopiu.net\/wordpress\/wp-content\/uploads\/2020\/07\/109559021_620260725281802_4738672224267506951_n-150x150.jpg\" class=\"attachment-thumbnail size-thumbnail\" alt=\"\" \/><\/a>\n\t\t\t\t<\/dt><\/dl><dl class='gallery-item'>\n\t\t\t\t<dt class='gallery-icon landscape'>\n\t\t\t\t\t<a class=\"rollover rollover-zoom dt-pswp-item\" title=\"109946563_319820672531661_4391145418090341005_n\" data-dt-img-description=\"\" data-large_image_width=\"2560\" data-large_image_height=\"1741\"href='https:\/\/www.radiopiu.net\/wordpress\/wp-content\/uploads\/2020\/07\/109946563_319820672531661_4391145418090341005_n-scaled.jpg'><img loading=\"lazy\" decoding=\"async\" width=\"150\" height=\"150\" src=\"https:\/\/www.radiopiu.net\/wordpress\/wp-content\/uploads\/2020\/07\/109946563_319820672531661_4391145418090341005_n-150x150.jpg\" class=\"attachment-thumbnail size-thumbnail\" alt=\"\" \/><\/a>\n\t\t\t\t<\/dt><\/dl><br style=\"clear: both\" \/><dl class='gallery-item'>\n\t\t\t\t<dt class='gallery-icon landscape'>\n\t\t\t\t\t<a class=\"rollover rollover-zoom dt-pswp-item\" title=\"109808065_3040523329514511_9146004278968116842_n\" data-dt-img-description=\"\" data-large_image_width=\"2560\" data-large_image_height=\"1690\"href='https:\/\/www.radiopiu.net\/wordpress\/wp-content\/uploads\/2020\/07\/109808065_3040523329514511_9146004278968116842_n-scaled.jpg'><img loading=\"lazy\" decoding=\"async\" width=\"150\" height=\"150\" src=\"https:\/\/www.radiopiu.net\/wordpress\/wp-content\/uploads\/2020\/07\/109808065_3040523329514511_9146004278968116842_n-150x150.jpg\" class=\"attachment-thumbnail size-thumbnail\" alt=\"\" \/><\/a>\n\t\t\t\t<\/dt><\/dl><dl class='gallery-item'>\n\t\t\t\t<dt class='gallery-icon landscape'>\n\t\t\t\t\t<a class=\"rollover rollover-zoom dt-pswp-item\" title=\"111218015_208835337151049_7258937837787420782_n\" data-dt-img-description=\"\" data-large_image_width=\"2030\" data-large_image_height=\"2005\"href='https:\/\/www.radiopiu.net\/wordpress\/wp-content\/uploads\/2020\/07\/111218015_208835337151049_7258937837787420782_n.jpg'><img loading=\"lazy\" decoding=\"async\" width=\"150\" height=\"150\" src=\"https:\/\/www.radiopiu.net\/wordpress\/wp-content\/uploads\/2020\/07\/111218015_208835337151049_7258937837787420782_n-150x150.jpg\" class=\"attachment-thumbnail size-thumbnail\" alt=\"\" \/><\/a>\n\t\t\t\t<\/dt><\/dl><dl class='gallery-item'>\n\t\t\t\t<dt class='gallery-icon portrait'>\n\t\t\t\t\t<a class=\"rollover rollover-zoom dt-pswp-item\" title=\"113432764_306730927182486_5868471754654079446_n\" data-dt-img-description=\"\" data-large_image_width=\"1911\" data-large_image_height=\"2330\"href='https:\/\/www.radiopiu.net\/wordpress\/wp-content\/uploads\/2020\/07\/113432764_306730927182486_5868471754654079446_n.jpg'><img loading=\"lazy\" decoding=\"async\" width=\"150\" height=\"150\" src=\"https:\/\/www.radiopiu.net\/wordpress\/wp-content\/uploads\/2020\/07\/113432764_306730927182486_5868471754654079446_n-150x150.jpg\" class=\"attachment-thumbnail size-thumbnail\" alt=\"\" \/><\/a>\n\t\t\t\t<\/dt><\/dl><dl class='gallery-item'>\n\t\t\t\t<dt class='gallery-icon portrait'>\n\t\t\t\t\t<a class=\"rollover rollover-zoom dt-pswp-item\" title=\"111691015_637668860179409_5488585163037323487_n\" data-dt-img-description=\"\" data-large_image_width=\"1829\" data-large_image_height=\"2438\"href='https:\/\/www.radiopiu.net\/wordpress\/wp-content\/uploads\/2020\/07\/111691015_637668860179409_5488585163037323487_n.jpg'><img loading=\"lazy\" decoding=\"async\" width=\"150\" height=\"150\" src=\"https:\/\/www.radiopiu.net\/wordpress\/wp-content\/uploads\/2020\/07\/111691015_637668860179409_5488585163037323487_n-150x150.jpg\" class=\"attachment-thumbnail size-thumbnail\" alt=\"\" \/><\/a>\n\t\t\t\t<\/dt><\/dl><dl class='gallery-item'>\n\t\t\t\t<dt class='gallery-icon portrait'>\n\t\t\t\t\t<a class=\"rollover rollover-zoom dt-pswp-item\" title=\"109766832_677881402768040_9206779204588806340_n\" data-dt-img-description=\"\" data-large_image_width=\"1462\" data-large_image_height=\"2560\"href='https:\/\/www.radiopiu.net\/wordpress\/wp-content\/uploads\/2020\/07\/109766832_677881402768040_9206779204588806340_n-scaled.jpg'><img loading=\"lazy\" decoding=\"async\" width=\"150\" height=\"150\" src=\"https:\/\/www.radiopiu.net\/wordpress\/wp-content\/uploads\/2020\/07\/109766832_677881402768040_9206779204588806340_n-150x150.jpg\" class=\"attachment-thumbnail size-thumbnail\" alt=\"\" \/><\/a>\n\t\t\t\t<\/dt><\/dl><dl class='gallery-item'>\n\t\t\t\t<dt class='gallery-icon portrait'>\n\t\t\t\t\t<a class=\"rollover rollover-zoom dt-pswp-item\" title=\"111632048_3145840365481138_8359173405322587243_n\" data-dt-img-description=\"\" data-large_image_width=\"130\" data-large_image_height=\"133\"href='https:\/\/www.radiopiu.net\/wordpress\/wp-content\/uploads\/2020\/07\/111632048_3145840365481138_8359173405322587243_n.png'><img loading=\"lazy\" decoding=\"async\" width=\"130\" height=\"133\" src=\"https:\/\/www.radiopiu.net\/wordpress\/wp-content\/uploads\/2020\/07\/111632048_3145840365481138_8359173405322587243_n.png\" class=\"attachment-thumbnail size-thumbnail\" alt=\"\" \/><\/a>\n\t\t\t\t<\/dt><\/dl><dl class='gallery-item'>\n\t\t\t\t<dt class='gallery-icon portrait'>\n\t\t\t\t\t<a class=\"rollover rollover-zoom dt-pswp-item\" title=\"109840065_325618308461766_275070593680802639_n\" data-dt-img-description=\"\" data-large_image_width=\"2007\" data-large_image_height=\"2560\"href='https:\/\/www.radiopiu.net\/wordpress\/wp-content\/uploads\/2020\/07\/109840065_325618308461766_275070593680802639_n-scaled.jpg'><img loading=\"lazy\" decoding=\"async\" width=\"150\" height=\"150\" src=\"https:\/\/www.radiopiu.net\/wordpress\/wp-content\/uploads\/2020\/07\/109840065_325618308461766_275070593680802639_n-150x150.jpg\" class=\"attachment-thumbnail size-thumbnail\" alt=\"\" \/><\/a>\n\t\t\t\t<\/dt><\/dl><br style=\"clear: both\" \/>\n\t\t\t<\/div>\n\n<p>&nbsp;<\/p>\n<hr \/>\n<p>&nbsp;<\/p>\n<\/div>\n<h2>IERI ALLA RADIO<\/h2>\n<h2><span style=\"color: #0000ff;\">LA RASSEGNA STAMPA DALL&#8217;AMICO DEL POPOLO di Gianni Santomaso\u00a0<\/span><\/h2>\n<audio class=\"wp-audio-shortcode\" id=\"audio-150182-7\" preload=\"none\" style=\"width: 100%;\" controls=\"controls\"><source type=\"audio\/mpeg\" src=\"https:\/\/www.radiopiu.net\/wordpress\/wp-content\/uploads\/2020\/07\/RASSEGNA-GIANNI-2.mp3?_=7\" \/><a href=\"https:\/\/www.radiopiu.net\/wordpress\/wp-content\/uploads\/2020\/07\/RASSEGNA-GIANNI-2.mp3\">https:\/\/www.radiopiu.net\/wordpress\/wp-content\/uploads\/2020\/07\/RASSEGNA-GIANNI-2.mp3<\/a><\/audio>\n<p>&nbsp;<\/p>\n<hr \/>\n<p>&nbsp;<\/p>\n<p>&nbsp;<\/p>\n<p>&nbsp;<\/p>\n<h2><span style=\"color: #666699;\">IL MESSAGGIO DEI SACERDOTI A RADIO PIU&#8217;<\/span><\/h2>\n<blockquote class=\"wp-embedded-content\" data-secret=\"dzjJ8Qo5k2\"><p><a href=\"https:\/\/www.radiopiu.net\/wordpress\/chiesa11\/\">DON CESARE SU RADIO PIU&#8217; ALLE 7.30 E 19.30, PARROCCHIE DI AGORDO, LA VALLE E TAIBON<\/a><\/p><\/blockquote>\n<p><iframe loading=\"lazy\" class=\"wp-embedded-content\" sandbox=\"allow-scripts\" security=\"restricted\" style=\"position: absolute; clip: rect(1px, 1px, 1px, 1px);\" title=\"&#8220;DON CESARE SU RADIO PIU&#8217; ALLE 7.30 E 19.30, PARROCCHIE DI AGORDO, LA VALLE E TAIBON&#8221; &#8212; Radio Pi\u00f9\" src=\"https:\/\/www.radiopiu.net\/wordpress\/chiesa11\/embed\/#?secret=dzjJ8Qo5k2\" data-secret=\"dzjJ8Qo5k2\" width=\"600\" height=\"338\" frameborder=\"0\" marginwidth=\"0\" marginheight=\"0\" scrolling=\"no\"><\/iframe><\/p>\n<p>&nbsp;<\/p>\n<p>&nbsp;<\/p>\n<hr \/>\n<p>&nbsp;<\/p>\n<h2><span style=\"color: #339966;\">AGORDINOMERON&#8230;LA RACCOLTA<\/span><\/h2>\n<blockquote class=\"wp-embedded-content\" data-secret=\"iJXt7BqiPI\"><p><a href=\"https:\/\/www.radiopiu.net\/wordpress\/agordinomeron\/\">AGORDINOMERON, IL TERRITORIO SI RACCONTA Da un&#8217;idea di Gianni Santomaso<\/a><\/p><\/blockquote>\n<p><iframe loading=\"lazy\" class=\"wp-embedded-content\" sandbox=\"allow-scripts\" security=\"restricted\" style=\"position: absolute; clip: rect(1px, 1px, 1px, 1px);\" title=\"&#8220;AGORDINOMERON, IL TERRITORIO SI RACCONTA Da un&#8217;idea di Gianni Santomaso&#8221; &#8212; Radio Pi\u00f9\" src=\"https:\/\/www.radiopiu.net\/wordpress\/agordinomeron\/embed\/#?secret=iJXt7BqiPI\" data-secret=\"iJXt7BqiPI\" width=\"600\" height=\"338\" frameborder=\"0\" marginwidth=\"0\" marginheight=\"0\" scrolling=\"no\"><\/iframe><\/p>\n<p>&nbsp;<\/p>\n<hr \/>\n<p>&nbsp;<\/p>\n<p>&nbsp;<\/p>\n<h2><span style=\"color: #ff00ff;\">ZAINO DA VIAGGIO AL FEMMINILE DI PAOLA LANCIATO<\/span><\/h2>\n<p>&nbsp;<\/p>\n<blockquote class=\"wp-embedded-content\" data-secret=\"3eW1q2K91l\"><p><a href=\"https:\/\/www.radiopiu.net\/wordpress\/zaino-femminile-lanciato\/\">Zaino da viaggio al femminile<\/a><\/p><\/blockquote>\n<p><iframe loading=\"lazy\" class=\"wp-embedded-content\" sandbox=\"allow-scripts\" security=\"restricted\" style=\"position: absolute; clip: rect(1px, 1px, 1px, 1px);\" title=\"&#8220;Zaino da viaggio al femminile&#8221; &#8212; Radio Pi\u00f9\" src=\"https:\/\/www.radiopiu.net\/wordpress\/zaino-femminile-lanciato\/embed\/#?secret=3eW1q2K91l\" data-secret=\"3eW1q2K91l\" width=\"600\" height=\"338\" frameborder=\"0\" marginwidth=\"0\" marginheight=\"0\" scrolling=\"no\"><\/iframe><\/p>\n<p>&nbsp;<\/p>\n<hr \/>\n<p>&nbsp;<\/p>\n<p><strong class=\"photoswipe-wrapper\"><a class=\"dt-pswp-item pspw-wrap-ready\" href=\"https:\/\/i0.wp.com\/www.radiopiu.net\/wordpress\/wp-content\/uploads\/2018\/09\/viabilita.jpeg?ssl=1\" data-dt-img-description=\"\" data-large_image_width=\"800\" data-large_image_height=\"100\"><img loading=\"lazy\" decoding=\"async\" class=\"aligncenter wp-image-61954 size-full jetpack-lazy-image jetpack-lazy-image--handled\" src=\"https:\/\/i0.wp.com\/www.radiopiu.net\/wordpress\/wp-content\/uploads\/2018\/09\/viabilita.jpeg?resize=800%2C100&amp;ssl=1\" sizes=\"auto, (max-width: 800px) 100vw, 800px\" srcset=\"https:\/\/i0.wp.com\/www.radiopiu.net\/wordpress\/wp-content\/uploads\/2018\/09\/viabilita.jpeg?w=800&amp;ssl=1 800w, https:\/\/i0.wp.com\/www.radiopiu.net\/wordpress\/wp-content\/uploads\/2018\/09\/viabilita.jpeg?resize=300%2C38&amp;ssl=1 300w, https:\/\/i0.wp.com\/www.radiopiu.net\/wordpress\/wp-content\/uploads\/2018\/09\/viabilita.jpeg?resize=768%2C96&amp;ssl=1 768w\" alt=\"\" width=\"800\" height=\"100\" data-lazy-loaded=\"1\" \/><\/a><\/strong><\/p>\n<p>&nbsp;<\/p>\n<h4>GOSALDO\u00a0 fino al 24 luglio per lavori su rete idrica in localit\u00e0 Tiser lungo la provinciale 2 del Mis interdizione totale dalle 8 alle 12 e dalle 13 alle 17 dal chilometro 24.900 al chilometro 25.100 Nelle altre ore senso unico alternato.<\/h4>\n<p>SELVA DI CADORE \u00a0FINO AL 7 AGOSTO DALLE 7 ALLE 18 \u00a0E DAL 24 AGOSTO AL 15 SETTEMBRE SEMPRE DALLE 7 ALLE 18 (FESTIVI E PRE FESTIVI ESCLUSI) SENSO UNICO ALTERNATO CON MOVIERI O SEMAFORO IN LOCALIT\u00c0 SOLATOR. DAL CHILOMETRO 4.400 AL CHILOMETRO 5.100<\/p>\n<p>REGIONALE 48 DELLE DOLOMITI FINO AL 30 LUGLIO SENSO UNICO IN LOCALITA\u2019 LIVINE\u2019 DI LIVINALLONGO<\/p>\n<p>SP 251 FINO AL 31 LUGLIO TRA PESCUL E SELVA DI CADORE SENSO UNICO ALTERNATO REGOLATO DA SEMAFORO, ESCLUSI SABATO E DOMENICA PER POSA FIBRE OTTICHE<\/p>\n<p>PROVINCIALE 641 DI PASSO FEDAIA, FINO AL 31 LUGLIO (FESTIVI E PREFESTIVI ECLUSI) SENSO UNICO IN LOCALIT\u00c0 ROCCA PIETORE PER SOSTITUZIONI BARRIERE LATERALI<\/p>\n<p>FINO AL 24 LUGLIO SABATO E DOMENICA COMPRESI LUNGO LA 641 DI PASSO FEDAIA IN LOCALIT\u00e0 CAPANNA BILL E COL DI ROCCA, SENSO UNICO ALTERNATO CON SEMAFORO<\/p>\n<p>STRADA REGIONALE 203 AGORDINA TRA PERON E CANDATEN, FINO 31 LUGLIO ESCLUSI SABATI E DOMENICHE, DALLE 7:30 ALLE 9 E E DALLE 16:30 ALLE 18 SENSO UNICO ALTERNATO REGOLATO DA MOVIERI. NEGLI ALTRI ORARI SENSO UNICO ALTERNATO REGOLATO DA SEMAFORO PER INTERRAMENTO CAVIDOTTO E-DISTRIBUZIONE<\/p>\n<p>STRADA REGIONALE 48 DELLE DOLOMITI, A CORTINA IN LOCALITA\u2019 POCOL, SENSO UNICO ALTERNATO REGOLATO DA IMPIANTO SEMAFORICO \u00a0FINO AL 24 LUGLIO, ESCLUSI SABATI E DOMENICHE, PER POSA CAVIDOTTO E-DISTRIBUZIONE<\/p>\n<p>STRADA PROVINCIALE 30 PANORAMICA DEL COMELICO, FINO\u00a0 AL 31 LUGLIO INTERDIZIONE TOTALE ALLA VIABILITA\u2019 TRA COSTA E COSTALISSOIO PER MESSA IN SICUREZZA STRADA<\/p>\n<p>STRADA PROVINCIALE 619 DI VIGO DI CADORE, FINO\u00a0 AL 7 AGOSTO, ESCLUSI SABATI E DOMENICHE, SENSO UNICO ALTERNATO REGOLATO DA IMPIANTO SEMAFORICO O MOVIERI PER MESSA IN SICUREZZA DELLA STRADA<\/p>\n<p>STRADA PROVINCIALE 641 DEL PASSO FEDAIA, NEL COMUNE DI ROCCA PIETORE, FINO AL 22 LUGLIO, SABATI E DOMENICHE ESCLUSE, SENSO UNICO ALTERNATO REGOLATO DA IMPIANTO SEMAFORICO PER POSA CAVIDOTTO ELETTRICO<\/p>\n<p>&nbsp;<\/p>\n<hr \/>\n<p>&nbsp;<\/p>\n<h2><em><strong>COMUNICAZIONE ISTITUZIONALE \u2013 APP IMMUNI<\/strong><\/em><\/h2>\n<p><iframe loading=\"lazy\" title=\"Immuni App 30\" width=\"1200\" height=\"675\" src=\"https:\/\/www.youtube.com\/embed\/-XG48J62814?feature=oembed\" frameborder=\"0\" allow=\"accelerometer; autoplay; clipboard-write; encrypted-media; gyroscope; picture-in-picture\" allowfullscreen><\/iframe><\/p>\n<p>&nbsp;<\/p>\n<hr \/>\n<p>&nbsp;<\/p>\n<p class=\"photoswipe-wrapper\"><a class=\"dt-pswp-item pspw-wrap-ready\" href=\"https:\/\/i0.wp.com\/www.radiopiu.net\/wordpress\/wp-content\/uploads\/2018\/09\/WhatsApp-Image-2018-09-20-at-16.04.06.jpeg?ssl=1\" data-dt-img-description=\"\" data-large_image_width=\"800\" data-large_image_height=\"100\"><img loading=\"lazy\" decoding=\"async\" class=\"aligncenter wp-image-61378 size-full jetpack-lazy-image jetpack-lazy-image--handled\" src=\"https:\/\/i0.wp.com\/www.radiopiu.net\/wordpress\/wp-content\/uploads\/2018\/09\/WhatsApp-Image-2018-09-20-at-16.04.06.jpeg?resize=800%2C100&amp;ssl=1\" sizes=\"auto, (max-width: 800px) 100vw, 800px\" srcset=\"https:\/\/i0.wp.com\/www.radiopiu.net\/wordpress\/wp-content\/uploads\/2018\/09\/WhatsApp-Image-2018-09-20-at-16.04.06.jpeg?w=800&amp;ssl=1 800w, https:\/\/i0.wp.com\/www.radiopiu.net\/wordpress\/wp-content\/uploads\/2018\/09\/WhatsApp-Image-2018-09-20-at-16.04.06.jpeg?resize=300%2C38&amp;ssl=1 300w, https:\/\/i0.wp.com\/www.radiopiu.net\/wordpress\/wp-content\/uploads\/2018\/09\/WhatsApp-Image-2018-09-20-at-16.04.06.jpeg?resize=768%2C96&amp;ssl=1 768w\" alt=\"\" width=\"800\" height=\"100\" data-lazy-loaded=\"1\" \/><\/a><\/p>\n<p>&nbsp;<\/p>\n<p><center><b>Lunedi 20<\/b><\/center><b>Tempo atteso:\u00a0<\/b>Tempo ben soleggiato al mattino, anche se con il rischio di qualche banco di nubi basse nelle prime ore, eventualmente in dissolvimento, con clima caldo e tipicamente estivo. Nel pomeriggio ci saranno ancora addensamenti cumuliformi locali, cui non si esclude del tutto possano associarsi isolati fenomeni. Schiarite ampie alla sera.<br \/>\n<b>Precipitazioni:\u00a0<\/b>Assenti al mattino, probabilit\u00e0 molto bassa (10\/20%) nel pomeriggio di locali piovaschi\/rovesci o di isolati brevi temporali.<br \/>\n<b>Temperature:\u00a0<\/b>In aumento, con clima caldo e tipicamente estivo. Su Prealpi a 1500 m min 13\u00b0C max 17\u00b0C, a 2000 m min 10\u00b0C max 13\u00b0C. Su Dolomiti a 2000 m min 9\u00b0C max 14\u00b0C, a 3000 m min 3\u00b0C max 7\u00b0C.<br \/>\n<b>Venti:\u00a0<\/b>Nelle valli deboli o moderati per brezze; in quota deboli o moderati da ovest nord-ovest, a 5-15 km\/h a 2000 m e 10-25 km\/h a 3000 m.<\/p>\n<hr \/>\n<p><center><b>Martedi 21<\/b><\/center><b>Tempo atteso:\u00a0<\/b>Tempo simile a quello di luned\u00ec, soleggiato soprattutto al mattino con un modesto rischio di iniziali locali nubi basse. Annuvolamenti cumuliformi nelle ore pi\u00f9 calde con qualche fenomeno termoconvettivo non escluso del tutto. Clima caldo di stampo pienamente estivo.<br \/>\n<b>Precipitazioni:\u00a0<\/b>Assenti al mattino; poi probabilit\u00e0 bassa o molto bassa (20\/30%), di qualche isolato piovasco\/rovescio o isolato temporale al pomeriggio\/sera.<br \/>\n<b>Temperature:\u00a0<\/b>In ulteriore lieve aumento in entrambi i valori. Su Prealpi a 1500 m min 14\u00b0C max 17\u00b0C, a 2000 m min 11\u00b0C max 14\u00b0C. Su Dolomiti a 2000 m min 11\u00b0C max 15\u00b0C, a 3000 m min 4\u00b0C max 7\u00b0C.<br \/>\n<b>Venti:\u00a0<\/b>Nelle valli deboli o moderati per brezze; in quota deboli, solo a tratti moderati da ovest nord-ovest, a 5-10 km\/h a 2000 m e 10-20 km\/h a 3000 m.<\/p>\n<hr \/>\n<p><center><b>Mercoledi 22<\/b><\/center>Giornata maggiormente instabile delle precedenti, con schiarite mattutine seguite da sviluppo di nuvolisit\u00e0 cumuliforme spesso moderato, anche intenso al pomeriggio\/sera quando saranno maggiormente probabili rovesci e temporali. Nonostante la maggiore copertura nuvolosa il clima sar\u00e0 ancora caldo di stampo pienamente estivo, con possibili repentini cali termici in concomitanza con rovesci e temporali. Venti sempre deboli\/moderati da ovest nord-ovest, con possibili rinforzi temporaleschi.<\/p>\n<hr \/>\n<p><center><b>Giovedi 23<\/b><\/center>Tempo moderatamente instabile, con locali schiarite mattutine e nuvolosit\u00e0 cumuliforme diurna spesso intensa che dar\u00e0 luogo a rovesci e temporali a tratti diffusi soprattutto al pomeriggio\/sera. Clima diurno meno caldo dei giorni precedenti. Previsore: G.M.<\/p>\n<p>&nbsp;<\/p>\n<p><iframe loading=\"lazy\" title=\"Spot Buttalibene TV\" width=\"1200\" height=\"675\" src=\"https:\/\/www.youtube.com\/embed\/fjHWpfyAevE?feature=oembed\" frameborder=\"0\" allow=\"accelerometer; autoplay; clipboard-write; encrypted-media; gyroscope; picture-in-picture\" allowfullscreen><\/iframe><\/p>\n<p>&nbsp;<\/p>\n<p><a class=\"dt-pswp-item\" href=\"https:\/\/www.radiopiu.net\/wordpress\/wp-content\/uploads\/2018\/09\/sport.jpg\" data-dt-img-description=\"\" data-large_image_width=\"800\" data-large_image_height=\"100\"><img loading=\"lazy\" decoding=\"async\" class=\"wp-image-60761 size-full aligncenter\" src=\"https:\/\/www.radiopiu.net\/wordpress\/wp-content\/uploads\/2018\/09\/sport.jpg\" alt=\"\" width=\"800\" height=\"100\" srcset=\"https:\/\/www.radiopiu.net\/wordpress\/wp-content\/uploads\/2018\/09\/sport.jpg 800w, https:\/\/www.radiopiu.net\/wordpress\/wp-content\/uploads\/2018\/09\/sport-300x38.jpg 300w, https:\/\/www.radiopiu.net\/wordpress\/wp-content\/uploads\/2018\/09\/sport-768x96.jpg 768w\" sizes=\"auto, (max-width: 800px) 100vw, 800px\" \/><\/a><\/p>\n<p>&nbsp;<\/p>\n<blockquote>\n<h3>AL VIA IL \u201cCAMP\u201d DELL\u2019AGORDINA CALCIO<\/h3>\n<\/blockquote>\n<p><strong><a class=\"dt-pswp-item\" href=\"https:\/\/www.radiopiu.net\/wordpress\/wp-content\/uploads\/2020\/07\/agordina-manifesto.jpg\" data-dt-img-description=\"\" data-large_image_width=\"1448\" data-large_image_height=\"2048\"><img loading=\"lazy\" decoding=\"async\" class=\" wp-image-150180 alignleft\" src=\"https:\/\/www.radiopiu.net\/wordpress\/wp-content\/uploads\/2020\/07\/agordina-manifesto-212x300.jpg\" alt=\"\" width=\"141\" height=\"200\" srcset=\"https:\/\/www.radiopiu.net\/wordpress\/wp-content\/uploads\/2020\/07\/agordina-manifesto-212x300.jpg 212w, https:\/\/www.radiopiu.net\/wordpress\/wp-content\/uploads\/2020\/07\/agordina-manifesto-724x1024.jpg 724w, https:\/\/www.radiopiu.net\/wordpress\/wp-content\/uploads\/2020\/07\/agordina-manifesto-768x1086.jpg 768w, https:\/\/www.radiopiu.net\/wordpress\/wp-content\/uploads\/2020\/07\/agordina-manifesto-1086x1536.jpg 1086w, https:\/\/www.radiopiu.net\/wordpress\/wp-content\/uploads\/2020\/07\/agordina-manifesto.jpg 1448w\" sizes=\"auto, (max-width: 141px) 100vw, 141px\" \/><\/a>AGORDO<\/strong> Anche quest\u2019anno i giovani dell\u2019Agordina hanno la possibilit\u00e0 di fare delle sedute di allenamento presso il campo sintetico di Taibon. La squadra del presidente Cosmo Forcella ha organizzato assieme all\u2019allenatore Giorgio Tormen delle sedute mattutine per seguire un percorso specifico di perfezionamento della tecnica. \u201cCamp\u201d dedicato alle categorie Pulcini, Esordienti e Giovanissimi e suddiviso in 3 settimane. Si inizia oggi con la prima giornata. I ragazzi verranno suddivisi in gruppi da 8 e saranno 2 le sedute mattutine. Per le disposizioni di contenimento dell\u2019epidemia da Covid-19, dovranno presentarsi al campo di Taibon in divisa e dotati di borraccia personale. Lo spogliatoio e le docce non potranno essere utilizzati. Al \u201cCamp\u201d sono gi\u00e0 iscritti una sessantina di ragazzi e la partecipazione \u00e8 gratuita. Inizia dunque ufficialmente la stagione dei giovani agordini.<\/p>\n<p>&nbsp;<\/p>\n<p>&nbsp;<\/p>\n<p>&nbsp;<\/p>\n<p>&nbsp;<\/p>\n<hr \/>\n<p>&nbsp;<\/p>\n<blockquote>\n<h3>PRIMA GARA DELL&#8217;ANNO DA DIMENTICARE PER MARCO TORMEN<\/h3>\n<\/blockquote>\n<p><strong><a class=\"dt-pswp-item\" href=\"https:\/\/www.radiopiu.net\/wordpress\/wp-content\/uploads\/2019\/07\/MARCO-TORMEN-SARNO.jpeg\" data-dt-img-description=\"\" data-large_image_width=\"1296\" data-large_image_height=\"864\"><img loading=\"lazy\" decoding=\"async\" class=\"size-medium wp-image-91012 alignleft\" src=\"https:\/\/www.radiopiu.net\/wordpress\/wp-content\/uploads\/2019\/07\/MARCO-TORMEN-SARNO-300x200.jpeg\" alt=\"\" width=\"300\" height=\"200\" srcset=\"https:\/\/www.radiopiu.net\/wordpress\/wp-content\/uploads\/2019\/07\/MARCO-TORMEN-SARNO-300x200.jpeg 300w, https:\/\/www.radiopiu.net\/wordpress\/wp-content\/uploads\/2019\/07\/MARCO-TORMEN-SARNO-768x512.jpeg 768w, https:\/\/www.radiopiu.net\/wordpress\/wp-content\/uploads\/2019\/07\/MARCO-TORMEN-SARNO-1024x683.jpeg 1024w, https:\/\/www.radiopiu.net\/wordpress\/wp-content\/uploads\/2019\/07\/MARCO-TORMEN-SARNO.jpeg 1296w\" sizes=\"auto, (max-width: 300px) 100vw, 300px\" \/><\/a>LONATO DEL GARDA <\/strong>Prima gara della stagione da dimenticare per il pilota Agordino Marco Tormen. Alla settima edizione del Trofeo D&#8217;Estate a Lonato Del Garda, in provincia di Brescia, Tormen, dopo una splendida qualifica, \u00e8 partito al secondo posto. Il pilota di Voltago perde una posizione al via ma mantiene il terzo posto lottando con gli avversari. Al 16\u00b0 giro il pilota che lo precedeva ha provato il sorpasso e i kart si sono urtati finendo entrambi fuori pista. Ritiro dunque per Marco Tormen nella prima gara post Covid.<\/p>\n<p>&nbsp;<\/p>\n<p>&nbsp;<\/p>\n<p>&nbsp;<\/p>\n<p>&nbsp;<\/p>\n<p>&nbsp;<\/p>\n<hr \/>\n<p>&nbsp;<\/p>\n<blockquote>\n<h3 dir=\"auto\">*LA LAZIO IN RITIRO PRE CAMPIONATO AD AURONZO DAL 23 AGOSTO<\/h3>\n<h3 dir=\"auto\"><em style=\"font-size: 14px; font-weight: normal;\">Dopo l\u2019annuncio del rinnovo arriva finalmente la conferma che la stagione sportiva 2020\/21 prender\u00e0 il via ufficialmente dal ritiro di Auronzo di Cadore.\u00a0<\/em><\/h3>\n<p><em>La Societ\u00e0 del Presidente Claudio Lotito ha scelto ancora una volta il paesaggio delle Dolomiti e le strutture all\u2019avanguardia di Auronzo di Cadore, come location ideale per la preparazione in vista della partenza del campionato.\u00a0<\/em><\/p><\/blockquote>\n<div dir=\"auto\">La presenza della squadra di Inzaghi, a partire dal 23 agosto, \u00e8 la conferma di un connubio solido che da tredici anni ormai lega la societ\u00e0 biancoceleste e la splendida localit\u00e0 auronzana, grazie al lavoro portato avanti dal club con le autorit\u00e0 locali, in primis\u00a0 alla MEDIA SPORT EVENT GROUP DI GIANNI LACCHE e l\u2019Assessore allo Sport del Comune di Auronzo Enrico Zandegiacomo Seidelucio .<br \/>\n\u201cSiamo molto soddisfatti di questo rinnovato impegno della Lazio a venire a prepararsi nella nostra localit\u00e0, nel cuore delle Dolomiti Patrimonio Unesco &#8211; commenta con soddisfazione il sindaco Tatiana Pais Becher &#8211; un grande segnale di speranza anche per i nostri operatori turistici in un periodo in cui hanno sofferto.\u201d\u00a0 Il programma del ritiro sar\u00e0 reso noto al termine dell\u2019attuale stagione. Aggiunge il Sindaco Tatiana Pais Becher:<\/div>\n<div dir=\"ltr\">\u2018\u2019 C\u2019era il timore che con le regole imposte dal Covid il ritiro potesse saltare e invece verra solo posticipato. Ringrazio davvero il Presidente Lotito, la dirigenza della squadra e Media Sport Event per la fiducia e l\u2019attaccamento al nostro territorio. Auronzo e tutta la nostra gente far\u00e0 sentire il suo grande entusiasmo\u2019\u2019<\/div>\n","protected":false},"excerpt":{"rendered":"<p>PER RICEVERE QUESTO NOTIZIARIO DIRETTAMENTE SUL TUO CELLULARE ISCRIVITI AL CANALE TELEGRAM\u00a0\u201cRADIO PIU\u00a0 INFORMAZIONE ATTENZIONE: LA NUOVA APP PER IOS-IPHONE https:\/\/apps.apple.com\/it\/app\/radio-pi%C3%B9-emittente-agordina\/id1515939845 ATTENZIONE: LA NUOVA APP RADIO\u00a0 PER ANDROID https:\/\/play.google.com\/store\/apps\/details?id=net.radiopiu.iniko\u00a0\u00a0 &nbsp; IL VIDEO DEL GIORNO, SORVOLANDO SAN SIMON DI VALLADA https:\/\/www.facebook.com\/mirko.mezzacasa\/videos\/10223935519642701\/ &nbsp; &nbsp; PROVINCIALE 473 CROCE D&#8217;AUNE: OGGI \u00a0INTERDIZIONE TOTALE DALLE 9 ALLE 11 TRA PONTE&hellip;<\/p>\n","protected":false},"author":1,"featured_media":150193,"comment_status":"closed","ping_status":"closed","sticky":false,"template":"","format":"standard","meta":{"_monsterinsights_skip_tracking":false,"_monsterinsights_sitenote_active":false,"_monsterinsights_sitenote_note":"","_monsterinsights_sitenote_category":0,"footnotes":""},"categories":[1,86,49],"tags":[],"class_list":["post-150182","post","type-post","status-publish","format-standard","has-post-thumbnail","hentry","category-senza-categoria","category-gr","category-news-18","category-1","category-86","category-49","description-off"],"img_url":"https:\/\/www.radiopiu.net\/wordpress\/wp-content\/uploads\/2020\/07\/2e8e7375-d5e0-4b65-87f2-62ad9fbc4383.jpg","_links":{"self":[{"href":"https:\/\/www.radiopiu.net\/wordpress\/wp-json\/wp\/v2\/posts\/150182","targetHints":{"allow":["GET"]}}],"collection":[{"href":"https:\/\/www.radiopiu.net\/wordpress\/wp-json\/wp\/v2\/posts"}],"about":[{"href":"https:\/\/www.radiopiu.net\/wordpress\/wp-json\/wp\/v2\/types\/post"}],"author":[{"embeddable":true,"href":"https:\/\/www.radiopiu.net\/wordpress\/wp-json\/wp\/v2\/users\/1"}],"replies":[{"embeddable":true,"href":"https:\/\/www.radiopiu.net\/wordpress\/wp-json\/wp\/v2\/comments?post=150182"}],"version-history":[{"count":0,"href":"https:\/\/www.radiopiu.net\/wordpress\/wp-json\/wp\/v2\/posts\/150182\/revisions"}],"wp:featuredmedia":[{"embeddable":true,"href":"https:\/\/www.radiopiu.net\/wordpress\/wp-json\/wp\/v2\/media\/150193"}],"wp:attachment":[{"href":"https:\/\/www.radiopiu.net\/wordpress\/wp-json\/wp\/v2\/media?parent=150182"}],"wp:term":[{"taxonomy":"category","embeddable":true,"href":"https:\/\/www.radiopiu.net\/wordpress\/wp-json\/wp\/v2\/categories?post=150182"},{"taxonomy":"post_tag","embeddable":true,"href":"https:\/\/www.radiopiu.net\/wordpress\/wp-json\/wp\/v2\/tags?post=150182"}],"curies":[{"name":"wp","href":"https:\/\/api.w.org\/{rel}","templated":true}]}}