{"id":150504,"date":"2020-07-21T11:10:09","date_gmt":"2020-07-21T09:10:09","guid":{"rendered":"https:\/\/www.radiopiu.net\/wordpress\/?p=150504"},"modified":"2020-07-21T11:10:09","modified_gmt":"2020-07-21T09:10:09","slug":"rete-comuniciclabili-di-fiab-feltre-promossa-con-una-nuova-bike-smile","status":"publish","type":"post","link":"https:\/\/www.radiopiu.net\/wordpress\/rete-comuniciclabili-di-fiab-feltre-promossa-con-una-nuova-bike-smile\/","title":{"rendered":"RETE \u201cCOMUNICICLABILI\u201d DI FIAB : FELTRE PROMOSSA CON UNA NUOVA \u201cBIKE SMILE\u201d"},"content":{"rendered":"<p><strong><a class=\"dt-pswp-item\" href=\"https:\/\/www.radiopiu.net\/wordpress\/wp-content\/uploads\/2020\/07\/FIAB-PROMOZIONE_FELTRE.jpg\" data-dt-img-description=\"\" data-large_image_width=\"2480\" data-large_image_height=\"1754\"><img loading=\"lazy\" decoding=\"async\" class=\"size-medium wp-image-150505 alignleft\" src=\"https:\/\/www.radiopiu.net\/wordpress\/wp-content\/uploads\/2020\/07\/FIAB-PROMOZIONE_FELTRE-300x212.jpg\" alt=\"\" width=\"300\" height=\"212\" srcset=\"https:\/\/www.radiopiu.net\/wordpress\/wp-content\/uploads\/2020\/07\/FIAB-PROMOZIONE_FELTRE-300x212.jpg 300w, https:\/\/www.radiopiu.net\/wordpress\/wp-content\/uploads\/2020\/07\/FIAB-PROMOZIONE_FELTRE-1024x724.jpg 1024w, https:\/\/www.radiopiu.net\/wordpress\/wp-content\/uploads\/2020\/07\/FIAB-PROMOZIONE_FELTRE-768x543.jpg 768w, https:\/\/www.radiopiu.net\/wordpress\/wp-content\/uploads\/2020\/07\/FIAB-PROMOZIONE_FELTRE-1536x1086.jpg 1536w, https:\/\/www.radiopiu.net\/wordpress\/wp-content\/uploads\/2020\/07\/FIAB-PROMOZIONE_FELTRE-2048x1448.jpg 2048w\" sizes=\"auto, (max-width: 300px) 100vw, 300px\" \/><\/a>FELTRE\u00a0<\/strong>Feltre sempre pi\u00f9 comune&#8230; a due ruote.<span class=\"Apple-converted-space\">\u00a0\u00a0<\/span>Nel corso della terza edizione di ComuniCiclabili, il progetto nazionale promosso dal FIAB, la Federazione Italiana Ambiente e Bicicletta, conclusasi in questi giorni, la citt\u00e0 murata, gi\u00e0 partner dell&#8217;iniziativa, ha infatti ottenuto un lusinghiero riconoscimento, ovvero l&#8217;assegnazione della quarta \u201cbike smile\u201d, arrivando cos\u00ec ad un solo gradino dal massimo dei voti.<span class=\"Apple-converted-space\">\u00a0<\/span>Questa la motivazione di FIAB:<span class=\"Apple-converted-space\">\u00a0<\/span>\u201c<em>Entrato nella precedente edizione, si promuove Comune Ciclabile da 3 a 4 bs. Nonostante la perdita di una rotellina in pagella nell&#8217;ambito del CICLOTURISMO, il lavoro fatto nella COMUNICAZIONE e l&#8217;approvazione del BICICPLAN all&#8217;interno del PGTU vi porta al salto di categoria. Un plauso in particolare all&#8217;associazione locale che ha organizzato pi\u00f9 di 30 uscite, la maggior parte delle quali adatte a tutti. Continua l&#8217;ampliamento della ZONA 30, presenza diffusa di ciclopedonali che, per\u00f2, vanno collegate e messe in rete. Occorre separare e proteggere dal traffico motorizzato il tratto di propria competenza della ciclovia nazionale Claudia-Augusta<\/em>.\u201d\u00a0\u201c<em>Di lavoro da fare ce n&#8217;\u00e8 certamente ancora molto, ma il riconoscimento ottenuto da parte di FIAB, l&#8217;organizzazione pi\u00f9 rappresentativa ed autorevole a livello nazionale nell&#8217;ambito delle politiche di promozione della mobilit\u00e0 in bicicletta, ci conferma che siamo sulla strada giusta<\/em>\u201d, commenta l&#8217;assessore alla mobilit\u00e0 del Comune di Feltre Valter Bonan. \u201c<em>I progetti in cantiere sono molti, continua Bonan, e rappresentano uno dei punti qualificanti del nostro programma amministrativo in tema di mobilit\u00e0 cittadina. Prima Vaia e poi l&#8217;emergenza sanitaria hanno creato non pochi rallentamenti e difficolt\u00e0 anche in questo ambito, ma proseguiamo con fiducia un cammino che \u00e8 al tempo stesso culturale e infrastrutturale, convinti come siamo che sviluppare una mobilit\u00e0 sostenibile rappresenti una scelta doverosa e ineludibile per il bene dei cittadini e del territorio in cui vivono, sotto molteplici punti di vista<\/em>\u201d.\u00a0La rete ComuniCiclabili, il progetto ideato nel 2017 da FIAB-Federazione Italiana Ambiente e Bicicletta per verificare e valutare il grado di ciclabilit\u00e0 dei territori, conta ad oggi ben 136 citt\u00e0 italiane aderenti, su cui sventola la bandiera gialla di ComuneCiclabile: una realt\u00e0 che, nell\u2019insieme, rappresenta 9,3 milioni di persone, ovvero pi\u00f9 del 15% della popolazione italiana.<span class=\"Apple-converted-space\">\u00a0<\/span>Sei i comuni promossi quest&#8217;anno (da 3 a 4 e da 2 a 3 bike smile), tra cui, appunto, Feltre.<\/p>\n","protected":false},"excerpt":{"rendered":"<p>FELTRE\u00a0Feltre sempre pi\u00f9 comune&#8230; a due ruote.\u00a0\u00a0Nel corso della terza edizione di ComuniCiclabili, il progetto nazionale promosso dal FIAB, la Federazione Italiana Ambiente e Bicicletta, conclusasi in questi giorni, la citt\u00e0 murata, gi\u00e0 partner dell&#8217;iniziativa, ha infatti ottenuto un lusinghiero riconoscimento, ovvero l&#8217;assegnazione della quarta \u201cbike smile\u201d, arrivando cos\u00ec ad un solo gradino dal massimo&hellip;<\/p>\n","protected":false},"author":4,"featured_media":150505,"comment_status":"closed","ping_status":"closed","sticky":false,"template":"","format":"standard","meta":{"_monsterinsights_skip_tracking":false,"_monsterinsights_sitenote_active":false,"_monsterinsights_sitenote_note":"","_monsterinsights_sitenote_category":0,"footnotes":""},"categories":[49],"tags":[],"class_list":["post-150504","post","type-post","status-publish","format-standard","has-post-thumbnail","hentry","category-news-18","category-49","description-off"],"img_url":"https:\/\/www.radiopiu.net\/wordpress\/wp-content\/uploads\/2020\/07\/FIAB-PROMOZIONE_FELTRE.jpg","_links":{"self":[{"href":"https:\/\/www.radiopiu.net\/wordpress\/wp-json\/wp\/v2\/posts\/150504","targetHints":{"allow":["GET"]}}],"collection":[{"href":"https:\/\/www.radiopiu.net\/wordpress\/wp-json\/wp\/v2\/posts"}],"about":[{"href":"https:\/\/www.radiopiu.net\/wordpress\/wp-json\/wp\/v2\/types\/post"}],"author":[{"embeddable":true,"href":"https:\/\/www.radiopiu.net\/wordpress\/wp-json\/wp\/v2\/users\/4"}],"replies":[{"embeddable":true,"href":"https:\/\/www.radiopiu.net\/wordpress\/wp-json\/wp\/v2\/comments?post=150504"}],"version-history":[{"count":0,"href":"https:\/\/www.radiopiu.net\/wordpress\/wp-json\/wp\/v2\/posts\/150504\/revisions"}],"wp:featuredmedia":[{"embeddable":true,"href":"https:\/\/www.radiopiu.net\/wordpress\/wp-json\/wp\/v2\/media\/150505"}],"wp:attachment":[{"href":"https:\/\/www.radiopiu.net\/wordpress\/wp-json\/wp\/v2\/media?parent=150504"}],"wp:term":[{"taxonomy":"category","embeddable":true,"href":"https:\/\/www.radiopiu.net\/wordpress\/wp-json\/wp\/v2\/categories?post=150504"},{"taxonomy":"post_tag","embeddable":true,"href":"https:\/\/www.radiopiu.net\/wordpress\/wp-json\/wp\/v2\/tags?post=150504"}],"curies":[{"name":"wp","href":"https:\/\/api.w.org\/{rel}","templated":true}]}}