{"id":150615,"date":"2020-07-21T18:10:58","date_gmt":"2020-07-21T16:10:58","guid":{"rendered":"https:\/\/www.radiopiu.net\/wordpress\/?p=150615"},"modified":"2020-07-21T18:10:58","modified_gmt":"2020-07-21T16:10:58","slug":"meteo-in-veneto-stato-di-attenzione-per-temporali-in-montagna","status":"publish","type":"post","link":"https:\/\/www.radiopiu.net\/wordpress\/meteo-in-veneto-stato-di-attenzione-per-temporali-in-montagna\/","title":{"rendered":"METEO: IN VENETO STATO DI ATTENZIONE PER TEMPORALI IN MONTAGNA"},"content":{"rendered":"<p>&nbsp;<\/p>\n<p><strong><img loading=\"lazy\" decoding=\"async\" class=\"alignleft\" src=\"https:\/\/www.radiopiu.net\/wordpress\/wp-content\/uploads\/2018\/08\/instabilita.jpg\" width=\"215\" height=\"129\" \/>VENEZIA\u00a0<\/strong> Il Centro funzionale Decentrato della Protezione Civile della Regione Veneto ha dichiarato lo Stato di Attenzione per possibile criticit\u00e0 idrogeologica nell\u2019area montana del bacino Alto Piave. Nel pomeriggio-sera sono infatti probabili rovesci e temporali sulle zone montane, da locali su Prealpi a sparsi sulle Dolomiti. Mercoled\u00ec aumento dell&#8217;instabilit\u00e0 con rovesci e temporali sparsi dal pomeriggio, ad iniziare dalle Dolomiti dove non \u00e8 escluso anche qualche fenomeno intenso.\u00a0 Visti i fenomeni meteorologici previsti la criticit\u00e0 idrogeologica attesa \u00e8 riferita allo scenario per temporali forti.<\/p>\n","protected":false},"excerpt":{"rendered":"<p>&nbsp; VENEZIA\u00a0 Il Centro funzionale Decentrato della Protezione Civile della Regione Veneto ha dichiarato lo Stato di Attenzione per possibile criticit\u00e0 idrogeologica nell\u2019area montana del bacino Alto Piave. Nel pomeriggio-sera sono infatti probabili rovesci e temporali sulle zone montane, da locali su Prealpi a sparsi sulle Dolomiti. Mercoled\u00ec aumento dell&#8217;instabilit\u00e0 con rovesci e temporali sparsi&hellip;<\/p>\n","protected":false},"author":1,"featured_media":57488,"comment_status":"closed","ping_status":"closed","sticky":false,"template":"","format":"standard","meta":{"_monsterinsights_skip_tracking":false,"_monsterinsights_sitenote_active":false,"_monsterinsights_sitenote_note":"","_monsterinsights_sitenote_category":0,"footnotes":""},"categories":[49],"tags":[],"class_list":["post-150615","post","type-post","status-publish","format-standard","has-post-thumbnail","hentry","category-news-18","category-49","description-off"],"img_url":"https:\/\/www.radiopiu.net\/wordpress\/wp-content\/uploads\/2018\/08\/instabilita.jpg","_links":{"self":[{"href":"https:\/\/www.radiopiu.net\/wordpress\/wp-json\/wp\/v2\/posts\/150615","targetHints":{"allow":["GET"]}}],"collection":[{"href":"https:\/\/www.radiopiu.net\/wordpress\/wp-json\/wp\/v2\/posts"}],"about":[{"href":"https:\/\/www.radiopiu.net\/wordpress\/wp-json\/wp\/v2\/types\/post"}],"author":[{"embeddable":true,"href":"https:\/\/www.radiopiu.net\/wordpress\/wp-json\/wp\/v2\/users\/1"}],"replies":[{"embeddable":true,"href":"https:\/\/www.radiopiu.net\/wordpress\/wp-json\/wp\/v2\/comments?post=150615"}],"version-history":[{"count":0,"href":"https:\/\/www.radiopiu.net\/wordpress\/wp-json\/wp\/v2\/posts\/150615\/revisions"}],"wp:featuredmedia":[{"embeddable":true,"href":"https:\/\/www.radiopiu.net\/wordpress\/wp-json\/wp\/v2\/media\/57488"}],"wp:attachment":[{"href":"https:\/\/www.radiopiu.net\/wordpress\/wp-json\/wp\/v2\/media?parent=150615"}],"wp:term":[{"taxonomy":"category","embeddable":true,"href":"https:\/\/www.radiopiu.net\/wordpress\/wp-json\/wp\/v2\/categories?post=150615"},{"taxonomy":"post_tag","embeddable":true,"href":"https:\/\/www.radiopiu.net\/wordpress\/wp-json\/wp\/v2\/tags?post=150615"}],"curies":[{"name":"wp","href":"https:\/\/api.w.org\/{rel}","templated":true}]}}