{"id":150684,"date":"2020-07-23T05:38:37","date_gmt":"2020-07-23T03:38:37","guid":{"rendered":"https:\/\/www.radiopiu.net\/wordpress\/?p=150684"},"modified":"2020-07-23T08:53:00","modified_gmt":"2020-07-23T06:53:00","slug":"giornale-radiopiu-23-luglio-2020-direttore-mirko-mezzacasa","status":"publish","type":"post","link":"https:\/\/www.radiopiu.net\/wordpress\/giornale-radiopiu-23-luglio-2020-direttore-mirko-mezzacasa\/","title":{"rendered":"GIORNALE RADIOPIU 23 LUGLIO 2020 DIRETTORE MIRKO MEZZACASA"},"content":{"rendered":"<h3><strong>PER RICEVERE QUESTO NOTIZIARIO DIRETTAMENTE SUL TUO CELLULARE ISCRIVITI AL CANALE TELEGRAM <\/strong><strong>\u201cRADIO PIU\u00a0 INFORMAZIONE<\/strong><\/h3>\n<p><em>ATTENZIONE: LA NUOVA APP PER IOS-IPHONE<\/em><\/p>\n<div>\n<div><a href=\"https:\/\/apps.apple.com\/it\/app\/radio-pi%C3%B9-emittente-agordina\/id1515939845\">https:\/\/apps.apple.com\/it\/app\/radio-pi%C3%B9-emittente-agordina\/id1515939845<\/a><\/div>\n<\/div>\n<div><\/div>\n<div>\n<div dir=\"auto\"><em>ATTENZIONE: LA NUOVA APP RADIO\u00a0 PER ANDROID<\/em><\/div>\n<\/div>\n<p><a href=\"https:\/\/play.google.com\/store\/apps\/details?id=net.radiopiu.iniko\" target=\"_blank\" rel=\"noopener noreferrer\">https:\/\/play.google.com\/store\/apps\/details?id=net.radiopiu.iniko\u00a0\u00a0<\/a><\/p>\n<blockquote>\n<h2>ULTIM&#8217;ORA, 06 25&#8242;<br \/>\nPRUDENZA LA MUDA INCIDENTE, CERVO INVESTITO, IL SECONDO IN 48 ORE LUNGO LA REGIONALE 203 AGORDINA<\/h2>\n<h3>DILLO A RADIO PIU, DA SOCCOL DI TAIBON AGORDINO<\/h3>\n<\/blockquote>\n<p><strong>TAIBON <\/strong>&#8220;Questa notte alle ore verso L&#8217;una \u00e8 mancata la corrente elettrica\u00a0 nella zona di Soccol causa un albero caduto sui cavi che sono stati tranciati, dopo circa tre ore \u00e8 stato riparato il guasto. Ma perch\u00e9 non tagliano gli alberi vicino alla linea? Abbiamo sollecitato pi\u00f9 volte, senza nessun esito&#8221;.<\/p>\n<hr \/>\n<p>&nbsp;<\/p>\n<p><strong><a class=\"dt-pswp-item\" href=\"https:\/\/www.radiopiu.net\/wordpress\/wp-content\/uploads\/2020\/07\/download-21.jpg\" data-dt-img-description=\"\" data-large_image_width=\"259\" data-large_image_height=\"194\"><img loading=\"lazy\" decoding=\"async\" class=\" wp-image-150552 alignleft\" src=\"https:\/\/www.radiopiu.net\/wordpress\/wp-content\/uploads\/2020\/07\/download-21.jpg\" alt=\"\" width=\"179\" height=\"134\" \/><\/a>AGORDO<\/strong> Vietato il parcheggio\u00a0 sulla comunale di Brugnach\u00a0 in prossimit\u00e0 del Ponte Bisoliga (foto) fino al 25 luglio divieto di accesso e di sosta con rimozione forzata dei veicoli nell&#8217;area del cantiere.<\/p>\n<p class=\"photoswipe-wrapper\"><strong>GOSALDO\u00a0<\/strong>Fino a domani\u00a0 in localit\u00e0 Tiser lungo la provinciale 2 del Mis interdizione totale dalle 8 alle 12 e dalle 13 alle 17 dal chilometro 24.900 al chilometro 25.100 Nelle altre ore senso unico alternato.<\/p>\n<p><strong>TAIBON<\/strong> chiusura della strada comunale della Valle di San lucano tra Scalette e Mezzavalle (area pic nic) dalle 8 alle 12.15 e dalle 13.15 alle 17.30 dei giorni lunedi 27, martedi 28 e mercoledi 29\u00a0 luglio. Sono previste finestre di apertura al traffico di 15 minuti ogni 75 minuti<\/p>\n<hr \/>\n<p><span style=\"color: #0000ff;\"><strong>Gestione Servizi Pubblici informa che, per lavori alla rete idrica comunale, OGGI dalle 5.00 a FINE LAVORI, verr\u00e0 sospesa l\u2019erogazione dell\u2019acqua a LIVINALLONGO, nelle VIE BO\u00c8, COLESEL, PALUACIA e MESD\u00ec. Il personale addetto operer\u00e0 per limitare il pi\u00f9 possibile i disagi alla popolazione<\/strong><\/span><\/p>\n<hr \/>\n<p>&nbsp;<\/p>\n<blockquote>\n<h3>CENCENIGHE: ACQUA INQUINATA ANCHE NELLO STABILIMENTO LUXOTTICA<\/h3>\n<\/blockquote>\n<p><img loading=\"lazy\" decoding=\"async\" class=\"alignleft\" src=\"https:\/\/www.radiopiu.net\/wordpress\/wp-content\/uploads\/2018\/08\/ACQUA.jpeg\" width=\"184\" height=\"110\" \/><strong>CENCENIGHE<\/strong> Gestione Servizi Pubblici informa che a CENCENIGHE AGORDINO nelle LOCALITA&#8217; PRA&#8217; DI MEZZO, VARE BASSE, FAE&#8217; e LUXOTTICA, l&#8217;acqua erogata dall&#8217;acquedotto non \u00e8 potabile e pu\u00f2 essere usata per scopi alimentari SOLO PREVIA bollitura. GSP ha, comunque, gi\u00e0 adottato le necessarie misure per la disinfezione dell&#8217;acqua presente nei serbatoi e nella rete idrica con l&#8217;aggiunta di cloro. Ulteriori informazioni saranno fornite nei prossimi giorni. Per maggiori informazioni \u00e8 possibile contattare il Servizio Clienti al numero 800 306 999 o +39 0445 230521 (da estero) .<\/p>\n<p>&nbsp;<\/p>\n<hr \/>\n<p>&nbsp;<\/p>\n<blockquote>\n<h3 class=\"entry-title\">OGGI L\u2019ULTIMO SALUTO A GIORGIO, \u2013 NESSUNO MUORE SULLA TERRA FINCH\u00c9 VIVE NEL CUORE DI CHI RESTA<\/h3>\n<p>Vorrei solo che pi\u00f9 persone fossero come te. Il mio rimpianto \u00e8 non avertelo detto mai, ma si sa che si da sempre per scontato ci\u00f2 che \u00e8 bello. Resta inesorabilmente un vuoto immenso, ma \u00e8 indelebile il ricordo del tuo sorriso, del tuo <img loading=\"lazy\" decoding=\"async\" class=\"wp-image-150707 alignleft jetpack-lazy-image jetpack-lazy-image--handled\" src=\"https:\/\/i1.wp.com\/www.radiopiu.net\/wordpress\/wp-content\/uploads\/2020\/07\/2624202_339.jpg?resize=139%2C157&amp;ssl=1\" sizes=\"auto, (max-width: 139px) 100vw, 139px\" srcset=\"https:\/\/i1.wp.com\/www.radiopiu.net\/wordpress\/wp-content\/uploads\/2020\/07\/2624202_339.jpg?resize=265%2C300&amp;ssl=1 265w, https:\/\/i1.wp.com\/www.radiopiu.net\/wordpress\/wp-content\/uploads\/2020\/07\/2624202_339.jpg?resize=905%2C1024&amp;ssl=1 905w, https:\/\/i1.wp.com\/www.radiopiu.net\/wordpress\/wp-content\/uploads\/2020\/07\/2624202_339.jpg?resize=768%2C869&amp;ssl=1 768w, https:\/\/i1.wp.com\/www.radiopiu.net\/wordpress\/wp-content\/uploads\/2020\/07\/2624202_339.jpg?w=1113&amp;ssl=1 1113w\" alt=\"\" width=\"139\" height=\"157\" data-recalc-dims=\"1\" data-lazy-loaded=\"1\" \/>sguardo buono e generoso. Alzer\u00f2 il volume cosi che tu possa continuare a sentire. Cercheremo tutti di sorridere ed esser buoni \u00a0perch\u00e9 il tuo esempio non sia stato invano. Grazie Tocio <strong>Gianluca Bissoli<\/strong><\/p><\/blockquote>\n<p><strong>LIMANA Giorgio Favero, Valpiana, 19 Luglio 2020<\/strong><\/p>\n<div class=\"ts-main-advertisement main-advertisement\">\n<p class=\"main-advertisement-message\">Improvvisamente il nostro Angelo ci ha lasciati con un caro ricordo nel cuore <span class=\"epigraph\">Giorgio Favero<\/span><span class=\"epigraph\">\u201cTocio\u201d <\/span><span class=\"epigraph\">di anni 27, ne <\/span>danno il triste annuncio la mamma Palmira, il pap\u00e0 Paolo, la sorella Giulia con Matteo, il compare Oscar, gli amici e parenti tutti. I funerali saranno celebrati nel Campo Sportivo di Valmorel, \u00a0oggi\u00a0 alle 15,30. Dopo le esequie il caro Giorgio proseguir\u00e0 per la cremazione.Non fiori\u00a0 eventuali offerte consegnate alla Famiglia saranno devolute in opere di bene. Si ringraziano sin d\u2019ora tutti coloro che ci sono vicini in questo momento di grande dolore.<\/p>\n<p>&nbsp;<\/p>\n<hr \/>\n<p>&nbsp;<\/p>\n<blockquote>\n<h3>MALORE IN MOIAZZA, DI NUOVO SULLA JOLANDA<\/h3>\n<\/blockquote>\n<p><strong><a class=\"dt-pswp-item\" href=\"https:\/\/www.radiopiu.net\/wordpress\/wp-content\/uploads\/2020\/07\/011ac6a7-faf3-4e44-8366-1299316cf277.jpg\" data-dt-img-description=\"\" data-large_image_width=\"297\" data-large_image_height=\"256\"><img loading=\"lazy\" decoding=\"async\" class=\"size-full wp-image-150736 alignleft\" src=\"https:\/\/www.radiopiu.net\/wordpress\/wp-content\/uploads\/2020\/07\/011ac6a7-faf3-4e44-8366-1299316cf277.jpg\" alt=\"\" width=\"297\" height=\"256\" \/><\/a>AGORDO<\/strong>\u00a0 Alle 13.30 l&#8217;elicottero del Suem di Pieve di Cadore \u00e8 volato in Moiazza, sull&#8217;ultimo tiro della Via del topo che porta in cima alla Torre Jolanda, per un alpinista colto da malore. L&#8217;uomo, S.S., 66 anni, di Ferrara, \u00e8 stato recuperato assieme al compagno dal tecnico di elisoccorso, imbarcati con un verricello di 30 metri. Il rocciatore \u00e8 stato poi accompagnato all&#8217;ospedale di Agordo per le verifiche del caso.<\/p>\n<p><strong>CORTINA<\/strong> Alla stessa ora circa \u00e8 intervenuta anche l&#8217;eliambulanza dell&#8217;Aiut Alpin Dolomites di Bolzano, atterrata al Rifugio Biella, Cortina d&#8217;Ampezzo, per una turista tedesca di 50 anni che si era sentita poco bene.<\/p>\n<p><a class=\"dt-pswp-item\" href=\"https:\/\/www.radiopiu.net\/wordpress\/wp-content\/uploads\/2020\/07\/salt_20200722_203551_455_resized.jpg\" data-dt-img-description=\"\" data-large_image_width=\"886\" data-large_image_height=\"1182\"><img loading=\"lazy\" decoding=\"async\" class=\"size-medium wp-image-150856 alignright\" src=\"https:\/\/www.radiopiu.net\/wordpress\/wp-content\/uploads\/2020\/07\/salt_20200722_203551_455_resized-225x300.jpg\" alt=\"\" width=\"225\" height=\"300\" srcset=\"https:\/\/www.radiopiu.net\/wordpress\/wp-content\/uploads\/2020\/07\/salt_20200722_203551_455_resized-225x300.jpg 225w, https:\/\/www.radiopiu.net\/wordpress\/wp-content\/uploads\/2020\/07\/salt_20200722_203551_455_resized-768x1025.jpg 768w, https:\/\/www.radiopiu.net\/wordpress\/wp-content\/uploads\/2020\/07\/salt_20200722_203551_455_resized.jpg 886w\" sizes=\"auto, (max-width: 225px) 100vw, 225px\" \/><\/a><strong>VODO DI CADORE\u00a0 <\/strong>Erano le 18.30 di ieri sera quando il 118 \u00e8 stato allertato per\u00a0 un escursionista che, scendendo dal Monte Rite verso il Rifugio Talamini, nel comune di Vodo di Cadore, aveva perso il sentiero a causa di alcuni schianti e non riusciva pi\u00f9 ad orientarsi nella zona della Forcella della Val Inferna. In suo aiuto \u00e8 stata inviata una squadra del Soccorso alpino di San Vito di Cadore, che ha individuato G.M., 74 anni, di Saccolongo (PD), e lo ha raggiunto e riaccompagnato all&#8217;auto.<\/p>\n<p><strong>BORCA DI CADORE<\/strong> Mezz&#8217;ora dopo secondo allarme per\u00a0 una trentacinquenne di Mirano (VE),\u00a0 che scivolata sul fango si \u00e8 procurata la frattura di una gamba. Medicata dal personale sanitario, la donna, che si trovava con un&#8217;altra persona, \u00e8 poi stata caricata a bordo con il verricello e trasportata all&#8217;ospedale di Belluno.<\/p>\n<p>&nbsp;<\/p>\n<p>&nbsp;<\/p>\n<p>&nbsp;<\/p>\n<p>&nbsp;<\/p>\n<p>&nbsp;<\/p>\n<hr \/>\n<p>&nbsp;<\/p>\n<blockquote>\n<h3>INCIDENTE SUL PONTE CADORE, COINVOLTI TRE MEZZI<\/h3>\n<\/blockquote>\n<p><strong>PIEVE DI CADORE<\/strong> Incidente sul ponte Cadore nel pomeriggio di ieri,\u00a0 ha interessato tre mezzi. E&#8217; intervenuto anche l&#8217;elisoccorso per trasportare all&#8217;ospedale di Belluno una delle tre donne rimaste ferite, ma non \u00e8 in pericolo di vita. Si tratta di: C.C 53 anni originaria di\u00a0 Varese. Ferite pi\u00f9 leggere per\u00a0 R.D. 51 anni di Agordo e\u00a0 C.M.\u00a0 27 anni di\u00a0 Dolo entrambe trasportate per un controllo in ambulanza all&#8217;ospedale di Pieve di Cadore. Immancabili ripercussioni sul traffico, per la pulizia della sede stradale sono intervenuti i vigili del fuoco. Da una prima ricostruzione , una Renault Scenic ha tamponato violentemente la Fiat Tipo che la precedeva lungo la stessa corsia di marcia in direzione Pieve. Appena urtata una Cinquecento che precedeva le altre due auto.I carabinieri sono intervenuti per deviare il traffico ed eseguire i rilevi del sinistro. Le operazioni di soccorso sono terminate dopo circa un&#8217;ora e mezza. &#8212;<\/p>\n<p><a class=\"dt-pswp-item\" href=\"https:\/\/www.radiopiu.net\/wordpress\/wp-content\/uploads\/2020\/07\/Inkedd2f576bc-b21a-4c65-a593-929526ff4d11_LI.jpg\" data-dt-img-description=\"\" data-large_image_width=\"1280\" data-large_image_height=\"770\"><img loading=\"lazy\" decoding=\"async\" class=\"alignnone wp-image-150797\" src=\"https:\/\/www.radiopiu.net\/wordpress\/wp-content\/uploads\/2020\/07\/Inkedd2f576bc-b21a-4c65-a593-929526ff4d11_LI-300x180.jpg\" alt=\"\" width=\"372\" height=\"223\" srcset=\"https:\/\/www.radiopiu.net\/wordpress\/wp-content\/uploads\/2020\/07\/Inkedd2f576bc-b21a-4c65-a593-929526ff4d11_LI-300x180.jpg 300w, https:\/\/www.radiopiu.net\/wordpress\/wp-content\/uploads\/2020\/07\/Inkedd2f576bc-b21a-4c65-a593-929526ff4d11_LI-1024x616.jpg 1024w, https:\/\/www.radiopiu.net\/wordpress\/wp-content\/uploads\/2020\/07\/Inkedd2f576bc-b21a-4c65-a593-929526ff4d11_LI-768x462.jpg 768w, https:\/\/www.radiopiu.net\/wordpress\/wp-content\/uploads\/2020\/07\/Inkedd2f576bc-b21a-4c65-a593-929526ff4d11_LI.jpg 1280w\" sizes=\"auto, (max-width: 372px) 100vw, 372px\" \/><\/a><a class=\"dt-pswp-item\" href=\"https:\/\/www.radiopiu.net\/wordpress\/wp-content\/uploads\/2020\/07\/Inked508b2c9e-56ce-46e4-8b1d-1ff2e018b205_LI.jpg\" data-dt-img-description=\"\" data-large_image_width=\"1280\" data-large_image_height=\"960\"><img loading=\"lazy\" decoding=\"async\" class=\"alignnone size-medium wp-image-150799\" src=\"https:\/\/www.radiopiu.net\/wordpress\/wp-content\/uploads\/2020\/07\/Inked508b2c9e-56ce-46e4-8b1d-1ff2e018b205_LI-300x225.jpg\" alt=\"\" width=\"300\" height=\"225\" srcset=\"https:\/\/www.radiopiu.net\/wordpress\/wp-content\/uploads\/2020\/07\/Inked508b2c9e-56ce-46e4-8b1d-1ff2e018b205_LI-300x225.jpg 300w, https:\/\/www.radiopiu.net\/wordpress\/wp-content\/uploads\/2020\/07\/Inked508b2c9e-56ce-46e4-8b1d-1ff2e018b205_LI-1024x768.jpg 1024w, https:\/\/www.radiopiu.net\/wordpress\/wp-content\/uploads\/2020\/07\/Inked508b2c9e-56ce-46e4-8b1d-1ff2e018b205_LI-768x576.jpg 768w, https:\/\/www.radiopiu.net\/wordpress\/wp-content\/uploads\/2020\/07\/Inked508b2c9e-56ce-46e4-8b1d-1ff2e018b205_LI.jpg 1280w\" sizes=\"auto, (max-width: 300px) 100vw, 300px\" \/><\/a><\/p>\n<p><a class=\"dt-pswp-item\" href=\"https:\/\/www.radiopiu.net\/wordpress\/wp-content\/uploads\/2020\/07\/44921b8f-8494-430f-96c6-bbb8e19699c4.jpg\" data-dt-img-description=\"\" data-large_image_width=\"1280\" data-large_image_height=\"722\"><img loading=\"lazy\" decoding=\"async\" class=\"alignnone size-medium wp-image-150838\" src=\"https:\/\/www.radiopiu.net\/wordpress\/wp-content\/uploads\/2020\/07\/44921b8f-8494-430f-96c6-bbb8e19699c4-300x169.jpg\" alt=\"\" width=\"300\" height=\"169\" srcset=\"https:\/\/www.radiopiu.net\/wordpress\/wp-content\/uploads\/2020\/07\/44921b8f-8494-430f-96c6-bbb8e19699c4-300x169.jpg 300w, https:\/\/www.radiopiu.net\/wordpress\/wp-content\/uploads\/2020\/07\/44921b8f-8494-430f-96c6-bbb8e19699c4-1024x578.jpg 1024w, https:\/\/www.radiopiu.net\/wordpress\/wp-content\/uploads\/2020\/07\/44921b8f-8494-430f-96c6-bbb8e19699c4-768x433.jpg 768w, https:\/\/www.radiopiu.net\/wordpress\/wp-content\/uploads\/2020\/07\/44921b8f-8494-430f-96c6-bbb8e19699c4.jpg 1280w\" sizes=\"auto, (max-width: 300px) 100vw, 300px\" \/><\/a><a class=\"dt-pswp-item\" href=\"https:\/\/www.radiopiu.net\/wordpress\/wp-content\/uploads\/2020\/07\/292a5d29-994f-4e60-92ed-ab0d4e5c718f.jpg\" data-dt-img-description=\"\" data-large_image_width=\"1280\" data-large_image_height=\"722\"><img loading=\"lazy\" decoding=\"async\" class=\"alignnone size-medium wp-image-150837\" src=\"https:\/\/www.radiopiu.net\/wordpress\/wp-content\/uploads\/2020\/07\/292a5d29-994f-4e60-92ed-ab0d4e5c718f-300x169.jpg\" alt=\"\" width=\"300\" height=\"169\" srcset=\"https:\/\/www.radiopiu.net\/wordpress\/wp-content\/uploads\/2020\/07\/292a5d29-994f-4e60-92ed-ab0d4e5c718f-300x169.jpg 300w, https:\/\/www.radiopiu.net\/wordpress\/wp-content\/uploads\/2020\/07\/292a5d29-994f-4e60-92ed-ab0d4e5c718f-1024x578.jpg 1024w, https:\/\/www.radiopiu.net\/wordpress\/wp-content\/uploads\/2020\/07\/292a5d29-994f-4e60-92ed-ab0d4e5c718f-768x433.jpg 768w, https:\/\/www.radiopiu.net\/wordpress\/wp-content\/uploads\/2020\/07\/292a5d29-994f-4e60-92ed-ab0d4e5c718f.jpg 1280w\" sizes=\"auto, (max-width: 300px) 100vw, 300px\" \/><\/a><a class=\"dt-pswp-item\" href=\"https:\/\/www.radiopiu.net\/wordpress\/wp-content\/uploads\/2020\/07\/b4eaae46-1438-421b-87e6-155002b5b308.jpg\" data-dt-img-description=\"\" data-large_image_width=\"1280\" data-large_image_height=\"722\"><img loading=\"lazy\" decoding=\"async\" class=\"alignnone size-medium wp-image-150835\" src=\"https:\/\/www.radiopiu.net\/wordpress\/wp-content\/uploads\/2020\/07\/b4eaae46-1438-421b-87e6-155002b5b308-300x169.jpg\" alt=\"\" width=\"300\" height=\"169\" srcset=\"https:\/\/www.radiopiu.net\/wordpress\/wp-content\/uploads\/2020\/07\/b4eaae46-1438-421b-87e6-155002b5b308-300x169.jpg 300w, https:\/\/www.radiopiu.net\/wordpress\/wp-content\/uploads\/2020\/07\/b4eaae46-1438-421b-87e6-155002b5b308-1024x578.jpg 1024w, https:\/\/www.radiopiu.net\/wordpress\/wp-content\/uploads\/2020\/07\/b4eaae46-1438-421b-87e6-155002b5b308-768x433.jpg 768w, https:\/\/www.radiopiu.net\/wordpress\/wp-content\/uploads\/2020\/07\/b4eaae46-1438-421b-87e6-155002b5b308.jpg 1280w\" sizes=\"auto, (max-width: 300px) 100vw, 300px\" \/><\/a><a class=\"dt-pswp-item\" href=\"https:\/\/www.radiopiu.net\/wordpress\/wp-content\/uploads\/2020\/07\/3bf37499-3152-435a-ac12-24990c2acc97.jpg\" data-dt-img-description=\"\" data-large_image_width=\"1280\" data-large_image_height=\"722\"><img loading=\"lazy\" decoding=\"async\" class=\"alignnone size-medium wp-image-150836\" src=\"https:\/\/www.radiopiu.net\/wordpress\/wp-content\/uploads\/2020\/07\/3bf37499-3152-435a-ac12-24990c2acc97-300x169.jpg\" alt=\"\" width=\"300\" height=\"169\" srcset=\"https:\/\/www.radiopiu.net\/wordpress\/wp-content\/uploads\/2020\/07\/3bf37499-3152-435a-ac12-24990c2acc97-300x169.jpg 300w, https:\/\/www.radiopiu.net\/wordpress\/wp-content\/uploads\/2020\/07\/3bf37499-3152-435a-ac12-24990c2acc97-1024x578.jpg 1024w, https:\/\/www.radiopiu.net\/wordpress\/wp-content\/uploads\/2020\/07\/3bf37499-3152-435a-ac12-24990c2acc97-768x433.jpg 768w, https:\/\/www.radiopiu.net\/wordpress\/wp-content\/uploads\/2020\/07\/3bf37499-3152-435a-ac12-24990c2acc97.jpg 1280w\" sizes=\"auto, (max-width: 300px) 100vw, 300px\" \/><\/a><\/p>\n<hr \/>\n<blockquote>\n<h2><\/h2>\n<\/blockquote>\n<p>&nbsp;<\/p>\n<blockquote>\n<h3>L\u2019ASSOCIAZIONE BELLUNESI NEL MONDO PIANGE LA SCOMPARSA DI DINO DE POLI<\/h3>\n<\/blockquote>\n<p><a class=\"dt-pswp-item\" href=\"https:\/\/www.radiopiu.net\/wordpress\/wp-content\/uploads\/2020\/07\/DINO_DE_POLI_BELLUNO.png\" data-dt-img-description=\"\" data-large_image_width=\"1263\" data-large_image_height=\"650\"><img loading=\"lazy\" decoding=\"async\" class=\"size-medium wp-image-150846 alignleft\" src=\"https:\/\/www.radiopiu.net\/wordpress\/wp-content\/uploads\/2020\/07\/DINO_DE_POLI_BELLUNO-300x154.png\" alt=\"\" width=\"300\" height=\"154\" srcset=\"https:\/\/www.radiopiu.net\/wordpress\/wp-content\/uploads\/2020\/07\/DINO_DE_POLI_BELLUNO-300x154.png 300w, https:\/\/www.radiopiu.net\/wordpress\/wp-content\/uploads\/2020\/07\/DINO_DE_POLI_BELLUNO-1024x527.png 1024w, https:\/\/www.radiopiu.net\/wordpress\/wp-content\/uploads\/2020\/07\/DINO_DE_POLI_BELLUNO-768x395.png 768w, https:\/\/www.radiopiu.net\/wordpress\/wp-content\/uploads\/2020\/07\/DINO_DE_POLI_BELLUNO.png 1263w\" sizes=\"auto, (max-width: 300px) 100vw, 300px\" \/><\/a><strong>BELLUNO<\/strong> All\u2019et\u00e0 di 90 anni \u00e8 morto Dino De Poli, storico presidente della Fondazione Cassamarca e fondatore, nonch\u00e9 presidente onorario, dell\u2019Utrim &#8211; Unione Triveneti nel Mondo.\u00a0 <em>\u00abDino De Poli aveva un carattere forte, con una grande cultura &#8211; le parole di Oscar De Bona, presidente dell\u2019Associazione Bellunesi nel Mondo &#8211; ho avuto modo di conoscerlo nel 1991 nella veste di presidente della Consulta dei Veneti nel Mondo\u00bb. In quegli anni la Consulta era composta da 26 rappresentanti da tutto il mondo e da 25 provenienti dal Veneto. Fu proprio nella Consulta del 1991 che De Poli ebbe l\u2019ispirazione di fondare l\u2019Utrim &#8211; Unione Triveneti nel Mondo. \u00abFin da subito l\u2019Abm ha aderito a questa Unione &#8211; continua De Bona &#8211; che aveva l\u2019obiettivo di raggruppare tutte le Associazioni in emigrazione presenti nel territorio del Triveneto\u00bb.<\/em><\/p>\n<p><strong>FOTO<\/strong> Sede Associazione Bellunesi nel Mondo. Da sinistra Dino De Poli, Gioachino Bratti e Patrizio De Martin<\/p>\n<blockquote><p>&nbsp;<\/p>\n<p>&nbsp;<\/p><\/blockquote>\n<hr \/>\n<blockquote>\n<h2>ANCHE IERI SITUAZIONE TRAFFICO DISASTROSA PER LUXOTTICA, DOLOMITIBUS DOVE SEI?<\/h2>\n<\/blockquote>\n<blockquote><p><span style=\"font-size: large;\">Luxottica di Agordo: tutti al lavoro ma i trasporti non sono a regime.<\/span><\/p><\/blockquote>\n<p><span style=\"font-size: large;\"><a class=\"dt-pswp-item\" href=\"https:\/\/www.radiopiu.net\/wordpress\/wp-content\/uploads\/2020\/07\/109738378_10220427260265187_4529223629388802348_n.jpg\" data-dt-img-description=\"\" data-large_image_width=\"720\" data-large_image_height=\"960\"><img loading=\"lazy\" decoding=\"async\" class=\"size-medium wp-image-150607 alignleft\" src=\"https:\/\/www.radiopiu.net\/wordpress\/wp-content\/uploads\/2020\/07\/109738378_10220427260265187_4529223629388802348_n-225x300.jpg\" alt=\"\" width=\"225\" height=\"300\" srcset=\"https:\/\/www.radiopiu.net\/wordpress\/wp-content\/uploads\/2020\/07\/109738378_10220427260265187_4529223629388802348_n-225x300.jpg 225w, https:\/\/www.radiopiu.net\/wordpress\/wp-content\/uploads\/2020\/07\/109738378_10220427260265187_4529223629388802348_n.jpg 720w\" sizes=\"auto, (max-width: 225px) 100vw, 225px\" \/><\/a><\/span><strong>AGORDO <\/strong>Lo stabilimento Luxottica\u00a0 con il termine della cassa integrazione \u00e8 tornato a pieno regime, fatto di per s\u00e9 sicuramente positivo, ma sul fronte dei trasporti e parcheggi ci sono problemi non ancora risolti. In questi mesi la Commissione Trasporti della R.S.U. della Luxottica di Agordo si \u00e8 confrontata con la Direzione aziendale e con la Dolomitibus in varie occasioni per chiedere il completo ripristino dei servizi di trasporto collettivo che erano stati sospesi a fronte dell\u2019epidemia.<em> &#8220;Abbiamo cercato di contattare anche la Trentino Trasporti via mail ma finora non ci hanno risposto &#8211; chiarisce la commissione trasporti &#8211; \u00a0Attualmente sono tornate attive: tutte le linee per l\u2019orario a giornata (08.00-17.00), le linee da Belluno e Feltre per i turni diurni (05.45-13.45 e 14.15-22.15), la linea dal Primiero gestita dalla Trentino Trasporti ma solo per il turno pomeridiano (14.15-22.15), lasciando quindi senza trasporto il turno mattina. Non sono state ancora riattivate, neppure parzialmente, la linea turnisti da Falcade e la navetta da Agordo; manca inoltre il trasporto per i turni notturni e per i part-time a 6 ore introdotti con l\u2019ultimo contratto integrativo&#8221;.<\/em>Per quanto riguarda i parcheggi i lavori di sistemazione e ampliamento previsti dall&#8217;azienda per i parcheggi esterni sono stati posticipati; attualmente la separazione tra turni e la rilevante quota di impiegati tuttora in smart working consente di mitigare in qualche modo la carenza di parcheggi per autoveicoli anche se <strong><img loading=\"lazy\" decoding=\"async\" class=\"alignright\" src=\"https:\/\/www.radiopiu.net\/wordpress\/wp-content\/uploads\/2017\/03\/PARCHEGGI-LUX-4.jpg\" width=\"275\" height=\"155\" \/><\/strong>resta il problema del grande flusso di veicoli in entrata e uscita da Valcozzena che crea lunghe code in vari orari del giorno, arrivando spesso a bloccare temporaneamente la tangenziale di Agordo. Per quanto riguarda cicli e motocicli \u00e8 stato riproposto all&#8217;azienda quanto gi\u00e0 chiesto da anni ovvero un ampliamento, durante la bella stagione, dell\u2019area destinata a bici e moto, attualmente insufficiente per i sempre pi\u00f9 numerosi utilizzatori delle due ruote.<em> &#8220;Al riguardo abbiamo anche presentato alcune ipotesi concrete, di veloce realizzazione e a costo praticamente nullo; l\u2019azienda si \u00e8 riservata di valutare le proposte, senza pronunciarsi sui tempi di una eventuale realizzazione, su questo speriamo in un intervento in tempi brevi visto che ci avviamo verso la fine di luglio.Noi della Commissione Trasporti della R.S.U. riteniamo che la situazione attuale dei parcheggi possa creare ulteriori disagi a chi viene al lavoro con i propri mezzi mentre la mancanza di alcune linee di trasporto collettivo, oltre ad incrementare il gi\u00e0 preoccupante traffico negli orari di ingresso e uscita dallo stabilimento, comporti grandi disagi ai lavoratori che non possono utilizzare mezzi di trasporto propri, in alcuni casi si tratta di persone che non hanno la patente e che da sempre si affidavano al trasporto collettivo per recarsi al lavoro in Luxottica&#8221;.<\/em><\/p>\n<blockquote>\n<h3><\/h3>\n<\/blockquote>\n<p>&nbsp;<\/p>\n<hr \/>\n<blockquote>\n<h3><\/h3>\n<h3>CAMBI DI ORARI IN LUXOTTICA E IERI ALLA RADIO CON CISL LA VOCE DEI LAVORATORI<\/h3>\n<\/blockquote>\n<p><strong><a class=\"dt-pswp-item\" href=\"https:\/\/www.radiopiu.net\/wordpress\/wp-content\/uploads\/2020\/03\/NOVITA-LUXOTTICA.jpg\" data-dt-img-description=\"\" data-large_image_width=\"1600\" data-large_image_height=\"900\"><img loading=\"lazy\" decoding=\"async\" class=\"wp-image-124025 alignleft\" src=\"https:\/\/www.radiopiu.net\/wordpress\/wp-content\/uploads\/2020\/03\/NOVITA-LUXOTTICA-300x169.jpg\" alt=\"\" width=\"115\" height=\"65\" srcset=\"https:\/\/www.radiopiu.net\/wordpress\/wp-content\/uploads\/2020\/03\/NOVITA-LUXOTTICA-300x169.jpg 300w, https:\/\/www.radiopiu.net\/wordpress\/wp-content\/uploads\/2020\/03\/NOVITA-LUXOTTICA-1024x576.jpg 1024w, https:\/\/www.radiopiu.net\/wordpress\/wp-content\/uploads\/2020\/03\/NOVITA-LUXOTTICA-768x432.jpg 768w, https:\/\/www.radiopiu.net\/wordpress\/wp-content\/uploads\/2020\/03\/NOVITA-LUXOTTICA-1536x864.jpg 1536w, https:\/\/www.radiopiu.net\/wordpress\/wp-content\/uploads\/2020\/03\/NOVITA-LUXOTTICA.jpg 1600w\" sizes=\"auto, (max-width: 115px) 100vw, 115px\" \/><\/a>AGORDO<\/strong> Luxottica ha comunicato l&#8217;esigenza sul piano nazionale di modificare l&#8217;orario del part time incentivato dal 1 settembre passando dalle 6 alle 8 ore. Il periodo rimanente da effettuare a 6 ore verr\u00e0 comunicato in seguito come da accordo sindacale e con preavviso entro tre mesi. L&#8217;azienda incontrer\u00e0 a livello locale per ogni stabilimento le RSU. La variazione non si applica nelle aree di Sedico RX e After Sales, dove gli orari rimangono invariti.<\/p>\n<p>&nbsp;<\/p>\n<h2><a class=\"dt-pswp-item\" href=\"https:\/\/www.radiopiu.net\/wordpress\/wp-content\/uploads\/2020\/04\/FEMCA-CISL.png\" data-dt-img-description=\"\" data-large_image_width=\"225\" data-large_image_height=\"225\"><img loading=\"lazy\" decoding=\"async\" class=\" wp-image-127312 alignleft\" src=\"https:\/\/www.radiopiu.net\/wordpress\/wp-content\/uploads\/2020\/04\/FEMCA-CISL.png\" alt=\"\" width=\"98\" height=\"98\" srcset=\"https:\/\/www.radiopiu.net\/wordpress\/wp-content\/uploads\/2020\/04\/FEMCA-CISL.png 225w, https:\/\/www.radiopiu.net\/wordpress\/wp-content\/uploads\/2020\/04\/FEMCA-CISL-150x150.png 150w\" sizes=\"auto, (max-width: 98px) 100vw, 98px\" \/><\/a><span style=\"color: #008000;\"><strong>CISL LA VOCE DEI LAVORATORI<\/strong><\/span><\/h2>\n<p>con Raffaele Salvatoni segretario nazionale Cisl (contratto integrativo) e Paolo Chissal\u00e8 (Rsu Luxottica di Agordo).<\/p>\n<audio class=\"wp-audio-shortcode\" id=\"audio-150684-1\" preload=\"none\" style=\"width: 100%;\" controls=\"controls\"><source type=\"audio\/mpeg\" src=\"https:\/\/www.radiopiu.net\/wordpress\/wp-content\/uploads\/2020\/07\/CISL-1.mp3?_=1\" \/><a href=\"https:\/\/www.radiopiu.net\/wordpress\/wp-content\/uploads\/2020\/07\/CISL-1.mp3\">https:\/\/www.radiopiu.net\/wordpress\/wp-content\/uploads\/2020\/07\/CISL-1.mp3<\/a><\/audio>\n<p>&nbsp;<\/p>\n<p>&nbsp;<\/p>\n<hr \/>\n<\/div>\n<blockquote>\n<h3 class=\"entry-title\">GRAFFITI SUL LAGAZUOI: IL VANDALISMO RAFFORZA L&#8217;IMPEGNO A FAVORE DELLA MONTAGNA<\/h3>\n<\/blockquote>\n<p><a class=\"dt-pswp-item\" href=\"https:\/\/www.radiopiu.net\/wordpress\/wp-content\/uploads\/2020\/07\/8c1b7d47-041d-4599-ae6e-982411adb81b.jpg\" data-dt-img-description=\"\" data-large_image_width=\"1280\" data-large_image_height=\"675\"><img loading=\"lazy\" decoding=\"async\" class=\"size-medium wp-image-150830 alignleft\" src=\"https:\/\/www.radiopiu.net\/wordpress\/wp-content\/uploads\/2020\/07\/8c1b7d47-041d-4599-ae6e-982411adb81b-300x158.jpg\" alt=\"\" width=\"300\" height=\"158\" srcset=\"https:\/\/www.radiopiu.net\/wordpress\/wp-content\/uploads\/2020\/07\/8c1b7d47-041d-4599-ae6e-982411adb81b-300x158.jpg 300w, https:\/\/www.radiopiu.net\/wordpress\/wp-content\/uploads\/2020\/07\/8c1b7d47-041d-4599-ae6e-982411adb81b-1024x540.jpg 1024w, https:\/\/www.radiopiu.net\/wordpress\/wp-content\/uploads\/2020\/07\/8c1b7d47-041d-4599-ae6e-982411adb81b-768x405.jpg 768w, https:\/\/www.radiopiu.net\/wordpress\/wp-content\/uploads\/2020\/07\/8c1b7d47-041d-4599-ae6e-982411adb81b.jpg 1280w\" sizes=\"auto, (max-width: 300px) 100vw, 300px\" \/><\/a><strong>CORTINA<\/strong> Un vistoso graffito fatto direttamente sulla roccia, sul Lagazuoi &#8211; a 2.750 metri di altitudine, vicino alla croce di vetta &#8211; ha generato un\u2019ondata di sdegno che si sta riversando sui social e sulle testate giornalistiche. <em>\u201c\u00c8 triste che questo atto vandalico abbia investito un luogo che, al contrario, \u00e8 al centro di una riflessione multidisciplinare sul rapporto con la montagna\u201d \u00e8 il commento amareggiato di Stefano Illing, l\u2019imprenditore e ideatore di Lagazuoi EXPO Dolomiti, galleria d\u2019arte e polo espositivo che ha trovato sede nella stazione di arrivo della funivia Lagazuoi, tra Cortina e la Val Badia. \u201c\u00c8 proprio contro questo tipo di mentalit\u00e0 che combattiamo attraverso il nostro impegno e lavoro quotidiano\u201d. <\/em><em>\u201cDa parte dell\u2019autore del gesto \u00e8 venuto meno un concetto elementare, quello di\u00a0rispetto\u00a0della natura. Noi siamo qui per rendere\u00a0accessibile\u00a0la montagna, dal momento che \u00e8 proprio frequentando questi luoghi che si impara a conoscerli e ad amarli. Ma sempre all\u2019interno di una logica che preserva il\u00a0contesto, un unicum estetico e naturale\u201d.\u00a0\u00a0<\/em><\/p>\n<p>La societ\u00e0\u00a0Lagazuoi\u00a0si \u00e8 immediatamente attivata,\u00a0cancellando la scritta\u00a0senza impiegare detergenti \u2013 ma usando olio di gomito, spazzola, acqua e sabbia fine locale. \u00c8 stato quindi ripristinato il diritto dei visitatori a vivere un ambiente intatto. <em>\u201cDi sicuro\u00a0&#8211;\u00a0 ha\u00a0proseguito\u00a0Illing\u00a0&#8211; questi graffiti non saranno oggetto della ricerca estetica e di rappresentazione iconografica sulla\u00a0montagna che stiamo portando avanti attraverso progetti come\u00a0Lagazuoi\u00a0Photo Award, il concorso e la mostra attualmente in esposizione. Operazioni che si basano su presupposti diversi, su un approccio ragionato, mai aggressivo o volgare, ma al contrario attento, rispettoso e coerente. La bellezza \u00e8 un argine alla barbarie. All\u2019anonimo graffitaro potremmo dire di utilizzare, la prossima volta, il libro di vetta, a disposizione di chiunque desideri lasciare traccia del proprio passaggio\u201d.\u00a0\u00a0<\/em><\/p>\n<p>&nbsp;<\/p>\n<p>&nbsp;<\/p>\n<p>&nbsp;<\/p>\n<hr \/>\n<div class=\"page-title-head hgroup\">\n<blockquote>\n<h3 class=\"entry-title\">BUON LAVORO AL NUOVO AGENTE DI POLIZIA LOCALE E AL RAGIONIERE<\/h3>\n<\/blockquote>\n<\/div>\n<div class=\"page-title-breadcrumbs\">\n<p class=\"photoswipe-wrapper\"><img loading=\"lazy\" decoding=\"async\" class=\"wp-image-150698 alignleft jetpack-lazy-image jetpack-lazy-image--handled\" src=\"https:\/\/i0.wp.com\/www.radiopiu.net\/wordpress\/wp-content\/uploads\/2020\/07\/100999892_3068132539912121_8967076443355873280_o.jpg?resize=96%2C97&amp;ssl=1\" sizes=\"auto, (max-width: 96px) 100vw, 96px\" srcset=\"https:\/\/i0.wp.com\/www.radiopiu.net\/wordpress\/wp-content\/uploads\/2020\/07\/100999892_3068132539912121_8967076443355873280_o.jpg?resize=298%2C300&amp;ssl=1 298w, https:\/\/i0.wp.com\/www.radiopiu.net\/wordpress\/wp-content\/uploads\/2020\/07\/100999892_3068132539912121_8967076443355873280_o.jpg?resize=150%2C150&amp;ssl=1 150w, https:\/\/i0.wp.com\/www.radiopiu.net\/wordpress\/wp-content\/uploads\/2020\/07\/100999892_3068132539912121_8967076443355873280_o.jpg?resize=768%2C774&amp;ssl=1 768w, https:\/\/i0.wp.com\/www.radiopiu.net\/wordpress\/wp-content\/uploads\/2020\/07\/100999892_3068132539912121_8967076443355873280_o.jpg?w=953&amp;ssl=1 953w\" alt=\"\" width=\"96\" height=\"97\" data-recalc-dims=\"1\" data-lazy-loaded=\"1\" \/><strong>SELVA DI CADORE<\/strong> Due importanti figure professionali hanno preso servizio di recente in Comune di Selva di Cadore. Si tratta di due agordini, senza nulla togliere a chi viene da fuori vallata ma sapere che nei loro luoghi di nascita lavorano i nostri giovani \u00e8 pur sempre una soddisfazioni poich\u00e9 a fare notizia di solito sono coloro che se ne vanno e riscuotono successo altrove.<\/p>\n<blockquote><p>Dunque sotto al Pelmo ecco il nuovo ragioniere, Carlo Bernardi di Digonera (Rocca Pietore, foto) gi\u00e0 impegnato nel proprio paese in qualit\u00e0 di consigliere comunale. Il nuovo agente di Polizia Locale \u00e8 invece un giovane di Falcade,\u00a0 Michael Serafini. Ad entrambi buon lavoro e buona permanenza lavorativa tra le montagne agordine.<\/p>\n<p>&nbsp;<\/p><\/blockquote>\n<p>&nbsp;<\/p>\n<hr \/>\n<p>&nbsp;<\/p>\n<blockquote>\n<h3>A CESIO MAGGIORE LINEA DURA SUGLI ABBANDONI DEI RIFIUTI<\/h3>\n<\/blockquote>\n<p><a class=\"dt-pswp-item\" href=\"https:\/\/www.radiopiu.net\/wordpress\/wp-content\/uploads\/2015\/12\/rifiuti-discarica.jpg\" data-dt-img-description=\"\" data-large_image_width=\"600\" data-large_image_height=\"399\"><img loading=\"lazy\" decoding=\"async\" class=\"size-medium wp-image-13735 alignleft\" src=\"https:\/\/www.radiopiu.net\/wordpress\/wp-content\/uploads\/2015\/12\/rifiuti-discarica-300x200.jpg\" alt=\"\" width=\"300\" height=\"200\" \/><\/a><strong>di Damiano Tormen<\/strong><\/p>\n<\/div>\n<p>&nbsp;<\/p>\n<p>&nbsp;<\/p>\n<p>&nbsp;<\/p>\n<p>&nbsp;<\/p>\n<p>&nbsp;<\/p>\n<p>&nbsp;<\/p>\n<audio class=\"wp-audio-shortcode\" id=\"audio-150684-2\" preload=\"none\" style=\"width: 100%;\" controls=\"controls\"><source type=\"audio\/mpeg\" src=\"https:\/\/www.radiopiu.net\/wordpress\/wp-content\/uploads\/2020\/07\/DAMIANO-TORMEN-RIFIUTI-CESIO.mp3?_=2\" \/><a href=\"https:\/\/www.radiopiu.net\/wordpress\/wp-content\/uploads\/2020\/07\/DAMIANO-TORMEN-RIFIUTI-CESIO.mp3\">https:\/\/www.radiopiu.net\/wordpress\/wp-content\/uploads\/2020\/07\/DAMIANO-TORMEN-RIFIUTI-CESIO.mp3<\/a><\/audio>\n<p>&nbsp;<\/p>\n<p>&nbsp;<\/p>\n<div class=\"page-title-breadcrumbs\">\n<hr \/>\n<p>&nbsp;<\/p>\n<blockquote>\n<h3>POSTE ITALIANE IMPONE, ANDREA DE BERNARDIN: &#8220;STIAMO DIGERENDO MAL VOLENTIERI LA RAMPA DI ROCCA PIETORE&#8221;<\/h3>\n<\/blockquote>\n<p><strong>ROCCA PIETORE<\/strong> Lavori in corso in centro al paese<strong>,\u00a0 \u00a0<\/strong>Non solo le decorazioni sul Municipio ma anche una nuova rampa per l&#8217;accesso ai disabili che usufruiscono dell&#8217;ufficio postale. Di dimensioni eccessive, ma poste italiane afferma <em>&#8220;Questo \u00e8 lo standard&#8221;<\/em> L&#8217;altra soluzione \u00e8 un sollevatore, il Comune ci sta pensando.<\/p>\n<p><strong>IL SINDACO ANDREA DE BERNARDIN<\/strong><\/p>\n<p>&nbsp;<\/p>\n<audio class=\"wp-audio-shortcode\" id=\"audio-150684-3\" preload=\"none\" style=\"width: 100%;\" controls=\"controls\"><source type=\"audio\/mpeg\" src=\"https:\/\/www.radiopiu.net\/wordpress\/wp-content\/uploads\/2020\/07\/andrea-rocca.mp3?_=3\" \/><a href=\"https:\/\/www.radiopiu.net\/wordpress\/wp-content\/uploads\/2020\/07\/andrea-rocca.mp3\">https:\/\/www.radiopiu.net\/wordpress\/wp-content\/uploads\/2020\/07\/andrea-rocca.mp3<\/a><\/audio>\n<p>&nbsp;<\/p>\n<p><a class=\"dt-pswp-item\" href=\"https:\/\/www.radiopiu.net\/wordpress\/wp-content\/uploads\/2020\/07\/WhatsApp-Image-2020-07-22-at-17.14.20.jpeg\" data-dt-img-description=\"\" data-large_image_width=\"1599\" data-large_image_height=\"1200\"><img loading=\"lazy\" decoding=\"async\" class=\"alignnone size-medium wp-image-150810\" src=\"https:\/\/www.radiopiu.net\/wordpress\/wp-content\/uploads\/2020\/07\/WhatsApp-Image-2020-07-22-at-17.14.20-300x225.jpeg\" alt=\"\" width=\"300\" height=\"225\" srcset=\"https:\/\/www.radiopiu.net\/wordpress\/wp-content\/uploads\/2020\/07\/WhatsApp-Image-2020-07-22-at-17.14.20-300x225.jpeg 300w, https:\/\/www.radiopiu.net\/wordpress\/wp-content\/uploads\/2020\/07\/WhatsApp-Image-2020-07-22-at-17.14.20-1024x768.jpeg 1024w, https:\/\/www.radiopiu.net\/wordpress\/wp-content\/uploads\/2020\/07\/WhatsApp-Image-2020-07-22-at-17.14.20-768x576.jpeg 768w, https:\/\/www.radiopiu.net\/wordpress\/wp-content\/uploads\/2020\/07\/WhatsApp-Image-2020-07-22-at-17.14.20-1536x1153.jpeg 1536w, https:\/\/www.radiopiu.net\/wordpress\/wp-content\/uploads\/2020\/07\/WhatsApp-Image-2020-07-22-at-17.14.20.jpeg 1599w\" sizes=\"auto, (max-width: 300px) 100vw, 300px\" \/><\/a><a class=\"dt-pswp-item\" href=\"https:\/\/www.radiopiu.net\/wordpress\/wp-content\/uploads\/2020\/07\/WhatsApp-Image-2020-07-22-at-17.14.21.jpeg\" data-dt-img-description=\"\" data-large_image_width=\"1599\" data-large_image_height=\"1200\"><img loading=\"lazy\" decoding=\"async\" class=\"alignnone size-medium wp-image-150809\" src=\"https:\/\/www.radiopiu.net\/wordpress\/wp-content\/uploads\/2020\/07\/WhatsApp-Image-2020-07-22-at-17.14.21-300x225.jpeg\" alt=\"\" width=\"300\" height=\"225\" srcset=\"https:\/\/www.radiopiu.net\/wordpress\/wp-content\/uploads\/2020\/07\/WhatsApp-Image-2020-07-22-at-17.14.21-300x225.jpeg 300w, https:\/\/www.radiopiu.net\/wordpress\/wp-content\/uploads\/2020\/07\/WhatsApp-Image-2020-07-22-at-17.14.21-1024x768.jpeg 1024w, https:\/\/www.radiopiu.net\/wordpress\/wp-content\/uploads\/2020\/07\/WhatsApp-Image-2020-07-22-at-17.14.21-768x576.jpeg 768w, https:\/\/www.radiopiu.net\/wordpress\/wp-content\/uploads\/2020\/07\/WhatsApp-Image-2020-07-22-at-17.14.21-1536x1153.jpeg 1536w, https:\/\/www.radiopiu.net\/wordpress\/wp-content\/uploads\/2020\/07\/WhatsApp-Image-2020-07-22-at-17.14.21.jpeg 1599w\" sizes=\"auto, (max-width: 300px) 100vw, 300px\" \/><\/a><\/p>\n<p>&nbsp;<\/p>\n<p>&nbsp;<\/p>\n<hr \/>\n<blockquote>\n<h3><\/h3>\n<h3>MANCATA INFORMAZIONE, LAVORI E TEMPISTICHE, LA CRITICA DA FALCADE<\/h3>\n<\/blockquote>\n<p><strong>di Erwin De Pellegrini\u00a0<\/strong><\/p>\n<p><strong><a class=\"dt-pswp-item\" href=\"https:\/\/www.radiopiu.net\/wordpress\/wp-content\/uploads\/2020\/07\/116018098_2589110271403917_7866905919026366567_o.jpg\" data-dt-img-description=\"\" data-large_image_width=\"1440\" data-large_image_height=\"1080\"><img loading=\"lazy\" decoding=\"async\" class=\"size-medium wp-image-150739 alignleft\" src=\"https:\/\/www.radiopiu.net\/wordpress\/wp-content\/uploads\/2020\/07\/116018098_2589110271403917_7866905919026366567_o-300x225.jpg\" alt=\"\" width=\"300\" height=\"225\" srcset=\"https:\/\/www.radiopiu.net\/wordpress\/wp-content\/uploads\/2020\/07\/116018098_2589110271403917_7866905919026366567_o-300x225.jpg 300w, https:\/\/www.radiopiu.net\/wordpress\/wp-content\/uploads\/2020\/07\/116018098_2589110271403917_7866905919026366567_o-1024x768.jpg 1024w, https:\/\/www.radiopiu.net\/wordpress\/wp-content\/uploads\/2020\/07\/116018098_2589110271403917_7866905919026366567_o-768x576.jpg 768w, https:\/\/www.radiopiu.net\/wordpress\/wp-content\/uploads\/2020\/07\/116018098_2589110271403917_7866905919026366567_o.jpg 1440w\" sizes=\"auto, (max-width: 300px) 100vw, 300px\" \/><\/a>FALCADE<\/strong> Causa lavori dovuti ai danni di &#8220;Vaia&#8221; (2018 ), \u00a0segnalo la temporanea chiusura del tratto, del &#8220;Giro de le Coste&#8221;, che va da Gavaz f<span class=\"text_exposed_show\">ino all&#8217;abitato di Villota, i lavori dovrebbero avere la durata di un paio di settimane circa. <\/span>Il Giro \u00e8 tranquillamente fattibile, allungando il suo percorso, seguendo, da Falcade Alto verso Molino e viceversa, oppure,dal tratto interessato (localit\u00e0 Gavaz) lungo la strada per poi prendere il sentiero che dal &#8220;Campo Santo&#8221; va verso la chiesa\/ hotel Belvedere. E&#8217; chiaro che i lavori vanno fatti, questo \u00e8 giustissimo e logico, ma crediamo che potevano essere programmati in un altro momento, il buon tempo non \u00e8 solo in luglio e agosto, ma da maggio a ottobre ( non ci sono scuse) anche lo scorso anno ci siamo trovati il sentiero chiuso in piena stagione turistica, (per la sistemazione dei muri da Gavaz a Falcade Alto, e se ne parlava gi\u00e0 da anni, n.b.lavori che andavano fatti). Questo lo ritengo una mancanza di rispetto, in primis, nei confronti di chi, gi\u00e0 da aprile\/maggio, si impegna nella pulizia dei sentieri, non venendo informati e coinvolti in certe decisioni e tempistiche, abbiamo dovuto noi chiedere informazioni in Comune e sollecitare che venga informato l&#8217;ufficio turistico di questa &#8220;temporanea interruzione &#8220;, cos\u00ec da dare una corretta informazione ai turisti. Auspico in futuro pi\u00f9 &#8220;considerazione&#8221; per chi porta via del suo tempo (dal lavoro, tempo libero e vita intima) e qui ho un ulteriore conferma: chi lo fa per &#8220;volontariato &#8221; ci mette pi\u00f9 passione di chi lo fa per mestiere e noi &#8220;amiamo&#8221; il nostro paese e ci teniamo alla seriet\u00e0 e dialogo, nel reciproco rispetto.<\/p>\n<p>&nbsp;<\/p>\n<hr \/>\n<\/div>\n<p>&nbsp;<\/p>\n<blockquote>\n<h3>IL CENTRO DI FRASSENE&#8217; CAMBIA VOLTO CON I FONDI DI CONFINE A VOLTAGO VERSO L&#8217;APPALTO PER VIALE EUROPA<\/h3>\n<\/blockquote>\n<p><strong>VOLTAGO<\/strong> In attesa di una nuova amministrazione e quindi di un sindaco, il commissario Prefettizio Antonio Russo si \u00e8 dato da fare per portare del denaro fresco dei Fondi di Confine anche sotto l&#8217;Agner. Interessanti i progetti di riqualificazione dell&#8217;arredo urbano a Frassen\u00e9 e non solo.<\/p>\n<p><strong>di GIANNI SANTOMASO<\/strong><\/p>\n<audio class=\"wp-audio-shortcode\" id=\"audio-150684-4\" preload=\"none\" style=\"width: 100%;\" controls=\"controls\"><source type=\"audio\/mpeg\" src=\"https:\/\/www.radiopiu.net\/wordpress\/wp-content\/uploads\/2020\/07\/gianni-voltago.mp3?_=4\" \/><a href=\"https:\/\/www.radiopiu.net\/wordpress\/wp-content\/uploads\/2020\/07\/gianni-voltago.mp3\">https:\/\/www.radiopiu.net\/wordpress\/wp-content\/uploads\/2020\/07\/gianni-voltago.mp3<\/a><\/audio>\n<h3><strong>FRASSENE&#8217; Riqualificazione arredo urbano di Viale della Vittoria a Frassen\u00e9<\/strong><\/h3>\n<p><a class=\"dt-pswp-item\" href=\"https:\/\/www.radiopiu.net\/wordpress\/wp-content\/uploads\/2020\/07\/f86e2797-ff1a-4200-a6c3-2a259c133553.jpg\" data-dt-img-description=\"\" data-large_image_width=\"1280\" data-large_image_height=\"1600\"><img loading=\"lazy\" decoding=\"async\" class=\"alignnone wp-image-150742\" src=\"https:\/\/www.radiopiu.net\/wordpress\/wp-content\/uploads\/2020\/07\/f86e2797-ff1a-4200-a6c3-2a259c133553-240x300.jpg\" alt=\"\" width=\"126\" height=\"158\" srcset=\"https:\/\/www.radiopiu.net\/wordpress\/wp-content\/uploads\/2020\/07\/f86e2797-ff1a-4200-a6c3-2a259c133553-240x300.jpg 240w, https:\/\/www.radiopiu.net\/wordpress\/wp-content\/uploads\/2020\/07\/f86e2797-ff1a-4200-a6c3-2a259c133553-819x1024.jpg 819w, https:\/\/www.radiopiu.net\/wordpress\/wp-content\/uploads\/2020\/07\/f86e2797-ff1a-4200-a6c3-2a259c133553-768x960.jpg 768w, https:\/\/www.radiopiu.net\/wordpress\/wp-content\/uploads\/2020\/07\/f86e2797-ff1a-4200-a6c3-2a259c133553-1229x1536.jpg 1229w, https:\/\/www.radiopiu.net\/wordpress\/wp-content\/uploads\/2020\/07\/f86e2797-ff1a-4200-a6c3-2a259c133553.jpg 1280w\" sizes=\"auto, (max-width: 126px) 100vw, 126px\" \/><\/a><a class=\"dt-pswp-item\" href=\"https:\/\/www.radiopiu.net\/wordpress\/wp-content\/uploads\/2020\/07\/01be9d71-8bfb-42aa-a0cb-fa4b77c0e9e4.jpg\" data-dt-img-description=\"\" data-large_image_width=\"1600\" data-large_image_height=\"938\"><img loading=\"lazy\" decoding=\"async\" class=\"alignnone wp-image-150741\" src=\"https:\/\/www.radiopiu.net\/wordpress\/wp-content\/uploads\/2020\/07\/01be9d71-8bfb-42aa-a0cb-fa4b77c0e9e4-300x176.jpg\" alt=\"\" width=\"266\" height=\"156\" srcset=\"https:\/\/www.radiopiu.net\/wordpress\/wp-content\/uploads\/2020\/07\/01be9d71-8bfb-42aa-a0cb-fa4b77c0e9e4-300x176.jpg 300w, https:\/\/www.radiopiu.net\/wordpress\/wp-content\/uploads\/2020\/07\/01be9d71-8bfb-42aa-a0cb-fa4b77c0e9e4-1024x600.jpg 1024w, https:\/\/www.radiopiu.net\/wordpress\/wp-content\/uploads\/2020\/07\/01be9d71-8bfb-42aa-a0cb-fa4b77c0e9e4-768x450.jpg 768w, https:\/\/www.radiopiu.net\/wordpress\/wp-content\/uploads\/2020\/07\/01be9d71-8bfb-42aa-a0cb-fa4b77c0e9e4-1536x900.jpg 1536w, https:\/\/www.radiopiu.net\/wordpress\/wp-content\/uploads\/2020\/07\/01be9d71-8bfb-42aa-a0cb-fa4b77c0e9e4.jpg 1600w\" sizes=\"auto, (max-width: 266px) 100vw, 266px\" \/><\/a><a class=\"dt-pswp-item\" href=\"https:\/\/www.radiopiu.net\/wordpress\/wp-content\/uploads\/2020\/07\/e064d2b6-8625-40ed-9346-bc5fa19746bf.jpg\" data-dt-img-description=\"\" data-large_image_width=\"1600\" data-large_image_height=\"1200\"><img loading=\"lazy\" decoding=\"async\" class=\"alignnone wp-image-150740\" src=\"https:\/\/www.radiopiu.net\/wordpress\/wp-content\/uploads\/2020\/07\/e064d2b6-8625-40ed-9346-bc5fa19746bf-300x225.jpg\" alt=\"\" width=\"205\" height=\"154\" srcset=\"https:\/\/www.radiopiu.net\/wordpress\/wp-content\/uploads\/2020\/07\/e064d2b6-8625-40ed-9346-bc5fa19746bf-300x225.jpg 300w, https:\/\/www.radiopiu.net\/wordpress\/wp-content\/uploads\/2020\/07\/e064d2b6-8625-40ed-9346-bc5fa19746bf-1024x768.jpg 1024w, https:\/\/www.radiopiu.net\/wordpress\/wp-content\/uploads\/2020\/07\/e064d2b6-8625-40ed-9346-bc5fa19746bf-768x576.jpg 768w, https:\/\/www.radiopiu.net\/wordpress\/wp-content\/uploads\/2020\/07\/e064d2b6-8625-40ed-9346-bc5fa19746bf-1536x1152.jpg 1536w, https:\/\/www.radiopiu.net\/wordpress\/wp-content\/uploads\/2020\/07\/e064d2b6-8625-40ed-9346-bc5fa19746bf.jpg 1600w\" sizes=\"auto, (max-width: 205px) 100vw, 205px\" \/><\/a><\/p>\n<h3>VOLTAGO Piazza del Municipio e Viale Europa<\/h3>\n<p><a class=\"dt-pswp-item\" href=\"https:\/\/www.radiopiu.net\/wordpress\/wp-content\/uploads\/2020\/07\/c7796156-5438-4f5b-8944-5c31b3b74284.jpg\" data-dt-img-description=\"\" data-large_image_width=\"1600\" data-large_image_height=\"900\"><img loading=\"lazy\" decoding=\"async\" class=\"alignnone size-medium wp-image-150744\" src=\"https:\/\/www.radiopiu.net\/wordpress\/wp-content\/uploads\/2020\/07\/c7796156-5438-4f5b-8944-5c31b3b74284-300x169.jpg\" alt=\"\" width=\"300\" height=\"169\" srcset=\"https:\/\/www.radiopiu.net\/wordpress\/wp-content\/uploads\/2020\/07\/c7796156-5438-4f5b-8944-5c31b3b74284-300x169.jpg 300w, https:\/\/www.radiopiu.net\/wordpress\/wp-content\/uploads\/2020\/07\/c7796156-5438-4f5b-8944-5c31b3b74284-1024x576.jpg 1024w, https:\/\/www.radiopiu.net\/wordpress\/wp-content\/uploads\/2020\/07\/c7796156-5438-4f5b-8944-5c31b3b74284-768x432.jpg 768w, https:\/\/www.radiopiu.net\/wordpress\/wp-content\/uploads\/2020\/07\/c7796156-5438-4f5b-8944-5c31b3b74284-1536x864.jpg 1536w, https:\/\/www.radiopiu.net\/wordpress\/wp-content\/uploads\/2020\/07\/c7796156-5438-4f5b-8944-5c31b3b74284.jpg 1600w\" sizes=\"auto, (max-width: 300px) 100vw, 300px\" \/><\/a><a class=\"dt-pswp-item\" href=\"https:\/\/www.radiopiu.net\/wordpress\/wp-content\/uploads\/2020\/07\/27e6869e-8813-40ad-ab2a-2ee9e36343a8.jpg\" data-dt-img-description=\"\" data-large_image_width=\"1600\" data-large_image_height=\"900\"><img loading=\"lazy\" decoding=\"async\" class=\"alignnone size-medium wp-image-150743\" src=\"https:\/\/www.radiopiu.net\/wordpress\/wp-content\/uploads\/2020\/07\/27e6869e-8813-40ad-ab2a-2ee9e36343a8-300x169.jpg\" alt=\"\" width=\"300\" height=\"169\" srcset=\"https:\/\/www.radiopiu.net\/wordpress\/wp-content\/uploads\/2020\/07\/27e6869e-8813-40ad-ab2a-2ee9e36343a8-300x169.jpg 300w, https:\/\/www.radiopiu.net\/wordpress\/wp-content\/uploads\/2020\/07\/27e6869e-8813-40ad-ab2a-2ee9e36343a8-1024x576.jpg 1024w, https:\/\/www.radiopiu.net\/wordpress\/wp-content\/uploads\/2020\/07\/27e6869e-8813-40ad-ab2a-2ee9e36343a8-768x432.jpg 768w, https:\/\/www.radiopiu.net\/wordpress\/wp-content\/uploads\/2020\/07\/27e6869e-8813-40ad-ab2a-2ee9e36343a8-1536x864.jpg 1536w, https:\/\/www.radiopiu.net\/wordpress\/wp-content\/uploads\/2020\/07\/27e6869e-8813-40ad-ab2a-2ee9e36343a8.jpg 1600w\" sizes=\"auto, (max-width: 300px) 100vw, 300px\" \/><\/a><\/p>\n<div class=\"page-title-breadcrumbs\">\n<p>&nbsp;<\/p>\n<p>&nbsp;<\/p>\n<p>&nbsp;<\/p>\n<hr \/>\n<blockquote>\n<h3><\/h3>\n<h3>RELAZIONE SUGLI INVESTIMENTI PER LA VIABILIT\u00c0: PROVINCIA E VENETO STRADE FANNO IL PUNTO<\/h3>\n<\/blockquote>\n<p><strong><a class=\"dt-pswp-item\" href=\"https:\/\/www.radiopiu.net\/wordpress\/wp-content\/uploads\/2016\/06\/lavori_in_corso_cartelli04111111111111.jpg\" data-dt-img-description=\"\" data-large_image_width=\"425\" data-large_image_height=\"336\"><img loading=\"lazy\" decoding=\"async\" class=\"size-medium wp-image-20520 alignleft\" src=\"https:\/\/www.radiopiu.net\/wordpress\/wp-content\/uploads\/2016\/06\/lavori_in_corso_cartelli04111111111111-300x237.jpg\" alt=\"\" width=\"300\" height=\"237\" \/><\/a>BELLUNO \u00a0<\/strong>Sono diverse centinaia i cantieri sulla viabilit\u00e0 provinciale disposti negli ultimi nove anni. Una serie di lavori di manutenzione straordinaria per un investimento complessivo di 9,9 milioni di euro, come prevede la convenzione del 2008. A cui si aggiungono le opere di ripristino post-Vaia e altri interventi disposti dalla Provincia. Lavori che sono stati esaminati dall\u2019amministrazione di Palazzo Piloni in una riunione con l\u2019amministratore delegato di Veneto Strade, Silvano Vernizzi, e il responsabile dell\u2019area bellunese, Michele Artusato.<\/p>\n<p>INVESTIMENTI DA CONVENZIONE\u00a0Risulta che due terzi dei 9,9 milioni di investimento stabiliti dalla convenzione (1,1 milioni all\u2019anno) sono stati spesi per piccoli grandi lavori di messa in sicurezza e sistemazione della viabilit\u00e0 (con interventi diffusi su tutto il territorio provinciale). Il restante terzo, invece, non \u00e8 ancora stato concretizzato in opere.\u00a0\u00ab<em>Si tratta di interventi che saranno comunque realizzati, dato che sono stati approvati dall\u2019amministrazione provinciale &#8211; commenta il presidente della Provincia, Roberto Padrin -. L\u2019obiettivo \u00e8 quello di avere una viabilit\u00e0 rispondente alle esigenze delle nostre comunit\u00e0 e delle imprese, vale a dire strade sicure e percorribili. Motivo per cui abbiamo fatto il punto della situazione con l\u2019amministratore delegato Vernizzi anche su altre tipologie di interventi<\/em>\u00bb.<\/p>\n<p>FONDI GOVERNATIVI\u00a0Belluno, infatti, ha in essere con Veneto Strade anche altri piani specifici di manutenzione o di opere sulla viabilit\u00e0 provinciale. A cominciare dai fondi governativi sbloccati per Province e Citt\u00e0 metropolitane: 10,6 milioni di euro complessivi per il quinquennio 2019-2023. \u00abRisorse con cui abbiamo disposto operazioni importanti &#8211; puntualizza il presidente Padrin -. Penso ad esempio all\u2019illuminazione delle gallerie della valle del Mis, per 320mila euro, gi\u00e0 realizzata. O al risanamento del ponte di San Felice, per 1 milione di euro\u00bb. Il piano 2020 a valere su queste risorse governative prevede tre interventi: il risanamento di un ponte sulla Sp 5 di Lamosano (715mila euro); l\u2019illuminazione delle gallerie della Sp 20 della Val Fiorentina (420mila euro); il ripristino di alcuni strati di fondazione della sovrastruttura stradale (986mila euro).<\/p>\n<p>ACCORDO TRANSATTIVO\u00a0Inoltre, sulla viabilit\u00e0 provinciale sono investiti anche i 6,1 milioni di euro frutto dell\u2019accordo transattivo con Veneto Strade del giugno 2019, che ha posto fine al contenzioso relativo ad alcune tranche mancanti della convenzione.<\/p>\n<p>INTERVENTI POST-VAIA\u00a0\u00ab<em>Poi c\u2019\u00e8 la partita di Vaia, per la quale Veneto Strade sta riversando sul territorio le risorse commissariali &#8211; continua il presidente Padrin -. Lavori significativi, perch\u00e9 le nostre strade avevano subito danni ingenti dagli eventi meteo di fine ottobre 2018\u00bb. In questo caso, le operazioni (tra terminate, programmate e in corso) sono 113, per un valore complessivo di 60 milioni di euro: 39 milioni finanziati per il 2019 (tra i pi\u00f9 consistenti, il consolidamento di Ponte Mas, gi\u00e0 completato per 825mila euro; la stabilizzazione del tornante di Digonera sulla Sp 563, in corso, per 1,375 milioni di euro; la messa in sicurezza della Sp 20 in Comune di Selva di Cadore, in corso, per 3,3 milioni; e l\u2019integrazione delle opere fermaneve sulla Sp 24, per 1,380 milioni di euro); e 21 milioni finanziati per il 2020 (i pi\u00f9 importanti riguardano la realizzazione di opere di protezione della sede stradale sulla Sp 49 di Misurina, per 3,5 milioni; l\u2019adeguamento dell\u2019intersezione tra la Sp 347 del Passo Cereda e Duran e la 51 di Alemagna per 3,4 milioni; e la messa in sicurezza del ponte di San Felice tra Trichiana e Sedico per 1,1 milioni).\u00a0<\/em><em>\u00abNella riunione con Veneto Strade abbiamo passato in rassegna anche i progetti cofinanziati con Fondi dei Comuni di confine, relativi alle zone confinanti con Trento e Bolzano &#8211; conclude il presidente Padrin -. Tra questi, anche il piano della galleria di Pala Rossa, lungo la Regionale 50 del Grappa e Passo Rolle a Lamon, per la quale il progetto definitivo \u00e8 approvato. Per l\u2019esecutivo mancano solo 3 milioni di euro di cofinanziamento dalla Regione Veneto per i quali stiamo lavorando\u00bb.<\/em><\/p>\n<p>&nbsp;<\/p>\n<hr \/>\n<\/div>\n<p>&nbsp;<\/p>\n<blockquote>\n<h3>ALLA SCOPERTA DEL TURISMO SOSTENIBILE, DE TONI AVVIA IL TOUR<\/h3>\n<\/blockquote>\n<p><strong><a class=\"dt-pswp-item\" href=\"https:\/\/www.radiopiu.net\/wordpress\/wp-content\/uploads\/2019\/05\/ALLEGHE-DANILO-DE-TONI.jpeg\" data-dt-img-description=\"\" data-large_image_width=\"1373\" data-large_image_height=\"1600\"><img loading=\"lazy\" decoding=\"async\" class=\"size-medium wp-image-86463 alignleft\" src=\"https:\/\/www.radiopiu.net\/wordpress\/wp-content\/uploads\/2019\/05\/ALLEGHE-DANILO-DE-TONI-257x300.jpeg\" alt=\"\" width=\"257\" height=\"300\" srcset=\"https:\/\/www.radiopiu.net\/wordpress\/wp-content\/uploads\/2019\/05\/ALLEGHE-DANILO-DE-TONI-257x300.jpeg 257w, https:\/\/www.radiopiu.net\/wordpress\/wp-content\/uploads\/2019\/05\/ALLEGHE-DANILO-DE-TONI-768x895.jpeg 768w, https:\/\/www.radiopiu.net\/wordpress\/wp-content\/uploads\/2019\/05\/ALLEGHE-DANILO-DE-TONI-879x1024.jpeg 879w, https:\/\/www.radiopiu.net\/wordpress\/wp-content\/uploads\/2019\/05\/ALLEGHE-DANILO-DE-TONI.jpeg 1373w\" sizes=\"auto, (max-width: 257px) 100vw, 257px\" \/><\/a><a class=\"dt-pswp-item\" href=\"https:\/\/www.radiopiu.net\/wordpress\/wp-content\/uploads\/2020\/07\/IMG_7818-scaled.jpg\" data-dt-img-description=\"\" data-large_image_width=\"2560\" data-large_image_height=\"1920\"><img loading=\"lazy\" decoding=\"async\" class=\"size-medium wp-image-150765 alignright\" src=\"https:\/\/www.radiopiu.net\/wordpress\/wp-content\/uploads\/2020\/07\/IMG_7818-300x225.jpg\" alt=\"\" width=\"300\" height=\"225\" srcset=\"https:\/\/www.radiopiu.net\/wordpress\/wp-content\/uploads\/2020\/07\/IMG_7818-300x225.jpg 300w, https:\/\/www.radiopiu.net\/wordpress\/wp-content\/uploads\/2020\/07\/IMG_7818-1024x768.jpg 1024w, https:\/\/www.radiopiu.net\/wordpress\/wp-content\/uploads\/2020\/07\/IMG_7818-768x576.jpg 768w, https:\/\/www.radiopiu.net\/wordpress\/wp-content\/uploads\/2020\/07\/IMG_7818-1536x1152.jpg 1536w, https:\/\/www.radiopiu.net\/wordpress\/wp-content\/uploads\/2020\/07\/IMG_7818-2048x1536.jpg 2048w\" sizes=\"auto, (max-width: 300px) 100vw, 300px\" \/><\/a>BELLUNO<\/strong> Tour tra le eccellenze del territorio. La Provincia ha iniziato da Vich di Ponte nelle Alpi il viaggio alla scoperta delle nuove realt\u00e0 che promuovono uno sviluppo sostenibile del turismo. Ieri il consigliere delegato al turismo, Danilo De Toni, assieme ai colleghi consiglieri, ha visitato l\u2019azienda agricola \u201cLa giasena\u201d di Rino Bernard, dove da anni si coltivano piccoli frutti per la produzione di qualit\u00e0 di succhi di frutta e marmellate. E dove da qualche settimana a questa parte \u00e8 attivo anche un b&amp;b, che nei prossimi mesi metter\u00e0 a disposizione degli ospiti sauna e vasca idromassaggio con vista sui frutteti.<br \/>\n<em>\u00abUn esempio per tanti giovani che vorrebbero aprirsi all\u2019ospitalit\u00e0 &#8211; il commento del consigliere De Toni -. Lo sviluppo del turismo per le nostre zone passa inevitabilmente da qui, dal proporre cio\u00e8 non solo una camera d\u2019albergo, ma un\u2019emozione, come pu\u00f2 essere quella di un\u2019immersione totale nella natura e nell\u2019esperienza di un\u2019azienda agricola\u00bb. <\/em>Visitati\u00a0 non solo i filari delle piante e il punto vendita, dove i clienti &#8211; come gi\u00e0 succede in Alto Adige &#8211; possono raccogliersi da soli la frutta per acquistarla. Ma anche il laboratorio di trasformazione della materia prima in succhi di frutta e marmellate. E la nuova proposta di ospitalit\u00e0. <em>\u00abL\u2019intenzione \u00e8 di girare il territorio e promuovere questo genere di proposte &#8211; continua il consigliere De Toni -. Abbiamo una provincia magnifica, che ha potenzialit\u00e0 enormi, soprattutto in vista dei grandi eventi sportivi che ospiteremo da qui al 2026. Dobbiamo essere bravi a pubblicizzarla, ma anche a offrire ai visitatori esperienze ed emozioni: questo \u00e8 il traguardo che vogliamo raggiungere. E per farlo, \u00e8 necessario un gioco di squadra con gli operatori dell\u2019ospitalit\u00e0, con gli albergatori, con i gestori dei rifugi, con le aziende agricole. Il turismo deve essere un sistema di filiera che mette insieme tutte le peculiarit\u00e0 del nostro territorio\u00bb.<\/em><\/p>\n<p>&nbsp;<\/p>\n<p>&nbsp;<\/p>\n<p>&nbsp;<\/p>\n<hr \/>\n<blockquote>\n<h3>IN FASE DI ULTIMAZIONE I LAVORI SULLA PANORAMICA<\/h3>\n<\/blockquote>\n<div class=\"page-title-breadcrumbs\">\n<p><strong><a class=\"dt-pswp-item\" href=\"https:\/\/www.radiopiu.net\/wordpress\/wp-content\/uploads\/2020\/07\/WhatsApp-Image-2020-07-22-at-17.10.54-1.jpeg\" data-dt-img-description=\"\" data-large_image_width=\"1898\" data-large_image_height=\"1294\"><img loading=\"lazy\" decoding=\"async\" class=\"size-medium wp-image-150806 alignleft\" src=\"https:\/\/www.radiopiu.net\/wordpress\/wp-content\/uploads\/2020\/07\/WhatsApp-Image-2020-07-22-at-17.10.54-1-300x205.jpeg\" alt=\"\" width=\"300\" height=\"205\" srcset=\"https:\/\/www.radiopiu.net\/wordpress\/wp-content\/uploads\/2020\/07\/WhatsApp-Image-2020-07-22-at-17.10.54-1-300x205.jpeg 300w, https:\/\/www.radiopiu.net\/wordpress\/wp-content\/uploads\/2020\/07\/WhatsApp-Image-2020-07-22-at-17.10.54-1-1024x698.jpeg 1024w, https:\/\/www.radiopiu.net\/wordpress\/wp-content\/uploads\/2020\/07\/WhatsApp-Image-2020-07-22-at-17.10.54-1-768x524.jpeg 768w, https:\/\/www.radiopiu.net\/wordpress\/wp-content\/uploads\/2020\/07\/WhatsApp-Image-2020-07-22-at-17.10.54-1-1536x1047.jpeg 1536w, https:\/\/www.radiopiu.net\/wordpress\/wp-content\/uploads\/2020\/07\/WhatsApp-Image-2020-07-22-at-17.10.54-1.jpeg 1898w\" sizes=\"auto, (max-width: 300px) 100vw, 300px\" \/><\/a><\/strong><\/p>\n<p>&nbsp;<\/p>\n<p>&nbsp;<\/p>\n<p><strong>FELTRE\u00a0<\/strong> Si stanno per concludere i lavori nel\u00a0 cantiere della Panoramica, si tratta del\u00a0 consolidamento alla base del muro di contenimento.<\/p>\n<p>&nbsp;<\/p>\n<p>&nbsp;<\/p>\n<p>&nbsp;<\/p>\n<p><strong>AI MICROFONI DI RADIO PIU&#8217; L&#8217;ASSESSORE ADIS ZATTA<\/strong><\/p>\n<audio class=\"wp-audio-shortcode\" id=\"audio-150684-5\" preload=\"none\" style=\"width: 100%;\" controls=\"controls\"><source type=\"audio\/mpeg\" src=\"https:\/\/www.radiopiu.net\/wordpress\/wp-content\/uploads\/2020\/07\/zatta-feltre.mp3?_=5\" \/><a href=\"https:\/\/www.radiopiu.net\/wordpress\/wp-content\/uploads\/2020\/07\/zatta-feltre.mp3\">https:\/\/www.radiopiu.net\/wordpress\/wp-content\/uploads\/2020\/07\/zatta-feltre.mp3<\/a><\/audio>\n<p>&nbsp;<\/p>\n<p><a class=\"dt-pswp-item\" href=\"https:\/\/www.radiopiu.net\/wordpress\/wp-content\/uploads\/2020\/07\/WhatsApp-Image-2020-07-22-at-17.10.54.jpeg\" data-dt-img-description=\"\" data-large_image_width=\"1068\" data-large_image_height=\"1461\"><img loading=\"lazy\" decoding=\"async\" class=\"alignnone size-medium wp-image-150805\" src=\"https:\/\/www.radiopiu.net\/wordpress\/wp-content\/uploads\/2020\/07\/WhatsApp-Image-2020-07-22-at-17.10.54-219x300.jpeg\" alt=\"\" width=\"219\" height=\"300\" srcset=\"https:\/\/www.radiopiu.net\/wordpress\/wp-content\/uploads\/2020\/07\/WhatsApp-Image-2020-07-22-at-17.10.54-219x300.jpeg 219w, https:\/\/www.radiopiu.net\/wordpress\/wp-content\/uploads\/2020\/07\/WhatsApp-Image-2020-07-22-at-17.10.54-749x1024.jpeg 749w, https:\/\/www.radiopiu.net\/wordpress\/wp-content\/uploads\/2020\/07\/WhatsApp-Image-2020-07-22-at-17.10.54-768x1051.jpeg 768w, https:\/\/www.radiopiu.net\/wordpress\/wp-content\/uploads\/2020\/07\/WhatsApp-Image-2020-07-22-at-17.10.54.jpeg 1068w\" sizes=\"auto, (max-width: 219px) 100vw, 219px\" \/><\/a><a class=\"dt-pswp-item\" href=\"https:\/\/www.radiopiu.net\/wordpress\/wp-content\/uploads\/2020\/07\/WhatsApp-Image-2020-07-22-at-17.10.54-2.jpeg\" data-dt-img-description=\"\" data-large_image_width=\"1152\" data-large_image_height=\"1744\"><img loading=\"lazy\" decoding=\"async\" class=\"alignnone size-medium wp-image-150804\" src=\"https:\/\/www.radiopiu.net\/wordpress\/wp-content\/uploads\/2020\/07\/WhatsApp-Image-2020-07-22-at-17.10.54-2-198x300.jpeg\" alt=\"\" width=\"198\" height=\"300\" srcset=\"https:\/\/www.radiopiu.net\/wordpress\/wp-content\/uploads\/2020\/07\/WhatsApp-Image-2020-07-22-at-17.10.54-2-198x300.jpeg 198w, https:\/\/www.radiopiu.net\/wordpress\/wp-content\/uploads\/2020\/07\/WhatsApp-Image-2020-07-22-at-17.10.54-2-676x1024.jpeg 676w, https:\/\/www.radiopiu.net\/wordpress\/wp-content\/uploads\/2020\/07\/WhatsApp-Image-2020-07-22-at-17.10.54-2-768x1163.jpeg 768w, https:\/\/www.radiopiu.net\/wordpress\/wp-content\/uploads\/2020\/07\/WhatsApp-Image-2020-07-22-at-17.10.54-2-1015x1536.jpeg 1015w, https:\/\/www.radiopiu.net\/wordpress\/wp-content\/uploads\/2020\/07\/WhatsApp-Image-2020-07-22-at-17.10.54-2.jpeg 1152w\" sizes=\"auto, (max-width: 198px) 100vw, 198px\" \/><\/a><\/p>\n<p>&nbsp;<\/p>\n<p>&nbsp;<\/p>\n<hr \/>\n<p>&nbsp;<\/p>\n<blockquote>\n<h2 style=\"text-align: center;\">FONDI DI CONFINE PER L&#8217;EMERGENZA COVID<\/h2>\n<\/blockquote>\n<p style=\"text-align: center;\"><em>De Menech;\u00a0 \u00abMisura straordinaria a sostegno di cittadini, imprese e amministrazioni pubbliche\u00bb\u00a0<\/em><\/p>\n<p>dalla rassegna stampa delle otto<\/p>\n<audio class=\"wp-audio-shortcode\" id=\"audio-150684-6\" preload=\"none\" style=\"width: 100%;\" controls=\"controls\"><source type=\"audio\/mpeg\" src=\"https:\/\/www.radiopiu.net\/wordpress\/wp-content\/uploads\/2020\/07\/roger-1.mp3?_=6\" \/><a href=\"https:\/\/www.radiopiu.net\/wordpress\/wp-content\/uploads\/2020\/07\/roger-1.mp3\">https:\/\/www.radiopiu.net\/wordpress\/wp-content\/uploads\/2020\/07\/roger-1.mp3<\/a><\/audio>\n<p>&nbsp;<\/p>\n<p><strong><a class=\"dt-pswp-item\" href=\"https:\/\/www.radiopiu.net\/wordpress\/wp-content\/uploads\/2016\/01\/slider_01-roger-de-menech-07-07-620x248-e1454393337533.jpg\" data-dt-img-description=\"\" data-large_image_width=\"620\" data-large_image_height=\"248\"><img loading=\"lazy\" decoding=\"async\" class=\"size-medium wp-image-16099 alignleft\" src=\"https:\/\/www.radiopiu.net\/wordpress\/wp-content\/uploads\/2016\/01\/slider_01-roger-de-menech-07-07-620x248-e1454393337533-300x120.jpg\" alt=\"\" width=\"300\" height=\"120\" \/><\/a>TRENTO<\/strong>\u00a0 Il Comitato paritetico per la gestione dei fondi di confine ha approvato oggi la delibera \u2018Emergenza Covid-19\u2019 e ha avviato la fase di concertazione per i progetti strategici prevista dalla programmazione 2019-2023.\u00a0 \u00abAbbiamo deciso come misura straordinaria dovuta all\u2019emergenza sanitaria di stanziare 16 milioni e mezzo destinati a fronteggiare la crisi sanitaria ed economica per le aree di confine delle cinque province, Sondrio (2,3 milioni), Brescia (2,2 milioni), Verona (1,2 milioni), Vicenza (2 milioni) e Belluno (8,6 milioni). Le risorse sono destinate ad azioni di sostegno economico a favore della popolazione, delle attivit\u00e0 produttive e delle amministrazioni pubbliche per le spese d\u2019investimento sostenute o da sostenere legate all\u2019emergenza sanitaria Covid-19\u00bb, afferma il presidente del Comitato, <strong>Roger De Menech<\/strong>. \u00abLe iniziative potranno anche essere rivolte a favorire la ripresa economica\u00bb. Il termine per la presentazione dei relativi progetti da parte dei soggetti proponenti sar\u00e0 ottobre 2020.<\/p>\n<p>&nbsp;<\/p>\n<hr \/>\n<blockquote>\n<h3><\/h3>\n<h2><a class=\"dt-pswp-item\" href=\"https:\/\/www.radiopiu.net\/wordpress\/wp-content\/uploads\/2020\/07\/VcV_dati_distanza_ospedali.jpeg\" data-dt-img-description=\"\" data-large_image_width=\"754\" data-large_image_height=\"1143\"><img loading=\"lazy\" decoding=\"async\" class=\" wp-image-150824 alignleft\" src=\"https:\/\/www.radiopiu.net\/wordpress\/wp-content\/uploads\/2020\/07\/VcV_dati_distanza_ospedali-198x300.jpeg\" alt=\"\" width=\"213\" height=\"322\" srcset=\"https:\/\/www.radiopiu.net\/wordpress\/wp-content\/uploads\/2020\/07\/VcV_dati_distanza_ospedali-198x300.jpeg 198w, https:\/\/www.radiopiu.net\/wordpress\/wp-content\/uploads\/2020\/07\/VcV_dati_distanza_ospedali-675x1024.jpeg 675w, https:\/\/www.radiopiu.net\/wordpress\/wp-content\/uploads\/2020\/07\/VcV_dati_distanza_ospedali.jpeg 754w\" sizes=\"auto, (max-width: 213px) 100vw, 213px\" \/><\/a>LA CAMPAGNA ELETTORALE ENTRA NEL VIVO, LA SANITA&#8217; SARA&#8217; UNO DEGLI ARGOMENTI TRAINANTI<\/h2>\n<\/blockquote>\n<p><strong>VENEZIA<\/strong> Non c&#8217;\u00e8 dubbio la materia sanitaria, gli ospedali periferici in particolare saranno argomenti da campagna elettorale in attesa del voto di settembre per il rinnovo del consiglio regionale.\u00a0 \u00a0Nei giorni scorsi il comunicato dei comitati che hanno messo in evidenza le criticit\u00e0 della sanit\u00e0 di montagna, quindi la risposta del&#8217;assessore Manuela Lanzarin che definisce &#8220;bugiardi sia i cadorini che gli agordini. Oggi l&#8217;intervento di Alessandra Buzzo coordinatrice bellunese del del &#8220;Veneto che Vogliamo &#8211; Lorenzoni Presidente&#8221; \u00a0<em>\u201cSi accusano i comitati di fare campagna elettorale quando chi governa la regione \u00e8 perennemente in campagna elettorale, ricca di subdoli effetti speciali che prendono in giro ed umiliano le persone che vivono nelle terre marginali. <\/em><em>Solo chi vive in questi bellissimi e difficili territori s\u00e0 cosa vuol dire percepire ogni giorno il senso di precariet\u00e0 ed insicurezza in merito al proprio diritto alla salute. <\/em><em>Quando si parla ed i dati inconfutabili lo confermano, di golden hour non rispettata parliamo del diritto alla salute non rispettato e garantito! <\/em><em>Le denunce fatte dai comitati in modo serio e documentato sono di fatto da anni ignorate con altrettanti tentativi di sminuirle. <\/em><em>L&#8217;assessore ed il presidente della Regione dovrebbero avere il &#8220;coraggio&#8221; di rispondere alle numerose richieste d&#8217;incontro fatte dai comitati ma preferiscono la scorciatoia del &#8220;fumo negli occhi&#8221;.\u201d<\/em><\/p>\n<p><strong>\u00a0la Golden hour, L&#8217;ora d&#8217;oro \u00e8 il tempo massimo entro il quale un paziente grave deve essere in sala operatoria. Ci sono patologie tempo-dipendenti (distacco di placenta, infarto per es.) che portano a una morte sicura se non si viene operati immediatamente.<\/strong><\/p>\n<blockquote><p>&nbsp;<\/p>\n<p>&nbsp;<\/p><\/blockquote>\n<hr \/>\n<blockquote>\n<h3><\/h3>\n<h3>UN SOLO POSITIVO NELLE 24 ORE, PADOVANO CHE SI E&#8217; TRASFERITO IN VACANZA NELL&#8217;AGORDINO<\/h3>\n<\/blockquote>\n<p><strong><img loading=\"lazy\" decoding=\"async\" class=\"alignleft\" src=\"https:\/\/www.radiopiu.net\/wordpress\/wp-content\/uploads\/2020\/03\/stop-covid.jpg\" width=\"156\" height=\"104\" \/>BELLUNO<\/strong> Nel consueto aggiornamento covid19 della Ulss1 Dolomiti questa sera non vengono segnalati casi di positivit\u00e0 nuovi, va per\u00f2 ricordato l&#8217;inserimento nei dati statistici di un soggetto gi\u00e0 postivo residente a Padova dove tra l&#8217;altro era ricoverato e che si \u00e8 trasferito in montagna per ragioni di famiglia. L&#8217;uomo dovr\u00e0 rigorosamente rispettare le prescrizioni di legge in fatto di quarantena, Per il resto la Ulss1 segnala piccoli numeri relativi a disposizione di quarantena\u00a0 per arrivi dall\u2019estero o sintomatologia simil covid con programmazione dei relativi tamponi.<\/p>\n<p>&nbsp;<\/p>\n<p>&nbsp;<\/p>\n<p>&nbsp;<\/p>\n<hr \/>\n<p>&nbsp;<\/p>\n<blockquote>\n<h3>VENETO: 6 DECESSI\u00a0 +36\u00a0 POSITIVI E 2180 PERSONE IN ISOLAMENTO DI CUI 25 CON SINTOMATOLOGIA, 5 CONTAGI A BELLUNO, SCENDONO A 189\u00a0 I SOGGETTI IN ISOLAMENTO NESSUNO SINTOMATICO<\/h3>\n<p>di Mirko Mezzacasa<\/p><\/blockquote>\n<p><a class=\"dt-pswp-item\" href=\"https:\/\/www.radiopiu.net\/wordpress\/wp-content\/uploads\/2020\/07\/dfba44de-a1c1-4869-8252-c32d523ae2cb.jpg\" data-dt-img-description=\"\" data-large_image_width=\"1440\" data-large_image_height=\"720\"><img loading=\"lazy\" decoding=\"async\" class=\"size-medium wp-image-150733 alignleft\" src=\"https:\/\/www.radiopiu.net\/wordpress\/wp-content\/uploads\/2020\/07\/dfba44de-a1c1-4869-8252-c32d523ae2cb-300x150.jpg\" alt=\"\" width=\"300\" height=\"150\" srcset=\"https:\/\/www.radiopiu.net\/wordpress\/wp-content\/uploads\/2020\/07\/dfba44de-a1c1-4869-8252-c32d523ae2cb-300x150.jpg 300w, https:\/\/www.radiopiu.net\/wordpress\/wp-content\/uploads\/2020\/07\/dfba44de-a1c1-4869-8252-c32d523ae2cb-1024x512.jpg 1024w, https:\/\/www.radiopiu.net\/wordpress\/wp-content\/uploads\/2020\/07\/dfba44de-a1c1-4869-8252-c32d523ae2cb-768x384.jpg 768w, https:\/\/www.radiopiu.net\/wordpress\/wp-content\/uploads\/2020\/07\/dfba44de-a1c1-4869-8252-c32d523ae2cb.jpg 1440w\" sizes=\"auto, (max-width: 300px) 100vw, 300px\" \/><\/a>IN ITALIA \u00a0In un giorno i nuovi casi sono raddoppiati da 129 a 282,\u00a0 scendono i decessi: 9 anzich\u00e9 15. Le infezioni\u00a0 in Emilia Romagna (57),\u00a0 Lombardia (51) e\u00a0 Veneto e Basilicata (36). In quest&#8217;ultimo caso la variazione \u00e8 del cento per cento poich\u00e9 fino a due giorni fa La Basilicata contava zero contagi, poi sono sbarcati i migranti e con loro il virus e i 33 sono tutti in quarantena.<br \/>\nIN VENETO Pur in misura contenuta i contagi continuano a sommarsi, 36 nuovi casi di posivitivit\u00e0 in Veneto\u00a0 6 decessi nella ultime 24 ore. Salgono a 119 i ricoveri in area critica mentre in terapia intensiva sono sempre 7 i pazienti ricoverati di cui 5 negativizzati e 2 positivi. In isolamento domiciliare ci sono 353 persone in pi\u00f9 anche se sono comunque una minoranza con sintomi: totale 2180 (con sintomi 25), Padova 333 (4), Belluno 189 (0), Rovigo 136\u00a0 (9), Treviso 424 (6), Venezia 402 (6), Verona 622 (0), Vicenza 184 (0). In Provincia ieri si sono contati altri 5 positivi e gli attualmente positivi sono 17, sempre 3 i ricoverati al San Martino.<\/p>\n<p><strong>I NUMERI\u00a0 IN VENETO:<\/strong> TOTALE POSITIVI\u00a0 19713\u00a0 (+36)\u00a0 ATTUALMENTE POSITIVI 649 (+24)\u00a0 DECESSI\u00a0 2062\u00a0 (+6) NEGATIVIZZATI 17002 (+6) IN ISOLAMENTO 1827\u00a0 (+133)\u00a0 RICOVERATI\u00a0 119 (+2\u00a0 31 POSITIVI 88 NEGATIVIZZATI), NEGLI OSPEDALI DI COMUNITA\u2019 RICOVERATI 17 (0, 1 POSITIVI,\u00a0 16 NEGATIVIZZATI), IN TERAPIA INTENSIVA 7 (0 \u2013 2 POSITIVI, \u00a05 NEGATIVIZZATI). DIMESSI 3730 (+7) NEGLI OSPEDALI DI COMUNITA&#8217; 323 (0)<\/p>\n<p><strong>I NUMERI IN PROVINCIA:<\/strong> TOTALE CONTAGI 1209 (+5) , ATTUALMENTE POSITIVI 17 (+1) , DECEDUTI 113 (0), NEGATIVIZZATI 1079 (+4) ISOLAMENTO DOMICILIARE 189 (-2) RICOVERATI IN OSPEDALE AL SAN MARTINO 3 (0)<\/p>\n<p>I GRAFICI DI TIZIANO DE COL<br \/>\n<a class=\"dt-pswp-item\" href=\"https:\/\/www.radiopiu.net\/wordpress\/wp-content\/uploads\/2020\/07\/eace617e-97a6-436f-8e41-bb28895bc12d.jpg\" data-dt-img-description=\"\" data-large_image_width=\"480\" data-large_image_height=\"674\"><img loading=\"lazy\" decoding=\"async\" class=\"alignnone size-medium wp-image-150859\" src=\"https:\/\/www.radiopiu.net\/wordpress\/wp-content\/uploads\/2020\/07\/eace617e-97a6-436f-8e41-bb28895bc12d-214x300.jpg\" alt=\"\" width=\"214\" height=\"300\" srcset=\"https:\/\/www.radiopiu.net\/wordpress\/wp-content\/uploads\/2020\/07\/eace617e-97a6-436f-8e41-bb28895bc12d-214x300.jpg 214w, https:\/\/www.radiopiu.net\/wordpress\/wp-content\/uploads\/2020\/07\/eace617e-97a6-436f-8e41-bb28895bc12d.jpg 480w\" sizes=\"auto, (max-width: 214px) 100vw, 214px\" \/><\/a><a class=\"dt-pswp-item\" href=\"https:\/\/www.radiopiu.net\/wordpress\/wp-content\/uploads\/2020\/07\/9f4e2292-39d2-438c-b142-6398437a4b20.jpg\" data-dt-img-description=\"\" data-large_image_width=\"480\" data-large_image_height=\"338\"><img loading=\"lazy\" decoding=\"async\" class=\"alignnone size-medium wp-image-150858\" src=\"https:\/\/www.radiopiu.net\/wordpress\/wp-content\/uploads\/2020\/07\/9f4e2292-39d2-438c-b142-6398437a4b20-300x211.jpg\" alt=\"\" width=\"300\" height=\"211\" srcset=\"https:\/\/www.radiopiu.net\/wordpress\/wp-content\/uploads\/2020\/07\/9f4e2292-39d2-438c-b142-6398437a4b20-300x211.jpg 300w, https:\/\/www.radiopiu.net\/wordpress\/wp-content\/uploads\/2020\/07\/9f4e2292-39d2-438c-b142-6398437a4b20.jpg 480w\" sizes=\"auto, (max-width: 300px) 100vw, 300px\" \/><\/a><\/p>\n<p>&nbsp;<\/p>\n<hr \/>\n<\/div>\n<p>&nbsp;<\/p>\n<p>&nbsp;<\/p>\n<blockquote class=\"wp-embedded-content\" data-secret=\"qI4w4ntu6C\"><p><a href=\"https:\/\/www.radiopiu.net\/wordpress\/22luglio-2\/\">CORONAVIRUS: AGGIORNAMENTO NAZIONALE 22 LUGLIO<\/a><\/p><\/blockquote>\n<p><iframe loading=\"lazy\" class=\"wp-embedded-content\" sandbox=\"allow-scripts\" security=\"restricted\" style=\"position: absolute; clip: rect(1px, 1px, 1px, 1px);\" title=\"&#8220;CORONAVIRUS: AGGIORNAMENTO NAZIONALE 22 LUGLIO&#8221; &#8212; Radio Pi\u00f9\" src=\"https:\/\/www.radiopiu.net\/wordpress\/22luglio-2\/embed\/#?secret=qI4w4ntu6C\" data-secret=\"qI4w4ntu6C\" width=\"600\" height=\"338\" frameborder=\"0\" marginwidth=\"0\" marginheight=\"0\" scrolling=\"no\"><\/iframe><\/p>\n<div class=\"page-title-breadcrumbs\">\n<hr \/>\n<p>&nbsp;<\/p>\n<blockquote class=\"wp-embedded-content\" data-secret=\"fYZtjZeFYo\"><p><a href=\"https:\/\/www.radiopiu.net\/wordpress\/22luglio\/\">SEI DECESSI PER COVID NELLE ULTIME 24 ORE IN VENETO, 36 CASI DI POSITIVITA&#8217;, 5 IN PROVINCIA DI BELLUNO SUPERATI I 17MILA GUARITI<\/a><\/p><\/blockquote>\n<p><iframe loading=\"lazy\" class=\"wp-embedded-content\" sandbox=\"allow-scripts\" security=\"restricted\" style=\"position: absolute; clip: rect(1px, 1px, 1px, 1px);\" title=\"&#8220;SEI DECESSI PER COVID NELLE ULTIME 24 ORE IN VENETO, 36 CASI DI POSITIVITA&#8217;, 5 IN PROVINCIA DI BELLUNO SUPERATI I 17MILA GUARITI&#8221; &#8212; Radio Pi\u00f9\" src=\"https:\/\/www.radiopiu.net\/wordpress\/22luglio\/embed\/#?secret=fYZtjZeFYo\" data-secret=\"fYZtjZeFYo\" width=\"600\" height=\"338\" frameborder=\"0\" marginwidth=\"0\" marginheight=\"0\" scrolling=\"no\"><\/iframe><\/p>\n<p>&nbsp;<\/p>\n<hr \/>\n<blockquote>\n<h3>NASCE IL GRUPPO \u201cANCE BELLUNO GIOVANI\u201d<\/h3>\n<\/blockquote>\n<p><b><a class=\"dt-pswp-item\" href=\"https:\/\/www.radiopiu.net\/wordpress\/wp-content\/uploads\/2015\/10\/Confindustria_BL.gif\" data-dt-img-description=\"\" data-large_image_width=\"793\" data-large_image_height=\"211\"><img loading=\"lazy\" decoding=\"async\" class=\"size-medium wp-image-12471 alignleft\" src=\"https:\/\/www.radiopiu.net\/wordpress\/wp-content\/uploads\/2015\/10\/Confindustria_BL-300x80.gif\" alt=\"\" width=\"300\" height=\"80\" \/><\/a>BELLUNO\u00a0<\/b>Nell\u2019ambito della sezione Costruttori Edili di Confindustria Belluno Dolomiti &#8211; ANCE BELLUNO, \u00e8 stato costituito il primo Gruppo Giovani della sua storia.\u00a0\u201c<em>Dopo un percorso di alcuni mesi &#8211; esordisce il neo presidente Marco DAL MAGRO \u2013 siamo riusciti a costituire questo nuovo gruppo che spero possa portare nuova linfa e nuovi stimoli al sistema associativo bellunese, in particolare nell\u2019ambito del sistema delle costruzioni<\/em>\u201d.Marco Dal Magro, ingegnere industriale trentunenne, rappresenta la terza generazione, assieme ai fratelli, dell\u2019Impresa Costruzioni Dal Magro S.p.A., impresa di costruzioni generali specializzata nella realizzazione di impianti per la distribuzione carburanti, con un ambito di azione a livello nazionale.Marco Dal Magro segue i passi del padre gi\u00e0 presidente della Sezione Costruttori nei primi anni duemila.\u201c<em>Il Gruppo giovani edili \u00e8 una realt\u00e0 nuova a Belluno, &#8211; sottolinea il neo presidente &#8211; direi quasi una start-up e proprio con questo spirito sono certo che tutto il Gruppo sapr\u00e0 formulare proposte ed iniziative per coinvolgere e crescere.\u201d \u201cLa forza del nuovo gruppo costituitosi a Belluno \u2013 continua Dal Magro &#8211; \u00e8 soprattutto nelle persone che per tipologie di impegno e variet\u00e0 di aziende che rappresentano, coprono tutto l\u2019ambito dell\u2019edilizia bellunesi. Non siamo molti, ma sicuramente determinati nel portare avanti progetti in stretta collaborazione con il Direttivo senior &#8211; che ringrazio per l\u2019appoggio &#8211; ed il presidente Olivotto in particolare che ha sostenuto questo progetto sin dal primo momento<\/em>\u201d.\u00a0\u201c<em>Le costruzioni \u2013 conclude il neo presidente \u2013 a volte soffrono di una visibilit\u00e0 negativa, ma la realt\u00e0 bellunese \u00e8 un patrimonio straordinario, ricco di esperienza e processi innovativi che partono dalla scuola edile impegnata nella formazione ed aggiornamento delle maestranze alle molte storiche imprese del nostro tessuto imprenditoriale oggi pi\u00f9 cha mai chiamate a nuove sfide\u201d. \u201cL\u2019impegno \u00e8 di fare del mio meglio, con l\u2019aiuto essenziale dei miei colleghi, perch\u00e9 i giovani edili sappiano ricavarsi un ruolo positivo e propositivo, non solo a livello associativo, ma nell\u2019ambito e per la valorizzazione di tutto il nostro settore<\/em>\u201d.<\/p>\n<p>&nbsp;<\/p>\n<p>&nbsp;<\/p>\n<hr \/>\n<p>&nbsp;<\/p>\n<blockquote>\n<h3>I FUTURI MANUTENTORI IN VISITA ALLE AZIENDE PRIMA DI INIZIARE I TIROCINI<\/h3>\n<\/blockquote>\n<p><strong>LONGARONE\u00a0<\/strong> Tre uscite di approfondimento hanno permesso agli allievi del corso organizzato dall\u2019Area Formazione di Certottica di toccare con mano diversi aspetti del lavoro prima di iniziare i tirocini. La prima trasferta si \u00e8 tenuta alla DF, azienda di Quero, che si occupa di lavorazioni in metallo. La seconda uscita, sempre a Quero\u00a0 in Mistral, con la robotica\u00a0 e macchine a controllo numerico. Infine alla TVM Robotics and Automations di Ansogne con la progettazione meccanica ed elettrica. <em>\u201cQueste visite guidate \u2013 hanno commentato dall\u2019Area Formazione di Certottica \u2013 sono servite ad approfondire la fase teorica del corso, che si \u00e8 concretizzata in 288 ore di lezione e a sancire l\u2019inizio dei tirocini degli allievi. Il riscontro \u00e8 stato davvero positivo e ci fa capire che la formula di insegnamento \u00e8 vincente\u201d. <\/em>Il percorso per \u201cManutentore di macchine\/impianti\/sistemi di automazione 4.0 per il settore occhialeria\u201d totalmente gratuito porter\u00e0 alla formazione di 12 manutentori che al momento dell\u2019iscrizione non avevano un impiego. Un sostegno concreto e che\u00a0 contrasta la disoccupazione registrata nel territorio.<\/p>\n\n\t\t\t<style type='text\/css'>\n\t\t\t\t#gallery-1 {\n\t\t\t\t\tmargin: auto;\n\t\t\t\t}\n\t\t\t\t#gallery-1 .gallery-item {\n\t\t\t\t\tfloat: left;\n\t\t\t\t\tmargin-top: 10px;\n\t\t\t\t\ttext-align: center;\n\t\t\t\t\twidth: 33%;\n\t\t\t\t}\n\t\t\t\t#gallery-1 img {\n\t\t\t\t\tborder: 2px solid #cfcfcf;\n\t\t\t\t}\n\t\t\t\t#gallery-1 .gallery-caption {\n\t\t\t\t\tmargin-left: 0;\n\t\t\t\t}\n\t\t\t\t\/* see gallery_shortcode() in wp-includes\/media.php *\/\n\t\t\t<\/style>\n\t\t<div id='gallery-1' class='dt-gallery-container gallery galleryid-150684 gallery-columns-3 gallery-size-thumbnail'><dl class='gallery-item'>\n\t\t\t\t<dt class='gallery-icon landscape'>\n\t\t\t\t\t<a class=\"rollover rollover-zoom dt-pswp-item\" title=\"CORSO MANUTENTORE PER L&#039;OCCHIALERIA (3)\" data-dt-img-description=\"\" data-large_image_width=\"1123\" data-large_image_height=\"1053\"href='https:\/\/www.radiopiu.net\/wordpress\/wp-content\/uploads\/2020\/07\/CORSO-MANUTENTORE-PER-LOCCHIALERIA-3.jpeg'><img loading=\"lazy\" decoding=\"async\" width=\"150\" height=\"150\" src=\"https:\/\/www.radiopiu.net\/wordpress\/wp-content\/uploads\/2020\/07\/CORSO-MANUTENTORE-PER-LOCCHIALERIA-3-150x150.jpeg\" class=\"attachment-thumbnail size-thumbnail\" alt=\"\" \/><\/a>\n\t\t\t\t<\/dt><\/dl><dl class='gallery-item'>\n\t\t\t\t<dt class='gallery-icon landscape'>\n\t\t\t\t\t<a class=\"rollover rollover-zoom dt-pswp-item\" title=\"CORSO MANUTENTORE PER L&#039;OCCHIALERIA (16)\" data-dt-img-description=\"\" data-large_image_width=\"1505\" data-large_image_height=\"1126\"href='https:\/\/www.radiopiu.net\/wordpress\/wp-content\/uploads\/2020\/07\/CORSO-MANUTENTORE-PER-LOCCHIALERIA-16.jpeg'><img loading=\"lazy\" decoding=\"async\" width=\"150\" height=\"150\" src=\"https:\/\/www.radiopiu.net\/wordpress\/wp-content\/uploads\/2020\/07\/CORSO-MANUTENTORE-PER-LOCCHIALERIA-16-150x150.jpeg\" class=\"attachment-thumbnail size-thumbnail\" alt=\"\" \/><\/a>\n\t\t\t\t<\/dt><\/dl><dl class='gallery-item'>\n\t\t\t\t<dt class='gallery-icon landscape'>\n\t\t\t\t\t<a class=\"rollover rollover-zoom dt-pswp-item\" title=\"CORSO MANUTENTORE PER L&#039;OCCHIALERIA (21)\" data-dt-img-description=\"\" data-large_image_width=\"1600\" data-large_image_height=\"1200\"href='https:\/\/www.radiopiu.net\/wordpress\/wp-content\/uploads\/2020\/07\/CORSO-MANUTENTORE-PER-LOCCHIALERIA-21.jpeg'><img loading=\"lazy\" decoding=\"async\" width=\"150\" height=\"150\" src=\"https:\/\/www.radiopiu.net\/wordpress\/wp-content\/uploads\/2020\/07\/CORSO-MANUTENTORE-PER-LOCCHIALERIA-21-150x150.jpeg\" class=\"attachment-thumbnail size-thumbnail\" alt=\"\" \/><\/a>\n\t\t\t\t<\/dt><\/dl><br style=\"clear: both\" \/>\n\t\t\t<\/div>\n\n<p>&nbsp;<\/p>\n<hr \/>\n<p>&nbsp;<\/p>\n<blockquote>\n<h3>\u00a0CESSA LA PEDIATRA ALESSANDRA BET, CAMBIO MEDICO VIA MAIL<\/h3>\n<\/blockquote>\n<p><strong>FELTRE \u00a0<\/strong> La dottoressa Alessandra Bet, pediatra di libera scelta nell\u2019ambito territoriale dei Comuni di Cesiomaggiore, San Gregorio nelle Alpi, Santa Giustina, Sedico, Sospirolo, Lentiai, Mel e Trichiana, terminer\u00e0 il proprio incarico il giorno 31 luglio 2020. Pertanto, per continuare a fruire dell\u2019assistenza pediatrica in forma diretta e gratuita a carico del Servizio Sanitario Nazionale, si dovr\u00e0 effettuare la scelta di uno dei medici pediatri con disponibilit\u00e0 di posti.. E\u2019 stata, infatti, definita la deroga temporanea del massimale come di seguito riportato riassorbendo tutti i circa 900 assistiti della dottoressa Bet da parte dei pediatri Camurri, Sebastianelli, Grando e Poggiato. La scelta dovr\u00e0 essere effettuata tramite e-mail inviando una mail non PEC all\u2019indirizzo\u00a0 cambiomedico@aulss1.veneto.it@aulss1.veneto.it.<\/p>\n<\/div>\n<p>&nbsp;<\/p>\n<div class=\"page-title-breadcrumbs\">\n<blockquote>\n<h3>ANCHE SEBASTIANO BACCHIN IN PENSIONE, PER ORA ASSISTENZA GRATUITA<\/h3>\n<\/blockquote>\n<p><strong>FELTRE\u00a0<\/strong> \u00a0Nessun medico si \u00e8 reso disponibile agli avvisi per il conferimento dell\u2019incarico provvisorio per la sostituzione del dottor Paolo Sebastiano Bacchin, medico di assistenza primaria nell\u2019ambito territoriale dei Comuni di Cesiomaggiore, San Gregorio nelle Alpi, Santa Giustina, Sedico e Sospirolo, che terminer\u00e0 il proprio incarico il giorno 30 luglio 2020. Nonostante il doppio avviso e gli sforzi della Direzione Amministrativa Territoriale per trovare un sostituto, le procedure sono andate deserte. Per continuare a fruire dell\u2019assistenza medica in forma diretta e gratuita a carico del Servizio Sanitario Nazionale, i 1446 assistiti del dottor Bacchin dovranno effettuare la scelta di uno dei medici di assistenza primaria con disponibilit\u00e0 di posti dell\u2019ambito territoriale. Esauriti i posti, sar\u00e0 possibile scegliere soltanto i dottori Rossa, Pegoraro, Banzi e Bertelle che si sono resi disponibili ad accogliere temporaneamente gli assistiti oltre il massimale di 1.500,\u00a0 avr\u00e0 durata massima di 6 mesi e cesser\u00e0 all\u2019arrivo del nuovo medico. La scelta dovr\u00e0 essere effettuata tramite e-mail inviando una mail non PEC all\u2019indirizzo\u00a0 cambiomedico@aulss1.veneto.it<\/p>\n<p>&nbsp;<\/p>\n<blockquote>\n<h3>LA DONAZIONE, NEL RICORDO DEL DOTTOR MICHELE DE BONI<\/h3>\n<\/blockquote>\n<p><strong><a class=\"dt-pswp-item\" href=\"https:\/\/www.radiopiu.net\/wordpress\/wp-content\/uploads\/2020\/07\/IMG_20200721_161614-1-scaled.jpg\" data-dt-img-description=\"\" data-large_image_width=\"2560\" data-large_image_height=\"2560\"><img loading=\"lazy\" decoding=\"async\" class=\" wp-image-150779 alignleft\" src=\"https:\/\/www.radiopiu.net\/wordpress\/wp-content\/uploads\/2020\/07\/IMG_20200721_161614-1-300x300.jpg\" alt=\"\" width=\"249\" height=\"249\" srcset=\"https:\/\/www.radiopiu.net\/wordpress\/wp-content\/uploads\/2020\/07\/IMG_20200721_161614-1-300x300.jpg 300w, https:\/\/www.radiopiu.net\/wordpress\/wp-content\/uploads\/2020\/07\/IMG_20200721_161614-1-1024x1024.jpg 1024w, https:\/\/www.radiopiu.net\/wordpress\/wp-content\/uploads\/2020\/07\/IMG_20200721_161614-1-150x150.jpg 150w, https:\/\/www.radiopiu.net\/wordpress\/wp-content\/uploads\/2020\/07\/IMG_20200721_161614-1-768x768.jpg 768w, https:\/\/www.radiopiu.net\/wordpress\/wp-content\/uploads\/2020\/07\/IMG_20200721_161614-1-1536x1536.jpg 1536w, https:\/\/www.radiopiu.net\/wordpress\/wp-content\/uploads\/2020\/07\/IMG_20200721_161614-1-2048x2048.jpg 2048w\" sizes=\"auto, (max-width: 249px) 100vw, 249px\" \/><\/a>FELTRE<\/strong> La famiglia del compianto dottor Michele De Boni ha donato, tramite l\u2019Associazione Mano Amica, una poltrona per le terapie infusionali all\u2019ospedale di Feltre.\u00a0 In occasione della consegna della donazione, non \u00e8 mancato un momento di forte commozione nel ricordo dello stimato dottor De Boni che \u00e8 \u201csempre con noi\u201d, come ha ricordato il direttore dell\u2019oncologia di Feltre Davide Pastorelli: \u00abMichele ha tracciato una strada che noi stiamo proseguendo\u00bb. Proprio in occasione dell\u2019inaugurazione della Rianimazione e del blocco chirurgico il Presidente Zaia aveva dedicato il \u201cCentro di riferimento regionale per la chirurgia oncologica gastrointestinale\u201d al dottor Michele De Boni. IlDirettore Generale ha ricordato l\u2019impegno della direzione per potenziare il centro \u201cMichele De Boni\u201d e le attivit\u00e0 connesse per garantire cure sempre pi\u00f9 all\u2019avanguardia e personalizzate, insieme a un approccio umano e all\u2019impegno sul fronte della ricerca.<\/p>\n<p>&nbsp;<\/p>\n<p>&nbsp;<\/p>\n<p>&nbsp;<\/p>\n<hr \/>\n<p>&nbsp;<\/p>\n<blockquote>\n<h3><a class=\"dt-pswp-item\" href=\"https:\/\/www.radiopiu.net\/wordpress\/wp-content\/uploads\/2020\/07\/65fadca9-d1d7-4e32-931d-51fbd91870a9.jpg\" data-dt-img-description=\"\" data-large_image_width=\"1131\" data-large_image_height=\"1600\"><img loading=\"lazy\" decoding=\"async\" class=\"wp-image-150676 alignleft\" src=\"https:\/\/www.radiopiu.net\/wordpress\/wp-content\/uploads\/2020\/07\/65fadca9-d1d7-4e32-931d-51fbd91870a9-212x300.jpg\" alt=\"\" width=\"131\" height=\"185\" srcset=\"https:\/\/www.radiopiu.net\/wordpress\/wp-content\/uploads\/2020\/07\/65fadca9-d1d7-4e32-931d-51fbd91870a9-212x300.jpg 212w, https:\/\/www.radiopiu.net\/wordpress\/wp-content\/uploads\/2020\/07\/65fadca9-d1d7-4e32-931d-51fbd91870a9-724x1024.jpg 724w, https:\/\/www.radiopiu.net\/wordpress\/wp-content\/uploads\/2020\/07\/65fadca9-d1d7-4e32-931d-51fbd91870a9-768x1086.jpg 768w, https:\/\/www.radiopiu.net\/wordpress\/wp-content\/uploads\/2020\/07\/65fadca9-d1d7-4e32-931d-51fbd91870a9-1086x1536.jpg 1086w, https:\/\/www.radiopiu.net\/wordpress\/wp-content\/uploads\/2020\/07\/65fadca9-d1d7-4e32-931d-51fbd91870a9.jpg 1131w\" sizes=\"auto, (max-width: 131px) 100vw, 131px\" \/><\/a>IMPARARE L&#8217;INGLESE: WORKSHOP PER BAMBINI E RAGAZZI A LIVINALLONGO, ALLEGHE, FALCADE E TAIBON<\/h3>\n<\/blockquote>\n<p><strong>TAIBON<\/strong> Inizieranno il 3 agosto una serie di sedute per approfondire la lingua inglese in Agordino. Saranno due corsi differenti suddivisi per et\u00e0 che verranno fatti a Livinallongo, Alleghe, Falcade e Taibon. Ad aiutare bambini e ragazzi ad approfondire la lingua inglese ci sar\u00e0 Claudia Sopplesa.<\/p>\n<p>&nbsp;<\/p>\n<p><strong>CLAUDIA SOPPELSA <\/strong><\/p>\n<\/div>\n<audio class=\"wp-audio-shortcode\" id=\"audio-150684-7\" preload=\"none\" style=\"width: 100%;\" controls=\"controls\"><source type=\"audio\/mpeg\" src=\"https:\/\/www.radiopiu.net\/wordpress\/wp-content\/uploads\/2020\/07\/CLAUDIA-SOPPELSA-CORSI-INGLESE.mp3?_=7\" \/><a href=\"https:\/\/www.radiopiu.net\/wordpress\/wp-content\/uploads\/2020\/07\/CLAUDIA-SOPPELSA-CORSI-INGLESE.mp3\">https:\/\/www.radiopiu.net\/wordpress\/wp-content\/uploads\/2020\/07\/CLAUDIA-SOPPELSA-CORSI-INGLESE.mp3<\/a><\/audio>\n<p>&nbsp;<\/p>\n<p>&nbsp;<\/p>\n<div class=\"page-title-breadcrumbs\">\n<hr \/>\n<\/div>\n<blockquote><p>&nbsp;<\/p>\n<h2 style=\"text-align: left;\">TEMPO DI LOTTERIE, DALL&#8217;ADA AL GRUPPO SPORTIVO DI TAIBON<\/h2>\n<\/blockquote>\n<p><strong>TAIBON<\/strong> Sabato alle 18 nella sala dell&#8217;ex municipio diTaibon saranno estratti i biglietti della lotteria di Pasca a cura del Gruppo Sportivo di Taibon (diretta su RADIO PIU pagina facebook). L&#8217;altra sera sono invece stati estratti i biglietti della lotteria dell&#8217;Associazione Danza Agordina visionabili sul sito di radio piu&#8217;<\/p>\n<blockquote class=\"wp-embedded-content\" data-secret=\"Wq5rFj9Tpj\"><p><a href=\"https:\/\/www.radiopiu.net\/wordpress\/i-numeri-vincenti-della-lotteria-a-danzar-fortuna-dellassociazione-danza-agordina\/\">I NUMERI VINCENTI DELLA LOTTERIA &#8220;A DANZAR FORTUNA&#8221; DELL&#8217;ASSOCIAZIONE DANZA AGORDINA<\/a><\/p><\/blockquote>\n<p><iframe loading=\"lazy\" class=\"wp-embedded-content\" sandbox=\"allow-scripts\" security=\"restricted\" style=\"position: absolute; clip: rect(1px, 1px, 1px, 1px);\" title=\"&#8220;I NUMERI VINCENTI DELLA LOTTERIA &#8220;A DANZAR FORTUNA&#8221; DELL&#8217;ASSOCIAZIONE DANZA AGORDINA&#8221; &#8212; Radio Pi\u00f9\" src=\"https:\/\/www.radiopiu.net\/wordpress\/i-numeri-vincenti-della-lotteria-a-danzar-fortuna-dellassociazione-danza-agordina\/embed\/#?secret=Wq5rFj9Tpj\" data-secret=\"Wq5rFj9Tpj\" width=\"600\" height=\"338\" frameborder=\"0\" marginwidth=\"0\" marginheight=\"0\" scrolling=\"no\"><\/iframe><\/p>\n<p>&nbsp;<\/p>\n<hr \/>\n<h3><\/h3>\n<p>&nbsp;<\/p>\n<blockquote>\n<h3>ASSEMBLEA ORDINARIA DEI SOCI DELL\u2019UNIONE ITALIANA DEI CIECHI E DEGLI IPOVEDENTI ONLUS APS DI BELLUNO<\/h3>\n<\/blockquote>\n<p><strong>BELLUNO\u00a0<\/strong>Sabato 25 LUGLIO 2020, alle ore 9.30 in seconda convocazione, presso la SALA TEATRO GIOVANNI XXIII del Centro Congressi Giovanni XXIII \u2013 Piazza Piloni 11 \u2013 Belluno \u2013 avr\u00e0 luogo l\u2019Assemblea ordinaria dei soci dell\u2019Unione Italiana dei Ciechi e degli Ipovedenti ONLUS APS di Belluno.\u00a0Verranno letti, discussi e approvati i seguenti documenti: relazione morale e bilancio consuntivo anno 2019 e verr\u00e0 rinnovato il Consiglio Direttivo dell\u2019Associazione, il Consigliere Regionale e il Delegato al Congresso.<\/p>\n<p>&nbsp;<\/p>\n<p>&nbsp;<\/p>\n<hr \/>\n<h3><\/h3>\n<blockquote class=\"wp-embedded-content\" data-secret=\"UkbcuamOVv\"><p><a href=\"https:\/\/www.radiopiu.net\/wordpress\/buzzatti-uomo-di-dio-che-si-ededicato-alla-carita-i\/\">SERGIO BUZZATTI: \u201cUOMO DI DIO\u201d CHE SI E\u2019DEDICATO ALLA CARITA\u2019 di RENATO BONA<\/a><\/p><\/blockquote>\n<p><iframe loading=\"lazy\" class=\"wp-embedded-content\" sandbox=\"allow-scripts\" security=\"restricted\" style=\"position: absolute; clip: rect(1px, 1px, 1px, 1px);\" title=\"&#8220;SERGIO BUZZATTI: \u201cUOMO DI DIO\u201d CHE SI E\u2019DEDICATO ALLA CARITA\u2019 di RENATO BONA&#8221; &#8212; Radio Pi\u00f9\" src=\"https:\/\/www.radiopiu.net\/wordpress\/buzzatti-uomo-di-dio-che-si-ededicato-alla-carita-i\/embed\/#?secret=UkbcuamOVv\" data-secret=\"UkbcuamOVv\" width=\"600\" height=\"338\" frameborder=\"0\" marginwidth=\"0\" marginheight=\"0\" scrolling=\"no\"><\/iframe><\/p>\n<p>&nbsp;<\/p>\n<p>&nbsp;<\/p>\n<hr \/>\n<h3 class=\"photoswipe-wrapper\"><a class=\"dt-pswp-item pspw-wrap-ready\" href=\"https:\/\/i2.wp.com\/www.radiopiu.net\/wordpress\/wp-content\/uploads\/2018\/09\/appuntamenti.jpeg?ssl=1\" data-dt-img-description=\"\" data-large_image_width=\"800\" data-large_image_height=\"100\" data-wp-editing=\"1\"><img loading=\"lazy\" decoding=\"async\" class=\"aligncenter wp-image-61958 size-full\" src=\"https:\/\/i2.wp.com\/www.radiopiu.net\/wordpress\/wp-content\/uploads\/2018\/09\/appuntamenti.jpeg?resize=800%2C100&amp;ssl=1\" sizes=\"auto, (max-width: 800px) 100vw, 800px\" srcset=\"https:\/\/i2.wp.com\/www.radiopiu.net\/wordpress\/wp-content\/uploads\/2018\/09\/appuntamenti.jpeg?w=800&amp;ssl=1 800w, https:\/\/i2.wp.com\/www.radiopiu.net\/wordpress\/wp-content\/uploads\/2018\/09\/appuntamenti.jpeg?resize=300%2C38&amp;ssl=1 300w, https:\/\/i2.wp.com\/www.radiopiu.net\/wordpress\/wp-content\/uploads\/2018\/09\/appuntamenti.jpeg?resize=768%2C96&amp;ssl=1 768w\" alt=\"\" width=\"800\" height=\"100\" \/>\u00a0<\/a><\/h3>\n<p>&nbsp;<\/p>\n<blockquote>\n<h2>A Pian Longhi in Nevegal venerd\u00ec sera &#8220;Duo tributo a Vasco&#8221; dalle 21,\u00a0 sabato dalle 18 musica live e domenica dalle 18 aperitivo elegante con la musica di Gigi Dj<\/h2>\n<\/blockquote>\n<p>&nbsp;<\/p>\n<blockquote>\n<h3>CINEMA SOTTO LE STELLE A SEDICO, MA NON SOLO CINEMA.<\/h3>\n<\/blockquote>\n<p class=\"photoswipe-wrapper\"><a class=\"dt-pswp-item pspw-wrap-ready\" href=\"https:\/\/i1.wp.com\/www.radiopiu.net\/wordpress\/wp-content\/uploads\/2020\/07\/CINEMA-SOTTO-LE-STELLE-SEDICO.jpg?ssl=1\" data-dt-img-description=\"\" data-large_image_width=\"1141\" data-large_image_height=\"1600\"><img loading=\"lazy\" decoding=\"async\" class=\" wp-image-150537 alignleft\" src=\"https:\/\/i1.wp.com\/www.radiopiu.net\/wordpress\/wp-content\/uploads\/2020\/07\/CINEMA-SOTTO-LE-STELLE-SEDICO.jpg?resize=157%2C220&amp;ssl=1\" sizes=\"auto, (max-width: 157px) 100vw, 157px\" srcset=\"https:\/\/i1.wp.com\/www.radiopiu.net\/wordpress\/wp-content\/uploads\/2020\/07\/CINEMA-SOTTO-LE-STELLE-SEDICO.jpg?resize=214%2C300&amp;ssl=1 214w, https:\/\/i1.wp.com\/www.radiopiu.net\/wordpress\/wp-content\/uploads\/2020\/07\/CINEMA-SOTTO-LE-STELLE-SEDICO.jpg?resize=730%2C1024&amp;ssl=1 730w, https:\/\/i1.wp.com\/www.radiopiu.net\/wordpress\/wp-content\/uploads\/2020\/07\/CINEMA-SOTTO-LE-STELLE-SEDICO.jpg?resize=768%2C1077&amp;ssl=1 768w, https:\/\/i1.wp.com\/www.radiopiu.net\/wordpress\/wp-content\/uploads\/2020\/07\/CINEMA-SOTTO-LE-STELLE-SEDICO.jpg?resize=1095%2C1536&amp;ssl=1 1095w, https:\/\/i1.wp.com\/www.radiopiu.net\/wordpress\/wp-content\/uploads\/2020\/07\/CINEMA-SOTTO-LE-STELLE-SEDICO.jpg?w=1141&amp;ssl=1 1141w\" alt=\"\" width=\"157\" height=\"220\" data-recalc-dims=\"1\" \/><\/a>Con la Proloco di Sedico, i mercoled\u00ec sera a Villa Patt di Sedico.\u00a0 Per chi lo desidera c\u2019\u00e8 la possibilit\u00e0 di prenotare i biglietti online, al proposito riportiamo i link della varie serate, ingresso 5 euro adulti, 2 euro bambini con chiosco, pop corn e patatine. Mercoledi 29 luglio premiazione dei volontari partecipanti al progetto Pedibus del Comune di Sedico e Ulss1 con la collaborazione del comprensivo di Sedico e della Proloco. Domenica 2 agosto presentazione dei libri dell\u2019associazione Feudo Mel: Saluti da Mel di Paolo Brunella-Dario Tonet e Ogni Maledetto Museo di Michele Da Rold. Nel corso della presentazione consegna della borsa di merito Beniamino Triches agli studenti universitari con l\u2019amministrazione comunale.<\/p>\n<p><strong>29\/07\/2020 WONDERPARK,<\/strong>\u00a0una ragazza con una grande immagnazione da una scoperta incredibile, un parco divertimenti con giostre e animali amanti del divertimento, giungono i guai ed inizia il viaggio indimenticabile:\u00a0<a href=\"https:\/\/docs.google.com\/forms\/d\/e\/1FAIpQLScwhV2I9tHwC7s9XA0LqLJYE7BdPopwbXEW4lJ9QAesAdlwYA\/viewform\">CLICCA QUI<\/a><\/p>\n<p><strong>05\/08\/2020 LA PELLE DELL\u2019ORSO<\/strong>\u00a0Anni 50 domenico vive nelle Dolomiti, il padre consumato dal vino e dalla solitudine si mette sulle tracce dell\u2019orso che minaccia la tranquillit\u00e0 della valle, padre e figlio si immergono nei boschi sempre pi\u00f9 a fondo:\u00a0<a href=\"https:\/\/docs.google.com\/forms\/d\/e\/1FAIpQLSdlVyzeY3aBwq0XTiPi4LajY2jIdzDsRvaDIq7zSKIEWT8obA\/viewform\">CLICCA QUI<\/a><\/p>\n<p><strong>12\/08\/2020 BIANCO COME IL NERO \u2013 L\u2019AURORA<\/strong>\u00a0doppio appuntamento nel primo lo scenario della Grande Guerra durante il 1917 (l\u2019an de la fam) la gente di montagna cerca di resistere alla tragedia con l\u2019aiuto dei frati della certosa. In l\u2019Aurora una donna bella fuori ma malinconica dentro che si chiude in un mondo di immersioni in apnea e creazioni sartoriali nel laboratorio dove lavora:<a href=\"https:\/\/docs.google.com\/forms\/d\/e\/1FAIpQLSdXMb0Hr099eyzGSoVYTl8WpsZW3TKfCQXQAcF__f3NRouX5Q\/viewform\">\u00a0CLICCA QUI<\/a><\/p>\n<p><strong>19\/08\/2020 ROCKETMAN<\/strong>\u00a0Un timido pianista di provincia costruisce la propria carriera e il proprio personaggio fino a divenire una delle pi\u00f9 note stelle della musica internazionale. Lui \u00e8 Reginald Dwight ovvero Elton John\u00a0<a href=\"https:\/\/docs.google.com\/forms\/d\/e\/1FAIpQLSf32PztPJJRQslTRKR5qlhJRoHr-LQLsAXpTy6U6XSL_Ykf-A\/viewform\">CLICCA QUI<\/a><\/p>\n<p>&nbsp;<\/p>\n<p>&nbsp;<\/p>\n<p>&nbsp;<\/p>\n<hr \/>\n<p>&nbsp;<\/p>\n<p>&nbsp;<\/p>\n<blockquote>\n<h3>DOPPIO EVENTO PER LA PRO LOCO \u201cMONTI DEL SOLE\u201d CHE RITORNA, DOPO IL LOCKDOWN, NEL SEGNO DELLA CULTURA<\/h3>\n<\/blockquote>\n<p><strong class=\"photoswipe-wrapper\"><a class=\"dt-pswp-item pspw-wrap-ready\" href=\"https:\/\/i0.wp.com\/www.radiopiu.net\/wordpress\/wp-content\/uploads\/2020\/07\/Buzzati14annicirca-rit.jpg?ssl=1\" data-dt-img-description=\"\" data-large_image_width=\"1086\" data-large_image_height=\"1594\"><img loading=\"lazy\" decoding=\"async\" class=\" wp-image-150069 alignleft\" src=\"https:\/\/i0.wp.com\/www.radiopiu.net\/wordpress\/wp-content\/uploads\/2020\/07\/Buzzati14annicirca-rit.jpg?resize=147%2C216&amp;ssl=1\" sizes=\"auto, (max-width: 147px) 100vw, 147px\" srcset=\"https:\/\/i0.wp.com\/www.radiopiu.net\/wordpress\/wp-content\/uploads\/2020\/07\/Buzzati14annicirca-rit.jpg?resize=204%2C300&amp;ssl=1 204w, https:\/\/i0.wp.com\/www.radiopiu.net\/wordpress\/wp-content\/uploads\/2020\/07\/Buzzati14annicirca-rit.jpg?resize=698%2C1024&amp;ssl=1 698w, https:\/\/i0.wp.com\/www.radiopiu.net\/wordpress\/wp-content\/uploads\/2020\/07\/Buzzati14annicirca-rit.jpg?resize=768%2C1127&amp;ssl=1 768w, https:\/\/i0.wp.com\/www.radiopiu.net\/wordpress\/wp-content\/uploads\/2020\/07\/Buzzati14annicirca-rit.jpg?resize=1046%2C1536&amp;ssl=1 1046w, https:\/\/i0.wp.com\/www.radiopiu.net\/wordpress\/wp-content\/uploads\/2020\/07\/Buzzati14annicirca-rit.jpg?w=1086&amp;ssl=1 1086w\" alt=\"\" width=\"147\" height=\"216\" \/><\/a>SEDICO\u00a0<\/strong>La prima data, gioved\u00ec 23, \u00e8 dedicata a un ricordo di Dino Buzzati a 100 anni dalla salita al Monte Sperone. Si svolger\u00e0 in localit\u00e0 Pradel, alle pendici del monte Sperone, alle 18.15 (in caso di maltempo, ore 18.30 al Centro civico) e vedr\u00e0, sul palco naturale, l\u2019attore Sandro Buzzatti e le improvvisazioni al contrabbasso di Nelso Salton. Sabato 25, invece, a Gron presso il Cortile Mazzoncini alle ore 20.45, si terr\u00e0 \u201cOperetta e Frou-Frou celebri arie da operetta e famose danze\u00a0viennesi\u201d con la Salon Orchestra\u00a0Do<i>La<\/i>MiTi diretta dal maestro Matteo Andri con la partecipazione del soprano Paola Crema.<\/p>\n<p>&nbsp;<\/p>\n<p>&nbsp;<\/p>\n<p>&nbsp;<\/p>\n<p>&nbsp;<\/p>\n<p>&nbsp;<\/p>\n<hr \/>\n<blockquote>\n<h3><\/h3>\n<h3>LA FILARMONICA DI BELLUNO E LA SCUOLA DI MUSICA ANNESSA RIPRENDONO LE ATTIVIT\u00c0 IN PRESENZA A PIENO REGIME<\/h3>\n<\/blockquote>\n<p><strong>BELLUNO<\/strong>\u00a0 Durante il periodo di chiusura forzata dovuta all\u2019emergenza Covid-19, l\u2019attivit\u00e0 della Filarmonica di Belluno e della sua scuola di musica non si \u00e8 mai fermata ed \u00e8 proseguita in modalit\u00e0 telematica. Durante quest\u2019estate, nel pieno rispetto delle disposizioni di sicurezza stabilite da Governo e Regione, saranno riprese le attivit\u00e0 in presenza:\u00a0 GIOCHI IN MUSICA\u00a0 Una serie di quattro lezioni di propedeutica musicale gratuite CLARINETTINSIEME \u00a0incontri gratuiti e aperti a tutti i clarinettisti bellunesi. PRIMISSIMA E PRIMA BANDA le prove delle due formazioni giovanili\u00a0 BAND CAMP, la Filarmonica di Belluno propone uno stage estivo rivolto a giovani musicisti. Info:\u00a0\u00a0info@filarmonicabelluno.it\u00a0 telefono\u00a0 340 3300632<\/p>\n<p>&nbsp;<\/p>\n<hr \/>\n<p>&nbsp;<\/p>\n<blockquote>\n<h3>EL CANAL DE AGORDO<\/h3>\n<\/blockquote>\n<p><strong>AGORDO<\/strong>\u00a0Scavare nel passato, storia ed archeologia da San Gottardo a Pont del Cristo. La mostra \u00e8 allestita al Museo mineralogico e paleontologico di via 5 maggio con ingresso libero. Fino al 6 settembre il venerdi, sabato e domenica dalle 10 alle 12.30 e dalle 16 alle 19. Info: archeoagordo.arca@gmail.com<\/p>\n<p>&nbsp;<\/p>\n<hr \/>\n<p>&nbsp;<\/p>\n<blockquote>\n<h3>LA VIA DELLE MERIDIANE PER LA SCUOLA DI ALLEGHE<\/h3>\n<\/blockquote>\n<p><strong>ALLEGHE<\/strong>\u00a0Ogni giovedi di luglio ed agosto, con prenotazione presso l\u2019Ufficio Turistico di Alleghe, vengono organizzati dei giri accompagnati sulla \u201cvia delle meridiane\u201d, un viaggio nel tempo alla scoperta degli orologi solari di Alleghe con la guida SIlvia Da Roit e il contributo di Giuseppe De Don\u00e0 referente orologi solari Italia. Il tour ha una durata di circa 2 ore (90 metri di dislivello su percorso facile) con partenza alle 9.30 da Piazza Kennedy. Chi partecipa contribuisce con un\u2019offerta libera devoluta alla scuola primaria di Alleghe.<\/p>\n<p>&nbsp;<\/p>\n<hr \/>\n<p>&nbsp;<\/p>\n<blockquote>\n<h2 class=\"tw-data-text tw-text-large XcVN5d tw-ta\" dir=\"ltr\" data-placeholder=\"Traduzione\"><span lang=\"en\">appointments recommended by radio pi\u00f9<\/span><\/h2>\n<\/blockquote>\n\n\t\t\t<style type='text\/css'>\n\t\t\t\t#gallery-2 {\n\t\t\t\t\tmargin: auto;\n\t\t\t\t}\n\t\t\t\t#gallery-2 .gallery-item {\n\t\t\t\t\tfloat: left;\n\t\t\t\t\tmargin-top: 10px;\n\t\t\t\t\ttext-align: center;\n\t\t\t\t\twidth: 25%;\n\t\t\t\t}\n\t\t\t\t#gallery-2 img {\n\t\t\t\t\tborder: 2px solid #cfcfcf;\n\t\t\t\t}\n\t\t\t\t#gallery-2 .gallery-caption {\n\t\t\t\t\tmargin-left: 0;\n\t\t\t\t}\n\t\t\t\t\/* see gallery_shortcode() in wp-includes\/media.php *\/\n\t\t\t<\/style>\n\t\t<div id='gallery-2' class='dt-gallery-container gallery galleryid-150684 gallery-columns-4 gallery-size-thumbnail'><dl class='gallery-item'>\n\t\t\t\t<dt class='gallery-icon landscape'>\n\t\t\t\t\t<a class=\"rollover rollover-zoom dt-pswp-item\" title=\"987da034-0d4d-4831-a578-694c73f67a5b\" data-dt-img-description=\"\" data-large_image_width=\"1600\" data-large_image_height=\"1600\"href='https:\/\/www.radiopiu.net\/wordpress\/wp-content\/uploads\/2020\/07\/987da034-0d4d-4831-a578-694c73f67a5b.jpg'><img loading=\"lazy\" decoding=\"async\" width=\"150\" height=\"150\" src=\"https:\/\/www.radiopiu.net\/wordpress\/wp-content\/uploads\/2020\/07\/987da034-0d4d-4831-a578-694c73f67a5b-150x150.jpg\" class=\"attachment-thumbnail size-thumbnail\" alt=\"\" srcset=\"https:\/\/www.radiopiu.net\/wordpress\/wp-content\/uploads\/2020\/07\/987da034-0d4d-4831-a578-694c73f67a5b-150x150.jpg 150w, https:\/\/www.radiopiu.net\/wordpress\/wp-content\/uploads\/2020\/07\/987da034-0d4d-4831-a578-694c73f67a5b-300x300.jpg 300w, https:\/\/www.radiopiu.net\/wordpress\/wp-content\/uploads\/2020\/07\/987da034-0d4d-4831-a578-694c73f67a5b-1024x1024.jpg 1024w, https:\/\/www.radiopiu.net\/wordpress\/wp-content\/uploads\/2020\/07\/987da034-0d4d-4831-a578-694c73f67a5b-768x768.jpg 768w, https:\/\/www.radiopiu.net\/wordpress\/wp-content\/uploads\/2020\/07\/987da034-0d4d-4831-a578-694c73f67a5b-1536x1536.jpg 1536w, https:\/\/www.radiopiu.net\/wordpress\/wp-content\/uploads\/2020\/07\/987da034-0d4d-4831-a578-694c73f67a5b.jpg 1600w\" sizes=\"auto, (max-width: 150px) 100vw, 150px\" \/><\/a>\n\t\t\t\t<\/dt><\/dl><dl class='gallery-item'>\n\t\t\t\t<dt class='gallery-icon portrait'>\n\t\t\t\t\t<a class=\"rollover rollover-zoom dt-pswp-item\" title=\"fb0f2285-210f-4bba-8573-b8ff07a91fa8\" data-dt-img-description=\"\" data-large_image_width=\"726\" data-large_image_height=\"1024\"href='https:\/\/www.radiopiu.net\/wordpress\/wp-content\/uploads\/2020\/07\/fb0f2285-210f-4bba-8573-b8ff07a91fa8.jpg'><img loading=\"lazy\" decoding=\"async\" width=\"150\" height=\"150\" src=\"https:\/\/www.radiopiu.net\/wordpress\/wp-content\/uploads\/2020\/07\/fb0f2285-210f-4bba-8573-b8ff07a91fa8-150x150.jpg\" class=\"attachment-thumbnail size-thumbnail\" alt=\"\" \/><\/a>\n\t\t\t\t<\/dt><\/dl><dl class='gallery-item'>\n\t\t\t\t<dt class='gallery-icon portrait'>\n\t\t\t\t\t<a class=\"rollover rollover-zoom dt-pswp-item\" title=\"446199a0-ccb6-4daa-88f9-ee34f5a4944a\" data-dt-img-description=\"\" data-large_image_width=\"1080\" data-large_image_height=\"1350\"href='https:\/\/www.radiopiu.net\/wordpress\/wp-content\/uploads\/2020\/07\/446199a0-ccb6-4daa-88f9-ee34f5a4944a.jpg'><img loading=\"lazy\" decoding=\"async\" width=\"150\" height=\"150\" src=\"https:\/\/www.radiopiu.net\/wordpress\/wp-content\/uploads\/2020\/07\/446199a0-ccb6-4daa-88f9-ee34f5a4944a-150x150.jpg\" class=\"attachment-thumbnail size-thumbnail\" alt=\"\" \/><\/a>\n\t\t\t\t<\/dt><\/dl><dl class='gallery-item'>\n\t\t\t\t<dt class='gallery-icon portrait'>\n\t\t\t\t\t<a class=\"rollover rollover-zoom dt-pswp-item\" title=\"8decb5e4-5a09-4396-8808-991f536b16f0\" data-dt-img-description=\"\" data-large_image_width=\"1130\" data-large_image_height=\"1600\"href='https:\/\/www.radiopiu.net\/wordpress\/wp-content\/uploads\/2020\/07\/8decb5e4-5a09-4396-8808-991f536b16f0.jpg'><img loading=\"lazy\" decoding=\"async\" width=\"150\" height=\"150\" src=\"https:\/\/www.radiopiu.net\/wordpress\/wp-content\/uploads\/2020\/07\/8decb5e4-5a09-4396-8808-991f536b16f0-150x150.jpg\" class=\"attachment-thumbnail size-thumbnail\" alt=\"\" \/><\/a>\n\t\t\t\t<\/dt><\/dl><br style=\"clear: both\" \/><dl class='gallery-item'>\n\t\t\t\t<dt class='gallery-icon portrait'>\n\t\t\t\t\t<a class=\"rollover rollover-zoom dt-pswp-item\" title=\"LOCANDINA MOSTRA ARCA 2019 Patrocinio\" data-dt-img-description=\"\" data-large_image_width=\"1810\" data-large_image_height=\"2560\"href='https:\/\/www.radiopiu.net\/wordpress\/wp-content\/uploads\/2020\/07\/LOCANDINA-MOSTRA-ARCA-2020-scaled.jpg'><img loading=\"lazy\" decoding=\"async\" width=\"150\" height=\"150\" src=\"https:\/\/www.radiopiu.net\/wordpress\/wp-content\/uploads\/2020\/07\/LOCANDINA-MOSTRA-ARCA-2020-150x150.jpg\" class=\"attachment-thumbnail size-thumbnail\" alt=\"\" \/><\/a>\n\t\t\t\t<\/dt><\/dl><dl class='gallery-item'>\n\t\t\t\t<dt class='gallery-icon portrait'>\n\t\t\t\t\t<a class=\"rollover rollover-zoom dt-pswp-item\" title=\"0995c87e-41e6-46f0-81e9-380485c41502\" data-dt-img-description=\"\" data-large_image_width=\"1447\" data-large_image_height=\"2048\"href='https:\/\/www.radiopiu.net\/wordpress\/wp-content\/uploads\/2020\/07\/0995c87e-41e6-46f0-81e9-380485c41502.jpg'><img loading=\"lazy\" decoding=\"async\" width=\"150\" height=\"150\" src=\"https:\/\/www.radiopiu.net\/wordpress\/wp-content\/uploads\/2020\/07\/0995c87e-41e6-46f0-81e9-380485c41502-150x150.jpg\" class=\"attachment-thumbnail size-thumbnail\" alt=\"\" \/><\/a>\n\t\t\t\t<\/dt><\/dl><dl class='gallery-item'>\n\t\t\t\t<dt class='gallery-icon portrait'>\n\t\t\t\t\t<a class=\"rollover rollover-zoom dt-pswp-item\" title=\"4dd872a2-f52d-4a12-9746-816401dfe394\" data-dt-img-description=\"\" data-large_image_width=\"1131\" data-large_image_height=\"1600\"href='https:\/\/www.radiopiu.net\/wordpress\/wp-content\/uploads\/2020\/07\/4dd872a2-f52d-4a12-9746-816401dfe394.jpg'><img loading=\"lazy\" decoding=\"async\" width=\"150\" height=\"150\" src=\"https:\/\/www.radiopiu.net\/wordpress\/wp-content\/uploads\/2020\/07\/4dd872a2-f52d-4a12-9746-816401dfe394-150x150.jpg\" class=\"attachment-thumbnail size-thumbnail\" alt=\"\" \/><\/a>\n\t\t\t\t<\/dt><\/dl><dl class='gallery-item'>\n\t\t\t\t<dt class='gallery-icon portrait'>\n\t\t\t\t\t<a class=\"rollover rollover-zoom dt-pswp-item\" title=\"Locandina eventi 1 (1)\" data-dt-img-description=\"\" data-large_image_width=\"1414\" data-large_image_height=\"2000\"href='https:\/\/www.radiopiu.net\/wordpress\/wp-content\/uploads\/2020\/07\/Locandina-eventi-1-1.png'><img loading=\"lazy\" decoding=\"async\" width=\"150\" height=\"150\" src=\"https:\/\/www.radiopiu.net\/wordpress\/wp-content\/uploads\/2020\/07\/Locandina-eventi-1-1-150x150.png\" class=\"attachment-thumbnail size-thumbnail\" alt=\"\" \/><\/a>\n\t\t\t\t<\/dt><\/dl><br style=\"clear: both\" \/><dl class='gallery-item'>\n\t\t\t\t<dt class='gallery-icon portrait'>\n\t\t\t\t\t<a class=\"rollover rollover-zoom dt-pswp-item\" title=\"Gli antichi mestieri\" data-dt-img-description=\"\" data-large_image_width=\"1240\" data-large_image_height=\"1753\"href='https:\/\/www.radiopiu.net\/wordpress\/wp-content\/uploads\/2020\/07\/Gli-antichi-mestieri.jpg'><img loading=\"lazy\" decoding=\"async\" width=\"150\" height=\"150\" src=\"https:\/\/www.radiopiu.net\/wordpress\/wp-content\/uploads\/2020\/07\/Gli-antichi-mestieri-150x150.jpg\" class=\"attachment-thumbnail size-thumbnail\" alt=\"\" \/><\/a>\n\t\t\t\t<\/dt><\/dl>\n\t\t\t\t<br style='clear: both' \/>\n\t\t\t<\/div>\n\n<p>&nbsp;<\/p>\n<hr \/>\n<p>&nbsp;<\/p>\n<p>&nbsp;<\/p>\n<h2>IERI ALLA RADIO<\/h2>\n<h2><strong><a class=\"dt-pswp-item\" href=\"https:\/\/www.radiopiu.net\/wordpress\/wp-content\/uploads\/2020\/07\/266a6863-05da-4041-9f1f-f7096615a091.jpg\" data-dt-img-description=\"\" data-large_image_width=\"1600\" data-large_image_height=\"1200\"><img loading=\"lazy\" decoding=\"async\" class=\"size-medium wp-image-150687 alignleft\" src=\"https:\/\/www.radiopiu.net\/wordpress\/wp-content\/uploads\/2020\/07\/266a6863-05da-4041-9f1f-f7096615a091-300x225.jpg\" alt=\"\" width=\"300\" height=\"225\" srcset=\"https:\/\/www.radiopiu.net\/wordpress\/wp-content\/uploads\/2020\/07\/266a6863-05da-4041-9f1f-f7096615a091-300x225.jpg 300w, https:\/\/www.radiopiu.net\/wordpress\/wp-content\/uploads\/2020\/07\/266a6863-05da-4041-9f1f-f7096615a091-1024x768.jpg 1024w, https:\/\/www.radiopiu.net\/wordpress\/wp-content\/uploads\/2020\/07\/266a6863-05da-4041-9f1f-f7096615a091-768x576.jpg 768w, https:\/\/www.radiopiu.net\/wordpress\/wp-content\/uploads\/2020\/07\/266a6863-05da-4041-9f1f-f7096615a091-1536x1152.jpg 1536w, https:\/\/www.radiopiu.net\/wordpress\/wp-content\/uploads\/2020\/07\/266a6863-05da-4041-9f1f-f7096615a091.jpg 1600w\" sizes=\"auto, (max-width: 300px) 100vw, 300px\" \/><\/a><span style=\"color: #808000;\">FRANCO ROCCON, SABATO RIAPRE L&#8217;AREA CANDATEN<\/span><\/strong><\/h2>\n<p><strong>DALLA FABBRICA DELLE EMOZIONI IN COLLABORAZIONE CON GIORNALE &amp; CAFFE\u2019 DERSUT DI TAIBON AGORDINO\u00a0<\/strong><\/p>\n<p>Inaugurazione sabato mattina alle ore 11, la\u00a0 gestione \u00e8 stata affidata dal Parco alla societ\u00e0 agricola feltrina Venice Dolomiti, con l&#8217;accordo di cinque anni pi\u00f9 uno. I turisti troveranno a loro disposizione alcuni servizi. In particolare l&#8217;area picnic, composta da un fabbricato in legno adibito a punto ristoro e da circa 40 gruppi panche e tavoli, dotati di 21 punti fuoco di cui due doppi e dotati di fontanella..<\/p>\n<p><strong>di Claudio Fontanive<\/strong><\/p>\n<audio class=\"wp-audio-shortcode\" id=\"audio-150684-8\" preload=\"none\" style=\"width: 100%;\" controls=\"controls\"><source type=\"audio\/mpeg\" src=\"https:\/\/www.radiopiu.net\/wordpress\/wp-content\/uploads\/2020\/07\/franco-roccon-22-luglio.mp3?_=8\" \/><a href=\"https:\/\/www.radiopiu.net\/wordpress\/wp-content\/uploads\/2020\/07\/franco-roccon-22-luglio.mp3\">https:\/\/www.radiopiu.net\/wordpress\/wp-content\/uploads\/2020\/07\/franco-roccon-22-luglio.mp3<\/a><\/audio>\n<p>&nbsp;<\/p>\n\n\t\t\t<style type='text\/css'>\n\t\t\t\t#gallery-3 {\n\t\t\t\t\tmargin: auto;\n\t\t\t\t}\n\t\t\t\t#gallery-3 .gallery-item {\n\t\t\t\t\tfloat: left;\n\t\t\t\t\tmargin-top: 10px;\n\t\t\t\t\ttext-align: center;\n\t\t\t\t\twidth: 50%;\n\t\t\t\t}\n\t\t\t\t#gallery-3 img {\n\t\t\t\t\tborder: 2px solid #cfcfcf;\n\t\t\t\t}\n\t\t\t\t#gallery-3 .gallery-caption {\n\t\t\t\t\tmargin-left: 0;\n\t\t\t\t}\n\t\t\t\t\/* see gallery_shortcode() in wp-includes\/media.php *\/\n\t\t\t<\/style>\n\t\t<div id='gallery-3' class='dt-gallery-container gallery galleryid-150684 gallery-columns-2 gallery-size-thumbnail'><dl class='gallery-item'>\n\t\t\t\t<dt class='gallery-icon portrait'>\n\t\t\t\t\t<a class=\"rollover rollover-zoom dt-pswp-item\" title=\"706b38dc-1ae1-4228-9b6d-16ae5246f4f7\" data-dt-img-description=\"\" data-large_image_width=\"1200\" data-large_image_height=\"1600\"href='https:\/\/www.radiopiu.net\/wordpress\/wp-content\/uploads\/2020\/07\/706b38dc-1ae1-4228-9b6d-16ae5246f4f7.jpg'><img loading=\"lazy\" decoding=\"async\" width=\"150\" height=\"150\" src=\"https:\/\/www.radiopiu.net\/wordpress\/wp-content\/uploads\/2020\/07\/706b38dc-1ae1-4228-9b6d-16ae5246f4f7-150x150.jpg\" class=\"attachment-thumbnail size-thumbnail\" alt=\"\" \/><\/a>\n\t\t\t\t<\/dt><\/dl><dl class='gallery-item'>\n\t\t\t\t<dt class='gallery-icon portrait'>\n\t\t\t\t\t<a class=\"rollover rollover-zoom dt-pswp-item\" title=\"545f28a7-7157-4203-9bbb-b50bfb413e74\" data-dt-img-description=\"\" data-large_image_width=\"1200\" data-large_image_height=\"1600\"href='https:\/\/www.radiopiu.net\/wordpress\/wp-content\/uploads\/2020\/07\/545f28a7-7157-4203-9bbb-b50bfb413e74.jpg'><img loading=\"lazy\" decoding=\"async\" width=\"150\" height=\"150\" src=\"https:\/\/www.radiopiu.net\/wordpress\/wp-content\/uploads\/2020\/07\/545f28a7-7157-4203-9bbb-b50bfb413e74-150x150.jpg\" class=\"attachment-thumbnail size-thumbnail\" alt=\"\" \/><\/a>\n\t\t\t\t<\/dt><\/dl><br style=\"clear: both\" \/>\n\t\t\t<\/div>\n\n<p>&nbsp;<\/p>\n<hr \/>\n<p>&nbsp;<\/p>\n<p>&nbsp;<\/p>\n<h2><span style=\"color: #ff0000;\">DUE MINUTI UN LIBRO\u00a0<\/span><\/h2>\n<blockquote class=\"wp-embedded-content\" data-secret=\"4LartKQGtF\"><p><a href=\"https:\/\/www.radiopiu.net\/wordpress\/abbiamo-un-bacio-in-sospeso-io-e-te-2\/\">ABBIAMO UN BACIO IN SOSPESO (IO E TE)<\/a><\/p><\/blockquote>\n<p><iframe loading=\"lazy\" class=\"wp-embedded-content\" sandbox=\"allow-scripts\" security=\"restricted\" style=\"position: absolute; clip: rect(1px, 1px, 1px, 1px);\" title=\"&#8220;ABBIAMO UN BACIO IN SOSPESO (IO E TE)&#8221; &#8212; Radio Pi\u00f9\" src=\"https:\/\/www.radiopiu.net\/wordpress\/abbiamo-un-bacio-in-sospeso-io-e-te-2\/embed\/#?secret=4LartKQGtF\" data-secret=\"4LartKQGtF\" width=\"600\" height=\"338\" frameborder=\"0\" marginwidth=\"0\" marginheight=\"0\" scrolling=\"no\"><\/iframe><\/p>\n<p><strong>LE ALTRE PUNTATE<\/strong><\/p>\n<blockquote class=\"wp-embedded-content\" data-secret=\"1WnGZ5tWvc\"><p><a href=\"https:\/\/www.radiopiu.net\/wordpress\/due-minuti-un-libro\/\">Due minuti un libro<\/a><\/p><\/blockquote>\n<p><iframe loading=\"lazy\" class=\"wp-embedded-content\" sandbox=\"allow-scripts\" security=\"restricted\" style=\"position: absolute; clip: rect(1px, 1px, 1px, 1px);\" title=\"&#8220;Due minuti un libro&#8221; &#8212; Radio Pi\u00f9\" src=\"https:\/\/www.radiopiu.net\/wordpress\/due-minuti-un-libro\/embed\/#?secret=1WnGZ5tWvc\" data-secret=\"1WnGZ5tWvc\" width=\"600\" height=\"338\" frameborder=\"0\" marginwidth=\"0\" marginheight=\"0\" scrolling=\"no\"><\/iframe><\/p>\n<p>&nbsp;<\/p>\n<p>&nbsp;<\/p>\n<hr \/>\n<p>&nbsp;<\/p>\n<h2><span style=\"color: #0000ff;\">IL MESSAGGIO DEI SACERDOTI A RADIO PIU&#8217;<\/span><\/h2>\n<blockquote class=\"wp-embedded-content\" data-secret=\"xFbp4hYJy2\"><p><a href=\"https:\/\/www.radiopiu.net\/wordpress\/chiesa11\/\">DON CESARE SU RADIO PIU&#8217; ALLE 7.30 E 19.30, PARROCCHIE DI AGORDO, LA VALLE E TAIBON<\/a><\/p><\/blockquote>\n<p><iframe loading=\"lazy\" class=\"wp-embedded-content\" sandbox=\"allow-scripts\" security=\"restricted\" style=\"position: absolute; clip: rect(1px, 1px, 1px, 1px);\" title=\"&#8220;DON CESARE SU RADIO PIU&#8217; ALLE 7.30 E 19.30, PARROCCHIE DI AGORDO, LA VALLE E TAIBON&#8221; &#8212; Radio Pi\u00f9\" src=\"https:\/\/www.radiopiu.net\/wordpress\/chiesa11\/embed\/#?secret=xFbp4hYJy2\" data-secret=\"xFbp4hYJy2\" width=\"600\" height=\"338\" frameborder=\"0\" marginwidth=\"0\" marginheight=\"0\" scrolling=\"no\"><\/iframe><\/p>\n<p>&nbsp;<\/p>\n<p>&nbsp;<\/p>\n<hr \/>\n<p>&nbsp;<\/p>\n<h2><span style=\"color: #339966;\">AGORDINOMERON&#8230;LA RACCOLTA<\/span><\/h2>\n<blockquote class=\"wp-embedded-content\" data-secret=\"bpGlzYneby\"><p><a href=\"https:\/\/www.radiopiu.net\/wordpress\/agordinomeron\/\">AGORDINOMERON, IL TERRITORIO SI RACCONTA Da un&#8217;idea di Gianni Santomaso<\/a><\/p><\/blockquote>\n<p><iframe loading=\"lazy\" class=\"wp-embedded-content\" sandbox=\"allow-scripts\" security=\"restricted\" style=\"position: absolute; clip: rect(1px, 1px, 1px, 1px);\" title=\"&#8220;AGORDINOMERON, IL TERRITORIO SI RACCONTA Da un&#8217;idea di Gianni Santomaso&#8221; &#8212; Radio Pi\u00f9\" src=\"https:\/\/www.radiopiu.net\/wordpress\/agordinomeron\/embed\/#?secret=bpGlzYneby\" data-secret=\"bpGlzYneby\" width=\"600\" height=\"338\" frameborder=\"0\" marginwidth=\"0\" marginheight=\"0\" scrolling=\"no\"><\/iframe><\/p>\n<p>&nbsp;<\/p>\n<p>&nbsp;<\/p>\n<hr \/>\n<p>&nbsp;<\/p>\n<h2><span style=\"color: #800080;\">I RACCONTI DI PAOLO SOPPELSA<\/span><\/h2>\n<blockquote class=\"wp-embedded-content\" data-secret=\"YT3MMfJcce\"><p><a href=\"https:\/\/www.radiopiu.net\/wordpress\/i-racconti-di-paolo-soppelsa\/\">I racconti di Paolo Soppelsa<\/a><\/p><\/blockquote>\n<p><iframe loading=\"lazy\" class=\"wp-embedded-content\" sandbox=\"allow-scripts\" security=\"restricted\" style=\"position: absolute; clip: rect(1px, 1px, 1px, 1px);\" title=\"&#8220;I racconti di Paolo Soppelsa&#8221; &#8212; Radio Pi\u00f9\" src=\"https:\/\/www.radiopiu.net\/wordpress\/i-racconti-di-paolo-soppelsa\/embed\/#?secret=YT3MMfJcce\" data-secret=\"YT3MMfJcce\" width=\"600\" height=\"338\" frameborder=\"0\" marginwidth=\"0\" marginheight=\"0\" scrolling=\"no\"><\/iframe><\/p>\n<hr \/>\n<p>&nbsp;<\/p>\n<h2><span style=\"color: #ff00ff;\">ZAINO DA VIAGGIO AL FEMMINILE DI PAOLA LANCIATO<\/span><\/h2>\n<p>&nbsp;<\/p>\n<blockquote class=\"wp-embedded-content\" data-secret=\"G5hKBOaaAW\"><p><a href=\"https:\/\/www.radiopiu.net\/wordpress\/zaino-femminile-lanciato\/\">Zaino da viaggio al femminile<\/a><\/p><\/blockquote>\n<p><iframe loading=\"lazy\" class=\"wp-embedded-content\" sandbox=\"allow-scripts\" security=\"restricted\" style=\"position: absolute; clip: rect(1px, 1px, 1px, 1px);\" title=\"&#8220;Zaino da viaggio al femminile&#8221; &#8212; Radio Pi\u00f9\" src=\"https:\/\/www.radiopiu.net\/wordpress\/zaino-femminile-lanciato\/embed\/#?secret=G5hKBOaaAW\" data-secret=\"G5hKBOaaAW\" width=\"600\" height=\"338\" frameborder=\"0\" marginwidth=\"0\" marginheight=\"0\" scrolling=\"no\"><\/iframe><\/p>\n<hr \/>\n<p>&nbsp;<\/p>\n<p>&nbsp;<\/p>\n<p><strong class=\"photoswipe-wrapper\"><a class=\"dt-pswp-item pspw-wrap-ready\" href=\"https:\/\/i0.wp.com\/www.radiopiu.net\/wordpress\/wp-content\/uploads\/2018\/09\/viabilita.jpeg?ssl=1\" data-dt-img-description=\"\" data-large_image_width=\"800\" data-large_image_height=\"100\"><img loading=\"lazy\" decoding=\"async\" class=\"aligncenter wp-image-61954 size-full jetpack-lazy-image jetpack-lazy-image--handled\" src=\"https:\/\/i0.wp.com\/www.radiopiu.net\/wordpress\/wp-content\/uploads\/2018\/09\/viabilita.jpeg?resize=800%2C100&amp;ssl=1\" sizes=\"auto, (max-width: 800px) 100vw, 800px\" srcset=\"https:\/\/i0.wp.com\/www.radiopiu.net\/wordpress\/wp-content\/uploads\/2018\/09\/viabilita.jpeg?w=800&amp;ssl=1 800w, https:\/\/i0.wp.com\/www.radiopiu.net\/wordpress\/wp-content\/uploads\/2018\/09\/viabilita.jpeg?resize=300%2C38&amp;ssl=1 300w, https:\/\/i0.wp.com\/www.radiopiu.net\/wordpress\/wp-content\/uploads\/2018\/09\/viabilita.jpeg?resize=768%2C96&amp;ssl=1 768w\" alt=\"\" width=\"800\" height=\"100\" data-lazy-loaded=\"1\" \/><\/a><\/strong><\/p>\n<p>&nbsp;<\/p>\n<h4>GOSALDO\u00a0 Dal 20 al 24 luglio per lavori su rete idrica in localit\u00e0 Tiser lungo la provinciale 2 del Mis interdizione totale dalle 8 alle 12 e dalle 13 alle 17 dal chilometro 24.900 al chilometro 25.100 Nelle altre ore senso unico alternato.<\/h4>\n<p>SELVA DI CADORE \u00a0FINO AL 7 AGOSTO DALLE 7 ALLE 18 \u00a0E DAL 24 AGOSTO AL 15 SETTEMBRE SEMPRE DALLE 7 ALLE 18 (FESTIVI E PRE FESTIVI ESCLUSI) SENSO UNICO ALTERNATO CON MOVIERI O SEMAFORO IN LOCALIT\u00c0 SOLATOR. DAL CHILOMETRO 4.400 AL CHILOMETRO 5.100<\/p>\n<p>REGIONALE 48 DELLE DOLOMITI FINO AL 30 LUGLIO SENSO UNICO IN LOCALITA\u2019 LIVINE\u2019 DI LIVINALLONGO<\/p>\n<p>SP 251 FINO AL 31 LUGLIO TRA PESCUL E SELVA DI CADORE SENSO UNICO ALTERNATO REGOLATO DA SEMAFORO, ESCLUSI SABATO E DOMENICA PER POSA FIBRE OTTICHE<\/p>\n<p>PROVINCIALE 641 DI PASSO FEDAIA, FINO AL 31 LUGLIO (FESTIVI E PREFESTIVI ECLUSI) SENSO UNICO IN LOCALIT\u00c0 ROCCA PIETORE PER SOSTITUZIONI BARRIERE LATERALI<\/p>\n<p>FINO AL 24 LUGLIO SABATO E DOMENICA COMPRESI LUNGO LA 641 DI PASSO FEDAIA IN LOCALIT\u00e0 CAPANNA BILL E COL DI ROCCA, SENSO UNICO ALTERNATO CON SEMAFORO<\/p>\n<p>STRADA REGIONALE 203 AGORDINA TRA PERON E CANDATEN, FINO 31 LUGLIO ESCLUSI SABATI E DOMENICHE, DALLE 7:30 ALLE 9 E E DALLE 16:30 ALLE 18 SENSO UNICO ALTERNATO REGOLATO DA MOVIERI. NEGLI ALTRI ORARI SENSO UNICO ALTERNATO REGOLATO DA SEMAFORO PER INTERRAMENTO CAVIDOTTO E-DISTRIBUZIONE<\/p>\n<p>STRADA REGIONALE 48 DELLE DOLOMITI, A CORTINA IN LOCALITA\u2019 POCOL, SENSO UNICO ALTERNATO REGOLATO DA IMPIANTO SEMAFORICO \u00a0FINO AL 24 LUGLIO, ESCLUSI SABATI E DOMENICHE, PER POSA CAVIDOTTO E-DISTRIBUZIONE<\/p>\n<p>STRADA PROVINCIALE 30 PANORAMICA DEL COMELICO, FINO\u00a0 AL 31 LUGLIO INTERDIZIONE TOTALE ALLA VIABILITA\u2019 TRA COSTA E COSTALISSOIO PER MESSA IN SICUREZZA STRADA<\/p>\n<p>STRADA PROVINCIALE 619 DI VIGO DI CADORE, FINO\u00a0 AL 7 AGOSTO, ESCLUSI SABATI E DOMENICHE, SENSO UNICO ALTERNATO REGOLATO DA IMPIANTO SEMAFORICO O MOVIERI PER MESSA IN SICUREZZA DELLA STRADA<\/p>\n<p>STRADA PROVINCIALE 641 DEL PASSO FEDAIA, NEL COMUNE DI ROCCA PIETORE, FINO AL 22 LUGLIO, SABATI E DOMENICHE ESCLUSE, SENSO UNICO ALTERNATO REGOLATO DA IMPIANTO SEMAFORICO PER POSA CAVIDOTTO ELETTRICO<\/p>\n<p>&nbsp;<\/p>\n<hr \/>\n<p>&nbsp;<\/p>\n<h2><em><strong>COMUNICAZIONE ISTITUZIONALE \u2013 APP IMMUNI<\/strong><\/em><\/h2>\n<p><iframe loading=\"lazy\" title=\"Immuni App 30\" width=\"1200\" height=\"675\" src=\"https:\/\/www.youtube.com\/embed\/-XG48J62814?feature=oembed\" frameborder=\"0\" allow=\"accelerometer; autoplay; clipboard-write; encrypted-media; gyroscope; picture-in-picture\" allowfullscreen><\/iframe><\/p>\n<p>&nbsp;<\/p>\n<hr \/>\n<p>&nbsp;<\/p>\n<p class=\"photoswipe-wrapper\"><a class=\"dt-pswp-item pspw-wrap-ready\" href=\"https:\/\/i0.wp.com\/www.radiopiu.net\/wordpress\/wp-content\/uploads\/2018\/09\/WhatsApp-Image-2018-09-20-at-16.04.06.jpeg?ssl=1\" data-dt-img-description=\"\" data-large_image_width=\"800\" data-large_image_height=\"100\"><img loading=\"lazy\" decoding=\"async\" class=\"aligncenter wp-image-61378 size-full jetpack-lazy-image jetpack-lazy-image--handled\" src=\"https:\/\/i0.wp.com\/www.radiopiu.net\/wordpress\/wp-content\/uploads\/2018\/09\/WhatsApp-Image-2018-09-20-at-16.04.06.jpeg?resize=800%2C100&amp;ssl=1\" sizes=\"auto, (max-width: 800px) 100vw, 800px\" srcset=\"https:\/\/i0.wp.com\/www.radiopiu.net\/wordpress\/wp-content\/uploads\/2018\/09\/WhatsApp-Image-2018-09-20-at-16.04.06.jpeg?w=800&amp;ssl=1 800w, https:\/\/i0.wp.com\/www.radiopiu.net\/wordpress\/wp-content\/uploads\/2018\/09\/WhatsApp-Image-2018-09-20-at-16.04.06.jpeg?resize=300%2C38&amp;ssl=1 300w, https:\/\/i0.wp.com\/www.radiopiu.net\/wordpress\/wp-content\/uploads\/2018\/09\/WhatsApp-Image-2018-09-20-at-16.04.06.jpeg?resize=768%2C96&amp;ssl=1 768w\" alt=\"\" width=\"800\" height=\"100\" data-lazy-loaded=\"1\" \/><\/a><\/p>\n<p>&nbsp;<\/p>\n<p>&nbsp;<\/p>\n<p><center><b>Giovedi 23<\/b><\/center><b>Tempo atteso:\u00a0<\/b>Tempo da variabile ad instabile, con spazi di sereno fino al mattino e maggiori addensamenti in seguito.<br \/>\n<b>Precipitazioni:\u00a0<\/b>Fenomeni da locali a temporaneamente sparsi e a prevalente carattere di rovescio o temporale, pi\u00f9 probabili sulle Prealpi nelle primissime ore e anche sulle Dolomiti a partire da quelle centrali; nel complesso della giornata la probabilit\u00e0 sar\u00e0 medio-alta (50-70%).<br \/>\n<b>Temperature:\u00a0<\/b>Un po&#8217; in calo, specie riguardo ai valori minimi; in libera atmosfera minime e massime sulle Prealpi a 1500 m 15\/16 \u00b0C e a 2000 m 11\/13 \u00b0C, sulle Dolomiti a 2000 m 11\/14 \u00b0C e a 3000 m 3\/5 \u00b0C.<br \/>\n<b>Venti:\u00a0<\/b>Deboli, in quota dai quadranti nord-occidentali e nelle valli con direzione variabile; 5-10 km\/h a 2000 m, 10-20 km\/h a 3000 m.<\/p>\n<hr \/>\n<p><center><b>Venerdi 24<\/b><\/center><b>Tempo atteso:\u00a0<\/b>Instabilit\u00e0, con alcune schiarite nelle prime ore e parecchi addensamenti nuvolosi nel resto della giornata; alla sera, saranno probabili dei rasserenamenti.<br \/>\n<b>Precipitazioni:\u00a0<\/b>Probabilit\u00e0 da medio-alta (50-70%) ad alta (70-90%) per fenomeni sparsi, o a tratti abbastanza diffusi specie nel pomeriggio, a prevalente carattere di rovescio o temporale.<br \/>\n<b>Temperature:\u00a0<\/b>Per le massime prevarr\u00e0 una diminuzione, al pi\u00f9 moderata; le minime, in genere raggiunte a tarda sera, saranno un po&#8217; in aumento in varie valli e stazionarie o in leggero calo in quota; in libera atmosfera minime e massime sulle Prealpi a 1500 m 13\/15 \u00b0C e a 2000 m 10\/11 \u00b0C, sulle Dolomiti a 2000 m 9\/12 \u00b0C e a 3000 m 2\/4 \u00b0C.<br \/>\n<b>Venti:\u00a0<\/b>In quota da deboli a moderati, fino a met\u00e0 giornata dai quadranti occidentali e poi da quelli settentrionali; nelle valli, generalmente deboli con direzione variabile, salvo locali rinforzi in occasione dei temporali; 5-10 km\/h a 2000 m, 10-20 km\/h a 3000 m.<\/p>\n<hr \/>\n<p><center><b>Sabato 25<\/b><\/center>Cielo in prevalenza poco nuvoloso, con ampi spazi di sereno e alcuni addensamenti anche di tipo cumuliforme pi\u00f9 presenti dal pomeriggio sulle zone dolomitiche, dove non sar\u00e0 da escludere qualche locale rovescio o temporale pomeridiano; temperature minime in contenuto calo, massime in aumento al pi\u00f9 moderato.<\/p>\n<hr \/>\n<p><center><b>Domenica 26<\/b><\/center>Variabilit\u00e0, con alcune fasi di schiarita e degli addensamenti nuvolosi, che si assoceranno a probabile instabilit\u00e0 e rovesci o temporali soprattutto sulle Dolomiti nelle ore pomeridiane; le temperature minime subiranno un moderato aumento, le massime contenute variazioni di carattere locale.<\/p>\n<p>&nbsp;<\/p>\n<hr \/>\n<p>&nbsp;<\/p>\n<p><iframe loading=\"lazy\" title=\"Spot Buttalibene TV\" width=\"1200\" height=\"675\" src=\"https:\/\/www.youtube.com\/embed\/fjHWpfyAevE?feature=oembed\" frameborder=\"0\" allow=\"accelerometer; autoplay; clipboard-write; encrypted-media; gyroscope; picture-in-picture\" allowfullscreen><\/iframe><\/p>\n<p>&nbsp;<\/p>\n<hr \/>\n<p>&nbsp;<\/p>\n<p class=\"photoswipe-wrapper\"><a class=\"dt-pswp-item pspw-wrap-ready\" href=\"https:\/\/i1.wp.com\/www.radiopiu.net\/wordpress\/wp-content\/uploads\/2018\/09\/sport.jpg?ssl=1\" data-dt-img-description=\"\" data-large_image_width=\"800\" data-large_image_height=\"100\"><img loading=\"lazy\" decoding=\"async\" class=\"wp-image-60761 size-full aligncenter\" src=\"https:\/\/i1.wp.com\/www.radiopiu.net\/wordpress\/wp-content\/uploads\/2018\/09\/sport.jpg?resize=800%2C100&amp;ssl=1\" sizes=\"auto, (max-width: 800px) 100vw, 800px\" srcset=\"https:\/\/i1.wp.com\/www.radiopiu.net\/wordpress\/wp-content\/uploads\/2018\/09\/sport.jpg?w=800&amp;ssl=1 800w, https:\/\/i1.wp.com\/www.radiopiu.net\/wordpress\/wp-content\/uploads\/2018\/09\/sport.jpg?resize=300%2C38&amp;ssl=1 300w, https:\/\/i1.wp.com\/www.radiopiu.net\/wordpress\/wp-content\/uploads\/2018\/09\/sport.jpg?resize=768%2C96&amp;ssl=1 768w\" alt=\"\" width=\"800\" height=\"100\" data-recalc-dims=\"1\" \/><\/a><\/p>\n<p>&nbsp;<\/p>\n<blockquote>\n<h3><span style=\"font-size: large;\">ALPAGO SKY SUPER 3 NON SI FERMA: APPUNTAMENTO DOMENICA 9 AGOSTO<\/span><\/h3>\n<\/blockquote>\n<p><strong><a class=\"dt-pswp-item\" href=\"https:\/\/www.radiopiu.net\/wordpress\/wp-content\/uploads\/2020\/07\/eddj-nani-vincitore-alpago-sky-super-3-10-agosto-2019.jpg\" data-dt-img-description=\"\" data-large_image_width=\"1500\" data-large_image_height=\"1001\"><img loading=\"lazy\" decoding=\"async\" class=\"size-medium wp-image-150692 alignleft\" src=\"https:\/\/www.radiopiu.net\/wordpress\/wp-content\/uploads\/2020\/07\/eddj-nani-vincitore-alpago-sky-super-3-10-agosto-2019-300x200.jpg\" alt=\"\" width=\"300\" height=\"200\" srcset=\"https:\/\/www.radiopiu.net\/wordpress\/wp-content\/uploads\/2020\/07\/eddj-nani-vincitore-alpago-sky-super-3-10-agosto-2019-300x200.jpg 300w, https:\/\/www.radiopiu.net\/wordpress\/wp-content\/uploads\/2020\/07\/eddj-nani-vincitore-alpago-sky-super-3-10-agosto-2019-1024x683.jpg 1024w, https:\/\/www.radiopiu.net\/wordpress\/wp-content\/uploads\/2020\/07\/eddj-nani-vincitore-alpago-sky-super-3-10-agosto-2019-768x513.jpg 768w, https:\/\/www.radiopiu.net\/wordpress\/wp-content\/uploads\/2020\/07\/eddj-nani-vincitore-alpago-sky-super-3-10-agosto-2019.jpg 1500w\" sizes=\"auto, (max-width: 300px) 100vw, 300px\" \/><\/a>CHIES D&#8217;ALPAGO<\/strong> Alpago Sky Super 3\u00a0non si ferma. La sky race che a Chies d\u2019Alpago (Belluno) vuole onorare la memoria di Andrea Zanon, David Cecchin e Maudi De March, i tre ragazzi del Soccorso Alpino caduti sul Monte Cridola nell\u2019estate del 2012, si svolger\u00e0 domenica 9 agosto.\u00a0Sar\u00e0 un\u2019edizione diversa dalle sette fin qui disputate, in quanto dovr\u00e0 fare i conti con le limitazioni relative al contenimento dell\u2019emergenza Covid-19, ma si far\u00e0. E sar\u00e0, oltre che un evento dai contenuti tecnici importanti, anche un segnale di ripartenza dopo i tanti mesi di stop causa coronavirus.\u00a0Appuntamento dunque per domenica 9 agosto con i due tradizionali tracciati che ricalcheranno i percorsi classici, pur se con un paio di modifiche che riguarderanno la zona di partenza e di arrivo.\u00a0Il\u00a0percorso Sky Race\u00a0sar\u00e0 di 20.7 chilometri di sviluppo (1.9 in pi\u00f9 rispetto al passato) e 1.950 metri di dislivello positivo (100 in pi\u00f9): la partenza avverr\u00e0 da Lamosano (localit\u00e0\u00a0\u201cPes\u00f2rt\u201d, campo erbato aperto,\u00a0640 metri di altitudine) e i concorrenti dovranno subito salire, continuando poi fino a raggiungere i 2.212 metri di altitudine del Monte Venal, \u201ctetto\u201d della gara. Da qui, lunga e tecnica discesa fino a tornare a Lamosano dove il traguardo sar\u00e0 posto in piazza Roma (gli altri anni era invece a Chies).\u00a0Il numero massimo di concorrenti \u00e8 fissato a 250. Non ci sar\u00e0 una partenza unica, bens\u00ec quattro\u00a0partenze scaglionate, ognuna con 50 atleti, in modo da garantire il distanziamento fisico. La prima partenza verr\u00e0 data alle 8.40, l\u2019ultima alle 9.\u00a0Anche per la\u00a0Mini Sky 3\u00a0partenza e arrivo sono posti a Lamosano: la prova si svolger\u00e0 su un tracciato di 10 chilometri e 650 metri di dislivello. Pure in questo caso sono stati fissati un\u00a0limite massimo di partecipanti (200)\u00a0e\u00a0partenza scaglionate\u00a0(dalle 9.15 alle 9.30).\u00a0Le iscrizioni\u00a0alla Sky race sono possibili\u00a0esclusivamente sul sito della manifestazione\u00a0<a href=\"http:\/\/www.dolomitiski-alp.com\/\" target=\"_blank\" rel=\"noopener noreferrer\">www.dolomitiski-alp.com<\/a>. Saranno a prezzo agevolato di 25\u00a0euro fino a domenica 2\u00a0agosto. Dal 4 fino all\u20198 agosto \u00a0il costo passer\u00e0 a 35 euro. Per la Mini Sky Race le iscrizioni, possibili anche in questo caso esclusivamente sul sito\u00a0<a href=\"http:\/\/www.dolomitiski-alp.com\/\" target=\"_blank\" rel=\"noopener noreferrer\">www.dolomitiski-alp.com<\/a>, saranno aperte fino al 7 agosto, al costo di 10 euro.\u00a0Per entrambe le prove il ritiro dei pettorali\u00a0verr\u00e0 fatto domenica mattina dalle 7 a Lamosano,\u00a0con recupero in\u00a0autonomia della propria sacca numerata e segnalazione dell\u2019effettuato ritiro al comitato organizzatore.\u00a0Le premiazioni, in Piazza Roma a Lamosano, avranno luogo a partire dalle 13.\u00a0L\u2019organizzazione di Alpago Sky Super 3 oltre che lavorare all\u2019edizione 2020 sta lavorando anche al\u00a02021: in cantiere una corsa aperta a tutti su un\u00a0tracciato ridotto di 5 chilometri.<\/p>\n<p>&nbsp;<\/p>\n<p>&nbsp;<\/p>\n<p>&nbsp;<\/p>\n<hr \/>\n<p><a class=\"dt-pswp-item\" href=\"https:\/\/www.radiopiu.net\/wordpress\/wp-content\/uploads\/2020\/07\/asdasd.jpg\" data-dt-img-description=\"\" data-large_image_width=\"1600\" data-large_image_height=\"1200\"><img loading=\"lazy\" decoding=\"async\" class=\"size-medium wp-image-150746 alignleft\" src=\"https:\/\/www.radiopiu.net\/wordpress\/wp-content\/uploads\/2020\/07\/asdasd-300x225.jpg\" alt=\"\" width=\"300\" height=\"225\" srcset=\"https:\/\/www.radiopiu.net\/wordpress\/wp-content\/uploads\/2020\/07\/asdasd-300x225.jpg 300w, https:\/\/www.radiopiu.net\/wordpress\/wp-content\/uploads\/2020\/07\/asdasd-1024x768.jpg 1024w, https:\/\/www.radiopiu.net\/wordpress\/wp-content\/uploads\/2020\/07\/asdasd-768x576.jpg 768w, https:\/\/www.radiopiu.net\/wordpress\/wp-content\/uploads\/2020\/07\/asdasd-1536x1152.jpg 1536w, https:\/\/www.radiopiu.net\/wordpress\/wp-content\/uploads\/2020\/07\/asdasd.jpg 1600w\" sizes=\"auto, (max-width: 300px) 100vw, 300px\" \/><\/a><strong>ALLEGHE<\/strong> La Societ\u00e0 sportiva Alleghe Hockey ha avviato un rapporto di collaborazione con l\u2019Azienda Alemagna motori di Belluno\u00a0 con l\u2019esposizione per tutto il periodo estivo in fronte al Palaghiaccio\u00a0 \u201cAlvise De Toni di Alleghe\u201d del pick up novit\u00e0 in casa Volkswagen <em>&#8220;Per noi, dice il Neo Presidente Adriano Levis, \u00e8 una collaborazione importante e prestigiosa che dopo questo periodo di lockdown ci serviva per guardare alla nuova stagione agonistica 2020\/2021 con fiducia e positivit\u00e0&#8221;.<\/em><\/p>\n","protected":false},"excerpt":{"rendered":"<p>PER RICEVERE QUESTO NOTIZIARIO DIRETTAMENTE SUL TUO CELLULARE ISCRIVITI AL CANALE TELEGRAM \u201cRADIO PIU\u00a0 INFORMAZIONE ATTENZIONE: LA NUOVA APP PER IOS-IPHONE https:\/\/apps.apple.com\/it\/app\/radio-pi%C3%B9-emittente-agordina\/id1515939845 ATTENZIONE: LA NUOVA APP RADIO\u00a0 PER ANDROID https:\/\/play.google.com\/store\/apps\/details?id=net.radiopiu.iniko\u00a0\u00a0 ULTIM&#8217;ORA, 06 25&#8242; PRUDENZA LA MUDA INCIDENTE, CERVO INVESTITO, IL SECONDO IN 48 ORE LUNGO LA REGIONALE 203 AGORDINA DILLO A RADIO PIU, DA SOCCOL&hellip;<\/p>\n","protected":false},"author":4,"featured_media":150736,"comment_status":"closed","ping_status":"closed","sticky":false,"template":"","format":"standard","meta":{"_monsterinsights_skip_tracking":false,"_monsterinsights_sitenote_active":false,"_monsterinsights_sitenote_note":"","_monsterinsights_sitenote_category":0,"footnotes":""},"categories":[1,86,49],"tags":[],"class_list":["post-150684","post","type-post","status-publish","format-standard","has-post-thumbnail","hentry","category-senza-categoria","category-gr","category-news-18","category-1","category-86","category-49","description-off"],"img_url":"https:\/\/www.radiopiu.net\/wordpress\/wp-content\/uploads\/2020\/07\/011ac6a7-faf3-4e44-8366-1299316cf277.jpg","_links":{"self":[{"href":"https:\/\/www.radiopiu.net\/wordpress\/wp-json\/wp\/v2\/posts\/150684","targetHints":{"allow":["GET"]}}],"collection":[{"href":"https:\/\/www.radiopiu.net\/wordpress\/wp-json\/wp\/v2\/posts"}],"about":[{"href":"https:\/\/www.radiopiu.net\/wordpress\/wp-json\/wp\/v2\/types\/post"}],"author":[{"embeddable":true,"href":"https:\/\/www.radiopiu.net\/wordpress\/wp-json\/wp\/v2\/users\/4"}],"replies":[{"embeddable":true,"href":"https:\/\/www.radiopiu.net\/wordpress\/wp-json\/wp\/v2\/comments?post=150684"}],"version-history":[{"count":0,"href":"https:\/\/www.radiopiu.net\/wordpress\/wp-json\/wp\/v2\/posts\/150684\/revisions"}],"wp:featuredmedia":[{"embeddable":true,"href":"https:\/\/www.radiopiu.net\/wordpress\/wp-json\/wp\/v2\/media\/150736"}],"wp:attachment":[{"href":"https:\/\/www.radiopiu.net\/wordpress\/wp-json\/wp\/v2\/media?parent=150684"}],"wp:term":[{"taxonomy":"category","embeddable":true,"href":"https:\/\/www.radiopiu.net\/wordpress\/wp-json\/wp\/v2\/categories?post=150684"},{"taxonomy":"post_tag","embeddable":true,"href":"https:\/\/www.radiopiu.net\/wordpress\/wp-json\/wp\/v2\/tags?post=150684"}],"curies":[{"name":"wp","href":"https:\/\/api.w.org\/{rel}","templated":true}]}}