{"id":150762,"date":"2020-07-22T15:01:07","date_gmt":"2020-07-22T13:01:07","guid":{"rendered":"https:\/\/www.radiopiu.net\/wordpress\/?p=150762"},"modified":"2020-07-22T15:04:12","modified_gmt":"2020-07-22T13:04:12","slug":"alla-scoperta-del-turismo-sostenibile-de-toni-avvia-il-tour","status":"publish","type":"post","link":"https:\/\/www.radiopiu.net\/wordpress\/alla-scoperta-del-turismo-sostenibile-de-toni-avvia-il-tour\/","title":{"rendered":"ALLA SCOPERTA DEL TURISMO SOSTENIBILE, DE TONI AVVIA IL TOUR"},"content":{"rendered":"<p><strong><a class=\"dt-pswp-item\" href=\"https:\/\/www.radiopiu.net\/wordpress\/wp-content\/uploads\/2019\/05\/ALLEGHE-DANILO-DE-TONI.jpeg\" data-dt-img-description=\"\" data-large_image_width=\"1373\" data-large_image_height=\"1600\"><img loading=\"lazy\" decoding=\"async\" class=\"size-medium wp-image-86463 alignleft\" src=\"https:\/\/www.radiopiu.net\/wordpress\/wp-content\/uploads\/2019\/05\/ALLEGHE-DANILO-DE-TONI-257x300.jpeg\" alt=\"\" width=\"257\" height=\"300\" srcset=\"https:\/\/www.radiopiu.net\/wordpress\/wp-content\/uploads\/2019\/05\/ALLEGHE-DANILO-DE-TONI-257x300.jpeg 257w, https:\/\/www.radiopiu.net\/wordpress\/wp-content\/uploads\/2019\/05\/ALLEGHE-DANILO-DE-TONI-768x895.jpeg 768w, https:\/\/www.radiopiu.net\/wordpress\/wp-content\/uploads\/2019\/05\/ALLEGHE-DANILO-DE-TONI-879x1024.jpeg 879w, https:\/\/www.radiopiu.net\/wordpress\/wp-content\/uploads\/2019\/05\/ALLEGHE-DANILO-DE-TONI.jpeg 1373w\" sizes=\"auto, (max-width: 257px) 100vw, 257px\" \/><\/a>BELLUNO<\/strong> Tour tra le eccellenze del territorio. La Provincia ha iniziato da Vich di Ponte nelle Alpi il viaggio alla scoperta delle nuove realt\u00e0 che promuovono uno sviluppo sostenibile del turismo. Ieri il consigliere delegato al turismo, Danilo De Toni, assieme ai colleghi consiglieri, ha visitato l\u2019azienda agricola \u201cLa giasena\u201d di Rino Bernard, dove da anni si coltivano piccoli frutti per la produzione di qualit\u00e0 di succhi di frutta e marmellate. E dove da qualche settimana a questa parte \u00e8 attivo anche un b&amp;b, che nei prossimi mesi metter\u00e0 a disposizione degli ospiti sauna e vasca idromassaggio con vista sui frutteti.<br \/>\n<em><a class=\"dt-pswp-item\" href=\"https:\/\/www.radiopiu.net\/wordpress\/wp-content\/uploads\/2020\/07\/IMG_7825.jpg\" data-dt-img-description=\"\" data-large_image_width=\"1200\" data-large_image_height=\"1600\"><img loading=\"lazy\" decoding=\"async\" class=\"size-medium wp-image-150763 alignright\" src=\"https:\/\/www.radiopiu.net\/wordpress\/wp-content\/uploads\/2020\/07\/IMG_7825-225x300.jpg\" alt=\"\" width=\"225\" height=\"300\" srcset=\"https:\/\/www.radiopiu.net\/wordpress\/wp-content\/uploads\/2020\/07\/IMG_7825-225x300.jpg 225w, https:\/\/www.radiopiu.net\/wordpress\/wp-content\/uploads\/2020\/07\/IMG_7825-768x1024.jpg 768w, https:\/\/www.radiopiu.net\/wordpress\/wp-content\/uploads\/2020\/07\/IMG_7825-1152x1536.jpg 1152w, https:\/\/www.radiopiu.net\/wordpress\/wp-content\/uploads\/2020\/07\/IMG_7825.jpg 1200w\" sizes=\"auto, (max-width: 225px) 100vw, 225px\" \/><\/a>\u00abUn esempio per tanti giovani che vorrebbero aprirsi all\u2019ospitalit\u00e0 &#8211; il commento del consigliere De Toni -. Lo sviluppo del turismo per le nostre zone passa inevitabilmente da qui, dal proporre cio\u00e8 non solo una camera d\u2019albergo, ma un\u2019emozione, come pu\u00f2 essere quella di un\u2019immersione totale nella natura e nell\u2019esperienza di un\u2019azienda agricola\u00bb. <\/em>Visitati\u00a0 non solo i filari delle piante e il punto vendita, dove i clienti &#8211; come gi\u00e0 succede in Alto Adige &#8211; possono raccogliersi da soli la frutta per acquistarla. Ma anche il laboratorio di trasformazione della materia prima in succhi di frutta e marmellate. E la nuova proposta di ospitalit\u00e0. <em>\u00abL\u2019intenzione \u00e8 di girare il territorio e promuovere questo genere di proposte &#8211; continua il consigliere De Toni -. Abbiamo una provincia magnifica, che ha potenzialit\u00e0 enormi, soprattutto in vista dei grandi eventi sportivi che ospiteremo da qui al 2026. Dobbiamo essere bravi a pubblicizzarla, ma anche a offrire ai visitatori esperienze ed emozioni: questo \u00e8 il traguardo che vogliamo raggiungere. E per farlo, \u00e8 necessario un gioco di squadra con gli operatori dell\u2019ospitalit\u00e0, con gli albergatori, con i gestori dei rifugi, con le aziende agricole. Il turismo deve essere un sistema di filiera che mette insieme tutte le peculiarit\u00e0 del nostro territorio\u00bb.<\/em><\/p>\n","protected":false},"excerpt":{"rendered":"<p>BELLUNO Tour tra le eccellenze del territorio. La Provincia ha iniziato da Vich di Ponte nelle Alpi il viaggio alla scoperta delle nuove realt\u00e0 che promuovono uno sviluppo sostenibile del turismo. Ieri il consigliere delegato al turismo, Danilo De Toni, assieme ai colleghi consiglieri, ha visitato l\u2019azienda agricola \u201cLa giasena\u201d di Rino Bernard, dove da&hellip;<\/p>\n","protected":false},"author":1,"featured_media":86463,"comment_status":"closed","ping_status":"closed","sticky":false,"template":"","format":"standard","meta":{"_monsterinsights_skip_tracking":false,"_monsterinsights_sitenote_active":false,"_monsterinsights_sitenote_note":"","_monsterinsights_sitenote_category":0,"footnotes":""},"categories":[51,49],"tags":[],"class_list":["post-150762","post","type-post","status-publish","format-standard","has-post-thumbnail","hentry","category-evidenza-top","category-news-18","category-51","category-49","description-off"],"img_url":"https:\/\/www.radiopiu.net\/wordpress\/wp-content\/uploads\/2019\/05\/ALLEGHE-DANILO-DE-TONI.jpeg","_links":{"self":[{"href":"https:\/\/www.radiopiu.net\/wordpress\/wp-json\/wp\/v2\/posts\/150762","targetHints":{"allow":["GET"]}}],"collection":[{"href":"https:\/\/www.radiopiu.net\/wordpress\/wp-json\/wp\/v2\/posts"}],"about":[{"href":"https:\/\/www.radiopiu.net\/wordpress\/wp-json\/wp\/v2\/types\/post"}],"author":[{"embeddable":true,"href":"https:\/\/www.radiopiu.net\/wordpress\/wp-json\/wp\/v2\/users\/1"}],"replies":[{"embeddable":true,"href":"https:\/\/www.radiopiu.net\/wordpress\/wp-json\/wp\/v2\/comments?post=150762"}],"version-history":[{"count":0,"href":"https:\/\/www.radiopiu.net\/wordpress\/wp-json\/wp\/v2\/posts\/150762\/revisions"}],"wp:featuredmedia":[{"embeddable":true,"href":"https:\/\/www.radiopiu.net\/wordpress\/wp-json\/wp\/v2\/media\/86463"}],"wp:attachment":[{"href":"https:\/\/www.radiopiu.net\/wordpress\/wp-json\/wp\/v2\/media?parent=150762"}],"wp:term":[{"taxonomy":"category","embeddable":true,"href":"https:\/\/www.radiopiu.net\/wordpress\/wp-json\/wp\/v2\/categories?post=150762"},{"taxonomy":"post_tag","embeddable":true,"href":"https:\/\/www.radiopiu.net\/wordpress\/wp-json\/wp\/v2\/tags?post=150762"}],"curies":[{"name":"wp","href":"https:\/\/api.w.org\/{rel}","templated":true}]}}