{"id":150769,"date":"2020-07-22T15:19:50","date_gmt":"2020-07-22T13:19:50","guid":{"rendered":"https:\/\/www.radiopiu.net\/wordpress\/?p=150769"},"modified":"2020-07-22T15:19:50","modified_gmt":"2020-07-22T13:19:50","slug":"relazione-sugli-investimenti-per-la-viabilita-provincia-e-veneto-strade-fanno-il-punto","status":"publish","type":"post","link":"https:\/\/www.radiopiu.net\/wordpress\/relazione-sugli-investimenti-per-la-viabilita-provincia-e-veneto-strade-fanno-il-punto\/","title":{"rendered":"RELAZIONE SUGLI INVESTIMENTI PER LA VIABILIT\u00c0: PROVINCIA E VENETO STRADE FANNO IL PUNTO"},"content":{"rendered":"<blockquote>\n<h3><\/h3>\n<\/blockquote>\n<p><strong><a class=\"dt-pswp-item\" href=\"https:\/\/www.radiopiu.net\/wordpress\/wp-content\/uploads\/2016\/06\/lavori_in_corso_cartelli04111111111111.jpg\" data-dt-img-description=\"\" data-large_image_width=\"425\" data-large_image_height=\"336\"><img loading=\"lazy\" decoding=\"async\" class=\"size-medium wp-image-20520 alignleft\" src=\"https:\/\/www.radiopiu.net\/wordpress\/wp-content\/uploads\/2016\/06\/lavori_in_corso_cartelli04111111111111-300x237.jpg\" alt=\"\" width=\"300\" height=\"237\" \/><\/a>BELLUNO \u00a0<\/strong>Sono diverse centinaia i cantieri sulla viabilit\u00e0 provinciale disposti negli ultimi nove anni. Una serie di lavori di manutenzione straordinaria per un investimento complessivo di 9,9 milioni di euro, come prevede la convenzione del 2008. A cui si aggiungono le opere di ripristino post-Vaia e altri interventi disposti dalla Provincia. Lavori che sono stati esaminati dall\u2019amministrazione di Palazzo Piloni in una riunione con l\u2019amministratore delegato di Veneto Strade, Silvano Vernizzi, e il responsabile dell\u2019area bellunese, Michele Artusato.<\/p>\n<p>INVESTIMENTI DA CONVENZIONE\u00a0Risulta che due terzi dei 9,9 milioni di investimento stabiliti dalla convenzione (1,1 milioni all\u2019anno) sono stati spesi per piccoli grandi lavori di messa in sicurezza e sistemazione della viabilit\u00e0 (con interventi diffusi su tutto il territorio provinciale). Il restante terzo, invece, non \u00e8 ancora stato concretizzato in opere.\u00a0\u00ab<em>Si tratta di interventi che saranno comunque realizzati, dato che sono stati approvati dall\u2019amministrazione provinciale &#8211; commenta il presidente della Provincia, Roberto Padrin -. L\u2019obiettivo \u00e8 quello di avere una viabilit\u00e0 rispondente alle esigenze delle nostre comunit\u00e0 e delle imprese, vale a dire strade sicure e percorribili. Motivo per cui abbiamo fatto il punto della situazione con l\u2019amministratore delegato Vernizzi anche su altre tipologie di interventi<\/em>\u00bb.<\/p>\n<p>FONDI GOVERNATIVI\u00a0Belluno, infatti, ha in essere con Veneto Strade anche altri piani specifici di manutenzione o di opere sulla viabilit\u00e0 provinciale. A cominciare dai fondi governativi sbloccati per Province e Citt\u00e0 metropolitane: 10,6 milioni di euro complessivi per il quinquennio 2019-2023. \u00abRisorse con cui abbiamo disposto operazioni importanti &#8211; puntualizza il presidente Padrin -. Penso ad esempio all\u2019illuminazione delle gallerie della valle del Mis, per 320mila euro, gi\u00e0 realizzata. O al risanamento del ponte di San Felice, per 1 milione di euro\u00bb. Il piano 2020 a valere su queste risorse governative prevede tre interventi: il risanamento di un ponte sulla Sp 5 di Lamosano (715mila euro); l\u2019illuminazione delle gallerie della Sp 20 della Val Fiorentina (420mila euro); il ripristino di alcuni strati di fondazione della sovrastruttura stradale (986mila euro).<\/p>\n<p>ACCORDO TRANSATTIVO\u00a0Inoltre, sulla viabilit\u00e0 provinciale sono investiti anche i 6,1 milioni di euro frutto dell\u2019accordo transattivo con Veneto Strade del giugno 2019, che ha posto fine al contenzioso relativo ad alcune tranche mancanti della convenzione.<\/p>\n<p>INTERVENTI POST-VAIA\u00a0\u00ab<em>Poi c\u2019\u00e8 la partita di Vaia, per la quale Veneto Strade sta riversando sul territorio le risorse commissariali &#8211; continua il presidente Padrin -. Lavori significativi, perch\u00e9 le nostre strade avevano subito danni ingenti dagli eventi meteo di fine ottobre 2018\u00bb. In questo caso, le operazioni (tra terminate, programmate e in corso) sono 113, per un valore complessivo di 60 milioni di euro: 39 milioni finanziati per il 2019 (tra i pi\u00f9 consistenti, il consolidamento di Ponte Mas, gi\u00e0 completato per 825mila euro; la stabilizzazione del tornante di Digonera sulla Sp 563, in corso, per 1,375 milioni di euro; la messa in sicurezza della Sp 20 in Comune di Selva di Cadore, in corso, per 3,3 milioni; e l\u2019integrazione delle opere fermaneve sulla Sp 24, per 1,380 milioni di euro); e 21 milioni finanziati per il 2020 (i pi\u00f9 importanti riguardano la realizzazione di opere di protezione della sede stradale sulla Sp 49 di Misurina, per 3,5 milioni; l\u2019adeguamento dell\u2019intersezione tra la Sp 347 del Passo Cereda e Duran e la 51 di Alemagna per 3,4 milioni; e la messa in sicurezza del ponte di San Felice tra Trichiana e Sedico per 1,1 milioni).\u00a0<\/em><em>\u00abNella riunione con Veneto Strade abbiamo passato in rassegna anche i progetti cofinanziati con Fondi dei Comuni di confine, relativi alle zone confinanti con Trento e Bolzano &#8211; conclude il presidente Padrin -. Tra questi, anche il piano della galleria di Pala Rossa, lungo la Regionale 50 del Grappa e Passo Rolle a Lamon, per la quale il progetto definitivo \u00e8 approvato. Per l\u2019esecutivo mancano solo 3 milioni di euro di cofinanziamento dalla Regione Veneto per i quali stiamo lavorando\u00bb.<\/em><\/p>\n<p>&nbsp;<\/p>\n","protected":false},"excerpt":{"rendered":"<p>BELLUNO \u00a0Sono diverse centinaia i cantieri sulla viabilit\u00e0 provinciale disposti negli ultimi nove anni. Una serie di lavori di manutenzione straordinaria per un investimento complessivo di 9,9 milioni di euro, come prevede la convenzione del 2008. A cui si aggiungono le opere di ripristino post-Vaia e altri interventi disposti dalla Provincia. Lavori che sono stati&hellip;<\/p>\n","protected":false},"author":1,"featured_media":0,"comment_status":"closed","ping_status":"closed","sticky":false,"template":"","format":"standard","meta":{"_monsterinsights_skip_tracking":false,"_monsterinsights_sitenote_active":false,"_monsterinsights_sitenote_note":"","_monsterinsights_sitenote_category":0,"footnotes":""},"categories":[49],"tags":[],"class_list":["post-150769","post","type-post","status-publish","format-standard","hentry","category-news-18","category-49","description-off"],"img_url":false,"_links":{"self":[{"href":"https:\/\/www.radiopiu.net\/wordpress\/wp-json\/wp\/v2\/posts\/150769","targetHints":{"allow":["GET"]}}],"collection":[{"href":"https:\/\/www.radiopiu.net\/wordpress\/wp-json\/wp\/v2\/posts"}],"about":[{"href":"https:\/\/www.radiopiu.net\/wordpress\/wp-json\/wp\/v2\/types\/post"}],"author":[{"embeddable":true,"href":"https:\/\/www.radiopiu.net\/wordpress\/wp-json\/wp\/v2\/users\/1"}],"replies":[{"embeddable":true,"href":"https:\/\/www.radiopiu.net\/wordpress\/wp-json\/wp\/v2\/comments?post=150769"}],"version-history":[{"count":0,"href":"https:\/\/www.radiopiu.net\/wordpress\/wp-json\/wp\/v2\/posts\/150769\/revisions"}],"wp:attachment":[{"href":"https:\/\/www.radiopiu.net\/wordpress\/wp-json\/wp\/v2\/media?parent=150769"}],"wp:term":[{"taxonomy":"category","embeddable":true,"href":"https:\/\/www.radiopiu.net\/wordpress\/wp-json\/wp\/v2\/categories?post=150769"},{"taxonomy":"post_tag","embeddable":true,"href":"https:\/\/www.radiopiu.net\/wordpress\/wp-json\/wp\/v2\/tags?post=150769"}],"curies":[{"name":"wp","href":"https:\/\/api.w.org\/{rel}","templated":true}]}}