{"id":150895,"date":"2020-07-23T10:26:06","date_gmt":"2020-07-23T08:26:06","guid":{"rendered":"https:\/\/www.radiopiu.net\/wordpress\/?p=150895"},"modified":"2020-07-23T10:26:06","modified_gmt":"2020-07-23T08:26:06","slug":"due-semafori-per-il-fedaia-chiusa-per-due-giorni-la-strada-per-zoppe","status":"publish","type":"post","link":"https:\/\/www.radiopiu.net\/wordpress\/due-semafori-per-il-fedaia-chiusa-per-due-giorni-la-strada-per-zoppe\/","title":{"rendered":"DUE SEMAFORI PER IL FEDAIA, CHIUSA PER DUE GIORNI LA STRADA PER ZOPPE&#8217;"},"content":{"rendered":"<p><strong><img decoding=\"async\" class=\"alignleft\" src=\"https:\/\/www.radiopiu.net\/wordpress\/wp-content\/uploads\/2020\/05\/VENETO-STRADE-300x300.png\" \/>BELLUNO<\/strong> Veneto Strade comunica la chiusura per due giorni della strada di <strong>Zopp\u00e8<\/strong> in prossimit\u00e0 del centro del paese. La chiusura totale \u00e8 prevista per i giorni 27 e 28 luglio. <strong>Lungo la 641<\/strong> di passo fedaia, dal 24 luglio al 7 agosto senso unico alternato con semaforo anche nei giorni festivi e prefestivi a CAPANNA BILL e a COL DI ROCCA. <strong>AGORDO<\/strong> Vietato il parcheggio\u00a0 sulla comunale di Brugnach\u00a0 in prossimit\u00e0 del Ponte Bisoliga (foto) fino al 25 luglio divieto di accesso e di sosta con rimozione forzata dei veicoli nell&#8217;area del cantiere. <strong>GOSALDO\u00a0<\/strong>Fino a domani\u00a0 in localit\u00e0 Tiser lungo la provinciale 2 del Mis interdizione totale dalle 8 alle 12 e dalle 13 alle 17 dal chilometro 24.900 al chilometro 25.100 Nelle altre ore senso unico alternato. <strong>TAIBON<\/strong> chiusura della strada comunale della Valle di San lucano tra Scalette e Mezzavalle (area pic nic) dalle 8 alle 12.15 e dalle 13.15 alle 17.30 dei giorni lunedi 27, martedi 28 e mercoledi 29\u00a0 luglio. Sono previste finestre di apertura al traffico di 15 minuti ogni 75 minuti<\/p>\n<p><strong>SELVA DI CADORE<\/strong> \u00a0FINO AL 7 AGOSTO DALLE 7 ALLE 18 \u00a0E DAL 24 AGOSTO AL 15 SETTEMBRE SEMPRE DALLE 7 ALLE 18 (FESTIVI E PRE FESTIVI ESCLUSI) SENSO UNICO ALTERNATO CON MOVIERI O SEMAFORO IN LOCALIT\u00c0 SOLATOR. DAL CHILOMETRO 4.400 AL CHILOMETRO 5.100 <strong>REGIONALE 48<\/strong> DELLE DOLOMITI FINO AL 30 LUGLIO SENSO UNICO IN LOCALITA\u2019 LIVINE\u2019 DI LIVINALLONGO <strong>SP 251<\/strong> FINO AL 31 LUGLIO TRA PESCUL E SELVA DI CADORE SENSO UNICO ALTERNATO REGOLATO DA SEMAFORO, ESCLUSI SABATO E DOMENICA PER POSA FIBRE OTTICHE\u00a0<strong>STRADA REGIONALE 203<\/strong> AGORDINA TRA PERON E CANDATEN, FINO 31 LUGLIO ESCLUSI SABATI E DOMENICHE, DALLE 7:30 ALLE 9 E E DALLE 16:30 ALLE 18 SENSO UNICO ALTERNATO REGOLATO DA MOVIERI. NEGLI ALTRI ORARI SENSO UNICO ALTERNATO REGOLATO DA SEMAFORO PER INTERRAMENTO CAVIDOTTO E-DISTRIBUZIONE <strong>STRADA REGIONALE 48<\/strong> DELLE DOLOMITI, A CORTINA IN LOCALITA\u2019 POCOL, SENSO UNICO ALTERNATO REGOLATO DA IMPIANTO SEMAFORICO \u00a0FINO AL 24 LUGLIO, ESCLUSI SABATI E DOMENICHE, PER POSA CAVIDOTTO E-DISTRIBUZIONE <strong>STRADA PROVINCIALE 30<\/strong> PANORAMICA DEL COMELICO, FINO\u00a0 AL 31 LUGLIO INTERDIZIONE TOTALE ALLA VIABILITA\u2019 TRA COSTA E COSTALISSOIO PER MESSA IN SICUREZZA STRADA <strong>STRADA PROVINCIALE 619<\/strong> DI VIGO DI CADORE, FINO\u00a0 AL 7 AGOSTO, ESCLUSI SABATI E DOMENICHE, SENSO UNICO ALTERNATO REGOLATO DA IMPIANTO SEMAFORICO O MOVIERI PER MESSA IN SICUREZZA DELLA STRADA<\/p>\n","protected":false},"excerpt":{"rendered":"<p>BELLUNO Veneto Strade comunica la chiusura per due giorni della strada di Zopp\u00e8 in prossimit\u00e0 del centro del paese. La chiusura totale \u00e8 prevista per i giorni 27 e 28 luglio. Lungo la 641 di passo fedaia, dal 24 luglio al 7 agosto senso unico alternato con semaforo anche nei giorni festivi e prefestivi a&hellip;<\/p>\n","protected":false},"author":1,"featured_media":135574,"comment_status":"closed","ping_status":"closed","sticky":false,"template":"","format":"standard","meta":{"_monsterinsights_skip_tracking":false,"_monsterinsights_sitenote_active":false,"_monsterinsights_sitenote_note":"","_monsterinsights_sitenote_category":0,"footnotes":""},"categories":[51,49],"tags":[],"class_list":["post-150895","post","type-post","status-publish","format-standard","has-post-thumbnail","hentry","category-evidenza-top","category-news-18","category-51","category-49","description-off"],"img_url":"https:\/\/www.radiopiu.net\/wordpress\/wp-content\/uploads\/2020\/05\/VENETO-STRADE.png","_links":{"self":[{"href":"https:\/\/www.radiopiu.net\/wordpress\/wp-json\/wp\/v2\/posts\/150895","targetHints":{"allow":["GET"]}}],"collection":[{"href":"https:\/\/www.radiopiu.net\/wordpress\/wp-json\/wp\/v2\/posts"}],"about":[{"href":"https:\/\/www.radiopiu.net\/wordpress\/wp-json\/wp\/v2\/types\/post"}],"author":[{"embeddable":true,"href":"https:\/\/www.radiopiu.net\/wordpress\/wp-json\/wp\/v2\/users\/1"}],"replies":[{"embeddable":true,"href":"https:\/\/www.radiopiu.net\/wordpress\/wp-json\/wp\/v2\/comments?post=150895"}],"version-history":[{"count":0,"href":"https:\/\/www.radiopiu.net\/wordpress\/wp-json\/wp\/v2\/posts\/150895\/revisions"}],"wp:featuredmedia":[{"embeddable":true,"href":"https:\/\/www.radiopiu.net\/wordpress\/wp-json\/wp\/v2\/media\/135574"}],"wp:attachment":[{"href":"https:\/\/www.radiopiu.net\/wordpress\/wp-json\/wp\/v2\/media?parent=150895"}],"wp:term":[{"taxonomy":"category","embeddable":true,"href":"https:\/\/www.radiopiu.net\/wordpress\/wp-json\/wp\/v2\/categories?post=150895"},{"taxonomy":"post_tag","embeddable":true,"href":"https:\/\/www.radiopiu.net\/wordpress\/wp-json\/wp\/v2\/tags?post=150895"}],"curies":[{"name":"wp","href":"https:\/\/api.w.org\/{rel}","templated":true}]}}