{"id":150897,"date":"2020-07-23T10:33:54","date_gmt":"2020-07-23T08:33:54","guid":{"rendered":"https:\/\/www.radiopiu.net\/wordpress\/?p=150897"},"modified":"2020-07-23T10:33:54","modified_gmt":"2020-07-23T08:33:54","slug":"nevegal-la-tempistica-conferma-la-mancanza-di-reale-volonta-politica","status":"publish","type":"post","link":"https:\/\/www.radiopiu.net\/wordpress\/nevegal-la-tempistica-conferma-la-mancanza-di-reale-volonta-politica\/","title":{"rendered":"NEVEGAL, LA TEMPISTICA CONFERMA LA MANCANZA DI REALE VOLONTA&#8217; POLITICA"},"content":{"rendered":"<blockquote>\n<h3>Riceviamo e volentieri pubblichiamo la riflessione di Quinto Piol a proposito dello sviluppo del Nevegal.\u00a0 La tempistica conferma la mancanza di reale volont\u00e0 politica.<\/h3>\n<\/blockquote>\n<p><strong><a class=\"dt-pswp-item\" href=\"https:\/\/www.radiopiu.net\/wordpress\/wp-content\/uploads\/2020\/07\/48397700_10213059469265672_5684830863448080384_n.jpg\" data-dt-img-description=\"\" data-large_image_width=\"954\" data-large_image_height=\"954\"><img loading=\"lazy\" decoding=\"async\" class=\" wp-image-150898 alignleft\" src=\"https:\/\/www.radiopiu.net\/wordpress\/wp-content\/uploads\/2020\/07\/48397700_10213059469265672_5684830863448080384_n-300x300.jpg\" alt=\"\" width=\"201\" height=\"201\" srcset=\"https:\/\/www.radiopiu.net\/wordpress\/wp-content\/uploads\/2020\/07\/48397700_10213059469265672_5684830863448080384_n-300x300.jpg 300w, https:\/\/www.radiopiu.net\/wordpress\/wp-content\/uploads\/2020\/07\/48397700_10213059469265672_5684830863448080384_n-150x150.jpg 150w, https:\/\/www.radiopiu.net\/wordpress\/wp-content\/uploads\/2020\/07\/48397700_10213059469265672_5684830863448080384_n-768x768.jpg 768w, https:\/\/www.radiopiu.net\/wordpress\/wp-content\/uploads\/2020\/07\/48397700_10213059469265672_5684830863448080384_n.jpg 954w\" sizes=\"auto, (max-width: 201px) 100vw, 201px\" \/><\/a>BELLUNO<\/strong> Due capitoli nella riflessione di Piol, il primo sulla seggiovia:<em> &#8220;8% di probabilit\u00e0&#8217; di apertura estiva 2020. Si \u00e8 aspettato l&#8217;ultimo momento per avanzare la richiesta di affitto ad Alpe. In pratica si \u00e8 fatto (si sta facendo) di tutto per &#8220;non&#8221; aprire. Per il futuro siamo in mano allo studio di Bologna&#8221;<\/em> L&#8217;altro capitolo riguarda la legge regionale a firma di Franco Gidoni scritta per il colle bellunese <em>&#8220;Il 21 giugno la legislatura regionale si \u00e8 chiusa, lo strombazzato Progetto di Legge, non solo non \u00e8 stato approvato, ma non \u00e8 arrivato, neppure, in Consiglio. Presentato a gennaio ( anche qui all&#8217;ultimo momento- si doveva votare a maggio- per essere certi che non sarebbe neppure arrivato in Consiglio Regionale) e&#8217; rimasta lettera morta, solo propaganda. Qui neppure l&#8217;imprevisto prolungamento della legislatura regionale di ben 4 mesi (causa COVID) ha consentito al Progetto di legge , presentato dalla maggioranza, di diventare legge. Presa in giro. Quindi chiuso (per questa legislatura) il capitolo. Siamo in attesa degli sviluppi della partitacon tutto il resto degli impianti, che prevede: acquisizione impianti da parte del Comune; \u00a0nascita nuova societ\u00e0 per iniziativa della societ\u00e0 Unifarco; \u00a0gestione in affitto alla nuova societ\u00e0 (o ad altra, visto che va fatta la gara) I tempi sembrano larghi ma, anche qui, sono stretti&#8221; <\/em>Sull&#8217;acquisizione degli impianti e la nascita della nuova societ\u00e0 Piol si dichiara fiducioso, molto meno circa l&#8217;acquisizione degli impianti da parte del Comune.<\/p>\n","protected":false},"excerpt":{"rendered":"<p>Riceviamo e volentieri pubblichiamo la riflessione di Quinto Piol a proposito dello sviluppo del Nevegal.\u00a0 La tempistica conferma la mancanza di reale volont\u00e0 politica. BELLUNO Due capitoli nella riflessione di Piol, il primo sulla seggiovia: &#8220;8% di probabilit\u00e0&#8217; di apertura estiva 2020. Si \u00e8 aspettato l&#8217;ultimo momento per avanzare la richiesta di affitto ad Alpe.&hellip;<\/p>\n","protected":false},"author":1,"featured_media":147116,"comment_status":"closed","ping_status":"closed","sticky":false,"template":"","format":"standard","meta":{"_monsterinsights_skip_tracking":false,"_monsterinsights_sitenote_active":false,"_monsterinsights_sitenote_note":"","_monsterinsights_sitenote_category":0,"footnotes":""},"categories":[49],"tags":[],"class_list":["post-150897","post","type-post","status-publish","format-standard","has-post-thumbnail","hentry","category-news-18","category-49","description-off"],"img_url":"https:\/\/www.radiopiu.net\/wordpress\/wp-content\/uploads\/2020\/06\/be8b9967-cf21-4f23-8e42-b56b1c184d9b.jpg","_links":{"self":[{"href":"https:\/\/www.radiopiu.net\/wordpress\/wp-json\/wp\/v2\/posts\/150897","targetHints":{"allow":["GET"]}}],"collection":[{"href":"https:\/\/www.radiopiu.net\/wordpress\/wp-json\/wp\/v2\/posts"}],"about":[{"href":"https:\/\/www.radiopiu.net\/wordpress\/wp-json\/wp\/v2\/types\/post"}],"author":[{"embeddable":true,"href":"https:\/\/www.radiopiu.net\/wordpress\/wp-json\/wp\/v2\/users\/1"}],"replies":[{"embeddable":true,"href":"https:\/\/www.radiopiu.net\/wordpress\/wp-json\/wp\/v2\/comments?post=150897"}],"version-history":[{"count":0,"href":"https:\/\/www.radiopiu.net\/wordpress\/wp-json\/wp\/v2\/posts\/150897\/revisions"}],"wp:featuredmedia":[{"embeddable":true,"href":"https:\/\/www.radiopiu.net\/wordpress\/wp-json\/wp\/v2\/media\/147116"}],"wp:attachment":[{"href":"https:\/\/www.radiopiu.net\/wordpress\/wp-json\/wp\/v2\/media?parent=150897"}],"wp:term":[{"taxonomy":"category","embeddable":true,"href":"https:\/\/www.radiopiu.net\/wordpress\/wp-json\/wp\/v2\/categories?post=150897"},{"taxonomy":"post_tag","embeddable":true,"href":"https:\/\/www.radiopiu.net\/wordpress\/wp-json\/wp\/v2\/tags?post=150897"}],"curies":[{"name":"wp","href":"https:\/\/api.w.org\/{rel}","templated":true}]}}