{"id":150995,"date":"2020-07-23T16:47:35","date_gmt":"2020-07-23T14:47:35","guid":{"rendered":"https:\/\/www.radiopiu.net\/wordpress\/?p=150995"},"modified":"2020-07-23T20:35:20","modified_gmt":"2020-07-23T18:35:20","slug":"arabba-senzacqua-e-alberghi-in-crisi-lezuo-accusa-mancanza-di-sensibilita","status":"publish","type":"post","link":"https:\/\/www.radiopiu.net\/wordpress\/arabba-senzacqua-e-alberghi-in-crisi-lezuo-accusa-mancanza-di-sensibilita\/","title":{"rendered":"ARABBA SENZ&#8217;ACQUA E ALBERGHI IN &#8220;CRISI&#8221;. LEZUO ACCUSA: &#8220;MANCANZA DI SENSIBILITA'&#8221;"},"content":{"rendered":"<p>&nbsp;<\/p>\n<p><strong><img loading=\"lazy\" decoding=\"async\" class=\"alignleft\" src=\"https:\/\/www.radiopiu.net\/wordpress\/wp-content\/uploads\/2015\/12\/acqua-pubblica_74691.jpg\" width=\"260\" height=\"130\" \/>LIVINALLONGO\u00a0<\/strong> Se alle 10 di questa mattina alcune abitazioni e alberghi hanno riavuto l&#8217;acqua corrente in molti altri casi l&#8217;acqua \u00e8 mancato fino al pomeriggio. Michela Lezuo, albergatrice Fodom, affida a Radio Pi\u00f9 il suo sfogo. &#8220;Dov&#8217;\u00e8 la regia per il territorio? Dov&#8217;\u00e8 la sensibilit\u00e0 per il turismo?\u00a0 Lo sfogo ieri alle 15.<\/p>\n<p>&nbsp;<\/p>\n<p><strong>AUDIO MICHELA LEZUO<\/strong><\/p>\n<audio class=\"wp-audio-shortcode\" id=\"audio-150995-1\" preload=\"none\" style=\"width: 100%;\" controls=\"controls\"><source type=\"audio\/mpeg\" src=\"https:\/\/www.radiopiu.net\/wordpress\/wp-content\/uploads\/2020\/07\/MICHELA.mp3?_=1\" \/><a href=\"https:\/\/www.radiopiu.net\/wordpress\/wp-content\/uploads\/2020\/07\/MICHELA.mp3\">https:\/\/www.radiopiu.net\/wordpress\/wp-content\/uploads\/2020\/07\/MICHELA.mp3<\/a><\/audio>\n<blockquote>\n<h3><\/h3>\n<h3><a class=\"dt-pswp-item\" href=\"https:\/\/www.radiopiu.net\/wordpress\/wp-content\/uploads\/2020\/07\/download-22.jpg\" data-dt-img-description=\"\" data-large_image_width=\"300\" data-large_image_height=\"168\"><img loading=\"lazy\" decoding=\"async\" class=\"wp-image-150890 alignleft\" src=\"https:\/\/www.radiopiu.net\/wordpress\/wp-content\/uploads\/2020\/07\/download-22.jpg\" alt=\"\" width=\"243\" height=\"136\" \/><\/a>ARABBA: CHISSENEFREGA DEL TURISMO LO SFOGO DI RONCAT<\/h3>\n<\/blockquote>\n<p><strong>LIVINALLONGO<\/strong> Arabba senz&#8217;acqua, cucine chiuse e un&#8217;altra brutta figura nel comparto turistico, lo sfogo di Manuel Roncat imprenditore e Presidente Arabba Fodom Turismo, ieri\u00a0 alle nove del mattino<\/p>\n<audio class=\"wp-audio-shortcode\" id=\"audio-150995-2\" preload=\"none\" style=\"width: 100%;\" controls=\"controls\"><source type=\"audio\/mpeg\" src=\"https:\/\/www.radiopiu.net\/wordpress\/wp-content\/uploads\/2020\/07\/roncat.mp3?_=2\" \/><a href=\"https:\/\/www.radiopiu.net\/wordpress\/wp-content\/uploads\/2020\/07\/roncat.mp3\">https:\/\/www.radiopiu.net\/wordpress\/wp-content\/uploads\/2020\/07\/roncat.mp3<\/a><\/audio>\n<blockquote>\n<blockquote>\n<h3><\/h3>\n<\/blockquote>\n<\/blockquote>\n<blockquote>\n<h3>AMMINISTRAZIONE PER NULLA INTERVENTISTA, L&#8217;ATTACCO DAL CONSIGLIERE DI MINORANZA DANIELA TEMPLARI<\/h3>\n<\/blockquote>\n<p><strong><a class=\"dt-pswp-item\" href=\"https:\/\/www.radiopiu.net\/wordpress\/wp-content\/uploads\/2019\/05\/LIVINALLONGO-DANIELA-TEMPLARI.jpg\" data-dt-img-description=\"\" data-large_image_width=\"632\" data-large_image_height=\"766\"><img loading=\"lazy\" decoding=\"async\" class=\"wp-image-86469 alignleft\" src=\"https:\/\/www.radiopiu.net\/wordpress\/wp-content\/uploads\/2019\/05\/LIVINALLONGO-DANIELA-TEMPLARI-248x300.jpg\" alt=\"\" width=\"153\" height=\"185\" srcset=\"https:\/\/www.radiopiu.net\/wordpress\/wp-content\/uploads\/2019\/05\/LIVINALLONGO-DANIELA-TEMPLARI-248x300.jpg 248w, https:\/\/www.radiopiu.net\/wordpress\/wp-content\/uploads\/2019\/05\/LIVINALLONGO-DANIELA-TEMPLARI.jpg 632w\" sizes=\"auto, (max-width: 153px) 100vw, 153px\" \/><\/a>LIVINALLONGO<\/strong> Non solo la mancanza d&#8217;acqua ad Arabba, ma anche altri sono i disservizi sul territorio ad iniziare dal mancato ripristino delle corse Dolomitibus con un danno per i turisti mal serviti.<\/p>\n<p><strong>AUDIO<\/strong><\/p>\n<audio class=\"wp-audio-shortcode\" id=\"audio-150995-3\" preload=\"none\" style=\"width: 100%;\" controls=\"controls\"><source type=\"audio\/mpeg\" src=\"https:\/\/www.radiopiu.net\/wordpress\/wp-content\/uploads\/2020\/07\/templari.mp3?_=3\" \/><a href=\"https:\/\/www.radiopiu.net\/wordpress\/wp-content\/uploads\/2020\/07\/templari.mp3\">https:\/\/www.radiopiu.net\/wordpress\/wp-content\/uploads\/2020\/07\/templari.mp3<\/a><\/audio>\n<p>&nbsp;<\/p>\n<blockquote>\n<h3>DISSERVIZI IDRICI &#8220;NEANCHE A FERRAGOSTO TANTE PAROLE E TUONI, PRENDO ATTO DI COSA NE PENSANO GLI ALBERGATORI&#8221;, LA RISPOSTA DEL SINDACO<\/h3>\n<\/blockquote>\n<p><strong>LIVINALLONGO\u00a0<\/strong> Se alle 10 di questa mattina alcune abitazioni e alberghi hanno riavuto l&#8217;acqua corrente in molti altri casi l&#8217;acqua \u00e8 mancata fino al pomeriggio. Michela Lezuo, albergatrice Fodom, affida a Radio Pi\u00f9 il suo sfogo. &#8220;Dov&#8217;\u00e8 la regia per il territorio? Dov&#8217;\u00e8 la sensibilit\u00e0 per il turismo?<\/p>\n<p><strong><img loading=\"lazy\" decoding=\"async\" class=\"alignleft\" src=\"https:\/\/www.radiopiu.net\/wordpress\/wp-content\/uploads\/2017\/08\/Leandro-Grones-e1550756704790.jpg\" width=\"290\" height=\"193\" \/><\/strong><\/p>\n<p>&nbsp;<\/p>\n<p>&nbsp;<\/p>\n<p><strong>LIVINALLONGO<\/strong> Alle critiche per i disservizi idrici di oggi che chiamano in causa anche il Comune risponde il sindaco Leandro Grones che comprende il disagio creato da un guasto e spiega come si sono svolti i lavori fijn da questa mattina<\/p>\n<p>&nbsp;<\/p>\n<p><strong>AUDIO<\/strong><\/p>\n<audio class=\"wp-audio-shortcode\" id=\"audio-150995-4\" preload=\"none\" style=\"width: 100%;\" controls=\"controls\"><source type=\"audio\/mpeg\" src=\"https:\/\/www.radiopiu.net\/wordpress\/wp-content\/uploads\/2020\/07\/leandro-1.mp3?_=4\" \/><a href=\"https:\/\/www.radiopiu.net\/wordpress\/wp-content\/uploads\/2020\/07\/leandro-1.mp3\">https:\/\/www.radiopiu.net\/wordpress\/wp-content\/uploads\/2020\/07\/leandro-1.mp3<\/a><\/audio>\n<p>&nbsp;<\/p>\n<p>&nbsp;<\/p>\n","protected":false},"excerpt":{"rendered":"<p>&nbsp; LIVINALLONGO\u00a0 Se alle 10 di questa mattina alcune abitazioni e alberghi hanno riavuto l&#8217;acqua corrente in molti altri casi l&#8217;acqua \u00e8 mancato fino al pomeriggio. Michela Lezuo, albergatrice Fodom, affida a Radio Pi\u00f9 il suo sfogo. &#8220;Dov&#8217;\u00e8 la regia per il territorio? Dov&#8217;\u00e8 la sensibilit\u00e0 per il turismo?\u00a0 Lo sfogo ieri alle 15. &nbsp;&hellip;<\/p>\n","protected":false},"author":1,"featured_media":0,"comment_status":"closed","ping_status":"closed","sticky":false,"template":"","format":"standard","meta":{"_monsterinsights_skip_tracking":false,"_monsterinsights_sitenote_active":false,"_monsterinsights_sitenote_note":"","_monsterinsights_sitenote_category":0,"footnotes":""},"categories":[49],"tags":[],"class_list":["post-150995","post","type-post","status-publish","format-standard","hentry","category-news-18","category-49","description-off"],"img_url":false,"_links":{"self":[{"href":"https:\/\/www.radiopiu.net\/wordpress\/wp-json\/wp\/v2\/posts\/150995","targetHints":{"allow":["GET"]}}],"collection":[{"href":"https:\/\/www.radiopiu.net\/wordpress\/wp-json\/wp\/v2\/posts"}],"about":[{"href":"https:\/\/www.radiopiu.net\/wordpress\/wp-json\/wp\/v2\/types\/post"}],"author":[{"embeddable":true,"href":"https:\/\/www.radiopiu.net\/wordpress\/wp-json\/wp\/v2\/users\/1"}],"replies":[{"embeddable":true,"href":"https:\/\/www.radiopiu.net\/wordpress\/wp-json\/wp\/v2\/comments?post=150995"}],"version-history":[{"count":0,"href":"https:\/\/www.radiopiu.net\/wordpress\/wp-json\/wp\/v2\/posts\/150995\/revisions"}],"wp:attachment":[{"href":"https:\/\/www.radiopiu.net\/wordpress\/wp-json\/wp\/v2\/media?parent=150995"}],"wp:term":[{"taxonomy":"category","embeddable":true,"href":"https:\/\/www.radiopiu.net\/wordpress\/wp-json\/wp\/v2\/categories?post=150995"},{"taxonomy":"post_tag","embeddable":true,"href":"https:\/\/www.radiopiu.net\/wordpress\/wp-json\/wp\/v2\/tags?post=150995"}],"curies":[{"name":"wp","href":"https:\/\/api.w.org\/{rel}","templated":true}]}}