{"id":151074,"date":"2020-07-23T23:59:12","date_gmt":"2020-07-23T21:59:12","guid":{"rendered":"https:\/\/www.radiopiu.net\/wordpress\/?p=151074"},"modified":"2020-07-23T20:35:32","modified_gmt":"2020-07-23T18:35:32","slug":"bentornato-giovane-compaesano-il-messaggio-di-don-fabiano","status":"publish","type":"post","link":"https:\/\/www.radiopiu.net\/wordpress\/bentornato-giovane-compaesano-il-messaggio-di-don-fabiano\/","title":{"rendered":"&#8220;BENTORNATO  GIOVANE COMPAESANO&#8221; IL MESSAGGIO DI DON FABIANO"},"content":{"rendered":"<p><strong><a class=\"dt-pswp-item\" href=\"https:\/\/www.radiopiu.net\/wordpress\/wp-content\/uploads\/2020\/07\/download-27.jpg\" data-dt-img-description=\"\" data-large_image_width=\"267\" data-large_image_height=\"189\"><img loading=\"lazy\" decoding=\"async\" class=\"size-full wp-image-151076 alignleft\" src=\"https:\/\/www.radiopiu.net\/wordpress\/wp-content\/uploads\/2020\/07\/download-27.jpg\" alt=\"\" width=\"267\" height=\"189\" \/><\/a>VOLTAGO<\/strong> Sono stati 20 giorni difficili, per i famigliari, ma anche per\u00a0 Voltago rimasto con il fiato sospeso in attesa di notizie importanti, postiive, portate quotidianamente in paese dalla mamma e dal pap\u00e0. Una comunit\u00e0 che non hai smesso di interessarsi delle condizioni del giovane vittima del grave incidente a Tiser di Gosaldo. S. era caduto con la bicicletta scendendo lungo la strada che si imbocca poco oltre Rivamonte a Forcella Franche, una caduta con conseguenze terribili e un trasporto in emergenza all&#8217;ospedale di Treviso.<\/p>\n<p>Ieri la tanto attesa notizia \u00e8 arrivata e da Voltago s&#8217;\u00e8 alzato l&#8217;urlo: BENTORNATO. Radio Pi\u00f9 ha affidato il messaggio di saluto a Don Fabiano che nei giorni pi\u00f9 critici gi\u00e0 aveva inviato un messaggio al giovane di Voltago, alla sua famiglia ed agli amici.<\/p>\n<p><strong>DON FABIANO DEL FAVERO<\/strong><\/p>\n<audio class=\"wp-audio-shortcode\" id=\"audio-151074-1\" preload=\"none\" style=\"width: 100%;\" controls=\"controls\"><source type=\"audio\/mpeg\" src=\"https:\/\/www.radiopiu.net\/wordpress\/wp-content\/uploads\/2020\/07\/fabiano.mp3?_=1\" \/><a href=\"https:\/\/www.radiopiu.net\/wordpress\/wp-content\/uploads\/2020\/07\/fabiano.mp3\">https:\/\/www.radiopiu.net\/wordpress\/wp-content\/uploads\/2020\/07\/fabiano.mp3<\/a><\/audio>\n<p>&nbsp;<\/p>\n","protected":false},"excerpt":{"rendered":"<p>VOLTAGO Sono stati 20 giorni difficili, per i famigliari, ma anche per\u00a0 Voltago rimasto con il fiato sospeso in attesa di notizie importanti, postiive, portate quotidianamente in paese dalla mamma e dal pap\u00e0. Una comunit\u00e0 che non hai smesso di interessarsi delle condizioni del giovane vittima del grave incidente a Tiser di Gosaldo. S. era&hellip;<\/p>\n","protected":false},"author":1,"featured_media":151076,"comment_status":"closed","ping_status":"closed","sticky":false,"template":"","format":"standard","meta":{"_monsterinsights_skip_tracking":false,"_monsterinsights_sitenote_active":false,"_monsterinsights_sitenote_note":"","_monsterinsights_sitenote_category":0,"footnotes":""},"categories":[51,49],"tags":[],"class_list":["post-151074","post","type-post","status-publish","format-standard","has-post-thumbnail","hentry","category-evidenza-top","category-news-18","category-51","category-49","description-off"],"img_url":"https:\/\/www.radiopiu.net\/wordpress\/wp-content\/uploads\/2020\/07\/download-27.jpg","_links":{"self":[{"href":"https:\/\/www.radiopiu.net\/wordpress\/wp-json\/wp\/v2\/posts\/151074","targetHints":{"allow":["GET"]}}],"collection":[{"href":"https:\/\/www.radiopiu.net\/wordpress\/wp-json\/wp\/v2\/posts"}],"about":[{"href":"https:\/\/www.radiopiu.net\/wordpress\/wp-json\/wp\/v2\/types\/post"}],"author":[{"embeddable":true,"href":"https:\/\/www.radiopiu.net\/wordpress\/wp-json\/wp\/v2\/users\/1"}],"replies":[{"embeddable":true,"href":"https:\/\/www.radiopiu.net\/wordpress\/wp-json\/wp\/v2\/comments?post=151074"}],"version-history":[{"count":0,"href":"https:\/\/www.radiopiu.net\/wordpress\/wp-json\/wp\/v2\/posts\/151074\/revisions"}],"wp:featuredmedia":[{"embeddable":true,"href":"https:\/\/www.radiopiu.net\/wordpress\/wp-json\/wp\/v2\/media\/151076"}],"wp:attachment":[{"href":"https:\/\/www.radiopiu.net\/wordpress\/wp-json\/wp\/v2\/media?parent=151074"}],"wp:term":[{"taxonomy":"category","embeddable":true,"href":"https:\/\/www.radiopiu.net\/wordpress\/wp-json\/wp\/v2\/categories?post=151074"},{"taxonomy":"post_tag","embeddable":true,"href":"https:\/\/www.radiopiu.net\/wordpress\/wp-json\/wp\/v2\/tags?post=151074"}],"curies":[{"name":"wp","href":"https:\/\/api.w.org\/{rel}","templated":true}]}}