{"id":151080,"date":"2020-07-24T06:01:47","date_gmt":"2020-07-24T04:01:47","guid":{"rendered":"https:\/\/www.radiopiu.net\/wordpress\/?p=151080"},"modified":"2020-07-24T06:10:19","modified_gmt":"2020-07-24T04:10:19","slug":"stanco-e-con-un-trauma-al-ginocchio-sulla-schiara-in-una-zona-non-coperta-dal-segnale-telefonico","status":"publish","type":"post","link":"https:\/\/www.radiopiu.net\/wordpress\/stanco-e-con-un-trauma-al-ginocchio-sulla-schiara-in-una-zona-non-coperta-dal-segnale-telefonico\/","title":{"rendered":"STANCO E CON UN  TRAUMA AL GINOCCHIO SULLA SCHIARA IN UNA ZONA NON COPERTA DAL SEGNALE TELEFONICO"},"content":{"rendered":"<ol>\n<li><strong><img loading=\"lazy\" decoding=\"async\" class=\"alignleft\" src=\"https:\/\/www.radiopiu.net\/wordpress\/wp-content\/uploads\/2020\/07\/salt_20200723_200143_953_resized.jpg\" width=\"250\" height=\"187\" \/>BELLUNO<\/strong> Poco prima del temporale \u00a0la Centrale del 118 \u00e8 stata allertata da un escursionista, il cui amico si era sentito male scendendo dal Rifugio Settimo Alpini. Poich\u00e9 la zona \u00e8 priva di copertura, l&#8217;uomo aveva dovuto lasciarlo da solo sul sentiero in mezzo al bosco sopra Ponte Mariano, per correre fino alle Case Bortot e poter dare l&#8217;allarme. L&#8217;elicottero del Suem di Pieve di Cadore \u00e8 subito volato in direzione del Gruppo della Schiara, mentre una squadra del Soccorso alpino di Belluno si portava in localit\u00e0 Mulino per un eventuale supporto alle operazioni e per fare da ponte radio e consentire le comunicazioni con l&#8217;eliambulanza che stava sorvolando la zona. Una turista francese che stava scendendo dal Rifugio si \u00e8 nel frattempo imbattuta nell&#8217;escursionista, che aveva ripreso a camminare, ed \u00e8 riuscita a sua volta a contattare il 112. Sbarcati con un verricello di una ventina di metri medico, infermiere e tecnico di elisoccorso, a P.D.C., 64 anni, di Vittorio Veneto (TV), che presentava sintomi di stanchezza e un trauma al ginocchio, sono state prestate le prime cure. L&#8217;uomo \u00e8 stato quindi issato a bordo e trasportato all&#8217;ospedale di Belluno per le verifiche del caso.<\/li>\n<\/ol>\n","protected":false},"excerpt":{"rendered":"<p>BELLUNO Poco prima del temporale \u00a0la Centrale del 118 \u00e8 stata allertata da un escursionista, il cui amico si era sentito male scendendo dal Rifugio Settimo Alpini. Poich\u00e9 la zona \u00e8 priva di copertura, l&#8217;uomo aveva dovuto lasciarlo da solo sul sentiero in mezzo al bosco sopra Ponte Mariano, per correre fino alle Case Bortot&hellip;<\/p>\n","protected":false},"author":1,"featured_media":151081,"comment_status":"closed","ping_status":"closed","sticky":false,"template":"","format":"standard","meta":{"_monsterinsights_skip_tracking":false,"_monsterinsights_sitenote_active":false,"_monsterinsights_sitenote_note":"","_monsterinsights_sitenote_category":0,"footnotes":""},"categories":[49],"tags":[],"class_list":["post-151080","post","type-post","status-publish","format-standard","has-post-thumbnail","hentry","category-news-18","category-49","description-off"],"img_url":"https:\/\/www.radiopiu.net\/wordpress\/wp-content\/uploads\/2020\/07\/salt_20200723_200143_953_resized.jpg","_links":{"self":[{"href":"https:\/\/www.radiopiu.net\/wordpress\/wp-json\/wp\/v2\/posts\/151080","targetHints":{"allow":["GET"]}}],"collection":[{"href":"https:\/\/www.radiopiu.net\/wordpress\/wp-json\/wp\/v2\/posts"}],"about":[{"href":"https:\/\/www.radiopiu.net\/wordpress\/wp-json\/wp\/v2\/types\/post"}],"author":[{"embeddable":true,"href":"https:\/\/www.radiopiu.net\/wordpress\/wp-json\/wp\/v2\/users\/1"}],"replies":[{"embeddable":true,"href":"https:\/\/www.radiopiu.net\/wordpress\/wp-json\/wp\/v2\/comments?post=151080"}],"version-history":[{"count":0,"href":"https:\/\/www.radiopiu.net\/wordpress\/wp-json\/wp\/v2\/posts\/151080\/revisions"}],"wp:featuredmedia":[{"embeddable":true,"href":"https:\/\/www.radiopiu.net\/wordpress\/wp-json\/wp\/v2\/media\/151081"}],"wp:attachment":[{"href":"https:\/\/www.radiopiu.net\/wordpress\/wp-json\/wp\/v2\/media?parent=151080"}],"wp:term":[{"taxonomy":"category","embeddable":true,"href":"https:\/\/www.radiopiu.net\/wordpress\/wp-json\/wp\/v2\/categories?post=151080"},{"taxonomy":"post_tag","embeddable":true,"href":"https:\/\/www.radiopiu.net\/wordpress\/wp-json\/wp\/v2\/tags?post=151080"}],"curies":[{"name":"wp","href":"https:\/\/api.w.org\/{rel}","templated":true}]}}