{"id":151084,"date":"2020-07-23T23:34:18","date_gmt":"2020-07-23T21:34:18","guid":{"rendered":"https:\/\/www.radiopiu.net\/wordpress\/?p=151084"},"modified":"2020-07-24T14:37:17","modified_gmt":"2020-07-24T12:37:17","slug":"ultimora-dalla-questura-strada-chiusa","status":"publish","type":"post","link":"https:\/\/www.radiopiu.net\/wordpress\/ultimora-dalla-questura-strada-chiusa\/","title":{"rendered":"DA IERI SERA STRADA CHIUSA CAUSA MALTEMPO"},"content":{"rendered":"<p><strong>CORTINA<\/strong> Da ieri sera alle 23 Aggiornamento viabilit\u00e0 da Commissariato di Cortina d&#8217;Ampezzo SR 48 al km 129 localit\u00e0 Rio Gere a causa di esondazione la strada che collega Cortina a Dobbiaco \u00e8 temporaneamente chiusa.<\/p>\n<h3><span style=\"color: #ff0000;\">chiusura del seguente tratto stradale: S.P. 48 \u201cdelle Dolomiti\u201d alla progressiva km 129+500 (loc. Rio Gere), per caduta di materiale da monte sul piano viabile<\/span><\/h3>\n","protected":false},"excerpt":{"rendered":"<p>CORTINA Da ieri sera alle 23 Aggiornamento viabilit\u00e0 da Commissariato di Cortina d&#8217;Ampezzo SR 48 al km 129 localit\u00e0 Rio Gere a causa di esondazione la strada che collega Cortina a Dobbiaco \u00e8 temporaneamente chiusa. chiusura del seguente tratto stradale: S.P. 48 \u201cdelle Dolomiti\u201d alla progressiva km 129+500 (loc. Rio Gere), per caduta di materiale&hellip;<\/p>\n","protected":false},"author":1,"featured_media":63841,"comment_status":"closed","ping_status":"closed","sticky":false,"template":"","format":"standard","meta":{"_monsterinsights_skip_tracking":false,"_monsterinsights_sitenote_active":false,"_monsterinsights_sitenote_note":"","_monsterinsights_sitenote_category":0,"footnotes":""},"categories":[1],"tags":[],"class_list":["post-151084","post","type-post","status-publish","format-standard","has-post-thumbnail","hentry","category-senza-categoria","category-1","description-off"],"img_url":"https:\/\/www.radiopiu.net\/wordpress\/wp-content\/uploads\/2018\/10\/Volante-Questura-2.jpg","_links":{"self":[{"href":"https:\/\/www.radiopiu.net\/wordpress\/wp-json\/wp\/v2\/posts\/151084","targetHints":{"allow":["GET"]}}],"collection":[{"href":"https:\/\/www.radiopiu.net\/wordpress\/wp-json\/wp\/v2\/posts"}],"about":[{"href":"https:\/\/www.radiopiu.net\/wordpress\/wp-json\/wp\/v2\/types\/post"}],"author":[{"embeddable":true,"href":"https:\/\/www.radiopiu.net\/wordpress\/wp-json\/wp\/v2\/users\/1"}],"replies":[{"embeddable":true,"href":"https:\/\/www.radiopiu.net\/wordpress\/wp-json\/wp\/v2\/comments?post=151084"}],"version-history":[{"count":0,"href":"https:\/\/www.radiopiu.net\/wordpress\/wp-json\/wp\/v2\/posts\/151084\/revisions"}],"wp:featuredmedia":[{"embeddable":true,"href":"https:\/\/www.radiopiu.net\/wordpress\/wp-json\/wp\/v2\/media\/63841"}],"wp:attachment":[{"href":"https:\/\/www.radiopiu.net\/wordpress\/wp-json\/wp\/v2\/media?parent=151084"}],"wp:term":[{"taxonomy":"category","embeddable":true,"href":"https:\/\/www.radiopiu.net\/wordpress\/wp-json\/wp\/v2\/categories?post=151084"},{"taxonomy":"post_tag","embeddable":true,"href":"https:\/\/www.radiopiu.net\/wordpress\/wp-json\/wp\/v2\/tags?post=151084"}],"curies":[{"name":"wp","href":"https:\/\/api.w.org\/{rel}","templated":true}]}}