{"id":151097,"date":"2020-07-24T05:53:11","date_gmt":"2020-07-24T03:53:11","guid":{"rendered":"https:\/\/www.radiopiu.net\/wordpress\/?p=151097"},"modified":"2020-07-24T06:07:25","modified_gmt":"2020-07-24T04:07:25","slug":"il-ritorno-del-circo-patuf-sul-broi-di-agordo","status":"publish","type":"post","link":"https:\/\/www.radiopiu.net\/wordpress\/il-ritorno-del-circo-patuf-sul-broi-di-agordo\/","title":{"rendered":"IL RITORNO DEL CIRCO PATUF SUL BROI DI AGORDO"},"content":{"rendered":"<blockquote>\n<h3><a class=\"dt-pswp-item\" href=\"https:\/\/www.radiopiu.net\/wordpress\/wp-content\/uploads\/2020\/07\/80242353_4510010149012832_6311360731214072669_o.jpg\" data-dt-img-description=\"\" data-large_image_width=\"1024\" data-large_image_height=\"768\"><img loading=\"lazy\" decoding=\"async\" class=\"wp-image-151096 alignleft\" src=\"https:\/\/www.radiopiu.net\/wordpress\/wp-content\/uploads\/2020\/07\/80242353_4510010149012832_6311360731214072669_o-300x225.jpg\" alt=\"\" width=\"189\" height=\"142\" srcset=\"https:\/\/www.radiopiu.net\/wordpress\/wp-content\/uploads\/2020\/07\/80242353_4510010149012832_6311360731214072669_o-300x225.jpg 300w, https:\/\/www.radiopiu.net\/wordpress\/wp-content\/uploads\/2020\/07\/80242353_4510010149012832_6311360731214072669_o-768x576.jpg 768w, https:\/\/www.radiopiu.net\/wordpress\/wp-content\/uploads\/2020\/07\/80242353_4510010149012832_6311360731214072669_o.jpg 1024w\" sizes=\"auto, (max-width: 189px) 100vw, 189px\" \/><\/a> CON LA COLLABORZIONE DI AD AGORDO PROLOCO<\/h3>\n<\/blockquote>\n<p><strong>AGORDO<\/strong> Dal 31 luglio al 9 agosto il circo Patuf sar\u00e0 sul Broi con il nuovo spettacolo &#8220;Volta Pagina&#8221;.\u00a0 La pubblicit\u00e0 per l&#8217;evento \u00e8 gi\u00e0 iniziata:\u00a0 &#8220;Torniamo molto volentieri. Non vediamo l&#8217;ora di montare il circo nel giardino del Broi, nel cuore del paese. Gli spettacoli sono previsti tutte le sere alle ore 21, dal 31 luglio al 9 agosto. Quest&#8217;anno la prenotazione \u00e8 obbligatoria perch\u00e9 i posti saranno ancora pi\u00f9 limitati, vista la normativa anti-covid. Prenotare \u00e8 facilissimo, basta chiamare o inviare un messaggio whatsapp al numero 3927342915&#8221;.<\/p>\n","protected":false},"excerpt":{"rendered":"<p>CON LA COLLABORZIONE DI AD AGORDO PROLOCO AGORDO Dal 31 luglio al 9 agosto il circo Patuf sar\u00e0 sul Broi con il nuovo spettacolo &#8220;Volta Pagina&#8221;.\u00a0 La pubblicit\u00e0 per l&#8217;evento \u00e8 gi\u00e0 iniziata:\u00a0 &#8220;Torniamo molto volentieri. Non vediamo l&#8217;ora di montare il circo nel giardino del Broi, nel cuore del paese. Gli spettacoli sono previsti&hellip;<\/p>\n","protected":false},"author":1,"featured_media":151096,"comment_status":"closed","ping_status":"closed","sticky":false,"template":"","format":"standard","meta":{"_monsterinsights_skip_tracking":false,"_monsterinsights_sitenote_active":false,"_monsterinsights_sitenote_note":"","_monsterinsights_sitenote_category":0,"footnotes":""},"categories":[1,49],"tags":[],"class_list":["post-151097","post","type-post","status-publish","format-standard","has-post-thumbnail","hentry","category-senza-categoria","category-news-18","category-1","category-49","description-off"],"img_url":"https:\/\/www.radiopiu.net\/wordpress\/wp-content\/uploads\/2020\/07\/80242353_4510010149012832_6311360731214072669_o.jpg","_links":{"self":[{"href":"https:\/\/www.radiopiu.net\/wordpress\/wp-json\/wp\/v2\/posts\/151097","targetHints":{"allow":["GET"]}}],"collection":[{"href":"https:\/\/www.radiopiu.net\/wordpress\/wp-json\/wp\/v2\/posts"}],"about":[{"href":"https:\/\/www.radiopiu.net\/wordpress\/wp-json\/wp\/v2\/types\/post"}],"author":[{"embeddable":true,"href":"https:\/\/www.radiopiu.net\/wordpress\/wp-json\/wp\/v2\/users\/1"}],"replies":[{"embeddable":true,"href":"https:\/\/www.radiopiu.net\/wordpress\/wp-json\/wp\/v2\/comments?post=151097"}],"version-history":[{"count":0,"href":"https:\/\/www.radiopiu.net\/wordpress\/wp-json\/wp\/v2\/posts\/151097\/revisions"}],"wp:featuredmedia":[{"embeddable":true,"href":"https:\/\/www.radiopiu.net\/wordpress\/wp-json\/wp\/v2\/media\/151096"}],"wp:attachment":[{"href":"https:\/\/www.radiopiu.net\/wordpress\/wp-json\/wp\/v2\/media?parent=151097"}],"wp:term":[{"taxonomy":"category","embeddable":true,"href":"https:\/\/www.radiopiu.net\/wordpress\/wp-json\/wp\/v2\/categories?post=151097"},{"taxonomy":"post_tag","embeddable":true,"href":"https:\/\/www.radiopiu.net\/wordpress\/wp-json\/wp\/v2\/tags?post=151097"}],"curies":[{"name":"wp","href":"https:\/\/api.w.org\/{rel}","templated":true}]}}