{"id":151122,"date":"2020-07-25T05:52:22","date_gmt":"2020-07-25T03:52:22","guid":{"rendered":"https:\/\/www.radiopiu.net\/wordpress\/?p=151122"},"modified":"2020-07-25T10:28:46","modified_gmt":"2020-07-25T08:28:46","slug":"giornale-radiopiu-25-luglio-2020-direttore-mirko-mezzacasa","status":"publish","type":"post","link":"https:\/\/www.radiopiu.net\/wordpress\/giornale-radiopiu-25-luglio-2020-direttore-mirko-mezzacasa\/","title":{"rendered":"GIORNALE RADIOPIU 25 LUGLIO 2020 DIRETTORE MIRKO MEZZACASA"},"content":{"rendered":"<h3><strong>PER RICEVERE QUESTO NOTIZIARIO DIRETTAMENTE SUL TUO CELLULARE ISCRIVITI AL CANALE TELEGRAM\u00a0<\/strong><strong>\u201cRADIO PIU\u00a0 INFORMAZIONE<\/strong><\/h3>\n<p><em>ATTENZIONE: LA NUOVA APP PER IOS-IPHONE<\/em><\/p>\n<div>\n<div><a href=\"https:\/\/apps.apple.com\/it\/app\/radio-pi%C3%B9-emittente-agordina\/id1515939845\">https:\/\/apps.apple.com\/it\/app\/radio-pi%C3%B9-emittente-agordina\/id1515939845<\/a><\/div>\n<\/div>\n<div><\/div>\n<div>\n<div dir=\"auto\"><em>ATTENZIONE: LA NUOVA APP RADIO\u00a0 PER ANDROID<\/em><\/div>\n<\/div>\n<p><a href=\"https:\/\/play.google.com\/store\/apps\/details?id=net.radiopiu.iniko\" target=\"_blank\" rel=\"noopener noreferrer\">https:\/\/play.google.com\/store\/apps\/details?id=net.radiopiu.iniko\u00a0\u00a0<\/a><\/p>\n<p>&nbsp;<\/p>\n<p>&nbsp;<\/p>\n<blockquote>\n<h3>LE FOTO DEL GIORNO DI LUCIANA Serauta, un cuore d&#8217;erba tra le rocce<\/h3>\n<\/blockquote>\n<p><a class=\"dt-pswp-item\" href=\"https:\/\/www.radiopiu.net\/wordpress\/wp-content\/uploads\/2020\/07\/7b5a2b77-8139-457a-a642-02ff4c211efc.jpg\" data-dt-img-description=\"\" data-large_image_width=\"1600\" data-large_image_height=\"900\"><img loading=\"lazy\" decoding=\"async\" class=\"alignnone size-medium wp-image-151227\" src=\"https:\/\/www.radiopiu.net\/wordpress\/wp-content\/uploads\/2020\/07\/7b5a2b77-8139-457a-a642-02ff4c211efc-300x169.jpg\" alt=\"\" width=\"300\" height=\"169\" srcset=\"https:\/\/www.radiopiu.net\/wordpress\/wp-content\/uploads\/2020\/07\/7b5a2b77-8139-457a-a642-02ff4c211efc-300x169.jpg 300w, https:\/\/www.radiopiu.net\/wordpress\/wp-content\/uploads\/2020\/07\/7b5a2b77-8139-457a-a642-02ff4c211efc-1024x576.jpg 1024w, https:\/\/www.radiopiu.net\/wordpress\/wp-content\/uploads\/2020\/07\/7b5a2b77-8139-457a-a642-02ff4c211efc-768x432.jpg 768w, https:\/\/www.radiopiu.net\/wordpress\/wp-content\/uploads\/2020\/07\/7b5a2b77-8139-457a-a642-02ff4c211efc-1536x864.jpg 1536w, https:\/\/www.radiopiu.net\/wordpress\/wp-content\/uploads\/2020\/07\/7b5a2b77-8139-457a-a642-02ff4c211efc.jpg 1600w\" sizes=\"auto, (max-width: 300px) 100vw, 300px\" \/><\/a><a class=\"dt-pswp-item\" href=\"https:\/\/www.radiopiu.net\/wordpress\/wp-content\/uploads\/2020\/07\/ea77d1c1-047b-423f-b465-ebe5f31517aa.jpg\" data-dt-img-description=\"\" data-large_image_width=\"1600\" data-large_image_height=\"900\"><img loading=\"lazy\" decoding=\"async\" class=\"alignnone size-medium wp-image-151228\" src=\"https:\/\/www.radiopiu.net\/wordpress\/wp-content\/uploads\/2020\/07\/ea77d1c1-047b-423f-b465-ebe5f31517aa-300x169.jpg\" alt=\"\" width=\"300\" height=\"169\" srcset=\"https:\/\/www.radiopiu.net\/wordpress\/wp-content\/uploads\/2020\/07\/ea77d1c1-047b-423f-b465-ebe5f31517aa-300x169.jpg 300w, https:\/\/www.radiopiu.net\/wordpress\/wp-content\/uploads\/2020\/07\/ea77d1c1-047b-423f-b465-ebe5f31517aa-1024x576.jpg 1024w, https:\/\/www.radiopiu.net\/wordpress\/wp-content\/uploads\/2020\/07\/ea77d1c1-047b-423f-b465-ebe5f31517aa-768x432.jpg 768w, https:\/\/www.radiopiu.net\/wordpress\/wp-content\/uploads\/2020\/07\/ea77d1c1-047b-423f-b465-ebe5f31517aa-1536x864.jpg 1536w, https:\/\/www.radiopiu.net\/wordpress\/wp-content\/uploads\/2020\/07\/ea77d1c1-047b-423f-b465-ebe5f31517aa.jpg 1600w\" sizes=\"auto, (max-width: 300px) 100vw, 300px\" \/><\/a><\/p>\n<p>&nbsp;<\/p>\n<hr \/>\n<p>&nbsp;<\/p>\n<blockquote>\n<h3>DOPO UNA NOTTE E UNA MATTINATA DI LAVORO RIAPERTA IERI LA REGIONALE 48 INTERROTTA GIOVEDI NOTTE NOTTE PER L&#8217;ESONDAZIONE DEL RIO GERE TRA DOBBIACO E CORTINA<\/h3>\n<\/blockquote>\n<p><strong>CORTINA_AGORDO<\/strong> Viabilit\u00e0 ripristinata sul Rio Gere, nell&#8217;Agordino ieri i vigili del fuoco sono intervenuti lungo la provinciale 3 tra Ponte Alto e Rivamonte in seguito alla caduta di un sasso sulla strada, nessuna conseguenza per persone o cose. Ieri mattina albero pericolante lungo la regionale 203 agordina in seguito al temporale della notte anche in questo caso nessuna conseguenza solo qualche disagio di buon mattino perch\u00e9 la pianta &#8220;ombreggiava&#8221; parte della carreggiata.<\/p>\n<blockquote><p>FOTO VENETO STRADE<\/p><\/blockquote>\n<p><a class=\"dt-pswp-item\" href=\"https:\/\/www.radiopiu.net\/wordpress\/wp-content\/uploads\/2020\/07\/110320098_3182439885158083_1126617641109559390_o.jpg\" data-dt-img-description=\"\" data-large_image_width=\"959\" data-large_image_height=\"720\"><img loading=\"lazy\" decoding=\"async\" class=\"alignnone size-medium wp-image-151230\" src=\"https:\/\/www.radiopiu.net\/wordpress\/wp-content\/uploads\/2020\/07\/110320098_3182439885158083_1126617641109559390_o-300x225.jpg\" alt=\"\" width=\"300\" height=\"225\" srcset=\"https:\/\/www.radiopiu.net\/wordpress\/wp-content\/uploads\/2020\/07\/110320098_3182439885158083_1126617641109559390_o-300x225.jpg 300w, https:\/\/www.radiopiu.net\/wordpress\/wp-content\/uploads\/2020\/07\/110320098_3182439885158083_1126617641109559390_o-768x577.jpg 768w, https:\/\/www.radiopiu.net\/wordpress\/wp-content\/uploads\/2020\/07\/110320098_3182439885158083_1126617641109559390_o.jpg 959w\" sizes=\"auto, (max-width: 300px) 100vw, 300px\" \/><\/a><a class=\"dt-pswp-item\" href=\"https:\/\/www.radiopiu.net\/wordpress\/wp-content\/uploads\/2020\/07\/110568206_3182439798491425_8829394680940684175_o.jpg\" data-dt-img-description=\"\" data-large_image_width=\"959\" data-large_image_height=\"720\"><img loading=\"lazy\" decoding=\"async\" class=\"alignnone size-medium wp-image-151229\" src=\"https:\/\/www.radiopiu.net\/wordpress\/wp-content\/uploads\/2020\/07\/110568206_3182439798491425_8829394680940684175_o-300x225.jpg\" alt=\"\" width=\"300\" height=\"225\" srcset=\"https:\/\/www.radiopiu.net\/wordpress\/wp-content\/uploads\/2020\/07\/110568206_3182439798491425_8829394680940684175_o-300x225.jpg 300w, https:\/\/www.radiopiu.net\/wordpress\/wp-content\/uploads\/2020\/07\/110568206_3182439798491425_8829394680940684175_o-768x577.jpg 768w, https:\/\/www.radiopiu.net\/wordpress\/wp-content\/uploads\/2020\/07\/110568206_3182439798491425_8829394680940684175_o.jpg 959w\" sizes=\"auto, (max-width: 300px) 100vw, 300px\" \/><\/a><a class=\"dt-pswp-item\" href=\"https:\/\/www.radiopiu.net\/wordpress\/wp-content\/uploads\/2020\/07\/110336549_3182440001824738_6556918033676836102_o.jpg\" data-dt-img-description=\"\" data-large_image_width=\"959\" data-large_image_height=\"720\"><img loading=\"lazy\" decoding=\"async\" class=\"alignnone size-medium wp-image-151226\" src=\"https:\/\/www.radiopiu.net\/wordpress\/wp-content\/uploads\/2020\/07\/110336549_3182440001824738_6556918033676836102_o-300x225.jpg\" alt=\"\" width=\"300\" height=\"225\" srcset=\"https:\/\/www.radiopiu.net\/wordpress\/wp-content\/uploads\/2020\/07\/110336549_3182440001824738_6556918033676836102_o-300x225.jpg 300w, https:\/\/www.radiopiu.net\/wordpress\/wp-content\/uploads\/2020\/07\/110336549_3182440001824738_6556918033676836102_o-768x577.jpg 768w, https:\/\/www.radiopiu.net\/wordpress\/wp-content\/uploads\/2020\/07\/110336549_3182440001824738_6556918033676836102_o.jpg 959w\" sizes=\"auto, (max-width: 300px) 100vw, 300px\" \/><\/a><a class=\"dt-pswp-item\" href=\"https:\/\/www.radiopiu.net\/wordpress\/wp-content\/uploads\/2020\/07\/110313195_3182439915158080_4888388273599673228_o.jpg\" data-dt-img-description=\"\" data-large_image_width=\"959\" data-large_image_height=\"720\"><img loading=\"lazy\" decoding=\"async\" class=\"alignnone size-medium wp-image-151225\" src=\"https:\/\/www.radiopiu.net\/wordpress\/wp-content\/uploads\/2020\/07\/110313195_3182439915158080_4888388273599673228_o-300x225.jpg\" alt=\"\" width=\"300\" height=\"225\" srcset=\"https:\/\/www.radiopiu.net\/wordpress\/wp-content\/uploads\/2020\/07\/110313195_3182439915158080_4888388273599673228_o-300x225.jpg 300w, https:\/\/www.radiopiu.net\/wordpress\/wp-content\/uploads\/2020\/07\/110313195_3182439915158080_4888388273599673228_o-768x577.jpg 768w, https:\/\/www.radiopiu.net\/wordpress\/wp-content\/uploads\/2020\/07\/110313195_3182439915158080_4888388273599673228_o.jpg 959w\" sizes=\"auto, (max-width: 300px) 100vw, 300px\" \/><\/a><\/p>\n<p>&nbsp;<\/p>\n<p>&nbsp;<\/p>\n<hr \/>\n<p>&nbsp;<\/p>\n<div class=\"page-title-head hgroup\">\n<blockquote>\n<h3 class=\"entry-title\">STRADA DEL MIS: CHIUSA ANCHE LUNEDI, MARTEDI E MERCOLEDI<\/h3>\n<\/blockquote>\n<\/div>\n<p class=\"page-title-breadcrumbs\"><strong><img loading=\"lazy\" decoding=\"async\" class=\"alignleft jetpack-lazy-image jetpack-lazy-image--handled\" src=\"https:\/\/i0.wp.com\/www.radiopiu.net\/wordpress\/wp-content\/uploads\/2020\/07\/Chiesa_Tiser.jpg?resize=228%2C171&amp;ssl=1\" width=\"108\" height=\"81\" data-recalc-dims=\"1\" data-lazy-loaded=\"1\" \/>GOSALDO<\/strong> Dalle 8 di lunedi mattina e fino a mercoledi chiusura della provinciale 2 della Valle del Mis in localit\u00e0 Tiser per lavori alla rete idrica, la strada chiuder\u00e0 quattro ore al mattino dalle 8 alle 12 a altrettanto il pomeriggio dopo la pausa pranzo dalle 13 alle 17. Nei rimanenti periodi prestare attenzione al senso unico alternato regolato da semaforo<\/p>\n<div class=\"page-title-head hgroup\">\n<blockquote>\n<h3 class=\"entry-title\">203 AGORDINA LOCALIT\u00c0 LE CAMPE DA MARTEDI 4 GIORNI DI DISAGI<\/h3>\n<\/blockquote>\n<\/div>\n<div class=\"page-title-breadcrumbs\"><strong class=\"photoswipe-wrapper\"><img loading=\"lazy\" decoding=\"async\" class=\" wp-image-151069 alignleft jetpack-lazy-image jetpack-lazy-image--handled\" src=\"https:\/\/i0.wp.com\/www.radiopiu.net\/wordpress\/wp-content\/uploads\/2020\/07\/24e773cb-9801-4018-b0ce-06d537c877e8.jpg?resize=300%2C225&amp;ssl=1\" sizes=\"auto, (max-width: 300px) 100vw, 300px\" srcset=\"https:\/\/i0.wp.com\/www.radiopiu.net\/wordpress\/wp-content\/uploads\/2020\/07\/24e773cb-9801-4018-b0ce-06d537c877e8.jpg?resize=300%2C225&amp;ssl=1 300w, https:\/\/i0.wp.com\/www.radiopiu.net\/wordpress\/wp-content\/uploads\/2020\/07\/24e773cb-9801-4018-b0ce-06d537c877e8.jpg?resize=1024%2C767&amp;ssl=1 1024w, https:\/\/i0.wp.com\/www.radiopiu.net\/wordpress\/wp-content\/uploads\/2020\/07\/24e773cb-9801-4018-b0ce-06d537c877e8.jpg?resize=768%2C575&amp;ssl=1 768w, https:\/\/i0.wp.com\/www.radiopiu.net\/wordpress\/wp-content\/uploads\/2020\/07\/24e773cb-9801-4018-b0ce-06d537c877e8.jpg?resize=1536%2C1150&amp;ssl=1 1536w, https:\/\/i0.wp.com\/www.radiopiu.net\/wordpress\/wp-content\/uploads\/2020\/07\/24e773cb-9801-4018-b0ce-06d537c877e8.jpg?w=1600&amp;ssl=1 1600w\" alt=\"\" width=\"102\" height=\"77\" data-recalc-dims=\"1\" data-lazy-loaded=\"1\" \/>LA VALLE<\/strong> Da martedi a venerdi per collegamento della cabina elettrica E Distribuzione lungo la regionale 203 agordina lo localit\u00e0 Le Campe: dalle 8 alle 9 e dalle 16.30 alle 17.30 senso unico alternato regolato ESCLUSIVAMENTE\u00a0 da movieri. Dalle 9 alle 16.30 senso unico alternato regolato da semaforo o movieri in funzione ad esigenze di cantiere<\/div>\n<blockquote>\n<h3 class=\"page-title-breadcrumbs\">DUE SEMAFORI PER IL FEDAIA, CHIUDE\u00a0 LA STRADA PER ZOPPE&#8217;<\/h3>\n<\/blockquote>\n<p><strong><img loading=\"lazy\" decoding=\"async\" class=\"alignleft\" src=\"https:\/\/www.radiopiu.net\/wordpress\/wp-content\/uploads\/2020\/05\/VENETO-STRADE-300x300.png\" width=\"103\" height=\"103\" \/>BELLUNO<\/strong> Veneto Strade comunica la chiusura per due giorni della strada di <strong>Zopp\u00e8<\/strong> in prossimit\u00e0 del centro del paese. La chiusura totale \u00e8 prevista per i giorni 27 e 28 luglio. <strong>Lungo la 641<\/strong> di passo fedaia, dal 24 luglio al 7 agosto senso unico alternato con semaforo anche nei giorni festivi e prefestivi a CAPANNA BILL e a COL DI ROCCA.\u00a0<strong>TAIBON<\/strong> chiusura della strada comunale della Valle di San lucano tra Scalette e Mezzavalle (area pic nic) dalle 8 alle 12.15 e dalle 13.15 alle 17.30 dei giorni lunedi 27, martedi 28 e mercoledi 29\u00a0 luglio. Sono previste finestre di apertura al traffico di 15 minuti ogni 75 minuti<\/p>\n<p>&nbsp;<\/p>\n<hr \/>\n<p>&nbsp;<\/p>\n<blockquote><p><img loading=\"lazy\" decoding=\"async\" class=\"alignleft\" src=\"https:\/\/www.radiopiu.net\/wordpress\/wp-content\/uploads\/2018\/08\/ACQUA.jpeg\" width=\"244\" height=\"146\" \/><\/p>\n<p><strong>SAN TOMASO<\/strong> Gestione Servizi Pubblici informa che a SAN TOMASO AGORDINO nelle LOCALITA&#8217; ROI E COSTA l&#8217;acqua erogata dall&#8217;acquedotto non \u00e8 potabile e non pu\u00f2 essere usata per scopi alimentari. Verr\u00e0 effettuato servizio sostitutivo con autobotte. GSP ha, comunque, gi\u00e0 adottato necessari interventi di pulizia e disinfezione della rete.<\/p>\n<p><strong>CENCENIGHE<\/strong>\u00a0 Da ormai tre giorni acqua inquinata nelle LOCALITA&#8217; PRA&#8217; DI MEZZO, VARE BASSE, FAE&#8217; e LUXOTTICA,<\/p>\n<h3><\/h3>\n<\/blockquote>\n<hr \/>\n<h3><\/h3>\n<blockquote>\n<h3>TRAUMA ALLA SPALLA, SOCCORSO ALL&#8217;ALBA<\/h3>\n<\/blockquote>\n<p><strong><a class=\"dt-pswp-item\" href=\"https:\/\/www.radiopiu.net\/wordpress\/wp-content\/uploads\/2018\/08\/soccorsoalpino.jpg\" data-dt-img-description=\"\" data-large_image_width=\"1200\" data-large_image_height=\"1200\"><img loading=\"lazy\" decoding=\"async\" class=\" wp-image-59164 alignleft\" src=\"https:\/\/www.radiopiu.net\/wordpress\/wp-content\/uploads\/2018\/08\/soccorsoalpino-300x300.jpg\" alt=\"\" width=\"82\" height=\"82\" srcset=\"https:\/\/www.radiopiu.net\/wordpress\/wp-content\/uploads\/2018\/08\/soccorsoalpino-300x300.jpg 300w, https:\/\/www.radiopiu.net\/wordpress\/wp-content\/uploads\/2018\/08\/soccorsoalpino-150x150.jpg 150w, https:\/\/www.radiopiu.net\/wordpress\/wp-content\/uploads\/2018\/08\/soccorsoalpino-768x768.jpg 768w, https:\/\/www.radiopiu.net\/wordpress\/wp-content\/uploads\/2018\/08\/soccorsoalpino-1024x1024.jpg 1024w, https:\/\/www.radiopiu.net\/wordpress\/wp-content\/uploads\/2018\/08\/soccorsoalpino.jpg 1200w\" sizes=\"auto, (max-width: 82px) 100vw, 82px\" \/><\/a>SAN TOMASO<\/strong> Ieri attorno alle 5.15 il Soccorso alpino della Val Biois \u00e8 stato allertato per un anziano infortunatosi in un&#8217;abitazione isolata. L&#8217;uomo, 88 anni di Bergamo, in villeggiatura nella frazione di Ronc, mancata la luce era caduto a terra, riportando la\u00a0 frattura di una spalla. Una squadra ha raggiunto la casa camminando una decina di minuti lungo l&#8217;unico sentiero di accesso. Dopo averlo stabilizzato, i soccorritori lo hanno imbarellato, trasportato fino alla strada e affidato all&#8217;ambulanza di Alleghe, che lo ha accompagnato all&#8217;ospedale di Agordo.<\/p>\n<p>&nbsp;<\/p>\n<p>&nbsp;<\/p>\n<hr \/>\n<p>&nbsp;<\/p>\n<blockquote>\n<h3>AI GIOVEDI DI SERA GERZY FIUTA LA MARIA, UN 22ENNE INFASTIDISCE LE FORZE DELL&#8217;ORDINE<\/h3>\n<\/blockquote>\n<p><strong><a class=\"dt-pswp-item\" href=\"https:\/\/www.radiopiu.net\/wordpress\/wp-content\/uploads\/2020\/07\/DSC_5868-scaled.jpg\" data-dt-img-description=\"\" data-large_image_width=\"2560\" data-large_image_height=\"1707\"><img loading=\"lazy\" decoding=\"async\" class=\" wp-image-151198 alignleft\" src=\"https:\/\/www.radiopiu.net\/wordpress\/wp-content\/uploads\/2020\/07\/DSC_5868-300x200.jpg\" alt=\"\" width=\"269\" height=\"179\" srcset=\"https:\/\/www.radiopiu.net\/wordpress\/wp-content\/uploads\/2020\/07\/DSC_5868-300x200.jpg 300w, https:\/\/www.radiopiu.net\/wordpress\/wp-content\/uploads\/2020\/07\/DSC_5868-1024x683.jpg 1024w, https:\/\/www.radiopiu.net\/wordpress\/wp-content\/uploads\/2020\/07\/DSC_5868-768x512.jpg 768w, https:\/\/www.radiopiu.net\/wordpress\/wp-content\/uploads\/2020\/07\/DSC_5868-1536x1024.jpg 1536w, https:\/\/www.radiopiu.net\/wordpress\/wp-content\/uploads\/2020\/07\/DSC_5868-2048x1365.jpg 2048w\" sizes=\"auto, (max-width: 269px) 100vw, 269px\" \/><\/a>BELLUNO<\/strong> La movida bellunese \u00e8 sotto controllo, 15 gli operatori interforze (Questura,\u00a0 Carabinieri, Guardia di Finanza e Polizia Locale di Belluno) che nel giovedi di sera hanno attenzionato 41 persone identificate e &#8220;annusate&#8221; dal cane Gerzy della Guardia di Finanza, due ragazzi entrambi di 18 anni sono stati trovati in possesso di 1,96 e 0,34 gr di marijuana e segnalati all\u2019autorit\u00e0 amministrativa. Sono stati sanzionati gli esercenti di due locali: il primo per aver somministrato bevande da un bancone all\u2019esterno senza la prescritta autorizzazione e il secondo per aver somministrato alimenti e bevande in assenza di strumenti di protezione individuale (locale chiuso per 5 giorni). All&#8217;1.30 in preda ai fumi dell\u2019alcool, un ragazzo di 22 anni\u00a0 ha disturbato l\u2019operato degli agenti con urla e schiamazzi interrompendo pi\u00f9 volte l\u2019attivit\u00e0 di accertamento ed \u00e8 stato sanzionato per ubriachezza molesta.<\/p>\n<p>&nbsp;<\/p>\n<hr \/>\n<p>&nbsp;<\/p>\n<blockquote>\n<h3>IL LUPO TORNA A PRANZARE IN ALPAGO E LENTIAI, DOMANI LA TAVOLA ROTONDA A CHIES D&#8217;ALPAGO<\/h3>\n<\/blockquote>\n<p><strong>ALPAGO<\/strong> Altre 10 pecore uccise dal lupo, gli allevatori Sandro e Sebastiano Fullin sono ormai alla disperazione, domani alle 15.30 si sar\u00e0 una tavola rotonda perch\u00e9 la pecurliarit\u00e0 dell&#8217;agnello dell&#8217;Alpago ora \u00e8 seriamente in pericolo. La predazione di ieri \u00e8 costata: 6 pecore, 1 agnello e altri 3 dispersi e per la famiglia Fullin \u00e8 un conteggio che aumenta dopo le tre predazioni precedenti, 41 capi persi su circa 600 pecore che garantiscono ordine sui terreni dell&#8217;Alpago.<br \/>\nAltra predazione a Lentiai, divorato un asino di buon mattino, mobilitate le guardie provinciali e il veterinario per un&#8217;asina gravida ritrovata in una pozza di sangue e infine abbattuta con ulteriore beffa per il proprietario Mauro Tieppo che dovr\u00e0 sborsare quasi 500 euro per lo smaltimento con una ditta specializzata. Il Deputato Roger De Menech interviene sull&#8217;argomento <em>\u00abE&#8217; necessario rafforzare la\u00a0 partecipazione regionale sulla prevenzione, con recinzioni e cani da guardiania, e velocizzare i contributi per i danni tutelando l&#8217;equilibrio della biodiversit\u00e0&#8221;<\/em><\/p>\n<p><strong>DALLA RASSEGNA STAMPA LO SFOGO DI SEBASTIANO FULLIN<\/strong><\/p>\n<audio class=\"wp-audio-shortcode\" id=\"audio-151122-1\" preload=\"none\" style=\"width: 100%;\" controls=\"controls\"><source type=\"audio\/mpeg\" src=\"https:\/\/www.radiopiu.net\/wordpress\/wp-content\/uploads\/2020\/07\/SEBA.mp3?_=1\" \/><a href=\"https:\/\/www.radiopiu.net\/wordpress\/wp-content\/uploads\/2020\/07\/SEBA.mp3\">https:\/\/www.radiopiu.net\/wordpress\/wp-content\/uploads\/2020\/07\/SEBA.mp3<\/a><\/audio>\n<p>&nbsp;<\/p>\n<p>&nbsp;<\/p>\n<p>https:\/\/www.facebook.com\/seba.fullin\/videos\/10217315498135592\/<\/p>\n<hr \/>\n<p>&nbsp;<\/p>\n<blockquote>\n<h3>ELEZIONI COMUNALI LAVORI IN CORSO A VOLTAGO E GOSALDO<\/h3>\n<\/blockquote>\n<p><strong>di Gianni Santomaso<\/strong><\/p>\n<p><strong><a class=\"dt-pswp-item\" href=\"https:\/\/www.radiopiu.net\/wordpress\/wp-content\/uploads\/2019\/05\/ELEZIONI-COMUNALI.jpg\" data-dt-img-description=\"\" data-large_image_width=\"751\" data-large_image_height=\"488\"><img loading=\"lazy\" decoding=\"async\" class=\"wp-image-86550 alignleft\" src=\"https:\/\/www.radiopiu.net\/wordpress\/wp-content\/uploads\/2019\/05\/ELEZIONI-COMUNALI-300x195.jpg\" alt=\"\" width=\"160\" height=\"104\" srcset=\"https:\/\/www.radiopiu.net\/wordpress\/wp-content\/uploads\/2019\/05\/ELEZIONI-COMUNALI-300x195.jpg 300w, https:\/\/www.radiopiu.net\/wordpress\/wp-content\/uploads\/2019\/05\/ELEZIONI-COMUNALI.jpg 751w\" sizes=\"auto, (max-width: 160px) 100vw, 160px\" \/><\/a>VOLTAGO<\/strong> Il 20 e 21 settembre si vota anche a Gosaldo, Voltago e Colle Santa Lucia. A Voltago ci potrebbero essere due candidati a sindaco alla faccia del quorum che a maggio non venne raggiunto, coinvolto Gianbattista Soppelsa gi\u00e0 vice sindaco di Bruno Zanvit. A Gosaldo Giocondo Dalle Feste verso il terzo mandato, una lista &#8220;civetta&#8221; fugherebbe i dubbi sul possibile non raggiungimento del quorum<\/p>\n<audio class=\"wp-audio-shortcode\" id=\"audio-151122-2\" preload=\"none\" style=\"width: 100%;\" controls=\"controls\"><source type=\"audio\/mpeg\" src=\"https:\/\/www.radiopiu.net\/wordpress\/wp-content\/uploads\/2020\/07\/gianni-elezioni.mp3?_=2\" \/><a href=\"https:\/\/www.radiopiu.net\/wordpress\/wp-content\/uploads\/2020\/07\/gianni-elezioni.mp3\">https:\/\/www.radiopiu.net\/wordpress\/wp-content\/uploads\/2020\/07\/gianni-elezioni.mp3<\/a><\/audio>\n<p>&nbsp;<\/p>\n<hr \/>\n<blockquote>\n<h3>DELUDE IL COMPORTAMENTO DEI COSCRITTI E I PROSSIMI POTREBBERO PAGARE PER LE LORO MANCANZE<\/h3>\n<\/blockquote>\n<p><strong><a class=\"dt-pswp-item\" href=\"https:\/\/www.radiopiu.net\/wordpress\/wp-content\/uploads\/2020\/07\/e806fbad-28cb-4015-a004-46cebbfa8b63.jpg\" data-dt-img-description=\"\" data-large_image_width=\"1200\" data-large_image_height=\"1600\"><img loading=\"lazy\" decoding=\"async\" class=\"wp-image-150975 alignleft\" src=\"https:\/\/www.radiopiu.net\/wordpress\/wp-content\/uploads\/2020\/07\/e806fbad-28cb-4015-a004-46cebbfa8b63-225x300.jpg\" alt=\"\" width=\"106\" height=\"141\" srcset=\"https:\/\/www.radiopiu.net\/wordpress\/wp-content\/uploads\/2020\/07\/e806fbad-28cb-4015-a004-46cebbfa8b63-225x300.jpg 225w, https:\/\/www.radiopiu.net\/wordpress\/wp-content\/uploads\/2020\/07\/e806fbad-28cb-4015-a004-46cebbfa8b63-768x1024.jpg 768w, https:\/\/www.radiopiu.net\/wordpress\/wp-content\/uploads\/2020\/07\/e806fbad-28cb-4015-a004-46cebbfa8b63-1152x1536.jpg 1152w, https:\/\/www.radiopiu.net\/wordpress\/wp-content\/uploads\/2020\/07\/e806fbad-28cb-4015-a004-46cebbfa8b63.jpg 1200w\" sizes=\"auto, (max-width: 106px) 100vw, 106px\" \/><\/a>TAIBON<\/strong> Ogni anno il Comune di Taibon mette a disposizione la sala dell&#8217;ex Municipio per la festa dei coscritti, quelli di quest&#8217;anno tra l&#8217;altro si erano fatti notare anche\u00a0 per le affissioni dei manifesti nei posti meno opportuni nel periodo natalizio. Con l&#8217;omaggio degli spazi della comunit\u00e0\u00a0 i coscritti da tempo si impegnano per rendere pi\u00f9 bello il paese con un&#8217;opera di pulizia nella piazza principale che ospita il Monumento ai Caduti, \u00e8 cos\u00ec da sempre.\u00a0 Quest&#8217;anno i neo diciottenni non sono stati di parola, non hanno contribuito al decoro del paese, anzi hanno dribblato le richieste degli amministratori. La cosa non \u00e8 sfuggita, n\u00e8 piaciuta al sindaco di Taibon Silvia Tormen che ai nostri microfoni si \u00e8 espressa cos\u00ec.<\/p>\n<p><strong>SILVIA TORMEN<\/strong><\/p>\n<audio class=\"wp-audio-shortcode\" id=\"audio-151122-3\" preload=\"none\" style=\"width: 100%;\" controls=\"controls\"><source type=\"audio\/mpeg\" src=\"https:\/\/www.radiopiu.net\/wordpress\/wp-content\/uploads\/2020\/07\/silvia2.mp3?_=3\" \/><a href=\"https:\/\/www.radiopiu.net\/wordpress\/wp-content\/uploads\/2020\/07\/silvia2.mp3\">https:\/\/www.radiopiu.net\/wordpress\/wp-content\/uploads\/2020\/07\/silvia2.mp3<\/a><\/audio>\n<p>&nbsp;<\/p>\n<p>Se i coscritti non hanno mantenuto le promesse a rendere pi\u00f9 decoroso il Monumento e le aiuole della piazza ci hanno pensato i pi\u00f9 giovani a dare una lezione civica. Infatti giovedi i ragazzi del consiglio comunale si sono impegnati con i loro insegnanti coordinatori ripulendo la zona come sottolinea, ringraziando, il consigliere comunale Fiorangela Beltrame<\/p>\n<p><strong>FIORANGELA BELTRAME<\/strong><\/p>\n<audio class=\"wp-audio-shortcode\" id=\"audio-151122-4\" preload=\"none\" style=\"width: 100%;\" controls=\"controls\"><source type=\"audio\/mpeg\" src=\"https:\/\/www.radiopiu.net\/wordpress\/wp-content\/uploads\/2020\/07\/beltrame.mp3?_=4\" \/><a href=\"https:\/\/www.radiopiu.net\/wordpress\/wp-content\/uploads\/2020\/07\/beltrame.mp3\">https:\/\/www.radiopiu.net\/wordpress\/wp-content\/uploads\/2020\/07\/beltrame.mp3<\/a><\/audio>\n<p>&nbsp;<\/p>\n<p>Nel Giornale RADIOPIU di ieri ci siamo occupati dei ragazzi del consiglio comunale che hanno ricevuto l&#8217;apprezzamento della comunit\u00e0.<\/p>\n<h2>IERI ALLA RADIO<\/h2>\n<blockquote>\n<h3>I RAGAZZI DI TAIBON CON &#8220;OLIO DI GOMITO&#8221; HANNO TIRATO A LUCIDO IL MONUMENTO E LE AIUOLE<\/h3>\n<\/blockquote>\n<p><strong><a class=\"dt-pswp-item\" href=\"https:\/\/www.radiopiu.net\/wordpress\/wp-content\/uploads\/2020\/07\/fd371796-eacb-4a52-8fa1-43ee65458c74.jpg\" data-dt-img-description=\"\" data-large_image_width=\"1600\" data-large_image_height=\"1200\"><img loading=\"lazy\" decoding=\"async\" class=\"wp-image-150977 alignleft\" src=\"https:\/\/www.radiopiu.net\/wordpress\/wp-content\/uploads\/2020\/07\/fd371796-eacb-4a52-8fa1-43ee65458c74-300x225.jpg\" alt=\"\" width=\"168\" height=\"126\" srcset=\"https:\/\/www.radiopiu.net\/wordpress\/wp-content\/uploads\/2020\/07\/fd371796-eacb-4a52-8fa1-43ee65458c74-300x225.jpg 300w, https:\/\/www.radiopiu.net\/wordpress\/wp-content\/uploads\/2020\/07\/fd371796-eacb-4a52-8fa1-43ee65458c74-1024x768.jpg 1024w, https:\/\/www.radiopiu.net\/wordpress\/wp-content\/uploads\/2020\/07\/fd371796-eacb-4a52-8fa1-43ee65458c74-768x576.jpg 768w, https:\/\/www.radiopiu.net\/wordpress\/wp-content\/uploads\/2020\/07\/fd371796-eacb-4a52-8fa1-43ee65458c74-1536x1152.jpg 1536w, https:\/\/www.radiopiu.net\/wordpress\/wp-content\/uploads\/2020\/07\/fd371796-eacb-4a52-8fa1-43ee65458c74.jpg 1600w\" sizes=\"auto, (max-width: 168px) 100vw, 168px\" \/><\/a>TAIBON <\/strong>I ragazzi del Consiglio Comunale dei Ragazzi aiutati dagli insegnanti coordinatori e da alcuni genitori e nonni si sono messi all&#8217;opera per pulire da erbacce e muschio delle aiuole. Con molta volont\u00e0 e muniti di mascherine e guanti,\u00a0 nonch\u00e9 del necessario per il giardinaggio hanno tolto tutte le erbacce. Prezioso l&#8217;aiuto di Paolo Cagnin che ha usato la sua idropulitrice messa in funzione dai disponibili operai del Comune, per pulire le st\u00e8le. Ora il Monumento, realizzato dallo scultore Taiboner Mario Forcellini ed inaugurato nel 1982, si pu\u00f2 ammirare nella sua singolare e straordinaria bellezza. Al Comune un invito, dotare il monumento di una semplice targa che ricordi l&#8217;opera del compianto Mario Forcellini alle future generazioni.<\/p>\n<p>&nbsp;<\/p>\n<hr \/>\n<p>&nbsp;<\/p>\n<p>&nbsp;<\/p>\n<blockquote>\n<h3>RESTYLING DEL MUNICIPIO DI AGORDO, SI ATTENDE IL PARERE DELLA SOVRINTENDENZA<\/h3>\n<\/blockquote>\n<p><strong><a class=\"dt-pswp-item\" href=\"https:\/\/www.radiopiu.net\/wordpress\/wp-content\/uploads\/2015\/12\/MUNICIPIO-AGORDO.jpg\" data-dt-img-description=\"\" data-large_image_width=\"600\" data-large_image_height=\"384\"><img loading=\"lazy\" decoding=\"async\" class=\" wp-image-13920 alignleft\" src=\"https:\/\/www.radiopiu.net\/wordpress\/wp-content\/uploads\/2015\/12\/MUNICIPIO-AGORDO-300x192.jpg\" alt=\"\" width=\"177\" height=\"113\" \/><\/a>AGORDO<\/strong>Completato lo studio sismico per il Municipio, per la riqualificazione si dovr\u00e0 esprimere la Sovrintendenza. Tra gli obiettivi dell&#8217;assessore ai lavori pubblici Giulio Favretti il rifacimento e isolamento del tetto<\/p>\n<p><strong>DI GIANNI SANTOMASO<\/strong><\/p>\n<audio class=\"wp-audio-shortcode\" id=\"audio-151122-5\" preload=\"none\" style=\"width: 100%;\" controls=\"controls\"><source type=\"audio\/mpeg\" src=\"https:\/\/www.radiopiu.net\/wordpress\/wp-content\/uploads\/2020\/07\/gianni-agordo.mp3?_=5\" \/><a href=\"https:\/\/www.radiopiu.net\/wordpress\/wp-content\/uploads\/2020\/07\/gianni-agordo.mp3\">https:\/\/www.radiopiu.net\/wordpress\/wp-content\/uploads\/2020\/07\/gianni-agordo.mp3<\/a><\/audio>\n<p>&nbsp;<\/p>\n<p>&nbsp;<\/p>\n<hr \/>\n<blockquote>\n<h3>RIPRISTINATO IL SERVIZIO SANTO STEFANO-SAN CANDIDO. A QUANDO IL RITORNO ALLA NORMALITA&#8217; ANCHE NELL&#8217;AGORDINO?<\/h3>\n<\/blockquote>\n<p><strong>BELLUNO\u00a0<\/strong> Verr\u00e0 riattivato da oggi\u00a0 il collegamento bus da Santo Stefano a San Candido che proseguono la linea Trieste-Santo Stefano di competenza della Regione Friuli Venezia Giulia. <em>&#8220;\u00c8 un piccolo passo in avanti a servizio dei residenti del Comelico e dei turisti &#8211; commenta il consigliere provinciale delegato ai trasporti -. In questo momento stiamo ancora pagando le dure conseguenze del lungo lockdown e il sistema del trasporto pubblico soffre pi\u00f9 di altri settori. Ma la Provincia \u00e8 al lavoro per rispondere il pi\u00f9 possibile alle esigenze dei territori, specialmente quelli pi\u00f9 lontani dal centro\u00bb. <\/em>Nessuna notizia invece per quanto riguarda le corse mancanti per l&#8217;Alto Agordino (chieste a gran voce da cittadini e operatori turistici), cos\u00ec\u00a0 per Luxottica, e soprattutto per la navetta dai parcheggi periferici alla fabbrica di via Valcozzena,\u00a0 nonostate le continue richieste e proteste\u00a0 della commissione trasporti Rsu Luxottica di Agordo.<\/p>\n<p>&nbsp;<\/p>\n<hr \/>\n<blockquote>\n<h3>OPERATORE DI UNA CASA DI RIPOSO POSITIVO, OLTRE 100 TAMPONI NEGATIVI<\/h3>\n<\/blockquote>\n<hr \/>\n<p><strong><img loading=\"lazy\" decoding=\"async\" class=\"alignleft\" src=\"https:\/\/www.radiopiu.net\/wordpress\/wp-content\/uploads\/2020\/03\/TAMPONI-COVID.jpg\" width=\"232\" height=\"155\" \/>Belluno. <\/strong>In Ulss1 L\u2019attenzione di queste ultime 24 ore di lavoro \u00e8 stata dedicata all\u2019esecuzione e all\u2019analisi di 101 tamponi relativi a ospiti e personale della casa di riposo di Fonzaso interessata ieri da un caso di positivit\u00e0 a carico di un operatore. Infezione quasi certamente acquisita al di fuori della struttura. Tutti i soggetti testati (meno 2, ancora pendenti) sono risultati negativi attestando che anche in questo caso tutto si sta risolvendo al meglio, come nel precedente di una settimana fa relativo alla casa di riposo di Longarone. Oltre a ci\u00f2 si segnalano le consuete procedure quarantenarie per arrivi dall\u2019estero e per soggetti sintomatici, procedure che hanno interessato complessivamente una decina di persone. Si segnala, infine, che sono usciti dall\u2019isolamento per guarigione o per fine quarantena tutti i dipendenti del punto vendita del feltrino (Eurobriko) coinvolto dal focolaio epidemico circa un mese fa.<\/p>\n<p><strong>IL COMMENTO DI GIANLUIGI DELLA GIACOMA FPCGIL<\/strong><\/p>\n<audio class=\"wp-audio-shortcode\" id=\"audio-151122-6\" preload=\"none\" style=\"width: 100%;\" controls=\"controls\"><source type=\"audio\/mpeg\" src=\"https:\/\/www.radiopiu.net\/wordpress\/wp-content\/uploads\/2020\/07\/GIACOMA.mp3?_=6\" \/><a href=\"https:\/\/www.radiopiu.net\/wordpress\/wp-content\/uploads\/2020\/07\/GIACOMA.mp3\">https:\/\/www.radiopiu.net\/wordpress\/wp-content\/uploads\/2020\/07\/GIACOMA.mp3<\/a><\/audio>\n<p>&nbsp;<\/p>\n<hr \/>\n<p>&nbsp;<\/p>\n<h2><span style=\"color: #ff0000;\">IERI ALLA RADIO<\/span><\/h2>\n<blockquote>\n<h3>A PASSO GIAU RIPRESI GLI SCAVI ARCHEOLOGICI<\/h3>\n<\/blockquote>\n<p><strong><a class=\"dt-pswp-item\" href=\"https:\/\/www.radiopiu.net\/wordpress\/wp-content\/uploads\/2020\/06\/Passo-Giau-scaled.jpg\" data-dt-img-description=\"\" data-large_image_width=\"2560\" data-large_image_height=\"1707\"><img loading=\"lazy\" decoding=\"async\" class=\" wp-image-145600 alignleft\" src=\"https:\/\/www.radiopiu.net\/wordpress\/wp-content\/uploads\/2020\/06\/Passo-Giau-300x200.jpg\" alt=\"\" width=\"201\" height=\"134\" srcset=\"https:\/\/www.radiopiu.net\/wordpress\/wp-content\/uploads\/2020\/06\/Passo-Giau-300x200.jpg 300w, https:\/\/www.radiopiu.net\/wordpress\/wp-content\/uploads\/2020\/06\/Passo-Giau-1024x683.jpg 1024w, https:\/\/www.radiopiu.net\/wordpress\/wp-content\/uploads\/2020\/06\/Passo-Giau-768x512.jpg 768w, https:\/\/www.radiopiu.net\/wordpress\/wp-content\/uploads\/2020\/06\/Passo-Giau-1536x1024.jpg 1536w, https:\/\/www.radiopiu.net\/wordpress\/wp-content\/uploads\/2020\/06\/Passo-Giau-2048x1365.jpg 2048w\" sizes=\"auto, (max-width: 201px) 100vw, 201px\" \/><\/a>SAN VITO DI CADORE <\/strong>\u00a0A Passo Giau sotto un masso roccioso riprese le ricerche archeologiche. Trame di storia per venerdi organizza una giornata di apertura al pubblico degli scavi.<\/p>\n<p>di GIANNI SANTOMASO<\/p>\n<audio class=\"wp-audio-shortcode\" id=\"audio-151122-7\" preload=\"none\" style=\"width: 100%;\" controls=\"controls\"><source type=\"audio\/mpeg\" src=\"https:\/\/www.radiopiu.net\/wordpress\/wp-content\/uploads\/2020\/07\/GIANNI-RICERCHE.mp3?_=7\" \/><a href=\"https:\/\/www.radiopiu.net\/wordpress\/wp-content\/uploads\/2020\/07\/GIANNI-RICERCHE.mp3\">https:\/\/www.radiopiu.net\/wordpress\/wp-content\/uploads\/2020\/07\/GIANNI-RICERCHE.mp3<\/a><\/audio>\n<p>&nbsp;<\/p>\n<p>&nbsp;<\/p>\n<hr \/>\n<div class=\"page-title title-left solid-bg breadcrumbs-mobile-off page-title-responsive-enabled\">\n<div class=\"wf-wrap\">\n<div class=\"page-title-head hgroup\">\n<blockquote>\n<h3><\/h3>\n<h3 class=\"entry-title\">ULTIME 24 ORE: 3 DECESSI, +29 POSITIVI, IN ISOLAMENTO +139, IN PROVINCIA 23<\/h3>\n<\/blockquote>\n<\/div>\n<\/div>\n<\/div>\n<div id=\"main\" class=\"sidebar-right sidebar-divider-vertical\">\n<div class=\"wf-wrap\">\n<div class=\"wf-container-main\">\n<div id=\"content\" class=\"content\" role=\"main\">\n<article id=\"post-150249\" class=\"post-150249 post type-post status-publish format-standard has-post-thumbnail category-news-18 category-49 description-off\">\n<div class=\"entry-content\">\n<p><strong>di Mirko Mezzacasa<\/strong><\/p>\n<p>Crescono le curve in Veneto anche oggi, pi\u00f9 positivi, pi\u00f9 persone in isolamento e pi\u00f9 attualmente positivi. In calo i ricoveri in area non critica, 32 sono ancora positivi.Le previsioni sono state smentite, il livello contagio zero auspicato con l&#8217;arrivo della bella stagione non c&#8217;\u00e8. Piuttosto sono ripresi i contagi e si sono riaperte le terapia intensive nella vicina regione Friuli Venezia Giulia. Nel Vento \u00e8 triplicato il numero dei soggetti in isolamento domiciliare, moltiplicato per cinque il numero dei malati oggi 695 e il numero dei decessi con i 3 di ieri sale a 2064. Oltre 2500 le persone in isolamento domicilire, sempre 7 le persone in terapia intensiva (2 positive), 116 i pazienti ricoverati in area non critica.\u00a0 Anche se la tabella di Azienda zero segnala 3 pazienti al San Martino di Belluno in realt\u00e0 le tre persone che erano ricoverate (Kossovo) sono gi\u00e0 state dimesse, piuttosto c\u2019\u00e8 un anziano in ospedale trovato positivo al covid ma portato in ortopedia per una frattura.<\/p>\n<\/div>\n<p><strong>I NUMERI\u00a0 IN VENETO:<\/strong>\u00a0TOTALE POSITIVI\u00a0 19771 (+28)\u00a0 ATTUALMENTE POSITIVI 695 (+26)\u00a0 DECESSI\u00a0 2064\u00a0 (+3) NEGATIVIZZATI 17011 (+1) IN ISOLAMENTO\u00a0 2563 (+139) RICOVERATI\u00a0 116 (32 POSITIVI 84 NEGATIVIZZATI), NEGLI OSPEDALI DI COMUNITA\u2019 RICOVERATI 17 (1 POSITIVI,\u00a0 16 NEGATIVIZZATI), IN TERAPIA INTENSIVA 7 (0 \u2013 2 POSITIVI, \u00a05 NEGATIVIZZATI). DIMESSI 3737 (+6) NEGLI OSPEDALI DI COMUNITA\u2019 320 (0)\u00a0<strong>I NUMERI IN PROVINCIA:<\/strong>\u00a0TOTALE CONTAGI 1211 (0) , ATTUALMENTE POSITIVI 17 (+0) , DECEDUTI 113 (0), NEGATIVIZZATI 1081 (+0) ISOLAMENTO DOMICILIARE 208 (+23)\u00a0 RICOVERATI IN OSPEDALE AL SAN MARTINO 1<\/p>\n<p><strong>I GRAFICI DI TIZIANO DE COL<\/strong><\/p>\n<\/article>\n<\/div>\n<\/div>\n<\/div>\n<\/div>\n<p><a class=\"dt-pswp-item\" href=\"https:\/\/www.radiopiu.net\/wordpress\/wp-content\/uploads\/2020\/07\/124b1c1b-9290-462c-907b-e6f5df7dced6.jpg\" data-dt-img-description=\"\" data-large_image_width=\"480\" data-large_image_height=\"337\"><img loading=\"lazy\" decoding=\"async\" class=\"alignnone size-medium wp-image-151239\" src=\"https:\/\/www.radiopiu.net\/wordpress\/wp-content\/uploads\/2020\/07\/124b1c1b-9290-462c-907b-e6f5df7dced6-300x211.jpg\" alt=\"\" width=\"300\" height=\"211\" srcset=\"https:\/\/www.radiopiu.net\/wordpress\/wp-content\/uploads\/2020\/07\/124b1c1b-9290-462c-907b-e6f5df7dced6-300x211.jpg 300w, https:\/\/www.radiopiu.net\/wordpress\/wp-content\/uploads\/2020\/07\/124b1c1b-9290-462c-907b-e6f5df7dced6.jpg 480w\" sizes=\"auto, (max-width: 300px) 100vw, 300px\" \/><\/a><a class=\"dt-pswp-item\" href=\"https:\/\/www.radiopiu.net\/wordpress\/wp-content\/uploads\/2020\/07\/67a79ca8-9825-47b7-8870-c44ed1825b3f.jpg\" data-dt-img-description=\"\" data-large_image_width=\"480\" data-large_image_height=\"655\"><img loading=\"lazy\" decoding=\"async\" class=\"alignnone wp-image-151238\" src=\"https:\/\/www.radiopiu.net\/wordpress\/wp-content\/uploads\/2020\/07\/67a79ca8-9825-47b7-8870-c44ed1825b3f-220x300.jpg\" alt=\"\" width=\"152\" height=\"207\" srcset=\"https:\/\/www.radiopiu.net\/wordpress\/wp-content\/uploads\/2020\/07\/67a79ca8-9825-47b7-8870-c44ed1825b3f-220x300.jpg 220w, https:\/\/www.radiopiu.net\/wordpress\/wp-content\/uploads\/2020\/07\/67a79ca8-9825-47b7-8870-c44ed1825b3f.jpg 480w\" sizes=\"auto, (max-width: 152px) 100vw, 152px\" \/><\/a><\/p>\n<hr \/>\n<p>&nbsp;<\/p>\n<blockquote class=\"wp-embedded-content\" data-secret=\"kREN36fqDt\"><p><a href=\"https:\/\/www.radiopiu.net\/wordpress\/24luglio-2\/\">CORONAVIRUS: AGGIORNAMENTO NAZIONALE 24 LUGLIO<\/a><\/p><\/blockquote>\n<p><iframe loading=\"lazy\" class=\"wp-embedded-content\" sandbox=\"allow-scripts\" security=\"restricted\" style=\"position: absolute; clip: rect(1px, 1px, 1px, 1px);\" title=\"&#8220;CORONAVIRUS: AGGIORNAMENTO NAZIONALE 24 LUGLIO&#8221; &#8212; Radio Pi\u00f9\" src=\"https:\/\/www.radiopiu.net\/wordpress\/24luglio-2\/embed\/#?secret=kREN36fqDt\" data-secret=\"kREN36fqDt\" width=\"600\" height=\"338\" frameborder=\"0\" marginwidth=\"0\" marginheight=\"0\" scrolling=\"no\"><\/iframe><\/p>\n<p>&nbsp;<\/p>\n<p>&nbsp;<\/p>\n<hr \/>\n<p>&nbsp;<\/p>\n<blockquote class=\"wp-embedded-content\" data-secret=\"Wg2VF1KmEK\"><p><a href=\"https:\/\/www.radiopiu.net\/wordpress\/24luglio2020\/\">ULTIME 24 ORE: 3 DECESSI, +29 POSITIVI, IN ISOLAMENTO +139, IN PROVINCIA 23<\/a><\/p><\/blockquote>\n<p><iframe loading=\"lazy\" class=\"wp-embedded-content\" sandbox=\"allow-scripts\" security=\"restricted\" style=\"position: absolute; clip: rect(1px, 1px, 1px, 1px);\" title=\"&#8220;ULTIME 24 ORE: 3 DECESSI, +29 POSITIVI, IN ISOLAMENTO +139, IN PROVINCIA 23&#8221; &#8212; Radio Pi\u00f9\" src=\"https:\/\/www.radiopiu.net\/wordpress\/24luglio2020\/embed\/#?secret=Wg2VF1KmEK\" data-secret=\"Wg2VF1KmEK\" width=\"600\" height=\"338\" frameborder=\"0\" marginwidth=\"0\" marginheight=\"0\" scrolling=\"no\"><\/iframe><\/p>\n<p>&nbsp;<\/p>\n<p>&nbsp;<\/p>\n<p>&nbsp;<\/p>\n<hr \/>\n<div class=\"page-title-head hgroup\">\n<blockquote>\n<h3 class=\"entry-title\">\u201cSPORT DI MONTAGNA\u201d DOTTORESSA CON 110 &amp; LODE A ROVERETO<\/h3>\n<\/blockquote>\n<\/div>\n<div class=\"page-title-breadcrumbs\">\n<p><strong>di Mirko Mezzacasa<\/strong><\/p>\n<blockquote><p><em>Le tesi sono state discusse in presenza nell\u2019aula Ciminiera di Progetto Manifattura a Rovereto, sede del corso di studi<\/em><\/p><\/blockquote>\n<p><strong class=\"photoswipe-wrapper\"><img loading=\"lazy\" decoding=\"async\" class=\"size-medium wp-image-151177 alignleft jetpack-lazy-image jetpack-lazy-image--handled\" src=\"https:\/\/i2.wp.com\/www.radiopiu.net\/wordpress\/wp-content\/uploads\/2020\/07\/c524bb66-13af-4d6d-90cc-768f6d85fbdd.jpg?resize=186%2C300&amp;ssl=1\" sizes=\"auto, (max-width: 186px) 100vw, 186px\" srcset=\"https:\/\/i2.wp.com\/www.radiopiu.net\/wordpress\/wp-content\/uploads\/2020\/07\/c524bb66-13af-4d6d-90cc-768f6d85fbdd.jpg?resize=186%2C300&amp;ssl=1 186w, https:\/\/i2.wp.com\/www.radiopiu.net\/wordpress\/wp-content\/uploads\/2020\/07\/c524bb66-13af-4d6d-90cc-768f6d85fbdd.jpg?resize=636%2C1024&amp;ssl=1 636w, https:\/\/i2.wp.com\/www.radiopiu.net\/wordpress\/wp-content\/uploads\/2020\/07\/c524bb66-13af-4d6d-90cc-768f6d85fbdd.jpg?resize=768%2C1236&amp;ssl=1 768w, https:\/\/i2.wp.com\/www.radiopiu.net\/wordpress\/wp-content\/uploads\/2020\/07\/c524bb66-13af-4d6d-90cc-768f6d85fbdd.jpg?resize=954%2C1536&amp;ssl=1 954w, https:\/\/i2.wp.com\/www.radiopiu.net\/wordpress\/wp-content\/uploads\/2020\/07\/c524bb66-13af-4d6d-90cc-768f6d85fbdd.jpg?w=994&amp;ssl=1 994w\" alt=\"\" width=\"186\" height=\"300\" data-recalc-dims=\"1\" data-lazy-loaded=\"1\" \/>TAIBON<\/strong> C\u2019\u00e8 anche una mezza agordina, Flaminia Franchetti Pardo\u00a0 tra i primi laureati in \u201cSport di montagna\u201d all\u2019Universit\u00e0 di Rovereto (Trento) nel progetto nato in collaborazione con l\u2019ateneo di Verona. Il corso di laurea in Scienze dello sport e della prestazione fisica, dedicato alla montagna \u00e8 stato istituito nell\u2019ottobre 2018 e ha dato i primi\u00a0 frutti: cinque i neolaureati possono fregiarsi del titolo. Flaminia Franchetti Pardo di Roma \u00e8\u00a0 la nipote degli orgogliosi nonni Rosanna e dell\u2019indimenticato Bepo di Taibon. Flaminia tra l\u2019altro \u00e8 cresciuta tra le montagne agordine,\u00a0 trascorrendo lunghi periodi estivi in compagnia della famiglia, con la mamma Barbara Dai Pra e la zia Laura. La neo dottoressa ha presentato la tesi su \u201cL\u2019equilibrio nello sci alpino: effetto del contesto specifico\u201d discusso con i relatori Federico Schena, Alfredo Brighenti e Valentina Biino (controrelatrice).<\/p>\n<blockquote><p>Flaminia si \u00e8 trasferita da Roma in Trentino due anni fa\u00a0 venuta a conoscenza del nuovo corso. Appassionata fin da piccola degli sport di montagna e outdoor,\u00a0 ha presentato la tesi sull\u2019equilibrio nello sci alpino, giudicata con il massimo dei voti e la lode.<em> \u201cFinita la triennale a Roma, ho scoperto questo corso e ho pensato subito che faceva al caso mio. \u00c8 un percorso eccezionale, ho imparato tantissimo. Con i miei relatori di tesi (i docenti Federico Schena e Alfredo Brighenti), c\u2019\u00e8 stato un continuo e proficuo confronto anche a distanza. Mi hanno dato molta fiducia e spronato.\u00a0 Il mio futuro?\u00a0 Mi piacerebbe molto lavorare nell\u2019organizzazione degli eventi degli sport di montagna e outdoor\u201d.<\/em><\/p><\/blockquote>\n<p>&nbsp;<\/p>\n<p>&nbsp;<\/p>\n<hr \/>\n<\/div>\n<p>&nbsp;<\/p>\n<blockquote>\n<h3>\u00abACCORDO STORICO L&#8217;EUROPA SI E&#8217; FATTA SENTIRE\u00bb<\/h3>\n<\/blockquote>\n<p><strong>BRUXELLES<\/strong> Per la prima volta i ventisette stati membri si troveranno ad avere un debito comune, che permetter\u00e0 di raccogliere e distribuire 750 miliardi di euro per finanziare la ripresa. La svolta \u00e8 stata dettata dalla pandemia di coronavirus. Ai 750 miliardi per rilanciare l\u2019economia dopo la pandemia, vanno aggiunti 1.074 miliardi destinati al quadro finanziario pluriennale post 2020, per un totale di 1.824 miliardi di euro, finalizzati a coniugare le azioni per la ripresa con il perseguimento degli obiettivi a lungo termine dell&#8217;Unione, a partire dalla digitalizzazione e dalla transizione ecologica.<\/p>\n<p><strong>IL COMMENTO DELL&#8217;EURODEPUTATO HERBERT DORFMAN<\/strong><\/p>\n<p><iframe loading=\"lazy\" title=\"Dorfmann   Commento Accordo sostegno UE Covid\" width=\"1200\" height=\"675\" src=\"https:\/\/www.youtube.com\/embed\/JfHDNcCZCH8?feature=oembed\" frameborder=\"0\" allow=\"accelerometer; autoplay; clipboard-write; encrypted-media; gyroscope; picture-in-picture\" allowfullscreen><\/iframe><\/p>\n<p>&nbsp;<\/p>\n<p>&nbsp;<\/p>\n<hr \/>\n<div class=\"page-title-breadcrumbs\">\n<blockquote>\n<h3><\/h3>\n<h3>DISABILIT\u00c0, D&#8217;INC\u00c0: &#8220;OLTRE 3 MILIONI ALLE STRUTTURE SEMIRESIDENZIALI DEL VENETO&#8221;<\/h3>\n<\/blockquote>\n<p><strong><a class=\"dt-pswp-item\" href=\"https:\/\/www.radiopiu.net\/wordpress\/wp-content\/uploads\/2020\/04\/FEDERICO-DINCA.png\" data-dt-img-description=\"\" data-large_image_width=\"1018\" data-large_image_height=\"1290\"><img loading=\"lazy\" decoding=\"async\" class=\" wp-image-132319 alignleft\" src=\"https:\/\/www.radiopiu.net\/wordpress\/wp-content\/uploads\/2020\/04\/FEDERICO-DINCA-237x300.png\" alt=\"\" width=\"173\" height=\"219\" srcset=\"https:\/\/www.radiopiu.net\/wordpress\/wp-content\/uploads\/2020\/04\/FEDERICO-DINCA-237x300.png 237w, https:\/\/www.radiopiu.net\/wordpress\/wp-content\/uploads\/2020\/04\/FEDERICO-DINCA-808x1024.png 808w, https:\/\/www.radiopiu.net\/wordpress\/wp-content\/uploads\/2020\/04\/FEDERICO-DINCA-768x973.png 768w, https:\/\/www.radiopiu.net\/wordpress\/wp-content\/uploads\/2020\/04\/FEDERICO-DINCA.png 1018w\" sizes=\"auto, (max-width: 173px) 100vw, 173px\" \/><\/a><\/strong><\/p>\n<p><strong>ROMA <\/strong>&#8220;Con il dpcm firmato dal Presidente del Consiglio Giuseppe Conte, il Veneto ricever\u00e0 oltre 3 milioni di euro per le strutture semiresidenziali per le persone con disabilit\u00e0&#8221;. A comunicarlo \u00e8 Federico D&#8217;Inc\u00e0, Ministro per i Rapporti con il Parlamento, in seguito al dpcm che distribuisce 3.280.000 euro al Veneto a fronte dei 40 milioni previsti a livello nazionale. &#8220;Le risorse &#8211; prosegue D&#8217;Inc\u00e0 &#8211; sono previste dal Decreto Rilancio e appartengono al &#8216;Fondo di sostegno per le strutture semiresidenziali per le persone con disabilit\u00e0&#8217; per l&#8217;anno 2020, che ha l&#8217;obiettivo di favorire l\u2019adozione di dispositivi di protezione individuale o nuove modalit\u00e0 organizzative per prevenire il rischio di contagio all\u2019interno di queste strutture. Le risorse serviranno a sostenere i centri che, a seguito all&#8217;emergenza del Coronavirus, hanno affrontato spese per sistemi di protezione del personale e degli utenti e saranno erogati agli enti o alle Pubbliche amministrazioni che li gestiscono&#8221;.<\/p>\n<p>&nbsp;<\/p>\n<\/div>\n<blockquote>\n<h3>13,6 MILIONI AL BELLUNESE PER IL SOSTEGNO DI COMUNI E PROVINCIA<\/h3>\n<\/blockquote>\n<p><strong>ROMA<\/strong> Dal Viminale l&#8217;erogazione delle risorse previste dal decreto rilancio per sostenere Comuni e Province che stanno affrontando il difficile periodo legato al Covid-19. <em>&#8220;Il Governo dimostra attenzione nei confronti di Comuni e Province che, specialmente in questo periodo difficile, hanno lavorato con grande impegno per il territorio e per i cittadini. Nelle prossime ore saranno messe a disposizione le risorse residue previste dal decreto rilancio, dopo quelle che erano gi\u00e0 state anticipate a fine maggio&#8221;. <\/em>Lo afferma Federico D&#8217;Inc\u00e0 in seguito al decreto di ripartizione del &#8216;Fondo per l&#8217;esercizio delle funzioni fondamentali degli enti locali&#8217; destinato a Comuni, Province e Citt\u00e0 metropolitane che prevede, a livello nazionale 3,5 miliardi di euro. Il Ministero degli Interni erogher\u00e0 i rimanenti 2,4 miliardi, di cui 2,1 per i Comuni e 350 milioni per le Province. Al territorio bellunese &#8211; prosegue D&#8217;Inc\u00e0 &#8211; saranno destinati 13,6 milioni di euro suddivisi tra Comuni, Provincia e Capoluogo di provincia. Ai Comuni locali, infatti, saranno distribuiti 8,8 milioni di euro, mentre alla Provincia di Belluno 3,5 milioni. La Citt\u00e0 di Belluno, invece, ricever\u00e0 1,3 milioni di euro. Sono somme importanti per dare la possibilit\u00e0 agli enti locali di assicurare i servizi fondamentali anche in relazione alle minori entrate causate dell&#8217;emergenza legata al Coronavirus.\u00a0<em>&#8220;Il Governo ha voluto dare un aiuto concreto agli enti e ringrazio ancora una volta i sindaci che hanno lavorato giorno e notte per garantire i servizi ai cittadini. Ci impegneremo per prevedere lo stanziamento di nuove risorse e per continuare a sostenere i territori e le nostre comunit\u00e0 &#8211; conclude il Ministro per i Rapporti con il Parlamento&#8221;.<\/em><\/p>\n<p>&nbsp;<\/p>\n<div class=\"page-title-breadcrumbs\">\n<p>&nbsp;<\/p>\n<hr \/>\n<\/div>\n<p>&nbsp;<\/p>\n<blockquote>\n<h3>CONFARTIGIANATO AGLI STATI GENERALI DELLA MONTAGNA<\/h3>\n<\/blockquote>\n<p><strong><a class=\"dt-pswp-item\" href=\"https:\/\/www.radiopiu.net\/wordpress\/wp-content\/uploads\/2020\/07\/fotologo2.jpg\" data-dt-img-description=\"\" data-large_image_width=\"960\" data-large_image_height=\"1280\"><img loading=\"lazy\" decoding=\"async\" class=\" wp-image-151175 alignleft\" src=\"https:\/\/www.radiopiu.net\/wordpress\/wp-content\/uploads\/2020\/07\/fotologo2-225x300.jpg\" alt=\"\" width=\"143\" height=\"191\" srcset=\"https:\/\/www.radiopiu.net\/wordpress\/wp-content\/uploads\/2020\/07\/fotologo2-225x300.jpg 225w, https:\/\/www.radiopiu.net\/wordpress\/wp-content\/uploads\/2020\/07\/fotologo2-768x1024.jpg 768w, https:\/\/www.radiopiu.net\/wordpress\/wp-content\/uploads\/2020\/07\/fotologo2.jpg 960w\" sizes=\"auto, (max-width: 143px) 100vw, 143px\" \/><\/a>ROMA<\/strong>\u00a0 In occasione dell\u2019appuntamento degli Stati Generali della Montagna a Roccaraso (L\u2019Aquila), Claudia Scarzanella, Presidente di Confartigianato Belluno e Delegata nazionale della Presidenza di Confartigianato per la Montagna, ribadisce l\u2019importanza di sostenere il tessuto imprenditoriale delle terre alte. <em>\u00abDobbiamo cogliere questo momento di cambiamento per ripensare le politiche di sviluppo, e dare impulso alla ripresa di territori come l\u2019Abruzzo, cos\u00ec duramente colpito dal sisma, tramite il recupero sostenibile e la rigenerazione urbana. La ricostruzione deve essere non solo economica e imprenditoriale, ma anche identitaria: bisogna quindi valorizzare gli elementi caratterizzanti della comunit\u00e0 da ricostruire, a partire da quelli culturali. Il momento di cambiamento va sfruttato anche per la sistemazione delle molte fragilit\u00e0 del nostro territorio; abbiamo visto cosa \u00e8 accaduto con Vaia, e quotidianamente registriamo episodi di dissesti, come lo smottamento della notte scorsa sul Rio Gere, a Cortina (foto). Abbiamo il dovere di intervenire, nell\u2019ottica della sostenibilit\u00e0 ambientale, che passa anche attraverso la messa in sicurezza\u00bb.\u00a0<\/em><\/p>\n<p>&nbsp;<\/p>\n<p>&nbsp;<\/p>\n<hr \/>\n<blockquote>\n<h3><\/h3>\n<h3>SALVIAMO LE API E GLI AGRICOLTORI, STOP AI PESTICIDI<\/h3>\n<\/blockquote>\n<p><strong><a class=\"dt-pswp-item\" href=\"https:\/\/www.radiopiu.net\/wordpress\/wp-content\/uploads\/2018\/08\/stock-photo-bee-honeycombs-with-honey-and-bees-apiculture-602677247.jpg\" data-dt-img-description=\"\" data-large_image_width=\"450\" data-large_image_height=\"319\"><img loading=\"lazy\" decoding=\"async\" class=\" wp-image-57205 alignleft\" src=\"https:\/\/www.radiopiu.net\/wordpress\/wp-content\/uploads\/2018\/08\/stock-photo-bee-honeycombs-with-honey-and-bees-apiculture-602677247-300x213.jpg\" alt=\"\" width=\"206\" height=\"146\" srcset=\"https:\/\/www.radiopiu.net\/wordpress\/wp-content\/uploads\/2018\/08\/stock-photo-bee-honeycombs-with-honey-and-bees-apiculture-602677247-300x213.jpg 300w, https:\/\/www.radiopiu.net\/wordpress\/wp-content\/uploads\/2018\/08\/stock-photo-bee-honeycombs-with-honey-and-bees-apiculture-602677247.jpg 450w\" sizes=\"auto, (max-width: 206px) 100vw, 206px\" \/><\/a>VENEZIA <\/strong>\u201cLe api sono delle sentinelle importanti per lo stato di salute dell\u2019ambiente, la loro progressiva scomparsa, come quella di altri insetti impollinatori, dovuta all\u2019aumento dell\u2019uso di agrofarmaci tossici rischia di avere conseguenze disastrose&#8221;. L\u2019appello \u00e8 di Andrea Zanoni, consigliere regionale del Partito Democratico, rilanciando l\u2019Ice (Iniziativa dei cittadini europei) che punta a raccogliere complessivamente un milione di firme entro il 31 marzo 2021 in modo da \u2018obbligare\u2019 la Commissione europea a legiferare per un\u2019agricoltura sostenibile che tuteli le api e, di conseguenza, l\u2019ambiente, la salute e gli stessi produttori. Una battaglia contro l\u2019uso di pesticidi e altri prodotti nocivi, la cui vendita in Veneto continua a crescere di anno in anno, 425 tonnellate di glifosate solo nel 2019. In Veneto la superficie destinata al biologico \u00e8 poco pi\u00f9 del 2% contro una media nazionale del 12. La petizione si puo&#8217; firmare all&#8217;indirizzo:\u00a0 www.savebeesandfarmers.eu\/ita\u201d.<\/p>\n<p>&nbsp;<\/p>\n<p>&nbsp;<\/p>\n<hr \/>\n<p>&nbsp;<\/p>\n<blockquote>\n<h3>LAGO DI SANTA CROCE ACQUA ECCELLENTE. ARPAV INCONTRA LEGAMBIENTE<\/h3>\n<p><em>Tra i bacini naturali, le indagini dell&#8217;Arpav riguardano anche il lago di Alleghe e quello di Misurina (entrambi promossi). Tra i bacini artificiali sono monitorati il lago del Mis (Sospirolo), il lago del Corlo (Arsi\u00e8) e il lago di Santa Caterina, in Comune di Auronzo<\/em><\/p><\/blockquote>\n<p><strong><a class=\"dt-pswp-item\" href=\"https:\/\/www.radiopiu.net\/wordpress\/wp-content\/uploads\/2018\/06\/LagoSantaCroce.jpg\" data-dt-img-description=\"\" data-large_image_width=\"500\" data-large_image_height=\"276\"><img loading=\"lazy\" decoding=\"async\" class=\" wp-image-50180 alignleft\" src=\"https:\/\/www.radiopiu.net\/wordpress\/wp-content\/uploads\/2018\/06\/LagoSantaCroce-300x166.jpg\" alt=\"\" width=\"211\" height=\"117\" srcset=\"https:\/\/www.radiopiu.net\/wordpress\/wp-content\/uploads\/2018\/06\/LagoSantaCroce-300x166.jpg 300w, https:\/\/www.radiopiu.net\/wordpress\/wp-content\/uploads\/2018\/06\/LagoSantaCroce.jpg 500w\" sizes=\"auto, (max-width: 211px) 100vw, 211px\" \/><\/a>PADOVA<\/strong>\u00a0 I laghi bellunesi sono eccellenti. I dati sono stati presentati al lago di Santa Croce nella conferenza stampa di Goletta dei laghi di Legambiente. Presenti le autorit\u00e0 regionali e locali, il direttore generale Arpav Luca Marchesi e la direttrice Arpav di Belluno Anna Favero. <em>&#8220;La collaborazione con Legambiente \u00e8 utile per individuare criticit\u00e0 nell&#8217;ottica della partecipazione attiva dei cittadini alla tutela ambientale&#8221; afferma Luca <a class=\"dt-pswp-item\" href=\"https:\/\/www.radiopiu.net\/wordpress\/wp-content\/uploads\/2020\/07\/111038913_10157503466712544_5074750208481765038_n.jpg\" data-dt-img-description=\"\" data-large_image_width=\"960\" data-large_image_height=\"720\"><img loading=\"lazy\" decoding=\"async\" class=\" wp-image-151193 alignright\" src=\"https:\/\/www.radiopiu.net\/wordpress\/wp-content\/uploads\/2020\/07\/111038913_10157503466712544_5074750208481765038_n-300x225.jpg\" alt=\"\" width=\"232\" height=\"174\" srcset=\"https:\/\/www.radiopiu.net\/wordpress\/wp-content\/uploads\/2020\/07\/111038913_10157503466712544_5074750208481765038_n-300x225.jpg 300w, https:\/\/www.radiopiu.net\/wordpress\/wp-content\/uploads\/2020\/07\/111038913_10157503466712544_5074750208481765038_n-768x576.jpg 768w, https:\/\/www.radiopiu.net\/wordpress\/wp-content\/uploads\/2020\/07\/111038913_10157503466712544_5074750208481765038_n.jpg 960w\" sizes=\"auto, (max-width: 232px) 100vw, 232px\" \/><\/a>Marchesi durante la presentazione dei risultati mentre Anna Favero parla dell&#8217;uso dei satelliti nei monitoraggi &#8220;Oltre ai monitoraggi tradizionali ARPAV sta testando l&#8217;uso dei satelliti, in particolare del progetto Copernicus per controllare dallo spazio lo stato biologico dei laghi&#8221;. <\/em><strong>Il\u00a0lago di Santa Croce.<\/strong> I tratti idonei alla balneazione si trovano in comune di Alpago nelle localit\u00e0 Poiatte, Sarathei, Santa Croce e Baia delle Sirene. L\u2019ultima classificazione effettuata, con i dati raccolti dal 2016 al 2019, attribuisce a tutti e quattro i tratti il valore di \u201cEccellente\u201d. Presente all&#8217;incontro in rappresentanza della Regione l&#8217;assessore Gianpaolo Bottacin <em>&#8220;Un&#8217;occasione\u00a0 ricorda &#8211; anche per ringraziare LegAmbiente, un&#8217;associazione che spesso \u00e8 di stimolo e confronto su tanti aspetti ambientali, dai controlli delle acque come in questo caso ma anche su altre tematiche tra cui ad esempio le microplastiche o gli inquinanti emergenti&#8221;.<\/em><\/p>\n<p>&nbsp;<\/p>\n<p>&nbsp;<\/p>\n<p>&nbsp;<\/p>\n<hr \/>\n<blockquote>\n<h2><\/h2>\n<h2>Le ex prigioni del Palazzo Pretorio di nuovo visitabili. Da oggi accessibili nell&#8217;ambito del progetto \u201cLuce alle prigioni\u201d.<\/h2>\n<\/blockquote>\n<p><a class=\"dt-pswp-item\" href=\"https:\/\/www.radiopiu.net\/wordpress\/wp-content\/uploads\/2020\/07\/Luce-alle-Prigioni-taglio-del-nastro.jpg\" data-dt-img-description=\"\" data-large_image_width=\"2000\" data-large_image_height=\"1500\"><img loading=\"lazy\" decoding=\"async\" class=\"size-medium wp-image-151274 alignleft\" src=\"https:\/\/www.radiopiu.net\/wordpress\/wp-content\/uploads\/2020\/07\/Luce-alle-Prigioni-taglio-del-nastro-300x225.jpg\" alt=\"\" width=\"300\" height=\"225\" srcset=\"https:\/\/www.radiopiu.net\/wordpress\/wp-content\/uploads\/2020\/07\/Luce-alle-Prigioni-taglio-del-nastro-300x225.jpg 300w, https:\/\/www.radiopiu.net\/wordpress\/wp-content\/uploads\/2020\/07\/Luce-alle-Prigioni-taglio-del-nastro-1024x768.jpg 1024w, https:\/\/www.radiopiu.net\/wordpress\/wp-content\/uploads\/2020\/07\/Luce-alle-Prigioni-taglio-del-nastro-768x576.jpg 768w, https:\/\/www.radiopiu.net\/wordpress\/wp-content\/uploads\/2020\/07\/Luce-alle-Prigioni-taglio-del-nastro-1536x1152.jpg 1536w, https:\/\/www.radiopiu.net\/wordpress\/wp-content\/uploads\/2020\/07\/Luce-alle-Prigioni-taglio-del-nastro.jpg 2000w\" sizes=\"auto, (max-width: 300px) 100vw, 300px\" \/><\/a><strong>FELTRE<\/strong> Tornano a rivivere, anche se in chiave naturalmente solo culturale e turistica, le antiche prigioni di Feltre, ricavate nei piani interrati del Palazzo Pretorio e chiuse quale luogo di detenzione negli anni &#8217;60 del secolo scorso. Da allora i locali sono stati adibiti ad archivio comunale. L&#8217;Amministrazione ne ha promosso la valorizzazione anche nell&#8217;ambito del nuovo circuito ToTeM 2020 avviato nelle scorse settimane. Il progetto storico artistico, denominato \u201cLuce alle Prigioni\u201d, \u00e8 stato presentato alla cittadinanza nella cornice della Sala degli Stemmi. Nei locali sotterranei di Palazzo Pretorio sar\u00e0 visitabile la mostra \u201cPurtroppo son bandito\u201d, a cura dell&#8217;Associazione Visioni.<\/p>\n<p>AI MICROFONI DI RADIO PIU IL SINDACO PAOLO PERENZIN<\/p>\n<audio class=\"wp-audio-shortcode\" id=\"audio-151122-8\" preload=\"none\" style=\"width: 100%;\" controls=\"controls\"><source type=\"audio\/mpeg\" src=\"https:\/\/www.radiopiu.net\/wordpress\/wp-content\/uploads\/2020\/07\/Paolo-Perenzin-Prigioni.mp3?_=8\" \/><a href=\"https:\/\/www.radiopiu.net\/wordpress\/wp-content\/uploads\/2020\/07\/Paolo-Perenzin-Prigioni.mp3\">https:\/\/www.radiopiu.net\/wordpress\/wp-content\/uploads\/2020\/07\/Paolo-Perenzin-Prigioni.mp3<\/a><\/audio>\n<p>L&#8217;ASSESSORE ALESSANDRO DEL BIANCO<\/p>\n<audio class=\"wp-audio-shortcode\" id=\"audio-151122-9\" preload=\"none\" style=\"width: 100%;\" controls=\"controls\"><source type=\"audio\/mpeg\" src=\"https:\/\/www.radiopiu.net\/wordpress\/wp-content\/uploads\/2020\/07\/Alessandro-Del-Bianco-Prigioni.mp3?_=9\" \/><a href=\"https:\/\/www.radiopiu.net\/wordpress\/wp-content\/uploads\/2020\/07\/Alessandro-Del-Bianco-Prigioni.mp3\">https:\/\/www.radiopiu.net\/wordpress\/wp-content\/uploads\/2020\/07\/Alessandro-Del-Bianco-Prigioni.mp3<\/a><\/audio>\n<p>IL DIRETTORE ARTISTICO ALBERTO FIOCCO<\/p>\n<audio class=\"wp-audio-shortcode\" id=\"audio-151122-10\" preload=\"none\" style=\"width: 100%;\" controls=\"controls\"><source type=\"audio\/mpeg\" src=\"https:\/\/www.radiopiu.net\/wordpress\/wp-content\/uploads\/2020\/07\/Alberto-Fiocco-Direttore-Artistico.mp3?_=10\" \/><a href=\"https:\/\/www.radiopiu.net\/wordpress\/wp-content\/uploads\/2020\/07\/Alberto-Fiocco-Direttore-Artistico.mp3\">https:\/\/www.radiopiu.net\/wordpress\/wp-content\/uploads\/2020\/07\/Alberto-Fiocco-Direttore-Artistico.mp3<\/a><\/audio>\n<p>&nbsp;<\/p>\n<hr \/>\n<div class=\"page-title-head hgroup\">\n<blockquote>\n<h3 class=\"entry-title\">COMPLETATA L\u2019OPERA DI \u201cJAKO\u201d CHE RICEVE L\u2019ABBRACCIO DEL TERRITORIO<\/h3>\n<\/blockquote>\n<\/div>\n<div class=\"page-title-breadcrumbs\">\n<p><strong class=\"photoswipe-wrapper\"><a class=\"dt-pswp-item pspw-wrap-ready\" href=\"https:\/\/i1.wp.com\/www.radiopiu.net\/wordpress\/wp-content\/uploads\/2020\/07\/image10.jpeg?ssl=1\" data-dt-img-description=\"\" data-large_image_width=\"1117\" data-large_image_height=\"1600\"><img loading=\"lazy\" decoding=\"async\" class=\"size-medium wp-image-151150 alignleft\" src=\"https:\/\/i1.wp.com\/www.radiopiu.net\/wordpress\/wp-content\/uploads\/2020\/07\/image10.jpeg?resize=209%2C300&amp;ssl=1\" sizes=\"auto, (max-width: 209px) 100vw, 209px\" srcset=\"https:\/\/i1.wp.com\/www.radiopiu.net\/wordpress\/wp-content\/uploads\/2020\/07\/image10.jpeg?resize=209%2C300&amp;ssl=1 209w, https:\/\/i1.wp.com\/www.radiopiu.net\/wordpress\/wp-content\/uploads\/2020\/07\/image10.jpeg?resize=715%2C1024&amp;ssl=1 715w, https:\/\/i1.wp.com\/www.radiopiu.net\/wordpress\/wp-content\/uploads\/2020\/07\/image10.jpeg?resize=768%2C1100&amp;ssl=1 768w, https:\/\/i1.wp.com\/www.radiopiu.net\/wordpress\/wp-content\/uploads\/2020\/07\/image10.jpeg?resize=1072%2C1536&amp;ssl=1 1072w, https:\/\/i1.wp.com\/www.radiopiu.net\/wordpress\/wp-content\/uploads\/2020\/07\/image10.jpeg?w=1117&amp;ssl=1 1117w\" alt=\"\" width=\"209\" height=\"299\" \/><\/a>ROCCA PIETORE<\/strong> Completata l\u2019opera sulla cabina Enel di Rocca Pietore, un\u2019iniziativa promosso da E-Distribuzione che ha conquistato il paese.\u00a0 \u201c<em>In poche occasioni ho provato un cos\u00ec forte affetto da parte della gente. L\u2019iniziale curiosit\u00e0 e, talvolta, diffidenza, per questa forma d\u2019arte, si \u00e8 trasformata alla fine in intense emozioni e nell\u2019abbraccio del territorio<\/em>\u201d ha dichiarto \u201cJako\u201d, nome d\u2019arte di Manuel Giacometti. Il progetto Enel\u00a0 ha coinvolto 4 edifici dell\u2019azienda in Veneto e Friuli Venezia Giulia e che ha tratto lo spunto dai tragici eventi del 28 ottobre 2018. Sulla cabina elettrica di Saviner Jako ha realizzato un vero e proprio moderno affresco intitolato \u201cEnergy of love\u201d, nel quale ha voluto trasporre il proprio amore per il territorio.\u00a0 Su due pareti sono illustrati un bambino e una bambina, uniti da una collana di pini, elemento tipico del bellunese, che rappresenta la forza per un impegno comune per vivere e realizzare un mondo migliore. \u201c<em>La scelta dei bimbi\u00a0 \u2013 <\/em>ha commentato Manuel Giacometti \u2013 <em>\u00a0mi \u00e8 venuta spontanea. Negli ultimi anni sono un po\u2019 il mio marchio di fabbrica e a pochi passi dalla cabina elettrica c\u2019\u00e8 un parco giochi, non potevano dunque esserci altri protagonisti. Ma i bambini rappresentano anche una generazione che guarda con attenzione ai temi dell\u2019ambiente e sono stati certamente colpiti dall\u2019esperienza che hanno vissuto. <\/em><em>Fin dall\u2019inizio<\/em> <em>in moltissimi sono venuti a seguire il mio lavoro. Ovunque, per strada o nei bar i cittadini erano incuriositi, qualcuno forse perplesso. Ma tutti chiedevano, volevano sapere. E alla fine tutti mi hanno ringraziato per questo gesto di affetto nei confronti della montagna e del loro vissuto. Raramente ho provato tanto affetto e calore<\/em>.\u201d Roberto Zanchi responsabile di E Distribuzione ricorda l\u2019impegno dell\u2019azienda per presentare un servizio di qualit\u00e0 rimarcando come i gesti di apprezzamento per l\u2019artista siano di conforto nella scelta di dare forma e colore all\u2019energia esprimendo solidariet\u00e0 ai cittadini che due anni fa con Vaia hanno vissuto momenti difficili.<\/p>\n<h2>L\u2019OPERA<\/h2>\n\n\t\t\t<style type='text\/css'>\n\t\t\t\t#gallery-1 {\n\t\t\t\t\tmargin: auto;\n\t\t\t\t}\n\t\t\t\t#gallery-1 .gallery-item {\n\t\t\t\t\tfloat: left;\n\t\t\t\t\tmargin-top: 10px;\n\t\t\t\t\ttext-align: center;\n\t\t\t\t\twidth: 50%;\n\t\t\t\t}\n\t\t\t\t#gallery-1 img {\n\t\t\t\t\tborder: 2px solid #cfcfcf;\n\t\t\t\t}\n\t\t\t\t#gallery-1 .gallery-caption {\n\t\t\t\t\tmargin-left: 0;\n\t\t\t\t}\n\t\t\t\t\/* see gallery_shortcode() in wp-includes\/media.php *\/\n\t\t\t<\/style>\n\t\t<div id='gallery-1' class='dt-gallery-container gallery galleryid-151122 gallery-columns-2 gallery-size-medium'><dl class='gallery-item'>\n\t\t\t\t<dt class='gallery-icon portrait'>\n\t\t\t\t\t<a class=\"rollover rollover-zoom dt-pswp-item\" title=\"image9\" data-dt-img-description=\"\" data-large_image_width=\"1318\" data-large_image_height=\"1600\"href='https:\/\/www.radiopiu.net\/wordpress\/wp-content\/uploads\/2020\/07\/image9.jpeg'><img loading=\"lazy\" decoding=\"async\" width=\"247\" height=\"300\" src=\"https:\/\/www.radiopiu.net\/wordpress\/wp-content\/uploads\/2020\/07\/image9-247x300.jpeg\" class=\"attachment-medium size-medium\" alt=\"\" srcset=\"https:\/\/www.radiopiu.net\/wordpress\/wp-content\/uploads\/2020\/07\/image9-247x300.jpeg 247w, https:\/\/www.radiopiu.net\/wordpress\/wp-content\/uploads\/2020\/07\/image9-844x1024.jpeg 844w, https:\/\/www.radiopiu.net\/wordpress\/wp-content\/uploads\/2020\/07\/image9-768x932.jpeg 768w, https:\/\/www.radiopiu.net\/wordpress\/wp-content\/uploads\/2020\/07\/image9-1265x1536.jpeg 1265w, https:\/\/www.radiopiu.net\/wordpress\/wp-content\/uploads\/2020\/07\/image9.jpeg 1318w\" sizes=\"auto, (max-width: 247px) 100vw, 247px\" \/><\/a>\n\t\t\t\t<\/dt><\/dl><dl class='gallery-item'>\n\t\t\t\t<dt class='gallery-icon portrait'>\n\t\t\t\t\t<a class=\"rollover rollover-zoom dt-pswp-item\" title=\"image8\" data-dt-img-description=\"\" data-large_image_width=\"1142\" data-large_image_height=\"1600\"href='https:\/\/www.radiopiu.net\/wordpress\/wp-content\/uploads\/2020\/07\/image8.jpeg'><img loading=\"lazy\" decoding=\"async\" width=\"214\" height=\"300\" src=\"https:\/\/www.radiopiu.net\/wordpress\/wp-content\/uploads\/2020\/07\/image8-214x300.jpeg\" class=\"attachment-medium size-medium\" alt=\"\" srcset=\"https:\/\/www.radiopiu.net\/wordpress\/wp-content\/uploads\/2020\/07\/image8-214x300.jpeg 214w, https:\/\/www.radiopiu.net\/wordpress\/wp-content\/uploads\/2020\/07\/image8-731x1024.jpeg 731w, https:\/\/www.radiopiu.net\/wordpress\/wp-content\/uploads\/2020\/07\/image8-768x1076.jpeg 768w, https:\/\/www.radiopiu.net\/wordpress\/wp-content\/uploads\/2020\/07\/image8-1096x1536.jpeg 1096w, https:\/\/www.radiopiu.net\/wordpress\/wp-content\/uploads\/2020\/07\/image8.jpeg 1142w\" sizes=\"auto, (max-width: 214px) 100vw, 214px\" \/><\/a>\n\t\t\t\t<\/dt><\/dl><br style=\"clear: both\" \/>\n\t\t\t<\/div>\n\n<p>&nbsp;<\/p>\n<p>&nbsp;<\/p>\n<hr \/>\n<p>&nbsp;<\/p>\n<\/div>\n<blockquote>\n<h3>MALATTIE INFIAMMATORIE CRONICHE DELL\u2019INTESTINO: UNIT\u00c0 OPERATIVA SEMPLICE DIPARTIMENTALE AFFIDATA A MANUELA DE BONA<\/h3>\n<\/blockquote>\n<p><b><a class=\"dt-pswp-item\" href=\"https:\/\/www.radiopiu.net\/wordpress\/wp-content\/uploads\/2020\/07\/debona.jpg\" data-dt-img-description=\"\" data-large_image_width=\"1280\" data-large_image_height=\"1280\"><img loading=\"lazy\" decoding=\"async\" class=\"size-medium wp-image-151142 alignleft\" src=\"https:\/\/www.radiopiu.net\/wordpress\/wp-content\/uploads\/2020\/07\/debona-300x300.jpg\" alt=\"\" width=\"300\" height=\"300\" srcset=\"https:\/\/www.radiopiu.net\/wordpress\/wp-content\/uploads\/2020\/07\/debona-300x300.jpg 300w, https:\/\/www.radiopiu.net\/wordpress\/wp-content\/uploads\/2020\/07\/debona-1024x1024.jpg 1024w, https:\/\/www.radiopiu.net\/wordpress\/wp-content\/uploads\/2020\/07\/debona-150x150.jpg 150w, https:\/\/www.radiopiu.net\/wordpress\/wp-content\/uploads\/2020\/07\/debona-768x768.jpg 768w, https:\/\/www.radiopiu.net\/wordpress\/wp-content\/uploads\/2020\/07\/debona.jpg 1280w\" sizes=\"auto, (max-width: 300px) 100vw, 300px\" \/><\/a>FELTRE <\/b>L\u2019unit\u00e0 operativa semplice dipartimentale \u201cMalattie infiammatorie gastrointestinali\u201d, facente capo al dipartimento di area chirurgica dell\u2019ospedale di Feltre diretto da Umberto Montin, \u00e8 stata affidata alla gastroenterologa Manuela De Bona.\u00a0La dottoressa De Bona, professionista molto stimata per le competenze,<span class=\"Apple-converted-space\">\u00a0 <\/span>le doti umane e le capacit\u00e0 relazionali, si \u00e8 laureata a Pisa nel 1990 e specializzata a Padova nel 1998. Ha iniziato l&#8217;attivit\u00e0 all&#8217;ospedale di Feltre nel 1992. Si \u00e8 sempre dedicata agli aspetti fisiopatologici e al trattamento delle malattie infiammatorie gastrointestinali, in particolare delle gastriti, della malattia da reflusso gastroesofageo, delle coliti e delle lesioni pre-cancerose. Nel 1996 ha ottenuto il Dottorato di ricerca presso la Scuola S. Anna di Pisa.\u00a0La Regione Veneto ha riconosciuto nell&#8217;ambito delle ultime schede di dotazione ospedaliera il valore dell&#8217;attivit\u00e0 svolta nell&#8217;ambito delle malattie infiammatorie, in particolare quelle croniche intestinali, attribuendo all&#8217;ospedale di Feltre una unit\u00e0 operativa dipartimentale.\u00a0Sono in aumento, e sempre pi\u00f9 giovani, i casi di persone con malattie infiammatorie croniche dell\u2019intestino seguiti nell&#8217;ambulatorio dedicato, istituito a Feltre a gennaio 2019, che segue 400 pazient<b>i<\/b> di cui circa il 50% proviene da fuori Ulss.<span class=\"Apple-converted-space\">\u00a0\u00a0<\/span>Queste malattie, la colite ulcerosa e la malattia di Crohn, rappresentano delle condizioni caratterizzate da periodi di remissione alternati a fasi di riaccensione che influenzano negativamente la qualit\u00e0 di vita degli individui affetti. I farmaci biotecnologici di ultima generazione si stanno rivelando estremamente efficaci per la cura di queste<span class=\"Apple-converted-space\">\u00a0 <\/span>malattie e per migliorare la qualit\u00e0 di vita dei pazienti. Tra i pazienti seguiti a Feltre, 120 vengono curati con i farmaci biologici e, di questi, 80 usufruiscono dell\u2019ambulatorio infusionale all\u2019ospedale di Feltre.\u00a0Da gennaio 2019, infatti, \u00e8 stato attivato un ambulatorio infusionale per somministrare i farmaci biotecnologici in un ambiente confortevole e protetto e con la presenza di un infermiere specialista che ha seguito un percorso formativo dedicato. Anche durante l\u2019emergenza COVID l\u2019ambulatorio ha continuato a funzionare, garantendo la continuit\u00e0 delle cure.<\/p>\n<p>&nbsp;<\/p>\n<hr \/>\n<p>&nbsp;<\/p>\n<blockquote>\n<h3>CENTRALE DI STERILIZZAZIONE APPROVATO IL BANDO<\/h3>\n<\/blockquote>\n<p><strong>FELTRE <\/strong>L\u2019Ulss Dolomiti ha indetto una procedura aperta telematica per la fornitura chiavi in mano di apparecchiature ed arredi necessari all\u2019allestimento della nuova centrale di sterilizzazione integrata nella piastra servizi dell\u2019ospedale di Feltre. L\u2019importo complessivo dell\u2019appalto posto a base d\u2019asta \u00e8 stato quantificato in\u00a0 920mila euro oltre IVA in un quadro economico complessivo di oltre 1,4 mln di euro. Si tratta di un ulteriore tassello per potenziare il blocco operatorio, inaugurato lo scorso 25 giugno, integrandolo con le procedure di sterilizzazione.<\/p>\n<p>&nbsp;<\/p>\n<hr \/>\n<blockquote>\n<h3><\/h3>\n<h3>CONCORSO PER TRE COLLABORATORI PROFESSIONALI AMMINISTRATIVI E UN ISTRUTTORE.<\/h3>\n<\/blockquote>\n<p><strong>BORGO VALBELLUNA<\/strong> E\u2019 indetto un concorso pubblico, per la copertura, a tempo indeterminato ed a tempo pieno, di 3 posti di Collaboratore Professionale Amministrativo, e 1 istruttore amministrativo con funzioni locali\u00a0 presso il Comune di Borgo Valbelluna. Le modalit\u00e0 di partecipazione, i requisiti ed il fac-simile della domanda di partecipazione sono disponibili presso il Comune di Borgo Valbelluna sul sito istituzionale dell\u2019Ente \/www.borgovalbelluna.bl.it<\/p>\n<p>&nbsp;<\/p>\n<p>&nbsp;<\/p>\n<hr \/>\n<blockquote>\n<h3>PARTIRA\u2019 A SETTEMBRE IL\u00a0 CORSO SULL\u2019INNOVAZIONE SOSTENIBILE\u00a0 PROMOSSO CON L\u2019UNIVERSITA\u2019 DI PADOVA<\/h3>\n<\/blockquote>\n<p><strong><a class=\"dt-pswp-item\" href=\"https:\/\/www.radiopiu.net\/wordpress\/wp-content\/uploads\/2019\/08\/rhinoceros.jpg\" data-dt-img-description=\"\" data-large_image_width=\"3814\" data-large_image_height=\"4029\"><img loading=\"lazy\" decoding=\"async\" class=\"wp-image-95003 alignleft\" src=\"https:\/\/www.radiopiu.net\/wordpress\/wp-content\/uploads\/2019\/08\/rhinoceros-284x300.jpg\" alt=\"\" width=\"126\" height=\"132\" srcset=\"https:\/\/www.radiopiu.net\/wordpress\/wp-content\/uploads\/2019\/08\/rhinoceros-284x300.jpg 284w, https:\/\/www.radiopiu.net\/wordpress\/wp-content\/uploads\/2019\/08\/rhinoceros-768x811.jpg 768w, https:\/\/www.radiopiu.net\/wordpress\/wp-content\/uploads\/2019\/08\/rhinoceros-969x1024.jpg 969w\" sizes=\"auto, (max-width: 126px) 100vw, 126px\" \/><\/a>LONGARONE<\/strong> L\u201911 settembre prender\u00e0 il via il corso \u201cInnovazione Sostenibile per l\u2019Industria dell\u2019Occhiale, del Sistema Moda e dello Sport\u201d, realizzato da Certottica in stretta sinergia con il Dipartimento di Ingegneria Industriale dell&#8217;Universit\u00e0 degli Studi di Padova.\u00a0 Il corso \u00e8 destinato principalmente ai responsabili di funzione e ai consulenti d\u2019azienda per adeguare le competenze di tali figure allo sviluppo creativo ed innovativo nella produzione ecosostenibile L\u2019iter formativo, strutturato in 12 moduli divisi tra didattica frontale e attivit\u00e0 di laboratorio, per un totale di 120 ore, \u00e8 a numero chiuso, con un massimo di 20 partecipanti ammessi. Informazioni 0437\/573157 &#8211; formazione@certottica.it)<\/p>\n<p>&nbsp;<\/p>\n<hr \/>\n<p>&nbsp;<\/p>\n<blockquote>\n<h3>I CONSIGLI COMUNALI IN AGORDINO<\/h3>\n<\/blockquote>\n<p><strong>CANALE D&#8217;AGORDO\u00a0<\/strong>Il sindaco di Canale D&#8217;Agordo Flavio Colcergnan ha convocato i consiglieri comunali per sabato 1 agosto alle ore 8:05. 4 i punti all&#8217;ordine del giorno che varranno discussi in sala &#8220;Musal&#8221; a porte chiuse. Tra i punti la gestione dell&#8217;esercizio finanziario 2019 e la ratifica della deliberazione di giuda del 15 luglio 2020sugli stanziamenti del bilancio di previsione 2020\/2021.<\/p>\n<p class=\"photoswipe-wrapper\"><strong>FALCADE<\/strong>\u00a0Il consiglio comunale \u00e8 convocato per venerdi 31 luglio alle 8 di mattina (a porte chiuse), il sindaco Michele Costa firma un ordine del giorno in sei punti, tra i principali le variazioni e l\u2019assestamento di bilancio, le\u00a0<a class=\"dt-pswp-item pspw-wrap-ready\" href=\"https:\/\/i2.wp.com\/www.radiopiu.net\/wordpress\/wp-content\/uploads\/2020\/07\/download-3.png?ssl=1\" data-dt-img-description=\"\" data-large_image_width=\"302\" data-large_image_height=\"167\"><img loading=\"lazy\" decoding=\"async\" class=\"wp-image-150933 alignright\" src=\"https:\/\/i2.wp.com\/www.radiopiu.net\/wordpress\/wp-content\/uploads\/2020\/07\/download-3.png?resize=197%2C109&amp;ssl=1\" sizes=\"auto, (max-width: 197px) 100vw, 197px\" srcset=\"https:\/\/i2.wp.com\/www.radiopiu.net\/wordpress\/wp-content\/uploads\/2020\/07\/download-3.png?resize=300%2C166&amp;ssl=1 300w, https:\/\/i2.wp.com\/www.radiopiu.net\/wordpress\/wp-content\/uploads\/2020\/07\/download-3.png?w=302&amp;ssl=1 302w\" alt=\"\" width=\"197\" height=\"109\" data-recalc-dims=\"1\" \/><\/a>modifiche al programma di forniture e servizi per il biennio 2020-21 e l\u2019approvazione del regolamento di disciplina dell\u2019imposta municipale propria Imu.<\/p>\n<p><strong>AGORDO<\/strong>\u00a0Il consiglio dell\u2019Unione Montana \u00e8 convocato per martedi alle 20 in Sala Don Tamis. In discussione: servizio rifiuti, misure di riduzione alle utenze non domestiche e approvazione piano economico, finanziario e tariffe corrispettive per il 2020; bilancio di previsione; rinnovo della convenzione per la gestione di piscina e palazzetto dello sport; rinnovo della convenzione per la gestione dei servizi catastali.<\/p>\n<p>&nbsp;<\/p>\n<hr \/>\n<p>&nbsp;<\/p>\n<blockquote>\n<h3>MARTED\u00cc LA PRESENTAZIONE DELLE INIZIATIVE LEGATE AL GIRO DEL LAGO DI SANTA CROCE<\/h3>\n<\/blockquote>\n<p><strong>ALPAGO<\/strong> Marted\u00ec alle 11 in Provincia verranno presentate le iniziative\u00a0 legate al Giro del Lago di Santa Croce, evento proposto dal Comitato Alpago 2 ruote &amp; solidariet\u00e0 in supporto alla Via di Natale di Aviano (Pordenone) e alla Associazione Cucchini di Belluno. Per tutti i dettagli sul Giro del Lago e sulle attivit\u00e0 del Comitato Alpago 2 Ruote &amp; Solidariet\u00e0 si pu\u00f2 consultare il sito www.2ruotealpago.it.<\/p>\n<p>&nbsp;<\/p>\n<hr \/>\n<h3><\/h3>\n<h3><a class=\"dt-pswp-item\" href=\"https:\/\/www.radiopiu.net\/wordpress\/wp-content\/uploads\/2020\/07\/download-18.jpg\" data-dt-img-description=\"\" data-large_image_width=\"259\" data-large_image_height=\"195\"><img loading=\"lazy\" decoding=\"async\" class=\" wp-image-150285 alignleft\" src=\"https:\/\/www.radiopiu.net\/wordpress\/wp-content\/uploads\/2020\/07\/download-18.jpg\" alt=\"\" width=\"170\" height=\"128\" \/><\/a>IL COVID NON FERMA AGORDO MUSICA, MENO APPUNTAMENTI MA SEMPRE DI QUALITA&#8217;<\/h3>\n<p><span style=\"color: #000000;\">DI GIANNI SANTOMASO<\/span><\/p>\n<audio class=\"wp-audio-shortcode\" id=\"audio-151122-11\" preload=\"none\" style=\"width: 100%;\" controls=\"controls\"><source type=\"audio\/mpeg\" src=\"https:\/\/www.radiopiu.net\/wordpress\/wp-content\/uploads\/2020\/07\/gianni-agordo-musica.mp3?_=11\" \/><a href=\"https:\/\/www.radiopiu.net\/wordpress\/wp-content\/uploads\/2020\/07\/gianni-agordo-musica.mp3\">https:\/\/www.radiopiu.net\/wordpress\/wp-content\/uploads\/2020\/07\/gianni-agordo-musica.mp3<\/a><\/audio>\n<p>&nbsp;<\/p>\n<p>&nbsp;<\/p>\n<hr \/>\n<p>&nbsp;<\/p>\n<blockquote>\n<h3>QUATRO CIACOLE SU AGORDO 22^PUNTATA CON THOMAS E VALENTINA &#8220;LA VECIA POPA&#8221;<\/h3>\n<\/blockquote>\n<p>Oggi Thomas e Valentina del comitato Vecia Popa ci parleranno dell&#8217;omonima manifestazione che organizzano ogni anno e che purtroppo quest&#8217;anno \u00e8 saltata. Un appuntamento fisso per grandi e piccini nel rispetto della tradizio<\/p>\n<p>https:\/\/www.facebook.com\/AdAgordoProloco\/videos\/571903113505271\/<\/p>\n<p>&nbsp;<\/p>\n<p>RACCOLTA COMPLETA<\/p>\n<blockquote class=\"wp-embedded-content\" data-secret=\"pOKh7kqY5j\"><p><a href=\"https:\/\/www.radiopiu.net\/wordpress\/quatro-ciacole-su-agort\/\">Quatro ci\u00e0cole su Agort<\/a><\/p><\/blockquote>\n<p><iframe loading=\"lazy\" class=\"wp-embedded-content\" sandbox=\"allow-scripts\" security=\"restricted\" style=\"position: absolute; clip: rect(1px, 1px, 1px, 1px);\" title=\"&#8220;Quatro ci\u00e0cole su Agort&#8221; &#8212; Radio Pi\u00f9\" src=\"https:\/\/www.radiopiu.net\/wordpress\/quatro-ciacole-su-agort\/embed\/#?secret=pOKh7kqY5j\" data-secret=\"pOKh7kqY5j\" width=\"600\" height=\"338\" frameborder=\"0\" marginwidth=\"0\" marginheight=\"0\" scrolling=\"no\"><\/iframe><\/p>\n<hr \/>\n<p>&nbsp;<\/p>\n<p>&nbsp;<\/p>\n<h3><\/h3>\n<h3>LIVELLI DI GRANDE RAFFINATEZZA PER LA CUCINA DELLA MONTAGNA di RENATO BONA<\/h3>\n<p><strong>BELLUNO<\/strong> La grande promozione con la rassegna dell\u2019Ascom \u201cA tavola con Dolomieu 1988-1989\u201d \u201cUna grande pentola di rame nella quale ribolle la polenta appesa sopra il fuoco di un camino: \u00e8 l\u2019immagine pi\u00f9 emblematica della cucina veneta ed anche, naturalmente, della cucina di montagna\u201d:\u00ec. Un\u2019immagine che unisce uomo e cibo in un rapporto quasi sacrale ma che richiama anche alla mente l\u2019ospitalit\u00e0 delle genti venete, quel loro ritrovarsi attorno ad un camino acceso. In montagna tutto questo significa anche solidariet\u00e0, amicizia, il fuoco del camino aiuta il dialogo, un sorso di grappa unisce gli animi. La cucina delle montagne venete \u00e8 nata cucina povera, di gente che stringeva i denti, e si \u00e8 mantenuta tale. I suoi ingredienti sono semplici: la polenta, la cacciagione, i funghi, i formaggi. Ma negli anni c\u2019\u00e8 stato chi ha saputo portare questa cucina a livelli di grande raffinatezza, senza intaccarne le caratteristiche, valorizzando proprio certi piatti che rischiavano di andare dimenticati\u2026\u201d. Cos\u00ec l\u2019assessore al turismo della Regione Veneto, Jacopo Panozzo, presentava \u201cA tavola con Dolomieu 1988-1989\u201d rassegna gastronomica delle vallate bellunesi promossa ed organizzata dall\u2019Ascom, ed il libro edito per l\u2019occasione (caratterizzato da un testo introduttivo di Bartolomeo Zanenga; ricerca iconografica e coordinamento gastronomico di Gianluigi Secco, progetto editoriale e coordinamento grafico di Eronda Graphic Design studio &amp; Belunat, stampa di Grafiche Antiga di Cornuda) e concludeva: \u201cQuesta pubblicazione intende essere un riconoscimento a questo sforzo. Duecento anni dopo la scoperta geologica sulla composizione della roccia di queste montagne, l\u2019invito \u00e8 quindi quello di accomodarsi \u2018A Tavola con Dolomieu\u2019 per gustare piatti straordinari in uno scenario irripetibile. Un volume, quello edito allora, a proposito del quale Carlo Terribile, presidente dell\u2019Ascom bellunese ebbe a dire: \u201cNon vuole essere un ricettario n\u00e9, tanto meno, una storia della cucina: ma sta a testimoniare l\u2019impegno di quanti, ristoratori, artisti, collaboratori e \u2018sponsor\u2019, hanno creduto in questa manifestazione, ardito abbinamento tra i sapori della cucina e i colori della pittura, realizzando indirettamente anche un valido strumento di promozione turistica! Dopo la duplice presentazione, il mirabile contributo (sul quale contiamo di tornare \u2013 ndr.) di Zanenga che partiva dall\u2019interrogativo: \u201cMa cosa mai avr\u00e0 mangiato D\u00e9odat (Dieudonn\u00e9) Sylvain Guy Tancr\u00e8de de Gratet, signore di Dolomieu, nelle sue scorribande attraverso queste nostre valli dolomitiche?\u201d, e quindi l\u2019elenco delle ricette proposte dai locali partecipanti all\u2019iniziativa, con l\u2019abbinamento del piatto ricordo di \u201cA tavola con Dolomieu\u201d \u201cillustrato\u201d da artisti di vaglia: \u201cPinza da Noze\u201d (torta antica da sposa) di Franco Fiabane, ristorante Al Borgo; \u201cPatora\u201d di Gianni Pezzei, ristorante albergo Dolada; \u201cLasagne da fornel\u201d (tagliatelle alla valladese), albergo ristorante Val Biois; \u201cCapriol co le scarogne\u201d (capriolo allo scalogno), di Gino Mellere, ristorante Baita a l\u2019Arte; \u201cCoda e ci\u00f2pa sopida\u201d (coda e collo in umido), di Renato Bristot, ristorante Alle Alpi; \u201cMenestra de sci\u00f2s e sbul\u00ece\u201d (minestra di chiocciole e ortiche) di Aldo De Vidal, ristorante pizzeria Il Portico; \u201cCaoret su l speo (capretto allo spiedo), di Lalla Ramazzotti Morassutti, ristorante tipico La Fasolera; \u201cCasunzi\u00e9i de zuca\u201d (casoncelli di zucca), di Rinaldo Balzan, Hotel Corinna; \u201cGnoc de puina\u201d (gnocchi alla ricotta affumicata) di Luciano Piani, ristorante Tabi\u00e0; \u201cCauriol co l denever\u201d (capriolo al ginepro) di Maurizio De Lotto, Hotel Cima Belpr\u00e0; \u201cPes in conza\u201d (pesce di lago marinato), di Vincenzo Munaro, locanda San Lorenzo; \u201cFrico\u201d (sfogliatina di formaggio) di Olga Riva Piller, Hotel Belvedere; \u201cCunicio a le verdure\u201d (coniglio alle verdure) di Brunetta Cornaviera, albergo ristorante gelateria Rosolin; \u201cPestuzada dolze con salsa de brusciei\u201d (spezzatina dolce con salsa di mirtilli) di Italo Squitieri, ristorante da Beppe Sello; \u201cCervo co le giasene\u201d (cervo ai mirtilli) di Franco Murer, Hotel alla Posta; \u201cAnera co le moie\u201d (Anatra ai lamponi), di Riccardo Schweizer, ristorante Sporthotel Arabba; \u201cMenestra da orz\u201d (minestra d\u2019orzo), di Claudio Nevyjel, Hotel Milano; \u201cMenestra de rane\u201d (zuppa di rane), di Giovanni De Bettin, Monaco sport Hotel; \u201cPolenta encartufolaa e carn de fea\u201d (polenta tartufata con carne di pecora) di Francesco Piazza, albergo ristorante Croce d\u2019Aune Lionello; \u201cGnoche de Auronze\u201d (gnocchi all\u2019auronzana con erbe) di Vico Calabr\u00f2, Hotel Juventus; \u201cLasagn\u00e9tes n\u00e9gres\u201d (lasagnette scure) di Gino Silvestri, ristorante Al capriolo; \u201cConicio co le castegne\u201d (coniglio alle castagne) di Nazareno Corsini, Ristorante Ferrovia; \u201dScufi\u00f2t noseladi\u201d (pasta alle noci) di Mauro Corona, albergo ristorante da Benito; \u201cPanada de la Regina\u201d (pancotto della Regina) di Chiara Buttignon, ristorante Piol; \u201cPestarei da sagra\u201d di Eronda, ristorante locanda alla Vigna; \u201cBoconi da festa\u201d (bocconi di festa), di Paolo Cavinato, antica locanda Al Cappello;<\/p>\n<p>\u201cRisi e fas\u00f2i co l b\u00f2n\u201d (riso e fagioli conditi) di Luigi Voltolina, ristorante tipico Al Sasso.<\/p>\n\n\t\t\t<style type='text\/css'>\n\t\t\t\t#gallery-2 {\n\t\t\t\t\tmargin: auto;\n\t\t\t\t}\n\t\t\t\t#gallery-2 .gallery-item {\n\t\t\t\t\tfloat: left;\n\t\t\t\t\tmargin-top: 10px;\n\t\t\t\t\ttext-align: center;\n\t\t\t\t\twidth: 33%;\n\t\t\t\t}\n\t\t\t\t#gallery-2 img {\n\t\t\t\t\tborder: 2px solid #cfcfcf;\n\t\t\t\t}\n\t\t\t\t#gallery-2 .gallery-caption {\n\t\t\t\t\tmargin-left: 0;\n\t\t\t\t}\n\t\t\t\t\/* see gallery_shortcode() in wp-includes\/media.php *\/\n\t\t\t<\/style>\n\t\t<div id='gallery-2' class='dt-gallery-container gallery galleryid-151122 gallery-columns-3 gallery-size-thumbnail'><dl class='gallery-item'>\n\t\t\t\t<dt class='gallery-icon portrait'>\n\t\t\t\t\t<a class=\"rollover rollover-zoom dt-pswp-item\" title=\"110313203_999136503850516_5047842609574724780_n\" data-dt-img-description=\"\" data-large_image_width=\"2033\" data-large_image_height=\"2048\"href='https:\/\/www.radiopiu.net\/wordpress\/wp-content\/uploads\/2020\/07\/110313203_999136503850516_5047842609574724780_n.jpg'><img loading=\"lazy\" decoding=\"async\" width=\"150\" height=\"150\" src=\"https:\/\/www.radiopiu.net\/wordpress\/wp-content\/uploads\/2020\/07\/110313203_999136503850516_5047842609574724780_n-150x150.jpg\" class=\"attachment-thumbnail size-thumbnail\" alt=\"\" srcset=\"https:\/\/www.radiopiu.net\/wordpress\/wp-content\/uploads\/2020\/07\/110313203_999136503850516_5047842609574724780_n-150x150.jpg 150w, https:\/\/www.radiopiu.net\/wordpress\/wp-content\/uploads\/2020\/07\/110313203_999136503850516_5047842609574724780_n-298x300.jpg 298w, https:\/\/www.radiopiu.net\/wordpress\/wp-content\/uploads\/2020\/07\/110313203_999136503850516_5047842609574724780_n-1017x1024.jpg 1017w, https:\/\/www.radiopiu.net\/wordpress\/wp-content\/uploads\/2020\/07\/110313203_999136503850516_5047842609574724780_n-768x774.jpg 768w, https:\/\/www.radiopiu.net\/wordpress\/wp-content\/uploads\/2020\/07\/110313203_999136503850516_5047842609574724780_n-1525x1536.jpg 1525w, https:\/\/www.radiopiu.net\/wordpress\/wp-content\/uploads\/2020\/07\/110313203_999136503850516_5047842609574724780_n.jpg 2033w\" sizes=\"auto, (max-width: 150px) 100vw, 150px\" \/><\/a>\n\t\t\t\t<\/dt><\/dl><dl class='gallery-item'>\n\t\t\t\t<dt class='gallery-icon landscape'>\n\t\t\t\t\t<a class=\"rollover rollover-zoom dt-pswp-item\" title=\"112409826_2790921501138613_4458624528524034963_n\" data-dt-img-description=\"\" data-large_image_width=\"2048\" data-large_image_height=\"1211\"href='https:\/\/www.radiopiu.net\/wordpress\/wp-content\/uploads\/2020\/07\/112409826_2790921501138613_4458624528524034963_n.jpg'><img loading=\"lazy\" decoding=\"async\" width=\"150\" height=\"150\" src=\"https:\/\/www.radiopiu.net\/wordpress\/wp-content\/uploads\/2020\/07\/112409826_2790921501138613_4458624528524034963_n-150x150.jpg\" class=\"attachment-thumbnail size-thumbnail\" alt=\"\" \/><\/a>\n\t\t\t\t<\/dt><\/dl><dl class='gallery-item'>\n\t\t\t\t<dt class='gallery-icon portrait'>\n\t\t\t\t\t<a class=\"rollover rollover-zoom dt-pswp-item\" title=\"111149353_2861470053981011_5670604299908425115_n\" data-dt-img-description=\"\" data-large_image_width=\"2002\" data-large_image_height=\"2048\"href='https:\/\/www.radiopiu.net\/wordpress\/wp-content\/uploads\/2020\/07\/111149353_2861470053981011_5670604299908425115_n.jpg'><img loading=\"lazy\" decoding=\"async\" width=\"150\" height=\"150\" src=\"https:\/\/www.radiopiu.net\/wordpress\/wp-content\/uploads\/2020\/07\/111149353_2861470053981011_5670604299908425115_n-150x150.jpg\" class=\"attachment-thumbnail size-thumbnail\" alt=\"\" \/><\/a>\n\t\t\t\t<\/dt><\/dl><br style=\"clear: both\" \/><dl class='gallery-item'>\n\t\t\t\t<dt class='gallery-icon portrait'>\n\t\t\t\t\t<a class=\"rollover rollover-zoom dt-pswp-item\" title=\"113571448_314879996538715_6090566031606349574_n\" data-dt-img-description=\"\" data-large_image_width=\"1948\" data-large_image_height=\"2048\"href='https:\/\/www.radiopiu.net\/wordpress\/wp-content\/uploads\/2020\/07\/113571448_314879996538715_6090566031606349574_n.jpg'><img loading=\"lazy\" decoding=\"async\" width=\"150\" height=\"150\" src=\"https:\/\/www.radiopiu.net\/wordpress\/wp-content\/uploads\/2020\/07\/113571448_314879996538715_6090566031606349574_n-150x150.jpg\" class=\"attachment-thumbnail size-thumbnail\" alt=\"\" \/><\/a>\n\t\t\t\t<\/dt><\/dl><dl class='gallery-item'>\n\t\t\t\t<dt class='gallery-icon portrait'>\n\t\t\t\t\t<a class=\"rollover rollover-zoom dt-pswp-item\" title=\"116233522_327581331737675_4735693394160525458_n\" data-dt-img-description=\"\" data-large_image_width=\"1999\" data-large_image_height=\"2048\"href='https:\/\/www.radiopiu.net\/wordpress\/wp-content\/uploads\/2020\/07\/116233522_327581331737675_4735693394160525458_n.jpg'><img loading=\"lazy\" decoding=\"async\" width=\"150\" height=\"150\" src=\"https:\/\/www.radiopiu.net\/wordpress\/wp-content\/uploads\/2020\/07\/116233522_327581331737675_4735693394160525458_n-150x150.jpg\" class=\"attachment-thumbnail size-thumbnail\" alt=\"\" \/><\/a>\n\t\t\t\t<\/dt><\/dl><dl class='gallery-item'>\n\t\t\t\t<dt class='gallery-icon portrait'>\n\t\t\t\t\t<a class=\"rollover rollover-zoom dt-pswp-item\" title=\"116239328_1670195009796805_2262679327266192496_n\" data-dt-img-description=\"\" data-large_image_width=\"2017\" data-large_image_height=\"2048\"href='https:\/\/www.radiopiu.net\/wordpress\/wp-content\/uploads\/2020\/07\/116239328_1670195009796805_2262679327266192496_n.jpg'><img loading=\"lazy\" decoding=\"async\" width=\"150\" height=\"150\" src=\"https:\/\/www.radiopiu.net\/wordpress\/wp-content\/uploads\/2020\/07\/116239328_1670195009796805_2262679327266192496_n-150x150.jpg\" class=\"attachment-thumbnail size-thumbnail\" alt=\"\" \/><\/a>\n\t\t\t\t<\/dt><\/dl><br style=\"clear: both\" \/><dl class='gallery-item'>\n\t\t\t\t<dt class='gallery-icon landscape'>\n\t\t\t\t\t<a class=\"rollover rollover-zoom dt-pswp-item\" title=\"115750562_321563062306713_7377954970204026608_n\" data-dt-img-description=\"\" data-large_image_width=\"2048\" data-large_image_height=\"2023\"href='https:\/\/www.radiopiu.net\/wordpress\/wp-content\/uploads\/2020\/07\/115750562_321563062306713_7377954970204026608_n.jpg'><img loading=\"lazy\" decoding=\"async\" width=\"150\" height=\"150\" src=\"https:\/\/www.radiopiu.net\/wordpress\/wp-content\/uploads\/2020\/07\/115750562_321563062306713_7377954970204026608_n-150x150.jpg\" class=\"attachment-thumbnail size-thumbnail\" alt=\"\" \/><\/a>\n\t\t\t\t<\/dt><\/dl><dl class='gallery-item'>\n\t\t\t\t<dt class='gallery-icon portrait'>\n\t\t\t\t\t<a class=\"rollover rollover-zoom dt-pswp-item\" title=\"113020292_3292806904113026_1744013082203649623_n\" data-dt-img-description=\"\" data-large_image_width=\"2011\" data-large_image_height=\"2048\"href='https:\/\/www.radiopiu.net\/wordpress\/wp-content\/uploads\/2020\/07\/113020292_3292806904113026_1744013082203649623_n.jpg'><img loading=\"lazy\" decoding=\"async\" width=\"150\" height=\"150\" src=\"https:\/\/www.radiopiu.net\/wordpress\/wp-content\/uploads\/2020\/07\/113020292_3292806904113026_1744013082203649623_n-150x150.jpg\" class=\"attachment-thumbnail size-thumbnail\" alt=\"\" \/><\/a>\n\t\t\t\t<\/dt><\/dl><dl class='gallery-item'>\n\t\t\t\t<dt class='gallery-icon portrait'>\n\t\t\t\t\t<a class=\"rollover rollover-zoom dt-pswp-item\" title=\"116240970_210599450286666_2058543025008801889_n\" data-dt-img-description=\"\" data-large_image_width=\"2027\" data-large_image_height=\"2048\"href='https:\/\/www.radiopiu.net\/wordpress\/wp-content\/uploads\/2020\/07\/116240970_210599450286666_2058543025008801889_n.jpg'><img loading=\"lazy\" decoding=\"async\" width=\"150\" height=\"150\" src=\"https:\/\/www.radiopiu.net\/wordpress\/wp-content\/uploads\/2020\/07\/116240970_210599450286666_2058543025008801889_n-150x150.jpg\" class=\"attachment-thumbnail size-thumbnail\" alt=\"\" srcset=\"https:\/\/www.radiopiu.net\/wordpress\/wp-content\/uploads\/2020\/07\/116240970_210599450286666_2058543025008801889_n-150x150.jpg 150w, https:\/\/www.radiopiu.net\/wordpress\/wp-content\/uploads\/2020\/07\/116240970_210599450286666_2058543025008801889_n-1014x1024.jpg 1014w\" sizes=\"auto, (max-width: 150px) 100vw, 150px\" \/><\/a>\n\t\t\t\t<\/dt><\/dl><br style=\"clear: both\" \/>\n\t\t\t<\/div>\n\n<p>&nbsp;<\/p>\n<p>NELLE FOTO (Renato Bona e riproduzioni dal libro \u201cA tavola con Dolomieu\u201d): la copertina del libro edito in occasione della rassegna gastronomica delle vallate bellunesi; parete della cucina di casa Bona con diversi dei piatti realizzati per la Rassegna dell\u2019Ascom bellunese; il piatto di Franco Fiabane; quello di Giuliano De Rocco; di Lalla Ramazzotti Morassutti; di Brunetta Cornaviera; di Franco Murer; di Vico Calabr\u00f2; di Paolo Cavinato.<\/p>\n<p>&nbsp;<\/p>\n<hr \/>\n<h3 style=\"text-align: center;\">UN SECOLO DI AUGURI PER CARMELA<\/h3>\n<div class=\"_5w1r _3_om _5wdf\">\n<div class=\"_4gx_\">\n<div class=\"_1aa6\">\n<blockquote>\n<div><strong><a class=\"dt-pswp-item\" href=\"https:\/\/www.radiopiu.net\/wordpress\/wp-content\/uploads\/2020\/07\/4045ff97-fa23-4e85-b100-2cdaeb8c3230.jpg\" data-dt-img-description=\"\" data-large_image_width=\"900\" data-large_image_height=\"1600\"><img loading=\"lazy\" decoding=\"async\" class=\" wp-image-151260 alignleft\" src=\"https:\/\/www.radiopiu.net\/wordpress\/wp-content\/uploads\/2020\/07\/4045ff97-fa23-4e85-b100-2cdaeb8c3230-169x300.jpg\" alt=\"\" width=\"149\" height=\"264\" srcset=\"https:\/\/www.radiopiu.net\/wordpress\/wp-content\/uploads\/2020\/07\/4045ff97-fa23-4e85-b100-2cdaeb8c3230-169x300.jpg 169w, https:\/\/www.radiopiu.net\/wordpress\/wp-content\/uploads\/2020\/07\/4045ff97-fa23-4e85-b100-2cdaeb8c3230-576x1024.jpg 576w, https:\/\/www.radiopiu.net\/wordpress\/wp-content\/uploads\/2020\/07\/4045ff97-fa23-4e85-b100-2cdaeb8c3230-768x1365.jpg 768w, https:\/\/www.radiopiu.net\/wordpress\/wp-content\/uploads\/2020\/07\/4045ff97-fa23-4e85-b100-2cdaeb8c3230-864x1536.jpg 864w, https:\/\/www.radiopiu.net\/wordpress\/wp-content\/uploads\/2020\/07\/4045ff97-fa23-4e85-b100-2cdaeb8c3230.jpg 900w\" sizes=\"auto, (max-width: 149px) 100vw, 149px\" \/><\/a>LIVINALLONGO<\/strong> Taglio della torta oggi a Villa San Giuseppe dove Carmela De Cassan originaria di Laste di Rocca Pietore compie 100 anni, probabilmente la pi\u00f9 anziana del Comune. Con gli auguri dai figli Antonietta e Corrado Soppera, dalle nipoti Serena, Raffaella, Ariel Dolce, Luigi, Alessandro, dai\u00a0 pronipoti della terza generazione Stefano, Lucrezia, Valentina, Giacomo, Greta, Diego.e tutti i parenti ed amici. Auguri Pi\u00f9 nonna Carmela e complimenti per l&#8217;ambito traguardo, volante si intende perch\u00e9 \u00e8 gi\u00e0 ora di guardare al prossimo<\/div>\n<\/blockquote>\n<\/div>\n<\/div>\n<div class=\"\"><\/div>\n<div><\/div>\n<div><\/div>\n<\/div>\n<div><\/div>\n<div><em><strong>GLI AUGURI DEL SINDACO DI ROCCA PIETORE ANDREA DE BERNARDIN<\/strong><\/em><\/div>\n<audio class=\"wp-audio-shortcode\" id=\"audio-151122-12\" preload=\"none\" style=\"width: 100%;\" controls=\"controls\"><source type=\"audio\/mpeg\" src=\"https:\/\/www.radiopiu.net\/wordpress\/wp-content\/uploads\/2020\/07\/DE-BERNARDIN-AUGURI-CENTENARIA.mp3?_=12\" \/><a href=\"https:\/\/www.radiopiu.net\/wordpress\/wp-content\/uploads\/2020\/07\/DE-BERNARDIN-AUGURI-CENTENARIA.mp3\">https:\/\/www.radiopiu.net\/wordpress\/wp-content\/uploads\/2020\/07\/DE-BERNARDIN-AUGURI-CENTENARIA.mp3<\/a><\/audio>\n<p>&nbsp;<\/p>\n<p>&nbsp;<\/p>\n<hr \/>\n<h3 class=\"photoswipe-wrapper\"><a class=\"dt-pswp-item pspw-wrap-ready\" href=\"https:\/\/i2.wp.com\/www.radiopiu.net\/wordpress\/wp-content\/uploads\/2018\/09\/appuntamenti.jpeg?ssl=1\" data-dt-img-description=\"\" data-large_image_width=\"800\" data-large_image_height=\"100\" data-wp-editing=\"1\"><img loading=\"lazy\" decoding=\"async\" class=\"aligncenter wp-image-61958 size-full\" src=\"https:\/\/i2.wp.com\/www.radiopiu.net\/wordpress\/wp-content\/uploads\/2018\/09\/appuntamenti.jpeg?resize=800%2C100&amp;ssl=1\" sizes=\"auto, (max-width: 800px) 100vw, 800px\" srcset=\"https:\/\/i2.wp.com\/www.radiopiu.net\/wordpress\/wp-content\/uploads\/2018\/09\/appuntamenti.jpeg?w=800&amp;ssl=1 800w, https:\/\/i2.wp.com\/www.radiopiu.net\/wordpress\/wp-content\/uploads\/2018\/09\/appuntamenti.jpeg?resize=300%2C38&amp;ssl=1 300w, https:\/\/i2.wp.com\/www.radiopiu.net\/wordpress\/wp-content\/uploads\/2018\/09\/appuntamenti.jpeg?resize=768%2C96&amp;ssl=1 768w\" alt=\"\" width=\"800\" height=\"100\" \/>\u00a0<\/a><\/h3>\n<blockquote>\n<h2>A Pian Longhi in Nevegal questas sera \u201cDuo tributo a Vasco\u201d dalle 21, domani dalle 18 musica live e domenica dalle 18 aperitivo elegante con la musica di Gigi Dj<\/h2>\n<\/blockquote>\n<p>&nbsp;<\/p>\n<hr \/>\n<p>&nbsp;<\/p>\n<blockquote>\n<h3>SAN JACO A LIVINALLONGO<\/h3>\n<\/blockquote>\n<p><strong>LIVINALLONGO<\/strong> Sagra patronale di Pieve di Livinallongo in forma ridotta per covid. Oggi al posto del tendone\u00a0 stand gastronomico, con possibilit\u00e0 di asporto, che sar\u00e0 aperto questa sera dalle 17,\u00a0 anche domani per tutta la giornata, sempre per domani messa solenne nella chiesa parrocchiale con la premiazione deglisposi che quest&#8217;anno festeggiano rispettivamente i 25, 40, 40, 50 e 60 anni di matrimonio. Annullata la storica pesca di beneficienza, ci sar\u00e0 comunque spazio per un angolo dedicato alla solidariet\u00e0 con il Gruppo Insieme si Pu\u00f2 Fodom. Alle 9.30 la\u00a0 Vertikal &#8211; Col de Lana, gara di corsa in montagna. Confermata anche la &#8220;Mini Vertikal, dedicata ai pi\u00f9 piccoli<\/p>\n<p>&nbsp;<\/p>\n<hr \/>\n<blockquote>\n<h3>IN VIA RIVIDELA CON L&#8217;HOCKEY CLUB CANALE<\/h3>\n<\/blockquote>\n<p><strong>CANALE D&#8217;AGORDO<\/strong> Oggi festa de Rividela, le galline del Canale servono il pollo fritto. Alle 16 giochi e merenda per ragazzi, 19 degustazione prodotti fatti in casa, pollo fritto con salse, frittelle di mele ed altre delizie. Mini spettacolo pirotecnico<\/p>\n<p>&nbsp;<\/p>\n<hr \/>\n<h3><\/h3>\n<blockquote>\n<h3>ARMADIO DELLE STORIE A COLORI<\/h3>\n<\/blockquote>\n<p><strong>FALCADE<\/strong> Martedi alle 20.30 sotto il tendone sulla piana di Falcade Armadio delle storie a colori sotto le stelle: letture animate scelte e interpretate da Simone Carnielli. Organizza la proloco di Caviola e la Biblioteca Comunale di Falcade.<\/p>\n<p>&nbsp;<\/p>\n<hr \/>\n<p>&nbsp;<\/p>\n<blockquote>\n<h3>SILVIA TESSARI IN CONCERTO<\/h3>\n<\/blockquote>\n<p><strong>FALCADE<\/strong> Il 12 agosto alle 21 alla casa della giovent\u00f9 di Caviola &#8220;Inno alla gioia&#8221;, concerto della pianista Silvia Tessari. Prenotazione obbligatoria via telefono (anche messaggio) al 347 8870898. In caso di raggiungimento del numero massimo consentito sar\u00e0 previsto un secondo concerto per lo stesso giorno alle 18.<\/p>\n<p>&nbsp;<\/p>\n<hr \/>\n<blockquote>\n<h3><\/h3>\n<h3>NEOWISE LA GRANDE COMETA DEL 2020<\/h3>\n<\/blockquote>\n<p><strong>CENCENIGHE<\/strong> Venerdi 7 agosto alle 20.30 nella sala culturale del Municipio conferenza con audiovisivi di Claudio Pra, organizza la Biblioteca Comunale, Proloco, Comune di Cencenighe.<\/p>\n<p>&nbsp;<\/p>\n<hr \/>\n<blockquote>\n<h3 class=\"photoswipe-wrapper\">IL RITORNO DEL CIRCO PATUF SUL BROI DI AGORDO CON LA COLLABORZIONE DI AD AGORDO PROLOCO<\/h3>\n<\/blockquote>\n<p><strong>AGORDO<\/strong> Dal 31 luglio al 9 agosto il circo Patuf sar\u00e0 sul Broi con il nuovo spettacolo \u201cVolta Pagina\u201d. Gli spettacoli sono previsti tutte le sere alle ore 21, dal 31 luglio al 9 agosto. Quest\u2019anno la prenotazione \u00e8 obbligatoria al numero 3927342915\u201d.<\/p>\n<p>&nbsp;<\/p>\n<hr \/>\n<p>&nbsp;<\/p>\n<p align=\"CENTER\"><b>ECCO DI NUOVO I MERCATINI DELL\u2019ANTIQUARIATO, HOBBISTICA E COLLEZIONISMO<\/b><\/p>\n<p align=\"JUSTIFY\"><strong class=\"photoswipe-wrapper\"><a class=\"dt-pswp-item pspw-wrap-ready\" href=\"https:\/\/i1.wp.com\/www.radiopiu.net\/wordpress\/wp-content\/uploads\/2020\/07\/AGORDO-3-agosto-2.jpg?ssl=1\" data-dt-img-description=\"\" data-large_image_width=\"1024\" data-large_image_height=\"680\"><img loading=\"lazy\" decoding=\"async\" class=\" wp-image-150935 alignleft\" src=\"https:\/\/i1.wp.com\/www.radiopiu.net\/wordpress\/wp-content\/uploads\/2020\/07\/AGORDO-3-agosto-2.jpg?resize=226%2C150&amp;ssl=1\" sizes=\"auto, (max-width: 226px) 100vw, 226px\" srcset=\"https:\/\/i1.wp.com\/www.radiopiu.net\/wordpress\/wp-content\/uploads\/2020\/07\/AGORDO-3-agosto-2.jpg?resize=300%2C199&amp;ssl=1 300w, https:\/\/i1.wp.com\/www.radiopiu.net\/wordpress\/wp-content\/uploads\/2020\/07\/AGORDO-3-agosto-2.jpg?resize=768%2C510&amp;ssl=1 768w, https:\/\/i1.wp.com\/www.radiopiu.net\/wordpress\/wp-content\/uploads\/2020\/07\/AGORDO-3-agosto-2.jpg?w=1024&amp;ssl=1 1024w\" alt=\"\" width=\"136\" height=\"90\" \/><\/a>AGORDINO<\/strong> In collaborazione con \u201cAd Agordo Pro Loco\u201d, il via sar\u00e0 dato domani nel capoluogo di vallata, dove sono previsti oltre una 40.na di espositori. Seguiranno altri appuntamenti in agosto a Cencenighe, Canale d\u2019Agordo, Caprile di Alleghe e Rocca Pietore: altre notizie su <u>mercatinidelledolomitiagordine<\/u>.<\/p>\n<p>&nbsp;<\/p>\n<p>&nbsp;<\/p>\n<hr \/>\n<blockquote>\n<h2><\/h2>\n<\/blockquote>\n<div class=\"page\" title=\"Page 1\">\n<div class=\"layoutArea\">\n<div class=\"column\">\n<blockquote>\n<h3>CANALE D\u2019AGORDO- MERCATINI ESTIVI 2020<\/h3>\n<\/blockquote>\n<p><strong class=\"photoswipe-wrapper\"><a class=\"dt-pswp-item pspw-wrap-ready\" href=\"https:\/\/i0.wp.com\/www.radiopiu.net\/wordpress\/wp-content\/uploads\/2020\/07\/tipici2.jpg?ssl=1\" data-dt-img-description=\"\" data-large_image_width=\"1250\" data-large_image_height=\"938\"><img loading=\"lazy\" decoding=\"async\" class=\" wp-image-150906 alignleft\" src=\"https:\/\/i0.wp.com\/www.radiopiu.net\/wordpress\/wp-content\/uploads\/2020\/07\/tipici2.jpg?resize=300%2C225&amp;ssl=1\" sizes=\"auto, (max-width: 300px) 100vw, 300px\" srcset=\"https:\/\/i0.wp.com\/www.radiopiu.net\/wordpress\/wp-content\/uploads\/2020\/07\/tipici2.jpg?resize=300%2C225&amp;ssl=1 300w, https:\/\/i0.wp.com\/www.radiopiu.net\/wordpress\/wp-content\/uploads\/2020\/07\/tipici2.jpg?resize=1024%2C768&amp;ssl=1 1024w, https:\/\/i0.wp.com\/www.radiopiu.net\/wordpress\/wp-content\/uploads\/2020\/07\/tipici2.jpg?resize=768%2C576&amp;ssl=1 768w, https:\/\/i0.wp.com\/www.radiopiu.net\/wordpress\/wp-content\/uploads\/2020\/07\/tipici2.jpg?w=1250&amp;ssl=1 1250w\" alt=\"\" width=\"152\" height=\"114\" \/><\/a>CANALE D\u2019AGORDO<\/strong> Ecco le date in programma: domani,\u00a0 1 e 22 agosto (hobbistica ed artigianato); 9 e 16 agosto (antiquariato e collezionismo); 19 agosto (prodotti tipici). I mercatini si svolgeranno dalle\u00a0 8 alle 18<\/p>\n<p>&nbsp;<\/p>\n<\/div>\n<p>&nbsp;<\/p>\n<\/div>\n<\/div>\n<p>&nbsp;<\/p>\n<hr \/>\n<p>&nbsp;<\/p>\n<blockquote>\n<h3>MERCOLEDI E VENERDI\u00a0 CON LA FONDAZIONE PAPA LUCIANI<\/h3>\n<\/blockquote>\n<p><strong>CANALE D&#8217;AGORDO<\/strong> Tutti i mercoled\u00ec e i venerd\u00ec\u00a0 del mese di agosto alle\u00a0 10.30 passeggiata con visita guidata del centro storico di Canale d&#8217;Agordo. Dal Museo Albino Luciani con\u00a0 la storia della piazza della Pieve e della chiesa arcipretale di San Giovanni Battista, passando lungo le vie del paese alla scoperta degli affreschi caratteristici che adornano le facciate delle abitazioni del centro storico e dei fienili tipici locali. Visita al Giardino della Memoria, antica Casa delle Regole della Valle del Biois del 1640, Prima Latteria Cooperativa d&#8217;Italia per e Casa natale di Papa Luciani.\u00a0 E&#8217;obbligatoria la prenotazione allo 0437 1948001 oppure info@fondazionepapaluciani.com. Il costo del biglietto \u00e8 di \u20ac 3,00 a persona.<\/p>\n<p>&nbsp;<\/p>\n<p>&nbsp;<\/p>\n<div class=\"page\" title=\"Page 1\">\n<div class=\"layoutArea\">\n<div class=\"column\">\n<hr \/>\n<p>&nbsp;<\/p>\n<\/div>\n<\/div>\n<\/div>\n<blockquote>\n<h3>CINEMA SOTTO LE STELLE A SEDICO, MA NON SOLO CINEMA.<\/h3>\n<\/blockquote>\n<p class=\"photoswipe-wrapper\"><a class=\"dt-pswp-item pspw-wrap-ready\" href=\"https:\/\/i1.wp.com\/www.radiopiu.net\/wordpress\/wp-content\/uploads\/2020\/07\/CINEMA-SOTTO-LE-STELLE-SEDICO.jpg?ssl=1\" data-dt-img-description=\"\" data-large_image_width=\"1141\" data-large_image_height=\"1600\"><img loading=\"lazy\" decoding=\"async\" class=\" wp-image-150537 alignleft\" src=\"https:\/\/i1.wp.com\/www.radiopiu.net\/wordpress\/wp-content\/uploads\/2020\/07\/CINEMA-SOTTO-LE-STELLE-SEDICO.jpg?resize=157%2C220&amp;ssl=1\" sizes=\"auto, (max-width: 157px) 100vw, 157px\" srcset=\"https:\/\/i1.wp.com\/www.radiopiu.net\/wordpress\/wp-content\/uploads\/2020\/07\/CINEMA-SOTTO-LE-STELLE-SEDICO.jpg?resize=214%2C300&amp;ssl=1 214w, https:\/\/i1.wp.com\/www.radiopiu.net\/wordpress\/wp-content\/uploads\/2020\/07\/CINEMA-SOTTO-LE-STELLE-SEDICO.jpg?resize=730%2C1024&amp;ssl=1 730w, https:\/\/i1.wp.com\/www.radiopiu.net\/wordpress\/wp-content\/uploads\/2020\/07\/CINEMA-SOTTO-LE-STELLE-SEDICO.jpg?resize=768%2C1077&amp;ssl=1 768w, https:\/\/i1.wp.com\/www.radiopiu.net\/wordpress\/wp-content\/uploads\/2020\/07\/CINEMA-SOTTO-LE-STELLE-SEDICO.jpg?resize=1095%2C1536&amp;ssl=1 1095w, https:\/\/i1.wp.com\/www.radiopiu.net\/wordpress\/wp-content\/uploads\/2020\/07\/CINEMA-SOTTO-LE-STELLE-SEDICO.jpg?w=1141&amp;ssl=1 1141w\" alt=\"\" width=\"157\" height=\"220\" data-recalc-dims=\"1\" \/><\/a>Con la Proloco di Sedico, i mercoled\u00ec sera a Villa Patt di Sedico.\u00a0 Per chi lo desidera c\u2019\u00e8 la possibilit\u00e0 di prenotare i biglietti online, al proposito riportiamo i link della varie serate, ingresso 5 euro adulti, 2 euro bambini con chiosco, pop corn e patatine. Mercoledi 29 luglio premiazione dei volontari partecipanti al progetto Pedibus del Comune di Sedico e Ulss1 con la collaborazione del comprensivo di Sedico e della Proloco. Domenica 2 agosto presentazione dei libri dell\u2019associazione Feudo Mel: Saluti da Mel di Paolo Brunella-Dario Tonet e Ogni Maledetto Museo di Michele Da Rold. Nel corso della presentazione consegna della borsa di merito Beniamino Triches agli studenti universitari con l\u2019amministrazione comunale.<\/p>\n<p><strong>29\/07\/2020 WONDERPARK,<\/strong>\u00a0una ragazza con una grande immagnazione da una scoperta incredibile, un parco divertimenti con giostre e animali amanti del divertimento, giungono i guai ed inizia il viaggio indimenticabile:\u00a0<a href=\"https:\/\/docs.google.com\/forms\/d\/e\/1FAIpQLScwhV2I9tHwC7s9XA0LqLJYE7BdPopwbXEW4lJ9QAesAdlwYA\/viewform\">CLICCA QUI<\/a><\/p>\n<p><strong>05\/08\/2020 LA PELLE DELL\u2019ORSO<\/strong>\u00a0Anni 50 domenico vive nelle Dolomiti, il padre consumato dal vino e dalla solitudine si mette sulle tracce dell\u2019orso che minaccia la tranquillit\u00e0 della valle, padre e figlio si immergono nei boschi sempre pi\u00f9 a fondo:\u00a0<a href=\"https:\/\/docs.google.com\/forms\/d\/e\/1FAIpQLSdlVyzeY3aBwq0XTiPi4LajY2jIdzDsRvaDIq7zSKIEWT8obA\/viewform\">CLICCA QUI<\/a><\/p>\n<p><strong>12\/08\/2020 BIANCO COME IL NERO \u2013 L\u2019AURORA<\/strong>\u00a0doppio appuntamento nel primo lo scenario della Grande Guerra durante il 1917 (l\u2019an de la fam) la gente di montagna cerca di resistere alla tragedia con l\u2019aiuto dei frati della certosa. In l\u2019Aurora una donna bella fuori ma malinconica dentro che si chiude in un mondo di immersioni in apnea e creazioni sartoriali nel laboratorio dove lavora:<a href=\"https:\/\/docs.google.com\/forms\/d\/e\/1FAIpQLSdXMb0Hr099eyzGSoVYTl8WpsZW3TKfCQXQAcF__f3NRouX5Q\/viewform\">\u00a0CLICCA QUI<\/a><\/p>\n<p><strong>19\/08\/2020 ROCKETMAN<\/strong>\u00a0Un timido pianista di provincia costruisce la propria carriera e il proprio personaggio fino a divenire una delle pi\u00f9 note stelle della musica internazionale. Lui \u00e8 Reginald Dwight ovvero Elton John\u00a0<a href=\"https:\/\/docs.google.com\/forms\/d\/e\/1FAIpQLSf32PztPJJRQslTRKR5qlhJRoHr-LQLsAXpTy6U6XSL_Ykf-A\/viewform\">CLICCA QUI<\/a><\/p>\n<p>&nbsp;<\/p>\n<hr \/>\n<p>&nbsp;<\/p>\n<blockquote>\n<h3>DOPO IL LOCKDOWN, NEL SEGNO DELLA CULTURA<\/h3>\n<\/blockquote>\n<p><strong class=\"photoswipe-wrapper\">SOSPIROLO<\/strong> Oggi a Gron presso il Cortile Mazzoncini alle ore 20.45, si terr\u00e0 \u201cOperetta e Frou-Frou celebri arie da operetta e famose danze viennesi\u201d con la Salon Orchestra Do<i>La<\/i>MiTi diretta dal maestro Matteo Andri con la partecipazione del soprano Paola Crema.<\/p>\n<p>&nbsp;<\/p>\n<p>&nbsp;<\/p>\n<hr \/>\n<blockquote>\n<h3>EL CANAL DE AGORDO<\/h3>\n<\/blockquote>\n<p><strong>AGORDO<\/strong>\u00a0Scavare nel passato, storia ed archeologia da San Gottardo a Pont del Cristo. La mostra \u00e8 allestita al Museo mineralogico e paleontologico di via 5 maggio con ingresso libero. Fino al 6 settembre il venerdi, sabato e domenica dalle 10 alle 12.30 e dalle 16 alle 19. Info: archeoagordo.arca@gmail.com<\/p>\n<p>&nbsp;<\/p>\n<hr \/>\n<p>&nbsp;<\/p>\n<blockquote>\n<h2 class=\"tw-data-text tw-text-large XcVN5d tw-ta\" dir=\"ltr\" data-placeholder=\"Traduzione\"><span lang=\"en\">appointments recommended by radio pi\u00f9<\/span><\/h2>\n<\/blockquote>\n\n\t\t\t<style type='text\/css'>\n\t\t\t\t#gallery-3 {\n\t\t\t\t\tmargin: auto;\n\t\t\t\t}\n\t\t\t\t#gallery-3 .gallery-item {\n\t\t\t\t\tfloat: left;\n\t\t\t\t\tmargin-top: 10px;\n\t\t\t\t\ttext-align: center;\n\t\t\t\t\twidth: 25%;\n\t\t\t\t}\n\t\t\t\t#gallery-3 img {\n\t\t\t\t\tborder: 2px solid #cfcfcf;\n\t\t\t\t}\n\t\t\t\t#gallery-3 .gallery-caption {\n\t\t\t\t\tmargin-left: 0;\n\t\t\t\t}\n\t\t\t\t\/* see gallery_shortcode() in wp-includes\/media.php *\/\n\t\t\t<\/style>\n\t\t<div id='gallery-3' class='dt-gallery-container gallery galleryid-151122 gallery-columns-4 gallery-size-thumbnail'><dl class='gallery-item'>\n\t\t\t\t<dt class='gallery-icon portrait'>\n\t\t\t\t\t<a class=\"rollover rollover-zoom dt-pswp-item\" title=\"82799889_285851282792527_7947034300049837793_n\" data-dt-img-description=\"\" data-large_image_width=\"678\" data-large_image_height=\"960\"href='https:\/\/www.radiopiu.net\/wordpress\/wp-content\/uploads\/2020\/07\/82799889_285851282792527_7947034300049837793_n.jpg'><img loading=\"lazy\" decoding=\"async\" width=\"150\" height=\"150\" src=\"https:\/\/www.radiopiu.net\/wordpress\/wp-content\/uploads\/2020\/07\/82799889_285851282792527_7947034300049837793_n-150x150.jpg\" class=\"attachment-thumbnail size-thumbnail\" alt=\"\" \/><\/a>\n\t\t\t\t<\/dt><\/dl><dl class='gallery-item'>\n\t\t\t\t<dt class='gallery-icon landscape'>\n\t\t\t\t\t<a class=\"rollover rollover-zoom dt-pswp-item\" title=\"987da034-0d4d-4831-a578-694c73f67a5b\" data-dt-img-description=\"\" data-large_image_width=\"1600\" data-large_image_height=\"1600\"href='https:\/\/www.radiopiu.net\/wordpress\/wp-content\/uploads\/2020\/07\/987da034-0d4d-4831-a578-694c73f67a5b.jpg'><img loading=\"lazy\" decoding=\"async\" width=\"150\" height=\"150\" src=\"https:\/\/www.radiopiu.net\/wordpress\/wp-content\/uploads\/2020\/07\/987da034-0d4d-4831-a578-694c73f67a5b-150x150.jpg\" class=\"attachment-thumbnail size-thumbnail\" alt=\"\" srcset=\"https:\/\/www.radiopiu.net\/wordpress\/wp-content\/uploads\/2020\/07\/987da034-0d4d-4831-a578-694c73f67a5b-150x150.jpg 150w, https:\/\/www.radiopiu.net\/wordpress\/wp-content\/uploads\/2020\/07\/987da034-0d4d-4831-a578-694c73f67a5b-300x300.jpg 300w, https:\/\/www.radiopiu.net\/wordpress\/wp-content\/uploads\/2020\/07\/987da034-0d4d-4831-a578-694c73f67a5b-1024x1024.jpg 1024w, https:\/\/www.radiopiu.net\/wordpress\/wp-content\/uploads\/2020\/07\/987da034-0d4d-4831-a578-694c73f67a5b-768x768.jpg 768w, https:\/\/www.radiopiu.net\/wordpress\/wp-content\/uploads\/2020\/07\/987da034-0d4d-4831-a578-694c73f67a5b-1536x1536.jpg 1536w, https:\/\/www.radiopiu.net\/wordpress\/wp-content\/uploads\/2020\/07\/987da034-0d4d-4831-a578-694c73f67a5b.jpg 1600w\" sizes=\"auto, (max-width: 150px) 100vw, 150px\" \/><\/a>\n\t\t\t\t<\/dt><\/dl><dl class='gallery-item'>\n\t\t\t\t<dt class='gallery-icon portrait'>\n\t\t\t\t\t<a class=\"rollover rollover-zoom dt-pswp-item\" title=\"fb0f2285-210f-4bba-8573-b8ff07a91fa8\" data-dt-img-description=\"\" data-large_image_width=\"726\" data-large_image_height=\"1024\"href='https:\/\/www.radiopiu.net\/wordpress\/wp-content\/uploads\/2020\/07\/fb0f2285-210f-4bba-8573-b8ff07a91fa8.jpg'><img loading=\"lazy\" decoding=\"async\" width=\"150\" height=\"150\" src=\"https:\/\/www.radiopiu.net\/wordpress\/wp-content\/uploads\/2020\/07\/fb0f2285-210f-4bba-8573-b8ff07a91fa8-150x150.jpg\" class=\"attachment-thumbnail size-thumbnail\" alt=\"\" \/><\/a>\n\t\t\t\t<\/dt><\/dl><dl class='gallery-item'>\n\t\t\t\t<dt class='gallery-icon portrait'>\n\t\t\t\t\t<a class=\"rollover rollover-zoom dt-pswp-item\" title=\"446199a0-ccb6-4daa-88f9-ee34f5a4944a\" data-dt-img-description=\"\" data-large_image_width=\"1080\" data-large_image_height=\"1350\"href='https:\/\/www.radiopiu.net\/wordpress\/wp-content\/uploads\/2020\/07\/446199a0-ccb6-4daa-88f9-ee34f5a4944a.jpg'><img loading=\"lazy\" decoding=\"async\" width=\"150\" height=\"150\" src=\"https:\/\/www.radiopiu.net\/wordpress\/wp-content\/uploads\/2020\/07\/446199a0-ccb6-4daa-88f9-ee34f5a4944a-150x150.jpg\" class=\"attachment-thumbnail size-thumbnail\" alt=\"\" \/><\/a>\n\t\t\t\t<\/dt><\/dl><br style=\"clear: both\" \/><dl class='gallery-item'>\n\t\t\t\t<dt class='gallery-icon portrait'>\n\t\t\t\t\t<a class=\"rollover rollover-zoom dt-pswp-item\" title=\"8decb5e4-5a09-4396-8808-991f536b16f0\" data-dt-img-description=\"\" data-large_image_width=\"1130\" data-large_image_height=\"1600\"href='https:\/\/www.radiopiu.net\/wordpress\/wp-content\/uploads\/2020\/07\/8decb5e4-5a09-4396-8808-991f536b16f0.jpg'><img loading=\"lazy\" decoding=\"async\" width=\"150\" height=\"150\" src=\"https:\/\/www.radiopiu.net\/wordpress\/wp-content\/uploads\/2020\/07\/8decb5e4-5a09-4396-8808-991f536b16f0-150x150.jpg\" class=\"attachment-thumbnail size-thumbnail\" alt=\"\" \/><\/a>\n\t\t\t\t<\/dt><\/dl><dl class='gallery-item'>\n\t\t\t\t<dt class='gallery-icon portrait'>\n\t\t\t\t\t<a class=\"rollover rollover-zoom dt-pswp-item\" title=\"LOCANDINA MOSTRA ARCA 2019 Patrocinio\" data-dt-img-description=\"\" data-large_image_width=\"1810\" data-large_image_height=\"2560\"href='https:\/\/www.radiopiu.net\/wordpress\/wp-content\/uploads\/2020\/07\/LOCANDINA-MOSTRA-ARCA-2020-scaled.jpg'><img loading=\"lazy\" decoding=\"async\" width=\"150\" height=\"150\" src=\"https:\/\/www.radiopiu.net\/wordpress\/wp-content\/uploads\/2020\/07\/LOCANDINA-MOSTRA-ARCA-2020-150x150.jpg\" class=\"attachment-thumbnail size-thumbnail\" alt=\"\" \/><\/a>\n\t\t\t\t<\/dt><\/dl><dl class='gallery-item'>\n\t\t\t\t<dt class='gallery-icon portrait'>\n\t\t\t\t\t<a class=\"rollover rollover-zoom dt-pswp-item\" title=\"0995c87e-41e6-46f0-81e9-380485c41502\" data-dt-img-description=\"\" data-large_image_width=\"1447\" data-large_image_height=\"2048\"href='https:\/\/www.radiopiu.net\/wordpress\/wp-content\/uploads\/2020\/07\/0995c87e-41e6-46f0-81e9-380485c41502.jpg'><img loading=\"lazy\" decoding=\"async\" width=\"150\" height=\"150\" src=\"https:\/\/www.radiopiu.net\/wordpress\/wp-content\/uploads\/2020\/07\/0995c87e-41e6-46f0-81e9-380485c41502-150x150.jpg\" class=\"attachment-thumbnail size-thumbnail\" alt=\"\" \/><\/a>\n\t\t\t\t<\/dt><\/dl><dl class='gallery-item'>\n\t\t\t\t<dt class='gallery-icon portrait'>\n\t\t\t\t\t<a class=\"rollover rollover-zoom dt-pswp-item\" title=\"4dd872a2-f52d-4a12-9746-816401dfe394\" data-dt-img-description=\"\" data-large_image_width=\"1131\" data-large_image_height=\"1600\"href='https:\/\/www.radiopiu.net\/wordpress\/wp-content\/uploads\/2020\/07\/4dd872a2-f52d-4a12-9746-816401dfe394.jpg'><img loading=\"lazy\" decoding=\"async\" width=\"150\" height=\"150\" src=\"https:\/\/www.radiopiu.net\/wordpress\/wp-content\/uploads\/2020\/07\/4dd872a2-f52d-4a12-9746-816401dfe394-150x150.jpg\" class=\"attachment-thumbnail size-thumbnail\" alt=\"\" \/><\/a>\n\t\t\t\t<\/dt><\/dl><br style=\"clear: both\" \/><dl class='gallery-item'>\n\t\t\t\t<dt class='gallery-icon portrait'>\n\t\t\t\t\t<a class=\"rollover rollover-zoom dt-pswp-item\" title=\"Locandina eventi 1 (1)\" data-dt-img-description=\"\" data-large_image_width=\"1414\" data-large_image_height=\"2000\"href='https:\/\/www.radiopiu.net\/wordpress\/wp-content\/uploads\/2020\/07\/Locandina-eventi-1-1.png'><img loading=\"lazy\" decoding=\"async\" width=\"150\" height=\"150\" src=\"https:\/\/www.radiopiu.net\/wordpress\/wp-content\/uploads\/2020\/07\/Locandina-eventi-1-1-150x150.png\" class=\"attachment-thumbnail size-thumbnail\" alt=\"\" \/><\/a>\n\t\t\t\t<\/dt><\/dl><dl class='gallery-item'>\n\t\t\t\t<dt class='gallery-icon portrait'>\n\t\t\t\t\t<a class=\"rollover rollover-zoom dt-pswp-item\" title=\"Gli antichi mestieri\" data-dt-img-description=\"\" data-large_image_width=\"1240\" data-large_image_height=\"1753\"href='https:\/\/www.radiopiu.net\/wordpress\/wp-content\/uploads\/2020\/07\/Gli-antichi-mestieri.jpg'><img loading=\"lazy\" decoding=\"async\" width=\"150\" height=\"150\" src=\"https:\/\/www.radiopiu.net\/wordpress\/wp-content\/uploads\/2020\/07\/Gli-antichi-mestieri-150x150.jpg\" class=\"attachment-thumbnail size-thumbnail\" alt=\"\" \/><\/a>\n\t\t\t\t<\/dt><\/dl><dl class='gallery-item'>\n\t\t\t\t<dt class='gallery-icon portrait'>\n\t\t\t\t\t<a class=\"rollover rollover-zoom dt-pswp-item\" title=\"letture animate 28-7 stampa\" data-dt-img-description=\"\" data-large_image_width=\"1921\" data-large_image_height=\"2560\"href='https:\/\/www.radiopiu.net\/wordpress\/wp-content\/uploads\/2020\/07\/letture-animate-28-7-stampa-scaled.jpg'><img loading=\"lazy\" decoding=\"async\" width=\"150\" height=\"150\" src=\"https:\/\/www.radiopiu.net\/wordpress\/wp-content\/uploads\/2020\/07\/letture-animate-28-7-stampa-150x150.jpg\" class=\"attachment-thumbnail size-thumbnail\" alt=\"\" \/><\/a>\n\t\t\t\t<\/dt><\/dl><dl class='gallery-item'>\n\t\t\t\t<dt class='gallery-icon portrait'>\n\t\t\t\t\t<a class=\"rollover rollover-zoom dt-pswp-item\" title=\"concerto Tessari\" data-dt-img-description=\"\" data-large_image_width=\"1239\" data-large_image_height=\"1754\"href='https:\/\/www.radiopiu.net\/wordpress\/wp-content\/uploads\/2020\/07\/concerto-Tessari.jpg'><img loading=\"lazy\" decoding=\"async\" width=\"150\" height=\"150\" src=\"https:\/\/www.radiopiu.net\/wordpress\/wp-content\/uploads\/2020\/07\/concerto-Tessari-150x150.jpg\" class=\"attachment-thumbnail size-thumbnail\" alt=\"\" \/><\/a>\n\t\t\t\t<\/dt><\/dl><br style=\"clear: both\" \/><dl class='gallery-item'>\n\t\t\t\t<dt class='gallery-icon portrait'>\n\t\t\t\t\t<a class=\"rollover rollover-zoom dt-pswp-item\" title=\"ALLA SCOPERTA DI CANALE\" data-dt-img-description=\"\" data-large_image_width=\"620\" data-large_image_height=\"873\"href='https:\/\/www.radiopiu.net\/wordpress\/wp-content\/uploads\/2020\/07\/ALLA-SCOPERTA-DI-CANALE-.jpg'><img loading=\"lazy\" decoding=\"async\" width=\"150\" height=\"150\" src=\"https:\/\/www.radiopiu.net\/wordpress\/wp-content\/uploads\/2020\/07\/ALLA-SCOPERTA-DI-CANALE--150x150.jpg\" class=\"attachment-thumbnail size-thumbnail\" alt=\"\" \/><\/a>\n\t\t\t\t<\/dt><\/dl><dl class='gallery-item'>\n\t\t\t\t<dt class='gallery-icon portrait'>\n\t\t\t\t\t<a class=\"rollover rollover-zoom dt-pswp-item\" title=\"riviiiiiiidellllla2020\" data-dt-img-description=\"\" data-large_image_width=\"1754\" data-large_image_height=\"2480\"href='https:\/\/www.radiopiu.net\/wordpress\/wp-content\/uploads\/2020\/07\/riviiiiiiidellllla2020.jpg'><img loading=\"lazy\" decoding=\"async\" width=\"150\" height=\"150\" src=\"https:\/\/www.radiopiu.net\/wordpress\/wp-content\/uploads\/2020\/07\/riviiiiiiidellllla2020-150x150.jpg\" class=\"attachment-thumbnail size-thumbnail\" alt=\"\" \/><\/a>\n\t\t\t\t<\/dt><\/dl>\n\t\t\t\t<br style='clear: both' \/>\n\t\t\t<\/div>\n\n<p>&nbsp;<\/p>\n<hr \/>\n<p>&nbsp;<\/p>\n<p>&nbsp;<\/p>\n<h2>IERI ALLA RADIO<\/h2>\n<h2><strong><a class=\"dt-pswp-item\" href=\"https:\/\/www.radiopiu.net\/wordpress\/wp-content\/uploads\/2019\/03\/AndreaFontana.jpg\" data-dt-img-description=\"\" data-large_image_width=\"960\" data-large_image_height=\"959\"><img loading=\"lazy\" decoding=\"async\" class=\"size-medium wp-image-79158 alignleft\" src=\"https:\/\/www.radiopiu.net\/wordpress\/wp-content\/uploads\/2019\/03\/AndreaFontana-300x300.jpg\" alt=\"\" width=\"300\" height=\"300\" srcset=\"https:\/\/www.radiopiu.net\/wordpress\/wp-content\/uploads\/2019\/03\/AndreaFontana-300x300.jpg 300w, https:\/\/www.radiopiu.net\/wordpress\/wp-content\/uploads\/2019\/03\/AndreaFontana-150x150.jpg 150w, https:\/\/www.radiopiu.net\/wordpress\/wp-content\/uploads\/2019\/03\/AndreaFontana-768x767.jpg 768w, https:\/\/www.radiopiu.net\/wordpress\/wp-content\/uploads\/2019\/03\/AndreaFontana.jpg 960w\" sizes=\"auto, (max-width: 300px) 100vw, 300px\" \/><\/a><span style=\"color: #ff6600;\">ANDREA FONTANA E IL SOGNO DELLA 24 ORE DI LE MANS<\/span><\/strong><\/h2>\n<p><strong>DALLA FABBRICA DELLE EMOZIONI IN COLLABORAZIONE CON GIORNALE &amp; CAFFE\u2019 DERSUT DI TAIBON AGORDINO\u00a0<\/strong><\/p>\n<p>di Claudio Fontanive<\/p>\n<audio class=\"wp-audio-shortcode\" id=\"audio-151122-13\" preload=\"none\" style=\"width: 100%;\" controls=\"controls\"><source type=\"audio\/mpeg\" src=\"https:\/\/www.radiopiu.net\/wordpress\/wp-content\/uploads\/2020\/07\/andrea-fontana-24-luglio.mp3?_=13\" \/><a href=\"https:\/\/www.radiopiu.net\/wordpress\/wp-content\/uploads\/2020\/07\/andrea-fontana-24-luglio.mp3\">https:\/\/www.radiopiu.net\/wordpress\/wp-content\/uploads\/2020\/07\/andrea-fontana-24-luglio.mp3<\/a><\/audio>\n<p>&nbsp;<\/p>\n<hr \/>\n<p>&nbsp;<\/p>\n<h2><span style=\"color: #ff0000;\">DUE MINUTI UN LIBRO\u00a0<\/span><\/h2>\n<blockquote class=\"wp-embedded-content\" data-secret=\"RPoXuOZOiu\"><p><a href=\"https:\/\/www.radiopiu.net\/wordpress\/il-gatto-che-aggiustava-i-cuori-2\/\">IL GATTO CHE AGGIUSTAVA I CUORI<\/a><\/p><\/blockquote>\n<p><iframe loading=\"lazy\" class=\"wp-embedded-content\" sandbox=\"allow-scripts\" security=\"restricted\" style=\"position: absolute; clip: rect(1px, 1px, 1px, 1px);\" title=\"&#8220;IL GATTO CHE AGGIUSTAVA I CUORI&#8221; &#8212; Radio Pi\u00f9\" src=\"https:\/\/www.radiopiu.net\/wordpress\/il-gatto-che-aggiustava-i-cuori-2\/embed\/#?secret=RPoXuOZOiu\" data-secret=\"RPoXuOZOiu\" width=\"600\" height=\"338\" frameborder=\"0\" marginwidth=\"0\" marginheight=\"0\" scrolling=\"no\"><\/iframe><\/p>\n<p><strong>LE ALTRE PUNTATE<\/strong><\/p>\n<blockquote class=\"wp-embedded-content\" data-secret=\"pgfAuxQGPP\"><p><a href=\"https:\/\/www.radiopiu.net\/wordpress\/due-minuti-un-libro\/\">Due minuti un libro<\/a><\/p><\/blockquote>\n<p><iframe loading=\"lazy\" class=\"wp-embedded-content\" sandbox=\"allow-scripts\" security=\"restricted\" style=\"position: absolute; clip: rect(1px, 1px, 1px, 1px);\" title=\"&#8220;Due minuti un libro&#8221; &#8212; Radio Pi\u00f9\" src=\"https:\/\/www.radiopiu.net\/wordpress\/due-minuti-un-libro\/embed\/#?secret=pgfAuxQGPP\" data-secret=\"pgfAuxQGPP\" width=\"600\" height=\"338\" frameborder=\"0\" marginwidth=\"0\" marginheight=\"0\" scrolling=\"no\"><\/iframe><\/p>\n<p>&nbsp;<\/p>\n<p>&nbsp;<\/p>\n<hr \/>\n<p>&nbsp;<\/p>\n<h2><span style=\"color: #3366ff;\">IL MESSAGGIO DEI SACERDOTI A RADIO PIU&#8217;<\/span><\/h2>\n<blockquote class=\"wp-embedded-content\" data-secret=\"ZOggufw9lu\"><p><a href=\"https:\/\/www.radiopiu.net\/wordpress\/chiesa11\/\">DON CESARE SU RADIO PIU&#8217; ALLE 7.30 E 19.30, PARROCCHIE DI AGORDO, LA VALLE E TAIBON<\/a><\/p><\/blockquote>\n<p><iframe loading=\"lazy\" class=\"wp-embedded-content\" sandbox=\"allow-scripts\" security=\"restricted\" style=\"position: absolute; clip: rect(1px, 1px, 1px, 1px);\" title=\"&#8220;DON CESARE SU RADIO PIU&#8217; ALLE 7.30 E 19.30, PARROCCHIE DI AGORDO, LA VALLE E TAIBON&#8221; &#8212; Radio Pi\u00f9\" src=\"https:\/\/www.radiopiu.net\/wordpress\/chiesa11\/embed\/#?secret=ZOggufw9lu\" data-secret=\"ZOggufw9lu\" width=\"600\" height=\"338\" frameborder=\"0\" marginwidth=\"0\" marginheight=\"0\" scrolling=\"no\"><\/iframe><\/p>\n<p>&nbsp;<\/p>\n<p>&nbsp;<\/p>\n<hr \/>\n<p>&nbsp;<\/p>\n<h2><span style=\"color: #339966;\">AGORDINOMERON&#8230;LA RACCOLTA<\/span><\/h2>\n<blockquote class=\"wp-embedded-content\" data-secret=\"72eHc9B55z\"><p><a href=\"https:\/\/www.radiopiu.net\/wordpress\/agordinomeron\/\">AGORDINOMERON, IL TERRITORIO SI RACCONTA Da un&#8217;idea di Gianni Santomaso<\/a><\/p><\/blockquote>\n<p><iframe loading=\"lazy\" class=\"wp-embedded-content\" sandbox=\"allow-scripts\" security=\"restricted\" style=\"position: absolute; clip: rect(1px, 1px, 1px, 1px);\" title=\"&#8220;AGORDINOMERON, IL TERRITORIO SI RACCONTA Da un&#8217;idea di Gianni Santomaso&#8221; &#8212; Radio Pi\u00f9\" src=\"https:\/\/www.radiopiu.net\/wordpress\/agordinomeron\/embed\/#?secret=72eHc9B55z\" data-secret=\"72eHc9B55z\" width=\"600\" height=\"338\" frameborder=\"0\" marginwidth=\"0\" marginheight=\"0\" scrolling=\"no\"><\/iframe><\/p>\n<p>&nbsp;<\/p>\n<p>&nbsp;<\/p>\n<hr \/>\n<p>&nbsp;<\/p>\n<h2><span style=\"color: #808080;\">I RACCONTI DI PAOLO SOPPELSA<\/span><\/h2>\n<blockquote class=\"wp-embedded-content\" data-secret=\"HGUZ9woDhO\"><p><a href=\"https:\/\/www.radiopiu.net\/wordpress\/i-racconti-di-paolo-soppelsa\/\">I racconti di Paolo Soppelsa<\/a><\/p><\/blockquote>\n<p><iframe loading=\"lazy\" class=\"wp-embedded-content\" sandbox=\"allow-scripts\" security=\"restricted\" style=\"position: absolute; clip: rect(1px, 1px, 1px, 1px);\" title=\"&#8220;I racconti di Paolo Soppelsa&#8221; &#8212; Radio Pi\u00f9\" src=\"https:\/\/www.radiopiu.net\/wordpress\/i-racconti-di-paolo-soppelsa\/embed\/#?secret=HGUZ9woDhO\" data-secret=\"HGUZ9woDhO\" width=\"600\" height=\"338\" frameborder=\"0\" marginwidth=\"0\" marginheight=\"0\" scrolling=\"no\"><\/iframe><\/p>\n<hr \/>\n<p>&nbsp;<\/p>\n<h2><span style=\"color: #ff00ff;\">ZAINO DA VIAGGIO AL FEMMINILE DI PAOLA LANCIATO<\/span><\/h2>\n<p>&nbsp;<\/p>\n<blockquote class=\"wp-embedded-content\" data-secret=\"ONXVhNctto\"><p><a href=\"https:\/\/www.radiopiu.net\/wordpress\/zaino-femminile-lanciato\/\">Zaino da viaggio al femminile<\/a><\/p><\/blockquote>\n<p><iframe loading=\"lazy\" class=\"wp-embedded-content\" sandbox=\"allow-scripts\" security=\"restricted\" style=\"position: absolute; clip: rect(1px, 1px, 1px, 1px);\" title=\"&#8220;Zaino da viaggio al femminile&#8221; &#8212; Radio Pi\u00f9\" src=\"https:\/\/www.radiopiu.net\/wordpress\/zaino-femminile-lanciato\/embed\/#?secret=ONXVhNctto\" data-secret=\"ONXVhNctto\" width=\"600\" height=\"338\" frameborder=\"0\" marginwidth=\"0\" marginheight=\"0\" scrolling=\"no\"><\/iframe><\/p>\n<hr \/>\n<p>&nbsp;<\/p>\n<p>&nbsp;<\/p>\n<p><strong class=\"photoswipe-wrapper\"><a class=\"dt-pswp-item pspw-wrap-ready\" href=\"https:\/\/i0.wp.com\/www.radiopiu.net\/wordpress\/wp-content\/uploads\/2018\/09\/viabilita.jpeg?ssl=1\" data-dt-img-description=\"\" data-large_image_width=\"800\" data-large_image_height=\"100\"><img loading=\"lazy\" decoding=\"async\" class=\"aligncenter wp-image-61954 size-full jetpack-lazy-image jetpack-lazy-image--handled\" src=\"https:\/\/i0.wp.com\/www.radiopiu.net\/wordpress\/wp-content\/uploads\/2018\/09\/viabilita.jpeg?resize=800%2C100&amp;ssl=1\" sizes=\"auto, (max-width: 800px) 100vw, 800px\" srcset=\"https:\/\/i0.wp.com\/www.radiopiu.net\/wordpress\/wp-content\/uploads\/2018\/09\/viabilita.jpeg?w=800&amp;ssl=1 800w, https:\/\/i0.wp.com\/www.radiopiu.net\/wordpress\/wp-content\/uploads\/2018\/09\/viabilita.jpeg?resize=300%2C38&amp;ssl=1 300w, https:\/\/i0.wp.com\/www.radiopiu.net\/wordpress\/wp-content\/uploads\/2018\/09\/viabilita.jpeg?resize=768%2C96&amp;ssl=1 768w\" alt=\"\" width=\"800\" height=\"100\" data-lazy-loaded=\"1\" \/><\/a><\/strong><\/p>\n<p>&nbsp;<\/p>\n<p class=\"page-title-breadcrumbs\"><strong>GOSALDO<\/strong> Dalle 8 di lunedi mattina e fino a mercoledi chiusura della provinciale 2 della Valle del Mis in localit\u00e0 Tiser per lavori alla rete idrica, la strada chiuder\u00e0 quattro ore al mattino dalle 8 alle 12 a altrettanto il pomeriggio dopo la pausa pranzo dalle 13 alle 17. Nei rimanenti periodi prestare attenzione al senso unico alternato regolato da semaforo<\/p>\n<div class=\"page-title-head hgroup\">\n<blockquote>\n<h3 class=\"entry-title\"><strong class=\"photoswipe-wrapper\" style=\"font-size: 14px;\">LA VALLE<\/strong><span style=\"font-size: 14px; font-weight: normal;\"> Da martedi a venerdi per collegamento della cabina elettrica E Distribuzione lungo la regionale 203 agordina lo localit\u00e0 Le Campe: dalle 8 alle 9 e dalle 16.30 alle 17.30 senso unico alternato regolato ESCLUSIVAMENTE\u00a0 da movieri. Dalle 9 alle 16.30 senso unico alternato regolato da semaforo o movieri in funzione ad esigenze di cantiere<\/span><\/h3>\n<\/blockquote>\n<\/div>\n<p><span style=\"color: #000000;\">STRADA PROVINCIALE 346 DEL PASSO SAN PELLEGRINO, DAL 27 AL 31 LUGLIO, DALLE 8 ALLE 18, SENSO UNICO ALTERNATO REGOLATO DA SEMAFORO O MOVIERI TRA LA LOCALITA&#8217; LA MORA E CANALE D&#8217;AGORDO PER SPOSTAMENTO CAVO TELECOM<\/span><\/p>\n<p>SELVA DI CADORE \u00a0FINO AL 7 AGOSTO DALLE 7 ALLE 18 \u00a0E DAL 24 AGOSTO AL 15 SETTEMBRE SEMPRE DALLE 7 ALLE 18 (FESTIVI E PRE FESTIVI ESCLUSI) SENSO UNICO ALTERNATO CON MOVIERI O SEMAFORO IN LOCALIT\u00c0 SOLATOR. DAL CHILOMETRO 4.400 AL CHILOMETRO 5.100<\/p>\n<p>REGIONALE 48 DELLE DOLOMITI FINO AL 30 LUGLIO SENSO UNICO IN LOCALITA\u2019 LIVINE\u2019 DI LIVINALLONGO<\/p>\n<p>SP 251 FINO AL 31 LUGLIO TRA PESCUL E SELVA DI CADORE SENSO UNICO ALTERNATO REGOLATO DA SEMAFORO, ESCLUSI SABATO E DOMENICA PER POSA FIBRE OTTICHE<\/p>\n<p>PROVINCIALE 641 DI PASSO FEDAIA, FINO AL 7 AGOSTO, INCLUSI SABATO, DOMENICA, FESTIVI E PREFESTIVI, SENSO UNICO IN LOCALIT\u00c0 ROCCA PIETORE PER SOSTITUZIONI BARRIERE LATERALI<\/p>\n<p>FINO AL 7 AGOSTO SABATO E DOMENICA COMPRESI LUNGO LA 641 DI PASSO FEDAIA IN LOCALIT\u00e0 CAPANNA BILL E COL DI ROCCA, SENSO UNICO ALTERNATO CON SEMAFORO<\/p>\n<p>STRADA REGIONALE 203 AGORDINA TRA PERON E CANDATEN, FINO 31 LUGLIO ESCLUSI SABATI E DOMENICHE, DALLE 7:30 ALLE 9 E E DALLE 16:30 ALLE 18 SENSO UNICO ALTERNATO REGOLATO DA MOVIERI. NEGLI ALTRI ORARI SENSO UNICO ALTERNATO REGOLATO DA SEMAFORO PER INTERRAMENTO CAVIDOTTO E-DISTRIBUZIONE<\/p>\n<p>STRADA PROVINCIALE 30 PANORAMICA DEL COMELICO, FINO\u00a0 AL 31 LUGLIO INTERDIZIONE TOTALE ALLA VIABILITA\u2019 TRA COSTA E COSTALISSOIO PER MESSA IN SICUREZZA STRADA<\/p>\n<p>STRADA PROVINCIALE 619 DI VIGO DI CADORE, FINO\u00a0 AL 7 AGOSTO, ESCLUSI SABATI E DOMENICHE, SENSO UNICO ALTERNATO REGOLATO DA IMPIANTO SEMAFORICO O MOVIERI PER MESSA IN SICUREZZA DELLA STRADA<\/p>\n<hr \/>\n<p>&nbsp;<\/p>\n<h2><em><strong>COMUNICAZIONE ISTITUZIONALE \u2013 APP IMMUNI<\/strong><\/em><\/h2>\n<p><iframe loading=\"lazy\" title=\"Immuni App 30\" width=\"1200\" height=\"675\" src=\"https:\/\/www.youtube.com\/embed\/-XG48J62814?feature=oembed\" frameborder=\"0\" allow=\"accelerometer; autoplay; clipboard-write; encrypted-media; gyroscope; picture-in-picture\" allowfullscreen><\/iframe><\/p>\n<p>&nbsp;<\/p>\n<hr \/>\n<p>&nbsp;<\/p>\n<p class=\"photoswipe-wrapper\"><a class=\"dt-pswp-item pspw-wrap-ready\" href=\"https:\/\/i0.wp.com\/www.radiopiu.net\/wordpress\/wp-content\/uploads\/2018\/09\/WhatsApp-Image-2018-09-20-at-16.04.06.jpeg?ssl=1\" data-dt-img-description=\"\" data-large_image_width=\"800\" data-large_image_height=\"100\"><img loading=\"lazy\" decoding=\"async\" class=\"aligncenter wp-image-61378 size-full jetpack-lazy-image jetpack-lazy-image--handled\" src=\"https:\/\/i0.wp.com\/www.radiopiu.net\/wordpress\/wp-content\/uploads\/2018\/09\/WhatsApp-Image-2018-09-20-at-16.04.06.jpeg?resize=800%2C100&amp;ssl=1\" sizes=\"auto, (max-width: 800px) 100vw, 800px\" srcset=\"https:\/\/i0.wp.com\/www.radiopiu.net\/wordpress\/wp-content\/uploads\/2018\/09\/WhatsApp-Image-2018-09-20-at-16.04.06.jpeg?w=800&amp;ssl=1 800w, https:\/\/i0.wp.com\/www.radiopiu.net\/wordpress\/wp-content\/uploads\/2018\/09\/WhatsApp-Image-2018-09-20-at-16.04.06.jpeg?resize=300%2C38&amp;ssl=1 300w, https:\/\/i0.wp.com\/www.radiopiu.net\/wordpress\/wp-content\/uploads\/2018\/09\/WhatsApp-Image-2018-09-20-at-16.04.06.jpeg?resize=768%2C96&amp;ssl=1 768w\" alt=\"\" width=\"800\" height=\"100\" data-lazy-loaded=\"1\" \/><\/a><\/p>\n<p>&nbsp;<\/p>\n<p><center><b>Sabato 25<\/b><\/center><b>Tempo atteso:\u00a0<\/b>Cielo in prevalenza poco nuvoloso al mattino, parzialmente nuvoloso o nuvoloso nel corso del pomeriggio per addensamenti di tipo cumuliforme.<br \/>\n<b>Precipitazioni:\u00a0<\/b>Generalmente assenti, salvo una probabilit\u00e0 bassa (5-25%) di qualche locale rovescio o occasionale temporale pomeridiano.<br \/>\n<b>Temperature:\u00a0<\/b>Minime in contenuto calo, massime in aumento, prossimi o leggermente inferiori alla norma; nelle valli clima al mattino ancora piuttosto fresco e quello diurno moderatamente caldo. Su Prealpi a 1500 m min 11\u00b0C max 18 \u00b0C, a 2000 m min 7\u00b0 max 13\u00b0C, su Dolomiti a 2000 m min 5\u00b0, max 15\u00b0C e a 3000 m min -1\u00b0, max 5\u00b0C.<br \/>\n<b>Venti:\u00a0<\/b>Nelle valli di direzione variabile, generalmente deboli con moderati rinforzi per brezze, in quota moderati dai quadranti settentrionali, a 5-15 km\/h a 2000 m, a 15-25 km\/h a 3000 m.<\/p>\n<hr \/>\n<p><center><b>Domenica 26<\/b><\/center><b>Tempo atteso:\u00a0<\/b>Tempo soleggiato al mattino, con cielo generalmente poco nuvoloso per transito di nubi alte, variabile nella seconda parte della giornata, con alcune fasi di schiarite o di addensamenti nuvolosi, associati a una temporanea instabilit\u00e0, con rovesci o temporali sparsi, soprattutto sulle Dolomiti, perlopi\u00f9 locali sulle Prealpi.<br \/>\n<b>Precipitazioni:\u00a0<\/b>Probabilit\u00e0 medio alta (50-75%) sulle Dolomiti di rovesci o temporali da locali a sparsi, medio bassa (25-50%) sulle zone prealpine di qualche locale rovescio o temporale.<br \/>\n<b>Temperature:\u00a0<\/b>Senza notevoli variazioni, salvo degli aumenti soprattutto della massime, con valori prossimi alla norma. Su Prealpi a 1500 m min 11\u00b0C max 17 \u00b0C, a 2000 m min 7\u00b0 max 13\u00b0C, su Dolomiti a 2000 m min 8\u00b0, max 15\u00b0C e a 3000 m min 1\u00b0, max 6\u00b0C<br \/>\n<b>Venti:\u00a0<\/b>Nelle valli, generalmente deboli di direzione variabile, con locali moderati rinforzi di brezza, io quota deboli\/moderati da ovest a 10-15 km\/h a 2000 m, a 15-20 km\/h a 3000 m.<\/p>\n<hr \/>\n<p><center><b>Lunedi 27<\/b><\/center>Al mattino cielo sereno o poco nuvoloso e modesta variabilit\u00e0 nella seconda parte della giornata per nubi cumuliformi, associate a una bassa probabilit\u00e0 di qualche occasionale rovescio o temporale. Temperature in ulteriore lieve aumento, con clima tipicamente estivo e importante escursione termica giornaliera.<\/p>\n<hr \/>\n<p><center><b>Martedi 28<\/b><\/center>Tempo ancora ben soleggiato al mattino e variabile nella seconda parte della giornata per formazione di nubi a carattere cumuliforme, associate a qualche isolata precipitazione sulle Dolomiti; precipitazioni assenti altrove. Temperature ancora in aumento anche se lieve con valori superiori alla norma. Venti in quota generalmente deboli occidentali.<\/p>\n<p>&nbsp;<\/p>\n<hr \/>\n<p>&nbsp;<\/p>\n<p><iframe loading=\"lazy\" title=\"Spot Buttalibene TV\" width=\"1200\" height=\"675\" src=\"https:\/\/www.youtube.com\/embed\/fjHWpfyAevE?feature=oembed\" frameborder=\"0\" allow=\"accelerometer; autoplay; clipboard-write; encrypted-media; gyroscope; picture-in-picture\" allowfullscreen><\/iframe><\/p>\n<p>&nbsp;<\/p>\n<hr \/>\n<p>&nbsp;<\/p>\n<p class=\"photoswipe-wrapper\"><a class=\"dt-pswp-item pspw-wrap-ready\" href=\"https:\/\/i1.wp.com\/www.radiopiu.net\/wordpress\/wp-content\/uploads\/2018\/09\/sport.jpg?ssl=1\" data-dt-img-description=\"\" data-large_image_width=\"800\" data-large_image_height=\"100\"><img loading=\"lazy\" decoding=\"async\" class=\"wp-image-60761 size-full aligncenter\" src=\"https:\/\/i1.wp.com\/www.radiopiu.net\/wordpress\/wp-content\/uploads\/2018\/09\/sport.jpg?resize=800%2C100&amp;ssl=1\" sizes=\"auto, (max-width: 800px) 100vw, 800px\" srcset=\"https:\/\/i1.wp.com\/www.radiopiu.net\/wordpress\/wp-content\/uploads\/2018\/09\/sport.jpg?w=800&amp;ssl=1 800w, https:\/\/i1.wp.com\/www.radiopiu.net\/wordpress\/wp-content\/uploads\/2018\/09\/sport.jpg?resize=300%2C38&amp;ssl=1 300w, https:\/\/i1.wp.com\/www.radiopiu.net\/wordpress\/wp-content\/uploads\/2018\/09\/sport.jpg?resize=768%2C96&amp;ssl=1 768w\" alt=\"\" width=\"800\" height=\"100\" data-recalc-dims=\"1\" \/><\/a><\/p>\n<p>&nbsp;<\/p>\n<blockquote>\n<h3>OGGI IL PROGETTO GOODRIDE TORNA IN NEVEG\u00c0L<\/h3>\n<\/blockquote>\n<p><em>La fase finale dello studio, finanziato dal Programma Interreg V-A Italia-Austria, prevede un\u2019altra sessione di scenografiche prove nel colle bellunese<\/em><\/p>\n<p><strong><a class=\"dt-pswp-item\" href=\"https:\/\/www.radiopiu.net\/wordpress\/wp-content\/uploads\/2020\/07\/GoodRide-Nevegal-6-1.jpg\" data-dt-img-description=\"\" data-large_image_width=\"1280\" data-large_image_height=\"853\"><img loading=\"lazy\" decoding=\"async\" class=\" wp-image-150945 alignleft\" src=\"https:\/\/www.radiopiu.net\/wordpress\/wp-content\/uploads\/2020\/07\/GoodRide-Nevegal-6-1-300x200.jpg\" alt=\"\" width=\"236\" height=\"157\" srcset=\"https:\/\/www.radiopiu.net\/wordpress\/wp-content\/uploads\/2020\/07\/GoodRide-Nevegal-6-1-300x200.jpg 300w, https:\/\/www.radiopiu.net\/wordpress\/wp-content\/uploads\/2020\/07\/GoodRide-Nevegal-6-1-1024x682.jpg 1024w, https:\/\/www.radiopiu.net\/wordpress\/wp-content\/uploads\/2020\/07\/GoodRide-Nevegal-6-1-768x512.jpg 768w, https:\/\/www.radiopiu.net\/wordpress\/wp-content\/uploads\/2020\/07\/GoodRide-Nevegal-6-1.jpg 1280w\" sizes=\"auto, (max-width: 236px) 100vw, 236px\" \/><\/a>LONGARONE<\/strong> Un manichino a cavallo di una bici lanciato tramite una \u201cfionda\u201d e un rider che salta un trampolino sabato saranno i protagonisti dell\u2019ultima scenografica sessione di prove in Neveg\u00e0l del progetto \u201cGoodride- Nuovi concetti di sicurezza nei mountain bike park: un volano per il turismo sportivo sostenibile\u201d, finanziato dal Programma Interreg V-A Italia Austria. In quest\u2019ultima sessione di test, il team valuter\u00e0 come la diversa inclinazione di un salto nella pratica del downhill possa influire sull\u2019utente.<\/p>\n","protected":false},"excerpt":{"rendered":"<p>PER RICEVERE QUESTO NOTIZIARIO DIRETTAMENTE SUL TUO CELLULARE ISCRIVITI AL CANALE TELEGRAM\u00a0\u201cRADIO PIU\u00a0 INFORMAZIONE ATTENZIONE: LA NUOVA APP PER IOS-IPHONE https:\/\/apps.apple.com\/it\/app\/radio-pi%C3%B9-emittente-agordina\/id1515939845 ATTENZIONE: LA NUOVA APP RADIO\u00a0 PER ANDROID https:\/\/play.google.com\/store\/apps\/details?id=net.radiopiu.iniko\u00a0\u00a0 &nbsp; &nbsp; LE FOTO DEL GIORNO DI LUCIANA Serauta, un cuore d&#8217;erba tra le rocce &nbsp; &nbsp; DOPO UNA NOTTE E UNA MATTINATA DI LAVORO RIAPERTA&hellip;<\/p>\n","protected":false},"author":4,"featured_media":151225,"comment_status":"closed","ping_status":"closed","sticky":false,"template":"","format":"standard","meta":{"_monsterinsights_skip_tracking":false,"_monsterinsights_sitenote_active":false,"_monsterinsights_sitenote_note":"","_monsterinsights_sitenote_category":0,"footnotes":""},"categories":[1,86,49],"tags":[],"class_list":["post-151122","post","type-post","status-publish","format-standard","has-post-thumbnail","hentry","category-senza-categoria","category-gr","category-news-18","category-1","category-86","category-49","description-off"],"img_url":"https:\/\/www.radiopiu.net\/wordpress\/wp-content\/uploads\/2020\/07\/110313195_3182439915158080_4888388273599673228_o.jpg","_links":{"self":[{"href":"https:\/\/www.radiopiu.net\/wordpress\/wp-json\/wp\/v2\/posts\/151122","targetHints":{"allow":["GET"]}}],"collection":[{"href":"https:\/\/www.radiopiu.net\/wordpress\/wp-json\/wp\/v2\/posts"}],"about":[{"href":"https:\/\/www.radiopiu.net\/wordpress\/wp-json\/wp\/v2\/types\/post"}],"author":[{"embeddable":true,"href":"https:\/\/www.radiopiu.net\/wordpress\/wp-json\/wp\/v2\/users\/4"}],"replies":[{"embeddable":true,"href":"https:\/\/www.radiopiu.net\/wordpress\/wp-json\/wp\/v2\/comments?post=151122"}],"version-history":[{"count":0,"href":"https:\/\/www.radiopiu.net\/wordpress\/wp-json\/wp\/v2\/posts\/151122\/revisions"}],"wp:featuredmedia":[{"embeddable":true,"href":"https:\/\/www.radiopiu.net\/wordpress\/wp-json\/wp\/v2\/media\/151225"}],"wp:attachment":[{"href":"https:\/\/www.radiopiu.net\/wordpress\/wp-json\/wp\/v2\/media?parent=151122"}],"wp:term":[{"taxonomy":"category","embeddable":true,"href":"https:\/\/www.radiopiu.net\/wordpress\/wp-json\/wp\/v2\/categories?post=151122"},{"taxonomy":"post_tag","embeddable":true,"href":"https:\/\/www.radiopiu.net\/wordpress\/wp-json\/wp\/v2\/tags?post=151122"}],"curies":[{"name":"wp","href":"https:\/\/api.w.org\/{rel}","templated":true}]}}