{"id":151154,"date":"2020-07-25T06:00:45","date_gmt":"2020-07-25T04:00:45","guid":{"rendered":"https:\/\/www.radiopiu.net\/wordpress\/?p=151154"},"modified":"2020-07-25T08:57:01","modified_gmt":"2020-07-25T06:57:01","slug":"delude-il-comportamento-dei-coscritti-e-i-prossimi-potrebbero-pagare-per-le-loro-mancanze","status":"publish","type":"post","link":"https:\/\/www.radiopiu.net\/wordpress\/delude-il-comportamento-dei-coscritti-e-i-prossimi-potrebbero-pagare-per-le-loro-mancanze\/","title":{"rendered":"DELUDE IL COMPORTAMENTO DEI COSCRITTI E I PROSSIMI POTREBBERO PAGARE PER LE LORO MANCANZE"},"content":{"rendered":"<p><strong><a class=\"dt-pswp-item\" href=\"https:\/\/www.radiopiu.net\/wordpress\/wp-content\/uploads\/2020\/07\/e806fbad-28cb-4015-a004-46cebbfa8b63.jpg\" data-dt-img-description=\"\" data-large_image_width=\"1200\" data-large_image_height=\"1600\"><img loading=\"lazy\" decoding=\"async\" class=\"wp-image-150975 alignleft\" src=\"https:\/\/www.radiopiu.net\/wordpress\/wp-content\/uploads\/2020\/07\/e806fbad-28cb-4015-a004-46cebbfa8b63-225x300.jpg\" alt=\"\" width=\"106\" height=\"141\" srcset=\"https:\/\/www.radiopiu.net\/wordpress\/wp-content\/uploads\/2020\/07\/e806fbad-28cb-4015-a004-46cebbfa8b63-225x300.jpg 225w, https:\/\/www.radiopiu.net\/wordpress\/wp-content\/uploads\/2020\/07\/e806fbad-28cb-4015-a004-46cebbfa8b63-768x1024.jpg 768w, https:\/\/www.radiopiu.net\/wordpress\/wp-content\/uploads\/2020\/07\/e806fbad-28cb-4015-a004-46cebbfa8b63-1152x1536.jpg 1152w, https:\/\/www.radiopiu.net\/wordpress\/wp-content\/uploads\/2020\/07\/e806fbad-28cb-4015-a004-46cebbfa8b63.jpg 1200w\" sizes=\"auto, (max-width: 106px) 100vw, 106px\" \/><\/a>TAIBON<\/strong> Ogni anno il Comune di Taibon mette a disposizione la sala dell&#8217;ex Municipio per la festa dei coscritti, quelli di quest&#8217;anno tra l&#8217;altro si erano fatti notare anche\u00a0 per le affissioni dei manifesti nei posti meno opportuni nel periodo natalizio. Con l&#8217;omaggio degli spazi della comunit\u00e0\u00a0 i coscritti da tempo si impegnano per rendere pi\u00f9 bello il paese con un&#8217;opera di pulizia nella piazza principale che ospita il Monumento ai Caduti, \u00e8 cos\u00ec da sempre.\u00a0 Quest&#8217;anno i neo diciottenni non sono stati di parola, non hanno contribuito al decoro del paese, anzi hanno dribblato le richieste degli amministratori. La cosa non\u00a0 \u00e8 sfuggita, n\u00e8 piaciuta al sindaco di Taibon Silvia Tormen che ai nostri microfoni si \u00e8 espressa cos\u00ec.<\/p>\n<p><strong>SILVIA TORMEN<\/strong><\/p>\n<audio class=\"wp-audio-shortcode\" id=\"audio-151154-1\" preload=\"none\" style=\"width: 100%;\" controls=\"controls\"><source type=\"audio\/mpeg\" src=\"https:\/\/www.radiopiu.net\/wordpress\/wp-content\/uploads\/2020\/07\/silvia2.mp3?_=1\" \/><a href=\"https:\/\/www.radiopiu.net\/wordpress\/wp-content\/uploads\/2020\/07\/silvia2.mp3\">https:\/\/www.radiopiu.net\/wordpress\/wp-content\/uploads\/2020\/07\/silvia2.mp3<\/a><\/audio>\n<p>&nbsp;<\/p>\n<p>Se i coscritti non hanno mantenuto le promesse a rendere pi\u00f9 decoroso il Monumento e le aiuole della piazza ci hanno pensato i pi\u00f9 giovani a dare una lezione civica. Infatti giovedi i ragazzi del consiglio comunale si sono impegnati con i loro insegnanti coordinatori ripulendo la zona come sottolinea, ringraziando, il consigliere comunale Fiorangela Beltrame<\/p>\n<p><strong>FIORANGELA BELTRAME<\/strong><\/p>\n<audio class=\"wp-audio-shortcode\" id=\"audio-151154-2\" preload=\"none\" style=\"width: 100%;\" controls=\"controls\"><source type=\"audio\/mpeg\" src=\"https:\/\/www.radiopiu.net\/wordpress\/wp-content\/uploads\/2020\/07\/beltrame.mp3?_=2\" \/><a href=\"https:\/\/www.radiopiu.net\/wordpress\/wp-content\/uploads\/2020\/07\/beltrame.mp3\">https:\/\/www.radiopiu.net\/wordpress\/wp-content\/uploads\/2020\/07\/beltrame.mp3<\/a><\/audio>\n<p>&nbsp;<\/p>\n<p>Nel Giornale RADIOPIU di ieri ci siamo occupati dei ragazzi del consiglio comunale che hanno ricevuto l&#8217;apprezzamento della comunit\u00e0.<\/p>\n<h2><span style=\"color: #ff0000;\">IERI ALLA RADIO<\/span><\/h2>\n<blockquote>\n<h3>I RAGAZZI DI TAIBON CON &#8220;OLIO DI GOMITO&#8221; HANNO TIRATO A LUCIDO IL MONUMENTO E LE AIUOLE<\/h3>\n<\/blockquote>\n<p><strong><a class=\"dt-pswp-item\" href=\"https:\/\/www.radiopiu.net\/wordpress\/wp-content\/uploads\/2020\/07\/fd371796-eacb-4a52-8fa1-43ee65458c74.jpg\" data-dt-img-description=\"\" data-large_image_width=\"1600\" data-large_image_height=\"1200\"><img loading=\"lazy\" decoding=\"async\" class=\"wp-image-150977 alignleft\" src=\"https:\/\/www.radiopiu.net\/wordpress\/wp-content\/uploads\/2020\/07\/fd371796-eacb-4a52-8fa1-43ee65458c74-300x225.jpg\" alt=\"\" width=\"168\" height=\"126\" srcset=\"https:\/\/www.radiopiu.net\/wordpress\/wp-content\/uploads\/2020\/07\/fd371796-eacb-4a52-8fa1-43ee65458c74-300x225.jpg 300w, https:\/\/www.radiopiu.net\/wordpress\/wp-content\/uploads\/2020\/07\/fd371796-eacb-4a52-8fa1-43ee65458c74-1024x768.jpg 1024w, https:\/\/www.radiopiu.net\/wordpress\/wp-content\/uploads\/2020\/07\/fd371796-eacb-4a52-8fa1-43ee65458c74-768x576.jpg 768w, https:\/\/www.radiopiu.net\/wordpress\/wp-content\/uploads\/2020\/07\/fd371796-eacb-4a52-8fa1-43ee65458c74-1536x1152.jpg 1536w, https:\/\/www.radiopiu.net\/wordpress\/wp-content\/uploads\/2020\/07\/fd371796-eacb-4a52-8fa1-43ee65458c74.jpg 1600w\" sizes=\"auto, (max-width: 168px) 100vw, 168px\" \/><\/a>TAIBON <\/strong>I ragazzi del Consiglio Comunale dei Ragazzi aiutati dagli insegnanti coordinatori e da alcuni genitori e nonni si sono messi all&#8217;opera per pulire da erbacce e muschio delle aiuole. Con molta volont\u00e0 e muniti di mascherine e guanti,\u00a0 nonch\u00e9 del necessario per il giardinaggio hanno tolto tutte le erbacce. Prezioso l&#8217;aiuto di Paolo Cagnin che ha usato la sua idropulitrice messa in funzione dai disponibili operai del Comune, per pulire le st\u00e8le. Ora il Monumento, realizzato dallo scultore Taiboner Mario Forcellini ed inaugurato nel 1982, si pu\u00f2 ammirare nella sua singolare e straordinaria bellezza. Al Comune un invito, dotare il monumento di una semplice targa che ricordi l&#8217;opera del compianto Mario Forcellini alle future generazioni.<\/p>\n<p>&nbsp;<\/p>\n","protected":false},"excerpt":{"rendered":"<p>TAIBON Ogni anno il Comune di Taibon mette a disposizione la sala dell&#8217;ex Municipio per la festa dei coscritti, quelli di quest&#8217;anno tra l&#8217;altro si erano fatti notare anche\u00a0 per le affissioni dei manifesti nei posti meno opportuni nel periodo natalizio. Con l&#8217;omaggio degli spazi della comunit\u00e0\u00a0 i coscritti da tempo si impegnano per rendere&hellip;<\/p>\n","protected":false},"author":1,"featured_media":150975,"comment_status":"closed","ping_status":"closed","sticky":false,"template":"","format":"standard","meta":{"_monsterinsights_skip_tracking":false,"_monsterinsights_sitenote_active":false,"_monsterinsights_sitenote_note":"","_monsterinsights_sitenote_category":0,"footnotes":""},"categories":[51,49],"tags":[],"class_list":["post-151154","post","type-post","status-publish","format-standard","has-post-thumbnail","hentry","category-evidenza-top","category-news-18","category-51","category-49","description-off"],"img_url":"https:\/\/www.radiopiu.net\/wordpress\/wp-content\/uploads\/2020\/07\/e806fbad-28cb-4015-a004-46cebbfa8b63.jpg","_links":{"self":[{"href":"https:\/\/www.radiopiu.net\/wordpress\/wp-json\/wp\/v2\/posts\/151154","targetHints":{"allow":["GET"]}}],"collection":[{"href":"https:\/\/www.radiopiu.net\/wordpress\/wp-json\/wp\/v2\/posts"}],"about":[{"href":"https:\/\/www.radiopiu.net\/wordpress\/wp-json\/wp\/v2\/types\/post"}],"author":[{"embeddable":true,"href":"https:\/\/www.radiopiu.net\/wordpress\/wp-json\/wp\/v2\/users\/1"}],"replies":[{"embeddable":true,"href":"https:\/\/www.radiopiu.net\/wordpress\/wp-json\/wp\/v2\/comments?post=151154"}],"version-history":[{"count":0,"href":"https:\/\/www.radiopiu.net\/wordpress\/wp-json\/wp\/v2\/posts\/151154\/revisions"}],"wp:featuredmedia":[{"embeddable":true,"href":"https:\/\/www.radiopiu.net\/wordpress\/wp-json\/wp\/v2\/media\/150975"}],"wp:attachment":[{"href":"https:\/\/www.radiopiu.net\/wordpress\/wp-json\/wp\/v2\/media?parent=151154"}],"wp:term":[{"taxonomy":"category","embeddable":true,"href":"https:\/\/www.radiopiu.net\/wordpress\/wp-json\/wp\/v2\/categories?post=151154"},{"taxonomy":"post_tag","embeddable":true,"href":"https:\/\/www.radiopiu.net\/wordpress\/wp-json\/wp\/v2\/tags?post=151154"}],"curies":[{"name":"wp","href":"https:\/\/api.w.org\/{rel}","templated":true}]}}