{"id":151205,"date":"2020-07-25T05:06:08","date_gmt":"2020-07-25T03:06:08","guid":{"rendered":"https:\/\/www.radiopiu.net\/wordpress\/?p=151205"},"modified":"2020-07-25T10:27:31","modified_gmt":"2020-07-25T08:27:31","slug":"un-secolo-di-auguri-per-carmela","status":"publish","type":"post","link":"https:\/\/www.radiopiu.net\/wordpress\/un-secolo-di-auguri-per-carmela\/","title":{"rendered":"UN SECOLO DI AUGURI PER CARMELA"},"content":{"rendered":"<div class=\"_5w1r _3_om _5wdf\">\n<div class=\"_4gx_\">\n<div class=\"_1aa6\">\n<blockquote>\n<div><strong><a class=\"dt-pswp-item\" href=\"https:\/\/www.radiopiu.net\/wordpress\/wp-content\/uploads\/2020\/07\/4045ff97-fa23-4e85-b100-2cdaeb8c3230.jpg\" data-dt-img-description=\"\" data-large_image_width=\"900\" data-large_image_height=\"1600\"><img loading=\"lazy\" decoding=\"async\" class=\" wp-image-151260 alignleft\" src=\"https:\/\/www.radiopiu.net\/wordpress\/wp-content\/uploads\/2020\/07\/4045ff97-fa23-4e85-b100-2cdaeb8c3230-169x300.jpg\" alt=\"\" width=\"149\" height=\"264\" srcset=\"https:\/\/www.radiopiu.net\/wordpress\/wp-content\/uploads\/2020\/07\/4045ff97-fa23-4e85-b100-2cdaeb8c3230-169x300.jpg 169w, https:\/\/www.radiopiu.net\/wordpress\/wp-content\/uploads\/2020\/07\/4045ff97-fa23-4e85-b100-2cdaeb8c3230-576x1024.jpg 576w, https:\/\/www.radiopiu.net\/wordpress\/wp-content\/uploads\/2020\/07\/4045ff97-fa23-4e85-b100-2cdaeb8c3230-768x1365.jpg 768w, https:\/\/www.radiopiu.net\/wordpress\/wp-content\/uploads\/2020\/07\/4045ff97-fa23-4e85-b100-2cdaeb8c3230-864x1536.jpg 864w, https:\/\/www.radiopiu.net\/wordpress\/wp-content\/uploads\/2020\/07\/4045ff97-fa23-4e85-b100-2cdaeb8c3230.jpg 900w\" sizes=\"auto, (max-width: 149px) 100vw, 149px\" \/><\/a>LIVINALLONGO<\/strong> Taglio della torta oggi a Villa San Giuseppe dove Carmela De Cassan originaria di Laste di Rocca Pietore compie 100 anni, probabilmente la pi\u00f9 anziana del Comune. Con gli auguri dai figli Antonietta e Corrado Soppera, dalle nipoti Serena, Raffaella, Ariel Dolce, Luigi, Alessandro, dai\u00a0 pronipoti della terza generazione Stefano, Lucrezia, Valentina, Giacomo, Greta, Diego.e tutti i parenti ed amici. Auguri Pi\u00f9 nonna Carmela e complimenti per l&#8217;ambito traguardo, volante si intende perch\u00e9 \u00e8 gi\u00e0 ora di guardare al prossimo<\/div>\n<\/blockquote>\n<\/div>\n<\/div>\n<div class=\"\"><\/div>\n<div><\/div>\n<div><\/div>\n<\/div>\n<div><\/div>\n<div><em><strong>GLI AUGURI DEL SINDACO DI ROCCA PIETORE ANDREA DE BERNARDIN<\/strong><\/em><\/div>\n<div>\n<audio class=\"wp-audio-shortcode\" id=\"audio-151205-1\" preload=\"none\" style=\"width: 100%;\" controls=\"controls\"><source type=\"audio\/mpeg\" src=\"https:\/\/www.radiopiu.net\/wordpress\/wp-content\/uploads\/2020\/07\/DE-BERNARDIN-AUGURI-CENTENARIA.mp3?_=1\" \/><a href=\"https:\/\/www.radiopiu.net\/wordpress\/wp-content\/uploads\/2020\/07\/DE-BERNARDIN-AUGURI-CENTENARIA.mp3\">https:\/\/www.radiopiu.net\/wordpress\/wp-content\/uploads\/2020\/07\/DE-BERNARDIN-AUGURI-CENTENARIA.mp3<\/a><\/audio>\n<\/div>\n","protected":false},"excerpt":{"rendered":"<p>LIVINALLONGO Taglio della torta oggi a Villa San Giuseppe dove Carmela De Cassan originaria di Laste di Rocca Pietore compie 100 anni, probabilmente la pi\u00f9 anziana del Comune. Con gli auguri dai figli Antonietta e Corrado Soppera, dalle nipoti Serena, Raffaella, Ariel Dolce, Luigi, Alessandro, dai\u00a0 pronipoti della terza generazione Stefano, Lucrezia, Valentina, Giacomo, Greta,&hellip;<\/p>\n","protected":false},"author":1,"featured_media":151260,"comment_status":"closed","ping_status":"closed","sticky":false,"template":"","format":"standard","meta":{"_monsterinsights_skip_tracking":false,"_monsterinsights_sitenote_active":false,"_monsterinsights_sitenote_note":"","_monsterinsights_sitenote_category":0,"footnotes":""},"categories":[1,49],"tags":[],"class_list":["post-151205","post","type-post","status-publish","format-standard","has-post-thumbnail","hentry","category-senza-categoria","category-news-18","category-1","category-49","description-off"],"img_url":"https:\/\/www.radiopiu.net\/wordpress\/wp-content\/uploads\/2020\/07\/4045ff97-fa23-4e85-b100-2cdaeb8c3230.jpg","_links":{"self":[{"href":"https:\/\/www.radiopiu.net\/wordpress\/wp-json\/wp\/v2\/posts\/151205","targetHints":{"allow":["GET"]}}],"collection":[{"href":"https:\/\/www.radiopiu.net\/wordpress\/wp-json\/wp\/v2\/posts"}],"about":[{"href":"https:\/\/www.radiopiu.net\/wordpress\/wp-json\/wp\/v2\/types\/post"}],"author":[{"embeddable":true,"href":"https:\/\/www.radiopiu.net\/wordpress\/wp-json\/wp\/v2\/users\/1"}],"replies":[{"embeddable":true,"href":"https:\/\/www.radiopiu.net\/wordpress\/wp-json\/wp\/v2\/comments?post=151205"}],"version-history":[{"count":0,"href":"https:\/\/www.radiopiu.net\/wordpress\/wp-json\/wp\/v2\/posts\/151205\/revisions"}],"wp:featuredmedia":[{"embeddable":true,"href":"https:\/\/www.radiopiu.net\/wordpress\/wp-json\/wp\/v2\/media\/151260"}],"wp:attachment":[{"href":"https:\/\/www.radiopiu.net\/wordpress\/wp-json\/wp\/v2\/media?parent=151205"}],"wp:term":[{"taxonomy":"category","embeddable":true,"href":"https:\/\/www.radiopiu.net\/wordpress\/wp-json\/wp\/v2\/categories?post=151205"},{"taxonomy":"post_tag","embeddable":true,"href":"https:\/\/www.radiopiu.net\/wordpress\/wp-json\/wp\/v2\/tags?post=151205"}],"curies":[{"name":"wp","href":"https:\/\/api.w.org\/{rel}","templated":true}]}}