{"id":151265,"date":"2020-07-25T05:13:23","date_gmt":"2020-07-25T03:13:23","guid":{"rendered":"https:\/\/www.radiopiu.net\/wordpress\/?p=151265"},"modified":"2020-07-25T07:52:52","modified_gmt":"2020-07-25T05:52:52","slug":"il-lupo-torna","status":"publish","type":"post","link":"https:\/\/www.radiopiu.net\/wordpress\/il-lupo-torna\/","title":{"rendered":"IL LUPO TORNA A PRANZARE IN ALPAGO E LENTIAI, LUNEDI VERTICE TRA AMMINISTRATORI"},"content":{"rendered":"<p><strong><a class=\"dt-pswp-item\" href=\"https:\/\/www.radiopiu.net\/wordpress\/wp-content\/uploads\/2020\/07\/4f9b2b14-db23-4702-8dfd-9bc9bd3ff558.jpg\" data-dt-img-description=\"\" data-large_image_width=\"720\" data-large_image_height=\"1440\"><img loading=\"lazy\" decoding=\"async\" class=\"size-medium wp-image-151266 alignleft\" src=\"https:\/\/www.radiopiu.net\/wordpress\/wp-content\/uploads\/2020\/07\/4f9b2b14-db23-4702-8dfd-9bc9bd3ff558-150x300.jpg\" alt=\"\" width=\"150\" height=\"300\" srcset=\"https:\/\/www.radiopiu.net\/wordpress\/wp-content\/uploads\/2020\/07\/4f9b2b14-db23-4702-8dfd-9bc9bd3ff558-150x300.jpg 150w, https:\/\/www.radiopiu.net\/wordpress\/wp-content\/uploads\/2020\/07\/4f9b2b14-db23-4702-8dfd-9bc9bd3ff558-512x1024.jpg 512w, https:\/\/www.radiopiu.net\/wordpress\/wp-content\/uploads\/2020\/07\/4f9b2b14-db23-4702-8dfd-9bc9bd3ff558.jpg 720w\" sizes=\"auto, (max-width: 150px) 100vw, 150px\" \/><\/a>ALPAGO<\/strong> Altre 10 pecore uccise dal lupo, gli allevatori Sandro e Sebastiano Fullin sono ormai alla disperazione, domani alle 15.30 si sar\u00e0 una tavola rotonda perch\u00e9 la pecurliarit\u00e0 dell&#8217;agnello dell&#8217;Alpago ora \u00e8 seriamente in pericolo. La predazione di ieri \u00e8 costata: 6 pecore, 1 agnello e altri 3 dispersi e per la famiglia Fullin \u00e8 un conteggio che aumenta dopo le tre predazioni precedenti, 41 capi persi su circa 600 pecore che garantiscono ordine sui terreni dell&#8217;Alpago.<br \/>\nAltra predazione a Lentiai, divorato un asino di buon mattino, mobilitate le guardie provinciali e il veterinario per un&#8217;asina gravida ritrovata in una pozza di sangue e infine abbattuta con ulteriore beffa per il proprietario Mauro Tieppo che dovr\u00e0 sborsare quasi 500 euro per lo smaltimento con una ditta specializzata. Il Deputato Roger De Menech interviene sull&#8217;argomento <em>\u00abE&#8217; necessario rafforzare la\u00a0 partecipazione regionale sulla prevenzione, con recinzioni e cani da guardiania, e velocizzare i contributi per i danni tutelando l&#8217;equilibrio della biodiversit\u00e0&#8221;<\/em><strong><br \/>\n<\/strong><\/p>\n<p>&nbsp;<\/p>\n<p><strong>DALLA RASSEGNA STAMPA LO SFOGO DI SEBASTIANO FULLIN<\/strong><\/p>\n<audio class=\"wp-audio-shortcode\" id=\"audio-151265-1\" preload=\"none\" style=\"width: 100%;\" controls=\"controls\"><source type=\"audio\/mpeg\" src=\"https:\/\/www.radiopiu.net\/wordpress\/wp-content\/uploads\/2020\/07\/SEBA.mp3?_=1\" \/><a href=\"https:\/\/www.radiopiu.net\/wordpress\/wp-content\/uploads\/2020\/07\/SEBA.mp3\">https:\/\/www.radiopiu.net\/wordpress\/wp-content\/uploads\/2020\/07\/SEBA.mp3<\/a><\/audio>\n<p>&nbsp;<\/p>\n<p>VIDEO SEBASTIANO FULLIN<\/p>\n<p>https:\/\/www.facebook.com\/seba.fullin\/videos\/10217315498135592\/<\/p>\n<p>&nbsp;<\/p>\n<hr \/>\n<p>&nbsp;<\/p>\n<blockquote>\n<h3><\/h3>\n<\/blockquote>\n","protected":false},"excerpt":{"rendered":"<p>ALPAGO Altre 10 pecore uccise dal lupo, gli allevatori Sandro e Sebastiano Fullin sono ormai alla disperazione, domani alle 15.30 si sar\u00e0 una tavola rotonda perch\u00e9 la pecurliarit\u00e0 dell&#8217;agnello dell&#8217;Alpago ora \u00e8 seriamente in pericolo. La predazione di ieri \u00e8 costata: 6 pecore, 1 agnello e altri 3 dispersi e per la famiglia Fullin \u00e8&hellip;<\/p>\n","protected":false},"author":1,"featured_media":151266,"comment_status":"closed","ping_status":"closed","sticky":false,"template":"","format":"standard","meta":{"_monsterinsights_skip_tracking":false,"_monsterinsights_sitenote_active":false,"_monsterinsights_sitenote_note":"","_monsterinsights_sitenote_category":0,"footnotes":""},"categories":[51,49],"tags":[],"class_list":["post-151265","post","type-post","status-publish","format-standard","has-post-thumbnail","hentry","category-evidenza-top","category-news-18","category-51","category-49","description-off"],"img_url":"https:\/\/www.radiopiu.net\/wordpress\/wp-content\/uploads\/2020\/07\/4f9b2b14-db23-4702-8dfd-9bc9bd3ff558.jpg","_links":{"self":[{"href":"https:\/\/www.radiopiu.net\/wordpress\/wp-json\/wp\/v2\/posts\/151265","targetHints":{"allow":["GET"]}}],"collection":[{"href":"https:\/\/www.radiopiu.net\/wordpress\/wp-json\/wp\/v2\/posts"}],"about":[{"href":"https:\/\/www.radiopiu.net\/wordpress\/wp-json\/wp\/v2\/types\/post"}],"author":[{"embeddable":true,"href":"https:\/\/www.radiopiu.net\/wordpress\/wp-json\/wp\/v2\/users\/1"}],"replies":[{"embeddable":true,"href":"https:\/\/www.radiopiu.net\/wordpress\/wp-json\/wp\/v2\/comments?post=151265"}],"version-history":[{"count":0,"href":"https:\/\/www.radiopiu.net\/wordpress\/wp-json\/wp\/v2\/posts\/151265\/revisions"}],"wp:featuredmedia":[{"embeddable":true,"href":"https:\/\/www.radiopiu.net\/wordpress\/wp-json\/wp\/v2\/media\/151266"}],"wp:attachment":[{"href":"https:\/\/www.radiopiu.net\/wordpress\/wp-json\/wp\/v2\/media?parent=151265"}],"wp:term":[{"taxonomy":"category","embeddable":true,"href":"https:\/\/www.radiopiu.net\/wordpress\/wp-json\/wp\/v2\/categories?post=151265"},{"taxonomy":"post_tag","embeddable":true,"href":"https:\/\/www.radiopiu.net\/wordpress\/wp-json\/wp\/v2\/tags?post=151265"}],"curies":[{"name":"wp","href":"https:\/\/api.w.org\/{rel}","templated":true}]}}